{"id":266668,"date":"2026-04-29T14:06:46","date_gmt":"2026-04-29T17:06:46","guid":{"rendered":"https:\/\/franciscanos.org.br\/noticias\/?p=266668"},"modified":"2026-04-29T14:09:40","modified_gmt":"2026-04-29T17:09:40","slug":"breve-tratado-sobre-deus-entre-os-lancamentos-da-editora-vozes","status":"publish","type":"post","link":"https:\/\/franciscanos.org.br\/noticias\/breve-tratado-sobre-deus-entre-os-lancamentos-da-editora-vozes.html","title":{"rendered":"\u201cBreve tratado sobre Deus\u201d entre os lan\u00e7amentos da Editora Vozes"},"content":{"rendered":"<p><img loading=\"lazy\" class=\"aligncenter wp-image-266669 size-medium\" src=\"https:\/\/franciscanos.org.br\/noticias\/wp-content\/uploads\/2026\/04\/channels4_profile-1-450x450.jpg\" alt=\"\" width=\"450\" height=\"450\" srcset=\"https:\/\/franciscanos.org.br\/noticias\/wp-content\/uploads\/2026\/04\/channels4_profile-1-450x450.jpg 450w, https:\/\/franciscanos.org.br\/noticias\/wp-content\/uploads\/2026\/04\/channels4_profile-1-300x300.jpg 300w, https:\/\/franciscanos.org.br\/noticias\/wp-content\/uploads\/2026\/04\/channels4_profile-1-768x768.jpg 768w, https:\/\/franciscanos.org.br\/noticias\/wp-content\/uploads\/2026\/04\/channels4_profile-1-150x150.jpg 150w, https:\/\/franciscanos.org.br\/noticias\/wp-content\/uploads\/2026\/04\/channels4_profile-1-100x100.jpg 100w, https:\/\/franciscanos.org.br\/noticias\/wp-content\/uploads\/2026\/04\/channels4_profile-1.jpg 900w\" sizes=\"(max-width: 450px) 100vw, 450px\" \/><\/p>\n<p><b>\u201cBreve tratado sobre Deus\u201d, o ser humano e sua felicidade (Baruch de Espinosa)<\/b><\/p>\n<p><img loading=\"lazy\" class=\"alignright wp-image-266670 size-medium\" src=\"https:\/\/franciscanos.org.br\/noticias\/wp-content\/uploads\/2026\/04\/9788532674715-294x450.jpg\" alt=\"\" width=\"294\" height=\"450\" srcset=\"https:\/\/franciscanos.org.br\/noticias\/wp-content\/uploads\/2026\/04\/9788532674715-294x450.jpg 294w, https:\/\/franciscanos.org.br\/noticias\/wp-content\/uploads\/2026\/04\/9788532674715-668x1024.jpg 668w, https:\/\/franciscanos.org.br\/noticias\/wp-content\/uploads\/2026\/04\/9788532674715-768x1176.jpg 768w, https:\/\/franciscanos.org.br\/noticias\/wp-content\/uploads\/2026\/04\/9788532674715-1003x1536.jpg 1003w, https:\/\/franciscanos.org.br\/noticias\/wp-content\/uploads\/2026\/04\/9788532674715-150x230.jpg 150w, https:\/\/franciscanos.org.br\/noticias\/wp-content\/uploads\/2026\/04\/9788532674715-scaled.jpg 705w\" sizes=\"(max-width: 294px) 100vw, 294px\" \/><\/p>\n<p><span style=\"font-weight: 400;\">Escrita entre 1660 e 1662, esta obra antecipa os fundamentos da filosofia madura de Espinosa. Ainda marcada pela linguagem do <\/span>pensamento cartesiano, j\u00e1 se delineia a vis\u00e3o racionalista e imanentista que o tornaria um dos maiores fil\u00f3sofos do Ocidente. O texto, de car\u00e1ter explorat\u00f3rio e did\u00e1tico, apresenta reflex\u00f5es sobre a natureza divina, a alma humana e o caminho para a verdadeira felicidade, concebida como conhecimento da unidade entre Deus e a realidade.<\/p>\n<p><b>Sobre o autor<\/b><\/p>\n<p><span style=\"font-weight: 400;\">Baruch de Espinosa nasceu em Amsterd\u00e3 no ano de 1632, filho de judeus ib\u00e9ricos que, para fugirem da Inquisi\u00e7\u00e3o, haviam se instalado na cidade. Aos 23 anos, foi excomungado e teve de abandonar a comunidade judaica em que cresceu. Assim, come\u00e7ou a viver em v\u00e1rias cidades holandesas e a ter contato com grandes expoentes da vida intelectual da \u00e9poca, produzindo obras que foram importantes para a hist\u00f3ria da filosofia. Em vida, publicou dois textos: os Princ\u00edpios da filosofia cartesiana e Pensamentos metaf\u00edsicos, em 1663, e o Tratado teol\u00f3gico-pol\u00edtico. No ano de sua morte, 1677, alguns de seus amigos publicaram em latim e holand\u00eas as suas Obras p\u00f3stumas, que inclu\u00edam o Tratado da emenda do intelecto, o Comp\u00eandio de gram\u00e1tica da l\u00edngua hebraica, o Tratado pol\u00edtico, a maior parte de sua correspond\u00eancia e, principalmente, a \u00c9tica demonstrada segundo a ordem geom\u00e9trica, sua obra mais importante. Em meados do s\u00e9culo XIX, descobriram-se c\u00f3pias de um trabalho in\u00e9dito, o Breve tratado sobre Deus, o ser humano e sua felicidade.<\/span><\/p>\n<hr \/>\n<p><b>Estoicismo e Terapia Cognitivo-Comportamental: Como a sabedoria estoica pode transformar a psicoterapia (Mikael A. Corr\u00eaa)<\/b><\/p>\n<p><img loading=\"lazy\" class=\"alignleft wp-image-266672 size-medium\" src=\"https:\/\/franciscanos.org.br\/noticias\/wp-content\/uploads\/2026\/04\/9788532673978-294x450.jpg\" alt=\"\" width=\"294\" height=\"450\" srcset=\"https:\/\/franciscanos.org.br\/noticias\/wp-content\/uploads\/2026\/04\/9788532673978-294x450.jpg 294w, https:\/\/franciscanos.org.br\/noticias\/wp-content\/uploads\/2026\/04\/9788532673978-668x1024.jpg 668w, https:\/\/franciscanos.org.br\/noticias\/wp-content\/uploads\/2026\/04\/9788532673978-768x1176.jpg 768w, https:\/\/franciscanos.org.br\/noticias\/wp-content\/uploads\/2026\/04\/9788532673978-1003x1536.jpg 1003w, https:\/\/franciscanos.org.br\/noticias\/wp-content\/uploads\/2026\/04\/9788532673978-150x230.jpg 150w, https:\/\/franciscanos.org.br\/noticias\/wp-content\/uploads\/2026\/04\/9788532673978-scaled.jpg 705w\" sizes=\"(max-width: 294px) 100vw, 294px\" \/><\/p>\n<p><span style=\"font-weight: 400;\">Este livro estabelece uma ponte s\u00f3lida entre a filosofia estoica e as pr\u00e1ticas psicoterap\u00eauticas <\/span><span style=\"font-weight: 400;\">contempor\u00e2neas, sugerindo uma Terapia Cognitivo-Comportamental (TCC) mais integrativa, <\/span><span style=\"font-weight: 400;\">positiva, com foco nas virtudes e nos aspectos existenciais da vida humana. Est\u00e1 estruturado em tr\u00eas eixos: um resgate hist\u00f3rico e te\u00f3rico que contextualiza a rela\u00e7\u00e3o entre estoicismo e psicologia (especialmente, nas terapias cognitivas de Albert Ellis e de Aaron Beck); paralelos entre as t\u00e9cnicas cognitivas e os saberes psicol\u00f3gicos dos estoicos; e, por fim, <\/span><span style=\"font-weight: 400;\">possibilidades para a forma\u00e7\u00e3o e pr\u00e1tica cl\u00ednica.<\/span><\/p>\n<p><b>Sobre o autor<\/b><\/p>\n<p><span style=\"font-weight: 400;\">Mikael A. Corr\u00eaa \u00e9 psic\u00f3logo pela Universidade Federal do Rio Grande (FURG), mestre e doutor em Psicologia pelo Programa de P\u00f3s-Gradua\u00e7\u00e3o em Psicologia da Universidade Federal do Rio Grande do Sul (UFRGS). Atua como psic\u00f3logo na Pr\u00f3-Reitoria de Assuntos Estudantis da FURG, como docente de Ensino Superior no curso de Psicologia da Anhanguera Educacional (Rio Grande\/RS) e como psic\u00f3logo cl\u00ednico.<\/span><\/p>\n<p>&nbsp;<\/p>\n<p>&nbsp;<\/p>\n<p>&nbsp;<\/p>\n<hr \/>\n<p><b>Introdu\u00e7\u00e3o \u00e0s rela\u00e7\u00f5es internacionais: Temas, atores e vis\u00f5es &#8211; 10\u00aa edi\u00e7\u00e3o revista e atualizada (Cristina Soreanu Pecequilo)<\/b><\/p>\n<p><span style=\"font-weight: 400;\">Poucas \u00e1reas de estudo s\u00e3o t\u00e3o comentadas e t\u00e3o pouco conhecidas no Brasil quanto \u00e0s Rela\u00e7\u00f5es Internacionais, repetindo o desafio enfrentado na primeira publica\u00e7\u00e3o deste livro. Se o mundo e o Brasil podem n\u00e3o ser os mesmos, as ra\u00edzes do conhecimento precisam se manter s\u00f3lidas.<\/span><\/p>\n<p><img loading=\"lazy\" class=\"size-medium wp-image-266677 alignright\" src=\"https:\/\/franciscanos.org.br\/noticias\/wp-content\/uploads\/2026\/04\/Introducao-as-relacoes-internacionais-287x450.png\" alt=\"\" width=\"287\" height=\"450\" srcset=\"https:\/\/franciscanos.org.br\/noticias\/wp-content\/uploads\/2026\/04\/Introducao-as-relacoes-internacionais-287x450.png 287w, https:\/\/franciscanos.org.br\/noticias\/wp-content\/uploads\/2026\/04\/Introducao-as-relacoes-internacionais-150x235.png 150w, https:\/\/franciscanos.org.br\/noticias\/wp-content\/uploads\/2026\/04\/Introducao-as-relacoes-internacionais.png 521w\" sizes=\"(max-width: 287px) 100vw, 287px\" \/><\/p>\n<p><span style=\"font-weight: 400;\">Em sua edi\u00e7\u00e3o ampliada e atualizada, esta obra, estruturada em cinco cap\u00edtulos, \u00e9 um convite para qualquer pessoa que deseja compreender o que s\u00e3o as Rela\u00e7\u00f5es Internacionais. Como objeto de estudo, elas s\u00e3o examinadas em sua trajet\u00f3ria, natureza e agendas profissionais. S\u00e3o estudados a sociologia, os atores internacionais e os conceitos de sistema e o meio internacional, poder e for\u00e7a, Estado, organiza\u00e7\u00f5es internacionais governamentais e n\u00e3o governamentais, companhias transnacionais, redes sociais e for\u00e7as tecnol\u00f3gicas. Ganham espa\u00e7o as teorias cl\u00e1ssicas e as novas perspectivas, ao lado da pol\u00edtica externa brasileira e dos temas de engajamento do s\u00e9culo XXI.<\/span><\/p>\n<p><b>Sobre a autora<\/b><\/p>\n<p><span style=\"font-weight: 400;\">Cristina Soreanu Pecequilo \u00e9 mestre e doutora em Ci\u00eancia Pol\u00edtica pela Universidade de S\u00e3o <\/span><span style=\"font-weight: 400;\">Paulo, professora de Rela\u00e7\u00f5es Internacionais da Unifesp e da P\u00f3s-Gradua\u00e7\u00e3o em Rela\u00e7\u00f5es Internacionais San Tiago Dantas (Unesp\/Unicamp\/PUC-SP) e Economia Pol\u00edtica Internacional (UFRJ). Pesquisadora do N\u00facleo Brasileiro de Estrat\u00e9gia e Rela\u00e7\u00f5es Internacionais (Nerint\/UFRGS) e do CNPq. Ocupou a C\u00e1tedra Rui Barbosa de Estudos Brasileiros na Universidade de Leiden.<\/span><\/p>\n<p>&nbsp;<\/p>\n<p>&nbsp;<\/p>\n<hr \/>\n<p><b>Prele\u00e7\u00f5es sobre a ess\u00eancia da religi\u00e3o (Ludwig Feuerbach)<\/b><\/p>\n<p><span style=\"font-weight: 400;\">Em Prele\u00e7\u00f5es sobre a ess\u00eancia da religi\u00e3o, o fil\u00f3sofo alem\u00e3o Ludwig Feuerbach prop\u00f5e uma reflex\u00e3o sobre a origem, o desenvolvimento e o significado da religi\u00e3o na hist\u00f3ria humana. A obra apresenta n\u00e3o apenas uma an\u00e1lise da chamada religi\u00e3o da natureza, mas tamb\u00e9m um panorama do percurso religioso desde suas formas mais elementares at\u00e9 sua express\u00e3o mais elaborada no cristianismo.<\/span><\/p>\n<p><span style=\"font-weight: 400;\"><img loading=\"lazy\" class=\"size-medium wp-image-266679 alignleft\" src=\"https:\/\/franciscanos.org.br\/noticias\/wp-content\/uploads\/2026\/04\/9788532672605-294x450.jpg\" alt=\"\" width=\"294\" height=\"450\" srcset=\"https:\/\/franciscanos.org.br\/noticias\/wp-content\/uploads\/2026\/04\/9788532672605-294x450.jpg 294w, https:\/\/franciscanos.org.br\/noticias\/wp-content\/uploads\/2026\/04\/9788532672605-668x1024.jpg 668w, https:\/\/franciscanos.org.br\/noticias\/wp-content\/uploads\/2026\/04\/9788532672605-768x1176.jpg 768w, https:\/\/franciscanos.org.br\/noticias\/wp-content\/uploads\/2026\/04\/9788532672605-1003x1536.jpg 1003w, https:\/\/franciscanos.org.br\/noticias\/wp-content\/uploads\/2026\/04\/9788532672605-150x230.jpg 150w, https:\/\/franciscanos.org.br\/noticias\/wp-content\/uploads\/2026\/04\/9788532672605-scaled.jpg 705w\" sizes=\"(max-width: 294px) 100vw, 294px\" \/>Inserido no contexto do pensamento iluminista, Feuerbach valoriza o ser humano como sujeito ativo, capaz de conhecer a si mesmo, reconhecer suas limita\u00e7\u00f5es e desenvolver suas potencialidades por meio do trabalho, do amor e da conviv\u00eancia com a natureza.\u00a0<\/span><\/p>\n<p><b>Sobre o autor<\/b><\/p>\n<p><span style=\"font-weight: 400;\">Ludwig Feuerbach, fil\u00f3sofo e antrop\u00f3logo alem\u00e3o, \u00e9 reconhecido por sua teologia humanista e pela influ\u00eancia que seu pensamento exerce sobre Karl Marx. Inicialmente estudou teologia em Heidelberg. Mais tarde foi para Berlim, curioso para entrar em contato com Hegel e sua filosofia. Em 1830, lecionou em Erlangen e, em 1848, em Heidelberg. Entre suas obras destacam-se Pensamentos sobre a morte e sobre a imortalidade, Li\u00e7\u00f5es sobre a ess\u00eancia da religi\u00e3o, Cr\u00edtica \u00e0 filosofia hegeliana, Espiritismo e materialismo, sendo A ess\u00eancia do cristianismo uma das mais importantes. De acordo com sua filosofia, a religi\u00e3o \u00e9 uma forma de aliena\u00e7\u00e3o que projeta os conceitos do ideal humano em um ser supremo. Faleceu em 1872, em Rechenberg, na Alemanha.<\/span><\/p>\n<p>&nbsp;<\/p>\n<p>&nbsp;<\/p>\n<p>&nbsp;<\/p>\n<hr \/>\n<p><strong>Todos esses produtos podem ser adquiridos pelos sites:<\/strong><\/p>\n<p><a href=\"http:\/\/www.livrariavozes.com.br\"><span style=\"font-weight: 400;\">www.livrariavozes.com.br<\/span><\/a><span style=\"font-weight: 400;\"><br \/>\n<\/span><a href=\"http:\/\/vozes.com.br\"><span style=\"font-weight: 400;\">http:\/\/vozes.com.br<\/span><\/a><span style=\"font-weight: 400;\">\u00a0<\/span><\/p>\n<p><span style=\"font-weight: 400;\">Contato da Editora Vozes:<br \/>\n<\/span><span style=\"font-weight: 400;\">E-mail: contato@vozes.com.br<br \/>\n<\/span><span style=\"font-weight: 400;\">Telefone: (11) 3101-8451<\/span><\/p>\n","protected":false},"excerpt":{"rendered":"<p>Lan\u00e7amentos da Editora Vozes<\/p>\n","protected":false},"author":15,"featured_media":266669,"comment_status":"open","ping_status":"open","sticky":false,"template":"","format":"standard","meta":[],"categories":[1],"tags":[],"acf":[],"yoast_head":"<!-- This site is optimized with the Yoast SEO plugin v19.2 - https:\/\/yoast.com\/wordpress\/plugins\/seo\/ -->\n<title>\u201cBreve tratado sobre Deus\u201d entre os lan\u00e7amentos da Editora Vozes - Not\u00edcias - Franciscanos<\/title>\n<meta name=\"robots\" content=\"index, follow, max-snippet:-1, max-image-preview:large, max-video-preview:-1\" \/>\n<link rel=\"canonical\" href=\"https:\/\/franciscanos.org.br\/noticias\/breve-tratado-sobre-deus-entre-os-lancamentos-da-editora-vozes.html\" \/>\n<meta property=\"og:locale\" content=\"pt_BR\" \/>\n<meta property=\"og:type\" content=\"article\" \/>\n<meta property=\"og:title\" content=\"\u201cBreve tratado sobre Deus\u201d entre os lan\u00e7amentos da Editora Vozes - Not\u00edcias - Franciscanos\" \/>\n<meta property=\"og:description\" content=\"Lan\u00e7amentos da Editora Vozes\" \/>\n<meta property=\"og:url\" content=\"https:\/\/franciscanos.org.br\/noticias\/breve-tratado-sobre-deus-entre-os-lancamentos-da-editora-vozes.html\" \/>\n<meta property=\"og:site_name\" content=\"Not\u00edcias - Franciscanos\" \/>\n<meta property=\"article:published_time\" content=\"2026-04-29T17:06:46+00:00\" \/>\n<meta property=\"article:modified_time\" content=\"2026-04-29T17:09:40+00:00\" \/>\n<meta property=\"og:image\" content=\"https:\/\/franciscanos.org.br\/noticias\/wp-content\/uploads\/2026\/04\/channels4_profile-1.jpg\" \/>\n\t<meta property=\"og:image:width\" content=\"900\" \/>\n\t<meta property=\"og:image:height\" content=\"900\" \/>\n\t<meta property=\"og:image:type\" content=\"image\/jpeg\" \/>\n<meta name=\"author\" content=\"Guilherme Rocha\" \/>\n<meta name=\"twitter:card\" content=\"summary_large_image\" \/>\n<meta name=\"twitter:label1\" content=\"Escrito por\" \/>\n\t<meta name=\"twitter:data1\" content=\"Guilherme Rocha\" \/>\n\t<meta name=\"twitter:label2\" content=\"Est. tempo de leitura\" \/>\n\t<meta name=\"twitter:data2\" content=\"5 minutos\" \/>\n<script type=\"application\/ld+json\" class=\"yoast-schema-graph\">{\"@context\":\"https:\/\/schema.org\",\"@graph\":[{\"@type\":\"WebSite\",\"@id\":\"https:\/\/franciscanos.org.br\/noticias\/#website\",\"url\":\"https:\/\/franciscanos.org.br\/noticias\/\",\"name\":\"Not\u00edcias - Franciscanos\",\"description\":\"Prov\u00edncia Franciscana da Imaculada Concei\u00e7\u00e3o do Brasil - Ordem dos Frades Menores - OFM\",\"potentialAction\":[{\"@type\":\"SearchAction\",\"target\":{\"@type\":\"EntryPoint\",\"urlTemplate\":\"https:\/\/franciscanos.org.br\/noticias\/?s={search_term_string}\"},\"query-input\":\"required name=search_term_string\"}],\"inLanguage\":\"pt-BR\"},{\"@type\":\"ImageObject\",\"inLanguage\":\"pt-BR\",\"@id\":\"https:\/\/franciscanos.org.br\/noticias\/breve-tratado-sobre-deus-entre-os-lancamentos-da-editora-vozes.html#primaryimage\",\"url\":\"https:\/\/franciscanos.org.br\/noticias\/wp-content\/uploads\/2026\/04\/channels4_profile-1.jpg\",\"contentUrl\":\"https:\/\/franciscanos.org.br\/noticias\/wp-content\/uploads\/2026\/04\/channels4_profile-1.jpg\",\"width\":900,\"height\":900},{\"@type\":\"WebPage\",\"@id\":\"https:\/\/franciscanos.org.br\/noticias\/breve-tratado-sobre-deus-entre-os-lancamentos-da-editora-vozes.html#webpage\",\"url\":\"https:\/\/franciscanos.org.br\/noticias\/breve-tratado-sobre-deus-entre-os-lancamentos-da-editora-vozes.html\",\"name\":\"\u201cBreve tratado sobre Deus\u201d entre os lan\u00e7amentos da Editora Vozes - Not\u00edcias - Franciscanos\",\"isPartOf\":{\"@id\":\"https:\/\/franciscanos.org.br\/noticias\/#website\"},\"primaryImageOfPage\":{\"@id\":\"https:\/\/franciscanos.org.br\/noticias\/breve-tratado-sobre-deus-entre-os-lancamentos-da-editora-vozes.html#primaryimage\"},\"datePublished\":\"2026-04-29T17:06:46+00:00\",\"dateModified\":\"2026-04-29T17:09:40+00:00\",\"author\":{\"@id\":\"https:\/\/franciscanos.org.br\/noticias\/#\/schema\/person\/69bb4cd273a2528548b63cccab4980a0\"},\"breadcrumb\":{\"@id\":\"https:\/\/franciscanos.org.br\/noticias\/breve-tratado-sobre-deus-entre-os-lancamentos-da-editora-vozes.html#breadcrumb\"},\"inLanguage\":\"pt-BR\",\"potentialAction\":[{\"@type\":\"ReadAction\",\"target\":[\"https:\/\/franciscanos.org.br\/noticias\/breve-tratado-sobre-deus-entre-os-lancamentos-da-editora-vozes.html\"]}]},{\"@type\":\"BreadcrumbList\",\"@id\":\"https:\/\/franciscanos.org.br\/noticias\/breve-tratado-sobre-deus-entre-os-lancamentos-da-editora-vozes.html#breadcrumb\",\"itemListElement\":[{\"@type\":\"ListItem\",\"position\":1,\"name\":\"Home\",\"item\":\"https:\/\/franciscanos.org.br\/noticias\"},{\"@type\":\"ListItem\",\"position\":2,\"name\":\"\u201cBreve tratado sobre Deus\u201d entre os lan\u00e7amentos da Editora Vozes\"}]},{\"@type\":\"Person\",\"@id\":\"https:\/\/franciscanos.org.br\/noticias\/#\/schema\/person\/69bb4cd273a2528548b63cccab4980a0\",\"name\":\"Guilherme Rocha\",\"image\":{\"@type\":\"ImageObject\",\"inLanguage\":\"pt-BR\",\"@id\":\"https:\/\/franciscanos.org.br\/noticias\/#\/schema\/person\/image\/\",\"url\":\"https:\/\/secure.gravatar.com\/avatar\/e480fee2377f81af36f6990ed742592a?s=96&d=mm&r=g\",\"contentUrl\":\"https:\/\/secure.gravatar.com\/avatar\/e480fee2377f81af36f6990ed742592a?s=96&d=mm&r=g\",\"caption\":\"Guilherme Rocha\"},\"url\":\"https:\/\/franciscanos.org.br\/noticias\/author\/guilhermerocha\"}]}<\/script>\n<!-- \/ Yoast SEO plugin. -->","yoast_head_json":{"title":"\u201cBreve tratado sobre Deus\u201d entre os lan\u00e7amentos da Editora Vozes - Not\u00edcias - Franciscanos","robots":{"index":"index","follow":"follow","max-snippet":"max-snippet:-1","max-image-preview":"max-image-preview:large","max-video-preview":"max-video-preview:-1"},"canonical":"https:\/\/franciscanos.org.br\/noticias\/breve-tratado-sobre-deus-entre-os-lancamentos-da-editora-vozes.html","og_locale":"pt_BR","og_type":"article","og_title":"\u201cBreve tratado sobre Deus\u201d entre os lan\u00e7amentos da Editora Vozes - Not\u00edcias - Franciscanos","og_description":"Lan\u00e7amentos da Editora Vozes","og_url":"https:\/\/franciscanos.org.br\/noticias\/breve-tratado-sobre-deus-entre-os-lancamentos-da-editora-vozes.html","og_site_name":"Not\u00edcias - Franciscanos","article_published_time":"2026-04-29T17:06:46+00:00","article_modified_time":"2026-04-29T17:09:40+00:00","og_image":[{"width":900,"height":900,"url":"https:\/\/franciscanos.org.br\/noticias\/wp-content\/uploads\/2026\/04\/channels4_profile-1.jpg","type":"image\/jpeg"}],"author":"Guilherme Rocha","twitter_card":"summary_large_image","twitter_misc":{"Escrito por":"Guilherme Rocha","Est. tempo de leitura":"5 minutos"},"schema":{"@context":"https:\/\/schema.org","@graph":[{"@type":"WebSite","@id":"https:\/\/franciscanos.org.br\/noticias\/#website","url":"https:\/\/franciscanos.org.br\/noticias\/","name":"Not\u00edcias - Franciscanos","description":"Prov\u00edncia Franciscana da Imaculada Concei\u00e7\u00e3o do Brasil - Ordem dos Frades Menores - OFM","potentialAction":[{"@type":"SearchAction","target":{"@type":"EntryPoint","urlTemplate":"https:\/\/franciscanos.org.br\/noticias\/?s={search_term_string}"},"query-input":"required name=search_term_string"}],"inLanguage":"pt-BR"},{"@type":"ImageObject","inLanguage":"pt-BR","@id":"https:\/\/franciscanos.org.br\/noticias\/breve-tratado-sobre-deus-entre-os-lancamentos-da-editora-vozes.html#primaryimage","url":"https:\/\/franciscanos.org.br\/noticias\/wp-content\/uploads\/2026\/04\/channels4_profile-1.jpg","contentUrl":"https:\/\/franciscanos.org.br\/noticias\/wp-content\/uploads\/2026\/04\/channels4_profile-1.jpg","width":900,"height":900},{"@type":"WebPage","@id":"https:\/\/franciscanos.org.br\/noticias\/breve-tratado-sobre-deus-entre-os-lancamentos-da-editora-vozes.html#webpage","url":"https:\/\/franciscanos.org.br\/noticias\/breve-tratado-sobre-deus-entre-os-lancamentos-da-editora-vozes.html","name":"\u201cBreve tratado sobre Deus\u201d entre os lan\u00e7amentos da Editora Vozes - Not\u00edcias - Franciscanos","isPartOf":{"@id":"https:\/\/franciscanos.org.br\/noticias\/#website"},"primaryImageOfPage":{"@id":"https:\/\/franciscanos.org.br\/noticias\/breve-tratado-sobre-deus-entre-os-lancamentos-da-editora-vozes.html#primaryimage"},"datePublished":"2026-04-29T17:06:46+00:00","dateModified":"2026-04-29T17:09:40+00:00","author":{"@id":"https:\/\/franciscanos.org.br\/noticias\/#\/schema\/person\/69bb4cd273a2528548b63cccab4980a0"},"breadcrumb":{"@id":"https:\/\/franciscanos.org.br\/noticias\/breve-tratado-sobre-deus-entre-os-lancamentos-da-editora-vozes.html#breadcrumb"},"inLanguage":"pt-BR","potentialAction":[{"@type":"ReadAction","target":["https:\/\/franciscanos.org.br\/noticias\/breve-tratado-sobre-deus-entre-os-lancamentos-da-editora-vozes.html"]}]},{"@type":"BreadcrumbList","@id":"https:\/\/franciscanos.org.br\/noticias\/breve-tratado-sobre-deus-entre-os-lancamentos-da-editora-vozes.html#breadcrumb","itemListElement":[{"@type":"ListItem","position":1,"name":"Home","item":"https:\/\/franciscanos.org.br\/noticias"},{"@type":"ListItem","position":2,"name":"\u201cBreve tratado sobre Deus\u201d entre os lan\u00e7amentos da Editora Vozes"}]},{"@type":"Person","@id":"https:\/\/franciscanos.org.br\/noticias\/#\/schema\/person\/69bb4cd273a2528548b63cccab4980a0","name":"Guilherme Rocha","image":{"@type":"ImageObject","inLanguage":"pt-BR","@id":"https:\/\/franciscanos.org.br\/noticias\/#\/schema\/person\/image\/","url":"https:\/\/secure.gravatar.com\/avatar\/e480fee2377f81af36f6990ed742592a?s=96&d=mm&r=g","contentUrl":"https:\/\/secure.gravatar.com\/avatar\/e480fee2377f81af36f6990ed742592a?s=96&d=mm&r=g","caption":"Guilherme Rocha"},"url":"https:\/\/franciscanos.org.br\/noticias\/author\/guilhermerocha"}]}},"_links":{"self":[{"href":"https:\/\/franciscanos.org.br\/noticias\/wp-json\/wp\/v2\/posts\/266668"}],"collection":[{"href":"https:\/\/franciscanos.org.br\/noticias\/wp-json\/wp\/v2\/posts"}],"about":[{"href":"https:\/\/franciscanos.org.br\/noticias\/wp-json\/wp\/v2\/types\/post"}],"author":[{"embeddable":true,"href":"https:\/\/franciscanos.org.br\/noticias\/wp-json\/wp\/v2\/users\/15"}],"replies":[{"embeddable":true,"href":"https:\/\/franciscanos.org.br\/noticias\/wp-json\/wp\/v2\/comments?post=266668"}],"version-history":[{"count":13,"href":"https:\/\/franciscanos.org.br\/noticias\/wp-json\/wp\/v2\/posts\/266668\/revisions"}],"predecessor-version":[{"id":266686,"href":"https:\/\/franciscanos.org.br\/noticias\/wp-json\/wp\/v2\/posts\/266668\/revisions\/266686"}],"wp:featuredmedia":[{"embeddable":true,"href":"https:\/\/franciscanos.org.br\/noticias\/wp-json\/wp\/v2\/media\/266669"}],"wp:attachment":[{"href":"https:\/\/franciscanos.org.br\/noticias\/wp-json\/wp\/v2\/media?parent=266668"}],"wp:term":[{"taxonomy":"category","embeddable":true,"href":"https:\/\/franciscanos.org.br\/noticias\/wp-json\/wp\/v2\/categories?post=266668"},{"taxonomy":"post_tag","embeddable":true,"href":"https:\/\/franciscanos.org.br\/noticias\/wp-json\/wp\/v2\/tags?post=266668"}],"curies":[{"name":"wp","href":"https:\/\/api.w.org\/{rel}","templated":true}]}}