{"id":266632,"date":"2026-04-28T16:08:02","date_gmt":"2026-04-28T19:08:02","guid":{"rendered":"https:\/\/franciscanos.org.br\/noticias\/?p=266632"},"modified":"2026-04-28T16:08:02","modified_gmt":"2026-04-28T19:08:02","slug":"conferencia-brasil-e-cone-sul-encerra-primeira-etapa-do-curso-para-formadores-animadores-e-guardiaes","status":"publish","type":"post","link":"https:\/\/franciscanos.org.br\/noticias\/conferencia-brasil-e-cone-sul-encerra-primeira-etapa-do-curso-para-formadores-animadores-e-guardiaes.html","title":{"rendered":"Confer\u00eancia Brasil e Cone Sul encerra primeira etapa do curso para formadores, animadores e guardi\u00e3es"},"content":{"rendered":"<p><img loading=\"lazy\" class=\"aligncenter wp-image-266633\" src=\"https:\/\/franciscanos.org.br\/noticias\/wp-content\/uploads\/2026\/04\/Principal-3-450x357.jpeg\" alt=\"\" width=\"630\" height=\"500\" srcset=\"https:\/\/franciscanos.org.br\/noticias\/wp-content\/uploads\/2026\/04\/Principal-3-450x357.jpeg 450w, https:\/\/franciscanos.org.br\/noticias\/wp-content\/uploads\/2026\/04\/Principal-3-768x609.jpeg 768w, https:\/\/franciscanos.org.br\/noticias\/wp-content\/uploads\/2026\/04\/Principal-3-150x119.jpeg 150w, https:\/\/franciscanos.org.br\/noticias\/wp-content\/uploads\/2026\/04\/Principal-3.jpeg 973w\" sizes=\"(max-width: 630px) 100vw, 630px\" \/><\/p>\n<p><span style=\"font-weight: 400;\">Entre os dias 14 e 25 de abril, frades do Brasil e do Cone Sul reuniram-se em Petr\u00f3polis (RJ) para a primeira etapa presencial do Curso para Formadores, Animadores e Guardi\u00e3es da Confer\u00eancia Brasil e Cone Sul. Organizado pela Secretaria de Forma\u00e7\u00e3o e Estudos da Confer\u00eancia, o curso contou com a participa\u00e7\u00e3o de 17 religiosos, entre eles duas irm\u00e3s franciscanas do Amparo. Das entidades franciscanas da Confer\u00eancia, apenas a Cust\u00f3dia das Sete Alegrias e a Prov\u00edncia da Sant\u00edssima Trinidad do Chile n\u00e3o enviaram formadores.<\/span><\/p>\n<p><span style=\"font-weight: 400;\">A proposta formativa foi estruturada em modalidade h\u00edbrida. Ap\u00f3s essas duas semanas presenciais, seguem-se encontros online semanais, do fim de abril at\u00e9 meados de agosto, para aprofundamento de temas. Nas duas \u00faltimas semanas de agosto ocorrer\u00e1 a segunda etapa presencial. De setembro a novembro, os participantes ser\u00e3o acompanhados na elabora\u00e7\u00e3o de um artigo final, aprofundando um tema de maior interesse. O curso se encerra no dia 27 de novembro.<\/span><\/p>\n\n\t\t<style type=\"text\/css\">\n\t\t\t#gallery-1 {\n\t\t\t\tmargin: auto;\n\t\t\t}\n\t\t\t#gallery-1 .gallery-item {\n\t\t\t\tfloat: left;\n\t\t\t\tmargin-top: 10px;\n\t\t\t\ttext-align: center;\n\t\t\t\twidth: 33%;\n\t\t\t}\n\t\t\t#gallery-1 img {\n\t\t\t\tborder: 2px solid #cfcfcf;\n\t\t\t}\n\t\t\t#gallery-1 .gallery-caption {\n\t\t\t\tmargin-left: 0;\n\t\t\t}\n\t\t\t\/* see gallery_shortcode() in wp-includes\/media.php *\/\n\t\t<\/style>\n\t\t<div id='gallery-1' class='gallery galleryid-266632 gallery-columns-3 gallery-size-thumbnail'><dl class='gallery-item'>\n\t\t\t<dt class='gallery-icon portrait'>\n\t\t\t\t<a href='https:\/\/franciscanos.org.br\/noticias\/wp-content\/uploads\/2026\/04\/WhatsApp-Image-2026-04-27-at-17.10.44-1.jpeg'><img width=\"300\" height=\"300\" src=\"https:\/\/franciscanos.org.br\/noticias\/wp-content\/uploads\/2026\/04\/WhatsApp-Image-2026-04-27-at-17.10.44-1-300x300.jpeg\" class=\"attachment-thumbnail size-thumbnail\" alt=\"\" loading=\"lazy\" srcset=\"https:\/\/franciscanos.org.br\/noticias\/wp-content\/uploads\/2026\/04\/WhatsApp-Image-2026-04-27-at-17.10.44-1-300x300.jpeg 300w, https:\/\/franciscanos.org.br\/noticias\/wp-content\/uploads\/2026\/04\/WhatsApp-Image-2026-04-27-at-17.10.44-1-100x100.jpeg 100w\" sizes=\"(max-width: 300px) 100vw, 300px\" \/><\/a>\n\t\t\t<\/dt><\/dl><dl class='gallery-item'>\n\t\t\t<dt class='gallery-icon portrait'>\n\t\t\t\t<a href='https:\/\/franciscanos.org.br\/noticias\/wp-content\/uploads\/2026\/04\/WhatsApp-Image-2026-04-27-at-17.10.45-2.jpeg'><img width=\"300\" height=\"300\" src=\"https:\/\/franciscanos.org.br\/noticias\/wp-content\/uploads\/2026\/04\/WhatsApp-Image-2026-04-27-at-17.10.45-2-300x300.jpeg\" class=\"attachment-thumbnail size-thumbnail\" alt=\"\" loading=\"lazy\" srcset=\"https:\/\/franciscanos.org.br\/noticias\/wp-content\/uploads\/2026\/04\/WhatsApp-Image-2026-04-27-at-17.10.45-2-300x300.jpeg 300w, https:\/\/franciscanos.org.br\/noticias\/wp-content\/uploads\/2026\/04\/WhatsApp-Image-2026-04-27-at-17.10.45-2-100x100.jpeg 100w\" sizes=\"(max-width: 300px) 100vw, 300px\" \/><\/a>\n\t\t\t<\/dt><\/dl><dl class='gallery-item'>\n\t\t\t<dt class='gallery-icon portrait'>\n\t\t\t\t<a href='https:\/\/franciscanos.org.br\/noticias\/wp-content\/uploads\/2026\/04\/WhatsApp-Image-2026-04-27-at-17.10.46.jpeg'><img width=\"300\" height=\"300\" src=\"https:\/\/franciscanos.org.br\/noticias\/wp-content\/uploads\/2026\/04\/WhatsApp-Image-2026-04-27-at-17.10.46-300x300.jpeg\" class=\"attachment-thumbnail size-thumbnail\" alt=\"\" loading=\"lazy\" srcset=\"https:\/\/franciscanos.org.br\/noticias\/wp-content\/uploads\/2026\/04\/WhatsApp-Image-2026-04-27-at-17.10.46-300x300.jpeg 300w, https:\/\/franciscanos.org.br\/noticias\/wp-content\/uploads\/2026\/04\/WhatsApp-Image-2026-04-27-at-17.10.46-100x100.jpeg 100w\" sizes=\"(max-width: 300px) 100vw, 300px\" \/><\/a>\n\t\t\t<\/dt><\/dl><br style=\"clear: both\" \/><dl class='gallery-item'>\n\t\t\t<dt class='gallery-icon landscape'>\n\t\t\t\t<a href='https:\/\/franciscanos.org.br\/noticias\/wp-content\/uploads\/2026\/04\/WhatsApp-Image-2026-04-27-at-17.08.54-1.jpeg'><img width=\"300\" height=\"300\" src=\"https:\/\/franciscanos.org.br\/noticias\/wp-content\/uploads\/2026\/04\/WhatsApp-Image-2026-04-27-at-17.08.54-1-300x300.jpeg\" class=\"attachment-thumbnail size-thumbnail\" alt=\"\" loading=\"lazy\" srcset=\"https:\/\/franciscanos.org.br\/noticias\/wp-content\/uploads\/2026\/04\/WhatsApp-Image-2026-04-27-at-17.08.54-1-300x300.jpeg 300w, https:\/\/franciscanos.org.br\/noticias\/wp-content\/uploads\/2026\/04\/WhatsApp-Image-2026-04-27-at-17.08.54-1-100x100.jpeg 100w\" sizes=\"(max-width: 300px) 100vw, 300px\" \/><\/a>\n\t\t\t<\/dt><\/dl><dl class='gallery-item'>\n\t\t\t<dt class='gallery-icon landscape'>\n\t\t\t\t<a href='https:\/\/franciscanos.org.br\/noticias\/wp-content\/uploads\/2026\/04\/WhatsApp-Image-2026-04-27-at-17.08.54.jpeg'><img width=\"300\" height=\"300\" src=\"https:\/\/franciscanos.org.br\/noticias\/wp-content\/uploads\/2026\/04\/WhatsApp-Image-2026-04-27-at-17.08.54-300x300.jpeg\" class=\"attachment-thumbnail size-thumbnail\" alt=\"\" loading=\"lazy\" srcset=\"https:\/\/franciscanos.org.br\/noticias\/wp-content\/uploads\/2026\/04\/WhatsApp-Image-2026-04-27-at-17.08.54-300x300.jpeg 300w, https:\/\/franciscanos.org.br\/noticias\/wp-content\/uploads\/2026\/04\/WhatsApp-Image-2026-04-27-at-17.08.54-100x100.jpeg 100w\" sizes=\"(max-width: 300px) 100vw, 300px\" \/><\/a>\n\t\t\t<\/dt><\/dl><dl class='gallery-item'>\n\t\t\t<dt class='gallery-icon portrait'>\n\t\t\t\t<a href='https:\/\/franciscanos.org.br\/noticias\/wp-content\/uploads\/2026\/04\/WhatsApp-Image-2026-04-27-at-17.08.53.jpeg'><img width=\"300\" height=\"300\" src=\"https:\/\/franciscanos.org.br\/noticias\/wp-content\/uploads\/2026\/04\/WhatsApp-Image-2026-04-27-at-17.08.53-300x300.jpeg\" class=\"attachment-thumbnail size-thumbnail\" alt=\"\" loading=\"lazy\" srcset=\"https:\/\/franciscanos.org.br\/noticias\/wp-content\/uploads\/2026\/04\/WhatsApp-Image-2026-04-27-at-17.08.53-300x300.jpeg 300w, https:\/\/franciscanos.org.br\/noticias\/wp-content\/uploads\/2026\/04\/WhatsApp-Image-2026-04-27-at-17.08.53-100x100.jpeg 100w\" sizes=\"(max-width: 300px) 100vw, 300px\" \/><\/a>\n\t\t\t<\/dt><\/dl><br style=\"clear: both\" \/>\n\t\t<\/div>\n\n<p><span style=\"font-weight: 400;\">O corpo de assessores e assessoras \u00e9 diverso: inclui frades franciscanos da Ordem dos\u00a0 menores, frades franciscanos conventuais, outros religiosos e religiosas, al\u00e9m de leigos e leigas, em sua maioria com ampla experi\u00eancia acad\u00eamica e na \u00e1rea da forma\u00e7\u00e3o humana. Como alguns participantes e alguns assessores s\u00e3o hispanofalantes, exige-se dos participantes um n\u00edvel b\u00e1sico de compreens\u00e3o do espanhol (para brasileiros) e do portugu\u00eas (para os de l\u00edngua espanhola).<\/span><\/p>\n<p><span style=\"font-weight: 400;\">As etapas presenciais foram organizadas de modo progressivo. Na primeira, dedicou-se uma semana \u00e0 atualiza\u00e7\u00e3o e ao aprofundamento dos elementos constitutivos da vida consagrada franciscana, e outra ao papel e \u00e0 identidade do formador. Na segunda etapa presencial, a primeira semana ter\u00e1 como foco os candidatos que chegam \u00e0s casas de forma\u00e7\u00e3o, culminando com a reflex\u00e3o sobre a forma\u00e7\u00e3o para a miss\u00e3o.<\/span><\/p>\n\n\t\t<style type=\"text\/css\">\n\t\t\t#gallery-2 {\n\t\t\t\tmargin: auto;\n\t\t\t}\n\t\t\t#gallery-2 .gallery-item {\n\t\t\t\tfloat: left;\n\t\t\t\tmargin-top: 10px;\n\t\t\t\ttext-align: center;\n\t\t\t\twidth: 20%;\n\t\t\t}\n\t\t\t#gallery-2 img {\n\t\t\t\tborder: 2px solid #cfcfcf;\n\t\t\t}\n\t\t\t#gallery-2 .gallery-caption {\n\t\t\t\tmargin-left: 0;\n\t\t\t}\n\t\t\t\/* see gallery_shortcode() in wp-includes\/media.php *\/\n\t\t<\/style>\n\t\t<div id='gallery-2' class='gallery galleryid-266632 gallery-columns-5 gallery-size-thumbnail'><dl class='gallery-item'>\n\t\t\t<dt class='gallery-icon portrait'>\n\t\t\t\t<a href='https:\/\/franciscanos.org.br\/noticias\/wp-content\/uploads\/2026\/04\/WhatsApp-Image-2026-04-27-at-17.09.05.jpeg'><img width=\"300\" height=\"300\" src=\"https:\/\/franciscanos.org.br\/noticias\/wp-content\/uploads\/2026\/04\/WhatsApp-Image-2026-04-27-at-17.09.05-300x300.jpeg\" class=\"attachment-thumbnail size-thumbnail\" alt=\"\" loading=\"lazy\" srcset=\"https:\/\/franciscanos.org.br\/noticias\/wp-content\/uploads\/2026\/04\/WhatsApp-Image-2026-04-27-at-17.09.05-300x300.jpeg 300w, https:\/\/franciscanos.org.br\/noticias\/wp-content\/uploads\/2026\/04\/WhatsApp-Image-2026-04-27-at-17.09.05-100x100.jpeg 100w\" sizes=\"(max-width: 300px) 100vw, 300px\" \/><\/a>\n\t\t\t<\/dt><\/dl><dl class='gallery-item'>\n\t\t\t<dt class='gallery-icon portrait'>\n\t\t\t\t<a href='https:\/\/franciscanos.org.br\/noticias\/wp-content\/uploads\/2026\/04\/WhatsApp-Image-2026-04-27-at-17.09.05-1.jpeg'><img width=\"300\" height=\"300\" src=\"https:\/\/franciscanos.org.br\/noticias\/wp-content\/uploads\/2026\/04\/WhatsApp-Image-2026-04-27-at-17.09.05-1-300x300.jpeg\" class=\"attachment-thumbnail size-thumbnail\" alt=\"\" loading=\"lazy\" srcset=\"https:\/\/franciscanos.org.br\/noticias\/wp-content\/uploads\/2026\/04\/WhatsApp-Image-2026-04-27-at-17.09.05-1-300x300.jpeg 300w, https:\/\/franciscanos.org.br\/noticias\/wp-content\/uploads\/2026\/04\/WhatsApp-Image-2026-04-27-at-17.09.05-1-100x100.jpeg 100w\" sizes=\"(max-width: 300px) 100vw, 300px\" \/><\/a>\n\t\t\t<\/dt><\/dl><dl class='gallery-item'>\n\t\t\t<dt class='gallery-icon landscape'>\n\t\t\t\t<a href='https:\/\/franciscanos.org.br\/noticias\/wp-content\/uploads\/2026\/04\/WhatsApp-Image-2026-04-27-at-17.08.58.jpeg'><img width=\"300\" height=\"300\" src=\"https:\/\/franciscanos.org.br\/noticias\/wp-content\/uploads\/2026\/04\/WhatsApp-Image-2026-04-27-at-17.08.58-300x300.jpeg\" class=\"attachment-thumbnail size-thumbnail\" alt=\"\" loading=\"lazy\" srcset=\"https:\/\/franciscanos.org.br\/noticias\/wp-content\/uploads\/2026\/04\/WhatsApp-Image-2026-04-27-at-17.08.58-300x300.jpeg 300w, https:\/\/franciscanos.org.br\/noticias\/wp-content\/uploads\/2026\/04\/WhatsApp-Image-2026-04-27-at-17.08.58-100x100.jpeg 100w\" sizes=\"(max-width: 300px) 100vw, 300px\" \/><\/a>\n\t\t\t<\/dt><\/dl><dl class='gallery-item'>\n\t\t\t<dt class='gallery-icon landscape'>\n\t\t\t\t<a href='https:\/\/franciscanos.org.br\/noticias\/wp-content\/uploads\/2026\/04\/WhatsApp-Image-2026-04-27-at-17.08.58-1.jpeg'><img width=\"300\" height=\"300\" src=\"https:\/\/franciscanos.org.br\/noticias\/wp-content\/uploads\/2026\/04\/WhatsApp-Image-2026-04-27-at-17.08.58-1-300x300.jpeg\" class=\"attachment-thumbnail size-thumbnail\" alt=\"\" loading=\"lazy\" srcset=\"https:\/\/franciscanos.org.br\/noticias\/wp-content\/uploads\/2026\/04\/WhatsApp-Image-2026-04-27-at-17.08.58-1-300x300.jpeg 300w, https:\/\/franciscanos.org.br\/noticias\/wp-content\/uploads\/2026\/04\/WhatsApp-Image-2026-04-27-at-17.08.58-1-100x100.jpeg 100w\" sizes=\"(max-width: 300px) 100vw, 300px\" \/><\/a>\n\t\t\t<\/dt><\/dl><dl class='gallery-item'>\n\t\t\t<dt class='gallery-icon portrait'>\n\t\t\t\t<a href='https:\/\/franciscanos.org.br\/noticias\/wp-content\/uploads\/2026\/04\/WhatsApp-Image-2026-04-27-at-17.08.56-1.jpeg'><img width=\"300\" height=\"300\" src=\"https:\/\/franciscanos.org.br\/noticias\/wp-content\/uploads\/2026\/04\/WhatsApp-Image-2026-04-27-at-17.08.56-1-300x300.jpeg\" class=\"attachment-thumbnail size-thumbnail\" alt=\"\" loading=\"lazy\" srcset=\"https:\/\/franciscanos.org.br\/noticias\/wp-content\/uploads\/2026\/04\/WhatsApp-Image-2026-04-27-at-17.08.56-1-300x300.jpeg 300w, https:\/\/franciscanos.org.br\/noticias\/wp-content\/uploads\/2026\/04\/WhatsApp-Image-2026-04-27-at-17.08.56-1-100x100.jpeg 100w\" sizes=\"(max-width: 300px) 100vw, 300px\" \/><\/a>\n\t\t\t<\/dt><\/dl><br style=\"clear: both\" \/>\n\t\t<\/div>\n\n<p><span style=\"font-weight: 400;\">A op\u00e7\u00e3o por manter ao menos duas etapas presenciais visa favorecer o interc\u00e2mbio, a conviv\u00eancia e o conhecimento m\u00fatuo entre os participantes. Embora o formato online ofere\u00e7a vantagens, nada substitui o encontro pessoal, o \u201colho no olho\u201d e a partilha direta de experi\u00eancias. Nesse sentido, foram organizados momentos de conviv\u00eancia, como a visita ao Santu\u00e1rio do Cristo Redentor, no Rio de Janeiro, e \u00e0 Par\u00f3quia Nossa Senhora da Boa Viagem, na Favela da Rocinha, onde atuam frades da Prov\u00edncia da Imaculada. Ali, os participantes conversaram com os fi\u00e9is, conheceram capelas locais e tiveram contato com os desafios cotidianos das comunidades empobrecidas das grandes cidades. Outros momentos de conviv\u00eancia fraterna, para al\u00e9m da sala de aula, est\u00e3o previstos ao longo das etapas presenciais.<\/span><\/p>\n\n\t\t<style type=\"text\/css\">\n\t\t\t#gallery-3 {\n\t\t\t\tmargin: auto;\n\t\t\t}\n\t\t\t#gallery-3 .gallery-item {\n\t\t\t\tfloat: left;\n\t\t\t\tmargin-top: 10px;\n\t\t\t\ttext-align: center;\n\t\t\t\twidth: 20%;\n\t\t\t}\n\t\t\t#gallery-3 img {\n\t\t\t\tborder: 2px solid #cfcfcf;\n\t\t\t}\n\t\t\t#gallery-3 .gallery-caption {\n\t\t\t\tmargin-left: 0;\n\t\t\t}\n\t\t\t\/* see gallery_shortcode() in wp-includes\/media.php *\/\n\t\t<\/style>\n\t\t<div id='gallery-3' class='gallery galleryid-266632 gallery-columns-5 gallery-size-thumbnail'><dl class='gallery-item'>\n\t\t\t<dt class='gallery-icon portrait'>\n\t\t\t\t<a href='https:\/\/franciscanos.org.br\/noticias\/wp-content\/uploads\/2026\/04\/WhatsApp-Image-2026-04-27-at-17.14.12.jpeg'><img width=\"300\" height=\"300\" src=\"https:\/\/franciscanos.org.br\/noticias\/wp-content\/uploads\/2026\/04\/WhatsApp-Image-2026-04-27-at-17.14.12-300x300.jpeg\" class=\"attachment-thumbnail size-thumbnail\" alt=\"\" loading=\"lazy\" srcset=\"https:\/\/franciscanos.org.br\/noticias\/wp-content\/uploads\/2026\/04\/WhatsApp-Image-2026-04-27-at-17.14.12-300x300.jpeg 300w, https:\/\/franciscanos.org.br\/noticias\/wp-content\/uploads\/2026\/04\/WhatsApp-Image-2026-04-27-at-17.14.12-100x100.jpeg 100w\" sizes=\"(max-width: 300px) 100vw, 300px\" \/><\/a>\n\t\t\t<\/dt><\/dl><dl class='gallery-item'>\n\t\t\t<dt class='gallery-icon portrait'>\n\t\t\t\t<a href='https:\/\/franciscanos.org.br\/noticias\/wp-content\/uploads\/2026\/04\/WhatsApp-Image-2026-04-27-at-17.10.45.jpeg'><img width=\"300\" height=\"300\" src=\"https:\/\/franciscanos.org.br\/noticias\/wp-content\/uploads\/2026\/04\/WhatsApp-Image-2026-04-27-at-17.10.45-300x300.jpeg\" class=\"attachment-thumbnail size-thumbnail\" alt=\"\" loading=\"lazy\" srcset=\"https:\/\/franciscanos.org.br\/noticias\/wp-content\/uploads\/2026\/04\/WhatsApp-Image-2026-04-27-at-17.10.45-300x300.jpeg 300w, https:\/\/franciscanos.org.br\/noticias\/wp-content\/uploads\/2026\/04\/WhatsApp-Image-2026-04-27-at-17.10.45-100x100.jpeg 100w\" sizes=\"(max-width: 300px) 100vw, 300px\" \/><\/a>\n\t\t\t<\/dt><\/dl><dl class='gallery-item'>\n\t\t\t<dt class='gallery-icon portrait'>\n\t\t\t\t<a href='https:\/\/franciscanos.org.br\/noticias\/wp-content\/uploads\/2026\/04\/WhatsApp-Image-2026-04-27-at-17.10.45-1.jpeg'><img width=\"300\" height=\"300\" src=\"https:\/\/franciscanos.org.br\/noticias\/wp-content\/uploads\/2026\/04\/WhatsApp-Image-2026-04-27-at-17.10.45-1-300x300.jpeg\" class=\"attachment-thumbnail size-thumbnail\" alt=\"\" loading=\"lazy\" srcset=\"https:\/\/franciscanos.org.br\/noticias\/wp-content\/uploads\/2026\/04\/WhatsApp-Image-2026-04-27-at-17.10.45-1-300x300.jpeg 300w, https:\/\/franciscanos.org.br\/noticias\/wp-content\/uploads\/2026\/04\/WhatsApp-Image-2026-04-27-at-17.10.45-1-100x100.jpeg 100w\" sizes=\"(max-width: 300px) 100vw, 300px\" \/><\/a>\n\t\t\t<\/dt><\/dl><dl class='gallery-item'>\n\t\t\t<dt class='gallery-icon portrait'>\n\t\t\t\t<a href='https:\/\/franciscanos.org.br\/noticias\/wp-content\/uploads\/2026\/04\/WhatsApp-Image-2026-04-27-at-17.10.44.jpeg'><img width=\"300\" height=\"300\" src=\"https:\/\/franciscanos.org.br\/noticias\/wp-content\/uploads\/2026\/04\/WhatsApp-Image-2026-04-27-at-17.10.44-300x300.jpeg\" class=\"attachment-thumbnail size-thumbnail\" alt=\"\" loading=\"lazy\" srcset=\"https:\/\/franciscanos.org.br\/noticias\/wp-content\/uploads\/2026\/04\/WhatsApp-Image-2026-04-27-at-17.10.44-300x300.jpeg 300w, https:\/\/franciscanos.org.br\/noticias\/wp-content\/uploads\/2026\/04\/WhatsApp-Image-2026-04-27-at-17.10.44-100x100.jpeg 100w\" sizes=\"(max-width: 300px) 100vw, 300px\" \/><\/a>\n\t\t\t<\/dt><\/dl><dl class='gallery-item'>\n\t\t\t<dt class='gallery-icon portrait'>\n\t\t\t\t<a href='https:\/\/franciscanos.org.br\/noticias\/wp-content\/uploads\/2026\/04\/WhatsApp-Image-2026-04-27-at-17.09.03-1.jpeg'><img width=\"300\" height=\"300\" src=\"https:\/\/franciscanos.org.br\/noticias\/wp-content\/uploads\/2026\/04\/WhatsApp-Image-2026-04-27-at-17.09.03-1-300x300.jpeg\" class=\"attachment-thumbnail size-thumbnail\" alt=\"\" loading=\"lazy\" srcset=\"https:\/\/franciscanos.org.br\/noticias\/wp-content\/uploads\/2026\/04\/WhatsApp-Image-2026-04-27-at-17.09.03-1-300x300.jpeg 300w, https:\/\/franciscanos.org.br\/noticias\/wp-content\/uploads\/2026\/04\/WhatsApp-Image-2026-04-27-at-17.09.03-1-100x100.jpeg 100w\" sizes=\"(max-width: 300px) 100vw, 300px\" \/><\/a>\n\t\t\t<\/dt><\/dl><br style=\"clear: both\" \/>\n\t\t<\/div>\n\n<p><span style=\"font-weight: 400;\">Ao final, com a entrega do Trabalho de Conclus\u00e3o, os participantes receber\u00e3o o certificado de Curso de Extens\u00e3o, conferido pelo Instituto Teol\u00f3gico Franciscano de Petr\u00f3polis. Espera-se que esta forma\u00e7\u00e3o contribua para preparar formadores, guardi\u00e3es e animadores conscientes de sua miss\u00e3o, iluminados pelos conte\u00fados recebidos e, ao mesmo tempo, provocados pelos desafios que impulsionam o crescimento e o amadurecimento humano. Que, no caminho do discernimento, tenham sabedoria para acompanhar, paci\u00eancia para esperar e coragem para formar na liberdade. E que, a exemplo de S\u00e3o Francisco de Assis, sua vida se torne Evangelho vivo para todos aqueles que lhes forem confiados.<\/span><\/p>\n<p style=\"text-align: right;\"><em><span style=\"font-weight: 400;\">Fr. Sandro Roberto da Costa, OFM<\/span><span style=\"font-weight: 400;\"><br \/>\n<\/span><span style=\"font-weight: 400;\">Secret\u00e1rio para a Forma\u00e7\u00e3o e Estudos<\/span><span style=\"font-weight: 400;\"><br \/>\n<\/span><span style=\"font-weight: 400;\">Confer\u00eancia Brasil e Cone Sul<\/span><\/em><\/p>\n<p><img loading=\"lazy\" class=\"size-medium wp-image-266652 aligncenter\" src=\"https:\/\/franciscanos.org.br\/noticias\/wp-content\/uploads\/2026\/04\/WhatsApp-Image-2026-04-27-at-17.12.02-338x450.jpeg\" alt=\"\" width=\"338\" height=\"450\" srcset=\"https:\/\/franciscanos.org.br\/noticias\/wp-content\/uploads\/2026\/04\/WhatsApp-Image-2026-04-27-at-17.12.02-338x450.jpeg 338w, https:\/\/franciscanos.org.br\/noticias\/wp-content\/uploads\/2026\/04\/WhatsApp-Image-2026-04-27-at-17.12.02-768x1024.jpeg 768w, https:\/\/franciscanos.org.br\/noticias\/wp-content\/uploads\/2026\/04\/WhatsApp-Image-2026-04-27-at-17.12.02-150x200.jpeg 150w, https:\/\/franciscanos.org.br\/noticias\/wp-content\/uploads\/2026\/04\/WhatsApp-Image-2026-04-27-at-17.12.02.jpeg 810w\" sizes=\"(max-width: 338px) 100vw, 338px\" \/><\/p>\n","protected":false},"excerpt":{"rendered":"<p>Forma\u00e7\u00e3o e Estudos<\/p>\n","protected":false},"author":15,"featured_media":266633,"comment_status":"open","ping_status":"open","sticky":false,"template":"","format":"standard","meta":[],"categories":[1],"tags":[],"acf":[],"yoast_head":"<!-- This site is optimized with the Yoast SEO plugin v19.2 - https:\/\/yoast.com\/wordpress\/plugins\/seo\/ -->\n<title>Confer\u00eancia Brasil e Cone Sul encerra primeira etapa do curso para formadores, animadores e guardi\u00e3es - Not\u00edcias - Franciscanos<\/title>\n<meta name=\"robots\" content=\"index, follow, max-snippet:-1, max-image-preview:large, max-video-preview:-1\" \/>\n<link rel=\"canonical\" href=\"https:\/\/franciscanos.org.br\/noticias\/conferencia-brasil-e-cone-sul-encerra-primeira-etapa-do-curso-para-formadores-animadores-e-guardiaes.html\" \/>\n<meta property=\"og:locale\" content=\"pt_BR\" \/>\n<meta property=\"og:type\" content=\"article\" \/>\n<meta property=\"og:title\" content=\"Confer\u00eancia Brasil e Cone Sul encerra primeira etapa do curso para formadores, animadores e guardi\u00e3es - Not\u00edcias - Franciscanos\" \/>\n<meta property=\"og:description\" content=\"Forma\u00e7\u00e3o e Estudos\" \/>\n<meta property=\"og:url\" content=\"https:\/\/franciscanos.org.br\/noticias\/conferencia-brasil-e-cone-sul-encerra-primeira-etapa-do-curso-para-formadores-animadores-e-guardiaes.html\" \/>\n<meta property=\"og:site_name\" content=\"Not\u00edcias - Franciscanos\" \/>\n<meta property=\"article:published_time\" content=\"2026-04-28T19:08:02+00:00\" \/>\n<meta property=\"og:image\" content=\"https:\/\/franciscanos.org.br\/noticias\/wp-content\/uploads\/2026\/04\/Principal-3.jpeg\" \/>\n\t<meta property=\"og:image:width\" content=\"973\" \/>\n\t<meta property=\"og:image:height\" content=\"772\" \/>\n\t<meta property=\"og:image:type\" content=\"image\/jpeg\" \/>\n<meta name=\"author\" content=\"Guilherme Rocha\" \/>\n<meta name=\"twitter:card\" content=\"summary_large_image\" \/>\n<meta name=\"twitter:label1\" content=\"Escrito por\" \/>\n\t<meta name=\"twitter:data1\" content=\"Guilherme Rocha\" \/>\n\t<meta name=\"twitter:label2\" content=\"Est. tempo de leitura\" \/>\n\t<meta name=\"twitter:data2\" content=\"3 minutos\" \/>\n<script type=\"application\/ld+json\" class=\"yoast-schema-graph\">{\"@context\":\"https:\/\/schema.org\",\"@graph\":[{\"@type\":\"WebSite\",\"@id\":\"https:\/\/franciscanos.org.br\/noticias\/#website\",\"url\":\"https:\/\/franciscanos.org.br\/noticias\/\",\"name\":\"Not\u00edcias - Franciscanos\",\"description\":\"Prov\u00edncia Franciscana da Imaculada Concei\u00e7\u00e3o do Brasil - Ordem dos Frades Menores - OFM\",\"potentialAction\":[{\"@type\":\"SearchAction\",\"target\":{\"@type\":\"EntryPoint\",\"urlTemplate\":\"https:\/\/franciscanos.org.br\/noticias\/?s={search_term_string}\"},\"query-input\":\"required name=search_term_string\"}],\"inLanguage\":\"pt-BR\"},{\"@type\":\"ImageObject\",\"inLanguage\":\"pt-BR\",\"@id\":\"https:\/\/franciscanos.org.br\/noticias\/conferencia-brasil-e-cone-sul-encerra-primeira-etapa-do-curso-para-formadores-animadores-e-guardiaes.html#primaryimage\",\"url\":\"https:\/\/franciscanos.org.br\/noticias\/wp-content\/uploads\/2026\/04\/Principal-3.jpeg\",\"contentUrl\":\"https:\/\/franciscanos.org.br\/noticias\/wp-content\/uploads\/2026\/04\/Principal-3.jpeg\",\"width\":973,\"height\":772},{\"@type\":\"WebPage\",\"@id\":\"https:\/\/franciscanos.org.br\/noticias\/conferencia-brasil-e-cone-sul-encerra-primeira-etapa-do-curso-para-formadores-animadores-e-guardiaes.html#webpage\",\"url\":\"https:\/\/franciscanos.org.br\/noticias\/conferencia-brasil-e-cone-sul-encerra-primeira-etapa-do-curso-para-formadores-animadores-e-guardiaes.html\",\"name\":\"Confer\u00eancia Brasil e Cone Sul encerra primeira etapa do curso para formadores, animadores e guardi\u00e3es - Not\u00edcias - Franciscanos\",\"isPartOf\":{\"@id\":\"https:\/\/franciscanos.org.br\/noticias\/#website\"},\"primaryImageOfPage\":{\"@id\":\"https:\/\/franciscanos.org.br\/noticias\/conferencia-brasil-e-cone-sul-encerra-primeira-etapa-do-curso-para-formadores-animadores-e-guardiaes.html#primaryimage\"},\"datePublished\":\"2026-04-28T19:08:02+00:00\",\"dateModified\":\"2026-04-28T19:08:02+00:00\",\"author\":{\"@id\":\"https:\/\/franciscanos.org.br\/noticias\/#\/schema\/person\/69bb4cd273a2528548b63cccab4980a0\"},\"breadcrumb\":{\"@id\":\"https:\/\/franciscanos.org.br\/noticias\/conferencia-brasil-e-cone-sul-encerra-primeira-etapa-do-curso-para-formadores-animadores-e-guardiaes.html#breadcrumb\"},\"inLanguage\":\"pt-BR\",\"potentialAction\":[{\"@type\":\"ReadAction\",\"target\":[\"https:\/\/franciscanos.org.br\/noticias\/conferencia-brasil-e-cone-sul-encerra-primeira-etapa-do-curso-para-formadores-animadores-e-guardiaes.html\"]}]},{\"@type\":\"BreadcrumbList\",\"@id\":\"https:\/\/franciscanos.org.br\/noticias\/conferencia-brasil-e-cone-sul-encerra-primeira-etapa-do-curso-para-formadores-animadores-e-guardiaes.html#breadcrumb\",\"itemListElement\":[{\"@type\":\"ListItem\",\"position\":1,\"name\":\"Home\",\"item\":\"https:\/\/franciscanos.org.br\/noticias\"},{\"@type\":\"ListItem\",\"position\":2,\"name\":\"Confer\u00eancia Brasil e Cone Sul encerra primeira etapa do curso para formadores, animadores e guardi\u00e3es\"}]},{\"@type\":\"Person\",\"@id\":\"https:\/\/franciscanos.org.br\/noticias\/#\/schema\/person\/69bb4cd273a2528548b63cccab4980a0\",\"name\":\"Guilherme Rocha\",\"image\":{\"@type\":\"ImageObject\",\"inLanguage\":\"pt-BR\",\"@id\":\"https:\/\/franciscanos.org.br\/noticias\/#\/schema\/person\/image\/\",\"url\":\"https:\/\/secure.gravatar.com\/avatar\/e480fee2377f81af36f6990ed742592a?s=96&d=mm&r=g\",\"contentUrl\":\"https:\/\/secure.gravatar.com\/avatar\/e480fee2377f81af36f6990ed742592a?s=96&d=mm&r=g\",\"caption\":\"Guilherme Rocha\"},\"url\":\"https:\/\/franciscanos.org.br\/noticias\/author\/guilhermerocha\"}]}<\/script>\n<!-- \/ Yoast SEO plugin. -->","yoast_head_json":{"title":"Confer\u00eancia Brasil e Cone Sul encerra primeira etapa do curso para formadores, animadores e guardi\u00e3es - Not\u00edcias - Franciscanos","robots":{"index":"index","follow":"follow","max-snippet":"max-snippet:-1","max-image-preview":"max-image-preview:large","max-video-preview":"max-video-preview:-1"},"canonical":"https:\/\/franciscanos.org.br\/noticias\/conferencia-brasil-e-cone-sul-encerra-primeira-etapa-do-curso-para-formadores-animadores-e-guardiaes.html","og_locale":"pt_BR","og_type":"article","og_title":"Confer\u00eancia Brasil e Cone Sul encerra primeira etapa do curso para formadores, animadores e guardi\u00e3es - Not\u00edcias - Franciscanos","og_description":"Forma\u00e7\u00e3o e Estudos","og_url":"https:\/\/franciscanos.org.br\/noticias\/conferencia-brasil-e-cone-sul-encerra-primeira-etapa-do-curso-para-formadores-animadores-e-guardiaes.html","og_site_name":"Not\u00edcias - Franciscanos","article_published_time":"2026-04-28T19:08:02+00:00","og_image":[{"width":973,"height":772,"url":"https:\/\/franciscanos.org.br\/noticias\/wp-content\/uploads\/2026\/04\/Principal-3.jpeg","type":"image\/jpeg"}],"author":"Guilherme Rocha","twitter_card":"summary_large_image","twitter_misc":{"Escrito por":"Guilherme Rocha","Est. tempo de leitura":"3 minutos"},"schema":{"@context":"https:\/\/schema.org","@graph":[{"@type":"WebSite","@id":"https:\/\/franciscanos.org.br\/noticias\/#website","url":"https:\/\/franciscanos.org.br\/noticias\/","name":"Not\u00edcias - Franciscanos","description":"Prov\u00edncia Franciscana da Imaculada Concei\u00e7\u00e3o do Brasil - Ordem dos Frades Menores - OFM","potentialAction":[{"@type":"SearchAction","target":{"@type":"EntryPoint","urlTemplate":"https:\/\/franciscanos.org.br\/noticias\/?s={search_term_string}"},"query-input":"required name=search_term_string"}],"inLanguage":"pt-BR"},{"@type":"ImageObject","inLanguage":"pt-BR","@id":"https:\/\/franciscanos.org.br\/noticias\/conferencia-brasil-e-cone-sul-encerra-primeira-etapa-do-curso-para-formadores-animadores-e-guardiaes.html#primaryimage","url":"https:\/\/franciscanos.org.br\/noticias\/wp-content\/uploads\/2026\/04\/Principal-3.jpeg","contentUrl":"https:\/\/franciscanos.org.br\/noticias\/wp-content\/uploads\/2026\/04\/Principal-3.jpeg","width":973,"height":772},{"@type":"WebPage","@id":"https:\/\/franciscanos.org.br\/noticias\/conferencia-brasil-e-cone-sul-encerra-primeira-etapa-do-curso-para-formadores-animadores-e-guardiaes.html#webpage","url":"https:\/\/franciscanos.org.br\/noticias\/conferencia-brasil-e-cone-sul-encerra-primeira-etapa-do-curso-para-formadores-animadores-e-guardiaes.html","name":"Confer\u00eancia Brasil e Cone Sul encerra primeira etapa do curso para formadores, animadores e guardi\u00e3es - Not\u00edcias - Franciscanos","isPartOf":{"@id":"https:\/\/franciscanos.org.br\/noticias\/#website"},"primaryImageOfPage":{"@id":"https:\/\/franciscanos.org.br\/noticias\/conferencia-brasil-e-cone-sul-encerra-primeira-etapa-do-curso-para-formadores-animadores-e-guardiaes.html#primaryimage"},"datePublished":"2026-04-28T19:08:02+00:00","dateModified":"2026-04-28T19:08:02+00:00","author":{"@id":"https:\/\/franciscanos.org.br\/noticias\/#\/schema\/person\/69bb4cd273a2528548b63cccab4980a0"},"breadcrumb":{"@id":"https:\/\/franciscanos.org.br\/noticias\/conferencia-brasil-e-cone-sul-encerra-primeira-etapa-do-curso-para-formadores-animadores-e-guardiaes.html#breadcrumb"},"inLanguage":"pt-BR","potentialAction":[{"@type":"ReadAction","target":["https:\/\/franciscanos.org.br\/noticias\/conferencia-brasil-e-cone-sul-encerra-primeira-etapa-do-curso-para-formadores-animadores-e-guardiaes.html"]}]},{"@type":"BreadcrumbList","@id":"https:\/\/franciscanos.org.br\/noticias\/conferencia-brasil-e-cone-sul-encerra-primeira-etapa-do-curso-para-formadores-animadores-e-guardiaes.html#breadcrumb","itemListElement":[{"@type":"ListItem","position":1,"name":"Home","item":"https:\/\/franciscanos.org.br\/noticias"},{"@type":"ListItem","position":2,"name":"Confer\u00eancia Brasil e Cone Sul encerra primeira etapa do curso para formadores, animadores e guardi\u00e3es"}]},{"@type":"Person","@id":"https:\/\/franciscanos.org.br\/noticias\/#\/schema\/person\/69bb4cd273a2528548b63cccab4980a0","name":"Guilherme Rocha","image":{"@type":"ImageObject","inLanguage":"pt-BR","@id":"https:\/\/franciscanos.org.br\/noticias\/#\/schema\/person\/image\/","url":"https:\/\/secure.gravatar.com\/avatar\/e480fee2377f81af36f6990ed742592a?s=96&d=mm&r=g","contentUrl":"https:\/\/secure.gravatar.com\/avatar\/e480fee2377f81af36f6990ed742592a?s=96&d=mm&r=g","caption":"Guilherme Rocha"},"url":"https:\/\/franciscanos.org.br\/noticias\/author\/guilhermerocha"}]}},"_links":{"self":[{"href":"https:\/\/franciscanos.org.br\/noticias\/wp-json\/wp\/v2\/posts\/266632"}],"collection":[{"href":"https:\/\/franciscanos.org.br\/noticias\/wp-json\/wp\/v2\/posts"}],"about":[{"href":"https:\/\/franciscanos.org.br\/noticias\/wp-json\/wp\/v2\/types\/post"}],"author":[{"embeddable":true,"href":"https:\/\/franciscanos.org.br\/noticias\/wp-json\/wp\/v2\/users\/15"}],"replies":[{"embeddable":true,"href":"https:\/\/franciscanos.org.br\/noticias\/wp-json\/wp\/v2\/comments?post=266632"}],"version-history":[{"count":3,"href":"https:\/\/franciscanos.org.br\/noticias\/wp-json\/wp\/v2\/posts\/266632\/revisions"}],"predecessor-version":[{"id":266655,"href":"https:\/\/franciscanos.org.br\/noticias\/wp-json\/wp\/v2\/posts\/266632\/revisions\/266655"}],"wp:featuredmedia":[{"embeddable":true,"href":"https:\/\/franciscanos.org.br\/noticias\/wp-json\/wp\/v2\/media\/266633"}],"wp:attachment":[{"href":"https:\/\/franciscanos.org.br\/noticias\/wp-json\/wp\/v2\/media?parent=266632"}],"wp:term":[{"taxonomy":"category","embeddable":true,"href":"https:\/\/franciscanos.org.br\/noticias\/wp-json\/wp\/v2\/categories?post=266632"},{"taxonomy":"post_tag","embeddable":true,"href":"https:\/\/franciscanos.org.br\/noticias\/wp-json\/wp\/v2\/tags?post=266632"}],"curies":[{"name":"wp","href":"https:\/\/api.w.org\/{rel}","templated":true}]}}