{"id":266578,"date":"2026-04-28T15:08:49","date_gmt":"2026-04-28T18:08:49","guid":{"rendered":"https:\/\/franciscanos.org.br\/noticias\/?p=266578"},"modified":"2026-04-28T15:08:49","modified_gmt":"2026-04-28T18:08:49","slug":"segunda-edicao-do-alverne-reune-jovens-em-guaratingueta-para-vivencia-da-espiritualidade-franciscana","status":"publish","type":"post","link":"https:\/\/franciscanos.org.br\/noticias\/segunda-edicao-do-alverne-reune-jovens-em-guaratingueta-para-vivencia-da-espiritualidade-franciscana.html","title":{"rendered":"Segunda edi\u00e7\u00e3o do Alverne re\u00fane jovens em Guaratinguet\u00e1 para viv\u00eancia da espiritualidade franciscana"},"content":{"rendered":"<p><img loading=\"lazy\" class=\"aligncenter wp-image-266581\" src=\"https:\/\/franciscanos.org.br\/noticias\/wp-content\/uploads\/2026\/04\/Principal-9-450x338.jpg\" alt=\"\" width=\"667\" height=\"500\" srcset=\"https:\/\/franciscanos.org.br\/noticias\/wp-content\/uploads\/2026\/04\/Principal-9-450x338.jpg 450w, https:\/\/franciscanos.org.br\/noticias\/wp-content\/uploads\/2026\/04\/Principal-9-1024x768.jpg 1024w, https:\/\/franciscanos.org.br\/noticias\/wp-content\/uploads\/2026\/04\/Principal-9-768x576.jpg 768w, https:\/\/franciscanos.org.br\/noticias\/wp-content\/uploads\/2026\/04\/Principal-9-1536x1152.jpg 1536w, https:\/\/franciscanos.org.br\/noticias\/wp-content\/uploads\/2026\/04\/Principal-9-2048x1536.jpg 2048w, https:\/\/franciscanos.org.br\/noticias\/wp-content\/uploads\/2026\/04\/Principal-9-150x113.jpg 150w, https:\/\/franciscanos.org.br\/noticias\/wp-content\/uploads\/2026\/04\/Principal-9-600x450.jpg 600w, https:\/\/franciscanos.org.br\/noticias\/wp-content\/uploads\/2026\/04\/Principal-9-scaled.jpg 1440w\" sizes=\"(max-width: 667px) 100vw, 667px\" \/><\/p>\n<p><span style=\"font-weight: 400;\">Nos dias 24, 25 e 26 de abril, a cidade de Guaratinguet\u00e1 (SP) sediou a segunda edi\u00e7\u00e3o do Alverne, encontro voltado a jovens que desejam aprofundar sua viv\u00eancia na Espiritualidade Franciscana. A proposta reuniu participantes de S\u00e3o Paulo, Amparo, Guaratinguet\u00e1 e Niter\u00f3i, em uma programa\u00e7\u00e3o marcada por forma\u00e7\u00e3o, ora\u00e7\u00e3o, conviv\u00eancia fraterna e Celebra\u00e7\u00e3o Eucar\u00edstica. A atividade contou com a presen\u00e7a de 45 jovens e teve como formador principal Frei Vit\u00f3rio Mazzuco, que conduziu as reflex\u00f5es a partir do tema \u201cO Trip\u00e9 Franciscano\u201d.<\/span><\/p>\n<p><span style=\"font-weight: 400;\">A programa\u00e7\u00e3o teve in\u00edcio na sexta-feira (24), no Santu\u00e1rio de Frei Galv\u00e3o, com a acolhida dos participantes de Guaratinguet\u00e1 e uma breve introdu\u00e7\u00e3o \u00e0 vida e \u00e0 espiritualidade de S\u00e3o Francisco de Assis, feita por Frei Thiago da Silva Soares, um dos respons\u00e1veis pelo evento. Ainda na primeira noite, os jovens vindos de outras cidades foram recebidos por fam\u00edlias acolhedoras, que abriram suas casas para hosped\u00e1-los durante o encontro, gesto que refor\u00e7ou o clima de fraternidade e simplicidade proposto pelo Alverne.<\/span><\/p>\n<p><span style=\"font-weight: 400;\">No s\u00e1bado (25), as atividades ocorreram no Semin\u00e1rio Frei Galv\u00e3o, onde os jovens foram recebidos por Frei Gentil de Lima Branco, guardi\u00e3o da fraternidade, que partilhou com o grupo um pouco da realidade formativa do postulantado e da miss\u00e3o dos frades naquele espa\u00e7o. Ao longo do dia, Frei Vit\u00f3rio desenvolveu a tem\u00e1tica central da edi\u00e7\u00e3o, dividida em tr\u00eas momentos de reflex\u00e3o: pres\u00e9pio, Eucaristia e cruz, elementos que comp\u00f5em o chamado \u201cTrip\u00e9 Franciscano\u201d.<\/span><\/p>\n\n\t\t<style type=\"text\/css\">\n\t\t\t#gallery-1 {\n\t\t\t\tmargin: auto;\n\t\t\t}\n\t\t\t#gallery-1 .gallery-item {\n\t\t\t\tfloat: left;\n\t\t\t\tmargin-top: 10px;\n\t\t\t\ttext-align: center;\n\t\t\t\twidth: 25%;\n\t\t\t}\n\t\t\t#gallery-1 img {\n\t\t\t\tborder: 2px solid #cfcfcf;\n\t\t\t}\n\t\t\t#gallery-1 .gallery-caption {\n\t\t\t\tmargin-left: 0;\n\t\t\t}\n\t\t\t\/* see gallery_shortcode() in wp-includes\/media.php *\/\n\t\t<\/style>\n\t\t<div id='gallery-1' class='gallery galleryid-266578 gallery-columns-4 gallery-size-thumbnail'><dl class='gallery-item'>\n\t\t\t<dt class='gallery-icon portrait'>\n\t\t\t\t<a href='https:\/\/franciscanos.org.br\/noticias\/wp-content\/uploads\/2026\/04\/IMG_1730-scaled.jpg'><img width=\"300\" height=\"300\" src=\"https:\/\/franciscanos.org.br\/noticias\/wp-content\/uploads\/2026\/04\/IMG_1730-300x300.jpg\" class=\"attachment-thumbnail size-thumbnail\" alt=\"\" loading=\"lazy\" srcset=\"https:\/\/franciscanos.org.br\/noticias\/wp-content\/uploads\/2026\/04\/IMG_1730-300x300.jpg 300w, https:\/\/franciscanos.org.br\/noticias\/wp-content\/uploads\/2026\/04\/IMG_1730-100x100.jpg 100w\" sizes=\"(max-width: 300px) 100vw, 300px\" \/><\/a>\n\t\t\t<\/dt><\/dl><dl class='gallery-item'>\n\t\t\t<dt class='gallery-icon landscape'>\n\t\t\t\t<a href='https:\/\/franciscanos.org.br\/noticias\/wp-content\/uploads\/2026\/04\/IMG_7217-scaled.jpg'><img width=\"300\" height=\"300\" src=\"https:\/\/franciscanos.org.br\/noticias\/wp-content\/uploads\/2026\/04\/IMG_7217-300x300.jpg\" class=\"attachment-thumbnail size-thumbnail\" alt=\"\" loading=\"lazy\" srcset=\"https:\/\/franciscanos.org.br\/noticias\/wp-content\/uploads\/2026\/04\/IMG_7217-300x300.jpg 300w, https:\/\/franciscanos.org.br\/noticias\/wp-content\/uploads\/2026\/04\/IMG_7217-100x100.jpg 100w\" sizes=\"(max-width: 300px) 100vw, 300px\" \/><\/a>\n\t\t\t<\/dt><\/dl><dl class='gallery-item'>\n\t\t\t<dt class='gallery-icon portrait'>\n\t\t\t\t<a href='https:\/\/franciscanos.org.br\/noticias\/wp-content\/uploads\/2026\/04\/IMG_1880.JPG-scaled.jpeg'><img width=\"300\" height=\"300\" src=\"https:\/\/franciscanos.org.br\/noticias\/wp-content\/uploads\/2026\/04\/IMG_1880.JPG-300x300.jpeg\" class=\"attachment-thumbnail size-thumbnail\" alt=\"\" loading=\"lazy\" srcset=\"https:\/\/franciscanos.org.br\/noticias\/wp-content\/uploads\/2026\/04\/IMG_1880.JPG-300x300.jpeg 300w, https:\/\/franciscanos.org.br\/noticias\/wp-content\/uploads\/2026\/04\/IMG_1880.JPG-100x100.jpeg 100w\" sizes=\"(max-width: 300px) 100vw, 300px\" \/><\/a>\n\t\t\t<\/dt><\/dl><dl class='gallery-item'>\n\t\t\t<dt class='gallery-icon portrait'>\n\t\t\t\t<a href='https:\/\/franciscanos.org.br\/noticias\/wp-content\/uploads\/2026\/04\/IMG_1785-scaled.jpg'><img width=\"300\" height=\"300\" src=\"https:\/\/franciscanos.org.br\/noticias\/wp-content\/uploads\/2026\/04\/IMG_1785-300x300.jpg\" class=\"attachment-thumbnail size-thumbnail\" alt=\"\" loading=\"lazy\" srcset=\"https:\/\/franciscanos.org.br\/noticias\/wp-content\/uploads\/2026\/04\/IMG_1785-300x300.jpg 300w, https:\/\/franciscanos.org.br\/noticias\/wp-content\/uploads\/2026\/04\/IMG_1785-100x100.jpg 100w\" sizes=\"(max-width: 300px) 100vw, 300px\" \/><\/a>\n\t\t\t<\/dt><\/dl><br style=\"clear: both\" \/><dl class='gallery-item'>\n\t\t\t<dt class='gallery-icon landscape'>\n\t\t\t\t<a href='https:\/\/franciscanos.org.br\/noticias\/wp-content\/uploads\/2026\/04\/IMG_7213-scaled.jpg'><img width=\"300\" height=\"300\" src=\"https:\/\/franciscanos.org.br\/noticias\/wp-content\/uploads\/2026\/04\/IMG_7213-300x300.jpg\" class=\"attachment-thumbnail size-thumbnail\" alt=\"\" loading=\"lazy\" srcset=\"https:\/\/franciscanos.org.br\/noticias\/wp-content\/uploads\/2026\/04\/IMG_7213-300x300.jpg 300w, https:\/\/franciscanos.org.br\/noticias\/wp-content\/uploads\/2026\/04\/IMG_7213-100x100.jpg 100w\" sizes=\"(max-width: 300px) 100vw, 300px\" \/><\/a>\n\t\t\t<\/dt><\/dl><dl class='gallery-item'>\n\t\t\t<dt class='gallery-icon portrait'>\n\t\t\t\t<a href='https:\/\/franciscanos.org.br\/noticias\/wp-content\/uploads\/2026\/04\/IMG_1604-scaled.jpg'><img width=\"300\" height=\"300\" src=\"https:\/\/franciscanos.org.br\/noticias\/wp-content\/uploads\/2026\/04\/IMG_1604-300x300.jpg\" class=\"attachment-thumbnail size-thumbnail\" alt=\"\" loading=\"lazy\" srcset=\"https:\/\/franciscanos.org.br\/noticias\/wp-content\/uploads\/2026\/04\/IMG_1604-300x300.jpg 300w, https:\/\/franciscanos.org.br\/noticias\/wp-content\/uploads\/2026\/04\/IMG_1604-100x100.jpg 100w\" sizes=\"(max-width: 300px) 100vw, 300px\" \/><\/a>\n\t\t\t<\/dt><\/dl><dl class='gallery-item'>\n\t\t\t<dt class='gallery-icon landscape'>\n\t\t\t\t<a href='https:\/\/franciscanos.org.br\/noticias\/wp-content\/uploads\/2026\/04\/IMG_7197-scaled.jpg'><img width=\"300\" height=\"300\" src=\"https:\/\/franciscanos.org.br\/noticias\/wp-content\/uploads\/2026\/04\/IMG_7197-300x300.jpg\" class=\"attachment-thumbnail size-thumbnail\" alt=\"\" loading=\"lazy\" srcset=\"https:\/\/franciscanos.org.br\/noticias\/wp-content\/uploads\/2026\/04\/IMG_7197-300x300.jpg 300w, https:\/\/franciscanos.org.br\/noticias\/wp-content\/uploads\/2026\/04\/IMG_7197-100x100.jpg 100w\" sizes=\"(max-width: 300px) 100vw, 300px\" \/><\/a>\n\t\t\t<\/dt><\/dl><dl class='gallery-item'>\n\t\t\t<dt class='gallery-icon landscape'>\n\t\t\t\t<a href='https:\/\/franciscanos.org.br\/noticias\/wp-content\/uploads\/2026\/04\/IMG_7198-scaled.jpg'><img width=\"300\" height=\"300\" src=\"https:\/\/franciscanos.org.br\/noticias\/wp-content\/uploads\/2026\/04\/IMG_7198-300x300.jpg\" class=\"attachment-thumbnail size-thumbnail\" alt=\"\" loading=\"lazy\" srcset=\"https:\/\/franciscanos.org.br\/noticias\/wp-content\/uploads\/2026\/04\/IMG_7198-300x300.jpg 300w, https:\/\/franciscanos.org.br\/noticias\/wp-content\/uploads\/2026\/04\/IMG_7198-100x100.jpg 100w\" sizes=\"(max-width: 300px) 100vw, 300px\" \/><\/a>\n\t\t\t<\/dt><\/dl><br style=\"clear: both\" \/>\n\t\t<\/div>\n\n<p><span style=\"font-weight: 400;\">Na primeira reflex\u00e3o, o pres\u00e9pio foi apresentado como express\u00e3o do mist\u00e9rio da Encarna\u00e7\u00e3o, revelando o Deus que escolhe a simplicidade para se fazer pr\u00f3ximo da humanidade. A partir da experi\u00eancia de S\u00e3o Francisco, os jovens foram convidados a contemplar o amor de Deus que se faz pequeno, assume a fragilidade humana e escolhe nascer entre os humildes. A medita\u00e7\u00e3o destacou ainda o sentido do pres\u00e9pio vivo, gesto franciscano que torna mais concreta a presen\u00e7a do Deus que vem ao encontro do seu povo.<\/span><\/p>\n<p><span style=\"font-weight: 400;\">O segundo momento foi dedicado \u00e0 Eucaristia, compreendida como sinal permanente da presen\u00e7a de Cristo na hist\u00f3ria. Frei Vit\u00f3rio levou os jovens a refletirem sobre o Deus que permanece com seus filhos no sacramento do altar, fazendo-se alimento no p\u00e3o e no vinho, dons simples que sustentam a caminhada da f\u00e9. A partilha destacou que a Eucaristia expressa a entrega total de Jesus e sua vontade de permanecer pr\u00f3ximo da humanidade, reunindo os que o seguem \u00e0 mesa do amor e da comunh\u00e3o.<\/span><\/p>\n<p><span style=\"font-weight: 400;\">J\u00e1 a reflex\u00e3o sobre a cruz mostrou que aquilo que antes era s\u00edmbolo de dor e sofrimento se transforma, em Cristo, em fonte de vida nova. A cruz foi apresentada em suas duas dimens\u00f5es: vertical, que aponta para a uni\u00e3o com Deus, e horizontal, que remete \u00e0 fraternidade e ao encontro com os irm\u00e3os. A partir da Cruz de S\u00e3o Dami\u00e3o, os participantes meditaram sobre o Cristo ressuscitado que vence a dor com amor, deixando marcas que revelam a profundidade de sua entrega. A reflex\u00e3o tamb\u00e9m recordou que, mesmo em meio ao sofrimento, Jesus permanece fiel ao amor e oferece \u00e0 humanidade sinais de miseric\u00f3rdia e esperan\u00e7a.<\/span><\/p>\n\n\t\t<style type=\"text\/css\">\n\t\t\t#gallery-2 {\n\t\t\t\tmargin: auto;\n\t\t\t}\n\t\t\t#gallery-2 .gallery-item {\n\t\t\t\tfloat: left;\n\t\t\t\tmargin-top: 10px;\n\t\t\t\ttext-align: center;\n\t\t\t\twidth: 20%;\n\t\t\t}\n\t\t\t#gallery-2 img {\n\t\t\t\tborder: 2px solid #cfcfcf;\n\t\t\t}\n\t\t\t#gallery-2 .gallery-caption {\n\t\t\t\tmargin-left: 0;\n\t\t\t}\n\t\t\t\/* see gallery_shortcode() in wp-includes\/media.php *\/\n\t\t<\/style>\n\t\t<div id='gallery-2' class='gallery galleryid-266578 gallery-columns-5 gallery-size-thumbnail'><dl class='gallery-item'>\n\t\t\t<dt class='gallery-icon landscape'>\n\t\t\t\t<a href='https:\/\/franciscanos.org.br\/noticias\/wp-content\/uploads\/2026\/04\/IMG_7209-scaled.jpg'><img width=\"300\" height=\"300\" src=\"https:\/\/franciscanos.org.br\/noticias\/wp-content\/uploads\/2026\/04\/IMG_7209-300x300.jpg\" class=\"attachment-thumbnail size-thumbnail\" alt=\"\" loading=\"lazy\" srcset=\"https:\/\/franciscanos.org.br\/noticias\/wp-content\/uploads\/2026\/04\/IMG_7209-300x300.jpg 300w, https:\/\/franciscanos.org.br\/noticias\/wp-content\/uploads\/2026\/04\/IMG_7209-100x100.jpg 100w\" sizes=\"(max-width: 300px) 100vw, 300px\" \/><\/a>\n\t\t\t<\/dt><\/dl><dl class='gallery-item'>\n\t\t\t<dt class='gallery-icon landscape'>\n\t\t\t\t<a href='https:\/\/franciscanos.org.br\/noticias\/wp-content\/uploads\/2026\/04\/IMG_7210-scaled.jpg'><img width=\"300\" height=\"300\" src=\"https:\/\/franciscanos.org.br\/noticias\/wp-content\/uploads\/2026\/04\/IMG_7210-300x300.jpg\" class=\"attachment-thumbnail size-thumbnail\" alt=\"\" loading=\"lazy\" srcset=\"https:\/\/franciscanos.org.br\/noticias\/wp-content\/uploads\/2026\/04\/IMG_7210-300x300.jpg 300w, https:\/\/franciscanos.org.br\/noticias\/wp-content\/uploads\/2026\/04\/IMG_7210-100x100.jpg 100w\" sizes=\"(max-width: 300px) 100vw, 300px\" \/><\/a>\n\t\t\t<\/dt><\/dl><dl class='gallery-item'>\n\t\t\t<dt class='gallery-icon landscape'>\n\t\t\t\t<a href='https:\/\/franciscanos.org.br\/noticias\/wp-content\/uploads\/2026\/04\/IMG_7212-scaled.jpg'><img width=\"300\" height=\"300\" src=\"https:\/\/franciscanos.org.br\/noticias\/wp-content\/uploads\/2026\/04\/IMG_7212-300x300.jpg\" class=\"attachment-thumbnail size-thumbnail\" alt=\"\" loading=\"lazy\" srcset=\"https:\/\/franciscanos.org.br\/noticias\/wp-content\/uploads\/2026\/04\/IMG_7212-300x300.jpg 300w, https:\/\/franciscanos.org.br\/noticias\/wp-content\/uploads\/2026\/04\/IMG_7212-100x100.jpg 100w\" sizes=\"(max-width: 300px) 100vw, 300px\" \/><\/a>\n\t\t\t<\/dt><\/dl><dl class='gallery-item'>\n\t\t\t<dt class='gallery-icon landscape'>\n\t\t\t\t<a href='https:\/\/franciscanos.org.br\/noticias\/wp-content\/uploads\/2026\/04\/IMG_7214-scaled.jpg'><img width=\"300\" height=\"300\" src=\"https:\/\/franciscanos.org.br\/noticias\/wp-content\/uploads\/2026\/04\/IMG_7214-300x300.jpg\" class=\"attachment-thumbnail size-thumbnail\" alt=\"\" loading=\"lazy\" srcset=\"https:\/\/franciscanos.org.br\/noticias\/wp-content\/uploads\/2026\/04\/IMG_7214-300x300.jpg 300w, https:\/\/franciscanos.org.br\/noticias\/wp-content\/uploads\/2026\/04\/IMG_7214-100x100.jpg 100w\" sizes=\"(max-width: 300px) 100vw, 300px\" \/><\/a>\n\t\t\t<\/dt><\/dl><dl class='gallery-item'>\n\t\t\t<dt class='gallery-icon landscape'>\n\t\t\t\t<a href='https:\/\/franciscanos.org.br\/noticias\/wp-content\/uploads\/2026\/04\/IMG_7219-scaled.jpg'><img width=\"300\" height=\"300\" src=\"https:\/\/franciscanos.org.br\/noticias\/wp-content\/uploads\/2026\/04\/IMG_7219-300x300.jpg\" class=\"attachment-thumbnail size-thumbnail\" alt=\"\" loading=\"lazy\" srcset=\"https:\/\/franciscanos.org.br\/noticias\/wp-content\/uploads\/2026\/04\/IMG_7219-300x300.jpg 300w, https:\/\/franciscanos.org.br\/noticias\/wp-content\/uploads\/2026\/04\/IMG_7219-100x100.jpg 100w\" sizes=\"(max-width: 300px) 100vw, 300px\" \/><\/a>\n\t\t\t<\/dt><\/dl><br style=\"clear: both\" \/><dl class='gallery-item'>\n\t\t\t<dt class='gallery-icon landscape'>\n\t\t\t\t<a href='https:\/\/franciscanos.org.br\/noticias\/wp-content\/uploads\/2026\/04\/IMG_7222-scaled.jpg'><img width=\"300\" height=\"300\" src=\"https:\/\/franciscanos.org.br\/noticias\/wp-content\/uploads\/2026\/04\/IMG_7222-300x300.jpg\" class=\"attachment-thumbnail size-thumbnail\" alt=\"\" loading=\"lazy\" srcset=\"https:\/\/franciscanos.org.br\/noticias\/wp-content\/uploads\/2026\/04\/IMG_7222-300x300.jpg 300w, https:\/\/franciscanos.org.br\/noticias\/wp-content\/uploads\/2026\/04\/IMG_7222-100x100.jpg 100w\" sizes=\"(max-width: 300px) 100vw, 300px\" \/><\/a>\n\t\t\t<\/dt><\/dl><dl class='gallery-item'>\n\t\t\t<dt class='gallery-icon landscape'>\n\t\t\t\t<a href='https:\/\/franciscanos.org.br\/noticias\/wp-content\/uploads\/2026\/04\/IMG_7226-scaled.jpg'><img width=\"300\" height=\"300\" src=\"https:\/\/franciscanos.org.br\/noticias\/wp-content\/uploads\/2026\/04\/IMG_7226-300x300.jpg\" class=\"attachment-thumbnail size-thumbnail\" alt=\"\" loading=\"lazy\" srcset=\"https:\/\/franciscanos.org.br\/noticias\/wp-content\/uploads\/2026\/04\/IMG_7226-300x300.jpg 300w, https:\/\/franciscanos.org.br\/noticias\/wp-content\/uploads\/2026\/04\/IMG_7226-100x100.jpg 100w\" sizes=\"(max-width: 300px) 100vw, 300px\" \/><\/a>\n\t\t\t<\/dt><\/dl><dl class='gallery-item'>\n\t\t\t<dt class='gallery-icon landscape'>\n\t\t\t\t<a href='https:\/\/franciscanos.org.br\/noticias\/wp-content\/uploads\/2026\/04\/IMG_7189-scaled.jpg'><img width=\"300\" height=\"300\" src=\"https:\/\/franciscanos.org.br\/noticias\/wp-content\/uploads\/2026\/04\/IMG_7189-300x300.jpg\" class=\"attachment-thumbnail size-thumbnail\" alt=\"\" loading=\"lazy\" srcset=\"https:\/\/franciscanos.org.br\/noticias\/wp-content\/uploads\/2026\/04\/IMG_7189-300x300.jpg 300w, https:\/\/franciscanos.org.br\/noticias\/wp-content\/uploads\/2026\/04\/IMG_7189-100x100.jpg 100w\" sizes=\"(max-width: 300px) 100vw, 300px\" \/><\/a>\n\t\t\t<\/dt><\/dl><dl class='gallery-item'>\n\t\t\t<dt class='gallery-icon landscape'>\n\t\t\t\t<a href='https:\/\/franciscanos.org.br\/noticias\/wp-content\/uploads\/2026\/04\/IMG_7190-scaled.jpg'><img width=\"300\" height=\"300\" src=\"https:\/\/franciscanos.org.br\/noticias\/wp-content\/uploads\/2026\/04\/IMG_7190-300x300.jpg\" class=\"attachment-thumbnail size-thumbnail\" alt=\"\" loading=\"lazy\" srcset=\"https:\/\/franciscanos.org.br\/noticias\/wp-content\/uploads\/2026\/04\/IMG_7190-300x300.jpg 300w, https:\/\/franciscanos.org.br\/noticias\/wp-content\/uploads\/2026\/04\/IMG_7190-100x100.jpg 100w\" sizes=\"(max-width: 300px) 100vw, 300px\" \/><\/a>\n\t\t\t<\/dt><\/dl><dl class='gallery-item'>\n\t\t\t<dt class='gallery-icon landscape'>\n\t\t\t\t<a href='https:\/\/franciscanos.org.br\/noticias\/wp-content\/uploads\/2026\/04\/IMG_7218-scaled.jpg'><img width=\"300\" height=\"300\" src=\"https:\/\/franciscanos.org.br\/noticias\/wp-content\/uploads\/2026\/04\/IMG_7218-300x300.jpg\" class=\"attachment-thumbnail size-thumbnail\" alt=\"\" loading=\"lazy\" srcset=\"https:\/\/franciscanos.org.br\/noticias\/wp-content\/uploads\/2026\/04\/IMG_7218-300x300.jpg 300w, https:\/\/franciscanos.org.br\/noticias\/wp-content\/uploads\/2026\/04\/IMG_7218-100x100.jpg 100w\" sizes=\"(max-width: 300px) 100vw, 300px\" \/><\/a>\n\t\t\t<\/dt><\/dl><br style=\"clear: both\" \/>\n\t\t<\/div>\n\n<p><span style=\"font-weight: 400;\">Al\u00e9m dos momentos formativos, o s\u00e1bado foi marcado por m\u00fasica, conviv\u00eancia e conversas fraternas entre os participantes, fortalecendo os la\u00e7os de amizade e a experi\u00eancia comunit\u00e1ria proposta pelo encontro. Em comunh\u00e3o com o grupo, participaram tamb\u00e9m oito religiosas da Congrega\u00e7\u00e3o das Irm\u00e3s Mission\u00e1rias Franciscanas do Imaculado Cora\u00e7\u00e3o de Maria, cuja presen\u00e7a foi destacada como bonita, fraterna e inspiradora para a juventude.<\/span><\/p>\n<p><span style=\"font-weight: 400;\">No domingo (26), os jovens participaram da Santa Missa \u00e0s 10h, no Santu\u00e1rio de Frei Galv\u00e3o, presidida por Frei Vit\u00f3rio. A celebra\u00e7\u00e3o reuniu a comunidade e contou com a colabora\u00e7\u00e3o dos jovens na Liturgia da Palavra, nas preces e no ofert\u00f3rio. A Eucaristia foi vivida como s\u00edntese de tudo o que havia sido refletido no dia anterior, tornando vis\u00edvel a espiritualidade partilhada ao longo do encontro.<\/span><\/p>\n\n\t\t<style type=\"text\/css\">\n\t\t\t#gallery-3 {\n\t\t\t\tmargin: auto;\n\t\t\t}\n\t\t\t#gallery-3 .gallery-item {\n\t\t\t\tfloat: left;\n\t\t\t\tmargin-top: 10px;\n\t\t\t\ttext-align: center;\n\t\t\t\twidth: 20%;\n\t\t\t}\n\t\t\t#gallery-3 img {\n\t\t\t\tborder: 2px solid #cfcfcf;\n\t\t\t}\n\t\t\t#gallery-3 .gallery-caption {\n\t\t\t\tmargin-left: 0;\n\t\t\t}\n\t\t\t\/* see gallery_shortcode() in wp-includes\/media.php *\/\n\t\t<\/style>\n\t\t<div id='gallery-3' class='gallery galleryid-266578 gallery-columns-5 gallery-size-thumbnail'><dl class='gallery-item'>\n\t\t\t<dt class='gallery-icon portrait'>\n\t\t\t\t<a href='https:\/\/franciscanos.org.br\/noticias\/wp-content\/uploads\/2026\/04\/IMG_1813-scaled.jpg'><img width=\"300\" height=\"300\" src=\"https:\/\/franciscanos.org.br\/noticias\/wp-content\/uploads\/2026\/04\/IMG_1813-300x300.jpg\" class=\"attachment-thumbnail size-thumbnail\" alt=\"\" loading=\"lazy\" srcset=\"https:\/\/franciscanos.org.br\/noticias\/wp-content\/uploads\/2026\/04\/IMG_1813-300x300.jpg 300w, https:\/\/franciscanos.org.br\/noticias\/wp-content\/uploads\/2026\/04\/IMG_1813-100x100.jpg 100w\" sizes=\"(max-width: 300px) 100vw, 300px\" \/><\/a>\n\t\t\t<\/dt><\/dl><dl class='gallery-item'>\n\t\t\t<dt class='gallery-icon portrait'>\n\t\t\t\t<a href='https:\/\/franciscanos.org.br\/noticias\/wp-content\/uploads\/2026\/04\/IMG_1832-scaled.jpg'><img width=\"300\" height=\"300\" src=\"https:\/\/franciscanos.org.br\/noticias\/wp-content\/uploads\/2026\/04\/IMG_1832-300x300.jpg\" class=\"attachment-thumbnail size-thumbnail\" alt=\"\" loading=\"lazy\" srcset=\"https:\/\/franciscanos.org.br\/noticias\/wp-content\/uploads\/2026\/04\/IMG_1832-300x300.jpg 300w, https:\/\/franciscanos.org.br\/noticias\/wp-content\/uploads\/2026\/04\/IMG_1832-100x100.jpg 100w\" sizes=\"(max-width: 300px) 100vw, 300px\" \/><\/a>\n\t\t\t<\/dt><\/dl><dl class='gallery-item'>\n\t\t\t<dt class='gallery-icon landscape'>\n\t\t\t\t<a href='https:\/\/franciscanos.org.br\/noticias\/wp-content\/uploads\/2026\/04\/IMG_7193-scaled.jpg'><img width=\"300\" height=\"300\" src=\"https:\/\/franciscanos.org.br\/noticias\/wp-content\/uploads\/2026\/04\/IMG_7193-300x300.jpg\" class=\"attachment-thumbnail size-thumbnail\" alt=\"\" loading=\"lazy\" srcset=\"https:\/\/franciscanos.org.br\/noticias\/wp-content\/uploads\/2026\/04\/IMG_7193-300x300.jpg 300w, https:\/\/franciscanos.org.br\/noticias\/wp-content\/uploads\/2026\/04\/IMG_7193-100x100.jpg 100w\" sizes=\"(max-width: 300px) 100vw, 300px\" \/><\/a>\n\t\t\t<\/dt><\/dl><dl class='gallery-item'>\n\t\t\t<dt class='gallery-icon landscape'>\n\t\t\t\t<a href='https:\/\/franciscanos.org.br\/noticias\/wp-content\/uploads\/2026\/04\/IMG_7195-scaled.jpg'><img width=\"300\" height=\"300\" src=\"https:\/\/franciscanos.org.br\/noticias\/wp-content\/uploads\/2026\/04\/IMG_7195-300x300.jpg\" class=\"attachment-thumbnail size-thumbnail\" alt=\"\" loading=\"lazy\" srcset=\"https:\/\/franciscanos.org.br\/noticias\/wp-content\/uploads\/2026\/04\/IMG_7195-300x300.jpg 300w, https:\/\/franciscanos.org.br\/noticias\/wp-content\/uploads\/2026\/04\/IMG_7195-100x100.jpg 100w\" sizes=\"(max-width: 300px) 100vw, 300px\" \/><\/a>\n\t\t\t<\/dt><\/dl><dl class='gallery-item'>\n\t\t\t<dt class='gallery-icon landscape'>\n\t\t\t\t<a href='https:\/\/franciscanos.org.br\/noticias\/wp-content\/uploads\/2026\/04\/IMG_7204-scaled.jpg'><img width=\"300\" height=\"300\" src=\"https:\/\/franciscanos.org.br\/noticias\/wp-content\/uploads\/2026\/04\/IMG_7204-300x300.jpg\" class=\"attachment-thumbnail size-thumbnail\" alt=\"\" loading=\"lazy\" srcset=\"https:\/\/franciscanos.org.br\/noticias\/wp-content\/uploads\/2026\/04\/IMG_7204-300x300.jpg 300w, https:\/\/franciscanos.org.br\/noticias\/wp-content\/uploads\/2026\/04\/IMG_7204-100x100.jpg 100w\" sizes=\"(max-width: 300px) 100vw, 300px\" \/><\/a>\n\t\t\t<\/dt><\/dl><br style=\"clear: both\" \/><dl class='gallery-item'>\n\t\t\t<dt class='gallery-icon landscape'>\n\t\t\t\t<a href='https:\/\/franciscanos.org.br\/noticias\/wp-content\/uploads\/2026\/04\/IMG_7207-scaled.jpg'><img width=\"300\" height=\"300\" src=\"https:\/\/franciscanos.org.br\/noticias\/wp-content\/uploads\/2026\/04\/IMG_7207-300x300.jpg\" class=\"attachment-thumbnail size-thumbnail\" alt=\"\" loading=\"lazy\" srcset=\"https:\/\/franciscanos.org.br\/noticias\/wp-content\/uploads\/2026\/04\/IMG_7207-300x300.jpg 300w, https:\/\/franciscanos.org.br\/noticias\/wp-content\/uploads\/2026\/04\/IMG_7207-100x100.jpg 100w\" sizes=\"(max-width: 300px) 100vw, 300px\" \/><\/a>\n\t\t\t<\/dt><\/dl><dl class='gallery-item'>\n\t\t\t<dt class='gallery-icon landscape'>\n\t\t\t\t<a href='https:\/\/franciscanos.org.br\/noticias\/wp-content\/uploads\/2026\/04\/IMG_7224-scaled.jpg'><img width=\"300\" height=\"300\" src=\"https:\/\/franciscanos.org.br\/noticias\/wp-content\/uploads\/2026\/04\/IMG_7224-300x300.jpg\" class=\"attachment-thumbnail size-thumbnail\" alt=\"\" loading=\"lazy\" srcset=\"https:\/\/franciscanos.org.br\/noticias\/wp-content\/uploads\/2026\/04\/IMG_7224-300x300.jpg 300w, https:\/\/franciscanos.org.br\/noticias\/wp-content\/uploads\/2026\/04\/IMG_7224-100x100.jpg 100w\" sizes=\"(max-width: 300px) 100vw, 300px\" \/><\/a>\n\t\t\t<\/dt><\/dl><dl class='gallery-item'>\n\t\t\t<dt class='gallery-icon landscape'>\n\t\t\t\t<a href='https:\/\/franciscanos.org.br\/noticias\/wp-content\/uploads\/2026\/04\/IMG_7191-scaled.jpg'><img width=\"300\" height=\"300\" src=\"https:\/\/franciscanos.org.br\/noticias\/wp-content\/uploads\/2026\/04\/IMG_7191-300x300.jpg\" class=\"attachment-thumbnail size-thumbnail\" alt=\"\" loading=\"lazy\" srcset=\"https:\/\/franciscanos.org.br\/noticias\/wp-content\/uploads\/2026\/04\/IMG_7191-300x300.jpg 300w, https:\/\/franciscanos.org.br\/noticias\/wp-content\/uploads\/2026\/04\/IMG_7191-100x100.jpg 100w\" sizes=\"(max-width: 300px) 100vw, 300px\" \/><\/a>\n\t\t\t<\/dt><\/dl><dl class='gallery-item'>\n\t\t\t<dt class='gallery-icon landscape'>\n\t\t\t\t<a href='https:\/\/franciscanos.org.br\/noticias\/wp-content\/uploads\/2026\/04\/IMG_7202-scaled.jpg'><img width=\"300\" height=\"300\" src=\"https:\/\/franciscanos.org.br\/noticias\/wp-content\/uploads\/2026\/04\/IMG_7202-300x300.jpg\" class=\"attachment-thumbnail size-thumbnail\" alt=\"\" loading=\"lazy\" srcset=\"https:\/\/franciscanos.org.br\/noticias\/wp-content\/uploads\/2026\/04\/IMG_7202-300x300.jpg 300w, https:\/\/franciscanos.org.br\/noticias\/wp-content\/uploads\/2026\/04\/IMG_7202-100x100.jpg 100w\" sizes=\"(max-width: 300px) 100vw, 300px\" \/><\/a>\n\t\t\t<\/dt><\/dl><dl class='gallery-item'>\n\t\t\t<dt class='gallery-icon landscape'>\n\t\t\t\t<a href='https:\/\/franciscanos.org.br\/noticias\/wp-content\/uploads\/2026\/04\/IMG_7205-scaled.jpg'><img width=\"300\" height=\"300\" src=\"https:\/\/franciscanos.org.br\/noticias\/wp-content\/uploads\/2026\/04\/IMG_7205-300x300.jpg\" class=\"attachment-thumbnail size-thumbnail\" alt=\"\" loading=\"lazy\" srcset=\"https:\/\/franciscanos.org.br\/noticias\/wp-content\/uploads\/2026\/04\/IMG_7205-300x300.jpg 300w, https:\/\/franciscanos.org.br\/noticias\/wp-content\/uploads\/2026\/04\/IMG_7205-100x100.jpg 100w\" sizes=\"(max-width: 300px) 100vw, 300px\" \/><\/a>\n\t\t\t<\/dt><\/dl><br style=\"clear: both\" \/>\n\t\t<\/div>\n\n<p><span style=\"font-weight: 400;\">Ap\u00f3s a missa, os participantes se despediram de suas fam\u00edlias acolhedoras e retornaram ao Semin\u00e1rio Frei Galv\u00e3o para o almo\u00e7o de encerramento. Em seguida, houve novos momentos de m\u00fasica, jogos e partilha das experi\u00eancias vividas durante o Alverne, encerrando o encontro em clima de alegria, fraternidade e gratid\u00e3o. Ao final, cada jovem retornou para sua cidade levando consigo a viv\u00eancia de dias intensos de espiritualidade franciscana, estudo, conviv\u00eancia e ora\u00e7\u00e3o, al\u00e9m do convite a continuar testemunhando no cotidiano a simplicidade, a entrega e o amor de Cristo.\u00a0<\/span><\/p>\n<p><b>IDENTIDADE VISUAL<\/b><\/p>\n<p><img loading=\"lazy\" class=\"size-medium wp-image-266579 aligncenter\" src=\"https:\/\/franciscanos.org.br\/noticias\/wp-content\/uploads\/2026\/04\/Identidade-Visual-450x300.jpg\" alt=\"\" width=\"450\" height=\"300\" srcset=\"https:\/\/franciscanos.org.br\/noticias\/wp-content\/uploads\/2026\/04\/Identidade-Visual-450x300.jpg 450w, https:\/\/franciscanos.org.br\/noticias\/wp-content\/uploads\/2026\/04\/Identidade-Visual-1024x682.jpg 1024w, https:\/\/franciscanos.org.br\/noticias\/wp-content\/uploads\/2026\/04\/Identidade-Visual-768x512.jpg 768w, https:\/\/franciscanos.org.br\/noticias\/wp-content\/uploads\/2026\/04\/Identidade-Visual-1536x1023.jpg 1536w, https:\/\/franciscanos.org.br\/noticias\/wp-content\/uploads\/2026\/04\/Identidade-Visual-150x100.jpg 150w, https:\/\/franciscanos.org.br\/noticias\/wp-content\/uploads\/2026\/04\/Identidade-Visual.jpg 1600w\" sizes=\"(max-width: 450px) 100vw, 450px\" \/><\/p>\n<p><b><\/b><span style=\"font-weight: 400;\">A identidade visual do Alverne 2026 traduz, de forma simples e simb\u00f3lica, o \u201cTrip\u00e9 Franciscano\u201d refletido ao longo do encontro. Na parte frontal da camiseta, o nome do evento aparece acompanhado dos tr\u00eas elementos centrais &#8211; o pres\u00e9pio, a Eucaristia e a cruz -, representando o mist\u00e9rio da Encarna\u00e7\u00e3o, a presen\u00e7a de Cristo no altar e a express\u00e3o m\u00e1xima do amor na entrega da cruz. A proposta visual, marcada pela simplicidade, remete diretamente \u00e0 espiritualidade de S\u00e3o Francisco.<\/span><\/p>\n<p><span style=\"font-weight: 400;\">Nas costas, a composi\u00e7\u00e3o \u00e9 marcada pela presen\u00e7a da logo comemorativa dos 350 anos da Prov\u00edncia Franciscana da Imaculada Concei\u00e7\u00e3o do Brasil, recordando o tempo especial que se vive neste per\u00edodo jubilar. Ao seu redor, aparecem tamb\u00e9m as logos do apoio institucional, dispostas de forma harm\u00f4nica, expressando a comunh\u00e3o e a colabora\u00e7\u00e3o que sustentam a realiza\u00e7\u00e3o do encontro e fortalecem a miss\u00e3o evangelizadora junto \u00e0 juventude.<\/span><\/p>\n<p><b>APOIO INSTITUCIONAL<\/b><\/p>\n<p><span style=\"font-weight: 400;\">A realiza\u00e7\u00e3o do Alverne 2026 conta com o apoio das obras franciscanas que colaboram diretamente com o custeio do encontro: a Funda\u00e7\u00e3o Frei Rog\u00e9rio, de Curitibanos (SC), e a Funda\u00e7\u00e3o Cultural Celinauta, de Pato Branco (PR). Por meio desse apoio, torna-se poss\u00edvel concretizar mais uma edi\u00e7\u00e3o do evento, fortalecendo a miss\u00e3o de evangeliza\u00e7\u00e3o e forma\u00e7\u00e3o da juventude franciscana. Soma-se a esse compromisso a presen\u00e7a constante da Universidade S\u00e3o Francisco, que, desde o in\u00edcio, se mant\u00e9m como importante parceira do Alverne, especialmente atrav\u00e9s do apoio de Frei Vit\u00f3rio.<\/span><\/p>\n<p><span style=\"font-weight: 400;\">O pr\u00f3ximo encontro do Alverne j\u00e1 tem data marcada: ser\u00e1 nos dias 22 e 23 de agosto, na cidade de Gaspar (SC). O Alverne \u00e9 um encontro voltado ao aprofundamento da espiritualidade franciscana com a juventude, proporcionando momentos significativos de forma\u00e7\u00e3o, ora\u00e7\u00e3o e conviv\u00eancia fraterna.<\/span><\/p>\n\n\t\t<style type=\"text\/css\">\n\t\t\t#gallery-4 {\n\t\t\t\tmargin: auto;\n\t\t\t}\n\t\t\t#gallery-4 .gallery-item {\n\t\t\t\tfloat: left;\n\t\t\t\tmargin-top: 10px;\n\t\t\t\ttext-align: center;\n\t\t\t\twidth: 20%;\n\t\t\t}\n\t\t\t#gallery-4 img {\n\t\t\t\tborder: 2px solid #cfcfcf;\n\t\t\t}\n\t\t\t#gallery-4 .gallery-caption {\n\t\t\t\tmargin-left: 0;\n\t\t\t}\n\t\t\t\/* see gallery_shortcode() in wp-includes\/media.php *\/\n\t\t<\/style>\n\t\t<div id='gallery-4' class='gallery galleryid-266578 gallery-columns-5 gallery-size-thumbnail'><dl class='gallery-item'>\n\t\t\t<dt class='gallery-icon portrait'>\n\t\t\t\t<a href='https:\/\/franciscanos.org.br\/noticias\/wp-content\/uploads\/2026\/04\/IMG_1595-scaled.jpg'><img width=\"300\" height=\"300\" src=\"https:\/\/franciscanos.org.br\/noticias\/wp-content\/uploads\/2026\/04\/IMG_1595-300x300.jpg\" class=\"attachment-thumbnail size-thumbnail\" alt=\"\" loading=\"lazy\" srcset=\"https:\/\/franciscanos.org.br\/noticias\/wp-content\/uploads\/2026\/04\/IMG_1595-300x300.jpg 300w, https:\/\/franciscanos.org.br\/noticias\/wp-content\/uploads\/2026\/04\/IMG_1595-100x100.jpg 100w\" sizes=\"(max-width: 300px) 100vw, 300px\" \/><\/a>\n\t\t\t<\/dt><\/dl><dl class='gallery-item'>\n\t\t\t<dt class='gallery-icon landscape'>\n\t\t\t\t<a href='https:\/\/franciscanos.org.br\/noticias\/wp-content\/uploads\/2026\/04\/IMG_7203-scaled.jpg'><img width=\"300\" height=\"300\" src=\"https:\/\/franciscanos.org.br\/noticias\/wp-content\/uploads\/2026\/04\/IMG_7203-300x300.jpg\" class=\"attachment-thumbnail size-thumbnail\" alt=\"\" loading=\"lazy\" srcset=\"https:\/\/franciscanos.org.br\/noticias\/wp-content\/uploads\/2026\/04\/IMG_7203-300x300.jpg 300w, https:\/\/franciscanos.org.br\/noticias\/wp-content\/uploads\/2026\/04\/IMG_7203-100x100.jpg 100w\" sizes=\"(max-width: 300px) 100vw, 300px\" \/><\/a>\n\t\t\t<\/dt><\/dl><dl class='gallery-item'>\n\t\t\t<dt class='gallery-icon landscape'>\n\t\t\t\t<a href='https:\/\/franciscanos.org.br\/noticias\/wp-content\/uploads\/2026\/04\/IMG_7199-scaled.jpg'><img width=\"300\" height=\"300\" src=\"https:\/\/franciscanos.org.br\/noticias\/wp-content\/uploads\/2026\/04\/IMG_7199-300x300.jpg\" class=\"attachment-thumbnail size-thumbnail\" alt=\"\" loading=\"lazy\" srcset=\"https:\/\/franciscanos.org.br\/noticias\/wp-content\/uploads\/2026\/04\/IMG_7199-300x300.jpg 300w, https:\/\/franciscanos.org.br\/noticias\/wp-content\/uploads\/2026\/04\/IMG_7199-100x100.jpg 100w\" sizes=\"(max-width: 300px) 100vw, 300px\" \/><\/a>\n\t\t\t<\/dt><\/dl><dl class='gallery-item'>\n\t\t\t<dt class='gallery-icon landscape'>\n\t\t\t\t<a href='https:\/\/franciscanos.org.br\/noticias\/wp-content\/uploads\/2026\/04\/IMG_7192-scaled.jpg'><img width=\"300\" height=\"300\" src=\"https:\/\/franciscanos.org.br\/noticias\/wp-content\/uploads\/2026\/04\/IMG_7192-300x300.jpg\" class=\"attachment-thumbnail size-thumbnail\" alt=\"\" loading=\"lazy\" srcset=\"https:\/\/franciscanos.org.br\/noticias\/wp-content\/uploads\/2026\/04\/IMG_7192-300x300.jpg 300w, https:\/\/franciscanos.org.br\/noticias\/wp-content\/uploads\/2026\/04\/IMG_7192-100x100.jpg 100w\" sizes=\"(max-width: 300px) 100vw, 300px\" \/><\/a>\n\t\t\t<\/dt><\/dl><dl class='gallery-item'>\n\t\t\t<dt class='gallery-icon landscape'>\n\t\t\t\t<a href='https:\/\/franciscanos.org.br\/noticias\/wp-content\/uploads\/2026\/04\/IMG_7215-scaled.jpg'><img width=\"300\" height=\"300\" src=\"https:\/\/franciscanos.org.br\/noticias\/wp-content\/uploads\/2026\/04\/IMG_7215-300x300.jpg\" class=\"attachment-thumbnail size-thumbnail\" alt=\"\" loading=\"lazy\" srcset=\"https:\/\/franciscanos.org.br\/noticias\/wp-content\/uploads\/2026\/04\/IMG_7215-300x300.jpg 300w, https:\/\/franciscanos.org.br\/noticias\/wp-content\/uploads\/2026\/04\/IMG_7215-100x100.jpg 100w\" sizes=\"(max-width: 300px) 100vw, 300px\" \/><\/a>\n\t\t\t<\/dt><\/dl><br style=\"clear: both\" \/>\n\t\t<\/div>\n\n<p><img loading=\"lazy\" class=\"aligncenter wp-image-266627\" src=\"https:\/\/franciscanos.org.br\/noticias\/wp-content\/uploads\/2026\/04\/IMG_1817-450x338.jpg\" alt=\"\" width=\"667\" height=\"500\" srcset=\"https:\/\/franciscanos.org.br\/noticias\/wp-content\/uploads\/2026\/04\/IMG_1817-450x338.jpg 450w, https:\/\/franciscanos.org.br\/noticias\/wp-content\/uploads\/2026\/04\/IMG_1817-1024x768.jpg 1024w, https:\/\/franciscanos.org.br\/noticias\/wp-content\/uploads\/2026\/04\/IMG_1817-768x576.jpg 768w, https:\/\/franciscanos.org.br\/noticias\/wp-content\/uploads\/2026\/04\/IMG_1817-1536x1152.jpg 1536w, https:\/\/franciscanos.org.br\/noticias\/wp-content\/uploads\/2026\/04\/IMG_1817-2048x1536.jpg 2048w, https:\/\/franciscanos.org.br\/noticias\/wp-content\/uploads\/2026\/04\/IMG_1817-150x113.jpg 150w, https:\/\/franciscanos.org.br\/noticias\/wp-content\/uploads\/2026\/04\/IMG_1817-600x450.jpg 600w, https:\/\/franciscanos.org.br\/noticias\/wp-content\/uploads\/2026\/04\/IMG_1817-scaled.jpg 1440w\" sizes=\"(max-width: 667px) 100vw, 667px\" \/><\/p>\n<hr \/>\n<p><em>Frei Augusto Luiz Gabriel e equipe de Comunica\u00e7\u00e3o do Alverne<\/em><\/p>\n","protected":false},"excerpt":{"rendered":"<p>Alverne 2026<\/p>\n","protected":false},"author":15,"featured_media":266581,"comment_status":"open","ping_status":"open","sticky":false,"template":"","format":"standard","meta":[],"categories":[1],"tags":[],"acf":[],"yoast_head":"<!-- This site is optimized with the Yoast SEO plugin v19.2 - https:\/\/yoast.com\/wordpress\/plugins\/seo\/ -->\n<title>Segunda edi\u00e7\u00e3o do Alverne re\u00fane jovens em Guaratinguet\u00e1 para viv\u00eancia da espiritualidade franciscana - Not\u00edcias - Franciscanos<\/title>\n<meta name=\"robots\" content=\"index, follow, max-snippet:-1, max-image-preview:large, max-video-preview:-1\" \/>\n<link rel=\"canonical\" href=\"https:\/\/franciscanos.org.br\/noticias\/segunda-edicao-do-alverne-reune-jovens-em-guaratingueta-para-vivencia-da-espiritualidade-franciscana.html\" \/>\n<meta property=\"og:locale\" content=\"pt_BR\" \/>\n<meta property=\"og:type\" content=\"article\" \/>\n<meta property=\"og:title\" content=\"Segunda edi\u00e7\u00e3o do Alverne re\u00fane jovens em Guaratinguet\u00e1 para viv\u00eancia da espiritualidade franciscana - Not\u00edcias - Franciscanos\" \/>\n<meta property=\"og:description\" content=\"Alverne 2026\" \/>\n<meta property=\"og:url\" content=\"https:\/\/franciscanos.org.br\/noticias\/segunda-edicao-do-alverne-reune-jovens-em-guaratingueta-para-vivencia-da-espiritualidade-franciscana.html\" \/>\n<meta property=\"og:site_name\" content=\"Not\u00edcias - Franciscanos\" \/>\n<meta property=\"article:published_time\" content=\"2026-04-28T18:08:49+00:00\" \/>\n<meta property=\"og:image\" content=\"https:\/\/franciscanos.org.br\/noticias\/wp-content\/uploads\/2026\/04\/Principal-9-scaled.jpg\" \/>\n\t<meta property=\"og:image:width\" content=\"1440\" \/>\n\t<meta property=\"og:image:height\" content=\"1080\" \/>\n\t<meta property=\"og:image:type\" content=\"image\/jpeg\" \/>\n<meta name=\"author\" content=\"Guilherme Rocha\" \/>\n<meta name=\"twitter:card\" content=\"summary_large_image\" \/>\n<meta name=\"twitter:label1\" content=\"Escrito por\" \/>\n\t<meta name=\"twitter:data1\" content=\"Guilherme Rocha\" \/>\n\t<meta name=\"twitter:label2\" content=\"Est. tempo de leitura\" \/>\n\t<meta name=\"twitter:data2\" content=\"6 minutos\" \/>\n<script type=\"application\/ld+json\" class=\"yoast-schema-graph\">{\"@context\":\"https:\/\/schema.org\",\"@graph\":[{\"@type\":\"WebSite\",\"@id\":\"https:\/\/franciscanos.org.br\/noticias\/#website\",\"url\":\"https:\/\/franciscanos.org.br\/noticias\/\",\"name\":\"Not\u00edcias - Franciscanos\",\"description\":\"Prov\u00edncia Franciscana da Imaculada Concei\u00e7\u00e3o do Brasil - Ordem dos Frades Menores - OFM\",\"potentialAction\":[{\"@type\":\"SearchAction\",\"target\":{\"@type\":\"EntryPoint\",\"urlTemplate\":\"https:\/\/franciscanos.org.br\/noticias\/?s={search_term_string}\"},\"query-input\":\"required name=search_term_string\"}],\"inLanguage\":\"pt-BR\"},{\"@type\":\"ImageObject\",\"inLanguage\":\"pt-BR\",\"@id\":\"https:\/\/franciscanos.org.br\/noticias\/segunda-edicao-do-alverne-reune-jovens-em-guaratingueta-para-vivencia-da-espiritualidade-franciscana.html#primaryimage\",\"url\":\"https:\/\/franciscanos.org.br\/noticias\/wp-content\/uploads\/2026\/04\/Principal-9-scaled.jpg\",\"contentUrl\":\"https:\/\/franciscanos.org.br\/noticias\/wp-content\/uploads\/2026\/04\/Principal-9-scaled.jpg\",\"width\":1440,\"height\":1080},{\"@type\":\"WebPage\",\"@id\":\"https:\/\/franciscanos.org.br\/noticias\/segunda-edicao-do-alverne-reune-jovens-em-guaratingueta-para-vivencia-da-espiritualidade-franciscana.html#webpage\",\"url\":\"https:\/\/franciscanos.org.br\/noticias\/segunda-edicao-do-alverne-reune-jovens-em-guaratingueta-para-vivencia-da-espiritualidade-franciscana.html\",\"name\":\"Segunda edi\u00e7\u00e3o do Alverne re\u00fane jovens em Guaratinguet\u00e1 para viv\u00eancia da espiritualidade franciscana - Not\u00edcias - Franciscanos\",\"isPartOf\":{\"@id\":\"https:\/\/franciscanos.org.br\/noticias\/#website\"},\"primaryImageOfPage\":{\"@id\":\"https:\/\/franciscanos.org.br\/noticias\/segunda-edicao-do-alverne-reune-jovens-em-guaratingueta-para-vivencia-da-espiritualidade-franciscana.html#primaryimage\"},\"datePublished\":\"2026-04-28T18:08:49+00:00\",\"dateModified\":\"2026-04-28T18:08:49+00:00\",\"author\":{\"@id\":\"https:\/\/franciscanos.org.br\/noticias\/#\/schema\/person\/69bb4cd273a2528548b63cccab4980a0\"},\"breadcrumb\":{\"@id\":\"https:\/\/franciscanos.org.br\/noticias\/segunda-edicao-do-alverne-reune-jovens-em-guaratingueta-para-vivencia-da-espiritualidade-franciscana.html#breadcrumb\"},\"inLanguage\":\"pt-BR\",\"potentialAction\":[{\"@type\":\"ReadAction\",\"target\":[\"https:\/\/franciscanos.org.br\/noticias\/segunda-edicao-do-alverne-reune-jovens-em-guaratingueta-para-vivencia-da-espiritualidade-franciscana.html\"]}]},{\"@type\":\"BreadcrumbList\",\"@id\":\"https:\/\/franciscanos.org.br\/noticias\/segunda-edicao-do-alverne-reune-jovens-em-guaratingueta-para-vivencia-da-espiritualidade-franciscana.html#breadcrumb\",\"itemListElement\":[{\"@type\":\"ListItem\",\"position\":1,\"name\":\"Home\",\"item\":\"https:\/\/franciscanos.org.br\/noticias\"},{\"@type\":\"ListItem\",\"position\":2,\"name\":\"Segunda edi\u00e7\u00e3o do Alverne re\u00fane jovens em Guaratinguet\u00e1 para viv\u00eancia da espiritualidade franciscana\"}]},{\"@type\":\"Person\",\"@id\":\"https:\/\/franciscanos.org.br\/noticias\/#\/schema\/person\/69bb4cd273a2528548b63cccab4980a0\",\"name\":\"Guilherme Rocha\",\"image\":{\"@type\":\"ImageObject\",\"inLanguage\":\"pt-BR\",\"@id\":\"https:\/\/franciscanos.org.br\/noticias\/#\/schema\/person\/image\/\",\"url\":\"https:\/\/secure.gravatar.com\/avatar\/e480fee2377f81af36f6990ed742592a?s=96&d=mm&r=g\",\"contentUrl\":\"https:\/\/secure.gravatar.com\/avatar\/e480fee2377f81af36f6990ed742592a?s=96&d=mm&r=g\",\"caption\":\"Guilherme Rocha\"},\"url\":\"https:\/\/franciscanos.org.br\/noticias\/author\/guilhermerocha\"}]}<\/script>\n<!-- \/ Yoast SEO plugin. -->","yoast_head_json":{"title":"Segunda edi\u00e7\u00e3o do Alverne re\u00fane jovens em Guaratinguet\u00e1 para viv\u00eancia da espiritualidade franciscana - Not\u00edcias - Franciscanos","robots":{"index":"index","follow":"follow","max-snippet":"max-snippet:-1","max-image-preview":"max-image-preview:large","max-video-preview":"max-video-preview:-1"},"canonical":"https:\/\/franciscanos.org.br\/noticias\/segunda-edicao-do-alverne-reune-jovens-em-guaratingueta-para-vivencia-da-espiritualidade-franciscana.html","og_locale":"pt_BR","og_type":"article","og_title":"Segunda edi\u00e7\u00e3o do Alverne re\u00fane jovens em Guaratinguet\u00e1 para viv\u00eancia da espiritualidade franciscana - Not\u00edcias - Franciscanos","og_description":"Alverne 2026","og_url":"https:\/\/franciscanos.org.br\/noticias\/segunda-edicao-do-alverne-reune-jovens-em-guaratingueta-para-vivencia-da-espiritualidade-franciscana.html","og_site_name":"Not\u00edcias - Franciscanos","article_published_time":"2026-04-28T18:08:49+00:00","og_image":[{"width":1440,"height":1080,"url":"https:\/\/franciscanos.org.br\/noticias\/wp-content\/uploads\/2026\/04\/Principal-9-scaled.jpg","type":"image\/jpeg"}],"author":"Guilherme Rocha","twitter_card":"summary_large_image","twitter_misc":{"Escrito por":"Guilherme Rocha","Est. tempo de leitura":"6 minutos"},"schema":{"@context":"https:\/\/schema.org","@graph":[{"@type":"WebSite","@id":"https:\/\/franciscanos.org.br\/noticias\/#website","url":"https:\/\/franciscanos.org.br\/noticias\/","name":"Not\u00edcias - Franciscanos","description":"Prov\u00edncia Franciscana da Imaculada Concei\u00e7\u00e3o do Brasil - Ordem dos Frades Menores - OFM","potentialAction":[{"@type":"SearchAction","target":{"@type":"EntryPoint","urlTemplate":"https:\/\/franciscanos.org.br\/noticias\/?s={search_term_string}"},"query-input":"required name=search_term_string"}],"inLanguage":"pt-BR"},{"@type":"ImageObject","inLanguage":"pt-BR","@id":"https:\/\/franciscanos.org.br\/noticias\/segunda-edicao-do-alverne-reune-jovens-em-guaratingueta-para-vivencia-da-espiritualidade-franciscana.html#primaryimage","url":"https:\/\/franciscanos.org.br\/noticias\/wp-content\/uploads\/2026\/04\/Principal-9-scaled.jpg","contentUrl":"https:\/\/franciscanos.org.br\/noticias\/wp-content\/uploads\/2026\/04\/Principal-9-scaled.jpg","width":1440,"height":1080},{"@type":"WebPage","@id":"https:\/\/franciscanos.org.br\/noticias\/segunda-edicao-do-alverne-reune-jovens-em-guaratingueta-para-vivencia-da-espiritualidade-franciscana.html#webpage","url":"https:\/\/franciscanos.org.br\/noticias\/segunda-edicao-do-alverne-reune-jovens-em-guaratingueta-para-vivencia-da-espiritualidade-franciscana.html","name":"Segunda edi\u00e7\u00e3o do Alverne re\u00fane jovens em Guaratinguet\u00e1 para viv\u00eancia da espiritualidade franciscana - Not\u00edcias - Franciscanos","isPartOf":{"@id":"https:\/\/franciscanos.org.br\/noticias\/#website"},"primaryImageOfPage":{"@id":"https:\/\/franciscanos.org.br\/noticias\/segunda-edicao-do-alverne-reune-jovens-em-guaratingueta-para-vivencia-da-espiritualidade-franciscana.html#primaryimage"},"datePublished":"2026-04-28T18:08:49+00:00","dateModified":"2026-04-28T18:08:49+00:00","author":{"@id":"https:\/\/franciscanos.org.br\/noticias\/#\/schema\/person\/69bb4cd273a2528548b63cccab4980a0"},"breadcrumb":{"@id":"https:\/\/franciscanos.org.br\/noticias\/segunda-edicao-do-alverne-reune-jovens-em-guaratingueta-para-vivencia-da-espiritualidade-franciscana.html#breadcrumb"},"inLanguage":"pt-BR","potentialAction":[{"@type":"ReadAction","target":["https:\/\/franciscanos.org.br\/noticias\/segunda-edicao-do-alverne-reune-jovens-em-guaratingueta-para-vivencia-da-espiritualidade-franciscana.html"]}]},{"@type":"BreadcrumbList","@id":"https:\/\/franciscanos.org.br\/noticias\/segunda-edicao-do-alverne-reune-jovens-em-guaratingueta-para-vivencia-da-espiritualidade-franciscana.html#breadcrumb","itemListElement":[{"@type":"ListItem","position":1,"name":"Home","item":"https:\/\/franciscanos.org.br\/noticias"},{"@type":"ListItem","position":2,"name":"Segunda edi\u00e7\u00e3o do Alverne re\u00fane jovens em Guaratinguet\u00e1 para viv\u00eancia da espiritualidade franciscana"}]},{"@type":"Person","@id":"https:\/\/franciscanos.org.br\/noticias\/#\/schema\/person\/69bb4cd273a2528548b63cccab4980a0","name":"Guilherme Rocha","image":{"@type":"ImageObject","inLanguage":"pt-BR","@id":"https:\/\/franciscanos.org.br\/noticias\/#\/schema\/person\/image\/","url":"https:\/\/secure.gravatar.com\/avatar\/e480fee2377f81af36f6990ed742592a?s=96&d=mm&r=g","contentUrl":"https:\/\/secure.gravatar.com\/avatar\/e480fee2377f81af36f6990ed742592a?s=96&d=mm&r=g","caption":"Guilherme Rocha"},"url":"https:\/\/franciscanos.org.br\/noticias\/author\/guilhermerocha"}]}},"_links":{"self":[{"href":"https:\/\/franciscanos.org.br\/noticias\/wp-json\/wp\/v2\/posts\/266578"}],"collection":[{"href":"https:\/\/franciscanos.org.br\/noticias\/wp-json\/wp\/v2\/posts"}],"about":[{"href":"https:\/\/franciscanos.org.br\/noticias\/wp-json\/wp\/v2\/types\/post"}],"author":[{"embeddable":true,"href":"https:\/\/franciscanos.org.br\/noticias\/wp-json\/wp\/v2\/users\/15"}],"replies":[{"embeddable":true,"href":"https:\/\/franciscanos.org.br\/noticias\/wp-json\/wp\/v2\/comments?post=266578"}],"version-history":[{"count":5,"href":"https:\/\/franciscanos.org.br\/noticias\/wp-json\/wp\/v2\/posts\/266578\/revisions"}],"predecessor-version":[{"id":266630,"href":"https:\/\/franciscanos.org.br\/noticias\/wp-json\/wp\/v2\/posts\/266578\/revisions\/266630"}],"wp:featuredmedia":[{"embeddable":true,"href":"https:\/\/franciscanos.org.br\/noticias\/wp-json\/wp\/v2\/media\/266581"}],"wp:attachment":[{"href":"https:\/\/franciscanos.org.br\/noticias\/wp-json\/wp\/v2\/media?parent=266578"}],"wp:term":[{"taxonomy":"category","embeddable":true,"href":"https:\/\/franciscanos.org.br\/noticias\/wp-json\/wp\/v2\/categories?post=266578"},{"taxonomy":"post_tag","embeddable":true,"href":"https:\/\/franciscanos.org.br\/noticias\/wp-json\/wp\/v2\/tags?post=266578"}],"curies":[{"name":"wp","href":"https:\/\/api.w.org\/{rel}","templated":true}]}}