{"id":266570,"date":"2026-04-28T11:59:52","date_gmt":"2026-04-28T14:59:52","guid":{"rendered":"https:\/\/franciscanos.org.br\/noticias\/?p=266570"},"modified":"2026-04-28T11:59:52","modified_gmt":"2026-04-28T14:59:52","slug":"sefras-contribui-para-mais-de-36-mil-atendimentos-na-regularizacao-de-migrantes-em-sao-paulo","status":"publish","type":"post","link":"https:\/\/franciscanos.org.br\/noticias\/sefras-contribui-para-mais-de-36-mil-atendimentos-na-regularizacao-de-migrantes-em-sao-paulo.html","title":{"rendered":"Sefras contribui para mais de 36 mil atendimentos na regulariza\u00e7\u00e3o de migrantes em S\u00e3o Paulo"},"content":{"rendered":"<p><img loading=\"lazy\" class=\"aligncenter wp-image-266573\" src=\"https:\/\/franciscanos.org.br\/noticias\/wp-content\/uploads\/2026\/04\/886318_cc82bed693564638b9330d8507cc8a45mv2-450x338.jpeg\" alt=\"\" width=\"667\" height=\"500\" srcset=\"https:\/\/franciscanos.org.br\/noticias\/wp-content\/uploads\/2026\/04\/886318_cc82bed693564638b9330d8507cc8a45mv2-450x338.jpeg 450w, https:\/\/franciscanos.org.br\/noticias\/wp-content\/uploads\/2026\/04\/886318_cc82bed693564638b9330d8507cc8a45mv2-1024x768.jpeg 1024w, https:\/\/franciscanos.org.br\/noticias\/wp-content\/uploads\/2026\/04\/886318_cc82bed693564638b9330d8507cc8a45mv2-768x576.jpeg 768w, https:\/\/franciscanos.org.br\/noticias\/wp-content\/uploads\/2026\/04\/886318_cc82bed693564638b9330d8507cc8a45mv2-150x113.jpeg 150w, https:\/\/franciscanos.org.br\/noticias\/wp-content\/uploads\/2026\/04\/886318_cc82bed693564638b9330d8507cc8a45mv2-600x450.jpeg 600w, https:\/\/franciscanos.org.br\/noticias\/wp-content\/uploads\/2026\/04\/886318_cc82bed693564638b9330d8507cc8a45mv2.jpeg 1280w\" sizes=\"(max-width: 667px) 100vw, 667px\" \/><\/p>\n<p><a href=\"https:\/\/www.sefras.org.br\/blog\/sefras-fortalece-acesso-%C3%A0-documenta%C3%A7%C3%A3o-de-pessoas-refugiadas-e-migrantes-por-meio-da-opera%C3%A7%C3%A3o-horizo\">*confira o conte\u00fado original do Sefras<\/a><\/p>\n<p><span style=\"font-weight: 400;\">Com mais de 36 mil atendimentos realizados em S\u00e3o Paulo, a Opera\u00e7\u00e3o Horizonte vem ampliando o acesso \u00e0 regulariza\u00e7\u00e3o documental para pessoas refugiadas, solicitantes de ref\u00fagio e migrantes em situa\u00e7\u00e3o de vulnerabilidade. O Sefras \u2013 A\u00e7\u00e3o Social Franciscana, por meio da<\/span><a href=\"https:\/\/www.sefras.org.br\/imigrantes-e-refugiados\"> <span style=\"font-weight: 400;\">Casa de Assis e do CRAI &#8211; Centro de Refer\u00eancia e Atendimento para Imigrantes<\/span><\/a><span style=\"font-weight: 400;\">, integra essa articula\u00e7\u00e3o e contribui para garantir que acolhimento e acesso a direitos caminhem juntos.<\/span><\/p>\n<p><span style=\"font-weight: 400;\">Criada pela Pol\u00edcia Federal e atualmente em sua 16\u00aa fase, a Opera\u00e7\u00e3o Horizonte re\u00fane institui\u00e7\u00f5es da sociedade civil e \u00f3rg\u00e3os p\u00fablicos para facilitar processos como solicita\u00e7\u00e3o de ref\u00fagio, renova\u00e7\u00e3o de protocolos, autoriza\u00e7\u00e3o de resid\u00eancia, acolhida humanit\u00e1ria e regulariza\u00e7\u00e3o por reuni\u00e3o familiar.<\/span><\/p>\n<p><span style=\"font-weight: 400;\">Com mais de 11 anos de atua\u00e7\u00e3o junto \u00e0 popula\u00e7\u00e3o refugiada e migrante, o Sefras soma essa parceria ao trabalho j\u00e1 desenvolvido em suas frentes de atendimento, fortalecendo o acesso \u00e0 documenta\u00e7\u00e3o, etapa essencial para autonomia, prote\u00e7\u00e3o e inclus\u00e3o social.<\/span><\/p>\n<h3><b>Parceria que amplia direitos<\/b><\/h3>\n<p><span style=\"font-weight: 400;\">Na Casa de Assis, a participa\u00e7\u00e3o na opera\u00e7\u00e3o tem gerado resultados concretos. Apenas em 2025, 72 pessoas acolhidas conseguiram acessar agendamentos e avan\u00e7ar na regulariza\u00e7\u00e3o documental por meio da iniciativa. Neste ano, outras 62 pessoas j\u00e1 foram atendidas nessa articula\u00e7\u00e3o.<\/span><\/p>\n<p><span style=\"font-weight: 400;\">Segundo Aline Moreno, assistente social da Casa de Assis, a opera\u00e7\u00e3o responde a uma demanda hist\u00f3rica enfrentada por quem busca regularizar sua situa\u00e7\u00e3o migrat\u00f3ria no pa\u00eds.<\/span><\/p>\n<p><span style=\"font-weight: 400;\">\u201cEssa articula\u00e7\u00e3o veio para melhorar o acesso dos imigrantes aos agendamentos e garantir que consigam ter sua documenta\u00e7\u00e3o. Muitas vezes, pela via comum, esse agendamento pode demorar meses\u201d, afirma.<\/span><\/p>\n<p><img loading=\"lazy\" class=\"size-medium wp-image-266572 aligncenter\" src=\"https:\/\/franciscanos.org.br\/noticias\/wp-content\/uploads\/2026\/04\/886318_b5d1eb162d954abc820532d8b9292145mv2-450x338.jpeg\" alt=\"\" width=\"450\" height=\"338\" srcset=\"https:\/\/franciscanos.org.br\/noticias\/wp-content\/uploads\/2026\/04\/886318_b5d1eb162d954abc820532d8b9292145mv2-450x338.jpeg 450w, https:\/\/franciscanos.org.br\/noticias\/wp-content\/uploads\/2026\/04\/886318_b5d1eb162d954abc820532d8b9292145mv2-1024x768.jpeg 1024w, https:\/\/franciscanos.org.br\/noticias\/wp-content\/uploads\/2026\/04\/886318_b5d1eb162d954abc820532d8b9292145mv2-768x576.jpeg 768w, https:\/\/franciscanos.org.br\/noticias\/wp-content\/uploads\/2026\/04\/886318_b5d1eb162d954abc820532d8b9292145mv2-150x113.jpeg 150w, https:\/\/franciscanos.org.br\/noticias\/wp-content\/uploads\/2026\/04\/886318_b5d1eb162d954abc820532d8b9292145mv2-600x450.jpeg 600w, https:\/\/franciscanos.org.br\/noticias\/wp-content\/uploads\/2026\/04\/886318_b5d1eb162d954abc820532d8b9292145mv2.jpeg 1280w\" sizes=\"(max-width: 450px) 100vw, 450px\" \/><\/p>\n<p><span style=\"font-weight: 400;\">Por meio da parceria, a Casa de Assis recebe semanalmente vagas exclusivas para encaminhamento \u00e0 Pol\u00edcia Federal. Antes do agendamento, as pessoas atendidas passam por triagem, confer\u00eancia documental e orienta\u00e7\u00f5es espec\u00edficas para cada caso.<\/span><\/p>\n<p><span style=\"font-weight: 400;\">\u201cO diferencial \u00e9 que os atendidos chegam orientados e preparados para o agendamento. No pr\u00f3prio dia, eles j\u00e1 saem com o protocolo provis\u00f3rio, que permite trabalhar, estudar e acessar servi\u00e7os enquanto aguardam a carteira migrat\u00f3ria\u201d, explica.<\/span><\/p>\n<h3><b>Acolhimento que transforma trajet\u00f3rias<\/b><\/h3>\n<p><span style=\"font-weight: 400;\">Al\u00e9m da Casa de Assis, o CRAI tamb\u00e9m integra a Opera\u00e7\u00e3o Horizonte, ampliando a atua\u00e7\u00e3o do Sefras nessa rede de garantia de direitos.<\/span><\/p>\n<p><span style=\"font-weight: 400;\">A parceria tamb\u00e9m fortalece o acompanhamento das especificidades de cada nacionalidade atendida. Pessoas vindas de Angola, Congo e Nig\u00e9ria, entre outras, recebem orienta\u00e7\u00e3o conforme as possibilidades de regulariza\u00e7\u00e3o previstas para cada caso.<\/span><\/p>\n<p><span style=\"font-weight: 400;\">Para Aline, a articula\u00e7\u00e3o com a Pol\u00edcia Federal e demais institui\u00e7\u00f5es parceiras \u00e9 um dos diferenciais da iniciativa.<\/span><\/p>\n<p><span style=\"font-weight: 400;\">\u201cEssa opera\u00e7\u00e3o \u00e9 extremamente importante porque nos d\u00e1 acesso a agendamentos exclusivos para as institui\u00e7\u00f5es e fortalece nossa orienta\u00e7\u00e3o. Isso faz com que as pessoas consigam sair com sua documenta\u00e7\u00e3o garantida\u201d, destaca.<\/span><\/p>\n<p><span style=\"font-weight: 400;\">Mais do que agilizar processos, a documenta\u00e7\u00e3o representa acesso concreto a oportunidades e dignidade.<\/span><\/p>\n<p><span style=\"font-weight: 400;\">\u201cO mais gratificante \u00e9 ver quando eles voltam da Pol\u00edcia Federal felizes porque conseguiram seu protocolo. Isso muda a vida das pessoas\u201d, relata.<\/span><\/p>\n<p><a href=\"https:\/\/www.sefras.org.br\/blog\/sefras-fortalece-acesso-%C3%A0-documenta%C3%A7%C3%A3o-de-pessoas-refugiadas-e-migrantes-por-meio-da-opera%C3%A7%C3%A3o-horizo\">*confira o conte\u00fado original do Sefras<\/a><\/p>\n<hr \/>\n<p><em>Melissa Galdino \u2013 Sefras<\/em><\/p>\n","protected":false},"excerpt":{"rendered":"<p>Sefras<\/p>\n","protected":false},"author":15,"featured_media":266573,"comment_status":"open","ping_status":"open","sticky":false,"template":"","format":"standard","meta":[],"categories":[1],"tags":[],"acf":[],"yoast_head":"<!-- This site is optimized with the Yoast SEO plugin v19.2 - https:\/\/yoast.com\/wordpress\/plugins\/seo\/ -->\n<title>Sefras contribui para mais de 36 mil atendimentos na regulariza\u00e7\u00e3o de migrantes em S\u00e3o Paulo - Not\u00edcias - Franciscanos<\/title>\n<meta name=\"robots\" content=\"index, follow, max-snippet:-1, max-image-preview:large, max-video-preview:-1\" \/>\n<link rel=\"canonical\" href=\"https:\/\/franciscanos.org.br\/noticias\/sefras-contribui-para-mais-de-36-mil-atendimentos-na-regularizacao-de-migrantes-em-sao-paulo.html\" \/>\n<meta property=\"og:locale\" content=\"pt_BR\" \/>\n<meta property=\"og:type\" content=\"article\" \/>\n<meta property=\"og:title\" content=\"Sefras contribui para mais de 36 mil atendimentos na regulariza\u00e7\u00e3o de migrantes em S\u00e3o Paulo - Not\u00edcias - Franciscanos\" \/>\n<meta property=\"og:description\" content=\"Sefras\" \/>\n<meta property=\"og:url\" content=\"https:\/\/franciscanos.org.br\/noticias\/sefras-contribui-para-mais-de-36-mil-atendimentos-na-regularizacao-de-migrantes-em-sao-paulo.html\" \/>\n<meta property=\"og:site_name\" content=\"Not\u00edcias - Franciscanos\" \/>\n<meta property=\"article:published_time\" content=\"2026-04-28T14:59:52+00:00\" \/>\n<meta property=\"og:image\" content=\"https:\/\/franciscanos.org.br\/noticias\/wp-content\/uploads\/2026\/04\/886318_cc82bed693564638b9330d8507cc8a45mv2.jpeg\" \/>\n\t<meta property=\"og:image:width\" content=\"1280\" \/>\n\t<meta property=\"og:image:height\" content=\"960\" \/>\n\t<meta property=\"og:image:type\" content=\"image\/jpeg\" \/>\n<meta name=\"author\" content=\"Guilherme Rocha\" \/>\n<meta name=\"twitter:card\" content=\"summary_large_image\" \/>\n<meta name=\"twitter:label1\" content=\"Escrito por\" \/>\n\t<meta name=\"twitter:data1\" content=\"Guilherme Rocha\" \/>\n\t<meta name=\"twitter:label2\" content=\"Est. tempo de leitura\" \/>\n\t<meta name=\"twitter:data2\" content=\"3 minutos\" \/>\n<script type=\"application\/ld+json\" class=\"yoast-schema-graph\">{\"@context\":\"https:\/\/schema.org\",\"@graph\":[{\"@type\":\"WebSite\",\"@id\":\"https:\/\/franciscanos.org.br\/noticias\/#website\",\"url\":\"https:\/\/franciscanos.org.br\/noticias\/\",\"name\":\"Not\u00edcias - Franciscanos\",\"description\":\"Prov\u00edncia Franciscana da Imaculada Concei\u00e7\u00e3o do Brasil - Ordem dos Frades Menores - OFM\",\"potentialAction\":[{\"@type\":\"SearchAction\",\"target\":{\"@type\":\"EntryPoint\",\"urlTemplate\":\"https:\/\/franciscanos.org.br\/noticias\/?s={search_term_string}\"},\"query-input\":\"required name=search_term_string\"}],\"inLanguage\":\"pt-BR\"},{\"@type\":\"ImageObject\",\"inLanguage\":\"pt-BR\",\"@id\":\"https:\/\/franciscanos.org.br\/noticias\/sefras-contribui-para-mais-de-36-mil-atendimentos-na-regularizacao-de-migrantes-em-sao-paulo.html#primaryimage\",\"url\":\"https:\/\/franciscanos.org.br\/noticias\/wp-content\/uploads\/2026\/04\/886318_cc82bed693564638b9330d8507cc8a45mv2.jpeg\",\"contentUrl\":\"https:\/\/franciscanos.org.br\/noticias\/wp-content\/uploads\/2026\/04\/886318_cc82bed693564638b9330d8507cc8a45mv2.jpeg\",\"width\":1280,\"height\":960},{\"@type\":\"WebPage\",\"@id\":\"https:\/\/franciscanos.org.br\/noticias\/sefras-contribui-para-mais-de-36-mil-atendimentos-na-regularizacao-de-migrantes-em-sao-paulo.html#webpage\",\"url\":\"https:\/\/franciscanos.org.br\/noticias\/sefras-contribui-para-mais-de-36-mil-atendimentos-na-regularizacao-de-migrantes-em-sao-paulo.html\",\"name\":\"Sefras contribui para mais de 36 mil atendimentos na regulariza\u00e7\u00e3o de migrantes em S\u00e3o Paulo - Not\u00edcias - Franciscanos\",\"isPartOf\":{\"@id\":\"https:\/\/franciscanos.org.br\/noticias\/#website\"},\"primaryImageOfPage\":{\"@id\":\"https:\/\/franciscanos.org.br\/noticias\/sefras-contribui-para-mais-de-36-mil-atendimentos-na-regularizacao-de-migrantes-em-sao-paulo.html#primaryimage\"},\"datePublished\":\"2026-04-28T14:59:52+00:00\",\"dateModified\":\"2026-04-28T14:59:52+00:00\",\"author\":{\"@id\":\"https:\/\/franciscanos.org.br\/noticias\/#\/schema\/person\/69bb4cd273a2528548b63cccab4980a0\"},\"breadcrumb\":{\"@id\":\"https:\/\/franciscanos.org.br\/noticias\/sefras-contribui-para-mais-de-36-mil-atendimentos-na-regularizacao-de-migrantes-em-sao-paulo.html#breadcrumb\"},\"inLanguage\":\"pt-BR\",\"potentialAction\":[{\"@type\":\"ReadAction\",\"target\":[\"https:\/\/franciscanos.org.br\/noticias\/sefras-contribui-para-mais-de-36-mil-atendimentos-na-regularizacao-de-migrantes-em-sao-paulo.html\"]}]},{\"@type\":\"BreadcrumbList\",\"@id\":\"https:\/\/franciscanos.org.br\/noticias\/sefras-contribui-para-mais-de-36-mil-atendimentos-na-regularizacao-de-migrantes-em-sao-paulo.html#breadcrumb\",\"itemListElement\":[{\"@type\":\"ListItem\",\"position\":1,\"name\":\"Home\",\"item\":\"https:\/\/franciscanos.org.br\/noticias\"},{\"@type\":\"ListItem\",\"position\":2,\"name\":\"Sefras contribui para mais de 36 mil atendimentos na regulariza\u00e7\u00e3o de migrantes em S\u00e3o Paulo\"}]},{\"@type\":\"Person\",\"@id\":\"https:\/\/franciscanos.org.br\/noticias\/#\/schema\/person\/69bb4cd273a2528548b63cccab4980a0\",\"name\":\"Guilherme Rocha\",\"image\":{\"@type\":\"ImageObject\",\"inLanguage\":\"pt-BR\",\"@id\":\"https:\/\/franciscanos.org.br\/noticias\/#\/schema\/person\/image\/\",\"url\":\"https:\/\/secure.gravatar.com\/avatar\/e480fee2377f81af36f6990ed742592a?s=96&d=mm&r=g\",\"contentUrl\":\"https:\/\/secure.gravatar.com\/avatar\/e480fee2377f81af36f6990ed742592a?s=96&d=mm&r=g\",\"caption\":\"Guilherme Rocha\"},\"url\":\"https:\/\/franciscanos.org.br\/noticias\/author\/guilhermerocha\"}]}<\/script>\n<!-- \/ Yoast SEO plugin. -->","yoast_head_json":{"title":"Sefras contribui para mais de 36 mil atendimentos na regulariza\u00e7\u00e3o de migrantes em S\u00e3o Paulo - Not\u00edcias - Franciscanos","robots":{"index":"index","follow":"follow","max-snippet":"max-snippet:-1","max-image-preview":"max-image-preview:large","max-video-preview":"max-video-preview:-1"},"canonical":"https:\/\/franciscanos.org.br\/noticias\/sefras-contribui-para-mais-de-36-mil-atendimentos-na-regularizacao-de-migrantes-em-sao-paulo.html","og_locale":"pt_BR","og_type":"article","og_title":"Sefras contribui para mais de 36 mil atendimentos na regulariza\u00e7\u00e3o de migrantes em S\u00e3o Paulo - Not\u00edcias - Franciscanos","og_description":"Sefras","og_url":"https:\/\/franciscanos.org.br\/noticias\/sefras-contribui-para-mais-de-36-mil-atendimentos-na-regularizacao-de-migrantes-em-sao-paulo.html","og_site_name":"Not\u00edcias - Franciscanos","article_published_time":"2026-04-28T14:59:52+00:00","og_image":[{"width":1280,"height":960,"url":"https:\/\/franciscanos.org.br\/noticias\/wp-content\/uploads\/2026\/04\/886318_cc82bed693564638b9330d8507cc8a45mv2.jpeg","type":"image\/jpeg"}],"author":"Guilherme Rocha","twitter_card":"summary_large_image","twitter_misc":{"Escrito por":"Guilherme Rocha","Est. tempo de leitura":"3 minutos"},"schema":{"@context":"https:\/\/schema.org","@graph":[{"@type":"WebSite","@id":"https:\/\/franciscanos.org.br\/noticias\/#website","url":"https:\/\/franciscanos.org.br\/noticias\/","name":"Not\u00edcias - Franciscanos","description":"Prov\u00edncia Franciscana da Imaculada Concei\u00e7\u00e3o do Brasil - Ordem dos Frades Menores - OFM","potentialAction":[{"@type":"SearchAction","target":{"@type":"EntryPoint","urlTemplate":"https:\/\/franciscanos.org.br\/noticias\/?s={search_term_string}"},"query-input":"required name=search_term_string"}],"inLanguage":"pt-BR"},{"@type":"ImageObject","inLanguage":"pt-BR","@id":"https:\/\/franciscanos.org.br\/noticias\/sefras-contribui-para-mais-de-36-mil-atendimentos-na-regularizacao-de-migrantes-em-sao-paulo.html#primaryimage","url":"https:\/\/franciscanos.org.br\/noticias\/wp-content\/uploads\/2026\/04\/886318_cc82bed693564638b9330d8507cc8a45mv2.jpeg","contentUrl":"https:\/\/franciscanos.org.br\/noticias\/wp-content\/uploads\/2026\/04\/886318_cc82bed693564638b9330d8507cc8a45mv2.jpeg","width":1280,"height":960},{"@type":"WebPage","@id":"https:\/\/franciscanos.org.br\/noticias\/sefras-contribui-para-mais-de-36-mil-atendimentos-na-regularizacao-de-migrantes-em-sao-paulo.html#webpage","url":"https:\/\/franciscanos.org.br\/noticias\/sefras-contribui-para-mais-de-36-mil-atendimentos-na-regularizacao-de-migrantes-em-sao-paulo.html","name":"Sefras contribui para mais de 36 mil atendimentos na regulariza\u00e7\u00e3o de migrantes em S\u00e3o Paulo - Not\u00edcias - Franciscanos","isPartOf":{"@id":"https:\/\/franciscanos.org.br\/noticias\/#website"},"primaryImageOfPage":{"@id":"https:\/\/franciscanos.org.br\/noticias\/sefras-contribui-para-mais-de-36-mil-atendimentos-na-regularizacao-de-migrantes-em-sao-paulo.html#primaryimage"},"datePublished":"2026-04-28T14:59:52+00:00","dateModified":"2026-04-28T14:59:52+00:00","author":{"@id":"https:\/\/franciscanos.org.br\/noticias\/#\/schema\/person\/69bb4cd273a2528548b63cccab4980a0"},"breadcrumb":{"@id":"https:\/\/franciscanos.org.br\/noticias\/sefras-contribui-para-mais-de-36-mil-atendimentos-na-regularizacao-de-migrantes-em-sao-paulo.html#breadcrumb"},"inLanguage":"pt-BR","potentialAction":[{"@type":"ReadAction","target":["https:\/\/franciscanos.org.br\/noticias\/sefras-contribui-para-mais-de-36-mil-atendimentos-na-regularizacao-de-migrantes-em-sao-paulo.html"]}]},{"@type":"BreadcrumbList","@id":"https:\/\/franciscanos.org.br\/noticias\/sefras-contribui-para-mais-de-36-mil-atendimentos-na-regularizacao-de-migrantes-em-sao-paulo.html#breadcrumb","itemListElement":[{"@type":"ListItem","position":1,"name":"Home","item":"https:\/\/franciscanos.org.br\/noticias"},{"@type":"ListItem","position":2,"name":"Sefras contribui para mais de 36 mil atendimentos na regulariza\u00e7\u00e3o de migrantes em S\u00e3o Paulo"}]},{"@type":"Person","@id":"https:\/\/franciscanos.org.br\/noticias\/#\/schema\/person\/69bb4cd273a2528548b63cccab4980a0","name":"Guilherme Rocha","image":{"@type":"ImageObject","inLanguage":"pt-BR","@id":"https:\/\/franciscanos.org.br\/noticias\/#\/schema\/person\/image\/","url":"https:\/\/secure.gravatar.com\/avatar\/e480fee2377f81af36f6990ed742592a?s=96&d=mm&r=g","contentUrl":"https:\/\/secure.gravatar.com\/avatar\/e480fee2377f81af36f6990ed742592a?s=96&d=mm&r=g","caption":"Guilherme Rocha"},"url":"https:\/\/franciscanos.org.br\/noticias\/author\/guilhermerocha"}]}},"_links":{"self":[{"href":"https:\/\/franciscanos.org.br\/noticias\/wp-json\/wp\/v2\/posts\/266570"}],"collection":[{"href":"https:\/\/franciscanos.org.br\/noticias\/wp-json\/wp\/v2\/posts"}],"about":[{"href":"https:\/\/franciscanos.org.br\/noticias\/wp-json\/wp\/v2\/types\/post"}],"author":[{"embeddable":true,"href":"https:\/\/franciscanos.org.br\/noticias\/wp-json\/wp\/v2\/users\/15"}],"replies":[{"embeddable":true,"href":"https:\/\/franciscanos.org.br\/noticias\/wp-json\/wp\/v2\/comments?post=266570"}],"version-history":[{"count":5,"href":"https:\/\/franciscanos.org.br\/noticias\/wp-json\/wp\/v2\/posts\/266570\/revisions"}],"predecessor-version":[{"id":266577,"href":"https:\/\/franciscanos.org.br\/noticias\/wp-json\/wp\/v2\/posts\/266570\/revisions\/266577"}],"wp:featuredmedia":[{"embeddable":true,"href":"https:\/\/franciscanos.org.br\/noticias\/wp-json\/wp\/v2\/media\/266573"}],"wp:attachment":[{"href":"https:\/\/franciscanos.org.br\/noticias\/wp-json\/wp\/v2\/media?parent=266570"}],"wp:term":[{"taxonomy":"category","embeddable":true,"href":"https:\/\/franciscanos.org.br\/noticias\/wp-json\/wp\/v2\/categories?post=266570"},{"taxonomy":"post_tag","embeddable":true,"href":"https:\/\/franciscanos.org.br\/noticias\/wp-json\/wp\/v2\/tags?post=266570"}],"curies":[{"name":"wp","href":"https:\/\/api.w.org\/{rel}","templated":true}]}}