{"id":266563,"date":"2026-04-28T09:16:38","date_gmt":"2026-04-28T12:16:38","guid":{"rendered":"https:\/\/franciscanos.org.br\/noticias\/?p=266563"},"modified":"2026-04-28T09:16:38","modified_gmt":"2026-04-28T12:16:38","slug":"quem-foi-frei-galvao-conheca-a-historia-do-primeiro-santo-brasileiro","status":"publish","type":"post","link":"https:\/\/franciscanos.org.br\/noticias\/quem-foi-frei-galvao-conheca-a-historia-do-primeiro-santo-brasileiro.html","title":{"rendered":"Quem foi Frei Galv\u00e3o? Conhe\u00e7a a hist\u00f3ria do primeiro santo brasileiro"},"content":{"rendered":"<p><img loading=\"lazy\" class=\"aligncenter wp-image-266567\" src=\"https:\/\/franciscanos.org.br\/noticias\/wp-content\/uploads\/2026\/04\/Frei-Galvao-1024x681.jpg\" alt=\"\" width=\"602\" height=\"400\" srcset=\"https:\/\/franciscanos.org.br\/noticias\/wp-content\/uploads\/2026\/04\/Frei-Galvao-1024x681.jpg 1024w, https:\/\/franciscanos.org.br\/noticias\/wp-content\/uploads\/2026\/04\/Frei-Galvao-450x299.jpg 450w, https:\/\/franciscanos.org.br\/noticias\/wp-content\/uploads\/2026\/04\/Frei-Galvao-768x511.jpg 768w, https:\/\/franciscanos.org.br\/noticias\/wp-content\/uploads\/2026\/04\/Frei-Galvao-150x100.jpg 150w, https:\/\/franciscanos.org.br\/noticias\/wp-content\/uploads\/2026\/04\/Frei-Galvao.jpg 1200w\" sizes=\"(max-width: 602px) 100vw, 602px\" \/><\/p>\n<p><span style=\"font-weight: 400;\">Nascido em 1739, na cidade de Guaratinguet\u00e1 (SP), Frei Ant\u00f4nio de Sant\u2019Anna Galv\u00e3o tornou-se uma das figuras mais marcantes da espiritualidade cat\u00f3lica no Brasil. Religioso franciscano, sacerdote dedicado e homem profundamente unido a Deus, ele foi reconhecido pelo povo como exemplo de caridade, prud\u00eancia e servi\u00e7o, sendo conhecido ainda em vida como o \u201chomem da paz e da caridade\u201d.<\/span><\/p>\n<p><span style=\"font-weight: 400;\">Desde jovem, destacou-se pela vida de ora\u00e7\u00e3o e pelo compromisso com o an\u00fancio do Evangelho. Ordenado sacerdote em 1762, exerceu seu minist\u00e9rio com simplicidade e zelo pastoral, atendendo a todos com aten\u00e7\u00e3o e miseric\u00f3rdia. Seu trabalho foi decisivo na funda\u00e7\u00e3o do Recolhimento de Nossa Senhora da Luz, em S\u00e3o Paulo, institui\u00e7\u00e3o que permanece at\u00e9 hoje como sinal concreto de sua dedica\u00e7\u00e3o \u00e0 vida consagrada e \u00e0 forma\u00e7\u00e3o espiritual.<\/span><\/p>\n<p><a href=\"https:\/\/franciscanos.org.br\/guara\/biografia\/\"><span style=\"font-weight: 400;\">Ao longo de sua vida<\/span><\/a><span style=\"font-weight: 400;\">, Frei Galv\u00e3o tornou-se refer\u00eancia de santidade para o povo, que recorria a ele em busca de conselho, ora\u00e7\u00e3o e conforto. Ap\u00f3s sua morte, em 1822, sua fama de santidade continuou a crescer, e seu t\u00famulo passou a ser local de peregrina\u00e7\u00e3o constante de fi\u00e9is que testemunham gra\u00e7as alcan\u00e7adas por sua intercess\u00e3o.<\/span><\/p>\n<p><span style=\"font-weight: 400;\">O <\/span><a href=\"https:\/\/franciscanos.org.br\/guara\/biografia\/\"><span style=\"font-weight: 400;\">Processo de Beatifica\u00e7\u00e3o e Canoniza\u00e7\u00e3o<\/span><\/a><span style=\"font-weight: 400;\"> iniciado em 1938 foi reaberto solenemente em 1986 e conclu\u00eddo em 1991. Aos 8 de abril de 1997 foi promulgado pelo Papa Jo\u00e3o Paulo II o Decreto das Virtudes Heroicas e aos 6 de abril de 1998, o Decreto sobre o Milagre. Frei Galv\u00e3o foi declarado bem-aventurado no dia 25 de outubro de 1998 e canonizado pelo Papa Bento 16 no dia 11 de maio de 2007.<\/span><\/p>\n<p><span style=\"font-weight: 400;\">Para conhecer um pouco mais sobre a hist\u00f3ria, a espiritualidade e o legado desse santo franciscano, convidamos voc\u00ea a acompanhar o epis\u00f3dio do Anima Podcast, que contou com a participa\u00e7\u00e3o do Frei Leandro Costa. Confira abaixo:<\/span><\/p>\n<p><iframe loading=\"lazy\" title=\"Frei Galv\u00e3o: Tudo sobre o primeiro SANTO BRASILEIRO | Ep #284 | Com Frei Leandro Costa\" width=\"500\" height=\"281\" src=\"https:\/\/www.youtube.com\/embed\/-NeFv9CSTGI?feature=oembed\" frameborder=\"0\" allow=\"accelerometer; autoplay; clipboard-write; encrypted-media; gyroscope; picture-in-picture; web-share\" referrerpolicy=\"strict-origin-when-cross-origin\" allowfullscreen><\/iframe><\/p>\n<p><span style=\"font-weight: 400;\">O testemunho de santidade de Frei Galv\u00e3o continua vivo tamb\u00e9m na miss\u00e3o evangelizadora da Fam\u00edlia Franciscana, que mant\u00e9m viva sua mem\u00f3ria em diversas fraternidades e espa\u00e7os formativos dedicados ao seu nome. Inspiradas por seu exemplo de f\u00e9, caridade e servi\u00e7o, essas presen\u00e7as procuram atualizar, no cotidiano da Igreja, o mesmo esp\u00edrito mission\u00e1rio que marcou a vida do primeiro santo brasileiro.\u00a0<\/span><\/p>\n<p><span style=\"font-weight: 400;\">Conhe\u00e7a abaixo algumas dessas fraternidades e iniciativas que expressam, em diferentes lugares, a continuidade desse legado franciscano.<\/span><\/p>\n<p><b>Fraternidade Santo Ant\u00f4nio Santana de Galv\u00e3o (Colatina\/ES)<\/b><\/p>\n<p><img loading=\"lazy\" class=\"wp-image-266566 size-full aligncenter\" src=\"https:\/\/franciscanos.org.br\/noticias\/wp-content\/uploads\/2026\/04\/colatina_241018-768x240-1.jpg\" alt=\"\" width=\"768\" height=\"240\" srcset=\"https:\/\/franciscanos.org.br\/noticias\/wp-content\/uploads\/2026\/04\/colatina_241018-768x240-1.jpg 768w, https:\/\/franciscanos.org.br\/noticias\/wp-content\/uploads\/2026\/04\/colatina_241018-768x240-1-450x141.jpg 450w, https:\/\/franciscanos.org.br\/noticias\/wp-content\/uploads\/2026\/04\/colatina_241018-768x240-1-150x47.jpg 150w\" sizes=\"(max-width: 768px) 100vw, 768px\" \/><\/p>\n<p><a href=\"https:\/\/franciscanos.org.br\/quemsomos\/ondestamos\/santo-antonio-de-santana-galvao\/#gsc.tab=0\"><span style=\"font-weight: 400;\">A Fraternidade Santo Ant\u00f4nio Santana de Galv\u00e3o<\/span><\/a> <span style=\"font-weight: 400;\">foi criada para atender ao convite do bispo diocesano Dom D\u00e9cio Zandonade de contar com a presen\u00e7a franciscana na Diocese de Colatina para atender a Par\u00f3quia Santa Clara de Assis.<\/span><\/p>\n<p><span style=\"font-weight: 400;\">A ere\u00e7\u00e3o can\u00f4nica da nova fraternidade foi feita no dia 31 de outubro de 2008, coincidindo com as celebra\u00e7\u00f5es dos 450 anos da presen\u00e7a franciscana no Estado do Esp\u00edrito Santo.\u00a0 Em 1558, o franciscano espanhol Frei Pedro Pal\u00e1cios chegou a Vila Velha e, como eremita, fixou-se no morro onde hoje est\u00e1 o Convento da Penha.<\/span><\/p>\n<p><span style=\"font-weight: 400;\">Segundo D. D\u00e9cio, o objetivo principal da presen\u00e7a franciscana \u00e9 sempre a evangeliza\u00e7\u00e3o, visando \u00e0 forma\u00e7\u00e3o de disc\u00edpulos e mission\u00e1rios de Jesus Cristo, para que n\u2019Ele todos tenham vida.\u00a0 Hoje, Colatina tem as tr\u00eas Ordens Franciscanas: A Ordem dos Frades Menores, as Clarissas e a Ordem Franciscana Secular.<\/span><\/p>\n<p><span style=\"font-weight: 400;\">A fraternidade est\u00e1 localizada na \u00e1rea pastoral denominada S\u00e3o Vicente de Paula.<\/span><\/p>\n<p><b>Fraternidade Frei Galv\u00e3o (Guaratinguet\u00e1\/SP)<\/b><\/p>\n<p><img loading=\"lazy\" class=\"aligncenter wp-image-266564 size-medium\" src=\"https:\/\/franciscanos.org.br\/noticias\/wp-content\/uploads\/2026\/04\/1-1-1536x864-1-450x253.jpeg\" alt=\"\" width=\"450\" height=\"253\" srcset=\"https:\/\/franciscanos.org.br\/noticias\/wp-content\/uploads\/2026\/04\/1-1-1536x864-1-450x253.jpeg 450w, https:\/\/franciscanos.org.br\/noticias\/wp-content\/uploads\/2026\/04\/1-1-1536x864-1-1024x576.jpeg 1024w, https:\/\/franciscanos.org.br\/noticias\/wp-content\/uploads\/2026\/04\/1-1-1536x864-1-768x432.jpeg 768w, https:\/\/franciscanos.org.br\/noticias\/wp-content\/uploads\/2026\/04\/1-1-1536x864-1-150x84.jpeg 150w, https:\/\/franciscanos.org.br\/noticias\/wp-content\/uploads\/2026\/04\/1-1-1536x864-1.jpeg 1536w\" sizes=\"(max-width: 450px) 100vw, 450px\" \/><\/p>\n<p><span style=\"font-weight: 400;\">No dia 12 de outubro de 1983, no bairro Jardim do Vale, em Guaratinguet\u00e1, foi celebrada a primeira missa no<\/span> <a href=\"https:\/\/franciscanos.org.br\/quemsomos\/ondestamos\/fraternidade-frei-galvao\/#gsc.tab=0\"><span style=\"font-weight: 400;\">local onde seria constru\u00edda a igreja dedicada a Frei Galv\u00e3o<\/span><\/a><span style=\"font-weight: 400;\">. As pessoas foram acomodadas em uma antiga casa e o Padre Victor Menuti, ent\u00e3o P\u00e1roco da Par\u00f3quia de S\u00e3o Pedro Ap\u00f3stolo, foi o presidente da celebra\u00e7\u00e3o.<\/span><\/p>\n<p><span style=\"font-weight: 400;\">Com essa primeira celebra\u00e7\u00e3o foi inaugurada a Capela S\u00e3o Jos\u00e9 e a comunidade continuou trabalhando para a constru\u00e7\u00e3o da capela. O terreno, no entanto, n\u00e3o pertencia a igreja e durante muito tempo tentou-se compr\u00e1-lo, sem sucesso. Com bom cora\u00e7\u00e3o e caridade, a Fam\u00edlia Galv\u00e3o, dona do terreno, se disp\u00f4s a do\u00e1-lo a Arquidiocese de Aparecida com a finalidade de construir-se no local uma igreja dedicada a S\u00e3o Jos\u00e9. O contrato foi assinado no dia 1\u00ba de setembro de 1987, onde a fam\u00edlia Galv\u00e3o foi representada pelo senhor Edson Jos\u00e9 Galv\u00e3o Nogueira.<\/span><\/p>\n<p><span style=\"font-weight: 400;\">No in\u00edcio dos anos 90 com a ida do Padre Nelson Ferreira Lopes para a Par\u00f3quia Nossa Senhora de F\u00e1tima iniciou-se a constru\u00e7\u00e3o da igreja dedicada a S\u00e3o Jos\u00e9. Nesse per\u00edodo, foram constru\u00eddas as paredes da igreja. Em 1996 chegava a par\u00f3quia o Padre An\u00edsio Teixeira, que daria continuidade ao trabalho. Mas, com a beatifica\u00e7\u00e3o de Frei Galv\u00e3o, a obra foi paralisada para adequa\u00e7\u00e3o do projeto.<\/span><\/p>\n<p><span style=\"font-weight: 400;\">Com plena aceita\u00e7\u00e3o da comunidade de S\u00e3o Jos\u00e9, a igreja passou a ser chamada de Beato Frei Galv\u00e3o e foram finalizadas as obras de constru\u00e7\u00e3o. Ela passou a ser a primeira igreja dedicada ao beato brasileiro, nascido em Guaratinguet\u00e1, e que depois se tornou santo.<\/span><\/p>\n<p><b>Fraternidade e postulantado Frei Galv\u00e3o<\/b><\/p>\n<p><img loading=\"lazy\" class=\"aligncenter wp-image-266565 size-full\" src=\"https:\/\/franciscanos.org.br\/noticias\/wp-content\/uploads\/2026\/04\/guara_261018_destacada-768x240-1.jpg\" alt=\"\" width=\"768\" height=\"240\" srcset=\"https:\/\/franciscanos.org.br\/noticias\/wp-content\/uploads\/2026\/04\/guara_261018_destacada-768x240-1.jpg 768w, https:\/\/franciscanos.org.br\/noticias\/wp-content\/uploads\/2026\/04\/guara_261018_destacada-768x240-1-450x141.jpg 450w, https:\/\/franciscanos.org.br\/noticias\/wp-content\/uploads\/2026\/04\/guara_261018_destacada-768x240-1-150x47.jpg 150w\" sizes=\"(max-width: 768px) 100vw, 768px\" \/><\/p>\n<p><span style=\"font-weight: 400;\">A ideia de se fundar um<\/span> <a href=\"https:\/\/franciscanos.org.br\/quemsomos\/ondestamos\/fraternidade-franciscana-sao-jose-guaratingueta\/#gsc.tab=0\"><span style=\"font-weight: 400;\">Semin\u00e1rio preparat\u00f3rio no norte da Prov\u00edncia<\/span><\/a> <span style=\"font-weight: 400;\">foi lan\u00e7ada pelos anos de 1937, no Cap\u00edtulo Provincial, realizado aos 11 de dezembro.<\/span> <span style=\"font-weight: 400;\">O Frei Antonino Zimmermann, em primeiro de fevereiro de 1939, conseguiu que se comprasse a \u201cGranja S\u00e3o Paulo\u201d, no bairro de S\u00e3o Bento, que tinha um terreno de 8 alqueires.<\/span> <span style=\"font-weight: 400;\">Deu-se in\u00edcio \u00e0 constru\u00e7\u00e3o em 22 de abril de 1941. A pedra fundamental recebeu a b\u00ean\u00e7\u00e3o, em 28 do mesmo m\u00eas. J\u00e1 em 1\u00ba de mar\u00e7o do seguinte ano, fez-se a inaugura\u00e7\u00e3o, embora parcial do novo Semin\u00e1rio.\u00a0<\/span><\/p>\n<p><span style=\"font-weight: 400;\">O Semin\u00e1rio Menor encerrou suas atividades em 1965, quando a Prov\u00edncia da Imaculada come\u00e7ou uma nova experi\u00eancia: o SEVOA \u2013 Semin\u00e1rio de Voca\u00e7\u00f5es Adultas, onde os candidatos \u00e0 vida religiosa franciscana com mais de 18 anos eram preparados durante um ano para ingressarem no Noviciado de Rodeio. Aqueles que n\u00e3o tinham o Colegial completo, faziam a conclus\u00e3o do curso nas escolas da cidade. Os estudantes do Semin\u00e1rio de Agudos, que conclu\u00edam o Segundo Grau, tamb\u00e9m seguiam diretamente para Rodeio.<\/span><\/p>\n<p><span style=\"font-weight: 400;\">A partir de 1990, a Prov\u00edncia mudou o processo de admiss\u00e3o \u00e0 vida religiosa. O candidato passou a ter um ano de Aspirantado, no Semin\u00e1rio de Luzerna e o Semin\u00e1rio Frei Galv\u00e3o passou a abrigar o Postulantado unificado: os aspirantes de Luzerna e Agudos fariam um ano de prepara\u00e7\u00e3o conjunta em Guar\u00e1 antes de seguirem para Rodeio. Deste processo, s\u00f3 mudou o local do novo Aspirantado, que agora \u00e9 em Ituporanga.<\/span><\/p>\n<hr \/>\n<p><i>Guilherme Coutinho<\/i><\/p>\n","protected":false},"excerpt":{"rendered":"<p>Santos e Espiritualidade Crist\u00e3<\/p>\n","protected":false},"author":15,"featured_media":266567,"comment_status":"open","ping_status":"open","sticky":false,"template":"","format":"standard","meta":[],"categories":[1],"tags":[],"acf":[],"yoast_head":"<!-- This site is optimized with the Yoast SEO plugin v19.2 - https:\/\/yoast.com\/wordpress\/plugins\/seo\/ -->\n<title>Quem foi Frei Galv\u00e3o? Conhe\u00e7a a hist\u00f3ria do primeiro santo brasileiro - Not\u00edcias - Franciscanos<\/title>\n<meta name=\"robots\" content=\"index, follow, max-snippet:-1, max-image-preview:large, max-video-preview:-1\" \/>\n<link rel=\"canonical\" href=\"https:\/\/franciscanos.org.br\/noticias\/quem-foi-frei-galvao-conheca-a-historia-do-primeiro-santo-brasileiro.html\" \/>\n<meta property=\"og:locale\" content=\"pt_BR\" \/>\n<meta property=\"og:type\" content=\"article\" \/>\n<meta property=\"og:title\" content=\"Quem foi Frei Galv\u00e3o? Conhe\u00e7a a hist\u00f3ria do primeiro santo brasileiro - Not\u00edcias - Franciscanos\" \/>\n<meta property=\"og:description\" content=\"Santos e Espiritualidade Crist\u00e3\" \/>\n<meta property=\"og:url\" content=\"https:\/\/franciscanos.org.br\/noticias\/quem-foi-frei-galvao-conheca-a-historia-do-primeiro-santo-brasileiro.html\" \/>\n<meta property=\"og:site_name\" content=\"Not\u00edcias - Franciscanos\" \/>\n<meta property=\"article:published_time\" content=\"2026-04-28T12:16:38+00:00\" \/>\n<meta property=\"og:image\" content=\"https:\/\/franciscanos.org.br\/noticias\/wp-content\/uploads\/2026\/04\/Frei-Galvao.jpg\" \/>\n\t<meta property=\"og:image:width\" content=\"1200\" \/>\n\t<meta property=\"og:image:height\" content=\"798\" \/>\n\t<meta property=\"og:image:type\" content=\"image\/jpeg\" \/>\n<meta name=\"author\" content=\"Guilherme Rocha\" \/>\n<meta name=\"twitter:card\" content=\"summary_large_image\" \/>\n<meta name=\"twitter:label1\" content=\"Escrito por\" \/>\n\t<meta name=\"twitter:data1\" content=\"Guilherme Rocha\" \/>\n\t<meta name=\"twitter:label2\" content=\"Est. tempo de leitura\" \/>\n\t<meta name=\"twitter:data2\" content=\"6 minutos\" \/>\n<script type=\"application\/ld+json\" class=\"yoast-schema-graph\">{\"@context\":\"https:\/\/schema.org\",\"@graph\":[{\"@type\":\"WebSite\",\"@id\":\"https:\/\/franciscanos.org.br\/noticias\/#website\",\"url\":\"https:\/\/franciscanos.org.br\/noticias\/\",\"name\":\"Not\u00edcias - Franciscanos\",\"description\":\"Prov\u00edncia Franciscana da Imaculada Concei\u00e7\u00e3o do Brasil - Ordem dos Frades Menores - OFM\",\"potentialAction\":[{\"@type\":\"SearchAction\",\"target\":{\"@type\":\"EntryPoint\",\"urlTemplate\":\"https:\/\/franciscanos.org.br\/noticias\/?s={search_term_string}\"},\"query-input\":\"required name=search_term_string\"}],\"inLanguage\":\"pt-BR\"},{\"@type\":\"ImageObject\",\"inLanguage\":\"pt-BR\",\"@id\":\"https:\/\/franciscanos.org.br\/noticias\/quem-foi-frei-galvao-conheca-a-historia-do-primeiro-santo-brasileiro.html#primaryimage\",\"url\":\"https:\/\/franciscanos.org.br\/noticias\/wp-content\/uploads\/2026\/04\/Frei-Galvao.jpg\",\"contentUrl\":\"https:\/\/franciscanos.org.br\/noticias\/wp-content\/uploads\/2026\/04\/Frei-Galvao.jpg\",\"width\":1200,\"height\":798},{\"@type\":\"WebPage\",\"@id\":\"https:\/\/franciscanos.org.br\/noticias\/quem-foi-frei-galvao-conheca-a-historia-do-primeiro-santo-brasileiro.html#webpage\",\"url\":\"https:\/\/franciscanos.org.br\/noticias\/quem-foi-frei-galvao-conheca-a-historia-do-primeiro-santo-brasileiro.html\",\"name\":\"Quem foi Frei Galv\u00e3o? Conhe\u00e7a a hist\u00f3ria do primeiro santo brasileiro - Not\u00edcias - Franciscanos\",\"isPartOf\":{\"@id\":\"https:\/\/franciscanos.org.br\/noticias\/#website\"},\"primaryImageOfPage\":{\"@id\":\"https:\/\/franciscanos.org.br\/noticias\/quem-foi-frei-galvao-conheca-a-historia-do-primeiro-santo-brasileiro.html#primaryimage\"},\"datePublished\":\"2026-04-28T12:16:38+00:00\",\"dateModified\":\"2026-04-28T12:16:38+00:00\",\"author\":{\"@id\":\"https:\/\/franciscanos.org.br\/noticias\/#\/schema\/person\/69bb4cd273a2528548b63cccab4980a0\"},\"breadcrumb\":{\"@id\":\"https:\/\/franciscanos.org.br\/noticias\/quem-foi-frei-galvao-conheca-a-historia-do-primeiro-santo-brasileiro.html#breadcrumb\"},\"inLanguage\":\"pt-BR\",\"potentialAction\":[{\"@type\":\"ReadAction\",\"target\":[\"https:\/\/franciscanos.org.br\/noticias\/quem-foi-frei-galvao-conheca-a-historia-do-primeiro-santo-brasileiro.html\"]}]},{\"@type\":\"BreadcrumbList\",\"@id\":\"https:\/\/franciscanos.org.br\/noticias\/quem-foi-frei-galvao-conheca-a-historia-do-primeiro-santo-brasileiro.html#breadcrumb\",\"itemListElement\":[{\"@type\":\"ListItem\",\"position\":1,\"name\":\"Home\",\"item\":\"https:\/\/franciscanos.org.br\/noticias\"},{\"@type\":\"ListItem\",\"position\":2,\"name\":\"Quem foi Frei Galv\u00e3o? Conhe\u00e7a a hist\u00f3ria do primeiro santo brasileiro\"}]},{\"@type\":\"Person\",\"@id\":\"https:\/\/franciscanos.org.br\/noticias\/#\/schema\/person\/69bb4cd273a2528548b63cccab4980a0\",\"name\":\"Guilherme Rocha\",\"image\":{\"@type\":\"ImageObject\",\"inLanguage\":\"pt-BR\",\"@id\":\"https:\/\/franciscanos.org.br\/noticias\/#\/schema\/person\/image\/\",\"url\":\"https:\/\/secure.gravatar.com\/avatar\/e480fee2377f81af36f6990ed742592a?s=96&d=mm&r=g\",\"contentUrl\":\"https:\/\/secure.gravatar.com\/avatar\/e480fee2377f81af36f6990ed742592a?s=96&d=mm&r=g\",\"caption\":\"Guilherme Rocha\"},\"url\":\"https:\/\/franciscanos.org.br\/noticias\/author\/guilhermerocha\"}]}<\/script>\n<!-- \/ Yoast SEO plugin. -->","yoast_head_json":{"title":"Quem foi Frei Galv\u00e3o? Conhe\u00e7a a hist\u00f3ria do primeiro santo brasileiro - Not\u00edcias - Franciscanos","robots":{"index":"index","follow":"follow","max-snippet":"max-snippet:-1","max-image-preview":"max-image-preview:large","max-video-preview":"max-video-preview:-1"},"canonical":"https:\/\/franciscanos.org.br\/noticias\/quem-foi-frei-galvao-conheca-a-historia-do-primeiro-santo-brasileiro.html","og_locale":"pt_BR","og_type":"article","og_title":"Quem foi Frei Galv\u00e3o? Conhe\u00e7a a hist\u00f3ria do primeiro santo brasileiro - Not\u00edcias - Franciscanos","og_description":"Santos e Espiritualidade Crist\u00e3","og_url":"https:\/\/franciscanos.org.br\/noticias\/quem-foi-frei-galvao-conheca-a-historia-do-primeiro-santo-brasileiro.html","og_site_name":"Not\u00edcias - Franciscanos","article_published_time":"2026-04-28T12:16:38+00:00","og_image":[{"width":1200,"height":798,"url":"https:\/\/franciscanos.org.br\/noticias\/wp-content\/uploads\/2026\/04\/Frei-Galvao.jpg","type":"image\/jpeg"}],"author":"Guilherme Rocha","twitter_card":"summary_large_image","twitter_misc":{"Escrito por":"Guilherme Rocha","Est. tempo de leitura":"6 minutos"},"schema":{"@context":"https:\/\/schema.org","@graph":[{"@type":"WebSite","@id":"https:\/\/franciscanos.org.br\/noticias\/#website","url":"https:\/\/franciscanos.org.br\/noticias\/","name":"Not\u00edcias - Franciscanos","description":"Prov\u00edncia Franciscana da Imaculada Concei\u00e7\u00e3o do Brasil - Ordem dos Frades Menores - OFM","potentialAction":[{"@type":"SearchAction","target":{"@type":"EntryPoint","urlTemplate":"https:\/\/franciscanos.org.br\/noticias\/?s={search_term_string}"},"query-input":"required name=search_term_string"}],"inLanguage":"pt-BR"},{"@type":"ImageObject","inLanguage":"pt-BR","@id":"https:\/\/franciscanos.org.br\/noticias\/quem-foi-frei-galvao-conheca-a-historia-do-primeiro-santo-brasileiro.html#primaryimage","url":"https:\/\/franciscanos.org.br\/noticias\/wp-content\/uploads\/2026\/04\/Frei-Galvao.jpg","contentUrl":"https:\/\/franciscanos.org.br\/noticias\/wp-content\/uploads\/2026\/04\/Frei-Galvao.jpg","width":1200,"height":798},{"@type":"WebPage","@id":"https:\/\/franciscanos.org.br\/noticias\/quem-foi-frei-galvao-conheca-a-historia-do-primeiro-santo-brasileiro.html#webpage","url":"https:\/\/franciscanos.org.br\/noticias\/quem-foi-frei-galvao-conheca-a-historia-do-primeiro-santo-brasileiro.html","name":"Quem foi Frei Galv\u00e3o? Conhe\u00e7a a hist\u00f3ria do primeiro santo brasileiro - Not\u00edcias - Franciscanos","isPartOf":{"@id":"https:\/\/franciscanos.org.br\/noticias\/#website"},"primaryImageOfPage":{"@id":"https:\/\/franciscanos.org.br\/noticias\/quem-foi-frei-galvao-conheca-a-historia-do-primeiro-santo-brasileiro.html#primaryimage"},"datePublished":"2026-04-28T12:16:38+00:00","dateModified":"2026-04-28T12:16:38+00:00","author":{"@id":"https:\/\/franciscanos.org.br\/noticias\/#\/schema\/person\/69bb4cd273a2528548b63cccab4980a0"},"breadcrumb":{"@id":"https:\/\/franciscanos.org.br\/noticias\/quem-foi-frei-galvao-conheca-a-historia-do-primeiro-santo-brasileiro.html#breadcrumb"},"inLanguage":"pt-BR","potentialAction":[{"@type":"ReadAction","target":["https:\/\/franciscanos.org.br\/noticias\/quem-foi-frei-galvao-conheca-a-historia-do-primeiro-santo-brasileiro.html"]}]},{"@type":"BreadcrumbList","@id":"https:\/\/franciscanos.org.br\/noticias\/quem-foi-frei-galvao-conheca-a-historia-do-primeiro-santo-brasileiro.html#breadcrumb","itemListElement":[{"@type":"ListItem","position":1,"name":"Home","item":"https:\/\/franciscanos.org.br\/noticias"},{"@type":"ListItem","position":2,"name":"Quem foi Frei Galv\u00e3o? Conhe\u00e7a a hist\u00f3ria do primeiro santo brasileiro"}]},{"@type":"Person","@id":"https:\/\/franciscanos.org.br\/noticias\/#\/schema\/person\/69bb4cd273a2528548b63cccab4980a0","name":"Guilherme Rocha","image":{"@type":"ImageObject","inLanguage":"pt-BR","@id":"https:\/\/franciscanos.org.br\/noticias\/#\/schema\/person\/image\/","url":"https:\/\/secure.gravatar.com\/avatar\/e480fee2377f81af36f6990ed742592a?s=96&d=mm&r=g","contentUrl":"https:\/\/secure.gravatar.com\/avatar\/e480fee2377f81af36f6990ed742592a?s=96&d=mm&r=g","caption":"Guilherme Rocha"},"url":"https:\/\/franciscanos.org.br\/noticias\/author\/guilhermerocha"}]}},"_links":{"self":[{"href":"https:\/\/franciscanos.org.br\/noticias\/wp-json\/wp\/v2\/posts\/266563"}],"collection":[{"href":"https:\/\/franciscanos.org.br\/noticias\/wp-json\/wp\/v2\/posts"}],"about":[{"href":"https:\/\/franciscanos.org.br\/noticias\/wp-json\/wp\/v2\/types\/post"}],"author":[{"embeddable":true,"href":"https:\/\/franciscanos.org.br\/noticias\/wp-json\/wp\/v2\/users\/15"}],"replies":[{"embeddable":true,"href":"https:\/\/franciscanos.org.br\/noticias\/wp-json\/wp\/v2\/comments?post=266563"}],"version-history":[{"count":2,"href":"https:\/\/franciscanos.org.br\/noticias\/wp-json\/wp\/v2\/posts\/266563\/revisions"}],"predecessor-version":[{"id":266569,"href":"https:\/\/franciscanos.org.br\/noticias\/wp-json\/wp\/v2\/posts\/266563\/revisions\/266569"}],"wp:featuredmedia":[{"embeddable":true,"href":"https:\/\/franciscanos.org.br\/noticias\/wp-json\/wp\/v2\/media\/266567"}],"wp:attachment":[{"href":"https:\/\/franciscanos.org.br\/noticias\/wp-json\/wp\/v2\/media?parent=266563"}],"wp:term":[{"taxonomy":"category","embeddable":true,"href":"https:\/\/franciscanos.org.br\/noticias\/wp-json\/wp\/v2\/categories?post=266563"},{"taxonomy":"post_tag","embeddable":true,"href":"https:\/\/franciscanos.org.br\/noticias\/wp-json\/wp\/v2\/tags?post=266563"}],"curies":[{"name":"wp","href":"https:\/\/api.w.org\/{rel}","templated":true}]}}