{"id":266547,"date":"2026-04-28T08:12:43","date_gmt":"2026-04-28T11:12:43","guid":{"rendered":"https:\/\/franciscanos.org.br\/noticias\/?p=266547"},"modified":"2026-04-28T15:14:43","modified_gmt":"2026-04-28T18:14:43","slug":"marcos-da-historia-episcopado-brasileiro-aprova-diretrizes-de-acao-evangelizadora-com-vivencia-sinodal-em-aparecida","status":"publish","type":"post","link":"https:\/\/franciscanos.org.br\/noticias\/marcos-da-historia-episcopado-brasileiro-aprova-diretrizes-de-acao-evangelizadora-com-vivencia-sinodal-em-aparecida.html","title":{"rendered":"Marcos da hist\u00f3ria: Episcopado brasileiro aprova Diretrizes de A\u00e7\u00e3o Evangelizadora com viv\u00eancia sinodal em Aparecida"},"content":{"rendered":"<p><img loading=\"lazy\" class=\"aligncenter wp-image-266548 size-full\" src=\"https:\/\/franciscanos.org.br\/noticias\/wp-content\/uploads\/2026\/04\/Principal-222.jpg\" alt=\"\" width=\"1024\" height=\"577\" srcset=\"https:\/\/franciscanos.org.br\/noticias\/wp-content\/uploads\/2026\/04\/Principal-222.jpg 1024w, https:\/\/franciscanos.org.br\/noticias\/wp-content\/uploads\/2026\/04\/Principal-222-450x254.jpg 450w, https:\/\/franciscanos.org.br\/noticias\/wp-content\/uploads\/2026\/04\/Principal-222-768x433.jpg 768w, https:\/\/franciscanos.org.br\/noticias\/wp-content\/uploads\/2026\/04\/Principal-222-150x85.jpg 150w\" sizes=\"(max-width: 1024px) 100vw, 1024px\" \/><\/p>\n<p><span style=\"font-weight: 400;\">Quatro anos, mais de 1500 emendas e um caminho, com mais tempo, \u00e9 verdade. At\u00e9 a edi\u00e7\u00e3o de n\u00famero 62 da Assembleia Geral dos Bispos do Brasil, organizada pela Confer\u00eancia Nacional dos Bispos do Brasil (CNBB), as Diretrizes Gerais de A\u00e7\u00e3o Evangelizadora (DGAE) tinham quatro anos para serem implementadas, vividas e compartilhadas nas dioceses, par\u00f3quias e comunidades; mas, este ano, os bispos aprovaram uma extens\u00e3o desse per\u00edodo, para seis anos.<\/span><\/p>\n<p><span style=\"font-weight: 400;\">Ser\u00e3o mais dias, horas e experi\u00eancias da sinodalidade, t\u00e3o falada e trabalhada em Aparecida, S\u00e3o Paulo, entre 15 e 24 de abril. Aben\u00e7oados pelo \u2018Ap\u00f3stolo de Aparecida\u2019, padre V\u00edtor Coelho de Almeida, no Centro de Eventos que leva seu nome, e pela Padroeira do Brasil, Nossa Senhora da Concei\u00e7\u00e3o Aparecida, os bispos titulares e em\u00e9ritos aprovaram, marcados pela esperan\u00e7a e pelo compromisso renovado com a evangeliza\u00e7\u00e3o em tempos desafiadores, as novas DGAE.<\/span><\/p>\n<p><span style=\"font-weight: 400;\">Divididas em seis cap\u00edtulos (Estrutura de &#8220;Tenda&#8221; e Comunidade (Cap\u00edtulo 1): Introduz a imagem da &#8220;tenda&#8221; como representa\u00e7\u00e3o da Igreja. Tem\u00e1ticas Sinodais (Cap\u00edtulo 2): Aprofunda os processos de implementa\u00e7\u00e3o do S\u00ednodo dos Bispos 2021-2024. Liturgia e Miss\u00e3o (Cap\u00edtulo 3): Aborda temas de liturgia e textos lit\u00fargicos. Caminhos Finais (Cap\u00edtulos 4, 5 e 6): Analisados pelos bispos como os cap\u00edtulos de encerramento do texto das diretrizes) a aprova\u00e7\u00e3o do texto n\u00e3o cumpriu apenas um protocolo, acumulado pelo tempo, devido a n\u00e3o realiza\u00e7\u00e3o da AG em 2025, pelo falecimento \u00e0s v\u00e9speras do Papa Francisco; mas foi o \u00e1pice de um processo de escuta que envolveu comunidades de todo o pa\u00eds. O clima de comunh\u00e3o foi refor\u00e7ado logo no in\u00edcio dos trabalhos, por uma carinhosa carta enviada pelo Papa Le\u00e3o XIV, que encorajou o episcopado brasileiro a manter a unidade e a fidelidade ao an\u00fancio do Evangelho. \u00c9 uma mensagem do presidente do Brasil, Lu\u00eds In\u00e1cio Lula da Silva, refor\u00e7ando o compromisso do estado com a liberdade religiosa e reconhecimento pelos trabalhos sociais e caritativos.<\/span><\/p>\n\n\t\t<style type=\"text\/css\">\n\t\t\t#gallery-1 {\n\t\t\t\tmargin: auto;\n\t\t\t}\n\t\t\t#gallery-1 .gallery-item {\n\t\t\t\tfloat: left;\n\t\t\t\tmargin-top: 10px;\n\t\t\t\ttext-align: center;\n\t\t\t\twidth: 33%;\n\t\t\t}\n\t\t\t#gallery-1 img {\n\t\t\t\tborder: 2px solid #cfcfcf;\n\t\t\t}\n\t\t\t#gallery-1 .gallery-caption {\n\t\t\t\tmargin-left: 0;\n\t\t\t}\n\t\t\t\/* see gallery_shortcode() in wp-includes\/media.php *\/\n\t\t<\/style>\n\t\t<div id='gallery-1' class='gallery galleryid-266547 gallery-columns-3 gallery-size-thumbnail'><dl class='gallery-item'>\n\t\t\t<dt class='gallery-icon landscape'>\n\t\t\t\t<a href='https:\/\/franciscanos.org.br\/noticias\/wp-content\/uploads\/2026\/04\/FOTO-CNBB-03-DIVULGACAO-CNBB.jpg'><img width=\"300\" height=\"300\" src=\"https:\/\/franciscanos.org.br\/noticias\/wp-content\/uploads\/2026\/04\/FOTO-CNBB-03-DIVULGACAO-CNBB-300x300.jpg\" class=\"attachment-thumbnail size-thumbnail\" alt=\"\" loading=\"lazy\" srcset=\"https:\/\/franciscanos.org.br\/noticias\/wp-content\/uploads\/2026\/04\/FOTO-CNBB-03-DIVULGACAO-CNBB-300x300.jpg 300w, https:\/\/franciscanos.org.br\/noticias\/wp-content\/uploads\/2026\/04\/FOTO-CNBB-03-DIVULGACAO-CNBB-100x100.jpg 100w\" sizes=\"(max-width: 300px) 100vw, 300px\" \/><\/a>\n\t\t\t<\/dt><\/dl><dl class='gallery-item'>\n\t\t\t<dt class='gallery-icon landscape'>\n\t\t\t\t<a href='https:\/\/franciscanos.org.br\/noticias\/wp-content\/uploads\/2026\/04\/FOTO-CNBB-13-GUILHERME-COSTA-RADIO-FREI-GALVAO.jpeg'><img width=\"300\" height=\"300\" src=\"https:\/\/franciscanos.org.br\/noticias\/wp-content\/uploads\/2026\/04\/FOTO-CNBB-13-GUILHERME-COSTA-RADIO-FREI-GALVAO-300x300.jpeg\" class=\"attachment-thumbnail size-thumbnail\" alt=\"\" loading=\"lazy\" srcset=\"https:\/\/franciscanos.org.br\/noticias\/wp-content\/uploads\/2026\/04\/FOTO-CNBB-13-GUILHERME-COSTA-RADIO-FREI-GALVAO-300x300.jpeg 300w, https:\/\/franciscanos.org.br\/noticias\/wp-content\/uploads\/2026\/04\/FOTO-CNBB-13-GUILHERME-COSTA-RADIO-FREI-GALVAO-100x100.jpeg 100w\" sizes=\"(max-width: 300px) 100vw, 300px\" \/><\/a>\n\t\t\t<\/dt><\/dl><dl class='gallery-item'>\n\t\t\t<dt class='gallery-icon landscape'>\n\t\t\t\t<a href='https:\/\/franciscanos.org.br\/noticias\/wp-content\/uploads\/2026\/04\/FOTO-CNBB-12-GUILHERME-COSTA-RADIO-FREI-GALVAO.jpeg'><img width=\"300\" height=\"300\" src=\"https:\/\/franciscanos.org.br\/noticias\/wp-content\/uploads\/2026\/04\/FOTO-CNBB-12-GUILHERME-COSTA-RADIO-FREI-GALVAO-300x300.jpeg\" class=\"attachment-thumbnail size-thumbnail\" alt=\"\" loading=\"lazy\" srcset=\"https:\/\/franciscanos.org.br\/noticias\/wp-content\/uploads\/2026\/04\/FOTO-CNBB-12-GUILHERME-COSTA-RADIO-FREI-GALVAO-300x300.jpeg 300w, https:\/\/franciscanos.org.br\/noticias\/wp-content\/uploads\/2026\/04\/FOTO-CNBB-12-GUILHERME-COSTA-RADIO-FREI-GALVAO-100x100.jpeg 100w\" sizes=\"(max-width: 300px) 100vw, 300px\" \/><\/a>\n\t\t\t<\/dt><\/dl><br style=\"clear: both\" \/>\n\t\t<\/div>\n\n<p><span style=\"font-weight: 400;\">O Cardeal franciscano Jaime Spengler, presidente da CNBB, explicou que a &#8220;tenda&#8221; representa uma Igreja que acolhe, que protege e que se move. Um dos pontos mais significativos das novas diretrizes \u00e9 a sintonia total com as decis\u00f5es do S\u00ednodo sobre a Sinodalidade, promovido pelo Papa Francisco. A Igreja no Brasil reafirma que seu caminho \u00e9 o da corresponsabilidade, onde clero, religiosos e leigos caminham juntos, ouvindo o que o Esp\u00edrito diz \u00e0s comunidades locais. \u201cCada assembleia da CNBB \u00e9 um verdadeiro Pentecostes. Hoje somos 497 bispos no Brasil &#8211; o maior episcopado do mundo. \u00c9 muito triste quando se ouve que a confer\u00eancia n\u00e3o representa algu\u00e9m; ela busca promover e sustentar a comunh\u00e3o entre os bispos, sucessores dos ap\u00f3stolos, na miss\u00e3o de promover a evangeliza\u00e7\u00e3o\u201d, pontuou.<\/span><\/p>\n<p><span style=\"font-weight: 400;\">A igreja existe para evangelizar, afirmou o cardeal. \u201cBuscamos construir indica\u00e7\u00f5es para que a obra continue conforme os desafios do tempo presente. O Brasil \u00e9 imenso e marcado por diferen\u00e7as; por isso as diretrizes s\u00e3o gerais, auxiliando as igrejas particulares a construir indica\u00e7\u00f5es vi\u00e1veis para a realidade local\u201d, acentuou. Complementando a vis\u00e3o de renova\u00e7\u00e3o, a Irm\u00e3 Regina da Costa Pedro, diretora das Pontif\u00edcias Obras Mission\u00e1rias no Brasil, recordou a necessidade de foco na miss\u00e3o: \u201cA ess\u00eancia \u00e9 a miss\u00e3o, mas as nossas urg\u00eancias \u00e0s vezes fazem com que nos tornemos uma igreja muito autorreferencial. \u00c9 necess\u00e1rio esse cont\u00ednuo caminho de convers\u00e3o para podermos voltar a ser aquilo que n\u00f3s somos\u201d, refletiu.<\/span><\/p>\n<p><span style=\"font-weight: 400;\">Ao longo da AG as diversas comiss\u00f5es episcopais abordaram e trabalharam importantes eventos nos pr\u00f3ximos anos, com agendas que abrangem desde encontros de base at\u00e9 congressos continentais. Segundo o arcebispo de Goi\u00e2nia e vice-presidente da CNBB, dom Jo\u00e3o Justino de Medeiros Silva, o calend\u00e1rio come\u00e7a em julho de 2027, entre os dias 20 e 24, com o 16\u00ba Intereclesial das Comunidades Eclesiais de Base (CEBs), que ser\u00e1 realizado na Diocese de Cachoeiro do Itapemirim, no Esp\u00edrito Santo. Ainda em 2027, a cidade de Goi\u00e2nia (GO) receber\u00e1 o 19\u00ba Congresso Eucar\u00edstico Nacional (CEN). O evento ocorrer\u00e1 de 03 a 07 de setembro sob o tema &#8220;H\u00f3stias vivas no mundo, para a gl\u00f3ria do Pai&#8221;, com o objetivo de refor\u00e7ar a import\u00e2ncia da Eucaristia no cotidiano crist\u00e3o. J\u00e1 para novembro de 2029, est\u00e1 prevista a realiza\u00e7\u00e3o do 7\u00ba Congresso Americano Mission\u00e1rio (CAM 7) em Curitiba (PR). Com o tema &#8220;Am\u00e9rica em sa\u00edda, povo de Deus que anuncia e testemunha Jesus Cristo&#8221;, o congresso contar\u00e1 com representantes de 22 pa\u00edses. Para viabilizar o encontro, o episcopado brasileiro aprovou, durante a 62\u00aa Assembleia Geral, a cria\u00e7\u00e3o de um Ano Mission\u00e1rio Nacional (de novembro de 2028 a novembro de 2029) e a realiza\u00e7\u00e3o de uma coleta espec\u00edfica para o subs\u00eddio do evento.<\/span><\/p>\n\n\t\t<style type=\"text\/css\">\n\t\t\t#gallery-2 {\n\t\t\t\tmargin: auto;\n\t\t\t}\n\t\t\t#gallery-2 .gallery-item {\n\t\t\t\tfloat: left;\n\t\t\t\tmargin-top: 10px;\n\t\t\t\ttext-align: center;\n\t\t\t\twidth: 33%;\n\t\t\t}\n\t\t\t#gallery-2 img {\n\t\t\t\tborder: 2px solid #cfcfcf;\n\t\t\t}\n\t\t\t#gallery-2 .gallery-caption {\n\t\t\t\tmargin-left: 0;\n\t\t\t}\n\t\t\t\/* see gallery_shortcode() in wp-includes\/media.php *\/\n\t\t<\/style>\n\t\t<div id='gallery-2' class='gallery galleryid-266547 gallery-columns-3 gallery-size-thumbnail'><dl class='gallery-item'>\n\t\t\t<dt class='gallery-icon landscape'>\n\t\t\t\t<a href='https:\/\/franciscanos.org.br\/noticias\/wp-content\/uploads\/2026\/04\/FOTO-CNBB-03-DIVULGACAO-CNBB-1.jpg'><img width=\"300\" height=\"300\" src=\"https:\/\/franciscanos.org.br\/noticias\/wp-content\/uploads\/2026\/04\/FOTO-CNBB-03-DIVULGACAO-CNBB-1-300x300.jpg\" class=\"attachment-thumbnail size-thumbnail\" alt=\"\" loading=\"lazy\" srcset=\"https:\/\/franciscanos.org.br\/noticias\/wp-content\/uploads\/2026\/04\/FOTO-CNBB-03-DIVULGACAO-CNBB-1-300x300.jpg 300w, https:\/\/franciscanos.org.br\/noticias\/wp-content\/uploads\/2026\/04\/FOTO-CNBB-03-DIVULGACAO-CNBB-1-100x100.jpg 100w\" sizes=\"(max-width: 300px) 100vw, 300px\" \/><\/a>\n\t\t\t<\/dt><\/dl><dl class='gallery-item'>\n\t\t\t<dt class='gallery-icon landscape'>\n\t\t\t\t<a href='https:\/\/franciscanos.org.br\/noticias\/wp-content\/uploads\/2026\/04\/FOTO-CNBB-09-FIAMA-TONHA.jpg'><img width=\"300\" height=\"300\" src=\"https:\/\/franciscanos.org.br\/noticias\/wp-content\/uploads\/2026\/04\/FOTO-CNBB-09-FIAMA-TONHA-300x300.jpg\" class=\"attachment-thumbnail size-thumbnail\" alt=\"\" loading=\"lazy\" srcset=\"https:\/\/franciscanos.org.br\/noticias\/wp-content\/uploads\/2026\/04\/FOTO-CNBB-09-FIAMA-TONHA-300x300.jpg 300w, https:\/\/franciscanos.org.br\/noticias\/wp-content\/uploads\/2026\/04\/FOTO-CNBB-09-FIAMA-TONHA-100x100.jpg 100w\" sizes=\"(max-width: 300px) 100vw, 300px\" \/><\/a>\n\t\t\t<\/dt><\/dl><dl class='gallery-item'>\n\t\t\t<dt class='gallery-icon landscape'>\n\t\t\t\t<a href='https:\/\/franciscanos.org.br\/noticias\/wp-content\/uploads\/2026\/04\/FOTO-CNBB-08-FELIPE-PADILHA.jpg'><img width=\"300\" height=\"300\" src=\"https:\/\/franciscanos.org.br\/noticias\/wp-content\/uploads\/2026\/04\/FOTO-CNBB-08-FELIPE-PADILHA-300x300.jpg\" class=\"attachment-thumbnail size-thumbnail\" alt=\"\" loading=\"lazy\" srcset=\"https:\/\/franciscanos.org.br\/noticias\/wp-content\/uploads\/2026\/04\/FOTO-CNBB-08-FELIPE-PADILHA-300x300.jpg 300w, https:\/\/franciscanos.org.br\/noticias\/wp-content\/uploads\/2026\/04\/FOTO-CNBB-08-FELIPE-PADILHA-100x100.jpg 100w\" sizes=\"(max-width: 300px) 100vw, 300px\" \/><\/a>\n\t\t\t<\/dt><\/dl><br style=\"clear: both\" \/>\n\t\t<\/div>\n\n<p><b>Celebra\u00e7\u00f5es: F\u00e9 que se torna vida<\/b><\/p>\n<p><span style=\"font-weight: 400;\">Os dez dias de assembleia foram pontuados por celebra\u00e7\u00f5es emocionantes na Bas\u00edlica de Aparecida. Houve momentos de ora\u00e7\u00e3o especial pelos bispos em\u00e9ritos &#8211; nossos pastores que j\u00e1 completaram seu tempo de governo, mas continuam sendo fontes de sabedoria &#8211; e missas que recordaram as v\u00edtimas da exclus\u00e3o social. A Missa de encerramento, no dia 24 de abril, foi um grande ato de a\u00e7\u00e3o de gra\u00e7as. Nela, o episcopado reafirmou seu compromisso de ser uma presen\u00e7a prof\u00e9tica, especialmente em regi\u00f5es como a Amaz\u00f4nia, onde a ecologia integral e a defesa dos povos origin\u00e1rios s\u00e3o urg\u00eancias inadi\u00e1veis.<\/span><\/p>\n<p><span style=\"font-weight: 400;\">Em 2026, a Assembleia Geral ainda celebrou os 200 anos de rela\u00e7\u00e3o Brasil-Santa S\u00e9 e o Acordo de 2008. Os encontros contaram com a presen\u00e7a do N\u00fancio Apost\u00f3lico no Brasil, Dom Giambattista Diquattro.\u00a0\u00a0<\/span><\/p>\n<p><span style=\"font-weight: 400;\">\u201cO Acordo Brasil Santa S\u00e9 d\u00e1 cidadania \u00e0 Igreja, \u00e0s a\u00e7\u00f5es da Igreja. Ele d\u00e1 cidadania a tudo aquilo que a Igreja faz. Ele representa a verdadeira laicidade do Estado. Duzentos anos de rela\u00e7\u00e3o e, nesses duzentos anos, a Igreja foi uma grande companheira do Estado brasileiro. Claro que teve momentos um pouco mais dif\u00edceis nessa rela\u00e7\u00e3o, com a quest\u00e3o religiosa. Depois, tamb\u00e9m, quando teve a proclama\u00e7\u00e3o da Rep\u00fablica. Mas a rela\u00e7\u00e3o, cada vez mais, foi amadurecendo. E o acordo, em 2008, representa exatamente esse momento bonito, maduro, desses duzentos anos de rela\u00e7\u00e3o. Onde, entre dois Estados, foi assinado esse documento, esse acordo. E que d\u00e1 a liberdade, onde a liberdade religiosa est\u00e1 no centro, onde afirma a liberdade religiosa, a liberdade e o direito que a Igreja tem de exercer a sua miss\u00e3o e de continuar a contribuir com a sociedade brasileira, atrav\u00e9s das suas in\u00fameras obras\u201d, analisou o Cardeal Paulo Cezar Costa, arcebispo de Bras\u00edlia (DF) e presidente da Comiss\u00e3o Especial para o Acordo Brasil &#8211; Santa S\u00e9.<\/span><\/p>\n\n\t\t<style type=\"text\/css\">\n\t\t\t#gallery-3 {\n\t\t\t\tmargin: auto;\n\t\t\t}\n\t\t\t#gallery-3 .gallery-item {\n\t\t\t\tfloat: left;\n\t\t\t\tmargin-top: 10px;\n\t\t\t\ttext-align: center;\n\t\t\t\twidth: 33%;\n\t\t\t}\n\t\t\t#gallery-3 img {\n\t\t\t\tborder: 2px solid #cfcfcf;\n\t\t\t}\n\t\t\t#gallery-3 .gallery-caption {\n\t\t\t\tmargin-left: 0;\n\t\t\t}\n\t\t\t\/* see gallery_shortcode() in wp-includes\/media.php *\/\n\t\t<\/style>\n\t\t<div id='gallery-3' class='gallery galleryid-266547 gallery-columns-3 gallery-size-thumbnail'><dl class='gallery-item'>\n\t\t\t<dt class='gallery-icon landscape'>\n\t\t\t\t<a href='https:\/\/franciscanos.org.br\/noticias\/wp-content\/uploads\/2026\/04\/FOTO-CNBB-06-JAISON-ALVES-DA-SILVA.jpg'><img width=\"300\" height=\"300\" src=\"https:\/\/franciscanos.org.br\/noticias\/wp-content\/uploads\/2026\/04\/FOTO-CNBB-06-JAISON-ALVES-DA-SILVA-300x300.jpg\" class=\"attachment-thumbnail size-thumbnail\" alt=\"\" loading=\"lazy\" srcset=\"https:\/\/franciscanos.org.br\/noticias\/wp-content\/uploads\/2026\/04\/FOTO-CNBB-06-JAISON-ALVES-DA-SILVA-300x300.jpg 300w, https:\/\/franciscanos.org.br\/noticias\/wp-content\/uploads\/2026\/04\/FOTO-CNBB-06-JAISON-ALVES-DA-SILVA-100x100.jpg 100w\" sizes=\"(max-width: 300px) 100vw, 300px\" \/><\/a>\n\t\t\t<\/dt><\/dl><dl class='gallery-item'>\n\t\t\t<dt class='gallery-icon landscape'>\n\t\t\t\t<a href='https:\/\/franciscanos.org.br\/noticias\/wp-content\/uploads\/2026\/04\/FOTO-CNBB-02-DIVULGACAO-CNBB.jpg'><img width=\"300\" height=\"300\" src=\"https:\/\/franciscanos.org.br\/noticias\/wp-content\/uploads\/2026\/04\/FOTO-CNBB-02-DIVULGACAO-CNBB-300x300.jpg\" class=\"attachment-thumbnail size-thumbnail\" alt=\"\" loading=\"lazy\" srcset=\"https:\/\/franciscanos.org.br\/noticias\/wp-content\/uploads\/2026\/04\/FOTO-CNBB-02-DIVULGACAO-CNBB-300x300.jpg 300w, https:\/\/franciscanos.org.br\/noticias\/wp-content\/uploads\/2026\/04\/FOTO-CNBB-02-DIVULGACAO-CNBB-100x100.jpg 100w\" sizes=\"(max-width: 300px) 100vw, 300px\" \/><\/a>\n\t\t\t<\/dt><\/dl><dl class='gallery-item'>\n\t\t\t<dt class='gallery-icon landscape'>\n\t\t\t\t<a href='https:\/\/franciscanos.org.br\/noticias\/wp-content\/uploads\/2026\/04\/FOTO-CNBB-05-JAISON-ALVES-DA-SILVA.jpg'><img width=\"300\" height=\"300\" src=\"https:\/\/franciscanos.org.br\/noticias\/wp-content\/uploads\/2026\/04\/FOTO-CNBB-05-JAISON-ALVES-DA-SILVA-300x300.jpg\" class=\"attachment-thumbnail size-thumbnail\" alt=\"\" loading=\"lazy\" srcset=\"https:\/\/franciscanos.org.br\/noticias\/wp-content\/uploads\/2026\/04\/FOTO-CNBB-05-JAISON-ALVES-DA-SILVA-300x300.jpg 300w, https:\/\/franciscanos.org.br\/noticias\/wp-content\/uploads\/2026\/04\/FOTO-CNBB-05-JAISON-ALVES-DA-SILVA-100x100.jpg 100w\" sizes=\"(max-width: 300px) 100vw, 300px\" \/><\/a>\n\t\t\t<\/dt><\/dl><br style=\"clear: both\" \/>\n\t\t<\/div>\n\n<p><b>Igreja, cidadania e o ano eleitoral<\/b><\/p>\n<p><span style=\"font-weight: 400;\">Em um ano marcado por elei\u00e7\u00f5es gerais, a Igreja reafirmou seu papel na forma\u00e7\u00e3o da consci\u00eancia pol\u00edtica, sem cair no partidarismo. O Cardeal Jaime Spengler, presidente da CNBB, foi enf\u00e1tico ao dizer que o voto \u00e9 a express\u00e3o do esp\u00edrito democr\u00e1tico: \u201cO voto \u00e9 a express\u00e3o do esp\u00edrito democr\u00e1tico que existe entre n\u00f3s. Num esp\u00edrito republicano, cada cidad\u00e3o \u00e9 chamado a manifestar, atrav\u00e9s do voto, aquilo que sonha para um Brasil melhor. Nesse sentido, as elei\u00e7\u00f5es s\u00e3o uma oportunidade privilegiada para avaliar propostas, considerar e ver o que n\u00f3s verdadeiramente desejamos, a partir dos crit\u00e9rios do Evangelho, para o futuro do nosso Brasil. A igreja n\u00e3o tem partido pol\u00edtico, por\u00e9m, a igreja promove consci\u00eancia cidad\u00e3, consci\u00eancia pol\u00edtica. E nesse sentido, certamente a igreja tem sim uma responsabilidade neste processo. Repito, a igreja n\u00e3o faz publicidade pol\u00edtica partid\u00e1ria. At\u00e9 porque, ao longo da hist\u00f3ria, sempre que pol\u00edtica partid\u00e1ria e religi\u00e3o se encontraram ou se encontram, os resultados n\u00e3o s\u00e3o ou n\u00e3o foram positivos\u201d.<\/span><\/p>\n<p><span style=\"font-weight: 400;\">Cardeal Paulo Cezar Costa, arcebispo de Bras\u00edlia (DF) refor\u00e7ou o coro contra a instrumentaliza\u00e7\u00e3o da f\u00e9. \u201cA religi\u00e3o nunca deve ser instrumento de manipula\u00e7\u00e3o, ela nunca deve ser instrumento para uso eleitoral. \u00c9 claro que n\u00f3s, religiosos, votamos, os cat\u00f3licos votam, os evang\u00e9licos votam, mas a religi\u00e3o n\u00e3o deve ser nunca instrumento de manipula\u00e7\u00e3o eleitoral, a religi\u00e3o aponta sempre na dire\u00e7\u00e3o do bem, na dire\u00e7\u00e3o da \u00e9tica, ela aponta sempre na dire\u00e7\u00e3o de uma sociedade verdadeiramente \u00e0 altura e grandeza da dignidade humana. Por isso, a religi\u00e3o nunca deve ser instrumentalizada, e n\u00e3o \u00e9 o caminho, essa busca nesse tempo, nesse ano eleitoral, na busca de proximidades, na busca de conchavos, que \u00e0s vezes conchavos que n\u00e3o s\u00e3o evang\u00e9licos e que n\u00e3o exprimem o evangelho. Ent\u00e3o, a religi\u00e3o nunca deve ser manipulada\u201d, disse.\u00a0\u00a0<\/span><\/p>\n<p><span style=\"font-weight: 400;\">J\u00e1 o secret\u00e1rio-geral da CNBB, Dom Ricardo Hoepers afirmou que todos temos responsabilidade do voto. \u201cResponsabilidade cidad\u00e3, n\u00f3s temos todos uma responsabilidade no voto, \u00e9 a nossa participa\u00e7\u00e3o na democracia, ent\u00e3o estamos conscientizando a todos do papel e da import\u00e2ncia desse momento e que todos possam fazer essa diferen\u00e7a com o voto consciente e que ajude o bem comum do nosso pa\u00eds\u201d, falou.\u00a0<\/span><\/p>\n\n\t\t<style type=\"text\/css\">\n\t\t\t#gallery-4 {\n\t\t\t\tmargin: auto;\n\t\t\t}\n\t\t\t#gallery-4 .gallery-item {\n\t\t\t\tfloat: left;\n\t\t\t\tmargin-top: 10px;\n\t\t\t\ttext-align: center;\n\t\t\t\twidth: 33%;\n\t\t\t}\n\t\t\t#gallery-4 img {\n\t\t\t\tborder: 2px solid #cfcfcf;\n\t\t\t}\n\t\t\t#gallery-4 .gallery-caption {\n\t\t\t\tmargin-left: 0;\n\t\t\t}\n\t\t\t\/* see gallery_shortcode() in wp-includes\/media.php *\/\n\t\t<\/style>\n\t\t<div id='gallery-4' class='gallery galleryid-266547 gallery-columns-3 gallery-size-thumbnail'><dl class='gallery-item'>\n\t\t\t<dt class='gallery-icon landscape'>\n\t\t\t\t<a href='https:\/\/franciscanos.org.br\/noticias\/wp-content\/uploads\/2026\/04\/FOTO-CNBB-04-AUGUSTO-CRUZ.jpg'><img width=\"300\" height=\"300\" src=\"https:\/\/franciscanos.org.br\/noticias\/wp-content\/uploads\/2026\/04\/FOTO-CNBB-04-AUGUSTO-CRUZ-300x300.jpg\" class=\"attachment-thumbnail size-thumbnail\" alt=\"\" loading=\"lazy\" srcset=\"https:\/\/franciscanos.org.br\/noticias\/wp-content\/uploads\/2026\/04\/FOTO-CNBB-04-AUGUSTO-CRUZ-300x300.jpg 300w, https:\/\/franciscanos.org.br\/noticias\/wp-content\/uploads\/2026\/04\/FOTO-CNBB-04-AUGUSTO-CRUZ-100x100.jpg 100w\" sizes=\"(max-width: 300px) 100vw, 300px\" \/><\/a>\n\t\t\t<\/dt><\/dl><dl class='gallery-item'>\n\t\t\t<dt class='gallery-icon portrait'>\n\t\t\t\t<a href='https:\/\/franciscanos.org.br\/noticias\/wp-content\/uploads\/2026\/04\/FOTO-CNBB-11-GUILHERME-COSTA-RADIO-FREI-GALVAO.jpeg'><img width=\"300\" height=\"300\" src=\"https:\/\/franciscanos.org.br\/noticias\/wp-content\/uploads\/2026\/04\/FOTO-CNBB-11-GUILHERME-COSTA-RADIO-FREI-GALVAO-300x300.jpeg\" class=\"attachment-thumbnail size-thumbnail\" alt=\"\" loading=\"lazy\" srcset=\"https:\/\/franciscanos.org.br\/noticias\/wp-content\/uploads\/2026\/04\/FOTO-CNBB-11-GUILHERME-COSTA-RADIO-FREI-GALVAO-300x300.jpeg 300w, https:\/\/franciscanos.org.br\/noticias\/wp-content\/uploads\/2026\/04\/FOTO-CNBB-11-GUILHERME-COSTA-RADIO-FREI-GALVAO-100x100.jpeg 100w\" sizes=\"(max-width: 300px) 100vw, 300px\" \/><\/a>\n\t\t\t<\/dt><\/dl><dl class='gallery-item'>\n\t\t\t<dt class='gallery-icon landscape'>\n\t\t\t\t<a href='https:\/\/franciscanos.org.br\/noticias\/wp-content\/uploads\/2026\/04\/Principal-222-1.jpg'><img width=\"300\" height=\"300\" src=\"https:\/\/franciscanos.org.br\/noticias\/wp-content\/uploads\/2026\/04\/Principal-222-1-300x300.jpg\" class=\"attachment-thumbnail size-thumbnail\" alt=\"\" loading=\"lazy\" srcset=\"https:\/\/franciscanos.org.br\/noticias\/wp-content\/uploads\/2026\/04\/Principal-222-1-300x300.jpg 300w, https:\/\/franciscanos.org.br\/noticias\/wp-content\/uploads\/2026\/04\/Principal-222-1-100x100.jpg 100w\" sizes=\"(max-width: 300px) 100vw, 300px\" \/><\/a>\n\t\t\t<\/dt><\/dl><br style=\"clear: both\" \/>\n\t\t<\/div>\n\n<p><b>Cobertura especial<\/b><\/p>\n<p><span style=\"font-weight: 400;\">A cobertura deste momento hist\u00f3rico contou com o olhar atento do jornalismo da R\u00e1dio Frei Galv\u00e3o, que levou aos ouvintes e internautas cada detalhe das discuss\u00f5es. Por meio de boletins di\u00e1rios, entrevistas exclusivas e transmiss\u00f5es ao vivo, a r\u00e1dio n\u00e3o apenas informou, mas conectou o carisma franciscano aos grandes temas da Igreja, traduzindo o esp\u00edrito de Aparecida para os ouvintes.\u00a0<\/span><\/p>\n<p><span style=\"font-weight: 400;\">Essa atua\u00e7\u00e3o se expandiu e conte\u00fados foram gerados para outros meios de Comunica\u00e7\u00e3o da Prov\u00edncia Franciscana da Imaculada Concei\u00e7\u00e3o do Brasil, como a R\u00e1dio e TV Celinauta de Pato Branco, PR.\u00a0<\/span><\/p>\n<p><span style=\"font-weight: 400;\">\u201cFrancisco n\u00e3o morreu, Francisco de Assis continua vivo, e a espiritualidade, a teologia, a filosofia franciscana continuam pautando, eu diria assim, a a\u00e7\u00e3o de todos aqueles, aquelas que acreditam que n\u00f3s podemos juntos construir um mundo novo, um mundo onde a casa comum seja respeitada, onde a fraternidade e a justi\u00e7a possam reinar. Francisco continua sendo atual, e essa atualidade de Francisco de Assis se expressa tamb\u00e9m na vida daqueles que assumiram esta forma de vida ainda hoje. S\u00e3o distintas express\u00f5es de vida consagrada, mas n\u00e3o s\u00f3, tamb\u00e9m temos leigos encantados, por assim dizer, com a proposta franciscana\u201d, finalizou o presidente da Confer\u00eancia Nacional dos Bispos do Brasil, Cardeal Jaime Spengler.<\/span><\/p>\n<hr \/>\n<p><i><span style=\"font-weight: 400;\">Felipe Melo e Guilherme Costa (R\u00e1dio Frei Galv\u00e3o)<\/span><\/i><\/p>\n","protected":false},"excerpt":{"rendered":"<p>62\u00aa Assembleia Geral da CNBB<\/p>\n","protected":false},"author":15,"featured_media":266548,"comment_status":"open","ping_status":"open","sticky":false,"template":"","format":"standard","meta":[],"categories":[1],"tags":[],"acf":[],"yoast_head":"<!-- This site is optimized with the Yoast SEO plugin v19.2 - https:\/\/yoast.com\/wordpress\/plugins\/seo\/ -->\n<title>Marcos da hist\u00f3ria: Episcopado brasileiro aprova Diretrizes de A\u00e7\u00e3o Evangelizadora com viv\u00eancia sinodal em Aparecida - Not\u00edcias - Franciscanos<\/title>\n<meta name=\"robots\" content=\"index, follow, max-snippet:-1, max-image-preview:large, max-video-preview:-1\" \/>\n<link rel=\"canonical\" href=\"https:\/\/franciscanos.org.br\/noticias\/marcos-da-historia-episcopado-brasileiro-aprova-diretrizes-de-acao-evangelizadora-com-vivencia-sinodal-em-aparecida.html\" \/>\n<meta property=\"og:locale\" content=\"pt_BR\" \/>\n<meta property=\"og:type\" content=\"article\" \/>\n<meta property=\"og:title\" content=\"Marcos da hist\u00f3ria: Episcopado brasileiro aprova Diretrizes de A\u00e7\u00e3o Evangelizadora com viv\u00eancia sinodal em Aparecida - Not\u00edcias - Franciscanos\" \/>\n<meta property=\"og:description\" content=\"62\u00aa Assembleia Geral da CNBB\" \/>\n<meta property=\"og:url\" content=\"https:\/\/franciscanos.org.br\/noticias\/marcos-da-historia-episcopado-brasileiro-aprova-diretrizes-de-acao-evangelizadora-com-vivencia-sinodal-em-aparecida.html\" \/>\n<meta property=\"og:site_name\" content=\"Not\u00edcias - Franciscanos\" \/>\n<meta property=\"article:published_time\" content=\"2026-04-28T11:12:43+00:00\" \/>\n<meta property=\"article:modified_time\" content=\"2026-04-28T18:14:43+00:00\" \/>\n<meta property=\"og:image\" content=\"https:\/\/franciscanos.org.br\/noticias\/wp-content\/uploads\/2026\/04\/Principal-222.jpg\" \/>\n\t<meta property=\"og:image:width\" content=\"1024\" \/>\n\t<meta property=\"og:image:height\" content=\"577\" \/>\n\t<meta property=\"og:image:type\" content=\"image\/jpeg\" \/>\n<meta name=\"author\" content=\"Guilherme Rocha\" \/>\n<meta name=\"twitter:card\" content=\"summary_large_image\" \/>\n<meta name=\"twitter:label1\" content=\"Escrito por\" \/>\n\t<meta name=\"twitter:data1\" content=\"Guilherme Rocha\" \/>\n\t<meta name=\"twitter:label2\" content=\"Est. tempo de leitura\" \/>\n\t<meta name=\"twitter:data2\" content=\"9 minutos\" \/>\n<script type=\"application\/ld+json\" class=\"yoast-schema-graph\">{\"@context\":\"https:\/\/schema.org\",\"@graph\":[{\"@type\":\"WebSite\",\"@id\":\"https:\/\/franciscanos.org.br\/noticias\/#website\",\"url\":\"https:\/\/franciscanos.org.br\/noticias\/\",\"name\":\"Not\u00edcias - Franciscanos\",\"description\":\"Prov\u00edncia Franciscana da Imaculada Concei\u00e7\u00e3o do Brasil - Ordem dos Frades Menores - OFM\",\"potentialAction\":[{\"@type\":\"SearchAction\",\"target\":{\"@type\":\"EntryPoint\",\"urlTemplate\":\"https:\/\/franciscanos.org.br\/noticias\/?s={search_term_string}\"},\"query-input\":\"required name=search_term_string\"}],\"inLanguage\":\"pt-BR\"},{\"@type\":\"ImageObject\",\"inLanguage\":\"pt-BR\",\"@id\":\"https:\/\/franciscanos.org.br\/noticias\/marcos-da-historia-episcopado-brasileiro-aprova-diretrizes-de-acao-evangelizadora-com-vivencia-sinodal-em-aparecida.html#primaryimage\",\"url\":\"https:\/\/franciscanos.org.br\/noticias\/wp-content\/uploads\/2026\/04\/Principal-222.jpg\",\"contentUrl\":\"https:\/\/franciscanos.org.br\/noticias\/wp-content\/uploads\/2026\/04\/Principal-222.jpg\",\"width\":1024,\"height\":577},{\"@type\":\"WebPage\",\"@id\":\"https:\/\/franciscanos.org.br\/noticias\/marcos-da-historia-episcopado-brasileiro-aprova-diretrizes-de-acao-evangelizadora-com-vivencia-sinodal-em-aparecida.html#webpage\",\"url\":\"https:\/\/franciscanos.org.br\/noticias\/marcos-da-historia-episcopado-brasileiro-aprova-diretrizes-de-acao-evangelizadora-com-vivencia-sinodal-em-aparecida.html\",\"name\":\"Marcos da hist\u00f3ria: Episcopado brasileiro aprova Diretrizes de A\u00e7\u00e3o Evangelizadora com viv\u00eancia sinodal em Aparecida - Not\u00edcias - Franciscanos\",\"isPartOf\":{\"@id\":\"https:\/\/franciscanos.org.br\/noticias\/#website\"},\"primaryImageOfPage\":{\"@id\":\"https:\/\/franciscanos.org.br\/noticias\/marcos-da-historia-episcopado-brasileiro-aprova-diretrizes-de-acao-evangelizadora-com-vivencia-sinodal-em-aparecida.html#primaryimage\"},\"datePublished\":\"2026-04-28T11:12:43+00:00\",\"dateModified\":\"2026-04-28T18:14:43+00:00\",\"author\":{\"@id\":\"https:\/\/franciscanos.org.br\/noticias\/#\/schema\/person\/69bb4cd273a2528548b63cccab4980a0\"},\"breadcrumb\":{\"@id\":\"https:\/\/franciscanos.org.br\/noticias\/marcos-da-historia-episcopado-brasileiro-aprova-diretrizes-de-acao-evangelizadora-com-vivencia-sinodal-em-aparecida.html#breadcrumb\"},\"inLanguage\":\"pt-BR\",\"potentialAction\":[{\"@type\":\"ReadAction\",\"target\":[\"https:\/\/franciscanos.org.br\/noticias\/marcos-da-historia-episcopado-brasileiro-aprova-diretrizes-de-acao-evangelizadora-com-vivencia-sinodal-em-aparecida.html\"]}]},{\"@type\":\"BreadcrumbList\",\"@id\":\"https:\/\/franciscanos.org.br\/noticias\/marcos-da-historia-episcopado-brasileiro-aprova-diretrizes-de-acao-evangelizadora-com-vivencia-sinodal-em-aparecida.html#breadcrumb\",\"itemListElement\":[{\"@type\":\"ListItem\",\"position\":1,\"name\":\"Home\",\"item\":\"https:\/\/franciscanos.org.br\/noticias\"},{\"@type\":\"ListItem\",\"position\":2,\"name\":\"Marcos da hist\u00f3ria: Episcopado brasileiro aprova Diretrizes de A\u00e7\u00e3o Evangelizadora com viv\u00eancia sinodal em Aparecida\"}]},{\"@type\":\"Person\",\"@id\":\"https:\/\/franciscanos.org.br\/noticias\/#\/schema\/person\/69bb4cd273a2528548b63cccab4980a0\",\"name\":\"Guilherme Rocha\",\"image\":{\"@type\":\"ImageObject\",\"inLanguage\":\"pt-BR\",\"@id\":\"https:\/\/franciscanos.org.br\/noticias\/#\/schema\/person\/image\/\",\"url\":\"https:\/\/secure.gravatar.com\/avatar\/e480fee2377f81af36f6990ed742592a?s=96&d=mm&r=g\",\"contentUrl\":\"https:\/\/secure.gravatar.com\/avatar\/e480fee2377f81af36f6990ed742592a?s=96&d=mm&r=g\",\"caption\":\"Guilherme Rocha\"},\"url\":\"https:\/\/franciscanos.org.br\/noticias\/author\/guilhermerocha\"}]}<\/script>\n<!-- \/ Yoast SEO plugin. -->","yoast_head_json":{"title":"Marcos da hist\u00f3ria: Episcopado brasileiro aprova Diretrizes de A\u00e7\u00e3o Evangelizadora com viv\u00eancia sinodal em Aparecida - Not\u00edcias - Franciscanos","robots":{"index":"index","follow":"follow","max-snippet":"max-snippet:-1","max-image-preview":"max-image-preview:large","max-video-preview":"max-video-preview:-1"},"canonical":"https:\/\/franciscanos.org.br\/noticias\/marcos-da-historia-episcopado-brasileiro-aprova-diretrizes-de-acao-evangelizadora-com-vivencia-sinodal-em-aparecida.html","og_locale":"pt_BR","og_type":"article","og_title":"Marcos da hist\u00f3ria: Episcopado brasileiro aprova Diretrizes de A\u00e7\u00e3o Evangelizadora com viv\u00eancia sinodal em Aparecida - Not\u00edcias - Franciscanos","og_description":"62\u00aa Assembleia Geral da CNBB","og_url":"https:\/\/franciscanos.org.br\/noticias\/marcos-da-historia-episcopado-brasileiro-aprova-diretrizes-de-acao-evangelizadora-com-vivencia-sinodal-em-aparecida.html","og_site_name":"Not\u00edcias - Franciscanos","article_published_time":"2026-04-28T11:12:43+00:00","article_modified_time":"2026-04-28T18:14:43+00:00","og_image":[{"width":1024,"height":577,"url":"https:\/\/franciscanos.org.br\/noticias\/wp-content\/uploads\/2026\/04\/Principal-222.jpg","type":"image\/jpeg"}],"author":"Guilherme Rocha","twitter_card":"summary_large_image","twitter_misc":{"Escrito por":"Guilherme Rocha","Est. tempo de leitura":"9 minutos"},"schema":{"@context":"https:\/\/schema.org","@graph":[{"@type":"WebSite","@id":"https:\/\/franciscanos.org.br\/noticias\/#website","url":"https:\/\/franciscanos.org.br\/noticias\/","name":"Not\u00edcias - Franciscanos","description":"Prov\u00edncia Franciscana da Imaculada Concei\u00e7\u00e3o do Brasil - Ordem dos Frades Menores - OFM","potentialAction":[{"@type":"SearchAction","target":{"@type":"EntryPoint","urlTemplate":"https:\/\/franciscanos.org.br\/noticias\/?s={search_term_string}"},"query-input":"required name=search_term_string"}],"inLanguage":"pt-BR"},{"@type":"ImageObject","inLanguage":"pt-BR","@id":"https:\/\/franciscanos.org.br\/noticias\/marcos-da-historia-episcopado-brasileiro-aprova-diretrizes-de-acao-evangelizadora-com-vivencia-sinodal-em-aparecida.html#primaryimage","url":"https:\/\/franciscanos.org.br\/noticias\/wp-content\/uploads\/2026\/04\/Principal-222.jpg","contentUrl":"https:\/\/franciscanos.org.br\/noticias\/wp-content\/uploads\/2026\/04\/Principal-222.jpg","width":1024,"height":577},{"@type":"WebPage","@id":"https:\/\/franciscanos.org.br\/noticias\/marcos-da-historia-episcopado-brasileiro-aprova-diretrizes-de-acao-evangelizadora-com-vivencia-sinodal-em-aparecida.html#webpage","url":"https:\/\/franciscanos.org.br\/noticias\/marcos-da-historia-episcopado-brasileiro-aprova-diretrizes-de-acao-evangelizadora-com-vivencia-sinodal-em-aparecida.html","name":"Marcos da hist\u00f3ria: Episcopado brasileiro aprova Diretrizes de A\u00e7\u00e3o Evangelizadora com viv\u00eancia sinodal em Aparecida - Not\u00edcias - Franciscanos","isPartOf":{"@id":"https:\/\/franciscanos.org.br\/noticias\/#website"},"primaryImageOfPage":{"@id":"https:\/\/franciscanos.org.br\/noticias\/marcos-da-historia-episcopado-brasileiro-aprova-diretrizes-de-acao-evangelizadora-com-vivencia-sinodal-em-aparecida.html#primaryimage"},"datePublished":"2026-04-28T11:12:43+00:00","dateModified":"2026-04-28T18:14:43+00:00","author":{"@id":"https:\/\/franciscanos.org.br\/noticias\/#\/schema\/person\/69bb4cd273a2528548b63cccab4980a0"},"breadcrumb":{"@id":"https:\/\/franciscanos.org.br\/noticias\/marcos-da-historia-episcopado-brasileiro-aprova-diretrizes-de-acao-evangelizadora-com-vivencia-sinodal-em-aparecida.html#breadcrumb"},"inLanguage":"pt-BR","potentialAction":[{"@type":"ReadAction","target":["https:\/\/franciscanos.org.br\/noticias\/marcos-da-historia-episcopado-brasileiro-aprova-diretrizes-de-acao-evangelizadora-com-vivencia-sinodal-em-aparecida.html"]}]},{"@type":"BreadcrumbList","@id":"https:\/\/franciscanos.org.br\/noticias\/marcos-da-historia-episcopado-brasileiro-aprova-diretrizes-de-acao-evangelizadora-com-vivencia-sinodal-em-aparecida.html#breadcrumb","itemListElement":[{"@type":"ListItem","position":1,"name":"Home","item":"https:\/\/franciscanos.org.br\/noticias"},{"@type":"ListItem","position":2,"name":"Marcos da hist\u00f3ria: Episcopado brasileiro aprova Diretrizes de A\u00e7\u00e3o Evangelizadora com viv\u00eancia sinodal em Aparecida"}]},{"@type":"Person","@id":"https:\/\/franciscanos.org.br\/noticias\/#\/schema\/person\/69bb4cd273a2528548b63cccab4980a0","name":"Guilherme Rocha","image":{"@type":"ImageObject","inLanguage":"pt-BR","@id":"https:\/\/franciscanos.org.br\/noticias\/#\/schema\/person\/image\/","url":"https:\/\/secure.gravatar.com\/avatar\/e480fee2377f81af36f6990ed742592a?s=96&d=mm&r=g","contentUrl":"https:\/\/secure.gravatar.com\/avatar\/e480fee2377f81af36f6990ed742592a?s=96&d=mm&r=g","caption":"Guilherme Rocha"},"url":"https:\/\/franciscanos.org.br\/noticias\/author\/guilhermerocha"}]}},"_links":{"self":[{"href":"https:\/\/franciscanos.org.br\/noticias\/wp-json\/wp\/v2\/posts\/266547"}],"collection":[{"href":"https:\/\/franciscanos.org.br\/noticias\/wp-json\/wp\/v2\/posts"}],"about":[{"href":"https:\/\/franciscanos.org.br\/noticias\/wp-json\/wp\/v2\/types\/post"}],"author":[{"embeddable":true,"href":"https:\/\/franciscanos.org.br\/noticias\/wp-json\/wp\/v2\/users\/15"}],"replies":[{"embeddable":true,"href":"https:\/\/franciscanos.org.br\/noticias\/wp-json\/wp\/v2\/comments?post=266547"}],"version-history":[{"count":2,"href":"https:\/\/franciscanos.org.br\/noticias\/wp-json\/wp\/v2\/posts\/266547\/revisions"}],"predecessor-version":[{"id":266631,"href":"https:\/\/franciscanos.org.br\/noticias\/wp-json\/wp\/v2\/posts\/266547\/revisions\/266631"}],"wp:featuredmedia":[{"embeddable":true,"href":"https:\/\/franciscanos.org.br\/noticias\/wp-json\/wp\/v2\/media\/266548"}],"wp:attachment":[{"href":"https:\/\/franciscanos.org.br\/noticias\/wp-json\/wp\/v2\/media?parent=266547"}],"wp:term":[{"taxonomy":"category","embeddable":true,"href":"https:\/\/franciscanos.org.br\/noticias\/wp-json\/wp\/v2\/categories?post=266547"},{"taxonomy":"post_tag","embeddable":true,"href":"https:\/\/franciscanos.org.br\/noticias\/wp-json\/wp\/v2\/tags?post=266547"}],"curies":[{"name":"wp","href":"https:\/\/api.w.org\/{rel}","templated":true}]}}