{"id":266517,"date":"2026-04-24T14:34:16","date_gmt":"2026-04-24T17:34:16","guid":{"rendered":"https:\/\/franciscanos.org.br\/noticias\/?p=266517"},"modified":"2026-04-24T15:11:31","modified_gmt":"2026-04-24T18:11:31","slug":"dia-de-sao-jorge-com-feijoada-reune-fe-espiritualidade-e-convivencia-fraterna-em-duque-de-caxias-rj","status":"publish","type":"post","link":"https:\/\/franciscanos.org.br\/noticias\/dia-de-sao-jorge-com-feijoada-reune-fe-espiritualidade-e-convivencia-fraterna-em-duque-de-caxias-rj.html","title":{"rendered":"Dia de S\u00e3o Jorge com feijoada re\u00fane f\u00e9, espiritualidade e conviv\u00eancia fraterna em Duque de Caxias (RJ)"},"content":{"rendered":"<p><img loading=\"lazy\" class=\"aligncenter wp-image-266545\" src=\"https:\/\/franciscanos.org.br\/noticias\/wp-content\/uploads\/2026\/04\/1280-x-720-px-Destaque-32.-fotor-enhance-20260424151011-450x380.jpg\" alt=\"\" width=\"593\" height=\"500\" srcset=\"https:\/\/franciscanos.org.br\/noticias\/wp-content\/uploads\/2026\/04\/1280-x-720-px-Destaque-32.-fotor-enhance-20260424151011-450x380.jpg 450w, https:\/\/franciscanos.org.br\/noticias\/wp-content\/uploads\/2026\/04\/1280-x-720-px-Destaque-32.-fotor-enhance-20260424151011-1024x864.jpg 1024w, https:\/\/franciscanos.org.br\/noticias\/wp-content\/uploads\/2026\/04\/1280-x-720-px-Destaque-32.-fotor-enhance-20260424151011-768x648.jpg 768w, https:\/\/franciscanos.org.br\/noticias\/wp-content\/uploads\/2026\/04\/1280-x-720-px-Destaque-32.-fotor-enhance-20260424151011-1536x1296.jpg 1536w, https:\/\/franciscanos.org.br\/noticias\/wp-content\/uploads\/2026\/04\/1280-x-720-px-Destaque-32.-fotor-enhance-20260424151011-2048x1728.jpg 2048w, https:\/\/franciscanos.org.br\/noticias\/wp-content\/uploads\/2026\/04\/1280-x-720-px-Destaque-32.-fotor-enhance-20260424151011-150x127.jpg 150w, https:\/\/franciscanos.org.br\/noticias\/wp-content\/uploads\/2026\/04\/1280-x-720-px-Destaque-32.-fotor-enhance-20260424151011-scaled.jpg 1280w\" sizes=\"(max-width: 593px) 100vw, 593px\" \/><\/p>\n<p><span style=\"font-weight: 400;\">A Par\u00f3quia Santa Clara de Assis, em Duque de Caxias, celebrou na \u00faltima quinta-feira (23 de abril) o Dia de S\u00e3o Jorge com uma programa\u00e7\u00e3o que integrou f\u00e9, tradi\u00e7\u00e3o e partilha no Centro Paroquial. A Santa Missa foi presidida por Frei Jorge Maoski, OFM, atualmente pertencente \u00e0 Par\u00f3quia S\u00e3o Francisco de Assis, de Campos El\u00edseos, reunindo fi\u00e9is em um momento de intensa devo\u00e7\u00e3o a S\u00e3o Jorge, amplamente venerado no Rio de Janeiro.<\/span><\/p>\n<p><span style=\"font-weight: 400;\">Durante a homilia, Frei Jorge destacou a forte devo\u00e7\u00e3o do povo fluminense ao santo, apresentando elementos da tradi\u00e7\u00e3o da Igreja e da iconografia que marca a figura de S\u00e3o Jorge como o \u201csanto guerreiro\u201d. Representado montado em um cavalo branco, com vestes de soldado e vencendo um drag\u00e3o, o santo expressa, segundo o celebrante, a luta contra o mal. \u201cO drag\u00e3o simboliza aquilo que gera divis\u00e3o \u2014 em n\u00f3s mesmos, em nossas comunidades e na sociedade\u201d, explicou.<\/span><\/p>\n<p><span style=\"font-weight: 400;\">A reflex\u00e3o enfatizou que a devo\u00e7\u00e3o a S\u00e3o Jorge deve conduzir a um compromisso concreto com a unidade e com os valores do Evangelho. Os fi\u00e9is foram convidados a combater, \u00e0 luz da f\u00e9, toda forma de divis\u00e3o e a cultivar atitudes de reconcilia\u00e7\u00e3o e fraternidade.<\/span><\/p>\n\n\t\t<style type=\"text\/css\">\n\t\t\t#gallery-1 {\n\t\t\t\tmargin: auto;\n\t\t\t}\n\t\t\t#gallery-1 .gallery-item {\n\t\t\t\tfloat: left;\n\t\t\t\tmargin-top: 10px;\n\t\t\t\ttext-align: center;\n\t\t\t\twidth: 25%;\n\t\t\t}\n\t\t\t#gallery-1 img {\n\t\t\t\tborder: 2px solid #cfcfcf;\n\t\t\t}\n\t\t\t#gallery-1 .gallery-caption {\n\t\t\t\tmargin-left: 0;\n\t\t\t}\n\t\t\t\/* see gallery_shortcode() in wp-includes\/media.php *\/\n\t\t<\/style>\n\t\t<div id='gallery-1' class='gallery galleryid-266517 gallery-columns-4 gallery-size-thumbnail'><dl class='gallery-item'>\n\t\t\t<dt class='gallery-icon portrait'>\n\t\t\t\t<a href='https:\/\/franciscanos.org.br\/noticias\/wp-content\/uploads\/2026\/04\/WhatsApp-Image-2026-04-24-at-12.03.30-4.jpeg'><img width=\"300\" height=\"300\" src=\"https:\/\/franciscanos.org.br\/noticias\/wp-content\/uploads\/2026\/04\/WhatsApp-Image-2026-04-24-at-12.03.30-4-300x300.jpeg\" class=\"attachment-thumbnail size-thumbnail\" alt=\"\" loading=\"lazy\" srcset=\"https:\/\/franciscanos.org.br\/noticias\/wp-content\/uploads\/2026\/04\/WhatsApp-Image-2026-04-24-at-12.03.30-4-300x300.jpeg 300w, https:\/\/franciscanos.org.br\/noticias\/wp-content\/uploads\/2026\/04\/WhatsApp-Image-2026-04-24-at-12.03.30-4-100x100.jpeg 100w\" sizes=\"(max-width: 300px) 100vw, 300px\" \/><\/a>\n\t\t\t<\/dt><\/dl><dl class='gallery-item'>\n\t\t\t<dt class='gallery-icon portrait'>\n\t\t\t\t<a href='https:\/\/franciscanos.org.br\/noticias\/wp-content\/uploads\/2026\/04\/WhatsApp-Image-2026-04-24-at-12.03.30-1.jpeg'><img width=\"300\" height=\"300\" src=\"https:\/\/franciscanos.org.br\/noticias\/wp-content\/uploads\/2026\/04\/WhatsApp-Image-2026-04-24-at-12.03.30-1-300x300.jpeg\" class=\"attachment-thumbnail size-thumbnail\" alt=\"\" loading=\"lazy\" srcset=\"https:\/\/franciscanos.org.br\/noticias\/wp-content\/uploads\/2026\/04\/WhatsApp-Image-2026-04-24-at-12.03.30-1-300x300.jpeg 300w, https:\/\/franciscanos.org.br\/noticias\/wp-content\/uploads\/2026\/04\/WhatsApp-Image-2026-04-24-at-12.03.30-1-100x100.jpeg 100w\" sizes=\"(max-width: 300px) 100vw, 300px\" \/><\/a>\n\t\t\t<\/dt><\/dl><dl class='gallery-item'>\n\t\t\t<dt class='gallery-icon portrait'>\n\t\t\t\t<a href='https:\/\/franciscanos.org.br\/noticias\/wp-content\/uploads\/2026\/04\/WhatsApp-Image-2026-04-24-at-12.03.30-3.jpeg'><img width=\"300\" height=\"300\" src=\"https:\/\/franciscanos.org.br\/noticias\/wp-content\/uploads\/2026\/04\/WhatsApp-Image-2026-04-24-at-12.03.30-3-300x300.jpeg\" class=\"attachment-thumbnail size-thumbnail\" alt=\"\" loading=\"lazy\" srcset=\"https:\/\/franciscanos.org.br\/noticias\/wp-content\/uploads\/2026\/04\/WhatsApp-Image-2026-04-24-at-12.03.30-3-300x300.jpeg 300w, https:\/\/franciscanos.org.br\/noticias\/wp-content\/uploads\/2026\/04\/WhatsApp-Image-2026-04-24-at-12.03.30-3-100x100.jpeg 100w\" sizes=\"(max-width: 300px) 100vw, 300px\" \/><\/a>\n\t\t\t<\/dt><\/dl><dl class='gallery-item'>\n\t\t\t<dt class='gallery-icon portrait'>\n\t\t\t\t<a href='https:\/\/franciscanos.org.br\/noticias\/wp-content\/uploads\/2026\/04\/WhatsApp-Image-2026-04-24-at-12.03.30-2.jpeg'><img width=\"300\" height=\"300\" src=\"https:\/\/franciscanos.org.br\/noticias\/wp-content\/uploads\/2026\/04\/WhatsApp-Image-2026-04-24-at-12.03.30-2-300x300.jpeg\" class=\"attachment-thumbnail size-thumbnail\" alt=\"\" loading=\"lazy\" srcset=\"https:\/\/franciscanos.org.br\/noticias\/wp-content\/uploads\/2026\/04\/WhatsApp-Image-2026-04-24-at-12.03.30-2-300x300.jpeg 300w, https:\/\/franciscanos.org.br\/noticias\/wp-content\/uploads\/2026\/04\/WhatsApp-Image-2026-04-24-at-12.03.30-2-100x100.jpeg 100w\" sizes=\"(max-width: 300px) 100vw, 300px\" \/><\/a>\n\t\t\t<\/dt><\/dl><br style=\"clear: both\" \/><dl class='gallery-item'>\n\t\t\t<dt class='gallery-icon portrait'>\n\t\t\t\t<a href='https:\/\/franciscanos.org.br\/noticias\/wp-content\/uploads\/2026\/04\/WhatsApp-Image-2026-04-24-at-12.03.30-5.jpeg'><img width=\"300\" height=\"300\" src=\"https:\/\/franciscanos.org.br\/noticias\/wp-content\/uploads\/2026\/04\/WhatsApp-Image-2026-04-24-at-12.03.30-5-300x300.jpeg\" class=\"attachment-thumbnail size-thumbnail\" alt=\"\" loading=\"lazy\" srcset=\"https:\/\/franciscanos.org.br\/noticias\/wp-content\/uploads\/2026\/04\/WhatsApp-Image-2026-04-24-at-12.03.30-5-300x300.jpeg 300w, https:\/\/franciscanos.org.br\/noticias\/wp-content\/uploads\/2026\/04\/WhatsApp-Image-2026-04-24-at-12.03.30-5-100x100.jpeg 100w\" sizes=\"(max-width: 300px) 100vw, 300px\" \/><\/a>\n\t\t\t<\/dt><\/dl><dl class='gallery-item'>\n\t\t\t<dt class='gallery-icon portrait'>\n\t\t\t\t<a href='https:\/\/franciscanos.org.br\/noticias\/wp-content\/uploads\/2026\/04\/WhatsApp-Image-2026-04-24-at-12.03.30-6.jpeg'><img width=\"300\" height=\"300\" src=\"https:\/\/franciscanos.org.br\/noticias\/wp-content\/uploads\/2026\/04\/WhatsApp-Image-2026-04-24-at-12.03.30-6-300x300.jpeg\" class=\"attachment-thumbnail size-thumbnail\" alt=\"\" loading=\"lazy\" srcset=\"https:\/\/franciscanos.org.br\/noticias\/wp-content\/uploads\/2026\/04\/WhatsApp-Image-2026-04-24-at-12.03.30-6-300x300.jpeg 300w, https:\/\/franciscanos.org.br\/noticias\/wp-content\/uploads\/2026\/04\/WhatsApp-Image-2026-04-24-at-12.03.30-6-100x100.jpeg 100w\" sizes=\"(max-width: 300px) 100vw, 300px\" \/><\/a>\n\t\t\t<\/dt><\/dl><dl class='gallery-item'>\n\t\t\t<dt class='gallery-icon portrait'>\n\t\t\t\t<a href='https:\/\/franciscanos.org.br\/noticias\/wp-content\/uploads\/2026\/04\/WhatsApp-Image-2026-04-24-at-12.03.31-2.jpeg'><img width=\"300\" height=\"300\" src=\"https:\/\/franciscanos.org.br\/noticias\/wp-content\/uploads\/2026\/04\/WhatsApp-Image-2026-04-24-at-12.03.31-2-300x300.jpeg\" class=\"attachment-thumbnail size-thumbnail\" alt=\"\" loading=\"lazy\" srcset=\"https:\/\/franciscanos.org.br\/noticias\/wp-content\/uploads\/2026\/04\/WhatsApp-Image-2026-04-24-at-12.03.31-2-300x300.jpeg 300w, https:\/\/franciscanos.org.br\/noticias\/wp-content\/uploads\/2026\/04\/WhatsApp-Image-2026-04-24-at-12.03.31-2-100x100.jpeg 100w\" sizes=\"(max-width: 300px) 100vw, 300px\" \/><\/a>\n\t\t\t<\/dt><\/dl><dl class='gallery-item'>\n\t\t\t<dt class='gallery-icon portrait'>\n\t\t\t\t<a href='https:\/\/franciscanos.org.br\/noticias\/wp-content\/uploads\/2026\/04\/WhatsApp-Image-2026-04-24-at-12.03.31-4.jpeg'><img width=\"300\" height=\"300\" src=\"https:\/\/franciscanos.org.br\/noticias\/wp-content\/uploads\/2026\/04\/WhatsApp-Image-2026-04-24-at-12.03.31-4-300x300.jpeg\" class=\"attachment-thumbnail size-thumbnail\" alt=\"\" loading=\"lazy\" srcset=\"https:\/\/franciscanos.org.br\/noticias\/wp-content\/uploads\/2026\/04\/WhatsApp-Image-2026-04-24-at-12.03.31-4-300x300.jpeg 300w, https:\/\/franciscanos.org.br\/noticias\/wp-content\/uploads\/2026\/04\/WhatsApp-Image-2026-04-24-at-12.03.31-4-100x100.jpeg 100w\" sizes=\"(max-width: 300px) 100vw, 300px\" \/><\/a>\n\t\t\t<\/dt><\/dl><br style=\"clear: both\" \/>\n\t\t<\/div>\n\n<p><span style=\"font-weight: 400;\">Outro ponto central abordado foi o testemunho de S\u00e3o Jorge como m\u00e1rtir da Igreja. Recordado como aquele que deu a vida por fidelidade a Cristo, em meio \u00e0s persegui\u00e7\u00f5es do s\u00e9culo IV, o santo foi apresentado como modelo de coragem e fidelidade ao projeto do Reino de Deus anunciado por Jesus Cristo. Frei Jorge ressaltou que, assim como S\u00e3o Jorge, os crist\u00e3os de hoje s\u00e3o chamados a testemunhar, com a pr\u00f3pria vida, o amor a Cristo, mesmo diante dos desafios e adversidades.<\/span><\/p>\n<p><span style=\"font-weight: 400;\">Ap\u00f3s a comunh\u00e3o, a assembleia se reuniu diante da imagem de S\u00e3o Jorge para um momento especial de ora\u00e7\u00e3o. Os fi\u00e9is entregaram seus pedidos e inten\u00e7\u00f5es, confiando suas vidas \u00e0 intercess\u00e3o do santo, e participaram da b\u00ean\u00e7\u00e3o dos objetos de f\u00e9 e devo\u00e7\u00e3o, realizada com a aspers\u00e3o da \u00e1gua benta, fortalecendo ainda mais a espiritualidade vivida naquele dia.<\/span><\/p>\n\n\t\t<style type=\"text\/css\">\n\t\t\t#gallery-2 {\n\t\t\t\tmargin: auto;\n\t\t\t}\n\t\t\t#gallery-2 .gallery-item {\n\t\t\t\tfloat: left;\n\t\t\t\tmargin-top: 10px;\n\t\t\t\ttext-align: center;\n\t\t\t\twidth: 20%;\n\t\t\t}\n\t\t\t#gallery-2 img {\n\t\t\t\tborder: 2px solid #cfcfcf;\n\t\t\t}\n\t\t\t#gallery-2 .gallery-caption {\n\t\t\t\tmargin-left: 0;\n\t\t\t}\n\t\t\t\/* see gallery_shortcode() in wp-includes\/media.php *\/\n\t\t<\/style>\n\t\t<div id='gallery-2' class='gallery galleryid-266517 gallery-columns-5 gallery-size-thumbnail'><dl class='gallery-item'>\n\t\t\t<dt class='gallery-icon portrait'>\n\t\t\t\t<a href='https:\/\/franciscanos.org.br\/noticias\/wp-content\/uploads\/2026\/04\/WhatsApp-Image-2026-04-24-at-12.03.31.jpeg'><img width=\"300\" height=\"300\" src=\"https:\/\/franciscanos.org.br\/noticias\/wp-content\/uploads\/2026\/04\/WhatsApp-Image-2026-04-24-at-12.03.31-300x300.jpeg\" class=\"attachment-thumbnail size-thumbnail\" alt=\"\" loading=\"lazy\" srcset=\"https:\/\/franciscanos.org.br\/noticias\/wp-content\/uploads\/2026\/04\/WhatsApp-Image-2026-04-24-at-12.03.31-300x300.jpeg 300w, https:\/\/franciscanos.org.br\/noticias\/wp-content\/uploads\/2026\/04\/WhatsApp-Image-2026-04-24-at-12.03.31-100x100.jpeg 100w\" sizes=\"(max-width: 300px) 100vw, 300px\" \/><\/a>\n\t\t\t<\/dt><\/dl><dl class='gallery-item'>\n\t\t\t<dt class='gallery-icon portrait'>\n\t\t\t\t<a href='https:\/\/franciscanos.org.br\/noticias\/wp-content\/uploads\/2026\/04\/WhatsApp-Image-2026-04-24-at-12.03.30-7.jpeg'><img width=\"300\" height=\"300\" src=\"https:\/\/franciscanos.org.br\/noticias\/wp-content\/uploads\/2026\/04\/WhatsApp-Image-2026-04-24-at-12.03.30-7-300x300.jpeg\" class=\"attachment-thumbnail size-thumbnail\" alt=\"\" loading=\"lazy\" srcset=\"https:\/\/franciscanos.org.br\/noticias\/wp-content\/uploads\/2026\/04\/WhatsApp-Image-2026-04-24-at-12.03.30-7-300x300.jpeg 300w, https:\/\/franciscanos.org.br\/noticias\/wp-content\/uploads\/2026\/04\/WhatsApp-Image-2026-04-24-at-12.03.30-7-100x100.jpeg 100w\" sizes=\"(max-width: 300px) 100vw, 300px\" \/><\/a>\n\t\t\t<\/dt><\/dl><dl class='gallery-item'>\n\t\t\t<dt class='gallery-icon portrait'>\n\t\t\t\t<a href='https:\/\/franciscanos.org.br\/noticias\/wp-content\/uploads\/2026\/04\/WhatsApp-Image-2026-04-24-at-12.03.30-10.jpeg'><img width=\"300\" height=\"300\" src=\"https:\/\/franciscanos.org.br\/noticias\/wp-content\/uploads\/2026\/04\/WhatsApp-Image-2026-04-24-at-12.03.30-10-300x300.jpeg\" class=\"attachment-thumbnail size-thumbnail\" alt=\"\" loading=\"lazy\" srcset=\"https:\/\/franciscanos.org.br\/noticias\/wp-content\/uploads\/2026\/04\/WhatsApp-Image-2026-04-24-at-12.03.30-10-300x300.jpeg 300w, https:\/\/franciscanos.org.br\/noticias\/wp-content\/uploads\/2026\/04\/WhatsApp-Image-2026-04-24-at-12.03.30-10-100x100.jpeg 100w\" sizes=\"(max-width: 300px) 100vw, 300px\" \/><\/a>\n\t\t\t<\/dt><\/dl><dl class='gallery-item'>\n\t\t\t<dt class='gallery-icon portrait'>\n\t\t\t\t<a href='https:\/\/franciscanos.org.br\/noticias\/wp-content\/uploads\/2026\/04\/WhatsApp-Image-2026-04-24-at-12.03.30-11.jpeg'><img width=\"300\" height=\"300\" src=\"https:\/\/franciscanos.org.br\/noticias\/wp-content\/uploads\/2026\/04\/WhatsApp-Image-2026-04-24-at-12.03.30-11-300x300.jpeg\" class=\"attachment-thumbnail size-thumbnail\" alt=\"\" loading=\"lazy\" srcset=\"https:\/\/franciscanos.org.br\/noticias\/wp-content\/uploads\/2026\/04\/WhatsApp-Image-2026-04-24-at-12.03.30-11-300x300.jpeg 300w, https:\/\/franciscanos.org.br\/noticias\/wp-content\/uploads\/2026\/04\/WhatsApp-Image-2026-04-24-at-12.03.30-11-100x100.jpeg 100w\" sizes=\"(max-width: 300px) 100vw, 300px\" \/><\/a>\n\t\t\t<\/dt><\/dl><dl class='gallery-item'>\n\t\t\t<dt class='gallery-icon portrait'>\n\t\t\t\t<a href='https:\/\/franciscanos.org.br\/noticias\/wp-content\/uploads\/2026\/04\/WhatsApp-Image-2026-04-24-at-12.03.30.jpeg'><img width=\"300\" height=\"300\" src=\"https:\/\/franciscanos.org.br\/noticias\/wp-content\/uploads\/2026\/04\/WhatsApp-Image-2026-04-24-at-12.03.30-300x300.jpeg\" class=\"attachment-thumbnail size-thumbnail\" alt=\"\" loading=\"lazy\" srcset=\"https:\/\/franciscanos.org.br\/noticias\/wp-content\/uploads\/2026\/04\/WhatsApp-Image-2026-04-24-at-12.03.30-300x300.jpeg 300w, https:\/\/franciscanos.org.br\/noticias\/wp-content\/uploads\/2026\/04\/WhatsApp-Image-2026-04-24-at-12.03.30-100x100.jpeg 100w\" sizes=\"(max-width: 300px) 100vw, 300px\" \/><\/a>\n\t\t\t<\/dt><\/dl><br style=\"clear: both\" \/><dl class='gallery-item'>\n\t\t\t<dt class='gallery-icon portrait'>\n\t\t\t\t<a href='https:\/\/franciscanos.org.br\/noticias\/wp-content\/uploads\/2026\/04\/WhatsApp-Image-2026-04-24-at-12.03.30-9.jpeg'><img width=\"300\" height=\"300\" src=\"https:\/\/franciscanos.org.br\/noticias\/wp-content\/uploads\/2026\/04\/WhatsApp-Image-2026-04-24-at-12.03.30-9-300x300.jpeg\" class=\"attachment-thumbnail size-thumbnail\" alt=\"\" loading=\"lazy\" srcset=\"https:\/\/franciscanos.org.br\/noticias\/wp-content\/uploads\/2026\/04\/WhatsApp-Image-2026-04-24-at-12.03.30-9-300x300.jpeg 300w, https:\/\/franciscanos.org.br\/noticias\/wp-content\/uploads\/2026\/04\/WhatsApp-Image-2026-04-24-at-12.03.30-9-100x100.jpeg 100w\" sizes=\"(max-width: 300px) 100vw, 300px\" \/><\/a>\n\t\t\t<\/dt><\/dl><dl class='gallery-item'>\n\t\t\t<dt class='gallery-icon portrait'>\n\t\t\t\t<a href='https:\/\/franciscanos.org.br\/noticias\/wp-content\/uploads\/2026\/04\/WhatsApp-Image-2026-04-24-at-12.03.31-5.jpeg'><img width=\"300\" height=\"300\" src=\"https:\/\/franciscanos.org.br\/noticias\/wp-content\/uploads\/2026\/04\/WhatsApp-Image-2026-04-24-at-12.03.31-5-300x300.jpeg\" class=\"attachment-thumbnail size-thumbnail\" alt=\"\" loading=\"lazy\" srcset=\"https:\/\/franciscanos.org.br\/noticias\/wp-content\/uploads\/2026\/04\/WhatsApp-Image-2026-04-24-at-12.03.31-5-300x300.jpeg 300w, https:\/\/franciscanos.org.br\/noticias\/wp-content\/uploads\/2026\/04\/WhatsApp-Image-2026-04-24-at-12.03.31-5-100x100.jpeg 100w\" sizes=\"(max-width: 300px) 100vw, 300px\" \/><\/a>\n\t\t\t<\/dt><\/dl><dl class='gallery-item'>\n\t\t\t<dt class='gallery-icon portrait'>\n\t\t\t\t<a href='https:\/\/franciscanos.org.br\/noticias\/wp-content\/uploads\/2026\/04\/WhatsApp-Image-2026-04-24-at-12.03.31-7.jpeg'><img width=\"300\" height=\"300\" src=\"https:\/\/franciscanos.org.br\/noticias\/wp-content\/uploads\/2026\/04\/WhatsApp-Image-2026-04-24-at-12.03.31-7-300x300.jpeg\" class=\"attachment-thumbnail size-thumbnail\" alt=\"\" loading=\"lazy\" srcset=\"https:\/\/franciscanos.org.br\/noticias\/wp-content\/uploads\/2026\/04\/WhatsApp-Image-2026-04-24-at-12.03.31-7-300x300.jpeg 300w, https:\/\/franciscanos.org.br\/noticias\/wp-content\/uploads\/2026\/04\/WhatsApp-Image-2026-04-24-at-12.03.31-7-100x100.jpeg 100w\" sizes=\"(max-width: 300px) 100vw, 300px\" \/><\/a>\n\t\t\t<\/dt><\/dl><dl class='gallery-item'>\n\t\t\t<dt class='gallery-icon portrait'>\n\t\t\t\t<a href='https:\/\/franciscanos.org.br\/noticias\/wp-content\/uploads\/2026\/04\/WhatsApp-Image-2026-04-24-at-12.03.31-6.jpeg'><img width=\"300\" height=\"300\" src=\"https:\/\/franciscanos.org.br\/noticias\/wp-content\/uploads\/2026\/04\/WhatsApp-Image-2026-04-24-at-12.03.31-6-300x300.jpeg\" class=\"attachment-thumbnail size-thumbnail\" alt=\"\" loading=\"lazy\" srcset=\"https:\/\/franciscanos.org.br\/noticias\/wp-content\/uploads\/2026\/04\/WhatsApp-Image-2026-04-24-at-12.03.31-6-300x300.jpeg 300w, https:\/\/franciscanos.org.br\/noticias\/wp-content\/uploads\/2026\/04\/WhatsApp-Image-2026-04-24-at-12.03.31-6-100x100.jpeg 100w\" sizes=\"(max-width: 300px) 100vw, 300px\" \/><\/a>\n\t\t\t<\/dt><\/dl><dl class='gallery-item'>\n\t\t\t<dt class='gallery-icon portrait'>\n\t\t\t\t<a href='https:\/\/franciscanos.org.br\/noticias\/wp-content\/uploads\/2026\/04\/WhatsApp-Image-2026-04-24-at-12.03.31-8.jpeg'><img width=\"300\" height=\"300\" src=\"https:\/\/franciscanos.org.br\/noticias\/wp-content\/uploads\/2026\/04\/WhatsApp-Image-2026-04-24-at-12.03.31-8-300x300.jpeg\" class=\"attachment-thumbnail size-thumbnail\" alt=\"\" loading=\"lazy\" srcset=\"https:\/\/franciscanos.org.br\/noticias\/wp-content\/uploads\/2026\/04\/WhatsApp-Image-2026-04-24-at-12.03.31-8-300x300.jpeg 300w, https:\/\/franciscanos.org.br\/noticias\/wp-content\/uploads\/2026\/04\/WhatsApp-Image-2026-04-24-at-12.03.31-8-100x100.jpeg 100w\" sizes=\"(max-width: 300px) 100vw, 300px\" \/><\/a>\n\t\t\t<\/dt><\/dl><br style=\"clear: both\" \/>\n\t\t<\/div>\n\n<p><span style=\"font-weight: 400;\">Ap\u00f3s a celebra\u00e7\u00e3o, a programa\u00e7\u00e3o do Dia de S\u00e3o Jorge seguiu com a feijoada e se estendeu ao longo de toda a tarde. O clima de confraterniza\u00e7\u00e3o foi marcado pela anima\u00e7\u00e3o do grupo Dystaq, que conduziu uma animada roda de samba, reunindo os presentes em um ambiente de conviv\u00eancia fraterna, unidade e alegria.<\/span><\/p>\n<p><span style=\"font-weight: 400;\">A celebra\u00e7\u00e3o evidenciou o quanto S\u00e3o Jorge \u00e9 profundamente querido pelo povo fluminense. Sua devo\u00e7\u00e3o, enraizada na cultura e na f\u00e9 do povo do Rio de Janeiro, atravessa gera\u00e7\u00f5es e se manifesta como sinal de esperan\u00e7a e confian\u00e7a diante das dificuldades.<\/span><\/p>\n<p><span style=\"font-weight: 400;\">Mais do que uma refer\u00eancia cultural, S\u00e3o Jorge \u00e9 reconhecido como um verdadeiro testemunho de santidade. Seu exemplo de coragem, fidelidade e entrega a Cristo continua a iluminar a caminhada dos fi\u00e9is, auxiliando-os a trilhar os caminhos do Evangelho, fortalecendo-os na luta contra o mal e incentivando uma viv\u00eancia de f\u00e9 marcada pela perseveran\u00e7a, unidade e amor.<\/span><\/p>\n\n\t\t<style type=\"text\/css\">\n\t\t\t#gallery-3 {\n\t\t\t\tmargin: auto;\n\t\t\t}\n\t\t\t#gallery-3 .gallery-item {\n\t\t\t\tfloat: left;\n\t\t\t\tmargin-top: 10px;\n\t\t\t\ttext-align: center;\n\t\t\t\twidth: 25%;\n\t\t\t}\n\t\t\t#gallery-3 img {\n\t\t\t\tborder: 2px solid #cfcfcf;\n\t\t\t}\n\t\t\t#gallery-3 .gallery-caption {\n\t\t\t\tmargin-left: 0;\n\t\t\t}\n\t\t\t\/* see gallery_shortcode() in wp-includes\/media.php *\/\n\t\t<\/style>\n\t\t<div id='gallery-3' class='gallery galleryid-266517 gallery-columns-4 gallery-size-thumbnail'><dl class='gallery-item'>\n\t\t\t<dt class='gallery-icon portrait'>\n\t\t\t\t<a href='https:\/\/franciscanos.org.br\/noticias\/wp-content\/uploads\/2026\/04\/WhatsApp-Image-2026-04-24-at-12.03.31-14.jpeg'><img width=\"300\" height=\"300\" src=\"https:\/\/franciscanos.org.br\/noticias\/wp-content\/uploads\/2026\/04\/WhatsApp-Image-2026-04-24-at-12.03.31-14-300x300.jpeg\" class=\"attachment-thumbnail size-thumbnail\" alt=\"\" loading=\"lazy\" srcset=\"https:\/\/franciscanos.org.br\/noticias\/wp-content\/uploads\/2026\/04\/WhatsApp-Image-2026-04-24-at-12.03.31-14-300x300.jpeg 300w, https:\/\/franciscanos.org.br\/noticias\/wp-content\/uploads\/2026\/04\/WhatsApp-Image-2026-04-24-at-12.03.31-14-100x100.jpeg 100w\" sizes=\"(max-width: 300px) 100vw, 300px\" \/><\/a>\n\t\t\t<\/dt><\/dl><dl class='gallery-item'>\n\t\t\t<dt class='gallery-icon portrait'>\n\t\t\t\t<a href='https:\/\/franciscanos.org.br\/noticias\/wp-content\/uploads\/2026\/04\/WhatsApp-Image-2026-04-24-at-12.03.31-11.jpeg'><img width=\"300\" height=\"300\" src=\"https:\/\/franciscanos.org.br\/noticias\/wp-content\/uploads\/2026\/04\/WhatsApp-Image-2026-04-24-at-12.03.31-11-300x300.jpeg\" class=\"attachment-thumbnail size-thumbnail\" alt=\"\" loading=\"lazy\" srcset=\"https:\/\/franciscanos.org.br\/noticias\/wp-content\/uploads\/2026\/04\/WhatsApp-Image-2026-04-24-at-12.03.31-11-300x300.jpeg 300w, https:\/\/franciscanos.org.br\/noticias\/wp-content\/uploads\/2026\/04\/WhatsApp-Image-2026-04-24-at-12.03.31-11-100x100.jpeg 100w\" sizes=\"(max-width: 300px) 100vw, 300px\" \/><\/a>\n\t\t\t<\/dt><\/dl><dl class='gallery-item'>\n\t\t\t<dt class='gallery-icon portrait'>\n\t\t\t\t<a href='https:\/\/franciscanos.org.br\/noticias\/wp-content\/uploads\/2026\/04\/WhatsApp-Image-2026-04-24-at-12.03.31-10.jpeg'><img width=\"300\" height=\"300\" src=\"https:\/\/franciscanos.org.br\/noticias\/wp-content\/uploads\/2026\/04\/WhatsApp-Image-2026-04-24-at-12.03.31-10-300x300.jpeg\" class=\"attachment-thumbnail size-thumbnail\" alt=\"\" loading=\"lazy\" srcset=\"https:\/\/franciscanos.org.br\/noticias\/wp-content\/uploads\/2026\/04\/WhatsApp-Image-2026-04-24-at-12.03.31-10-300x300.jpeg 300w, https:\/\/franciscanos.org.br\/noticias\/wp-content\/uploads\/2026\/04\/WhatsApp-Image-2026-04-24-at-12.03.31-10-100x100.jpeg 100w\" sizes=\"(max-width: 300px) 100vw, 300px\" \/><\/a>\n\t\t\t<\/dt><\/dl><dl class='gallery-item'>\n\t\t\t<dt class='gallery-icon landscape'>\n\t\t\t\t<a href='https:\/\/franciscanos.org.br\/noticias\/wp-content\/uploads\/2026\/04\/WhatsApp-Image-2026-04-24-at-12.03.31-13.jpeg'><img width=\"300\" height=\"300\" src=\"https:\/\/franciscanos.org.br\/noticias\/wp-content\/uploads\/2026\/04\/WhatsApp-Image-2026-04-24-at-12.03.31-13-300x300.jpeg\" class=\"attachment-thumbnail size-thumbnail\" alt=\"\" loading=\"lazy\" srcset=\"https:\/\/franciscanos.org.br\/noticias\/wp-content\/uploads\/2026\/04\/WhatsApp-Image-2026-04-24-at-12.03.31-13-300x300.jpeg 300w, https:\/\/franciscanos.org.br\/noticias\/wp-content\/uploads\/2026\/04\/WhatsApp-Image-2026-04-24-at-12.03.31-13-100x100.jpeg 100w\" sizes=\"(max-width: 300px) 100vw, 300px\" \/><\/a>\n\t\t\t<\/dt><\/dl><br style=\"clear: both\" \/>\n\t\t<\/div>\n\n<hr \/>\n<p><i><span style=\"font-weight: 400;\">Frei Franklin Matheus, Ofm (texto) e Pascom Paroquial (fotos)<\/span><\/i><\/p>\n","protected":false},"excerpt":{"rendered":"<p>Celebra\u00e7\u00f5es Paroquiais<\/p>\n","protected":false},"author":15,"featured_media":266519,"comment_status":"open","ping_status":"open","sticky":false,"template":"","format":"standard","meta":[],"categories":[1],"tags":[],"acf":[],"yoast_head":"<!-- This site is optimized with the Yoast SEO plugin v19.2 - https:\/\/yoast.com\/wordpress\/plugins\/seo\/ -->\n<title>Dia de S\u00e3o Jorge com feijoada re\u00fane f\u00e9, espiritualidade e conviv\u00eancia fraterna em Duque de Caxias (RJ) - Not\u00edcias - Franciscanos<\/title>\n<meta name=\"robots\" content=\"index, follow, max-snippet:-1, max-image-preview:large, max-video-preview:-1\" \/>\n<link rel=\"canonical\" href=\"https:\/\/franciscanos.org.br\/noticias\/dia-de-sao-jorge-com-feijoada-reune-fe-espiritualidade-e-convivencia-fraterna-em-duque-de-caxias-rj.html\" \/>\n<meta property=\"og:locale\" content=\"pt_BR\" \/>\n<meta property=\"og:type\" content=\"article\" \/>\n<meta property=\"og:title\" content=\"Dia de S\u00e3o Jorge com feijoada re\u00fane f\u00e9, espiritualidade e conviv\u00eancia fraterna em Duque de Caxias (RJ) - Not\u00edcias - Franciscanos\" \/>\n<meta property=\"og:description\" content=\"Celebra\u00e7\u00f5es Paroquiais\" \/>\n<meta property=\"og:url\" content=\"https:\/\/franciscanos.org.br\/noticias\/dia-de-sao-jorge-com-feijoada-reune-fe-espiritualidade-e-convivencia-fraterna-em-duque-de-caxias-rj.html\" \/>\n<meta property=\"og:site_name\" content=\"Not\u00edcias - Franciscanos\" \/>\n<meta property=\"article:published_time\" content=\"2026-04-24T17:34:16+00:00\" \/>\n<meta property=\"article:modified_time\" content=\"2026-04-24T18:11:31+00:00\" \/>\n<meta property=\"og:image\" content=\"https:\/\/franciscanos.org.br\/noticias\/wp-content\/uploads\/2026\/04\/1280-x-720-px-Destaque-32-1.png\" \/>\n\t<meta property=\"og:image:width\" content=\"1280\" \/>\n\t<meta property=\"og:image:height\" content=\"1080\" \/>\n\t<meta property=\"og:image:type\" content=\"image\/png\" \/>\n<meta name=\"author\" content=\"Guilherme Rocha\" \/>\n<meta name=\"twitter:card\" content=\"summary_large_image\" \/>\n<meta name=\"twitter:label1\" content=\"Escrito por\" \/>\n\t<meta name=\"twitter:data1\" content=\"Guilherme Rocha\" \/>\n\t<meta name=\"twitter:label2\" content=\"Est. tempo de leitura\" \/>\n\t<meta name=\"twitter:data2\" content=\"3 minutos\" \/>\n<script type=\"application\/ld+json\" class=\"yoast-schema-graph\">{\"@context\":\"https:\/\/schema.org\",\"@graph\":[{\"@type\":\"WebSite\",\"@id\":\"https:\/\/franciscanos.org.br\/noticias\/#website\",\"url\":\"https:\/\/franciscanos.org.br\/noticias\/\",\"name\":\"Not\u00edcias - Franciscanos\",\"description\":\"Prov\u00edncia Franciscana da Imaculada Concei\u00e7\u00e3o do Brasil - Ordem dos Frades Menores - OFM\",\"potentialAction\":[{\"@type\":\"SearchAction\",\"target\":{\"@type\":\"EntryPoint\",\"urlTemplate\":\"https:\/\/franciscanos.org.br\/noticias\/?s={search_term_string}\"},\"query-input\":\"required name=search_term_string\"}],\"inLanguage\":\"pt-BR\"},{\"@type\":\"ImageObject\",\"inLanguage\":\"pt-BR\",\"@id\":\"https:\/\/franciscanos.org.br\/noticias\/dia-de-sao-jorge-com-feijoada-reune-fe-espiritualidade-e-convivencia-fraterna-em-duque-de-caxias-rj.html#primaryimage\",\"url\":\"https:\/\/franciscanos.org.br\/noticias\/wp-content\/uploads\/2026\/04\/1280-x-720-px-Destaque-32-1.png\",\"contentUrl\":\"https:\/\/franciscanos.org.br\/noticias\/wp-content\/uploads\/2026\/04\/1280-x-720-px-Destaque-32-1.png\",\"width\":1280,\"height\":1080},{\"@type\":\"WebPage\",\"@id\":\"https:\/\/franciscanos.org.br\/noticias\/dia-de-sao-jorge-com-feijoada-reune-fe-espiritualidade-e-convivencia-fraterna-em-duque-de-caxias-rj.html#webpage\",\"url\":\"https:\/\/franciscanos.org.br\/noticias\/dia-de-sao-jorge-com-feijoada-reune-fe-espiritualidade-e-convivencia-fraterna-em-duque-de-caxias-rj.html\",\"name\":\"Dia de S\u00e3o Jorge com feijoada re\u00fane f\u00e9, espiritualidade e conviv\u00eancia fraterna em Duque de Caxias (RJ) - Not\u00edcias - Franciscanos\",\"isPartOf\":{\"@id\":\"https:\/\/franciscanos.org.br\/noticias\/#website\"},\"primaryImageOfPage\":{\"@id\":\"https:\/\/franciscanos.org.br\/noticias\/dia-de-sao-jorge-com-feijoada-reune-fe-espiritualidade-e-convivencia-fraterna-em-duque-de-caxias-rj.html#primaryimage\"},\"datePublished\":\"2026-04-24T17:34:16+00:00\",\"dateModified\":\"2026-04-24T18:11:31+00:00\",\"author\":{\"@id\":\"https:\/\/franciscanos.org.br\/noticias\/#\/schema\/person\/69bb4cd273a2528548b63cccab4980a0\"},\"breadcrumb\":{\"@id\":\"https:\/\/franciscanos.org.br\/noticias\/dia-de-sao-jorge-com-feijoada-reune-fe-espiritualidade-e-convivencia-fraterna-em-duque-de-caxias-rj.html#breadcrumb\"},\"inLanguage\":\"pt-BR\",\"potentialAction\":[{\"@type\":\"ReadAction\",\"target\":[\"https:\/\/franciscanos.org.br\/noticias\/dia-de-sao-jorge-com-feijoada-reune-fe-espiritualidade-e-convivencia-fraterna-em-duque-de-caxias-rj.html\"]}]},{\"@type\":\"BreadcrumbList\",\"@id\":\"https:\/\/franciscanos.org.br\/noticias\/dia-de-sao-jorge-com-feijoada-reune-fe-espiritualidade-e-convivencia-fraterna-em-duque-de-caxias-rj.html#breadcrumb\",\"itemListElement\":[{\"@type\":\"ListItem\",\"position\":1,\"name\":\"Home\",\"item\":\"https:\/\/franciscanos.org.br\/noticias\"},{\"@type\":\"ListItem\",\"position\":2,\"name\":\"Dia de S\u00e3o Jorge com feijoada re\u00fane f\u00e9, espiritualidade e conviv\u00eancia fraterna em Duque de Caxias (RJ)\"}]},{\"@type\":\"Person\",\"@id\":\"https:\/\/franciscanos.org.br\/noticias\/#\/schema\/person\/69bb4cd273a2528548b63cccab4980a0\",\"name\":\"Guilherme Rocha\",\"image\":{\"@type\":\"ImageObject\",\"inLanguage\":\"pt-BR\",\"@id\":\"https:\/\/franciscanos.org.br\/noticias\/#\/schema\/person\/image\/\",\"url\":\"https:\/\/secure.gravatar.com\/avatar\/e480fee2377f81af36f6990ed742592a?s=96&d=mm&r=g\",\"contentUrl\":\"https:\/\/secure.gravatar.com\/avatar\/e480fee2377f81af36f6990ed742592a?s=96&d=mm&r=g\",\"caption\":\"Guilherme Rocha\"},\"url\":\"https:\/\/franciscanos.org.br\/noticias\/author\/guilhermerocha\"}]}<\/script>\n<!-- \/ Yoast SEO plugin. -->","yoast_head_json":{"title":"Dia de S\u00e3o Jorge com feijoada re\u00fane f\u00e9, espiritualidade e conviv\u00eancia fraterna em Duque de Caxias (RJ) - Not\u00edcias - Franciscanos","robots":{"index":"index","follow":"follow","max-snippet":"max-snippet:-1","max-image-preview":"max-image-preview:large","max-video-preview":"max-video-preview:-1"},"canonical":"https:\/\/franciscanos.org.br\/noticias\/dia-de-sao-jorge-com-feijoada-reune-fe-espiritualidade-e-convivencia-fraterna-em-duque-de-caxias-rj.html","og_locale":"pt_BR","og_type":"article","og_title":"Dia de S\u00e3o Jorge com feijoada re\u00fane f\u00e9, espiritualidade e conviv\u00eancia fraterna em Duque de Caxias (RJ) - Not\u00edcias - Franciscanos","og_description":"Celebra\u00e7\u00f5es Paroquiais","og_url":"https:\/\/franciscanos.org.br\/noticias\/dia-de-sao-jorge-com-feijoada-reune-fe-espiritualidade-e-convivencia-fraterna-em-duque-de-caxias-rj.html","og_site_name":"Not\u00edcias - Franciscanos","article_published_time":"2026-04-24T17:34:16+00:00","article_modified_time":"2026-04-24T18:11:31+00:00","og_image":[{"width":1280,"height":1080,"url":"https:\/\/franciscanos.org.br\/noticias\/wp-content\/uploads\/2026\/04\/1280-x-720-px-Destaque-32-1.png","type":"image\/png"}],"author":"Guilherme Rocha","twitter_card":"summary_large_image","twitter_misc":{"Escrito por":"Guilherme Rocha","Est. tempo de leitura":"3 minutos"},"schema":{"@context":"https:\/\/schema.org","@graph":[{"@type":"WebSite","@id":"https:\/\/franciscanos.org.br\/noticias\/#website","url":"https:\/\/franciscanos.org.br\/noticias\/","name":"Not\u00edcias - Franciscanos","description":"Prov\u00edncia Franciscana da Imaculada Concei\u00e7\u00e3o do Brasil - Ordem dos Frades Menores - OFM","potentialAction":[{"@type":"SearchAction","target":{"@type":"EntryPoint","urlTemplate":"https:\/\/franciscanos.org.br\/noticias\/?s={search_term_string}"},"query-input":"required name=search_term_string"}],"inLanguage":"pt-BR"},{"@type":"ImageObject","inLanguage":"pt-BR","@id":"https:\/\/franciscanos.org.br\/noticias\/dia-de-sao-jorge-com-feijoada-reune-fe-espiritualidade-e-convivencia-fraterna-em-duque-de-caxias-rj.html#primaryimage","url":"https:\/\/franciscanos.org.br\/noticias\/wp-content\/uploads\/2026\/04\/1280-x-720-px-Destaque-32-1.png","contentUrl":"https:\/\/franciscanos.org.br\/noticias\/wp-content\/uploads\/2026\/04\/1280-x-720-px-Destaque-32-1.png","width":1280,"height":1080},{"@type":"WebPage","@id":"https:\/\/franciscanos.org.br\/noticias\/dia-de-sao-jorge-com-feijoada-reune-fe-espiritualidade-e-convivencia-fraterna-em-duque-de-caxias-rj.html#webpage","url":"https:\/\/franciscanos.org.br\/noticias\/dia-de-sao-jorge-com-feijoada-reune-fe-espiritualidade-e-convivencia-fraterna-em-duque-de-caxias-rj.html","name":"Dia de S\u00e3o Jorge com feijoada re\u00fane f\u00e9, espiritualidade e conviv\u00eancia fraterna em Duque de Caxias (RJ) - Not\u00edcias - Franciscanos","isPartOf":{"@id":"https:\/\/franciscanos.org.br\/noticias\/#website"},"primaryImageOfPage":{"@id":"https:\/\/franciscanos.org.br\/noticias\/dia-de-sao-jorge-com-feijoada-reune-fe-espiritualidade-e-convivencia-fraterna-em-duque-de-caxias-rj.html#primaryimage"},"datePublished":"2026-04-24T17:34:16+00:00","dateModified":"2026-04-24T18:11:31+00:00","author":{"@id":"https:\/\/franciscanos.org.br\/noticias\/#\/schema\/person\/69bb4cd273a2528548b63cccab4980a0"},"breadcrumb":{"@id":"https:\/\/franciscanos.org.br\/noticias\/dia-de-sao-jorge-com-feijoada-reune-fe-espiritualidade-e-convivencia-fraterna-em-duque-de-caxias-rj.html#breadcrumb"},"inLanguage":"pt-BR","potentialAction":[{"@type":"ReadAction","target":["https:\/\/franciscanos.org.br\/noticias\/dia-de-sao-jorge-com-feijoada-reune-fe-espiritualidade-e-convivencia-fraterna-em-duque-de-caxias-rj.html"]}]},{"@type":"BreadcrumbList","@id":"https:\/\/franciscanos.org.br\/noticias\/dia-de-sao-jorge-com-feijoada-reune-fe-espiritualidade-e-convivencia-fraterna-em-duque-de-caxias-rj.html#breadcrumb","itemListElement":[{"@type":"ListItem","position":1,"name":"Home","item":"https:\/\/franciscanos.org.br\/noticias"},{"@type":"ListItem","position":2,"name":"Dia de S\u00e3o Jorge com feijoada re\u00fane f\u00e9, espiritualidade e conviv\u00eancia fraterna em Duque de Caxias (RJ)"}]},{"@type":"Person","@id":"https:\/\/franciscanos.org.br\/noticias\/#\/schema\/person\/69bb4cd273a2528548b63cccab4980a0","name":"Guilherme Rocha","image":{"@type":"ImageObject","inLanguage":"pt-BR","@id":"https:\/\/franciscanos.org.br\/noticias\/#\/schema\/person\/image\/","url":"https:\/\/secure.gravatar.com\/avatar\/e480fee2377f81af36f6990ed742592a?s=96&d=mm&r=g","contentUrl":"https:\/\/secure.gravatar.com\/avatar\/e480fee2377f81af36f6990ed742592a?s=96&d=mm&r=g","caption":"Guilherme Rocha"},"url":"https:\/\/franciscanos.org.br\/noticias\/author\/guilhermerocha"}]}},"_links":{"self":[{"href":"https:\/\/franciscanos.org.br\/noticias\/wp-json\/wp\/v2\/posts\/266517"}],"collection":[{"href":"https:\/\/franciscanos.org.br\/noticias\/wp-json\/wp\/v2\/posts"}],"about":[{"href":"https:\/\/franciscanos.org.br\/noticias\/wp-json\/wp\/v2\/types\/post"}],"author":[{"embeddable":true,"href":"https:\/\/franciscanos.org.br\/noticias\/wp-json\/wp\/v2\/users\/15"}],"replies":[{"embeddable":true,"href":"https:\/\/franciscanos.org.br\/noticias\/wp-json\/wp\/v2\/comments?post=266517"}],"version-history":[{"count":4,"href":"https:\/\/franciscanos.org.br\/noticias\/wp-json\/wp\/v2\/posts\/266517\/revisions"}],"predecessor-version":[{"id":266546,"href":"https:\/\/franciscanos.org.br\/noticias\/wp-json\/wp\/v2\/posts\/266517\/revisions\/266546"}],"wp:featuredmedia":[{"embeddable":true,"href":"https:\/\/franciscanos.org.br\/noticias\/wp-json\/wp\/v2\/media\/266519"}],"wp:attachment":[{"href":"https:\/\/franciscanos.org.br\/noticias\/wp-json\/wp\/v2\/media?parent=266517"}],"wp:term":[{"taxonomy":"category","embeddable":true,"href":"https:\/\/franciscanos.org.br\/noticias\/wp-json\/wp\/v2\/categories?post=266517"},{"taxonomy":"post_tag","embeddable":true,"href":"https:\/\/franciscanos.org.br\/noticias\/wp-json\/wp\/v2\/tags?post=266517"}],"curies":[{"name":"wp","href":"https:\/\/api.w.org\/{rel}","templated":true}]}}