{"id":266502,"date":"2026-04-24T08:48:40","date_gmt":"2026-04-24T11:48:40","guid":{"rendered":"https:\/\/franciscanos.org.br\/noticias\/?p=266502"},"modified":"2026-04-24T08:48:40","modified_gmt":"2026-04-24T11:48:40","slug":"contagem-regressiva-faltam-menos-de-60-dias-para-o-capitulo-das-esteiras-2026","status":"publish","type":"post","link":"https:\/\/franciscanos.org.br\/noticias\/contagem-regressiva-faltam-menos-de-60-dias-para-o-capitulo-das-esteiras-2026.html","title":{"rendered":"Contagem regressiva: faltam menos de 60 dias para o Cap\u00edtulo das Esteiras 2026"},"content":{"rendered":"<p><img loading=\"lazy\" class=\"aligncenter wp-image-266506\" src=\"https:\/\/franciscanos.org.br\/noticias\/wp-content\/uploads\/2026\/04\/Site-Caninde-CE-fotor-enhance-2026042484336-450x318.jpg\" alt=\"\" width=\"707\" height=\"500\" srcset=\"https:\/\/franciscanos.org.br\/noticias\/wp-content\/uploads\/2026\/04\/Site-Caninde-CE-fotor-enhance-2026042484336-450x318.jpg 450w, https:\/\/franciscanos.org.br\/noticias\/wp-content\/uploads\/2026\/04\/Site-Caninde-CE-fotor-enhance-2026042484336-1024x724.jpg 1024w, https:\/\/franciscanos.org.br\/noticias\/wp-content\/uploads\/2026\/04\/Site-Caninde-CE-fotor-enhance-2026042484336-768x543.jpg 768w, https:\/\/franciscanos.org.br\/noticias\/wp-content\/uploads\/2026\/04\/Site-Caninde-CE-fotor-enhance-2026042484336-1536x1086.jpg 1536w, https:\/\/franciscanos.org.br\/noticias\/wp-content\/uploads\/2026\/04\/Site-Caninde-CE-fotor-enhance-2026042484336-2048x1448.jpg 2048w, https:\/\/franciscanos.org.br\/noticias\/wp-content\/uploads\/2026\/04\/Site-Caninde-CE-fotor-enhance-2026042484336-150x106.jpg 150w, https:\/\/franciscanos.org.br\/noticias\/wp-content\/uploads\/2026\/04\/Site-Caninde-CE-fotor-enhance-2026042484336-460x325.jpg 460w, https:\/\/franciscanos.org.br\/noticias\/wp-content\/uploads\/2026\/04\/Site-Caninde-CE-fotor-enhance-2026042484336-scaled.jpg 1528w\" sizes=\"(max-width: 707px) 100vw, 707px\" \/><\/p>\n<p><span style=\"font-weight: 400;\">A contagem regressiva j\u00e1 come\u00e7ou para os seguidores de Francisco e Clara de Assis em todo o pa\u00eds. Faltam menos de 60 dias para o in\u00edcio do Cap\u00edtulo das Esteiras 2026, que acontecer\u00e1 entre os dias 19 e 21 de junho, na cidade de Canind\u00e9, Cear\u00e1.<\/span><\/p>\n<p><span style=\"font-weight: 400;\">Promovido pela <\/span><a href=\"http:\/\/cffb.org.br\"><span style=\"font-weight: 400;\">Confer\u00eancia da Fam\u00edlia Franciscana do Brasil (CFFB<\/span><\/a><span style=\"font-weight: 400;\">), o evento \u00e9 o ponto alto das celebra\u00e7\u00f5es pelos 800 anos do Jubileu Franciscano. Sob o lema &#8220;Felizes os p\u00e9s dos que anunciam a paz!&#8221; (Rm 10,15), o encontro deve reunir centenas de frades, irm\u00e3s, juventudes da JUFRA e leigas e leigos da OFS e simpatizantes de todos os estados brasileiros no Santu\u00e1rio de S\u00e3o Francisco das Chagas.<\/span><\/p>\n<p><span style=\"font-weight: 400;\">Vale lembrar que nos \u00faltimos anos celebramos os 800 anos da Regra Bulada e do Pres\u00e9pio de Greccio (1223), dos Estigmas (1224) e o C\u00e2ntico das Criaturas (1225). Em 2026 estamos celebrando a P\u00e1scoa de Francisco de Assis (1226), os 60 anos da CFFB (1966) e fomos agraciados pelo Papa Le\u00e3o XIV com o Ano Jubilar Franciscano.<\/span><\/p>\n<p><b>O que \u00e9 o Cap\u00edtulo das Esteiras?<\/b><\/p>\n<p><span style=\"font-weight: 400;\">O nome remete aos prim\u00f3rdios da Primeira Ordem Franciscana, quando Francisco reuniu milhares de frades em Assis. Como n\u00e3o havia hospedagem para todos, os irm\u00e3os dormiam em esteiras de palha, simbolizando a simplicidade e a fraternidade que definem o carisma francisclariano at\u00e9 hoje.<\/span><\/p>\n<p><span style=\"font-weight: 400;\">&#8220;Este momento celebrativo \u00e9 um convite \u00e0 unidade e \u00e0 renova\u00e7\u00e3o do compromisso com os valores do Evangelho, inspirados na vida e no testemunho de Francisco e Clara de Assis&#8221;, destaca a organiza\u00e7\u00e3o do evento.<\/span><\/p>\n<p><b>Programa\u00e7\u00e3o e inscri\u00e7\u00f5es<\/b><\/p>\n<p><span style=\"font-weight: 400;\">A programa\u00e7\u00e3o em Canind\u00e9 incluir\u00e1:<\/span><\/p>\n<ul>\n<li style=\"font-weight: 400;\" aria-level=\"1\"><span style=\"font-weight: 400;\">Momentos de espiritualidade: Prociss\u00f5es, via-sacra e peregrina\u00e7\u00e3o \u00e0 est\u00e1tua de S\u00e3o Francisco.<\/span><\/li>\n<li style=\"font-weight: 400;\" aria-level=\"1\"><span style=\"font-weight: 400;\">Forma\u00e7\u00e3o e cultura: Palestras sobre o legado francisclariano e noites culturais.<\/span><\/li>\n<li style=\"font-weight: 400;\" aria-level=\"1\"><span style=\"font-weight: 400;\">Celebra\u00e7\u00e3o: Missas e momentos de conviv\u00eancia fraterna.<\/span><\/li>\n<\/ul>\n<p><span style=\"font-weight: 400;\"><a href=\"http:\/\/cffb.org.br\/capitulodasesteiras2026\">As inscri\u00e7\u00f5es para o 2\u00ba lote continuam abertas atrav\u00e9s do site oficial da CFFB<\/a>, com o valor de R$ 300,00 (incluindo o kit com mochila, camisa e garrafa personalizada) at\u00e9 o dia 31 de maio. Vale lembrar que as vagas s\u00e3o limitadas para garantir a organiza\u00e7\u00e3o do evento no Santu\u00e1rio.<\/span><\/p>\n<p><img loading=\"lazy\" class=\"aligncenter wp-image-266505 size-thumbnail\" src=\"https:\/\/franciscanos.org.br\/noticias\/wp-content\/uploads\/2026\/04\/Site-Identidade-Visual-do-Capitulo-do-Capitulo-das-Esteiras-2026-300x300.jpg\" alt=\"\" width=\"300\" height=\"300\" srcset=\"https:\/\/franciscanos.org.br\/noticias\/wp-content\/uploads\/2026\/04\/Site-Identidade-Visual-do-Capitulo-do-Capitulo-das-Esteiras-2026-300x300.jpg 300w, https:\/\/franciscanos.org.br\/noticias\/wp-content\/uploads\/2026\/04\/Site-Identidade-Visual-do-Capitulo-do-Capitulo-das-Esteiras-2026-100x100.jpg 100w\" sizes=\"(max-width: 300px) 100vw, 300px\" \/><\/p>\n<p><b>Informa\u00e7\u00f5es<\/b><\/p>\n<p><span style=\"font-weight: 400;\">Evento: Cap\u00edtulo das Esteiras 2026<br \/>\n<\/span><span style=\"font-weight: 400;\">Data: 19 a 21 de junho de 2026<br \/>\n<\/span><span style=\"font-weight: 400;\">Local: Canind\u00e9, Cear\u00e1<br \/>\n<\/span><span style=\"font-weight: 400;\">Inscri\u00e7\u00f5es: <\/span><a href=\"http:\/\/cffb.org.br\/capitulodasesteiras2026\"><span style=\"font-weight: 400;\">cffb.org.br\/capitulodasesteiras2026<\/span><\/a><\/p>\n<hr \/>\n<p><i><span style=\"font-weight: 400;\">R\u00f4mulo Ferreira &#8211; CFFB<\/span><\/i><\/p>\n","protected":false},"excerpt":{"rendered":"<p>Cap\u00edtulo das Esteiras 2026<\/p>\n","protected":false},"author":15,"featured_media":266503,"comment_status":"open","ping_status":"open","sticky":false,"template":"","format":"standard","meta":[],"categories":[1],"tags":[],"acf":[],"yoast_head":"<!-- This site is optimized with the Yoast SEO plugin v19.2 - https:\/\/yoast.com\/wordpress\/plugins\/seo\/ -->\n<title>Contagem regressiva: faltam menos de 60 dias para o Cap\u00edtulo das Esteiras 2026 - Not\u00edcias - Franciscanos<\/title>\n<meta name=\"robots\" content=\"index, follow, max-snippet:-1, max-image-preview:large, max-video-preview:-1\" \/>\n<link rel=\"canonical\" href=\"https:\/\/franciscanos.org.br\/noticias\/contagem-regressiva-faltam-menos-de-60-dias-para-o-capitulo-das-esteiras-2026.html\" \/>\n<meta property=\"og:locale\" content=\"pt_BR\" \/>\n<meta property=\"og:type\" content=\"article\" \/>\n<meta property=\"og:title\" content=\"Contagem regressiva: faltam menos de 60 dias para o Cap\u00edtulo das Esteiras 2026 - Not\u00edcias - Franciscanos\" \/>\n<meta property=\"og:description\" content=\"Cap\u00edtulo das Esteiras 2026\" \/>\n<meta property=\"og:url\" content=\"https:\/\/franciscanos.org.br\/noticias\/contagem-regressiva-faltam-menos-de-60-dias-para-o-capitulo-das-esteiras-2026.html\" \/>\n<meta property=\"og:site_name\" content=\"Not\u00edcias - Franciscanos\" \/>\n<meta property=\"article:published_time\" content=\"2026-04-24T11:48:40+00:00\" \/>\n<meta property=\"og:image\" content=\"https:\/\/franciscanos.org.br\/noticias\/wp-content\/uploads\/2026\/04\/Site-Caninde-CE-scaled.jpg\" \/>\n\t<meta property=\"og:image:width\" content=\"1528\" \/>\n\t<meta property=\"og:image:height\" content=\"1080\" \/>\n\t<meta property=\"og:image:type\" content=\"image\/jpeg\" \/>\n<meta name=\"author\" content=\"Guilherme Rocha\" \/>\n<meta name=\"twitter:card\" content=\"summary_large_image\" \/>\n<meta name=\"twitter:label1\" content=\"Escrito por\" \/>\n\t<meta name=\"twitter:data1\" content=\"Guilherme Rocha\" \/>\n\t<meta name=\"twitter:label2\" content=\"Est. tempo de leitura\" \/>\n\t<meta name=\"twitter:data2\" content=\"2 minutos\" \/>\n<script type=\"application\/ld+json\" class=\"yoast-schema-graph\">{\"@context\":\"https:\/\/schema.org\",\"@graph\":[{\"@type\":\"WebSite\",\"@id\":\"https:\/\/franciscanos.org.br\/noticias\/#website\",\"url\":\"https:\/\/franciscanos.org.br\/noticias\/\",\"name\":\"Not\u00edcias - Franciscanos\",\"description\":\"Prov\u00edncia Franciscana da Imaculada Concei\u00e7\u00e3o do Brasil - Ordem dos Frades Menores - OFM\",\"potentialAction\":[{\"@type\":\"SearchAction\",\"target\":{\"@type\":\"EntryPoint\",\"urlTemplate\":\"https:\/\/franciscanos.org.br\/noticias\/?s={search_term_string}\"},\"query-input\":\"required name=search_term_string\"}],\"inLanguage\":\"pt-BR\"},{\"@type\":\"ImageObject\",\"inLanguage\":\"pt-BR\",\"@id\":\"https:\/\/franciscanos.org.br\/noticias\/contagem-regressiva-faltam-menos-de-60-dias-para-o-capitulo-das-esteiras-2026.html#primaryimage\",\"url\":\"https:\/\/franciscanos.org.br\/noticias\/wp-content\/uploads\/2026\/04\/Site-Caninde-CE-scaled.jpg\",\"contentUrl\":\"https:\/\/franciscanos.org.br\/noticias\/wp-content\/uploads\/2026\/04\/Site-Caninde-CE-scaled.jpg\",\"width\":1528,\"height\":1080},{\"@type\":\"WebPage\",\"@id\":\"https:\/\/franciscanos.org.br\/noticias\/contagem-regressiva-faltam-menos-de-60-dias-para-o-capitulo-das-esteiras-2026.html#webpage\",\"url\":\"https:\/\/franciscanos.org.br\/noticias\/contagem-regressiva-faltam-menos-de-60-dias-para-o-capitulo-das-esteiras-2026.html\",\"name\":\"Contagem regressiva: faltam menos de 60 dias para o Cap\u00edtulo das Esteiras 2026 - Not\u00edcias - Franciscanos\",\"isPartOf\":{\"@id\":\"https:\/\/franciscanos.org.br\/noticias\/#website\"},\"primaryImageOfPage\":{\"@id\":\"https:\/\/franciscanos.org.br\/noticias\/contagem-regressiva-faltam-menos-de-60-dias-para-o-capitulo-das-esteiras-2026.html#primaryimage\"},\"datePublished\":\"2026-04-24T11:48:40+00:00\",\"dateModified\":\"2026-04-24T11:48:40+00:00\",\"author\":{\"@id\":\"https:\/\/franciscanos.org.br\/noticias\/#\/schema\/person\/69bb4cd273a2528548b63cccab4980a0\"},\"breadcrumb\":{\"@id\":\"https:\/\/franciscanos.org.br\/noticias\/contagem-regressiva-faltam-menos-de-60-dias-para-o-capitulo-das-esteiras-2026.html#breadcrumb\"},\"inLanguage\":\"pt-BR\",\"potentialAction\":[{\"@type\":\"ReadAction\",\"target\":[\"https:\/\/franciscanos.org.br\/noticias\/contagem-regressiva-faltam-menos-de-60-dias-para-o-capitulo-das-esteiras-2026.html\"]}]},{\"@type\":\"BreadcrumbList\",\"@id\":\"https:\/\/franciscanos.org.br\/noticias\/contagem-regressiva-faltam-menos-de-60-dias-para-o-capitulo-das-esteiras-2026.html#breadcrumb\",\"itemListElement\":[{\"@type\":\"ListItem\",\"position\":1,\"name\":\"Home\",\"item\":\"https:\/\/franciscanos.org.br\/noticias\"},{\"@type\":\"ListItem\",\"position\":2,\"name\":\"Contagem regressiva: faltam menos de 60 dias para o Cap\u00edtulo das Esteiras 2026\"}]},{\"@type\":\"Person\",\"@id\":\"https:\/\/franciscanos.org.br\/noticias\/#\/schema\/person\/69bb4cd273a2528548b63cccab4980a0\",\"name\":\"Guilherme Rocha\",\"image\":{\"@type\":\"ImageObject\",\"inLanguage\":\"pt-BR\",\"@id\":\"https:\/\/franciscanos.org.br\/noticias\/#\/schema\/person\/image\/\",\"url\":\"https:\/\/secure.gravatar.com\/avatar\/e480fee2377f81af36f6990ed742592a?s=96&d=mm&r=g\",\"contentUrl\":\"https:\/\/secure.gravatar.com\/avatar\/e480fee2377f81af36f6990ed742592a?s=96&d=mm&r=g\",\"caption\":\"Guilherme Rocha\"},\"url\":\"https:\/\/franciscanos.org.br\/noticias\/author\/guilhermerocha\"}]}<\/script>\n<!-- \/ Yoast SEO plugin. -->","yoast_head_json":{"title":"Contagem regressiva: faltam menos de 60 dias para o Cap\u00edtulo das Esteiras 2026 - Not\u00edcias - Franciscanos","robots":{"index":"index","follow":"follow","max-snippet":"max-snippet:-1","max-image-preview":"max-image-preview:large","max-video-preview":"max-video-preview:-1"},"canonical":"https:\/\/franciscanos.org.br\/noticias\/contagem-regressiva-faltam-menos-de-60-dias-para-o-capitulo-das-esteiras-2026.html","og_locale":"pt_BR","og_type":"article","og_title":"Contagem regressiva: faltam menos de 60 dias para o Cap\u00edtulo das Esteiras 2026 - Not\u00edcias - Franciscanos","og_description":"Cap\u00edtulo das Esteiras 2026","og_url":"https:\/\/franciscanos.org.br\/noticias\/contagem-regressiva-faltam-menos-de-60-dias-para-o-capitulo-das-esteiras-2026.html","og_site_name":"Not\u00edcias - Franciscanos","article_published_time":"2026-04-24T11:48:40+00:00","og_image":[{"width":1528,"height":1080,"url":"https:\/\/franciscanos.org.br\/noticias\/wp-content\/uploads\/2026\/04\/Site-Caninde-CE-scaled.jpg","type":"image\/jpeg"}],"author":"Guilherme Rocha","twitter_card":"summary_large_image","twitter_misc":{"Escrito por":"Guilherme Rocha","Est. tempo de leitura":"2 minutos"},"schema":{"@context":"https:\/\/schema.org","@graph":[{"@type":"WebSite","@id":"https:\/\/franciscanos.org.br\/noticias\/#website","url":"https:\/\/franciscanos.org.br\/noticias\/","name":"Not\u00edcias - Franciscanos","description":"Prov\u00edncia Franciscana da Imaculada Concei\u00e7\u00e3o do Brasil - Ordem dos Frades Menores - OFM","potentialAction":[{"@type":"SearchAction","target":{"@type":"EntryPoint","urlTemplate":"https:\/\/franciscanos.org.br\/noticias\/?s={search_term_string}"},"query-input":"required name=search_term_string"}],"inLanguage":"pt-BR"},{"@type":"ImageObject","inLanguage":"pt-BR","@id":"https:\/\/franciscanos.org.br\/noticias\/contagem-regressiva-faltam-menos-de-60-dias-para-o-capitulo-das-esteiras-2026.html#primaryimage","url":"https:\/\/franciscanos.org.br\/noticias\/wp-content\/uploads\/2026\/04\/Site-Caninde-CE-scaled.jpg","contentUrl":"https:\/\/franciscanos.org.br\/noticias\/wp-content\/uploads\/2026\/04\/Site-Caninde-CE-scaled.jpg","width":1528,"height":1080},{"@type":"WebPage","@id":"https:\/\/franciscanos.org.br\/noticias\/contagem-regressiva-faltam-menos-de-60-dias-para-o-capitulo-das-esteiras-2026.html#webpage","url":"https:\/\/franciscanos.org.br\/noticias\/contagem-regressiva-faltam-menos-de-60-dias-para-o-capitulo-das-esteiras-2026.html","name":"Contagem regressiva: faltam menos de 60 dias para o Cap\u00edtulo das Esteiras 2026 - Not\u00edcias - Franciscanos","isPartOf":{"@id":"https:\/\/franciscanos.org.br\/noticias\/#website"},"primaryImageOfPage":{"@id":"https:\/\/franciscanos.org.br\/noticias\/contagem-regressiva-faltam-menos-de-60-dias-para-o-capitulo-das-esteiras-2026.html#primaryimage"},"datePublished":"2026-04-24T11:48:40+00:00","dateModified":"2026-04-24T11:48:40+00:00","author":{"@id":"https:\/\/franciscanos.org.br\/noticias\/#\/schema\/person\/69bb4cd273a2528548b63cccab4980a0"},"breadcrumb":{"@id":"https:\/\/franciscanos.org.br\/noticias\/contagem-regressiva-faltam-menos-de-60-dias-para-o-capitulo-das-esteiras-2026.html#breadcrumb"},"inLanguage":"pt-BR","potentialAction":[{"@type":"ReadAction","target":["https:\/\/franciscanos.org.br\/noticias\/contagem-regressiva-faltam-menos-de-60-dias-para-o-capitulo-das-esteiras-2026.html"]}]},{"@type":"BreadcrumbList","@id":"https:\/\/franciscanos.org.br\/noticias\/contagem-regressiva-faltam-menos-de-60-dias-para-o-capitulo-das-esteiras-2026.html#breadcrumb","itemListElement":[{"@type":"ListItem","position":1,"name":"Home","item":"https:\/\/franciscanos.org.br\/noticias"},{"@type":"ListItem","position":2,"name":"Contagem regressiva: faltam menos de 60 dias para o Cap\u00edtulo das Esteiras 2026"}]},{"@type":"Person","@id":"https:\/\/franciscanos.org.br\/noticias\/#\/schema\/person\/69bb4cd273a2528548b63cccab4980a0","name":"Guilherme Rocha","image":{"@type":"ImageObject","inLanguage":"pt-BR","@id":"https:\/\/franciscanos.org.br\/noticias\/#\/schema\/person\/image\/","url":"https:\/\/secure.gravatar.com\/avatar\/e480fee2377f81af36f6990ed742592a?s=96&d=mm&r=g","contentUrl":"https:\/\/secure.gravatar.com\/avatar\/e480fee2377f81af36f6990ed742592a?s=96&d=mm&r=g","caption":"Guilherme Rocha"},"url":"https:\/\/franciscanos.org.br\/noticias\/author\/guilhermerocha"}]}},"_links":{"self":[{"href":"https:\/\/franciscanos.org.br\/noticias\/wp-json\/wp\/v2\/posts\/266502"}],"collection":[{"href":"https:\/\/franciscanos.org.br\/noticias\/wp-json\/wp\/v2\/posts"}],"about":[{"href":"https:\/\/franciscanos.org.br\/noticias\/wp-json\/wp\/v2\/types\/post"}],"author":[{"embeddable":true,"href":"https:\/\/franciscanos.org.br\/noticias\/wp-json\/wp\/v2\/users\/15"}],"replies":[{"embeddable":true,"href":"https:\/\/franciscanos.org.br\/noticias\/wp-json\/wp\/v2\/comments?post=266502"}],"version-history":[{"count":10,"href":"https:\/\/franciscanos.org.br\/noticias\/wp-json\/wp\/v2\/posts\/266502\/revisions"}],"predecessor-version":[{"id":266515,"href":"https:\/\/franciscanos.org.br\/noticias\/wp-json\/wp\/v2\/posts\/266502\/revisions\/266515"}],"wp:featuredmedia":[{"embeddable":true,"href":"https:\/\/franciscanos.org.br\/noticias\/wp-json\/wp\/v2\/media\/266503"}],"wp:attachment":[{"href":"https:\/\/franciscanos.org.br\/noticias\/wp-json\/wp\/v2\/media?parent=266502"}],"wp:term":[{"taxonomy":"category","embeddable":true,"href":"https:\/\/franciscanos.org.br\/noticias\/wp-json\/wp\/v2\/categories?post=266502"},{"taxonomy":"post_tag","embeddable":true,"href":"https:\/\/franciscanos.org.br\/noticias\/wp-json\/wp\/v2\/tags?post=266502"}],"curies":[{"name":"wp","href":"https:\/\/api.w.org\/{rel}","templated":true}]}}