{"id":265037,"date":"2026-03-16T12:12:25","date_gmt":"2026-03-16T15:12:25","guid":{"rendered":"https:\/\/franciscanos.org.br\/noticias\/?p=265037"},"modified":"2026-03-16T12:17:36","modified_gmt":"2026-03-16T15:17:36","slug":"projeto-franciscano-fortalece-a-voz-da-populacao-em-situacao-de-rua","status":"publish","type":"post","link":"https:\/\/franciscanos.org.br\/noticias\/projeto-franciscano-fortalece-a-voz-da-populacao-em-situacao-de-rua.html","title":{"rendered":"Projeto franciscano fortalece a voz da popula\u00e7\u00e3o em situa\u00e7\u00e3o de rua"},"content":{"rendered":"<p>&nbsp;<\/p>\n<p><img loading=\"lazy\" class=\"aligncenter wp-image-265039 size-large\" src=\"https:\/\/franciscanos.org.br\/noticias\/wp-content\/uploads\/2026\/03\/Princopal-1-1024x593.jpg\" alt=\"\" width=\"1024\" height=\"593\" srcset=\"https:\/\/franciscanos.org.br\/noticias\/wp-content\/uploads\/2026\/03\/Princopal-1-1024x593.jpg 1024w, https:\/\/franciscanos.org.br\/noticias\/wp-content\/uploads\/2026\/03\/Princopal-1-450x260.jpg 450w, https:\/\/franciscanos.org.br\/noticias\/wp-content\/uploads\/2026\/03\/Princopal-1-768x444.jpg 768w, https:\/\/franciscanos.org.br\/noticias\/wp-content\/uploads\/2026\/03\/Princopal-1-1536x889.jpg 1536w, https:\/\/franciscanos.org.br\/noticias\/wp-content\/uploads\/2026\/03\/Princopal-1-2048x1185.jpg 2048w, https:\/\/franciscanos.org.br\/noticias\/wp-content\/uploads\/2026\/03\/Princopal-1-150x87.jpg 150w, https:\/\/franciscanos.org.br\/noticias\/wp-content\/uploads\/2026\/03\/Princopal-1-scaled.jpg 1866w\" sizes=\"(max-width: 1024px) 100vw, 1024px\" \/><\/p>\n<p><span style=\"font-weight: 400;\">Defender direitos \u00e9 parte essencial da atua\u00e7\u00e3o do Sefras &#8211; A\u00e7\u00e3o Social Franciscana. Dentro da metodologia institucional da organiza\u00e7\u00e3o, \u201cdefender\u201d \u00e9 muito mais do que um verbo: \u00e9 um compromisso permanente com o fortalecimento da autonomia pol\u00edtica dos sujeitos e dos movimentos sociais.<\/span><\/p>\n<p><span style=\"font-weight: 400;\">Isso significa estimular a participa\u00e7\u00e3o social, produzir conhecimento e enfrentar as viola\u00e7\u00f5es de direitos que atingem popula\u00e7\u00f5es em situa\u00e7\u00e3o de vulnerabilidade. Entre as a\u00e7\u00f5es desenvolvidas pelo Sefras est\u00e3o:<\/span><\/p>\n<ul>\n<li style=\"font-weight: 400;\" aria-level=\"1\"><span style=\"font-weight: 400;\">Fortalecer a autonomia pol\u00edtica de participantes e movimentos sociais;<\/span><\/li>\n<li style=\"font-weight: 400;\" aria-level=\"1\"><span style=\"font-weight: 400;\">Levantar, sistematizar e disseminar evid\u00eancias de Viola\u00e7\u00f5es de direitos;<\/span><\/li>\n<li style=\"font-weight: 400;\" aria-level=\"1\"><span style=\"font-weight: 400;\">Articular propostas com os poderes Legislativo, Executivo e Judici\u00e1rio;<\/span><\/li>\n<li style=\"font-weight: 400;\" aria-level=\"1\"><span style=\"font-weight: 400;\">Garantir a defesa dos participantes atendidos pela institui\u00e7\u00e3o;<\/span><\/li>\n<li style=\"font-weight: 400;\" aria-level=\"1\"><span style=\"font-weight: 400;\">Sensibilizar a sociedade para o respeito e a defesa dos direitos humanos.<\/span><\/li>\n<\/ul>\n<p><span style=\"font-weight: 400;\">\u00c9 nesse contexto que surge o projeto Mobilizando para os Direitos e a Participa\u00e7\u00e3o, desenvolvido pelo Sefras a partir de uma emenda parlamentar. A iniciativa promove espa\u00e7os de di\u00e1logo e forma\u00e7\u00e3o pol\u00edtica com a popula\u00e7\u00e3o em situa\u00e7\u00e3o de rua, incentivando a participa\u00e7\u00e3o em inst\u00e2ncias p\u00fablicas e a reivindica\u00e7\u00e3o de direitos.<\/span><\/p>\n<p><img loading=\"lazy\" class=\"size-medium wp-image-265040 aligncenter\" src=\"https:\/\/franciscanos.org.br\/noticias\/wp-content\/uploads\/2026\/03\/IMG_9946-450x338.jpg\" alt=\"\" width=\"450\" height=\"338\" srcset=\"https:\/\/franciscanos.org.br\/noticias\/wp-content\/uploads\/2026\/03\/IMG_9946-450x338.jpg 450w, https:\/\/franciscanos.org.br\/noticias\/wp-content\/uploads\/2026\/03\/IMG_9946-1024x768.jpg 1024w, https:\/\/franciscanos.org.br\/noticias\/wp-content\/uploads\/2026\/03\/IMG_9946-768x576.jpg 768w, https:\/\/franciscanos.org.br\/noticias\/wp-content\/uploads\/2026\/03\/IMG_9946-1536x1152.jpg 1536w, https:\/\/franciscanos.org.br\/noticias\/wp-content\/uploads\/2026\/03\/IMG_9946-2048x1536.jpg 2048w, https:\/\/franciscanos.org.br\/noticias\/wp-content\/uploads\/2026\/03\/IMG_9946-150x113.jpg 150w, https:\/\/franciscanos.org.br\/noticias\/wp-content\/uploads\/2026\/03\/IMG_9946-600x450.jpg 600w, https:\/\/franciscanos.org.br\/noticias\/wp-content\/uploads\/2026\/03\/IMG_9946-scaled.jpg 1440w\" sizes=\"(max-width: 450px) 100vw, 450px\" \/><\/p>\n<p><span style=\"font-weight: 400;\">Para entender melhor como esse trabalho acontece na pr\u00e1tica, o Sefras conversou com Matheus Marques, educador e mobilizador pol\u00edtico do projeto.<\/span><\/p>\n<p><b>Quem \u00e9 voc\u00ea e qual \u00e9 o seu papel no projeto?<\/b><\/p>\n<p><span style=\"font-weight: 400;\">Sou Matheus Marques, educador e mobilizador pol\u00edtico no projeto Mobilizando para os Direitos e a Participa\u00e7\u00e3o, viabilizado por uma emenda parlamentar. O objetivo do projeto \u00e9 dialogar sobre pol\u00edticas p\u00fablicas e fortalecer espa\u00e7os de participa\u00e7\u00e3o social, como o Comit\u00ea Pop Rua (inst\u00e2ncia municipal que re\u00fane poder p\u00fablico e sociedade civil para acompanhar as pol\u00edticas voltadas \u00e0 popula\u00e7\u00e3o em situa\u00e7\u00e3o de rua).<\/span><\/p>\n<p><b>Na pr\u00e1tica, o que o projeto faz?<\/b><\/p>\n<p><span style=\"font-weight: 400;\">O trabalho acontece principalmente por meio de atividades em grupo, inspiradas no conceito de educa\u00e7\u00e3o popular de Paulo Freire. A ideia \u00e9 construir conhecimento a partir da experi\u00eancia das pr\u00f3prias pessoas que participam dos servi\u00e7os.<\/span><\/p>\n<p><span style=\"font-weight: 400;\">Ou seja, n\u00e3o \u00e9 uma l\u00f3gica professoral. Partimos do di\u00e1logo. Conversamos sobre pol\u00edticas p\u00fablicas e sobre temas que atravessam o cotidiano da popula\u00e7\u00e3o em situa\u00e7\u00e3o de rua, como seguran\u00e7a p\u00fablica, sa\u00fade, assist\u00eancia social e moradia.<\/span><\/p>\n<p><span style=\"font-weight: 400;\">A partir dessas conversas, pensamos juntos como organizar as demandas da popula\u00e7\u00e3o e lev\u00e1-las para os espa\u00e7os de participa\u00e7\u00e3o social, para o poder p\u00fablico e para outros movimentos.<\/span><\/p>\n<p><img loading=\"lazy\" class=\"size-medium wp-image-265041 aligncenter\" src=\"https:\/\/franciscanos.org.br\/noticias\/wp-content\/uploads\/2026\/03\/IMG_9975-450x338.jpg\" alt=\"\" width=\"450\" height=\"338\" srcset=\"https:\/\/franciscanos.org.br\/noticias\/wp-content\/uploads\/2026\/03\/IMG_9975-450x338.jpg 450w, https:\/\/franciscanos.org.br\/noticias\/wp-content\/uploads\/2026\/03\/IMG_9975-1024x768.jpg 1024w, https:\/\/franciscanos.org.br\/noticias\/wp-content\/uploads\/2026\/03\/IMG_9975-768x576.jpg 768w, https:\/\/franciscanos.org.br\/noticias\/wp-content\/uploads\/2026\/03\/IMG_9975-1536x1152.jpg 1536w, https:\/\/franciscanos.org.br\/noticias\/wp-content\/uploads\/2026\/03\/IMG_9975-2048x1536.jpg 2048w, https:\/\/franciscanos.org.br\/noticias\/wp-content\/uploads\/2026\/03\/IMG_9975-150x113.jpg 150w, https:\/\/franciscanos.org.br\/noticias\/wp-content\/uploads\/2026\/03\/IMG_9975-600x450.jpg 600w, https:\/\/franciscanos.org.br\/noticias\/wp-content\/uploads\/2026\/03\/IMG_9975-scaled.jpg 1440w\" sizes=\"(max-width: 450px) 100vw, 450px\" \/><\/p>\n<p><b>Onde o projeto acontece?<\/b><\/p>\n<p><span style=\"font-weight: 400;\">As atividades acontecem em duas casas do Sefras de S\u00e3o Paulo \u2014 o Recifran e o Ch\u00e1 do Padre \u2014, mas tamb\u00e9m em outros servi\u00e7os do munic\u00edpio que atendem a popula\u00e7\u00e3o em situa\u00e7\u00e3o de rua, mesmo que n\u00e3o sejam vinculados diretamente ao Sefras.<\/span><\/p>\n<p><b>Por que falar de pol\u00edtica com a popula\u00e7\u00e3o em situa\u00e7\u00e3o de rua \u00e9 importante?<\/b><\/p>\n<p><span style=\"font-weight: 400;\">Hoje existe um discurso muito forte, muitas vezes ligado a uma l\u00f3gica neoliberal, de que as situa\u00e7\u00f5es sociais s\u00e3o resultado apenas de erros individuais.<\/span><\/p>\n<p><span style=\"font-weight: 400;\">Mas quando vemos que o Brasil tem mais de 100 mil pessoas em situa\u00e7\u00e3o de rua, um n\u00famero que historicamente s\u00f3 cresce, fica dif\u00edcil acreditar que isso seja apenas uma quest\u00e3o pessoal.<\/span><\/p>\n<p><span style=\"font-weight: 400;\">Esse cen\u00e1rio \u00e9 atravessado por diversos fatores estruturais, como racismo, transfobia, machismo e desigualdade social. Por isso, \u00e9 importante construir uma leitura mais pol\u00edtica dessa realidade.<\/span><\/p>\n<p><img loading=\"lazy\" class=\"size-medium wp-image-265044 aligncenter\" src=\"https:\/\/franciscanos.org.br\/noticias\/wp-content\/uploads\/2026\/03\/IMG_9952-450x338.jpg\" alt=\"\" width=\"450\" height=\"338\" srcset=\"https:\/\/franciscanos.org.br\/noticias\/wp-content\/uploads\/2026\/03\/IMG_9952-450x338.jpg 450w, https:\/\/franciscanos.org.br\/noticias\/wp-content\/uploads\/2026\/03\/IMG_9952-1024x768.jpg 1024w, https:\/\/franciscanos.org.br\/noticias\/wp-content\/uploads\/2026\/03\/IMG_9952-768x576.jpg 768w, https:\/\/franciscanos.org.br\/noticias\/wp-content\/uploads\/2026\/03\/IMG_9952-1536x1152.jpg 1536w, https:\/\/franciscanos.org.br\/noticias\/wp-content\/uploads\/2026\/03\/IMG_9952-2048x1536.jpg 2048w, https:\/\/franciscanos.org.br\/noticias\/wp-content\/uploads\/2026\/03\/IMG_9952-150x113.jpg 150w, https:\/\/franciscanos.org.br\/noticias\/wp-content\/uploads\/2026\/03\/IMG_9952-600x450.jpg 600w, https:\/\/franciscanos.org.br\/noticias\/wp-content\/uploads\/2026\/03\/IMG_9952-scaled.jpg 1440w\" sizes=\"(max-width: 450px) 100vw, 450px\" \/><\/p>\n<p><b>Existe resist\u00eancia quando voc\u00eas prop\u00f5em esse debate?<\/b><\/p>\n<p><span style=\"font-weight: 400;\">Sim, bastante. Quando falamos que vamos trabalhar o tema da pol\u00edtica, muitas pessoas torcem o nariz, achando que vamos falar de campanha partid\u00e1ria ou de candidatos.<\/span><\/p>\n<p><span style=\"font-weight: 400;\">Ent\u00e3o parte do trabalho \u00e9 mostrar que pol\u00edtica est\u00e1 em tudo: no lugar onde a gente dorme, na comida que a gente tem acesso, na \u00e1gua que a gente bebe, nos servi\u00e7os p\u00fablicos que existem ou n\u00e3o existem.<\/span><\/p>\n<p><span style=\"font-weight: 400;\">\u00c9 um processo cuidadoso, que leva tempo, mas que vai despertando esse olhar cr\u00edtico.<\/span><\/p>\n<p><b>Que resultados voc\u00ea percebe nas atividades?<\/b><\/p>\n<p><span style=\"font-weight: 400;\">Esse \u00e9 um trabalho de formiguinha. \u00c9 claro que um projeto sozinho n\u00e3o vai resolver o problema da popula\u00e7\u00e3o em situa\u00e7\u00e3o de rua, ainda mais sendo voltado para uma regi\u00e3o espec\u00edfica de S\u00e3o Paulo.<\/span><\/p>\n<p><span style=\"font-weight: 400;\">Mas \u00e9 muito gratificante quando encontro participantes em espa\u00e7os como o Comit\u00ea Pop Rua ou em f\u00f3runs de discuss\u00e3o da cidade. Quando vejo essas pessoas participando, questionando, querendo mudar a realidade, percebo que algo est\u00e1 acontecendo.<\/span><\/p>\n<p><img loading=\"lazy\" class=\"size-medium wp-image-265042 aligncenter\" src=\"https:\/\/franciscanos.org.br\/noticias\/wp-content\/uploads\/2026\/03\/IMG_9958-450x338.jpg\" alt=\"\" width=\"450\" height=\"338\" srcset=\"https:\/\/franciscanos.org.br\/noticias\/wp-content\/uploads\/2026\/03\/IMG_9958-450x338.jpg 450w, https:\/\/franciscanos.org.br\/noticias\/wp-content\/uploads\/2026\/03\/IMG_9958-1024x768.jpg 1024w, https:\/\/franciscanos.org.br\/noticias\/wp-content\/uploads\/2026\/03\/IMG_9958-768x576.jpg 768w, https:\/\/franciscanos.org.br\/noticias\/wp-content\/uploads\/2026\/03\/IMG_9958-1536x1152.jpg 1536w, https:\/\/franciscanos.org.br\/noticias\/wp-content\/uploads\/2026\/03\/IMG_9958-2048x1536.jpg 2048w, https:\/\/franciscanos.org.br\/noticias\/wp-content\/uploads\/2026\/03\/IMG_9958-150x113.jpg 150w, https:\/\/franciscanos.org.br\/noticias\/wp-content\/uploads\/2026\/03\/IMG_9958-600x450.jpg 600w, https:\/\/franciscanos.org.br\/noticias\/wp-content\/uploads\/2026\/03\/IMG_9958-scaled.jpg 1440w\" sizes=\"(max-width: 450px) 100vw, 450px\" \/><\/p>\n<p><b>E no plano pessoal, como voc\u00ea se sente realizando esse trabalho?<\/b><\/p>\n<p><span style=\"font-weight: 400;\">\u00c9 muito gratificante. Estar em contato direto com a popula\u00e7\u00e3o, perceber que o trabalho est\u00e1 sendo \u00fatil e que as pessoas est\u00e3o absorvendo e replicando o conhecimento \u00e9 algo que d\u00e1 muito sentido ao que fazemos.<\/span><\/p>\n<p><span style=\"font-weight: 400;\">Ao mesmo tempo, \u00e9 um trabalho que mexe bastante com a gente, porque estamos lidando diariamente com realidades muito duras. Mas ver as pessoas desenvolvendo pensamento cr\u00edtico e ampliando suas reivindica\u00e7\u00f5es \u2014 n\u00e3o apenas por acolhimento, mas tamb\u00e9m por sa\u00fade e moradia \u2014 d\u00e1 muito g\u00e1s para continuar.<\/span><\/p>\n<p><b>Como esse projeto contribui para a defesa de direitos?<\/b><\/p>\n<p><span style=\"font-weight: 400;\">Ele contribui principalmente ao levar informa\u00e7\u00e3o para a popula\u00e7\u00e3o. Informa\u00e7\u00e3o sobre pol\u00edticas p\u00fablicas, sobre direitos existentes e sobre como acessar esses direitos.<\/span><\/p>\n<p><span style=\"font-weight: 400;\">Muitas vezes as pessoas n\u00e3o sabem que determinados programas existem. Um exemplo \u00e9 o Aux\u00edlio Reencontro Moradia, uma pol\u00edtica municipal de aux\u00edlio-aluguel voltada para pessoas em situa\u00e7\u00e3o de rua. Em muitas atividades, quando perguntamos se os participantes conhecem esse aux\u00edlio, a resposta \u00e9 n\u00e3o.<\/span><\/p>\n<p><span style=\"font-weight: 400;\">Quando compartilhamos esse tipo de informa\u00e7\u00e3o, ampliamos o repert\u00f3rio das pessoas para que possam reivindicar seus direitos e participar dos espa\u00e7os de decis\u00e3o.<\/span><\/p>\n<p><img loading=\"lazy\" class=\"size-medium wp-image-265043 aligncenter\" src=\"https:\/\/franciscanos.org.br\/noticias\/wp-content\/uploads\/2026\/03\/IMG_9970-450x338.jpg\" alt=\"\" width=\"450\" height=\"338\" srcset=\"https:\/\/franciscanos.org.br\/noticias\/wp-content\/uploads\/2026\/03\/IMG_9970-450x338.jpg 450w, https:\/\/franciscanos.org.br\/noticias\/wp-content\/uploads\/2026\/03\/IMG_9970-1024x768.jpg 1024w, https:\/\/franciscanos.org.br\/noticias\/wp-content\/uploads\/2026\/03\/IMG_9970-768x576.jpg 768w, https:\/\/franciscanos.org.br\/noticias\/wp-content\/uploads\/2026\/03\/IMG_9970-1536x1152.jpg 1536w, https:\/\/franciscanos.org.br\/noticias\/wp-content\/uploads\/2026\/03\/IMG_9970-2048x1536.jpg 2048w, https:\/\/franciscanos.org.br\/noticias\/wp-content\/uploads\/2026\/03\/IMG_9970-150x113.jpg 150w, https:\/\/franciscanos.org.br\/noticias\/wp-content\/uploads\/2026\/03\/IMG_9970-600x450.jpg 600w, https:\/\/franciscanos.org.br\/noticias\/wp-content\/uploads\/2026\/03\/IMG_9970-scaled.jpg 1440w\" sizes=\"(max-width: 450px) 100vw, 450px\" \/><\/p>\n<p><b>Qual \u00e9 a import\u00e2ncia do Sefras nesse projeto?<\/b><\/p>\n<p><span style=\"font-weight: 400;\">O Sefras, como organiza\u00e7\u00e3o franciscana, tem um compromisso hist\u00f3rico com a defesa das popula\u00e7\u00f5es mais vulner\u00e1veis.<\/span><\/p>\n<p><span style=\"font-weight: 400;\">Nas casas onde atuo percebo muita seriedade no trabalho e tamb\u00e9m liberdade para desenvolver projetos como esse, que envolvem mobiliza\u00e7\u00e3o pol\u00edtica e luta por direitos.<\/span><\/p>\n<p><span style=\"font-weight: 400;\">Quando pensamos em projetos viabilizados por emendas parlamentares, \u00e9 importante olhar para o hist\u00f3rico e para os valores das organiza\u00e7\u00f5es que executam essas iniciativas. E esse projeto est\u00e1 muito alinhado com os objetivos e valores do Sefras.<\/span><\/p>\n<p><b>Quais s\u00e3o os principais desafios para a popula\u00e7\u00e3o em situa\u00e7\u00e3o de rua hoje?<\/b><\/p>\n<p><span style=\"font-weight: 400;\">Um dos principais \u00e9 o d\u00e9ficit habitacional.<\/span><\/p>\n<p><span style=\"font-weight: 400;\">N\u00e3o estamos falando de falta de moradia. Na cidade de S\u00e3o Paulo existem mais unidades habitacionais do que pessoas em situa\u00e7\u00e3o de rua. H\u00e1 estudos que indicam que existem cerca de 20 im\u00f3veis dispon\u00edveis para cada pessoa nessa situa\u00e7\u00e3o.<\/span><\/p>\n<p><span style=\"font-weight: 400;\">Isso mostra que o problema \u00e9 estrutural. Por isso precisamos pautar a moradia como prioridade nas pol\u00edticas p\u00fablicas.<\/span><\/p>\n<p><b>Esse debate se conecta com a Campanha da Fraternidade?<\/b><\/p>\n<p><span style=\"font-weight: 400;\">Sim. A Campanha da Fraternidade 2026 tamb\u00e9m traz essa reflex\u00e3o sobre justi\u00e7a social e dignidade.<\/span><\/p>\n<p><a href=\"https:\/\/www.sefras.org.br\/blog\/projeto-franciscano-fortalece-a-voz-da-popula%C3%A7%C3%A3o-em-situa%C3%A7%C3%A3o-de-rua\">Clique aqui para conferir o conte\u00fado original no site do Sefras<\/a><\/p>\n\n\t\t<style type=\"text\/css\">\n\t\t\t#gallery-1 {\n\t\t\t\tmargin: auto;\n\t\t\t}\n\t\t\t#gallery-1 .gallery-item {\n\t\t\t\tfloat: left;\n\t\t\t\tmargin-top: 10px;\n\t\t\t\ttext-align: center;\n\t\t\t\twidth: 33%;\n\t\t\t}\n\t\t\t#gallery-1 img {\n\t\t\t\tborder: 2px solid #cfcfcf;\n\t\t\t}\n\t\t\t#gallery-1 .gallery-caption {\n\t\t\t\tmargin-left: 0;\n\t\t\t}\n\t\t\t\/* see gallery_shortcode() in wp-includes\/media.php *\/\n\t\t<\/style>\n\t\t<div id='gallery-1' class='gallery galleryid-265037 gallery-columns-3 gallery-size-thumbnail'><dl class='gallery-item'>\n\t\t\t<dt class='gallery-icon landscape'>\n\t\t\t\t<a href='https:\/\/franciscanos.org.br\/noticias\/wp-content\/uploads\/2026\/03\/IMG_9963-scaled.jpg'><img width=\"300\" height=\"300\" src=\"https:\/\/franciscanos.org.br\/noticias\/wp-content\/uploads\/2026\/03\/IMG_9963-300x300.jpg\" class=\"attachment-thumbnail size-thumbnail\" alt=\"\" loading=\"lazy\" srcset=\"https:\/\/franciscanos.org.br\/noticias\/wp-content\/uploads\/2026\/03\/IMG_9963-300x300.jpg 300w, https:\/\/franciscanos.org.br\/noticias\/wp-content\/uploads\/2026\/03\/IMG_9963-100x100.jpg 100w\" sizes=\"(max-width: 300px) 100vw, 300px\" \/><\/a>\n\t\t\t<\/dt><\/dl><dl class='gallery-item'>\n\t\t\t<dt class='gallery-icon landscape'>\n\t\t\t\t<a href='https:\/\/franciscanos.org.br\/noticias\/wp-content\/uploads\/2026\/03\/IMG_9954-scaled.jpg'><img width=\"300\" height=\"300\" src=\"https:\/\/franciscanos.org.br\/noticias\/wp-content\/uploads\/2026\/03\/IMG_9954-300x300.jpg\" class=\"attachment-thumbnail size-thumbnail\" alt=\"\" loading=\"lazy\" srcset=\"https:\/\/franciscanos.org.br\/noticias\/wp-content\/uploads\/2026\/03\/IMG_9954-300x300.jpg 300w, https:\/\/franciscanos.org.br\/noticias\/wp-content\/uploads\/2026\/03\/IMG_9954-100x100.jpg 100w\" sizes=\"(max-width: 300px) 100vw, 300px\" \/><\/a>\n\t\t\t<\/dt><\/dl><dl class='gallery-item'>\n\t\t\t<dt class='gallery-icon landscape'>\n\t\t\t\t<a href='https:\/\/franciscanos.org.br\/noticias\/wp-content\/uploads\/2026\/03\/IMG_9937-scaled.jpg'><img width=\"300\" height=\"300\" src=\"https:\/\/franciscanos.org.br\/noticias\/wp-content\/uploads\/2026\/03\/IMG_9937-300x300.jpg\" class=\"attachment-thumbnail size-thumbnail\" alt=\"\" loading=\"lazy\" srcset=\"https:\/\/franciscanos.org.br\/noticias\/wp-content\/uploads\/2026\/03\/IMG_9937-300x300.jpg 300w, https:\/\/franciscanos.org.br\/noticias\/wp-content\/uploads\/2026\/03\/IMG_9937-100x100.jpg 100w\" sizes=\"(max-width: 300px) 100vw, 300px\" \/><\/a>\n\t\t\t<\/dt><\/dl><br style=\"clear: both\" \/><dl class='gallery-item'>\n\t\t\t<dt class='gallery-icon landscape'>\n\t\t\t\t<a href='https:\/\/franciscanos.org.br\/noticias\/wp-content\/uploads\/2026\/03\/IMG_9969-1-scaled.jpg'><img width=\"300\" height=\"300\" src=\"https:\/\/franciscanos.org.br\/noticias\/wp-content\/uploads\/2026\/03\/IMG_9969-1-300x300.jpg\" class=\"attachment-thumbnail size-thumbnail\" alt=\"\" loading=\"lazy\" srcset=\"https:\/\/franciscanos.org.br\/noticias\/wp-content\/uploads\/2026\/03\/IMG_9969-1-300x300.jpg 300w, https:\/\/franciscanos.org.br\/noticias\/wp-content\/uploads\/2026\/03\/IMG_9969-1-100x100.jpg 100w\" sizes=\"(max-width: 300px) 100vw, 300px\" \/><\/a>\n\t\t\t<\/dt><\/dl><dl class='gallery-item'>\n\t\t\t<dt class='gallery-icon landscape'>\n\t\t\t\t<a href='https:\/\/franciscanos.org.br\/noticias\/wp-content\/uploads\/2026\/03\/IMG_9938-scaled.jpg'><img width=\"300\" height=\"300\" src=\"https:\/\/franciscanos.org.br\/noticias\/wp-content\/uploads\/2026\/03\/IMG_9938-300x300.jpg\" class=\"attachment-thumbnail size-thumbnail\" alt=\"\" loading=\"lazy\" srcset=\"https:\/\/franciscanos.org.br\/noticias\/wp-content\/uploads\/2026\/03\/IMG_9938-300x300.jpg 300w, https:\/\/franciscanos.org.br\/noticias\/wp-content\/uploads\/2026\/03\/IMG_9938-100x100.jpg 100w\" sizes=\"(max-width: 300px) 100vw, 300px\" \/><\/a>\n\t\t\t<\/dt><\/dl><dl class='gallery-item'>\n\t\t\t<dt class='gallery-icon landscape'>\n\t\t\t\t<a href='https:\/\/franciscanos.org.br\/noticias\/wp-content\/uploads\/2026\/03\/IMG_9952-1-scaled.jpg'><img width=\"300\" height=\"300\" src=\"https:\/\/franciscanos.org.br\/noticias\/wp-content\/uploads\/2026\/03\/IMG_9952-1-300x300.jpg\" class=\"attachment-thumbnail size-thumbnail\" alt=\"\" loading=\"lazy\" srcset=\"https:\/\/franciscanos.org.br\/noticias\/wp-content\/uploads\/2026\/03\/IMG_9952-1-300x300.jpg 300w, https:\/\/franciscanos.org.br\/noticias\/wp-content\/uploads\/2026\/03\/IMG_9952-1-100x100.jpg 100w\" sizes=\"(max-width: 300px) 100vw, 300px\" \/><\/a>\n\t\t\t<\/dt><\/dl><br style=\"clear: both\" \/>\n\t\t<\/div>\n\n<hr \/>\n<p><em><span style=\"font-weight: 400;\">Melissa Galdino &#8211; Sefras<\/span><\/em><\/p>\n","protected":false},"excerpt":{"rendered":"<p>Sefras<\/p>\n","protected":false},"author":15,"featured_media":265050,"comment_status":"open","ping_status":"open","sticky":false,"template":"","format":"standard","meta":[],"categories":[1],"tags":[],"acf":[],"yoast_head":"<!-- This site is optimized with the Yoast SEO plugin v19.2 - https:\/\/yoast.com\/wordpress\/plugins\/seo\/ -->\n<title>Projeto franciscano fortalece a voz da popula\u00e7\u00e3o em situa\u00e7\u00e3o de rua - Not\u00edcias - Franciscanos<\/title>\n<meta name=\"robots\" content=\"index, follow, max-snippet:-1, max-image-preview:large, max-video-preview:-1\" \/>\n<link rel=\"canonical\" href=\"https:\/\/franciscanos.org.br\/noticias\/projeto-franciscano-fortalece-a-voz-da-populacao-em-situacao-de-rua.html\" \/>\n<meta property=\"og:locale\" content=\"pt_BR\" \/>\n<meta property=\"og:type\" content=\"article\" \/>\n<meta property=\"og:title\" content=\"Projeto franciscano fortalece a voz da popula\u00e7\u00e3o em situa\u00e7\u00e3o de rua - Not\u00edcias - Franciscanos\" \/>\n<meta property=\"og:description\" content=\"Sefras\" \/>\n<meta property=\"og:url\" content=\"https:\/\/franciscanos.org.br\/noticias\/projeto-franciscano-fortalece-a-voz-da-populacao-em-situacao-de-rua.html\" \/>\n<meta property=\"og:site_name\" content=\"Not\u00edcias - Franciscanos\" \/>\n<meta property=\"article:published_time\" content=\"2026-03-16T15:12:25+00:00\" \/>\n<meta property=\"article:modified_time\" content=\"2026-03-16T15:17:36+00:00\" \/>\n<meta property=\"og:image\" content=\"https:\/\/franciscanos.org.br\/noticias\/wp-content\/uploads\/2026\/03\/IMG_9952-1-scaled.jpg\" \/>\n\t<meta property=\"og:image:width\" content=\"1440\" \/>\n\t<meta property=\"og:image:height\" content=\"1080\" \/>\n\t<meta property=\"og:image:type\" content=\"image\/jpeg\" \/>\n<meta name=\"author\" content=\"Guilherme Rocha\" \/>\n<meta name=\"twitter:card\" content=\"summary_large_image\" \/>\n<meta name=\"twitter:label1\" content=\"Escrito por\" \/>\n\t<meta name=\"twitter:data1\" content=\"Guilherme Rocha\" \/>\n\t<meta name=\"twitter:label2\" content=\"Est. tempo de leitura\" \/>\n\t<meta name=\"twitter:data2\" content=\"6 minutos\" \/>\n<script type=\"application\/ld+json\" class=\"yoast-schema-graph\">{\"@context\":\"https:\/\/schema.org\",\"@graph\":[{\"@type\":\"WebSite\",\"@id\":\"https:\/\/franciscanos.org.br\/noticias\/#website\",\"url\":\"https:\/\/franciscanos.org.br\/noticias\/\",\"name\":\"Not\u00edcias - Franciscanos\",\"description\":\"Prov\u00edncia Franciscana da Imaculada Concei\u00e7\u00e3o do Brasil - Ordem dos Frades Menores - OFM\",\"potentialAction\":[{\"@type\":\"SearchAction\",\"target\":{\"@type\":\"EntryPoint\",\"urlTemplate\":\"https:\/\/franciscanos.org.br\/noticias\/?s={search_term_string}\"},\"query-input\":\"required name=search_term_string\"}],\"inLanguage\":\"pt-BR\"},{\"@type\":\"ImageObject\",\"inLanguage\":\"pt-BR\",\"@id\":\"https:\/\/franciscanos.org.br\/noticias\/projeto-franciscano-fortalece-a-voz-da-populacao-em-situacao-de-rua.html#primaryimage\",\"url\":\"https:\/\/franciscanos.org.br\/noticias\/wp-content\/uploads\/2026\/03\/IMG_9952-1-scaled.jpg\",\"contentUrl\":\"https:\/\/franciscanos.org.br\/noticias\/wp-content\/uploads\/2026\/03\/IMG_9952-1-scaled.jpg\",\"width\":1440,\"height\":1080},{\"@type\":\"WebPage\",\"@id\":\"https:\/\/franciscanos.org.br\/noticias\/projeto-franciscano-fortalece-a-voz-da-populacao-em-situacao-de-rua.html#webpage\",\"url\":\"https:\/\/franciscanos.org.br\/noticias\/projeto-franciscano-fortalece-a-voz-da-populacao-em-situacao-de-rua.html\",\"name\":\"Projeto franciscano fortalece a voz da popula\u00e7\u00e3o em situa\u00e7\u00e3o de rua - Not\u00edcias - Franciscanos\",\"isPartOf\":{\"@id\":\"https:\/\/franciscanos.org.br\/noticias\/#website\"},\"primaryImageOfPage\":{\"@id\":\"https:\/\/franciscanos.org.br\/noticias\/projeto-franciscano-fortalece-a-voz-da-populacao-em-situacao-de-rua.html#primaryimage\"},\"datePublished\":\"2026-03-16T15:12:25+00:00\",\"dateModified\":\"2026-03-16T15:17:36+00:00\",\"author\":{\"@id\":\"https:\/\/franciscanos.org.br\/noticias\/#\/schema\/person\/69bb4cd273a2528548b63cccab4980a0\"},\"breadcrumb\":{\"@id\":\"https:\/\/franciscanos.org.br\/noticias\/projeto-franciscano-fortalece-a-voz-da-populacao-em-situacao-de-rua.html#breadcrumb\"},\"inLanguage\":\"pt-BR\",\"potentialAction\":[{\"@type\":\"ReadAction\",\"target\":[\"https:\/\/franciscanos.org.br\/noticias\/projeto-franciscano-fortalece-a-voz-da-populacao-em-situacao-de-rua.html\"]}]},{\"@type\":\"BreadcrumbList\",\"@id\":\"https:\/\/franciscanos.org.br\/noticias\/projeto-franciscano-fortalece-a-voz-da-populacao-em-situacao-de-rua.html#breadcrumb\",\"itemListElement\":[{\"@type\":\"ListItem\",\"position\":1,\"name\":\"Home\",\"item\":\"https:\/\/franciscanos.org.br\/noticias\"},{\"@type\":\"ListItem\",\"position\":2,\"name\":\"Projeto franciscano fortalece a voz da popula\u00e7\u00e3o em situa\u00e7\u00e3o de rua\"}]},{\"@type\":\"Person\",\"@id\":\"https:\/\/franciscanos.org.br\/noticias\/#\/schema\/person\/69bb4cd273a2528548b63cccab4980a0\",\"name\":\"Guilherme Rocha\",\"image\":{\"@type\":\"ImageObject\",\"inLanguage\":\"pt-BR\",\"@id\":\"https:\/\/franciscanos.org.br\/noticias\/#\/schema\/person\/image\/\",\"url\":\"https:\/\/secure.gravatar.com\/avatar\/e480fee2377f81af36f6990ed742592a?s=96&d=mm&r=g\",\"contentUrl\":\"https:\/\/secure.gravatar.com\/avatar\/e480fee2377f81af36f6990ed742592a?s=96&d=mm&r=g\",\"caption\":\"Guilherme Rocha\"},\"url\":\"https:\/\/franciscanos.org.br\/noticias\/author\/guilhermerocha\"}]}<\/script>\n<!-- \/ Yoast SEO plugin. -->","yoast_head_json":{"title":"Projeto franciscano fortalece a voz da popula\u00e7\u00e3o em situa\u00e7\u00e3o de rua - Not\u00edcias - Franciscanos","robots":{"index":"index","follow":"follow","max-snippet":"max-snippet:-1","max-image-preview":"max-image-preview:large","max-video-preview":"max-video-preview:-1"},"canonical":"https:\/\/franciscanos.org.br\/noticias\/projeto-franciscano-fortalece-a-voz-da-populacao-em-situacao-de-rua.html","og_locale":"pt_BR","og_type":"article","og_title":"Projeto franciscano fortalece a voz da popula\u00e7\u00e3o em situa\u00e7\u00e3o de rua - Not\u00edcias - Franciscanos","og_description":"Sefras","og_url":"https:\/\/franciscanos.org.br\/noticias\/projeto-franciscano-fortalece-a-voz-da-populacao-em-situacao-de-rua.html","og_site_name":"Not\u00edcias - Franciscanos","article_published_time":"2026-03-16T15:12:25+00:00","article_modified_time":"2026-03-16T15:17:36+00:00","og_image":[{"width":1440,"height":1080,"url":"https:\/\/franciscanos.org.br\/noticias\/wp-content\/uploads\/2026\/03\/IMG_9952-1-scaled.jpg","type":"image\/jpeg"}],"author":"Guilherme Rocha","twitter_card":"summary_large_image","twitter_misc":{"Escrito por":"Guilherme Rocha","Est. tempo de leitura":"6 minutos"},"schema":{"@context":"https:\/\/schema.org","@graph":[{"@type":"WebSite","@id":"https:\/\/franciscanos.org.br\/noticias\/#website","url":"https:\/\/franciscanos.org.br\/noticias\/","name":"Not\u00edcias - Franciscanos","description":"Prov\u00edncia Franciscana da Imaculada Concei\u00e7\u00e3o do Brasil - Ordem dos Frades Menores - OFM","potentialAction":[{"@type":"SearchAction","target":{"@type":"EntryPoint","urlTemplate":"https:\/\/franciscanos.org.br\/noticias\/?s={search_term_string}"},"query-input":"required name=search_term_string"}],"inLanguage":"pt-BR"},{"@type":"ImageObject","inLanguage":"pt-BR","@id":"https:\/\/franciscanos.org.br\/noticias\/projeto-franciscano-fortalece-a-voz-da-populacao-em-situacao-de-rua.html#primaryimage","url":"https:\/\/franciscanos.org.br\/noticias\/wp-content\/uploads\/2026\/03\/IMG_9952-1-scaled.jpg","contentUrl":"https:\/\/franciscanos.org.br\/noticias\/wp-content\/uploads\/2026\/03\/IMG_9952-1-scaled.jpg","width":1440,"height":1080},{"@type":"WebPage","@id":"https:\/\/franciscanos.org.br\/noticias\/projeto-franciscano-fortalece-a-voz-da-populacao-em-situacao-de-rua.html#webpage","url":"https:\/\/franciscanos.org.br\/noticias\/projeto-franciscano-fortalece-a-voz-da-populacao-em-situacao-de-rua.html","name":"Projeto franciscano fortalece a voz da popula\u00e7\u00e3o em situa\u00e7\u00e3o de rua - Not\u00edcias - Franciscanos","isPartOf":{"@id":"https:\/\/franciscanos.org.br\/noticias\/#website"},"primaryImageOfPage":{"@id":"https:\/\/franciscanos.org.br\/noticias\/projeto-franciscano-fortalece-a-voz-da-populacao-em-situacao-de-rua.html#primaryimage"},"datePublished":"2026-03-16T15:12:25+00:00","dateModified":"2026-03-16T15:17:36+00:00","author":{"@id":"https:\/\/franciscanos.org.br\/noticias\/#\/schema\/person\/69bb4cd273a2528548b63cccab4980a0"},"breadcrumb":{"@id":"https:\/\/franciscanos.org.br\/noticias\/projeto-franciscano-fortalece-a-voz-da-populacao-em-situacao-de-rua.html#breadcrumb"},"inLanguage":"pt-BR","potentialAction":[{"@type":"ReadAction","target":["https:\/\/franciscanos.org.br\/noticias\/projeto-franciscano-fortalece-a-voz-da-populacao-em-situacao-de-rua.html"]}]},{"@type":"BreadcrumbList","@id":"https:\/\/franciscanos.org.br\/noticias\/projeto-franciscano-fortalece-a-voz-da-populacao-em-situacao-de-rua.html#breadcrumb","itemListElement":[{"@type":"ListItem","position":1,"name":"Home","item":"https:\/\/franciscanos.org.br\/noticias"},{"@type":"ListItem","position":2,"name":"Projeto franciscano fortalece a voz da popula\u00e7\u00e3o em situa\u00e7\u00e3o de rua"}]},{"@type":"Person","@id":"https:\/\/franciscanos.org.br\/noticias\/#\/schema\/person\/69bb4cd273a2528548b63cccab4980a0","name":"Guilherme Rocha","image":{"@type":"ImageObject","inLanguage":"pt-BR","@id":"https:\/\/franciscanos.org.br\/noticias\/#\/schema\/person\/image\/","url":"https:\/\/secure.gravatar.com\/avatar\/e480fee2377f81af36f6990ed742592a?s=96&d=mm&r=g","contentUrl":"https:\/\/secure.gravatar.com\/avatar\/e480fee2377f81af36f6990ed742592a?s=96&d=mm&r=g","caption":"Guilherme Rocha"},"url":"https:\/\/franciscanos.org.br\/noticias\/author\/guilhermerocha"}]}},"_links":{"self":[{"href":"https:\/\/franciscanos.org.br\/noticias\/wp-json\/wp\/v2\/posts\/265037"}],"collection":[{"href":"https:\/\/franciscanos.org.br\/noticias\/wp-json\/wp\/v2\/posts"}],"about":[{"href":"https:\/\/franciscanos.org.br\/noticias\/wp-json\/wp\/v2\/types\/post"}],"author":[{"embeddable":true,"href":"https:\/\/franciscanos.org.br\/noticias\/wp-json\/wp\/v2\/users\/15"}],"replies":[{"embeddable":true,"href":"https:\/\/franciscanos.org.br\/noticias\/wp-json\/wp\/v2\/comments?post=265037"}],"version-history":[{"count":1,"href":"https:\/\/franciscanos.org.br\/noticias\/wp-json\/wp\/v2\/posts\/265037\/revisions"}],"predecessor-version":[{"id":265051,"href":"https:\/\/franciscanos.org.br\/noticias\/wp-json\/wp\/v2\/posts\/265037\/revisions\/265051"}],"wp:featuredmedia":[{"embeddable":true,"href":"https:\/\/franciscanos.org.br\/noticias\/wp-json\/wp\/v2\/media\/265050"}],"wp:attachment":[{"href":"https:\/\/franciscanos.org.br\/noticias\/wp-json\/wp\/v2\/media?parent=265037"}],"wp:term":[{"taxonomy":"category","embeddable":true,"href":"https:\/\/franciscanos.org.br\/noticias\/wp-json\/wp\/v2\/categories?post=265037"},{"taxonomy":"post_tag","embeddable":true,"href":"https:\/\/franciscanos.org.br\/noticias\/wp-json\/wp\/v2\/tags?post=265037"}],"curies":[{"name":"wp","href":"https:\/\/api.w.org\/{rel}","templated":true}]}}