{"id":264943,"date":"2026-03-12T13:43:32","date_gmt":"2026-03-12T16:43:32","guid":{"rendered":"https:\/\/franciscanos.org.br\/noticias\/?p=264943"},"modified":"2026-03-12T16:41:18","modified_gmt":"2026-03-12T19:41:18","slug":"frades-avaliam-avancos-e-desafios-das-emissoras-franciscanas-da-provincia","status":"publish","type":"post","link":"https:\/\/franciscanos.org.br\/noticias\/frades-avaliam-avancos-e-desafios-das-emissoras-franciscanas-da-provincia.html","title":{"rendered":"Frades avaliam avan\u00e7os e desafios das emissoras franciscanas da Prov\u00edncia"},"content":{"rendered":"<p>&nbsp;<\/p>\n<p><img loading=\"lazy\" class=\"aligncenter wp-image-264945 size-large\" src=\"https:\/\/franciscanos.org.br\/noticias\/wp-content\/uploads\/2026\/03\/IMG_9974-1-1024x709.jpg\" alt=\"\" width=\"1024\" height=\"709\" srcset=\"https:\/\/franciscanos.org.br\/noticias\/wp-content\/uploads\/2026\/03\/IMG_9974-1-1024x709.jpg 1024w, https:\/\/franciscanos.org.br\/noticias\/wp-content\/uploads\/2026\/03\/IMG_9974-1-450x312.jpg 450w, https:\/\/franciscanos.org.br\/noticias\/wp-content\/uploads\/2026\/03\/IMG_9974-1-768x532.jpg 768w, https:\/\/franciscanos.org.br\/noticias\/wp-content\/uploads\/2026\/03\/IMG_9974-1-1536x1064.jpg 1536w, https:\/\/franciscanos.org.br\/noticias\/wp-content\/uploads\/2026\/03\/IMG_9974-1-2048x1418.jpg 2048w, https:\/\/franciscanos.org.br\/noticias\/wp-content\/uploads\/2026\/03\/IMG_9974-1-150x104.jpg 150w, https:\/\/franciscanos.org.br\/noticias\/wp-content\/uploads\/2026\/03\/IMG_9974-1-scaled.jpg 1560w\" sizes=\"(max-width: 1024px) 100vw, 1024px\" \/><\/p>\n<p><span style=\"font-weight: 400;\">Os frades das diretorias da Funda\u00e7\u00e3o Cultural Celinauta e Funda\u00e7\u00e3o Frei Rog\u00e9rio, emissoras ligadas \u00e0 Prov\u00edncia Franciscana da Imaculada Concei\u00e7\u00e3o do Brasil, estiveram reunidos em Curitibanos (SC), no dia 11 de mar\u00e7o, para avaliar o primeiro ano das atuais gest\u00f5es e discutir os pr\u00f3ximos passos das iniciativas de comunica\u00e7\u00e3o da Prov\u00edncia. O encontro abordou desde a consolida\u00e7\u00e3o das emissoras j\u00e1 existentes at\u00e9 novos projetos e estrat\u00e9gias de integra\u00e7\u00e3o entre r\u00e1dio, TV e plataformas digitais.<\/span><\/p>\n<p><span style=\"font-weight: 400;\">Entre os pontos iniciais da pauta esteve a partilha das experi\u00eancias das equipes ao longo do \u00faltimo ano. Segundo os participantes, as mudan\u00e7as de gest\u00e3o trouxeram avan\u00e7os importantes, especialmente na organiza\u00e7\u00e3o interna, na produ\u00e7\u00e3o de conte\u00fados e na presen\u00e7a digital das emissoras. O encontro tamb\u00e9m refor\u00e7ou a import\u00e2ncia da colabora\u00e7\u00e3o entre os ve\u00edculos, fortalecendo a proposta de comunica\u00e7\u00e3o inspirada nos valores franciscanos.<\/span><\/p>\n<p><span style=\"font-weight: 400;\">Um dos destaques foi a avalia\u00e7\u00e3o da trajet\u00f3ria recente da\u00a0R\u00e1dio Frei Galv\u00e3o<\/span><b>,<\/b><span style=\"font-weight: 400;\"> considerada uma das principais e atuais ferramentas de evangeliza\u00e7\u00e3o da Prov\u00edncia. De acordo com os respons\u00e1veis, a equipe de colaboradores j\u00e1 assimilou a proposta franciscana da emissora e tem contribu\u00eddo para consolidar sua miss\u00e3o. Tamb\u00e9m foram realizadas melhorias estruturais, com reformas no espa\u00e7o de trabalho, aquisi\u00e7\u00e3o de equipamentos e investimentos que ampliaram as condi\u00e7\u00f5es de produ\u00e7\u00e3o.<\/span><\/p>\n<p><span style=\"font-weight: 400;\">Apesar dos avan\u00e7os, os desafios permanecem. Entre eles est\u00e3o o equil\u00edbrio econ\u00f4mico da emissora e a concorr\u00eancia no mercado regional de radiodifus\u00e3o. Outro aspecto discutido foi a necessidade de manter uma proximidade maior entre a r\u00e1dio e o Santu\u00e1rio Frei Galv\u00e3o, facilitando a integra\u00e7\u00e3o pastoral e o acompanhamento da equipe. Nesse contexto, os diretores analisaram alternativas para a futura sede da emissora. A proposta dever\u00e1 ser aprofundada nos pr\u00f3ximos meses, com estudos financeiros e negocia\u00e7\u00f5es institucionais.<\/span><\/p>\n<p><img loading=\"lazy\" class=\"size-medium wp-image-264946 aligncenter\" src=\"https:\/\/franciscanos.org.br\/noticias\/wp-content\/uploads\/2026\/03\/IMG_9969-450x338.jpg\" alt=\"\" width=\"450\" height=\"338\" srcset=\"https:\/\/franciscanos.org.br\/noticias\/wp-content\/uploads\/2026\/03\/IMG_9969-450x338.jpg 450w, https:\/\/franciscanos.org.br\/noticias\/wp-content\/uploads\/2026\/03\/IMG_9969-1024x768.jpg 1024w, https:\/\/franciscanos.org.br\/noticias\/wp-content\/uploads\/2026\/03\/IMG_9969-768x576.jpg 768w, https:\/\/franciscanos.org.br\/noticias\/wp-content\/uploads\/2026\/03\/IMG_9969-1536x1152.jpg 1536w, https:\/\/franciscanos.org.br\/noticias\/wp-content\/uploads\/2026\/03\/IMG_9969-2048x1536.jpg 2048w, https:\/\/franciscanos.org.br\/noticias\/wp-content\/uploads\/2026\/03\/IMG_9969-150x113.jpg 150w, https:\/\/franciscanos.org.br\/noticias\/wp-content\/uploads\/2026\/03\/IMG_9969-600x450.jpg 600w, https:\/\/franciscanos.org.br\/noticias\/wp-content\/uploads\/2026\/03\/IMG_9969-scaled.jpg 1440w\" sizes=\"(max-width: 450px) 100vw, 450px\" \/><\/p>\n<p><span style=\"font-weight: 400;\">A reuni\u00e3o tamb\u00e9m discutiu novas iniciativas conjuntas de conte\u00fado entre as emissoras franciscanas. Entre as propostas est\u00e1 a transmiss\u00e3o em rede da\u00a0Paix\u00e3o de Cristo<\/span><b>\u00a0<\/b><span style=\"font-weight: 400;\">durante a Semana Santa, fortalecendo a programa\u00e7\u00e3o comum entre r\u00e1dios da Prov\u00edncia.\u00a0<\/span><\/p>\n<p><span style=\"font-weight: 400;\">Outra iniciativa foi apresentada por Frei Leandro Costa, Coordenador da Frente de Comunica\u00e7\u00e3o, que participou de maneira remota e apresentou a cria\u00e7\u00e3o de um concurso de fotografia voltado ao cotidiano dos frades, com o objetivo de registrar e divulgar a vida e a espiritualidade da Prov\u00edncia neste ano jubilar, recebendo assim apoio das funda\u00e7\u00f5es.<\/span><\/p>\n<p><span style=\"font-weight: 400;\">Al\u00e9m disso, os frades refletiram sobre o uso da Intelig\u00eancia Artificial na radiodifus\u00e3o. A tecnologia foi apontada como uma ferramenta capaz de otimizar processos e ampliar as possibilidades de produ\u00e7\u00e3o, desde que utilizada de forma respons\u00e1vel e sem perder o car\u00e1ter humano e pastoral da comunica\u00e7\u00e3o. No entanto, existem in\u00fameros desafios e faz-se necess\u00e1rio forma\u00e7\u00e3o e instru\u00e7\u00e3o sobre o assunto.<\/span><\/p>\n<p><span style=\"font-weight: 400;\">Outros temas abordados inclu\u00edram o compartilhamento de conte\u00fados entre as emissoras,\u00a0 iniciativa conhecida pela assinatura \u201cFranciscanos compartilhando a Paz e o Bem\u201d e o apoio institucional \u00e0s atividades das Juventudes da Prov\u00edncia.<\/span><\/p>\n<p><span style=\"font-weight: 400;\">Ao final do encontro, os participantes destacaram que o momento \u00e9 de consolida\u00e7\u00e3o e planejamento. As decis\u00f5es discutidas dever\u00e3o ser aprofundadas nos pr\u00f3ximos meses e apresentadas novamente em reuni\u00f5es futuras das diretorias. O objetivo \u00e9 fortalecer ainda mais a presen\u00e7a franciscana nos meios de comunica\u00e7\u00e3o e ampliar as possibilidades de evangeliza\u00e7\u00e3o por meio das r\u00e1dios, da TV Celinauta e das plataformas digitais, como a TV Franciscanos.<\/span><\/p>\n<hr \/>\n<p><i><span style=\"font-weight: 400;\">Frei Augusto Luiz Gabriel<\/span><\/i><\/p>\n","protected":false},"excerpt":{"rendered":"<p>Comunica\u00e7\u00e3o Franciscana<\/p>\n","protected":false},"author":15,"featured_media":264945,"comment_status":"open","ping_status":"open","sticky":false,"template":"","format":"standard","meta":[],"categories":[1],"tags":[2003,1168,2299],"acf":[],"yoast_head":"<!-- This site is optimized with the Yoast SEO plugin v19.2 - https:\/\/yoast.com\/wordpress\/plugins\/seo\/ -->\n<title>Frades avaliam avan\u00e7os e desafios das emissoras franciscanas da Prov\u00edncia - Not\u00edcias - Franciscanos<\/title>\n<meta name=\"robots\" content=\"index, follow, max-snippet:-1, max-image-preview:large, max-video-preview:-1\" \/>\n<link rel=\"canonical\" href=\"https:\/\/franciscanos.org.br\/noticias\/frades-avaliam-avancos-e-desafios-das-emissoras-franciscanas-da-provincia.html\" \/>\n<meta property=\"og:locale\" content=\"pt_BR\" \/>\n<meta property=\"og:type\" content=\"article\" \/>\n<meta property=\"og:title\" content=\"Frades avaliam avan\u00e7os e desafios das emissoras franciscanas da Prov\u00edncia - Not\u00edcias - Franciscanos\" \/>\n<meta property=\"og:description\" content=\"Comunica\u00e7\u00e3o Franciscana\" \/>\n<meta property=\"og:url\" content=\"https:\/\/franciscanos.org.br\/noticias\/frades-avaliam-avancos-e-desafios-das-emissoras-franciscanas-da-provincia.html\" \/>\n<meta property=\"og:site_name\" content=\"Not\u00edcias - Franciscanos\" \/>\n<meta property=\"article:published_time\" content=\"2026-03-12T16:43:32+00:00\" \/>\n<meta property=\"article:modified_time\" content=\"2026-03-12T19:41:18+00:00\" \/>\n<meta property=\"og:image\" content=\"https:\/\/franciscanos.org.br\/noticias\/wp-content\/uploads\/2026\/03\/IMG_9974-1-scaled.jpg\" \/>\n\t<meta property=\"og:image:width\" content=\"1560\" \/>\n\t<meta property=\"og:image:height\" content=\"1080\" \/>\n\t<meta property=\"og:image:type\" content=\"image\/jpeg\" \/>\n<meta name=\"author\" content=\"Guilherme Rocha\" \/>\n<meta name=\"twitter:card\" content=\"summary_large_image\" \/>\n<meta name=\"twitter:label1\" content=\"Escrito por\" \/>\n\t<meta name=\"twitter:data1\" content=\"Guilherme Rocha\" \/>\n\t<meta name=\"twitter:label2\" content=\"Est. tempo de leitura\" \/>\n\t<meta name=\"twitter:data2\" content=\"3 minutos\" \/>\n<script type=\"application\/ld+json\" class=\"yoast-schema-graph\">{\"@context\":\"https:\/\/schema.org\",\"@graph\":[{\"@type\":\"WebSite\",\"@id\":\"https:\/\/franciscanos.org.br\/noticias\/#website\",\"url\":\"https:\/\/franciscanos.org.br\/noticias\/\",\"name\":\"Not\u00edcias - Franciscanos\",\"description\":\"Prov\u00edncia Franciscana da Imaculada Concei\u00e7\u00e3o do Brasil - Ordem dos Frades Menores - OFM\",\"potentialAction\":[{\"@type\":\"SearchAction\",\"target\":{\"@type\":\"EntryPoint\",\"urlTemplate\":\"https:\/\/franciscanos.org.br\/noticias\/?s={search_term_string}\"},\"query-input\":\"required name=search_term_string\"}],\"inLanguage\":\"pt-BR\"},{\"@type\":\"ImageObject\",\"inLanguage\":\"pt-BR\",\"@id\":\"https:\/\/franciscanos.org.br\/noticias\/frades-avaliam-avancos-e-desafios-das-emissoras-franciscanas-da-provincia.html#primaryimage\",\"url\":\"https:\/\/franciscanos.org.br\/noticias\/wp-content\/uploads\/2026\/03\/IMG_9974-1-scaled.jpg\",\"contentUrl\":\"https:\/\/franciscanos.org.br\/noticias\/wp-content\/uploads\/2026\/03\/IMG_9974-1-scaled.jpg\",\"width\":1560,\"height\":1080},{\"@type\":\"WebPage\",\"@id\":\"https:\/\/franciscanos.org.br\/noticias\/frades-avaliam-avancos-e-desafios-das-emissoras-franciscanas-da-provincia.html#webpage\",\"url\":\"https:\/\/franciscanos.org.br\/noticias\/frades-avaliam-avancos-e-desafios-das-emissoras-franciscanas-da-provincia.html\",\"name\":\"Frades avaliam avan\u00e7os e desafios das emissoras franciscanas da Prov\u00edncia - Not\u00edcias - Franciscanos\",\"isPartOf\":{\"@id\":\"https:\/\/franciscanos.org.br\/noticias\/#website\"},\"primaryImageOfPage\":{\"@id\":\"https:\/\/franciscanos.org.br\/noticias\/frades-avaliam-avancos-e-desafios-das-emissoras-franciscanas-da-provincia.html#primaryimage\"},\"datePublished\":\"2026-03-12T16:43:32+00:00\",\"dateModified\":\"2026-03-12T19:41:18+00:00\",\"author\":{\"@id\":\"https:\/\/franciscanos.org.br\/noticias\/#\/schema\/person\/69bb4cd273a2528548b63cccab4980a0\"},\"breadcrumb\":{\"@id\":\"https:\/\/franciscanos.org.br\/noticias\/frades-avaliam-avancos-e-desafios-das-emissoras-franciscanas-da-provincia.html#breadcrumb\"},\"inLanguage\":\"pt-BR\",\"potentialAction\":[{\"@type\":\"ReadAction\",\"target\":[\"https:\/\/franciscanos.org.br\/noticias\/frades-avaliam-avancos-e-desafios-das-emissoras-franciscanas-da-provincia.html\"]}]},{\"@type\":\"BreadcrumbList\",\"@id\":\"https:\/\/franciscanos.org.br\/noticias\/frades-avaliam-avancos-e-desafios-das-emissoras-franciscanas-da-provincia.html#breadcrumb\",\"itemListElement\":[{\"@type\":\"ListItem\",\"position\":1,\"name\":\"Home\",\"item\":\"https:\/\/franciscanos.org.br\/noticias\"},{\"@type\":\"ListItem\",\"position\":2,\"name\":\"Frades avaliam avan\u00e7os e desafios das emissoras franciscanas da Prov\u00edncia\"}]},{\"@type\":\"Person\",\"@id\":\"https:\/\/franciscanos.org.br\/noticias\/#\/schema\/person\/69bb4cd273a2528548b63cccab4980a0\",\"name\":\"Guilherme Rocha\",\"image\":{\"@type\":\"ImageObject\",\"inLanguage\":\"pt-BR\",\"@id\":\"https:\/\/franciscanos.org.br\/noticias\/#\/schema\/person\/image\/\",\"url\":\"https:\/\/secure.gravatar.com\/avatar\/e480fee2377f81af36f6990ed742592a?s=96&d=mm&r=g\",\"contentUrl\":\"https:\/\/secure.gravatar.com\/avatar\/e480fee2377f81af36f6990ed742592a?s=96&d=mm&r=g\",\"caption\":\"Guilherme Rocha\"},\"url\":\"https:\/\/franciscanos.org.br\/noticias\/author\/guilhermerocha\"}]}<\/script>\n<!-- \/ Yoast SEO plugin. -->","yoast_head_json":{"title":"Frades avaliam avan\u00e7os e desafios das emissoras franciscanas da Prov\u00edncia - Not\u00edcias - Franciscanos","robots":{"index":"index","follow":"follow","max-snippet":"max-snippet:-1","max-image-preview":"max-image-preview:large","max-video-preview":"max-video-preview:-1"},"canonical":"https:\/\/franciscanos.org.br\/noticias\/frades-avaliam-avancos-e-desafios-das-emissoras-franciscanas-da-provincia.html","og_locale":"pt_BR","og_type":"article","og_title":"Frades avaliam avan\u00e7os e desafios das emissoras franciscanas da Prov\u00edncia - Not\u00edcias - Franciscanos","og_description":"Comunica\u00e7\u00e3o Franciscana","og_url":"https:\/\/franciscanos.org.br\/noticias\/frades-avaliam-avancos-e-desafios-das-emissoras-franciscanas-da-provincia.html","og_site_name":"Not\u00edcias - Franciscanos","article_published_time":"2026-03-12T16:43:32+00:00","article_modified_time":"2026-03-12T19:41:18+00:00","og_image":[{"width":1560,"height":1080,"url":"https:\/\/franciscanos.org.br\/noticias\/wp-content\/uploads\/2026\/03\/IMG_9974-1-scaled.jpg","type":"image\/jpeg"}],"author":"Guilherme Rocha","twitter_card":"summary_large_image","twitter_misc":{"Escrito por":"Guilherme Rocha","Est. tempo de leitura":"3 minutos"},"schema":{"@context":"https:\/\/schema.org","@graph":[{"@type":"WebSite","@id":"https:\/\/franciscanos.org.br\/noticias\/#website","url":"https:\/\/franciscanos.org.br\/noticias\/","name":"Not\u00edcias - Franciscanos","description":"Prov\u00edncia Franciscana da Imaculada Concei\u00e7\u00e3o do Brasil - Ordem dos Frades Menores - OFM","potentialAction":[{"@type":"SearchAction","target":{"@type":"EntryPoint","urlTemplate":"https:\/\/franciscanos.org.br\/noticias\/?s={search_term_string}"},"query-input":"required name=search_term_string"}],"inLanguage":"pt-BR"},{"@type":"ImageObject","inLanguage":"pt-BR","@id":"https:\/\/franciscanos.org.br\/noticias\/frades-avaliam-avancos-e-desafios-das-emissoras-franciscanas-da-provincia.html#primaryimage","url":"https:\/\/franciscanos.org.br\/noticias\/wp-content\/uploads\/2026\/03\/IMG_9974-1-scaled.jpg","contentUrl":"https:\/\/franciscanos.org.br\/noticias\/wp-content\/uploads\/2026\/03\/IMG_9974-1-scaled.jpg","width":1560,"height":1080},{"@type":"WebPage","@id":"https:\/\/franciscanos.org.br\/noticias\/frades-avaliam-avancos-e-desafios-das-emissoras-franciscanas-da-provincia.html#webpage","url":"https:\/\/franciscanos.org.br\/noticias\/frades-avaliam-avancos-e-desafios-das-emissoras-franciscanas-da-provincia.html","name":"Frades avaliam avan\u00e7os e desafios das emissoras franciscanas da Prov\u00edncia - Not\u00edcias - Franciscanos","isPartOf":{"@id":"https:\/\/franciscanos.org.br\/noticias\/#website"},"primaryImageOfPage":{"@id":"https:\/\/franciscanos.org.br\/noticias\/frades-avaliam-avancos-e-desafios-das-emissoras-franciscanas-da-provincia.html#primaryimage"},"datePublished":"2026-03-12T16:43:32+00:00","dateModified":"2026-03-12T19:41:18+00:00","author":{"@id":"https:\/\/franciscanos.org.br\/noticias\/#\/schema\/person\/69bb4cd273a2528548b63cccab4980a0"},"breadcrumb":{"@id":"https:\/\/franciscanos.org.br\/noticias\/frades-avaliam-avancos-e-desafios-das-emissoras-franciscanas-da-provincia.html#breadcrumb"},"inLanguage":"pt-BR","potentialAction":[{"@type":"ReadAction","target":["https:\/\/franciscanos.org.br\/noticias\/frades-avaliam-avancos-e-desafios-das-emissoras-franciscanas-da-provincia.html"]}]},{"@type":"BreadcrumbList","@id":"https:\/\/franciscanos.org.br\/noticias\/frades-avaliam-avancos-e-desafios-das-emissoras-franciscanas-da-provincia.html#breadcrumb","itemListElement":[{"@type":"ListItem","position":1,"name":"Home","item":"https:\/\/franciscanos.org.br\/noticias"},{"@type":"ListItem","position":2,"name":"Frades avaliam avan\u00e7os e desafios das emissoras franciscanas da Prov\u00edncia"}]},{"@type":"Person","@id":"https:\/\/franciscanos.org.br\/noticias\/#\/schema\/person\/69bb4cd273a2528548b63cccab4980a0","name":"Guilherme Rocha","image":{"@type":"ImageObject","inLanguage":"pt-BR","@id":"https:\/\/franciscanos.org.br\/noticias\/#\/schema\/person\/image\/","url":"https:\/\/secure.gravatar.com\/avatar\/e480fee2377f81af36f6990ed742592a?s=96&d=mm&r=g","contentUrl":"https:\/\/secure.gravatar.com\/avatar\/e480fee2377f81af36f6990ed742592a?s=96&d=mm&r=g","caption":"Guilherme Rocha"},"url":"https:\/\/franciscanos.org.br\/noticias\/author\/guilhermerocha"}]}},"_links":{"self":[{"href":"https:\/\/franciscanos.org.br\/noticias\/wp-json\/wp\/v2\/posts\/264943"}],"collection":[{"href":"https:\/\/franciscanos.org.br\/noticias\/wp-json\/wp\/v2\/posts"}],"about":[{"href":"https:\/\/franciscanos.org.br\/noticias\/wp-json\/wp\/v2\/types\/post"}],"author":[{"embeddable":true,"href":"https:\/\/franciscanos.org.br\/noticias\/wp-json\/wp\/v2\/users\/15"}],"replies":[{"embeddable":true,"href":"https:\/\/franciscanos.org.br\/noticias\/wp-json\/wp\/v2\/comments?post=264943"}],"version-history":[{"count":2,"href":"https:\/\/franciscanos.org.br\/noticias\/wp-json\/wp\/v2\/posts\/264943\/revisions"}],"predecessor-version":[{"id":264948,"href":"https:\/\/franciscanos.org.br\/noticias\/wp-json\/wp\/v2\/posts\/264943\/revisions\/264948"}],"wp:featuredmedia":[{"embeddable":true,"href":"https:\/\/franciscanos.org.br\/noticias\/wp-json\/wp\/v2\/media\/264945"}],"wp:attachment":[{"href":"https:\/\/franciscanos.org.br\/noticias\/wp-json\/wp\/v2\/media?parent=264943"}],"wp:term":[{"taxonomy":"category","embeddable":true,"href":"https:\/\/franciscanos.org.br\/noticias\/wp-json\/wp\/v2\/categories?post=264943"},{"taxonomy":"post_tag","embeddable":true,"href":"https:\/\/franciscanos.org.br\/noticias\/wp-json\/wp\/v2\/tags?post=264943"}],"curies":[{"name":"wp","href":"https:\/\/api.w.org\/{rel}","templated":true}]}}