{"id":264925,"date":"2026-03-11T15:28:34","date_gmt":"2026-03-11T18:28:34","guid":{"rendered":"https:\/\/franciscanos.org.br\/noticias\/?p=264925"},"modified":"2026-03-13T11:25:08","modified_gmt":"2026-03-13T14:25:08","slug":"na-audiencia-geral-papa-recorda-que-a-igreja-e-chamada-a-acolher-todos","status":"publish","type":"post","link":"https:\/\/franciscanos.org.br\/noticias\/na-audiencia-geral-papa-recorda-que-a-igreja-e-chamada-a-acolher-todos.html","title":{"rendered":"Na Audi\u00eancia Geral, Papa recorda que a Igreja \u00e9 chamada a acolher todos"},"content":{"rendered":"<p>&nbsp;<\/p>\n<p><img loading=\"lazy\" class=\"size-medium wp-image-264991 aligncenter\" src=\"https:\/\/franciscanos.org.br\/noticias\/wp-content\/uploads\/2026\/03\/gettyimages-2213922613-450x253.jpg\" alt=\"\" width=\"450\" height=\"253\" srcset=\"https:\/\/franciscanos.org.br\/noticias\/wp-content\/uploads\/2026\/03\/gettyimages-2213922613-450x253.jpg 450w, https:\/\/franciscanos.org.br\/noticias\/wp-content\/uploads\/2026\/03\/gettyimages-2213922613-768x431.jpg 768w, https:\/\/franciscanos.org.br\/noticias\/wp-content\/uploads\/2026\/03\/gettyimages-2213922613-150x84.jpg 150w, https:\/\/franciscanos.org.br\/noticias\/wp-content\/uploads\/2026\/03\/gettyimages-2213922613.jpg 980w\" sizes=\"(max-width: 450px) 100vw, 450px\" \/><\/p>\n<p><span style=\"font-weight: 400;\">O Papa Le\u00e3o XIV continuou, na catequese da Audi\u00eancia Geral desta quarta-feira (11\/03), a s\u00e9rie de reflex\u00f5es sobre a Lumen Gentium, documento do Conc\u00edlio Vaticano II que trata da natureza e da miss\u00e3o da Igreja. Desta vez, o Pont\u00edfice concentrou-se no segundo cap\u00edtulo do texto conciliar, dedicado ao tema da Igreja como Povo de Deus, <\/span><a href=\"https:\/\/www.vaticannews.va\/pt\/papa\/news\/2026-03\/papa-catequese-audiencia-geral-lumen-gentium-igreja-lugar-todos.html\"><span style=\"font-weight: 400;\">conforme noticiado pelo Vatican News.<\/span><\/a><span style=\"font-weight: 400;\">\u00a0<\/span><\/p>\n<p><span style=\"font-weight: 400;\">Durante a catequese, o Papa recordou que o plano de salva\u00e7\u00e3o de Deus se realiza ao longo da hist\u00f3ria por meio da escolha de um povo com o qual estabelece uma alian\u00e7a. A partir da experi\u00eancia do povo de Israel, descendente de Abra\u00e3o e libertado da escravid\u00e3o, Deus manifesta sua presen\u00e7a, conduzindo e reunindo o povo sempre que ele se afasta do caminho.<\/span><\/p>\n<p><span style=\"font-weight: 400;\">Segundo o Santo Padre, essa hist\u00f3ria prepara a nova e definitiva alian\u00e7a realizada em Cristo. Por meio de sua vida, morte e ressurrei\u00e7\u00e3o, Jesus re\u00fane definitivamente o povo de Deus e inaugura uma comunidade que ultrapassa fronteiras culturais e geogr\u00e1ficas. Assim, a Igreja torna-se um povo formado por homens e mulheres de todas as na\u00e7\u00f5es, unidos n\u00e3o por l\u00edngua, cultura ou etnia, mas pela f\u00e9 em Cristo.<\/span><\/p>\n<p><span style=\"font-weight: 400;\">O Papa explicou ainda que o princ\u00edpio que mant\u00e9m esse povo unido \u00e9 justamente a ades\u00e3o a Cristo e a vida animada pelo Esp\u00edrito. Nesse sentido, o verdadeiro fundamento da identidade crist\u00e3 n\u00e3o est\u00e1 em t\u00edtulos ou m\u00e9ritos pessoais, mas no dom de ser filho ou filha de Deus pela gra\u00e7a.<\/span><\/p>\n<p><span style=\"font-weight: 400;\">Le\u00e3o XIV ressaltou que a Igreja existe para que os fi\u00e9is possam receber continuamente a vida de Deus e viver como irm\u00e3os. Por isso, a lei fundamental que orienta as rela\u00e7\u00f5es dentro da comunidade crist\u00e3 \u00e9 o amor vivido e aprendido em Jesus, enquanto o objetivo \u00faltimo dessa caminhada \u00e9 o Reino de Deus.<\/span><\/p>\n<p><span style=\"font-weight: 400;\">Ao refletir sobre a miss\u00e3o da Igreja, o Pont\u00edfice afirmou que ela n\u00e3o pode fechar-se em si mesma, mas deve permanecer aberta a todos. Mesmo aqueles que ainda n\u00e3o receberam o an\u00fancio do Evangelho, explicou o Papa, est\u00e3o de algum modo orientados para o Povo de Deus. Por isso, a Igreja \u00e9 chamada a anunciar Cristo em todos os lugares e ambientes da vida humana.<\/span><\/p>\n<p><span style=\"font-weight: 400;\">Nesse contexto, Le\u00e3o XIV destacou que a Igreja deve ser um espa\u00e7o onde todas as pessoas possam ser acolhidas. A diversidade de povos, culturas e l\u00ednguas presentes na comunidade crist\u00e3 \u00e9 vista como sinal da universalidade da Igreja, que acolhe as riquezas das diferentes culturas e, ao mesmo tempo, as ilumina com a novidade do Evangelho.<\/span><\/p>\n<p><span style=\"font-weight: 400;\">O Santo Padre concluiu recordando que essa realidade \u00e9 um forte sinal de esperan\u00e7a, especialmente em um mundo marcado por conflitos e divis\u00f5es. Para ele, a Igreja, reunindo pessoas de diferentes origens na mesma f\u00e9, torna-se um testemunho vivo da unidade e da paz \u00e0s quais Deus chama toda a humanidade.<\/span><\/p>\n<p><a href=\"https:\/\/www.vaticannews.va\/pt\/papa\/news\/2026-03\/papa-catequese-audiencia-geral-lumen-gentium-igreja-lugar-todos.html\"><span style=\"font-weight: 400;\">Clique aqui para acessar a not\u00edcia na \u00edntegra no Vatican News<\/span><\/a><\/p>\n<p>Confira o v\u00eddeo da Audi\u00eancia Geral na \u00edntegra:<\/p>\n<p><iframe loading=\"lazy\" title=\"Audi\u00eancia Geral 11 de mar\u00e7o de 2026 - Papa Le\u00e3o XIV\" width=\"500\" height=\"281\" src=\"https:\/\/www.youtube.com\/embed\/BRUFw56_KMI?feature=oembed\" frameborder=\"0\" allow=\"accelerometer; autoplay; clipboard-write; encrypted-media; gyroscope; picture-in-picture; web-share\" referrerpolicy=\"strict-origin-when-cross-origin\" allowfullscreen><\/iframe><\/p>\n<hr \/>\n<p><em><span style=\"font-weight: 400;\">Guilherme Coutinho (com informa\u00e7\u00f5es de Mariangela Jaguraba &#8211; Vatican News)<\/span><\/em><\/p>\n","protected":false},"excerpt":{"rendered":"<p>Audi\u00eancia Geral com o Papa Le\u00e3o XIV<\/p>\n","protected":false},"author":15,"featured_media":264991,"comment_status":"open","ping_status":"open","sticky":false,"template":"","format":"standard","meta":[],"categories":[1],"tags":[],"acf":[],"yoast_head":"<!-- This site is optimized with the Yoast SEO plugin v19.2 - https:\/\/yoast.com\/wordpress\/plugins\/seo\/ -->\n<title>Na Audi\u00eancia Geral, Papa recorda que a Igreja \u00e9 chamada a acolher todos - Not\u00edcias - Franciscanos<\/title>\n<meta name=\"robots\" content=\"index, follow, max-snippet:-1, max-image-preview:large, max-video-preview:-1\" \/>\n<link rel=\"canonical\" href=\"https:\/\/franciscanos.org.br\/noticias\/na-audiencia-geral-papa-recorda-que-a-igreja-e-chamada-a-acolher-todos.html\" \/>\n<meta property=\"og:locale\" content=\"pt_BR\" \/>\n<meta property=\"og:type\" content=\"article\" \/>\n<meta property=\"og:title\" content=\"Na Audi\u00eancia Geral, Papa recorda que a Igreja \u00e9 chamada a acolher todos - Not\u00edcias - Franciscanos\" \/>\n<meta property=\"og:description\" content=\"Audi\u00eancia Geral com o Papa Le\u00e3o XIV\" \/>\n<meta property=\"og:url\" content=\"https:\/\/franciscanos.org.br\/noticias\/na-audiencia-geral-papa-recorda-que-a-igreja-e-chamada-a-acolher-todos.html\" \/>\n<meta property=\"og:site_name\" content=\"Not\u00edcias - Franciscanos\" \/>\n<meta property=\"article:published_time\" content=\"2026-03-11T18:28:34+00:00\" \/>\n<meta property=\"article:modified_time\" content=\"2026-03-13T14:25:08+00:00\" \/>\n<meta property=\"og:image\" content=\"https:\/\/franciscanos.org.br\/noticias\/wp-content\/uploads\/2026\/03\/gettyimages-2213922613.jpg\" \/>\n\t<meta property=\"og:image:width\" content=\"980\" \/>\n\t<meta property=\"og:image:height\" content=\"550\" \/>\n\t<meta property=\"og:image:type\" content=\"image\/jpeg\" \/>\n<meta name=\"author\" content=\"Guilherme Rocha\" \/>\n<meta name=\"twitter:card\" content=\"summary_large_image\" \/>\n<meta name=\"twitter:label1\" content=\"Escrito por\" \/>\n\t<meta name=\"twitter:data1\" content=\"Guilherme Rocha\" \/>\n\t<meta name=\"twitter:label2\" content=\"Est. tempo de leitura\" \/>\n\t<meta name=\"twitter:data2\" content=\"3 minutos\" \/>\n<script type=\"application\/ld+json\" class=\"yoast-schema-graph\">{\"@context\":\"https:\/\/schema.org\",\"@graph\":[{\"@type\":\"WebSite\",\"@id\":\"https:\/\/franciscanos.org.br\/noticias\/#website\",\"url\":\"https:\/\/franciscanos.org.br\/noticias\/\",\"name\":\"Not\u00edcias - Franciscanos\",\"description\":\"Prov\u00edncia Franciscana da Imaculada Concei\u00e7\u00e3o do Brasil - Ordem dos Frades Menores - OFM\",\"potentialAction\":[{\"@type\":\"SearchAction\",\"target\":{\"@type\":\"EntryPoint\",\"urlTemplate\":\"https:\/\/franciscanos.org.br\/noticias\/?s={search_term_string}\"},\"query-input\":\"required name=search_term_string\"}],\"inLanguage\":\"pt-BR\"},{\"@type\":\"ImageObject\",\"inLanguage\":\"pt-BR\",\"@id\":\"https:\/\/franciscanos.org.br\/noticias\/na-audiencia-geral-papa-recorda-que-a-igreja-e-chamada-a-acolher-todos.html#primaryimage\",\"url\":\"https:\/\/franciscanos.org.br\/noticias\/wp-content\/uploads\/2026\/03\/gettyimages-2213922613.jpg\",\"contentUrl\":\"https:\/\/franciscanos.org.br\/noticias\/wp-content\/uploads\/2026\/03\/gettyimages-2213922613.jpg\",\"width\":980,\"height\":550},{\"@type\":\"WebPage\",\"@id\":\"https:\/\/franciscanos.org.br\/noticias\/na-audiencia-geral-papa-recorda-que-a-igreja-e-chamada-a-acolher-todos.html#webpage\",\"url\":\"https:\/\/franciscanos.org.br\/noticias\/na-audiencia-geral-papa-recorda-que-a-igreja-e-chamada-a-acolher-todos.html\",\"name\":\"Na Audi\u00eancia Geral, Papa recorda que a Igreja \u00e9 chamada a acolher todos - Not\u00edcias - Franciscanos\",\"isPartOf\":{\"@id\":\"https:\/\/franciscanos.org.br\/noticias\/#website\"},\"primaryImageOfPage\":{\"@id\":\"https:\/\/franciscanos.org.br\/noticias\/na-audiencia-geral-papa-recorda-que-a-igreja-e-chamada-a-acolher-todos.html#primaryimage\"},\"datePublished\":\"2026-03-11T18:28:34+00:00\",\"dateModified\":\"2026-03-13T14:25:08+00:00\",\"author\":{\"@id\":\"https:\/\/franciscanos.org.br\/noticias\/#\/schema\/person\/69bb4cd273a2528548b63cccab4980a0\"},\"breadcrumb\":{\"@id\":\"https:\/\/franciscanos.org.br\/noticias\/na-audiencia-geral-papa-recorda-que-a-igreja-e-chamada-a-acolher-todos.html#breadcrumb\"},\"inLanguage\":\"pt-BR\",\"potentialAction\":[{\"@type\":\"ReadAction\",\"target\":[\"https:\/\/franciscanos.org.br\/noticias\/na-audiencia-geral-papa-recorda-que-a-igreja-e-chamada-a-acolher-todos.html\"]}]},{\"@type\":\"BreadcrumbList\",\"@id\":\"https:\/\/franciscanos.org.br\/noticias\/na-audiencia-geral-papa-recorda-que-a-igreja-e-chamada-a-acolher-todos.html#breadcrumb\",\"itemListElement\":[{\"@type\":\"ListItem\",\"position\":1,\"name\":\"Home\",\"item\":\"https:\/\/franciscanos.org.br\/noticias\"},{\"@type\":\"ListItem\",\"position\":2,\"name\":\"Na Audi\u00eancia Geral, Papa recorda que a Igreja \u00e9 chamada a acolher todos\"}]},{\"@type\":\"Person\",\"@id\":\"https:\/\/franciscanos.org.br\/noticias\/#\/schema\/person\/69bb4cd273a2528548b63cccab4980a0\",\"name\":\"Guilherme Rocha\",\"image\":{\"@type\":\"ImageObject\",\"inLanguage\":\"pt-BR\",\"@id\":\"https:\/\/franciscanos.org.br\/noticias\/#\/schema\/person\/image\/\",\"url\":\"https:\/\/secure.gravatar.com\/avatar\/e480fee2377f81af36f6990ed742592a?s=96&d=mm&r=g\",\"contentUrl\":\"https:\/\/secure.gravatar.com\/avatar\/e480fee2377f81af36f6990ed742592a?s=96&d=mm&r=g\",\"caption\":\"Guilherme Rocha\"},\"url\":\"https:\/\/franciscanos.org.br\/noticias\/author\/guilhermerocha\"}]}<\/script>\n<!-- \/ Yoast SEO plugin. -->","yoast_head_json":{"title":"Na Audi\u00eancia Geral, Papa recorda que a Igreja \u00e9 chamada a acolher todos - Not\u00edcias - Franciscanos","robots":{"index":"index","follow":"follow","max-snippet":"max-snippet:-1","max-image-preview":"max-image-preview:large","max-video-preview":"max-video-preview:-1"},"canonical":"https:\/\/franciscanos.org.br\/noticias\/na-audiencia-geral-papa-recorda-que-a-igreja-e-chamada-a-acolher-todos.html","og_locale":"pt_BR","og_type":"article","og_title":"Na Audi\u00eancia Geral, Papa recorda que a Igreja \u00e9 chamada a acolher todos - Not\u00edcias - Franciscanos","og_description":"Audi\u00eancia Geral com o Papa Le\u00e3o XIV","og_url":"https:\/\/franciscanos.org.br\/noticias\/na-audiencia-geral-papa-recorda-que-a-igreja-e-chamada-a-acolher-todos.html","og_site_name":"Not\u00edcias - Franciscanos","article_published_time":"2026-03-11T18:28:34+00:00","article_modified_time":"2026-03-13T14:25:08+00:00","og_image":[{"width":980,"height":550,"url":"https:\/\/franciscanos.org.br\/noticias\/wp-content\/uploads\/2026\/03\/gettyimages-2213922613.jpg","type":"image\/jpeg"}],"author":"Guilherme Rocha","twitter_card":"summary_large_image","twitter_misc":{"Escrito por":"Guilherme Rocha","Est. tempo de leitura":"3 minutos"},"schema":{"@context":"https:\/\/schema.org","@graph":[{"@type":"WebSite","@id":"https:\/\/franciscanos.org.br\/noticias\/#website","url":"https:\/\/franciscanos.org.br\/noticias\/","name":"Not\u00edcias - Franciscanos","description":"Prov\u00edncia Franciscana da Imaculada Concei\u00e7\u00e3o do Brasil - Ordem dos Frades Menores - OFM","potentialAction":[{"@type":"SearchAction","target":{"@type":"EntryPoint","urlTemplate":"https:\/\/franciscanos.org.br\/noticias\/?s={search_term_string}"},"query-input":"required name=search_term_string"}],"inLanguage":"pt-BR"},{"@type":"ImageObject","inLanguage":"pt-BR","@id":"https:\/\/franciscanos.org.br\/noticias\/na-audiencia-geral-papa-recorda-que-a-igreja-e-chamada-a-acolher-todos.html#primaryimage","url":"https:\/\/franciscanos.org.br\/noticias\/wp-content\/uploads\/2026\/03\/gettyimages-2213922613.jpg","contentUrl":"https:\/\/franciscanos.org.br\/noticias\/wp-content\/uploads\/2026\/03\/gettyimages-2213922613.jpg","width":980,"height":550},{"@type":"WebPage","@id":"https:\/\/franciscanos.org.br\/noticias\/na-audiencia-geral-papa-recorda-que-a-igreja-e-chamada-a-acolher-todos.html#webpage","url":"https:\/\/franciscanos.org.br\/noticias\/na-audiencia-geral-papa-recorda-que-a-igreja-e-chamada-a-acolher-todos.html","name":"Na Audi\u00eancia Geral, Papa recorda que a Igreja \u00e9 chamada a acolher todos - Not\u00edcias - Franciscanos","isPartOf":{"@id":"https:\/\/franciscanos.org.br\/noticias\/#website"},"primaryImageOfPage":{"@id":"https:\/\/franciscanos.org.br\/noticias\/na-audiencia-geral-papa-recorda-que-a-igreja-e-chamada-a-acolher-todos.html#primaryimage"},"datePublished":"2026-03-11T18:28:34+00:00","dateModified":"2026-03-13T14:25:08+00:00","author":{"@id":"https:\/\/franciscanos.org.br\/noticias\/#\/schema\/person\/69bb4cd273a2528548b63cccab4980a0"},"breadcrumb":{"@id":"https:\/\/franciscanos.org.br\/noticias\/na-audiencia-geral-papa-recorda-que-a-igreja-e-chamada-a-acolher-todos.html#breadcrumb"},"inLanguage":"pt-BR","potentialAction":[{"@type":"ReadAction","target":["https:\/\/franciscanos.org.br\/noticias\/na-audiencia-geral-papa-recorda-que-a-igreja-e-chamada-a-acolher-todos.html"]}]},{"@type":"BreadcrumbList","@id":"https:\/\/franciscanos.org.br\/noticias\/na-audiencia-geral-papa-recorda-que-a-igreja-e-chamada-a-acolher-todos.html#breadcrumb","itemListElement":[{"@type":"ListItem","position":1,"name":"Home","item":"https:\/\/franciscanos.org.br\/noticias"},{"@type":"ListItem","position":2,"name":"Na Audi\u00eancia Geral, Papa recorda que a Igreja \u00e9 chamada a acolher todos"}]},{"@type":"Person","@id":"https:\/\/franciscanos.org.br\/noticias\/#\/schema\/person\/69bb4cd273a2528548b63cccab4980a0","name":"Guilherme Rocha","image":{"@type":"ImageObject","inLanguage":"pt-BR","@id":"https:\/\/franciscanos.org.br\/noticias\/#\/schema\/person\/image\/","url":"https:\/\/secure.gravatar.com\/avatar\/e480fee2377f81af36f6990ed742592a?s=96&d=mm&r=g","contentUrl":"https:\/\/secure.gravatar.com\/avatar\/e480fee2377f81af36f6990ed742592a?s=96&d=mm&r=g","caption":"Guilherme Rocha"},"url":"https:\/\/franciscanos.org.br\/noticias\/author\/guilhermerocha"}]}},"_links":{"self":[{"href":"https:\/\/franciscanos.org.br\/noticias\/wp-json\/wp\/v2\/posts\/264925"}],"collection":[{"href":"https:\/\/franciscanos.org.br\/noticias\/wp-json\/wp\/v2\/posts"}],"about":[{"href":"https:\/\/franciscanos.org.br\/noticias\/wp-json\/wp\/v2\/types\/post"}],"author":[{"embeddable":true,"href":"https:\/\/franciscanos.org.br\/noticias\/wp-json\/wp\/v2\/users\/15"}],"replies":[{"embeddable":true,"href":"https:\/\/franciscanos.org.br\/noticias\/wp-json\/wp\/v2\/comments?post=264925"}],"version-history":[{"count":3,"href":"https:\/\/franciscanos.org.br\/noticias\/wp-json\/wp\/v2\/posts\/264925\/revisions"}],"predecessor-version":[{"id":264992,"href":"https:\/\/franciscanos.org.br\/noticias\/wp-json\/wp\/v2\/posts\/264925\/revisions\/264992"}],"wp:featuredmedia":[{"embeddable":true,"href":"https:\/\/franciscanos.org.br\/noticias\/wp-json\/wp\/v2\/media\/264991"}],"wp:attachment":[{"href":"https:\/\/franciscanos.org.br\/noticias\/wp-json\/wp\/v2\/media?parent=264925"}],"wp:term":[{"taxonomy":"category","embeddable":true,"href":"https:\/\/franciscanos.org.br\/noticias\/wp-json\/wp\/v2\/categories?post=264925"},{"taxonomy":"post_tag","embeddable":true,"href":"https:\/\/franciscanos.org.br\/noticias\/wp-json\/wp\/v2\/tags?post=264925"}],"curies":[{"name":"wp","href":"https:\/\/api.w.org\/{rel}","templated":true}]}}