{"id":264899,"date":"2026-03-11T12:28:21","date_gmt":"2026-03-11T15:28:21","guid":{"rendered":"https:\/\/franciscanos.org.br\/noticias\/?p=264899"},"modified":"2026-03-22T18:58:49","modified_gmt":"2026-03-22T21:58:49","slug":"encontro-regional-dos-frades-do-estado-de-sao-paulo-em-guaratingueta","status":"publish","type":"post","link":"https:\/\/franciscanos.org.br\/noticias\/encontro-regional-dos-frades-do-estado-de-sao-paulo-em-guaratingueta.html","title":{"rendered":"Encontro Regional dos frades do estado de S\u00e3o Paulo em Guaratinguet\u00e1"},"content":{"rendered":"<p><img loading=\"lazy\" class=\"aligncenter wp-image-264900 size-full\" src=\"https:\/\/franciscanos.org.br\/noticias\/wp-content\/uploads\/2026\/03\/Principal-6.jpg\" alt=\"\" width=\"1920\" height=\"887\" \/><\/p>\n<p><span style=\"font-weight: 400;\">Nos dias 9 e 10 de mar\u00e7o, a cidade de Guaratinguet\u00e1, terra do primeiro santo brasileiro, Frei Galv\u00e3o, acolheu os frades das onze fraternidades da Prov\u00edncia da Imaculada no estado de S\u00e3o Paulo para o primeiro encontro do Regional deste ano de 2026. Mais de trinta frades dessas presen\u00e7as viveram dois dias de conviv\u00eancia e de intensas partilhas de suas atividades de evangeliza\u00e7\u00e3o. O encontro ocorreu nas fraternidades do Semin\u00e1rio e do Santu\u00e1rio dedicados ao santo de nossa Prov\u00edncia.<\/span><\/p>\n<p><span style=\"font-weight: 400;\">No dia 9, ap\u00f3s a ora\u00e7\u00e3o da manh\u00e3 e o caf\u00e9, os frades reuniram-se no Sal\u00e3o de Encontros do Semin\u00e1rio para o in\u00edcio da pauta do Regional, com destaque para a presen\u00e7a dos postulantes e dos aspirantes.<\/span><\/p>\n<p><span style=\"font-weight: 400;\">Com a ren\u00fancia do coordenador do Regional, Frei Marx Rodrigues dos Reis, por raz\u00f5es pessoais, Frei Gabriel Vargas Dias Alves, at\u00e9 ent\u00e3o vice-coordenador, assumiu o servi\u00e7o de anima\u00e7\u00e3o do Regional.\u00a0<\/span><\/p>\n<p><img loading=\"lazy\" class=\"aligncenter wp-image-264904 size-large\" src=\"https:\/\/franciscanos.org.br\/noticias\/wp-content\/uploads\/2026\/03\/20260309_151828-1024x473.jpg\" alt=\"\" width=\"1024\" height=\"473\" srcset=\"https:\/\/franciscanos.org.br\/noticias\/wp-content\/uploads\/2026\/03\/20260309_151828-1024x473.jpg 1024w, https:\/\/franciscanos.org.br\/noticias\/wp-content\/uploads\/2026\/03\/20260309_151828-450x208.jpg 450w, https:\/\/franciscanos.org.br\/noticias\/wp-content\/uploads\/2026\/03\/20260309_151828-768x354.jpg 768w, https:\/\/franciscanos.org.br\/noticias\/wp-content\/uploads\/2026\/03\/20260309_151828-1536x709.jpg 1536w, https:\/\/franciscanos.org.br\/noticias\/wp-content\/uploads\/2026\/03\/20260309_151828-2048x945.jpg 2048w, https:\/\/franciscanos.org.br\/noticias\/wp-content\/uploads\/2026\/03\/20260309_151828-150x69.jpg 150w, https:\/\/franciscanos.org.br\/noticias\/wp-content\/uploads\/2026\/03\/20260309_151828-scaled.jpg 1920w\" sizes=\"(max-width: 1024px) 100vw, 1024px\" \/><\/p>\n<p><span style=\"font-weight: 400;\">Na ocasi\u00e3o, Frei Gabriel deu as boas-vindas a todos os frades e tamb\u00e9m aos formandos da fraternidade anfitri\u00e3, postulantes e aspirantes, e pediu que eles se apresentassem. Acolheu tamb\u00e9m os nove frades de profiss\u00e3o tempor\u00e1ria que agora residem no Convento S\u00e3o Francisco, no centro da cidade de S\u00e3o Paulo, e que vieram ao encontro regional. Tamb\u00e9m recebeu com honras o Frei Roger Strapazzon, que est\u00e1 residindo no Convento S\u00e3o Francisco, e Frei Jorge L\u00e1zaro de Souza, que reside em Bragan\u00e7a Paulista.<\/span><\/p>\n<p><span style=\"font-weight: 400;\">Durante o per\u00edodo da manh\u00e3 houve a leitura e partilha do texto \u201cFrancisco de Assis: uma semente de vida eterna \u2013 a heran\u00e7a espiritual de um homem crist\u00e3o\u201d. Depois de uma pausa para o caf\u00e9, o Definidor Regional, Frei Daniel Dellandrea, fez a leitura da carta do Secret\u00e1rio de Evangeliza\u00e7\u00e3o e Vig\u00e1rio Provincial, Frei Gustavo W. Medella.\u00a0<\/span><\/p>\n<p><span style=\"font-weight: 400;\">O texto da carta prop\u00f5e a\u00e7\u00f5es integradas para este Ano Jubilar Franciscano. A partir dessa motiva\u00e7\u00e3o, os frades que atuam nas frentes de evangeliza\u00e7\u00e3o fizeram uma exposi\u00e7\u00e3o dos trabalhos e articula\u00e7\u00f5es que v\u00eam sendo executados nos diversos servi\u00e7os e obras da Prov\u00edncia. Durante o ato, foram destacados os eventos com as juventudes, as comemora\u00e7\u00f5es dos 50 anos da Universidade S\u00e3o Francisco e do primeiro ano da R\u00e1dio Frei Galv\u00e3o, o mais recente ve\u00edculo de comunica\u00e7\u00e3o dos frades.<\/span><\/p>\n\n\t\t<style type=\"text\/css\">\n\t\t\t#gallery-1 {\n\t\t\t\tmargin: auto;\n\t\t\t}\n\t\t\t#gallery-1 .gallery-item {\n\t\t\t\tfloat: left;\n\t\t\t\tmargin-top: 10px;\n\t\t\t\ttext-align: center;\n\t\t\t\twidth: 50%;\n\t\t\t}\n\t\t\t#gallery-1 img {\n\t\t\t\tborder: 2px solid #cfcfcf;\n\t\t\t}\n\t\t\t#gallery-1 .gallery-caption {\n\t\t\t\tmargin-left: 0;\n\t\t\t}\n\t\t\t\/* see gallery_shortcode() in wp-includes\/media.php *\/\n\t\t<\/style>\n\t\t<div id='gallery-1' class='gallery galleryid-264899 gallery-columns-2 gallery-size-thumbnail'><dl class='gallery-item'>\n\t\t\t<dt class='gallery-icon landscape'>\n\t\t\t\t<a href='https:\/\/franciscanos.org.br\/noticias\/wp-content\/uploads\/2026\/03\/20260310_093522-scaled.jpg'><img width=\"300\" height=\"300\" src=\"https:\/\/franciscanos.org.br\/noticias\/wp-content\/uploads\/2026\/03\/20260310_093522-300x300.jpg\" class=\"attachment-thumbnail size-thumbnail\" alt=\"\" loading=\"lazy\" srcset=\"https:\/\/franciscanos.org.br\/noticias\/wp-content\/uploads\/2026\/03\/20260310_093522-300x300.jpg 300w, https:\/\/franciscanos.org.br\/noticias\/wp-content\/uploads\/2026\/03\/20260310_093522-100x100.jpg 100w\" sizes=\"(max-width: 300px) 100vw, 300px\" \/><\/a>\n\t\t\t<\/dt><\/dl><dl class='gallery-item'>\n\t\t\t<dt class='gallery-icon landscape'>\n\t\t\t\t<a href='https:\/\/franciscanos.org.br\/noticias\/wp-content\/uploads\/2026\/03\/20260309_143027-scaled.jpg'><img width=\"300\" height=\"300\" src=\"https:\/\/franciscanos.org.br\/noticias\/wp-content\/uploads\/2026\/03\/20260309_143027-300x300.jpg\" class=\"attachment-thumbnail size-thumbnail\" alt=\"\" loading=\"lazy\" srcset=\"https:\/\/franciscanos.org.br\/noticias\/wp-content\/uploads\/2026\/03\/20260309_143027-300x300.jpg 300w, https:\/\/franciscanos.org.br\/noticias\/wp-content\/uploads\/2026\/03\/20260309_143027-100x100.jpg 100w\" sizes=\"(max-width: 300px) 100vw, 300px\" \/><\/a>\n\t\t\t<\/dt><\/dl><br style=\"clear: both\" \/>\n\t\t<\/div>\n\n<p><span style=\"font-weight: 400;\">No per\u00edodo da tarde, os participantes do Regional visitaram o Santu\u00e1rio de Frei Galv\u00e3o. O reitor do Santu\u00e1rio e Definidor Provincial, Frei Diego Atalino de Melo, e o guardi\u00e3o da fraternidade, Frei Leandro Costa Santos, fizeram uma apresenta\u00e7\u00e3o das atuais obras que v\u00eam ocorrendo na estrutura do Santu\u00e1rio e do planejamento futuro que est\u00e1 sendo vislumbrado. Os frades puderam visitar a nave central do templo, em obras com a troca do forro. Em seguida, participaram do momento devocional a Frei Galv\u00e3o junto com os fi\u00e9is do Santu\u00e1rio.<\/span><\/p>\n<p><span style=\"font-weight: 400;\">A celebra\u00e7\u00e3o eucar\u00edstica ocorreu \u00e0s 15h, presidida por Frei Daniel e concelebrada por Frei Diego e Frei Gabriel. Em sua reflex\u00e3o, Frei Daniel lembrou a dimens\u00e3o do \u201cprofetismo\u201d como uma chave fundamental para a compreens\u00e3o da mensagem evang\u00e9lica de Jesus e como atitude eloquente de quem se disp\u00f5e a pautar sua vida nesse segmento.\u00a0<\/span><\/p>\n<p><span style=\"font-weight: 400;\">\u201cFrancisco de Assis, Frei Galv\u00e3o e tantos santos deixam a todos n\u00f3s a heran\u00e7a de uma ades\u00e3o ao Evangelho. A n\u00f3s frades, como regra de vida; a todos os crist\u00e3os, como dire\u00e7\u00e3o da exist\u00eancia. \u00c9 a Palavra que nos guia e \u00e9 este o alimento que sacia o nosso cora\u00e7\u00e3o\u201d, observou Frei Daniel.<\/span><\/p>\n<p><img loading=\"lazy\" class=\"aligncenter wp-image-264914 size-large\" src=\"https:\/\/franciscanos.org.br\/noticias\/wp-content\/uploads\/2026\/03\/20260309_153912-1024x473.jpg\" alt=\"\" width=\"1024\" height=\"473\" srcset=\"https:\/\/franciscanos.org.br\/noticias\/wp-content\/uploads\/2026\/03\/20260309_153912-1024x473.jpg 1024w, https:\/\/franciscanos.org.br\/noticias\/wp-content\/uploads\/2026\/03\/20260309_153912-450x208.jpg 450w, https:\/\/franciscanos.org.br\/noticias\/wp-content\/uploads\/2026\/03\/20260309_153912-768x354.jpg 768w, https:\/\/franciscanos.org.br\/noticias\/wp-content\/uploads\/2026\/03\/20260309_153912-1536x709.jpg 1536w, https:\/\/franciscanos.org.br\/noticias\/wp-content\/uploads\/2026\/03\/20260309_153912-2048x945.jpg 2048w, https:\/\/franciscanos.org.br\/noticias\/wp-content\/uploads\/2026\/03\/20260309_153912-150x69.jpg 150w, https:\/\/franciscanos.org.br\/noticias\/wp-content\/uploads\/2026\/03\/20260309_153912-scaled.jpg 1920w\" sizes=\"(max-width: 1024px) 100vw, 1024px\" \/><\/p>\n<p><span style=\"font-weight: 400;\">Referindo-se ainda \u00e0 heran\u00e7a desses santos, o Definidor lembrou: \u201celes nos deixam a heran\u00e7a do olhar de miseric\u00f3rdia, pois o profetismo ajuda-nos a ter o mesmo olhar de Deus, um olhar de bondade e miseric\u00f3rdia com os que mais precisam: um olhar de an\u00fancio, de den\u00fancia, de cura e de esperan\u00e7a. Um olhar de uma vida que nos leva a nos aproximarmos uns dos outros. Jesus segue o seu caminho e sua miss\u00e3o mesmo perseguido, e Francisco faz a mesma experi\u00eancia, supera as dificuldades e rompe as barreiras para ser pr\u00f3ximo e fiel ao profetismo\u201d.\u00a0<\/span><\/p>\n<p><span style=\"font-weight: 400;\">Na sequ\u00eancia, concluiu: \u201cque n\u00e3o nos falte a coragem de revelar, em nosso modo de viver, o profetismo como fruto n\u00e3o s\u00f3 das palavras, mas de a\u00e7\u00f5es concretas que inspiram e revelam que o Reino de Deus est\u00e1 acontecendo no meio de n\u00f3s\u201d.<br \/>\n<\/span><\/p>\n<p>&nbsp;<\/p>\n\n\t\t<style type=\"text\/css\">\n\t\t\t#gallery-2 {\n\t\t\t\tmargin: auto;\n\t\t\t}\n\t\t\t#gallery-2 .gallery-item {\n\t\t\t\tfloat: left;\n\t\t\t\tmargin-top: 10px;\n\t\t\t\ttext-align: center;\n\t\t\t\twidth: 33%;\n\t\t\t}\n\t\t\t#gallery-2 img {\n\t\t\t\tborder: 2px solid #cfcfcf;\n\t\t\t}\n\t\t\t#gallery-2 .gallery-caption {\n\t\t\t\tmargin-left: 0;\n\t\t\t}\n\t\t\t\/* see gallery_shortcode() in wp-includes\/media.php *\/\n\t\t<\/style>\n\t\t<div id='gallery-2' class='gallery galleryid-264899 gallery-columns-3 gallery-size-thumbnail'><dl class='gallery-item'>\n\t\t\t<dt class='gallery-icon landscape'>\n\t\t\t\t<a href='https:\/\/franciscanos.org.br\/noticias\/wp-content\/uploads\/2026\/03\/20260309_154954-1.jpg'><img width=\"300\" height=\"139\" src=\"https:\/\/franciscanos.org.br\/noticias\/wp-content\/uploads\/2026\/03\/20260309_154954-1.jpg\" class=\"attachment-thumbnail size-thumbnail\" alt=\"\" loading=\"lazy\" \/><\/a>\n\t\t\t<\/dt><\/dl><dl class='gallery-item'>\n\t\t\t<dt class='gallery-icon landscape'>\n\t\t\t\t<a href='https:\/\/franciscanos.org.br\/noticias\/wp-content\/uploads\/2026\/03\/20260309_155859-1.jpg'><img width=\"300\" height=\"139\" src=\"https:\/\/franciscanos.org.br\/noticias\/wp-content\/uploads\/2026\/03\/20260309_155859-1.jpg\" class=\"attachment-thumbnail size-thumbnail\" alt=\"\" loading=\"lazy\" \/><\/a>\n\t\t\t<\/dt><\/dl><dl class='gallery-item'>\n\t\t\t<dt class='gallery-icon landscape'>\n\t\t\t\t<a href='https:\/\/franciscanos.org.br\/noticias\/wp-content\/uploads\/2026\/03\/20260309_160116.jpg'><img width=\"300\" height=\"139\" src=\"https:\/\/franciscanos.org.br\/noticias\/wp-content\/uploads\/2026\/03\/20260309_160116.jpg\" class=\"attachment-thumbnail size-thumbnail\" alt=\"\" loading=\"lazy\" \/><\/a>\n\t\t\t<\/dt><\/dl><br style=\"clear: both\" \/>\n\t\t<\/div>\n\n<p><span style=\"font-weight: 400;\">Na manh\u00e3 da ter\u00e7a-feira (10), houve uma partilha da vida de cada fraternidade do Regional. Os frades puderam apresentar suas a\u00e7\u00f5es espec\u00edficas e tamb\u00e9m fazer um relato das muitas celebra\u00e7\u00f5es que est\u00e3o sendo preparadas para este Ano Jubilar Franciscano.\u00a0<\/span><\/p>\n<p><span style=\"font-weight: 400;\">Como Regional, foi pensada uma romaria para o m\u00eas de agosto que possa reunir as fraternidades do estado no Santu\u00e1rio Frei Galv\u00e3o. Ao final do encontro, o Ministro Provincial, Frei Paulo Roberto Pereira, externou alegria pela presen\u00e7a de tantos frades nesse encontro e ressaltou como s\u00e3o valiosos esses momentos de viv\u00eancia fraterna.\u00a0<\/span><\/p>\n<p><span style=\"font-weight: 400;\">Por fim, o Ministro Provincial desejou a todos um bom retorno \u00e0s suas fraternidades e frisou a import\u00e2ncia desses espa\u00e7os para qualificar e articular nossas a\u00e7\u00f5es de evangeliza\u00e7\u00e3o como fraternidade provincial.<\/span><\/p>\n<p><img loading=\"lazy\" class=\"alignnone size-full wp-image-264919\" src=\"https:\/\/franciscanos.org.br\/noticias\/wp-content\/uploads\/2026\/03\/20260309_160519.jpg\" alt=\"\" width=\"1920\" height=\"1080\" \/><\/p>\n<hr \/>\n<p><em><span style=\"font-weight: 400;\">Frei Jo\u00e3o Manoel Zechinatto, OFM\u00a0<\/span><\/em><\/p>\n","protected":false},"excerpt":{"rendered":"<p>Encontros Regionais<\/p>\n","protected":false},"author":15,"featured_media":264900,"comment_status":"open","ping_status":"open","sticky":false,"template":"","format":"standard","meta":[],"categories":[1],"tags":[],"acf":[],"yoast_head":"<!-- This site is optimized with the Yoast SEO plugin v19.2 - https:\/\/yoast.com\/wordpress\/plugins\/seo\/ -->\n<title>Encontro Regional dos frades do estado de S\u00e3o Paulo em Guaratinguet\u00e1 - Not\u00edcias - Franciscanos<\/title>\n<meta name=\"robots\" content=\"index, follow, max-snippet:-1, max-image-preview:large, max-video-preview:-1\" \/>\n<link rel=\"canonical\" href=\"https:\/\/franciscanos.org.br\/noticias\/encontro-regional-dos-frades-do-estado-de-sao-paulo-em-guaratingueta.html\" \/>\n<meta property=\"og:locale\" content=\"pt_BR\" \/>\n<meta property=\"og:type\" content=\"article\" \/>\n<meta property=\"og:title\" content=\"Encontro Regional dos frades do estado de S\u00e3o Paulo em Guaratinguet\u00e1 - Not\u00edcias - Franciscanos\" \/>\n<meta property=\"og:description\" content=\"Encontros Regionais\" \/>\n<meta property=\"og:url\" content=\"https:\/\/franciscanos.org.br\/noticias\/encontro-regional-dos-frades-do-estado-de-sao-paulo-em-guaratingueta.html\" \/>\n<meta property=\"og:site_name\" content=\"Not\u00edcias - Franciscanos\" \/>\n<meta property=\"article:published_time\" content=\"2026-03-11T15:28:21+00:00\" \/>\n<meta property=\"article:modified_time\" content=\"2026-03-22T21:58:49+00:00\" \/>\n<meta name=\"author\" content=\"Guilherme Rocha\" \/>\n<meta name=\"twitter:card\" content=\"summary_large_image\" \/>\n<meta name=\"twitter:image\" content=\"https:\/\/franciscanos.org.br\/noticias\/wp-content\/uploads\/2026\/03\/Principal-6.jpg\" \/>\n<meta name=\"twitter:label1\" content=\"Escrito por\" \/>\n\t<meta name=\"twitter:data1\" content=\"Guilherme Rocha\" \/>\n\t<meta name=\"twitter:label2\" content=\"Est. tempo de leitura\" \/>\n\t<meta name=\"twitter:data2\" content=\"5 minutos\" \/>\n<script type=\"application\/ld+json\" class=\"yoast-schema-graph\">{\"@context\":\"https:\/\/schema.org\",\"@graph\":[{\"@type\":\"WebSite\",\"@id\":\"https:\/\/franciscanos.org.br\/noticias\/#website\",\"url\":\"https:\/\/franciscanos.org.br\/noticias\/\",\"name\":\"Not\u00edcias - Franciscanos\",\"description\":\"Prov\u00edncia Franciscana da Imaculada Concei\u00e7\u00e3o do Brasil - Ordem dos Frades Menores - OFM\",\"potentialAction\":[{\"@type\":\"SearchAction\",\"target\":{\"@type\":\"EntryPoint\",\"urlTemplate\":\"https:\/\/franciscanos.org.br\/noticias\/?s={search_term_string}\"},\"query-input\":\"required name=search_term_string\"}],\"inLanguage\":\"pt-BR\"},{\"@type\":\"ImageObject\",\"inLanguage\":\"pt-BR\",\"@id\":\"https:\/\/franciscanos.org.br\/noticias\/encontro-regional-dos-frades-do-estado-de-sao-paulo-em-guaratingueta.html#primaryimage\",\"url\":\"https:\/\/franciscanos.org.br\/noticias\/wp-content\/uploads\/2026\/03\/Principal-6.jpg\",\"contentUrl\":\"https:\/\/franciscanos.org.br\/noticias\/wp-content\/uploads\/2026\/03\/Principal-6.jpg\",\"width\":1920,\"height\":887},{\"@type\":\"WebPage\",\"@id\":\"https:\/\/franciscanos.org.br\/noticias\/encontro-regional-dos-frades-do-estado-de-sao-paulo-em-guaratingueta.html#webpage\",\"url\":\"https:\/\/franciscanos.org.br\/noticias\/encontro-regional-dos-frades-do-estado-de-sao-paulo-em-guaratingueta.html\",\"name\":\"Encontro Regional dos frades do estado de S\u00e3o Paulo em Guaratinguet\u00e1 - Not\u00edcias - Franciscanos\",\"isPartOf\":{\"@id\":\"https:\/\/franciscanos.org.br\/noticias\/#website\"},\"primaryImageOfPage\":{\"@id\":\"https:\/\/franciscanos.org.br\/noticias\/encontro-regional-dos-frades-do-estado-de-sao-paulo-em-guaratingueta.html#primaryimage\"},\"datePublished\":\"2026-03-11T15:28:21+00:00\",\"dateModified\":\"2026-03-22T21:58:49+00:00\",\"author\":{\"@id\":\"https:\/\/franciscanos.org.br\/noticias\/#\/schema\/person\/69bb4cd273a2528548b63cccab4980a0\"},\"breadcrumb\":{\"@id\":\"https:\/\/franciscanos.org.br\/noticias\/encontro-regional-dos-frades-do-estado-de-sao-paulo-em-guaratingueta.html#breadcrumb\"},\"inLanguage\":\"pt-BR\",\"potentialAction\":[{\"@type\":\"ReadAction\",\"target\":[\"https:\/\/franciscanos.org.br\/noticias\/encontro-regional-dos-frades-do-estado-de-sao-paulo-em-guaratingueta.html\"]}]},{\"@type\":\"BreadcrumbList\",\"@id\":\"https:\/\/franciscanos.org.br\/noticias\/encontro-regional-dos-frades-do-estado-de-sao-paulo-em-guaratingueta.html#breadcrumb\",\"itemListElement\":[{\"@type\":\"ListItem\",\"position\":1,\"name\":\"Home\",\"item\":\"https:\/\/franciscanos.org.br\/noticias\"},{\"@type\":\"ListItem\",\"position\":2,\"name\":\"Encontro Regional dos frades do estado de S\u00e3o Paulo em Guaratinguet\u00e1\"}]},{\"@type\":\"Person\",\"@id\":\"https:\/\/franciscanos.org.br\/noticias\/#\/schema\/person\/69bb4cd273a2528548b63cccab4980a0\",\"name\":\"Guilherme Rocha\",\"image\":{\"@type\":\"ImageObject\",\"inLanguage\":\"pt-BR\",\"@id\":\"https:\/\/franciscanos.org.br\/noticias\/#\/schema\/person\/image\/\",\"url\":\"https:\/\/secure.gravatar.com\/avatar\/e480fee2377f81af36f6990ed742592a?s=96&d=mm&r=g\",\"contentUrl\":\"https:\/\/secure.gravatar.com\/avatar\/e480fee2377f81af36f6990ed742592a?s=96&d=mm&r=g\",\"caption\":\"Guilherme Rocha\"},\"url\":\"https:\/\/franciscanos.org.br\/noticias\/author\/guilhermerocha\"}]}<\/script>\n<!-- \/ Yoast SEO plugin. -->","yoast_head_json":{"title":"Encontro Regional dos frades do estado de S\u00e3o Paulo em Guaratinguet\u00e1 - Not\u00edcias - Franciscanos","robots":{"index":"index","follow":"follow","max-snippet":"max-snippet:-1","max-image-preview":"max-image-preview:large","max-video-preview":"max-video-preview:-1"},"canonical":"https:\/\/franciscanos.org.br\/noticias\/encontro-regional-dos-frades-do-estado-de-sao-paulo-em-guaratingueta.html","og_locale":"pt_BR","og_type":"article","og_title":"Encontro Regional dos frades do estado de S\u00e3o Paulo em Guaratinguet\u00e1 - Not\u00edcias - Franciscanos","og_description":"Encontros Regionais","og_url":"https:\/\/franciscanos.org.br\/noticias\/encontro-regional-dos-frades-do-estado-de-sao-paulo-em-guaratingueta.html","og_site_name":"Not\u00edcias - Franciscanos","article_published_time":"2026-03-11T15:28:21+00:00","article_modified_time":"2026-03-22T21:58:49+00:00","author":"Guilherme Rocha","twitter_card":"summary_large_image","twitter_image":"https:\/\/franciscanos.org.br\/noticias\/wp-content\/uploads\/2026\/03\/Principal-6.jpg","twitter_misc":{"Escrito por":"Guilherme Rocha","Est. tempo de leitura":"5 minutos"},"schema":{"@context":"https:\/\/schema.org","@graph":[{"@type":"WebSite","@id":"https:\/\/franciscanos.org.br\/noticias\/#website","url":"https:\/\/franciscanos.org.br\/noticias\/","name":"Not\u00edcias - Franciscanos","description":"Prov\u00edncia Franciscana da Imaculada Concei\u00e7\u00e3o do Brasil - Ordem dos Frades Menores - OFM","potentialAction":[{"@type":"SearchAction","target":{"@type":"EntryPoint","urlTemplate":"https:\/\/franciscanos.org.br\/noticias\/?s={search_term_string}"},"query-input":"required name=search_term_string"}],"inLanguage":"pt-BR"},{"@type":"ImageObject","inLanguage":"pt-BR","@id":"https:\/\/franciscanos.org.br\/noticias\/encontro-regional-dos-frades-do-estado-de-sao-paulo-em-guaratingueta.html#primaryimage","url":"https:\/\/franciscanos.org.br\/noticias\/wp-content\/uploads\/2026\/03\/Principal-6.jpg","contentUrl":"https:\/\/franciscanos.org.br\/noticias\/wp-content\/uploads\/2026\/03\/Principal-6.jpg","width":1920,"height":887},{"@type":"WebPage","@id":"https:\/\/franciscanos.org.br\/noticias\/encontro-regional-dos-frades-do-estado-de-sao-paulo-em-guaratingueta.html#webpage","url":"https:\/\/franciscanos.org.br\/noticias\/encontro-regional-dos-frades-do-estado-de-sao-paulo-em-guaratingueta.html","name":"Encontro Regional dos frades do estado de S\u00e3o Paulo em Guaratinguet\u00e1 - Not\u00edcias - Franciscanos","isPartOf":{"@id":"https:\/\/franciscanos.org.br\/noticias\/#website"},"primaryImageOfPage":{"@id":"https:\/\/franciscanos.org.br\/noticias\/encontro-regional-dos-frades-do-estado-de-sao-paulo-em-guaratingueta.html#primaryimage"},"datePublished":"2026-03-11T15:28:21+00:00","dateModified":"2026-03-22T21:58:49+00:00","author":{"@id":"https:\/\/franciscanos.org.br\/noticias\/#\/schema\/person\/69bb4cd273a2528548b63cccab4980a0"},"breadcrumb":{"@id":"https:\/\/franciscanos.org.br\/noticias\/encontro-regional-dos-frades-do-estado-de-sao-paulo-em-guaratingueta.html#breadcrumb"},"inLanguage":"pt-BR","potentialAction":[{"@type":"ReadAction","target":["https:\/\/franciscanos.org.br\/noticias\/encontro-regional-dos-frades-do-estado-de-sao-paulo-em-guaratingueta.html"]}]},{"@type":"BreadcrumbList","@id":"https:\/\/franciscanos.org.br\/noticias\/encontro-regional-dos-frades-do-estado-de-sao-paulo-em-guaratingueta.html#breadcrumb","itemListElement":[{"@type":"ListItem","position":1,"name":"Home","item":"https:\/\/franciscanos.org.br\/noticias"},{"@type":"ListItem","position":2,"name":"Encontro Regional dos frades do estado de S\u00e3o Paulo em Guaratinguet\u00e1"}]},{"@type":"Person","@id":"https:\/\/franciscanos.org.br\/noticias\/#\/schema\/person\/69bb4cd273a2528548b63cccab4980a0","name":"Guilherme Rocha","image":{"@type":"ImageObject","inLanguage":"pt-BR","@id":"https:\/\/franciscanos.org.br\/noticias\/#\/schema\/person\/image\/","url":"https:\/\/secure.gravatar.com\/avatar\/e480fee2377f81af36f6990ed742592a?s=96&d=mm&r=g","contentUrl":"https:\/\/secure.gravatar.com\/avatar\/e480fee2377f81af36f6990ed742592a?s=96&d=mm&r=g","caption":"Guilherme Rocha"},"url":"https:\/\/franciscanos.org.br\/noticias\/author\/guilhermerocha"}]}},"_links":{"self":[{"href":"https:\/\/franciscanos.org.br\/noticias\/wp-json\/wp\/v2\/posts\/264899"}],"collection":[{"href":"https:\/\/franciscanos.org.br\/noticias\/wp-json\/wp\/v2\/posts"}],"about":[{"href":"https:\/\/franciscanos.org.br\/noticias\/wp-json\/wp\/v2\/types\/post"}],"author":[{"embeddable":true,"href":"https:\/\/franciscanos.org.br\/noticias\/wp-json\/wp\/v2\/users\/15"}],"replies":[{"embeddable":true,"href":"https:\/\/franciscanos.org.br\/noticias\/wp-json\/wp\/v2\/comments?post=264899"}],"version-history":[{"count":11,"href":"https:\/\/franciscanos.org.br\/noticias\/wp-json\/wp\/v2\/posts\/264899\/revisions"}],"predecessor-version":[{"id":265168,"href":"https:\/\/franciscanos.org.br\/noticias\/wp-json\/wp\/v2\/posts\/264899\/revisions\/265168"}],"wp:featuredmedia":[{"embeddable":true,"href":"https:\/\/franciscanos.org.br\/noticias\/wp-json\/wp\/v2\/media\/264900"}],"wp:attachment":[{"href":"https:\/\/franciscanos.org.br\/noticias\/wp-json\/wp\/v2\/media?parent=264899"}],"wp:term":[{"taxonomy":"category","embeddable":true,"href":"https:\/\/franciscanos.org.br\/noticias\/wp-json\/wp\/v2\/categories?post=264899"},{"taxonomy":"post_tag","embeddable":true,"href":"https:\/\/franciscanos.org.br\/noticias\/wp-json\/wp\/v2\/tags?post=264899"}],"curies":[{"name":"wp","href":"https:\/\/api.w.org\/{rel}","templated":true}]}}