{"id":264882,"date":"2026-03-11T10:41:52","date_gmt":"2026-03-11T13:41:52","guid":{"rendered":"https:\/\/franciscanos.org.br\/noticias\/?p=264882"},"modified":"2026-03-11T10:41:52","modified_gmt":"2026-03-11T13:41:52","slug":"cf-2026-o-significado-biblico-da-moradia-digna","status":"publish","type":"post","link":"https:\/\/franciscanos.org.br\/noticias\/cf-2026-o-significado-biblico-da-moradia-digna.html","title":{"rendered":"CF 2026: o significado b\u00edblico da moradia digna"},"content":{"rendered":"<p><img loading=\"lazy\" class=\"aligncenter wp-image-264891 size-medium\" src=\"https:\/\/franciscanos.org.br\/noticias\/wp-content\/uploads\/2026\/03\/1280-x-720-px-Destaque-12-450x380.png\" alt=\"\" width=\"450\" height=\"380\" srcset=\"https:\/\/franciscanos.org.br\/noticias\/wp-content\/uploads\/2026\/03\/1280-x-720-px-Destaque-12-450x380.png 450w, https:\/\/franciscanos.org.br\/noticias\/wp-content\/uploads\/2026\/03\/1280-x-720-px-Destaque-12-1024x864.png 1024w, https:\/\/franciscanos.org.br\/noticias\/wp-content\/uploads\/2026\/03\/1280-x-720-px-Destaque-12-768x648.png 768w, https:\/\/franciscanos.org.br\/noticias\/wp-content\/uploads\/2026\/03\/1280-x-720-px-Destaque-12-150x127.png 150w, https:\/\/franciscanos.org.br\/noticias\/wp-content\/uploads\/2026\/03\/1280-x-720-px-Destaque-12.png 1280w\" sizes=\"(max-width: 450px) 100vw, 450px\" \/><\/p>\n<p><span style=\"font-weight: 400;\">Quando a Igreja no Brasil prop\u00f5e refletir sobre moradia na Campanha da Fraternidade 2026, o tema n\u00e3o se limita a uma discuss\u00e3o social e\/ou urban\u00edstica. No Evangelho, a moradia aparece como espa\u00e7o de acolhida, partilha, encontro e dignidade, elementos que ajudam a colocar em discuss\u00e3o o direito de todos a viver com condi\u00e7\u00f5es dignas.<\/span><\/p>\n<p><span style=\"font-weight: 400;\">\u201cA express\u00e3o moradia digna j\u00e1 come\u00e7a a indicar o que significa na pr\u00e1tica, na vida. No Evangelho de Jo\u00e3o, por exemplo, isso significa ter p\u00e3o dentro de casa, ter um espa\u00e7o onde as pessoas possam sentar, conversar e celebrar juntas\u201d, explica o padre Ant\u00f4nio Naves, assessor arquidiocesano da Campanha da Fraternidade 2026 e atuante na Pastoral da Moradia.<\/span><\/p>\n<p><span style=\"font-weight: 400;\">A sequ\u00eancia \u201cacolhida, di\u00e1logo e partilha\u201d revela como a casa ultrapassa a ideia de abrigo f\u00edsico, se consolidando como um espa\u00e7o de encontro e experi\u00eancia espiritual. \u201cA casa \u00e9 um lugar onde as pessoas podem viver com dignidade e pensar a vida como um todo. \u00c9 um espa\u00e7o onde se constr\u00f3i conviv\u00eancia, partilha e miss\u00e3o\u201d, complementa o padre.<\/span><\/p>\n<p><span style=\"font-weight: 400;\">Ao longo dos Evangelhos, diferentes epis\u00f3dios revelam a casa como um lugar fundamental de conviv\u00eancia e de constru\u00e7\u00e3o da vida comunit\u00e1ria. Um exemplo lembrado pelo padre \u00e9 o relato das bodas de Can\u00e1 (Jo 2,1-11). Ali, Jesus participa de uma festa de casamento realizada em uma casa, em um ambiente marcado pela alegria e partilha.<\/span><\/p>\n<p><img loading=\"lazy\" class=\"size-medium wp-image-264883 aligncenter\" src=\"https:\/\/franciscanos.org.br\/noticias\/wp-content\/uploads\/2026\/03\/Paolo_Veronese_The_Wedding_at_Cana-450x303.jpg\" alt=\"\" width=\"450\" height=\"303\" srcset=\"https:\/\/franciscanos.org.br\/noticias\/wp-content\/uploads\/2026\/03\/Paolo_Veronese_The_Wedding_at_Cana-450x303.jpg 450w, https:\/\/franciscanos.org.br\/noticias\/wp-content\/uploads\/2026\/03\/Paolo_Veronese_The_Wedding_at_Cana-1024x689.jpg 1024w, https:\/\/franciscanos.org.br\/noticias\/wp-content\/uploads\/2026\/03\/Paolo_Veronese_The_Wedding_at_Cana-768x517.jpg 768w, https:\/\/franciscanos.org.br\/noticias\/wp-content\/uploads\/2026\/03\/Paolo_Veronese_The_Wedding_at_Cana-1536x1034.jpg 1536w, https:\/\/franciscanos.org.br\/noticias\/wp-content\/uploads\/2026\/03\/Paolo_Veronese_The_Wedding_at_Cana-150x101.jpg 150w, https:\/\/franciscanos.org.br\/noticias\/wp-content\/uploads\/2026\/03\/Paolo_Veronese_The_Wedding_at_Cana-scaled.jpg 1605w\" sizes=\"(max-width: 450px) 100vw, 450px\" \/><\/p>\n<p><span style=\"font-weight: 400;\">Outro epis\u00f3dio significativo \u00e9 o encontro de Jesus com os disc\u00edpulos no caminho de Ema\u00fas (Lc 24,13-35). Ap\u00f3s caminhar com eles como um forasteiro, Jesus \u00e9 acolhido onde os disc\u00edpulos estavam hospedados. Na sequ\u00eancia, sentados \u00e0 mesa, dialogam, partilham o p\u00e3o e reconhecem a presen\u00e7a do Ressuscitado.<\/span><\/p>\n<p><img loading=\"lazy\" class=\"size-medium wp-image-264884 aligncenter\" src=\"https:\/\/franciscanos.org.br\/noticias\/wp-content\/uploads\/2026\/03\/cq5dam.thumbnail.cropped.750.422-4-3-450x253.jpeg\" alt=\"\" width=\"450\" height=\"253\" srcset=\"https:\/\/franciscanos.org.br\/noticias\/wp-content\/uploads\/2026\/03\/cq5dam.thumbnail.cropped.750.422-4-3-450x253.jpeg 450w, https:\/\/franciscanos.org.br\/noticias\/wp-content\/uploads\/2026\/03\/cq5dam.thumbnail.cropped.750.422-4-3-150x84.jpeg 150w, https:\/\/franciscanos.org.br\/noticias\/wp-content\/uploads\/2026\/03\/cq5dam.thumbnail.cropped.750.422-4-3.jpeg 750w\" sizes=\"(max-width: 450px) 100vw, 450px\" \/><span style=\"font-weight: 400;\">Essa compreens\u00e3o tamb\u00e9m est\u00e1 presente na tradi\u00e7\u00e3o cat\u00f3lica, especialmente na Doutrina Social da Igreja (DSI). Desde o final do s\u00e9culo XIX, documentos e enc\u00edclicas t\u00eam insistido na dignidade da pessoa humana e na necessidade de garantir condi\u00e7\u00f5es de vida justas para todos, incluindo reflex\u00f5es sobre a utiliza\u00e7\u00e3o da terra.\u00a0<\/span><\/p>\n<p><span style=\"font-weight: 400;\">\u201cAs enc\u00edclicas sociais da Igreja falam muitas vezes sobre a dignidade da pessoa e sobre o uso adequado da terra, lembrando que ela deve cumprir uma fun\u00e7\u00e3o social\u201d, refor\u00e7a Naves.<\/span><\/p>\n<p><span style=\"font-weight: 400;\">Nesse contexto, a moradia deixa de ser apenas um bem material e passa a ser compreendida como condi\u00e7\u00e3o b\u00e1sica para a vida humana, contribuindo para o desenvolvimento das rela\u00e7\u00f5es familiares, fortalecimento de v\u00ednculos<\/span> <span style=\"font-weight: 400;\">e constru\u00e7\u00e3o l\u00fadica\/emocional de um espa\u00e7o de acolhimento.\u00a0<\/span><\/p>\n<p><span style=\"font-weight: 400;\">\u201cDeus se relaciona com cada pessoa e com todos ao mesmo tempo. A pr\u00f3pria concep\u00e7\u00e3o da pessoa humana nos recorda isso: nascemos da rela\u00e7\u00e3o entre pessoas e da a\u00e7\u00e3o do Esp\u00edrito de Deus, que sopra sobre n\u00f3s e gera vida. Ou seja, as rela\u00e7\u00f5es s\u00e3o sempre pr\u00f3ximas e rec\u00edprocas. Quando falta esse espa\u00e7o ou quando ele existe em condi\u00e7\u00f5es prec\u00e1rias, n\u00e3o se trata apenas de um problema estrutural, mas de uma realidade que fere profundamente a vida humana\u201d, finaliza.<\/span><\/p>\n<p><img loading=\"lazy\" class=\"aligncenter wp-image-264885 size-medium\" src=\"https:\/\/franciscanos.org.br\/noticias\/wp-content\/uploads\/2026\/03\/closeup-shot-females-sitting-while-holding-hands-praying-450x300.jpg\" alt=\"\" width=\"450\" height=\"300\" srcset=\"https:\/\/franciscanos.org.br\/noticias\/wp-content\/uploads\/2026\/03\/closeup-shot-females-sitting-while-holding-hands-praying-450x300.jpg 450w, https:\/\/franciscanos.org.br\/noticias\/wp-content\/uploads\/2026\/03\/closeup-shot-females-sitting-while-holding-hands-praying-1024x684.jpg 1024w, https:\/\/franciscanos.org.br\/noticias\/wp-content\/uploads\/2026\/03\/closeup-shot-females-sitting-while-holding-hands-praying-768x513.jpg 768w, https:\/\/franciscanos.org.br\/noticias\/wp-content\/uploads\/2026\/03\/closeup-shot-females-sitting-while-holding-hands-praying-1536x1025.jpg 1536w, https:\/\/franciscanos.org.br\/noticias\/wp-content\/uploads\/2026\/03\/closeup-shot-females-sitting-while-holding-hands-praying-2048x1367.jpg 2048w, https:\/\/franciscanos.org.br\/noticias\/wp-content\/uploads\/2026\/03\/closeup-shot-females-sitting-while-holding-hands-praying-150x100.jpg 150w, https:\/\/franciscanos.org.br\/noticias\/wp-content\/uploads\/2026\/03\/closeup-shot-females-sitting-while-holding-hands-praying-scaled.jpg 1617w\" sizes=\"(max-width: 450px) 100vw, 450px\" \/><b><\/b><\/p>\n<p><b>Campanha da Fraternidade 2026<\/b><\/p>\n<p>Todos os anos, somos chamados a viver a Quaresma como um tempo de convers\u00e3o pessoal e comunit\u00e1ria atrav\u00e9s da Campanha da Fraternidade (CF). Mais do que uma a\u00e7\u00e3o pontual, a CF \u00e9 express\u00e3o viva da miss\u00e3o evangelizadora da Igreja, comprometendo-se com a transforma\u00e7\u00e3o social, especialmente em favor dos mais vulner\u00e1veis.<\/p>\n<p>Em 2026, a Campanha da Fraternidade traz como tema \u201cFraternidade e Moradia\u201d e como lema \u201cEle veio morar entre n\u00f3s\u201d (Jo 1,14). Inspirada no mist\u00e9rio da Encarna\u00e7\u00e3o, a campanha convida toda a sociedade a refletir sobre a realidade da moradia no Brasil, marcada por profundas desigualdades. A falta de um teto digno n\u00e3o \u00e9 apenas uma car\u00eancia material, mas um sinal da exclus\u00e3o social que atinge milh\u00f5es de pessoas.<\/p>\n<p><a href=\"https:\/\/campanhadafraternidade.com.br\/\">Clique aqui para saber mais sobre a Campanha da Fraternidade 2026<\/a><\/p>\n<p><img loading=\"lazy\" class=\"aligncenter wp-image-264189 size-full\" src=\"https:\/\/franciscanos.org.br\/noticias\/wp-content\/uploads\/2026\/02\/BANNER-CAMPANHA-FRATERNIDADE-750x375-1.png\" alt=\"\" width=\"750\" height=\"375\" srcset=\"https:\/\/franciscanos.org.br\/noticias\/wp-content\/uploads\/2026\/02\/BANNER-CAMPANHA-FRATERNIDADE-750x375-1.png 750w, https:\/\/franciscanos.org.br\/noticias\/wp-content\/uploads\/2026\/02\/BANNER-CAMPANHA-FRATERNIDADE-750x375-1-450x225.png 450w, https:\/\/franciscanos.org.br\/noticias\/wp-content\/uploads\/2026\/02\/BANNER-CAMPANHA-FRATERNIDADE-750x375-1-150x75.png 150w\" sizes=\"(max-width: 750px) 100vw, 750px\" \/><i><\/i><\/p>\n<hr \/>\n<p><i>Guilherme Coutinho<\/i><\/p>\n","protected":false},"excerpt":{"rendered":"<p>Campanha da Fraternidade 2026<\/p>\n","protected":false},"author":15,"featured_media":264891,"comment_status":"open","ping_status":"open","sticky":false,"template":"","format":"standard","meta":[],"categories":[1],"tags":[],"acf":[],"yoast_head":"<!-- This site is optimized with the Yoast SEO plugin v19.2 - https:\/\/yoast.com\/wordpress\/plugins\/seo\/ -->\n<title>CF 2026: o significado b\u00edblico da moradia digna - Not\u00edcias - Franciscanos<\/title>\n<meta name=\"robots\" content=\"index, follow, max-snippet:-1, max-image-preview:large, max-video-preview:-1\" \/>\n<link rel=\"canonical\" href=\"https:\/\/franciscanos.org.br\/noticias\/cf-2026-o-significado-biblico-da-moradia-digna.html\" \/>\n<meta property=\"og:locale\" content=\"pt_BR\" \/>\n<meta property=\"og:type\" content=\"article\" \/>\n<meta property=\"og:title\" content=\"CF 2026: o significado b\u00edblico da moradia digna - Not\u00edcias - Franciscanos\" \/>\n<meta property=\"og:description\" content=\"Campanha da Fraternidade 2026\" \/>\n<meta property=\"og:url\" content=\"https:\/\/franciscanos.org.br\/noticias\/cf-2026-o-significado-biblico-da-moradia-digna.html\" \/>\n<meta property=\"og:site_name\" content=\"Not\u00edcias - Franciscanos\" \/>\n<meta property=\"article:published_time\" content=\"2026-03-11T13:41:52+00:00\" \/>\n<meta property=\"og:image\" content=\"https:\/\/franciscanos.org.br\/noticias\/wp-content\/uploads\/2026\/03\/1280-x-720-px-Destaque-12.png\" \/>\n\t<meta property=\"og:image:width\" content=\"1280\" \/>\n\t<meta property=\"og:image:height\" content=\"1080\" \/>\n\t<meta property=\"og:image:type\" content=\"image\/png\" \/>\n<meta name=\"author\" content=\"Guilherme Rocha\" \/>\n<meta name=\"twitter:card\" content=\"summary_large_image\" \/>\n<meta name=\"twitter:label1\" content=\"Escrito por\" \/>\n\t<meta name=\"twitter:data1\" content=\"Guilherme Rocha\" \/>\n\t<meta name=\"twitter:label2\" content=\"Est. tempo de leitura\" \/>\n\t<meta name=\"twitter:data2\" content=\"3 minutos\" \/>\n<script type=\"application\/ld+json\" class=\"yoast-schema-graph\">{\"@context\":\"https:\/\/schema.org\",\"@graph\":[{\"@type\":\"WebSite\",\"@id\":\"https:\/\/franciscanos.org.br\/noticias\/#website\",\"url\":\"https:\/\/franciscanos.org.br\/noticias\/\",\"name\":\"Not\u00edcias - Franciscanos\",\"description\":\"Prov\u00edncia Franciscana da Imaculada Concei\u00e7\u00e3o do Brasil - Ordem dos Frades Menores - OFM\",\"potentialAction\":[{\"@type\":\"SearchAction\",\"target\":{\"@type\":\"EntryPoint\",\"urlTemplate\":\"https:\/\/franciscanos.org.br\/noticias\/?s={search_term_string}\"},\"query-input\":\"required name=search_term_string\"}],\"inLanguage\":\"pt-BR\"},{\"@type\":\"ImageObject\",\"inLanguage\":\"pt-BR\",\"@id\":\"https:\/\/franciscanos.org.br\/noticias\/cf-2026-o-significado-biblico-da-moradia-digna.html#primaryimage\",\"url\":\"https:\/\/franciscanos.org.br\/noticias\/wp-content\/uploads\/2026\/03\/1280-x-720-px-Destaque-12.png\",\"contentUrl\":\"https:\/\/franciscanos.org.br\/noticias\/wp-content\/uploads\/2026\/03\/1280-x-720-px-Destaque-12.png\",\"width\":1280,\"height\":1080},{\"@type\":\"WebPage\",\"@id\":\"https:\/\/franciscanos.org.br\/noticias\/cf-2026-o-significado-biblico-da-moradia-digna.html#webpage\",\"url\":\"https:\/\/franciscanos.org.br\/noticias\/cf-2026-o-significado-biblico-da-moradia-digna.html\",\"name\":\"CF 2026: o significado b\u00edblico da moradia digna - Not\u00edcias - Franciscanos\",\"isPartOf\":{\"@id\":\"https:\/\/franciscanos.org.br\/noticias\/#website\"},\"primaryImageOfPage\":{\"@id\":\"https:\/\/franciscanos.org.br\/noticias\/cf-2026-o-significado-biblico-da-moradia-digna.html#primaryimage\"},\"datePublished\":\"2026-03-11T13:41:52+00:00\",\"dateModified\":\"2026-03-11T13:41:52+00:00\",\"author\":{\"@id\":\"https:\/\/franciscanos.org.br\/noticias\/#\/schema\/person\/69bb4cd273a2528548b63cccab4980a0\"},\"breadcrumb\":{\"@id\":\"https:\/\/franciscanos.org.br\/noticias\/cf-2026-o-significado-biblico-da-moradia-digna.html#breadcrumb\"},\"inLanguage\":\"pt-BR\",\"potentialAction\":[{\"@type\":\"ReadAction\",\"target\":[\"https:\/\/franciscanos.org.br\/noticias\/cf-2026-o-significado-biblico-da-moradia-digna.html\"]}]},{\"@type\":\"BreadcrumbList\",\"@id\":\"https:\/\/franciscanos.org.br\/noticias\/cf-2026-o-significado-biblico-da-moradia-digna.html#breadcrumb\",\"itemListElement\":[{\"@type\":\"ListItem\",\"position\":1,\"name\":\"Home\",\"item\":\"https:\/\/franciscanos.org.br\/noticias\"},{\"@type\":\"ListItem\",\"position\":2,\"name\":\"CF 2026: o significado b\u00edblico da moradia digna\"}]},{\"@type\":\"Person\",\"@id\":\"https:\/\/franciscanos.org.br\/noticias\/#\/schema\/person\/69bb4cd273a2528548b63cccab4980a0\",\"name\":\"Guilherme Rocha\",\"image\":{\"@type\":\"ImageObject\",\"inLanguage\":\"pt-BR\",\"@id\":\"https:\/\/franciscanos.org.br\/noticias\/#\/schema\/person\/image\/\",\"url\":\"https:\/\/secure.gravatar.com\/avatar\/e480fee2377f81af36f6990ed742592a?s=96&d=mm&r=g\",\"contentUrl\":\"https:\/\/secure.gravatar.com\/avatar\/e480fee2377f81af36f6990ed742592a?s=96&d=mm&r=g\",\"caption\":\"Guilherme Rocha\"},\"url\":\"https:\/\/franciscanos.org.br\/noticias\/author\/guilhermerocha\"}]}<\/script>\n<!-- \/ Yoast SEO plugin. -->","yoast_head_json":{"title":"CF 2026: o significado b\u00edblico da moradia digna - Not\u00edcias - Franciscanos","robots":{"index":"index","follow":"follow","max-snippet":"max-snippet:-1","max-image-preview":"max-image-preview:large","max-video-preview":"max-video-preview:-1"},"canonical":"https:\/\/franciscanos.org.br\/noticias\/cf-2026-o-significado-biblico-da-moradia-digna.html","og_locale":"pt_BR","og_type":"article","og_title":"CF 2026: o significado b\u00edblico da moradia digna - Not\u00edcias - Franciscanos","og_description":"Campanha da Fraternidade 2026","og_url":"https:\/\/franciscanos.org.br\/noticias\/cf-2026-o-significado-biblico-da-moradia-digna.html","og_site_name":"Not\u00edcias - Franciscanos","article_published_time":"2026-03-11T13:41:52+00:00","og_image":[{"width":1280,"height":1080,"url":"https:\/\/franciscanos.org.br\/noticias\/wp-content\/uploads\/2026\/03\/1280-x-720-px-Destaque-12.png","type":"image\/png"}],"author":"Guilherme Rocha","twitter_card":"summary_large_image","twitter_misc":{"Escrito por":"Guilherme Rocha","Est. tempo de leitura":"3 minutos"},"schema":{"@context":"https:\/\/schema.org","@graph":[{"@type":"WebSite","@id":"https:\/\/franciscanos.org.br\/noticias\/#website","url":"https:\/\/franciscanos.org.br\/noticias\/","name":"Not\u00edcias - Franciscanos","description":"Prov\u00edncia Franciscana da Imaculada Concei\u00e7\u00e3o do Brasil - Ordem dos Frades Menores - OFM","potentialAction":[{"@type":"SearchAction","target":{"@type":"EntryPoint","urlTemplate":"https:\/\/franciscanos.org.br\/noticias\/?s={search_term_string}"},"query-input":"required name=search_term_string"}],"inLanguage":"pt-BR"},{"@type":"ImageObject","inLanguage":"pt-BR","@id":"https:\/\/franciscanos.org.br\/noticias\/cf-2026-o-significado-biblico-da-moradia-digna.html#primaryimage","url":"https:\/\/franciscanos.org.br\/noticias\/wp-content\/uploads\/2026\/03\/1280-x-720-px-Destaque-12.png","contentUrl":"https:\/\/franciscanos.org.br\/noticias\/wp-content\/uploads\/2026\/03\/1280-x-720-px-Destaque-12.png","width":1280,"height":1080},{"@type":"WebPage","@id":"https:\/\/franciscanos.org.br\/noticias\/cf-2026-o-significado-biblico-da-moradia-digna.html#webpage","url":"https:\/\/franciscanos.org.br\/noticias\/cf-2026-o-significado-biblico-da-moradia-digna.html","name":"CF 2026: o significado b\u00edblico da moradia digna - Not\u00edcias - Franciscanos","isPartOf":{"@id":"https:\/\/franciscanos.org.br\/noticias\/#website"},"primaryImageOfPage":{"@id":"https:\/\/franciscanos.org.br\/noticias\/cf-2026-o-significado-biblico-da-moradia-digna.html#primaryimage"},"datePublished":"2026-03-11T13:41:52+00:00","dateModified":"2026-03-11T13:41:52+00:00","author":{"@id":"https:\/\/franciscanos.org.br\/noticias\/#\/schema\/person\/69bb4cd273a2528548b63cccab4980a0"},"breadcrumb":{"@id":"https:\/\/franciscanos.org.br\/noticias\/cf-2026-o-significado-biblico-da-moradia-digna.html#breadcrumb"},"inLanguage":"pt-BR","potentialAction":[{"@type":"ReadAction","target":["https:\/\/franciscanos.org.br\/noticias\/cf-2026-o-significado-biblico-da-moradia-digna.html"]}]},{"@type":"BreadcrumbList","@id":"https:\/\/franciscanos.org.br\/noticias\/cf-2026-o-significado-biblico-da-moradia-digna.html#breadcrumb","itemListElement":[{"@type":"ListItem","position":1,"name":"Home","item":"https:\/\/franciscanos.org.br\/noticias"},{"@type":"ListItem","position":2,"name":"CF 2026: o significado b\u00edblico da moradia digna"}]},{"@type":"Person","@id":"https:\/\/franciscanos.org.br\/noticias\/#\/schema\/person\/69bb4cd273a2528548b63cccab4980a0","name":"Guilherme Rocha","image":{"@type":"ImageObject","inLanguage":"pt-BR","@id":"https:\/\/franciscanos.org.br\/noticias\/#\/schema\/person\/image\/","url":"https:\/\/secure.gravatar.com\/avatar\/e480fee2377f81af36f6990ed742592a?s=96&d=mm&r=g","contentUrl":"https:\/\/secure.gravatar.com\/avatar\/e480fee2377f81af36f6990ed742592a?s=96&d=mm&r=g","caption":"Guilherme Rocha"},"url":"https:\/\/franciscanos.org.br\/noticias\/author\/guilhermerocha"}]}},"_links":{"self":[{"href":"https:\/\/franciscanos.org.br\/noticias\/wp-json\/wp\/v2\/posts\/264882"}],"collection":[{"href":"https:\/\/franciscanos.org.br\/noticias\/wp-json\/wp\/v2\/posts"}],"about":[{"href":"https:\/\/franciscanos.org.br\/noticias\/wp-json\/wp\/v2\/types\/post"}],"author":[{"embeddable":true,"href":"https:\/\/franciscanos.org.br\/noticias\/wp-json\/wp\/v2\/users\/15"}],"replies":[{"embeddable":true,"href":"https:\/\/franciscanos.org.br\/noticias\/wp-json\/wp\/v2\/comments?post=264882"}],"version-history":[{"count":12,"href":"https:\/\/franciscanos.org.br\/noticias\/wp-json\/wp\/v2\/posts\/264882\/revisions"}],"predecessor-version":[{"id":264898,"href":"https:\/\/franciscanos.org.br\/noticias\/wp-json\/wp\/v2\/posts\/264882\/revisions\/264898"}],"wp:featuredmedia":[{"embeddable":true,"href":"https:\/\/franciscanos.org.br\/noticias\/wp-json\/wp\/v2\/media\/264891"}],"wp:attachment":[{"href":"https:\/\/franciscanos.org.br\/noticias\/wp-json\/wp\/v2\/media?parent=264882"}],"wp:term":[{"taxonomy":"category","embeddable":true,"href":"https:\/\/franciscanos.org.br\/noticias\/wp-json\/wp\/v2\/categories?post=264882"},{"taxonomy":"post_tag","embeddable":true,"href":"https:\/\/franciscanos.org.br\/noticias\/wp-json\/wp\/v2\/tags?post=264882"}],"curies":[{"name":"wp","href":"https:\/\/api.w.org\/{rel}","templated":true}]}}