{"id":264846,"date":"2026-03-10T15:30:14","date_gmt":"2026-03-10T18:30:14","guid":{"rendered":"https:\/\/franciscanos.org.br\/noticias\/?p=264846"},"modified":"2026-03-22T18:04:37","modified_gmt":"2026-03-22T21:04:37","slug":"radio-frei-galvao-celebra-um-ano-de-historia-com-solidariedade-e-prestacao-de-servico","status":"publish","type":"post","link":"https:\/\/franciscanos.org.br\/noticias\/radio-frei-galvao-celebra-um-ano-de-historia-com-solidariedade-e-prestacao-de-servico.html","title":{"rendered":"R\u00e1dio Frei Galv\u00e3o celebra um ano de hist\u00f3ria com solidariedade e presta\u00e7\u00e3o de servi\u00e7o"},"content":{"rendered":"<p><img loading=\"lazy\" class=\"aligncenter wp-image-264861 size-full\" src=\"https:\/\/franciscanos.org.br\/noticias\/wp-content\/uploads\/2026\/03\/Principal-5-scaled.jpg\" alt=\"\" width=\"1440\" height=\"1080\" srcset=\"https:\/\/franciscanos.org.br\/noticias\/wp-content\/uploads\/2026\/03\/Principal-5-scaled.jpg 1440w, https:\/\/franciscanos.org.br\/noticias\/wp-content\/uploads\/2026\/03\/Principal-5-450x338.jpg 450w, https:\/\/franciscanos.org.br\/noticias\/wp-content\/uploads\/2026\/03\/Principal-5-1024x768.jpg 1024w, https:\/\/franciscanos.org.br\/noticias\/wp-content\/uploads\/2026\/03\/Principal-5-768x576.jpg 768w, https:\/\/franciscanos.org.br\/noticias\/wp-content\/uploads\/2026\/03\/Principal-5-1536x1152.jpg 1536w, https:\/\/franciscanos.org.br\/noticias\/wp-content\/uploads\/2026\/03\/Principal-5-2048x1536.jpg 2048w, https:\/\/franciscanos.org.br\/noticias\/wp-content\/uploads\/2026\/03\/Principal-5-150x113.jpg 150w, https:\/\/franciscanos.org.br\/noticias\/wp-content\/uploads\/2026\/03\/Principal-5-600x450.jpg 600w\" sizes=\"(max-width: 1440px) 100vw, 1440px\" \/><\/p>\n<p><span style=\"font-weight: 400;\">A R\u00e1dio Frei Galv\u00e3o FM completou seu primeiro ano de opera\u00e7\u00e3o em Guaratinguet\u00e1 em um cen\u00e1rio de supera\u00e7\u00e3o. O que seria uma celebra\u00e7\u00e3o festiva tradicional transformou-se em uma grande rede de apoio ap\u00f3s as fortes chuvas que atingiram a cidade nos dias 5 e 6 de mar\u00e7o.\u00a0<\/span><\/p>\n<p><span style=\"font-weight: 400;\">Fiel ao lema \u201cComunicando a Paz e o Bem\u201d, a emissora, dirigida por Frei Diego Melo e pertencente \u00e0 Funda\u00e7\u00e3o Frei Rog\u00e9rio, decidiu converter sua programa\u00e7\u00e3o de anivers\u00e1rio em uma mobiliza\u00e7\u00e3o social para auxiliar as fam\u00edlias desabrigadas e afetadas pelas enchentes. Al\u00e9m da cobertura jornal\u00edstica de um dos momentos mais complicados da hist\u00f3ria da cidade nos \u00faltimos anos, a emissora tamb\u00e9m exerceu sua fun\u00e7\u00e3o social.<\/span><\/p>\n<p><span style=\"font-weight: 400;\">No s\u00e1bado (07\/03), a celebra\u00e7\u00e3o ganhou as ruas com uma a\u00e7\u00e3o especial na Pra\u00e7a Conselheiro Rodrigues Alves. O evento, que inicialmente visava apenas a intera\u00e7\u00e3o com o p\u00fablico e parceiros, assumiu um car\u00e1ter arrecadat\u00f3rio. Sob a condu\u00e7\u00e3o do apresentador Alexandre Gaspar, a equipe da r\u00e1dio mobilizou pedestres e ouvintes em uma campanha intensiva de doa\u00e7\u00f5es, transformando o cora\u00e7\u00e3o da cidade em um posto de coleta de \u00e1gua pot\u00e1vel, itens de higiene e materiais de limpeza para os atingidos pelas chuvas.<\/span><\/p>\n\n\t\t<style type=\"text\/css\">\n\t\t\t#gallery-1 {\n\t\t\t\tmargin: auto;\n\t\t\t}\n\t\t\t#gallery-1 .gallery-item {\n\t\t\t\tfloat: left;\n\t\t\t\tmargin-top: 10px;\n\t\t\t\ttext-align: center;\n\t\t\t\twidth: 33%;\n\t\t\t}\n\t\t\t#gallery-1 img {\n\t\t\t\tborder: 2px solid #cfcfcf;\n\t\t\t}\n\t\t\t#gallery-1 .gallery-caption {\n\t\t\t\tmargin-left: 0;\n\t\t\t}\n\t\t\t\/* see gallery_shortcode() in wp-includes\/media.php *\/\n\t\t<\/style>\n\t\t<div id='gallery-1' class='gallery galleryid-264846 gallery-columns-3 gallery-size-thumbnail'><dl class='gallery-item'>\n\t\t\t<dt class='gallery-icon landscape'>\n\t\t\t\t<a href='https:\/\/franciscanos.org.br\/noticias\/wp-content\/uploads\/2026\/03\/IMG_5668-scaled.jpg'><img width=\"300\" height=\"300\" src=\"https:\/\/franciscanos.org.br\/noticias\/wp-content\/uploads\/2026\/03\/IMG_5668-300x300.jpg\" class=\"attachment-thumbnail size-thumbnail\" alt=\"\" loading=\"lazy\" srcset=\"https:\/\/franciscanos.org.br\/noticias\/wp-content\/uploads\/2026\/03\/IMG_5668-300x300.jpg 300w, https:\/\/franciscanos.org.br\/noticias\/wp-content\/uploads\/2026\/03\/IMG_5668-100x100.jpg 100w\" sizes=\"(max-width: 300px) 100vw, 300px\" \/><\/a>\n\t\t\t<\/dt><\/dl><dl class='gallery-item'>\n\t\t\t<dt class='gallery-icon landscape'>\n\t\t\t\t<a href='https:\/\/franciscanos.org.br\/noticias\/wp-content\/uploads\/2026\/03\/IMG_5673-scaled.jpg'><img width=\"300\" height=\"300\" src=\"https:\/\/franciscanos.org.br\/noticias\/wp-content\/uploads\/2026\/03\/IMG_5673-300x300.jpg\" class=\"attachment-thumbnail size-thumbnail\" alt=\"\" loading=\"lazy\" srcset=\"https:\/\/franciscanos.org.br\/noticias\/wp-content\/uploads\/2026\/03\/IMG_5673-300x300.jpg 300w, https:\/\/franciscanos.org.br\/noticias\/wp-content\/uploads\/2026\/03\/IMG_5673-100x100.jpg 100w\" sizes=\"(max-width: 300px) 100vw, 300px\" \/><\/a>\n\t\t\t<\/dt><\/dl><dl class='gallery-item'>\n\t\t\t<dt class='gallery-icon portrait'>\n\t\t\t\t<a href='https:\/\/franciscanos.org.br\/noticias\/wp-content\/uploads\/2026\/03\/EABCA41E-1154-41BD-A337-8EE3749A22AA-1.jpg'><img width=\"300\" height=\"300\" src=\"https:\/\/franciscanos.org.br\/noticias\/wp-content\/uploads\/2026\/03\/EABCA41E-1154-41BD-A337-8EE3749A22AA-1-300x300.jpg\" class=\"attachment-thumbnail size-thumbnail\" alt=\"\" loading=\"lazy\" srcset=\"https:\/\/franciscanos.org.br\/noticias\/wp-content\/uploads\/2026\/03\/EABCA41E-1154-41BD-A337-8EE3749A22AA-1-300x300.jpg 300w, https:\/\/franciscanos.org.br\/noticias\/wp-content\/uploads\/2026\/03\/EABCA41E-1154-41BD-A337-8EE3749A22AA-1-100x100.jpg 100w\" sizes=\"(max-width: 300px) 100vw, 300px\" \/><\/a>\n\t\t\t<\/dt><\/dl><br style=\"clear: both\" \/>\n\t\t<\/div>\n\n<p><b>Coquetel e engajamento de parceiros<\/b><\/p>\n<p><span style=\"font-weight: 400;\">Enquanto as a\u00e7\u00f5es de rua ocorriam, a sede da emissora recebeu anunciantes e parceiros para um coquetel de confraterniza\u00e7\u00e3o. O encontro serviu n\u00e3o apenas para celebrar o sucesso comercial e a consolida\u00e7\u00e3o da audi\u00eancia no primeiro ano, mas tamb\u00e9m para refor\u00e7ar o compromisso de responsabilidade social da r\u00e1dio. A dire\u00e7\u00e3o destacou que o apoio desses colaboradores \u00e9 o que permite \u00e0 emissora abrir seus microfones para prestar servi\u00e7os essenciais de utilidade p\u00fablica em momentos de crise.<\/span><\/p>\n\n\t\t<style type=\"text\/css\">\n\t\t\t#gallery-2 {\n\t\t\t\tmargin: auto;\n\t\t\t}\n\t\t\t#gallery-2 .gallery-item {\n\t\t\t\tfloat: left;\n\t\t\t\tmargin-top: 10px;\n\t\t\t\ttext-align: center;\n\t\t\t\twidth: 20%;\n\t\t\t}\n\t\t\t#gallery-2 img {\n\t\t\t\tborder: 2px solid #cfcfcf;\n\t\t\t}\n\t\t\t#gallery-2 .gallery-caption {\n\t\t\t\tmargin-left: 0;\n\t\t\t}\n\t\t\t\/* see gallery_shortcode() in wp-includes\/media.php *\/\n\t\t<\/style>\n\t\t<div id='gallery-2' class='gallery galleryid-264846 gallery-columns-5 gallery-size-thumbnail'><dl class='gallery-item'>\n\t\t\t<dt class='gallery-icon landscape'>\n\t\t\t\t<a href='https:\/\/franciscanos.org.br\/noticias\/wp-content\/uploads\/2026\/03\/IMG_5634-scaled.jpg'><img width=\"300\" height=\"300\" src=\"https:\/\/franciscanos.org.br\/noticias\/wp-content\/uploads\/2026\/03\/IMG_5634-300x300.jpg\" class=\"attachment-thumbnail size-thumbnail\" alt=\"\" loading=\"lazy\" srcset=\"https:\/\/franciscanos.org.br\/noticias\/wp-content\/uploads\/2026\/03\/IMG_5634-300x300.jpg 300w, https:\/\/franciscanos.org.br\/noticias\/wp-content\/uploads\/2026\/03\/IMG_5634-100x100.jpg 100w\" sizes=\"(max-width: 300px) 100vw, 300px\" \/><\/a>\n\t\t\t<\/dt><\/dl><dl class='gallery-item'>\n\t\t\t<dt class='gallery-icon landscape'>\n\t\t\t\t<a href='https:\/\/franciscanos.org.br\/noticias\/wp-content\/uploads\/2026\/03\/IMG_5631-scaled.jpg'><img width=\"300\" height=\"300\" src=\"https:\/\/franciscanos.org.br\/noticias\/wp-content\/uploads\/2026\/03\/IMG_5631-300x300.jpg\" class=\"attachment-thumbnail size-thumbnail\" alt=\"\" loading=\"lazy\" srcset=\"https:\/\/franciscanos.org.br\/noticias\/wp-content\/uploads\/2026\/03\/IMG_5631-300x300.jpg 300w, https:\/\/franciscanos.org.br\/noticias\/wp-content\/uploads\/2026\/03\/IMG_5631-100x100.jpg 100w\" sizes=\"(max-width: 300px) 100vw, 300px\" \/><\/a>\n\t\t\t<\/dt><\/dl><dl class='gallery-item'>\n\t\t\t<dt class='gallery-icon landscape'>\n\t\t\t\t<a href='https:\/\/franciscanos.org.br\/noticias\/wp-content\/uploads\/2026\/03\/IMG_5633-scaled.jpg'><img width=\"300\" height=\"300\" src=\"https:\/\/franciscanos.org.br\/noticias\/wp-content\/uploads\/2026\/03\/IMG_5633-300x300.jpg\" class=\"attachment-thumbnail size-thumbnail\" alt=\"\" loading=\"lazy\" srcset=\"https:\/\/franciscanos.org.br\/noticias\/wp-content\/uploads\/2026\/03\/IMG_5633-300x300.jpg 300w, https:\/\/franciscanos.org.br\/noticias\/wp-content\/uploads\/2026\/03\/IMG_5633-100x100.jpg 100w\" sizes=\"(max-width: 300px) 100vw, 300px\" \/><\/a>\n\t\t\t<\/dt><\/dl><dl class='gallery-item'>\n\t\t\t<dt class='gallery-icon portrait'>\n\t\t\t\t<a href='https:\/\/franciscanos.org.br\/noticias\/wp-content\/uploads\/2026\/03\/IMG_5639-scaled.jpg'><img width=\"300\" height=\"300\" src=\"https:\/\/franciscanos.org.br\/noticias\/wp-content\/uploads\/2026\/03\/IMG_5639-300x300.jpg\" class=\"attachment-thumbnail size-thumbnail\" alt=\"\" loading=\"lazy\" srcset=\"https:\/\/franciscanos.org.br\/noticias\/wp-content\/uploads\/2026\/03\/IMG_5639-300x300.jpg 300w, https:\/\/franciscanos.org.br\/noticias\/wp-content\/uploads\/2026\/03\/IMG_5639-100x100.jpg 100w\" sizes=\"(max-width: 300px) 100vw, 300px\" \/><\/a>\n\t\t\t<\/dt><\/dl><dl class='gallery-item'>\n\t\t\t<dt class='gallery-icon landscape'>\n\t\t\t\t<a href='https:\/\/franciscanos.org.br\/noticias\/wp-content\/uploads\/2026\/03\/IMG_5647-scaled.jpg'><img width=\"300\" height=\"300\" src=\"https:\/\/franciscanos.org.br\/noticias\/wp-content\/uploads\/2026\/03\/IMG_5647-300x300.jpg\" class=\"attachment-thumbnail size-thumbnail\" alt=\"\" loading=\"lazy\" srcset=\"https:\/\/franciscanos.org.br\/noticias\/wp-content\/uploads\/2026\/03\/IMG_5647-300x300.jpg 300w, https:\/\/franciscanos.org.br\/noticias\/wp-content\/uploads\/2026\/03\/IMG_5647-100x100.jpg 100w\" sizes=\"(max-width: 300px) 100vw, 300px\" \/><\/a>\n\t\t\t<\/dt><\/dl><br style=\"clear: both\" \/><dl class='gallery-item'>\n\t\t\t<dt class='gallery-icon landscape'>\n\t\t\t\t<a href='https:\/\/franciscanos.org.br\/noticias\/wp-content\/uploads\/2026\/03\/IMG_5655-scaled.jpg'><img width=\"300\" height=\"300\" src=\"https:\/\/franciscanos.org.br\/noticias\/wp-content\/uploads\/2026\/03\/IMG_5655-300x300.jpg\" class=\"attachment-thumbnail size-thumbnail\" alt=\"\" loading=\"lazy\" srcset=\"https:\/\/franciscanos.org.br\/noticias\/wp-content\/uploads\/2026\/03\/IMG_5655-300x300.jpg 300w, https:\/\/franciscanos.org.br\/noticias\/wp-content\/uploads\/2026\/03\/IMG_5655-100x100.jpg 100w\" sizes=\"(max-width: 300px) 100vw, 300px\" \/><\/a>\n\t\t\t<\/dt><\/dl><dl class='gallery-item'>\n\t\t\t<dt class='gallery-icon portrait'>\n\t\t\t\t<a href='https:\/\/franciscanos.org.br\/noticias\/wp-content\/uploads\/2026\/03\/IMG_5681-scaled.jpg'><img width=\"300\" height=\"300\" src=\"https:\/\/franciscanos.org.br\/noticias\/wp-content\/uploads\/2026\/03\/IMG_5681-300x300.jpg\" class=\"attachment-thumbnail size-thumbnail\" alt=\"\" loading=\"lazy\" srcset=\"https:\/\/franciscanos.org.br\/noticias\/wp-content\/uploads\/2026\/03\/IMG_5681-300x300.jpg 300w, https:\/\/franciscanos.org.br\/noticias\/wp-content\/uploads\/2026\/03\/IMG_5681-100x100.jpg 100w\" sizes=\"(max-width: 300px) 100vw, 300px\" \/><\/a>\n\t\t\t<\/dt><\/dl><dl class='gallery-item'>\n\t\t\t<dt class='gallery-icon landscape'>\n\t\t\t\t<a href='https:\/\/franciscanos.org.br\/noticias\/wp-content\/uploads\/2026\/03\/IMG_5682-scaled.jpg'><img width=\"300\" height=\"300\" src=\"https:\/\/franciscanos.org.br\/noticias\/wp-content\/uploads\/2026\/03\/IMG_5682-300x300.jpg\" class=\"attachment-thumbnail size-thumbnail\" alt=\"\" loading=\"lazy\" srcset=\"https:\/\/franciscanos.org.br\/noticias\/wp-content\/uploads\/2026\/03\/IMG_5682-300x300.jpg 300w, https:\/\/franciscanos.org.br\/noticias\/wp-content\/uploads\/2026\/03\/IMG_5682-100x100.jpg 100w\" sizes=\"(max-width: 300px) 100vw, 300px\" \/><\/a>\n\t\t\t<\/dt><\/dl><dl class='gallery-item'>\n\t\t\t<dt class='gallery-icon portrait'>\n\t\t\t\t<a href='https:\/\/franciscanos.org.br\/noticias\/wp-content\/uploads\/2026\/03\/IMG_5685-scaled.jpg'><img width=\"300\" height=\"300\" src=\"https:\/\/franciscanos.org.br\/noticias\/wp-content\/uploads\/2026\/03\/IMG_5685-300x300.jpg\" class=\"attachment-thumbnail size-thumbnail\" alt=\"\" loading=\"lazy\" srcset=\"https:\/\/franciscanos.org.br\/noticias\/wp-content\/uploads\/2026\/03\/IMG_5685-300x300.jpg 300w, https:\/\/franciscanos.org.br\/noticias\/wp-content\/uploads\/2026\/03\/IMG_5685-100x100.jpg 100w\" sizes=\"(max-width: 300px) 100vw, 300px\" \/><\/a>\n\t\t\t<\/dt><\/dl><dl class='gallery-item'>\n\t\t\t<dt class='gallery-icon landscape'>\n\t\t\t\t<a href='https:\/\/franciscanos.org.br\/noticias\/wp-content\/uploads\/2026\/03\/IMG_5696-scaled.jpg'><img width=\"300\" height=\"300\" src=\"https:\/\/franciscanos.org.br\/noticias\/wp-content\/uploads\/2026\/03\/IMG_5696-300x300.jpg\" class=\"attachment-thumbnail size-thumbnail\" alt=\"\" loading=\"lazy\" srcset=\"https:\/\/franciscanos.org.br\/noticias\/wp-content\/uploads\/2026\/03\/IMG_5696-300x300.jpg 300w, https:\/\/franciscanos.org.br\/noticias\/wp-content\/uploads\/2026\/03\/IMG_5696-100x100.jpg 100w\" sizes=\"(max-width: 300px) 100vw, 300px\" \/><\/a>\n\t\t\t<\/dt><\/dl><br style=\"clear: both\" \/>\n\t\t<\/div>\n\n<p><b>Missa comemorativa no santu\u00e1rio<\/b><\/p>\n<p><span style=\"font-weight: 400;\">No domingo (08\/03), a dimens\u00e3o espiritual da emissora foi celebrada com uma Santa Missa no Santu\u00e1rio Frei Galv\u00e3o, \u00e0s 10h. A celebra\u00e7\u00e3o foi presidida pelo Frei Augusto Luiz Gabriel, Diretor Geral da emissora e presidente da Funda\u00e7\u00e3o Frei Rog\u00e9rio. Em sua homilia, refletiu sobre a \u201csede\u201d humana, conectando as passagens b\u00edblicas sobre o povo de Israel no deserto e o encontro de Jesus com a samaritana \u00e0 realidade social contempor\u00e2nea. O texto destaca que, al\u00e9m da sede f\u00edsica, existe uma sede espiritual de sentido e amor que s\u00f3 pode ser plenamente saciada pela \u201c\u00e1gua viva\u201d que \u00e9 Cristo. Essa car\u00eancia espiritual manifesta-se em uma sociedade ferida por graves viol\u00eancias recentes, como abusos contra mulheres e religiosas, gerando um clamor urgente por justi\u00e7a, respeito e seguran\u00e7a.<\/span><\/p>\n\n\t\t<style type=\"text\/css\">\n\t\t\t#gallery-3 {\n\t\t\t\tmargin: auto;\n\t\t\t}\n\t\t\t#gallery-3 .gallery-item {\n\t\t\t\tfloat: left;\n\t\t\t\tmargin-top: 10px;\n\t\t\t\ttext-align: center;\n\t\t\t\twidth: 16%;\n\t\t\t}\n\t\t\t#gallery-3 img {\n\t\t\t\tborder: 2px solid #cfcfcf;\n\t\t\t}\n\t\t\t#gallery-3 .gallery-caption {\n\t\t\t\tmargin-left: 0;\n\t\t\t}\n\t\t\t\/* see gallery_shortcode() in wp-includes\/media.php *\/\n\t\t<\/style>\n\t\t<div id='gallery-3' class='gallery galleryid-264846 gallery-columns-6 gallery-size-thumbnail'><dl class='gallery-item'>\n\t\t\t<dt class='gallery-icon portrait'>\n\t\t\t\t<a href='https:\/\/franciscanos.org.br\/noticias\/wp-content\/uploads\/2026\/03\/DSC_7508-scaled.jpg'><img width=\"300\" height=\"300\" src=\"https:\/\/franciscanos.org.br\/noticias\/wp-content\/uploads\/2026\/03\/DSC_7508-300x300.jpg\" class=\"attachment-thumbnail size-thumbnail\" alt=\"\" loading=\"lazy\" srcset=\"https:\/\/franciscanos.org.br\/noticias\/wp-content\/uploads\/2026\/03\/DSC_7508-300x300.jpg 300w, https:\/\/franciscanos.org.br\/noticias\/wp-content\/uploads\/2026\/03\/DSC_7508-100x100.jpg 100w\" sizes=\"(max-width: 300px) 100vw, 300px\" \/><\/a>\n\t\t\t<\/dt><\/dl><dl class='gallery-item'>\n\t\t\t<dt class='gallery-icon landscape'>\n\t\t\t\t<a href='https:\/\/franciscanos.org.br\/noticias\/wp-content\/uploads\/2026\/03\/DSC_7521-scaled.jpg'><img width=\"300\" height=\"300\" src=\"https:\/\/franciscanos.org.br\/noticias\/wp-content\/uploads\/2026\/03\/DSC_7521-300x300.jpg\" class=\"attachment-thumbnail size-thumbnail\" alt=\"\" loading=\"lazy\" srcset=\"https:\/\/franciscanos.org.br\/noticias\/wp-content\/uploads\/2026\/03\/DSC_7521-300x300.jpg 300w, https:\/\/franciscanos.org.br\/noticias\/wp-content\/uploads\/2026\/03\/DSC_7521-100x100.jpg 100w\" sizes=\"(max-width: 300px) 100vw, 300px\" \/><\/a>\n\t\t\t<\/dt><\/dl><dl class='gallery-item'>\n\t\t\t<dt class='gallery-icon portrait'>\n\t\t\t\t<a href='https:\/\/franciscanos.org.br\/noticias\/wp-content\/uploads\/2026\/03\/DSC_7543-scaled.jpg'><img width=\"300\" height=\"300\" src=\"https:\/\/franciscanos.org.br\/noticias\/wp-content\/uploads\/2026\/03\/DSC_7543-300x300.jpg\" class=\"attachment-thumbnail size-thumbnail\" alt=\"\" loading=\"lazy\" srcset=\"https:\/\/franciscanos.org.br\/noticias\/wp-content\/uploads\/2026\/03\/DSC_7543-300x300.jpg 300w, https:\/\/franciscanos.org.br\/noticias\/wp-content\/uploads\/2026\/03\/DSC_7543-100x100.jpg 100w\" sizes=\"(max-width: 300px) 100vw, 300px\" \/><\/a>\n\t\t\t<\/dt><\/dl><dl class='gallery-item'>\n\t\t\t<dt class='gallery-icon landscape'>\n\t\t\t\t<a href='https:\/\/franciscanos.org.br\/noticias\/wp-content\/uploads\/2026\/03\/DSC_7560-scaled.jpg'><img width=\"300\" height=\"300\" src=\"https:\/\/franciscanos.org.br\/noticias\/wp-content\/uploads\/2026\/03\/DSC_7560-300x300.jpg\" class=\"attachment-thumbnail size-thumbnail\" alt=\"\" loading=\"lazy\" srcset=\"https:\/\/franciscanos.org.br\/noticias\/wp-content\/uploads\/2026\/03\/DSC_7560-300x300.jpg 300w, https:\/\/franciscanos.org.br\/noticias\/wp-content\/uploads\/2026\/03\/DSC_7560-100x100.jpg 100w\" sizes=\"(max-width: 300px) 100vw, 300px\" \/><\/a>\n\t\t\t<\/dt><\/dl><dl class='gallery-item'>\n\t\t\t<dt class='gallery-icon portrait'>\n\t\t\t\t<a href='https:\/\/franciscanos.org.br\/noticias\/wp-content\/uploads\/2026\/03\/DSC_7529-scaled.jpg'><img width=\"300\" height=\"300\" src=\"https:\/\/franciscanos.org.br\/noticias\/wp-content\/uploads\/2026\/03\/DSC_7529-300x300.jpg\" class=\"attachment-thumbnail size-thumbnail\" alt=\"\" loading=\"lazy\" srcset=\"https:\/\/franciscanos.org.br\/noticias\/wp-content\/uploads\/2026\/03\/DSC_7529-300x300.jpg 300w, https:\/\/franciscanos.org.br\/noticias\/wp-content\/uploads\/2026\/03\/DSC_7529-100x100.jpg 100w\" sizes=\"(max-width: 300px) 100vw, 300px\" \/><\/a>\n\t\t\t<\/dt><\/dl><dl class='gallery-item'>\n\t\t\t<dt class='gallery-icon landscape'>\n\t\t\t\t<a href='https:\/\/franciscanos.org.br\/noticias\/wp-content\/uploads\/2026\/03\/DSC_7447-scaled.jpg'><img width=\"300\" height=\"300\" src=\"https:\/\/franciscanos.org.br\/noticias\/wp-content\/uploads\/2026\/03\/DSC_7447-300x300.jpg\" class=\"attachment-thumbnail size-thumbnail\" alt=\"\" loading=\"lazy\" srcset=\"https:\/\/franciscanos.org.br\/noticias\/wp-content\/uploads\/2026\/03\/DSC_7447-300x300.jpg 300w, https:\/\/franciscanos.org.br\/noticias\/wp-content\/uploads\/2026\/03\/DSC_7447-100x100.jpg 100w\" sizes=\"(max-width: 300px) 100vw, 300px\" \/><\/a>\n\t\t\t<\/dt><\/dl><br style=\"clear: both\" \/>\n\t\t<\/div>\n\n<p><span style=\"font-weight: 400;\">Assim, a Quaresma \u00e9 apresentada como um tempo para educar os desejos e redescobrir a dignidade humana como responsabilidade de todos. O segundo ponto central celebra o primeiro anivers\u00e1rio da R\u00e1dio Frei Galv\u00e3o, associando a miss\u00e3o da emissora ao ato de \u201csemear\u201d o Evangelho. A comunica\u00e7\u00e3o de inspira\u00e7\u00e3o franciscana \u00e9 descrita como uma ferramenta para levar esperan\u00e7a e solidariedade a quem est\u00e1 s\u00f3 ou doente, funcionando como gotas de \u00e1gua viva que frutificam mesmo quando os resultados n\u00e3o s\u00e3o vis\u00edveis de imediato.\u00a0<\/span><\/p>\n<p><span style=\"font-weight: 400;\">Ao citar S\u00e3o Francisco de Assis, a homilia incentiva a continuidade deste servi\u00e7o como um gesto de cuidado com a vida e a verdade, reafirmando o compromisso da r\u00e1dio em ser uma ponte para a comunidade, especialmente em momentos de crise e dificuldade.<\/span><\/p>\n\n\t\t<style type=\"text\/css\">\n\t\t\t#gallery-4 {\n\t\t\t\tmargin: auto;\n\t\t\t}\n\t\t\t#gallery-4 .gallery-item {\n\t\t\t\tfloat: left;\n\t\t\t\tmargin-top: 10px;\n\t\t\t\ttext-align: center;\n\t\t\t\twidth: 16%;\n\t\t\t}\n\t\t\t#gallery-4 img {\n\t\t\t\tborder: 2px solid #cfcfcf;\n\t\t\t}\n\t\t\t#gallery-4 .gallery-caption {\n\t\t\t\tmargin-left: 0;\n\t\t\t}\n\t\t\t\/* see gallery_shortcode() in wp-includes\/media.php *\/\n\t\t<\/style>\n\t\t<div id='gallery-4' class='gallery galleryid-264846 gallery-columns-6 gallery-size-thumbnail'><dl class='gallery-item'>\n\t\t\t<dt class='gallery-icon landscape'>\n\t\t\t\t<a href='https:\/\/franciscanos.org.br\/noticias\/radio-frei-galvao-celebra-um-ano-de-historia-com-solidariedade-e-prestacao-de-servico.html\/dsc_7494'><img width=\"300\" height=\"300\" src=\"https:\/\/franciscanos.org.br\/noticias\/wp-content\/uploads\/2026\/03\/DSC_7494-300x300.jpg\" class=\"attachment-thumbnail size-thumbnail\" alt=\"\" loading=\"lazy\" srcset=\"https:\/\/franciscanos.org.br\/noticias\/wp-content\/uploads\/2026\/03\/DSC_7494-300x300.jpg 300w, https:\/\/franciscanos.org.br\/noticias\/wp-content\/uploads\/2026\/03\/DSC_7494-100x100.jpg 100w\" sizes=\"(max-width: 300px) 100vw, 300px\" \/><\/a>\n\t\t\t<\/dt><\/dl><dl class='gallery-item'>\n\t\t\t<dt class='gallery-icon portrait'>\n\t\t\t\t<a href='https:\/\/franciscanos.org.br\/noticias\/radio-frei-galvao-celebra-um-ano-de-historia-com-solidariedade-e-prestacao-de-servico.html\/dsc_7472'><img width=\"300\" height=\"300\" src=\"https:\/\/franciscanos.org.br\/noticias\/wp-content\/uploads\/2026\/03\/DSC_7472-300x300.jpg\" class=\"attachment-thumbnail size-thumbnail\" alt=\"\" loading=\"lazy\" srcset=\"https:\/\/franciscanos.org.br\/noticias\/wp-content\/uploads\/2026\/03\/DSC_7472-300x300.jpg 300w, https:\/\/franciscanos.org.br\/noticias\/wp-content\/uploads\/2026\/03\/DSC_7472-100x100.jpg 100w\" sizes=\"(max-width: 300px) 100vw, 300px\" \/><\/a>\n\t\t\t<\/dt><\/dl><dl class='gallery-item'>\n\t\t\t<dt class='gallery-icon landscape'>\n\t\t\t\t<a href='https:\/\/franciscanos.org.br\/noticias\/radio-frei-galvao-celebra-um-ano-de-historia-com-solidariedade-e-prestacao-de-servico.html\/dsc_7624'><img width=\"300\" height=\"300\" src=\"https:\/\/franciscanos.org.br\/noticias\/wp-content\/uploads\/2026\/03\/DSC_7624-300x300.jpg\" class=\"attachment-thumbnail size-thumbnail\" alt=\"\" loading=\"lazy\" srcset=\"https:\/\/franciscanos.org.br\/noticias\/wp-content\/uploads\/2026\/03\/DSC_7624-300x300.jpg 300w, https:\/\/franciscanos.org.br\/noticias\/wp-content\/uploads\/2026\/03\/DSC_7624-100x100.jpg 100w\" sizes=\"(max-width: 300px) 100vw, 300px\" \/><\/a>\n\t\t\t<\/dt><\/dl><dl class='gallery-item'>\n\t\t\t<dt class='gallery-icon portrait'>\n\t\t\t\t<a href='https:\/\/franciscanos.org.br\/noticias\/radio-frei-galvao-celebra-um-ano-de-historia-com-solidariedade-e-prestacao-de-servico.html\/dsc_7568'><img width=\"300\" height=\"300\" src=\"https:\/\/franciscanos.org.br\/noticias\/wp-content\/uploads\/2026\/03\/DSC_7568-300x300.jpg\" class=\"attachment-thumbnail size-thumbnail\" alt=\"\" loading=\"lazy\" srcset=\"https:\/\/franciscanos.org.br\/noticias\/wp-content\/uploads\/2026\/03\/DSC_7568-300x300.jpg 300w, https:\/\/franciscanos.org.br\/noticias\/wp-content\/uploads\/2026\/03\/DSC_7568-100x100.jpg 100w\" sizes=\"(max-width: 300px) 100vw, 300px\" \/><\/a>\n\t\t\t<\/dt><\/dl><dl class='gallery-item'>\n\t\t\t<dt class='gallery-icon landscape'>\n\t\t\t\t<a href='https:\/\/franciscanos.org.br\/noticias\/radio-frei-galvao-celebra-um-ano-de-historia-com-solidariedade-e-prestacao-de-servico.html\/dsc_7674'><img width=\"300\" height=\"300\" src=\"https:\/\/franciscanos.org.br\/noticias\/wp-content\/uploads\/2026\/03\/DSC_7674-300x300.jpg\" class=\"attachment-thumbnail size-thumbnail\" alt=\"\" loading=\"lazy\" srcset=\"https:\/\/franciscanos.org.br\/noticias\/wp-content\/uploads\/2026\/03\/DSC_7674-300x300.jpg 300w, https:\/\/franciscanos.org.br\/noticias\/wp-content\/uploads\/2026\/03\/DSC_7674-100x100.jpg 100w\" sizes=\"(max-width: 300px) 100vw, 300px\" \/><\/a>\n\t\t\t<\/dt><\/dl><dl class='gallery-item'>\n\t\t\t<dt class='gallery-icon portrait'>\n\t\t\t\t<a href='https:\/\/franciscanos.org.br\/noticias\/radio-frei-galvao-celebra-um-ano-de-historia-com-solidariedade-e-prestacao-de-servico.html\/dsc_7630'><img width=\"300\" height=\"300\" src=\"https:\/\/franciscanos.org.br\/noticias\/wp-content\/uploads\/2026\/03\/DSC_7630-300x300.jpg\" class=\"attachment-thumbnail size-thumbnail\" alt=\"\" loading=\"lazy\" srcset=\"https:\/\/franciscanos.org.br\/noticias\/wp-content\/uploads\/2026\/03\/DSC_7630-300x300.jpg 300w, https:\/\/franciscanos.org.br\/noticias\/wp-content\/uploads\/2026\/03\/DSC_7630-100x100.jpg 100w\" sizes=\"(max-width: 300px) 100vw, 300px\" \/><\/a>\n\t\t\t<\/dt><\/dl><br style=\"clear: both\" \/>\n\t\t<\/div>\n\n<p><b>Compromisso com a comunidade<\/b><\/p>\n<p><span style=\"font-weight: 400;\">O encerramento das atividades de anivers\u00e1rio reafirma o papel da R\u00e1dio Frei Galv\u00e3o como um bra\u00e7o de aux\u00edlio \u00e0 popula\u00e7\u00e3o de Guaratinguet\u00e1. Entre doa\u00e7\u00f5es entregues no Santu\u00e1rio e o apoio log\u00edstico ao Fundo Social do munic\u00edpio, a emissora encerra seu primeiro ano de atividades demonstrando que a comunica\u00e7\u00e3o vai al\u00e9m do entretenimento, consolidando-se como um instrumento vital de f\u00e9, servi\u00e7o e solidariedade humana.<\/span><\/p>\n<hr \/>\n<p><em><span style=\"font-weight: 400;\">Guilherme Costa<\/span><\/em><\/p>\n","protected":false},"excerpt":{"rendered":"<p>R\u00e1dio Frei Galv\u00e3o<\/p>\n","protected":false},"author":15,"featured_media":264861,"comment_status":"open","ping_status":"open","sticky":false,"template":"","format":"standard","meta":[],"categories":[1],"tags":[1168,2299],"acf":[],"yoast_head":"<!-- This site is optimized with the Yoast SEO plugin v19.2 - https:\/\/yoast.com\/wordpress\/plugins\/seo\/ -->\n<title>R\u00e1dio Frei Galv\u00e3o celebra um ano de hist\u00f3ria com solidariedade e presta\u00e7\u00e3o de servi\u00e7o - Not\u00edcias - Franciscanos<\/title>\n<meta name=\"robots\" content=\"index, follow, max-snippet:-1, max-image-preview:large, max-video-preview:-1\" \/>\n<link rel=\"canonical\" href=\"https:\/\/franciscanos.org.br\/noticias\/radio-frei-galvao-celebra-um-ano-de-historia-com-solidariedade-e-prestacao-de-servico.html\" \/>\n<meta property=\"og:locale\" content=\"pt_BR\" \/>\n<meta property=\"og:type\" content=\"article\" \/>\n<meta property=\"og:title\" content=\"R\u00e1dio Frei Galv\u00e3o celebra um ano de hist\u00f3ria com solidariedade e presta\u00e7\u00e3o de servi\u00e7o - Not\u00edcias - Franciscanos\" \/>\n<meta property=\"og:description\" content=\"R\u00e1dio Frei Galv\u00e3o\" \/>\n<meta property=\"og:url\" content=\"https:\/\/franciscanos.org.br\/noticias\/radio-frei-galvao-celebra-um-ano-de-historia-com-solidariedade-e-prestacao-de-servico.html\" \/>\n<meta property=\"og:site_name\" content=\"Not\u00edcias - Franciscanos\" \/>\n<meta property=\"article:published_time\" content=\"2026-03-10T18:30:14+00:00\" \/>\n<meta property=\"article:modified_time\" content=\"2026-03-22T21:04:37+00:00\" \/>\n<meta property=\"og:image\" content=\"https:\/\/franciscanos.org.br\/noticias\/wp-content\/uploads\/2026\/03\/Principal-5-scaled.jpg\" \/>\n\t<meta property=\"og:image:width\" content=\"1440\" \/>\n\t<meta property=\"og:image:height\" content=\"1080\" \/>\n\t<meta property=\"og:image:type\" content=\"image\/jpeg\" \/>\n<meta name=\"author\" content=\"Guilherme Rocha\" \/>\n<meta name=\"twitter:card\" content=\"summary_large_image\" \/>\n<meta name=\"twitter:label1\" content=\"Escrito por\" \/>\n\t<meta name=\"twitter:data1\" content=\"Guilherme Rocha\" \/>\n\t<meta name=\"twitter:label2\" content=\"Est. tempo de leitura\" \/>\n\t<meta name=\"twitter:data2\" content=\"3 minutos\" \/>\n<script type=\"application\/ld+json\" class=\"yoast-schema-graph\">{\"@context\":\"https:\/\/schema.org\",\"@graph\":[{\"@type\":\"WebSite\",\"@id\":\"https:\/\/franciscanos.org.br\/noticias\/#website\",\"url\":\"https:\/\/franciscanos.org.br\/noticias\/\",\"name\":\"Not\u00edcias - Franciscanos\",\"description\":\"Prov\u00edncia Franciscana da Imaculada Concei\u00e7\u00e3o do Brasil - Ordem dos Frades Menores - OFM\",\"potentialAction\":[{\"@type\":\"SearchAction\",\"target\":{\"@type\":\"EntryPoint\",\"urlTemplate\":\"https:\/\/franciscanos.org.br\/noticias\/?s={search_term_string}\"},\"query-input\":\"required name=search_term_string\"}],\"inLanguage\":\"pt-BR\"},{\"@type\":\"ImageObject\",\"inLanguage\":\"pt-BR\",\"@id\":\"https:\/\/franciscanos.org.br\/noticias\/radio-frei-galvao-celebra-um-ano-de-historia-com-solidariedade-e-prestacao-de-servico.html#primaryimage\",\"url\":\"https:\/\/franciscanos.org.br\/noticias\/wp-content\/uploads\/2026\/03\/Principal-5-scaled.jpg\",\"contentUrl\":\"https:\/\/franciscanos.org.br\/noticias\/wp-content\/uploads\/2026\/03\/Principal-5-scaled.jpg\",\"width\":1440,\"height\":1080},{\"@type\":\"WebPage\",\"@id\":\"https:\/\/franciscanos.org.br\/noticias\/radio-frei-galvao-celebra-um-ano-de-historia-com-solidariedade-e-prestacao-de-servico.html#webpage\",\"url\":\"https:\/\/franciscanos.org.br\/noticias\/radio-frei-galvao-celebra-um-ano-de-historia-com-solidariedade-e-prestacao-de-servico.html\",\"name\":\"R\u00e1dio Frei Galv\u00e3o celebra um ano de hist\u00f3ria com solidariedade e presta\u00e7\u00e3o de servi\u00e7o - Not\u00edcias - Franciscanos\",\"isPartOf\":{\"@id\":\"https:\/\/franciscanos.org.br\/noticias\/#website\"},\"primaryImageOfPage\":{\"@id\":\"https:\/\/franciscanos.org.br\/noticias\/radio-frei-galvao-celebra-um-ano-de-historia-com-solidariedade-e-prestacao-de-servico.html#primaryimage\"},\"datePublished\":\"2026-03-10T18:30:14+00:00\",\"dateModified\":\"2026-03-22T21:04:37+00:00\",\"author\":{\"@id\":\"https:\/\/franciscanos.org.br\/noticias\/#\/schema\/person\/69bb4cd273a2528548b63cccab4980a0\"},\"breadcrumb\":{\"@id\":\"https:\/\/franciscanos.org.br\/noticias\/radio-frei-galvao-celebra-um-ano-de-historia-com-solidariedade-e-prestacao-de-servico.html#breadcrumb\"},\"inLanguage\":\"pt-BR\",\"potentialAction\":[{\"@type\":\"ReadAction\",\"target\":[\"https:\/\/franciscanos.org.br\/noticias\/radio-frei-galvao-celebra-um-ano-de-historia-com-solidariedade-e-prestacao-de-servico.html\"]}]},{\"@type\":\"BreadcrumbList\",\"@id\":\"https:\/\/franciscanos.org.br\/noticias\/radio-frei-galvao-celebra-um-ano-de-historia-com-solidariedade-e-prestacao-de-servico.html#breadcrumb\",\"itemListElement\":[{\"@type\":\"ListItem\",\"position\":1,\"name\":\"Home\",\"item\":\"https:\/\/franciscanos.org.br\/noticias\"},{\"@type\":\"ListItem\",\"position\":2,\"name\":\"R\u00e1dio Frei Galv\u00e3o celebra um ano de hist\u00f3ria com solidariedade e presta\u00e7\u00e3o de servi\u00e7o\"}]},{\"@type\":\"Person\",\"@id\":\"https:\/\/franciscanos.org.br\/noticias\/#\/schema\/person\/69bb4cd273a2528548b63cccab4980a0\",\"name\":\"Guilherme Rocha\",\"image\":{\"@type\":\"ImageObject\",\"inLanguage\":\"pt-BR\",\"@id\":\"https:\/\/franciscanos.org.br\/noticias\/#\/schema\/person\/image\/\",\"url\":\"https:\/\/secure.gravatar.com\/avatar\/e480fee2377f81af36f6990ed742592a?s=96&d=mm&r=g\",\"contentUrl\":\"https:\/\/secure.gravatar.com\/avatar\/e480fee2377f81af36f6990ed742592a?s=96&d=mm&r=g\",\"caption\":\"Guilherme Rocha\"},\"url\":\"https:\/\/franciscanos.org.br\/noticias\/author\/guilhermerocha\"}]}<\/script>\n<!-- \/ Yoast SEO plugin. -->","yoast_head_json":{"title":"R\u00e1dio Frei Galv\u00e3o celebra um ano de hist\u00f3ria com solidariedade e presta\u00e7\u00e3o de servi\u00e7o - Not\u00edcias - Franciscanos","robots":{"index":"index","follow":"follow","max-snippet":"max-snippet:-1","max-image-preview":"max-image-preview:large","max-video-preview":"max-video-preview:-1"},"canonical":"https:\/\/franciscanos.org.br\/noticias\/radio-frei-galvao-celebra-um-ano-de-historia-com-solidariedade-e-prestacao-de-servico.html","og_locale":"pt_BR","og_type":"article","og_title":"R\u00e1dio Frei Galv\u00e3o celebra um ano de hist\u00f3ria com solidariedade e presta\u00e7\u00e3o de servi\u00e7o - Not\u00edcias - Franciscanos","og_description":"R\u00e1dio Frei Galv\u00e3o","og_url":"https:\/\/franciscanos.org.br\/noticias\/radio-frei-galvao-celebra-um-ano-de-historia-com-solidariedade-e-prestacao-de-servico.html","og_site_name":"Not\u00edcias - Franciscanos","article_published_time":"2026-03-10T18:30:14+00:00","article_modified_time":"2026-03-22T21:04:37+00:00","og_image":[{"width":1440,"height":1080,"url":"https:\/\/franciscanos.org.br\/noticias\/wp-content\/uploads\/2026\/03\/Principal-5-scaled.jpg","type":"image\/jpeg"}],"author":"Guilherme Rocha","twitter_card":"summary_large_image","twitter_misc":{"Escrito por":"Guilherme Rocha","Est. tempo de leitura":"3 minutos"},"schema":{"@context":"https:\/\/schema.org","@graph":[{"@type":"WebSite","@id":"https:\/\/franciscanos.org.br\/noticias\/#website","url":"https:\/\/franciscanos.org.br\/noticias\/","name":"Not\u00edcias - Franciscanos","description":"Prov\u00edncia Franciscana da Imaculada Concei\u00e7\u00e3o do Brasil - Ordem dos Frades Menores - OFM","potentialAction":[{"@type":"SearchAction","target":{"@type":"EntryPoint","urlTemplate":"https:\/\/franciscanos.org.br\/noticias\/?s={search_term_string}"},"query-input":"required name=search_term_string"}],"inLanguage":"pt-BR"},{"@type":"ImageObject","inLanguage":"pt-BR","@id":"https:\/\/franciscanos.org.br\/noticias\/radio-frei-galvao-celebra-um-ano-de-historia-com-solidariedade-e-prestacao-de-servico.html#primaryimage","url":"https:\/\/franciscanos.org.br\/noticias\/wp-content\/uploads\/2026\/03\/Principal-5-scaled.jpg","contentUrl":"https:\/\/franciscanos.org.br\/noticias\/wp-content\/uploads\/2026\/03\/Principal-5-scaled.jpg","width":1440,"height":1080},{"@type":"WebPage","@id":"https:\/\/franciscanos.org.br\/noticias\/radio-frei-galvao-celebra-um-ano-de-historia-com-solidariedade-e-prestacao-de-servico.html#webpage","url":"https:\/\/franciscanos.org.br\/noticias\/radio-frei-galvao-celebra-um-ano-de-historia-com-solidariedade-e-prestacao-de-servico.html","name":"R\u00e1dio Frei Galv\u00e3o celebra um ano de hist\u00f3ria com solidariedade e presta\u00e7\u00e3o de servi\u00e7o - Not\u00edcias - Franciscanos","isPartOf":{"@id":"https:\/\/franciscanos.org.br\/noticias\/#website"},"primaryImageOfPage":{"@id":"https:\/\/franciscanos.org.br\/noticias\/radio-frei-galvao-celebra-um-ano-de-historia-com-solidariedade-e-prestacao-de-servico.html#primaryimage"},"datePublished":"2026-03-10T18:30:14+00:00","dateModified":"2026-03-22T21:04:37+00:00","author":{"@id":"https:\/\/franciscanos.org.br\/noticias\/#\/schema\/person\/69bb4cd273a2528548b63cccab4980a0"},"breadcrumb":{"@id":"https:\/\/franciscanos.org.br\/noticias\/radio-frei-galvao-celebra-um-ano-de-historia-com-solidariedade-e-prestacao-de-servico.html#breadcrumb"},"inLanguage":"pt-BR","potentialAction":[{"@type":"ReadAction","target":["https:\/\/franciscanos.org.br\/noticias\/radio-frei-galvao-celebra-um-ano-de-historia-com-solidariedade-e-prestacao-de-servico.html"]}]},{"@type":"BreadcrumbList","@id":"https:\/\/franciscanos.org.br\/noticias\/radio-frei-galvao-celebra-um-ano-de-historia-com-solidariedade-e-prestacao-de-servico.html#breadcrumb","itemListElement":[{"@type":"ListItem","position":1,"name":"Home","item":"https:\/\/franciscanos.org.br\/noticias"},{"@type":"ListItem","position":2,"name":"R\u00e1dio Frei Galv\u00e3o celebra um ano de hist\u00f3ria com solidariedade e presta\u00e7\u00e3o de servi\u00e7o"}]},{"@type":"Person","@id":"https:\/\/franciscanos.org.br\/noticias\/#\/schema\/person\/69bb4cd273a2528548b63cccab4980a0","name":"Guilherme Rocha","image":{"@type":"ImageObject","inLanguage":"pt-BR","@id":"https:\/\/franciscanos.org.br\/noticias\/#\/schema\/person\/image\/","url":"https:\/\/secure.gravatar.com\/avatar\/e480fee2377f81af36f6990ed742592a?s=96&d=mm&r=g","contentUrl":"https:\/\/secure.gravatar.com\/avatar\/e480fee2377f81af36f6990ed742592a?s=96&d=mm&r=g","caption":"Guilherme Rocha"},"url":"https:\/\/franciscanos.org.br\/noticias\/author\/guilhermerocha"}]}},"_links":{"self":[{"href":"https:\/\/franciscanos.org.br\/noticias\/wp-json\/wp\/v2\/posts\/264846"}],"collection":[{"href":"https:\/\/franciscanos.org.br\/noticias\/wp-json\/wp\/v2\/posts"}],"about":[{"href":"https:\/\/franciscanos.org.br\/noticias\/wp-json\/wp\/v2\/types\/post"}],"author":[{"embeddable":true,"href":"https:\/\/franciscanos.org.br\/noticias\/wp-json\/wp\/v2\/users\/15"}],"replies":[{"embeddable":true,"href":"https:\/\/franciscanos.org.br\/noticias\/wp-json\/wp\/v2\/comments?post=264846"}],"version-history":[{"count":5,"href":"https:\/\/franciscanos.org.br\/noticias\/wp-json\/wp\/v2\/posts\/264846\/revisions"}],"predecessor-version":[{"id":265167,"href":"https:\/\/franciscanos.org.br\/noticias\/wp-json\/wp\/v2\/posts\/264846\/revisions\/265167"}],"wp:featuredmedia":[{"embeddable":true,"href":"https:\/\/franciscanos.org.br\/noticias\/wp-json\/wp\/v2\/media\/264861"}],"wp:attachment":[{"href":"https:\/\/franciscanos.org.br\/noticias\/wp-json\/wp\/v2\/media?parent=264846"}],"wp:term":[{"taxonomy":"category","embeddable":true,"href":"https:\/\/franciscanos.org.br\/noticias\/wp-json\/wp\/v2\/categories?post=264846"},{"taxonomy":"post_tag","embeddable":true,"href":"https:\/\/franciscanos.org.br\/noticias\/wp-json\/wp\/v2\/tags?post=264846"}],"curies":[{"name":"wp","href":"https:\/\/api.w.org\/{rel}","templated":true}]}}