{"id":264790,"date":"2026-03-09T12:07:10","date_gmt":"2026-03-09T15:07:10","guid":{"rendered":"https:\/\/franciscanos.org.br\/noticias\/?p=264790"},"modified":"2026-03-09T12:17:35","modified_gmt":"2026-03-09T15:17:35","slug":"procissao-de-motos-reune-grande-publico-em-concordia","status":"publish","type":"post","link":"https:\/\/franciscanos.org.br\/noticias\/procissao-de-motos-reune-grande-publico-em-concordia.html","title":{"rendered":"Prociss\u00e3o de motos re\u00fane grande p\u00fablico em Conc\u00f3rdia"},"content":{"rendered":"<p><img loading=\"lazy\" class=\"aligncenter wp-image-264792 size-medium\" src=\"https:\/\/franciscanos.org.br\/noticias\/wp-content\/uploads\/2026\/03\/1280-x-720-px-Destaque-11-450x380.png\" alt=\"\" width=\"450\" height=\"380\" srcset=\"https:\/\/franciscanos.org.br\/noticias\/wp-content\/uploads\/2026\/03\/1280-x-720-px-Destaque-11-450x380.png 450w, https:\/\/franciscanos.org.br\/noticias\/wp-content\/uploads\/2026\/03\/1280-x-720-px-Destaque-11-1024x864.png 1024w, https:\/\/franciscanos.org.br\/noticias\/wp-content\/uploads\/2026\/03\/1280-x-720-px-Destaque-11-768x648.png 768w, https:\/\/franciscanos.org.br\/noticias\/wp-content\/uploads\/2026\/03\/1280-x-720-px-Destaque-11-150x127.png 150w, https:\/\/franciscanos.org.br\/noticias\/wp-content\/uploads\/2026\/03\/1280-x-720-px-Destaque-11.png 1280w\" sizes=\"(max-width: 450px) 100vw, 450px\" \/><\/p>\n<p><span style=\"font-weight: 400;\">A manh\u00e3 do \u00faltimo domingo, 8 de mar\u00e7o, foi marcada por f\u00e9, devo\u00e7\u00e3o e o ronco caracter\u00edstico dos motores nas ruas de Conc\u00f3rdia. A 14\u00aa edi\u00e7\u00e3o da tradicional Prociss\u00e3o de Motos reuniu um grande p\u00fablico de motociclistas e fi\u00e9is, que participaram de um momento especial de espiritualidade e conscientiza\u00e7\u00e3o no tr\u00e2nsito.<\/span><\/p>\n<p><span style=\"font-weight: 400;\">O principal objetivo da Prociss\u00e3o de Motos \u00e9 a conscientiza\u00e7\u00e3o da responsabilidade no tr\u00e2nsito, incentivando atitudes de respeito e aten\u00e7\u00e3o, lembrando que cada deslocamento deve ser marcado pela prud\u00eancia e pela valoriza\u00e7\u00e3o da vida.<\/span><\/p>\n<p><span style=\"font-weight: 400;\">Logo cedo, a partir das 8h, os participantes come\u00e7aram a se concentrar na Rua Coberta, no centro da cidade. Motociclistas de diferentes grupos, estilos e idades chegaram ao local para participar do evento, que j\u00e1 se tornou uma tradi\u00e7\u00e3o da Par\u00f3quia Nossa Senhora do Ros\u00e1rio. O clima era de confraterniza\u00e7\u00e3o e expectativa para o in\u00edcio do trajeto.<\/span><\/p>\n<p><span style=\"font-weight: 400;\">\u00c0s 9h, os motociclistas deram in\u00edcio \u00e0 prociss\u00e3o motorizada, percorrendo cerca de 14 quil\u00f4metros pelas principais ruas de Conc\u00f3rdia. O trajeto passou por diversos bairros e tamb\u00e9m por trechos da SC-283, chamando a aten\u00e7\u00e3o de moradores e pedestres que acompanhavam a passagem das motos. O lema deste ano, \u201cO respeito gera a paz\u201d, refor\u00e7ou a mensagem de prud\u00eancia, responsabilidade e conviv\u00eancia harmoniosa no tr\u00e2nsito.<\/span><\/p>\n\n\t\t<style type=\"text\/css\">\n\t\t\t#gallery-1 {\n\t\t\t\tmargin: auto;\n\t\t\t}\n\t\t\t#gallery-1 .gallery-item {\n\t\t\t\tfloat: left;\n\t\t\t\tmargin-top: 10px;\n\t\t\t\ttext-align: center;\n\t\t\t\twidth: 33%;\n\t\t\t}\n\t\t\t#gallery-1 img {\n\t\t\t\tborder: 2px solid #cfcfcf;\n\t\t\t}\n\t\t\t#gallery-1 .gallery-caption {\n\t\t\t\tmargin-left: 0;\n\t\t\t}\n\t\t\t\/* see gallery_shortcode() in wp-includes\/media.php *\/\n\t\t<\/style>\n\t\t<div id='gallery-1' class='gallery galleryid-264790 gallery-columns-3 gallery-size-thumbnail'><dl class='gallery-item'>\n\t\t\t<dt class='gallery-icon portrait'>\n\t\t\t\t<a href='https:\/\/franciscanos.org.br\/noticias\/wp-content\/uploads\/2026\/03\/WhatsApp-Image-2026-03-09-at-10.36.55-3.jpeg'><img width=\"300\" height=\"300\" src=\"https:\/\/franciscanos.org.br\/noticias\/wp-content\/uploads\/2026\/03\/WhatsApp-Image-2026-03-09-at-10.36.55-3-300x300.jpeg\" class=\"attachment-thumbnail size-thumbnail\" alt=\"\" loading=\"lazy\" srcset=\"https:\/\/franciscanos.org.br\/noticias\/wp-content\/uploads\/2026\/03\/WhatsApp-Image-2026-03-09-at-10.36.55-3-300x300.jpeg 300w, https:\/\/franciscanos.org.br\/noticias\/wp-content\/uploads\/2026\/03\/WhatsApp-Image-2026-03-09-at-10.36.55-3-100x100.jpeg 100w\" sizes=\"(max-width: 300px) 100vw, 300px\" \/><\/a>\n\t\t\t<\/dt><\/dl><dl class='gallery-item'>\n\t\t\t<dt class='gallery-icon landscape'>\n\t\t\t\t<a href='https:\/\/franciscanos.org.br\/noticias\/wp-content\/uploads\/2026\/03\/WhatsApp-Image-2026-03-09-at-10.36.54-1.jpeg'><img width=\"300\" height=\"300\" src=\"https:\/\/franciscanos.org.br\/noticias\/wp-content\/uploads\/2026\/03\/WhatsApp-Image-2026-03-09-at-10.36.54-1-300x300.jpeg\" class=\"attachment-thumbnail size-thumbnail\" alt=\"\" loading=\"lazy\" srcset=\"https:\/\/franciscanos.org.br\/noticias\/wp-content\/uploads\/2026\/03\/WhatsApp-Image-2026-03-09-at-10.36.54-1-300x300.jpeg 300w, https:\/\/franciscanos.org.br\/noticias\/wp-content\/uploads\/2026\/03\/WhatsApp-Image-2026-03-09-at-10.36.54-1-100x100.jpeg 100w\" sizes=\"(max-width: 300px) 100vw, 300px\" \/><\/a>\n\t\t\t<\/dt><\/dl><dl class='gallery-item'>\n\t\t\t<dt class='gallery-icon portrait'>\n\t\t\t\t<a href='https:\/\/franciscanos.org.br\/noticias\/wp-content\/uploads\/2026\/03\/WhatsApp-Image-2026-03-09-at-10.36.53.jpeg'><img width=\"300\" height=\"300\" src=\"https:\/\/franciscanos.org.br\/noticias\/wp-content\/uploads\/2026\/03\/WhatsApp-Image-2026-03-09-at-10.36.53-300x300.jpeg\" class=\"attachment-thumbnail size-thumbnail\" alt=\"\" loading=\"lazy\" srcset=\"https:\/\/franciscanos.org.br\/noticias\/wp-content\/uploads\/2026\/03\/WhatsApp-Image-2026-03-09-at-10.36.53-300x300.jpeg 300w, https:\/\/franciscanos.org.br\/noticias\/wp-content\/uploads\/2026\/03\/WhatsApp-Image-2026-03-09-at-10.36.53-100x100.jpeg 100w\" sizes=\"(max-width: 300px) 100vw, 300px\" \/><\/a>\n\t\t\t<\/dt><\/dl><br style=\"clear: both\" \/>\n\t\t<\/div>\n\n<p><span style=\"font-weight: 400;\">O destino final da prociss\u00e3o foi o Santu\u00e1rio de Nossa Senhora da Salete, onde os participantes foram recebidos para um dos momentos mais aguardados da programa\u00e7\u00e3o: a b\u00ean\u00e7\u00e3o das motos e dos motociclistas. A cerim\u00f4nia foi conduzida pelo Frei Alexandre, que pediu a prote\u00e7\u00e3o de Deus para todos aqueles que utilizam as estradas e vias urbanas em seu dia a dia.<\/span><\/p>\n<p><span style=\"font-weight: 400;\">Na sequ\u00eancia, os fi\u00e9is participaram da Santa Missa, que foi aben\u00e7oada no santu\u00e1rio pelo Frei Ant\u00f4nio. A celebra\u00e7\u00e3o marcou o encerramento da programa\u00e7\u00e3o e reuniu motociclistas, familiares e membros da comunidade em um momento de ora\u00e7\u00e3o e gratid\u00e3o. Durante a homilia, o sacerdote refor\u00e7ou a import\u00e2ncia da responsabilidade no tr\u00e2nsito e do cuidado com a pr\u00f3pria vida e com a vida do pr\u00f3ximo.<\/span><\/p>\n<p><span style=\"font-weight: 400;\">Com forte participa\u00e7\u00e3o popular e clima de fraternidade, a edi\u00e7\u00e3o deste ano reafirmou a tradi\u00e7\u00e3o da prociss\u00e3o em Conc\u00f3rdia. Para muitos motociclistas, iniciar o ano com a b\u00ean\u00e7\u00e3o de suas motos e com a participa\u00e7\u00e3o na Santa Missa representa um gesto de f\u00e9 e um pedido de prote\u00e7\u00e3o para todas as jornadas que vir\u00e3o ao longo das estradas.<\/span><\/p>\n\n\t\t<style type=\"text\/css\">\n\t\t\t#gallery-2 {\n\t\t\t\tmargin: auto;\n\t\t\t}\n\t\t\t#gallery-2 .gallery-item {\n\t\t\t\tfloat: left;\n\t\t\t\tmargin-top: 10px;\n\t\t\t\ttext-align: center;\n\t\t\t\twidth: 33%;\n\t\t\t}\n\t\t\t#gallery-2 img {\n\t\t\t\tborder: 2px solid #cfcfcf;\n\t\t\t}\n\t\t\t#gallery-2 .gallery-caption {\n\t\t\t\tmargin-left: 0;\n\t\t\t}\n\t\t\t\/* see gallery_shortcode() in wp-includes\/media.php *\/\n\t\t<\/style>\n\t\t<div id='gallery-2' class='gallery galleryid-264790 gallery-columns-3 gallery-size-thumbnail'><dl class='gallery-item'>\n\t\t\t<dt class='gallery-icon portrait'>\n\t\t\t\t<a href='https:\/\/franciscanos.org.br\/noticias\/wp-content\/uploads\/2026\/03\/WhatsApp-Image-2026-03-09-at-10.36.54-2.jpeg'><img width=\"300\" height=\"300\" src=\"https:\/\/franciscanos.org.br\/noticias\/wp-content\/uploads\/2026\/03\/WhatsApp-Image-2026-03-09-at-10.36.54-2-300x300.jpeg\" class=\"attachment-thumbnail size-thumbnail\" alt=\"\" loading=\"lazy\" srcset=\"https:\/\/franciscanos.org.br\/noticias\/wp-content\/uploads\/2026\/03\/WhatsApp-Image-2026-03-09-at-10.36.54-2-300x300.jpeg 300w, https:\/\/franciscanos.org.br\/noticias\/wp-content\/uploads\/2026\/03\/WhatsApp-Image-2026-03-09-at-10.36.54-2-100x100.jpeg 100w\" sizes=\"(max-width: 300px) 100vw, 300px\" \/><\/a>\n\t\t\t<\/dt><\/dl><dl class='gallery-item'>\n\t\t\t<dt class='gallery-icon portrait'>\n\t\t\t\t<a href='https:\/\/franciscanos.org.br\/noticias\/wp-content\/uploads\/2026\/03\/WhatsApp-Image-2026-03-09-at-10.36.53-1.jpeg'><img width=\"300\" height=\"300\" src=\"https:\/\/franciscanos.org.br\/noticias\/wp-content\/uploads\/2026\/03\/WhatsApp-Image-2026-03-09-at-10.36.53-1-300x300.jpeg\" class=\"attachment-thumbnail size-thumbnail\" alt=\"\" loading=\"lazy\" srcset=\"https:\/\/franciscanos.org.br\/noticias\/wp-content\/uploads\/2026\/03\/WhatsApp-Image-2026-03-09-at-10.36.53-1-300x300.jpeg 300w, https:\/\/franciscanos.org.br\/noticias\/wp-content\/uploads\/2026\/03\/WhatsApp-Image-2026-03-09-at-10.36.53-1-100x100.jpeg 100w\" sizes=\"(max-width: 300px) 100vw, 300px\" \/><\/a>\n\t\t\t<\/dt><\/dl><dl class='gallery-item'>\n\t\t\t<dt class='gallery-icon portrait'>\n\t\t\t\t<a href='https:\/\/franciscanos.org.br\/noticias\/wp-content\/uploads\/2026\/03\/WhatsApp-Image-2026-03-09-at-10.36.55-1.jpeg'><img width=\"300\" height=\"300\" src=\"https:\/\/franciscanos.org.br\/noticias\/wp-content\/uploads\/2026\/03\/WhatsApp-Image-2026-03-09-at-10.36.55-1-300x300.jpeg\" class=\"attachment-thumbnail size-thumbnail\" alt=\"\" loading=\"lazy\" srcset=\"https:\/\/franciscanos.org.br\/noticias\/wp-content\/uploads\/2026\/03\/WhatsApp-Image-2026-03-09-at-10.36.55-1-300x300.jpeg 300w, https:\/\/franciscanos.org.br\/noticias\/wp-content\/uploads\/2026\/03\/WhatsApp-Image-2026-03-09-at-10.36.55-1-100x100.jpeg 100w\" sizes=\"(max-width: 300px) 100vw, 300px\" \/><\/a>\n\t\t\t<\/dt><\/dl><br style=\"clear: both\" \/>\n\t\t<\/div>\n\n<hr \/>\n<p><em><span style=\"font-weight: 400;\">Pascom (imagens) e Lucas Villiger (texto)<\/span><\/em><\/p>\n","protected":false},"excerpt":{"rendered":"<p>Prociss\u00f5es e B\u00ean\u00e7\u00e3os<\/p>\n","protected":false},"author":15,"featured_media":264792,"comment_status":"open","ping_status":"open","sticky":false,"template":"","format":"standard","meta":[],"categories":[1],"tags":[],"acf":[],"yoast_head":"<!-- This site is optimized with the Yoast SEO plugin v19.2 - https:\/\/yoast.com\/wordpress\/plugins\/seo\/ -->\n<title>Prociss\u00e3o de motos re\u00fane grande p\u00fablico em Conc\u00f3rdia - Not\u00edcias - Franciscanos<\/title>\n<meta name=\"robots\" content=\"index, follow, max-snippet:-1, max-image-preview:large, max-video-preview:-1\" \/>\n<link rel=\"canonical\" href=\"https:\/\/franciscanos.org.br\/noticias\/procissao-de-motos-reune-grande-publico-em-concordia.html\" \/>\n<meta property=\"og:locale\" content=\"pt_BR\" \/>\n<meta property=\"og:type\" content=\"article\" \/>\n<meta property=\"og:title\" content=\"Prociss\u00e3o de motos re\u00fane grande p\u00fablico em Conc\u00f3rdia - Not\u00edcias - Franciscanos\" \/>\n<meta property=\"og:description\" content=\"Prociss\u00f5es e B\u00ean\u00e7\u00e3os\" \/>\n<meta property=\"og:url\" content=\"https:\/\/franciscanos.org.br\/noticias\/procissao-de-motos-reune-grande-publico-em-concordia.html\" \/>\n<meta property=\"og:site_name\" content=\"Not\u00edcias - Franciscanos\" \/>\n<meta property=\"article:published_time\" content=\"2026-03-09T15:07:10+00:00\" \/>\n<meta property=\"article:modified_time\" content=\"2026-03-09T15:17:35+00:00\" \/>\n<meta property=\"og:image\" content=\"https:\/\/franciscanos.org.br\/noticias\/wp-content\/uploads\/2026\/03\/1280-x-720-px-Destaque-11-1024x864.png\" \/>\n\t<meta property=\"og:image:width\" content=\"1024\" \/>\n\t<meta property=\"og:image:height\" content=\"864\" \/>\n\t<meta property=\"og:image:type\" content=\"image\/png\" \/>\n<meta name=\"author\" content=\"Guilherme Rocha\" \/>\n<meta name=\"twitter:card\" content=\"summary_large_image\" \/>\n<meta name=\"twitter:label1\" content=\"Escrito por\" \/>\n\t<meta name=\"twitter:data1\" content=\"Guilherme Rocha\" \/>\n\t<meta name=\"twitter:label2\" content=\"Est. tempo de leitura\" \/>\n\t<meta name=\"twitter:data2\" content=\"2 minutos\" \/>\n<script type=\"application\/ld+json\" class=\"yoast-schema-graph\">{\"@context\":\"https:\/\/schema.org\",\"@graph\":[{\"@type\":\"WebSite\",\"@id\":\"https:\/\/franciscanos.org.br\/noticias\/#website\",\"url\":\"https:\/\/franciscanos.org.br\/noticias\/\",\"name\":\"Not\u00edcias - Franciscanos\",\"description\":\"Prov\u00edncia Franciscana da Imaculada Concei\u00e7\u00e3o do Brasil - Ordem dos Frades Menores - OFM\",\"potentialAction\":[{\"@type\":\"SearchAction\",\"target\":{\"@type\":\"EntryPoint\",\"urlTemplate\":\"https:\/\/franciscanos.org.br\/noticias\/?s={search_term_string}\"},\"query-input\":\"required name=search_term_string\"}],\"inLanguage\":\"pt-BR\"},{\"@type\":\"ImageObject\",\"inLanguage\":\"pt-BR\",\"@id\":\"https:\/\/franciscanos.org.br\/noticias\/procissao-de-motos-reune-grande-publico-em-concordia.html#primaryimage\",\"url\":\"https:\/\/franciscanos.org.br\/noticias\/wp-content\/uploads\/2026\/03\/1280-x-720-px-Destaque-11.png\",\"contentUrl\":\"https:\/\/franciscanos.org.br\/noticias\/wp-content\/uploads\/2026\/03\/1280-x-720-px-Destaque-11.png\",\"width\":1280,\"height\":1080},{\"@type\":\"WebPage\",\"@id\":\"https:\/\/franciscanos.org.br\/noticias\/procissao-de-motos-reune-grande-publico-em-concordia.html#webpage\",\"url\":\"https:\/\/franciscanos.org.br\/noticias\/procissao-de-motos-reune-grande-publico-em-concordia.html\",\"name\":\"Prociss\u00e3o de motos re\u00fane grande p\u00fablico em Conc\u00f3rdia - Not\u00edcias - Franciscanos\",\"isPartOf\":{\"@id\":\"https:\/\/franciscanos.org.br\/noticias\/#website\"},\"primaryImageOfPage\":{\"@id\":\"https:\/\/franciscanos.org.br\/noticias\/procissao-de-motos-reune-grande-publico-em-concordia.html#primaryimage\"},\"datePublished\":\"2026-03-09T15:07:10+00:00\",\"dateModified\":\"2026-03-09T15:17:35+00:00\",\"author\":{\"@id\":\"https:\/\/franciscanos.org.br\/noticias\/#\/schema\/person\/69bb4cd273a2528548b63cccab4980a0\"},\"breadcrumb\":{\"@id\":\"https:\/\/franciscanos.org.br\/noticias\/procissao-de-motos-reune-grande-publico-em-concordia.html#breadcrumb\"},\"inLanguage\":\"pt-BR\",\"potentialAction\":[{\"@type\":\"ReadAction\",\"target\":[\"https:\/\/franciscanos.org.br\/noticias\/procissao-de-motos-reune-grande-publico-em-concordia.html\"]}]},{\"@type\":\"BreadcrumbList\",\"@id\":\"https:\/\/franciscanos.org.br\/noticias\/procissao-de-motos-reune-grande-publico-em-concordia.html#breadcrumb\",\"itemListElement\":[{\"@type\":\"ListItem\",\"position\":1,\"name\":\"Home\",\"item\":\"https:\/\/franciscanos.org.br\/noticias\"},{\"@type\":\"ListItem\",\"position\":2,\"name\":\"Prociss\u00e3o de motos re\u00fane grande p\u00fablico em Conc\u00f3rdia\"}]},{\"@type\":\"Person\",\"@id\":\"https:\/\/franciscanos.org.br\/noticias\/#\/schema\/person\/69bb4cd273a2528548b63cccab4980a0\",\"name\":\"Guilherme Rocha\",\"image\":{\"@type\":\"ImageObject\",\"inLanguage\":\"pt-BR\",\"@id\":\"https:\/\/franciscanos.org.br\/noticias\/#\/schema\/person\/image\/\",\"url\":\"https:\/\/secure.gravatar.com\/avatar\/e480fee2377f81af36f6990ed742592a?s=96&d=mm&r=g\",\"contentUrl\":\"https:\/\/secure.gravatar.com\/avatar\/e480fee2377f81af36f6990ed742592a?s=96&d=mm&r=g\",\"caption\":\"Guilherme Rocha\"},\"url\":\"https:\/\/franciscanos.org.br\/noticias\/author\/guilhermerocha\"}]}<\/script>\n<!-- \/ Yoast SEO plugin. -->","yoast_head_json":{"title":"Prociss\u00e3o de motos re\u00fane grande p\u00fablico em Conc\u00f3rdia - Not\u00edcias - Franciscanos","robots":{"index":"index","follow":"follow","max-snippet":"max-snippet:-1","max-image-preview":"max-image-preview:large","max-video-preview":"max-video-preview:-1"},"canonical":"https:\/\/franciscanos.org.br\/noticias\/procissao-de-motos-reune-grande-publico-em-concordia.html","og_locale":"pt_BR","og_type":"article","og_title":"Prociss\u00e3o de motos re\u00fane grande p\u00fablico em Conc\u00f3rdia - Not\u00edcias - Franciscanos","og_description":"Prociss\u00f5es e B\u00ean\u00e7\u00e3os","og_url":"https:\/\/franciscanos.org.br\/noticias\/procissao-de-motos-reune-grande-publico-em-concordia.html","og_site_name":"Not\u00edcias - Franciscanos","article_published_time":"2026-03-09T15:07:10+00:00","article_modified_time":"2026-03-09T15:17:35+00:00","og_image":[{"width":1024,"height":864,"url":"https:\/\/franciscanos.org.br\/noticias\/wp-content\/uploads\/2026\/03\/1280-x-720-px-Destaque-11-1024x864.png","type":"image\/png"}],"author":"Guilherme Rocha","twitter_card":"summary_large_image","twitter_misc":{"Escrito por":"Guilherme Rocha","Est. tempo de leitura":"2 minutos"},"schema":{"@context":"https:\/\/schema.org","@graph":[{"@type":"WebSite","@id":"https:\/\/franciscanos.org.br\/noticias\/#website","url":"https:\/\/franciscanos.org.br\/noticias\/","name":"Not\u00edcias - Franciscanos","description":"Prov\u00edncia Franciscana da Imaculada Concei\u00e7\u00e3o do Brasil - Ordem dos Frades Menores - OFM","potentialAction":[{"@type":"SearchAction","target":{"@type":"EntryPoint","urlTemplate":"https:\/\/franciscanos.org.br\/noticias\/?s={search_term_string}"},"query-input":"required name=search_term_string"}],"inLanguage":"pt-BR"},{"@type":"ImageObject","inLanguage":"pt-BR","@id":"https:\/\/franciscanos.org.br\/noticias\/procissao-de-motos-reune-grande-publico-em-concordia.html#primaryimage","url":"https:\/\/franciscanos.org.br\/noticias\/wp-content\/uploads\/2026\/03\/1280-x-720-px-Destaque-11.png","contentUrl":"https:\/\/franciscanos.org.br\/noticias\/wp-content\/uploads\/2026\/03\/1280-x-720-px-Destaque-11.png","width":1280,"height":1080},{"@type":"WebPage","@id":"https:\/\/franciscanos.org.br\/noticias\/procissao-de-motos-reune-grande-publico-em-concordia.html#webpage","url":"https:\/\/franciscanos.org.br\/noticias\/procissao-de-motos-reune-grande-publico-em-concordia.html","name":"Prociss\u00e3o de motos re\u00fane grande p\u00fablico em Conc\u00f3rdia - Not\u00edcias - Franciscanos","isPartOf":{"@id":"https:\/\/franciscanos.org.br\/noticias\/#website"},"primaryImageOfPage":{"@id":"https:\/\/franciscanos.org.br\/noticias\/procissao-de-motos-reune-grande-publico-em-concordia.html#primaryimage"},"datePublished":"2026-03-09T15:07:10+00:00","dateModified":"2026-03-09T15:17:35+00:00","author":{"@id":"https:\/\/franciscanos.org.br\/noticias\/#\/schema\/person\/69bb4cd273a2528548b63cccab4980a0"},"breadcrumb":{"@id":"https:\/\/franciscanos.org.br\/noticias\/procissao-de-motos-reune-grande-publico-em-concordia.html#breadcrumb"},"inLanguage":"pt-BR","potentialAction":[{"@type":"ReadAction","target":["https:\/\/franciscanos.org.br\/noticias\/procissao-de-motos-reune-grande-publico-em-concordia.html"]}]},{"@type":"BreadcrumbList","@id":"https:\/\/franciscanos.org.br\/noticias\/procissao-de-motos-reune-grande-publico-em-concordia.html#breadcrumb","itemListElement":[{"@type":"ListItem","position":1,"name":"Home","item":"https:\/\/franciscanos.org.br\/noticias"},{"@type":"ListItem","position":2,"name":"Prociss\u00e3o de motos re\u00fane grande p\u00fablico em Conc\u00f3rdia"}]},{"@type":"Person","@id":"https:\/\/franciscanos.org.br\/noticias\/#\/schema\/person\/69bb4cd273a2528548b63cccab4980a0","name":"Guilherme Rocha","image":{"@type":"ImageObject","inLanguage":"pt-BR","@id":"https:\/\/franciscanos.org.br\/noticias\/#\/schema\/person\/image\/","url":"https:\/\/secure.gravatar.com\/avatar\/e480fee2377f81af36f6990ed742592a?s=96&d=mm&r=g","contentUrl":"https:\/\/secure.gravatar.com\/avatar\/e480fee2377f81af36f6990ed742592a?s=96&d=mm&r=g","caption":"Guilherme Rocha"},"url":"https:\/\/franciscanos.org.br\/noticias\/author\/guilhermerocha"}]}},"_links":{"self":[{"href":"https:\/\/franciscanos.org.br\/noticias\/wp-json\/wp\/v2\/posts\/264790"}],"collection":[{"href":"https:\/\/franciscanos.org.br\/noticias\/wp-json\/wp\/v2\/posts"}],"about":[{"href":"https:\/\/franciscanos.org.br\/noticias\/wp-json\/wp\/v2\/types\/post"}],"author":[{"embeddable":true,"href":"https:\/\/franciscanos.org.br\/noticias\/wp-json\/wp\/v2\/users\/15"}],"replies":[{"embeddable":true,"href":"https:\/\/franciscanos.org.br\/noticias\/wp-json\/wp\/v2\/comments?post=264790"}],"version-history":[{"count":6,"href":"https:\/\/franciscanos.org.br\/noticias\/wp-json\/wp\/v2\/posts\/264790\/revisions"}],"predecessor-version":[{"id":264807,"href":"https:\/\/franciscanos.org.br\/noticias\/wp-json\/wp\/v2\/posts\/264790\/revisions\/264807"}],"wp:featuredmedia":[{"embeddable":true,"href":"https:\/\/franciscanos.org.br\/noticias\/wp-json\/wp\/v2\/media\/264792"}],"wp:attachment":[{"href":"https:\/\/franciscanos.org.br\/noticias\/wp-json\/wp\/v2\/media?parent=264790"}],"wp:term":[{"taxonomy":"category","embeddable":true,"href":"https:\/\/franciscanos.org.br\/noticias\/wp-json\/wp\/v2\/categories?post=264790"},{"taxonomy":"post_tag","embeddable":true,"href":"https:\/\/franciscanos.org.br\/noticias\/wp-json\/wp\/v2\/tags?post=264790"}],"curies":[{"name":"wp","href":"https:\/\/api.w.org\/{rel}","templated":true}]}}