{"id":264776,"date":"2026-03-09T11:25:46","date_gmt":"2026-03-09T14:25:46","guid":{"rendered":"https:\/\/franciscanos.org.br\/noticias\/?p=264776"},"modified":"2026-03-09T11:34:17","modified_gmt":"2026-03-09T14:34:17","slug":"paroquia-santo-antonio-realiza-retiro-com-foco-no-jubileu-de-800-anos-da-morte-de-sao-francisco","status":"publish","type":"post","link":"https:\/\/franciscanos.org.br\/noticias\/paroquia-santo-antonio-realiza-retiro-com-foco-no-jubileu-de-800-anos-da-morte-de-sao-francisco.html","title":{"rendered":"Par\u00f3quia Santo Ant\u00f4nio realiza retiro com foco no Jubileu de 800 anos da morte de S\u00e3o Francisco"},"content":{"rendered":"<p><img loading=\"lazy\" class=\"aligncenter wp-image-264777 size-large\" src=\"https:\/\/franciscanos.org.br\/noticias\/wp-content\/uploads\/2026\/03\/Principal-2-1024x460.jpeg\" alt=\"\" width=\"1024\" height=\"460\" srcset=\"https:\/\/franciscanos.org.br\/noticias\/wp-content\/uploads\/2026\/03\/Principal-2-1024x460.jpeg 1024w, https:\/\/franciscanos.org.br\/noticias\/wp-content\/uploads\/2026\/03\/Principal-2-450x202.jpeg 450w, https:\/\/franciscanos.org.br\/noticias\/wp-content\/uploads\/2026\/03\/Principal-2-768x345.jpeg 768w, https:\/\/franciscanos.org.br\/noticias\/wp-content\/uploads\/2026\/03\/Principal-2-1536x690.jpeg 1536w, https:\/\/franciscanos.org.br\/noticias\/wp-content\/uploads\/2026\/03\/Principal-2-150x67.jpeg 150w, https:\/\/franciscanos.org.br\/noticias\/wp-content\/uploads\/2026\/03\/Principal-2.jpeg 1600w\" sizes=\"(max-width: 1024px) 100vw, 1024px\" \/><\/p>\n<p><span style=\"font-weight: 400;\">No \u00faltimo domingo, 08 de mar\u00e7o, a Par\u00f3quia Santo Ant\u00f4nio viveu um momento de renova\u00e7\u00e3o espiritual. Atendendo a um anseio manifestado pelas lideran\u00e7as durante a \u00faltima Assembleia Paroquial, que solicitavam mais espa\u00e7os dedicados \u00e0 espiritualidade franciscana, foi realizado o Retiro Franciscano, reunindo cerca de 120 inscritos em Bauru (SP).<\/span><\/p>\n<p><span style=\"font-weight: 400;\">A programa\u00e7\u00e3o teve in\u00edcio \u00e0s 7h com a Santa Missa das 7h (conforme o cronograma oficial), celebrada pelo p\u00e1roco, Frei James Girardi. Em um clima de acolhimento, os fi\u00e9is deram o primeiro passo deste retiro que buscou beber diretamente da fonte de S\u00e3o Francisco de Assis. Ap\u00f3s a celebra\u00e7\u00e3o, os participantes desfrutaram de um caf\u00e9 da manh\u00e3 antes de seguirem para a sala de palestras.<\/span><\/p>\n\n\t\t<style type=\"text\/css\">\n\t\t\t#gallery-1 {\n\t\t\t\tmargin: auto;\n\t\t\t}\n\t\t\t#gallery-1 .gallery-item {\n\t\t\t\tfloat: left;\n\t\t\t\tmargin-top: 10px;\n\t\t\t\ttext-align: center;\n\t\t\t\twidth: 33%;\n\t\t\t}\n\t\t\t#gallery-1 img {\n\t\t\t\tborder: 2px solid #cfcfcf;\n\t\t\t}\n\t\t\t#gallery-1 .gallery-caption {\n\t\t\t\tmargin-left: 0;\n\t\t\t}\n\t\t\t\/* see gallery_shortcode() in wp-includes\/media.php *\/\n\t\t<\/style>\n\t\t<div id='gallery-1' class='gallery galleryid-264776 gallery-columns-3 gallery-size-thumbnail'><dl class='gallery-item'>\n\t\t\t<dt class='gallery-icon portrait'>\n\t\t\t\t<a href='https:\/\/franciscanos.org.br\/noticias\/wp-content\/uploads\/2026\/03\/WhatsApp-Image-2026-03-09-at-10.46.55-2.jpeg'><img width=\"300\" height=\"300\" src=\"https:\/\/franciscanos.org.br\/noticias\/wp-content\/uploads\/2026\/03\/WhatsApp-Image-2026-03-09-at-10.46.55-2-300x300.jpeg\" class=\"attachment-thumbnail size-thumbnail\" alt=\"\" loading=\"lazy\" srcset=\"https:\/\/franciscanos.org.br\/noticias\/wp-content\/uploads\/2026\/03\/WhatsApp-Image-2026-03-09-at-10.46.55-2-300x300.jpeg 300w, https:\/\/franciscanos.org.br\/noticias\/wp-content\/uploads\/2026\/03\/WhatsApp-Image-2026-03-09-at-10.46.55-2-100x100.jpeg 100w\" sizes=\"(max-width: 300px) 100vw, 300px\" \/><\/a>\n\t\t\t<\/dt><\/dl><dl class='gallery-item'>\n\t\t\t<dt class='gallery-icon portrait'>\n\t\t\t\t<a href='https:\/\/franciscanos.org.br\/noticias\/wp-content\/uploads\/2026\/03\/WhatsApp-Image-2026-03-09-at-10.46.55-4.jpeg'><img width=\"300\" height=\"300\" src=\"https:\/\/franciscanos.org.br\/noticias\/wp-content\/uploads\/2026\/03\/WhatsApp-Image-2026-03-09-at-10.46.55-4-300x300.jpeg\" class=\"attachment-thumbnail size-thumbnail\" alt=\"\" loading=\"lazy\" srcset=\"https:\/\/franciscanos.org.br\/noticias\/wp-content\/uploads\/2026\/03\/WhatsApp-Image-2026-03-09-at-10.46.55-4-300x300.jpeg 300w, https:\/\/franciscanos.org.br\/noticias\/wp-content\/uploads\/2026\/03\/WhatsApp-Image-2026-03-09-at-10.46.55-4-100x100.jpeg 100w\" sizes=\"(max-width: 300px) 100vw, 300px\" \/><\/a>\n\t\t\t<\/dt><\/dl><dl class='gallery-item'>\n\t\t\t<dt class='gallery-icon portrait'>\n\t\t\t\t<a href='https:\/\/franciscanos.org.br\/noticias\/wp-content\/uploads\/2026\/03\/WhatsApp-Image-2026-03-09-at-10.46.55-5.jpeg'><img width=\"300\" height=\"300\" src=\"https:\/\/franciscanos.org.br\/noticias\/wp-content\/uploads\/2026\/03\/WhatsApp-Image-2026-03-09-at-10.46.55-5-300x300.jpeg\" class=\"attachment-thumbnail size-thumbnail\" alt=\"\" loading=\"lazy\" srcset=\"https:\/\/franciscanos.org.br\/noticias\/wp-content\/uploads\/2026\/03\/WhatsApp-Image-2026-03-09-at-10.46.55-5-300x300.jpeg 300w, https:\/\/franciscanos.org.br\/noticias\/wp-content\/uploads\/2026\/03\/WhatsApp-Image-2026-03-09-at-10.46.55-5-100x100.jpeg 100w\" sizes=\"(max-width: 300px) 100vw, 300px\" \/><\/a>\n\t\t\t<\/dt><\/dl><br style=\"clear: both\" \/>\n\t\t<\/div>\n\n<p><span style=\"font-weight: 400;\">O convidado para conduzir as reflex\u00f5es foi o Frei Jos\u00e9 Ant\u00f4nio Cruz Duarte, p\u00e1roco da Par\u00f3quia S\u00e3o Paulo Ap\u00f3stolo de Agudos (Diocese de Bauru). Com maestria e profundidade, Frei Jos\u00e9 Ant\u00f4nio dividiu o retiro em tr\u00eas momentos fundamentais:<\/span><\/p>\n<p><span style=\"font-weight: 400;\">&#8211; Os Jubileus Franciscanos: A primeira prega\u00e7\u00e3o teve como foco as celebra\u00e7\u00f5es da Ordem, com destaque especial para o oitavo centen\u00e1rio da morte de S\u00e3o Francisco, celebrado neste ano. Foi um momento de recordar como o testemunho de Francisco continua vivo e urgente.<\/span><\/p>\n<p><span style=\"font-weight: 400;\">&#8211; O Testamento de S\u00e3o Francisco: Ap\u00f3s um breve intervalo, a segunda confer\u00eancia abordou o testamento de S\u00e3o Francisco, analisando-o como um guia de humildade e obedi\u00eancia ao Evangelho.<\/span><\/p>\n<p><span style=\"font-weight: 400;\">&#8211; Elementos Fundamentais da Vida Franciscana: No per\u00edodo da tarde, ap\u00f3s o almo\u00e7o, o terceiro momento abordou os pilares que sustentam o carisma: a fraternidade, a pobreza e o amor \u00e0 cria\u00e7\u00e3o.<\/span><\/p>\n\n\t\t<style type=\"text\/css\">\n\t\t\t#gallery-2 {\n\t\t\t\tmargin: auto;\n\t\t\t}\n\t\t\t#gallery-2 .gallery-item {\n\t\t\t\tfloat: left;\n\t\t\t\tmargin-top: 10px;\n\t\t\t\ttext-align: center;\n\t\t\t\twidth: 20%;\n\t\t\t}\n\t\t\t#gallery-2 img {\n\t\t\t\tborder: 2px solid #cfcfcf;\n\t\t\t}\n\t\t\t#gallery-2 .gallery-caption {\n\t\t\t\tmargin-left: 0;\n\t\t\t}\n\t\t\t\/* see gallery_shortcode() in wp-includes\/media.php *\/\n\t\t<\/style>\n\t\t<div id='gallery-2' class='gallery galleryid-264776 gallery-columns-5 gallery-size-thumbnail'><dl class='gallery-item'>\n\t\t\t<dt class='gallery-icon portrait'>\n\t\t\t\t<a href='https:\/\/franciscanos.org.br\/noticias\/wp-content\/uploads\/2026\/03\/5-2.jpeg'><img width=\"300\" height=\"300\" src=\"https:\/\/franciscanos.org.br\/noticias\/wp-content\/uploads\/2026\/03\/5-2-300x300.jpeg\" class=\"attachment-thumbnail size-thumbnail\" alt=\"\" loading=\"lazy\" srcset=\"https:\/\/franciscanos.org.br\/noticias\/wp-content\/uploads\/2026\/03\/5-2-300x300.jpeg 300w, https:\/\/franciscanos.org.br\/noticias\/wp-content\/uploads\/2026\/03\/5-2-100x100.jpeg 100w\" sizes=\"(max-width: 300px) 100vw, 300px\" \/><\/a>\n\t\t\t<\/dt><\/dl><dl class='gallery-item'>\n\t\t\t<dt class='gallery-icon portrait'>\n\t\t\t\t<a href='https:\/\/franciscanos.org.br\/noticias\/wp-content\/uploads\/2026\/03\/WhatsApp-Image-2026-03-09-at-10.46.55-10.jpeg'><img width=\"300\" height=\"300\" src=\"https:\/\/franciscanos.org.br\/noticias\/wp-content\/uploads\/2026\/03\/WhatsApp-Image-2026-03-09-at-10.46.55-10-300x300.jpeg\" class=\"attachment-thumbnail size-thumbnail\" alt=\"\" loading=\"lazy\" srcset=\"https:\/\/franciscanos.org.br\/noticias\/wp-content\/uploads\/2026\/03\/WhatsApp-Image-2026-03-09-at-10.46.55-10-300x300.jpeg 300w, https:\/\/franciscanos.org.br\/noticias\/wp-content\/uploads\/2026\/03\/WhatsApp-Image-2026-03-09-at-10.46.55-10-100x100.jpeg 100w\" sizes=\"(max-width: 300px) 100vw, 300px\" \/><\/a>\n\t\t\t<\/dt><\/dl><dl class='gallery-item'>\n\t\t\t<dt class='gallery-icon portrait'>\n\t\t\t\t<a href='https:\/\/franciscanos.org.br\/noticias\/wp-content\/uploads\/2026\/03\/WhatsApp-Image-2026-03-09-at-10.46.55-6.jpeg'><img width=\"300\" height=\"300\" src=\"https:\/\/franciscanos.org.br\/noticias\/wp-content\/uploads\/2026\/03\/WhatsApp-Image-2026-03-09-at-10.46.55-6-300x300.jpeg\" class=\"attachment-thumbnail size-thumbnail\" alt=\"\" loading=\"lazy\" srcset=\"https:\/\/franciscanos.org.br\/noticias\/wp-content\/uploads\/2026\/03\/WhatsApp-Image-2026-03-09-at-10.46.55-6-300x300.jpeg 300w, https:\/\/franciscanos.org.br\/noticias\/wp-content\/uploads\/2026\/03\/WhatsApp-Image-2026-03-09-at-10.46.55-6-100x100.jpeg 100w\" sizes=\"(max-width: 300px) 100vw, 300px\" \/><\/a>\n\t\t\t<\/dt><\/dl><dl class='gallery-item'>\n\t\t\t<dt class='gallery-icon landscape'>\n\t\t\t\t<a href='https:\/\/franciscanos.org.br\/noticias\/wp-content\/uploads\/2026\/03\/4-1.jpeg'><img width=\"300\" height=\"300\" src=\"https:\/\/franciscanos.org.br\/noticias\/wp-content\/uploads\/2026\/03\/4-1-300x300.jpeg\" class=\"attachment-thumbnail size-thumbnail\" alt=\"\" loading=\"lazy\" srcset=\"https:\/\/franciscanos.org.br\/noticias\/wp-content\/uploads\/2026\/03\/4-1-300x300.jpeg 300w, https:\/\/franciscanos.org.br\/noticias\/wp-content\/uploads\/2026\/03\/4-1-100x100.jpeg 100w\" sizes=\"(max-width: 300px) 100vw, 300px\" \/><\/a>\n\t\t\t<\/dt><\/dl><dl class='gallery-item'>\n\t\t\t<dt class='gallery-icon portrait'>\n\t\t\t\t<a href='https:\/\/franciscanos.org.br\/noticias\/wp-content\/uploads\/2026\/03\/WhatsApp-Image-2026-03-09-at-10.46.55.jpeg'><img width=\"300\" height=\"300\" src=\"https:\/\/franciscanos.org.br\/noticias\/wp-content\/uploads\/2026\/03\/WhatsApp-Image-2026-03-09-at-10.46.55-300x300.jpeg\" class=\"attachment-thumbnail size-thumbnail\" alt=\"\" loading=\"lazy\" srcset=\"https:\/\/franciscanos.org.br\/noticias\/wp-content\/uploads\/2026\/03\/WhatsApp-Image-2026-03-09-at-10.46.55-300x300.jpeg 300w, https:\/\/franciscanos.org.br\/noticias\/wp-content\/uploads\/2026\/03\/WhatsApp-Image-2026-03-09-at-10.46.55-100x100.jpeg 100w\" sizes=\"(max-width: 300px) 100vw, 300px\" \/><\/a>\n\t\t\t<\/dt><\/dl><br style=\"clear: both\" \/>\n\t\t<\/div>\n\n<p><span style=\"font-weight: 400;\">O retiro n\u00e3o foi apenas um evento local, mas um verdadeiro encontro de fam\u00edlias franciscanas. Entre os 120 participantes, destacou-se a presen\u00e7a de membros da Ordem Franciscana Secular (OFS) da Par\u00f3quia Santo Ant\u00f4nio &#8211; Bauru e tamb\u00e9m vindos de Agudos. Al\u00e9m das lideran\u00e7as pastorais locais, o evento atraiu fi\u00e9is de outras par\u00f3quias da regi\u00e3o, demonstrando a for\u00e7a e o apelo da espiritualidade de S\u00e3o Francisco.<\/span><\/p>\n<p><span style=\"font-weight: 400;\">Para os organizadores, o retiro cumpriu sua miss\u00e3o: fortalecer a identidade franciscana na comunidade e oferecer o &#8220;alimento espiritual&#8221; solicitado pelos leigos, preparando a todos para vivenciarem com mais intensidade o ano jubilar do Ser\u00e1fico Pai S\u00e3o Francisco.<\/span><\/p>\n<p><img loading=\"lazy\" class=\"aligncenter wp-image-264786 size-thumbnail\" src=\"https:\/\/franciscanos.org.br\/noticias\/wp-content\/uploads\/2026\/03\/WhatsApp-Image-2026-03-09-at-10.46.55-7-300x300.jpeg\" alt=\"\" width=\"300\" height=\"300\" srcset=\"https:\/\/franciscanos.org.br\/noticias\/wp-content\/uploads\/2026\/03\/WhatsApp-Image-2026-03-09-at-10.46.55-7-300x300.jpeg 300w, https:\/\/franciscanos.org.br\/noticias\/wp-content\/uploads\/2026\/03\/WhatsApp-Image-2026-03-09-at-10.46.55-7-100x100.jpeg 100w\" sizes=\"(max-width: 300px) 100vw, 300px\" \/><\/p>\n<hr \/>\n<p><em>Pascom &#8211; Par\u00f3quia Santo Ant\u00f4nio Bauru<\/em><\/p>\n","protected":false},"excerpt":{"rendered":"<p>Jubileu de 800 anos da morte de S\u00e3o Francisco<\/p>\n","protected":false},"author":15,"featured_media":264777,"comment_status":"open","ping_status":"open","sticky":false,"template":"","format":"standard","meta":[],"categories":[1],"tags":[],"acf":[],"yoast_head":"<!-- This site is optimized with the Yoast SEO plugin v19.2 - https:\/\/yoast.com\/wordpress\/plugins\/seo\/ -->\n<title>Par\u00f3quia Santo Ant\u00f4nio realiza retiro com foco no Jubileu de 800 anos da morte de S\u00e3o Francisco - Not\u00edcias - Franciscanos<\/title>\n<meta name=\"robots\" content=\"index, follow, max-snippet:-1, max-image-preview:large, max-video-preview:-1\" \/>\n<link rel=\"canonical\" href=\"https:\/\/franciscanos.org.br\/noticias\/paroquia-santo-antonio-realiza-retiro-com-foco-no-jubileu-de-800-anos-da-morte-de-sao-francisco.html\" \/>\n<meta property=\"og:locale\" content=\"pt_BR\" \/>\n<meta property=\"og:type\" content=\"article\" \/>\n<meta property=\"og:title\" content=\"Par\u00f3quia Santo Ant\u00f4nio realiza retiro com foco no Jubileu de 800 anos da morte de S\u00e3o Francisco - Not\u00edcias - Franciscanos\" \/>\n<meta property=\"og:description\" content=\"Jubileu de 800 anos da morte de S\u00e3o Francisco\" \/>\n<meta property=\"og:url\" content=\"https:\/\/franciscanos.org.br\/noticias\/paroquia-santo-antonio-realiza-retiro-com-foco-no-jubileu-de-800-anos-da-morte-de-sao-francisco.html\" \/>\n<meta property=\"og:site_name\" content=\"Not\u00edcias - Franciscanos\" \/>\n<meta property=\"article:published_time\" content=\"2026-03-09T14:25:46+00:00\" \/>\n<meta property=\"article:modified_time\" content=\"2026-03-09T14:34:17+00:00\" \/>\n<meta property=\"og:image\" content=\"https:\/\/franciscanos.org.br\/noticias\/wp-content\/uploads\/2026\/03\/Principal-2.jpeg\" \/>\n\t<meta property=\"og:image:width\" content=\"1600\" \/>\n\t<meta property=\"og:image:height\" content=\"719\" \/>\n\t<meta property=\"og:image:type\" content=\"image\/jpeg\" \/>\n<meta name=\"author\" content=\"Guilherme Rocha\" \/>\n<meta name=\"twitter:card\" content=\"summary_large_image\" \/>\n<meta name=\"twitter:label1\" content=\"Escrito por\" \/>\n\t<meta name=\"twitter:data1\" content=\"Guilherme Rocha\" \/>\n\t<meta name=\"twitter:label2\" content=\"Est. tempo de leitura\" \/>\n\t<meta name=\"twitter:data2\" content=\"2 minutos\" \/>\n<script type=\"application\/ld+json\" class=\"yoast-schema-graph\">{\"@context\":\"https:\/\/schema.org\",\"@graph\":[{\"@type\":\"WebSite\",\"@id\":\"https:\/\/franciscanos.org.br\/noticias\/#website\",\"url\":\"https:\/\/franciscanos.org.br\/noticias\/\",\"name\":\"Not\u00edcias - Franciscanos\",\"description\":\"Prov\u00edncia Franciscana da Imaculada Concei\u00e7\u00e3o do Brasil - Ordem dos Frades Menores - OFM\",\"potentialAction\":[{\"@type\":\"SearchAction\",\"target\":{\"@type\":\"EntryPoint\",\"urlTemplate\":\"https:\/\/franciscanos.org.br\/noticias\/?s={search_term_string}\"},\"query-input\":\"required name=search_term_string\"}],\"inLanguage\":\"pt-BR\"},{\"@type\":\"ImageObject\",\"inLanguage\":\"pt-BR\",\"@id\":\"https:\/\/franciscanos.org.br\/noticias\/paroquia-santo-antonio-realiza-retiro-com-foco-no-jubileu-de-800-anos-da-morte-de-sao-francisco.html#primaryimage\",\"url\":\"https:\/\/franciscanos.org.br\/noticias\/wp-content\/uploads\/2026\/03\/Principal-2.jpeg\",\"contentUrl\":\"https:\/\/franciscanos.org.br\/noticias\/wp-content\/uploads\/2026\/03\/Principal-2.jpeg\",\"width\":1600,\"height\":719},{\"@type\":\"WebPage\",\"@id\":\"https:\/\/franciscanos.org.br\/noticias\/paroquia-santo-antonio-realiza-retiro-com-foco-no-jubileu-de-800-anos-da-morte-de-sao-francisco.html#webpage\",\"url\":\"https:\/\/franciscanos.org.br\/noticias\/paroquia-santo-antonio-realiza-retiro-com-foco-no-jubileu-de-800-anos-da-morte-de-sao-francisco.html\",\"name\":\"Par\u00f3quia Santo Ant\u00f4nio realiza retiro com foco no Jubileu de 800 anos da morte de S\u00e3o Francisco - Not\u00edcias - Franciscanos\",\"isPartOf\":{\"@id\":\"https:\/\/franciscanos.org.br\/noticias\/#website\"},\"primaryImageOfPage\":{\"@id\":\"https:\/\/franciscanos.org.br\/noticias\/paroquia-santo-antonio-realiza-retiro-com-foco-no-jubileu-de-800-anos-da-morte-de-sao-francisco.html#primaryimage\"},\"datePublished\":\"2026-03-09T14:25:46+00:00\",\"dateModified\":\"2026-03-09T14:34:17+00:00\",\"author\":{\"@id\":\"https:\/\/franciscanos.org.br\/noticias\/#\/schema\/person\/69bb4cd273a2528548b63cccab4980a0\"},\"breadcrumb\":{\"@id\":\"https:\/\/franciscanos.org.br\/noticias\/paroquia-santo-antonio-realiza-retiro-com-foco-no-jubileu-de-800-anos-da-morte-de-sao-francisco.html#breadcrumb\"},\"inLanguage\":\"pt-BR\",\"potentialAction\":[{\"@type\":\"ReadAction\",\"target\":[\"https:\/\/franciscanos.org.br\/noticias\/paroquia-santo-antonio-realiza-retiro-com-foco-no-jubileu-de-800-anos-da-morte-de-sao-francisco.html\"]}]},{\"@type\":\"BreadcrumbList\",\"@id\":\"https:\/\/franciscanos.org.br\/noticias\/paroquia-santo-antonio-realiza-retiro-com-foco-no-jubileu-de-800-anos-da-morte-de-sao-francisco.html#breadcrumb\",\"itemListElement\":[{\"@type\":\"ListItem\",\"position\":1,\"name\":\"Home\",\"item\":\"https:\/\/franciscanos.org.br\/noticias\"},{\"@type\":\"ListItem\",\"position\":2,\"name\":\"Par\u00f3quia Santo Ant\u00f4nio realiza retiro com foco no Jubileu de 800 anos da morte de S\u00e3o Francisco\"}]},{\"@type\":\"Person\",\"@id\":\"https:\/\/franciscanos.org.br\/noticias\/#\/schema\/person\/69bb4cd273a2528548b63cccab4980a0\",\"name\":\"Guilherme Rocha\",\"image\":{\"@type\":\"ImageObject\",\"inLanguage\":\"pt-BR\",\"@id\":\"https:\/\/franciscanos.org.br\/noticias\/#\/schema\/person\/image\/\",\"url\":\"https:\/\/secure.gravatar.com\/avatar\/e480fee2377f81af36f6990ed742592a?s=96&d=mm&r=g\",\"contentUrl\":\"https:\/\/secure.gravatar.com\/avatar\/e480fee2377f81af36f6990ed742592a?s=96&d=mm&r=g\",\"caption\":\"Guilherme Rocha\"},\"url\":\"https:\/\/franciscanos.org.br\/noticias\/author\/guilhermerocha\"}]}<\/script>\n<!-- \/ Yoast SEO plugin. -->","yoast_head_json":{"title":"Par\u00f3quia Santo Ant\u00f4nio realiza retiro com foco no Jubileu de 800 anos da morte de S\u00e3o Francisco - Not\u00edcias - Franciscanos","robots":{"index":"index","follow":"follow","max-snippet":"max-snippet:-1","max-image-preview":"max-image-preview:large","max-video-preview":"max-video-preview:-1"},"canonical":"https:\/\/franciscanos.org.br\/noticias\/paroquia-santo-antonio-realiza-retiro-com-foco-no-jubileu-de-800-anos-da-morte-de-sao-francisco.html","og_locale":"pt_BR","og_type":"article","og_title":"Par\u00f3quia Santo Ant\u00f4nio realiza retiro com foco no Jubileu de 800 anos da morte de S\u00e3o Francisco - Not\u00edcias - Franciscanos","og_description":"Jubileu de 800 anos da morte de S\u00e3o Francisco","og_url":"https:\/\/franciscanos.org.br\/noticias\/paroquia-santo-antonio-realiza-retiro-com-foco-no-jubileu-de-800-anos-da-morte-de-sao-francisco.html","og_site_name":"Not\u00edcias - Franciscanos","article_published_time":"2026-03-09T14:25:46+00:00","article_modified_time":"2026-03-09T14:34:17+00:00","og_image":[{"width":1600,"height":719,"url":"https:\/\/franciscanos.org.br\/noticias\/wp-content\/uploads\/2026\/03\/Principal-2.jpeg","type":"image\/jpeg"}],"author":"Guilherme Rocha","twitter_card":"summary_large_image","twitter_misc":{"Escrito por":"Guilherme Rocha","Est. tempo de leitura":"2 minutos"},"schema":{"@context":"https:\/\/schema.org","@graph":[{"@type":"WebSite","@id":"https:\/\/franciscanos.org.br\/noticias\/#website","url":"https:\/\/franciscanos.org.br\/noticias\/","name":"Not\u00edcias - Franciscanos","description":"Prov\u00edncia Franciscana da Imaculada Concei\u00e7\u00e3o do Brasil - Ordem dos Frades Menores - OFM","potentialAction":[{"@type":"SearchAction","target":{"@type":"EntryPoint","urlTemplate":"https:\/\/franciscanos.org.br\/noticias\/?s={search_term_string}"},"query-input":"required name=search_term_string"}],"inLanguage":"pt-BR"},{"@type":"ImageObject","inLanguage":"pt-BR","@id":"https:\/\/franciscanos.org.br\/noticias\/paroquia-santo-antonio-realiza-retiro-com-foco-no-jubileu-de-800-anos-da-morte-de-sao-francisco.html#primaryimage","url":"https:\/\/franciscanos.org.br\/noticias\/wp-content\/uploads\/2026\/03\/Principal-2.jpeg","contentUrl":"https:\/\/franciscanos.org.br\/noticias\/wp-content\/uploads\/2026\/03\/Principal-2.jpeg","width":1600,"height":719},{"@type":"WebPage","@id":"https:\/\/franciscanos.org.br\/noticias\/paroquia-santo-antonio-realiza-retiro-com-foco-no-jubileu-de-800-anos-da-morte-de-sao-francisco.html#webpage","url":"https:\/\/franciscanos.org.br\/noticias\/paroquia-santo-antonio-realiza-retiro-com-foco-no-jubileu-de-800-anos-da-morte-de-sao-francisco.html","name":"Par\u00f3quia Santo Ant\u00f4nio realiza retiro com foco no Jubileu de 800 anos da morte de S\u00e3o Francisco - Not\u00edcias - Franciscanos","isPartOf":{"@id":"https:\/\/franciscanos.org.br\/noticias\/#website"},"primaryImageOfPage":{"@id":"https:\/\/franciscanos.org.br\/noticias\/paroquia-santo-antonio-realiza-retiro-com-foco-no-jubileu-de-800-anos-da-morte-de-sao-francisco.html#primaryimage"},"datePublished":"2026-03-09T14:25:46+00:00","dateModified":"2026-03-09T14:34:17+00:00","author":{"@id":"https:\/\/franciscanos.org.br\/noticias\/#\/schema\/person\/69bb4cd273a2528548b63cccab4980a0"},"breadcrumb":{"@id":"https:\/\/franciscanos.org.br\/noticias\/paroquia-santo-antonio-realiza-retiro-com-foco-no-jubileu-de-800-anos-da-morte-de-sao-francisco.html#breadcrumb"},"inLanguage":"pt-BR","potentialAction":[{"@type":"ReadAction","target":["https:\/\/franciscanos.org.br\/noticias\/paroquia-santo-antonio-realiza-retiro-com-foco-no-jubileu-de-800-anos-da-morte-de-sao-francisco.html"]}]},{"@type":"BreadcrumbList","@id":"https:\/\/franciscanos.org.br\/noticias\/paroquia-santo-antonio-realiza-retiro-com-foco-no-jubileu-de-800-anos-da-morte-de-sao-francisco.html#breadcrumb","itemListElement":[{"@type":"ListItem","position":1,"name":"Home","item":"https:\/\/franciscanos.org.br\/noticias"},{"@type":"ListItem","position":2,"name":"Par\u00f3quia Santo Ant\u00f4nio realiza retiro com foco no Jubileu de 800 anos da morte de S\u00e3o Francisco"}]},{"@type":"Person","@id":"https:\/\/franciscanos.org.br\/noticias\/#\/schema\/person\/69bb4cd273a2528548b63cccab4980a0","name":"Guilherme Rocha","image":{"@type":"ImageObject","inLanguage":"pt-BR","@id":"https:\/\/franciscanos.org.br\/noticias\/#\/schema\/person\/image\/","url":"https:\/\/secure.gravatar.com\/avatar\/e480fee2377f81af36f6990ed742592a?s=96&d=mm&r=g","contentUrl":"https:\/\/secure.gravatar.com\/avatar\/e480fee2377f81af36f6990ed742592a?s=96&d=mm&r=g","caption":"Guilherme Rocha"},"url":"https:\/\/franciscanos.org.br\/noticias\/author\/guilhermerocha"}]}},"_links":{"self":[{"href":"https:\/\/franciscanos.org.br\/noticias\/wp-json\/wp\/v2\/posts\/264776"}],"collection":[{"href":"https:\/\/franciscanos.org.br\/noticias\/wp-json\/wp\/v2\/posts"}],"about":[{"href":"https:\/\/franciscanos.org.br\/noticias\/wp-json\/wp\/v2\/types\/post"}],"author":[{"embeddable":true,"href":"https:\/\/franciscanos.org.br\/noticias\/wp-json\/wp\/v2\/users\/15"}],"replies":[{"embeddable":true,"href":"https:\/\/franciscanos.org.br\/noticias\/wp-json\/wp\/v2\/comments?post=264776"}],"version-history":[{"count":3,"href":"https:\/\/franciscanos.org.br\/noticias\/wp-json\/wp\/v2\/posts\/264776\/revisions"}],"predecessor-version":[{"id":264789,"href":"https:\/\/franciscanos.org.br\/noticias\/wp-json\/wp\/v2\/posts\/264776\/revisions\/264789"}],"wp:featuredmedia":[{"embeddable":true,"href":"https:\/\/franciscanos.org.br\/noticias\/wp-json\/wp\/v2\/media\/264777"}],"wp:attachment":[{"href":"https:\/\/franciscanos.org.br\/noticias\/wp-json\/wp\/v2\/media?parent=264776"}],"wp:term":[{"taxonomy":"category","embeddable":true,"href":"https:\/\/franciscanos.org.br\/noticias\/wp-json\/wp\/v2\/categories?post=264776"},{"taxonomy":"post_tag","embeddable":true,"href":"https:\/\/franciscanos.org.br\/noticias\/wp-json\/wp\/v2\/tags?post=264776"}],"curies":[{"name":"wp","href":"https:\/\/api.w.org\/{rel}","templated":true}]}}