{"id":264725,"date":"2026-03-06T16:09:07","date_gmt":"2026-03-06T19:09:07","guid":{"rendered":"https:\/\/franciscanos.org.br\/noticias\/?p=264725"},"modified":"2026-03-12T16:42:16","modified_gmt":"2026-03-12T19:42:16","slug":"radio-frei-galvao-celebra-um-ano-com-mobilizacao-solidaria-as-familias-atingidas-pelas-chuvas-em-guaratingueta-sp","status":"publish","type":"post","link":"https:\/\/franciscanos.org.br\/noticias\/radio-frei-galvao-celebra-um-ano-com-mobilizacao-solidaria-as-familias-atingidas-pelas-chuvas-em-guaratingueta-sp.html","title":{"rendered":"R\u00e1dio Frei Galv\u00e3o celebra um ano com mobiliza\u00e7\u00e3o solid\u00e1ria \u00e0s fam\u00edlias atingidas pelas chuvas em Guaratinguet\u00e1 (SP)"},"content":{"rendered":"<p><img loading=\"lazy\" class=\"size-medium wp-image-264727 aligncenter\" src=\"https:\/\/franciscanos.org.br\/noticias\/wp-content\/uploads\/2026\/03\/Frei-Galva\u0303o-450x300.jpeg\" alt=\"\" width=\"450\" height=\"300\" srcset=\"https:\/\/franciscanos.org.br\/noticias\/wp-content\/uploads\/2026\/03\/Frei-Galva\u0303o-450x300.jpeg 450w, https:\/\/franciscanos.org.br\/noticias\/wp-content\/uploads\/2026\/03\/Frei-Galva\u0303o-1024x684.jpeg 1024w, https:\/\/franciscanos.org.br\/noticias\/wp-content\/uploads\/2026\/03\/Frei-Galva\u0303o-768x513.jpeg 768w, https:\/\/franciscanos.org.br\/noticias\/wp-content\/uploads\/2026\/03\/Frei-Galva\u0303o-1536x1025.jpeg 1536w, https:\/\/franciscanos.org.br\/noticias\/wp-content\/uploads\/2026\/03\/Frei-Galva\u0303o-2048x1367.jpeg 2048w, https:\/\/franciscanos.org.br\/noticias\/wp-content\/uploads\/2026\/03\/Frei-Galva\u0303o-150x100.jpeg 150w, https:\/\/franciscanos.org.br\/noticias\/wp-content\/uploads\/2026\/03\/Frei-Galva\u0303o-scaled.jpeg 1617w\" sizes=\"(max-width: 450px) 100vw, 450px\" \/><\/p>\n<p><span style=\"font-weight: 400;\">A\u00a0R\u00e1dio Frei Galv\u00e3o 89,9 FM\u00a0celebra neste final de semana seu primeiro anivers\u00e1rio de presen\u00e7a e radiodifus\u00e3o em\u00a0Guaratinguet\u00e1. O que inicialmente seria apenas um momento festivo de confraterniza\u00e7\u00e3o com ouvintes, parceiros e anunciantes ganhou um novo significado diante das fortes chuvas que atingiram a cidade na \u00faltima quinta-feira (5). A programa\u00e7\u00e3o comemorativa foi mantida, mas passou a ter um car\u00e1ter solid\u00e1rio, com mobiliza\u00e7\u00e3o em apoio \u00e0s fam\u00edlias afetadas pelas enchentes.<\/span><\/p>\n<p><span style=\"font-weight: 400;\">A emissora, que nasceu com o lema \u201cComunicando a Paz e o Bem\u201d, completa 365 dias de transmiss\u00e3o levando informa\u00e7\u00e3o, m\u00fasica, entretenimento e espiritualidade \u00e0 popula\u00e7\u00e3o da regi\u00e3o. Segundo a dire\u00e7\u00e3o da r\u00e1dio, este primeiro ano representa n\u00e3o apenas uma conquista institucional, mas o fruto da confian\u00e7a dos ouvintes e parceiros que ajudaram a consolidar o projeto.<\/span><\/p>\n<p><span style=\"font-weight: 400;\">Diante da situa\u00e7\u00e3o de emerg\u00eancia enfrentada pela cidade, a dire\u00e7\u00e3o da r\u00e1dio decidiu transformar a celebra\u00e7\u00e3o em um gesto concreto de solidariedade. O reitor do\u00a0Santu\u00e1rio Frei Galv\u00e3o\u00a0e diretor da emissora,\u00a0Frei Diego Melo, destacou que a iniciativa corresponde exatamente \u00e0 miss\u00e3o da r\u00e1dio.<\/span><\/p>\n<p><span style=\"font-weight: 400;\">\u201cN\u00f3s estamos aqui em Guaratinguet\u00e1 atravessando este tempo dif\u00edcil, este tempo em que as chuvas prejudicaram in\u00fameras casas e atingiram in\u00fameras fam\u00edlias. A r\u00e1dio vai continuar com a sua celebra\u00e7\u00e3o de um ano, mas fazendo exatamente aquilo para o qual ela nasceu: oferecer os seus servi\u00e7os e abrir os seus microfones para ajudar as pessoas\u201d, afirmou.<\/span><\/p>\n\n\t\t<style type=\"text\/css\">\n\t\t\t#gallery-1 {\n\t\t\t\tmargin: auto;\n\t\t\t}\n\t\t\t#gallery-1 .gallery-item {\n\t\t\t\tfloat: left;\n\t\t\t\tmargin-top: 10px;\n\t\t\t\ttext-align: center;\n\t\t\t\twidth: 33%;\n\t\t\t}\n\t\t\t#gallery-1 img {\n\t\t\t\tborder: 2px solid #cfcfcf;\n\t\t\t}\n\t\t\t#gallery-1 .gallery-caption {\n\t\t\t\tmargin-left: 0;\n\t\t\t}\n\t\t\t\/* see gallery_shortcode() in wp-includes\/media.php *\/\n\t\t<\/style>\n\t\t<div id='gallery-1' class='gallery galleryid-264725 gallery-columns-3 gallery-size-thumbnail'><dl class='gallery-item'>\n\t\t\t<dt class='gallery-icon landscape'>\n\t\t\t\t<a href='https:\/\/franciscanos.org.br\/noticias\/wp-content\/uploads\/2026\/03\/1.-Enchente-em-Guaratingueta-II.jpeg'><img width=\"300\" height=\"300\" src=\"https:\/\/franciscanos.org.br\/noticias\/wp-content\/uploads\/2026\/03\/1.-Enchente-em-Guaratingueta-II-300x300.jpeg\" class=\"attachment-thumbnail size-thumbnail\" alt=\"\" loading=\"lazy\" srcset=\"https:\/\/franciscanos.org.br\/noticias\/wp-content\/uploads\/2026\/03\/1.-Enchente-em-Guaratingueta-II-300x300.jpeg 300w, https:\/\/franciscanos.org.br\/noticias\/wp-content\/uploads\/2026\/03\/1.-Enchente-em-Guaratingueta-II-100x100.jpeg 100w\" sizes=\"(max-width: 300px) 100vw, 300px\" \/><\/a>\n\t\t\t<\/dt><\/dl><dl class='gallery-item'>\n\t\t\t<dt class='gallery-icon landscape'>\n\t\t\t\t<a href='https:\/\/franciscanos.org.br\/noticias\/wp-content\/uploads\/2026\/03\/2.-Enchente-em-Guaratingueta.jpeg'><img width=\"300\" height=\"300\" src=\"https:\/\/franciscanos.org.br\/noticias\/wp-content\/uploads\/2026\/03\/2.-Enchente-em-Guaratingueta-300x300.jpeg\" class=\"attachment-thumbnail size-thumbnail\" alt=\"\" loading=\"lazy\" srcset=\"https:\/\/franciscanos.org.br\/noticias\/wp-content\/uploads\/2026\/03\/2.-Enchente-em-Guaratingueta-300x300.jpeg 300w, https:\/\/franciscanos.org.br\/noticias\/wp-content\/uploads\/2026\/03\/2.-Enchente-em-Guaratingueta-100x100.jpeg 100w\" sizes=\"(max-width: 300px) 100vw, 300px\" \/><\/a>\n\t\t\t<\/dt><\/dl><dl class='gallery-item'>\n\t\t\t<dt class='gallery-icon landscape'>\n\t\t\t\t<a href='https:\/\/franciscanos.org.br\/noticias\/wp-content\/uploads\/2026\/03\/3.-Radio-Frei-Galvao-celebra-um-ano-com-mobilizacao-solidaria-as-familias-atingidas-pelas-chuvas-em-Guaratingueta-SP-III.jpeg'><img width=\"300\" height=\"300\" src=\"https:\/\/franciscanos.org.br\/noticias\/wp-content\/uploads\/2026\/03\/3.-Radio-Frei-Galvao-celebra-um-ano-com-mobilizacao-solidaria-as-familias-atingidas-pelas-chuvas-em-Guaratingueta-SP-III-300x300.jpeg\" class=\"attachment-thumbnail size-thumbnail\" alt=\"\" loading=\"lazy\" srcset=\"https:\/\/franciscanos.org.br\/noticias\/wp-content\/uploads\/2026\/03\/3.-Radio-Frei-Galvao-celebra-um-ano-com-mobilizacao-solidaria-as-familias-atingidas-pelas-chuvas-em-Guaratingueta-SP-III-300x300.jpeg 300w, https:\/\/franciscanos.org.br\/noticias\/wp-content\/uploads\/2026\/03\/3.-Radio-Frei-Galvao-celebra-um-ano-com-mobilizacao-solidaria-as-familias-atingidas-pelas-chuvas-em-Guaratingueta-SP-III-100x100.jpeg 100w\" sizes=\"(max-width: 300px) 100vw, 300px\" \/><\/a>\n\t\t\t<\/dt><\/dl><br style=\"clear: both\" \/>\n\t\t<\/div>\n\n<p><span style=\"font-weight: 400;\">Segundo o frade, a programa\u00e7\u00e3o do anivers\u00e1rio ser\u00e1 tamb\u00e9m um grande gesto de mobiliza\u00e7\u00e3o social. \u201cEsta grande mobiliza\u00e7\u00e3o da R\u00e1dio Frei Galv\u00e3o vai acontecer neste final de semana em solidariedade \u00e0s fam\u00edlias atingidas pelas chuvas. Este \u00e9 o presente maior que a r\u00e1dio de Frei Galv\u00e3o pode oferecer para a cidade: um servi\u00e7o de ajuda, prestar a sua solidariedade\u201d, disse.<\/span><\/p>\n<p><span style=\"font-weight: 400;\">O presidente da\u00a0Funda\u00e7\u00e3o Frei Rog\u00e9rio da qual pertencente a R\u00e1dio Frei Galv\u00e3o,\u00a0Frei Augusto Luiz Gabriel, tamb\u00e9m destacou o significado desta celebra\u00e7\u00e3o, marcada pela gratid\u00e3o e pela solidariedade.<\/span><\/p>\n<p><span style=\"font-weight: 400;\">\u201cCelebrar o primeiro ano da R\u00e1dio Frei Galv\u00e3o \u00e9 motivo de gratid\u00e3o. Ao longo deste primeiro ano, a r\u00e1dio tem procurado cumprir sua miss\u00e3o de comunicar a paz e o bem, levando informa\u00e7\u00e3o, m\u00fasica, espiritualidade e esperan\u00e7a aos lares de nossa regi\u00e3o. Neste momento, por\u00e9m, nossa cidade de Guaratinguet\u00e1 atravessa um tempo dif\u00edcil por causa das fortes chuvas, que atingiram muitas fam\u00edlias. Por isso, a celebra\u00e7\u00e3o deste anivers\u00e1rio ganha tamb\u00e9m um sentido ainda mais profundo: o de solidariedade e cuidado com quem mais precisa\u201d, ressaltou.<\/span><\/p>\n<p><span style=\"font-weight: 400;\">\u201cConvidamos todos os ouvintes e amigos da r\u00e1dio a se unirem a essa mobiliza\u00e7\u00e3o, colaborando com doa\u00e7\u00f5es de \u00e1gua, produtos de higiene pessoal e materiais de limpeza para as fam\u00edlias atingidas\u201d, disse. \u201cQue este primeiro anivers\u00e1rio da r\u00e1dio seja marcado n\u00e3o apenas pela alegria de celebrar, mas tamb\u00e9m pelo compromisso de servir. Que possamos continuar sendo um instrumento de esperan\u00e7a, de f\u00e9 e de solidariedade para toda a nossa cidade. Que Deus aben\u00e7oe a todos\u201d, desejou.<\/span><\/p>\n<p><img loading=\"lazy\" class=\"size-medium wp-image-264731 aligncenter\" src=\"https:\/\/franciscanos.org.br\/noticias\/wp-content\/uploads\/2026\/03\/Frei_Galvao.jpg-450x300.webp\" alt=\"\" width=\"450\" height=\"300\" srcset=\"https:\/\/franciscanos.org.br\/noticias\/wp-content\/uploads\/2026\/03\/Frei_Galvao.jpg-450x300.webp 450w, https:\/\/franciscanos.org.br\/noticias\/wp-content\/uploads\/2026\/03\/Frei_Galvao.jpg-1024x683.webp 1024w, https:\/\/franciscanos.org.br\/noticias\/wp-content\/uploads\/2026\/03\/Frei_Galvao.jpg-768x512.webp 768w, https:\/\/franciscanos.org.br\/noticias\/wp-content\/uploads\/2026\/03\/Frei_Galvao.jpg-1536x1024.webp 1536w, https:\/\/franciscanos.org.br\/noticias\/wp-content\/uploads\/2026\/03\/Frei_Galvao.jpg-2048x1365.webp 2048w, https:\/\/franciscanos.org.br\/noticias\/wp-content\/uploads\/2026\/03\/Frei_Galvao.jpg-150x100.webp 150w, https:\/\/franciscanos.org.br\/noticias\/wp-content\/uploads\/2026\/03\/Frei_Galvao.jpg-scaled.webp 1920w\" sizes=\"(max-width: 450px) 100vw, 450px\" \/><\/p>\n<p><b>Programa\u00e7\u00e3o do anivers\u00e1rio<\/b><\/p>\n<p><span style=\"font-weight: 400;\">As atividades come\u00e7am no s\u00e1bado, dia 7 de mar\u00e7o, com um coquetel especial realizado\u00a0dentro da sede da emissora, reunindo anunciantes e parceiros que j\u00e1 haviam sido convidados para este momento de confraterniza\u00e7\u00e3o pelo primeiro ano da r\u00e1dio. Ao mesmo tempo,\u00a0do lado de fora e na cidade, a programa\u00e7\u00e3o assume um car\u00e1ter solid\u00e1rio, com mobiliza\u00e7\u00e3o da equipe e campanha de arrecada\u00e7\u00e3o em favor das fam\u00edlias atingidas pelas chuvas, al\u00e9m de a\u00e7\u00f5es com m\u00fasica, anima\u00e7\u00e3o e intera\u00e7\u00e3o com o p\u00fablico, sob a condu\u00e7\u00e3o do apresentador Alexandre Gaspar.<\/span><\/p>\n<p><span style=\"font-weight: 400;\">No domingo, dia 8, \u00e0s 10h, ser\u00e1 celebrada uma Santa Missa no\u00a0Santu\u00e1rio Frei Galv\u00e3o. A celebra\u00e7\u00e3o ser\u00e1 presidida por\u00a0Frei Augusto Luiz Gabriel\u00a0e reunir\u00e1 a equipe da emissora, colaboradores e fi\u00e9is. Ap\u00f3s a missa, est\u00e1 previsto um almo\u00e7o de confraterniza\u00e7\u00e3o entre os integrantes da r\u00e1dio.<\/span><\/p>\n<p>A R\u00e1dio Frei Galv\u00e3o tamb\u00e9m est\u00e1 dispon\u00edvel no Youtube. Confira abaixo:<\/p>\n<p><iframe loading=\"lazy\" width=\"100%\" height=\"480\" src=\"https:\/\/www.youtube.com\/embed\/TIk4jshPd4c\" title=\"\" frameborder=\"0\" allow=\"accelerometer; autoplay; clipboard-write; encrypted-media; gyroscope; picture-in-picture; web-share\" referrerpolicy=\"strict-origin-when-cross-origin\" allowfullscreen><\/iframe><\/p>\n<p><b>Campanha de solidariedade<\/b><\/p>\n<p><span style=\"font-weight: 400;\">Desde hoje, 6 de mar\u00e7o, durante toda a programa\u00e7\u00e3o, a equipe da r\u00e1dio vem mobilizando a popula\u00e7\u00e3o para colaborar com as fam\u00edlias atingidas pelas chuvas. As doa\u00e7\u00f5es podem ser entregues no pr\u00f3prio Santu\u00e1rio ou destinadas ao Fundo Social do munic\u00edpio.<\/span><\/p>\n<p><span style=\"font-weight: 400;\">Entre os itens solicitados est\u00e3o \u00e1gua pot\u00e1vel, produtos de higiene pessoal e materiais de limpeza, que ser\u00e3o posteriormente distribu\u00eddos \u00e0s fam\u00edlias que tiveram suas casas afetadas.<\/span><\/p>\n<p><span style=\"font-weight: 400;\">Ao completar seu primeiro ano de hist\u00f3ria, a\u00a0R\u00e1dio Frei Galv\u00e3o 89,9 FM\u00a0reafirma, assim, sua miss\u00e3o de estar pr\u00f3xima da popula\u00e7\u00e3o, especialmente nos momentos mais dif\u00edceis, colocando sua estrutura e seus microfones a servi\u00e7o da solidariedade e do cuidado com a vida.<\/span><\/p>\n<p><img loading=\"lazy\" class=\"size-medium wp-image-264732 aligncenter\" src=\"https:\/\/franciscanos.org.br\/noticias\/wp-content\/uploads\/2026\/03\/Banner-Youtube-Completo-450x253.png\" alt=\"\" width=\"450\" height=\"253\" srcset=\"https:\/\/franciscanos.org.br\/noticias\/wp-content\/uploads\/2026\/03\/Banner-Youtube-Completo-450x253.png 450w, https:\/\/franciscanos.org.br\/noticias\/wp-content\/uploads\/2026\/03\/Banner-Youtube-Completo-1024x576.png 1024w, https:\/\/franciscanos.org.br\/noticias\/wp-content\/uploads\/2026\/03\/Banner-Youtube-Completo-768x432.png 768w, https:\/\/franciscanos.org.br\/noticias\/wp-content\/uploads\/2026\/03\/Banner-Youtube-Completo-1536x864.png 1536w, https:\/\/franciscanos.org.br\/noticias\/wp-content\/uploads\/2026\/03\/Banner-Youtube-Completo-2048x1152.png 2048w, https:\/\/franciscanos.org.br\/noticias\/wp-content\/uploads\/2026\/03\/Banner-Youtube-Completo-150x84.png 150w, https:\/\/franciscanos.org.br\/noticias\/wp-content\/uploads\/2026\/03\/Banner-Youtube-Completo.png 1920w\" sizes=\"(max-width: 450px) 100vw, 450px\" \/><\/p>\n<hr \/>\n<p><i>Dire\u00e7\u00e3o da R\u00e1dio Frei Galv\u00e3o<\/i><\/p>\n","protected":false},"excerpt":{"rendered":"<p>R\u00e1dio Frei Galv\u00e3o<\/p>\n","protected":false},"author":15,"featured_media":264727,"comment_status":"open","ping_status":"open","sticky":false,"template":"","format":"standard","meta":[],"categories":[1],"tags":[1168,2299],"acf":[],"yoast_head":"<!-- This site is optimized with the Yoast SEO plugin v19.2 - https:\/\/yoast.com\/wordpress\/plugins\/seo\/ -->\n<title>R\u00e1dio Frei Galv\u00e3o celebra um ano com mobiliza\u00e7\u00e3o solid\u00e1ria \u00e0s fam\u00edlias atingidas pelas chuvas em Guaratinguet\u00e1 (SP) - Not\u00edcias - Franciscanos<\/title>\n<meta name=\"robots\" content=\"index, follow, max-snippet:-1, max-image-preview:large, max-video-preview:-1\" \/>\n<link rel=\"canonical\" href=\"https:\/\/franciscanos.org.br\/noticias\/radio-frei-galvao-celebra-um-ano-com-mobilizacao-solidaria-as-familias-atingidas-pelas-chuvas-em-guaratingueta-sp.html\" \/>\n<meta property=\"og:locale\" content=\"pt_BR\" \/>\n<meta property=\"og:type\" content=\"article\" \/>\n<meta property=\"og:title\" content=\"R\u00e1dio Frei Galv\u00e3o celebra um ano com mobiliza\u00e7\u00e3o solid\u00e1ria \u00e0s fam\u00edlias atingidas pelas chuvas em Guaratinguet\u00e1 (SP) - Not\u00edcias - Franciscanos\" \/>\n<meta property=\"og:description\" content=\"R\u00e1dio Frei Galv\u00e3o\" \/>\n<meta property=\"og:url\" content=\"https:\/\/franciscanos.org.br\/noticias\/radio-frei-galvao-celebra-um-ano-com-mobilizacao-solidaria-as-familias-atingidas-pelas-chuvas-em-guaratingueta-sp.html\" \/>\n<meta property=\"og:site_name\" content=\"Not\u00edcias - Franciscanos\" \/>\n<meta property=\"article:published_time\" content=\"2026-03-06T19:09:07+00:00\" \/>\n<meta property=\"article:modified_time\" content=\"2026-03-12T19:42:16+00:00\" \/>\n<meta property=\"og:image\" content=\"https:\/\/franciscanos.org.br\/noticias\/wp-content\/uploads\/2026\/03\/Frei-Galva\u0303o-scaled.jpeg\" \/>\n\t<meta property=\"og:image:width\" content=\"1617\" \/>\n\t<meta property=\"og:image:height\" content=\"1080\" \/>\n\t<meta property=\"og:image:type\" content=\"image\/jpeg\" \/>\n<meta name=\"author\" content=\"Guilherme Rocha\" \/>\n<meta name=\"twitter:card\" content=\"summary_large_image\" \/>\n<meta name=\"twitter:label1\" content=\"Escrito por\" \/>\n\t<meta name=\"twitter:data1\" content=\"Guilherme Rocha\" \/>\n\t<meta name=\"twitter:label2\" content=\"Est. tempo de leitura\" \/>\n\t<meta name=\"twitter:data2\" content=\"4 minutos\" \/>\n<script type=\"application\/ld+json\" class=\"yoast-schema-graph\">{\"@context\":\"https:\/\/schema.org\",\"@graph\":[{\"@type\":\"WebSite\",\"@id\":\"https:\/\/franciscanos.org.br\/noticias\/#website\",\"url\":\"https:\/\/franciscanos.org.br\/noticias\/\",\"name\":\"Not\u00edcias - Franciscanos\",\"description\":\"Prov\u00edncia Franciscana da Imaculada Concei\u00e7\u00e3o do Brasil - Ordem dos Frades Menores - OFM\",\"potentialAction\":[{\"@type\":\"SearchAction\",\"target\":{\"@type\":\"EntryPoint\",\"urlTemplate\":\"https:\/\/franciscanos.org.br\/noticias\/?s={search_term_string}\"},\"query-input\":\"required name=search_term_string\"}],\"inLanguage\":\"pt-BR\"},{\"@type\":\"ImageObject\",\"inLanguage\":\"pt-BR\",\"@id\":\"https:\/\/franciscanos.org.br\/noticias\/radio-frei-galvao-celebra-um-ano-com-mobilizacao-solidaria-as-familias-atingidas-pelas-chuvas-em-guaratingueta-sp.html#primaryimage\",\"url\":\"https:\/\/franciscanos.org.br\/noticias\/wp-content\/uploads\/2026\/03\/Frei-Galva\u0303o-scaled.jpeg\",\"contentUrl\":\"https:\/\/franciscanos.org.br\/noticias\/wp-content\/uploads\/2026\/03\/Frei-Galva\u0303o-scaled.jpeg\",\"width\":1617,\"height\":1080},{\"@type\":\"WebPage\",\"@id\":\"https:\/\/franciscanos.org.br\/noticias\/radio-frei-galvao-celebra-um-ano-com-mobilizacao-solidaria-as-familias-atingidas-pelas-chuvas-em-guaratingueta-sp.html#webpage\",\"url\":\"https:\/\/franciscanos.org.br\/noticias\/radio-frei-galvao-celebra-um-ano-com-mobilizacao-solidaria-as-familias-atingidas-pelas-chuvas-em-guaratingueta-sp.html\",\"name\":\"R\u00e1dio Frei Galv\u00e3o celebra um ano com mobiliza\u00e7\u00e3o solid\u00e1ria \u00e0s fam\u00edlias atingidas pelas chuvas em Guaratinguet\u00e1 (SP) - Not\u00edcias - Franciscanos\",\"isPartOf\":{\"@id\":\"https:\/\/franciscanos.org.br\/noticias\/#website\"},\"primaryImageOfPage\":{\"@id\":\"https:\/\/franciscanos.org.br\/noticias\/radio-frei-galvao-celebra-um-ano-com-mobilizacao-solidaria-as-familias-atingidas-pelas-chuvas-em-guaratingueta-sp.html#primaryimage\"},\"datePublished\":\"2026-03-06T19:09:07+00:00\",\"dateModified\":\"2026-03-12T19:42:16+00:00\",\"author\":{\"@id\":\"https:\/\/franciscanos.org.br\/noticias\/#\/schema\/person\/69bb4cd273a2528548b63cccab4980a0\"},\"breadcrumb\":{\"@id\":\"https:\/\/franciscanos.org.br\/noticias\/radio-frei-galvao-celebra-um-ano-com-mobilizacao-solidaria-as-familias-atingidas-pelas-chuvas-em-guaratingueta-sp.html#breadcrumb\"},\"inLanguage\":\"pt-BR\",\"potentialAction\":[{\"@type\":\"ReadAction\",\"target\":[\"https:\/\/franciscanos.org.br\/noticias\/radio-frei-galvao-celebra-um-ano-com-mobilizacao-solidaria-as-familias-atingidas-pelas-chuvas-em-guaratingueta-sp.html\"]}]},{\"@type\":\"BreadcrumbList\",\"@id\":\"https:\/\/franciscanos.org.br\/noticias\/radio-frei-galvao-celebra-um-ano-com-mobilizacao-solidaria-as-familias-atingidas-pelas-chuvas-em-guaratingueta-sp.html#breadcrumb\",\"itemListElement\":[{\"@type\":\"ListItem\",\"position\":1,\"name\":\"Home\",\"item\":\"https:\/\/franciscanos.org.br\/noticias\"},{\"@type\":\"ListItem\",\"position\":2,\"name\":\"R\u00e1dio Frei Galv\u00e3o celebra um ano com mobiliza\u00e7\u00e3o solid\u00e1ria \u00e0s fam\u00edlias atingidas pelas chuvas em Guaratinguet\u00e1 (SP)\"}]},{\"@type\":\"Person\",\"@id\":\"https:\/\/franciscanos.org.br\/noticias\/#\/schema\/person\/69bb4cd273a2528548b63cccab4980a0\",\"name\":\"Guilherme Rocha\",\"image\":{\"@type\":\"ImageObject\",\"inLanguage\":\"pt-BR\",\"@id\":\"https:\/\/franciscanos.org.br\/noticias\/#\/schema\/person\/image\/\",\"url\":\"https:\/\/secure.gravatar.com\/avatar\/e480fee2377f81af36f6990ed742592a?s=96&d=mm&r=g\",\"contentUrl\":\"https:\/\/secure.gravatar.com\/avatar\/e480fee2377f81af36f6990ed742592a?s=96&d=mm&r=g\",\"caption\":\"Guilherme Rocha\"},\"url\":\"https:\/\/franciscanos.org.br\/noticias\/author\/guilhermerocha\"}]}<\/script>\n<!-- \/ Yoast SEO plugin. -->","yoast_head_json":{"title":"R\u00e1dio Frei Galv\u00e3o celebra um ano com mobiliza\u00e7\u00e3o solid\u00e1ria \u00e0s fam\u00edlias atingidas pelas chuvas em Guaratinguet\u00e1 (SP) - Not\u00edcias - Franciscanos","robots":{"index":"index","follow":"follow","max-snippet":"max-snippet:-1","max-image-preview":"max-image-preview:large","max-video-preview":"max-video-preview:-1"},"canonical":"https:\/\/franciscanos.org.br\/noticias\/radio-frei-galvao-celebra-um-ano-com-mobilizacao-solidaria-as-familias-atingidas-pelas-chuvas-em-guaratingueta-sp.html","og_locale":"pt_BR","og_type":"article","og_title":"R\u00e1dio Frei Galv\u00e3o celebra um ano com mobiliza\u00e7\u00e3o solid\u00e1ria \u00e0s fam\u00edlias atingidas pelas chuvas em Guaratinguet\u00e1 (SP) - Not\u00edcias - Franciscanos","og_description":"R\u00e1dio Frei Galv\u00e3o","og_url":"https:\/\/franciscanos.org.br\/noticias\/radio-frei-galvao-celebra-um-ano-com-mobilizacao-solidaria-as-familias-atingidas-pelas-chuvas-em-guaratingueta-sp.html","og_site_name":"Not\u00edcias - Franciscanos","article_published_time":"2026-03-06T19:09:07+00:00","article_modified_time":"2026-03-12T19:42:16+00:00","og_image":[{"width":1617,"height":1080,"url":"https:\/\/franciscanos.org.br\/noticias\/wp-content\/uploads\/2026\/03\/Frei-Galva\u0303o-scaled.jpeg","type":"image\/jpeg"}],"author":"Guilherme Rocha","twitter_card":"summary_large_image","twitter_misc":{"Escrito por":"Guilherme Rocha","Est. tempo de leitura":"4 minutos"},"schema":{"@context":"https:\/\/schema.org","@graph":[{"@type":"WebSite","@id":"https:\/\/franciscanos.org.br\/noticias\/#website","url":"https:\/\/franciscanos.org.br\/noticias\/","name":"Not\u00edcias - Franciscanos","description":"Prov\u00edncia Franciscana da Imaculada Concei\u00e7\u00e3o do Brasil - Ordem dos Frades Menores - OFM","potentialAction":[{"@type":"SearchAction","target":{"@type":"EntryPoint","urlTemplate":"https:\/\/franciscanos.org.br\/noticias\/?s={search_term_string}"},"query-input":"required name=search_term_string"}],"inLanguage":"pt-BR"},{"@type":"ImageObject","inLanguage":"pt-BR","@id":"https:\/\/franciscanos.org.br\/noticias\/radio-frei-galvao-celebra-um-ano-com-mobilizacao-solidaria-as-familias-atingidas-pelas-chuvas-em-guaratingueta-sp.html#primaryimage","url":"https:\/\/franciscanos.org.br\/noticias\/wp-content\/uploads\/2026\/03\/Frei-Galva\u0303o-scaled.jpeg","contentUrl":"https:\/\/franciscanos.org.br\/noticias\/wp-content\/uploads\/2026\/03\/Frei-Galva\u0303o-scaled.jpeg","width":1617,"height":1080},{"@type":"WebPage","@id":"https:\/\/franciscanos.org.br\/noticias\/radio-frei-galvao-celebra-um-ano-com-mobilizacao-solidaria-as-familias-atingidas-pelas-chuvas-em-guaratingueta-sp.html#webpage","url":"https:\/\/franciscanos.org.br\/noticias\/radio-frei-galvao-celebra-um-ano-com-mobilizacao-solidaria-as-familias-atingidas-pelas-chuvas-em-guaratingueta-sp.html","name":"R\u00e1dio Frei Galv\u00e3o celebra um ano com mobiliza\u00e7\u00e3o solid\u00e1ria \u00e0s fam\u00edlias atingidas pelas chuvas em Guaratinguet\u00e1 (SP) - Not\u00edcias - Franciscanos","isPartOf":{"@id":"https:\/\/franciscanos.org.br\/noticias\/#website"},"primaryImageOfPage":{"@id":"https:\/\/franciscanos.org.br\/noticias\/radio-frei-galvao-celebra-um-ano-com-mobilizacao-solidaria-as-familias-atingidas-pelas-chuvas-em-guaratingueta-sp.html#primaryimage"},"datePublished":"2026-03-06T19:09:07+00:00","dateModified":"2026-03-12T19:42:16+00:00","author":{"@id":"https:\/\/franciscanos.org.br\/noticias\/#\/schema\/person\/69bb4cd273a2528548b63cccab4980a0"},"breadcrumb":{"@id":"https:\/\/franciscanos.org.br\/noticias\/radio-frei-galvao-celebra-um-ano-com-mobilizacao-solidaria-as-familias-atingidas-pelas-chuvas-em-guaratingueta-sp.html#breadcrumb"},"inLanguage":"pt-BR","potentialAction":[{"@type":"ReadAction","target":["https:\/\/franciscanos.org.br\/noticias\/radio-frei-galvao-celebra-um-ano-com-mobilizacao-solidaria-as-familias-atingidas-pelas-chuvas-em-guaratingueta-sp.html"]}]},{"@type":"BreadcrumbList","@id":"https:\/\/franciscanos.org.br\/noticias\/radio-frei-galvao-celebra-um-ano-com-mobilizacao-solidaria-as-familias-atingidas-pelas-chuvas-em-guaratingueta-sp.html#breadcrumb","itemListElement":[{"@type":"ListItem","position":1,"name":"Home","item":"https:\/\/franciscanos.org.br\/noticias"},{"@type":"ListItem","position":2,"name":"R\u00e1dio Frei Galv\u00e3o celebra um ano com mobiliza\u00e7\u00e3o solid\u00e1ria \u00e0s fam\u00edlias atingidas pelas chuvas em Guaratinguet\u00e1 (SP)"}]},{"@type":"Person","@id":"https:\/\/franciscanos.org.br\/noticias\/#\/schema\/person\/69bb4cd273a2528548b63cccab4980a0","name":"Guilherme Rocha","image":{"@type":"ImageObject","inLanguage":"pt-BR","@id":"https:\/\/franciscanos.org.br\/noticias\/#\/schema\/person\/image\/","url":"https:\/\/secure.gravatar.com\/avatar\/e480fee2377f81af36f6990ed742592a?s=96&d=mm&r=g","contentUrl":"https:\/\/secure.gravatar.com\/avatar\/e480fee2377f81af36f6990ed742592a?s=96&d=mm&r=g","caption":"Guilherme Rocha"},"url":"https:\/\/franciscanos.org.br\/noticias\/author\/guilhermerocha"}]}},"_links":{"self":[{"href":"https:\/\/franciscanos.org.br\/noticias\/wp-json\/wp\/v2\/posts\/264725"}],"collection":[{"href":"https:\/\/franciscanos.org.br\/noticias\/wp-json\/wp\/v2\/posts"}],"about":[{"href":"https:\/\/franciscanos.org.br\/noticias\/wp-json\/wp\/v2\/types\/post"}],"author":[{"embeddable":true,"href":"https:\/\/franciscanos.org.br\/noticias\/wp-json\/wp\/v2\/users\/15"}],"replies":[{"embeddable":true,"href":"https:\/\/franciscanos.org.br\/noticias\/wp-json\/wp\/v2\/comments?post=264725"}],"version-history":[{"count":3,"href":"https:\/\/franciscanos.org.br\/noticias\/wp-json\/wp\/v2\/posts\/264725\/revisions"}],"predecessor-version":[{"id":264735,"href":"https:\/\/franciscanos.org.br\/noticias\/wp-json\/wp\/v2\/posts\/264725\/revisions\/264735"}],"wp:featuredmedia":[{"embeddable":true,"href":"https:\/\/franciscanos.org.br\/noticias\/wp-json\/wp\/v2\/media\/264727"}],"wp:attachment":[{"href":"https:\/\/franciscanos.org.br\/noticias\/wp-json\/wp\/v2\/media?parent=264725"}],"wp:term":[{"taxonomy":"category","embeddable":true,"href":"https:\/\/franciscanos.org.br\/noticias\/wp-json\/wp\/v2\/categories?post=264725"},{"taxonomy":"post_tag","embeddable":true,"href":"https:\/\/franciscanos.org.br\/noticias\/wp-json\/wp\/v2\/tags?post=264725"}],"curies":[{"name":"wp","href":"https:\/\/api.w.org\/{rel}","templated":true}]}}