{"id":264708,"date":"2026-03-06T12:21:40","date_gmt":"2026-03-06T15:21:40","guid":{"rendered":"https:\/\/franciscanos.org.br\/noticias\/?p=264708"},"modified":"2026-03-06T12:21:40","modified_gmt":"2026-03-06T15:21:40","slug":"inspirada-em-sao-francisco-comissao-da-ofm-divulga-mensagem-de-paz-para-a-quaresma-e-o-ramada","status":"publish","type":"post","link":"https:\/\/franciscanos.org.br\/noticias\/inspirada-em-sao-francisco-comissao-da-ofm-divulga-mensagem-de-paz-para-a-quaresma-e-o-ramada.html","title":{"rendered":"Inspirada em S\u00e3o Francisco, Comiss\u00e3o da OFM divulga mensagem de paz para a Quaresma e o Ramad\u00e3"},"content":{"rendered":"<p><img loading=\"lazy\" class=\"size-medium wp-image-264709 aligncenter\" src=\"https:\/\/franciscanos.org.br\/noticias\/wp-content\/uploads\/2026\/03\/6809-450x300.jpg\" alt=\"\" width=\"450\" height=\"300\" srcset=\"https:\/\/franciscanos.org.br\/noticias\/wp-content\/uploads\/2026\/03\/6809-450x300.jpg 450w, https:\/\/franciscanos.org.br\/noticias\/wp-content\/uploads\/2026\/03\/6809-1024x684.jpg 1024w, https:\/\/franciscanos.org.br\/noticias\/wp-content\/uploads\/2026\/03\/6809-768x513.jpg 768w, https:\/\/franciscanos.org.br\/noticias\/wp-content\/uploads\/2026\/03\/6809-1536x1025.jpg 1536w, https:\/\/franciscanos.org.br\/noticias\/wp-content\/uploads\/2026\/03\/6809-150x100.jpg 150w, https:\/\/franciscanos.org.br\/noticias\/wp-content\/uploads\/2026\/03\/6809-scaled.jpg 1617w\" sizes=\"(max-width: 450px) 100vw, 450px\" \/><\/p>\n<p><span style=\"font-weight: 400;\">A Ordem dos Frades Menores (OFM) divulgou hoje (06) uma mensagem a crist\u00e3os e mu\u00e7ulmanos por ocasi\u00e3o da coincid\u00eancia, neste ano, do tempo da Quaresma com o Ramad\u00e3. No texto, os frades convidam as duas comunidades religiosas a viverem esses per\u00edodos sagrados como tempo de ora\u00e7\u00e3o, convers\u00e3o e compromisso concreto com a paz.<\/span><\/p>\n<p><span style=\"font-weight: 400;\">Segundo o documento, trata-se de um momento prop\u00edcio para renovar a busca por Deus e permitir que a f\u00e9 transforme positivamente a vida das pessoas e as rela\u00e7\u00f5es entre os povos. Os frades reconhecem que esse caminho espiritual acontece em meio a um contexto mundial marcado por conflitos, incertezas e diversas formas de viol\u00eancia. A mensagem observa que a l\u00f3gica da for\u00e7a muitas vezes prevalece nas rela\u00e7\u00f5es internacionais, enquanto o medo do \u201coutro\u201d e as divis\u00f5es sociais colocam em risco modelos pac\u00edficos de conviv\u00eancia.<\/span><\/p>\n<p><span style=\"font-weight: 400;\">Diante desse cen\u00e1rio, os franciscanos recordam que os tempos sagrados do Ramad\u00e3 e da Quaresma s\u00e3o um convite especial para intensificar a ora\u00e7\u00e3o pela paz e para reconhecer a pr\u00f3pria fragilidade diante de um mundo ferido por injusti\u00e7as e conflitos. O jejum, segundo a mensagem, ajuda a recordar a condi\u00e7\u00e3o humana limitada e abre o cora\u00e7\u00e3o para a solidariedade e a reconcilia\u00e7\u00e3o.<\/span><\/p>\n<p><span style=\"font-weight: 400;\">Ao mesmo tempo, os frades destacam que a paz n\u00e3o se constr\u00f3i apenas com grandes iniciativas, mas tamb\u00e9m com gestos simples e concretos no cotidiano. Pequenas atitudes de reconcilia\u00e7\u00e3o, vividas nas comunidades e nas rela\u00e7\u00f5es pessoais, s\u00e3o apresentadas como passos fundamentais para romper o ciclo da viol\u00eancia.<\/span><\/p>\n<p><b>Exemplo de S\u00e3o Francisco de Assis<\/b><\/p>\n<p><span style=\"font-weight: 400;\">A mensagem prop\u00f5e ainda o exemplo de S\u00e3o Francisco de Assis, cuja morte completa 800 anos em 2026. Recordando sua experi\u00eancia de vida, os franciscanos destacam que Francisco viveu em um per\u00edodo marcado por guerras e conflitos, mas escolheu um caminho de fraternidade universal e de di\u00e1logo.<\/span><\/p>\n<p><span style=\"font-weight: 400;\">Entre os epis\u00f3dios mais marcantes de sua trajet\u00f3ria est\u00e1 o encontro com o sult\u00e3o Malek Al-Kamil, ocorrido em 1219 durante as Cruzadas. Para os frades, esse gesto simboliza uma forma diferente de rela\u00e7\u00e3o entre pessoas de diferentes tradi\u00e7\u00f5es religiosas: um encontro baseado no respeito e na recusa de impor-se ao outro.<\/span><\/p>\n<p><span style=\"font-weight: 400;\">Inspirados por essa experi\u00eancia, os franciscanos recordam o caminho de conviv\u00eancia marcado pela humildade e pela submiss\u00e3o a Deus, reconhecendo que impor a pr\u00f3pria verdade pela for\u00e7a significa ocupar um lugar que pertence somente ao pr\u00f3prio Deus.<\/span><\/p>\n<p><span style=\"font-weight: 400;\">Por fim, ao recordar o oitavo centen\u00e1rio da morte do santo de Assis, a mensagem convida crist\u00e3os e mu\u00e7ulmanos a redescobrirem uma atitude que os frades descrevem como \u201cdesarmada e desarmante\u201d: a coragem de responder ao \u00f3dio com gestos de reconcilia\u00e7\u00e3o e confian\u00e7a na presen\u00e7a de Deus em cada pessoa.<\/span><\/p>\n<p><a href=\"https:\/\/ofm.org\/messaggio-in-occasione-del-ramadan-1447-e-della-quaresima-2026.html\"><b>Confira a mensagem na \u00edntegra<\/b><\/a><\/p>\n<hr \/>\n<p><em>Guilherme Coutinho (baseado na mensagem original publicada em ofm.org)<\/em><\/p>\n","protected":false},"excerpt":{"rendered":"<p>Mensagem Oficial da OFM<\/p>\n","protected":false},"author":15,"featured_media":264709,"comment_status":"open","ping_status":"open","sticky":false,"template":"","format":"standard","meta":[],"categories":[1],"tags":[],"acf":[],"yoast_head":"<!-- This site is optimized with the Yoast SEO plugin v19.2 - https:\/\/yoast.com\/wordpress\/plugins\/seo\/ -->\n<title>Inspirada em S\u00e3o Francisco, Comiss\u00e3o da OFM divulga mensagem de paz para a Quaresma e o Ramad\u00e3 - Not\u00edcias - Franciscanos<\/title>\n<meta name=\"robots\" content=\"index, follow, max-snippet:-1, max-image-preview:large, max-video-preview:-1\" \/>\n<link rel=\"canonical\" href=\"https:\/\/franciscanos.org.br\/noticias\/inspirada-em-sao-francisco-comissao-da-ofm-divulga-mensagem-de-paz-para-a-quaresma-e-o-ramada.html\" \/>\n<meta property=\"og:locale\" content=\"pt_BR\" \/>\n<meta property=\"og:type\" content=\"article\" \/>\n<meta property=\"og:title\" content=\"Inspirada em S\u00e3o Francisco, Comiss\u00e3o da OFM divulga mensagem de paz para a Quaresma e o Ramad\u00e3 - Not\u00edcias - Franciscanos\" \/>\n<meta property=\"og:description\" content=\"Mensagem Oficial da OFM\" \/>\n<meta property=\"og:url\" content=\"https:\/\/franciscanos.org.br\/noticias\/inspirada-em-sao-francisco-comissao-da-ofm-divulga-mensagem-de-paz-para-a-quaresma-e-o-ramada.html\" \/>\n<meta property=\"og:site_name\" content=\"Not\u00edcias - Franciscanos\" \/>\n<meta property=\"article:published_time\" content=\"2026-03-06T15:21:40+00:00\" \/>\n<meta property=\"og:image\" content=\"https:\/\/franciscanos.org.br\/noticias\/wp-content\/uploads\/2026\/03\/6809-scaled.jpg\" \/>\n\t<meta property=\"og:image:width\" content=\"1617\" \/>\n\t<meta property=\"og:image:height\" content=\"1080\" \/>\n\t<meta property=\"og:image:type\" content=\"image\/jpeg\" \/>\n<meta name=\"author\" content=\"Guilherme Rocha\" \/>\n<meta name=\"twitter:card\" content=\"summary_large_image\" \/>\n<meta name=\"twitter:label1\" content=\"Escrito por\" \/>\n\t<meta name=\"twitter:data1\" content=\"Guilherme Rocha\" \/>\n\t<meta name=\"twitter:label2\" content=\"Est. tempo de leitura\" \/>\n\t<meta name=\"twitter:data2\" content=\"3 minutos\" \/>\n<script type=\"application\/ld+json\" class=\"yoast-schema-graph\">{\"@context\":\"https:\/\/schema.org\",\"@graph\":[{\"@type\":\"WebSite\",\"@id\":\"https:\/\/franciscanos.org.br\/noticias\/#website\",\"url\":\"https:\/\/franciscanos.org.br\/noticias\/\",\"name\":\"Not\u00edcias - Franciscanos\",\"description\":\"Prov\u00edncia Franciscana da Imaculada Concei\u00e7\u00e3o do Brasil - Ordem dos Frades Menores - OFM\",\"potentialAction\":[{\"@type\":\"SearchAction\",\"target\":{\"@type\":\"EntryPoint\",\"urlTemplate\":\"https:\/\/franciscanos.org.br\/noticias\/?s={search_term_string}\"},\"query-input\":\"required name=search_term_string\"}],\"inLanguage\":\"pt-BR\"},{\"@type\":\"ImageObject\",\"inLanguage\":\"pt-BR\",\"@id\":\"https:\/\/franciscanos.org.br\/noticias\/inspirada-em-sao-francisco-comissao-da-ofm-divulga-mensagem-de-paz-para-a-quaresma-e-o-ramada.html#primaryimage\",\"url\":\"https:\/\/franciscanos.org.br\/noticias\/wp-content\/uploads\/2026\/03\/6809-scaled.jpg\",\"contentUrl\":\"https:\/\/franciscanos.org.br\/noticias\/wp-content\/uploads\/2026\/03\/6809-scaled.jpg\",\"width\":1617,\"height\":1080},{\"@type\":\"WebPage\",\"@id\":\"https:\/\/franciscanos.org.br\/noticias\/inspirada-em-sao-francisco-comissao-da-ofm-divulga-mensagem-de-paz-para-a-quaresma-e-o-ramada.html#webpage\",\"url\":\"https:\/\/franciscanos.org.br\/noticias\/inspirada-em-sao-francisco-comissao-da-ofm-divulga-mensagem-de-paz-para-a-quaresma-e-o-ramada.html\",\"name\":\"Inspirada em S\u00e3o Francisco, Comiss\u00e3o da OFM divulga mensagem de paz para a Quaresma e o Ramad\u00e3 - Not\u00edcias - Franciscanos\",\"isPartOf\":{\"@id\":\"https:\/\/franciscanos.org.br\/noticias\/#website\"},\"primaryImageOfPage\":{\"@id\":\"https:\/\/franciscanos.org.br\/noticias\/inspirada-em-sao-francisco-comissao-da-ofm-divulga-mensagem-de-paz-para-a-quaresma-e-o-ramada.html#primaryimage\"},\"datePublished\":\"2026-03-06T15:21:40+00:00\",\"dateModified\":\"2026-03-06T15:21:40+00:00\",\"author\":{\"@id\":\"https:\/\/franciscanos.org.br\/noticias\/#\/schema\/person\/69bb4cd273a2528548b63cccab4980a0\"},\"breadcrumb\":{\"@id\":\"https:\/\/franciscanos.org.br\/noticias\/inspirada-em-sao-francisco-comissao-da-ofm-divulga-mensagem-de-paz-para-a-quaresma-e-o-ramada.html#breadcrumb\"},\"inLanguage\":\"pt-BR\",\"potentialAction\":[{\"@type\":\"ReadAction\",\"target\":[\"https:\/\/franciscanos.org.br\/noticias\/inspirada-em-sao-francisco-comissao-da-ofm-divulga-mensagem-de-paz-para-a-quaresma-e-o-ramada.html\"]}]},{\"@type\":\"BreadcrumbList\",\"@id\":\"https:\/\/franciscanos.org.br\/noticias\/inspirada-em-sao-francisco-comissao-da-ofm-divulga-mensagem-de-paz-para-a-quaresma-e-o-ramada.html#breadcrumb\",\"itemListElement\":[{\"@type\":\"ListItem\",\"position\":1,\"name\":\"Home\",\"item\":\"https:\/\/franciscanos.org.br\/noticias\"},{\"@type\":\"ListItem\",\"position\":2,\"name\":\"Inspirada em S\u00e3o Francisco, Comiss\u00e3o da OFM divulga mensagem de paz para a Quaresma e o Ramad\u00e3\"}]},{\"@type\":\"Person\",\"@id\":\"https:\/\/franciscanos.org.br\/noticias\/#\/schema\/person\/69bb4cd273a2528548b63cccab4980a0\",\"name\":\"Guilherme Rocha\",\"image\":{\"@type\":\"ImageObject\",\"inLanguage\":\"pt-BR\",\"@id\":\"https:\/\/franciscanos.org.br\/noticias\/#\/schema\/person\/image\/\",\"url\":\"https:\/\/secure.gravatar.com\/avatar\/e480fee2377f81af36f6990ed742592a?s=96&d=mm&r=g\",\"contentUrl\":\"https:\/\/secure.gravatar.com\/avatar\/e480fee2377f81af36f6990ed742592a?s=96&d=mm&r=g\",\"caption\":\"Guilherme Rocha\"},\"url\":\"https:\/\/franciscanos.org.br\/noticias\/author\/guilhermerocha\"}]}<\/script>\n<!-- \/ Yoast SEO plugin. -->","yoast_head_json":{"title":"Inspirada em S\u00e3o Francisco, Comiss\u00e3o da OFM divulga mensagem de paz para a Quaresma e o Ramad\u00e3 - Not\u00edcias - Franciscanos","robots":{"index":"index","follow":"follow","max-snippet":"max-snippet:-1","max-image-preview":"max-image-preview:large","max-video-preview":"max-video-preview:-1"},"canonical":"https:\/\/franciscanos.org.br\/noticias\/inspirada-em-sao-francisco-comissao-da-ofm-divulga-mensagem-de-paz-para-a-quaresma-e-o-ramada.html","og_locale":"pt_BR","og_type":"article","og_title":"Inspirada em S\u00e3o Francisco, Comiss\u00e3o da OFM divulga mensagem de paz para a Quaresma e o Ramad\u00e3 - Not\u00edcias - Franciscanos","og_description":"Mensagem Oficial da OFM","og_url":"https:\/\/franciscanos.org.br\/noticias\/inspirada-em-sao-francisco-comissao-da-ofm-divulga-mensagem-de-paz-para-a-quaresma-e-o-ramada.html","og_site_name":"Not\u00edcias - Franciscanos","article_published_time":"2026-03-06T15:21:40+00:00","og_image":[{"width":1617,"height":1080,"url":"https:\/\/franciscanos.org.br\/noticias\/wp-content\/uploads\/2026\/03\/6809-scaled.jpg","type":"image\/jpeg"}],"author":"Guilherme Rocha","twitter_card":"summary_large_image","twitter_misc":{"Escrito por":"Guilherme Rocha","Est. tempo de leitura":"3 minutos"},"schema":{"@context":"https:\/\/schema.org","@graph":[{"@type":"WebSite","@id":"https:\/\/franciscanos.org.br\/noticias\/#website","url":"https:\/\/franciscanos.org.br\/noticias\/","name":"Not\u00edcias - Franciscanos","description":"Prov\u00edncia Franciscana da Imaculada Concei\u00e7\u00e3o do Brasil - Ordem dos Frades Menores - OFM","potentialAction":[{"@type":"SearchAction","target":{"@type":"EntryPoint","urlTemplate":"https:\/\/franciscanos.org.br\/noticias\/?s={search_term_string}"},"query-input":"required name=search_term_string"}],"inLanguage":"pt-BR"},{"@type":"ImageObject","inLanguage":"pt-BR","@id":"https:\/\/franciscanos.org.br\/noticias\/inspirada-em-sao-francisco-comissao-da-ofm-divulga-mensagem-de-paz-para-a-quaresma-e-o-ramada.html#primaryimage","url":"https:\/\/franciscanos.org.br\/noticias\/wp-content\/uploads\/2026\/03\/6809-scaled.jpg","contentUrl":"https:\/\/franciscanos.org.br\/noticias\/wp-content\/uploads\/2026\/03\/6809-scaled.jpg","width":1617,"height":1080},{"@type":"WebPage","@id":"https:\/\/franciscanos.org.br\/noticias\/inspirada-em-sao-francisco-comissao-da-ofm-divulga-mensagem-de-paz-para-a-quaresma-e-o-ramada.html#webpage","url":"https:\/\/franciscanos.org.br\/noticias\/inspirada-em-sao-francisco-comissao-da-ofm-divulga-mensagem-de-paz-para-a-quaresma-e-o-ramada.html","name":"Inspirada em S\u00e3o Francisco, Comiss\u00e3o da OFM divulga mensagem de paz para a Quaresma e o Ramad\u00e3 - Not\u00edcias - Franciscanos","isPartOf":{"@id":"https:\/\/franciscanos.org.br\/noticias\/#website"},"primaryImageOfPage":{"@id":"https:\/\/franciscanos.org.br\/noticias\/inspirada-em-sao-francisco-comissao-da-ofm-divulga-mensagem-de-paz-para-a-quaresma-e-o-ramada.html#primaryimage"},"datePublished":"2026-03-06T15:21:40+00:00","dateModified":"2026-03-06T15:21:40+00:00","author":{"@id":"https:\/\/franciscanos.org.br\/noticias\/#\/schema\/person\/69bb4cd273a2528548b63cccab4980a0"},"breadcrumb":{"@id":"https:\/\/franciscanos.org.br\/noticias\/inspirada-em-sao-francisco-comissao-da-ofm-divulga-mensagem-de-paz-para-a-quaresma-e-o-ramada.html#breadcrumb"},"inLanguage":"pt-BR","potentialAction":[{"@type":"ReadAction","target":["https:\/\/franciscanos.org.br\/noticias\/inspirada-em-sao-francisco-comissao-da-ofm-divulga-mensagem-de-paz-para-a-quaresma-e-o-ramada.html"]}]},{"@type":"BreadcrumbList","@id":"https:\/\/franciscanos.org.br\/noticias\/inspirada-em-sao-francisco-comissao-da-ofm-divulga-mensagem-de-paz-para-a-quaresma-e-o-ramada.html#breadcrumb","itemListElement":[{"@type":"ListItem","position":1,"name":"Home","item":"https:\/\/franciscanos.org.br\/noticias"},{"@type":"ListItem","position":2,"name":"Inspirada em S\u00e3o Francisco, Comiss\u00e3o da OFM divulga mensagem de paz para a Quaresma e o Ramad\u00e3"}]},{"@type":"Person","@id":"https:\/\/franciscanos.org.br\/noticias\/#\/schema\/person\/69bb4cd273a2528548b63cccab4980a0","name":"Guilherme Rocha","image":{"@type":"ImageObject","inLanguage":"pt-BR","@id":"https:\/\/franciscanos.org.br\/noticias\/#\/schema\/person\/image\/","url":"https:\/\/secure.gravatar.com\/avatar\/e480fee2377f81af36f6990ed742592a?s=96&d=mm&r=g","contentUrl":"https:\/\/secure.gravatar.com\/avatar\/e480fee2377f81af36f6990ed742592a?s=96&d=mm&r=g","caption":"Guilherme Rocha"},"url":"https:\/\/franciscanos.org.br\/noticias\/author\/guilhermerocha"}]}},"_links":{"self":[{"href":"https:\/\/franciscanos.org.br\/noticias\/wp-json\/wp\/v2\/posts\/264708"}],"collection":[{"href":"https:\/\/franciscanos.org.br\/noticias\/wp-json\/wp\/v2\/posts"}],"about":[{"href":"https:\/\/franciscanos.org.br\/noticias\/wp-json\/wp\/v2\/types\/post"}],"author":[{"embeddable":true,"href":"https:\/\/franciscanos.org.br\/noticias\/wp-json\/wp\/v2\/users\/15"}],"replies":[{"embeddable":true,"href":"https:\/\/franciscanos.org.br\/noticias\/wp-json\/wp\/v2\/comments?post=264708"}],"version-history":[{"count":2,"href":"https:\/\/franciscanos.org.br\/noticias\/wp-json\/wp\/v2\/posts\/264708\/revisions"}],"predecessor-version":[{"id":264711,"href":"https:\/\/franciscanos.org.br\/noticias\/wp-json\/wp\/v2\/posts\/264708\/revisions\/264711"}],"wp:featuredmedia":[{"embeddable":true,"href":"https:\/\/franciscanos.org.br\/noticias\/wp-json\/wp\/v2\/media\/264709"}],"wp:attachment":[{"href":"https:\/\/franciscanos.org.br\/noticias\/wp-json\/wp\/v2\/media?parent=264708"}],"wp:term":[{"taxonomy":"category","embeddable":true,"href":"https:\/\/franciscanos.org.br\/noticias\/wp-json\/wp\/v2\/categories?post=264708"},{"taxonomy":"post_tag","embeddable":true,"href":"https:\/\/franciscanos.org.br\/noticias\/wp-json\/wp\/v2\/tags?post=264708"}],"curies":[{"name":"wp","href":"https:\/\/api.w.org\/{rel}","templated":true}]}}