{"id":264677,"date":"2026-03-05T11:03:06","date_gmt":"2026-03-05T14:03:06","guid":{"rendered":"https:\/\/franciscanos.org.br\/noticias\/?p=264677"},"modified":"2026-03-06T12:30:49","modified_gmt":"2026-03-06T15:30:49","slug":"assista-aos-destaques-da-36a-caminhada-penitencial-frei-bruno-que-reuniu-quase-40-mil-fieis","status":"publish","type":"post","link":"https:\/\/franciscanos.org.br\/noticias\/assista-aos-destaques-da-36a-caminhada-penitencial-frei-bruno-que-reuniu-quase-40-mil-fieis.html","title":{"rendered":"Assista aos destaques da 36\u00aa Caminhada Penitencial Frei Bruno, que reuniu quase 40 mil fi\u00e9is"},"content":{"rendered":"<p><img loading=\"lazy\" class=\"aligncenter wp-image-264679 size-medium\" src=\"https:\/\/franciscanos.org.br\/noticias\/wp-content\/uploads\/2026\/03\/A739653-scaled-1-450x300.jpg\" alt=\"\" width=\"450\" height=\"300\" srcset=\"https:\/\/franciscanos.org.br\/noticias\/wp-content\/uploads\/2026\/03\/A739653-scaled-1-450x300.jpg 450w, https:\/\/franciscanos.org.br\/noticias\/wp-content\/uploads\/2026\/03\/A739653-scaled-1-1024x683.jpg 1024w, https:\/\/franciscanos.org.br\/noticias\/wp-content\/uploads\/2026\/03\/A739653-scaled-1-768x512.jpg 768w, https:\/\/franciscanos.org.br\/noticias\/wp-content\/uploads\/2026\/03\/A739653-scaled-1-1536x1024.jpg 1536w, https:\/\/franciscanos.org.br\/noticias\/wp-content\/uploads\/2026\/03\/A739653-scaled-1-150x100.jpg 150w, https:\/\/franciscanos.org.br\/noticias\/wp-content\/uploads\/2026\/03\/A739653-scaled-1.jpg 1620w\" sizes=\"(max-width: 450px) 100vw, 450px\" \/><\/p>\n<p><span style=\"font-weight: 400;\">Quase 40 mil fi\u00e9is e devotos tomaram as ruas centrais de Joa\u00e7aba no 2\u00ba Domingo da Quaresma para participar da 36\u00aa Caminhada Penitencial Frei Bruno. A tradicional peregrina\u00e7\u00e3o, que percorre cerca de tr\u00eas quil\u00f4metros entre o Santu\u00e1rio-Catedral Santa Teresinha e o Cemit\u00e9rio Frei Edgar, ficou marcada pela ora\u00e7\u00e3o e reafirma\u00e7\u00e3o da mem\u00f3ria deste grande Servo de Deus.<\/span><\/p>\n<p><span style=\"font-weight: 400;\">Al\u00e9m da caminhada e da celebra\u00e7\u00e3o eucar\u00edstica presidida pelo bispo de Joa\u00e7aba, Dom M\u00e1rio Marquez, o encontro destacou a celebra\u00e7\u00e3o dos 800 anos do Tr\u00e2nsito de S\u00e3o Francisco de Assis. Como parte dessa comemora\u00e7\u00e3o, comunidades das par\u00f3quias franciscanas de Santa Catarina se reuniram pela primeira vez em Luzerna, na Matriz S\u00e3o Jo\u00e3o Batista, para um momento celebrativo do jubileu franciscano.<\/span><\/p>\n<p><span style=\"font-weight: 400;\">Ao longo do percurso e nas reflex\u00f5es realizadas durante a celebra\u00e7\u00e3o final, a mem\u00f3ria de Frei Bruno foi recordada sobretudo pelo testemunho de vida mission\u00e1ria e pelo legado espiritual que permanece vivo entre os fi\u00e9is da regi\u00e3o. A participa\u00e7\u00e3o popular e os gestos de devo\u00e7\u00e3o reafirmaram a for\u00e7a dessa tradi\u00e7\u00e3o religiosa que, a cada ano, transforma a caminhada em uma grande manifesta\u00e7\u00e3o p\u00fablica de f\u00e9.<\/span><\/p>\n<p><span style=\"font-weight: 400;\">Outro ponto lembrado durante o encontro foi o andamento do processo de beatifica\u00e7\u00e3o de Frei Bruno, cuja causa segue em an\u00e1lise pela Santa S\u00e9 ap\u00f3s a aprova\u00e7\u00e3o da documenta\u00e7\u00e3o enviada ao Dicast\u00e9rio para as Causas dos Santos.<\/span><\/p>\n<p><span style=\"font-weight: 400;\">Confira alguns dos principais momentos desta grande manifesta\u00e7\u00e3o de f\u00e9 e devo\u00e7\u00e3o no v\u00eddeo abaixo!<\/span><\/p>\n<p><iframe loading=\"lazy\" title=\"36\u00aa Caminhada Penitencial Frei Bruno se reveste do espi\u0301rito do jubileu franciscano\" width=\"500\" height=\"281\" src=\"https:\/\/www.youtube.com\/embed\/0_2i24yTVD0?feature=oembed\" frameborder=\"0\" allow=\"accelerometer; autoplay; clipboard-write; encrypted-media; gyroscope; picture-in-picture; web-share\" referrerpolicy=\"strict-origin-when-cross-origin\" allowfullscreen><\/iframe><\/p>\n<hr \/>\n<p><i>Guilherme Coutinho\u00a0<\/i><\/p>\n","protected":false},"excerpt":{"rendered":"<p>Caminhada Penitencial Frei Bruno<\/p>\n","protected":false},"author":15,"featured_media":264679,"comment_status":"open","ping_status":"open","sticky":false,"template":"","format":"standard","meta":[],"categories":[1],"tags":[],"acf":[],"yoast_head":"<!-- This site is optimized with the Yoast SEO plugin v19.2 - https:\/\/yoast.com\/wordpress\/plugins\/seo\/ -->\n<title>Assista aos destaques da 36\u00aa Caminhada Penitencial Frei Bruno, que reuniu quase 40 mil fi\u00e9is - Not\u00edcias - Franciscanos<\/title>\n<meta name=\"robots\" content=\"index, follow, max-snippet:-1, max-image-preview:large, max-video-preview:-1\" \/>\n<link rel=\"canonical\" href=\"https:\/\/franciscanos.org.br\/noticias\/assista-aos-destaques-da-36a-caminhada-penitencial-frei-bruno-que-reuniu-quase-40-mil-fieis.html\" \/>\n<meta property=\"og:locale\" content=\"pt_BR\" \/>\n<meta property=\"og:type\" content=\"article\" \/>\n<meta property=\"og:title\" content=\"Assista aos destaques da 36\u00aa Caminhada Penitencial Frei Bruno, que reuniu quase 40 mil fi\u00e9is - Not\u00edcias - Franciscanos\" \/>\n<meta property=\"og:description\" content=\"Caminhada Penitencial Frei Bruno\" \/>\n<meta property=\"og:url\" content=\"https:\/\/franciscanos.org.br\/noticias\/assista-aos-destaques-da-36a-caminhada-penitencial-frei-bruno-que-reuniu-quase-40-mil-fieis.html\" \/>\n<meta property=\"og:site_name\" content=\"Not\u00edcias - Franciscanos\" \/>\n<meta property=\"article:published_time\" content=\"2026-03-05T14:03:06+00:00\" \/>\n<meta property=\"article:modified_time\" content=\"2026-03-06T15:30:49+00:00\" \/>\n<meta property=\"og:image\" content=\"https:\/\/franciscanos.org.br\/noticias\/wp-content\/uploads\/2026\/03\/A739653-scaled-1.jpg\" \/>\n\t<meta property=\"og:image:width\" content=\"1620\" \/>\n\t<meta property=\"og:image:height\" content=\"1080\" \/>\n\t<meta property=\"og:image:type\" content=\"image\/jpeg\" \/>\n<meta name=\"author\" content=\"Guilherme Rocha\" \/>\n<meta name=\"twitter:card\" content=\"summary_large_image\" \/>\n<meta name=\"twitter:label1\" content=\"Escrito por\" \/>\n\t<meta name=\"twitter:data1\" content=\"Guilherme Rocha\" \/>\n\t<meta name=\"twitter:label2\" content=\"Est. tempo de leitura\" \/>\n\t<meta name=\"twitter:data2\" content=\"1 minuto\" \/>\n<script type=\"application\/ld+json\" class=\"yoast-schema-graph\">{\"@context\":\"https:\/\/schema.org\",\"@graph\":[{\"@type\":\"WebSite\",\"@id\":\"https:\/\/franciscanos.org.br\/noticias\/#website\",\"url\":\"https:\/\/franciscanos.org.br\/noticias\/\",\"name\":\"Not\u00edcias - Franciscanos\",\"description\":\"Prov\u00edncia Franciscana da Imaculada Concei\u00e7\u00e3o do Brasil - Ordem dos Frades Menores - OFM\",\"potentialAction\":[{\"@type\":\"SearchAction\",\"target\":{\"@type\":\"EntryPoint\",\"urlTemplate\":\"https:\/\/franciscanos.org.br\/noticias\/?s={search_term_string}\"},\"query-input\":\"required name=search_term_string\"}],\"inLanguage\":\"pt-BR\"},{\"@type\":\"ImageObject\",\"inLanguage\":\"pt-BR\",\"@id\":\"https:\/\/franciscanos.org.br\/noticias\/assista-aos-destaques-da-36a-caminhada-penitencial-frei-bruno-que-reuniu-quase-40-mil-fieis.html#primaryimage\",\"url\":\"https:\/\/franciscanos.org.br\/noticias\/wp-content\/uploads\/2026\/03\/A739653-scaled-1.jpg\",\"contentUrl\":\"https:\/\/franciscanos.org.br\/noticias\/wp-content\/uploads\/2026\/03\/A739653-scaled-1.jpg\",\"width\":1620,\"height\":1080},{\"@type\":\"WebPage\",\"@id\":\"https:\/\/franciscanos.org.br\/noticias\/assista-aos-destaques-da-36a-caminhada-penitencial-frei-bruno-que-reuniu-quase-40-mil-fieis.html#webpage\",\"url\":\"https:\/\/franciscanos.org.br\/noticias\/assista-aos-destaques-da-36a-caminhada-penitencial-frei-bruno-que-reuniu-quase-40-mil-fieis.html\",\"name\":\"Assista aos destaques da 36\u00aa Caminhada Penitencial Frei Bruno, que reuniu quase 40 mil fi\u00e9is - Not\u00edcias - Franciscanos\",\"isPartOf\":{\"@id\":\"https:\/\/franciscanos.org.br\/noticias\/#website\"},\"primaryImageOfPage\":{\"@id\":\"https:\/\/franciscanos.org.br\/noticias\/assista-aos-destaques-da-36a-caminhada-penitencial-frei-bruno-que-reuniu-quase-40-mil-fieis.html#primaryimage\"},\"datePublished\":\"2026-03-05T14:03:06+00:00\",\"dateModified\":\"2026-03-06T15:30:49+00:00\",\"author\":{\"@id\":\"https:\/\/franciscanos.org.br\/noticias\/#\/schema\/person\/69bb4cd273a2528548b63cccab4980a0\"},\"breadcrumb\":{\"@id\":\"https:\/\/franciscanos.org.br\/noticias\/assista-aos-destaques-da-36a-caminhada-penitencial-frei-bruno-que-reuniu-quase-40-mil-fieis.html#breadcrumb\"},\"inLanguage\":\"pt-BR\",\"potentialAction\":[{\"@type\":\"ReadAction\",\"target\":[\"https:\/\/franciscanos.org.br\/noticias\/assista-aos-destaques-da-36a-caminhada-penitencial-frei-bruno-que-reuniu-quase-40-mil-fieis.html\"]}]},{\"@type\":\"BreadcrumbList\",\"@id\":\"https:\/\/franciscanos.org.br\/noticias\/assista-aos-destaques-da-36a-caminhada-penitencial-frei-bruno-que-reuniu-quase-40-mil-fieis.html#breadcrumb\",\"itemListElement\":[{\"@type\":\"ListItem\",\"position\":1,\"name\":\"Home\",\"item\":\"https:\/\/franciscanos.org.br\/noticias\"},{\"@type\":\"ListItem\",\"position\":2,\"name\":\"Assista aos destaques da 36\u00aa Caminhada Penitencial Frei Bruno, que reuniu quase 40 mil fi\u00e9is\"}]},{\"@type\":\"Person\",\"@id\":\"https:\/\/franciscanos.org.br\/noticias\/#\/schema\/person\/69bb4cd273a2528548b63cccab4980a0\",\"name\":\"Guilherme Rocha\",\"image\":{\"@type\":\"ImageObject\",\"inLanguage\":\"pt-BR\",\"@id\":\"https:\/\/franciscanos.org.br\/noticias\/#\/schema\/person\/image\/\",\"url\":\"https:\/\/secure.gravatar.com\/avatar\/e480fee2377f81af36f6990ed742592a?s=96&d=mm&r=g\",\"contentUrl\":\"https:\/\/secure.gravatar.com\/avatar\/e480fee2377f81af36f6990ed742592a?s=96&d=mm&r=g\",\"caption\":\"Guilherme Rocha\"},\"url\":\"https:\/\/franciscanos.org.br\/noticias\/author\/guilhermerocha\"}]}<\/script>\n<!-- \/ Yoast SEO plugin. -->","yoast_head_json":{"title":"Assista aos destaques da 36\u00aa Caminhada Penitencial Frei Bruno, que reuniu quase 40 mil fi\u00e9is - Not\u00edcias - Franciscanos","robots":{"index":"index","follow":"follow","max-snippet":"max-snippet:-1","max-image-preview":"max-image-preview:large","max-video-preview":"max-video-preview:-1"},"canonical":"https:\/\/franciscanos.org.br\/noticias\/assista-aos-destaques-da-36a-caminhada-penitencial-frei-bruno-que-reuniu-quase-40-mil-fieis.html","og_locale":"pt_BR","og_type":"article","og_title":"Assista aos destaques da 36\u00aa Caminhada Penitencial Frei Bruno, que reuniu quase 40 mil fi\u00e9is - Not\u00edcias - Franciscanos","og_description":"Caminhada Penitencial Frei Bruno","og_url":"https:\/\/franciscanos.org.br\/noticias\/assista-aos-destaques-da-36a-caminhada-penitencial-frei-bruno-que-reuniu-quase-40-mil-fieis.html","og_site_name":"Not\u00edcias - Franciscanos","article_published_time":"2026-03-05T14:03:06+00:00","article_modified_time":"2026-03-06T15:30:49+00:00","og_image":[{"width":1620,"height":1080,"url":"https:\/\/franciscanos.org.br\/noticias\/wp-content\/uploads\/2026\/03\/A739653-scaled-1.jpg","type":"image\/jpeg"}],"author":"Guilherme Rocha","twitter_card":"summary_large_image","twitter_misc":{"Escrito por":"Guilherme Rocha","Est. tempo de leitura":"1 minuto"},"schema":{"@context":"https:\/\/schema.org","@graph":[{"@type":"WebSite","@id":"https:\/\/franciscanos.org.br\/noticias\/#website","url":"https:\/\/franciscanos.org.br\/noticias\/","name":"Not\u00edcias - Franciscanos","description":"Prov\u00edncia Franciscana da Imaculada Concei\u00e7\u00e3o do Brasil - Ordem dos Frades Menores - OFM","potentialAction":[{"@type":"SearchAction","target":{"@type":"EntryPoint","urlTemplate":"https:\/\/franciscanos.org.br\/noticias\/?s={search_term_string}"},"query-input":"required name=search_term_string"}],"inLanguage":"pt-BR"},{"@type":"ImageObject","inLanguage":"pt-BR","@id":"https:\/\/franciscanos.org.br\/noticias\/assista-aos-destaques-da-36a-caminhada-penitencial-frei-bruno-que-reuniu-quase-40-mil-fieis.html#primaryimage","url":"https:\/\/franciscanos.org.br\/noticias\/wp-content\/uploads\/2026\/03\/A739653-scaled-1.jpg","contentUrl":"https:\/\/franciscanos.org.br\/noticias\/wp-content\/uploads\/2026\/03\/A739653-scaled-1.jpg","width":1620,"height":1080},{"@type":"WebPage","@id":"https:\/\/franciscanos.org.br\/noticias\/assista-aos-destaques-da-36a-caminhada-penitencial-frei-bruno-que-reuniu-quase-40-mil-fieis.html#webpage","url":"https:\/\/franciscanos.org.br\/noticias\/assista-aos-destaques-da-36a-caminhada-penitencial-frei-bruno-que-reuniu-quase-40-mil-fieis.html","name":"Assista aos destaques da 36\u00aa Caminhada Penitencial Frei Bruno, que reuniu quase 40 mil fi\u00e9is - Not\u00edcias - Franciscanos","isPartOf":{"@id":"https:\/\/franciscanos.org.br\/noticias\/#website"},"primaryImageOfPage":{"@id":"https:\/\/franciscanos.org.br\/noticias\/assista-aos-destaques-da-36a-caminhada-penitencial-frei-bruno-que-reuniu-quase-40-mil-fieis.html#primaryimage"},"datePublished":"2026-03-05T14:03:06+00:00","dateModified":"2026-03-06T15:30:49+00:00","author":{"@id":"https:\/\/franciscanos.org.br\/noticias\/#\/schema\/person\/69bb4cd273a2528548b63cccab4980a0"},"breadcrumb":{"@id":"https:\/\/franciscanos.org.br\/noticias\/assista-aos-destaques-da-36a-caminhada-penitencial-frei-bruno-que-reuniu-quase-40-mil-fieis.html#breadcrumb"},"inLanguage":"pt-BR","potentialAction":[{"@type":"ReadAction","target":["https:\/\/franciscanos.org.br\/noticias\/assista-aos-destaques-da-36a-caminhada-penitencial-frei-bruno-que-reuniu-quase-40-mil-fieis.html"]}]},{"@type":"BreadcrumbList","@id":"https:\/\/franciscanos.org.br\/noticias\/assista-aos-destaques-da-36a-caminhada-penitencial-frei-bruno-que-reuniu-quase-40-mil-fieis.html#breadcrumb","itemListElement":[{"@type":"ListItem","position":1,"name":"Home","item":"https:\/\/franciscanos.org.br\/noticias"},{"@type":"ListItem","position":2,"name":"Assista aos destaques da 36\u00aa Caminhada Penitencial Frei Bruno, que reuniu quase 40 mil fi\u00e9is"}]},{"@type":"Person","@id":"https:\/\/franciscanos.org.br\/noticias\/#\/schema\/person\/69bb4cd273a2528548b63cccab4980a0","name":"Guilherme Rocha","image":{"@type":"ImageObject","inLanguage":"pt-BR","@id":"https:\/\/franciscanos.org.br\/noticias\/#\/schema\/person\/image\/","url":"https:\/\/secure.gravatar.com\/avatar\/e480fee2377f81af36f6990ed742592a?s=96&d=mm&r=g","contentUrl":"https:\/\/secure.gravatar.com\/avatar\/e480fee2377f81af36f6990ed742592a?s=96&d=mm&r=g","caption":"Guilherme Rocha"},"url":"https:\/\/franciscanos.org.br\/noticias\/author\/guilhermerocha"}]}},"_links":{"self":[{"href":"https:\/\/franciscanos.org.br\/noticias\/wp-json\/wp\/v2\/posts\/264677"}],"collection":[{"href":"https:\/\/franciscanos.org.br\/noticias\/wp-json\/wp\/v2\/posts"}],"about":[{"href":"https:\/\/franciscanos.org.br\/noticias\/wp-json\/wp\/v2\/types\/post"}],"author":[{"embeddable":true,"href":"https:\/\/franciscanos.org.br\/noticias\/wp-json\/wp\/v2\/users\/15"}],"replies":[{"embeddable":true,"href":"https:\/\/franciscanos.org.br\/noticias\/wp-json\/wp\/v2\/comments?post=264677"}],"version-history":[{"count":6,"href":"https:\/\/franciscanos.org.br\/noticias\/wp-json\/wp\/v2\/posts\/264677\/revisions"}],"predecessor-version":[{"id":264712,"href":"https:\/\/franciscanos.org.br\/noticias\/wp-json\/wp\/v2\/posts\/264677\/revisions\/264712"}],"wp:featuredmedia":[{"embeddable":true,"href":"https:\/\/franciscanos.org.br\/noticias\/wp-json\/wp\/v2\/media\/264679"}],"wp:attachment":[{"href":"https:\/\/franciscanos.org.br\/noticias\/wp-json\/wp\/v2\/media?parent=264677"}],"wp:term":[{"taxonomy":"category","embeddable":true,"href":"https:\/\/franciscanos.org.br\/noticias\/wp-json\/wp\/v2\/categories?post=264677"},{"taxonomy":"post_tag","embeddable":true,"href":"https:\/\/franciscanos.org.br\/noticias\/wp-json\/wp\/v2\/tags?post=264677"}],"curies":[{"name":"wp","href":"https:\/\/api.w.org\/{rel}","templated":true}]}}