{"id":264635,"date":"2026-03-03T16:36:28","date_gmt":"2026-03-03T19:36:28","guid":{"rendered":"https:\/\/franciscanos.org.br\/noticias\/?p=264635"},"modified":"2026-03-03T16:36:47","modified_gmt":"2026-03-03T19:36:47","slug":"treze-meninos-sao-investidos-no-coral-dos-canarinhos-de-petropolis","status":"publish","type":"post","link":"https:\/\/franciscanos.org.br\/noticias\/treze-meninos-sao-investidos-no-coral-dos-canarinhos-de-petropolis.html","title":{"rendered":"Treze meninos s\u00e3o investidos no Coral dos Canarinhos de Petr\u00f3polis"},"content":{"rendered":"<p>&nbsp;<\/p>\n<p><img loading=\"lazy\" class=\"aligncenter wp-image-264637 size-large\" src=\"https:\/\/franciscanos.org.br\/noticias\/wp-content\/uploads\/2026\/03\/Principal-2-1024x579.jpg\" alt=\"\" width=\"1024\" height=\"579\" srcset=\"https:\/\/franciscanos.org.br\/noticias\/wp-content\/uploads\/2026\/03\/Principal-2-1024x579.jpg 1024w, https:\/\/franciscanos.org.br\/noticias\/wp-content\/uploads\/2026\/03\/Principal-2-450x255.jpg 450w, https:\/\/franciscanos.org.br\/noticias\/wp-content\/uploads\/2026\/03\/Principal-2-768x434.jpg 768w, https:\/\/franciscanos.org.br\/noticias\/wp-content\/uploads\/2026\/03\/Principal-2-1536x869.jpg 1536w, https:\/\/franciscanos.org.br\/noticias\/wp-content\/uploads\/2026\/03\/Principal-2-2048x1158.jpg 2048w, https:\/\/franciscanos.org.br\/noticias\/wp-content\/uploads\/2026\/03\/Principal-2-150x85.jpg 150w, https:\/\/franciscanos.org.br\/noticias\/wp-content\/uploads\/2026\/03\/Principal-2-scaled.jpg 1909w\" sizes=\"(max-width: 1024px) 100vw, 1024px\" \/><\/p>\n<p><span style=\"font-weight: 400;\">Em um clima de alegria e emo\u00e7\u00e3o, o Coral dos Canarinhos de Petr\u00f3polis celebrou, no \u00faltimo s\u00e1bado (28.02), a investidura de treze novos integrantes em cerim\u00f4nia solene realizada \u00e0s 10h, na Par\u00f3quia Franciscana do Sagrado Cora\u00e7\u00e3o de Jesus. A celebra\u00e7\u00e3o foi presidida pelo Frei Marcos de Andrade, diretor do Instituto dos Meninos Cantores de Petr\u00f3polis (IMCP), e marcou um momento especial de compromisso e f\u00e9 na trajet\u00f3ria dos jovens m\u00fasicos.<\/span><\/p>\n<p><span style=\"font-weight: 400;\">No in\u00edcio do rito, o maestro e diretor art\u00edstico do coral, Marco Aur\u00e9lio Lischt, chamou cada aprendiz pelo nome e os apresentou ao celebrante, para que fossem admitidos entre os Meninos Cantores. Frei Marcos acolheu o desejo dos meninos de receberem a veste coral, s\u00edmbolo do servi\u00e7o que decidiram abra\u00e7ar com alegria e dedica\u00e7\u00e3o.<\/span><\/p>\n\n\t\t<style type=\"text\/css\">\n\t\t\t#gallery-1 {\n\t\t\t\tmargin: auto;\n\t\t\t}\n\t\t\t#gallery-1 .gallery-item {\n\t\t\t\tfloat: left;\n\t\t\t\tmargin-top: 10px;\n\t\t\t\ttext-align: center;\n\t\t\t\twidth: 33%;\n\t\t\t}\n\t\t\t#gallery-1 img {\n\t\t\t\tborder: 2px solid #cfcfcf;\n\t\t\t}\n\t\t\t#gallery-1 .gallery-caption {\n\t\t\t\tmargin-left: 0;\n\t\t\t}\n\t\t\t\/* see gallery_shortcode() in wp-includes\/media.php *\/\n\t\t<\/style>\n\t\t<div id='gallery-1' class='gallery galleryid-264635 gallery-columns-3 gallery-size-thumbnail'><dl class='gallery-item'>\n\t\t\t<dt class='gallery-icon landscape'>\n\t\t\t\t<a href='https:\/\/franciscanos.org.br\/noticias\/wp-content\/uploads\/2026\/03\/IMG_6457-scaled.jpg'><img width=\"300\" height=\"300\" src=\"https:\/\/franciscanos.org.br\/noticias\/wp-content\/uploads\/2026\/03\/IMG_6457-300x300.jpg\" class=\"attachment-thumbnail size-thumbnail\" alt=\"\" loading=\"lazy\" srcset=\"https:\/\/franciscanos.org.br\/noticias\/wp-content\/uploads\/2026\/03\/IMG_6457-300x300.jpg 300w, https:\/\/franciscanos.org.br\/noticias\/wp-content\/uploads\/2026\/03\/IMG_6457-100x100.jpg 100w\" sizes=\"(max-width: 300px) 100vw, 300px\" \/><\/a>\n\t\t\t<\/dt><\/dl><dl class='gallery-item'>\n\t\t\t<dt class='gallery-icon landscape'>\n\t\t\t\t<a href='https:\/\/franciscanos.org.br\/noticias\/wp-content\/uploads\/2026\/03\/IMG_7147-scaled.jpg'><img width=\"300\" height=\"300\" src=\"https:\/\/franciscanos.org.br\/noticias\/wp-content\/uploads\/2026\/03\/IMG_7147-300x300.jpg\" class=\"attachment-thumbnail size-thumbnail\" alt=\"\" loading=\"lazy\" srcset=\"https:\/\/franciscanos.org.br\/noticias\/wp-content\/uploads\/2026\/03\/IMG_7147-300x300.jpg 300w, https:\/\/franciscanos.org.br\/noticias\/wp-content\/uploads\/2026\/03\/IMG_7147-100x100.jpg 100w\" sizes=\"(max-width: 300px) 100vw, 300px\" \/><\/a>\n\t\t\t<\/dt><\/dl><dl class='gallery-item'>\n\t\t\t<dt class='gallery-icon landscape'>\n\t\t\t\t<a href='https:\/\/franciscanos.org.br\/noticias\/wp-content\/uploads\/2026\/03\/IMG_7241-scaled.jpg'><img width=\"300\" height=\"300\" src=\"https:\/\/franciscanos.org.br\/noticias\/wp-content\/uploads\/2026\/03\/IMG_7241-300x300.jpg\" class=\"attachment-thumbnail size-thumbnail\" alt=\"\" loading=\"lazy\" srcset=\"https:\/\/franciscanos.org.br\/noticias\/wp-content\/uploads\/2026\/03\/IMG_7241-300x300.jpg 300w, https:\/\/franciscanos.org.br\/noticias\/wp-content\/uploads\/2026\/03\/IMG_7241-100x100.jpg 100w\" sizes=\"(max-width: 300px) 100vw, 300px\" \/><\/a>\n\t\t\t<\/dt><\/dl><br style=\"clear: both\" \/>\n\t\t<\/div>\n\n<p><span style=\"font-weight: 400;\">Ap\u00f3s a acolhida, foi proclamado o Evangelho de Mateus (18,1-5.10). Em sua homilia, o Frei Marcos dirigiu-se aos presentes, especialmente aos novos coralistas, recordando o sentido da miss\u00e3o que assumem: \u201cGostaria, primeiro, de me dirigir a voc\u00eas, os meninos. A miss\u00e3o do menino cantor \u00e9 esta: por meio da voz, servir a Deus! E isso \u00e9 um servi\u00e7o e uma miss\u00e3o!\u201d.\u00a0<\/span><\/p>\n<p><span style=\"font-weight: 400;\">O celebrante ainda destacou o valor do servir, da doa\u00e7\u00e3o e do tempo que os jovens dedicaram \u00e0 forma\u00e7\u00e3o durante o ano, at\u00e9 chegarem ao momento da investidura. \u201cO gesto que voc\u00eas est\u00e3o fazendo hoje, respondendo \u2018sim\u2019 ao chamado de um servi\u00e7o, \u00e9 um exemplo para todos n\u00f3s!\u201d, afirmou. \u201c\u00c9 uma miss\u00e3o bonita, mas muito exigente.\u201d Frei Marcos tamb\u00e9m pediu aos pais e padrinhos que incentivem as crian\u00e7as a perseverarem nesse caminho e agradeceu pela confian\u00e7a no trabalho do Instituto.<\/span><\/p>\n<p><span style=\"font-weight: 400;\">Em seguida, os aprendizes fizeram suas promessas de amar a Deus e servi-lo dignamente por meio de seus dons. O presidente aben\u00e7oou e aspergiu as vestes corais que os meninos passaram a usar, entregando-lhes a sobrepeliz, s\u00edmbolo da inoc\u00eancia; a cruz, sinal da vit\u00f3ria; e o livro de partituras, para que a alma de cada cantor possa elevar-se a Deus como agrad\u00e1vel incenso.<\/span><\/p>\n<p><img loading=\"lazy\" class=\"aligncenter wp-image-264639 size-thumbnail\" src=\"https:\/\/franciscanos.org.br\/noticias\/wp-content\/uploads\/2026\/03\/IMG_6495-300x300.jpg\" alt=\"\" width=\"300\" height=\"300\" srcset=\"https:\/\/franciscanos.org.br\/noticias\/wp-content\/uploads\/2026\/03\/IMG_6495-300x300.jpg 300w, https:\/\/franciscanos.org.br\/noticias\/wp-content\/uploads\/2026\/03\/IMG_6495-100x100.jpg 100w\" sizes=\"(max-width: 300px) 100vw, 300px\" \/><\/p>\n<p><span style=\"font-weight: 400;\">Os novos coralistas que passam a integrar o Coral dos Canarinhos de Petr\u00f3polis s\u00e3o: Enzo dos Santos Assump\u00e7\u00e3o, Greg\u00f3rio Gael Santoro Gutterres, Bryan Alexandre Laureano Oliveira da Silva, Nicholas Souza Nascimento, Miguel Boehmer de Lyra Ferreira, Gabriel Inacio Soares, Bernardo Joaquim Freire Figueirinho Balthazar, Heitor Moura Licht, Davi Luis da Cruz Silva, Jo\u00e3o de Almeida Nunes Baptista da Silva, Thor Miguel Gon\u00e7alves de Oliveira, Bento Bravo Francisco dos Reis Mayworm Moreira Varricchio e Rafael Moreira Tem\u00edstocles.<\/span><\/p>\n<p><span style=\"font-weight: 400;\">Ao final da cerim\u00f4nia de investidura, juntamente com o coro principal, os novos coralistas entoaram o <\/span><i><span style=\"font-weight: 400;\">Psalmus Brevis<\/span><\/i><span style=\"font-weight: 400;\">, composi\u00e7\u00e3o de Jo\u00e3o Guilherme Ripper. A celebra\u00e7\u00e3o marcou n\u00e3o apenas um novo passo na caminhada desses jovens, mas tamb\u00e9m o compromisso cont\u00ednuo do Coral dos Canarinhos de Petr\u00f3polis com a forma\u00e7\u00e3o humana, espiritual e art\u00edstica de cada integrante. Que a miss\u00e3o desses irm\u00e3os seja fecunda para si e para a Igreja.<\/span><\/p>\n\n\t\t<style type=\"text\/css\">\n\t\t\t#gallery-2 {\n\t\t\t\tmargin: auto;\n\t\t\t}\n\t\t\t#gallery-2 .gallery-item {\n\t\t\t\tfloat: left;\n\t\t\t\tmargin-top: 10px;\n\t\t\t\ttext-align: center;\n\t\t\t\twidth: 33%;\n\t\t\t}\n\t\t\t#gallery-2 img {\n\t\t\t\tborder: 2px solid #cfcfcf;\n\t\t\t}\n\t\t\t#gallery-2 .gallery-caption {\n\t\t\t\tmargin-left: 0;\n\t\t\t}\n\t\t\t\/* see gallery_shortcode() in wp-includes\/media.php *\/\n\t\t<\/style>\n\t\t<div id='gallery-2' class='gallery galleryid-264635 gallery-columns-3 gallery-size-thumbnail'><dl class='gallery-item'>\n\t\t\t<dt class='gallery-icon portrait'>\n\t\t\t\t<a href='https:\/\/franciscanos.org.br\/noticias\/wp-content\/uploads\/2026\/03\/IMG_6538-scaled.jpg'><img width=\"300\" height=\"300\" src=\"https:\/\/franciscanos.org.br\/noticias\/wp-content\/uploads\/2026\/03\/IMG_6538-300x300.jpg\" class=\"attachment-thumbnail size-thumbnail\" alt=\"\" loading=\"lazy\" srcset=\"https:\/\/franciscanos.org.br\/noticias\/wp-content\/uploads\/2026\/03\/IMG_6538-300x300.jpg 300w, https:\/\/franciscanos.org.br\/noticias\/wp-content\/uploads\/2026\/03\/IMG_6538-100x100.jpg 100w\" sizes=\"(max-width: 300px) 100vw, 300px\" \/><\/a>\n\t\t\t<\/dt><\/dl><dl class='gallery-item'>\n\t\t\t<dt class='gallery-icon landscape'>\n\t\t\t\t<a href='https:\/\/franciscanos.org.br\/noticias\/wp-content\/uploads\/2026\/03\/IMG_7686-scaled.jpg'><img width=\"300\" height=\"300\" src=\"https:\/\/franciscanos.org.br\/noticias\/wp-content\/uploads\/2026\/03\/IMG_7686-300x300.jpg\" class=\"attachment-thumbnail size-thumbnail\" alt=\"\" loading=\"lazy\" srcset=\"https:\/\/franciscanos.org.br\/noticias\/wp-content\/uploads\/2026\/03\/IMG_7686-300x300.jpg 300w, https:\/\/franciscanos.org.br\/noticias\/wp-content\/uploads\/2026\/03\/IMG_7686-100x100.jpg 100w\" sizes=\"(max-width: 300px) 100vw, 300px\" \/><\/a>\n\t\t\t<\/dt><\/dl><dl class='gallery-item'>\n\t\t\t<dt class='gallery-icon portrait'>\n\t\t\t\t<a href='https:\/\/franciscanos.org.br\/noticias\/wp-content\/uploads\/2026\/03\/IMG_6575-scaled.jpg'><img width=\"300\" height=\"300\" src=\"https:\/\/franciscanos.org.br\/noticias\/wp-content\/uploads\/2026\/03\/IMG_6575-300x300.jpg\" class=\"attachment-thumbnail size-thumbnail\" alt=\"\" loading=\"lazy\" srcset=\"https:\/\/franciscanos.org.br\/noticias\/wp-content\/uploads\/2026\/03\/IMG_6575-300x300.jpg 300w, https:\/\/franciscanos.org.br\/noticias\/wp-content\/uploads\/2026\/03\/IMG_6575-100x100.jpg 100w\" sizes=\"(max-width: 300px) 100vw, 300px\" \/><\/a>\n\t\t\t<\/dt><\/dl><br style=\"clear: both\" \/>\n\t\t<\/div>\n\n<p><img loading=\"lazy\" class=\"aligncenter wp-image-264638 size-large\" src=\"https:\/\/franciscanos.org.br\/noticias\/wp-content\/uploads\/2026\/03\/IMG_7680-1024x683.jpg\" alt=\"\" width=\"1024\" height=\"683\" srcset=\"https:\/\/franciscanos.org.br\/noticias\/wp-content\/uploads\/2026\/03\/IMG_7680-1024x683.jpg 1024w, https:\/\/franciscanos.org.br\/noticias\/wp-content\/uploads\/2026\/03\/IMG_7680-450x300.jpg 450w, https:\/\/franciscanos.org.br\/noticias\/wp-content\/uploads\/2026\/03\/IMG_7680-768x512.jpg 768w, https:\/\/franciscanos.org.br\/noticias\/wp-content\/uploads\/2026\/03\/IMG_7680-1536x1024.jpg 1536w, https:\/\/franciscanos.org.br\/noticias\/wp-content\/uploads\/2026\/03\/IMG_7680-2048x1365.jpg 2048w, https:\/\/franciscanos.org.br\/noticias\/wp-content\/uploads\/2026\/03\/IMG_7680-150x100.jpg 150w, https:\/\/franciscanos.org.br\/noticias\/wp-content\/uploads\/2026\/03\/IMG_7680-scaled.jpg 1620w\" sizes=\"(max-width: 1024px) 100vw, 1024px\" \/><\/p>\n<hr \/>\n<p><i><span style=\"font-weight: 400;\">Frei Gilberto Silveira da Costa Junior, OFM.<\/span><\/i><\/p>\n","protected":false},"excerpt":{"rendered":"<p>Coral dos Canarinhos de Petr\u00f3polis<\/p>\n","protected":false},"author":15,"featured_media":264637,"comment_status":"open","ping_status":"open","sticky":false,"template":"","format":"standard","meta":[],"categories":[1],"tags":[],"acf":[],"yoast_head":"<!-- This site is optimized with the Yoast SEO plugin v19.2 - https:\/\/yoast.com\/wordpress\/plugins\/seo\/ -->\n<title>Treze meninos s\u00e3o investidos no Coral dos Canarinhos de Petr\u00f3polis - Not\u00edcias - Franciscanos<\/title>\n<meta name=\"robots\" content=\"index, follow, max-snippet:-1, max-image-preview:large, max-video-preview:-1\" \/>\n<link rel=\"canonical\" href=\"https:\/\/franciscanos.org.br\/noticias\/treze-meninos-sao-investidos-no-coral-dos-canarinhos-de-petropolis.html\" \/>\n<meta property=\"og:locale\" content=\"pt_BR\" \/>\n<meta property=\"og:type\" content=\"article\" \/>\n<meta property=\"og:title\" content=\"Treze meninos s\u00e3o investidos no Coral dos Canarinhos de Petr\u00f3polis - Not\u00edcias - Franciscanos\" \/>\n<meta property=\"og:description\" content=\"Coral dos Canarinhos de Petr\u00f3polis\" \/>\n<meta property=\"og:url\" content=\"https:\/\/franciscanos.org.br\/noticias\/treze-meninos-sao-investidos-no-coral-dos-canarinhos-de-petropolis.html\" \/>\n<meta property=\"og:site_name\" content=\"Not\u00edcias - Franciscanos\" \/>\n<meta property=\"article:published_time\" content=\"2026-03-03T19:36:28+00:00\" \/>\n<meta property=\"article:modified_time\" content=\"2026-03-03T19:36:47+00:00\" \/>\n<meta property=\"og:image\" content=\"https:\/\/franciscanos.org.br\/noticias\/wp-content\/uploads\/2026\/03\/Principal-2-scaled.jpg\" \/>\n\t<meta property=\"og:image:width\" content=\"1909\" \/>\n\t<meta property=\"og:image:height\" content=\"1080\" \/>\n\t<meta property=\"og:image:type\" content=\"image\/jpeg\" \/>\n<meta name=\"author\" content=\"Guilherme Rocha\" \/>\n<meta name=\"twitter:card\" content=\"summary_large_image\" \/>\n<meta name=\"twitter:label1\" content=\"Escrito por\" \/>\n\t<meta name=\"twitter:data1\" content=\"Guilherme Rocha\" \/>\n\t<meta name=\"twitter:label2\" content=\"Est. tempo de leitura\" \/>\n\t<meta name=\"twitter:data2\" content=\"3 minutos\" \/>\n<script type=\"application\/ld+json\" class=\"yoast-schema-graph\">{\"@context\":\"https:\/\/schema.org\",\"@graph\":[{\"@type\":\"WebSite\",\"@id\":\"https:\/\/franciscanos.org.br\/noticias\/#website\",\"url\":\"https:\/\/franciscanos.org.br\/noticias\/\",\"name\":\"Not\u00edcias - Franciscanos\",\"description\":\"Prov\u00edncia Franciscana da Imaculada Concei\u00e7\u00e3o do Brasil - Ordem dos Frades Menores - OFM\",\"potentialAction\":[{\"@type\":\"SearchAction\",\"target\":{\"@type\":\"EntryPoint\",\"urlTemplate\":\"https:\/\/franciscanos.org.br\/noticias\/?s={search_term_string}\"},\"query-input\":\"required name=search_term_string\"}],\"inLanguage\":\"pt-BR\"},{\"@type\":\"ImageObject\",\"inLanguage\":\"pt-BR\",\"@id\":\"https:\/\/franciscanos.org.br\/noticias\/treze-meninos-sao-investidos-no-coral-dos-canarinhos-de-petropolis.html#primaryimage\",\"url\":\"https:\/\/franciscanos.org.br\/noticias\/wp-content\/uploads\/2026\/03\/Principal-2-scaled.jpg\",\"contentUrl\":\"https:\/\/franciscanos.org.br\/noticias\/wp-content\/uploads\/2026\/03\/Principal-2-scaled.jpg\",\"width\":1909,\"height\":1080},{\"@type\":\"WebPage\",\"@id\":\"https:\/\/franciscanos.org.br\/noticias\/treze-meninos-sao-investidos-no-coral-dos-canarinhos-de-petropolis.html#webpage\",\"url\":\"https:\/\/franciscanos.org.br\/noticias\/treze-meninos-sao-investidos-no-coral-dos-canarinhos-de-petropolis.html\",\"name\":\"Treze meninos s\u00e3o investidos no Coral dos Canarinhos de Petr\u00f3polis - Not\u00edcias - Franciscanos\",\"isPartOf\":{\"@id\":\"https:\/\/franciscanos.org.br\/noticias\/#website\"},\"primaryImageOfPage\":{\"@id\":\"https:\/\/franciscanos.org.br\/noticias\/treze-meninos-sao-investidos-no-coral-dos-canarinhos-de-petropolis.html#primaryimage\"},\"datePublished\":\"2026-03-03T19:36:28+00:00\",\"dateModified\":\"2026-03-03T19:36:47+00:00\",\"author\":{\"@id\":\"https:\/\/franciscanos.org.br\/noticias\/#\/schema\/person\/69bb4cd273a2528548b63cccab4980a0\"},\"breadcrumb\":{\"@id\":\"https:\/\/franciscanos.org.br\/noticias\/treze-meninos-sao-investidos-no-coral-dos-canarinhos-de-petropolis.html#breadcrumb\"},\"inLanguage\":\"pt-BR\",\"potentialAction\":[{\"@type\":\"ReadAction\",\"target\":[\"https:\/\/franciscanos.org.br\/noticias\/treze-meninos-sao-investidos-no-coral-dos-canarinhos-de-petropolis.html\"]}]},{\"@type\":\"BreadcrumbList\",\"@id\":\"https:\/\/franciscanos.org.br\/noticias\/treze-meninos-sao-investidos-no-coral-dos-canarinhos-de-petropolis.html#breadcrumb\",\"itemListElement\":[{\"@type\":\"ListItem\",\"position\":1,\"name\":\"Home\",\"item\":\"https:\/\/franciscanos.org.br\/noticias\"},{\"@type\":\"ListItem\",\"position\":2,\"name\":\"Treze meninos s\u00e3o investidos no Coral dos Canarinhos de Petr\u00f3polis\"}]},{\"@type\":\"Person\",\"@id\":\"https:\/\/franciscanos.org.br\/noticias\/#\/schema\/person\/69bb4cd273a2528548b63cccab4980a0\",\"name\":\"Guilherme Rocha\",\"image\":{\"@type\":\"ImageObject\",\"inLanguage\":\"pt-BR\",\"@id\":\"https:\/\/franciscanos.org.br\/noticias\/#\/schema\/person\/image\/\",\"url\":\"https:\/\/secure.gravatar.com\/avatar\/e480fee2377f81af36f6990ed742592a?s=96&d=mm&r=g\",\"contentUrl\":\"https:\/\/secure.gravatar.com\/avatar\/e480fee2377f81af36f6990ed742592a?s=96&d=mm&r=g\",\"caption\":\"Guilherme Rocha\"},\"url\":\"https:\/\/franciscanos.org.br\/noticias\/author\/guilhermerocha\"}]}<\/script>\n<!-- \/ Yoast SEO plugin. -->","yoast_head_json":{"title":"Treze meninos s\u00e3o investidos no Coral dos Canarinhos de Petr\u00f3polis - Not\u00edcias - Franciscanos","robots":{"index":"index","follow":"follow","max-snippet":"max-snippet:-1","max-image-preview":"max-image-preview:large","max-video-preview":"max-video-preview:-1"},"canonical":"https:\/\/franciscanos.org.br\/noticias\/treze-meninos-sao-investidos-no-coral-dos-canarinhos-de-petropolis.html","og_locale":"pt_BR","og_type":"article","og_title":"Treze meninos s\u00e3o investidos no Coral dos Canarinhos de Petr\u00f3polis - Not\u00edcias - Franciscanos","og_description":"Coral dos Canarinhos de Petr\u00f3polis","og_url":"https:\/\/franciscanos.org.br\/noticias\/treze-meninos-sao-investidos-no-coral-dos-canarinhos-de-petropolis.html","og_site_name":"Not\u00edcias - Franciscanos","article_published_time":"2026-03-03T19:36:28+00:00","article_modified_time":"2026-03-03T19:36:47+00:00","og_image":[{"width":1909,"height":1080,"url":"https:\/\/franciscanos.org.br\/noticias\/wp-content\/uploads\/2026\/03\/Principal-2-scaled.jpg","type":"image\/jpeg"}],"author":"Guilherme Rocha","twitter_card":"summary_large_image","twitter_misc":{"Escrito por":"Guilherme Rocha","Est. tempo de leitura":"3 minutos"},"schema":{"@context":"https:\/\/schema.org","@graph":[{"@type":"WebSite","@id":"https:\/\/franciscanos.org.br\/noticias\/#website","url":"https:\/\/franciscanos.org.br\/noticias\/","name":"Not\u00edcias - Franciscanos","description":"Prov\u00edncia Franciscana da Imaculada Concei\u00e7\u00e3o do Brasil - Ordem dos Frades Menores - OFM","potentialAction":[{"@type":"SearchAction","target":{"@type":"EntryPoint","urlTemplate":"https:\/\/franciscanos.org.br\/noticias\/?s={search_term_string}"},"query-input":"required name=search_term_string"}],"inLanguage":"pt-BR"},{"@type":"ImageObject","inLanguage":"pt-BR","@id":"https:\/\/franciscanos.org.br\/noticias\/treze-meninos-sao-investidos-no-coral-dos-canarinhos-de-petropolis.html#primaryimage","url":"https:\/\/franciscanos.org.br\/noticias\/wp-content\/uploads\/2026\/03\/Principal-2-scaled.jpg","contentUrl":"https:\/\/franciscanos.org.br\/noticias\/wp-content\/uploads\/2026\/03\/Principal-2-scaled.jpg","width":1909,"height":1080},{"@type":"WebPage","@id":"https:\/\/franciscanos.org.br\/noticias\/treze-meninos-sao-investidos-no-coral-dos-canarinhos-de-petropolis.html#webpage","url":"https:\/\/franciscanos.org.br\/noticias\/treze-meninos-sao-investidos-no-coral-dos-canarinhos-de-petropolis.html","name":"Treze meninos s\u00e3o investidos no Coral dos Canarinhos de Petr\u00f3polis - Not\u00edcias - Franciscanos","isPartOf":{"@id":"https:\/\/franciscanos.org.br\/noticias\/#website"},"primaryImageOfPage":{"@id":"https:\/\/franciscanos.org.br\/noticias\/treze-meninos-sao-investidos-no-coral-dos-canarinhos-de-petropolis.html#primaryimage"},"datePublished":"2026-03-03T19:36:28+00:00","dateModified":"2026-03-03T19:36:47+00:00","author":{"@id":"https:\/\/franciscanos.org.br\/noticias\/#\/schema\/person\/69bb4cd273a2528548b63cccab4980a0"},"breadcrumb":{"@id":"https:\/\/franciscanos.org.br\/noticias\/treze-meninos-sao-investidos-no-coral-dos-canarinhos-de-petropolis.html#breadcrumb"},"inLanguage":"pt-BR","potentialAction":[{"@type":"ReadAction","target":["https:\/\/franciscanos.org.br\/noticias\/treze-meninos-sao-investidos-no-coral-dos-canarinhos-de-petropolis.html"]}]},{"@type":"BreadcrumbList","@id":"https:\/\/franciscanos.org.br\/noticias\/treze-meninos-sao-investidos-no-coral-dos-canarinhos-de-petropolis.html#breadcrumb","itemListElement":[{"@type":"ListItem","position":1,"name":"Home","item":"https:\/\/franciscanos.org.br\/noticias"},{"@type":"ListItem","position":2,"name":"Treze meninos s\u00e3o investidos no Coral dos Canarinhos de Petr\u00f3polis"}]},{"@type":"Person","@id":"https:\/\/franciscanos.org.br\/noticias\/#\/schema\/person\/69bb4cd273a2528548b63cccab4980a0","name":"Guilherme Rocha","image":{"@type":"ImageObject","inLanguage":"pt-BR","@id":"https:\/\/franciscanos.org.br\/noticias\/#\/schema\/person\/image\/","url":"https:\/\/secure.gravatar.com\/avatar\/e480fee2377f81af36f6990ed742592a?s=96&d=mm&r=g","contentUrl":"https:\/\/secure.gravatar.com\/avatar\/e480fee2377f81af36f6990ed742592a?s=96&d=mm&r=g","caption":"Guilherme Rocha"},"url":"https:\/\/franciscanos.org.br\/noticias\/author\/guilhermerocha"}]}},"_links":{"self":[{"href":"https:\/\/franciscanos.org.br\/noticias\/wp-json\/wp\/v2\/posts\/264635"}],"collection":[{"href":"https:\/\/franciscanos.org.br\/noticias\/wp-json\/wp\/v2\/posts"}],"about":[{"href":"https:\/\/franciscanos.org.br\/noticias\/wp-json\/wp\/v2\/types\/post"}],"author":[{"embeddable":true,"href":"https:\/\/franciscanos.org.br\/noticias\/wp-json\/wp\/v2\/users\/15"}],"replies":[{"embeddable":true,"href":"https:\/\/franciscanos.org.br\/noticias\/wp-json\/wp\/v2\/comments?post=264635"}],"version-history":[{"count":4,"href":"https:\/\/franciscanos.org.br\/noticias\/wp-json\/wp\/v2\/posts\/264635\/revisions"}],"predecessor-version":[{"id":264649,"href":"https:\/\/franciscanos.org.br\/noticias\/wp-json\/wp\/v2\/posts\/264635\/revisions\/264649"}],"wp:featuredmedia":[{"embeddable":true,"href":"https:\/\/franciscanos.org.br\/noticias\/wp-json\/wp\/v2\/media\/264637"}],"wp:attachment":[{"href":"https:\/\/franciscanos.org.br\/noticias\/wp-json\/wp\/v2\/media?parent=264635"}],"wp:term":[{"taxonomy":"category","embeddable":true,"href":"https:\/\/franciscanos.org.br\/noticias\/wp-json\/wp\/v2\/categories?post=264635"},{"taxonomy":"post_tag","embeddable":true,"href":"https:\/\/franciscanos.org.br\/noticias\/wp-json\/wp\/v2\/tags?post=264635"}],"curies":[{"name":"wp","href":"https:\/\/api.w.org\/{rel}","templated":true}]}}