{"id":264506,"date":"2026-03-02T12:14:39","date_gmt":"2026-03-02T15:14:39","guid":{"rendered":"https:\/\/franciscanos.org.br\/noticias\/?p=264506"},"modified":"2026-03-02T12:40:40","modified_gmt":"2026-03-02T15:40:40","slug":"paroquia-santa-clara-de-assis-realiza-formacao-sobre-a-campanha-da-fraternidade","status":"publish","type":"post","link":"https:\/\/franciscanos.org.br\/noticias\/paroquia-santa-clara-de-assis-realiza-formacao-sobre-a-campanha-da-fraternidade.html","title":{"rendered":"Par\u00f3quia Santa Clara de Assis realiza forma\u00e7\u00e3o sobre a Campanha da Fraternidade"},"content":{"rendered":"<p><img loading=\"lazy\" class=\"aligncenter wp-image-264509 size-large\" src=\"https:\/\/franciscanos.org.br\/noticias\/wp-content\/uploads\/2026\/03\/2-1024x768.jpeg\" alt=\"\" width=\"1024\" height=\"768\" srcset=\"https:\/\/franciscanos.org.br\/noticias\/wp-content\/uploads\/2026\/03\/2-1024x768.jpeg 1024w, https:\/\/franciscanos.org.br\/noticias\/wp-content\/uploads\/2026\/03\/2-450x338.jpeg 450w, https:\/\/franciscanos.org.br\/noticias\/wp-content\/uploads\/2026\/03\/2-768x576.jpeg 768w, https:\/\/franciscanos.org.br\/noticias\/wp-content\/uploads\/2026\/03\/2-1536x1152.jpeg 1536w, https:\/\/franciscanos.org.br\/noticias\/wp-content\/uploads\/2026\/03\/2-150x113.jpeg 150w, https:\/\/franciscanos.org.br\/noticias\/wp-content\/uploads\/2026\/03\/2-600x450.jpeg 600w, https:\/\/franciscanos.org.br\/noticias\/wp-content\/uploads\/2026\/03\/2.jpeg 1440w\" sizes=\"(max-width: 1024px) 100vw, 1024px\" \/><\/p>\n<p><span style=\"font-weight: 400;\">Nos dias 23, 24 e 25 de fevereiro, no sal\u00e3o da Comunidade Jesus Crucificado, aconteceu o estudo sobre a Campanha da Fraternidade 2026, que tem como tema Fraternidade e Moradia e o lema \u201cEle veio morar entre n\u00f3s\u201d Jo1,14. O estudo foi orientado pela Comiss\u00e3o Paroquial de A\u00e7\u00e3o Social (COPAS) e a Equipe B\u00edblica Paroquial, com o tradicional m\u00e9todo VER, ILUMINAR e AGIR.<\/span><\/p>\n<p><span style=\"font-weight: 400;\">No primeiro dia foi abordada a import\u00e2ncia da Campanha da Fraternidade para a Igreja do Brasil. A Campanha da Fraternidade, celebrada h\u00e1 62 anos na Quaresma, muito tem contribu\u00eddo para que as Comunidades Eclesiais cres\u00e7am no compromisso com a solidariedade e a transforma\u00e7\u00e3o da realidade. Com o tema Fraternidade e Moradia, entre outros objetivos, a Campanha desse ano quer \u201cCorrigir a compreens\u00e3o da moradia como mercadoria, objeto de especula\u00e7\u00e3o ou m\u00e9rito individual\u201d. Os dados apresentados possibilitaram identificar aspectos importantes da realidade da moradia no Brasil e em Duque de Caxias.<\/span><\/p>\n\n\t\t<style type=\"text\/css\">\n\t\t\t#gallery-1 {\n\t\t\t\tmargin: auto;\n\t\t\t}\n\t\t\t#gallery-1 .gallery-item {\n\t\t\t\tfloat: left;\n\t\t\t\tmargin-top: 10px;\n\t\t\t\ttext-align: center;\n\t\t\t\twidth: 33%;\n\t\t\t}\n\t\t\t#gallery-1 img {\n\t\t\t\tborder: 2px solid #cfcfcf;\n\t\t\t}\n\t\t\t#gallery-1 .gallery-caption {\n\t\t\t\tmargin-left: 0;\n\t\t\t}\n\t\t\t\/* see gallery_shortcode() in wp-includes\/media.php *\/\n\t\t<\/style>\n\t\t<div id='gallery-1' class='gallery galleryid-264506 gallery-columns-3 gallery-size-thumbnail'><dl class='gallery-item'>\n\t\t\t<dt class='gallery-icon landscape'>\n\t\t\t\t<a href='https:\/\/franciscanos.org.br\/noticias\/wp-content\/uploads\/2026\/03\/7-scaled.jpeg'><img width=\"300\" height=\"300\" src=\"https:\/\/franciscanos.org.br\/noticias\/wp-content\/uploads\/2026\/03\/7-300x300.jpeg\" class=\"attachment-thumbnail size-thumbnail\" alt=\"\" loading=\"lazy\" srcset=\"https:\/\/franciscanos.org.br\/noticias\/wp-content\/uploads\/2026\/03\/7-300x300.jpeg 300w, https:\/\/franciscanos.org.br\/noticias\/wp-content\/uploads\/2026\/03\/7-100x100.jpeg 100w\" sizes=\"(max-width: 300px) 100vw, 300px\" \/><\/a>\n\t\t\t<\/dt><\/dl><dl class='gallery-item'>\n\t\t\t<dt class='gallery-icon portrait'>\n\t\t\t\t<a href='https:\/\/franciscanos.org.br\/noticias\/wp-content\/uploads\/2026\/03\/3-scaled.jpeg'><img width=\"300\" height=\"300\" src=\"https:\/\/franciscanos.org.br\/noticias\/wp-content\/uploads\/2026\/03\/3-300x300.jpeg\" class=\"attachment-thumbnail size-thumbnail\" alt=\"\" loading=\"lazy\" srcset=\"https:\/\/franciscanos.org.br\/noticias\/wp-content\/uploads\/2026\/03\/3-300x300.jpeg 300w, https:\/\/franciscanos.org.br\/noticias\/wp-content\/uploads\/2026\/03\/3-100x100.jpeg 100w\" sizes=\"(max-width: 300px) 100vw, 300px\" \/><\/a>\n\t\t\t<\/dt><\/dl><dl class='gallery-item'>\n\t\t\t<dt class='gallery-icon portrait'>\n\t\t\t\t<a href='https:\/\/franciscanos.org.br\/noticias\/wp-content\/uploads\/2026\/03\/9-scaled.jpeg'><img width=\"300\" height=\"300\" src=\"https:\/\/franciscanos.org.br\/noticias\/wp-content\/uploads\/2026\/03\/9-300x300.jpeg\" class=\"attachment-thumbnail size-thumbnail\" alt=\"\" loading=\"lazy\" srcset=\"https:\/\/franciscanos.org.br\/noticias\/wp-content\/uploads\/2026\/03\/9-300x300.jpeg 300w, https:\/\/franciscanos.org.br\/noticias\/wp-content\/uploads\/2026\/03\/9-100x100.jpeg 100w\" sizes=\"(max-width: 300px) 100vw, 300px\" \/><\/a>\n\t\t\t<\/dt><\/dl><br style=\"clear: both\" \/>\n\t\t<\/div>\n\n<p><span style=\"font-weight: 400;\">Com a B\u00edblia e a Tradi\u00e7\u00e3o da Igreja, no segundo dia, foi iluminada a realidade. O d\u00e9ficit habitacional de mais de 6 milh\u00f5es de moradia \u00e9 pecado que brada aos c\u00e9us porque a terra \u00e9 de Deus, dom partilhado para que todos os seres humanos e todas as criaturas possam viver com dignidade. Deus, vindo a esse mundo em Jesus de Nazar\u00e9, esteve ao lado daqueles a quem era negada a acolhida e a hospitalidade. \u00c9 por Ele que a Igreja se compromete com os que sofrem sem o abrigo e a prote\u00e7\u00e3o de uma moradia digna.<\/span><\/p>\n<p><span style=\"font-weight: 400;\">No terceiro dia, a COPAS apresentou as a\u00e7\u00f5es que j\u00e1 s\u00e3o realizadas em vista de atender os que sofrem com a falta de moradia. Destacou especialmente as iniciativas j\u00e1 realizadas pela Par\u00f3quia Santa Clara. \u201cN\u00e3o para nos envaidecer, mas para que acreditemos em nossa capacidade de transformar a realidade \u00e0 nossa volta\u201d. E convidou a todas as pessoas e comunidades para um AGIR comunit\u00e1rio, social e pol\u00edtico.<\/span><\/p>\n<p><span style=\"font-weight: 400;\">No dia 29 de mar\u00e7o somos todos e todas convidadas a participar da Coleta Nacional da Solidariedade que permite \u00e0s Par\u00f3quias, Dioceses e a CNBB implementar projetos que favorecem a fraternidade e a justi\u00e7a.<\/span><\/p>\n\n\t\t<style type=\"text\/css\">\n\t\t\t#gallery-2 {\n\t\t\t\tmargin: auto;\n\t\t\t}\n\t\t\t#gallery-2 .gallery-item {\n\t\t\t\tfloat: left;\n\t\t\t\tmargin-top: 10px;\n\t\t\t\ttext-align: center;\n\t\t\t\twidth: 33%;\n\t\t\t}\n\t\t\t#gallery-2 img {\n\t\t\t\tborder: 2px solid #cfcfcf;\n\t\t\t}\n\t\t\t#gallery-2 .gallery-caption {\n\t\t\t\tmargin-left: 0;\n\t\t\t}\n\t\t\t\/* see gallery_shortcode() in wp-includes\/media.php *\/\n\t\t<\/style>\n\t\t<div id='gallery-2' class='gallery galleryid-264506 gallery-columns-3 gallery-size-thumbnail'><dl class='gallery-item'>\n\t\t\t<dt class='gallery-icon portrait'>\n\t\t\t\t<a href='https:\/\/franciscanos.org.br\/noticias\/wp-content\/uploads\/2026\/03\/5-scaled.jpeg'><img width=\"300\" height=\"300\" src=\"https:\/\/franciscanos.org.br\/noticias\/wp-content\/uploads\/2026\/03\/5-300x300.jpeg\" class=\"attachment-thumbnail size-thumbnail\" alt=\"\" loading=\"lazy\" srcset=\"https:\/\/franciscanos.org.br\/noticias\/wp-content\/uploads\/2026\/03\/5-300x300.jpeg 300w, https:\/\/franciscanos.org.br\/noticias\/wp-content\/uploads\/2026\/03\/5-100x100.jpeg 100w\" sizes=\"(max-width: 300px) 100vw, 300px\" \/><\/a>\n\t\t\t<\/dt><\/dl><dl class='gallery-item'>\n\t\t\t<dt class='gallery-icon portrait'>\n\t\t\t\t<a href='https:\/\/franciscanos.org.br\/noticias\/wp-content\/uploads\/2026\/03\/6-scaled.jpeg'><img width=\"300\" height=\"300\" src=\"https:\/\/franciscanos.org.br\/noticias\/wp-content\/uploads\/2026\/03\/6-300x300.jpeg\" class=\"attachment-thumbnail size-thumbnail\" alt=\"\" loading=\"lazy\" srcset=\"https:\/\/franciscanos.org.br\/noticias\/wp-content\/uploads\/2026\/03\/6-300x300.jpeg 300w, https:\/\/franciscanos.org.br\/noticias\/wp-content\/uploads\/2026\/03\/6-100x100.jpeg 100w\" sizes=\"(max-width: 300px) 100vw, 300px\" \/><\/a>\n\t\t\t<\/dt><\/dl><dl class='gallery-item'>\n\t\t\t<dt class='gallery-icon landscape'>\n\t\t\t\t<a href='https:\/\/franciscanos.org.br\/noticias\/wp-content\/uploads\/2026\/03\/8-scaled.jpeg'><img width=\"300\" height=\"300\" src=\"https:\/\/franciscanos.org.br\/noticias\/wp-content\/uploads\/2026\/03\/8-300x300.jpeg\" class=\"attachment-thumbnail size-thumbnail\" alt=\"\" loading=\"lazy\" srcset=\"https:\/\/franciscanos.org.br\/noticias\/wp-content\/uploads\/2026\/03\/8-300x300.jpeg 300w, https:\/\/franciscanos.org.br\/noticias\/wp-content\/uploads\/2026\/03\/8-100x100.jpeg 100w\" sizes=\"(max-width: 300px) 100vw, 300px\" \/><\/a>\n\t\t\t<\/dt><\/dl><br style=\"clear: both\" \/>\n\t\t<\/div>\n\n<p><img loading=\"lazy\" class=\"aligncenter wp-image-264507 size-large\" src=\"https:\/\/franciscanos.org.br\/noticias\/wp-content\/uploads\/2026\/03\/1-1024x500.jpeg\" alt=\"\" width=\"1024\" height=\"500\" srcset=\"https:\/\/franciscanos.org.br\/noticias\/wp-content\/uploads\/2026\/03\/1-1024x500.jpeg 1024w, https:\/\/franciscanos.org.br\/noticias\/wp-content\/uploads\/2026\/03\/1-450x220.jpeg 450w, https:\/\/franciscanos.org.br\/noticias\/wp-content\/uploads\/2026\/03\/1-768x375.jpeg 768w, https:\/\/franciscanos.org.br\/noticias\/wp-content\/uploads\/2026\/03\/1-1536x750.jpeg 1536w, https:\/\/franciscanos.org.br\/noticias\/wp-content\/uploads\/2026\/03\/1-150x73.jpeg 150w, https:\/\/franciscanos.org.br\/noticias\/wp-content\/uploads\/2026\/03\/1.jpeg 1600w\" sizes=\"(max-width: 1024px) 100vw, 1024px\" \/><i><\/i><\/p>\n<hr \/>\n<p><i><span style=\"font-weight: 400;\">Por Irm\u00e3 Ana Claudia, CF (texto) e <\/span><\/i><i><span style=\"font-weight: 400;\">Ana Helena Felix da Silva Ramos (fotos)<\/span><\/i><\/p>\n","protected":false},"excerpt":{"rendered":"<p>Campanha da Fraternidade 2026<\/p>\n","protected":false},"author":15,"featured_media":264518,"comment_status":"open","ping_status":"open","sticky":false,"template":"","format":"standard","meta":[],"categories":[1],"tags":[],"acf":[],"yoast_head":"<!-- This site is optimized with the Yoast SEO plugin v19.2 - https:\/\/yoast.com\/wordpress\/plugins\/seo\/ -->\n<title>Par\u00f3quia Santa Clara de Assis realiza forma\u00e7\u00e3o sobre a Campanha da Fraternidade - Not\u00edcias - Franciscanos<\/title>\n<meta name=\"robots\" content=\"index, follow, max-snippet:-1, max-image-preview:large, max-video-preview:-1\" \/>\n<link rel=\"canonical\" href=\"https:\/\/franciscanos.org.br\/noticias\/paroquia-santa-clara-de-assis-realiza-formacao-sobre-a-campanha-da-fraternidade.html\" \/>\n<meta property=\"og:locale\" content=\"pt_BR\" \/>\n<meta property=\"og:type\" content=\"article\" \/>\n<meta property=\"og:title\" content=\"Par\u00f3quia Santa Clara de Assis realiza forma\u00e7\u00e3o sobre a Campanha da Fraternidade - Not\u00edcias - Franciscanos\" \/>\n<meta property=\"og:description\" content=\"Campanha da Fraternidade 2026\" \/>\n<meta property=\"og:url\" content=\"https:\/\/franciscanos.org.br\/noticias\/paroquia-santa-clara-de-assis-realiza-formacao-sobre-a-campanha-da-fraternidade.html\" \/>\n<meta property=\"og:site_name\" content=\"Not\u00edcias - Franciscanos\" \/>\n<meta property=\"article:published_time\" content=\"2026-03-02T15:14:39+00:00\" \/>\n<meta property=\"article:modified_time\" content=\"2026-03-02T15:40:40+00:00\" \/>\n<meta property=\"og:image\" content=\"https:\/\/franciscanos.org.br\/noticias\/wp-content\/uploads\/2026\/03\/1-2.jpeg\" \/>\n\t<meta property=\"og:image:width\" content=\"1440\" \/>\n\t<meta property=\"og:image:height\" content=\"1080\" \/>\n\t<meta property=\"og:image:type\" content=\"image\/jpeg\" \/>\n<meta name=\"author\" content=\"Guilherme Rocha\" \/>\n<meta name=\"twitter:card\" content=\"summary_large_image\" \/>\n<meta name=\"twitter:label1\" content=\"Escrito por\" \/>\n\t<meta name=\"twitter:data1\" content=\"Guilherme Rocha\" \/>\n\t<meta name=\"twitter:label2\" content=\"Est. tempo de leitura\" \/>\n\t<meta name=\"twitter:data2\" content=\"2 minutos\" \/>\n<script type=\"application\/ld+json\" class=\"yoast-schema-graph\">{\"@context\":\"https:\/\/schema.org\",\"@graph\":[{\"@type\":\"WebSite\",\"@id\":\"https:\/\/franciscanos.org.br\/noticias\/#website\",\"url\":\"https:\/\/franciscanos.org.br\/noticias\/\",\"name\":\"Not\u00edcias - Franciscanos\",\"description\":\"Prov\u00edncia Franciscana da Imaculada Concei\u00e7\u00e3o do Brasil - Ordem dos Frades Menores - OFM\",\"potentialAction\":[{\"@type\":\"SearchAction\",\"target\":{\"@type\":\"EntryPoint\",\"urlTemplate\":\"https:\/\/franciscanos.org.br\/noticias\/?s={search_term_string}\"},\"query-input\":\"required name=search_term_string\"}],\"inLanguage\":\"pt-BR\"},{\"@type\":\"ImageObject\",\"inLanguage\":\"pt-BR\",\"@id\":\"https:\/\/franciscanos.org.br\/noticias\/paroquia-santa-clara-de-assis-realiza-formacao-sobre-a-campanha-da-fraternidade.html#primaryimage\",\"url\":\"https:\/\/franciscanos.org.br\/noticias\/wp-content\/uploads\/2026\/03\/1-2.jpeg\",\"contentUrl\":\"https:\/\/franciscanos.org.br\/noticias\/wp-content\/uploads\/2026\/03\/1-2.jpeg\",\"width\":1440,\"height\":1080},{\"@type\":\"WebPage\",\"@id\":\"https:\/\/franciscanos.org.br\/noticias\/paroquia-santa-clara-de-assis-realiza-formacao-sobre-a-campanha-da-fraternidade.html#webpage\",\"url\":\"https:\/\/franciscanos.org.br\/noticias\/paroquia-santa-clara-de-assis-realiza-formacao-sobre-a-campanha-da-fraternidade.html\",\"name\":\"Par\u00f3quia Santa Clara de Assis realiza forma\u00e7\u00e3o sobre a Campanha da Fraternidade - Not\u00edcias - Franciscanos\",\"isPartOf\":{\"@id\":\"https:\/\/franciscanos.org.br\/noticias\/#website\"},\"primaryImageOfPage\":{\"@id\":\"https:\/\/franciscanos.org.br\/noticias\/paroquia-santa-clara-de-assis-realiza-formacao-sobre-a-campanha-da-fraternidade.html#primaryimage\"},\"datePublished\":\"2026-03-02T15:14:39+00:00\",\"dateModified\":\"2026-03-02T15:40:40+00:00\",\"author\":{\"@id\":\"https:\/\/franciscanos.org.br\/noticias\/#\/schema\/person\/69bb4cd273a2528548b63cccab4980a0\"},\"breadcrumb\":{\"@id\":\"https:\/\/franciscanos.org.br\/noticias\/paroquia-santa-clara-de-assis-realiza-formacao-sobre-a-campanha-da-fraternidade.html#breadcrumb\"},\"inLanguage\":\"pt-BR\",\"potentialAction\":[{\"@type\":\"ReadAction\",\"target\":[\"https:\/\/franciscanos.org.br\/noticias\/paroquia-santa-clara-de-assis-realiza-formacao-sobre-a-campanha-da-fraternidade.html\"]}]},{\"@type\":\"BreadcrumbList\",\"@id\":\"https:\/\/franciscanos.org.br\/noticias\/paroquia-santa-clara-de-assis-realiza-formacao-sobre-a-campanha-da-fraternidade.html#breadcrumb\",\"itemListElement\":[{\"@type\":\"ListItem\",\"position\":1,\"name\":\"Home\",\"item\":\"https:\/\/franciscanos.org.br\/noticias\"},{\"@type\":\"ListItem\",\"position\":2,\"name\":\"Par\u00f3quia Santa Clara de Assis realiza forma\u00e7\u00e3o sobre a Campanha da Fraternidade\"}]},{\"@type\":\"Person\",\"@id\":\"https:\/\/franciscanos.org.br\/noticias\/#\/schema\/person\/69bb4cd273a2528548b63cccab4980a0\",\"name\":\"Guilherme Rocha\",\"image\":{\"@type\":\"ImageObject\",\"inLanguage\":\"pt-BR\",\"@id\":\"https:\/\/franciscanos.org.br\/noticias\/#\/schema\/person\/image\/\",\"url\":\"https:\/\/secure.gravatar.com\/avatar\/e480fee2377f81af36f6990ed742592a?s=96&d=mm&r=g\",\"contentUrl\":\"https:\/\/secure.gravatar.com\/avatar\/e480fee2377f81af36f6990ed742592a?s=96&d=mm&r=g\",\"caption\":\"Guilherme Rocha\"},\"url\":\"https:\/\/franciscanos.org.br\/noticias\/author\/guilhermerocha\"}]}<\/script>\n<!-- \/ Yoast SEO plugin. -->","yoast_head_json":{"title":"Par\u00f3quia Santa Clara de Assis realiza forma\u00e7\u00e3o sobre a Campanha da Fraternidade - Not\u00edcias - Franciscanos","robots":{"index":"index","follow":"follow","max-snippet":"max-snippet:-1","max-image-preview":"max-image-preview:large","max-video-preview":"max-video-preview:-1"},"canonical":"https:\/\/franciscanos.org.br\/noticias\/paroquia-santa-clara-de-assis-realiza-formacao-sobre-a-campanha-da-fraternidade.html","og_locale":"pt_BR","og_type":"article","og_title":"Par\u00f3quia Santa Clara de Assis realiza forma\u00e7\u00e3o sobre a Campanha da Fraternidade - Not\u00edcias - Franciscanos","og_description":"Campanha da Fraternidade 2026","og_url":"https:\/\/franciscanos.org.br\/noticias\/paroquia-santa-clara-de-assis-realiza-formacao-sobre-a-campanha-da-fraternidade.html","og_site_name":"Not\u00edcias - Franciscanos","article_published_time":"2026-03-02T15:14:39+00:00","article_modified_time":"2026-03-02T15:40:40+00:00","og_image":[{"width":1440,"height":1080,"url":"https:\/\/franciscanos.org.br\/noticias\/wp-content\/uploads\/2026\/03\/1-2.jpeg","type":"image\/jpeg"}],"author":"Guilherme Rocha","twitter_card":"summary_large_image","twitter_misc":{"Escrito por":"Guilherme Rocha","Est. tempo de leitura":"2 minutos"},"schema":{"@context":"https:\/\/schema.org","@graph":[{"@type":"WebSite","@id":"https:\/\/franciscanos.org.br\/noticias\/#website","url":"https:\/\/franciscanos.org.br\/noticias\/","name":"Not\u00edcias - Franciscanos","description":"Prov\u00edncia Franciscana da Imaculada Concei\u00e7\u00e3o do Brasil - Ordem dos Frades Menores - OFM","potentialAction":[{"@type":"SearchAction","target":{"@type":"EntryPoint","urlTemplate":"https:\/\/franciscanos.org.br\/noticias\/?s={search_term_string}"},"query-input":"required name=search_term_string"}],"inLanguage":"pt-BR"},{"@type":"ImageObject","inLanguage":"pt-BR","@id":"https:\/\/franciscanos.org.br\/noticias\/paroquia-santa-clara-de-assis-realiza-formacao-sobre-a-campanha-da-fraternidade.html#primaryimage","url":"https:\/\/franciscanos.org.br\/noticias\/wp-content\/uploads\/2026\/03\/1-2.jpeg","contentUrl":"https:\/\/franciscanos.org.br\/noticias\/wp-content\/uploads\/2026\/03\/1-2.jpeg","width":1440,"height":1080},{"@type":"WebPage","@id":"https:\/\/franciscanos.org.br\/noticias\/paroquia-santa-clara-de-assis-realiza-formacao-sobre-a-campanha-da-fraternidade.html#webpage","url":"https:\/\/franciscanos.org.br\/noticias\/paroquia-santa-clara-de-assis-realiza-formacao-sobre-a-campanha-da-fraternidade.html","name":"Par\u00f3quia Santa Clara de Assis realiza forma\u00e7\u00e3o sobre a Campanha da Fraternidade - Not\u00edcias - Franciscanos","isPartOf":{"@id":"https:\/\/franciscanos.org.br\/noticias\/#website"},"primaryImageOfPage":{"@id":"https:\/\/franciscanos.org.br\/noticias\/paroquia-santa-clara-de-assis-realiza-formacao-sobre-a-campanha-da-fraternidade.html#primaryimage"},"datePublished":"2026-03-02T15:14:39+00:00","dateModified":"2026-03-02T15:40:40+00:00","author":{"@id":"https:\/\/franciscanos.org.br\/noticias\/#\/schema\/person\/69bb4cd273a2528548b63cccab4980a0"},"breadcrumb":{"@id":"https:\/\/franciscanos.org.br\/noticias\/paroquia-santa-clara-de-assis-realiza-formacao-sobre-a-campanha-da-fraternidade.html#breadcrumb"},"inLanguage":"pt-BR","potentialAction":[{"@type":"ReadAction","target":["https:\/\/franciscanos.org.br\/noticias\/paroquia-santa-clara-de-assis-realiza-formacao-sobre-a-campanha-da-fraternidade.html"]}]},{"@type":"BreadcrumbList","@id":"https:\/\/franciscanos.org.br\/noticias\/paroquia-santa-clara-de-assis-realiza-formacao-sobre-a-campanha-da-fraternidade.html#breadcrumb","itemListElement":[{"@type":"ListItem","position":1,"name":"Home","item":"https:\/\/franciscanos.org.br\/noticias"},{"@type":"ListItem","position":2,"name":"Par\u00f3quia Santa Clara de Assis realiza forma\u00e7\u00e3o sobre a Campanha da Fraternidade"}]},{"@type":"Person","@id":"https:\/\/franciscanos.org.br\/noticias\/#\/schema\/person\/69bb4cd273a2528548b63cccab4980a0","name":"Guilherme Rocha","image":{"@type":"ImageObject","inLanguage":"pt-BR","@id":"https:\/\/franciscanos.org.br\/noticias\/#\/schema\/person\/image\/","url":"https:\/\/secure.gravatar.com\/avatar\/e480fee2377f81af36f6990ed742592a?s=96&d=mm&r=g","contentUrl":"https:\/\/secure.gravatar.com\/avatar\/e480fee2377f81af36f6990ed742592a?s=96&d=mm&r=g","caption":"Guilherme Rocha"},"url":"https:\/\/franciscanos.org.br\/noticias\/author\/guilhermerocha"}]}},"_links":{"self":[{"href":"https:\/\/franciscanos.org.br\/noticias\/wp-json\/wp\/v2\/posts\/264506"}],"collection":[{"href":"https:\/\/franciscanos.org.br\/noticias\/wp-json\/wp\/v2\/posts"}],"about":[{"href":"https:\/\/franciscanos.org.br\/noticias\/wp-json\/wp\/v2\/types\/post"}],"author":[{"embeddable":true,"href":"https:\/\/franciscanos.org.br\/noticias\/wp-json\/wp\/v2\/users\/15"}],"replies":[{"embeddable":true,"href":"https:\/\/franciscanos.org.br\/noticias\/wp-json\/wp\/v2\/comments?post=264506"}],"version-history":[{"count":8,"href":"https:\/\/franciscanos.org.br\/noticias\/wp-json\/wp\/v2\/posts\/264506\/revisions"}],"predecessor-version":[{"id":264525,"href":"https:\/\/franciscanos.org.br\/noticias\/wp-json\/wp\/v2\/posts\/264506\/revisions\/264525"}],"wp:featuredmedia":[{"embeddable":true,"href":"https:\/\/franciscanos.org.br\/noticias\/wp-json\/wp\/v2\/media\/264518"}],"wp:attachment":[{"href":"https:\/\/franciscanos.org.br\/noticias\/wp-json\/wp\/v2\/media?parent=264506"}],"wp:term":[{"taxonomy":"category","embeddable":true,"href":"https:\/\/franciscanos.org.br\/noticias\/wp-json\/wp\/v2\/categories?post=264506"},{"taxonomy":"post_tag","embeddable":true,"href":"https:\/\/franciscanos.org.br\/noticias\/wp-json\/wp\/v2\/tags?post=264506"}],"curies":[{"name":"wp","href":"https:\/\/api.w.org\/{rel}","templated":true}]}}