{"id":264447,"date":"2026-02-25T10:36:59","date_gmt":"2026-02-25T13:36:59","guid":{"rendered":"https:\/\/franciscanos.org.br\/noticias\/?p=264447"},"modified":"2026-02-26T14:13:32","modified_gmt":"2026-02-26T17:13:32","slug":"uma-vida-que-virou-cancao-serie-retrata-a-missao-e-a-fama-de-santidade-de-frei-bruno-linden","status":"publish","type":"post","link":"https:\/\/franciscanos.org.br\/noticias\/uma-vida-que-virou-cancao-serie-retrata-a-missao-e-a-fama-de-santidade-de-frei-bruno-linden.html","title":{"rendered":"\u201cUma vida que virou can\u00e7\u00e3o\u201d: s\u00e9rie retrata a miss\u00e3o e a fama de santidade de Frei Bruno Linden"},"content":{"rendered":"<p><img loading=\"lazy\" class=\"aligncenter wp-image-264451 size-large\" src=\"https:\/\/franciscanos.org.br\/noticias\/wp-content\/uploads\/2026\/02\/1280x720-1024x576.png\" alt=\"\" width=\"1024\" height=\"576\" srcset=\"https:\/\/franciscanos.org.br\/noticias\/wp-content\/uploads\/2026\/02\/1280x720-1024x576.png 1024w, https:\/\/franciscanos.org.br\/noticias\/wp-content\/uploads\/2026\/02\/1280x720-450x253.png 450w, https:\/\/franciscanos.org.br\/noticias\/wp-content\/uploads\/2026\/02\/1280x720-768x432.png 768w, https:\/\/franciscanos.org.br\/noticias\/wp-content\/uploads\/2026\/02\/1280x720-150x84.png 150w, https:\/\/franciscanos.org.br\/noticias\/wp-content\/uploads\/2026\/02\/1280x720.png 1280w\" sizes=\"(max-width: 1024px) 100vw, 1024px\" \/><\/p>\n<p>As emissoras de r\u00e1dio da Funda\u00e7\u00e3o Frei Rog\u00e9rio e do Grupo Celinauta de Comunica\u00e7\u00e3o lan\u00e7am, a partir desta semana, a s\u00e9rie especial\u00a0\u201cUma vida que virou can\u00e7\u00e3o: Frei Bruno Linden, frade franciscano com fama de santidade\u201d. A produ\u00e7\u00e3o convida os ouvintes a percorrerem a trajet\u00f3ria de um religioso cuja hist\u00f3ria nasceu na simplicidade, amadureceu na f\u00e9 e floresceu na caridade.<\/p>\n<p>O lan\u00e7amento acontece \u00e0s v\u00e9speras de mais uma edi\u00e7\u00e3o da Caminhada Penitencial de Frei Bruno, tradicional manifesta\u00e7\u00e3o de f\u00e9 que dever\u00e1 reunir mais de 60 mil pessoas em Joa\u00e7aba, no pr\u00f3ximo dia 1\u00ba de mar\u00e7o, refor\u00e7ando a atualidade e a for\u00e7a da devo\u00e7\u00e3o ao franciscano.<\/p>\n<p>Mission\u00e1rio incans\u00e1vel, homem de constante ora\u00e7\u00e3o, pregador popular e servidor dos pobres,\u00a0Frei Bruno Linden\u00a0marcou a vida de milhares de pessoas no Sul do Brasil. Sua presen\u00e7a era descrita como firme e serena; sua palavra, forte e ao mesmo tempo carregada da ternura do Evangelho. Religioso da\u00a0Ordem dos Frades Menores, fez de sua voca\u00e7\u00e3o um testemunho concreto do carisma de\u00a0S\u00e3o Francisco de Assis: viver o Evangelho com simplicidade, alegria e total confian\u00e7a em Deus.<\/p>\n<p>Composta por oito epis\u00f3dios, a s\u00e9rie apresenta ao p\u00fablico os principais momentos da vida do frade: a inf\u00e2ncia e o despertar vocacional; a chegada ao Brasil; a intensa vida mission\u00e1ria; a proximidade com o povo simples; os testemunhos de gra\u00e7as e convers\u00f5es; o legado que permanece vivo; e a crescente fama de santidade que continua a mobilizar fi\u00e9is.<\/p>\n<p>Mais do que recordar fatos hist\u00f3ricos, a produ\u00e7\u00e3o pretende atualizar a mem\u00f3ria de um homem que fez da pr\u00f3pria exist\u00eancia um canto de louvor a Deus. A proposta \u00e9 permitir que sua hist\u00f3ria continue a inspirar f\u00e9, esperan\u00e7a e compromisso crist\u00e3o nas comunidades que o conheceram e tamb\u00e9m nas novas gera\u00e7\u00f5es.<\/p>\n<p><b>Uma inspira\u00e7\u00e3o que brotou da pesquisa e da ora\u00e7\u00e3o<\/b><\/p>\n<p><span style=\"font-weight: 400;\">A autoria da s\u00e9rie \u00e9 de Frei Fabr\u00edcio Andreosa Martins, que buscou uma abordagem art\u00edstica singular para narrar a vida do mission\u00e1rio. A inspira\u00e7\u00e3o surgiu a partir de um convite de Frei Leandro Costa, Coordenador da Frente de Comunica\u00e7\u00e3o, que o incentivou a aprofundar-se na biografia de Frei Bruno. Durante a pesquisa, Frei Fabr\u00edcio recorreu a fontes da Fam\u00edlia Franciscana e \u00e0 obra de\u00a0Frei Clar\u00eancio Neotti, reconhecida autoridade no tema.<\/span><\/p>\n<p><span style=\"font-weight: 400;\">Foi principalmente a partir dessa leitura que nasceu a ideia de compor os epis\u00f3dios em estilo semelhante ao cordel, com forte influ\u00eancia sulista e tra\u00e7os do universo gauchesco. A escolha dialoga diretamente com o povo da regi\u00e3o Sul, onde a devo\u00e7\u00e3o a Frei Bruno \u00e9 mais intensa. Para isso, o autor mergulhou tamb\u00e9m na musicalidade t\u00edpica, escutando can\u00e7\u00f5es e estudando estilos tocados ao viol\u00e3o, buscando imprimir \u00e0s composi\u00e7\u00f5es arte, identidade cultural e profundidade espiritual.<\/span><\/p>\n<p><span style=\"font-weight: 400;\">Enquanto frade em forma\u00e7\u00e3o, Frei Fabr\u00edcio afirma que o contato com a vida de Frei Bruno foi tamb\u00e9m um caminho de convers\u00e3o pessoal. A leitura e a cria\u00e7\u00e3o art\u00edstica despertaram nele o desejo de maior zelo na ora\u00e7\u00e3o e no servi\u00e7o a Deus e aos irm\u00e3os. Entre os muitos aspectos que o marcaram, destaca-se o testemunho de perseveran\u00e7a do mission\u00e1rio que, mesmo sentindo o peso da idade e o cansa\u00e7o do corpo, continuava a visitar fam\u00edlias, sobretudo as mais necessitadas.<\/span><\/p>\n<p><span style=\"font-weight: 400;\">A figura de Frei Bruno revelou-se, para o autor, como express\u00e3o de fortaleza na fragilidade: um homem aparentemente limitado pelo corpo envelhecido, mas sustentado por uma for\u00e7a maior, a for\u00e7a do amor, que o impulsionava na miss\u00e3o.<\/span><\/p>\n<p><span style=\"font-weight: 400;\">Com esta s\u00e9rie, as emissoras reafirmam seu compromisso de promover conte\u00fados que evangelizam, formam e mant\u00eam viva a mem\u00f3ria daqueles que testemunharam o Evangelho com radicalidade e ternura. Porque h\u00e1 vidas que passam. E h\u00e1 vidas que viram can\u00e7\u00e3o.<\/span><\/p>\n<p><span style=\"font-weight: 400;\">A s\u00e9rie ser\u00e1 veiculada ao longo da programa\u00e7\u00e3o das emissoras das r\u00e1dios da Funda\u00e7\u00e3o Frei Rog\u00e9rio e do Grupo Celinauta de Comunica\u00e7\u00e3o, permitindo que os ouvintes acompanhem os epis\u00f3dios em diferentes hor\u00e1rios da grade. Quem preferir tamb\u00e9m poder\u00e1 escutar pelo Fraternicast, podcast franciscano dispon\u00edvel nas plataformas digitais, ampliando o alcance da mensagem e possibilitando que a hist\u00f3ria de Frei Bruno chegue ainda mais longe.<\/span><\/p>\n<p><b>Ou\u00e7a na \u00edntegra e diariamente pelo Fraternicast:<\/b><\/p>\n<p><a href=\"http:\/\/iframe%20data-testid=embed-iframe%20style=border-radius:12px%20src=https:\/\/open.spotify.com\/embed\/episode\/1FshXj1vo2gFqukwEBqYEY?utm_source=generator%20width=100%%20height=152%20frameBorder=0%20allowfullscreen=%20allow=autoplay;%20clipboard-write;%20encrypted-media;%20fullscreen;%20picture-in-picture%20loading=lazy\/iframe\"><iframe loading=\"lazy\" style=\"border-radius: 12px;\" src=\"https:\/\/open.spotify.com\/embed\/episode\/1FshXj1vo2gFqukwEBqYEY?utm_source=generator\" width=\"100%\" height=\"152\" frameborder=\"0\" allowfullscreen=\"allowfullscreen\" data-testid=\"embed-iframe\" data-mce-fragment=\"1\"><\/iframe><\/a><\/p>\n<p><a href=\"http:\/\/iframe%20data-testid=embed-iframe%20style=border-radius:12px%20src=https:\/\/open.spotify.com\/embed\/episode\/3tkl3LBxFNqL1GWmWeeR6B?utm_source=generator&amp;theme=0%20width=100%%20height=152%20frameBorder=0%20allowfullscreen=%20allow=autoplay;%20clipboard-write;%20encrypted-media;%20fullscreen;%20picture-in-picture%20loading=lazy\/iframe\"><iframe loading=\"lazy\" style=\"border-radius: 12px;\" src=\"https:\/\/open.spotify.com\/embed\/episode\/3tkl3LBxFNqL1GWmWeeR6B?utm_source=generator&amp;theme=0\" width=\"100%\" height=\"152\" frameborder=\"0\" allowfullscreen=\"allowfullscreen\" data-testid=\"embed-iframe\"><\/iframe><\/a><\/p>\n<p><a href=\"http:\/\/iframe%20data-testid=embed-iframe%20style=border-radius:12px%20src=https:\/\/open.spotify.com\/embed\/episode\/0DlVDZiUFXi3tEA8eeCYM7?utm_source=generator%20width=100%%20height=152%20frameBorder=0%20allowfullscreen=%20allow=autoplay;%20clipboard-write;%20encrypted-media;%20fullscreen;%20picture-in-picture%20loading=lazy\/iframe\"><iframe loading=\"lazy\" style=\"border-radius: 12px;\" src=\"https:\/\/open.spotify.com\/embed\/episode\/0DlVDZiUFXi3tEA8eeCYM7?utm_source=generator\" width=\"100%\" height=\"152\" frameborder=\"0\" allowfullscreen=\"allowfullscreen\" data-testid=\"embed-iframe\"><\/iframe><\/a><\/p>\n<hr \/>\n<p><em>Por Frei Augusto Luiz Gabriel<\/em><\/p>\n","protected":false},"excerpt":{"rendered":"<p>Frades Ilustres<\/p>\n","protected":false},"author":15,"featured_media":264451,"comment_status":"open","ping_status":"open","sticky":false,"template":"","format":"standard","meta":[],"categories":[1],"tags":[],"acf":[],"yoast_head":"<!-- This site is optimized with the Yoast SEO plugin v19.2 - https:\/\/yoast.com\/wordpress\/plugins\/seo\/ -->\n<title>\u201cUma vida que virou can\u00e7\u00e3o\u201d: s\u00e9rie retrata a miss\u00e3o e a fama de santidade de Frei Bruno Linden - Not\u00edcias - Franciscanos<\/title>\n<meta name=\"robots\" content=\"index, follow, max-snippet:-1, max-image-preview:large, max-video-preview:-1\" \/>\n<link rel=\"canonical\" href=\"https:\/\/franciscanos.org.br\/noticias\/uma-vida-que-virou-cancao-serie-retrata-a-missao-e-a-fama-de-santidade-de-frei-bruno-linden.html\" \/>\n<meta property=\"og:locale\" content=\"pt_BR\" \/>\n<meta property=\"og:type\" content=\"article\" \/>\n<meta property=\"og:title\" content=\"\u201cUma vida que virou can\u00e7\u00e3o\u201d: s\u00e9rie retrata a miss\u00e3o e a fama de santidade de Frei Bruno Linden - Not\u00edcias - Franciscanos\" \/>\n<meta property=\"og:description\" content=\"Frades Ilustres\" \/>\n<meta property=\"og:url\" content=\"https:\/\/franciscanos.org.br\/noticias\/uma-vida-que-virou-cancao-serie-retrata-a-missao-e-a-fama-de-santidade-de-frei-bruno-linden.html\" \/>\n<meta property=\"og:site_name\" content=\"Not\u00edcias - Franciscanos\" \/>\n<meta property=\"article:published_time\" content=\"2026-02-25T13:36:59+00:00\" \/>\n<meta property=\"article:modified_time\" content=\"2026-02-26T17:13:32+00:00\" \/>\n<meta property=\"og:image\" content=\"https:\/\/franciscanos.org.br\/noticias\/wp-content\/uploads\/2026\/02\/1280x720.png\" \/>\n\t<meta property=\"og:image:width\" content=\"1280\" \/>\n\t<meta property=\"og:image:height\" content=\"720\" \/>\n\t<meta property=\"og:image:type\" content=\"image\/png\" \/>\n<meta name=\"author\" content=\"Guilherme Rocha\" \/>\n<meta name=\"twitter:card\" content=\"summary_large_image\" \/>\n<meta name=\"twitter:label1\" content=\"Escrito por\" \/>\n\t<meta name=\"twitter:data1\" content=\"Guilherme Rocha\" \/>\n\t<meta name=\"twitter:label2\" content=\"Est. tempo de leitura\" \/>\n\t<meta name=\"twitter:data2\" content=\"4 minutos\" \/>\n<script type=\"application\/ld+json\" class=\"yoast-schema-graph\">{\"@context\":\"https:\/\/schema.org\",\"@graph\":[{\"@type\":\"WebSite\",\"@id\":\"https:\/\/franciscanos.org.br\/noticias\/#website\",\"url\":\"https:\/\/franciscanos.org.br\/noticias\/\",\"name\":\"Not\u00edcias - Franciscanos\",\"description\":\"Prov\u00edncia Franciscana da Imaculada Concei\u00e7\u00e3o do Brasil - Ordem dos Frades Menores - OFM\",\"potentialAction\":[{\"@type\":\"SearchAction\",\"target\":{\"@type\":\"EntryPoint\",\"urlTemplate\":\"https:\/\/franciscanos.org.br\/noticias\/?s={search_term_string}\"},\"query-input\":\"required name=search_term_string\"}],\"inLanguage\":\"pt-BR\"},{\"@type\":\"ImageObject\",\"inLanguage\":\"pt-BR\",\"@id\":\"https:\/\/franciscanos.org.br\/noticias\/uma-vida-que-virou-cancao-serie-retrata-a-missao-e-a-fama-de-santidade-de-frei-bruno-linden.html#primaryimage\",\"url\":\"https:\/\/franciscanos.org.br\/noticias\/wp-content\/uploads\/2026\/02\/1280x720.png\",\"contentUrl\":\"https:\/\/franciscanos.org.br\/noticias\/wp-content\/uploads\/2026\/02\/1280x720.png\",\"width\":1280,\"height\":720},{\"@type\":\"WebPage\",\"@id\":\"https:\/\/franciscanos.org.br\/noticias\/uma-vida-que-virou-cancao-serie-retrata-a-missao-e-a-fama-de-santidade-de-frei-bruno-linden.html#webpage\",\"url\":\"https:\/\/franciscanos.org.br\/noticias\/uma-vida-que-virou-cancao-serie-retrata-a-missao-e-a-fama-de-santidade-de-frei-bruno-linden.html\",\"name\":\"\u201cUma vida que virou can\u00e7\u00e3o\u201d: s\u00e9rie retrata a miss\u00e3o e a fama de santidade de Frei Bruno Linden - Not\u00edcias - Franciscanos\",\"isPartOf\":{\"@id\":\"https:\/\/franciscanos.org.br\/noticias\/#website\"},\"primaryImageOfPage\":{\"@id\":\"https:\/\/franciscanos.org.br\/noticias\/uma-vida-que-virou-cancao-serie-retrata-a-missao-e-a-fama-de-santidade-de-frei-bruno-linden.html#primaryimage\"},\"datePublished\":\"2026-02-25T13:36:59+00:00\",\"dateModified\":\"2026-02-26T17:13:32+00:00\",\"author\":{\"@id\":\"https:\/\/franciscanos.org.br\/noticias\/#\/schema\/person\/69bb4cd273a2528548b63cccab4980a0\"},\"breadcrumb\":{\"@id\":\"https:\/\/franciscanos.org.br\/noticias\/uma-vida-que-virou-cancao-serie-retrata-a-missao-e-a-fama-de-santidade-de-frei-bruno-linden.html#breadcrumb\"},\"inLanguage\":\"pt-BR\",\"potentialAction\":[{\"@type\":\"ReadAction\",\"target\":[\"https:\/\/franciscanos.org.br\/noticias\/uma-vida-que-virou-cancao-serie-retrata-a-missao-e-a-fama-de-santidade-de-frei-bruno-linden.html\"]}]},{\"@type\":\"BreadcrumbList\",\"@id\":\"https:\/\/franciscanos.org.br\/noticias\/uma-vida-que-virou-cancao-serie-retrata-a-missao-e-a-fama-de-santidade-de-frei-bruno-linden.html#breadcrumb\",\"itemListElement\":[{\"@type\":\"ListItem\",\"position\":1,\"name\":\"Home\",\"item\":\"https:\/\/franciscanos.org.br\/noticias\"},{\"@type\":\"ListItem\",\"position\":2,\"name\":\"\u201cUma vida que virou can\u00e7\u00e3o\u201d: s\u00e9rie retrata a miss\u00e3o e a fama de santidade de Frei Bruno Linden\"}]},{\"@type\":\"Person\",\"@id\":\"https:\/\/franciscanos.org.br\/noticias\/#\/schema\/person\/69bb4cd273a2528548b63cccab4980a0\",\"name\":\"Guilherme Rocha\",\"image\":{\"@type\":\"ImageObject\",\"inLanguage\":\"pt-BR\",\"@id\":\"https:\/\/franciscanos.org.br\/noticias\/#\/schema\/person\/image\/\",\"url\":\"https:\/\/secure.gravatar.com\/avatar\/e480fee2377f81af36f6990ed742592a?s=96&d=mm&r=g\",\"contentUrl\":\"https:\/\/secure.gravatar.com\/avatar\/e480fee2377f81af36f6990ed742592a?s=96&d=mm&r=g\",\"caption\":\"Guilherme Rocha\"},\"url\":\"https:\/\/franciscanos.org.br\/noticias\/author\/guilhermerocha\"}]}<\/script>\n<!-- \/ Yoast SEO plugin. -->","yoast_head_json":{"title":"\u201cUma vida que virou can\u00e7\u00e3o\u201d: s\u00e9rie retrata a miss\u00e3o e a fama de santidade de Frei Bruno Linden - Not\u00edcias - Franciscanos","robots":{"index":"index","follow":"follow","max-snippet":"max-snippet:-1","max-image-preview":"max-image-preview:large","max-video-preview":"max-video-preview:-1"},"canonical":"https:\/\/franciscanos.org.br\/noticias\/uma-vida-que-virou-cancao-serie-retrata-a-missao-e-a-fama-de-santidade-de-frei-bruno-linden.html","og_locale":"pt_BR","og_type":"article","og_title":"\u201cUma vida que virou can\u00e7\u00e3o\u201d: s\u00e9rie retrata a miss\u00e3o e a fama de santidade de Frei Bruno Linden - Not\u00edcias - Franciscanos","og_description":"Frades Ilustres","og_url":"https:\/\/franciscanos.org.br\/noticias\/uma-vida-que-virou-cancao-serie-retrata-a-missao-e-a-fama-de-santidade-de-frei-bruno-linden.html","og_site_name":"Not\u00edcias - Franciscanos","article_published_time":"2026-02-25T13:36:59+00:00","article_modified_time":"2026-02-26T17:13:32+00:00","og_image":[{"width":1280,"height":720,"url":"https:\/\/franciscanos.org.br\/noticias\/wp-content\/uploads\/2026\/02\/1280x720.png","type":"image\/png"}],"author":"Guilherme Rocha","twitter_card":"summary_large_image","twitter_misc":{"Escrito por":"Guilherme Rocha","Est. tempo de leitura":"4 minutos"},"schema":{"@context":"https:\/\/schema.org","@graph":[{"@type":"WebSite","@id":"https:\/\/franciscanos.org.br\/noticias\/#website","url":"https:\/\/franciscanos.org.br\/noticias\/","name":"Not\u00edcias - Franciscanos","description":"Prov\u00edncia Franciscana da Imaculada Concei\u00e7\u00e3o do Brasil - Ordem dos Frades Menores - OFM","potentialAction":[{"@type":"SearchAction","target":{"@type":"EntryPoint","urlTemplate":"https:\/\/franciscanos.org.br\/noticias\/?s={search_term_string}"},"query-input":"required name=search_term_string"}],"inLanguage":"pt-BR"},{"@type":"ImageObject","inLanguage":"pt-BR","@id":"https:\/\/franciscanos.org.br\/noticias\/uma-vida-que-virou-cancao-serie-retrata-a-missao-e-a-fama-de-santidade-de-frei-bruno-linden.html#primaryimage","url":"https:\/\/franciscanos.org.br\/noticias\/wp-content\/uploads\/2026\/02\/1280x720.png","contentUrl":"https:\/\/franciscanos.org.br\/noticias\/wp-content\/uploads\/2026\/02\/1280x720.png","width":1280,"height":720},{"@type":"WebPage","@id":"https:\/\/franciscanos.org.br\/noticias\/uma-vida-que-virou-cancao-serie-retrata-a-missao-e-a-fama-de-santidade-de-frei-bruno-linden.html#webpage","url":"https:\/\/franciscanos.org.br\/noticias\/uma-vida-que-virou-cancao-serie-retrata-a-missao-e-a-fama-de-santidade-de-frei-bruno-linden.html","name":"\u201cUma vida que virou can\u00e7\u00e3o\u201d: s\u00e9rie retrata a miss\u00e3o e a fama de santidade de Frei Bruno Linden - Not\u00edcias - Franciscanos","isPartOf":{"@id":"https:\/\/franciscanos.org.br\/noticias\/#website"},"primaryImageOfPage":{"@id":"https:\/\/franciscanos.org.br\/noticias\/uma-vida-que-virou-cancao-serie-retrata-a-missao-e-a-fama-de-santidade-de-frei-bruno-linden.html#primaryimage"},"datePublished":"2026-02-25T13:36:59+00:00","dateModified":"2026-02-26T17:13:32+00:00","author":{"@id":"https:\/\/franciscanos.org.br\/noticias\/#\/schema\/person\/69bb4cd273a2528548b63cccab4980a0"},"breadcrumb":{"@id":"https:\/\/franciscanos.org.br\/noticias\/uma-vida-que-virou-cancao-serie-retrata-a-missao-e-a-fama-de-santidade-de-frei-bruno-linden.html#breadcrumb"},"inLanguage":"pt-BR","potentialAction":[{"@type":"ReadAction","target":["https:\/\/franciscanos.org.br\/noticias\/uma-vida-que-virou-cancao-serie-retrata-a-missao-e-a-fama-de-santidade-de-frei-bruno-linden.html"]}]},{"@type":"BreadcrumbList","@id":"https:\/\/franciscanos.org.br\/noticias\/uma-vida-que-virou-cancao-serie-retrata-a-missao-e-a-fama-de-santidade-de-frei-bruno-linden.html#breadcrumb","itemListElement":[{"@type":"ListItem","position":1,"name":"Home","item":"https:\/\/franciscanos.org.br\/noticias"},{"@type":"ListItem","position":2,"name":"\u201cUma vida que virou can\u00e7\u00e3o\u201d: s\u00e9rie retrata a miss\u00e3o e a fama de santidade de Frei Bruno Linden"}]},{"@type":"Person","@id":"https:\/\/franciscanos.org.br\/noticias\/#\/schema\/person\/69bb4cd273a2528548b63cccab4980a0","name":"Guilherme Rocha","image":{"@type":"ImageObject","inLanguage":"pt-BR","@id":"https:\/\/franciscanos.org.br\/noticias\/#\/schema\/person\/image\/","url":"https:\/\/secure.gravatar.com\/avatar\/e480fee2377f81af36f6990ed742592a?s=96&d=mm&r=g","contentUrl":"https:\/\/secure.gravatar.com\/avatar\/e480fee2377f81af36f6990ed742592a?s=96&d=mm&r=g","caption":"Guilherme Rocha"},"url":"https:\/\/franciscanos.org.br\/noticias\/author\/guilhermerocha"}]}},"_links":{"self":[{"href":"https:\/\/franciscanos.org.br\/noticias\/wp-json\/wp\/v2\/posts\/264447"}],"collection":[{"href":"https:\/\/franciscanos.org.br\/noticias\/wp-json\/wp\/v2\/posts"}],"about":[{"href":"https:\/\/franciscanos.org.br\/noticias\/wp-json\/wp\/v2\/types\/post"}],"author":[{"embeddable":true,"href":"https:\/\/franciscanos.org.br\/noticias\/wp-json\/wp\/v2\/users\/15"}],"replies":[{"embeddable":true,"href":"https:\/\/franciscanos.org.br\/noticias\/wp-json\/wp\/v2\/comments?post=264447"}],"version-history":[{"count":8,"href":"https:\/\/franciscanos.org.br\/noticias\/wp-json\/wp\/v2\/posts\/264447\/revisions"}],"predecessor-version":[{"id":264474,"href":"https:\/\/franciscanos.org.br\/noticias\/wp-json\/wp\/v2\/posts\/264447\/revisions\/264474"}],"wp:featuredmedia":[{"embeddable":true,"href":"https:\/\/franciscanos.org.br\/noticias\/wp-json\/wp\/v2\/media\/264451"}],"wp:attachment":[{"href":"https:\/\/franciscanos.org.br\/noticias\/wp-json\/wp\/v2\/media?parent=264447"}],"wp:term":[{"taxonomy":"category","embeddable":true,"href":"https:\/\/franciscanos.org.br\/noticias\/wp-json\/wp\/v2\/categories?post=264447"},{"taxonomy":"post_tag","embeddable":true,"href":"https:\/\/franciscanos.org.br\/noticias\/wp-json\/wp\/v2\/tags?post=264447"}],"curies":[{"name":"wp","href":"https:\/\/api.w.org\/{rel}","templated":true}]}}