{"id":264382,"date":"2026-02-23T12:41:26","date_gmt":"2026-02-23T15:41:26","guid":{"rendered":"https:\/\/franciscanos.org.br\/noticias\/?p=264382"},"modified":"2026-02-24T08:55:19","modified_gmt":"2026-02-24T11:55:19","slug":"largo-sao-francisco-acolhe-nova-fraternidade-e-empossa-novo-paroco","status":"publish","type":"post","link":"https:\/\/franciscanos.org.br\/noticias\/largo-sao-francisco-acolhe-nova-fraternidade-e-empossa-novo-paroco.html","title":{"rendered":"Largo S\u00e3o Francisco acolhe nova fraternidade e empossa novo p\u00e1roco"},"content":{"rendered":"<p>&nbsp;<\/p>\n<p><img loading=\"lazy\" class=\"aligncenter wp-image-264384 size-large\" src=\"https:\/\/franciscanos.org.br\/noticias\/wp-content\/uploads\/2026\/02\/IMG_1167.JPG-1024x485.jpeg\" alt=\"\" width=\"1024\" height=\"485\" srcset=\"https:\/\/franciscanos.org.br\/noticias\/wp-content\/uploads\/2026\/02\/IMG_1167.JPG-1024x485.jpeg 1024w, https:\/\/franciscanos.org.br\/noticias\/wp-content\/uploads\/2026\/02\/IMG_1167.JPG-450x213.jpeg 450w, https:\/\/franciscanos.org.br\/noticias\/wp-content\/uploads\/2026\/02\/IMG_1167.JPG-768x363.jpeg 768w, https:\/\/franciscanos.org.br\/noticias\/wp-content\/uploads\/2026\/02\/IMG_1167.JPG-1536x727.jpeg 1536w, https:\/\/franciscanos.org.br\/noticias\/wp-content\/uploads\/2026\/02\/IMG_1167.JPG-2048x969.jpeg 2048w, https:\/\/franciscanos.org.br\/noticias\/wp-content\/uploads\/2026\/02\/IMG_1167.JPG-150x71.jpeg 150w, https:\/\/franciscanos.org.br\/noticias\/wp-content\/uploads\/2026\/02\/IMG_1167.JPG-scaled.jpeg 1920w\" sizes=\"(max-width: 1024px) 100vw, 1024px\" \/><\/p>\n<p><span style=\"font-weight: 400;\">Ainda nas primeiras horas da manh\u00e3 do \u00faltimo domingo (22), \u00e0s 7h30, ao raiar de um novo dia, o Largo S\u00e3o Francisco foi cen\u00e1rio de um momento marcante para a comunidade: a celebra\u00e7\u00e3o de posse do novo p\u00e1roco, Frei Gustavo Wayand Medella, de Frei Edvaldo Batista Soares, vig\u00e1rio paroquial, a apresenta\u00e7\u00e3o da nova fraternidade, o in\u00edcio das atividades formativas do P\u00f3s-Noviciado e a abertura do ano pastoral paroquial.<\/span><\/p>\n<p><span style=\"font-weight: 400;\">A celebra\u00e7\u00e3o foi presidida por Dom Rog\u00e9rio Augusto das Neves, bispo auxiliar da Arquidiocese de S\u00e3o Paulo e Vig\u00e1rio Episcopal da Regi\u00e3o S\u00e9. Estiveram presentes o Ministro Provincial, Frei Paulo Roberto Pereira; Frei Afonso Kachekele Quissongo, vig\u00e1rio paroquial; Dom Camilo de Jesus Dantas, do Mosteiro de S\u00e3o Bento; os demais membros da nova fraternidade; irm\u00e3os da OFS; al\u00e9m de toda a comunidade paroquial.<\/span><\/p>\n<p><span style=\"font-weight: 400;\">No in\u00edcio da celebra\u00e7\u00e3o, Frei Estev\u00e3o Ottenbreit leu \u00e0 comunidade o documento que oficializa os cargos de p\u00e1roco e vig\u00e1rio confiados aos freis Gustavo e Edvaldo. Em seguida, ambos realizaram a profiss\u00e3o de f\u00e9, etapa exigida para a posse can\u00f4nica. Dentro dos ritos pr\u00f3prios do momento, Frei Gustavo recebeu das m\u00e3os de Dom Rog\u00e9rio o Livro dos Evangelhos e proclamou a Boa Nova aos presentes.<\/span><\/p>\n\n\t\t<style type=\"text\/css\">\n\t\t\t#gallery-1 {\n\t\t\t\tmargin: auto;\n\t\t\t}\n\t\t\t#gallery-1 .gallery-item {\n\t\t\t\tfloat: left;\n\t\t\t\tmargin-top: 10px;\n\t\t\t\ttext-align: center;\n\t\t\t\twidth: 33%;\n\t\t\t}\n\t\t\t#gallery-1 img {\n\t\t\t\tborder: 2px solid #cfcfcf;\n\t\t\t}\n\t\t\t#gallery-1 .gallery-caption {\n\t\t\t\tmargin-left: 0;\n\t\t\t}\n\t\t\t\/* see gallery_shortcode() in wp-includes\/media.php *\/\n\t\t<\/style>\n\t\t<div id='gallery-1' class='gallery galleryid-264382 gallery-columns-3 gallery-size-thumbnail'><dl class='gallery-item'>\n\t\t\t<dt class='gallery-icon landscape'>\n\t\t\t\t<a href='https:\/\/franciscanos.org.br\/noticias\/wp-content\/uploads\/2026\/02\/IMG_1104.JPG.jpeg'><img width=\"300\" height=\"300\" src=\"https:\/\/franciscanos.org.br\/noticias\/wp-content\/uploads\/2026\/02\/IMG_1104.JPG-300x300.jpeg\" class=\"attachment-thumbnail size-thumbnail\" alt=\"\" loading=\"lazy\" srcset=\"https:\/\/franciscanos.org.br\/noticias\/wp-content\/uploads\/2026\/02\/IMG_1104.JPG-300x300.jpeg 300w, https:\/\/franciscanos.org.br\/noticias\/wp-content\/uploads\/2026\/02\/IMG_1104.JPG-100x100.jpeg 100w\" sizes=\"(max-width: 300px) 100vw, 300px\" \/><\/a>\n\t\t\t<\/dt><\/dl><dl class='gallery-item'>\n\t\t\t<dt class='gallery-icon landscape'>\n\t\t\t\t<a href='https:\/\/franciscanos.org.br\/noticias\/wp-content\/uploads\/2026\/02\/IMG_20260222_084830941_HDR_PORTRAIT-scaled.jpg'><img width=\"300\" height=\"300\" src=\"https:\/\/franciscanos.org.br\/noticias\/wp-content\/uploads\/2026\/02\/IMG_20260222_084830941_HDR_PORTRAIT-300x300.jpg\" class=\"attachment-thumbnail size-thumbnail\" alt=\"\" loading=\"lazy\" srcset=\"https:\/\/franciscanos.org.br\/noticias\/wp-content\/uploads\/2026\/02\/IMG_20260222_084830941_HDR_PORTRAIT-300x300.jpg 300w, https:\/\/franciscanos.org.br\/noticias\/wp-content\/uploads\/2026\/02\/IMG_20260222_084830941_HDR_PORTRAIT-100x100.jpg 100w\" sizes=\"(max-width: 300px) 100vw, 300px\" \/><\/a>\n\t\t\t<\/dt><\/dl><dl class='gallery-item'>\n\t\t\t<dt class='gallery-icon landscape'>\n\t\t\t\t<a href='https:\/\/franciscanos.org.br\/noticias\/wp-content\/uploads\/2026\/02\/IMG_1062.JPG-1.jpeg'><img width=\"300\" height=\"300\" src=\"https:\/\/franciscanos.org.br\/noticias\/wp-content\/uploads\/2026\/02\/IMG_1062.JPG-1-300x300.jpeg\" class=\"attachment-thumbnail size-thumbnail\" alt=\"\" loading=\"lazy\" srcset=\"https:\/\/franciscanos.org.br\/noticias\/wp-content\/uploads\/2026\/02\/IMG_1062.JPG-1-300x300.jpeg 300w, https:\/\/franciscanos.org.br\/noticias\/wp-content\/uploads\/2026\/02\/IMG_1062.JPG-1-100x100.jpeg 100w\" sizes=\"(max-width: 300px) 100vw, 300px\" \/><\/a>\n\t\t\t<\/dt><\/dl><br style=\"clear: both\" \/>\n\t\t<\/div>\n\n<p><span style=\"font-weight: 400;\">Em sua homilia, Dom Rog\u00e9rio Augusto das Neves saudou a assembleia e destacou a import\u00e2ncia do convento ao tornar-se tamb\u00e9m casa formativa, acolhendo os jovens frades do p\u00f3s-noviciado. Ao refletir sobre a liturgia do primeiro domingo da Quaresma, sublinhou o tema da tenta\u00e7\u00e3o de Jesus no deserto, afirmando: \u201cO deserto n\u00e3o \u00e9 apenas lugar de priva\u00e7\u00e3o; \u00e9 tamb\u00e9m lugar de supera\u00e7\u00e3o. \u00c9 no deserto que a Palavra nasce.\u201d E advertiu: \u201cSe nos deixarmos interpelar pela tenta\u00e7\u00e3o e dialogamos com as mo\u00e7\u00f5es negativas, estamos fadados \u00e0 derrota.\u201d<\/span><\/p>\n<p><span style=\"font-weight: 400;\">Dom Rog\u00e9rio prosseguiu afirmando que Jesus, ao ser tentado, n\u00e3o dialogou com o tentador, mas respondeu com a Palavra de Deus. A verdadeira sabedoria para vencer a tenta\u00e7\u00e3o, destacou, consiste em n\u00e3o ceder espa\u00e7o ao tentador. As tenta\u00e7\u00f5es podem ser superadas quando se possui convic\u00e7\u00f5es firmes e aut\u00eanticas. A desobedi\u00eancia aos mandamentos de Deus conduz \u00e0 ilus\u00e3o de querer ser como Deus, prescindindo Dele. A tenta\u00e7\u00e3o pode surgir da necessidade, da busca por reconhecimento ou dos impulsos da carne. A Palavra de Deus \u00e9 a principal ferramenta para resistir \u00e0s prova\u00e7\u00f5es. Concluindo, exortou a comunidade: \u201cComo Jesus, devemos evitar transigir com nossas fraquezas e responder com firmeza, alimentando o bem que h\u00e1 em n\u00f3s.\u201d<\/span><\/p>\n\n\t\t<style type=\"text\/css\">\n\t\t\t#gallery-2 {\n\t\t\t\tmargin: auto;\n\t\t\t}\n\t\t\t#gallery-2 .gallery-item {\n\t\t\t\tfloat: left;\n\t\t\t\tmargin-top: 10px;\n\t\t\t\ttext-align: center;\n\t\t\t\twidth: 25%;\n\t\t\t}\n\t\t\t#gallery-2 img {\n\t\t\t\tborder: 2px solid #cfcfcf;\n\t\t\t}\n\t\t\t#gallery-2 .gallery-caption {\n\t\t\t\tmargin-left: 0;\n\t\t\t}\n\t\t\t\/* see gallery_shortcode() in wp-includes\/media.php *\/\n\t\t<\/style>\n\t\t<div id='gallery-2' class='gallery galleryid-264382 gallery-columns-4 gallery-size-thumbnail'><dl class='gallery-item'>\n\t\t\t<dt class='gallery-icon landscape'>\n\t\t\t\t<a href='https:\/\/franciscanos.org.br\/noticias\/wp-content\/uploads\/2026\/02\/IMG_1060.JPG-scaled.jpeg'><img width=\"300\" height=\"300\" src=\"https:\/\/franciscanos.org.br\/noticias\/wp-content\/uploads\/2026\/02\/IMG_1060.JPG-300x300.jpeg\" class=\"attachment-thumbnail size-thumbnail\" alt=\"\" loading=\"lazy\" srcset=\"https:\/\/franciscanos.org.br\/noticias\/wp-content\/uploads\/2026\/02\/IMG_1060.JPG-300x300.jpeg 300w, https:\/\/franciscanos.org.br\/noticias\/wp-content\/uploads\/2026\/02\/IMG_1060.JPG-100x100.jpeg 100w\" sizes=\"(max-width: 300px) 100vw, 300px\" \/><\/a>\n\t\t\t<\/dt><\/dl><dl class='gallery-item'>\n\t\t\t<dt class='gallery-icon landscape'>\n\t\t\t\t<a href='https:\/\/franciscanos.org.br\/noticias\/wp-content\/uploads\/2026\/02\/IMG_1165.JPG-scaled.jpeg'><img width=\"300\" height=\"300\" src=\"https:\/\/franciscanos.org.br\/noticias\/wp-content\/uploads\/2026\/02\/IMG_1165.JPG-300x300.jpeg\" class=\"attachment-thumbnail size-thumbnail\" alt=\"\" loading=\"lazy\" srcset=\"https:\/\/franciscanos.org.br\/noticias\/wp-content\/uploads\/2026\/02\/IMG_1165.JPG-300x300.jpeg 300w, https:\/\/franciscanos.org.br\/noticias\/wp-content\/uploads\/2026\/02\/IMG_1165.JPG-100x100.jpeg 100w\" sizes=\"(max-width: 300px) 100vw, 300px\" \/><\/a>\n\t\t\t<\/dt><\/dl><dl class='gallery-item'>\n\t\t\t<dt class='gallery-icon portrait'>\n\t\t\t\t<a href='https:\/\/franciscanos.org.br\/noticias\/wp-content\/uploads\/2026\/02\/IMG_1070.JPG-scaled.jpeg'><img width=\"300\" height=\"300\" src=\"https:\/\/franciscanos.org.br\/noticias\/wp-content\/uploads\/2026\/02\/IMG_1070.JPG-300x300.jpeg\" class=\"attachment-thumbnail size-thumbnail\" alt=\"\" loading=\"lazy\" srcset=\"https:\/\/franciscanos.org.br\/noticias\/wp-content\/uploads\/2026\/02\/IMG_1070.JPG-300x300.jpeg 300w, https:\/\/franciscanos.org.br\/noticias\/wp-content\/uploads\/2026\/02\/IMG_1070.JPG-100x100.jpeg 100w\" sizes=\"(max-width: 300px) 100vw, 300px\" \/><\/a>\n\t\t\t<\/dt><\/dl><dl class='gallery-item'>\n\t\t\t<dt class='gallery-icon portrait'>\n\t\t\t\t<a href='https:\/\/franciscanos.org.br\/noticias\/wp-content\/uploads\/2026\/02\/IMG_1040.JPG-scaled.jpeg'><img width=\"300\" height=\"300\" src=\"https:\/\/franciscanos.org.br\/noticias\/wp-content\/uploads\/2026\/02\/IMG_1040.JPG-300x300.jpeg\" class=\"attachment-thumbnail size-thumbnail\" alt=\"\" loading=\"lazy\" srcset=\"https:\/\/franciscanos.org.br\/noticias\/wp-content\/uploads\/2026\/02\/IMG_1040.JPG-300x300.jpeg 300w, https:\/\/franciscanos.org.br\/noticias\/wp-content\/uploads\/2026\/02\/IMG_1040.JPG-100x100.jpeg 100w\" sizes=\"(max-width: 300px) 100vw, 300px\" \/><\/a>\n\t\t\t<\/dt><\/dl><br style=\"clear: both\" \/>\n\t\t<\/div>\n\n<p><span style=\"font-weight: 400;\">Seguindo o rito, o novo p\u00e1roco e o vig\u00e1rio realizaram o juramento de fidelidade \u00e0 Igreja, ao bispo diocesano e ao povo de Deus, tocando o Livro dos Santos Evangelhos.<\/span><\/p>\n<p><span style=\"font-weight: 400;\">Ao final da celebra\u00e7\u00e3o, o Ministro Provincial, Frei Paulo Roberto Pereira, recordou que, ao longo da hist\u00f3ria, o Largo S\u00e3o Francisco acompanhou muitas transforma\u00e7\u00f5es. Agora, afirmou, vive uma nova etapa formativa, fortalecendo a miss\u00e3o evangelizadora da presen\u00e7a franciscana no centro hist\u00f3rico de S\u00e3o Paulo. Ele apresentou oficialmente a nova fraternidade \u00e0 comunidade e pediu ora\u00e7\u00f5es para que os frades continuem anunciando Cristo pobre, casto e obediente, reafirmando tamb\u00e9m o compromisso de cada frade em rezar pelo povo de Deus.<\/span><\/p>\n<p><span style=\"font-weight: 400;\">A celebra\u00e7\u00e3o foi conclu\u00edda com um momento de confraterniza\u00e7\u00e3o \u00e0 porta da igreja. Em torno de um caf\u00e9 partilhado, os fi\u00e9is puderam se cumprimentar, trocar votos de \u201cpaz e bem\u201d e celebrar juntos o in\u00edcio de um novo ano pastoral.<\/span><\/p>\n<p><img loading=\"lazy\" class=\"size-medium wp-image-264396 aligncenter\" src=\"https:\/\/franciscanos.org.br\/noticias\/wp-content\/uploads\/2026\/02\/IMG_1163.JPG-450x298.jpeg\" alt=\"\" width=\"450\" height=\"298\" srcset=\"https:\/\/franciscanos.org.br\/noticias\/wp-content\/uploads\/2026\/02\/IMG_1163.JPG-450x298.jpeg 450w, https:\/\/franciscanos.org.br\/noticias\/wp-content\/uploads\/2026\/02\/IMG_1163.JPG-1024x679.jpeg 1024w, https:\/\/franciscanos.org.br\/noticias\/wp-content\/uploads\/2026\/02\/IMG_1163.JPG-768x509.jpeg 768w, https:\/\/franciscanos.org.br\/noticias\/wp-content\/uploads\/2026\/02\/IMG_1163.JPG-1536x1019.jpeg 1536w, https:\/\/franciscanos.org.br\/noticias\/wp-content\/uploads\/2026\/02\/IMG_1163.JPG-2048x1358.jpeg 2048w, https:\/\/franciscanos.org.br\/noticias\/wp-content\/uploads\/2026\/02\/IMG_1163.JPG-150x99.jpeg 150w, https:\/\/franciscanos.org.br\/noticias\/wp-content\/uploads\/2026\/02\/IMG_1163.JPG-scaled.jpeg 1629w\" sizes=\"(max-width: 450px) 100vw, 450px\" \/><\/p>\n<hr \/>\n<p><em><span style=\"font-weight: 400;\">Por Frei Cristian dos Santos Lopes<\/span><\/em><\/p>\n","protected":false},"excerpt":{"rendered":"<p>Celebra\u00e7\u00e3o marcou a posse de Frei Gustavo Wayand Medella<\/p>\n","protected":false},"author":15,"featured_media":264384,"comment_status":"open","ping_status":"open","sticky":false,"template":"","format":"standard","meta":[],"categories":[1],"tags":[],"acf":[],"yoast_head":"<!-- This site is optimized with the Yoast SEO plugin v19.2 - https:\/\/yoast.com\/wordpress\/plugins\/seo\/ -->\n<title>Largo S\u00e3o Francisco acolhe nova fraternidade e empossa novo p\u00e1roco - Not\u00edcias - Franciscanos<\/title>\n<meta name=\"robots\" content=\"index, follow, max-snippet:-1, max-image-preview:large, max-video-preview:-1\" \/>\n<link rel=\"canonical\" href=\"https:\/\/franciscanos.org.br\/noticias\/largo-sao-francisco-acolhe-nova-fraternidade-e-empossa-novo-paroco.html\" \/>\n<meta property=\"og:locale\" content=\"pt_BR\" \/>\n<meta property=\"og:type\" content=\"article\" \/>\n<meta property=\"og:title\" content=\"Largo S\u00e3o Francisco acolhe nova fraternidade e empossa novo p\u00e1roco - Not\u00edcias - Franciscanos\" \/>\n<meta property=\"og:description\" content=\"Celebra\u00e7\u00e3o marcou a posse de Frei Gustavo Wayand Medella\" \/>\n<meta property=\"og:url\" content=\"https:\/\/franciscanos.org.br\/noticias\/largo-sao-francisco-acolhe-nova-fraternidade-e-empossa-novo-paroco.html\" \/>\n<meta property=\"og:site_name\" content=\"Not\u00edcias - Franciscanos\" \/>\n<meta property=\"article:published_time\" content=\"2026-02-23T15:41:26+00:00\" \/>\n<meta property=\"article:modified_time\" content=\"2026-02-24T11:55:19+00:00\" \/>\n<meta property=\"og:image\" content=\"https:\/\/franciscanos.org.br\/noticias\/wp-content\/uploads\/2026\/02\/IMG_1167.JPG-scaled.jpeg\" \/>\n\t<meta property=\"og:image:width\" content=\"1920\" \/>\n\t<meta property=\"og:image:height\" content=\"909\" \/>\n\t<meta property=\"og:image:type\" content=\"image\/jpeg\" \/>\n<meta name=\"author\" content=\"Guilherme Rocha\" \/>\n<meta name=\"twitter:card\" content=\"summary_large_image\" \/>\n<meta name=\"twitter:label1\" content=\"Escrito por\" \/>\n\t<meta name=\"twitter:data1\" content=\"Guilherme Rocha\" \/>\n\t<meta name=\"twitter:label2\" content=\"Est. tempo de leitura\" \/>\n\t<meta name=\"twitter:data2\" content=\"3 minutos\" \/>\n<script type=\"application\/ld+json\" class=\"yoast-schema-graph\">{\"@context\":\"https:\/\/schema.org\",\"@graph\":[{\"@type\":\"WebSite\",\"@id\":\"https:\/\/franciscanos.org.br\/noticias\/#website\",\"url\":\"https:\/\/franciscanos.org.br\/noticias\/\",\"name\":\"Not\u00edcias - Franciscanos\",\"description\":\"Prov\u00edncia Franciscana da Imaculada Concei\u00e7\u00e3o do Brasil - Ordem dos Frades Menores - OFM\",\"potentialAction\":[{\"@type\":\"SearchAction\",\"target\":{\"@type\":\"EntryPoint\",\"urlTemplate\":\"https:\/\/franciscanos.org.br\/noticias\/?s={search_term_string}\"},\"query-input\":\"required name=search_term_string\"}],\"inLanguage\":\"pt-BR\"},{\"@type\":\"ImageObject\",\"inLanguage\":\"pt-BR\",\"@id\":\"https:\/\/franciscanos.org.br\/noticias\/largo-sao-francisco-acolhe-nova-fraternidade-e-empossa-novo-paroco.html#primaryimage\",\"url\":\"https:\/\/franciscanos.org.br\/noticias\/wp-content\/uploads\/2026\/02\/IMG_1167.JPG-scaled.jpeg\",\"contentUrl\":\"https:\/\/franciscanos.org.br\/noticias\/wp-content\/uploads\/2026\/02\/IMG_1167.JPG-scaled.jpeg\",\"width\":1920,\"height\":909},{\"@type\":\"WebPage\",\"@id\":\"https:\/\/franciscanos.org.br\/noticias\/largo-sao-francisco-acolhe-nova-fraternidade-e-empossa-novo-paroco.html#webpage\",\"url\":\"https:\/\/franciscanos.org.br\/noticias\/largo-sao-francisco-acolhe-nova-fraternidade-e-empossa-novo-paroco.html\",\"name\":\"Largo S\u00e3o Francisco acolhe nova fraternidade e empossa novo p\u00e1roco - Not\u00edcias - Franciscanos\",\"isPartOf\":{\"@id\":\"https:\/\/franciscanos.org.br\/noticias\/#website\"},\"primaryImageOfPage\":{\"@id\":\"https:\/\/franciscanos.org.br\/noticias\/largo-sao-francisco-acolhe-nova-fraternidade-e-empossa-novo-paroco.html#primaryimage\"},\"datePublished\":\"2026-02-23T15:41:26+00:00\",\"dateModified\":\"2026-02-24T11:55:19+00:00\",\"author\":{\"@id\":\"https:\/\/franciscanos.org.br\/noticias\/#\/schema\/person\/69bb4cd273a2528548b63cccab4980a0\"},\"breadcrumb\":{\"@id\":\"https:\/\/franciscanos.org.br\/noticias\/largo-sao-francisco-acolhe-nova-fraternidade-e-empossa-novo-paroco.html#breadcrumb\"},\"inLanguage\":\"pt-BR\",\"potentialAction\":[{\"@type\":\"ReadAction\",\"target\":[\"https:\/\/franciscanos.org.br\/noticias\/largo-sao-francisco-acolhe-nova-fraternidade-e-empossa-novo-paroco.html\"]}]},{\"@type\":\"BreadcrumbList\",\"@id\":\"https:\/\/franciscanos.org.br\/noticias\/largo-sao-francisco-acolhe-nova-fraternidade-e-empossa-novo-paroco.html#breadcrumb\",\"itemListElement\":[{\"@type\":\"ListItem\",\"position\":1,\"name\":\"Home\",\"item\":\"https:\/\/franciscanos.org.br\/noticias\"},{\"@type\":\"ListItem\",\"position\":2,\"name\":\"Largo S\u00e3o Francisco acolhe nova fraternidade e empossa novo p\u00e1roco\"}]},{\"@type\":\"Person\",\"@id\":\"https:\/\/franciscanos.org.br\/noticias\/#\/schema\/person\/69bb4cd273a2528548b63cccab4980a0\",\"name\":\"Guilherme Rocha\",\"image\":{\"@type\":\"ImageObject\",\"inLanguage\":\"pt-BR\",\"@id\":\"https:\/\/franciscanos.org.br\/noticias\/#\/schema\/person\/image\/\",\"url\":\"https:\/\/secure.gravatar.com\/avatar\/e480fee2377f81af36f6990ed742592a?s=96&d=mm&r=g\",\"contentUrl\":\"https:\/\/secure.gravatar.com\/avatar\/e480fee2377f81af36f6990ed742592a?s=96&d=mm&r=g\",\"caption\":\"Guilherme Rocha\"},\"url\":\"https:\/\/franciscanos.org.br\/noticias\/author\/guilhermerocha\"}]}<\/script>\n<!-- \/ Yoast SEO plugin. -->","yoast_head_json":{"title":"Largo S\u00e3o Francisco acolhe nova fraternidade e empossa novo p\u00e1roco - Not\u00edcias - Franciscanos","robots":{"index":"index","follow":"follow","max-snippet":"max-snippet:-1","max-image-preview":"max-image-preview:large","max-video-preview":"max-video-preview:-1"},"canonical":"https:\/\/franciscanos.org.br\/noticias\/largo-sao-francisco-acolhe-nova-fraternidade-e-empossa-novo-paroco.html","og_locale":"pt_BR","og_type":"article","og_title":"Largo S\u00e3o Francisco acolhe nova fraternidade e empossa novo p\u00e1roco - Not\u00edcias - Franciscanos","og_description":"Celebra\u00e7\u00e3o marcou a posse de Frei Gustavo Wayand Medella","og_url":"https:\/\/franciscanos.org.br\/noticias\/largo-sao-francisco-acolhe-nova-fraternidade-e-empossa-novo-paroco.html","og_site_name":"Not\u00edcias - Franciscanos","article_published_time":"2026-02-23T15:41:26+00:00","article_modified_time":"2026-02-24T11:55:19+00:00","og_image":[{"width":1920,"height":909,"url":"https:\/\/franciscanos.org.br\/noticias\/wp-content\/uploads\/2026\/02\/IMG_1167.JPG-scaled.jpeg","type":"image\/jpeg"}],"author":"Guilherme Rocha","twitter_card":"summary_large_image","twitter_misc":{"Escrito por":"Guilherme Rocha","Est. tempo de leitura":"3 minutos"},"schema":{"@context":"https:\/\/schema.org","@graph":[{"@type":"WebSite","@id":"https:\/\/franciscanos.org.br\/noticias\/#website","url":"https:\/\/franciscanos.org.br\/noticias\/","name":"Not\u00edcias - Franciscanos","description":"Prov\u00edncia Franciscana da Imaculada Concei\u00e7\u00e3o do Brasil - Ordem dos Frades Menores - OFM","potentialAction":[{"@type":"SearchAction","target":{"@type":"EntryPoint","urlTemplate":"https:\/\/franciscanos.org.br\/noticias\/?s={search_term_string}"},"query-input":"required name=search_term_string"}],"inLanguage":"pt-BR"},{"@type":"ImageObject","inLanguage":"pt-BR","@id":"https:\/\/franciscanos.org.br\/noticias\/largo-sao-francisco-acolhe-nova-fraternidade-e-empossa-novo-paroco.html#primaryimage","url":"https:\/\/franciscanos.org.br\/noticias\/wp-content\/uploads\/2026\/02\/IMG_1167.JPG-scaled.jpeg","contentUrl":"https:\/\/franciscanos.org.br\/noticias\/wp-content\/uploads\/2026\/02\/IMG_1167.JPG-scaled.jpeg","width":1920,"height":909},{"@type":"WebPage","@id":"https:\/\/franciscanos.org.br\/noticias\/largo-sao-francisco-acolhe-nova-fraternidade-e-empossa-novo-paroco.html#webpage","url":"https:\/\/franciscanos.org.br\/noticias\/largo-sao-francisco-acolhe-nova-fraternidade-e-empossa-novo-paroco.html","name":"Largo S\u00e3o Francisco acolhe nova fraternidade e empossa novo p\u00e1roco - Not\u00edcias - Franciscanos","isPartOf":{"@id":"https:\/\/franciscanos.org.br\/noticias\/#website"},"primaryImageOfPage":{"@id":"https:\/\/franciscanos.org.br\/noticias\/largo-sao-francisco-acolhe-nova-fraternidade-e-empossa-novo-paroco.html#primaryimage"},"datePublished":"2026-02-23T15:41:26+00:00","dateModified":"2026-02-24T11:55:19+00:00","author":{"@id":"https:\/\/franciscanos.org.br\/noticias\/#\/schema\/person\/69bb4cd273a2528548b63cccab4980a0"},"breadcrumb":{"@id":"https:\/\/franciscanos.org.br\/noticias\/largo-sao-francisco-acolhe-nova-fraternidade-e-empossa-novo-paroco.html#breadcrumb"},"inLanguage":"pt-BR","potentialAction":[{"@type":"ReadAction","target":["https:\/\/franciscanos.org.br\/noticias\/largo-sao-francisco-acolhe-nova-fraternidade-e-empossa-novo-paroco.html"]}]},{"@type":"BreadcrumbList","@id":"https:\/\/franciscanos.org.br\/noticias\/largo-sao-francisco-acolhe-nova-fraternidade-e-empossa-novo-paroco.html#breadcrumb","itemListElement":[{"@type":"ListItem","position":1,"name":"Home","item":"https:\/\/franciscanos.org.br\/noticias"},{"@type":"ListItem","position":2,"name":"Largo S\u00e3o Francisco acolhe nova fraternidade e empossa novo p\u00e1roco"}]},{"@type":"Person","@id":"https:\/\/franciscanos.org.br\/noticias\/#\/schema\/person\/69bb4cd273a2528548b63cccab4980a0","name":"Guilherme Rocha","image":{"@type":"ImageObject","inLanguage":"pt-BR","@id":"https:\/\/franciscanos.org.br\/noticias\/#\/schema\/person\/image\/","url":"https:\/\/secure.gravatar.com\/avatar\/e480fee2377f81af36f6990ed742592a?s=96&d=mm&r=g","contentUrl":"https:\/\/secure.gravatar.com\/avatar\/e480fee2377f81af36f6990ed742592a?s=96&d=mm&r=g","caption":"Guilherme Rocha"},"url":"https:\/\/franciscanos.org.br\/noticias\/author\/guilhermerocha"}]}},"_links":{"self":[{"href":"https:\/\/franciscanos.org.br\/noticias\/wp-json\/wp\/v2\/posts\/264382"}],"collection":[{"href":"https:\/\/franciscanos.org.br\/noticias\/wp-json\/wp\/v2\/posts"}],"about":[{"href":"https:\/\/franciscanos.org.br\/noticias\/wp-json\/wp\/v2\/types\/post"}],"author":[{"embeddable":true,"href":"https:\/\/franciscanos.org.br\/noticias\/wp-json\/wp\/v2\/users\/15"}],"replies":[{"embeddable":true,"href":"https:\/\/franciscanos.org.br\/noticias\/wp-json\/wp\/v2\/comments?post=264382"}],"version-history":[{"count":8,"href":"https:\/\/franciscanos.org.br\/noticias\/wp-json\/wp\/v2\/posts\/264382\/revisions"}],"predecessor-version":[{"id":264410,"href":"https:\/\/franciscanos.org.br\/noticias\/wp-json\/wp\/v2\/posts\/264382\/revisions\/264410"}],"wp:featuredmedia":[{"embeddable":true,"href":"https:\/\/franciscanos.org.br\/noticias\/wp-json\/wp\/v2\/media\/264384"}],"wp:attachment":[{"href":"https:\/\/franciscanos.org.br\/noticias\/wp-json\/wp\/v2\/media?parent=264382"}],"wp:term":[{"taxonomy":"category","embeddable":true,"href":"https:\/\/franciscanos.org.br\/noticias\/wp-json\/wp\/v2\/categories?post=264382"},{"taxonomy":"post_tag","embeddable":true,"href":"https:\/\/franciscanos.org.br\/noticias\/wp-json\/wp\/v2\/tags?post=264382"}],"curies":[{"name":"wp","href":"https:\/\/api.w.org\/{rel}","templated":true}]}}