{"id":264353,"date":"2026-02-23T11:20:19","date_gmt":"2026-02-23T14:20:19","guid":{"rendered":"https:\/\/franciscanos.org.br\/noticias\/?p=264353"},"modified":"2026-02-23T13:51:10","modified_gmt":"2026-02-23T16:51:10","slug":"sao-francisco-e-um-dom-para-toda-a-igreja-dom-odilo-preside-celebracao-de-abertura-do-ano-jubilar-franciscano-em-sao-paulo","status":"publish","type":"post","link":"https:\/\/franciscanos.org.br\/noticias\/sao-francisco-e-um-dom-para-toda-a-igreja-dom-odilo-preside-celebracao-de-abertura-do-ano-jubilar-franciscano-em-sao-paulo.html","title":{"rendered":"\u201cS\u00e3o Francisco \u00e9 um dom para toda a Igreja\u201d \u2013 Dom Odilo preside Celebra\u00e7\u00e3o de Abertura do Ano Jubilar Franciscano em S\u00e3o Paulo"},"content":{"rendered":"<p>&nbsp;<\/p>\n<p><img loading=\"lazy\" class=\"aligncenter wp-image-264355 size-medium\" src=\"https:\/\/franciscanos.org.br\/noticias\/wp-content\/uploads\/2026\/02\/1280-x-720-px-Destaque-16-1-450x380.png\" alt=\"\" width=\"450\" height=\"380\" srcset=\"https:\/\/franciscanos.org.br\/noticias\/wp-content\/uploads\/2026\/02\/1280-x-720-px-Destaque-16-1-450x380.png 450w, https:\/\/franciscanos.org.br\/noticias\/wp-content\/uploads\/2026\/02\/1280-x-720-px-Destaque-16-1-1024x864.png 1024w, https:\/\/franciscanos.org.br\/noticias\/wp-content\/uploads\/2026\/02\/1280-x-720-px-Destaque-16-1-768x648.png 768w, https:\/\/franciscanos.org.br\/noticias\/wp-content\/uploads\/2026\/02\/1280-x-720-px-Destaque-16-1-150x127.png 150w, https:\/\/franciscanos.org.br\/noticias\/wp-content\/uploads\/2026\/02\/1280-x-720-px-Destaque-16-1.png 1280w\" sizes=\"(max-width: 450px) 100vw, 450px\" \/><\/p>\n<p><span style=\"font-weight: 400;\">O hist\u00f3rico Convento de S\u00e3o Francisco, no cora\u00e7\u00e3o da cidade de S\u00e3o Paulo, acolheu, no \u00faltimo s\u00e1bado, dia 21 de fevereiro, a Solene Missa de Abertura do Ano Jubilar Franciscano. A Eucaristia foi presidida pelo Arcebispo de S\u00e3o Paulo, Dom Odilo Pedro Scherer, e concelebrada pelo Bispo auxiliar de S\u00e3o Paulo e Vig\u00e1rio Episcopal da Regi\u00e3o S\u00e9, Dom Rog\u00e9rio Augusto das Neves.\u00a0<\/span><\/p>\n<p><span style=\"font-weight: 400;\">Frades, religiosas, membros da Ordem Franciscana Secular e simpatizantes do carisma franciscano lotaram a igreja do Santu\u00e1rio. Destaque para a presen\u00e7a dos Ministros provinciais da Primeira Ordem: Frei Paulo Roberto Pereira, da Ordem dos Frades Menores; Frei Jos\u00e9 Hugo da Silva Santos, da Ordem dos Frades Menores Conventuais; e Frei Maur\u00edcio dos Anjos, da Ordem dos Frades Menores Capuchinhos.<\/span><\/p>\n<p><span style=\"font-weight: 400;\">Ap\u00f3s a sauda\u00e7\u00e3o inicial feita pelo Cardeal, o Guardi\u00e3o do Convento e Vig\u00e1rio provincial, Frei Gustavo W. Medella, dirigiu uma palavra fraterna de acolhida a todos os presentes, em especial \u00e0 Fam\u00edlia Franciscana: \u201cParafraseando um dos hinos do Ano Vocacional, que diz \u2018Ema\u00fas \u00e9 aqui\u2019, onde arde forte o cora\u00e7\u00e3o, hoje, ousadamente, queremos dizer: \u2018Assis \u00e9 aqui!\u2019 O nosso cora\u00e7\u00e3o arde de alegria por receber a Fam\u00edlia Franciscana na Igreja mais antiga dedicada a S\u00e3o Francisco nesta cidade de S\u00e3o Paulo e em nossa Arquidiocese\u201d.\u00a0<\/span><\/p>\n<p><span style=\"font-weight: 400;\">Tamb\u00e9m exortou: \u201cE aquele de quem celebramos a P\u00e1scoa est\u00e1 vivo, em n\u00f3s e entre n\u00f3s! Francisco vive, e a presen\u00e7a de cada um aqui hoje \u00e9 a prova evidente dessa for\u00e7a, a for\u00e7a de um carisma que transformou a Igreja e a humanidade\u201d. Concluiu: \u201cMinha sauda\u00e7\u00e3o de Paz e Bem a todos, e sintam-se acolhidos para celebrarmos nosso Irm\u00e3o Menor!\u201d<\/span><\/p>\n\n\t\t<style type=\"text\/css\">\n\t\t\t#gallery-1 {\n\t\t\t\tmargin: auto;\n\t\t\t}\n\t\t\t#gallery-1 .gallery-item {\n\t\t\t\tfloat: left;\n\t\t\t\tmargin-top: 10px;\n\t\t\t\ttext-align: center;\n\t\t\t\twidth: 25%;\n\t\t\t}\n\t\t\t#gallery-1 img {\n\t\t\t\tborder: 2px solid #cfcfcf;\n\t\t\t}\n\t\t\t#gallery-1 .gallery-caption {\n\t\t\t\tmargin-left: 0;\n\t\t\t}\n\t\t\t\/* see gallery_shortcode() in wp-includes\/media.php *\/\n\t\t<\/style>\n\t\t<div id='gallery-1' class='gallery galleryid-264353 gallery-columns-4 gallery-size-thumbnail'><dl class='gallery-item'>\n\t\t\t<dt class='gallery-icon landscape'>\n\t\t\t\t<a href='https:\/\/franciscanos.org.br\/noticias\/wp-content\/uploads\/2026\/02\/MG_0006-scaled.jpg'><img width=\"300\" height=\"300\" src=\"https:\/\/franciscanos.org.br\/noticias\/wp-content\/uploads\/2026\/02\/MG_0006-300x300.jpg\" class=\"attachment-thumbnail size-thumbnail\" alt=\"\" loading=\"lazy\" srcset=\"https:\/\/franciscanos.org.br\/noticias\/wp-content\/uploads\/2026\/02\/MG_0006-300x300.jpg 300w, https:\/\/franciscanos.org.br\/noticias\/wp-content\/uploads\/2026\/02\/MG_0006-100x100.jpg 100w\" sizes=\"(max-width: 300px) 100vw, 300px\" \/><\/a>\n\t\t\t<\/dt><\/dl><dl class='gallery-item'>\n\t\t\t<dt class='gallery-icon landscape'>\n\t\t\t\t<a href='https:\/\/franciscanos.org.br\/noticias\/wp-content\/uploads\/2026\/02\/MG_0019-scaled.jpg'><img width=\"300\" height=\"300\" src=\"https:\/\/franciscanos.org.br\/noticias\/wp-content\/uploads\/2026\/02\/MG_0019-300x300.jpg\" class=\"attachment-thumbnail size-thumbnail\" alt=\"\" loading=\"lazy\" srcset=\"https:\/\/franciscanos.org.br\/noticias\/wp-content\/uploads\/2026\/02\/MG_0019-300x300.jpg 300w, https:\/\/franciscanos.org.br\/noticias\/wp-content\/uploads\/2026\/02\/MG_0019-100x100.jpg 100w\" sizes=\"(max-width: 300px) 100vw, 300px\" \/><\/a>\n\t\t\t<\/dt><\/dl><dl class='gallery-item'>\n\t\t\t<dt class='gallery-icon landscape'>\n\t\t\t\t<a href='https:\/\/franciscanos.org.br\/noticias\/wp-content\/uploads\/2026\/02\/MG_0022-scaled.jpg'><img width=\"300\" height=\"300\" src=\"https:\/\/franciscanos.org.br\/noticias\/wp-content\/uploads\/2026\/02\/MG_0022-300x300.jpg\" class=\"attachment-thumbnail size-thumbnail\" alt=\"\" loading=\"lazy\" srcset=\"https:\/\/franciscanos.org.br\/noticias\/wp-content\/uploads\/2026\/02\/MG_0022-300x300.jpg 300w, https:\/\/franciscanos.org.br\/noticias\/wp-content\/uploads\/2026\/02\/MG_0022-100x100.jpg 100w\" sizes=\"(max-width: 300px) 100vw, 300px\" \/><\/a>\n\t\t\t<\/dt><\/dl><dl class='gallery-item'>\n\t\t\t<dt class='gallery-icon landscape'>\n\t\t\t\t<a href='https:\/\/franciscanos.org.br\/noticias\/wp-content\/uploads\/2026\/02\/MG_0062-scaled.jpg'><img width=\"300\" height=\"300\" src=\"https:\/\/franciscanos.org.br\/noticias\/wp-content\/uploads\/2026\/02\/MG_0062-300x300.jpg\" class=\"attachment-thumbnail size-thumbnail\" alt=\"\" loading=\"lazy\" srcset=\"https:\/\/franciscanos.org.br\/noticias\/wp-content\/uploads\/2026\/02\/MG_0062-300x300.jpg 300w, https:\/\/franciscanos.org.br\/noticias\/wp-content\/uploads\/2026\/02\/MG_0062-100x100.jpg 100w\" sizes=\"(max-width: 300px) 100vw, 300px\" \/><\/a>\n\t\t\t<\/dt><\/dl><br style=\"clear: both\" \/>\n\t\t<\/div>\n\n<p><span style=\"font-weight: 400;\">Em sua homilia, Dom Odilo manifestou sua alegria em celebrar a abertura do Ano Jubilar Franciscano junto de tantos irm\u00e3os e irm\u00e3s da Fam\u00edlia Franciscana, ainda mais em uma igreja t\u00e3o singular e especial para a arquidiocese. \u201cNa mem\u00f3ria dos 800 anos do Tr\u00e2nsito de S\u00e3o Francisco, damos in\u00edcio hoje ao Jubileu Franciscano em nossa Igreja de S\u00e3o Paulo, jubileu este promulgado pelo Papa Le\u00e3o XIV no dia 10 de janeiro. Quero destacar, j\u00e1 de in\u00edcio, a grande riqueza e fecundidade desse carisma para toda a Igreja. Um carisma que floresceu e continua a florescer por todo o mundo. Um carisma que \u00e9 gra\u00e7a e que, neste ano jubilar, quer tamb\u00e9m ser gra\u00e7a para todos os que participarem das pr\u00e1ticas jubilares pr\u00f3prias, definidas pela Igreja. Hoje, damos in\u00edcio a esse jubileu neste Santu\u00e1rio de S\u00e3o Francisco e S\u00e3o Domingos, mas, como nos lembra o documento de promulga\u00e7\u00e3o, ele se estende a todas as igrejas franciscanas e lugares de devo\u00e7\u00e3o a S\u00e3o Francisco em todo o mundo\u201d.<\/span><\/p>\n<p><span style=\"font-weight: 400;\">O Arcebispo ressaltou que esta \u00e9 uma feliz oportunidade de prolongar as alegrias do jubileu dos 2025 anos da Encarna\u00e7\u00e3o do Senhor, ocasi\u00e3o em que os crist\u00e3os podem olhar para essa singular figura de nossa tradi\u00e7\u00e3o que \u00e9 S\u00e3o Francisco. \u201cOs santos s\u00e3o um patrim\u00f4nio da Igreja, um patrim\u00f4nio espiritual, religioso e humano e, de maneira especial, pode-se dizer, um patrim\u00f4nio para todo o mundo\u201d, disse Dom Odilo.<\/span><\/p>\n\n\t\t<style type=\"text\/css\">\n\t\t\t#gallery-2 {\n\t\t\t\tmargin: auto;\n\t\t\t}\n\t\t\t#gallery-2 .gallery-item {\n\t\t\t\tfloat: left;\n\t\t\t\tmargin-top: 10px;\n\t\t\t\ttext-align: center;\n\t\t\t\twidth: 25%;\n\t\t\t}\n\t\t\t#gallery-2 img {\n\t\t\t\tborder: 2px solid #cfcfcf;\n\t\t\t}\n\t\t\t#gallery-2 .gallery-caption {\n\t\t\t\tmargin-left: 0;\n\t\t\t}\n\t\t\t\/* see gallery_shortcode() in wp-includes\/media.php *\/\n\t\t<\/style>\n\t\t<div id='gallery-2' class='gallery galleryid-264353 gallery-columns-4 gallery-size-thumbnail'><dl class='gallery-item'>\n\t\t\t<dt class='gallery-icon landscape'>\n\t\t\t\t<a href='https:\/\/franciscanos.org.br\/noticias\/wp-content\/uploads\/2026\/02\/MG_0062-1-scaled.jpg'><img width=\"300\" height=\"300\" src=\"https:\/\/franciscanos.org.br\/noticias\/wp-content\/uploads\/2026\/02\/MG_0062-1-300x300.jpg\" class=\"attachment-thumbnail size-thumbnail\" alt=\"\" loading=\"lazy\" srcset=\"https:\/\/franciscanos.org.br\/noticias\/wp-content\/uploads\/2026\/02\/MG_0062-1-300x300.jpg 300w, https:\/\/franciscanos.org.br\/noticias\/wp-content\/uploads\/2026\/02\/MG_0062-1-100x100.jpg 100w\" sizes=\"(max-width: 300px) 100vw, 300px\" \/><\/a>\n\t\t\t<\/dt><\/dl><dl class='gallery-item'>\n\t\t\t<dt class='gallery-icon landscape'>\n\t\t\t\t<a href='https:\/\/franciscanos.org.br\/noticias\/wp-content\/uploads\/2026\/02\/MG_0057-scaled.jpg'><img width=\"300\" height=\"300\" src=\"https:\/\/franciscanos.org.br\/noticias\/wp-content\/uploads\/2026\/02\/MG_0057-300x300.jpg\" class=\"attachment-thumbnail size-thumbnail\" alt=\"\" loading=\"lazy\" srcset=\"https:\/\/franciscanos.org.br\/noticias\/wp-content\/uploads\/2026\/02\/MG_0057-300x300.jpg 300w, https:\/\/franciscanos.org.br\/noticias\/wp-content\/uploads\/2026\/02\/MG_0057-100x100.jpg 100w\" sizes=\"(max-width: 300px) 100vw, 300px\" \/><\/a>\n\t\t\t<\/dt><\/dl><dl class='gallery-item'>\n\t\t\t<dt class='gallery-icon landscape'>\n\t\t\t\t<a href='https:\/\/franciscanos.org.br\/noticias\/wp-content\/uploads\/2026\/02\/MG_0102-scaled.jpg'><img width=\"300\" height=\"300\" src=\"https:\/\/franciscanos.org.br\/noticias\/wp-content\/uploads\/2026\/02\/MG_0102-300x300.jpg\" class=\"attachment-thumbnail size-thumbnail\" alt=\"\" loading=\"lazy\" srcset=\"https:\/\/franciscanos.org.br\/noticias\/wp-content\/uploads\/2026\/02\/MG_0102-300x300.jpg 300w, https:\/\/franciscanos.org.br\/noticias\/wp-content\/uploads\/2026\/02\/MG_0102-100x100.jpg 100w\" sizes=\"(max-width: 300px) 100vw, 300px\" \/><\/a>\n\t\t\t<\/dt><\/dl><dl class='gallery-item'>\n\t\t\t<dt class='gallery-icon landscape'>\n\t\t\t\t<a href='https:\/\/franciscanos.org.br\/noticias\/wp-content\/uploads\/2026\/02\/MG_0115-scaled.jpg'><img width=\"300\" height=\"300\" src=\"https:\/\/franciscanos.org.br\/noticias\/wp-content\/uploads\/2026\/02\/MG_0115-300x300.jpg\" class=\"attachment-thumbnail size-thumbnail\" alt=\"\" loading=\"lazy\" srcset=\"https:\/\/franciscanos.org.br\/noticias\/wp-content\/uploads\/2026\/02\/MG_0115-300x300.jpg 300w, https:\/\/franciscanos.org.br\/noticias\/wp-content\/uploads\/2026\/02\/MG_0115-100x100.jpg 100w\" sizes=\"(max-width: 300px) 100vw, 300px\" \/><\/a>\n\t\t\t<\/dt><\/dl><br style=\"clear: both\" \/>\n\t\t<\/div>\n\n<p><span style=\"font-weight: 400;\">\u201cO testemunho dos santos fortalece a Igreja. A vida dos santos \u00e9 um crit\u00e9rio de interpreta\u00e7\u00e3o aut\u00eantica da Palavra de Deus para cada tempo. Isso \u00e9 muito v\u00e1lido para o grande exemplo e contribui\u00e7\u00e3o de santidade de Francisco de Assis para a hist\u00f3ria e para a tradi\u00e7\u00e3o\u201d; e enfatizou: \u201cS\u00e3o Francisco \u00e9 um dom para toda a Igreja! Em seu tempo, ele e outros ajudaram a promover uma renovada viv\u00eancia do Evangelho, porque a mensagem crist\u00e3 \u00e9 necess\u00e1ria e urgente em cada per\u00edodo da hist\u00f3ria\u201d.<\/span><\/p>\n<p><span style=\"font-weight: 400;\">Depois, o cardeal apresentou algumas defini\u00e7\u00f5es que ajudam a compreender o Pobrezinho de Assis: \u201cFrancisco \u00e9 um homem convertido a Deus; sua hist\u00f3ria mostra algu\u00e9m que refaz todo o itiner\u00e1rio do viver na busca de Deus. Por isso, tantos irm\u00e3os sentem-se inspirados a voltar o cora\u00e7\u00e3o para a mesma busca. \u00c9 tamb\u00e9m um homem penitente e humilde, algu\u00e9m que exercita as pr\u00e1ticas de disciplina do Evangelho e enfrenta os sacrif\u00edcios, as crises e as dificuldades sempre com humildade e paci\u00eancia\u201d.\u00a0<\/span><\/p>\n<p><span style=\"font-weight: 400;\">Dom Odilo tamb\u00e9m recordou que S\u00e3o Francisco \u00e9 um agente da fraternidade, algu\u00e9m que vive a comunh\u00e3o e deseja estar em comunh\u00e3o com todos os irm\u00e3os. \u201cFrancisco \u00e9 capaz de ver em todos um irm\u00e3o e n\u00e3o um inimigo. Quanto temos, em nosso tempo, a aprender com Francisco? Ele tamb\u00e9m \u00e9 homem da paz, um defensor prof\u00e9tico da paz. \u00c9 um homem do Evangelho: em tudo quis praticar e viver segundo o Evangelho. Uma viv\u00eancia transparente, honesta, simples e direta. Por isso ele \u00e9 definido como um \u2018homem cristificado\u2019; em sua pessoa podia-se reconhecer Jesus Cristo\u201d.\u00a0<\/span><\/p>\n\n\t\t<style type=\"text\/css\">\n\t\t\t#gallery-3 {\n\t\t\t\tmargin: auto;\n\t\t\t}\n\t\t\t#gallery-3 .gallery-item {\n\t\t\t\tfloat: left;\n\t\t\t\tmargin-top: 10px;\n\t\t\t\ttext-align: center;\n\t\t\t\twidth: 25%;\n\t\t\t}\n\t\t\t#gallery-3 img {\n\t\t\t\tborder: 2px solid #cfcfcf;\n\t\t\t}\n\t\t\t#gallery-3 .gallery-caption {\n\t\t\t\tmargin-left: 0;\n\t\t\t}\n\t\t\t\/* see gallery_shortcode() in wp-includes\/media.php *\/\n\t\t<\/style>\n\t\t<div id='gallery-3' class='gallery galleryid-264353 gallery-columns-4 gallery-size-thumbnail'><dl class='gallery-item'>\n\t\t\t<dt class='gallery-icon landscape'>\n\t\t\t\t<a href='https:\/\/franciscanos.org.br\/noticias\/wp-content\/uploads\/2026\/02\/MG_0042-scaled.jpg'><img width=\"300\" height=\"300\" src=\"https:\/\/franciscanos.org.br\/noticias\/wp-content\/uploads\/2026\/02\/MG_0042-300x300.jpg\" class=\"attachment-thumbnail size-thumbnail\" alt=\"\" loading=\"lazy\" srcset=\"https:\/\/franciscanos.org.br\/noticias\/wp-content\/uploads\/2026\/02\/MG_0042-300x300.jpg 300w, https:\/\/franciscanos.org.br\/noticias\/wp-content\/uploads\/2026\/02\/MG_0042-100x100.jpg 100w\" sizes=\"(max-width: 300px) 100vw, 300px\" \/><\/a>\n\t\t\t<\/dt><\/dl><dl class='gallery-item'>\n\t\t\t<dt class='gallery-icon landscape'>\n\t\t\t\t<a href='https:\/\/franciscanos.org.br\/noticias\/wp-content\/uploads\/2026\/02\/MG_0117-scaled.jpg'><img width=\"300\" height=\"300\" src=\"https:\/\/franciscanos.org.br\/noticias\/wp-content\/uploads\/2026\/02\/MG_0117-300x300.jpg\" class=\"attachment-thumbnail size-thumbnail\" alt=\"\" loading=\"lazy\" srcset=\"https:\/\/franciscanos.org.br\/noticias\/wp-content\/uploads\/2026\/02\/MG_0117-300x300.jpg 300w, https:\/\/franciscanos.org.br\/noticias\/wp-content\/uploads\/2026\/02\/MG_0117-100x100.jpg 100w\" sizes=\"(max-width: 300px) 100vw, 300px\" \/><\/a>\n\t\t\t<\/dt><\/dl><dl class='gallery-item'>\n\t\t\t<dt class='gallery-icon landscape'>\n\t\t\t\t<a href='https:\/\/franciscanos.org.br\/noticias\/wp-content\/uploads\/2026\/02\/MG_0141-scaled.jpg'><img width=\"300\" height=\"300\" src=\"https:\/\/franciscanos.org.br\/noticias\/wp-content\/uploads\/2026\/02\/MG_0141-300x300.jpg\" class=\"attachment-thumbnail size-thumbnail\" alt=\"\" loading=\"lazy\" srcset=\"https:\/\/franciscanos.org.br\/noticias\/wp-content\/uploads\/2026\/02\/MG_0141-300x300.jpg 300w, https:\/\/franciscanos.org.br\/noticias\/wp-content\/uploads\/2026\/02\/MG_0141-100x100.jpg 100w\" sizes=\"(max-width: 300px) 100vw, 300px\" \/><\/a>\n\t\t\t<\/dt><\/dl><dl class='gallery-item'>\n\t\t\t<dt class='gallery-icon landscape'>\n\t\t\t\t<a href='https:\/\/franciscanos.org.br\/noticias\/wp-content\/uploads\/2026\/02\/MG_0148-scaled.jpg'><img width=\"300\" height=\"300\" src=\"https:\/\/franciscanos.org.br\/noticias\/wp-content\/uploads\/2026\/02\/MG_0148-300x300.jpg\" class=\"attachment-thumbnail size-thumbnail\" alt=\"\" loading=\"lazy\" srcset=\"https:\/\/franciscanos.org.br\/noticias\/wp-content\/uploads\/2026\/02\/MG_0148-300x300.jpg 300w, https:\/\/franciscanos.org.br\/noticias\/wp-content\/uploads\/2026\/02\/MG_0148-100x100.jpg 100w\" sizes=\"(max-width: 300px) 100vw, 300px\" \/><\/a>\n\t\t\t<\/dt><\/dl><br style=\"clear: both\" \/>\n\t\t<\/div>\n\n<p><span style=\"font-weight: 400;\">O cardeal lembrou ainda da dimens\u00e3o mission\u00e1ria de S\u00e3o Francisco, particularmente de sua a\u00e7\u00e3o junto aos mais necessitados, sustentada por constante fidelidade \u00e0 Igreja: \u201cUm homem da Igreja, pois reconstruir a Igreja \u00e9 amar a Igreja!\u201d. E concluiu afirmando que o santo \u00e9 um homem m\u00edstico integral, raz\u00e3o pela qual seu modo de construir a paz \u00e9 t\u00e3o revolucion\u00e1rio para o seu tempo e tamb\u00e9m para o nosso. Finalizou: \u201cQueridos irm\u00e3os e irm\u00e3s, vamos tornar mais conhecido esse santo t\u00e3o querido que tem muito a nos dizer. Possamos viver bem este ano jubilar e seguir mais o exemplo de S\u00e3o Francisco. Am\u00e9m!\u201d<\/span><\/p>\n<p><span style=\"font-weight: 400;\">Ap\u00f3s a comunh\u00e3o, fizeram um agradecimento especial o ministro regional da Ordem Franciscana Secular, Elton Michetti, e a irm\u00e3 N\u00e1dia Silva, FCM, coordenadora da Fam\u00edlia Franciscana de S\u00e3o Paulo, ambos muito gratos e felizes por este singular encontro. Ao final da celebra\u00e7\u00e3o, os frades vieram em prociss\u00e3o pelo corredor central da igreja trazendo a rel\u00edquia de S\u00e3o Francisco, enquanto era entoada a Ladainha do Ser\u00e1fico Pai. A rel\u00edquia foi entregue a Dom Odilo, e todos dirigiram-se para o altar-mor da igreja, onde ela ficar\u00e1 exposta ao longo de todo o ano jubilar. Os presentes rezaram a ora\u00e7\u00e3o do jubileu e receberam a solene b\u00ean\u00e7\u00e3o do arcebispo de S\u00e3o Paulo. Em seguida, todos foram recebidos para um momento de confraterniza\u00e7\u00e3o nas depend\u00eancias do convento.<\/span><\/p>\n\n\t\t<style type=\"text\/css\">\n\t\t\t#gallery-4 {\n\t\t\t\tmargin: auto;\n\t\t\t}\n\t\t\t#gallery-4 .gallery-item {\n\t\t\t\tfloat: left;\n\t\t\t\tmargin-top: 10px;\n\t\t\t\ttext-align: center;\n\t\t\t\twidth: 25%;\n\t\t\t}\n\t\t\t#gallery-4 img {\n\t\t\t\tborder: 2px solid #cfcfcf;\n\t\t\t}\n\t\t\t#gallery-4 .gallery-caption {\n\t\t\t\tmargin-left: 0;\n\t\t\t}\n\t\t\t\/* see gallery_shortcode() in wp-includes\/media.php *\/\n\t\t<\/style>\n\t\t<div id='gallery-4' class='gallery galleryid-264353 gallery-columns-4 gallery-size-thumbnail'><dl class='gallery-item'>\n\t\t\t<dt class='gallery-icon landscape'>\n\t\t\t\t<a href='https:\/\/franciscanos.org.br\/noticias\/wp-content\/uploads\/2026\/02\/MG_9990-scaled.jpg'><img width=\"300\" height=\"300\" src=\"https:\/\/franciscanos.org.br\/noticias\/wp-content\/uploads\/2026\/02\/MG_9990-300x300.jpg\" class=\"attachment-thumbnail size-thumbnail\" alt=\"\" loading=\"lazy\" srcset=\"https:\/\/franciscanos.org.br\/noticias\/wp-content\/uploads\/2026\/02\/MG_9990-300x300.jpg 300w, https:\/\/franciscanos.org.br\/noticias\/wp-content\/uploads\/2026\/02\/MG_9990-100x100.jpg 100w\" sizes=\"(max-width: 300px) 100vw, 300px\" \/><\/a>\n\t\t\t<\/dt><\/dl><dl class='gallery-item'>\n\t\t\t<dt class='gallery-icon landscape'>\n\t\t\t\t<a href='https:\/\/franciscanos.org.br\/noticias\/wp-content\/uploads\/2026\/02\/IMG_0121-scaled.jpg'><img width=\"300\" height=\"300\" src=\"https:\/\/franciscanos.org.br\/noticias\/wp-content\/uploads\/2026\/02\/IMG_0121-300x300.jpg\" class=\"attachment-thumbnail size-thumbnail\" alt=\"\" loading=\"lazy\" srcset=\"https:\/\/franciscanos.org.br\/noticias\/wp-content\/uploads\/2026\/02\/IMG_0121-300x300.jpg 300w, https:\/\/franciscanos.org.br\/noticias\/wp-content\/uploads\/2026\/02\/IMG_0121-100x100.jpg 100w\" sizes=\"(max-width: 300px) 100vw, 300px\" \/><\/a>\n\t\t\t<\/dt><\/dl><dl class='gallery-item'>\n\t\t\t<dt class='gallery-icon landscape'>\n\t\t\t\t<a href='https:\/\/franciscanos.org.br\/noticias\/wp-content\/uploads\/2026\/02\/MG_9975-scaled.jpg'><img width=\"300\" height=\"300\" src=\"https:\/\/franciscanos.org.br\/noticias\/wp-content\/uploads\/2026\/02\/MG_9975-300x300.jpg\" class=\"attachment-thumbnail size-thumbnail\" alt=\"\" loading=\"lazy\" srcset=\"https:\/\/franciscanos.org.br\/noticias\/wp-content\/uploads\/2026\/02\/MG_9975-300x300.jpg 300w, https:\/\/franciscanos.org.br\/noticias\/wp-content\/uploads\/2026\/02\/MG_9975-100x100.jpg 100w\" sizes=\"(max-width: 300px) 100vw, 300px\" \/><\/a>\n\t\t\t<\/dt><\/dl><dl class='gallery-item'>\n\t\t\t<dt class='gallery-icon landscape'>\n\t\t\t\t<a href='https:\/\/franciscanos.org.br\/noticias\/wp-content\/uploads\/2026\/02\/MG_0153-scaled.jpg'><img width=\"300\" height=\"300\" src=\"https:\/\/franciscanos.org.br\/noticias\/wp-content\/uploads\/2026\/02\/MG_0153-300x300.jpg\" class=\"attachment-thumbnail size-thumbnail\" alt=\"\" loading=\"lazy\" srcset=\"https:\/\/franciscanos.org.br\/noticias\/wp-content\/uploads\/2026\/02\/MG_0153-300x300.jpg 300w, https:\/\/franciscanos.org.br\/noticias\/wp-content\/uploads\/2026\/02\/MG_0153-100x100.jpg 100w\" sizes=\"(max-width: 300px) 100vw, 300px\" \/><\/a>\n\t\t\t<\/dt><\/dl><br style=\"clear: both\" \/>\n\t\t<\/div>\n\n<p><img loading=\"lazy\" class=\"aligncenter wp-image-264400 size-large\" src=\"https:\/\/franciscanos.org.br\/noticias\/wp-content\/uploads\/2026\/02\/MG_0169-1024x683.jpg\" alt=\"\" width=\"1024\" height=\"683\" srcset=\"https:\/\/franciscanos.org.br\/noticias\/wp-content\/uploads\/2026\/02\/MG_0169-1024x683.jpg 1024w, https:\/\/franciscanos.org.br\/noticias\/wp-content\/uploads\/2026\/02\/MG_0169-450x300.jpg 450w, https:\/\/franciscanos.org.br\/noticias\/wp-content\/uploads\/2026\/02\/MG_0169-768x512.jpg 768w, https:\/\/franciscanos.org.br\/noticias\/wp-content\/uploads\/2026\/02\/MG_0169-1536x1024.jpg 1536w, https:\/\/franciscanos.org.br\/noticias\/wp-content\/uploads\/2026\/02\/MG_0169-2048x1365.jpg 2048w, https:\/\/franciscanos.org.br\/noticias\/wp-content\/uploads\/2026\/02\/MG_0169-150x100.jpg 150w, https:\/\/franciscanos.org.br\/noticias\/wp-content\/uploads\/2026\/02\/MG_0169-scaled.jpg 1620w\" sizes=\"(max-width: 1024px) 100vw, 1024px\" \/><\/p>\n<hr \/>\n<p><em>Por\u00a0<span style=\"font-weight: 400;\">Frei Jo\u00e3o Manoel Zechinatto, OFM (texto) e <\/span><span style=\"font-weight: 400;\">Frei Roger Strapazzon, OFM (fotos).<\/span><\/em><\/p>\n","protected":false},"excerpt":{"rendered":"<p>Ano Jubilar Franciscano<\/p>\n","protected":false},"author":15,"featured_media":264355,"comment_status":"open","ping_status":"open","sticky":false,"template":"","format":"standard","meta":[],"categories":[1],"tags":[],"acf":[],"yoast_head":"<!-- This site is optimized with the Yoast SEO plugin v19.2 - https:\/\/yoast.com\/wordpress\/plugins\/seo\/ -->\n<title>\u201cS\u00e3o Francisco \u00e9 um dom para toda a Igreja\u201d \u2013 Dom Odilo preside Celebra\u00e7\u00e3o de Abertura do Ano Jubilar Franciscano em S\u00e3o Paulo - Not\u00edcias - Franciscanos<\/title>\n<meta name=\"robots\" content=\"index, follow, max-snippet:-1, max-image-preview:large, max-video-preview:-1\" \/>\n<link rel=\"canonical\" href=\"https:\/\/franciscanos.org.br\/noticias\/sao-francisco-e-um-dom-para-toda-a-igreja-dom-odilo-preside-celebracao-de-abertura-do-ano-jubilar-franciscano-em-sao-paulo.html\" \/>\n<meta property=\"og:locale\" content=\"pt_BR\" \/>\n<meta property=\"og:type\" content=\"article\" \/>\n<meta property=\"og:title\" content=\"\u201cS\u00e3o Francisco \u00e9 um dom para toda a Igreja\u201d \u2013 Dom Odilo preside Celebra\u00e7\u00e3o de Abertura do Ano Jubilar Franciscano em S\u00e3o Paulo - Not\u00edcias - Franciscanos\" \/>\n<meta property=\"og:description\" content=\"Ano Jubilar Franciscano\" \/>\n<meta property=\"og:url\" content=\"https:\/\/franciscanos.org.br\/noticias\/sao-francisco-e-um-dom-para-toda-a-igreja-dom-odilo-preside-celebracao-de-abertura-do-ano-jubilar-franciscano-em-sao-paulo.html\" \/>\n<meta property=\"og:site_name\" content=\"Not\u00edcias - Franciscanos\" \/>\n<meta property=\"article:published_time\" content=\"2026-02-23T14:20:19+00:00\" \/>\n<meta property=\"article:modified_time\" content=\"2026-02-23T16:51:10+00:00\" \/>\n<meta property=\"og:image\" content=\"https:\/\/franciscanos.org.br\/noticias\/wp-content\/uploads\/2026\/02\/1280-x-720-px-Destaque-16-1-1024x864.png\" \/>\n\t<meta property=\"og:image:width\" content=\"1024\" \/>\n\t<meta property=\"og:image:height\" content=\"864\" \/>\n\t<meta property=\"og:image:type\" content=\"image\/png\" \/>\n<meta name=\"author\" content=\"Guilherme Rocha\" \/>\n<meta name=\"twitter:card\" content=\"summary_large_image\" \/>\n<meta name=\"twitter:label1\" content=\"Escrito por\" \/>\n\t<meta name=\"twitter:data1\" content=\"Guilherme Rocha\" \/>\n\t<meta name=\"twitter:label2\" content=\"Est. tempo de leitura\" \/>\n\t<meta name=\"twitter:data2\" content=\"6 minutos\" \/>\n<script type=\"application\/ld+json\" class=\"yoast-schema-graph\">{\"@context\":\"https:\/\/schema.org\",\"@graph\":[{\"@type\":\"WebSite\",\"@id\":\"https:\/\/franciscanos.org.br\/noticias\/#website\",\"url\":\"https:\/\/franciscanos.org.br\/noticias\/\",\"name\":\"Not\u00edcias - Franciscanos\",\"description\":\"Prov\u00edncia Franciscana da Imaculada Concei\u00e7\u00e3o do Brasil - Ordem dos Frades Menores - OFM\",\"potentialAction\":[{\"@type\":\"SearchAction\",\"target\":{\"@type\":\"EntryPoint\",\"urlTemplate\":\"https:\/\/franciscanos.org.br\/noticias\/?s={search_term_string}\"},\"query-input\":\"required name=search_term_string\"}],\"inLanguage\":\"pt-BR\"},{\"@type\":\"ImageObject\",\"inLanguage\":\"pt-BR\",\"@id\":\"https:\/\/franciscanos.org.br\/noticias\/sao-francisco-e-um-dom-para-toda-a-igreja-dom-odilo-preside-celebracao-de-abertura-do-ano-jubilar-franciscano-em-sao-paulo.html#primaryimage\",\"url\":\"https:\/\/franciscanos.org.br\/noticias\/wp-content\/uploads\/2026\/02\/1280-x-720-px-Destaque-16-1.png\",\"contentUrl\":\"https:\/\/franciscanos.org.br\/noticias\/wp-content\/uploads\/2026\/02\/1280-x-720-px-Destaque-16-1.png\",\"width\":1280,\"height\":1080},{\"@type\":\"WebPage\",\"@id\":\"https:\/\/franciscanos.org.br\/noticias\/sao-francisco-e-um-dom-para-toda-a-igreja-dom-odilo-preside-celebracao-de-abertura-do-ano-jubilar-franciscano-em-sao-paulo.html#webpage\",\"url\":\"https:\/\/franciscanos.org.br\/noticias\/sao-francisco-e-um-dom-para-toda-a-igreja-dom-odilo-preside-celebracao-de-abertura-do-ano-jubilar-franciscano-em-sao-paulo.html\",\"name\":\"\u201cS\u00e3o Francisco \u00e9 um dom para toda a Igreja\u201d \u2013 Dom Odilo preside Celebra\u00e7\u00e3o de Abertura do Ano Jubilar Franciscano em S\u00e3o Paulo - Not\u00edcias - Franciscanos\",\"isPartOf\":{\"@id\":\"https:\/\/franciscanos.org.br\/noticias\/#website\"},\"primaryImageOfPage\":{\"@id\":\"https:\/\/franciscanos.org.br\/noticias\/sao-francisco-e-um-dom-para-toda-a-igreja-dom-odilo-preside-celebracao-de-abertura-do-ano-jubilar-franciscano-em-sao-paulo.html#primaryimage\"},\"datePublished\":\"2026-02-23T14:20:19+00:00\",\"dateModified\":\"2026-02-23T16:51:10+00:00\",\"author\":{\"@id\":\"https:\/\/franciscanos.org.br\/noticias\/#\/schema\/person\/69bb4cd273a2528548b63cccab4980a0\"},\"breadcrumb\":{\"@id\":\"https:\/\/franciscanos.org.br\/noticias\/sao-francisco-e-um-dom-para-toda-a-igreja-dom-odilo-preside-celebracao-de-abertura-do-ano-jubilar-franciscano-em-sao-paulo.html#breadcrumb\"},\"inLanguage\":\"pt-BR\",\"potentialAction\":[{\"@type\":\"ReadAction\",\"target\":[\"https:\/\/franciscanos.org.br\/noticias\/sao-francisco-e-um-dom-para-toda-a-igreja-dom-odilo-preside-celebracao-de-abertura-do-ano-jubilar-franciscano-em-sao-paulo.html\"]}]},{\"@type\":\"BreadcrumbList\",\"@id\":\"https:\/\/franciscanos.org.br\/noticias\/sao-francisco-e-um-dom-para-toda-a-igreja-dom-odilo-preside-celebracao-de-abertura-do-ano-jubilar-franciscano-em-sao-paulo.html#breadcrumb\",\"itemListElement\":[{\"@type\":\"ListItem\",\"position\":1,\"name\":\"Home\",\"item\":\"https:\/\/franciscanos.org.br\/noticias\"},{\"@type\":\"ListItem\",\"position\":2,\"name\":\"\u201cS\u00e3o Francisco \u00e9 um dom para toda a Igreja\u201d \u2013 Dom Odilo preside Celebra\u00e7\u00e3o de Abertura do Ano Jubilar Franciscano em S\u00e3o Paulo\"}]},{\"@type\":\"Person\",\"@id\":\"https:\/\/franciscanos.org.br\/noticias\/#\/schema\/person\/69bb4cd273a2528548b63cccab4980a0\",\"name\":\"Guilherme Rocha\",\"image\":{\"@type\":\"ImageObject\",\"inLanguage\":\"pt-BR\",\"@id\":\"https:\/\/franciscanos.org.br\/noticias\/#\/schema\/person\/image\/\",\"url\":\"https:\/\/secure.gravatar.com\/avatar\/e480fee2377f81af36f6990ed742592a?s=96&d=mm&r=g\",\"contentUrl\":\"https:\/\/secure.gravatar.com\/avatar\/e480fee2377f81af36f6990ed742592a?s=96&d=mm&r=g\",\"caption\":\"Guilherme Rocha\"},\"url\":\"https:\/\/franciscanos.org.br\/noticias\/author\/guilhermerocha\"}]}<\/script>\n<!-- \/ Yoast SEO plugin. -->","yoast_head_json":{"title":"\u201cS\u00e3o Francisco \u00e9 um dom para toda a Igreja\u201d \u2013 Dom Odilo preside Celebra\u00e7\u00e3o de Abertura do Ano Jubilar Franciscano em S\u00e3o Paulo - Not\u00edcias - Franciscanos","robots":{"index":"index","follow":"follow","max-snippet":"max-snippet:-1","max-image-preview":"max-image-preview:large","max-video-preview":"max-video-preview:-1"},"canonical":"https:\/\/franciscanos.org.br\/noticias\/sao-francisco-e-um-dom-para-toda-a-igreja-dom-odilo-preside-celebracao-de-abertura-do-ano-jubilar-franciscano-em-sao-paulo.html","og_locale":"pt_BR","og_type":"article","og_title":"\u201cS\u00e3o Francisco \u00e9 um dom para toda a Igreja\u201d \u2013 Dom Odilo preside Celebra\u00e7\u00e3o de Abertura do Ano Jubilar Franciscano em S\u00e3o Paulo - Not\u00edcias - Franciscanos","og_description":"Ano Jubilar Franciscano","og_url":"https:\/\/franciscanos.org.br\/noticias\/sao-francisco-e-um-dom-para-toda-a-igreja-dom-odilo-preside-celebracao-de-abertura-do-ano-jubilar-franciscano-em-sao-paulo.html","og_site_name":"Not\u00edcias - Franciscanos","article_published_time":"2026-02-23T14:20:19+00:00","article_modified_time":"2026-02-23T16:51:10+00:00","og_image":[{"width":1024,"height":864,"url":"https:\/\/franciscanos.org.br\/noticias\/wp-content\/uploads\/2026\/02\/1280-x-720-px-Destaque-16-1-1024x864.png","type":"image\/png"}],"author":"Guilherme Rocha","twitter_card":"summary_large_image","twitter_misc":{"Escrito por":"Guilherme Rocha","Est. tempo de leitura":"6 minutos"},"schema":{"@context":"https:\/\/schema.org","@graph":[{"@type":"WebSite","@id":"https:\/\/franciscanos.org.br\/noticias\/#website","url":"https:\/\/franciscanos.org.br\/noticias\/","name":"Not\u00edcias - Franciscanos","description":"Prov\u00edncia Franciscana da Imaculada Concei\u00e7\u00e3o do Brasil - Ordem dos Frades Menores - OFM","potentialAction":[{"@type":"SearchAction","target":{"@type":"EntryPoint","urlTemplate":"https:\/\/franciscanos.org.br\/noticias\/?s={search_term_string}"},"query-input":"required name=search_term_string"}],"inLanguage":"pt-BR"},{"@type":"ImageObject","inLanguage":"pt-BR","@id":"https:\/\/franciscanos.org.br\/noticias\/sao-francisco-e-um-dom-para-toda-a-igreja-dom-odilo-preside-celebracao-de-abertura-do-ano-jubilar-franciscano-em-sao-paulo.html#primaryimage","url":"https:\/\/franciscanos.org.br\/noticias\/wp-content\/uploads\/2026\/02\/1280-x-720-px-Destaque-16-1.png","contentUrl":"https:\/\/franciscanos.org.br\/noticias\/wp-content\/uploads\/2026\/02\/1280-x-720-px-Destaque-16-1.png","width":1280,"height":1080},{"@type":"WebPage","@id":"https:\/\/franciscanos.org.br\/noticias\/sao-francisco-e-um-dom-para-toda-a-igreja-dom-odilo-preside-celebracao-de-abertura-do-ano-jubilar-franciscano-em-sao-paulo.html#webpage","url":"https:\/\/franciscanos.org.br\/noticias\/sao-francisco-e-um-dom-para-toda-a-igreja-dom-odilo-preside-celebracao-de-abertura-do-ano-jubilar-franciscano-em-sao-paulo.html","name":"\u201cS\u00e3o Francisco \u00e9 um dom para toda a Igreja\u201d \u2013 Dom Odilo preside Celebra\u00e7\u00e3o de Abertura do Ano Jubilar Franciscano em S\u00e3o Paulo - Not\u00edcias - Franciscanos","isPartOf":{"@id":"https:\/\/franciscanos.org.br\/noticias\/#website"},"primaryImageOfPage":{"@id":"https:\/\/franciscanos.org.br\/noticias\/sao-francisco-e-um-dom-para-toda-a-igreja-dom-odilo-preside-celebracao-de-abertura-do-ano-jubilar-franciscano-em-sao-paulo.html#primaryimage"},"datePublished":"2026-02-23T14:20:19+00:00","dateModified":"2026-02-23T16:51:10+00:00","author":{"@id":"https:\/\/franciscanos.org.br\/noticias\/#\/schema\/person\/69bb4cd273a2528548b63cccab4980a0"},"breadcrumb":{"@id":"https:\/\/franciscanos.org.br\/noticias\/sao-francisco-e-um-dom-para-toda-a-igreja-dom-odilo-preside-celebracao-de-abertura-do-ano-jubilar-franciscano-em-sao-paulo.html#breadcrumb"},"inLanguage":"pt-BR","potentialAction":[{"@type":"ReadAction","target":["https:\/\/franciscanos.org.br\/noticias\/sao-francisco-e-um-dom-para-toda-a-igreja-dom-odilo-preside-celebracao-de-abertura-do-ano-jubilar-franciscano-em-sao-paulo.html"]}]},{"@type":"BreadcrumbList","@id":"https:\/\/franciscanos.org.br\/noticias\/sao-francisco-e-um-dom-para-toda-a-igreja-dom-odilo-preside-celebracao-de-abertura-do-ano-jubilar-franciscano-em-sao-paulo.html#breadcrumb","itemListElement":[{"@type":"ListItem","position":1,"name":"Home","item":"https:\/\/franciscanos.org.br\/noticias"},{"@type":"ListItem","position":2,"name":"\u201cS\u00e3o Francisco \u00e9 um dom para toda a Igreja\u201d \u2013 Dom Odilo preside Celebra\u00e7\u00e3o de Abertura do Ano Jubilar Franciscano em S\u00e3o Paulo"}]},{"@type":"Person","@id":"https:\/\/franciscanos.org.br\/noticias\/#\/schema\/person\/69bb4cd273a2528548b63cccab4980a0","name":"Guilherme Rocha","image":{"@type":"ImageObject","inLanguage":"pt-BR","@id":"https:\/\/franciscanos.org.br\/noticias\/#\/schema\/person\/image\/","url":"https:\/\/secure.gravatar.com\/avatar\/e480fee2377f81af36f6990ed742592a?s=96&d=mm&r=g","contentUrl":"https:\/\/secure.gravatar.com\/avatar\/e480fee2377f81af36f6990ed742592a?s=96&d=mm&r=g","caption":"Guilherme Rocha"},"url":"https:\/\/franciscanos.org.br\/noticias\/author\/guilhermerocha"}]}},"_links":{"self":[{"href":"https:\/\/franciscanos.org.br\/noticias\/wp-json\/wp\/v2\/posts\/264353"}],"collection":[{"href":"https:\/\/franciscanos.org.br\/noticias\/wp-json\/wp\/v2\/posts"}],"about":[{"href":"https:\/\/franciscanos.org.br\/noticias\/wp-json\/wp\/v2\/types\/post"}],"author":[{"embeddable":true,"href":"https:\/\/franciscanos.org.br\/noticias\/wp-json\/wp\/v2\/users\/15"}],"replies":[{"embeddable":true,"href":"https:\/\/franciscanos.org.br\/noticias\/wp-json\/wp\/v2\/comments?post=264353"}],"version-history":[{"count":4,"href":"https:\/\/franciscanos.org.br\/noticias\/wp-json\/wp\/v2\/posts\/264353\/revisions"}],"predecessor-version":[{"id":264401,"href":"https:\/\/franciscanos.org.br\/noticias\/wp-json\/wp\/v2\/posts\/264353\/revisions\/264401"}],"wp:featuredmedia":[{"embeddable":true,"href":"https:\/\/franciscanos.org.br\/noticias\/wp-json\/wp\/v2\/media\/264355"}],"wp:attachment":[{"href":"https:\/\/franciscanos.org.br\/noticias\/wp-json\/wp\/v2\/media?parent=264353"}],"wp:term":[{"taxonomy":"category","embeddable":true,"href":"https:\/\/franciscanos.org.br\/noticias\/wp-json\/wp\/v2\/categories?post=264353"},{"taxonomy":"post_tag","embeddable":true,"href":"https:\/\/franciscanos.org.br\/noticias\/wp-json\/wp\/v2\/tags?post=264353"}],"curies":[{"name":"wp","href":"https:\/\/api.w.org\/{rel}","templated":true}]}}