{"id":264293,"date":"2026-02-20T08:10:23","date_gmt":"2026-02-20T11:10:23","guid":{"rendered":"https:\/\/franciscanos.org.br\/noticias\/?p=264293"},"modified":"2026-02-20T08:10:23","modified_gmt":"2026-02-20T11:10:23","slug":"a-reconciliacao-tem-o-empenho-humano-mas-ela-e-sobretudo-graca-de-deus","status":"publish","type":"post","link":"https:\/\/franciscanos.org.br\/noticias\/a-reconciliacao-tem-o-empenho-humano-mas-ela-e-sobretudo-graca-de-deus.html","title":{"rendered":"&#8220;A reconcilia\u00e7\u00e3o tem o empenho humano, mas ela \u00e9, sobretudo, gra\u00e7a de Deus&#8221;"},"content":{"rendered":"<p><img loading=\"lazy\" class=\"aligncenter wp-image-264294 size-large\" src=\"https:\/\/franciscanos.org.br\/noticias\/wp-content\/uploads\/2026\/02\/Quarta-Feira-de-Cinzas-18-02-2026-Frei-Paulo-Roberto-Pereira-15-1024x683.jpg\" alt=\"\" width=\"1024\" height=\"683\" srcset=\"https:\/\/franciscanos.org.br\/noticias\/wp-content\/uploads\/2026\/02\/Quarta-Feira-de-Cinzas-18-02-2026-Frei-Paulo-Roberto-Pereira-15-1024x683.jpg 1024w, https:\/\/franciscanos.org.br\/noticias\/wp-content\/uploads\/2026\/02\/Quarta-Feira-de-Cinzas-18-02-2026-Frei-Paulo-Roberto-Pereira-15-450x300.jpg 450w, https:\/\/franciscanos.org.br\/noticias\/wp-content\/uploads\/2026\/02\/Quarta-Feira-de-Cinzas-18-02-2026-Frei-Paulo-Roberto-Pereira-15-768x512.jpg 768w, https:\/\/franciscanos.org.br\/noticias\/wp-content\/uploads\/2026\/02\/Quarta-Feira-de-Cinzas-18-02-2026-Frei-Paulo-Roberto-Pereira-15-1536x1024.jpg 1536w, https:\/\/franciscanos.org.br\/noticias\/wp-content\/uploads\/2026\/02\/Quarta-Feira-de-Cinzas-18-02-2026-Frei-Paulo-Roberto-Pereira-15-2048x1365.jpg 2048w, https:\/\/franciscanos.org.br\/noticias\/wp-content\/uploads\/2026\/02\/Quarta-Feira-de-Cinzas-18-02-2026-Frei-Paulo-Roberto-Pereira-15-150x100.jpg 150w, https:\/\/franciscanos.org.br\/noticias\/wp-content\/uploads\/2026\/02\/Quarta-Feira-de-Cinzas-18-02-2026-Frei-Paulo-Roberto-Pereira-15-scaled.jpg 1620w\" sizes=\"(max-width: 1024px) 100vw, 1024px\" \/><\/p>\n<p>Fi\u00e9is participaram da Missa de Quarta-Feira de Cinzas, no \u00faltimo dia 18 de fevereiro, celebrada no Campinho do Convento da Penha, em Vila Velha. A Celebra\u00e7\u00e3o Eucar\u00edstica foi presidida pelo Ministro Provincial da Prov\u00edncia Franciscana da Imaculada Concei\u00e7\u00e3o do Brasil, Frei Paulo Roberto Pereira, ofm e marcou o in\u00edcio da Quaresma, tempo forte de ora\u00e7\u00e3o, jejum e caridade.<\/p>\n<p>O Guardi\u00e3o do Convento, Frei Gabriel Dellandrea e o Frei Robson Luiz Scudela, concelebraram a Missa que ainda teve a presen\u00e7a dos freis Pedro Engel e David Belineli, da fraternidade franciscana da Penha. O tradicional rito da Imposi\u00e7\u00e3o das Cinzas, logo ap\u00f3s a homilia, recordou o chamado \u00e0 convers\u00e3o e consci\u00eancia, a partir do Evangelho, que a humanidade \u00e9 &#8220;p\u00f3 e ao p\u00f3 um dia voltar\u00e1&#8221;.<\/p>\n<p>No in\u00edcio, Frei Gabriel acolheu os confrades e saudou as autoridades pol\u00edticas presentes, os prefeitos de Vila Velha e Vit\u00f3ria, Arnaldinho Borgo e Lorenzo Pazolini, respectivamente. &#8220;Que bonito est\u00e1 o Campinho do Convento da Penha, repleto de fi\u00e9is que vieram para iniciar este tempo quaresmal, nossas boas-vindas a todos que vieram de perto e de longe. Todos voc\u00eas que encontraram hoje aqui neste ref\u00fagio de f\u00e9, um lugar para tamb\u00e9m rezarem. Sejam todos bem-vindos, tamb\u00e9m acolhemos as autoridades. Acolhemos ainda nosso Ministro Provincial, Frei Paulo Roberto Pereira, ele j\u00e1 foi guardi\u00e3o desta casa, ele est\u00e1 vindo nos visitar, nos brindando com sua presen\u00e7a, uma visita fraterna e sempre muito alegre. Eu os acolho com muita alegria neste dia em que celebramos Quarta-Feira de Cinzas, o nosso Pai S\u00e3o Francisco nos convida a sermos &#8216;homens de penit\u00eancia&#8217; e voc\u00eas, ao nos visitarem nos animam na penit\u00eancia, no caminho do servi\u00e7o ao povo de Deus&#8221;, disse o Guardi\u00e3o.<\/p>\n<p>Na homilia, Frei Paulo Roberto destacou que o tempo quaresmal \u00e9 uma oportunidade de renova\u00e7\u00e3o integral da vida crist\u00e3. &#8220;O tempo da Quaresma que n\u00f3s iniciamos hoje \u00e9 um caminho de revitaliza\u00e7\u00e3o, de a gente encontrar com o verdadeiro sentido da nossa vida. Segundo o Ministro Provincial, a Quaresma convida os fi\u00e9is a cuidarem n\u00e3o apenas da pr\u00f3pria espiritualidade, mas tamb\u00e9m do corpo e da vida comunit\u00e1ria: &#8220;Esse \u00e9 o caminho que a quaresma nos sugere e prop\u00f5e para todos n\u00f3s. Cuidar integralmente do nosso ser. Cuidar da integralidade do nosso viver. Cuidar do nosso corpo f\u00edsico. E cuidar da nossa espiritualidade. E, mais ainda, cuidar do nosso corpo comunit\u00e1rio. Al\u00e9m de cuidar da gente mesmo, \u00e9 necess\u00e1rio cuidar daquele que conosco convive, daquele que partilha as mesmas dores e as mesmas alegrias&#8221;.<\/p>\n<p><img loading=\"lazy\" class=\"aligncenter wp-image-264295 size-large\" src=\"https:\/\/franciscanos.org.br\/noticias\/wp-content\/uploads\/2026\/02\/Quarta-Feira-de-Cinzas-18-02-2026-Frei-Paulo-Roberto-Pereira-7-1024x683.jpg\" alt=\"\" width=\"1024\" height=\"683\" srcset=\"https:\/\/franciscanos.org.br\/noticias\/wp-content\/uploads\/2026\/02\/Quarta-Feira-de-Cinzas-18-02-2026-Frei-Paulo-Roberto-Pereira-7-1024x683.jpg 1024w, https:\/\/franciscanos.org.br\/noticias\/wp-content\/uploads\/2026\/02\/Quarta-Feira-de-Cinzas-18-02-2026-Frei-Paulo-Roberto-Pereira-7-450x300.jpg 450w, https:\/\/franciscanos.org.br\/noticias\/wp-content\/uploads\/2026\/02\/Quarta-Feira-de-Cinzas-18-02-2026-Frei-Paulo-Roberto-Pereira-7-768x512.jpg 768w, https:\/\/franciscanos.org.br\/noticias\/wp-content\/uploads\/2026\/02\/Quarta-Feira-de-Cinzas-18-02-2026-Frei-Paulo-Roberto-Pereira-7-1536x1024.jpg 1536w, https:\/\/franciscanos.org.br\/noticias\/wp-content\/uploads\/2026\/02\/Quarta-Feira-de-Cinzas-18-02-2026-Frei-Paulo-Roberto-Pereira-7-2048x1365.jpg 2048w, https:\/\/franciscanos.org.br\/noticias\/wp-content\/uploads\/2026\/02\/Quarta-Feira-de-Cinzas-18-02-2026-Frei-Paulo-Roberto-Pereira-7-150x100.jpg 150w, https:\/\/franciscanos.org.br\/noticias\/wp-content\/uploads\/2026\/02\/Quarta-Feira-de-Cinzas-18-02-2026-Frei-Paulo-Roberto-Pereira-7-scaled.jpg 1620w\" sizes=\"(max-width: 1024px) 100vw, 1024px\" \/><\/p>\n<p>&#8220;O in\u00edcio da Quaresma, &#8211; continua Frei Paulo -, j\u00e1 tem gosto de P\u00e1scoa. N\u00f3s cremos a partir da ressurrei\u00e7\u00e3o de nosso Senhor Jesus Cristo. Mist\u00e9rio da nossa f\u00e9. Toda a Eucaristia que a gente celebra, cada vez que o povo de Deus se re\u00fane para celebrar a Eucaristia, n\u00f3s celebramos o mist\u00e9rio da nossa f\u00e9. E dizemos, mist\u00e9rio da nossa f\u00e9 n\u00e3o \u00e9 aquela incompreens\u00e3o eventual que podemos ter. N\u00e3o sabemos todas as coisas da nossa religi\u00e3o. O mist\u00e9rio da nossa f\u00e9 celebrado em cada Eucaristia \u00e9 aquele que Jesus vive plenamente. A morte, a dor, a treva, tudo isso foi vencido. E Jesus, ressuscitado, vive e nos convida a viver. E a quaresma \u00e9 convite para que a gente mergulhe nesse mist\u00e9rio. N\u00e3o entendemos tudo, n\u00e3o sabemos tudo. \u00c0s vezes passamos por muita incompreens\u00e3o. Mas temos a convic\u00e7\u00e3o, a verdade que nos sustenta. A morte, a doen\u00e7a, a dor, o luto foram vencidos. E Jesus Cristo ressuscitou&#8221;, ressaltou.<\/p>\n<p><strong>&#8220;Deixai-vos reconciliar com Deus&#8221;<\/strong><\/p>\n<p>Ao refletir sobre a Segunda Leitura do dia (2 Cor\u00edntios 5,20-6,2), Frei Paulo ressaltou que a convers\u00e3o \u00e9, antes de tudo, gra\u00e7a divina. &#8220;N\u00e3o devemos ter a d\u00favida. N\u00e3o podemos ter a treva, a morte, o pesar a iluminar a nossa caminhada. Iniciamos a quaresma, colocamos cinzas na cabe\u00e7a. Mas sabemos, Jesus Cristo Ressuscitado nos atrai a Ele. Este \u00e9 o sentido da quaresma. E n\u00f3s vamos fazer 40 dias desta caminhada. Intensificando a nossa ora\u00e7\u00e3o. Intensificando o cuidado com o nosso pr\u00f3prio corpo. Intensificando um jeito bom de viver e de conviver. N\u00f3s iniciamos esse tempo ouvindo a Sagrada Escritura. Alargando os nossos ouvidos para aquele convite que S\u00e3o Paulo nos disse aqui na segunda leitura. Deixai-vos reconciliar com Deus. Deixai-vos reconciliar com Deus. Esta frase, convite, ela tem um segredo que \u00e0s vezes n\u00f3s n\u00e3o nos damos conta. A reconcilia\u00e7\u00e3o, a convers\u00e3o \u00e9 muito da a\u00e7\u00e3o humana, \u00e9 verdade. Tem o desejo humano, o empenho humano. Mas ela \u00e9, sobretudo, gra\u00e7a de Deus. Deixai-vos reconciliar com Deus&#8221;, enfatizou.<\/p>\n<p>O Provincial apresentou a met\u00e1fora de uma bal\u00e3o de g\u00e1s para explicar a &#8220;reconcilia\u00e7\u00e3o&#8221; com Deus, como proposta quaresmal. &#8220;O bal\u00e3o de g\u00e1s, o menino fica segurando aquele bal\u00e3o de g\u00e1s o tempo inteiro. Fica na m\u00e3o segurando o bal\u00e3o que ele insistiu para o pai, para a m\u00e3e comprar. Mas o bal\u00e3o de g\u00e1s, por ser bal\u00e3o de g\u00e1s, ele quer estar no alto. Ele quer fugir, ele quer subir. Ent\u00e3o, no primeiro vacilo que o menino d\u00e1, o que acontece? O bal\u00e3o vai ao encontro da natureza dele, que \u00e9 o g\u00e1s. Na nossa vida, Deus nos atrai. E nos atrai com uma for\u00e7a insuper\u00e1vel. Mas n\u00f3s somos aquele menino que fica segurando a nossa vida. Solta! Deixai-vos. V\u00e1 para Deus com liberdade. \u00c9 assim que deve ser. Sem amarras, sem medo, sem temor. Deixemo-nos reconciliar com o Senhor. Por que ficar preso no orgulho, na soberba, na vaidade, no rancor, na decis\u00e3o por n\u00e3o&#8230; &#8216;N\u00e3o perdoe&#8217;. E fica nessa macera\u00e7\u00e3o da falta de perd\u00e3o. Segurando-se, amarrando-se, atrasando a alegria do reencontro e da convers\u00e3o. Deus nos atrai, nos oferece graciosamente, criativamente e todo o tempo a gra\u00e7a da convers\u00e3o. Libertemo-nos, desamarremo-nos, soltemo-nos e vamos voar direto para ser um com o Senhor! \u00c9 o convite da convers\u00e3o que a quaresma nos faz. E como operar isso? Como ir soltando aos poucos a m\u00e3o que ret\u00e9m o bal\u00e3o? Atrav\u00e9s do exerc\u00edcio de piedade, de ora\u00e7\u00e3o, escuta atenta da palavra, caridade.<\/p>\n\n\t\t<style type=\"text\/css\">\n\t\t\t#gallery-1 {\n\t\t\t\tmargin: auto;\n\t\t\t}\n\t\t\t#gallery-1 .gallery-item {\n\t\t\t\tfloat: left;\n\t\t\t\tmargin-top: 10px;\n\t\t\t\ttext-align: center;\n\t\t\t\twidth: 25%;\n\t\t\t}\n\t\t\t#gallery-1 img {\n\t\t\t\tborder: 2px solid #cfcfcf;\n\t\t\t}\n\t\t\t#gallery-1 .gallery-caption {\n\t\t\t\tmargin-left: 0;\n\t\t\t}\n\t\t\t\/* see gallery_shortcode() in wp-includes\/media.php *\/\n\t\t<\/style>\n\t\t<div id='gallery-1' class='gallery galleryid-264293 gallery-columns-4 gallery-size-thumbnail'><dl class='gallery-item'>\n\t\t\t<dt class='gallery-icon landscape'>\n\t\t\t\t<a href='https:\/\/franciscanos.org.br\/noticias\/wp-content\/uploads\/2026\/02\/Quarta-Feira-de-Cinzas-18-02-2026-Frei-Paulo-Roberto-Pereira-21-scaled.jpg'><img width=\"300\" height=\"300\" src=\"https:\/\/franciscanos.org.br\/noticias\/wp-content\/uploads\/2026\/02\/Quarta-Feira-de-Cinzas-18-02-2026-Frei-Paulo-Roberto-Pereira-21-300x300.jpg\" class=\"attachment-thumbnail size-thumbnail\" alt=\"\" loading=\"lazy\" srcset=\"https:\/\/franciscanos.org.br\/noticias\/wp-content\/uploads\/2026\/02\/Quarta-Feira-de-Cinzas-18-02-2026-Frei-Paulo-Roberto-Pereira-21-300x300.jpg 300w, https:\/\/franciscanos.org.br\/noticias\/wp-content\/uploads\/2026\/02\/Quarta-Feira-de-Cinzas-18-02-2026-Frei-Paulo-Roberto-Pereira-21-100x100.jpg 100w\" sizes=\"(max-width: 300px) 100vw, 300px\" \/><\/a>\n\t\t\t<\/dt><\/dl><dl class='gallery-item'>\n\t\t\t<dt class='gallery-icon landscape'>\n\t\t\t\t<a href='https:\/\/franciscanos.org.br\/noticias\/wp-content\/uploads\/2026\/02\/Quarta-Feira-de-Cinzas-18-02-2026-Frei-Paulo-Roberto-Pereira-25-scaled.jpg'><img width=\"300\" height=\"300\" src=\"https:\/\/franciscanos.org.br\/noticias\/wp-content\/uploads\/2026\/02\/Quarta-Feira-de-Cinzas-18-02-2026-Frei-Paulo-Roberto-Pereira-25-300x300.jpg\" class=\"attachment-thumbnail size-thumbnail\" alt=\"\" loading=\"lazy\" srcset=\"https:\/\/franciscanos.org.br\/noticias\/wp-content\/uploads\/2026\/02\/Quarta-Feira-de-Cinzas-18-02-2026-Frei-Paulo-Roberto-Pereira-25-300x300.jpg 300w, https:\/\/franciscanos.org.br\/noticias\/wp-content\/uploads\/2026\/02\/Quarta-Feira-de-Cinzas-18-02-2026-Frei-Paulo-Roberto-Pereira-25-100x100.jpg 100w\" sizes=\"(max-width: 300px) 100vw, 300px\" \/><\/a>\n\t\t\t<\/dt><\/dl><dl class='gallery-item'>\n\t\t\t<dt class='gallery-icon landscape'>\n\t\t\t\t<a href='https:\/\/franciscanos.org.br\/noticias\/wp-content\/uploads\/2026\/02\/Quarta-Feira-de-Cinzas-18-02-2026-Frei-Paulo-Roberto-Pereira-26-scaled.jpg'><img width=\"300\" height=\"300\" src=\"https:\/\/franciscanos.org.br\/noticias\/wp-content\/uploads\/2026\/02\/Quarta-Feira-de-Cinzas-18-02-2026-Frei-Paulo-Roberto-Pereira-26-300x300.jpg\" class=\"attachment-thumbnail size-thumbnail\" alt=\"\" loading=\"lazy\" srcset=\"https:\/\/franciscanos.org.br\/noticias\/wp-content\/uploads\/2026\/02\/Quarta-Feira-de-Cinzas-18-02-2026-Frei-Paulo-Roberto-Pereira-26-300x300.jpg 300w, https:\/\/franciscanos.org.br\/noticias\/wp-content\/uploads\/2026\/02\/Quarta-Feira-de-Cinzas-18-02-2026-Frei-Paulo-Roberto-Pereira-26-100x100.jpg 100w\" sizes=\"(max-width: 300px) 100vw, 300px\" \/><\/a>\n\t\t\t<\/dt><\/dl><dl class='gallery-item'>\n\t\t\t<dt class='gallery-icon landscape'>\n\t\t\t\t<a href='https:\/\/franciscanos.org.br\/noticias\/wp-content\/uploads\/2026\/02\/Quarta-Feira-de-Cinzas-18-02-2026-Frei-Paulo-Roberto-Pereira-19-scaled.jpg'><img width=\"300\" height=\"300\" src=\"https:\/\/franciscanos.org.br\/noticias\/wp-content\/uploads\/2026\/02\/Quarta-Feira-de-Cinzas-18-02-2026-Frei-Paulo-Roberto-Pereira-19-300x300.jpg\" class=\"attachment-thumbnail size-thumbnail\" alt=\"\" loading=\"lazy\" srcset=\"https:\/\/franciscanos.org.br\/noticias\/wp-content\/uploads\/2026\/02\/Quarta-Feira-de-Cinzas-18-02-2026-Frei-Paulo-Roberto-Pereira-19-300x300.jpg 300w, https:\/\/franciscanos.org.br\/noticias\/wp-content\/uploads\/2026\/02\/Quarta-Feira-de-Cinzas-18-02-2026-Frei-Paulo-Roberto-Pereira-19-100x100.jpg 100w\" sizes=\"(max-width: 300px) 100vw, 300px\" \/><\/a>\n\t\t\t<\/dt><\/dl><br style=\"clear: both\" \/>\n\t\t<\/div>\n\n<p><strong>Pr\u00e1ticas quaresmais<\/strong><\/p>\n<p>Durante a reflex\u00e3o, Frei Paulo tamb\u00e9m explicou o sentido das pr\u00e1ticas quaresmais, especialmente o jejum, que deve estar unido \u00e0 caridade. &#8220;Tudo aquilo que voc\u00ea privar-se [&#8230;] tem que ter essa dupla dimens\u00e3o. Voc\u00ea deixa de gastar e aquilo que lhe sobrou \u00e9 para caridade. O jeito de rezar na quaresma, \u00e9 prestar mais aten\u00e7\u00e3o. N\u00e3o naquele jeito, fez a minha obriga\u00e7\u00e3o. A quaresma sugere uma aten\u00e7\u00e3o maior, na nossa forma de rezar. Uma aten\u00e7\u00e3o. E aqui quero sugerir um desafio. A sua ora\u00e7\u00e3o quaresmal, al\u00e9m da ora\u00e7\u00e3o de repeti\u00e7\u00e3o, al\u00e9m da ora\u00e7\u00e3o que voc\u00ea fala, que seja uma ora\u00e7\u00e3o que voc\u00ea escuta. \u00c9 s\u00f3 olhar para o espelho, e ver como a natureza \u00e9 t\u00e3o inteligente e nos ensina. Ela nos deu dois escutadores, e um falador. Para qu\u00ea? Para a gente falar menos? Eu n\u00e3o posso afirmar isso, porque sen\u00e3o estou contradizendo na minha forma. J\u00e1 falei para caramba agora, n\u00e9? N\u00e3o \u00e9 s\u00f3 para falar menos, \u00e9 para escutar em dobro. Ent\u00e3o, nesse tempo quaresmal, que voc\u00ea escute em dobro.\u00a0Escuta o que Deus tem a lhe dizer. E como Deus nos diz? Pela natureza, e aqui um lugar privilegiado de escutar a Deus, Deus nos diz pela realidade que est\u00e1 batendo a nossa porta, Deus nos diz especialmente atrav\u00e9s do irm\u00e3o, e atrav\u00e9s da irm\u00e3. Escutar, em dobro, sempre, para qualificar a nossa rela\u00e7\u00e3o com Deus&#8221;, disse.<\/p>\n<p>&#8220;E ainda, a esmola. O jejum, a ora\u00e7\u00e3o e a esmola. A esmola \u00e9 um jeito da nossa espiritualidade, e isso tem ra\u00edzes bastante antigas, a esmola \u00e9 o jeito de a gente ser atencioso, zeloso, cuidadoso, com a necessidade alheia. Prestar aten\u00e7\u00e3o em quem mais necessita. Para isso serve a quaresma. E fazendo tudo isso, n\u00f3s vamos ent\u00e3o celebrar bem a P\u00e1scoa&#8221;, completou.<\/p>\n\n\t\t<style type=\"text\/css\">\n\t\t\t#gallery-2 {\n\t\t\t\tmargin: auto;\n\t\t\t}\n\t\t\t#gallery-2 .gallery-item {\n\t\t\t\tfloat: left;\n\t\t\t\tmargin-top: 10px;\n\t\t\t\ttext-align: center;\n\t\t\t\twidth: 25%;\n\t\t\t}\n\t\t\t#gallery-2 img {\n\t\t\t\tborder: 2px solid #cfcfcf;\n\t\t\t}\n\t\t\t#gallery-2 .gallery-caption {\n\t\t\t\tmargin-left: 0;\n\t\t\t}\n\t\t\t\/* see gallery_shortcode() in wp-includes\/media.php *\/\n\t\t<\/style>\n\t\t<div id='gallery-2' class='gallery galleryid-264293 gallery-columns-4 gallery-size-thumbnail'><dl class='gallery-item'>\n\t\t\t<dt class='gallery-icon landscape'>\n\t\t\t\t<a href='https:\/\/franciscanos.org.br\/noticias\/wp-content\/uploads\/2026\/02\/Quarta-Feira-de-Cinzas-18-02-2026-Frei-Paulo-Roberto-Pereira-45-scaled.jpg'><img width=\"300\" height=\"300\" src=\"https:\/\/franciscanos.org.br\/noticias\/wp-content\/uploads\/2026\/02\/Quarta-Feira-de-Cinzas-18-02-2026-Frei-Paulo-Roberto-Pereira-45-300x300.jpg\" class=\"attachment-thumbnail size-thumbnail\" alt=\"\" loading=\"lazy\" srcset=\"https:\/\/franciscanos.org.br\/noticias\/wp-content\/uploads\/2026\/02\/Quarta-Feira-de-Cinzas-18-02-2026-Frei-Paulo-Roberto-Pereira-45-300x300.jpg 300w, https:\/\/franciscanos.org.br\/noticias\/wp-content\/uploads\/2026\/02\/Quarta-Feira-de-Cinzas-18-02-2026-Frei-Paulo-Roberto-Pereira-45-100x100.jpg 100w\" sizes=\"(max-width: 300px) 100vw, 300px\" \/><\/a>\n\t\t\t<\/dt><\/dl><dl class='gallery-item'>\n\t\t\t<dt class='gallery-icon landscape'>\n\t\t\t\t<a href='https:\/\/franciscanos.org.br\/noticias\/wp-content\/uploads\/2026\/02\/Quarta-Feira-de-Cinzas-18-02-2026-Frei-Paulo-Roberto-Pereira-9-scaled.jpg'><img width=\"300\" height=\"300\" src=\"https:\/\/franciscanos.org.br\/noticias\/wp-content\/uploads\/2026\/02\/Quarta-Feira-de-Cinzas-18-02-2026-Frei-Paulo-Roberto-Pereira-9-300x300.jpg\" class=\"attachment-thumbnail size-thumbnail\" alt=\"\" loading=\"lazy\" srcset=\"https:\/\/franciscanos.org.br\/noticias\/wp-content\/uploads\/2026\/02\/Quarta-Feira-de-Cinzas-18-02-2026-Frei-Paulo-Roberto-Pereira-9-300x300.jpg 300w, https:\/\/franciscanos.org.br\/noticias\/wp-content\/uploads\/2026\/02\/Quarta-Feira-de-Cinzas-18-02-2026-Frei-Paulo-Roberto-Pereira-9-100x100.jpg 100w\" sizes=\"(max-width: 300px) 100vw, 300px\" \/><\/a>\n\t\t\t<\/dt><\/dl><dl class='gallery-item'>\n\t\t\t<dt class='gallery-icon landscape'>\n\t\t\t\t<a href='https:\/\/franciscanos.org.br\/noticias\/wp-content\/uploads\/2026\/02\/Quarta-Feira-de-Cinzas-18-02-2026-Frei-Paulo-Roberto-Pereira-53-scaled.jpg'><img width=\"300\" height=\"300\" src=\"https:\/\/franciscanos.org.br\/noticias\/wp-content\/uploads\/2026\/02\/Quarta-Feira-de-Cinzas-18-02-2026-Frei-Paulo-Roberto-Pereira-53-300x300.jpg\" class=\"attachment-thumbnail size-thumbnail\" alt=\"\" loading=\"lazy\" srcset=\"https:\/\/franciscanos.org.br\/noticias\/wp-content\/uploads\/2026\/02\/Quarta-Feira-de-Cinzas-18-02-2026-Frei-Paulo-Roberto-Pereira-53-300x300.jpg 300w, https:\/\/franciscanos.org.br\/noticias\/wp-content\/uploads\/2026\/02\/Quarta-Feira-de-Cinzas-18-02-2026-Frei-Paulo-Roberto-Pereira-53-100x100.jpg 100w\" sizes=\"(max-width: 300px) 100vw, 300px\" \/><\/a>\n\t\t\t<\/dt><\/dl><dl class='gallery-item'>\n\t\t\t<dt class='gallery-icon landscape'>\n\t\t\t\t<a href='https:\/\/franciscanos.org.br\/noticias\/wp-content\/uploads\/2026\/02\/Quarta-Feira-de-Cinzas-18-02-2026-Frei-Paulo-Roberto-Pereira-41-scaled.jpg'><img width=\"300\" height=\"300\" src=\"https:\/\/franciscanos.org.br\/noticias\/wp-content\/uploads\/2026\/02\/Quarta-Feira-de-Cinzas-18-02-2026-Frei-Paulo-Roberto-Pereira-41-300x300.jpg\" class=\"attachment-thumbnail size-thumbnail\" alt=\"\" loading=\"lazy\" srcset=\"https:\/\/franciscanos.org.br\/noticias\/wp-content\/uploads\/2026\/02\/Quarta-Feira-de-Cinzas-18-02-2026-Frei-Paulo-Roberto-Pereira-41-300x300.jpg 300w, https:\/\/franciscanos.org.br\/noticias\/wp-content\/uploads\/2026\/02\/Quarta-Feira-de-Cinzas-18-02-2026-Frei-Paulo-Roberto-Pereira-41-100x100.jpg 100w\" sizes=\"(max-width: 300px) 100vw, 300px\" \/><\/a>\n\t\t\t<\/dt><\/dl><br style=\"clear: both\" \/>\n\t\t<\/div>\n\n<p><strong>Campanha da Fraternidade<\/strong><\/p>\n<p>O Ministro Provincial ainda recordou que no tempo da Quaresma, a Igreja no Brasil tamb\u00e9m convida a reflex\u00e3o para a Campanha da Fraternidade. &#8220;A Campanha da Fraternidade, al\u00e9m da ora\u00e7\u00e3o, do jejum e da esmola, \u00e9 um excelente exerc\u00edcio quaresmal. Porque nos aponta, nos desafia, e nos aponta uma urg\u00eancia, uma urg\u00eancia que clama aos c\u00e9us, uma necessidade do nosso povo. E esse ano, n\u00f3s somos convidados a refletir a partir desta afirma\u00e7\u00e3o. &#8216;Ele veio morar entre n\u00f3s&#8217;. Deus decidiu fazer morada entre n\u00f3s. \u00c9 importante que a gente resgate esta dimens\u00e3o. Deus mora, habita. Deus habita junto de n\u00f3s. E ent\u00e3o a Campanha da Fraternidade sugere que a gente reflita sobre &#8216;Fraternidade e Moradia&#8217;. Olhar a situa\u00e7\u00e3o, sobretudo dos mais desvalidos, nas nossas periferias urbanas e rurais tamb\u00e9m&#8221;.<\/p>\n<p>&#8220;A dignidade das pessoas ofendidas por n\u00e3o terem onde morar.\u00a0 Ou ent\u00e3o sujeitarem-se a habita\u00e7\u00f5es que n\u00e3o s\u00e3o seguras. Habita\u00e7\u00f5es que n\u00e3o oferecem o m\u00ednimo para que aquela pessoa, depois de ter trabalhado um dia inteiro, possa em sua casa repousar. Ent\u00e3o esta \u00e9 a realidade de muitos dos nossos irm\u00e3os e irm\u00e3s. Moram n\u00e3o por escolha, moram n\u00e3o por decidirem por isso, mas porque s\u00e3o levados a morar nas ruas. E esta \u00e9 uma realidade que clama aos c\u00e9us e reclama de n\u00f3s uma atitude. Deus veio morar entre n\u00f3s.\u00a0Aquele que sofre sem moradia \u00e9 um clamor do Senhor. \u00c9 preciso que n\u00f3s nos unamos, fa\u00e7amos todo o esfor\u00e7o para corresponder \u00e0quilo que n\u00f3s, na Igreja, temos como nossa doutrina. A doutrina social da Igreja afirma, e o Papa Francisco, que nos faz tanta falta ouvi-lo aqui presente entre n\u00f3s, mas ele j\u00e1 definiu em tr\u00eas &#8216;T&#8217;s&#8217;.\u00a0Todo ser humano, em todos os lugares, precisa de ter trabalho, precisa de ter terra, precisa de ter teto. S\u00e3o os tr\u00eas &#8216;T&#8217;s&#8217;. Enquanto faltaram desses tr\u00eas T&#8217;s, \u00e9 sinal de que o Evangelho de nosso Senhor Jesus Cristo ainda n\u00e3o est\u00e1 sendo perseguido e vivido com intensidade, com criatividade, com profecia e com coragem.\u00a0Por isso, esse \u00e9 o convite. Que vivamos bem a quaresma e que vivamos bem a campanha da fraternidade, para que todos os seres humanos, cada um de n\u00f3s, tenhamos o direito \u00e0 terra, ao trabalho e ao teto. Que Deus, nosso Senhor, que aqui nos reuniu, nos fortale\u00e7a e que Nossa Senhora nunca se esque\u00e7a de olhar por todos n\u00f3s&#8221;, finalizou Frei Paulo.<\/p>\n<p><img loading=\"lazy\" class=\"aligncenter wp-image-264299 size-large\" src=\"https:\/\/franciscanos.org.br\/noticias\/wp-content\/uploads\/2026\/02\/Quarta-Feira-de-Cinzas-18-02-2026-Frei-Paulo-Roberto-Pereira-62-1024x683.jpg\" alt=\"\" width=\"1024\" height=\"683\" srcset=\"https:\/\/franciscanos.org.br\/noticias\/wp-content\/uploads\/2026\/02\/Quarta-Feira-de-Cinzas-18-02-2026-Frei-Paulo-Roberto-Pereira-62-1024x683.jpg 1024w, https:\/\/franciscanos.org.br\/noticias\/wp-content\/uploads\/2026\/02\/Quarta-Feira-de-Cinzas-18-02-2026-Frei-Paulo-Roberto-Pereira-62-450x300.jpg 450w, https:\/\/franciscanos.org.br\/noticias\/wp-content\/uploads\/2026\/02\/Quarta-Feira-de-Cinzas-18-02-2026-Frei-Paulo-Roberto-Pereira-62-768x512.jpg 768w, https:\/\/franciscanos.org.br\/noticias\/wp-content\/uploads\/2026\/02\/Quarta-Feira-de-Cinzas-18-02-2026-Frei-Paulo-Roberto-Pereira-62-1536x1024.jpg 1536w, https:\/\/franciscanos.org.br\/noticias\/wp-content\/uploads\/2026\/02\/Quarta-Feira-de-Cinzas-18-02-2026-Frei-Paulo-Roberto-Pereira-62-2048x1365.jpg 2048w, https:\/\/franciscanos.org.br\/noticias\/wp-content\/uploads\/2026\/02\/Quarta-Feira-de-Cinzas-18-02-2026-Frei-Paulo-Roberto-Pereira-62-150x100.jpg 150w, https:\/\/franciscanos.org.br\/noticias\/wp-content\/uploads\/2026\/02\/Quarta-Feira-de-Cinzas-18-02-2026-Frei-Paulo-Roberto-Pereira-62-scaled.jpg 1620w\" sizes=\"(max-width: 1024px) 100vw, 1024px\" \/><\/p>\n<p><strong>Imposi\u00e7\u00e3o das Cinzas<\/strong><\/p>\n<p>Ap\u00f3s a reflex\u00e3o, Frei Paulo Roberto aben\u00e7oou as Cinzas e na sequ\u00eancia, os ministros realizaram a Imposi\u00e7\u00e3o sobre a fronte dos fi\u00e9is. J\u00e1 na Ora\u00e7\u00e3o Eucar\u00edstica, durante a sauda\u00e7\u00e3o da paz, Frei Paulo convidou os presentes a repetirem &#8220;o amor de Cristo nos uniu&#8221;, uma express\u00e3o que muitas vezes \u00e9 apenas dita.<\/p>\n<p><img loading=\"lazy\" class=\"aligncenter wp-image-264306 size-large\" src=\"https:\/\/franciscanos.org.br\/noticias\/wp-content\/uploads\/2026\/02\/Quarta-Feira-de-Cinzas-18-02-2026-Frei-Paulo-Roberto-Pereira-2-1024x683.jpg\" alt=\"\" width=\"1024\" height=\"683\" srcset=\"https:\/\/franciscanos.org.br\/noticias\/wp-content\/uploads\/2026\/02\/Quarta-Feira-de-Cinzas-18-02-2026-Frei-Paulo-Roberto-Pereira-2-1024x683.jpg 1024w, https:\/\/franciscanos.org.br\/noticias\/wp-content\/uploads\/2026\/02\/Quarta-Feira-de-Cinzas-18-02-2026-Frei-Paulo-Roberto-Pereira-2-450x300.jpg 450w, https:\/\/franciscanos.org.br\/noticias\/wp-content\/uploads\/2026\/02\/Quarta-Feira-de-Cinzas-18-02-2026-Frei-Paulo-Roberto-Pereira-2-768x512.jpg 768w, https:\/\/franciscanos.org.br\/noticias\/wp-content\/uploads\/2026\/02\/Quarta-Feira-de-Cinzas-18-02-2026-Frei-Paulo-Roberto-Pereira-2-1536x1024.jpg 1536w, https:\/\/franciscanos.org.br\/noticias\/wp-content\/uploads\/2026\/02\/Quarta-Feira-de-Cinzas-18-02-2026-Frei-Paulo-Roberto-Pereira-2-2048x1365.jpg 2048w, https:\/\/franciscanos.org.br\/noticias\/wp-content\/uploads\/2026\/02\/Quarta-Feira-de-Cinzas-18-02-2026-Frei-Paulo-Roberto-Pereira-2-150x100.jpg 150w, https:\/\/franciscanos.org.br\/noticias\/wp-content\/uploads\/2026\/02\/Quarta-Feira-de-Cinzas-18-02-2026-Frei-Paulo-Roberto-Pereira-2-scaled.jpg 1620w\" sizes=\"(max-width: 1024px) 100vw, 1024px\" \/><\/p>\n\n\t\t<style type=\"text\/css\">\n\t\t\t#gallery-3 {\n\t\t\t\tmargin: auto;\n\t\t\t}\n\t\t\t#gallery-3 .gallery-item {\n\t\t\t\tfloat: left;\n\t\t\t\tmargin-top: 10px;\n\t\t\t\ttext-align: center;\n\t\t\t\twidth: 25%;\n\t\t\t}\n\t\t\t#gallery-3 img {\n\t\t\t\tborder: 2px solid #cfcfcf;\n\t\t\t}\n\t\t\t#gallery-3 .gallery-caption {\n\t\t\t\tmargin-left: 0;\n\t\t\t}\n\t\t\t\/* see gallery_shortcode() in wp-includes\/media.php *\/\n\t\t<\/style>\n\t\t<div id='gallery-3' class='gallery galleryid-264293 gallery-columns-4 gallery-size-thumbnail'><dl class='gallery-item'>\n\t\t\t<dt class='gallery-icon landscape'>\n\t\t\t\t<a href='https:\/\/franciscanos.org.br\/noticias\/wp-content\/uploads\/2026\/02\/Quarta-Feira-de-Cinzas-18-02-2026-Frei-Paulo-Roberto-Pereira-28-scaled.jpg'><img width=\"300\" height=\"300\" src=\"https:\/\/franciscanos.org.br\/noticias\/wp-content\/uploads\/2026\/02\/Quarta-Feira-de-Cinzas-18-02-2026-Frei-Paulo-Roberto-Pereira-28-300x300.jpg\" class=\"attachment-thumbnail size-thumbnail\" alt=\"\" loading=\"lazy\" srcset=\"https:\/\/franciscanos.org.br\/noticias\/wp-content\/uploads\/2026\/02\/Quarta-Feira-de-Cinzas-18-02-2026-Frei-Paulo-Roberto-Pereira-28-300x300.jpg 300w, https:\/\/franciscanos.org.br\/noticias\/wp-content\/uploads\/2026\/02\/Quarta-Feira-de-Cinzas-18-02-2026-Frei-Paulo-Roberto-Pereira-28-100x100.jpg 100w\" sizes=\"(max-width: 300px) 100vw, 300px\" \/><\/a>\n\t\t\t<\/dt><\/dl><dl class='gallery-item'>\n\t\t\t<dt class='gallery-icon landscape'>\n\t\t\t\t<a href='https:\/\/franciscanos.org.br\/noticias\/wp-content\/uploads\/2026\/02\/Quarta-Feira-de-Cinzas-18-02-2026-Frei-Paulo-Roberto-Pereira-29-scaled.jpg'><img width=\"300\" height=\"300\" src=\"https:\/\/franciscanos.org.br\/noticias\/wp-content\/uploads\/2026\/02\/Quarta-Feira-de-Cinzas-18-02-2026-Frei-Paulo-Roberto-Pereira-29-300x300.jpg\" class=\"attachment-thumbnail size-thumbnail\" alt=\"\" loading=\"lazy\" srcset=\"https:\/\/franciscanos.org.br\/noticias\/wp-content\/uploads\/2026\/02\/Quarta-Feira-de-Cinzas-18-02-2026-Frei-Paulo-Roberto-Pereira-29-300x300.jpg 300w, https:\/\/franciscanos.org.br\/noticias\/wp-content\/uploads\/2026\/02\/Quarta-Feira-de-Cinzas-18-02-2026-Frei-Paulo-Roberto-Pereira-29-100x100.jpg 100w\" sizes=\"(max-width: 300px) 100vw, 300px\" \/><\/a>\n\t\t\t<\/dt><\/dl><dl class='gallery-item'>\n\t\t\t<dt class='gallery-icon landscape'>\n\t\t\t\t<a href='https:\/\/franciscanos.org.br\/noticias\/wp-content\/uploads\/2026\/02\/Quarta-Feira-de-Cinzas-18-02-2026-Frei-Paulo-Roberto-Pereira-38-scaled.jpg'><img width=\"300\" height=\"300\" src=\"https:\/\/franciscanos.org.br\/noticias\/wp-content\/uploads\/2026\/02\/Quarta-Feira-de-Cinzas-18-02-2026-Frei-Paulo-Roberto-Pereira-38-300x300.jpg\" class=\"attachment-thumbnail size-thumbnail\" alt=\"\" loading=\"lazy\" srcset=\"https:\/\/franciscanos.org.br\/noticias\/wp-content\/uploads\/2026\/02\/Quarta-Feira-de-Cinzas-18-02-2026-Frei-Paulo-Roberto-Pereira-38-300x300.jpg 300w, https:\/\/franciscanos.org.br\/noticias\/wp-content\/uploads\/2026\/02\/Quarta-Feira-de-Cinzas-18-02-2026-Frei-Paulo-Roberto-Pereira-38-100x100.jpg 100w\" sizes=\"(max-width: 300px) 100vw, 300px\" \/><\/a>\n\t\t\t<\/dt><\/dl><dl class='gallery-item'>\n\t\t\t<dt class='gallery-icon landscape'>\n\t\t\t\t<a href='https:\/\/franciscanos.org.br\/noticias\/wp-content\/uploads\/2026\/02\/Quarta-Feira-de-Cinzas-18-02-2026-Frei-Paulo-Roberto-Pereira-50-scaled.jpg'><img width=\"300\" height=\"300\" src=\"https:\/\/franciscanos.org.br\/noticias\/wp-content\/uploads\/2026\/02\/Quarta-Feira-de-Cinzas-18-02-2026-Frei-Paulo-Roberto-Pereira-50-300x300.jpg\" class=\"attachment-thumbnail size-thumbnail\" alt=\"\" loading=\"lazy\" srcset=\"https:\/\/franciscanos.org.br\/noticias\/wp-content\/uploads\/2026\/02\/Quarta-Feira-de-Cinzas-18-02-2026-Frei-Paulo-Roberto-Pereira-50-300x300.jpg 300w, https:\/\/franciscanos.org.br\/noticias\/wp-content\/uploads\/2026\/02\/Quarta-Feira-de-Cinzas-18-02-2026-Frei-Paulo-Roberto-Pereira-50-100x100.jpg 100w\" sizes=\"(max-width: 300px) 100vw, 300px\" \/><\/a>\n\t\t\t<\/dt><\/dl><br style=\"clear: both\" \/><dl class='gallery-item'>\n\t\t\t<dt class='gallery-icon landscape'>\n\t\t\t\t<a href='https:\/\/franciscanos.org.br\/noticias\/wp-content\/uploads\/2026\/02\/Quarta-Feira-de-Cinzas-18-02-2026-Frei-Paulo-Roberto-Pereira-51-scaled.jpg'><img width=\"300\" height=\"300\" src=\"https:\/\/franciscanos.org.br\/noticias\/wp-content\/uploads\/2026\/02\/Quarta-Feira-de-Cinzas-18-02-2026-Frei-Paulo-Roberto-Pereira-51-300x300.jpg\" class=\"attachment-thumbnail size-thumbnail\" alt=\"\" loading=\"lazy\" srcset=\"https:\/\/franciscanos.org.br\/noticias\/wp-content\/uploads\/2026\/02\/Quarta-Feira-de-Cinzas-18-02-2026-Frei-Paulo-Roberto-Pereira-51-300x300.jpg 300w, https:\/\/franciscanos.org.br\/noticias\/wp-content\/uploads\/2026\/02\/Quarta-Feira-de-Cinzas-18-02-2026-Frei-Paulo-Roberto-Pereira-51-100x100.jpg 100w\" sizes=\"(max-width: 300px) 100vw, 300px\" \/><\/a>\n\t\t\t<\/dt><\/dl><dl class='gallery-item'>\n\t\t\t<dt class='gallery-icon landscape'>\n\t\t\t\t<a href='https:\/\/franciscanos.org.br\/noticias\/wp-content\/uploads\/2026\/02\/Quarta-Feira-de-Cinzas-18-02-2026-Frei-Paulo-Roberto-Pereira-58-scaled.jpg'><img width=\"300\" height=\"300\" src=\"https:\/\/franciscanos.org.br\/noticias\/wp-content\/uploads\/2026\/02\/Quarta-Feira-de-Cinzas-18-02-2026-Frei-Paulo-Roberto-Pereira-58-300x300.jpg\" class=\"attachment-thumbnail size-thumbnail\" alt=\"\" loading=\"lazy\" srcset=\"https:\/\/franciscanos.org.br\/noticias\/wp-content\/uploads\/2026\/02\/Quarta-Feira-de-Cinzas-18-02-2026-Frei-Paulo-Roberto-Pereira-58-300x300.jpg 300w, https:\/\/franciscanos.org.br\/noticias\/wp-content\/uploads\/2026\/02\/Quarta-Feira-de-Cinzas-18-02-2026-Frei-Paulo-Roberto-Pereira-58-100x100.jpg 100w\" sizes=\"(max-width: 300px) 100vw, 300px\" \/><\/a>\n\t\t\t<\/dt><\/dl><dl class='gallery-item'>\n\t\t\t<dt class='gallery-icon landscape'>\n\t\t\t\t<a href='https:\/\/franciscanos.org.br\/noticias\/wp-content\/uploads\/2026\/02\/Quarta-Feira-de-Cinzas-18-02-2026-Frei-Paulo-Roberto-Pereira-20-scaled.jpg'><img width=\"300\" height=\"300\" src=\"https:\/\/franciscanos.org.br\/noticias\/wp-content\/uploads\/2026\/02\/Quarta-Feira-de-Cinzas-18-02-2026-Frei-Paulo-Roberto-Pereira-20-300x300.jpg\" class=\"attachment-thumbnail size-thumbnail\" alt=\"\" loading=\"lazy\" srcset=\"https:\/\/franciscanos.org.br\/noticias\/wp-content\/uploads\/2026\/02\/Quarta-Feira-de-Cinzas-18-02-2026-Frei-Paulo-Roberto-Pereira-20-300x300.jpg 300w, https:\/\/franciscanos.org.br\/noticias\/wp-content\/uploads\/2026\/02\/Quarta-Feira-de-Cinzas-18-02-2026-Frei-Paulo-Roberto-Pereira-20-100x100.jpg 100w\" sizes=\"(max-width: 300px) 100vw, 300px\" \/><\/a>\n\t\t\t<\/dt><\/dl><dl class='gallery-item'>\n\t\t\t<dt class='gallery-icon landscape'>\n\t\t\t\t<a href='https:\/\/franciscanos.org.br\/noticias\/wp-content\/uploads\/2026\/02\/Quarta-Feira-de-Cinzas-18-02-2026-Frei-Paulo-Roberto-Pereira-33-scaled.jpg'><img width=\"300\" height=\"300\" src=\"https:\/\/franciscanos.org.br\/noticias\/wp-content\/uploads\/2026\/02\/Quarta-Feira-de-Cinzas-18-02-2026-Frei-Paulo-Roberto-Pereira-33-300x300.jpg\" class=\"attachment-thumbnail size-thumbnail\" alt=\"\" loading=\"lazy\" srcset=\"https:\/\/franciscanos.org.br\/noticias\/wp-content\/uploads\/2026\/02\/Quarta-Feira-de-Cinzas-18-02-2026-Frei-Paulo-Roberto-Pereira-33-300x300.jpg 300w, https:\/\/franciscanos.org.br\/noticias\/wp-content\/uploads\/2026\/02\/Quarta-Feira-de-Cinzas-18-02-2026-Frei-Paulo-Roberto-Pereira-33-100x100.jpg 100w\" sizes=\"(max-width: 300px) 100vw, 300px\" \/><\/a>\n\t\t\t<\/dt><\/dl><br style=\"clear: both\" \/><dl class='gallery-item'>\n\t\t\t<dt class='gallery-icon landscape'>\n\t\t\t\t<a href='https:\/\/franciscanos.org.br\/noticias\/wp-content\/uploads\/2026\/02\/Quarta-Feira-de-Cinzas-18-02-2026-Frei-Paulo-Roberto-Pereira-34-scaled.jpg'><img width=\"300\" height=\"300\" src=\"https:\/\/franciscanos.org.br\/noticias\/wp-content\/uploads\/2026\/02\/Quarta-Feira-de-Cinzas-18-02-2026-Frei-Paulo-Roberto-Pereira-34-300x300.jpg\" class=\"attachment-thumbnail size-thumbnail\" alt=\"\" loading=\"lazy\" srcset=\"https:\/\/franciscanos.org.br\/noticias\/wp-content\/uploads\/2026\/02\/Quarta-Feira-de-Cinzas-18-02-2026-Frei-Paulo-Roberto-Pereira-34-300x300.jpg 300w, https:\/\/franciscanos.org.br\/noticias\/wp-content\/uploads\/2026\/02\/Quarta-Feira-de-Cinzas-18-02-2026-Frei-Paulo-Roberto-Pereira-34-100x100.jpg 100w\" sizes=\"(max-width: 300px) 100vw, 300px\" \/><\/a>\n\t\t\t<\/dt><\/dl><dl class='gallery-item'>\n\t\t\t<dt class='gallery-icon landscape'>\n\t\t\t\t<a href='https:\/\/franciscanos.org.br\/noticias\/wp-content\/uploads\/2026\/02\/Quarta-Feira-de-Cinzas-18-02-2026-Frei-Paulo-Roberto-Pereira-36-scaled.jpg'><img width=\"300\" height=\"300\" src=\"https:\/\/franciscanos.org.br\/noticias\/wp-content\/uploads\/2026\/02\/Quarta-Feira-de-Cinzas-18-02-2026-Frei-Paulo-Roberto-Pereira-36-300x300.jpg\" class=\"attachment-thumbnail size-thumbnail\" alt=\"\" loading=\"lazy\" srcset=\"https:\/\/franciscanos.org.br\/noticias\/wp-content\/uploads\/2026\/02\/Quarta-Feira-de-Cinzas-18-02-2026-Frei-Paulo-Roberto-Pereira-36-300x300.jpg 300w, https:\/\/franciscanos.org.br\/noticias\/wp-content\/uploads\/2026\/02\/Quarta-Feira-de-Cinzas-18-02-2026-Frei-Paulo-Roberto-Pereira-36-100x100.jpg 100w\" sizes=\"(max-width: 300px) 100vw, 300px\" \/><\/a>\n\t\t\t<\/dt><\/dl><dl class='gallery-item'>\n\t\t\t<dt class='gallery-icon landscape'>\n\t\t\t\t<a href='https:\/\/franciscanos.org.br\/noticias\/wp-content\/uploads\/2026\/02\/Quarta-Feira-de-Cinzas-18-02-2026-Frei-Paulo-Roberto-Pereira-57-scaled.jpg'><img width=\"300\" height=\"300\" src=\"https:\/\/franciscanos.org.br\/noticias\/wp-content\/uploads\/2026\/02\/Quarta-Feira-de-Cinzas-18-02-2026-Frei-Paulo-Roberto-Pereira-57-300x300.jpg\" class=\"attachment-thumbnail size-thumbnail\" alt=\"\" loading=\"lazy\" srcset=\"https:\/\/franciscanos.org.br\/noticias\/wp-content\/uploads\/2026\/02\/Quarta-Feira-de-Cinzas-18-02-2026-Frei-Paulo-Roberto-Pereira-57-300x300.jpg 300w, https:\/\/franciscanos.org.br\/noticias\/wp-content\/uploads\/2026\/02\/Quarta-Feira-de-Cinzas-18-02-2026-Frei-Paulo-Roberto-Pereira-57-100x100.jpg 100w\" sizes=\"(max-width: 300px) 100vw, 300px\" \/><\/a>\n\t\t\t<\/dt><\/dl><dl class='gallery-item'>\n\t\t\t<dt class='gallery-icon landscape'>\n\t\t\t\t<a href='https:\/\/franciscanos.org.br\/noticias\/wp-content\/uploads\/2026\/02\/Quarta-Feira-de-Cinzas-18-02-2026-Frei-Paulo-Roberto-Pereira-3-scaled.jpg'><img width=\"300\" height=\"300\" src=\"https:\/\/franciscanos.org.br\/noticias\/wp-content\/uploads\/2026\/02\/Quarta-Feira-de-Cinzas-18-02-2026-Frei-Paulo-Roberto-Pereira-3-300x300.jpg\" class=\"attachment-thumbnail size-thumbnail\" alt=\"\" loading=\"lazy\" srcset=\"https:\/\/franciscanos.org.br\/noticias\/wp-content\/uploads\/2026\/02\/Quarta-Feira-de-Cinzas-18-02-2026-Frei-Paulo-Roberto-Pereira-3-300x300.jpg 300w, https:\/\/franciscanos.org.br\/noticias\/wp-content\/uploads\/2026\/02\/Quarta-Feira-de-Cinzas-18-02-2026-Frei-Paulo-Roberto-Pereira-3-100x100.jpg 100w\" sizes=\"(max-width: 300px) 100vw, 300px\" \/><\/a>\n\t\t\t<\/dt><\/dl><br style=\"clear: both\" \/>\n\t\t<\/div>\n\n<hr \/>\n<p><em>Por Cristian Oliveira (assessoria de comunica\u00e7\u00e3o do Convento da Penha)<\/em><\/p>\n","protected":false},"excerpt":{"rendered":"<p>Missa de Quarta-Feira de Cinzas<\/p>\n","protected":false},"author":15,"featured_media":264294,"comment_status":"open","ping_status":"open","sticky":false,"template":"","format":"standard","meta":[],"categories":[1],"tags":[],"acf":[],"yoast_head":"<!-- This site is optimized with the Yoast SEO plugin v19.2 - https:\/\/yoast.com\/wordpress\/plugins\/seo\/ -->\n<title>&quot;A reconcilia\u00e7\u00e3o tem o empenho humano, mas ela \u00e9, sobretudo, gra\u00e7a de Deus&quot; - Not\u00edcias - Franciscanos<\/title>\n<meta name=\"robots\" content=\"index, follow, max-snippet:-1, max-image-preview:large, max-video-preview:-1\" \/>\n<link rel=\"canonical\" href=\"https:\/\/franciscanos.org.br\/noticias\/a-reconciliacao-tem-o-empenho-humano-mas-ela-e-sobretudo-graca-de-deus.html\" \/>\n<meta property=\"og:locale\" content=\"pt_BR\" \/>\n<meta property=\"og:type\" content=\"article\" \/>\n<meta property=\"og:title\" content=\"&quot;A reconcilia\u00e7\u00e3o tem o empenho humano, mas ela \u00e9, sobretudo, gra\u00e7a de Deus&quot; - Not\u00edcias - Franciscanos\" \/>\n<meta property=\"og:description\" content=\"Missa de Quarta-Feira de Cinzas\" \/>\n<meta property=\"og:url\" content=\"https:\/\/franciscanos.org.br\/noticias\/a-reconciliacao-tem-o-empenho-humano-mas-ela-e-sobretudo-graca-de-deus.html\" \/>\n<meta property=\"og:site_name\" content=\"Not\u00edcias - Franciscanos\" \/>\n<meta property=\"article:published_time\" content=\"2026-02-20T11:10:23+00:00\" \/>\n<meta property=\"og:image\" content=\"https:\/\/franciscanos.org.br\/noticias\/wp-content\/uploads\/2026\/02\/Quarta-Feira-de-Cinzas-18-02-2026-Frei-Paulo-Roberto-Pereira-15-scaled.jpg\" \/>\n\t<meta property=\"og:image:width\" content=\"1620\" \/>\n\t<meta property=\"og:image:height\" content=\"1080\" \/>\n\t<meta property=\"og:image:type\" content=\"image\/jpeg\" \/>\n<meta name=\"author\" content=\"Guilherme Rocha\" \/>\n<meta name=\"twitter:card\" content=\"summary_large_image\" \/>\n<meta name=\"twitter:label1\" content=\"Escrito por\" \/>\n\t<meta name=\"twitter:data1\" content=\"Guilherme Rocha\" \/>\n\t<meta name=\"twitter:label2\" content=\"Est. tempo de leitura\" \/>\n\t<meta name=\"twitter:data2\" content=\"10 minutos\" \/>\n<script type=\"application\/ld+json\" class=\"yoast-schema-graph\">{\"@context\":\"https:\/\/schema.org\",\"@graph\":[{\"@type\":\"WebSite\",\"@id\":\"https:\/\/franciscanos.org.br\/noticias\/#website\",\"url\":\"https:\/\/franciscanos.org.br\/noticias\/\",\"name\":\"Not\u00edcias - Franciscanos\",\"description\":\"Prov\u00edncia Franciscana da Imaculada Concei\u00e7\u00e3o do Brasil - Ordem dos Frades Menores - OFM\",\"potentialAction\":[{\"@type\":\"SearchAction\",\"target\":{\"@type\":\"EntryPoint\",\"urlTemplate\":\"https:\/\/franciscanos.org.br\/noticias\/?s={search_term_string}\"},\"query-input\":\"required name=search_term_string\"}],\"inLanguage\":\"pt-BR\"},{\"@type\":\"ImageObject\",\"inLanguage\":\"pt-BR\",\"@id\":\"https:\/\/franciscanos.org.br\/noticias\/a-reconciliacao-tem-o-empenho-humano-mas-ela-e-sobretudo-graca-de-deus.html#primaryimage\",\"url\":\"https:\/\/franciscanos.org.br\/noticias\/wp-content\/uploads\/2026\/02\/Quarta-Feira-de-Cinzas-18-02-2026-Frei-Paulo-Roberto-Pereira-15-scaled.jpg\",\"contentUrl\":\"https:\/\/franciscanos.org.br\/noticias\/wp-content\/uploads\/2026\/02\/Quarta-Feira-de-Cinzas-18-02-2026-Frei-Paulo-Roberto-Pereira-15-scaled.jpg\",\"width\":1620,\"height\":1080},{\"@type\":\"WebPage\",\"@id\":\"https:\/\/franciscanos.org.br\/noticias\/a-reconciliacao-tem-o-empenho-humano-mas-ela-e-sobretudo-graca-de-deus.html#webpage\",\"url\":\"https:\/\/franciscanos.org.br\/noticias\/a-reconciliacao-tem-o-empenho-humano-mas-ela-e-sobretudo-graca-de-deus.html\",\"name\":\"\\\"A reconcilia\u00e7\u00e3o tem o empenho humano, mas ela \u00e9, sobretudo, gra\u00e7a de Deus\\\" - Not\u00edcias - Franciscanos\",\"isPartOf\":{\"@id\":\"https:\/\/franciscanos.org.br\/noticias\/#website\"},\"primaryImageOfPage\":{\"@id\":\"https:\/\/franciscanos.org.br\/noticias\/a-reconciliacao-tem-o-empenho-humano-mas-ela-e-sobretudo-graca-de-deus.html#primaryimage\"},\"datePublished\":\"2026-02-20T11:10:23+00:00\",\"dateModified\":\"2026-02-20T11:10:23+00:00\",\"author\":{\"@id\":\"https:\/\/franciscanos.org.br\/noticias\/#\/schema\/person\/69bb4cd273a2528548b63cccab4980a0\"},\"breadcrumb\":{\"@id\":\"https:\/\/franciscanos.org.br\/noticias\/a-reconciliacao-tem-o-empenho-humano-mas-ela-e-sobretudo-graca-de-deus.html#breadcrumb\"},\"inLanguage\":\"pt-BR\",\"potentialAction\":[{\"@type\":\"ReadAction\",\"target\":[\"https:\/\/franciscanos.org.br\/noticias\/a-reconciliacao-tem-o-empenho-humano-mas-ela-e-sobretudo-graca-de-deus.html\"]}]},{\"@type\":\"BreadcrumbList\",\"@id\":\"https:\/\/franciscanos.org.br\/noticias\/a-reconciliacao-tem-o-empenho-humano-mas-ela-e-sobretudo-graca-de-deus.html#breadcrumb\",\"itemListElement\":[{\"@type\":\"ListItem\",\"position\":1,\"name\":\"Home\",\"item\":\"https:\/\/franciscanos.org.br\/noticias\"},{\"@type\":\"ListItem\",\"position\":2,\"name\":\"&#8220;A reconcilia\u00e7\u00e3o tem o empenho humano, mas ela \u00e9, sobretudo, gra\u00e7a de Deus&#8221;\"}]},{\"@type\":\"Person\",\"@id\":\"https:\/\/franciscanos.org.br\/noticias\/#\/schema\/person\/69bb4cd273a2528548b63cccab4980a0\",\"name\":\"Guilherme Rocha\",\"image\":{\"@type\":\"ImageObject\",\"inLanguage\":\"pt-BR\",\"@id\":\"https:\/\/franciscanos.org.br\/noticias\/#\/schema\/person\/image\/\",\"url\":\"https:\/\/secure.gravatar.com\/avatar\/e480fee2377f81af36f6990ed742592a?s=96&d=mm&r=g\",\"contentUrl\":\"https:\/\/secure.gravatar.com\/avatar\/e480fee2377f81af36f6990ed742592a?s=96&d=mm&r=g\",\"caption\":\"Guilherme Rocha\"},\"url\":\"https:\/\/franciscanos.org.br\/noticias\/author\/guilhermerocha\"}]}<\/script>\n<!-- \/ Yoast SEO plugin. -->","yoast_head_json":{"title":"\"A reconcilia\u00e7\u00e3o tem o empenho humano, mas ela \u00e9, sobretudo, gra\u00e7a de Deus\" - Not\u00edcias - Franciscanos","robots":{"index":"index","follow":"follow","max-snippet":"max-snippet:-1","max-image-preview":"max-image-preview:large","max-video-preview":"max-video-preview:-1"},"canonical":"https:\/\/franciscanos.org.br\/noticias\/a-reconciliacao-tem-o-empenho-humano-mas-ela-e-sobretudo-graca-de-deus.html","og_locale":"pt_BR","og_type":"article","og_title":"\"A reconcilia\u00e7\u00e3o tem o empenho humano, mas ela \u00e9, sobretudo, gra\u00e7a de Deus\" - Not\u00edcias - Franciscanos","og_description":"Missa de Quarta-Feira de Cinzas","og_url":"https:\/\/franciscanos.org.br\/noticias\/a-reconciliacao-tem-o-empenho-humano-mas-ela-e-sobretudo-graca-de-deus.html","og_site_name":"Not\u00edcias - Franciscanos","article_published_time":"2026-02-20T11:10:23+00:00","og_image":[{"width":1620,"height":1080,"url":"https:\/\/franciscanos.org.br\/noticias\/wp-content\/uploads\/2026\/02\/Quarta-Feira-de-Cinzas-18-02-2026-Frei-Paulo-Roberto-Pereira-15-scaled.jpg","type":"image\/jpeg"}],"author":"Guilherme Rocha","twitter_card":"summary_large_image","twitter_misc":{"Escrito por":"Guilherme Rocha","Est. tempo de leitura":"10 minutos"},"schema":{"@context":"https:\/\/schema.org","@graph":[{"@type":"WebSite","@id":"https:\/\/franciscanos.org.br\/noticias\/#website","url":"https:\/\/franciscanos.org.br\/noticias\/","name":"Not\u00edcias - Franciscanos","description":"Prov\u00edncia Franciscana da Imaculada Concei\u00e7\u00e3o do Brasil - Ordem dos Frades Menores - OFM","potentialAction":[{"@type":"SearchAction","target":{"@type":"EntryPoint","urlTemplate":"https:\/\/franciscanos.org.br\/noticias\/?s={search_term_string}"},"query-input":"required name=search_term_string"}],"inLanguage":"pt-BR"},{"@type":"ImageObject","inLanguage":"pt-BR","@id":"https:\/\/franciscanos.org.br\/noticias\/a-reconciliacao-tem-o-empenho-humano-mas-ela-e-sobretudo-graca-de-deus.html#primaryimage","url":"https:\/\/franciscanos.org.br\/noticias\/wp-content\/uploads\/2026\/02\/Quarta-Feira-de-Cinzas-18-02-2026-Frei-Paulo-Roberto-Pereira-15-scaled.jpg","contentUrl":"https:\/\/franciscanos.org.br\/noticias\/wp-content\/uploads\/2026\/02\/Quarta-Feira-de-Cinzas-18-02-2026-Frei-Paulo-Roberto-Pereira-15-scaled.jpg","width":1620,"height":1080},{"@type":"WebPage","@id":"https:\/\/franciscanos.org.br\/noticias\/a-reconciliacao-tem-o-empenho-humano-mas-ela-e-sobretudo-graca-de-deus.html#webpage","url":"https:\/\/franciscanos.org.br\/noticias\/a-reconciliacao-tem-o-empenho-humano-mas-ela-e-sobretudo-graca-de-deus.html","name":"\"A reconcilia\u00e7\u00e3o tem o empenho humano, mas ela \u00e9, sobretudo, gra\u00e7a de Deus\" - Not\u00edcias - Franciscanos","isPartOf":{"@id":"https:\/\/franciscanos.org.br\/noticias\/#website"},"primaryImageOfPage":{"@id":"https:\/\/franciscanos.org.br\/noticias\/a-reconciliacao-tem-o-empenho-humano-mas-ela-e-sobretudo-graca-de-deus.html#primaryimage"},"datePublished":"2026-02-20T11:10:23+00:00","dateModified":"2026-02-20T11:10:23+00:00","author":{"@id":"https:\/\/franciscanos.org.br\/noticias\/#\/schema\/person\/69bb4cd273a2528548b63cccab4980a0"},"breadcrumb":{"@id":"https:\/\/franciscanos.org.br\/noticias\/a-reconciliacao-tem-o-empenho-humano-mas-ela-e-sobretudo-graca-de-deus.html#breadcrumb"},"inLanguage":"pt-BR","potentialAction":[{"@type":"ReadAction","target":["https:\/\/franciscanos.org.br\/noticias\/a-reconciliacao-tem-o-empenho-humano-mas-ela-e-sobretudo-graca-de-deus.html"]}]},{"@type":"BreadcrumbList","@id":"https:\/\/franciscanos.org.br\/noticias\/a-reconciliacao-tem-o-empenho-humano-mas-ela-e-sobretudo-graca-de-deus.html#breadcrumb","itemListElement":[{"@type":"ListItem","position":1,"name":"Home","item":"https:\/\/franciscanos.org.br\/noticias"},{"@type":"ListItem","position":2,"name":"&#8220;A reconcilia\u00e7\u00e3o tem o empenho humano, mas ela \u00e9, sobretudo, gra\u00e7a de Deus&#8221;"}]},{"@type":"Person","@id":"https:\/\/franciscanos.org.br\/noticias\/#\/schema\/person\/69bb4cd273a2528548b63cccab4980a0","name":"Guilherme Rocha","image":{"@type":"ImageObject","inLanguage":"pt-BR","@id":"https:\/\/franciscanos.org.br\/noticias\/#\/schema\/person\/image\/","url":"https:\/\/secure.gravatar.com\/avatar\/e480fee2377f81af36f6990ed742592a?s=96&d=mm&r=g","contentUrl":"https:\/\/secure.gravatar.com\/avatar\/e480fee2377f81af36f6990ed742592a?s=96&d=mm&r=g","caption":"Guilherme Rocha"},"url":"https:\/\/franciscanos.org.br\/noticias\/author\/guilhermerocha"}]}},"_links":{"self":[{"href":"https:\/\/franciscanos.org.br\/noticias\/wp-json\/wp\/v2\/posts\/264293"}],"collection":[{"href":"https:\/\/franciscanos.org.br\/noticias\/wp-json\/wp\/v2\/posts"}],"about":[{"href":"https:\/\/franciscanos.org.br\/noticias\/wp-json\/wp\/v2\/types\/post"}],"author":[{"embeddable":true,"href":"https:\/\/franciscanos.org.br\/noticias\/wp-json\/wp\/v2\/users\/15"}],"replies":[{"embeddable":true,"href":"https:\/\/franciscanos.org.br\/noticias\/wp-json\/wp\/v2\/comments?post=264293"}],"version-history":[{"count":4,"href":"https:\/\/franciscanos.org.br\/noticias\/wp-json\/wp\/v2\/posts\/264293\/revisions"}],"predecessor-version":[{"id":264321,"href":"https:\/\/franciscanos.org.br\/noticias\/wp-json\/wp\/v2\/posts\/264293\/revisions\/264321"}],"wp:featuredmedia":[{"embeddable":true,"href":"https:\/\/franciscanos.org.br\/noticias\/wp-json\/wp\/v2\/media\/264294"}],"wp:attachment":[{"href":"https:\/\/franciscanos.org.br\/noticias\/wp-json\/wp\/v2\/media?parent=264293"}],"wp:term":[{"taxonomy":"category","embeddable":true,"href":"https:\/\/franciscanos.org.br\/noticias\/wp-json\/wp\/v2\/categories?post=264293"},{"taxonomy":"post_tag","embeddable":true,"href":"https:\/\/franciscanos.org.br\/noticias\/wp-json\/wp\/v2\/tags?post=264293"}],"curies":[{"name":"wp","href":"https:\/\/api.w.org\/{rel}","templated":true}]}}