{"id":264289,"date":"2026-02-19T16:05:21","date_gmt":"2026-02-19T19:05:21","guid":{"rendered":"https:\/\/franciscanos.org.br\/noticias\/?p=264289"},"modified":"2026-02-19T16:05:21","modified_gmt":"2026-02-19T19:05:21","slug":"cnbb-apresenta-a-campanha-da-fraternidade-2026","status":"publish","type":"post","link":"https:\/\/franciscanos.org.br\/noticias\/cnbb-apresenta-a-campanha-da-fraternidade-2026.html","title":{"rendered":"CNBB apresenta a Campanha da Fraternidade 2026"},"content":{"rendered":"<p><img loading=\"lazy\" class=\"aligncenter wp-image-264290 size-full\" src=\"https:\/\/franciscanos.org.br\/noticias\/wp-content\/uploads\/2026\/02\/55101927322_744d93e1d5_c-768x512-1.jpg\" alt=\"\" width=\"768\" height=\"512\" srcset=\"https:\/\/franciscanos.org.br\/noticias\/wp-content\/uploads\/2026\/02\/55101927322_744d93e1d5_c-768x512-1.jpg 768w, https:\/\/franciscanos.org.br\/noticias\/wp-content\/uploads\/2026\/02\/55101927322_744d93e1d5_c-768x512-1-450x300.jpg 450w, https:\/\/franciscanos.org.br\/noticias\/wp-content\/uploads\/2026\/02\/55101927322_744d93e1d5_c-768x512-1-150x100.jpg 150w\" sizes=\"(max-width: 768px) 100vw, 768px\" \/><\/p>\n<p><span style=\"font-weight: 400;\">A Confer\u00eancia Nacional dos Bispos do Brasil (CNBB) realizou ontem (18), em Bras\u00edlia (DF), o lan\u00e7amento oficial da Campanha da Fraternidade 2026. Com o tema \u201cFraternidade e Moradia\u201d e o lema \u201cEle veio morar entre n\u00f3s\u201d (Jo 1,14), a iniciativa prop\u00f5e \u00e0 Igreja e \u00e0 sociedade uma profunda reflex\u00e3o sobre o direito \u00e0 moradia digna como express\u00e3o fundamental da dignidade humana.<\/span><\/p>\n<p><span style=\"font-weight: 400;\">A programa\u00e7\u00e3o teve in\u00edcio com a celebra\u00e7\u00e3o da Eucaristia, na Capela Nossa Senhora Aparecida, presidida pelo secret\u00e1rio-geral da CNBB, dom Ricardo Hoepers. Em seguida, no Audit\u00f3rio Dom Helder C\u00e2mara, aconteceu a cerim\u00f4nia oficial de abertura, marcada por momentos de ora\u00e7\u00e3o, apresenta\u00e7\u00e3o do hino da campanha e pronunciamentos que destacaram o car\u00e1ter pastoral e social da proposta para este ano.<\/span><\/p>\n<p><span style=\"font-weight: 400;\">Em sua reflex\u00e3o, dom Ricardo Hoepers ressaltou que a Campanha da Fraternidade prop\u00f5e uma convers\u00e3o integral, ou seja, pessoal, comunit\u00e1ria e social. Segundo ele, a moradia n\u00e3o pode ser tratada como privil\u00e9gio, mas como condi\u00e7\u00e3o b\u00e1sica para o exerc\u00edcio pleno da cidadania.<\/span> <span style=\"font-weight: 400;\">Ao alertar para a naturaliza\u00e7\u00e3o da precariedade habitacional, o bispo destacou que a f\u00e9 crist\u00e3 exige compromisso com a transforma\u00e7\u00e3o da realidade, unindo espiritualidade e responsabilidade hist\u00f3rica.<\/span><\/p>\n<p><span style=\"font-weight: 400;\">Dom Ricardo sublinhou ainda que pol\u00edticas p\u00fablicas eficazes na \u00e1rea da habita\u00e7\u00e3o s\u00e3o dever do Estado, enquanto a sociedade e a Igreja s\u00e3o chamadas a colaborar na constru\u00e7\u00e3o de uma cultura do cuidado, da solidariedade e da justi\u00e7a social. Nesse sentido, convidou autoridades p\u00fablicas, universidades, movimentos sociais, organiza\u00e7\u00f5es civis e comunidades eclesiais a se unirem em favor da promo\u00e7\u00e3o da moradia digna, lembrando que este n\u00e3o \u00e9 um tema ideol\u00f3gico, mas profundamente humano.<\/span><\/p>\n<p><span style=\"font-weight: 400;\">Ao apresentar as propostas pr\u00e1ticas da Campanha, padre Jean Poul destacou cinco eixos fundamentais: assumir a Campanha nas comunidades, intensificar a ora\u00e7\u00e3o, praticar o jejum solid\u00e1rio, fortalecer a a\u00e7\u00e3o sociopol\u00edtica e participar da Coleta Nacional da Solidariedade, que ocorrer\u00e1 no Domingo de Ramos, 29 de mar\u00e7o. Os recursos arrecadados ser\u00e3o destinados aos Fundos Diocesano e Nacional de Solidariedade, apoiando projetos sociais em diversas regi\u00f5es do pa\u00eds.<\/span><\/p>\n<p><img loading=\"lazy\" class=\"aligncenter wp-image-264291 size-full\" src=\"https:\/\/franciscanos.org.br\/noticias\/wp-content\/uploads\/2026\/02\/55103073799_3de58f0b7a_c-768x512-1.jpg\" alt=\"\" width=\"768\" height=\"512\" srcset=\"https:\/\/franciscanos.org.br\/noticias\/wp-content\/uploads\/2026\/02\/55103073799_3de58f0b7a_c-768x512-1.jpg 768w, https:\/\/franciscanos.org.br\/noticias\/wp-content\/uploads\/2026\/02\/55103073799_3de58f0b7a_c-768x512-1-450x300.jpg 450w, https:\/\/franciscanos.org.br\/noticias\/wp-content\/uploads\/2026\/02\/55103073799_3de58f0b7a_c-768x512-1-150x100.jpg 150w\" sizes=\"(max-width: 768px) 100vw, 768px\" \/><\/p>\n<p><span style=\"font-weight: 400;\">O encerramento do evento contou com a fixa\u00e7\u00e3o do cartaz da CF 2026 na galeria hist\u00f3rica das Campanhas da Fraternidade, gesto simb\u00f3lico que marcou a integra\u00e7\u00e3o da nova edi\u00e7\u00e3o \u00e0 mem\u00f3ria viva dessa iniciativa. Os participantes tamb\u00e9m visitaram a exposi\u00e7\u00e3o \u201cCaminhos da Fraternidade\u201d, que apresentou projetos apoiados nos \u00faltimos anos, evidenciando os frutos concretos do compromisso solid\u00e1rio em todo o pa\u00eds.<\/span><\/p>\n<p><a href=\"https:\/\/www.cnbb.org.br\/ele-veio-morar-entre-nos-cnbb-abre-campanha-da-fraternidade-2026-com-foco-na-dignidade-da-moradia\/\"><span style=\"font-weight: 400;\">Clique aqui para acessar a not\u00edcia na \u00edntegra no site da CNBB<\/span><\/a><\/p>\n<p><b>Campanha da Fraternidade 2026<\/b><\/p>\n<p>Todos os anos, somos chamados a viver a Quaresma como um tempo de convers\u00e3o pessoal e comunit\u00e1ria atrav\u00e9s da Campanha da Fraternidade (CF). Mais do que uma a\u00e7\u00e3o pontual, a CF \u00e9 express\u00e3o viva da miss\u00e3o evangelizadora da Igreja, comprometendo-se com a transforma\u00e7\u00e3o social, especialmente em favor dos mais vulner\u00e1veis.<\/p>\n<p>Em 2026, a Campanha da Fraternidade traz como tema \u201cFraternidade e Moradia\u201d e como lema \u201cEle veio morar entre n\u00f3s\u201d (Jo 1,14). Inspirada no mist\u00e9rio da Encarna\u00e7\u00e3o, a campanha convida toda a sociedade a refletir sobre a realidade da moradia no Brasil, marcada por profundas desigualdades. A falta de um teto digno n\u00e3o \u00e9 apenas uma car\u00eancia material, mas um sinal da exclus\u00e3o social que atinge milh\u00f5es de pessoas.<\/p>\n<p><a href=\"https:\/\/campanhadafraternidade.com.br\/\">Clique aqui para saber mais sobre a Campanha da Fraternidade 2026<\/a><\/p>\n<p><img loading=\"lazy\" class=\"aligncenter wp-image-264189 size-full\" src=\"https:\/\/franciscanos.org.br\/noticias\/wp-content\/uploads\/2026\/02\/BANNER-CAMPANHA-FRATERNIDADE-750x375-1.png\" alt=\"\" width=\"750\" height=\"375\" srcset=\"https:\/\/franciscanos.org.br\/noticias\/wp-content\/uploads\/2026\/02\/BANNER-CAMPANHA-FRATERNIDADE-750x375-1.png 750w, https:\/\/franciscanos.org.br\/noticias\/wp-content\/uploads\/2026\/02\/BANNER-CAMPANHA-FRATERNIDADE-750x375-1-450x225.png 450w, https:\/\/franciscanos.org.br\/noticias\/wp-content\/uploads\/2026\/02\/BANNER-CAMPANHA-FRATERNIDADE-750x375-1-150x75.png 150w\" sizes=\"(max-width: 750px) 100vw, 750px\" \/><\/p>\n<hr \/>\n<p><em>Por Guilherme Coutinho <span style=\"font-weight: 400;\">(com informa\u00e7\u00f5es e fotos da CNBB)<\/span><\/em><\/p>\n","protected":false},"excerpt":{"rendered":"<p>Campanha da Fraternidade 2026<\/p>\n","protected":false},"author":15,"featured_media":264290,"comment_status":"open","ping_status":"open","sticky":false,"template":"","format":"standard","meta":[],"categories":[1],"tags":[],"acf":[],"yoast_head":"<!-- This site is optimized with the Yoast SEO plugin v19.2 - https:\/\/yoast.com\/wordpress\/plugins\/seo\/ -->\n<title>CNBB apresenta a Campanha da Fraternidade 2026 - Not\u00edcias - Franciscanos<\/title>\n<meta name=\"robots\" content=\"index, follow, max-snippet:-1, max-image-preview:large, max-video-preview:-1\" \/>\n<link rel=\"canonical\" href=\"https:\/\/franciscanos.org.br\/noticias\/cnbb-apresenta-a-campanha-da-fraternidade-2026.html\" \/>\n<meta property=\"og:locale\" content=\"pt_BR\" \/>\n<meta property=\"og:type\" content=\"article\" \/>\n<meta property=\"og:title\" content=\"CNBB apresenta a Campanha da Fraternidade 2026 - Not\u00edcias - Franciscanos\" \/>\n<meta property=\"og:description\" content=\"Campanha da Fraternidade 2026\" \/>\n<meta property=\"og:url\" content=\"https:\/\/franciscanos.org.br\/noticias\/cnbb-apresenta-a-campanha-da-fraternidade-2026.html\" \/>\n<meta property=\"og:site_name\" content=\"Not\u00edcias - Franciscanos\" \/>\n<meta property=\"article:published_time\" content=\"2026-02-19T19:05:21+00:00\" \/>\n<meta property=\"og:image\" content=\"https:\/\/franciscanos.org.br\/noticias\/wp-content\/uploads\/2026\/02\/55101927322_744d93e1d5_c-768x512-1.jpg\" \/>\n\t<meta property=\"og:image:width\" content=\"768\" \/>\n\t<meta property=\"og:image:height\" content=\"512\" \/>\n\t<meta property=\"og:image:type\" content=\"image\/jpeg\" \/>\n<meta name=\"author\" content=\"Guilherme Rocha\" \/>\n<meta name=\"twitter:card\" content=\"summary_large_image\" \/>\n<meta name=\"twitter:label1\" content=\"Escrito por\" \/>\n\t<meta name=\"twitter:data1\" content=\"Guilherme Rocha\" \/>\n\t<meta name=\"twitter:label2\" content=\"Est. tempo de leitura\" \/>\n\t<meta name=\"twitter:data2\" content=\"3 minutos\" \/>\n<script type=\"application\/ld+json\" class=\"yoast-schema-graph\">{\"@context\":\"https:\/\/schema.org\",\"@graph\":[{\"@type\":\"WebSite\",\"@id\":\"https:\/\/franciscanos.org.br\/noticias\/#website\",\"url\":\"https:\/\/franciscanos.org.br\/noticias\/\",\"name\":\"Not\u00edcias - Franciscanos\",\"description\":\"Prov\u00edncia Franciscana da Imaculada Concei\u00e7\u00e3o do Brasil - Ordem dos Frades Menores - OFM\",\"potentialAction\":[{\"@type\":\"SearchAction\",\"target\":{\"@type\":\"EntryPoint\",\"urlTemplate\":\"https:\/\/franciscanos.org.br\/noticias\/?s={search_term_string}\"},\"query-input\":\"required name=search_term_string\"}],\"inLanguage\":\"pt-BR\"},{\"@type\":\"ImageObject\",\"inLanguage\":\"pt-BR\",\"@id\":\"https:\/\/franciscanos.org.br\/noticias\/cnbb-apresenta-a-campanha-da-fraternidade-2026.html#primaryimage\",\"url\":\"https:\/\/franciscanos.org.br\/noticias\/wp-content\/uploads\/2026\/02\/55101927322_744d93e1d5_c-768x512-1.jpg\",\"contentUrl\":\"https:\/\/franciscanos.org.br\/noticias\/wp-content\/uploads\/2026\/02\/55101927322_744d93e1d5_c-768x512-1.jpg\",\"width\":768,\"height\":512},{\"@type\":\"WebPage\",\"@id\":\"https:\/\/franciscanos.org.br\/noticias\/cnbb-apresenta-a-campanha-da-fraternidade-2026.html#webpage\",\"url\":\"https:\/\/franciscanos.org.br\/noticias\/cnbb-apresenta-a-campanha-da-fraternidade-2026.html\",\"name\":\"CNBB apresenta a Campanha da Fraternidade 2026 - Not\u00edcias - Franciscanos\",\"isPartOf\":{\"@id\":\"https:\/\/franciscanos.org.br\/noticias\/#website\"},\"primaryImageOfPage\":{\"@id\":\"https:\/\/franciscanos.org.br\/noticias\/cnbb-apresenta-a-campanha-da-fraternidade-2026.html#primaryimage\"},\"datePublished\":\"2026-02-19T19:05:21+00:00\",\"dateModified\":\"2026-02-19T19:05:21+00:00\",\"author\":{\"@id\":\"https:\/\/franciscanos.org.br\/noticias\/#\/schema\/person\/69bb4cd273a2528548b63cccab4980a0\"},\"breadcrumb\":{\"@id\":\"https:\/\/franciscanos.org.br\/noticias\/cnbb-apresenta-a-campanha-da-fraternidade-2026.html#breadcrumb\"},\"inLanguage\":\"pt-BR\",\"potentialAction\":[{\"@type\":\"ReadAction\",\"target\":[\"https:\/\/franciscanos.org.br\/noticias\/cnbb-apresenta-a-campanha-da-fraternidade-2026.html\"]}]},{\"@type\":\"BreadcrumbList\",\"@id\":\"https:\/\/franciscanos.org.br\/noticias\/cnbb-apresenta-a-campanha-da-fraternidade-2026.html#breadcrumb\",\"itemListElement\":[{\"@type\":\"ListItem\",\"position\":1,\"name\":\"Home\",\"item\":\"https:\/\/franciscanos.org.br\/noticias\"},{\"@type\":\"ListItem\",\"position\":2,\"name\":\"CNBB apresenta a Campanha da Fraternidade 2026\"}]},{\"@type\":\"Person\",\"@id\":\"https:\/\/franciscanos.org.br\/noticias\/#\/schema\/person\/69bb4cd273a2528548b63cccab4980a0\",\"name\":\"Guilherme Rocha\",\"image\":{\"@type\":\"ImageObject\",\"inLanguage\":\"pt-BR\",\"@id\":\"https:\/\/franciscanos.org.br\/noticias\/#\/schema\/person\/image\/\",\"url\":\"https:\/\/secure.gravatar.com\/avatar\/e480fee2377f81af36f6990ed742592a?s=96&d=mm&r=g\",\"contentUrl\":\"https:\/\/secure.gravatar.com\/avatar\/e480fee2377f81af36f6990ed742592a?s=96&d=mm&r=g\",\"caption\":\"Guilherme Rocha\"},\"url\":\"https:\/\/franciscanos.org.br\/noticias\/author\/guilhermerocha\"}]}<\/script>\n<!-- \/ Yoast SEO plugin. -->","yoast_head_json":{"title":"CNBB apresenta a Campanha da Fraternidade 2026 - Not\u00edcias - Franciscanos","robots":{"index":"index","follow":"follow","max-snippet":"max-snippet:-1","max-image-preview":"max-image-preview:large","max-video-preview":"max-video-preview:-1"},"canonical":"https:\/\/franciscanos.org.br\/noticias\/cnbb-apresenta-a-campanha-da-fraternidade-2026.html","og_locale":"pt_BR","og_type":"article","og_title":"CNBB apresenta a Campanha da Fraternidade 2026 - Not\u00edcias - Franciscanos","og_description":"Campanha da Fraternidade 2026","og_url":"https:\/\/franciscanos.org.br\/noticias\/cnbb-apresenta-a-campanha-da-fraternidade-2026.html","og_site_name":"Not\u00edcias - Franciscanos","article_published_time":"2026-02-19T19:05:21+00:00","og_image":[{"width":768,"height":512,"url":"https:\/\/franciscanos.org.br\/noticias\/wp-content\/uploads\/2026\/02\/55101927322_744d93e1d5_c-768x512-1.jpg","type":"image\/jpeg"}],"author":"Guilherme Rocha","twitter_card":"summary_large_image","twitter_misc":{"Escrito por":"Guilherme Rocha","Est. tempo de leitura":"3 minutos"},"schema":{"@context":"https:\/\/schema.org","@graph":[{"@type":"WebSite","@id":"https:\/\/franciscanos.org.br\/noticias\/#website","url":"https:\/\/franciscanos.org.br\/noticias\/","name":"Not\u00edcias - Franciscanos","description":"Prov\u00edncia Franciscana da Imaculada Concei\u00e7\u00e3o do Brasil - Ordem dos Frades Menores - OFM","potentialAction":[{"@type":"SearchAction","target":{"@type":"EntryPoint","urlTemplate":"https:\/\/franciscanos.org.br\/noticias\/?s={search_term_string}"},"query-input":"required name=search_term_string"}],"inLanguage":"pt-BR"},{"@type":"ImageObject","inLanguage":"pt-BR","@id":"https:\/\/franciscanos.org.br\/noticias\/cnbb-apresenta-a-campanha-da-fraternidade-2026.html#primaryimage","url":"https:\/\/franciscanos.org.br\/noticias\/wp-content\/uploads\/2026\/02\/55101927322_744d93e1d5_c-768x512-1.jpg","contentUrl":"https:\/\/franciscanos.org.br\/noticias\/wp-content\/uploads\/2026\/02\/55101927322_744d93e1d5_c-768x512-1.jpg","width":768,"height":512},{"@type":"WebPage","@id":"https:\/\/franciscanos.org.br\/noticias\/cnbb-apresenta-a-campanha-da-fraternidade-2026.html#webpage","url":"https:\/\/franciscanos.org.br\/noticias\/cnbb-apresenta-a-campanha-da-fraternidade-2026.html","name":"CNBB apresenta a Campanha da Fraternidade 2026 - Not\u00edcias - Franciscanos","isPartOf":{"@id":"https:\/\/franciscanos.org.br\/noticias\/#website"},"primaryImageOfPage":{"@id":"https:\/\/franciscanos.org.br\/noticias\/cnbb-apresenta-a-campanha-da-fraternidade-2026.html#primaryimage"},"datePublished":"2026-02-19T19:05:21+00:00","dateModified":"2026-02-19T19:05:21+00:00","author":{"@id":"https:\/\/franciscanos.org.br\/noticias\/#\/schema\/person\/69bb4cd273a2528548b63cccab4980a0"},"breadcrumb":{"@id":"https:\/\/franciscanos.org.br\/noticias\/cnbb-apresenta-a-campanha-da-fraternidade-2026.html#breadcrumb"},"inLanguage":"pt-BR","potentialAction":[{"@type":"ReadAction","target":["https:\/\/franciscanos.org.br\/noticias\/cnbb-apresenta-a-campanha-da-fraternidade-2026.html"]}]},{"@type":"BreadcrumbList","@id":"https:\/\/franciscanos.org.br\/noticias\/cnbb-apresenta-a-campanha-da-fraternidade-2026.html#breadcrumb","itemListElement":[{"@type":"ListItem","position":1,"name":"Home","item":"https:\/\/franciscanos.org.br\/noticias"},{"@type":"ListItem","position":2,"name":"CNBB apresenta a Campanha da Fraternidade 2026"}]},{"@type":"Person","@id":"https:\/\/franciscanos.org.br\/noticias\/#\/schema\/person\/69bb4cd273a2528548b63cccab4980a0","name":"Guilherme Rocha","image":{"@type":"ImageObject","inLanguage":"pt-BR","@id":"https:\/\/franciscanos.org.br\/noticias\/#\/schema\/person\/image\/","url":"https:\/\/secure.gravatar.com\/avatar\/e480fee2377f81af36f6990ed742592a?s=96&d=mm&r=g","contentUrl":"https:\/\/secure.gravatar.com\/avatar\/e480fee2377f81af36f6990ed742592a?s=96&d=mm&r=g","caption":"Guilherme Rocha"},"url":"https:\/\/franciscanos.org.br\/noticias\/author\/guilhermerocha"}]}},"_links":{"self":[{"href":"https:\/\/franciscanos.org.br\/noticias\/wp-json\/wp\/v2\/posts\/264289"}],"collection":[{"href":"https:\/\/franciscanos.org.br\/noticias\/wp-json\/wp\/v2\/posts"}],"about":[{"href":"https:\/\/franciscanos.org.br\/noticias\/wp-json\/wp\/v2\/types\/post"}],"author":[{"embeddable":true,"href":"https:\/\/franciscanos.org.br\/noticias\/wp-json\/wp\/v2\/users\/15"}],"replies":[{"embeddable":true,"href":"https:\/\/franciscanos.org.br\/noticias\/wp-json\/wp\/v2\/comments?post=264289"}],"version-history":[{"count":1,"href":"https:\/\/franciscanos.org.br\/noticias\/wp-json\/wp\/v2\/posts\/264289\/revisions"}],"predecessor-version":[{"id":264292,"href":"https:\/\/franciscanos.org.br\/noticias\/wp-json\/wp\/v2\/posts\/264289\/revisions\/264292"}],"wp:featuredmedia":[{"embeddable":true,"href":"https:\/\/franciscanos.org.br\/noticias\/wp-json\/wp\/v2\/media\/264290"}],"wp:attachment":[{"href":"https:\/\/franciscanos.org.br\/noticias\/wp-json\/wp\/v2\/media?parent=264289"}],"wp:term":[{"taxonomy":"category","embeddable":true,"href":"https:\/\/franciscanos.org.br\/noticias\/wp-json\/wp\/v2\/categories?post=264289"},{"taxonomy":"post_tag","embeddable":true,"href":"https:\/\/franciscanos.org.br\/noticias\/wp-json\/wp\/v2\/tags?post=264289"}],"curies":[{"name":"wp","href":"https:\/\/api.w.org\/{rel}","templated":true}]}}