{"id":264098,"date":"2026-02-10T09:21:22","date_gmt":"2026-02-10T12:21:22","guid":{"rendered":"https:\/\/franciscanos.org.br\/noticias\/?p=264098"},"modified":"2026-02-12T10:24:43","modified_gmt":"2026-02-12T13:24:43","slug":"formacao-para-a-cf-2026-reune-liderancas-frades-e-comunidade-no-santuario-sao-francisco-de-assis","status":"publish","type":"post","link":"https:\/\/franciscanos.org.br\/noticias\/formacao-para-a-cf-2026-reune-liderancas-frades-e-comunidade-no-santuario-sao-francisco-de-assis.html","title":{"rendered":"Forma\u00e7\u00e3o para a CF 2026 re\u00fane lideran\u00e7as, frades e comunidade no Santu\u00e1rio S\u00e3o Francisco de Assis"},"content":{"rendered":"<p><img loading=\"lazy\" class=\"aligncenter wp-image-264099 size-large\" src=\"https:\/\/franciscanos.org.br\/noticias\/wp-content\/uploads\/2026\/02\/WhatsApp-Image-2026-02-10-at-09.01.57-1024x635.jpeg\" alt=\"\" width=\"1024\" height=\"635\" srcset=\"https:\/\/franciscanos.org.br\/noticias\/wp-content\/uploads\/2026\/02\/WhatsApp-Image-2026-02-10-at-09.01.57-1024x635.jpeg 1024w, https:\/\/franciscanos.org.br\/noticias\/wp-content\/uploads\/2026\/02\/WhatsApp-Image-2026-02-10-at-09.01.57-450x279.jpeg 450w, https:\/\/franciscanos.org.br\/noticias\/wp-content\/uploads\/2026\/02\/WhatsApp-Image-2026-02-10-at-09.01.57-768x476.jpeg 768w, https:\/\/franciscanos.org.br\/noticias\/wp-content\/uploads\/2026\/02\/WhatsApp-Image-2026-02-10-at-09.01.57-150x93.jpeg 150w, https:\/\/franciscanos.org.br\/noticias\/wp-content\/uploads\/2026\/02\/WhatsApp-Image-2026-02-10-at-09.01.57.jpeg 1496w\" sizes=\"(max-width: 1024px) 100vw, 1024px\" \/><\/p>\n<p>Na manh\u00e3 do \u00faltimo s\u00e1bado (7), o Santu\u00e1rio S\u00e3o Francisco de Assis acolheu fi\u00e9is, agentes de pastoral e membros da comunidade para a forma\u00e7\u00e3o sobre a Campanha da Fraternidade 2026, que neste ano traz como tema \u201cFraternidade e Moradia\u201d, convidando todos \u00e0 reflex\u00e3o e ao compromisso com a dignidade da vida. A abertura do encontro foi conduzida pelo P\u00e1roco, Frei Gustavo Medella, que acolheu os participantes com alegria e esp\u00edrito fraterno, destacando a import\u00e2ncia do momento formativo para a caminhada pastoral e para a viv\u00eancia concreta do Evangelho em nossa realidade.<\/p>\n<p>Durante a forma\u00e7\u00e3o, foi apresentada a hist\u00f3ria da Campanha da Fraternidade, o significado do cartaz oficial, suas cores e s\u00edmbolos, ajudando os participantes a compreenderem mais profundamente a proposta da Igreja para este ano. A reflex\u00e3o conduziu todos a um olhar atento e sens\u00edvel para uma realidade especialmente desafiadora em nossa cidade de S\u00e3o Paulo: a falta de moradia digna para tantas pessoas. Mais do que compreender o tema, a forma\u00e7\u00e3o provocou questionamentos essenciais: quais atitudes somos chamados a assumir? Como Igreja, nas pastorais e tamb\u00e9m em nossa vida cotidiana, de que forma podemos agir diante dessa realidade t\u00e3o dura e, ao mesmo tempo, t\u00e3o pr\u00f3xima?<\/p>\n<p>A forma\u00e7\u00e3o foi conduzida pelos freis David Vicente Gaieta, Felipe Zaros e Filipo Gir\u00e3o, que, com clareza e profundidade, ajudaram o grupo a perceber que a Campanha da Fraternidade n\u00e3o \u00e9 apenas um convite \u00e0 reflex\u00e3o, mas um chamado \u00e0 a\u00e7\u00e3o concreta, ao compromisso crist\u00e3o e \u00e0 transforma\u00e7\u00e3o social. Ap\u00f3s o momento formativo, os participantes tiveram uma confraterniza\u00e7\u00e3o com lanche e partilha, fortalecendo os la\u00e7os de comunh\u00e3o e fraternidade. Foi uma manh\u00e3 marcada por aprendizado, escuta, sensibilidade e compromisso, reafirmando que, como Igreja em sa\u00edda, somos chamados a construir caminhos de esperan\u00e7a, justi\u00e7a e dignidade para todos.<\/p>\n\n\t\t<style type=\"text\/css\">\n\t\t\t#gallery-1 {\n\t\t\t\tmargin: auto;\n\t\t\t}\n\t\t\t#gallery-1 .gallery-item {\n\t\t\t\tfloat: left;\n\t\t\t\tmargin-top: 10px;\n\t\t\t\ttext-align: center;\n\t\t\t\twidth: 33%;\n\t\t\t}\n\t\t\t#gallery-1 img {\n\t\t\t\tborder: 2px solid #cfcfcf;\n\t\t\t}\n\t\t\t#gallery-1 .gallery-caption {\n\t\t\t\tmargin-left: 0;\n\t\t\t}\n\t\t\t\/* see gallery_shortcode() in wp-includes\/media.php *\/\n\t\t<\/style>\n\t\t<div id='gallery-1' class='gallery galleryid-264098 gallery-columns-3 gallery-size-thumbnail'><dl class='gallery-item'>\n\t\t\t<dt class='gallery-icon landscape'>\n\t\t\t\t<a href='https:\/\/franciscanos.org.br\/noticias\/wp-content\/uploads\/2026\/02\/WhatsApp-Image-2026-02-10-at-09.01.52.jpeg'><img width=\"300\" height=\"300\" src=\"https:\/\/franciscanos.org.br\/noticias\/wp-content\/uploads\/2026\/02\/WhatsApp-Image-2026-02-10-at-09.01.52-300x300.jpeg\" class=\"attachment-thumbnail size-thumbnail\" alt=\"\" loading=\"lazy\" srcset=\"https:\/\/franciscanos.org.br\/noticias\/wp-content\/uploads\/2026\/02\/WhatsApp-Image-2026-02-10-at-09.01.52-300x300.jpeg 300w, https:\/\/franciscanos.org.br\/noticias\/wp-content\/uploads\/2026\/02\/WhatsApp-Image-2026-02-10-at-09.01.52-450x450.jpeg 450w, https:\/\/franciscanos.org.br\/noticias\/wp-content\/uploads\/2026\/02\/WhatsApp-Image-2026-02-10-at-09.01.52-1024x1024.jpeg 1024w, https:\/\/franciscanos.org.br\/noticias\/wp-content\/uploads\/2026\/02\/WhatsApp-Image-2026-02-10-at-09.01.52-768x768.jpeg 768w, https:\/\/franciscanos.org.br\/noticias\/wp-content\/uploads\/2026\/02\/WhatsApp-Image-2026-02-10-at-09.01.52-150x150.jpeg 150w, https:\/\/franciscanos.org.br\/noticias\/wp-content\/uploads\/2026\/02\/WhatsApp-Image-2026-02-10-at-09.01.52-100x100.jpeg 100w, https:\/\/franciscanos.org.br\/noticias\/wp-content\/uploads\/2026\/02\/WhatsApp-Image-2026-02-10-at-09.01.52.jpeg 1080w\" sizes=\"(max-width: 300px) 100vw, 300px\" \/><\/a>\n\t\t\t<\/dt><\/dl><dl class='gallery-item'>\n\t\t\t<dt class='gallery-icon landscape'>\n\t\t\t\t<a href='https:\/\/franciscanos.org.br\/noticias\/wp-content\/uploads\/2026\/02\/WhatsApp-Image-2026-02-10-at-09.01.55.jpeg'><img width=\"300\" height=\"300\" src=\"https:\/\/franciscanos.org.br\/noticias\/wp-content\/uploads\/2026\/02\/WhatsApp-Image-2026-02-10-at-09.01.55-300x300.jpeg\" class=\"attachment-thumbnail size-thumbnail\" alt=\"\" loading=\"lazy\" srcset=\"https:\/\/franciscanos.org.br\/noticias\/wp-content\/uploads\/2026\/02\/WhatsApp-Image-2026-02-10-at-09.01.55-300x300.jpeg 300w, https:\/\/franciscanos.org.br\/noticias\/wp-content\/uploads\/2026\/02\/WhatsApp-Image-2026-02-10-at-09.01.55-450x450.jpeg 450w, https:\/\/franciscanos.org.br\/noticias\/wp-content\/uploads\/2026\/02\/WhatsApp-Image-2026-02-10-at-09.01.55-1024x1024.jpeg 1024w, https:\/\/franciscanos.org.br\/noticias\/wp-content\/uploads\/2026\/02\/WhatsApp-Image-2026-02-10-at-09.01.55-768x768.jpeg 768w, https:\/\/franciscanos.org.br\/noticias\/wp-content\/uploads\/2026\/02\/WhatsApp-Image-2026-02-10-at-09.01.55-150x150.jpeg 150w, https:\/\/franciscanos.org.br\/noticias\/wp-content\/uploads\/2026\/02\/WhatsApp-Image-2026-02-10-at-09.01.55-100x100.jpeg 100w, https:\/\/franciscanos.org.br\/noticias\/wp-content\/uploads\/2026\/02\/WhatsApp-Image-2026-02-10-at-09.01.55.jpeg 1080w\" sizes=\"(max-width: 300px) 100vw, 300px\" \/><\/a>\n\t\t\t<\/dt><\/dl><dl class='gallery-item'>\n\t\t\t<dt class='gallery-icon landscape'>\n\t\t\t\t<a href='https:\/\/franciscanos.org.br\/noticias\/wp-content\/uploads\/2026\/02\/WhatsApp-Image-2026-02-10-at-09.01.53.jpeg'><img width=\"300\" height=\"300\" src=\"https:\/\/franciscanos.org.br\/noticias\/wp-content\/uploads\/2026\/02\/WhatsApp-Image-2026-02-10-at-09.01.53-300x300.jpeg\" class=\"attachment-thumbnail size-thumbnail\" alt=\"\" loading=\"lazy\" srcset=\"https:\/\/franciscanos.org.br\/noticias\/wp-content\/uploads\/2026\/02\/WhatsApp-Image-2026-02-10-at-09.01.53-300x300.jpeg 300w, https:\/\/franciscanos.org.br\/noticias\/wp-content\/uploads\/2026\/02\/WhatsApp-Image-2026-02-10-at-09.01.53-450x450.jpeg 450w, https:\/\/franciscanos.org.br\/noticias\/wp-content\/uploads\/2026\/02\/WhatsApp-Image-2026-02-10-at-09.01.53-1024x1024.jpeg 1024w, https:\/\/franciscanos.org.br\/noticias\/wp-content\/uploads\/2026\/02\/WhatsApp-Image-2026-02-10-at-09.01.53-768x768.jpeg 768w, https:\/\/franciscanos.org.br\/noticias\/wp-content\/uploads\/2026\/02\/WhatsApp-Image-2026-02-10-at-09.01.53-150x150.jpeg 150w, https:\/\/franciscanos.org.br\/noticias\/wp-content\/uploads\/2026\/02\/WhatsApp-Image-2026-02-10-at-09.01.53-100x100.jpeg 100w, https:\/\/franciscanos.org.br\/noticias\/wp-content\/uploads\/2026\/02\/WhatsApp-Image-2026-02-10-at-09.01.53.jpeg 1080w\" sizes=\"(max-width: 300px) 100vw, 300px\" \/><\/a>\n\t\t\t<\/dt><\/dl><br style=\"clear: both\" \/><dl class='gallery-item'>\n\t\t\t<dt class='gallery-icon landscape'>\n\t\t\t\t<a href='https:\/\/franciscanos.org.br\/noticias\/wp-content\/uploads\/2026\/02\/WhatsApp-Image-2026-02-10-at-09.01.50.jpeg'><img width=\"300\" height=\"300\" src=\"https:\/\/franciscanos.org.br\/noticias\/wp-content\/uploads\/2026\/02\/WhatsApp-Image-2026-02-10-at-09.01.50-300x300.jpeg\" class=\"attachment-thumbnail size-thumbnail\" alt=\"\" loading=\"lazy\" srcset=\"https:\/\/franciscanos.org.br\/noticias\/wp-content\/uploads\/2026\/02\/WhatsApp-Image-2026-02-10-at-09.01.50-300x300.jpeg 300w, https:\/\/franciscanos.org.br\/noticias\/wp-content\/uploads\/2026\/02\/WhatsApp-Image-2026-02-10-at-09.01.50-450x450.jpeg 450w, https:\/\/franciscanos.org.br\/noticias\/wp-content\/uploads\/2026\/02\/WhatsApp-Image-2026-02-10-at-09.01.50-1024x1024.jpeg 1024w, https:\/\/franciscanos.org.br\/noticias\/wp-content\/uploads\/2026\/02\/WhatsApp-Image-2026-02-10-at-09.01.50-768x768.jpeg 768w, https:\/\/franciscanos.org.br\/noticias\/wp-content\/uploads\/2026\/02\/WhatsApp-Image-2026-02-10-at-09.01.50-150x150.jpeg 150w, https:\/\/franciscanos.org.br\/noticias\/wp-content\/uploads\/2026\/02\/WhatsApp-Image-2026-02-10-at-09.01.50-100x100.jpeg 100w, https:\/\/franciscanos.org.br\/noticias\/wp-content\/uploads\/2026\/02\/WhatsApp-Image-2026-02-10-at-09.01.50.jpeg 1080w\" sizes=\"(max-width: 300px) 100vw, 300px\" \/><\/a>\n\t\t\t<\/dt><\/dl><dl class='gallery-item'>\n\t\t\t<dt class='gallery-icon landscape'>\n\t\t\t\t<a href='https:\/\/franciscanos.org.br\/noticias\/wp-content\/uploads\/2026\/02\/WhatsApp-Image-2026-02-10-at-09.01.49.jpeg'><img width=\"300\" height=\"300\" src=\"https:\/\/franciscanos.org.br\/noticias\/wp-content\/uploads\/2026\/02\/WhatsApp-Image-2026-02-10-at-09.01.49-300x300.jpeg\" class=\"attachment-thumbnail size-thumbnail\" alt=\"\" loading=\"lazy\" srcset=\"https:\/\/franciscanos.org.br\/noticias\/wp-content\/uploads\/2026\/02\/WhatsApp-Image-2026-02-10-at-09.01.49-300x300.jpeg 300w, https:\/\/franciscanos.org.br\/noticias\/wp-content\/uploads\/2026\/02\/WhatsApp-Image-2026-02-10-at-09.01.49-450x450.jpeg 450w, https:\/\/franciscanos.org.br\/noticias\/wp-content\/uploads\/2026\/02\/WhatsApp-Image-2026-02-10-at-09.01.49-1024x1024.jpeg 1024w, https:\/\/franciscanos.org.br\/noticias\/wp-content\/uploads\/2026\/02\/WhatsApp-Image-2026-02-10-at-09.01.49-768x768.jpeg 768w, https:\/\/franciscanos.org.br\/noticias\/wp-content\/uploads\/2026\/02\/WhatsApp-Image-2026-02-10-at-09.01.49-150x150.jpeg 150w, https:\/\/franciscanos.org.br\/noticias\/wp-content\/uploads\/2026\/02\/WhatsApp-Image-2026-02-10-at-09.01.49-100x100.jpeg 100w, https:\/\/franciscanos.org.br\/noticias\/wp-content\/uploads\/2026\/02\/WhatsApp-Image-2026-02-10-at-09.01.49.jpeg 1080w\" sizes=\"(max-width: 300px) 100vw, 300px\" \/><\/a>\n\t\t\t<\/dt><\/dl><dl class='gallery-item'>\n\t\t\t<dt class='gallery-icon landscape'>\n\t\t\t\t<a href='https:\/\/franciscanos.org.br\/noticias\/wp-content\/uploads\/2026\/02\/WhatsApp-Image-2026-02-10-at-09.01.54.jpeg'><img width=\"300\" height=\"300\" src=\"https:\/\/franciscanos.org.br\/noticias\/wp-content\/uploads\/2026\/02\/WhatsApp-Image-2026-02-10-at-09.01.54-300x300.jpeg\" class=\"attachment-thumbnail size-thumbnail\" alt=\"\" loading=\"lazy\" srcset=\"https:\/\/franciscanos.org.br\/noticias\/wp-content\/uploads\/2026\/02\/WhatsApp-Image-2026-02-10-at-09.01.54-300x300.jpeg 300w, https:\/\/franciscanos.org.br\/noticias\/wp-content\/uploads\/2026\/02\/WhatsApp-Image-2026-02-10-at-09.01.54-450x450.jpeg 450w, https:\/\/franciscanos.org.br\/noticias\/wp-content\/uploads\/2026\/02\/WhatsApp-Image-2026-02-10-at-09.01.54-1024x1024.jpeg 1024w, https:\/\/franciscanos.org.br\/noticias\/wp-content\/uploads\/2026\/02\/WhatsApp-Image-2026-02-10-at-09.01.54-768x768.jpeg 768w, https:\/\/franciscanos.org.br\/noticias\/wp-content\/uploads\/2026\/02\/WhatsApp-Image-2026-02-10-at-09.01.54-150x150.jpeg 150w, https:\/\/franciscanos.org.br\/noticias\/wp-content\/uploads\/2026\/02\/WhatsApp-Image-2026-02-10-at-09.01.54-100x100.jpeg 100w, https:\/\/franciscanos.org.br\/noticias\/wp-content\/uploads\/2026\/02\/WhatsApp-Image-2026-02-10-at-09.01.54.jpeg 1496w\" sizes=\"(max-width: 300px) 100vw, 300px\" \/><\/a>\n\t\t\t<\/dt><\/dl><br style=\"clear: both\" \/>\n\t\t<\/div>\n\n<hr \/>\n<p><em>Por <span style=\"font-weight: 400;\">Pascom-Santu\u00e1rio S\u00e3o Francisco<\/span><\/em><\/p>\n","protected":false},"excerpt":{"rendered":"<p>Campanha da Fraternidade 2026<\/p>\n","protected":false},"author":15,"featured_media":264099,"comment_status":"open","ping_status":"open","sticky":false,"template":"","format":"standard","meta":[],"categories":[1],"tags":[],"acf":[],"yoast_head":"<!-- This site is optimized with the Yoast SEO plugin v19.2 - https:\/\/yoast.com\/wordpress\/plugins\/seo\/ -->\n<title>Forma\u00e7\u00e3o para a CF 2026 re\u00fane lideran\u00e7as, frades e comunidade no Santu\u00e1rio S\u00e3o Francisco de Assis - Not\u00edcias - Franciscanos<\/title>\n<meta name=\"robots\" content=\"index, follow, max-snippet:-1, max-image-preview:large, max-video-preview:-1\" \/>\n<link rel=\"canonical\" href=\"https:\/\/franciscanos.org.br\/noticias\/formacao-para-a-cf-2026-reune-liderancas-frades-e-comunidade-no-santuario-sao-francisco-de-assis.html\" \/>\n<meta property=\"og:locale\" content=\"pt_BR\" \/>\n<meta property=\"og:type\" content=\"article\" \/>\n<meta property=\"og:title\" content=\"Forma\u00e7\u00e3o para a CF 2026 re\u00fane lideran\u00e7as, frades e comunidade no Santu\u00e1rio S\u00e3o Francisco de Assis - Not\u00edcias - Franciscanos\" \/>\n<meta property=\"og:description\" content=\"Campanha da Fraternidade 2026\" \/>\n<meta property=\"og:url\" content=\"https:\/\/franciscanos.org.br\/noticias\/formacao-para-a-cf-2026-reune-liderancas-frades-e-comunidade-no-santuario-sao-francisco-de-assis.html\" \/>\n<meta property=\"og:site_name\" content=\"Not\u00edcias - Franciscanos\" \/>\n<meta property=\"article:published_time\" content=\"2026-02-10T12:21:22+00:00\" \/>\n<meta property=\"article:modified_time\" content=\"2026-02-12T13:24:43+00:00\" \/>\n<meta property=\"og:image\" content=\"https:\/\/franciscanos.org.br\/noticias\/wp-content\/uploads\/2026\/02\/WhatsApp-Image-2026-02-10-at-09.01.57.jpeg\" \/>\n\t<meta property=\"og:image:width\" content=\"1496\" \/>\n\t<meta property=\"og:image:height\" content=\"927\" \/>\n\t<meta property=\"og:image:type\" content=\"image\/jpeg\" \/>\n<meta name=\"author\" content=\"Guilherme Rocha\" \/>\n<meta name=\"twitter:card\" content=\"summary_large_image\" \/>\n<meta name=\"twitter:label1\" content=\"Escrito por\" \/>\n\t<meta name=\"twitter:data1\" content=\"Guilherme Rocha\" \/>\n\t<meta name=\"twitter:label2\" content=\"Est. tempo de leitura\" \/>\n\t<meta name=\"twitter:data2\" content=\"2 minutos\" \/>\n<script type=\"application\/ld+json\" class=\"yoast-schema-graph\">{\"@context\":\"https:\/\/schema.org\",\"@graph\":[{\"@type\":\"WebSite\",\"@id\":\"https:\/\/franciscanos.org.br\/noticias\/#website\",\"url\":\"https:\/\/franciscanos.org.br\/noticias\/\",\"name\":\"Not\u00edcias - Franciscanos\",\"description\":\"Prov\u00edncia Franciscana da Imaculada Concei\u00e7\u00e3o do Brasil - Ordem dos Frades Menores - OFM\",\"potentialAction\":[{\"@type\":\"SearchAction\",\"target\":{\"@type\":\"EntryPoint\",\"urlTemplate\":\"https:\/\/franciscanos.org.br\/noticias\/?s={search_term_string}\"},\"query-input\":\"required name=search_term_string\"}],\"inLanguage\":\"pt-BR\"},{\"@type\":\"ImageObject\",\"inLanguage\":\"pt-BR\",\"@id\":\"https:\/\/franciscanos.org.br\/noticias\/formacao-para-a-cf-2026-reune-liderancas-frades-e-comunidade-no-santuario-sao-francisco-de-assis.html#primaryimage\",\"url\":\"https:\/\/franciscanos.org.br\/noticias\/wp-content\/uploads\/2026\/02\/WhatsApp-Image-2026-02-10-at-09.01.57.jpeg\",\"contentUrl\":\"https:\/\/franciscanos.org.br\/noticias\/wp-content\/uploads\/2026\/02\/WhatsApp-Image-2026-02-10-at-09.01.57.jpeg\",\"width\":1496,\"height\":927},{\"@type\":\"WebPage\",\"@id\":\"https:\/\/franciscanos.org.br\/noticias\/formacao-para-a-cf-2026-reune-liderancas-frades-e-comunidade-no-santuario-sao-francisco-de-assis.html#webpage\",\"url\":\"https:\/\/franciscanos.org.br\/noticias\/formacao-para-a-cf-2026-reune-liderancas-frades-e-comunidade-no-santuario-sao-francisco-de-assis.html\",\"name\":\"Forma\u00e7\u00e3o para a CF 2026 re\u00fane lideran\u00e7as, frades e comunidade no Santu\u00e1rio S\u00e3o Francisco de Assis - Not\u00edcias - Franciscanos\",\"isPartOf\":{\"@id\":\"https:\/\/franciscanos.org.br\/noticias\/#website\"},\"primaryImageOfPage\":{\"@id\":\"https:\/\/franciscanos.org.br\/noticias\/formacao-para-a-cf-2026-reune-liderancas-frades-e-comunidade-no-santuario-sao-francisco-de-assis.html#primaryimage\"},\"datePublished\":\"2026-02-10T12:21:22+00:00\",\"dateModified\":\"2026-02-12T13:24:43+00:00\",\"author\":{\"@id\":\"https:\/\/franciscanos.org.br\/noticias\/#\/schema\/person\/69bb4cd273a2528548b63cccab4980a0\"},\"breadcrumb\":{\"@id\":\"https:\/\/franciscanos.org.br\/noticias\/formacao-para-a-cf-2026-reune-liderancas-frades-e-comunidade-no-santuario-sao-francisco-de-assis.html#breadcrumb\"},\"inLanguage\":\"pt-BR\",\"potentialAction\":[{\"@type\":\"ReadAction\",\"target\":[\"https:\/\/franciscanos.org.br\/noticias\/formacao-para-a-cf-2026-reune-liderancas-frades-e-comunidade-no-santuario-sao-francisco-de-assis.html\"]}]},{\"@type\":\"BreadcrumbList\",\"@id\":\"https:\/\/franciscanos.org.br\/noticias\/formacao-para-a-cf-2026-reune-liderancas-frades-e-comunidade-no-santuario-sao-francisco-de-assis.html#breadcrumb\",\"itemListElement\":[{\"@type\":\"ListItem\",\"position\":1,\"name\":\"Home\",\"item\":\"https:\/\/franciscanos.org.br\/noticias\"},{\"@type\":\"ListItem\",\"position\":2,\"name\":\"Forma\u00e7\u00e3o para a CF 2026 re\u00fane lideran\u00e7as, frades e comunidade no Santu\u00e1rio S\u00e3o Francisco de Assis\"}]},{\"@type\":\"Person\",\"@id\":\"https:\/\/franciscanos.org.br\/noticias\/#\/schema\/person\/69bb4cd273a2528548b63cccab4980a0\",\"name\":\"Guilherme Rocha\",\"image\":{\"@type\":\"ImageObject\",\"inLanguage\":\"pt-BR\",\"@id\":\"https:\/\/franciscanos.org.br\/noticias\/#\/schema\/person\/image\/\",\"url\":\"https:\/\/secure.gravatar.com\/avatar\/e480fee2377f81af36f6990ed742592a?s=96&d=mm&r=g\",\"contentUrl\":\"https:\/\/secure.gravatar.com\/avatar\/e480fee2377f81af36f6990ed742592a?s=96&d=mm&r=g\",\"caption\":\"Guilherme Rocha\"},\"url\":\"https:\/\/franciscanos.org.br\/noticias\/author\/guilhermerocha\"}]}<\/script>\n<!-- \/ Yoast SEO plugin. -->","yoast_head_json":{"title":"Forma\u00e7\u00e3o para a CF 2026 re\u00fane lideran\u00e7as, frades e comunidade no Santu\u00e1rio S\u00e3o Francisco de Assis - Not\u00edcias - Franciscanos","robots":{"index":"index","follow":"follow","max-snippet":"max-snippet:-1","max-image-preview":"max-image-preview:large","max-video-preview":"max-video-preview:-1"},"canonical":"https:\/\/franciscanos.org.br\/noticias\/formacao-para-a-cf-2026-reune-liderancas-frades-e-comunidade-no-santuario-sao-francisco-de-assis.html","og_locale":"pt_BR","og_type":"article","og_title":"Forma\u00e7\u00e3o para a CF 2026 re\u00fane lideran\u00e7as, frades e comunidade no Santu\u00e1rio S\u00e3o Francisco de Assis - Not\u00edcias - Franciscanos","og_description":"Campanha da Fraternidade 2026","og_url":"https:\/\/franciscanos.org.br\/noticias\/formacao-para-a-cf-2026-reune-liderancas-frades-e-comunidade-no-santuario-sao-francisco-de-assis.html","og_site_name":"Not\u00edcias - Franciscanos","article_published_time":"2026-02-10T12:21:22+00:00","article_modified_time":"2026-02-12T13:24:43+00:00","og_image":[{"width":1496,"height":927,"url":"https:\/\/franciscanos.org.br\/noticias\/wp-content\/uploads\/2026\/02\/WhatsApp-Image-2026-02-10-at-09.01.57.jpeg","type":"image\/jpeg"}],"author":"Guilherme Rocha","twitter_card":"summary_large_image","twitter_misc":{"Escrito por":"Guilherme Rocha","Est. tempo de leitura":"2 minutos"},"schema":{"@context":"https:\/\/schema.org","@graph":[{"@type":"WebSite","@id":"https:\/\/franciscanos.org.br\/noticias\/#website","url":"https:\/\/franciscanos.org.br\/noticias\/","name":"Not\u00edcias - Franciscanos","description":"Prov\u00edncia Franciscana da Imaculada Concei\u00e7\u00e3o do Brasil - Ordem dos Frades Menores - OFM","potentialAction":[{"@type":"SearchAction","target":{"@type":"EntryPoint","urlTemplate":"https:\/\/franciscanos.org.br\/noticias\/?s={search_term_string}"},"query-input":"required name=search_term_string"}],"inLanguage":"pt-BR"},{"@type":"ImageObject","inLanguage":"pt-BR","@id":"https:\/\/franciscanos.org.br\/noticias\/formacao-para-a-cf-2026-reune-liderancas-frades-e-comunidade-no-santuario-sao-francisco-de-assis.html#primaryimage","url":"https:\/\/franciscanos.org.br\/noticias\/wp-content\/uploads\/2026\/02\/WhatsApp-Image-2026-02-10-at-09.01.57.jpeg","contentUrl":"https:\/\/franciscanos.org.br\/noticias\/wp-content\/uploads\/2026\/02\/WhatsApp-Image-2026-02-10-at-09.01.57.jpeg","width":1496,"height":927},{"@type":"WebPage","@id":"https:\/\/franciscanos.org.br\/noticias\/formacao-para-a-cf-2026-reune-liderancas-frades-e-comunidade-no-santuario-sao-francisco-de-assis.html#webpage","url":"https:\/\/franciscanos.org.br\/noticias\/formacao-para-a-cf-2026-reune-liderancas-frades-e-comunidade-no-santuario-sao-francisco-de-assis.html","name":"Forma\u00e7\u00e3o para a CF 2026 re\u00fane lideran\u00e7as, frades e comunidade no Santu\u00e1rio S\u00e3o Francisco de Assis - Not\u00edcias - Franciscanos","isPartOf":{"@id":"https:\/\/franciscanos.org.br\/noticias\/#website"},"primaryImageOfPage":{"@id":"https:\/\/franciscanos.org.br\/noticias\/formacao-para-a-cf-2026-reune-liderancas-frades-e-comunidade-no-santuario-sao-francisco-de-assis.html#primaryimage"},"datePublished":"2026-02-10T12:21:22+00:00","dateModified":"2026-02-12T13:24:43+00:00","author":{"@id":"https:\/\/franciscanos.org.br\/noticias\/#\/schema\/person\/69bb4cd273a2528548b63cccab4980a0"},"breadcrumb":{"@id":"https:\/\/franciscanos.org.br\/noticias\/formacao-para-a-cf-2026-reune-liderancas-frades-e-comunidade-no-santuario-sao-francisco-de-assis.html#breadcrumb"},"inLanguage":"pt-BR","potentialAction":[{"@type":"ReadAction","target":["https:\/\/franciscanos.org.br\/noticias\/formacao-para-a-cf-2026-reune-liderancas-frades-e-comunidade-no-santuario-sao-francisco-de-assis.html"]}]},{"@type":"BreadcrumbList","@id":"https:\/\/franciscanos.org.br\/noticias\/formacao-para-a-cf-2026-reune-liderancas-frades-e-comunidade-no-santuario-sao-francisco-de-assis.html#breadcrumb","itemListElement":[{"@type":"ListItem","position":1,"name":"Home","item":"https:\/\/franciscanos.org.br\/noticias"},{"@type":"ListItem","position":2,"name":"Forma\u00e7\u00e3o para a CF 2026 re\u00fane lideran\u00e7as, frades e comunidade no Santu\u00e1rio S\u00e3o Francisco de Assis"}]},{"@type":"Person","@id":"https:\/\/franciscanos.org.br\/noticias\/#\/schema\/person\/69bb4cd273a2528548b63cccab4980a0","name":"Guilherme Rocha","image":{"@type":"ImageObject","inLanguage":"pt-BR","@id":"https:\/\/franciscanos.org.br\/noticias\/#\/schema\/person\/image\/","url":"https:\/\/secure.gravatar.com\/avatar\/e480fee2377f81af36f6990ed742592a?s=96&d=mm&r=g","contentUrl":"https:\/\/secure.gravatar.com\/avatar\/e480fee2377f81af36f6990ed742592a?s=96&d=mm&r=g","caption":"Guilherme Rocha"},"url":"https:\/\/franciscanos.org.br\/noticias\/author\/guilhermerocha"}]}},"_links":{"self":[{"href":"https:\/\/franciscanos.org.br\/noticias\/wp-json\/wp\/v2\/posts\/264098"}],"collection":[{"href":"https:\/\/franciscanos.org.br\/noticias\/wp-json\/wp\/v2\/posts"}],"about":[{"href":"https:\/\/franciscanos.org.br\/noticias\/wp-json\/wp\/v2\/types\/post"}],"author":[{"embeddable":true,"href":"https:\/\/franciscanos.org.br\/noticias\/wp-json\/wp\/v2\/users\/15"}],"replies":[{"embeddable":true,"href":"https:\/\/franciscanos.org.br\/noticias\/wp-json\/wp\/v2\/comments?post=264098"}],"version-history":[{"count":4,"href":"https:\/\/franciscanos.org.br\/noticias\/wp-json\/wp\/v2\/posts\/264098\/revisions"}],"predecessor-version":[{"id":264136,"href":"https:\/\/franciscanos.org.br\/noticias\/wp-json\/wp\/v2\/posts\/264098\/revisions\/264136"}],"wp:featuredmedia":[{"embeddable":true,"href":"https:\/\/franciscanos.org.br\/noticias\/wp-json\/wp\/v2\/media\/264099"}],"wp:attachment":[{"href":"https:\/\/franciscanos.org.br\/noticias\/wp-json\/wp\/v2\/media?parent=264098"}],"wp:term":[{"taxonomy":"category","embeddable":true,"href":"https:\/\/franciscanos.org.br\/noticias\/wp-json\/wp\/v2\/categories?post=264098"},{"taxonomy":"post_tag","embeddable":true,"href":"https:\/\/franciscanos.org.br\/noticias\/wp-json\/wp\/v2\/tags?post=264098"}],"curies":[{"name":"wp","href":"https:\/\/api.w.org\/{rel}","templated":true}]}}