{"id":263907,"date":"2026-02-01T23:51:38","date_gmt":"2026-02-02T02:51:38","guid":{"rendered":"https:\/\/franciscanos.org.br\/noticias\/?p=263907"},"modified":"2026-02-01T23:53:22","modified_gmt":"2026-02-02T02:53:22","slug":"missoes-franciscanas-da-juventude-foram-na-pratica-uma-vivencia-concreta-das-bem-aventurancas","status":"publish","type":"post","link":"https:\/\/franciscanos.org.br\/noticias\/missoes-franciscanas-da-juventude-foram-na-pratica-uma-vivencia-concreta-das-bem-aventurancas.html","title":{"rendered":"\u201cMiss\u00f5es Franciscanas da Juventude foram, na pr\u00e1tica, uma viv\u00eancia concreta das Bem-aventuran\u00e7as\u201d"},"content":{"rendered":"<p><img loading=\"lazy\" class=\"alignnone size-full wp-image-263911\" src=\"https:\/\/franciscanos.org.br\/noticias\/wp-content\/uploads\/2026\/02\/MFJ_2026_0843-scaled.jpg\" alt=\"\" width=\"1620\" height=\"1080\" srcset=\"https:\/\/franciscanos.org.br\/noticias\/wp-content\/uploads\/2026\/02\/MFJ_2026_0843-scaled.jpg 1620w, https:\/\/franciscanos.org.br\/noticias\/wp-content\/uploads\/2026\/02\/MFJ_2026_0843-450x300.jpg 450w, https:\/\/franciscanos.org.br\/noticias\/wp-content\/uploads\/2026\/02\/MFJ_2026_0843-1024x683.jpg 1024w, https:\/\/franciscanos.org.br\/noticias\/wp-content\/uploads\/2026\/02\/MFJ_2026_0843-768x512.jpg 768w, https:\/\/franciscanos.org.br\/noticias\/wp-content\/uploads\/2026\/02\/MFJ_2026_0843-1536x1024.jpg 1536w, https:\/\/franciscanos.org.br\/noticias\/wp-content\/uploads\/2026\/02\/MFJ_2026_0843-150x100.jpg 150w\" sizes=\"(max-width: 1620px) 100vw, 1620px\" \/><\/p>\n<p style=\"font-weight: 400;\"><em>Durante quatro dias, mais de 150 jovens vivenciaram forma\u00e7\u00f5es, espiritualidade e miss\u00e3o, fortalecendo a fraternidade e o compromisso com o Evangelho na cidade de Santo Amaro da Imperatriz e Aguas Mornas, em Santa Catarina<\/em><\/p>\n<p style=\"font-weight: 400;\"><strong>Santo Amaro da Imperatriz (SC)<\/strong> &#8211; As Miss\u00f5es Franciscanas da Juventude (MFJ) 2026 foram conclu\u00eddas neste domingo (1\u00ba\/02), na cidade de Santo Amaro da Imperatriz, em Santa Catarina. A 9\u00aa edi\u00e7\u00e3o do evento reuniu mais de 150 jovens inscritos, vindos de diferentes regi\u00f5es, para quatro dias intensos de forma\u00e7\u00e3o, espiritualidade, conviv\u00eancia fraterna e a\u00e7\u00e3o mission\u00e1ria nas comunidades da par\u00f3quia que acolheram toda a juventude franciscana.<\/p>\n<p style=\"font-weight: 400;\">Com o tema \u201cArtes\u00e3os da Paz e do Bem\u201d e o lema \u201cFrancisco e Carlo Acutis: Jovens do Evangelho\u201d, a MFJ teve como objetivo fortalecer o compromisso da juventude com a fraternidade, o di\u00e1logo, o respeito e as rela\u00e7\u00f5es m\u00fatuas, promovendo tamb\u00e9m a conscientiza\u00e7\u00e3o sociocultural nas comunidades visitadas. Durante esses dias, os jovens tiveram como inspira\u00e7\u00e3o a doa\u00e7\u00e3o e oferta de vida dos santos Francisco de Assis e Carlo Acutis.<\/p>\n<p style=\"font-weight: 400;\"><img loading=\"lazy\" class=\"alignnone size-full wp-image-263913\" src=\"https:\/\/franciscanos.org.br\/noticias\/wp-content\/uploads\/2026\/02\/MFJ_2026_0675-scaled.jpg\" alt=\"\" width=\"1620\" height=\"1080\" srcset=\"https:\/\/franciscanos.org.br\/noticias\/wp-content\/uploads\/2026\/02\/MFJ_2026_0675-scaled.jpg 1620w, https:\/\/franciscanos.org.br\/noticias\/wp-content\/uploads\/2026\/02\/MFJ_2026_0675-450x300.jpg 450w, https:\/\/franciscanos.org.br\/noticias\/wp-content\/uploads\/2026\/02\/MFJ_2026_0675-1024x683.jpg 1024w, https:\/\/franciscanos.org.br\/noticias\/wp-content\/uploads\/2026\/02\/MFJ_2026_0675-768x512.jpg 768w, https:\/\/franciscanos.org.br\/noticias\/wp-content\/uploads\/2026\/02\/MFJ_2026_0675-1536x1024.jpg 1536w, https:\/\/franciscanos.org.br\/noticias\/wp-content\/uploads\/2026\/02\/MFJ_2026_0675-150x100.jpg 150w\" sizes=\"(max-width: 1620px) 100vw, 1620px\" \/><\/p>\n<p style=\"font-weight: 400;\">Ao longo da miss\u00e3o, os jovens estiveram presentes em mais de 20 comunidades da Par\u00f3quia de Santo Amaro da Imperatriz e tamb\u00e9m do munic\u00edpio de \u00c1guas Mornas. Divididos em grupos mission\u00e1rios, eles vivenciaram diversas atividades pastorais e sociais, levando a mensagem do Evangelho de forma simples e pr\u00f3xima, comprometidos em ser mission\u00e1rios no an\u00fancio da Palavra, da espiritualidade franciscana e da alegria em ser jovens.<\/p>\n<p style=\"font-weight: 400;\">Entre as a\u00e7\u00f5es realizadas estiveram visitas a lares de idosos, enfermos e centenas de resid\u00eancias, al\u00e9m de encontros com grupos de jovens, fam\u00edlias acolhedoras e lideran\u00e7as comunit\u00e1rias. A programa\u00e7\u00e3o incluiu ainda atividades culturais, momentos l\u00fadicos, forma\u00e7\u00f5es tem\u00e1ticas e celebra\u00e7\u00f5es, proporcionando uma experi\u00eancia mission\u00e1ria ampla e transformadora.<\/p>\n<p style=\"font-weight: 400;\"><img loading=\"lazy\" class=\"alignnone size-full wp-image-263914\" src=\"https:\/\/franciscanos.org.br\/noticias\/wp-content\/uploads\/2026\/02\/MFJ_2026_0697-scaled.jpg\" alt=\"\" width=\"1920\" height=\"1280\" srcset=\"https:\/\/franciscanos.org.br\/noticias\/wp-content\/uploads\/2026\/02\/MFJ_2026_0697-scaled.jpg 1620w, https:\/\/franciscanos.org.br\/noticias\/wp-content\/uploads\/2026\/02\/MFJ_2026_0697-450x300.jpg 450w, https:\/\/franciscanos.org.br\/noticias\/wp-content\/uploads\/2026\/02\/MFJ_2026_0697-1024x683.jpg 1024w, https:\/\/franciscanos.org.br\/noticias\/wp-content\/uploads\/2026\/02\/MFJ_2026_0697-768x512.jpg 768w, https:\/\/franciscanos.org.br\/noticias\/wp-content\/uploads\/2026\/02\/MFJ_2026_0697-1536x1024.jpg 1536w, https:\/\/franciscanos.org.br\/noticias\/wp-content\/uploads\/2026\/02\/MFJ_2026_0697-150x100.jpg 150w\" sizes=\"(max-width: 1920px) 100vw, 1920px\" \/><\/p>\n<p style=\"font-weight: 400;\">A presen\u00e7a da juventude franciscana foi marcada pela acolhida calorosa dos moradores, que receberam os mission\u00e1rios com sorrisos e abra\u00e7os fraternos. O interc\u00e2mbio cultural e das diversas express\u00f5es entre os jovens possibilitou a troca de experi\u00eancias e o fortalecimento dos la\u00e7os entre jovens e comunidades, enriquecendo a viv\u00eancia mission\u00e1ria.<\/p>\n<p style=\"font-weight: 400;\">Ana Julia, jovem da cidade de Guaratinguet\u00e1-SP, comentou que foi motivo de muita alegria participar das Miss\u00f5es Franciscanas da Juventude. Ela destacou que foi uma experi\u00eancia transformadora e que a viv\u00eancia nas comunidades provocou um olhar diferente para o ser mission\u00e1rio.<\/p>\n<p style=\"font-weight: 400;\"><img loading=\"lazy\" class=\"alignnone size-full wp-image-263915\" src=\"https:\/\/franciscanos.org.br\/noticias\/wp-content\/uploads\/2026\/02\/MFJ_2026_0892-scaled.jpg\" alt=\"\" width=\"1920\" height=\"1280\" srcset=\"https:\/\/franciscanos.org.br\/noticias\/wp-content\/uploads\/2026\/02\/MFJ_2026_0892-scaled.jpg 1620w, https:\/\/franciscanos.org.br\/noticias\/wp-content\/uploads\/2026\/02\/MFJ_2026_0892-450x300.jpg 450w, https:\/\/franciscanos.org.br\/noticias\/wp-content\/uploads\/2026\/02\/MFJ_2026_0892-1024x683.jpg 1024w, https:\/\/franciscanos.org.br\/noticias\/wp-content\/uploads\/2026\/02\/MFJ_2026_0892-768x512.jpg 768w, https:\/\/franciscanos.org.br\/noticias\/wp-content\/uploads\/2026\/02\/MFJ_2026_0892-1536x1024.jpg 1536w, https:\/\/franciscanos.org.br\/noticias\/wp-content\/uploads\/2026\/02\/MFJ_2026_0892-150x100.jpg 150w\" sizes=\"(max-width: 1920px) 100vw, 1920px\" \/><\/p>\n<p style=\"font-weight: 400;\">\u201cA MFJ foi incr\u00edvel e transformadora para mim. Eu pude perceber o acolhimento das fam\u00edlias em cada visita nas comunidades. Nunca imaginei que eu poderia realizar um miss\u00e3o e levar a Palavra de Deus h\u00e1 outros lugares. Sem d\u00favidas, valeu a pena vir em miss\u00e3o\u201d, descreveu.<\/p>\n<p style=\"font-weight: 400;\">O jovem Marcos Scheibel, de Xaxim-SC, falou de sua experi\u00eancia na 3\u00aa participa\u00e7\u00e3o na MFJ e como foi estar em miss\u00e3o nestes dias em Santo Amaro da Imperatriz-SC. Ele destacou que cada miss\u00e3o \u00e9 \u00fanica e individual.<\/p>\n<p style=\"font-weight: 400;\">\u201cA gente leva no cora\u00e7\u00e3o essa experi\u00eancia em cada comunidade que passamos. Levando a palavra de Deus, passando em cada casa levando b\u00ean\u00e7\u00e3os para as fam\u00edlias. \u00c9 um carinho para cada fam\u00edlia que estamos indo\u201d, afirmou.<\/p>\n<p style=\"font-weight: 400;\"><img loading=\"lazy\" class=\"alignnone size-full wp-image-263916\" src=\"https:\/\/franciscanos.org.br\/noticias\/wp-content\/uploads\/2026\/02\/MFJ_2026_0700-scaled.jpg\" alt=\"\" width=\"1920\" height=\"1280\" srcset=\"https:\/\/franciscanos.org.br\/noticias\/wp-content\/uploads\/2026\/02\/MFJ_2026_0700-scaled.jpg 1620w, https:\/\/franciscanos.org.br\/noticias\/wp-content\/uploads\/2026\/02\/MFJ_2026_0700-450x300.jpg 450w, https:\/\/franciscanos.org.br\/noticias\/wp-content\/uploads\/2026\/02\/MFJ_2026_0700-1024x683.jpg 1024w, https:\/\/franciscanos.org.br\/noticias\/wp-content\/uploads\/2026\/02\/MFJ_2026_0700-768x512.jpg 768w, https:\/\/franciscanos.org.br\/noticias\/wp-content\/uploads\/2026\/02\/MFJ_2026_0700-1536x1024.jpg 1536w, https:\/\/franciscanos.org.br\/noticias\/wp-content\/uploads\/2026\/02\/MFJ_2026_0700-150x100.jpg 150w\" sizes=\"(max-width: 1920px) 100vw, 1920px\" \/><\/p>\n<p style=\"font-weight: 400;\">A jovem Isabela, da Igreja Matriz de Santo Amaro, revela que essa foi a sua primeira miss\u00e3o jovem e ainda mais impactante por ser na sua cidade e descobrir tantas belezas ao longo da viv\u00eancia mission\u00e1ria. \u201c\u00c9 algo muito lindo entrar na casa das fam\u00edlias, perceber a f\u00e9 de cada comunidade. Foram aprendizados e conhecimentos que me fizeram perceber que quero realizar outras miss\u00f5es franciscanas da juventude\u201d, destacou.<\/p>\n<p style=\"font-weight: 400;\"><strong>Caminhada Franciscana: compromisso com o Evangelho<\/strong><\/p>\n<p style=\"font-weight: 400;\">Dentro da programa\u00e7\u00e3o do \u00faltimo dia da MFJ 2026, na manh\u00e3 deste domingo (1\u00ba), os jovens participaram da Caminhada Franciscana at\u00e9 a Igreja Matriz de Santo Amaro da Imperatriz. A caminhada teve in\u00edcio no CTG Boca da Serra e reuniu centenas de jovens, al\u00e9m de familiares que acolheram os mission\u00e1rios durante os dias de miss\u00e3o.<\/p>\n<p style=\"font-weight: 400;\"><img loading=\"lazy\" class=\"alignnone size-full wp-image-263917\" src=\"https:\/\/franciscanos.org.br\/noticias\/wp-content\/uploads\/2026\/02\/MFJ_2026_0737-scaled.jpg\" alt=\"\" width=\"1920\" height=\"1280\" srcset=\"https:\/\/franciscanos.org.br\/noticias\/wp-content\/uploads\/2026\/02\/MFJ_2026_0737-scaled.jpg 1620w, https:\/\/franciscanos.org.br\/noticias\/wp-content\/uploads\/2026\/02\/MFJ_2026_0737-450x300.jpg 450w, https:\/\/franciscanos.org.br\/noticias\/wp-content\/uploads\/2026\/02\/MFJ_2026_0737-1024x683.jpg 1024w, https:\/\/franciscanos.org.br\/noticias\/wp-content\/uploads\/2026\/02\/MFJ_2026_0737-768x512.jpg 768w, https:\/\/franciscanos.org.br\/noticias\/wp-content\/uploads\/2026\/02\/MFJ_2026_0737-1536x1024.jpg 1536w, https:\/\/franciscanos.org.br\/noticias\/wp-content\/uploads\/2026\/02\/MFJ_2026_0737-150x100.jpg 150w\" sizes=\"(max-width: 1920px) 100vw, 1920px\" \/><\/p>\n<p style=\"font-weight: 400;\">Antes do percurso, os participantes vivenciaram um momento de ora\u00e7\u00e3o com c\u00e2nticos, ladainhas e preces. Mesmo acompanhados por um sol forte, os jovens mission\u00e1rios seguiram com entusiasmo, alegria e bastante anima\u00e7\u00e3o, expressando gratid\u00e3o pelos dias de miss\u00e3o e pelas experi\u00eancias vividas neste dias na cidade de Santo Amaro da Imperatriz e \u00c1guas Mornas, em Santa Catarina.<\/p>\n<p style=\"font-weight: 400;\">Ao chegarem \u00e0 Igreja Matriz, os mission\u00e1rios participaram da Missa de Encerramento da 9\u00aa edi\u00e7\u00e3o das Miss\u00f5es Franciscanas da Juventude, presidida por Frei Felipe Carretta, integrante da Comiss\u00e3o Organizadora da MFJ, e concelebrada pelos demais freis que acompanharam esses quatros dias de programa\u00e7\u00e3o.<\/p>\n\n\t\t<style type=\"text\/css\">\n\t\t\t#gallery-1 {\n\t\t\t\tmargin: auto;\n\t\t\t}\n\t\t\t#gallery-1 .gallery-item {\n\t\t\t\tfloat: left;\n\t\t\t\tmargin-top: 10px;\n\t\t\t\ttext-align: center;\n\t\t\t\twidth: 20%;\n\t\t\t}\n\t\t\t#gallery-1 img {\n\t\t\t\tborder: 2px solid #cfcfcf;\n\t\t\t}\n\t\t\t#gallery-1 .gallery-caption {\n\t\t\t\tmargin-left: 0;\n\t\t\t}\n\t\t\t\/* see gallery_shortcode() in wp-includes\/media.php *\/\n\t\t<\/style>\n\t\t<div id='gallery-1' class='gallery galleryid-263907 gallery-columns-5 gallery-size-thumbnail'><dl class='gallery-item'>\n\t\t\t<dt class='gallery-icon landscape'>\n\t\t\t\t<a href='https:\/\/franciscanos.org.br\/noticias\/wp-content\/uploads\/2026\/02\/MFJ_2026_0733-scaled.jpg'><img width=\"300\" height=\"300\" src=\"https:\/\/franciscanos.org.br\/noticias\/wp-content\/uploads\/2026\/02\/MFJ_2026_0733-300x300.jpg\" class=\"attachment-thumbnail size-thumbnail\" alt=\"\" loading=\"lazy\" srcset=\"https:\/\/franciscanos.org.br\/noticias\/wp-content\/uploads\/2026\/02\/MFJ_2026_0733-300x300.jpg 300w, https:\/\/franciscanos.org.br\/noticias\/wp-content\/uploads\/2026\/02\/MFJ_2026_0733-100x100.jpg 100w\" sizes=\"(max-width: 300px) 100vw, 300px\" \/><\/a>\n\t\t\t<\/dt><\/dl><dl class='gallery-item'>\n\t\t\t<dt class='gallery-icon landscape'>\n\t\t\t\t<a href='https:\/\/franciscanos.org.br\/noticias\/wp-content\/uploads\/2026\/02\/MFJ_2026_0741-scaled.jpg'><img width=\"300\" height=\"300\" src=\"https:\/\/franciscanos.org.br\/noticias\/wp-content\/uploads\/2026\/02\/MFJ_2026_0741-300x300.jpg\" class=\"attachment-thumbnail size-thumbnail\" alt=\"\" loading=\"lazy\" srcset=\"https:\/\/franciscanos.org.br\/noticias\/wp-content\/uploads\/2026\/02\/MFJ_2026_0741-300x300.jpg 300w, https:\/\/franciscanos.org.br\/noticias\/wp-content\/uploads\/2026\/02\/MFJ_2026_0741-100x100.jpg 100w\" sizes=\"(max-width: 300px) 100vw, 300px\" \/><\/a>\n\t\t\t<\/dt><\/dl><dl class='gallery-item'>\n\t\t\t<dt class='gallery-icon landscape'>\n\t\t\t\t<a href='https:\/\/franciscanos.org.br\/noticias\/wp-content\/uploads\/2026\/02\/MFJ_2026_0752-scaled.jpg'><img width=\"300\" height=\"300\" src=\"https:\/\/franciscanos.org.br\/noticias\/wp-content\/uploads\/2026\/02\/MFJ_2026_0752-300x300.jpg\" class=\"attachment-thumbnail size-thumbnail\" alt=\"\" loading=\"lazy\" srcset=\"https:\/\/franciscanos.org.br\/noticias\/wp-content\/uploads\/2026\/02\/MFJ_2026_0752-300x300.jpg 300w, https:\/\/franciscanos.org.br\/noticias\/wp-content\/uploads\/2026\/02\/MFJ_2026_0752-100x100.jpg 100w\" sizes=\"(max-width: 300px) 100vw, 300px\" \/><\/a>\n\t\t\t<\/dt><\/dl><dl class='gallery-item'>\n\t\t\t<dt class='gallery-icon landscape'>\n\t\t\t\t<a href='https:\/\/franciscanos.org.br\/noticias\/wp-content\/uploads\/2026\/02\/MFJ_2026_0755-scaled.jpg'><img width=\"300\" height=\"300\" src=\"https:\/\/franciscanos.org.br\/noticias\/wp-content\/uploads\/2026\/02\/MFJ_2026_0755-300x300.jpg\" class=\"attachment-thumbnail size-thumbnail\" alt=\"\" loading=\"lazy\" srcset=\"https:\/\/franciscanos.org.br\/noticias\/wp-content\/uploads\/2026\/02\/MFJ_2026_0755-300x300.jpg 300w, https:\/\/franciscanos.org.br\/noticias\/wp-content\/uploads\/2026\/02\/MFJ_2026_0755-100x100.jpg 100w\" sizes=\"(max-width: 300px) 100vw, 300px\" \/><\/a>\n\t\t\t<\/dt><\/dl><dl class='gallery-item'>\n\t\t\t<dt class='gallery-icon landscape'>\n\t\t\t\t<a href='https:\/\/franciscanos.org.br\/noticias\/wp-content\/uploads\/2026\/02\/MFJ_2026_0772-scaled.jpg'><img width=\"300\" height=\"300\" src=\"https:\/\/franciscanos.org.br\/noticias\/wp-content\/uploads\/2026\/02\/MFJ_2026_0772-300x300.jpg\" class=\"attachment-thumbnail size-thumbnail\" alt=\"\" loading=\"lazy\" srcset=\"https:\/\/franciscanos.org.br\/noticias\/wp-content\/uploads\/2026\/02\/MFJ_2026_0772-300x300.jpg 300w, https:\/\/franciscanos.org.br\/noticias\/wp-content\/uploads\/2026\/02\/MFJ_2026_0772-100x100.jpg 100w\" sizes=\"(max-width: 300px) 100vw, 300px\" \/><\/a>\n\t\t\t<\/dt><\/dl><br style=\"clear: both\" \/><dl class='gallery-item'>\n\t\t\t<dt class='gallery-icon landscape'>\n\t\t\t\t<a href='https:\/\/franciscanos.org.br\/noticias\/wp-content\/uploads\/2026\/02\/MFJ_2026_0780-scaled.jpg'><img width=\"300\" height=\"300\" src=\"https:\/\/franciscanos.org.br\/noticias\/wp-content\/uploads\/2026\/02\/MFJ_2026_0780-300x300.jpg\" class=\"attachment-thumbnail size-thumbnail\" alt=\"\" loading=\"lazy\" srcset=\"https:\/\/franciscanos.org.br\/noticias\/wp-content\/uploads\/2026\/02\/MFJ_2026_0780-300x300.jpg 300w, https:\/\/franciscanos.org.br\/noticias\/wp-content\/uploads\/2026\/02\/MFJ_2026_0780-100x100.jpg 100w\" sizes=\"(max-width: 300px) 100vw, 300px\" \/><\/a>\n\t\t\t<\/dt><\/dl><dl class='gallery-item'>\n\t\t\t<dt class='gallery-icon landscape'>\n\t\t\t\t<a href='https:\/\/franciscanos.org.br\/noticias\/wp-content\/uploads\/2026\/02\/MFJ_2026_0783-scaled.jpg'><img width=\"300\" height=\"300\" src=\"https:\/\/franciscanos.org.br\/noticias\/wp-content\/uploads\/2026\/02\/MFJ_2026_0783-300x300.jpg\" class=\"attachment-thumbnail size-thumbnail\" alt=\"\" loading=\"lazy\" srcset=\"https:\/\/franciscanos.org.br\/noticias\/wp-content\/uploads\/2026\/02\/MFJ_2026_0783-300x300.jpg 300w, https:\/\/franciscanos.org.br\/noticias\/wp-content\/uploads\/2026\/02\/MFJ_2026_0783-100x100.jpg 100w\" sizes=\"(max-width: 300px) 100vw, 300px\" \/><\/a>\n\t\t\t<\/dt><\/dl><dl class='gallery-item'>\n\t\t\t<dt class='gallery-icon landscape'>\n\t\t\t\t<a href='https:\/\/franciscanos.org.br\/noticias\/wp-content\/uploads\/2026\/02\/MFJ_2026_0801-scaled.jpg'><img width=\"300\" height=\"300\" src=\"https:\/\/franciscanos.org.br\/noticias\/wp-content\/uploads\/2026\/02\/MFJ_2026_0801-300x300.jpg\" class=\"attachment-thumbnail size-thumbnail\" alt=\"\" loading=\"lazy\" srcset=\"https:\/\/franciscanos.org.br\/noticias\/wp-content\/uploads\/2026\/02\/MFJ_2026_0801-300x300.jpg 300w, https:\/\/franciscanos.org.br\/noticias\/wp-content\/uploads\/2026\/02\/MFJ_2026_0801-100x100.jpg 100w\" sizes=\"(max-width: 300px) 100vw, 300px\" \/><\/a>\n\t\t\t<\/dt><\/dl><dl class='gallery-item'>\n\t\t\t<dt class='gallery-icon landscape'>\n\t\t\t\t<a href='https:\/\/franciscanos.org.br\/noticias\/wp-content\/uploads\/2026\/02\/MFJ_2026_0803-scaled.jpg'><img width=\"300\" height=\"300\" src=\"https:\/\/franciscanos.org.br\/noticias\/wp-content\/uploads\/2026\/02\/MFJ_2026_0803-300x300.jpg\" class=\"attachment-thumbnail size-thumbnail\" alt=\"\" loading=\"lazy\" srcset=\"https:\/\/franciscanos.org.br\/noticias\/wp-content\/uploads\/2026\/02\/MFJ_2026_0803-300x300.jpg 300w, https:\/\/franciscanos.org.br\/noticias\/wp-content\/uploads\/2026\/02\/MFJ_2026_0803-100x100.jpg 100w\" sizes=\"(max-width: 300px) 100vw, 300px\" \/><\/a>\n\t\t\t<\/dt><\/dl><dl class='gallery-item'>\n\t\t\t<dt class='gallery-icon landscape'>\n\t\t\t\t<a href='https:\/\/franciscanos.org.br\/noticias\/wp-content\/uploads\/2026\/02\/MFJ_2026_0813-scaled.jpg'><img width=\"300\" height=\"300\" src=\"https:\/\/franciscanos.org.br\/noticias\/wp-content\/uploads\/2026\/02\/MFJ_2026_0813-300x300.jpg\" class=\"attachment-thumbnail size-thumbnail\" alt=\"\" loading=\"lazy\" srcset=\"https:\/\/franciscanos.org.br\/noticias\/wp-content\/uploads\/2026\/02\/MFJ_2026_0813-300x300.jpg 300w, https:\/\/franciscanos.org.br\/noticias\/wp-content\/uploads\/2026\/02\/MFJ_2026_0813-100x100.jpg 100w\" sizes=\"(max-width: 300px) 100vw, 300px\" \/><\/a>\n\t\t\t<\/dt><\/dl><br style=\"clear: both\" \/>\n\t\t<\/div>\n\n<p style=\"font-weight: 400;\"><strong>\u2018Jesus Cristo n\u00e3o \u00e9 uma ideia; \u00e9 amor concreto, amor encarnado\u2019<\/strong><\/p>\n<p style=\"font-weight: 400;\">Na homilia, Frei Felipe destacou o encontro pessoal com Jesus Cristo como o centro e o sentido de toda a experi\u00eancia mission\u00e1ria. Segundo ele, cada visita, ora\u00e7\u00e3o e gesto simples realizado durante a miss\u00e3o foi express\u00e3o da presen\u00e7a viva de Cristo, que se faz encontro em cada pessoa.<\/p>\n<p style=\"font-weight: 400;\">\u201cEste encontro \u00e9 o que de mais sagrado n\u00f3s podemos ofertar a cada um de voc\u00eas. Esta possibilidade de se ter uma intimidade com o nosso Salvador \u00e9 o que voc\u00eas vieram ter conosco, aqui em Santo Amaro. Nada mais!\u201d, afirmou.<\/p>\n<p><img loading=\"lazy\" class=\"size-full wp-image-263929\" src=\"https:\/\/franciscanos.org.br\/noticias\/wp-content\/uploads\/2026\/02\/IMG_8020.jpg\" alt=\"\" width=\"1320\" height=\"734\" srcset=\"https:\/\/franciscanos.org.br\/noticias\/wp-content\/uploads\/2026\/02\/IMG_8020.jpg 1320w, https:\/\/franciscanos.org.br\/noticias\/wp-content\/uploads\/2026\/02\/IMG_8020-450x250.jpg 450w, https:\/\/franciscanos.org.br\/noticias\/wp-content\/uploads\/2026\/02\/IMG_8020-1024x569.jpg 1024w, https:\/\/franciscanos.org.br\/noticias\/wp-content\/uploads\/2026\/02\/IMG_8020-768x427.jpg 768w, https:\/\/franciscanos.org.br\/noticias\/wp-content\/uploads\/2026\/02\/IMG_8020-150x83.jpg 150w\" sizes=\"(max-width: 1320px) 100vw, 1320px\" \/><\/p>\n<p style=\"font-weight: 400;\">Inspirado nos exemplos de S\u00e3o Francisco de Assis e Carlo Acutis, o frei ressaltou que a santidade \u00e9 um caminho poss\u00edvel e concreto para a juventude atual. O convite foi para que os jovens se tornem verdadeiros \u201cjovens do Evangelho\u201d, vivendo com autenticidade, fraternidade e compromisso com a justi\u00e7a e o Reino de Deus.<\/p>\n<p style=\"font-weight: 400;\">\u201cQuero que voc\u00eas sejam seres humanos integrados consigo mesmos; quero que voc\u00eas tenham coragem e ousadia para ser, no mundo, luzes onde h\u00e1 tantas trevas; quero que voc\u00eas sejam portadores da fraternidade, proclamadores da justi\u00e7a, anunciadores do Reino e das bem-aventuran\u00e7as\u201d, destacou o frei.<\/p>\n\n\t\t<style type=\"text\/css\">\n\t\t\t#gallery-2 {\n\t\t\t\tmargin: auto;\n\t\t\t}\n\t\t\t#gallery-2 .gallery-item {\n\t\t\t\tfloat: left;\n\t\t\t\tmargin-top: 10px;\n\t\t\t\ttext-align: center;\n\t\t\t\twidth: 25%;\n\t\t\t}\n\t\t\t#gallery-2 img {\n\t\t\t\tborder: 2px solid #cfcfcf;\n\t\t\t}\n\t\t\t#gallery-2 .gallery-caption {\n\t\t\t\tmargin-left: 0;\n\t\t\t}\n\t\t\t\/* see gallery_shortcode() in wp-includes\/media.php *\/\n\t\t<\/style>\n\t\t<div id='gallery-2' class='gallery galleryid-263907 gallery-columns-4 gallery-size-thumbnail'><dl class='gallery-item'>\n\t\t\t<dt class='gallery-icon landscape'>\n\t\t\t\t<a href='https:\/\/franciscanos.org.br\/noticias\/wp-content\/uploads\/2026\/02\/IMG_8022.jpg'><img width=\"300\" height=\"300\" src=\"https:\/\/franciscanos.org.br\/noticias\/wp-content\/uploads\/2026\/02\/IMG_8022-300x300.jpg\" class=\"attachment-thumbnail size-thumbnail\" alt=\"\" loading=\"lazy\" srcset=\"https:\/\/franciscanos.org.br\/noticias\/wp-content\/uploads\/2026\/02\/IMG_8022-300x300.jpg 300w, https:\/\/franciscanos.org.br\/noticias\/wp-content\/uploads\/2026\/02\/IMG_8022-100x100.jpg 100w\" sizes=\"(max-width: 300px) 100vw, 300px\" \/><\/a>\n\t\t\t<\/dt><\/dl><dl class='gallery-item'>\n\t\t\t<dt class='gallery-icon landscape'>\n\t\t\t\t<a href='https:\/\/franciscanos.org.br\/noticias\/wp-content\/uploads\/2026\/02\/IMG_8021.jpg'><img width=\"300\" height=\"300\" src=\"https:\/\/franciscanos.org.br\/noticias\/wp-content\/uploads\/2026\/02\/IMG_8021-300x300.jpg\" class=\"attachment-thumbnail size-thumbnail\" alt=\"\" loading=\"lazy\" srcset=\"https:\/\/franciscanos.org.br\/noticias\/wp-content\/uploads\/2026\/02\/IMG_8021-300x300.jpg 300w, https:\/\/franciscanos.org.br\/noticias\/wp-content\/uploads\/2026\/02\/IMG_8021-100x100.jpg 100w\" sizes=\"(max-width: 300px) 100vw, 300px\" \/><\/a>\n\t\t\t<\/dt><\/dl><dl class='gallery-item'>\n\t\t\t<dt class='gallery-icon landscape'>\n\t\t\t\t<a href='https:\/\/franciscanos.org.br\/noticias\/wp-content\/uploads\/2026\/02\/IMG_8024.jpg'><img width=\"300\" height=\"300\" src=\"https:\/\/franciscanos.org.br\/noticias\/wp-content\/uploads\/2026\/02\/IMG_8024-300x300.jpg\" class=\"attachment-thumbnail size-thumbnail\" alt=\"\" loading=\"lazy\" srcset=\"https:\/\/franciscanos.org.br\/noticias\/wp-content\/uploads\/2026\/02\/IMG_8024-300x300.jpg 300w, https:\/\/franciscanos.org.br\/noticias\/wp-content\/uploads\/2026\/02\/IMG_8024-100x100.jpg 100w\" sizes=\"(max-width: 300px) 100vw, 300px\" \/><\/a>\n\t\t\t<\/dt><\/dl><dl class='gallery-item'>\n\t\t\t<dt class='gallery-icon landscape'>\n\t\t\t\t<a href='https:\/\/franciscanos.org.br\/noticias\/wp-content\/uploads\/2026\/02\/IMG_8023.jpg'><img width=\"300\" height=\"300\" src=\"https:\/\/franciscanos.org.br\/noticias\/wp-content\/uploads\/2026\/02\/IMG_8023-300x300.jpg\" class=\"attachment-thumbnail size-thumbnail\" alt=\"\" loading=\"lazy\" srcset=\"https:\/\/franciscanos.org.br\/noticias\/wp-content\/uploads\/2026\/02\/IMG_8023-300x300.jpg 300w, https:\/\/franciscanos.org.br\/noticias\/wp-content\/uploads\/2026\/02\/IMG_8023-100x100.jpg 100w\" sizes=\"(max-width: 300px) 100vw, 300px\" \/><\/a>\n\t\t\t<\/dt><\/dl><br style=\"clear: both\" \/>\n\t\t<\/div>\n\n<p style=\"font-weight: 400;\">A homilia tamb\u00e9m enfatizou que o encontro com Cristo \u00e9 transformador e comprometedor, chamando os jovens a assumirem seu papel prof\u00e9tico no mundo contempor\u00e2neo, inclusive no ambiente digital.<\/p>\n<p style=\"font-weight: 400;\">\u201cJesus Cristo n\u00e3o \u00e9 uma ideia; \u00e9 amor concreto, amor encarnado. Ser do Evangelho \u00e9 traduzir e atualizar a vida de Jesus Cristo no nosso mundo de hoje. Por isso, Francisco e Carlo Acutis quiseram tanto realizar o seu encontro\u201d, apontou.<\/p>\n<p style=\"font-weight: 400;\">Utilizando a imagem da rede, Frei Felipe comparou os mission\u00e1rios a \u201cartes\u00e3os da paz e do bem\u201d, chamados a construir rela\u00e7\u00f5es firmes, seguras e sustentadas pelo Evangelho.<\/p>\n<p style=\"font-weight: 400;\"><img loading=\"lazy\" class=\"alignnone size-full wp-image-263933\" src=\"https:\/\/franciscanos.org.br\/noticias\/wp-content\/uploads\/2026\/02\/MFJ_2026_0693-scaled.jpg\" alt=\"\" width=\"1920\" height=\"1280\" srcset=\"https:\/\/franciscanos.org.br\/noticias\/wp-content\/uploads\/2026\/02\/MFJ_2026_0693-scaled.jpg 1620w, https:\/\/franciscanos.org.br\/noticias\/wp-content\/uploads\/2026\/02\/MFJ_2026_0693-450x300.jpg 450w, https:\/\/franciscanos.org.br\/noticias\/wp-content\/uploads\/2026\/02\/MFJ_2026_0693-1024x683.jpg 1024w, https:\/\/franciscanos.org.br\/noticias\/wp-content\/uploads\/2026\/02\/MFJ_2026_0693-768x512.jpg 768w, https:\/\/franciscanos.org.br\/noticias\/wp-content\/uploads\/2026\/02\/MFJ_2026_0693-1536x1024.jpg 1536w, https:\/\/franciscanos.org.br\/noticias\/wp-content\/uploads\/2026\/02\/MFJ_2026_0693-150x100.jpg 150w\" sizes=\"(max-width: 1920px) 100vw, 1920px\" \/><\/p>\n<p style=\"font-weight: 400;\">\u201cNossas rela\u00e7\u00f5es n\u00e3o podem ser constru\u00eddas em redes furadas. O trabalho do artes\u00e3o da paz e do bem \u00e9 algo produzido e esculpido no dia a dia. Precisamos abandonar as redes furadas e ir ao encontro das redes firmes e seguras. Ou seja, precisamos criar redes seguras, meus irm\u00e3os. O nosso mundo precisa de redes s\u00f3lidas, em que os n\u00f3s n\u00e3o se rompam, e que n\u00e3o caiamos nem deixemos o irm\u00e3o cair em redes furadas\u201d, acrescentou.<\/p>\n<p style=\"font-weight: 400;\">\u00c0 luz do Evangelho das Bem-aventuran\u00e7as, o frei afirmou que a MFJ foi uma viv\u00eancia concreta desse ensinamento de Jesus. Mais do que um encerramento, a celebra\u00e7\u00e3o marcou um envio mission\u00e1rio, convidando os jovens a retornarem \u00e0s suas casas como bem-aventuran\u00e7as vivas, anunciando o Evangelho com a pr\u00f3pria vida.<\/p>\n<p style=\"font-weight: 400;\"><img loading=\"lazy\" class=\"alignnone size-full wp-image-263934\" src=\"https:\/\/franciscanos.org.br\/noticias\/wp-content\/uploads\/2026\/02\/MFJ_2026_0790-1-scaled.jpg\" alt=\"\" width=\"1920\" height=\"1280\" srcset=\"https:\/\/franciscanos.org.br\/noticias\/wp-content\/uploads\/2026\/02\/MFJ_2026_0790-1-scaled.jpg 1620w, https:\/\/franciscanos.org.br\/noticias\/wp-content\/uploads\/2026\/02\/MFJ_2026_0790-1-450x300.jpg 450w, https:\/\/franciscanos.org.br\/noticias\/wp-content\/uploads\/2026\/02\/MFJ_2026_0790-1-1024x683.jpg 1024w, https:\/\/franciscanos.org.br\/noticias\/wp-content\/uploads\/2026\/02\/MFJ_2026_0790-1-768x512.jpg 768w, https:\/\/franciscanos.org.br\/noticias\/wp-content\/uploads\/2026\/02\/MFJ_2026_0790-1-1536x1024.jpg 1536w, https:\/\/franciscanos.org.br\/noticias\/wp-content\/uploads\/2026\/02\/MFJ_2026_0790-1-150x100.jpg 150w\" sizes=\"(max-width: 1920px) 100vw, 1920px\" \/><\/p>\n<p style=\"font-weight: 400;\">\u201cAs Miss\u00f5es Franciscanas da Juventude foram, na pr\u00e1tica, uma viv\u00eancia concreta das Bem-aventuran\u00e7as. Em cada casa visitada, em cada escuta silenciosa, em cada gesto simples, o Evangelho aconteceu. Talvez voc\u00eas n\u00e3o tenham resolvido todos os problemas, mas revelaram algo maior: que o Reino de Deus come\u00e7a quando algu\u00e9m se faz pr\u00f3ximo, quando algu\u00e9m se faz encontro e do encontro fazemos rede\u201d, destacou Frei Felipe.<\/p>\n<p style=\"font-weight: 400;\"><strong>Agenda das Juventudes da Prov\u00edncia<\/strong><\/p>\n<p><img loading=\"lazy\" class=\"alignnone size-full wp-image-263937\" src=\"https:\/\/franciscanos.org.br\/noticias\/wp-content\/uploads\/2026\/02\/MFJ_2026_0872-scaled.jpg\" alt=\"\" width=\"1920\" height=\"1280\" srcset=\"https:\/\/franciscanos.org.br\/noticias\/wp-content\/uploads\/2026\/02\/MFJ_2026_0872-scaled.jpg 1620w, https:\/\/franciscanos.org.br\/noticias\/wp-content\/uploads\/2026\/02\/MFJ_2026_0872-450x300.jpg 450w, https:\/\/franciscanos.org.br\/noticias\/wp-content\/uploads\/2026\/02\/MFJ_2026_0872-1024x683.jpg 1024w, https:\/\/franciscanos.org.br\/noticias\/wp-content\/uploads\/2026\/02\/MFJ_2026_0872-768x512.jpg 768w, https:\/\/franciscanos.org.br\/noticias\/wp-content\/uploads\/2026\/02\/MFJ_2026_0872-1536x1024.jpg 1536w, https:\/\/franciscanos.org.br\/noticias\/wp-content\/uploads\/2026\/02\/MFJ_2026_0872-150x100.jpg 150w\" sizes=\"(max-width: 1920px) 100vw, 1920px\" \/><\/p>\n<p style=\"font-weight: 400;\">Ap\u00f3s a missa de envio, os jovens se reuniram no sal\u00e3o anexo \u00e0 Igreja Matriz para os an\u00fancios das pr\u00f3ximas atividades das Juventudes da Prov\u00edncia ao longo de 2026 e da 10\u00aa edi\u00e7\u00e3o da MFJ, em 2027. Entre os destaques, o Alverne ter\u00e1 duas edi\u00e7\u00f5es em 2026: nos dias 24 e 25 de abril, em Guaratinguet\u00e1 (SP), e nos dias 22 e 23 de agosto, em Gaspar (SC).<\/p>\n<p style=\"font-weight: 400;\">Tamb\u00e9m foi lembrada a Caminhada Franciscana da Juventude, que acontecer\u00e1 nos dias 3, 4 e 5 de julho, em Colatina, no Esp\u00edrito Santo e que j\u00e1 chega em sua 14\u00aa edi\u00e7\u00e3o.<\/p>\n<p style=\"font-weight: 400;\"><img loading=\"lazy\" class=\"alignnone size-full wp-image-263938\" src=\"https:\/\/franciscanos.org.br\/noticias\/wp-content\/uploads\/2026\/02\/MFJ_2026_0918-scaled.jpg\" alt=\"\" width=\"1920\" height=\"1280\" srcset=\"https:\/\/franciscanos.org.br\/noticias\/wp-content\/uploads\/2026\/02\/MFJ_2026_0918-scaled.jpg 1620w, https:\/\/franciscanos.org.br\/noticias\/wp-content\/uploads\/2026\/02\/MFJ_2026_0918-450x300.jpg 450w, https:\/\/franciscanos.org.br\/noticias\/wp-content\/uploads\/2026\/02\/MFJ_2026_0918-1024x683.jpg 1024w, https:\/\/franciscanos.org.br\/noticias\/wp-content\/uploads\/2026\/02\/MFJ_2026_0918-768x512.jpg 768w, https:\/\/franciscanos.org.br\/noticias\/wp-content\/uploads\/2026\/02\/MFJ_2026_0918-1536x1024.jpg 1536w, https:\/\/franciscanos.org.br\/noticias\/wp-content\/uploads\/2026\/02\/MFJ_2026_0918-150x100.jpg 150w\" sizes=\"(max-width: 1920px) 100vw, 1920px\" \/><\/p>\n<p style=\"font-weight: 400;\">J\u00e1 a pr\u00f3xima edi\u00e7\u00e3o das Miss\u00f5es Franciscanas da Juventude ser\u00e1 realizada entre os dias 28 e 31 de janeiro de 2027, em Guaratinguet\u00e1 (SP). Ser\u00e3o dias de acolhida, forma\u00e7\u00e3o, espiritualidade e miss\u00e3o, vivendo intensamente a fraternidade, visitando comunidades, partilhando a f\u00e9 e celebrando a alegria de ser jovem no seguimento de Jesus Cristo!<\/p>\n<p><img loading=\"lazy\" class=\"size-full wp-image-263952\" src=\"https:\/\/franciscanos.org.br\/noticias\/wp-content\/uploads\/2026\/02\/DJI_0952-scaled.jpg\" alt=\"\" width=\"1440\" height=\"1920\" srcset=\"https:\/\/franciscanos.org.br\/noticias\/wp-content\/uploads\/2026\/02\/DJI_0952-scaled.jpg 1440w, https:\/\/franciscanos.org.br\/noticias\/wp-content\/uploads\/2026\/02\/DJI_0952-338x450.jpg 338w, https:\/\/franciscanos.org.br\/noticias\/wp-content\/uploads\/2026\/02\/DJI_0952-768x1024.jpg 768w, https:\/\/franciscanos.org.br\/noticias\/wp-content\/uploads\/2026\/02\/DJI_0952-1152x1536.jpg 1152w, https:\/\/franciscanos.org.br\/noticias\/wp-content\/uploads\/2026\/02\/DJI_0952-1536x2048.jpg 1536w, https:\/\/franciscanos.org.br\/noticias\/wp-content\/uploads\/2026\/02\/DJI_0952-150x200.jpg 150w\" sizes=\"(max-width: 1440px) 100vw, 1440px\" \/><\/p>\n\n\t\t<style type=\"text\/css\">\n\t\t\t#gallery-3 {\n\t\t\t\tmargin: auto;\n\t\t\t}\n\t\t\t#gallery-3 .gallery-item {\n\t\t\t\tfloat: left;\n\t\t\t\tmargin-top: 10px;\n\t\t\t\ttext-align: center;\n\t\t\t\twidth: 20%;\n\t\t\t}\n\t\t\t#gallery-3 img {\n\t\t\t\tborder: 2px solid #cfcfcf;\n\t\t\t}\n\t\t\t#gallery-3 .gallery-caption {\n\t\t\t\tmargin-left: 0;\n\t\t\t}\n\t\t\t\/* see gallery_shortcode() in wp-includes\/media.php *\/\n\t\t<\/style>\n\t\t<div id='gallery-3' class='gallery galleryid-263907 gallery-columns-5 gallery-size-thumbnail'><dl class='gallery-item'>\n\t\t\t<dt class='gallery-icon landscape'>\n\t\t\t\t<a href='https:\/\/franciscanos.org.br\/noticias\/wp-content\/uploads\/2026\/02\/MFJ_2026_0758-scaled.jpg'><img width=\"300\" height=\"300\" src=\"https:\/\/franciscanos.org.br\/noticias\/wp-content\/uploads\/2026\/02\/MFJ_2026_0758-300x300.jpg\" class=\"attachment-thumbnail size-thumbnail\" alt=\"\" loading=\"lazy\" srcset=\"https:\/\/franciscanos.org.br\/noticias\/wp-content\/uploads\/2026\/02\/MFJ_2026_0758-300x300.jpg 300w, https:\/\/franciscanos.org.br\/noticias\/wp-content\/uploads\/2026\/02\/MFJ_2026_0758-100x100.jpg 100w\" sizes=\"(max-width: 300px) 100vw, 300px\" \/><\/a>\n\t\t\t<\/dt><\/dl><dl class='gallery-item'>\n\t\t\t<dt class='gallery-icon landscape'>\n\t\t\t\t<a href='https:\/\/franciscanos.org.br\/noticias\/wp-content\/uploads\/2026\/02\/MFJ_2026_0829-scaled.jpg'><img width=\"300\" height=\"300\" src=\"https:\/\/franciscanos.org.br\/noticias\/wp-content\/uploads\/2026\/02\/MFJ_2026_0829-300x300.jpg\" class=\"attachment-thumbnail size-thumbnail\" alt=\"\" loading=\"lazy\" srcset=\"https:\/\/franciscanos.org.br\/noticias\/wp-content\/uploads\/2026\/02\/MFJ_2026_0829-300x300.jpg 300w, https:\/\/franciscanos.org.br\/noticias\/wp-content\/uploads\/2026\/02\/MFJ_2026_0829-100x100.jpg 100w\" sizes=\"(max-width: 300px) 100vw, 300px\" \/><\/a>\n\t\t\t<\/dt><\/dl><dl class='gallery-item'>\n\t\t\t<dt class='gallery-icon landscape'>\n\t\t\t\t<a href='https:\/\/franciscanos.org.br\/noticias\/wp-content\/uploads\/2026\/02\/MFJ_2026_0878-scaled.jpg'><img width=\"300\" height=\"300\" src=\"https:\/\/franciscanos.org.br\/noticias\/wp-content\/uploads\/2026\/02\/MFJ_2026_0878-300x300.jpg\" class=\"attachment-thumbnail size-thumbnail\" alt=\"\" loading=\"lazy\" srcset=\"https:\/\/franciscanos.org.br\/noticias\/wp-content\/uploads\/2026\/02\/MFJ_2026_0878-300x300.jpg 300w, https:\/\/franciscanos.org.br\/noticias\/wp-content\/uploads\/2026\/02\/MFJ_2026_0878-100x100.jpg 100w\" sizes=\"(max-width: 300px) 100vw, 300px\" \/><\/a>\n\t\t\t<\/dt><\/dl><dl class='gallery-item'>\n\t\t\t<dt class='gallery-icon landscape'>\n\t\t\t\t<a href='https:\/\/franciscanos.org.br\/noticias\/wp-content\/uploads\/2026\/02\/MFJ_2026_0927-scaled.jpg'><img width=\"300\" height=\"300\" src=\"https:\/\/franciscanos.org.br\/noticias\/wp-content\/uploads\/2026\/02\/MFJ_2026_0927-300x300.jpg\" class=\"attachment-thumbnail size-thumbnail\" alt=\"\" loading=\"lazy\" srcset=\"https:\/\/franciscanos.org.br\/noticias\/wp-content\/uploads\/2026\/02\/MFJ_2026_0927-300x300.jpg 300w, https:\/\/franciscanos.org.br\/noticias\/wp-content\/uploads\/2026\/02\/MFJ_2026_0927-100x100.jpg 100w\" sizes=\"(max-width: 300px) 100vw, 300px\" \/><\/a>\n\t\t\t<\/dt><\/dl><dl class='gallery-item'>\n\t\t\t<dt class='gallery-icon landscape'>\n\t\t\t\t<a href='https:\/\/franciscanos.org.br\/noticias\/wp-content\/uploads\/2026\/02\/MFJ_2026_0909-scaled.jpg'><img width=\"300\" height=\"300\" src=\"https:\/\/franciscanos.org.br\/noticias\/wp-content\/uploads\/2026\/02\/MFJ_2026_0909-300x300.jpg\" class=\"attachment-thumbnail size-thumbnail\" alt=\"\" loading=\"lazy\" srcset=\"https:\/\/franciscanos.org.br\/noticias\/wp-content\/uploads\/2026\/02\/MFJ_2026_0909-300x300.jpg 300w, https:\/\/franciscanos.org.br\/noticias\/wp-content\/uploads\/2026\/02\/MFJ_2026_0909-100x100.jpg 100w\" sizes=\"(max-width: 300px) 100vw, 300px\" \/><\/a>\n\t\t\t<\/dt><\/dl><br style=\"clear: both\" \/><dl class='gallery-item'>\n\t\t\t<dt class='gallery-icon landscape'>\n\t\t\t\t<a href='https:\/\/franciscanos.org.br\/noticias\/wp-content\/uploads\/2026\/02\/MFJ_2026_0898-scaled.jpg'><img width=\"300\" height=\"300\" src=\"https:\/\/franciscanos.org.br\/noticias\/wp-content\/uploads\/2026\/02\/MFJ_2026_0898-300x300.jpg\" class=\"attachment-thumbnail size-thumbnail\" alt=\"\" loading=\"lazy\" srcset=\"https:\/\/franciscanos.org.br\/noticias\/wp-content\/uploads\/2026\/02\/MFJ_2026_0898-300x300.jpg 300w, https:\/\/franciscanos.org.br\/noticias\/wp-content\/uploads\/2026\/02\/MFJ_2026_0898-100x100.jpg 100w\" sizes=\"(max-width: 300px) 100vw, 300px\" \/><\/a>\n\t\t\t<\/dt><\/dl><dl class='gallery-item'>\n\t\t\t<dt class='gallery-icon landscape'>\n\t\t\t\t<a href='https:\/\/franciscanos.org.br\/noticias\/wp-content\/uploads\/2026\/02\/MFJ_2026_0895-scaled.jpg'><img width=\"300\" height=\"300\" src=\"https:\/\/franciscanos.org.br\/noticias\/wp-content\/uploads\/2026\/02\/MFJ_2026_0895-300x300.jpg\" class=\"attachment-thumbnail size-thumbnail\" alt=\"\" loading=\"lazy\" srcset=\"https:\/\/franciscanos.org.br\/noticias\/wp-content\/uploads\/2026\/02\/MFJ_2026_0895-300x300.jpg 300w, https:\/\/franciscanos.org.br\/noticias\/wp-content\/uploads\/2026\/02\/MFJ_2026_0895-100x100.jpg 100w\" sizes=\"(max-width: 300px) 100vw, 300px\" \/><\/a>\n\t\t\t<\/dt><\/dl><dl class='gallery-item'>\n\t\t\t<dt class='gallery-icon landscape'>\n\t\t\t\t<a href='https:\/\/franciscanos.org.br\/noticias\/wp-content\/uploads\/2026\/02\/MFJ_2026_0892-1-scaled.jpg'><img width=\"300\" height=\"300\" src=\"https:\/\/franciscanos.org.br\/noticias\/wp-content\/uploads\/2026\/02\/MFJ_2026_0892-1-300x300.jpg\" class=\"attachment-thumbnail size-thumbnail\" alt=\"\" loading=\"lazy\" srcset=\"https:\/\/franciscanos.org.br\/noticias\/wp-content\/uploads\/2026\/02\/MFJ_2026_0892-1-300x300.jpg 300w, https:\/\/franciscanos.org.br\/noticias\/wp-content\/uploads\/2026\/02\/MFJ_2026_0892-1-100x100.jpg 100w\" sizes=\"(max-width: 300px) 100vw, 300px\" \/><\/a>\n\t\t\t<\/dt><\/dl><dl class='gallery-item'>\n\t\t\t<dt class='gallery-icon landscape'>\n\t\t\t\t<a href='https:\/\/franciscanos.org.br\/noticias\/wp-content\/uploads\/2026\/02\/MFJ_2026_0884-scaled.jpg'><img width=\"300\" height=\"300\" src=\"https:\/\/franciscanos.org.br\/noticias\/wp-content\/uploads\/2026\/02\/MFJ_2026_0884-300x300.jpg\" class=\"attachment-thumbnail size-thumbnail\" alt=\"\" loading=\"lazy\" srcset=\"https:\/\/franciscanos.org.br\/noticias\/wp-content\/uploads\/2026\/02\/MFJ_2026_0884-300x300.jpg 300w, https:\/\/franciscanos.org.br\/noticias\/wp-content\/uploads\/2026\/02\/MFJ_2026_0884-100x100.jpg 100w\" sizes=\"(max-width: 300px) 100vw, 300px\" \/><\/a>\n\t\t\t<\/dt><\/dl><dl class='gallery-item'>\n\t\t\t<dt class='gallery-icon landscape'>\n\t\t\t\t<a href='https:\/\/franciscanos.org.br\/noticias\/wp-content\/uploads\/2026\/02\/MFJ_2026_0881-scaled.jpg'><img width=\"300\" height=\"300\" src=\"https:\/\/franciscanos.org.br\/noticias\/wp-content\/uploads\/2026\/02\/MFJ_2026_0881-300x300.jpg\" class=\"attachment-thumbnail size-thumbnail\" alt=\"\" loading=\"lazy\" srcset=\"https:\/\/franciscanos.org.br\/noticias\/wp-content\/uploads\/2026\/02\/MFJ_2026_0881-300x300.jpg 300w, https:\/\/franciscanos.org.br\/noticias\/wp-content\/uploads\/2026\/02\/MFJ_2026_0881-100x100.jpg 100w\" sizes=\"(max-width: 300px) 100vw, 300px\" \/><\/a>\n\t\t\t<\/dt><\/dl><br style=\"clear: both\" \/>\n\t\t<\/div>\n\n<hr \/>\n<p style=\"font-weight: 400;\"><strong>Equipe de Comunica\u00e7\u00e3o da MFJ<\/strong><\/p>\n","protected":false},"excerpt":{"rendered":"<p>Encerramento das Miss\u00f5es Franciscanas da Juventude<\/p>\n","protected":false},"author":5,"featured_media":263912,"comment_status":"open","ping_status":"open","sticky":false,"template":"","format":"standard","meta":[],"categories":[1],"tags":[1466,1206],"acf":[],"yoast_head":"<!-- This site is optimized with the Yoast SEO plugin v19.2 - https:\/\/yoast.com\/wordpress\/plugins\/seo\/ -->\n<title>\u201cMiss\u00f5es Franciscanas da Juventude foram, na pr\u00e1tica, uma viv\u00eancia concreta das Bem-aventuran\u00e7as\u201d - Not\u00edcias - Franciscanos<\/title>\n<meta name=\"robots\" content=\"index, follow, max-snippet:-1, max-image-preview:large, max-video-preview:-1\" \/>\n<link rel=\"canonical\" href=\"https:\/\/franciscanos.org.br\/noticias\/missoes-franciscanas-da-juventude-foram-na-pratica-uma-vivencia-concreta-das-bem-aventurancas.html\" \/>\n<meta property=\"og:locale\" content=\"pt_BR\" \/>\n<meta property=\"og:type\" content=\"article\" \/>\n<meta property=\"og:title\" content=\"\u201cMiss\u00f5es Franciscanas da Juventude foram, na pr\u00e1tica, uma viv\u00eancia concreta das Bem-aventuran\u00e7as\u201d - Not\u00edcias - Franciscanos\" \/>\n<meta property=\"og:description\" content=\"Encerramento das Miss\u00f5es Franciscanas da Juventude\" \/>\n<meta property=\"og:url\" content=\"https:\/\/franciscanos.org.br\/noticias\/missoes-franciscanas-da-juventude-foram-na-pratica-uma-vivencia-concreta-das-bem-aventurancas.html\" \/>\n<meta property=\"og:site_name\" content=\"Not\u00edcias - Franciscanos\" \/>\n<meta property=\"article:published_time\" content=\"2026-02-02T02:51:38+00:00\" \/>\n<meta property=\"article:modified_time\" content=\"2026-02-02T02:53:22+00:00\" \/>\n<meta property=\"og:image\" content=\"https:\/\/franciscanos.org.br\/noticias\/wp-content\/uploads\/2026\/02\/MFJ_2026_0850-scaled.jpg\" \/>\n\t<meta property=\"og:image:width\" content=\"1620\" \/>\n\t<meta property=\"og:image:height\" content=\"1080\" \/>\n\t<meta property=\"og:image:type\" content=\"image\/jpeg\" \/>\n<meta name=\"author\" content=\"freiaugusto\" \/>\n<meta name=\"twitter:card\" content=\"summary_large_image\" \/>\n<meta name=\"twitter:label1\" content=\"Escrito por\" \/>\n\t<meta name=\"twitter:data1\" content=\"freiaugusto\" \/>\n\t<meta name=\"twitter:label2\" content=\"Est. tempo de leitura\" \/>\n\t<meta name=\"twitter:data2\" content=\"10 minutos\" \/>\n<script type=\"application\/ld+json\" class=\"yoast-schema-graph\">{\"@context\":\"https:\/\/schema.org\",\"@graph\":[{\"@type\":\"WebSite\",\"@id\":\"https:\/\/franciscanos.org.br\/noticias\/#website\",\"url\":\"https:\/\/franciscanos.org.br\/noticias\/\",\"name\":\"Not\u00edcias - Franciscanos\",\"description\":\"Prov\u00edncia Franciscana da Imaculada Concei\u00e7\u00e3o do Brasil - Ordem dos Frades Menores - OFM\",\"potentialAction\":[{\"@type\":\"SearchAction\",\"target\":{\"@type\":\"EntryPoint\",\"urlTemplate\":\"https:\/\/franciscanos.org.br\/noticias\/?s={search_term_string}\"},\"query-input\":\"required name=search_term_string\"}],\"inLanguage\":\"pt-BR\"},{\"@type\":\"ImageObject\",\"inLanguage\":\"pt-BR\",\"@id\":\"https:\/\/franciscanos.org.br\/noticias\/missoes-franciscanas-da-juventude-foram-na-pratica-uma-vivencia-concreta-das-bem-aventurancas.html#primaryimage\",\"url\":\"https:\/\/franciscanos.org.br\/noticias\/wp-content\/uploads\/2026\/02\/MFJ_2026_0850-scaled.jpg\",\"contentUrl\":\"https:\/\/franciscanos.org.br\/noticias\/wp-content\/uploads\/2026\/02\/MFJ_2026_0850-scaled.jpg\",\"width\":1620,\"height\":1080},{\"@type\":\"WebPage\",\"@id\":\"https:\/\/franciscanos.org.br\/noticias\/missoes-franciscanas-da-juventude-foram-na-pratica-uma-vivencia-concreta-das-bem-aventurancas.html#webpage\",\"url\":\"https:\/\/franciscanos.org.br\/noticias\/missoes-franciscanas-da-juventude-foram-na-pratica-uma-vivencia-concreta-das-bem-aventurancas.html\",\"name\":\"\u201cMiss\u00f5es Franciscanas da Juventude foram, na pr\u00e1tica, uma viv\u00eancia concreta das Bem-aventuran\u00e7as\u201d - Not\u00edcias - Franciscanos\",\"isPartOf\":{\"@id\":\"https:\/\/franciscanos.org.br\/noticias\/#website\"},\"primaryImageOfPage\":{\"@id\":\"https:\/\/franciscanos.org.br\/noticias\/missoes-franciscanas-da-juventude-foram-na-pratica-uma-vivencia-concreta-das-bem-aventurancas.html#primaryimage\"},\"datePublished\":\"2026-02-02T02:51:38+00:00\",\"dateModified\":\"2026-02-02T02:53:22+00:00\",\"author\":{\"@id\":\"https:\/\/franciscanos.org.br\/noticias\/#\/schema\/person\/37f88f0d111cd5358b12a6556a99eb91\"},\"breadcrumb\":{\"@id\":\"https:\/\/franciscanos.org.br\/noticias\/missoes-franciscanas-da-juventude-foram-na-pratica-uma-vivencia-concreta-das-bem-aventurancas.html#breadcrumb\"},\"inLanguage\":\"pt-BR\",\"potentialAction\":[{\"@type\":\"ReadAction\",\"target\":[\"https:\/\/franciscanos.org.br\/noticias\/missoes-franciscanas-da-juventude-foram-na-pratica-uma-vivencia-concreta-das-bem-aventurancas.html\"]}]},{\"@type\":\"BreadcrumbList\",\"@id\":\"https:\/\/franciscanos.org.br\/noticias\/missoes-franciscanas-da-juventude-foram-na-pratica-uma-vivencia-concreta-das-bem-aventurancas.html#breadcrumb\",\"itemListElement\":[{\"@type\":\"ListItem\",\"position\":1,\"name\":\"Home\",\"item\":\"https:\/\/franciscanos.org.br\/noticias\"},{\"@type\":\"ListItem\",\"position\":2,\"name\":\"\u201cMiss\u00f5es Franciscanas da Juventude foram, na pr\u00e1tica, uma viv\u00eancia concreta das Bem-aventuran\u00e7as\u201d\"}]},{\"@type\":\"Person\",\"@id\":\"https:\/\/franciscanos.org.br\/noticias\/#\/schema\/person\/37f88f0d111cd5358b12a6556a99eb91\",\"name\":\"freiaugusto\",\"image\":{\"@type\":\"ImageObject\",\"inLanguage\":\"pt-BR\",\"@id\":\"https:\/\/franciscanos.org.br\/noticias\/#\/schema\/person\/image\/\",\"url\":\"https:\/\/secure.gravatar.com\/avatar\/9840b940e621801b24f3e6b059efb4b7?s=96&d=mm&r=g\",\"contentUrl\":\"https:\/\/secure.gravatar.com\/avatar\/9840b940e621801b24f3e6b059efb4b7?s=96&d=mm&r=g\",\"caption\":\"freiaugusto\"},\"url\":\"https:\/\/franciscanos.org.br\/noticias\/author\/freiaugusto\"}]}<\/script>\n<!-- \/ Yoast SEO plugin. -->","yoast_head_json":{"title":"\u201cMiss\u00f5es Franciscanas da Juventude foram, na pr\u00e1tica, uma viv\u00eancia concreta das Bem-aventuran\u00e7as\u201d - Not\u00edcias - Franciscanos","robots":{"index":"index","follow":"follow","max-snippet":"max-snippet:-1","max-image-preview":"max-image-preview:large","max-video-preview":"max-video-preview:-1"},"canonical":"https:\/\/franciscanos.org.br\/noticias\/missoes-franciscanas-da-juventude-foram-na-pratica-uma-vivencia-concreta-das-bem-aventurancas.html","og_locale":"pt_BR","og_type":"article","og_title":"\u201cMiss\u00f5es Franciscanas da Juventude foram, na pr\u00e1tica, uma viv\u00eancia concreta das Bem-aventuran\u00e7as\u201d - Not\u00edcias - Franciscanos","og_description":"Encerramento das Miss\u00f5es Franciscanas da Juventude","og_url":"https:\/\/franciscanos.org.br\/noticias\/missoes-franciscanas-da-juventude-foram-na-pratica-uma-vivencia-concreta-das-bem-aventurancas.html","og_site_name":"Not\u00edcias - Franciscanos","article_published_time":"2026-02-02T02:51:38+00:00","article_modified_time":"2026-02-02T02:53:22+00:00","og_image":[{"width":1620,"height":1080,"url":"https:\/\/franciscanos.org.br\/noticias\/wp-content\/uploads\/2026\/02\/MFJ_2026_0850-scaled.jpg","type":"image\/jpeg"}],"author":"freiaugusto","twitter_card":"summary_large_image","twitter_misc":{"Escrito por":"freiaugusto","Est. tempo de leitura":"10 minutos"},"schema":{"@context":"https:\/\/schema.org","@graph":[{"@type":"WebSite","@id":"https:\/\/franciscanos.org.br\/noticias\/#website","url":"https:\/\/franciscanos.org.br\/noticias\/","name":"Not\u00edcias - Franciscanos","description":"Prov\u00edncia Franciscana da Imaculada Concei\u00e7\u00e3o do Brasil - Ordem dos Frades Menores - OFM","potentialAction":[{"@type":"SearchAction","target":{"@type":"EntryPoint","urlTemplate":"https:\/\/franciscanos.org.br\/noticias\/?s={search_term_string}"},"query-input":"required name=search_term_string"}],"inLanguage":"pt-BR"},{"@type":"ImageObject","inLanguage":"pt-BR","@id":"https:\/\/franciscanos.org.br\/noticias\/missoes-franciscanas-da-juventude-foram-na-pratica-uma-vivencia-concreta-das-bem-aventurancas.html#primaryimage","url":"https:\/\/franciscanos.org.br\/noticias\/wp-content\/uploads\/2026\/02\/MFJ_2026_0850-scaled.jpg","contentUrl":"https:\/\/franciscanos.org.br\/noticias\/wp-content\/uploads\/2026\/02\/MFJ_2026_0850-scaled.jpg","width":1620,"height":1080},{"@type":"WebPage","@id":"https:\/\/franciscanos.org.br\/noticias\/missoes-franciscanas-da-juventude-foram-na-pratica-uma-vivencia-concreta-das-bem-aventurancas.html#webpage","url":"https:\/\/franciscanos.org.br\/noticias\/missoes-franciscanas-da-juventude-foram-na-pratica-uma-vivencia-concreta-das-bem-aventurancas.html","name":"\u201cMiss\u00f5es Franciscanas da Juventude foram, na pr\u00e1tica, uma viv\u00eancia concreta das Bem-aventuran\u00e7as\u201d - Not\u00edcias - Franciscanos","isPartOf":{"@id":"https:\/\/franciscanos.org.br\/noticias\/#website"},"primaryImageOfPage":{"@id":"https:\/\/franciscanos.org.br\/noticias\/missoes-franciscanas-da-juventude-foram-na-pratica-uma-vivencia-concreta-das-bem-aventurancas.html#primaryimage"},"datePublished":"2026-02-02T02:51:38+00:00","dateModified":"2026-02-02T02:53:22+00:00","author":{"@id":"https:\/\/franciscanos.org.br\/noticias\/#\/schema\/person\/37f88f0d111cd5358b12a6556a99eb91"},"breadcrumb":{"@id":"https:\/\/franciscanos.org.br\/noticias\/missoes-franciscanas-da-juventude-foram-na-pratica-uma-vivencia-concreta-das-bem-aventurancas.html#breadcrumb"},"inLanguage":"pt-BR","potentialAction":[{"@type":"ReadAction","target":["https:\/\/franciscanos.org.br\/noticias\/missoes-franciscanas-da-juventude-foram-na-pratica-uma-vivencia-concreta-das-bem-aventurancas.html"]}]},{"@type":"BreadcrumbList","@id":"https:\/\/franciscanos.org.br\/noticias\/missoes-franciscanas-da-juventude-foram-na-pratica-uma-vivencia-concreta-das-bem-aventurancas.html#breadcrumb","itemListElement":[{"@type":"ListItem","position":1,"name":"Home","item":"https:\/\/franciscanos.org.br\/noticias"},{"@type":"ListItem","position":2,"name":"\u201cMiss\u00f5es Franciscanas da Juventude foram, na pr\u00e1tica, uma viv\u00eancia concreta das Bem-aventuran\u00e7as\u201d"}]},{"@type":"Person","@id":"https:\/\/franciscanos.org.br\/noticias\/#\/schema\/person\/37f88f0d111cd5358b12a6556a99eb91","name":"freiaugusto","image":{"@type":"ImageObject","inLanguage":"pt-BR","@id":"https:\/\/franciscanos.org.br\/noticias\/#\/schema\/person\/image\/","url":"https:\/\/secure.gravatar.com\/avatar\/9840b940e621801b24f3e6b059efb4b7?s=96&d=mm&r=g","contentUrl":"https:\/\/secure.gravatar.com\/avatar\/9840b940e621801b24f3e6b059efb4b7?s=96&d=mm&r=g","caption":"freiaugusto"},"url":"https:\/\/franciscanos.org.br\/noticias\/author\/freiaugusto"}]}},"_links":{"self":[{"href":"https:\/\/franciscanos.org.br\/noticias\/wp-json\/wp\/v2\/posts\/263907"}],"collection":[{"href":"https:\/\/franciscanos.org.br\/noticias\/wp-json\/wp\/v2\/posts"}],"about":[{"href":"https:\/\/franciscanos.org.br\/noticias\/wp-json\/wp\/v2\/types\/post"}],"author":[{"embeddable":true,"href":"https:\/\/franciscanos.org.br\/noticias\/wp-json\/wp\/v2\/users\/5"}],"replies":[{"embeddable":true,"href":"https:\/\/franciscanos.org.br\/noticias\/wp-json\/wp\/v2\/comments?post=263907"}],"version-history":[{"count":3,"href":"https:\/\/franciscanos.org.br\/noticias\/wp-json\/wp\/v2\/posts\/263907\/revisions"}],"predecessor-version":[{"id":263953,"href":"https:\/\/franciscanos.org.br\/noticias\/wp-json\/wp\/v2\/posts\/263907\/revisions\/263953"}],"wp:featuredmedia":[{"embeddable":true,"href":"https:\/\/franciscanos.org.br\/noticias\/wp-json\/wp\/v2\/media\/263912"}],"wp:attachment":[{"href":"https:\/\/franciscanos.org.br\/noticias\/wp-json\/wp\/v2\/media?parent=263907"}],"wp:term":[{"taxonomy":"category","embeddable":true,"href":"https:\/\/franciscanos.org.br\/noticias\/wp-json\/wp\/v2\/categories?post=263907"},{"taxonomy":"post_tag","embeddable":true,"href":"https:\/\/franciscanos.org.br\/noticias\/wp-json\/wp\/v2\/tags?post=263907"}],"curies":[{"name":"wp","href":"https:\/\/api.w.org\/{rel}","templated":true}]}}