{"id":263802,"date":"2026-01-31T07:30:23","date_gmt":"2026-01-31T10:30:23","guid":{"rendered":"https:\/\/franciscanos.org.br\/noticias\/?p=263802"},"modified":"2026-01-31T07:44:08","modified_gmt":"2026-01-31T10:44:08","slug":"levar-jesus-e-a-nossa-maior-riqueza","status":"publish","type":"post","link":"https:\/\/franciscanos.org.br\/noticias\/levar-jesus-e-a-nossa-maior-riqueza.html","title":{"rendered":"\u201cLevar Jesus \u00e9 a nossa maior riqueza\u201d"},"content":{"rendered":"<p><img loading=\"lazy\" class=\"alignnone size-full wp-image-263803\" src=\"https:\/\/franciscanos.org.br\/noticias\/wp-content\/uploads\/2026\/01\/missoes_300126-scaled.jpeg\" alt=\"\" width=\"1620\" height=\"1080\" srcset=\"https:\/\/franciscanos.org.br\/noticias\/wp-content\/uploads\/2026\/01\/missoes_300126-scaled.jpeg 1620w, https:\/\/franciscanos.org.br\/noticias\/wp-content\/uploads\/2026\/01\/missoes_300126-450x300.jpeg 450w, https:\/\/franciscanos.org.br\/noticias\/wp-content\/uploads\/2026\/01\/missoes_300126-1024x683.jpeg 1024w, https:\/\/franciscanos.org.br\/noticias\/wp-content\/uploads\/2026\/01\/missoes_300126-768x512.jpeg 768w, https:\/\/franciscanos.org.br\/noticias\/wp-content\/uploads\/2026\/01\/missoes_300126-1536x1024.jpeg 1536w, https:\/\/franciscanos.org.br\/noticias\/wp-content\/uploads\/2026\/01\/missoes_300126-2048x1365.jpeg 2048w, https:\/\/franciscanos.org.br\/noticias\/wp-content\/uploads\/2026\/01\/missoes_300126-150x100.jpeg 150w\" sizes=\"(max-width: 1620px) 100vw, 1620px\" \/><\/p>\n<p><em>2\u00ba dia da MFJ refor\u00e7a miss\u00e3o, espiritualidade e fraternidade entre jovens franciscanos, do cotidiano \u00e0s redes sociais<\/em><\/p>\n<p style=\"font-weight: 400;\"><strong>Santo Amaro da Imperatriz (SC) &#8211;<\/strong> Na \u00faltima sexta-feira, 30 de janeiro, aconteceu o segundo dia das Miss\u00f5es Franciscanas da Juventude (MFJ 2026), que re\u00fane jovens mission\u00e1rios para uma intensa programa\u00e7\u00e3o marcada por f\u00e9, forma\u00e7\u00e3o e espiritualidade.<\/p>\n<p style=\"font-weight: 400;\">A manh\u00e3 teve in\u00edcio com c\u00e2nticos, anima\u00e7\u00e3o e momentos de ora\u00e7\u00e3o, criando um ambiente de fraternidade e escuta que preparou os jovens mission\u00e1rios para mais um dia de prepara\u00e7\u00e3o para as miss\u00f5es que ir\u00e3o acontecer neste s\u00e1bado (31\/01), nas comunidades da Par\u00f3quia de Santo Amaro da Imperatriz e \u00c1guas Mornas, em Santa Catarina.<\/p>\n<p style=\"font-weight: 400;\">Logo ap\u00f3s a ora\u00e7\u00e3o inicial, os jovens foram conduzidos a primeira atividade da programa\u00e7\u00e3o, uma forma\u00e7\u00e3o com o tema \u201cFrancisco e Carlo Acutis: jovens do Evangelho\u201d, conduzida pelos freis Leandro Costa e Marx Rodrigues.<\/p>\n<p style=\"font-weight: 400;\"><img loading=\"lazy\" class=\"alignnone size-full wp-image-263805\" src=\"https:\/\/franciscanos.org.br\/noticias\/wp-content\/uploads\/2026\/01\/missoes_300126_3-scaled.jpeg\" alt=\"\" width=\"1920\" height=\"1280\" srcset=\"https:\/\/franciscanos.org.br\/noticias\/wp-content\/uploads\/2026\/01\/missoes_300126_3-scaled.jpeg 1620w, https:\/\/franciscanos.org.br\/noticias\/wp-content\/uploads\/2026\/01\/missoes_300126_3-450x300.jpeg 450w, https:\/\/franciscanos.org.br\/noticias\/wp-content\/uploads\/2026\/01\/missoes_300126_3-1024x683.jpeg 1024w, https:\/\/franciscanos.org.br\/noticias\/wp-content\/uploads\/2026\/01\/missoes_300126_3-768x512.jpeg 768w, https:\/\/franciscanos.org.br\/noticias\/wp-content\/uploads\/2026\/01\/missoes_300126_3-1536x1024.jpeg 1536w, https:\/\/franciscanos.org.br\/noticias\/wp-content\/uploads\/2026\/01\/missoes_300126_3-2048x1365.jpeg 2048w, https:\/\/franciscanos.org.br\/noticias\/wp-content\/uploads\/2026\/01\/missoes_300126_3-150x100.jpeg 150w\" sizes=\"(max-width: 1920px) 100vw, 1920px\" \/><\/p>\n<p style=\"font-weight: 400;\">No in\u00edcio da sua fala, Frei Leandro destacou que a miss\u00e3o nasce do encontro pessoal com Cristo e se sustenta em uma espiritualidade encarnada, simples e coerente com o Evangelho. Refor\u00e7ou que ser mission\u00e1rio n\u00e3o \u00e9 apenas \u201cfazer coisas\u201d, mas ser presen\u00e7a, testemunhando com a pr\u00f3pria vida valores como humildade, escuta, alegria e disponibilidade.<\/p>\n<p style=\"font-weight: 400;\">\u201cNa medida em que a gente percebe que o outro nos completa, que o outro pode ir a um lugar onde meus p\u00e9s n\u00e3o est\u00e3o, n\u00e3o alcan\u00e7am. As vistas dos outros alcan\u00e7am horizontes que as minhas n\u00e3o alcan\u00e7am. E assim a gente percebe que ainda que pensemos de formas diferentes, n\u00f3s n\u00e3o somos oposi\u00e7\u00e3o quando somos igreja. E aqui olhar para Francisco e Carlo \u00e9 perceber o mesmo horizonte de caminhos que passam por p\u00e9s e pegadas diferentes. Cada um ao seu modo, ao seu tempo, mas que complementa uma obra que nasce do sonho de Deus\u201d, afirmou Frei Leandro.<\/p>\n<p style=\"font-weight: 400;\"><img loading=\"lazy\" class=\"alignnone size-full wp-image-263806\" src=\"https:\/\/franciscanos.org.br\/noticias\/wp-content\/uploads\/2026\/01\/missoes_300126_4-scaled.jpeg\" alt=\"\" width=\"1920\" height=\"1280\" srcset=\"https:\/\/franciscanos.org.br\/noticias\/wp-content\/uploads\/2026\/01\/missoes_300126_4-scaled.jpeg 1620w, https:\/\/franciscanos.org.br\/noticias\/wp-content\/uploads\/2026\/01\/missoes_300126_4-450x300.jpeg 450w, https:\/\/franciscanos.org.br\/noticias\/wp-content\/uploads\/2026\/01\/missoes_300126_4-1024x683.jpeg 1024w, https:\/\/franciscanos.org.br\/noticias\/wp-content\/uploads\/2026\/01\/missoes_300126_4-768x512.jpeg 768w, https:\/\/franciscanos.org.br\/noticias\/wp-content\/uploads\/2026\/01\/missoes_300126_4-1536x1024.jpeg 1536w, https:\/\/franciscanos.org.br\/noticias\/wp-content\/uploads\/2026\/01\/missoes_300126_4-2048x1365.jpeg 2048w, https:\/\/franciscanos.org.br\/noticias\/wp-content\/uploads\/2026\/01\/missoes_300126_4-150x100.jpeg 150w\" sizes=\"(max-width: 1920px) 100vw, 1920px\" \/><\/p>\n<p style=\"font-weight: 400;\">Segundo o frade, a miss\u00e3o come\u00e7a dentro de cada jovem, na convers\u00e3o di\u00e1ria do cora\u00e7\u00e3o, e se expressa no cuidado com as pessoas, especialmente aquelas que se encontram mais feridas e esquecidas pela sociedade.<\/p>\n<p style=\"font-weight: 400;\">Na sequ\u00eancia da forma\u00e7\u00e3o, Frei Marx Rodrigues aprofundou a dimens\u00e3o comunit\u00e1ria e fraterna da miss\u00e3o, lembrando que ningu\u00e9m \u00e9 mission\u00e1rio sozinho. Enfatizou que a experi\u00eancia da MFJ \u00e9 sinal de uma Igreja em sa\u00edda, que caminha junto, acolhe as diferen\u00e7as e constr\u00f3i unidade. Destacou ainda o esp\u00edrito franciscano como caminho de paz, reconcilia\u00e7\u00e3o e di\u00e1logo, convidando os jovens a serem instrumentos de comunh\u00e3o nos espa\u00e7os onde forem enviados.<\/p>\n<p style=\"font-weight: 400;\"><img loading=\"lazy\" class=\"alignnone size-full wp-image-263804\" src=\"https:\/\/franciscanos.org.br\/noticias\/wp-content\/uploads\/2026\/01\/missoes_300126_1-scaled.jpeg\" alt=\"\" width=\"1920\" height=\"1280\" srcset=\"https:\/\/franciscanos.org.br\/noticias\/wp-content\/uploads\/2026\/01\/missoes_300126_1-scaled.jpeg 1620w, https:\/\/franciscanos.org.br\/noticias\/wp-content\/uploads\/2026\/01\/missoes_300126_1-450x300.jpeg 450w, https:\/\/franciscanos.org.br\/noticias\/wp-content\/uploads\/2026\/01\/missoes_300126_1-1024x683.jpeg 1024w, https:\/\/franciscanos.org.br\/noticias\/wp-content\/uploads\/2026\/01\/missoes_300126_1-768x512.jpeg 768w, https:\/\/franciscanos.org.br\/noticias\/wp-content\/uploads\/2026\/01\/missoes_300126_1-1536x1024.jpeg 1536w, https:\/\/franciscanos.org.br\/noticias\/wp-content\/uploads\/2026\/01\/missoes_300126_1-2048x1365.jpeg 2048w, https:\/\/franciscanos.org.br\/noticias\/wp-content\/uploads\/2026\/01\/missoes_300126_1-150x100.jpeg 150w\" sizes=\"(max-width: 1920px) 100vw, 1920px\" \/><\/p>\n<p style=\"font-weight: 400;\">\u201cDeus \u00e9 amor, mas n\u00e3o \u00e9 amor em v\u00e3o. \u00c9 amor encarnado, \u00e9 amor que voc\u00ea toca. Se voc\u00ea diz que ama o teu irm\u00e3o, mas a vida do outro n\u00e3o lhe importa, isso n\u00e3o \u00e9 amor. Amor verdadeiro compromete. Amor real toca a gente. Mexe na fibra do nosso cora\u00e7\u00e3o, mexe nas fibras da alma, como diz o poeta\u201d, enfatizou o frei.<\/p>\n<p style=\"font-weight: 400;\">Ao longo da forma\u00e7\u00e3o, os freis refor\u00e7aram que a miss\u00e3o n\u00e3o se limita aos dias vividos na miss\u00e3o, mas deve se prolongar na vida cotidiana de cada jovem. O envio mission\u00e1rio \u00e9 permanente e se concretiza nas escolhas di\u00e1rias, nas rela\u00e7\u00f5es familiares, no trabalho, nos estudos e na atua\u00e7\u00e3o dentro e fora da Igreja.<\/p>\n<p style=\"font-weight: 400;\"><img loading=\"lazy\" class=\"alignnone size-full wp-image-263807\" src=\"https:\/\/franciscanos.org.br\/noticias\/wp-content\/uploads\/2026\/01\/missoes_300126_5-scaled.jpeg\" alt=\"\" width=\"1920\" height=\"1280\" srcset=\"https:\/\/franciscanos.org.br\/noticias\/wp-content\/uploads\/2026\/01\/missoes_300126_5-scaled.jpeg 1620w, https:\/\/franciscanos.org.br\/noticias\/wp-content\/uploads\/2026\/01\/missoes_300126_5-450x300.jpeg 450w, https:\/\/franciscanos.org.br\/noticias\/wp-content\/uploads\/2026\/01\/missoes_300126_5-1024x683.jpeg 1024w, https:\/\/franciscanos.org.br\/noticias\/wp-content\/uploads\/2026\/01\/missoes_300126_5-768x512.jpeg 768w, https:\/\/franciscanos.org.br\/noticias\/wp-content\/uploads\/2026\/01\/missoes_300126_5-1536x1024.jpeg 1536w, https:\/\/franciscanos.org.br\/noticias\/wp-content\/uploads\/2026\/01\/missoes_300126_5-2048x1365.jpeg 2048w, https:\/\/franciscanos.org.br\/noticias\/wp-content\/uploads\/2026\/01\/missoes_300126_5-150x100.jpeg 150w\" sizes=\"(max-width: 1920px) 100vw, 1920px\" \/><\/p>\n<p style=\"font-weight: 400;\">Os jovens foram motivados a levar para o mundo tudo aquilo que experimentaram na miss\u00e3o: f\u00e9 viva, fraternidade concreta, servi\u00e7o generoso e esperan\u00e7a. A forma\u00e7\u00e3o reafirmou que Deus age mesmo por meio de gestos simples e silenciosos, quando s\u00e3o realizados com amor e fidelidade, fortalecendo o compromisso dos jovens em viver a miss\u00e3o como um verdadeiro estilo de vida franciscano.<\/p>\n\n\t\t<style type=\"text\/css\">\n\t\t\t#gallery-1 {\n\t\t\t\tmargin: auto;\n\t\t\t}\n\t\t\t#gallery-1 .gallery-item {\n\t\t\t\tfloat: left;\n\t\t\t\tmargin-top: 10px;\n\t\t\t\ttext-align: center;\n\t\t\t\twidth: 20%;\n\t\t\t}\n\t\t\t#gallery-1 img {\n\t\t\t\tborder: 2px solid #cfcfcf;\n\t\t\t}\n\t\t\t#gallery-1 .gallery-caption {\n\t\t\t\tmargin-left: 0;\n\t\t\t}\n\t\t\t\/* see gallery_shortcode() in wp-includes\/media.php *\/\n\t\t<\/style>\n\t\t<div id='gallery-1' class='gallery galleryid-263802 gallery-columns-5 gallery-size-thumbnail'><dl class='gallery-item'>\n\t\t\t<dt class='gallery-icon landscape'>\n\t\t\t\t<a href='https:\/\/franciscanos.org.br\/noticias\/wp-content\/uploads\/2026\/01\/1-_MG_0006-scaled.jpeg'><img width=\"300\" height=\"300\" src=\"https:\/\/franciscanos.org.br\/noticias\/wp-content\/uploads\/2026\/01\/1-_MG_0006-300x300.jpeg\" class=\"attachment-thumbnail size-thumbnail\" alt=\"\" loading=\"lazy\" srcset=\"https:\/\/franciscanos.org.br\/noticias\/wp-content\/uploads\/2026\/01\/1-_MG_0006-300x300.jpeg 300w, https:\/\/franciscanos.org.br\/noticias\/wp-content\/uploads\/2026\/01\/1-_MG_0006-100x100.jpeg 100w\" sizes=\"(max-width: 300px) 100vw, 300px\" \/><\/a>\n\t\t\t<\/dt><\/dl><dl class='gallery-item'>\n\t\t\t<dt class='gallery-icon landscape'>\n\t\t\t\t<a href='https:\/\/franciscanos.org.br\/noticias\/wp-content\/uploads\/2026\/01\/4-_MG_0020-scaled.jpeg'><img width=\"300\" height=\"300\" src=\"https:\/\/franciscanos.org.br\/noticias\/wp-content\/uploads\/2026\/01\/4-_MG_0020-300x300.jpeg\" class=\"attachment-thumbnail size-thumbnail\" alt=\"\" loading=\"lazy\" srcset=\"https:\/\/franciscanos.org.br\/noticias\/wp-content\/uploads\/2026\/01\/4-_MG_0020-300x300.jpeg 300w, https:\/\/franciscanos.org.br\/noticias\/wp-content\/uploads\/2026\/01\/4-_MG_0020-100x100.jpeg 100w\" sizes=\"(max-width: 300px) 100vw, 300px\" \/><\/a>\n\t\t\t<\/dt><\/dl><dl class='gallery-item'>\n\t\t\t<dt class='gallery-icon landscape'>\n\t\t\t\t<a href='https:\/\/franciscanos.org.br\/noticias\/wp-content\/uploads\/2026\/01\/5-_MG_0024-scaled.jpeg'><img width=\"300\" height=\"300\" src=\"https:\/\/franciscanos.org.br\/noticias\/wp-content\/uploads\/2026\/01\/5-_MG_0024-300x300.jpeg\" class=\"attachment-thumbnail size-thumbnail\" alt=\"\" loading=\"lazy\" srcset=\"https:\/\/franciscanos.org.br\/noticias\/wp-content\/uploads\/2026\/01\/5-_MG_0024-300x300.jpeg 300w, https:\/\/franciscanos.org.br\/noticias\/wp-content\/uploads\/2026\/01\/5-_MG_0024-100x100.jpeg 100w\" sizes=\"(max-width: 300px) 100vw, 300px\" \/><\/a>\n\t\t\t<\/dt><\/dl><dl class='gallery-item'>\n\t\t\t<dt class='gallery-icon landscape'>\n\t\t\t\t<a href='https:\/\/franciscanos.org.br\/noticias\/wp-content\/uploads\/2026\/01\/6-_MG_0026-scaled.jpeg'><img width=\"300\" height=\"300\" src=\"https:\/\/franciscanos.org.br\/noticias\/wp-content\/uploads\/2026\/01\/6-_MG_0026-300x300.jpeg\" class=\"attachment-thumbnail size-thumbnail\" alt=\"\" loading=\"lazy\" srcset=\"https:\/\/franciscanos.org.br\/noticias\/wp-content\/uploads\/2026\/01\/6-_MG_0026-300x300.jpeg 300w, https:\/\/franciscanos.org.br\/noticias\/wp-content\/uploads\/2026\/01\/6-_MG_0026-100x100.jpeg 100w\" sizes=\"(max-width: 300px) 100vw, 300px\" \/><\/a>\n\t\t\t<\/dt><\/dl><dl class='gallery-item'>\n\t\t\t<dt class='gallery-icon landscape'>\n\t\t\t\t<a href='https:\/\/franciscanos.org.br\/noticias\/wp-content\/uploads\/2026\/01\/9-_MG_0032-scaled.jpeg'><img width=\"300\" height=\"300\" src=\"https:\/\/franciscanos.org.br\/noticias\/wp-content\/uploads\/2026\/01\/9-_MG_0032-300x300.jpeg\" class=\"attachment-thumbnail size-thumbnail\" alt=\"\" loading=\"lazy\" srcset=\"https:\/\/franciscanos.org.br\/noticias\/wp-content\/uploads\/2026\/01\/9-_MG_0032-300x300.jpeg 300w, https:\/\/franciscanos.org.br\/noticias\/wp-content\/uploads\/2026\/01\/9-_MG_0032-100x100.jpeg 100w\" sizes=\"(max-width: 300px) 100vw, 300px\" \/><\/a>\n\t\t\t<\/dt><\/dl><br style=\"clear: both\" \/><dl class='gallery-item'>\n\t\t\t<dt class='gallery-icon landscape'>\n\t\t\t\t<a href='https:\/\/franciscanos.org.br\/noticias\/wp-content\/uploads\/2026\/01\/10-_MG_0040-scaled.jpeg'><img width=\"300\" height=\"300\" src=\"https:\/\/franciscanos.org.br\/noticias\/wp-content\/uploads\/2026\/01\/10-_MG_0040-300x300.jpeg\" class=\"attachment-thumbnail size-thumbnail\" alt=\"\" loading=\"lazy\" srcset=\"https:\/\/franciscanos.org.br\/noticias\/wp-content\/uploads\/2026\/01\/10-_MG_0040-300x300.jpeg 300w, https:\/\/franciscanos.org.br\/noticias\/wp-content\/uploads\/2026\/01\/10-_MG_0040-100x100.jpeg 100w\" sizes=\"(max-width: 300px) 100vw, 300px\" \/><\/a>\n\t\t\t<\/dt><\/dl><dl class='gallery-item'>\n\t\t\t<dt class='gallery-icon landscape'>\n\t\t\t\t<a href='https:\/\/franciscanos.org.br\/noticias\/wp-content\/uploads\/2026\/01\/13-_MG_0049-scaled.jpeg'><img width=\"300\" height=\"300\" src=\"https:\/\/franciscanos.org.br\/noticias\/wp-content\/uploads\/2026\/01\/13-_MG_0049-300x300.jpeg\" class=\"attachment-thumbnail size-thumbnail\" alt=\"\" loading=\"lazy\" srcset=\"https:\/\/franciscanos.org.br\/noticias\/wp-content\/uploads\/2026\/01\/13-_MG_0049-300x300.jpeg 300w, https:\/\/franciscanos.org.br\/noticias\/wp-content\/uploads\/2026\/01\/13-_MG_0049-100x100.jpeg 100w\" sizes=\"(max-width: 300px) 100vw, 300px\" \/><\/a>\n\t\t\t<\/dt><\/dl><dl class='gallery-item'>\n\t\t\t<dt class='gallery-icon landscape'>\n\t\t\t\t<a href='https:\/\/franciscanos.org.br\/noticias\/wp-content\/uploads\/2026\/01\/15-_MG_0060-scaled.jpeg'><img width=\"300\" height=\"300\" src=\"https:\/\/franciscanos.org.br\/noticias\/wp-content\/uploads\/2026\/01\/15-_MG_0060-300x300.jpeg\" class=\"attachment-thumbnail size-thumbnail\" alt=\"\" loading=\"lazy\" srcset=\"https:\/\/franciscanos.org.br\/noticias\/wp-content\/uploads\/2026\/01\/15-_MG_0060-300x300.jpeg 300w, https:\/\/franciscanos.org.br\/noticias\/wp-content\/uploads\/2026\/01\/15-_MG_0060-100x100.jpeg 100w\" sizes=\"(max-width: 300px) 100vw, 300px\" \/><\/a>\n\t\t\t<\/dt><\/dl><dl class='gallery-item'>\n\t\t\t<dt class='gallery-icon landscape'>\n\t\t\t\t<a href='https:\/\/franciscanos.org.br\/noticias\/wp-content\/uploads\/2026\/01\/16-_MG_0062-scaled.jpeg'><img width=\"300\" height=\"300\" src=\"https:\/\/franciscanos.org.br\/noticias\/wp-content\/uploads\/2026\/01\/16-_MG_0062-300x300.jpeg\" class=\"attachment-thumbnail size-thumbnail\" alt=\"\" loading=\"lazy\" srcset=\"https:\/\/franciscanos.org.br\/noticias\/wp-content\/uploads\/2026\/01\/16-_MG_0062-300x300.jpeg 300w, https:\/\/franciscanos.org.br\/noticias\/wp-content\/uploads\/2026\/01\/16-_MG_0062-100x100.jpeg 100w\" sizes=\"(max-width: 300px) 100vw, 300px\" \/><\/a>\n\t\t\t<\/dt><\/dl><dl class='gallery-item'>\n\t\t\t<dt class='gallery-icon landscape'>\n\t\t\t\t<a href='https:\/\/franciscanos.org.br\/noticias\/wp-content\/uploads\/2026\/01\/17-_MG_0064-scaled.jpeg'><img width=\"300\" height=\"300\" src=\"https:\/\/franciscanos.org.br\/noticias\/wp-content\/uploads\/2026\/01\/17-_MG_0064-300x300.jpeg\" class=\"attachment-thumbnail size-thumbnail\" alt=\"\" loading=\"lazy\" srcset=\"https:\/\/franciscanos.org.br\/noticias\/wp-content\/uploads\/2026\/01\/17-_MG_0064-300x300.jpeg 300w, https:\/\/franciscanos.org.br\/noticias\/wp-content\/uploads\/2026\/01\/17-_MG_0064-100x100.jpeg 100w\" sizes=\"(max-width: 300px) 100vw, 300px\" \/><\/a>\n\t\t\t<\/dt><\/dl><br style=\"clear: both\" \/>\n\t\t<\/div>\n\n<p style=\"font-weight: 400;\"><strong>Din\u00e2mica<\/strong><\/p>\n<p style=\"font-weight: 400;\">Ap\u00f3s o momento de forma\u00e7\u00e3o, os jovens vivenciaram um momento de ambienta\u00e7\u00e3o e espiritualidade a partir do carisma franciscano. Foram conduzidos a um momento de construir o seu prop\u00f3sito de vida, escrevendo em uma folha os seus projetos pessoais. Em seguida, os freis foram conduzindo um momento oracional com linhas, tecendo \u201cn\u00f3s\u201d inspirados no cord\u00e3o dos frades. A cada n\u00f3, refletiu-se uma ora\u00e7\u00e3o e os jovens inspirados por este momento tamb\u00e9m faziam suas reflex\u00f5es pessoais.<\/p>\n<p style=\"font-weight: 400;\">Ao final da din\u00e2mica, eles foram convocados a constru\u00edram uma grande rede, interligando seus prop\u00f3sitos pessoais aos dos demais jovens, expressando, de forma concreta, a comunh\u00e3o, a fraternidade e o compromisso coletivo com a miss\u00e3o.<\/p>\n<p style=\"font-weight: 400;\"><img loading=\"lazy\" class=\"alignnone size-full wp-image-263818\" src=\"https:\/\/franciscanos.org.br\/noticias\/wp-content\/uploads\/2026\/01\/missoes_300126_6-scaled.jpeg\" alt=\"\" width=\"1920\" height=\"1280\" srcset=\"https:\/\/franciscanos.org.br\/noticias\/wp-content\/uploads\/2026\/01\/missoes_300126_6-scaled.jpeg 1620w, https:\/\/franciscanos.org.br\/noticias\/wp-content\/uploads\/2026\/01\/missoes_300126_6-450x300.jpeg 450w, https:\/\/franciscanos.org.br\/noticias\/wp-content\/uploads\/2026\/01\/missoes_300126_6-1024x683.jpeg 1024w, https:\/\/franciscanos.org.br\/noticias\/wp-content\/uploads\/2026\/01\/missoes_300126_6-768x512.jpeg 768w, https:\/\/franciscanos.org.br\/noticias\/wp-content\/uploads\/2026\/01\/missoes_300126_6-1536x1024.jpeg 1536w, https:\/\/franciscanos.org.br\/noticias\/wp-content\/uploads\/2026\/01\/missoes_300126_6-2048x1365.jpeg 2048w, https:\/\/franciscanos.org.br\/noticias\/wp-content\/uploads\/2026\/01\/missoes_300126_6-150x100.jpeg 150w\" sizes=\"(max-width: 1920px) 100vw, 1920px\" \/><\/p>\n\n\t\t<style type=\"text\/css\">\n\t\t\t#gallery-2 {\n\t\t\t\tmargin: auto;\n\t\t\t}\n\t\t\t#gallery-2 .gallery-item {\n\t\t\t\tfloat: left;\n\t\t\t\tmargin-top: 10px;\n\t\t\t\ttext-align: center;\n\t\t\t\twidth: 20%;\n\t\t\t}\n\t\t\t#gallery-2 img {\n\t\t\t\tborder: 2px solid #cfcfcf;\n\t\t\t}\n\t\t\t#gallery-2 .gallery-caption {\n\t\t\t\tmargin-left: 0;\n\t\t\t}\n\t\t\t\/* see gallery_shortcode() in wp-includes\/media.php *\/\n\t\t<\/style>\n\t\t<div id='gallery-2' class='gallery galleryid-263802 gallery-columns-5 gallery-size-thumbnail'><dl class='gallery-item'>\n\t\t\t<dt class='gallery-icon landscape'>\n\t\t\t\t<a href='https:\/\/franciscanos.org.br\/noticias\/wp-content\/uploads\/2026\/01\/24-_MG_0087-scaled.jpeg'><img width=\"300\" height=\"300\" src=\"https:\/\/franciscanos.org.br\/noticias\/wp-content\/uploads\/2026\/01\/24-_MG_0087-300x300.jpeg\" class=\"attachment-thumbnail size-thumbnail\" alt=\"\" loading=\"lazy\" srcset=\"https:\/\/franciscanos.org.br\/noticias\/wp-content\/uploads\/2026\/01\/24-_MG_0087-300x300.jpeg 300w, https:\/\/franciscanos.org.br\/noticias\/wp-content\/uploads\/2026\/01\/24-_MG_0087-100x100.jpeg 100w\" sizes=\"(max-width: 300px) 100vw, 300px\" \/><\/a>\n\t\t\t<\/dt><\/dl><dl class='gallery-item'>\n\t\t\t<dt class='gallery-icon landscape'>\n\t\t\t\t<a href='https:\/\/franciscanos.org.br\/noticias\/wp-content\/uploads\/2026\/01\/28-_MG_0102-scaled.jpeg'><img width=\"300\" height=\"300\" src=\"https:\/\/franciscanos.org.br\/noticias\/wp-content\/uploads\/2026\/01\/28-_MG_0102-300x300.jpeg\" class=\"attachment-thumbnail size-thumbnail\" alt=\"\" loading=\"lazy\" srcset=\"https:\/\/franciscanos.org.br\/noticias\/wp-content\/uploads\/2026\/01\/28-_MG_0102-300x300.jpeg 300w, https:\/\/franciscanos.org.br\/noticias\/wp-content\/uploads\/2026\/01\/28-_MG_0102-100x100.jpeg 100w\" sizes=\"(max-width: 300px) 100vw, 300px\" \/><\/a>\n\t\t\t<\/dt><\/dl><dl class='gallery-item'>\n\t\t\t<dt class='gallery-icon landscape'>\n\t\t\t\t<a href='https:\/\/franciscanos.org.br\/noticias\/wp-content\/uploads\/2026\/01\/31-_MG_0115-scaled.jpeg'><img width=\"300\" height=\"300\" src=\"https:\/\/franciscanos.org.br\/noticias\/wp-content\/uploads\/2026\/01\/31-_MG_0115-300x300.jpeg\" class=\"attachment-thumbnail size-thumbnail\" alt=\"\" loading=\"lazy\" srcset=\"https:\/\/franciscanos.org.br\/noticias\/wp-content\/uploads\/2026\/01\/31-_MG_0115-300x300.jpeg 300w, https:\/\/franciscanos.org.br\/noticias\/wp-content\/uploads\/2026\/01\/31-_MG_0115-100x100.jpeg 100w\" sizes=\"(max-width: 300px) 100vw, 300px\" \/><\/a>\n\t\t\t<\/dt><\/dl><dl class='gallery-item'>\n\t\t\t<dt class='gallery-icon landscape'>\n\t\t\t\t<a href='https:\/\/franciscanos.org.br\/noticias\/wp-content\/uploads\/2026\/01\/32-_MG_0119-scaled.jpeg'><img width=\"300\" height=\"300\" src=\"https:\/\/franciscanos.org.br\/noticias\/wp-content\/uploads\/2026\/01\/32-_MG_0119-300x300.jpeg\" class=\"attachment-thumbnail size-thumbnail\" alt=\"\" loading=\"lazy\" srcset=\"https:\/\/franciscanos.org.br\/noticias\/wp-content\/uploads\/2026\/01\/32-_MG_0119-300x300.jpeg 300w, https:\/\/franciscanos.org.br\/noticias\/wp-content\/uploads\/2026\/01\/32-_MG_0119-100x100.jpeg 100w\" sizes=\"(max-width: 300px) 100vw, 300px\" \/><\/a>\n\t\t\t<\/dt><\/dl><dl class='gallery-item'>\n\t\t\t<dt class='gallery-icon landscape'>\n\t\t\t\t<a href='https:\/\/franciscanos.org.br\/noticias\/wp-content\/uploads\/2026\/01\/43-_MG_0150-scaled.jpeg'><img width=\"300\" height=\"300\" src=\"https:\/\/franciscanos.org.br\/noticias\/wp-content\/uploads\/2026\/01\/43-_MG_0150-300x300.jpeg\" class=\"attachment-thumbnail size-thumbnail\" alt=\"\" loading=\"lazy\" srcset=\"https:\/\/franciscanos.org.br\/noticias\/wp-content\/uploads\/2026\/01\/43-_MG_0150-300x300.jpeg 300w, https:\/\/franciscanos.org.br\/noticias\/wp-content\/uploads\/2026\/01\/43-_MG_0150-100x100.jpeg 100w\" sizes=\"(max-width: 300px) 100vw, 300px\" \/><\/a>\n\t\t\t<\/dt><\/dl><br style=\"clear: both\" \/>\n\t\t<\/div>\n\n<p style=\"font-weight: 400;\"><strong>Redes sociais como territ\u00f3rio de miss\u00e3o<\/strong><\/p>\n<p style=\"font-weight: 400;\">Ainda na programa\u00e7\u00e3o formativa da MFJ 2026, na parte da tarde, a juventude foi separada por oficinas tem\u00e1ticas. Tr\u00eas grandes grupos foram criados para aprofundar temas como: \u201cJPIC\u201d, \u201cM\u00fasica e Arte\u201d e \u201cComunica\u00e7\u00e3o\u201d. Dentre elas, a oficina conduzida por Frei Leandro Costa convidou os jovens a refletirem sobre o uso das plataformas digitais como espa\u00e7o de evangeliza\u00e7\u00e3o e testemunho crist\u00e3o. Com uma abordagem pr\u00f3xima e din\u00e2mica, o frei destacou que a miss\u00e3o n\u00e3o come\u00e7a nas atividades externas, mas no interior do cora\u00e7\u00e3o, a partir de uma experi\u00eancia verdadeira com Jesus Cristo.<\/p>\n<p><img loading=\"lazy\" class=\"alignnone size-full wp-image-263824\" src=\"https:\/\/franciscanos.org.br\/noticias\/wp-content\/uploads\/2026\/01\/missoes_300126_7-scaled.jpeg\" alt=\"\" width=\"1920\" height=\"1280\" srcset=\"https:\/\/franciscanos.org.br\/noticias\/wp-content\/uploads\/2026\/01\/missoes_300126_7-scaled.jpeg 1620w, https:\/\/franciscanos.org.br\/noticias\/wp-content\/uploads\/2026\/01\/missoes_300126_7-450x300.jpeg 450w, https:\/\/franciscanos.org.br\/noticias\/wp-content\/uploads\/2026\/01\/missoes_300126_7-1024x683.jpeg 1024w, https:\/\/franciscanos.org.br\/noticias\/wp-content\/uploads\/2026\/01\/missoes_300126_7-768x512.jpeg 768w, https:\/\/franciscanos.org.br\/noticias\/wp-content\/uploads\/2026\/01\/missoes_300126_7-1536x1024.jpeg 1536w, https:\/\/franciscanos.org.br\/noticias\/wp-content\/uploads\/2026\/01\/missoes_300126_7-2048x1365.jpeg 2048w, https:\/\/franciscanos.org.br\/noticias\/wp-content\/uploads\/2026\/01\/missoes_300126_7-150x100.jpeg 150w\" sizes=\"(max-width: 1920px) 100vw, 1920px\" \/><\/p>\n<p style=\"font-weight: 400;\">Durante a partilha, Frei Leandro ressaltou que o mission\u00e1rio \u00e9 chamado, antes de tudo, a ser presen\u00e7a tamb\u00e9m no ambiente digital, testemunhando o Evangelho com simplicidade, coer\u00eancia de vida e disponibilidade para o servi\u00e7o. Inspirado em S\u00e3o Francisco de Assis, recordou que evangelizar \u00e9 anunciar com a vida, por meio de gestos concretos de cuidado, escuta e acolhida, especialmente junto aos mais vulner\u00e1veis.<\/p>\n<p style=\"font-weight: 400;\">A oficina provocou ainda reflex\u00f5es sobre os desafios da miss\u00e3o nos dias atuais, refor\u00e7ando que n\u00e3o s\u00e3o necess\u00e1rios grandes feitos para transformar realidades. Pequenas atitudes, quando vividas com amor e fidelidade, tornam-se sinais do Reino de Deus. Frei Leandro enfatizou que a miss\u00e3o exige convers\u00e3o cont\u00ednua, humildade e abertura para aprender com o outro.<\/p>\n<p style=\"font-weight: 400;\"><img loading=\"lazy\" class=\"alignnone size-full wp-image-263825\" src=\"https:\/\/franciscanos.org.br\/noticias\/wp-content\/uploads\/2026\/01\/missoes_300126_8-scaled.jpeg\" alt=\"\" width=\"1920\" height=\"1280\" srcset=\"https:\/\/franciscanos.org.br\/noticias\/wp-content\/uploads\/2026\/01\/missoes_300126_8-scaled.jpeg 1920w, https:\/\/franciscanos.org.br\/noticias\/wp-content\/uploads\/2026\/01\/missoes_300126_8-450x300.jpeg 450w, https:\/\/franciscanos.org.br\/noticias\/wp-content\/uploads\/2026\/01\/missoes_300126_8-1024x683.jpeg 1024w, https:\/\/franciscanos.org.br\/noticias\/wp-content\/uploads\/2026\/01\/missoes_300126_8-768x512.jpeg 768w, https:\/\/franciscanos.org.br\/noticias\/wp-content\/uploads\/2026\/01\/missoes_300126_8-1536x1024.jpeg 1536w, https:\/\/franciscanos.org.br\/noticias\/wp-content\/uploads\/2026\/01\/missoes_300126_8-2048x1365.jpeg 2048w, https:\/\/franciscanos.org.br\/noticias\/wp-content\/uploads\/2026\/01\/missoes_300126_8-150x100.jpeg 150w\" sizes=\"(max-width: 1920px) 100vw, 1920px\" \/><\/p>\n<p style=\"font-weight: 400;\">Ao final, os participantes puderam colocar em pr\u00e1tica uma din\u00e2mica apresentada pelo frei com a ora\u00e7\u00e3o de S\u00e3o Francisco de Assis, o chamado \u201cstop motion\u201d, uma t\u00e9cnica de anima\u00e7\u00e3o a partir de gravuras com imagens e palavras. O resultado deste trabalho ser\u00e1 publicado no Instagram @juventudesdaprovincia.<\/p>\n\n\t\t<style type=\"text\/css\">\n\t\t\t#gallery-3 {\n\t\t\t\tmargin: auto;\n\t\t\t}\n\t\t\t#gallery-3 .gallery-item {\n\t\t\t\tfloat: left;\n\t\t\t\tmargin-top: 10px;\n\t\t\t\ttext-align: center;\n\t\t\t\twidth: 20%;\n\t\t\t}\n\t\t\t#gallery-3 img {\n\t\t\t\tborder: 2px solid #cfcfcf;\n\t\t\t}\n\t\t\t#gallery-3 .gallery-caption {\n\t\t\t\tmargin-left: 0;\n\t\t\t}\n\t\t\t\/* see gallery_shortcode() in wp-includes\/media.php *\/\n\t\t<\/style>\n\t\t<div id='gallery-3' class='gallery galleryid-263802 gallery-columns-5 gallery-size-thumbnail'><dl class='gallery-item'>\n\t\t\t<dt class='gallery-icon landscape'>\n\t\t\t\t<a href='https:\/\/franciscanos.org.br\/noticias\/wp-content\/uploads\/2026\/01\/61-_MG_0207-scaled.jpeg'><img width=\"300\" height=\"300\" src=\"https:\/\/franciscanos.org.br\/noticias\/wp-content\/uploads\/2026\/01\/61-_MG_0207-300x300.jpeg\" class=\"attachment-thumbnail size-thumbnail\" alt=\"\" loading=\"lazy\" srcset=\"https:\/\/franciscanos.org.br\/noticias\/wp-content\/uploads\/2026\/01\/61-_MG_0207-300x300.jpeg 300w, https:\/\/franciscanos.org.br\/noticias\/wp-content\/uploads\/2026\/01\/61-_MG_0207-100x100.jpeg 100w\" sizes=\"(max-width: 300px) 100vw, 300px\" \/><\/a>\n\t\t\t<\/dt><\/dl><dl class='gallery-item'>\n\t\t\t<dt class='gallery-icon landscape'>\n\t\t\t\t<a href='https:\/\/franciscanos.org.br\/noticias\/wp-content\/uploads\/2026\/01\/52-_MG_0178-scaled.jpeg'><img width=\"300\" height=\"300\" src=\"https:\/\/franciscanos.org.br\/noticias\/wp-content\/uploads\/2026\/01\/52-_MG_0178-300x300.jpeg\" class=\"attachment-thumbnail size-thumbnail\" alt=\"\" loading=\"lazy\" srcset=\"https:\/\/franciscanos.org.br\/noticias\/wp-content\/uploads\/2026\/01\/52-_MG_0178-300x300.jpeg 300w, https:\/\/franciscanos.org.br\/noticias\/wp-content\/uploads\/2026\/01\/52-_MG_0178-100x100.jpeg 100w\" sizes=\"(max-width: 300px) 100vw, 300px\" \/><\/a>\n\t\t\t<\/dt><\/dl><dl class='gallery-item'>\n\t\t\t<dt class='gallery-icon landscape'>\n\t\t\t\t<a href='https:\/\/franciscanos.org.br\/noticias\/wp-content\/uploads\/2026\/01\/57-_MG_0196-scaled.jpeg'><img width=\"300\" height=\"300\" src=\"https:\/\/franciscanos.org.br\/noticias\/wp-content\/uploads\/2026\/01\/57-_MG_0196-300x300.jpeg\" class=\"attachment-thumbnail size-thumbnail\" alt=\"\" loading=\"lazy\" srcset=\"https:\/\/franciscanos.org.br\/noticias\/wp-content\/uploads\/2026\/01\/57-_MG_0196-300x300.jpeg 300w, https:\/\/franciscanos.org.br\/noticias\/wp-content\/uploads\/2026\/01\/57-_MG_0196-100x100.jpeg 100w\" sizes=\"(max-width: 300px) 100vw, 300px\" \/><\/a>\n\t\t\t<\/dt><\/dl><dl class='gallery-item'>\n\t\t\t<dt class='gallery-icon landscape'>\n\t\t\t\t<a href='https:\/\/franciscanos.org.br\/noticias\/wp-content\/uploads\/2026\/01\/65-_MG_0221-scaled.jpeg'><img width=\"300\" height=\"300\" src=\"https:\/\/franciscanos.org.br\/noticias\/wp-content\/uploads\/2026\/01\/65-_MG_0221-300x300.jpeg\" class=\"attachment-thumbnail size-thumbnail\" alt=\"\" loading=\"lazy\" srcset=\"https:\/\/franciscanos.org.br\/noticias\/wp-content\/uploads\/2026\/01\/65-_MG_0221-300x300.jpeg 300w, https:\/\/franciscanos.org.br\/noticias\/wp-content\/uploads\/2026\/01\/65-_MG_0221-100x100.jpeg 100w\" sizes=\"(max-width: 300px) 100vw, 300px\" \/><\/a>\n\t\t\t<\/dt><\/dl><dl class='gallery-item'>\n\t\t\t<dt class='gallery-icon landscape'>\n\t\t\t\t<a href='https:\/\/franciscanos.org.br\/noticias\/wp-content\/uploads\/2026\/01\/67-_MG_0223-scaled.jpeg'><img width=\"300\" height=\"300\" src=\"https:\/\/franciscanos.org.br\/noticias\/wp-content\/uploads\/2026\/01\/67-_MG_0223-300x300.jpeg\" class=\"attachment-thumbnail size-thumbnail\" alt=\"\" loading=\"lazy\" srcset=\"https:\/\/franciscanos.org.br\/noticias\/wp-content\/uploads\/2026\/01\/67-_MG_0223-300x300.jpeg 300w, https:\/\/franciscanos.org.br\/noticias\/wp-content\/uploads\/2026\/01\/67-_MG_0223-100x100.jpeg 100w\" sizes=\"(max-width: 300px) 100vw, 300px\" \/><\/a>\n\t\t\t<\/dt><\/dl><br style=\"clear: both\" \/>\n\t\t<\/div>\n\n<p style=\"font-weight: 400;\"><strong>Missa de Envio recorda que a alegria nasce do encontro com Cristo<\/strong><\/p>\n<p style=\"font-weight: 400;\">A programa\u00e7\u00e3o desta sexta-feira (30), teve o seu ponto alto com a Celebra\u00e7\u00e3o Eucar\u00edstica, presidida pelo bispo-auxiliar da Arquidiocese de Florian\u00f3polis, Dom On\u00e9cimo Alberton. Em sua homilia, ele refor\u00e7ou o sentido da miss\u00e3o. Destacou que a alegria do disc\u00edpulo mission\u00e1rio nasce do encontro pessoal com Jesus, e n\u00e3o de um bem-estar superficial. Conhecer Jesus, segundo ele, \u00e9 o maior presente que algu\u00e9m pode receber, pois d\u00e1 sentido \u00e0 vida mesmo nos momentos mais dif\u00edceis.<\/p>\n<p style=\"font-weight: 400;\">Citando o Documento de Aparecida, o bispo lembrou que a alegria do disc\u00edpulo e da disc\u00edpula \u00e9 ant\u00eddoto diante de um mundo marcado pelo medo, pela viol\u00eancia e, muitas vezes, pelo \u00f3dio.<\/p>\n<p style=\"font-weight: 400;\"><img loading=\"lazy\" class=\"alignnone size-full wp-image-263831\" src=\"https:\/\/franciscanos.org.br\/noticias\/wp-content\/uploads\/2026\/01\/missoes_300126_9-scaled.jpeg\" alt=\"\" width=\"1920\" height=\"1280\" srcset=\"https:\/\/franciscanos.org.br\/noticias\/wp-content\/uploads\/2026\/01\/missoes_300126_9-scaled.jpeg 1620w, https:\/\/franciscanos.org.br\/noticias\/wp-content\/uploads\/2026\/01\/missoes_300126_9-450x300.jpeg 450w, https:\/\/franciscanos.org.br\/noticias\/wp-content\/uploads\/2026\/01\/missoes_300126_9-1024x683.jpeg 1024w, https:\/\/franciscanos.org.br\/noticias\/wp-content\/uploads\/2026\/01\/missoes_300126_9-768x512.jpeg 768w, https:\/\/franciscanos.org.br\/noticias\/wp-content\/uploads\/2026\/01\/missoes_300126_9-1536x1024.jpeg 1536w, https:\/\/franciscanos.org.br\/noticias\/wp-content\/uploads\/2026\/01\/missoes_300126_9-2048x1366.jpeg 2048w, https:\/\/franciscanos.org.br\/noticias\/wp-content\/uploads\/2026\/01\/missoes_300126_9-150x100.jpeg 150w\" sizes=\"(max-width: 1920px) 100vw, 1920px\" \/><\/p>\n<p style=\"font-weight: 400;\">\u201cJ\u00e1 diz o Documento de Aparecida, que alegria do disc\u00edpulo e a alegria da disc\u00edpula, \u00e9 o antidoto frente a um mundo marcado pelo medo. Medo do futuro e oprimido pela viol\u00eancia, e as vezes marcado pelo \u00f3dio. A alegria do disc\u00edpulo e da disc\u00edpula n\u00e3o \u00e9 um sentimento de bem-estar ego\u00edsta, mas uma certeza que brota da f\u00e9, que nasce do cora\u00e7\u00e3o. E capacita para anunciar a boa nova do amor de Deus\u201d, enfatizou.<\/p>\n<p style=\"font-weight: 400;\">Ao refletir sobre as leituras do dia, recordou que o pecado fecha o cora\u00e7\u00e3o e gera morte, enquanto o amor abre \u00e0 generosidade, ao servi\u00e7o e \u00e0 vida nova. A miss\u00e3o, portanto, \u00e9 o caminho de voltar o cora\u00e7\u00e3o para Deus e para o outro, levando n\u00e3o riquezas materiais, mas o maior dom: Jesus Cristo.<\/p>\n<p style=\"font-weight: 400;\"><img loading=\"lazy\" class=\"alignnone size-full wp-image-263832\" src=\"https:\/\/franciscanos.org.br\/noticias\/wp-content\/uploads\/2026\/01\/missoes_300126_10-scaled.jpeg\" alt=\"\" width=\"1920\" height=\"1280\" srcset=\"https:\/\/franciscanos.org.br\/noticias\/wp-content\/uploads\/2026\/01\/missoes_300126_10-scaled.jpeg 1620w, https:\/\/franciscanos.org.br\/noticias\/wp-content\/uploads\/2026\/01\/missoes_300126_10-450x300.jpeg 450w, https:\/\/franciscanos.org.br\/noticias\/wp-content\/uploads\/2026\/01\/missoes_300126_10-1024x683.jpeg 1024w, https:\/\/franciscanos.org.br\/noticias\/wp-content\/uploads\/2026\/01\/missoes_300126_10-768x512.jpeg 768w, https:\/\/franciscanos.org.br\/noticias\/wp-content\/uploads\/2026\/01\/missoes_300126_10-1536x1024.jpeg 1536w, https:\/\/franciscanos.org.br\/noticias\/wp-content\/uploads\/2026\/01\/missoes_300126_10-2048x1365.jpeg 2048w, https:\/\/franciscanos.org.br\/noticias\/wp-content\/uploads\/2026\/01\/missoes_300126_10-150x100.jpeg 150w\" sizes=\"(max-width: 1920px) 100vw, 1920px\" \/><\/p>\n<p style=\"font-weight: 400;\">\u201cEsse \u00e9 o nosso maior presente, essa \u00e9 a nossa maior riqueza, transmitir, levar Jesus. E ser um sinal da presen\u00e7a dele e do seu amor. Que o amor de Jesus nos ajude a ter sempre um cora\u00e7\u00e3o mission\u00e1rio, que se importa, que \u00e9 sens\u00edvel, que se abre para o bem do outro, para a bondade e para o amor. Por isso ele \u00e9 esta semente, que cresce, que d\u00e1 sentido, que d\u00e1 raz\u00e3o, fonte da nossa alegria, que \u00e0s vezes n\u00e3o conseguimos nem descrever, mas sabemos que \u00e9 Deus que est\u00e1 a\u00ed, que age em n\u00f3s\u201d, afirmou.<\/p>\n<p style=\"font-weight: 400;\">Inspirado no Evangelho do gr\u00e3o de mostarda, o bispo ressaltou que a miss\u00e3o \u00e9 de Jesus, e que os frutos n\u00e3o dependem da grandeza das a\u00e7\u00f5es, mas da fidelidade em semear com simplicidade. Encorajou os jovens a serem \u201cArtes\u00e3os da Paz e do Bem\u201d, \u00e0 luz do testemunho de S\u00e3o Francisco de Assis e do jovem Carlo Acutis, vivendo a fraternidade, a unidade e o servi\u00e7o.<\/p>\n<p style=\"font-weight: 400;\"><img loading=\"lazy\" class=\"alignnone size-full wp-image-263833\" src=\"https:\/\/franciscanos.org.br\/noticias\/wp-content\/uploads\/2026\/01\/missoes_300126_11-scaled.jpeg\" alt=\"\" width=\"1620\" height=\"1080\" srcset=\"https:\/\/franciscanos.org.br\/noticias\/wp-content\/uploads\/2026\/01\/missoes_300126_11-scaled.jpeg 1620w, https:\/\/franciscanos.org.br\/noticias\/wp-content\/uploads\/2026\/01\/missoes_300126_11-450x300.jpeg 450w, https:\/\/franciscanos.org.br\/noticias\/wp-content\/uploads\/2026\/01\/missoes_300126_11-1024x683.jpeg 1024w, https:\/\/franciscanos.org.br\/noticias\/wp-content\/uploads\/2026\/01\/missoes_300126_11-768x512.jpeg 768w, https:\/\/franciscanos.org.br\/noticias\/wp-content\/uploads\/2026\/01\/missoes_300126_11-1536x1024.jpeg 1536w, https:\/\/franciscanos.org.br\/noticias\/wp-content\/uploads\/2026\/01\/missoes_300126_11-2048x1365.jpeg 2048w, https:\/\/franciscanos.org.br\/noticias\/wp-content\/uploads\/2026\/01\/missoes_300126_11-150x100.jpeg 150w\" sizes=\"(max-width: 1620px) 100vw, 1620px\" \/><\/p>\n<p style=\"font-weight: 400;\">Ao final, refor\u00e7ou que levar Jesus ao mundo \u00e9 o maior presente e a maior riqueza do mission\u00e1rio, pedindo que os jovens mantenham sempre um cora\u00e7\u00e3o mission\u00e1rio, sens\u00edvel, aberto ao bem, \u00e0 bondade e ao amor, confiantes de que Deus age em cada gesto oferecido com fidelidade.<\/p>\n<p><iframe loading=\"lazy\" title=\"YouTube video player\" src=\"https:\/\/www.youtube.com\/embed\/LZZMUXETG8g?si=YU_pAKntcgBFX4kq\" width=\"100%\" height=\"480\" frameborder=\"0\" allowfullscreen=\"allowfullscreen\"><span data-mce-type=\"bookmark\" style=\"display: inline-block; width: 0px; overflow: hidden; line-height: 0;\" class=\"mce_SELRES_start\">\ufeff<\/span><\/iframe><\/p>\n<p style=\"font-weight: 400;\">No encerramento da Missa de Envio, os jovens foram presenteados com um bon\u00e9 com o tema das Miss\u00f5es Franciscanas da Juventude 2026 e receberam uma b\u00ean\u00e7\u00e3o especial conduzida pelo bispo e os frades presentes.<\/p>\n<p style=\"font-weight: 400;\">A programa\u00e7\u00e3o da MFJ 2026 continua neste s\u00e1bado (31), onde os 150 jovens, realizar\u00e3o a viv\u00eancia mission\u00e1ria em mais de 20 comunidades da Par\u00f3quia de Santo Amaro da Imperatriz e \u00c1guas Mornas. Ser\u00e1 um momento de espiritualidade, comunh\u00e3o e pr\u00e1tica desses dois dias intensos de forma\u00e7\u00e3o que eles puderam participar.<\/p>\n\n\t\t<style type=\"text\/css\">\n\t\t\t#gallery-4 {\n\t\t\t\tmargin: auto;\n\t\t\t}\n\t\t\t#gallery-4 .gallery-item {\n\t\t\t\tfloat: left;\n\t\t\t\tmargin-top: 10px;\n\t\t\t\ttext-align: center;\n\t\t\t\twidth: 20%;\n\t\t\t}\n\t\t\t#gallery-4 img {\n\t\t\t\tborder: 2px solid #cfcfcf;\n\t\t\t}\n\t\t\t#gallery-4 .gallery-caption {\n\t\t\t\tmargin-left: 0;\n\t\t\t}\n\t\t\t\/* see gallery_shortcode() in wp-includes\/media.php *\/\n\t\t<\/style>\n\t\t<div id='gallery-4' class='gallery galleryid-263802 gallery-columns-5 gallery-size-thumbnail'><dl class='gallery-item'>\n\t\t\t<dt class='gallery-icon landscape'>\n\t\t\t\t<a href='https:\/\/franciscanos.org.br\/noticias\/wp-content\/uploads\/2026\/01\/73-_MG_0247-scaled.jpeg'><img width=\"300\" height=\"300\" src=\"https:\/\/franciscanos.org.br\/noticias\/wp-content\/uploads\/2026\/01\/73-_MG_0247-300x300.jpeg\" class=\"attachment-thumbnail size-thumbnail\" alt=\"\" loading=\"lazy\" srcset=\"https:\/\/franciscanos.org.br\/noticias\/wp-content\/uploads\/2026\/01\/73-_MG_0247-300x300.jpeg 300w, https:\/\/franciscanos.org.br\/noticias\/wp-content\/uploads\/2026\/01\/73-_MG_0247-100x100.jpeg 100w\" sizes=\"(max-width: 300px) 100vw, 300px\" \/><\/a>\n\t\t\t<\/dt><\/dl><dl class='gallery-item'>\n\t\t\t<dt class='gallery-icon landscape'>\n\t\t\t\t<a href='https:\/\/franciscanos.org.br\/noticias\/wp-content\/uploads\/2026\/01\/76-_MG_0255-scaled.jpeg'><img width=\"300\" height=\"300\" src=\"https:\/\/franciscanos.org.br\/noticias\/wp-content\/uploads\/2026\/01\/76-_MG_0255-300x300.jpeg\" class=\"attachment-thumbnail size-thumbnail\" alt=\"\" loading=\"lazy\" srcset=\"https:\/\/franciscanos.org.br\/noticias\/wp-content\/uploads\/2026\/01\/76-_MG_0255-300x300.jpeg 300w, https:\/\/franciscanos.org.br\/noticias\/wp-content\/uploads\/2026\/01\/76-_MG_0255-100x100.jpeg 100w\" sizes=\"(max-width: 300px) 100vw, 300px\" \/><\/a>\n\t\t\t<\/dt><\/dl><dl class='gallery-item'>\n\t\t\t<dt class='gallery-icon landscape'>\n\t\t\t\t<a href='https:\/\/franciscanos.org.br\/noticias\/wp-content\/uploads\/2026\/01\/84-_MG_0271-scaled.jpeg'><img width=\"300\" height=\"300\" src=\"https:\/\/franciscanos.org.br\/noticias\/wp-content\/uploads\/2026\/01\/84-_MG_0271-300x300.jpeg\" class=\"attachment-thumbnail size-thumbnail\" alt=\"\" loading=\"lazy\" srcset=\"https:\/\/franciscanos.org.br\/noticias\/wp-content\/uploads\/2026\/01\/84-_MG_0271-300x300.jpeg 300w, https:\/\/franciscanos.org.br\/noticias\/wp-content\/uploads\/2026\/01\/84-_MG_0271-100x100.jpeg 100w\" sizes=\"(max-width: 300px) 100vw, 300px\" \/><\/a>\n\t\t\t<\/dt><\/dl><dl class='gallery-item'>\n\t\t\t<dt class='gallery-icon landscape'>\n\t\t\t\t<a href='https:\/\/franciscanos.org.br\/noticias\/wp-content\/uploads\/2026\/01\/87-_MG_0278-scaled.jpeg'><img width=\"300\" height=\"300\" src=\"https:\/\/franciscanos.org.br\/noticias\/wp-content\/uploads\/2026\/01\/87-_MG_0278-300x300.jpeg\" class=\"attachment-thumbnail size-thumbnail\" alt=\"\" loading=\"lazy\" srcset=\"https:\/\/franciscanos.org.br\/noticias\/wp-content\/uploads\/2026\/01\/87-_MG_0278-300x300.jpeg 300w, https:\/\/franciscanos.org.br\/noticias\/wp-content\/uploads\/2026\/01\/87-_MG_0278-100x100.jpeg 100w\" sizes=\"(max-width: 300px) 100vw, 300px\" \/><\/a>\n\t\t\t<\/dt><\/dl><dl class='gallery-item'>\n\t\t\t<dt class='gallery-icon landscape'>\n\t\t\t\t<a href='https:\/\/franciscanos.org.br\/noticias\/wp-content\/uploads\/2026\/01\/89-_MG_0293-scaled.jpeg'><img width=\"300\" height=\"300\" src=\"https:\/\/franciscanos.org.br\/noticias\/wp-content\/uploads\/2026\/01\/89-_MG_0293-300x300.jpeg\" class=\"attachment-thumbnail size-thumbnail\" alt=\"\" loading=\"lazy\" srcset=\"https:\/\/franciscanos.org.br\/noticias\/wp-content\/uploads\/2026\/01\/89-_MG_0293-300x300.jpeg 300w, https:\/\/franciscanos.org.br\/noticias\/wp-content\/uploads\/2026\/01\/89-_MG_0293-100x100.jpeg 100w\" sizes=\"(max-width: 300px) 100vw, 300px\" \/><\/a>\n\t\t\t<\/dt><\/dl><br style=\"clear: both\" \/><dl class='gallery-item'>\n\t\t\t<dt class='gallery-icon landscape'>\n\t\t\t\t<a href='https:\/\/franciscanos.org.br\/noticias\/wp-content\/uploads\/2026\/01\/91-_MG_0303-scaled.jpeg'><img width=\"300\" height=\"300\" src=\"https:\/\/franciscanos.org.br\/noticias\/wp-content\/uploads\/2026\/01\/91-_MG_0303-300x300.jpeg\" class=\"attachment-thumbnail size-thumbnail\" alt=\"\" loading=\"lazy\" srcset=\"https:\/\/franciscanos.org.br\/noticias\/wp-content\/uploads\/2026\/01\/91-_MG_0303-300x300.jpeg 300w, https:\/\/franciscanos.org.br\/noticias\/wp-content\/uploads\/2026\/01\/91-_MG_0303-100x100.jpeg 100w\" sizes=\"(max-width: 300px) 100vw, 300px\" \/><\/a>\n\t\t\t<\/dt><\/dl><dl class='gallery-item'>\n\t\t\t<dt class='gallery-icon landscape'>\n\t\t\t\t<a href='https:\/\/franciscanos.org.br\/noticias\/wp-content\/uploads\/2026\/01\/100-_MG_0325-scaled.jpeg'><img width=\"300\" height=\"300\" src=\"https:\/\/franciscanos.org.br\/noticias\/wp-content\/uploads\/2026\/01\/100-_MG_0325-300x300.jpeg\" class=\"attachment-thumbnail size-thumbnail\" alt=\"\" loading=\"lazy\" srcset=\"https:\/\/franciscanos.org.br\/noticias\/wp-content\/uploads\/2026\/01\/100-_MG_0325-300x300.jpeg 300w, https:\/\/franciscanos.org.br\/noticias\/wp-content\/uploads\/2026\/01\/100-_MG_0325-100x100.jpeg 100w\" sizes=\"(max-width: 300px) 100vw, 300px\" \/><\/a>\n\t\t\t<\/dt><\/dl><dl class='gallery-item'>\n\t\t\t<dt class='gallery-icon landscape'>\n\t\t\t\t<a href='https:\/\/franciscanos.org.br\/noticias\/wp-content\/uploads\/2026\/01\/110-_MG_0344-scaled.jpeg'><img width=\"300\" height=\"300\" src=\"https:\/\/franciscanos.org.br\/noticias\/wp-content\/uploads\/2026\/01\/110-_MG_0344-300x300.jpeg\" class=\"attachment-thumbnail size-thumbnail\" alt=\"\" loading=\"lazy\" srcset=\"https:\/\/franciscanos.org.br\/noticias\/wp-content\/uploads\/2026\/01\/110-_MG_0344-300x300.jpeg 300w, https:\/\/franciscanos.org.br\/noticias\/wp-content\/uploads\/2026\/01\/110-_MG_0344-100x100.jpeg 100w\" sizes=\"(max-width: 300px) 100vw, 300px\" \/><\/a>\n\t\t\t<\/dt><\/dl><dl class='gallery-item'>\n\t\t\t<dt class='gallery-icon landscape'>\n\t\t\t\t<a href='https:\/\/franciscanos.org.br\/noticias\/wp-content\/uploads\/2026\/01\/118-_MG_0363-scaled.jpeg'><img width=\"300\" height=\"300\" src=\"https:\/\/franciscanos.org.br\/noticias\/wp-content\/uploads\/2026\/01\/118-_MG_0363-300x300.jpeg\" class=\"attachment-thumbnail size-thumbnail\" alt=\"\" loading=\"lazy\" srcset=\"https:\/\/franciscanos.org.br\/noticias\/wp-content\/uploads\/2026\/01\/118-_MG_0363-300x300.jpeg 300w, https:\/\/franciscanos.org.br\/noticias\/wp-content\/uploads\/2026\/01\/118-_MG_0363-100x100.jpeg 100w\" sizes=\"(max-width: 300px) 100vw, 300px\" \/><\/a>\n\t\t\t<\/dt><\/dl><dl class='gallery-item'>\n\t\t\t<dt class='gallery-icon landscape'>\n\t\t\t\t<a href='https:\/\/franciscanos.org.br\/noticias\/wp-content\/uploads\/2026\/01\/129-_MG_0380-scaled.jpeg'><img width=\"300\" height=\"300\" src=\"https:\/\/franciscanos.org.br\/noticias\/wp-content\/uploads\/2026\/01\/129-_MG_0380-300x300.jpeg\" class=\"attachment-thumbnail size-thumbnail\" alt=\"\" loading=\"lazy\" srcset=\"https:\/\/franciscanos.org.br\/noticias\/wp-content\/uploads\/2026\/01\/129-_MG_0380-300x300.jpeg 300w, https:\/\/franciscanos.org.br\/noticias\/wp-content\/uploads\/2026\/01\/129-_MG_0380-100x100.jpeg 100w\" sizes=\"(max-width: 300px) 100vw, 300px\" \/><\/a>\n\t\t\t<\/dt><\/dl><br style=\"clear: both\" \/>\n\t\t<\/div>\n\n<hr \/>\n<p style=\"font-weight: 400;\"><strong>Equipe de Comunica\u00e7\u00e3o da MFJ<\/strong><\/p>\n","protected":false},"excerpt":{"rendered":"<p>Miss\u00f5es Franciscanas da Juventude<\/p>\n","protected":false},"author":5,"featured_media":263803,"comment_status":"open","ping_status":"open","sticky":false,"template":"","format":"standard","meta":[],"categories":[1],"tags":[1466,1206],"acf":[],"yoast_head":"<!-- This site is optimized with the Yoast SEO plugin v19.2 - https:\/\/yoast.com\/wordpress\/plugins\/seo\/ -->\n<title>\u201cLevar Jesus \u00e9 a nossa maior riqueza\u201d - Not\u00edcias - Franciscanos<\/title>\n<meta name=\"robots\" content=\"index, follow, max-snippet:-1, max-image-preview:large, max-video-preview:-1\" \/>\n<link rel=\"canonical\" href=\"https:\/\/franciscanos.org.br\/noticias\/levar-jesus-e-a-nossa-maior-riqueza.html\" \/>\n<meta property=\"og:locale\" content=\"pt_BR\" \/>\n<meta property=\"og:type\" content=\"article\" \/>\n<meta property=\"og:title\" content=\"\u201cLevar Jesus \u00e9 a nossa maior riqueza\u201d - Not\u00edcias - Franciscanos\" \/>\n<meta property=\"og:description\" content=\"Miss\u00f5es Franciscanas da Juventude\" \/>\n<meta property=\"og:url\" content=\"https:\/\/franciscanos.org.br\/noticias\/levar-jesus-e-a-nossa-maior-riqueza.html\" \/>\n<meta property=\"og:site_name\" content=\"Not\u00edcias - Franciscanos\" \/>\n<meta property=\"article:published_time\" content=\"2026-01-31T10:30:23+00:00\" \/>\n<meta property=\"article:modified_time\" content=\"2026-01-31T10:44:08+00:00\" \/>\n<meta property=\"og:image\" content=\"https:\/\/franciscanos.org.br\/noticias\/wp-content\/uploads\/2026\/01\/missoes_300126-scaled.jpeg\" \/>\n\t<meta property=\"og:image:width\" content=\"1620\" \/>\n\t<meta property=\"og:image:height\" content=\"1080\" \/>\n\t<meta property=\"og:image:type\" content=\"image\/jpeg\" \/>\n<meta name=\"author\" content=\"freiaugusto\" \/>\n<meta name=\"twitter:card\" content=\"summary_large_image\" \/>\n<meta name=\"twitter:label1\" content=\"Escrito por\" \/>\n\t<meta name=\"twitter:data1\" content=\"freiaugusto\" \/>\n\t<meta name=\"twitter:label2\" content=\"Est. tempo de leitura\" \/>\n\t<meta name=\"twitter:data2\" content=\"11 minutos\" \/>\n<script type=\"application\/ld+json\" class=\"yoast-schema-graph\">{\"@context\":\"https:\/\/schema.org\",\"@graph\":[{\"@type\":\"WebSite\",\"@id\":\"https:\/\/franciscanos.org.br\/noticias\/#website\",\"url\":\"https:\/\/franciscanos.org.br\/noticias\/\",\"name\":\"Not\u00edcias - Franciscanos\",\"description\":\"Prov\u00edncia Franciscana da Imaculada Concei\u00e7\u00e3o do Brasil - Ordem dos Frades Menores - OFM\",\"potentialAction\":[{\"@type\":\"SearchAction\",\"target\":{\"@type\":\"EntryPoint\",\"urlTemplate\":\"https:\/\/franciscanos.org.br\/noticias\/?s={search_term_string}\"},\"query-input\":\"required name=search_term_string\"}],\"inLanguage\":\"pt-BR\"},{\"@type\":\"ImageObject\",\"inLanguage\":\"pt-BR\",\"@id\":\"https:\/\/franciscanos.org.br\/noticias\/levar-jesus-e-a-nossa-maior-riqueza.html#primaryimage\",\"url\":\"https:\/\/franciscanos.org.br\/noticias\/wp-content\/uploads\/2026\/01\/missoes_300126-scaled.jpeg\",\"contentUrl\":\"https:\/\/franciscanos.org.br\/noticias\/wp-content\/uploads\/2026\/01\/missoes_300126-scaled.jpeg\",\"width\":1620,\"height\":1080},{\"@type\":\"WebPage\",\"@id\":\"https:\/\/franciscanos.org.br\/noticias\/levar-jesus-e-a-nossa-maior-riqueza.html#webpage\",\"url\":\"https:\/\/franciscanos.org.br\/noticias\/levar-jesus-e-a-nossa-maior-riqueza.html\",\"name\":\"\u201cLevar Jesus \u00e9 a nossa maior riqueza\u201d - Not\u00edcias - Franciscanos\",\"isPartOf\":{\"@id\":\"https:\/\/franciscanos.org.br\/noticias\/#website\"},\"primaryImageOfPage\":{\"@id\":\"https:\/\/franciscanos.org.br\/noticias\/levar-jesus-e-a-nossa-maior-riqueza.html#primaryimage\"},\"datePublished\":\"2026-01-31T10:30:23+00:00\",\"dateModified\":\"2026-01-31T10:44:08+00:00\",\"author\":{\"@id\":\"https:\/\/franciscanos.org.br\/noticias\/#\/schema\/person\/37f88f0d111cd5358b12a6556a99eb91\"},\"breadcrumb\":{\"@id\":\"https:\/\/franciscanos.org.br\/noticias\/levar-jesus-e-a-nossa-maior-riqueza.html#breadcrumb\"},\"inLanguage\":\"pt-BR\",\"potentialAction\":[{\"@type\":\"ReadAction\",\"target\":[\"https:\/\/franciscanos.org.br\/noticias\/levar-jesus-e-a-nossa-maior-riqueza.html\"]}]},{\"@type\":\"BreadcrumbList\",\"@id\":\"https:\/\/franciscanos.org.br\/noticias\/levar-jesus-e-a-nossa-maior-riqueza.html#breadcrumb\",\"itemListElement\":[{\"@type\":\"ListItem\",\"position\":1,\"name\":\"Home\",\"item\":\"https:\/\/franciscanos.org.br\/noticias\"},{\"@type\":\"ListItem\",\"position\":2,\"name\":\"\u201cLevar Jesus \u00e9 a nossa maior riqueza\u201d\"}]},{\"@type\":\"Person\",\"@id\":\"https:\/\/franciscanos.org.br\/noticias\/#\/schema\/person\/37f88f0d111cd5358b12a6556a99eb91\",\"name\":\"freiaugusto\",\"image\":{\"@type\":\"ImageObject\",\"inLanguage\":\"pt-BR\",\"@id\":\"https:\/\/franciscanos.org.br\/noticias\/#\/schema\/person\/image\/\",\"url\":\"https:\/\/secure.gravatar.com\/avatar\/9840b940e621801b24f3e6b059efb4b7?s=96&d=mm&r=g\",\"contentUrl\":\"https:\/\/secure.gravatar.com\/avatar\/9840b940e621801b24f3e6b059efb4b7?s=96&d=mm&r=g\",\"caption\":\"freiaugusto\"},\"url\":\"https:\/\/franciscanos.org.br\/noticias\/author\/freiaugusto\"}]}<\/script>\n<!-- \/ Yoast SEO plugin. -->","yoast_head_json":{"title":"\u201cLevar Jesus \u00e9 a nossa maior riqueza\u201d - Not\u00edcias - Franciscanos","robots":{"index":"index","follow":"follow","max-snippet":"max-snippet:-1","max-image-preview":"max-image-preview:large","max-video-preview":"max-video-preview:-1"},"canonical":"https:\/\/franciscanos.org.br\/noticias\/levar-jesus-e-a-nossa-maior-riqueza.html","og_locale":"pt_BR","og_type":"article","og_title":"\u201cLevar Jesus \u00e9 a nossa maior riqueza\u201d - Not\u00edcias - Franciscanos","og_description":"Miss\u00f5es Franciscanas da Juventude","og_url":"https:\/\/franciscanos.org.br\/noticias\/levar-jesus-e-a-nossa-maior-riqueza.html","og_site_name":"Not\u00edcias - Franciscanos","article_published_time":"2026-01-31T10:30:23+00:00","article_modified_time":"2026-01-31T10:44:08+00:00","og_image":[{"width":1620,"height":1080,"url":"https:\/\/franciscanos.org.br\/noticias\/wp-content\/uploads\/2026\/01\/missoes_300126-scaled.jpeg","type":"image\/jpeg"}],"author":"freiaugusto","twitter_card":"summary_large_image","twitter_misc":{"Escrito por":"freiaugusto","Est. tempo de leitura":"11 minutos"},"schema":{"@context":"https:\/\/schema.org","@graph":[{"@type":"WebSite","@id":"https:\/\/franciscanos.org.br\/noticias\/#website","url":"https:\/\/franciscanos.org.br\/noticias\/","name":"Not\u00edcias - Franciscanos","description":"Prov\u00edncia Franciscana da Imaculada Concei\u00e7\u00e3o do Brasil - Ordem dos Frades Menores - OFM","potentialAction":[{"@type":"SearchAction","target":{"@type":"EntryPoint","urlTemplate":"https:\/\/franciscanos.org.br\/noticias\/?s={search_term_string}"},"query-input":"required name=search_term_string"}],"inLanguage":"pt-BR"},{"@type":"ImageObject","inLanguage":"pt-BR","@id":"https:\/\/franciscanos.org.br\/noticias\/levar-jesus-e-a-nossa-maior-riqueza.html#primaryimage","url":"https:\/\/franciscanos.org.br\/noticias\/wp-content\/uploads\/2026\/01\/missoes_300126-scaled.jpeg","contentUrl":"https:\/\/franciscanos.org.br\/noticias\/wp-content\/uploads\/2026\/01\/missoes_300126-scaled.jpeg","width":1620,"height":1080},{"@type":"WebPage","@id":"https:\/\/franciscanos.org.br\/noticias\/levar-jesus-e-a-nossa-maior-riqueza.html#webpage","url":"https:\/\/franciscanos.org.br\/noticias\/levar-jesus-e-a-nossa-maior-riqueza.html","name":"\u201cLevar Jesus \u00e9 a nossa maior riqueza\u201d - Not\u00edcias - Franciscanos","isPartOf":{"@id":"https:\/\/franciscanos.org.br\/noticias\/#website"},"primaryImageOfPage":{"@id":"https:\/\/franciscanos.org.br\/noticias\/levar-jesus-e-a-nossa-maior-riqueza.html#primaryimage"},"datePublished":"2026-01-31T10:30:23+00:00","dateModified":"2026-01-31T10:44:08+00:00","author":{"@id":"https:\/\/franciscanos.org.br\/noticias\/#\/schema\/person\/37f88f0d111cd5358b12a6556a99eb91"},"breadcrumb":{"@id":"https:\/\/franciscanos.org.br\/noticias\/levar-jesus-e-a-nossa-maior-riqueza.html#breadcrumb"},"inLanguage":"pt-BR","potentialAction":[{"@type":"ReadAction","target":["https:\/\/franciscanos.org.br\/noticias\/levar-jesus-e-a-nossa-maior-riqueza.html"]}]},{"@type":"BreadcrumbList","@id":"https:\/\/franciscanos.org.br\/noticias\/levar-jesus-e-a-nossa-maior-riqueza.html#breadcrumb","itemListElement":[{"@type":"ListItem","position":1,"name":"Home","item":"https:\/\/franciscanos.org.br\/noticias"},{"@type":"ListItem","position":2,"name":"\u201cLevar Jesus \u00e9 a nossa maior riqueza\u201d"}]},{"@type":"Person","@id":"https:\/\/franciscanos.org.br\/noticias\/#\/schema\/person\/37f88f0d111cd5358b12a6556a99eb91","name":"freiaugusto","image":{"@type":"ImageObject","inLanguage":"pt-BR","@id":"https:\/\/franciscanos.org.br\/noticias\/#\/schema\/person\/image\/","url":"https:\/\/secure.gravatar.com\/avatar\/9840b940e621801b24f3e6b059efb4b7?s=96&d=mm&r=g","contentUrl":"https:\/\/secure.gravatar.com\/avatar\/9840b940e621801b24f3e6b059efb4b7?s=96&d=mm&r=g","caption":"freiaugusto"},"url":"https:\/\/franciscanos.org.br\/noticias\/author\/freiaugusto"}]}},"_links":{"self":[{"href":"https:\/\/franciscanos.org.br\/noticias\/wp-json\/wp\/v2\/posts\/263802"}],"collection":[{"href":"https:\/\/franciscanos.org.br\/noticias\/wp-json\/wp\/v2\/posts"}],"about":[{"href":"https:\/\/franciscanos.org.br\/noticias\/wp-json\/wp\/v2\/types\/post"}],"author":[{"embeddable":true,"href":"https:\/\/franciscanos.org.br\/noticias\/wp-json\/wp\/v2\/users\/5"}],"replies":[{"embeddable":true,"href":"https:\/\/franciscanos.org.br\/noticias\/wp-json\/wp\/v2\/comments?post=263802"}],"version-history":[{"count":5,"href":"https:\/\/franciscanos.org.br\/noticias\/wp-json\/wp\/v2\/posts\/263802\/revisions"}],"predecessor-version":[{"id":263848,"href":"https:\/\/franciscanos.org.br\/noticias\/wp-json\/wp\/v2\/posts\/263802\/revisions\/263848"}],"wp:featuredmedia":[{"embeddable":true,"href":"https:\/\/franciscanos.org.br\/noticias\/wp-json\/wp\/v2\/media\/263803"}],"wp:attachment":[{"href":"https:\/\/franciscanos.org.br\/noticias\/wp-json\/wp\/v2\/media?parent=263802"}],"wp:term":[{"taxonomy":"category","embeddable":true,"href":"https:\/\/franciscanos.org.br\/noticias\/wp-json\/wp\/v2\/categories?post=263802"},{"taxonomy":"post_tag","embeddable":true,"href":"https:\/\/franciscanos.org.br\/noticias\/wp-json\/wp\/v2\/tags?post=263802"}],"curies":[{"name":"wp","href":"https:\/\/api.w.org\/{rel}","templated":true}]}}