{"id":263732,"date":"2026-01-29T08:20:58","date_gmt":"2026-01-29T11:20:58","guid":{"rendered":"https:\/\/franciscanos.org.br\/noticias\/?p=263732"},"modified":"2026-03-13T11:18:43","modified_gmt":"2026-03-13T14:18:43","slug":"a-palavra-de-deus-como-realidade-viva","status":"publish","type":"post","link":"https:\/\/franciscanos.org.br\/noticias\/a-palavra-de-deus-como-realidade-viva.html","title":{"rendered":"A Palavra de Deus como realidade viva"},"content":{"rendered":"<p><img loading=\"lazy\" class=\"size-medium wp-image-264972 aligncenter\" src=\"https:\/\/franciscanos.org.br\/noticias\/wp-content\/uploads\/2026\/01\/papa_leao_xiv_reuters-450x253.jpg\" alt=\"\" width=\"450\" height=\"253\" srcset=\"https:\/\/franciscanos.org.br\/noticias\/wp-content\/uploads\/2026\/01\/papa_leao_xiv_reuters-450x253.jpg 450w, https:\/\/franciscanos.org.br\/noticias\/wp-content\/uploads\/2026\/01\/papa_leao_xiv_reuters-1024x576.jpg 1024w, https:\/\/franciscanos.org.br\/noticias\/wp-content\/uploads\/2026\/01\/papa_leao_xiv_reuters-768x432.jpg 768w, https:\/\/franciscanos.org.br\/noticias\/wp-content\/uploads\/2026\/01\/papa_leao_xiv_reuters-1536x864.jpg 1536w, https:\/\/franciscanos.org.br\/noticias\/wp-content\/uploads\/2026\/01\/papa_leao_xiv_reuters-150x84.jpg 150w, https:\/\/franciscanos.org.br\/noticias\/wp-content\/uploads\/2026\/01\/papa_leao_xiv_reuters.jpg 1920w\" sizes=\"(max-width: 450px) 100vw, 450px\" \/><\/p>\n<p>Na Audi\u00eancia Geral de ontem (28), o Papa Le\u00e3o XIV conduziu a Igreja a uma reflex\u00e3o profunda sobre a Palavra de Deus como realidade viva, din\u00e2mica e insepar\u00e1vel da Tradi\u00e7\u00e3o. Ao retomar os grandes temas da Dei Verbum, o Pont\u00edfice recordou que a Revela\u00e7\u00e3o n\u00e3o pertence apenas ao passado, nem pode ser reduzida a um texto fixo ou a uma mem\u00f3ria hist\u00f3rica: ela acontece, continua a se comunicar e se atualiza na vida concreta do povo de Deus.<\/p>\n<p>Essa compreens\u00e3o provoca uma pergunta fundamental: como escutamos hoje a Palavra de Deus? Ela \u00e9 acolhida como for\u00e7a que interpela, transforma e orienta a exist\u00eancia, ou permanece confinada ao \u00e2mbito do ritual e do discurso religioso? Em um tempo marcado pela acelera\u00e7\u00e3o, pelo excesso de informa\u00e7\u00f5es e pela superficialidade das escutas, o Papa convida a Igreja a redescobrir a centralidade de uma escuta profunda, paciente e comprometida.<\/p>\n<p>Ao tratar da rela\u00e7\u00e3o entre Escritura e Tradi\u00e7\u00e3o, Le\u00e3o XIV destacou que ambas formam uma \u00fanica realidade viva, transmitida ao longo das gera\u00e7\u00f5es sob a a\u00e7\u00e3o do Esp\u00edrito Santo. A Tradi\u00e7\u00e3o n\u00e3o \u00e9 repeti\u00e7\u00e3o mec\u00e2nica nem simples conserva\u00e7\u00e3o do passado, mas processo vital, no qual a f\u00e9 \u00e9 compreendida, aprofundada e testemunhada em novos contextos hist\u00f3ricos. Diante disso, surge outra quest\u00e3o decisiva: somos uma Igreja que transmite a f\u00e9 como heran\u00e7a viva ou apenas como um conjunto de f\u00f3rmulas a serem preservadas?<\/p>\n<p>A Palavra de Deus, recordou o Papa, cresce na medida em que \u00e9 acolhida, meditada e vivida. Ela se revela na escuta comunit\u00e1ria, na liturgia, na vida pastoral e nos desafios do mundo contempor\u00e2neo. Isso exige maturidade espiritual e discernimento, pois nem toda mudan\u00e7a \u00e9 fidelidade, assim como nem toda conserva\u00e7\u00e3o \u00e9 garantia de autenticidade. Aqui emerge uma pergunta particularmente atual: como discernir, \u00e0 luz do Esp\u00edrito, o que \u00e9 desenvolvimento leg\u00edtimo da f\u00e9 e o que \u00e9 perda de seu sentido original?<\/p>\n<p>Le\u00e3o XIV tamb\u00e9m sublinhou a responsabilidade de toda a Igreja na guarda e na transmiss\u00e3o do dep\u00f3sito da f\u00e9. Essa miss\u00e3o n\u00e3o \u00e9 exclusiva do Magist\u00e9rio, mas envolve pastores, te\u00f3logos, educadores e fi\u00e9is leigos. Tal afirma\u00e7\u00e3o provoca outra inquieta\u00e7\u00e3o: de que modo cada crist\u00e3o assume sua corresponsabilidade na transmiss\u00e3o da f\u00e9, especialmente \u00e0s novas gera\u00e7\u00f5es? A Palavra anunciada encontra coer\u00eancia na vida vivida?<\/p>\n<p>Ao final de sua catequese, o Papa convidou os fi\u00e9is a retomarem o esp\u00edrito da Dei Verbum, lembrando que Escritura, Tradi\u00e7\u00e3o e Magist\u00e9rio s\u00f3 podem ser compreendidos em profunda unidade. Separ\u00e1-los empobrece a f\u00e9; mant\u00ea-los unidos fortalece a Igreja em sua miss\u00e3o evangelizadora. Em tempos de crise de sentido, polariza\u00e7\u00f5es e fragilidade dos v\u00ednculos, permanece a pergunta que atravessa toda a audi\u00eancia: estamos dispostos a deixar que a Palavra de Deus continue a nos converter, ou preferimos mold\u00e1-la \u00e0s nossas certezas e conveni\u00eancias?<\/p>\n<p>A audi\u00eancia do Papa Le\u00e3o XIV, portanto, n\u00e3o se limita a uma explica\u00e7\u00e3o doutrinal, mas se apresenta como um chamado \u00e0 convers\u00e3o da escuta, \u00e0 maturidade da f\u00e9 e ao compromisso com uma Tradi\u00e7\u00e3o verdadeiramente viva, capaz de falar ao cora\u00e7\u00e3o do ser humano de hoje sem perder sua fidelidade ao Evangelho.<\/p>\n<hr \/>\n<p><em>Por Robson Ribeiro &#8211; Vatican News<\/em><\/p>\n","protected":false},"excerpt":{"rendered":"<p>Audi\u00eancia Geral com o Papa Le\u00e3o XIV<\/p>\n","protected":false},"author":15,"featured_media":264972,"comment_status":"open","ping_status":"open","sticky":false,"template":"","format":"standard","meta":[],"categories":[1],"tags":[],"acf":[],"yoast_head":"<!-- This site is optimized with the Yoast SEO plugin v19.2 - https:\/\/yoast.com\/wordpress\/plugins\/seo\/ -->\n<title>A Palavra de Deus como realidade viva - Not\u00edcias - Franciscanos<\/title>\n<meta name=\"robots\" content=\"index, follow, max-snippet:-1, max-image-preview:large, max-video-preview:-1\" \/>\n<link rel=\"canonical\" href=\"https:\/\/franciscanos.org.br\/noticias\/a-palavra-de-deus-como-realidade-viva.html\" \/>\n<meta property=\"og:locale\" content=\"pt_BR\" \/>\n<meta property=\"og:type\" content=\"article\" \/>\n<meta property=\"og:title\" content=\"A Palavra de Deus como realidade viva - Not\u00edcias - Franciscanos\" \/>\n<meta property=\"og:description\" content=\"Audi\u00eancia Geral com o Papa Le\u00e3o XIV\" \/>\n<meta property=\"og:url\" content=\"https:\/\/franciscanos.org.br\/noticias\/a-palavra-de-deus-como-realidade-viva.html\" \/>\n<meta property=\"og:site_name\" content=\"Not\u00edcias - Franciscanos\" \/>\n<meta property=\"article:published_time\" content=\"2026-01-29T11:20:58+00:00\" \/>\n<meta property=\"article:modified_time\" content=\"2026-03-13T14:18:43+00:00\" \/>\n<meta property=\"og:image\" content=\"https:\/\/franciscanos.org.br\/noticias\/wp-content\/uploads\/2026\/01\/papa_leao_xiv_reuters.jpg\" \/>\n\t<meta property=\"og:image:width\" content=\"1920\" \/>\n\t<meta property=\"og:image:height\" content=\"1080\" \/>\n\t<meta property=\"og:image:type\" content=\"image\/jpeg\" \/>\n<meta name=\"author\" content=\"Guilherme Rocha\" \/>\n<meta name=\"twitter:card\" content=\"summary_large_image\" \/>\n<meta name=\"twitter:label1\" content=\"Escrito por\" \/>\n\t<meta name=\"twitter:data1\" content=\"Guilherme Rocha\" \/>\n\t<meta name=\"twitter:label2\" content=\"Est. tempo de leitura\" \/>\n\t<meta name=\"twitter:data2\" content=\"3 minutos\" \/>\n<script type=\"application\/ld+json\" class=\"yoast-schema-graph\">{\"@context\":\"https:\/\/schema.org\",\"@graph\":[{\"@type\":\"WebSite\",\"@id\":\"https:\/\/franciscanos.org.br\/noticias\/#website\",\"url\":\"https:\/\/franciscanos.org.br\/noticias\/\",\"name\":\"Not\u00edcias - Franciscanos\",\"description\":\"Prov\u00edncia Franciscana da Imaculada Concei\u00e7\u00e3o do Brasil - Ordem dos Frades Menores - OFM\",\"potentialAction\":[{\"@type\":\"SearchAction\",\"target\":{\"@type\":\"EntryPoint\",\"urlTemplate\":\"https:\/\/franciscanos.org.br\/noticias\/?s={search_term_string}\"},\"query-input\":\"required name=search_term_string\"}],\"inLanguage\":\"pt-BR\"},{\"@type\":\"ImageObject\",\"inLanguage\":\"pt-BR\",\"@id\":\"https:\/\/franciscanos.org.br\/noticias\/a-palavra-de-deus-como-realidade-viva.html#primaryimage\",\"url\":\"https:\/\/franciscanos.org.br\/noticias\/wp-content\/uploads\/2026\/01\/papa_leao_xiv_reuters.jpg\",\"contentUrl\":\"https:\/\/franciscanos.org.br\/noticias\/wp-content\/uploads\/2026\/01\/papa_leao_xiv_reuters.jpg\",\"width\":1920,\"height\":1080},{\"@type\":\"WebPage\",\"@id\":\"https:\/\/franciscanos.org.br\/noticias\/a-palavra-de-deus-como-realidade-viva.html#webpage\",\"url\":\"https:\/\/franciscanos.org.br\/noticias\/a-palavra-de-deus-como-realidade-viva.html\",\"name\":\"A Palavra de Deus como realidade viva - Not\u00edcias - Franciscanos\",\"isPartOf\":{\"@id\":\"https:\/\/franciscanos.org.br\/noticias\/#website\"},\"primaryImageOfPage\":{\"@id\":\"https:\/\/franciscanos.org.br\/noticias\/a-palavra-de-deus-como-realidade-viva.html#primaryimage\"},\"datePublished\":\"2026-01-29T11:20:58+00:00\",\"dateModified\":\"2026-03-13T14:18:43+00:00\",\"author\":{\"@id\":\"https:\/\/franciscanos.org.br\/noticias\/#\/schema\/person\/69bb4cd273a2528548b63cccab4980a0\"},\"breadcrumb\":{\"@id\":\"https:\/\/franciscanos.org.br\/noticias\/a-palavra-de-deus-como-realidade-viva.html#breadcrumb\"},\"inLanguage\":\"pt-BR\",\"potentialAction\":[{\"@type\":\"ReadAction\",\"target\":[\"https:\/\/franciscanos.org.br\/noticias\/a-palavra-de-deus-como-realidade-viva.html\"]}]},{\"@type\":\"BreadcrumbList\",\"@id\":\"https:\/\/franciscanos.org.br\/noticias\/a-palavra-de-deus-como-realidade-viva.html#breadcrumb\",\"itemListElement\":[{\"@type\":\"ListItem\",\"position\":1,\"name\":\"Home\",\"item\":\"https:\/\/franciscanos.org.br\/noticias\"},{\"@type\":\"ListItem\",\"position\":2,\"name\":\"A Palavra de Deus como realidade viva\"}]},{\"@type\":\"Person\",\"@id\":\"https:\/\/franciscanos.org.br\/noticias\/#\/schema\/person\/69bb4cd273a2528548b63cccab4980a0\",\"name\":\"Guilherme Rocha\",\"image\":{\"@type\":\"ImageObject\",\"inLanguage\":\"pt-BR\",\"@id\":\"https:\/\/franciscanos.org.br\/noticias\/#\/schema\/person\/image\/\",\"url\":\"https:\/\/secure.gravatar.com\/avatar\/e480fee2377f81af36f6990ed742592a?s=96&d=mm&r=g\",\"contentUrl\":\"https:\/\/secure.gravatar.com\/avatar\/e480fee2377f81af36f6990ed742592a?s=96&d=mm&r=g\",\"caption\":\"Guilherme Rocha\"},\"url\":\"https:\/\/franciscanos.org.br\/noticias\/author\/guilhermerocha\"}]}<\/script>\n<!-- \/ Yoast SEO plugin. -->","yoast_head_json":{"title":"A Palavra de Deus como realidade viva - Not\u00edcias - Franciscanos","robots":{"index":"index","follow":"follow","max-snippet":"max-snippet:-1","max-image-preview":"max-image-preview:large","max-video-preview":"max-video-preview:-1"},"canonical":"https:\/\/franciscanos.org.br\/noticias\/a-palavra-de-deus-como-realidade-viva.html","og_locale":"pt_BR","og_type":"article","og_title":"A Palavra de Deus como realidade viva - Not\u00edcias - Franciscanos","og_description":"Audi\u00eancia Geral com o Papa Le\u00e3o XIV","og_url":"https:\/\/franciscanos.org.br\/noticias\/a-palavra-de-deus-como-realidade-viva.html","og_site_name":"Not\u00edcias - Franciscanos","article_published_time":"2026-01-29T11:20:58+00:00","article_modified_time":"2026-03-13T14:18:43+00:00","og_image":[{"width":1920,"height":1080,"url":"https:\/\/franciscanos.org.br\/noticias\/wp-content\/uploads\/2026\/01\/papa_leao_xiv_reuters.jpg","type":"image\/jpeg"}],"author":"Guilherme Rocha","twitter_card":"summary_large_image","twitter_misc":{"Escrito por":"Guilherme Rocha","Est. tempo de leitura":"3 minutos"},"schema":{"@context":"https:\/\/schema.org","@graph":[{"@type":"WebSite","@id":"https:\/\/franciscanos.org.br\/noticias\/#website","url":"https:\/\/franciscanos.org.br\/noticias\/","name":"Not\u00edcias - Franciscanos","description":"Prov\u00edncia Franciscana da Imaculada Concei\u00e7\u00e3o do Brasil - Ordem dos Frades Menores - OFM","potentialAction":[{"@type":"SearchAction","target":{"@type":"EntryPoint","urlTemplate":"https:\/\/franciscanos.org.br\/noticias\/?s={search_term_string}"},"query-input":"required name=search_term_string"}],"inLanguage":"pt-BR"},{"@type":"ImageObject","inLanguage":"pt-BR","@id":"https:\/\/franciscanos.org.br\/noticias\/a-palavra-de-deus-como-realidade-viva.html#primaryimage","url":"https:\/\/franciscanos.org.br\/noticias\/wp-content\/uploads\/2026\/01\/papa_leao_xiv_reuters.jpg","contentUrl":"https:\/\/franciscanos.org.br\/noticias\/wp-content\/uploads\/2026\/01\/papa_leao_xiv_reuters.jpg","width":1920,"height":1080},{"@type":"WebPage","@id":"https:\/\/franciscanos.org.br\/noticias\/a-palavra-de-deus-como-realidade-viva.html#webpage","url":"https:\/\/franciscanos.org.br\/noticias\/a-palavra-de-deus-como-realidade-viva.html","name":"A Palavra de Deus como realidade viva - Not\u00edcias - Franciscanos","isPartOf":{"@id":"https:\/\/franciscanos.org.br\/noticias\/#website"},"primaryImageOfPage":{"@id":"https:\/\/franciscanos.org.br\/noticias\/a-palavra-de-deus-como-realidade-viva.html#primaryimage"},"datePublished":"2026-01-29T11:20:58+00:00","dateModified":"2026-03-13T14:18:43+00:00","author":{"@id":"https:\/\/franciscanos.org.br\/noticias\/#\/schema\/person\/69bb4cd273a2528548b63cccab4980a0"},"breadcrumb":{"@id":"https:\/\/franciscanos.org.br\/noticias\/a-palavra-de-deus-como-realidade-viva.html#breadcrumb"},"inLanguage":"pt-BR","potentialAction":[{"@type":"ReadAction","target":["https:\/\/franciscanos.org.br\/noticias\/a-palavra-de-deus-como-realidade-viva.html"]}]},{"@type":"BreadcrumbList","@id":"https:\/\/franciscanos.org.br\/noticias\/a-palavra-de-deus-como-realidade-viva.html#breadcrumb","itemListElement":[{"@type":"ListItem","position":1,"name":"Home","item":"https:\/\/franciscanos.org.br\/noticias"},{"@type":"ListItem","position":2,"name":"A Palavra de Deus como realidade viva"}]},{"@type":"Person","@id":"https:\/\/franciscanos.org.br\/noticias\/#\/schema\/person\/69bb4cd273a2528548b63cccab4980a0","name":"Guilherme Rocha","image":{"@type":"ImageObject","inLanguage":"pt-BR","@id":"https:\/\/franciscanos.org.br\/noticias\/#\/schema\/person\/image\/","url":"https:\/\/secure.gravatar.com\/avatar\/e480fee2377f81af36f6990ed742592a?s=96&d=mm&r=g","contentUrl":"https:\/\/secure.gravatar.com\/avatar\/e480fee2377f81af36f6990ed742592a?s=96&d=mm&r=g","caption":"Guilherme Rocha"},"url":"https:\/\/franciscanos.org.br\/noticias\/author\/guilhermerocha"}]}},"_links":{"self":[{"href":"https:\/\/franciscanos.org.br\/noticias\/wp-json\/wp\/v2\/posts\/263732"}],"collection":[{"href":"https:\/\/franciscanos.org.br\/noticias\/wp-json\/wp\/v2\/posts"}],"about":[{"href":"https:\/\/franciscanos.org.br\/noticias\/wp-json\/wp\/v2\/types\/post"}],"author":[{"embeddable":true,"href":"https:\/\/franciscanos.org.br\/noticias\/wp-json\/wp\/v2\/users\/15"}],"replies":[{"embeddable":true,"href":"https:\/\/franciscanos.org.br\/noticias\/wp-json\/wp\/v2\/comments?post=263732"}],"version-history":[{"count":4,"href":"https:\/\/franciscanos.org.br\/noticias\/wp-json\/wp\/v2\/posts\/263732\/revisions"}],"predecessor-version":[{"id":264973,"href":"https:\/\/franciscanos.org.br\/noticias\/wp-json\/wp\/v2\/posts\/263732\/revisions\/264973"}],"wp:featuredmedia":[{"embeddable":true,"href":"https:\/\/franciscanos.org.br\/noticias\/wp-json\/wp\/v2\/media\/264972"}],"wp:attachment":[{"href":"https:\/\/franciscanos.org.br\/noticias\/wp-json\/wp\/v2\/media?parent=263732"}],"wp:term":[{"taxonomy":"category","embeddable":true,"href":"https:\/\/franciscanos.org.br\/noticias\/wp-json\/wp\/v2\/categories?post=263732"},{"taxonomy":"post_tag","embeddable":true,"href":"https:\/\/franciscanos.org.br\/noticias\/wp-json\/wp\/v2\/tags?post=263732"}],"curies":[{"name":"wp","href":"https:\/\/api.w.org\/{rel}","templated":true}]}}