{"id":263722,"date":"2026-01-27T15:52:36","date_gmt":"2026-01-27T18:52:36","guid":{"rendered":"https:\/\/franciscanos.org.br\/noticias\/?p=263722"},"modified":"2026-01-27T15:52:36","modified_gmt":"2026-01-27T18:52:36","slug":"jovens-vivem-experiencia-missionaria-nas-ferias-em-santo-amaro-da-imperatriz-sc","status":"publish","type":"post","link":"https:\/\/franciscanos.org.br\/noticias\/jovens-vivem-experiencia-missionaria-nas-ferias-em-santo-amaro-da-imperatriz-sc.html","title":{"rendered":"Jovens vivem experi\u00eancia mission\u00e1ria nas f\u00e9rias em Santo Amaro da Imperatriz (SC)"},"content":{"rendered":"<p><img loading=\"lazy\" class=\"aligncenter wp-image-263723 size-large\" src=\"https:\/\/franciscanos.org.br\/noticias\/wp-content\/uploads\/2026\/01\/MFJ-4-1024x682.jpeg\" alt=\"\" width=\"1024\" height=\"682\" srcset=\"https:\/\/franciscanos.org.br\/noticias\/wp-content\/uploads\/2026\/01\/MFJ-4-1024x682.jpeg 1024w, https:\/\/franciscanos.org.br\/noticias\/wp-content\/uploads\/2026\/01\/MFJ-4-450x300.jpeg 450w, https:\/\/franciscanos.org.br\/noticias\/wp-content\/uploads\/2026\/01\/MFJ-4-768x512.jpeg 768w, https:\/\/franciscanos.org.br\/noticias\/wp-content\/uploads\/2026\/01\/MFJ-4-150x100.jpeg 150w, https:\/\/franciscanos.org.br\/noticias\/wp-content\/uploads\/2026\/01\/MFJ-4.jpeg 1280w\" sizes=\"(max-width: 1024px) 100vw, 1024px\" \/><\/p>\n<p><span style=\"font-weight: 400;\">Jovens de v\u00e1rios estados do Brasil v\u00e3o trocar parte do descanso das f\u00e9rias por uma viv\u00eancia intensa de f\u00e9, servi\u00e7o e fraternidade durante as Miss\u00f5es Franciscanas da Juventude (MFJ). Promovido pelos frades franciscanos da Equipe de Evangeliza\u00e7\u00e3o com as Juventudes da Prov\u00edncia Franciscana da Imaculada Concei\u00e7\u00e3o, em parceria com par\u00f3quias locais, a 9\u00aa edi\u00e7\u00e3o da MFJ ser\u00e1 realizada na cidade de\u00a0Santo Amaro da Imperatriz (SC)\u00a0entre os dias\u00a029 de janeiro e 1\u00ba de fevereiro.<\/span><\/p>\n<p><span style=\"font-weight: 400;\">Voltada a jovens de\u00a016 a 45 anos, a iniciativa prop\u00f5e forma\u00e7\u00e3o, ora\u00e7\u00e3o e a\u00e7\u00e3o mission\u00e1ria inspiradas no carisma de S\u00e3o Francisco de Assis. A experi\u00eancia quer fomentar uma Igreja em sa\u00edda, que evangeliza pela simplicidade, pela conviv\u00eancia e pelo cuidado com o pr\u00f3ximo.<\/span><\/p>\n<p><span style=\"font-weight: 400;\">O tema deste ano,\u00a0\u201cArtes\u00e3os da Paz e do Bem\u201d, e o lema\u00a0\u201cFrancisco e Carlo Acutis: jovens do Evangelho\u201d, convidam os participantes a transformar pequenas atitudes em sinais de esperan\u00e7a diante dos desafios sociais e espirituais contempor\u00e2neos.<\/span><\/p>\n<p><span style=\"font-weight: 400;\">\u201cSer artes\u00e3o da paz \u00e9 transformar o amor em a\u00e7\u00e3o, o Evangelho em vida e a f\u00e9 em servi\u00e7o ao pr\u00f3ximo. Nas miss\u00f5es n\u00e3o trazemos solu\u00e7\u00f5es prontas, levamos presen\u00e7a, escuta e gestos concretos que acolhem, restauram confian\u00e7a e provocam esperan\u00e7a. Quero convidar cada jovem a se deixar tocar: venha aprender, servir e ser enviado. \u00c9 na partilha que nos tornamos verdadeiros sinais do Bem para nossas comunidades\u201d, destacou Frei Augusto Luiz Gabriel, coordenador da 9\u00aa MFJ.<\/span><\/p>\n\n\t\t<style type=\"text\/css\">\n\t\t\t#gallery-1 {\n\t\t\t\tmargin: auto;\n\t\t\t}\n\t\t\t#gallery-1 .gallery-item {\n\t\t\t\tfloat: left;\n\t\t\t\tmargin-top: 10px;\n\t\t\t\ttext-align: center;\n\t\t\t\twidth: 33%;\n\t\t\t}\n\t\t\t#gallery-1 img {\n\t\t\t\tborder: 2px solid #cfcfcf;\n\t\t\t}\n\t\t\t#gallery-1 .gallery-caption {\n\t\t\t\tmargin-left: 0;\n\t\t\t}\n\t\t\t\/* see gallery_shortcode() in wp-includes\/media.php *\/\n\t\t<\/style>\n\t\t<div id='gallery-1' class='gallery galleryid-263722 gallery-columns-3 gallery-size-medium'><dl class='gallery-item'>\n\t\t\t<dt class='gallery-icon landscape'>\n\t\t\t\t<a href='https:\/\/franciscanos.org.br\/noticias\/wp-content\/uploads\/2026\/01\/MFJ-3.jpeg'><img width=\"450\" height=\"300\" src=\"https:\/\/franciscanos.org.br\/noticias\/wp-content\/uploads\/2026\/01\/MFJ-3-450x300.jpeg\" class=\"attachment-medium size-medium\" alt=\"\" loading=\"lazy\" srcset=\"https:\/\/franciscanos.org.br\/noticias\/wp-content\/uploads\/2026\/01\/MFJ-3-450x300.jpeg 450w, https:\/\/franciscanos.org.br\/noticias\/wp-content\/uploads\/2026\/01\/MFJ-3-1024x682.jpeg 1024w, https:\/\/franciscanos.org.br\/noticias\/wp-content\/uploads\/2026\/01\/MFJ-3-768x512.jpeg 768w, https:\/\/franciscanos.org.br\/noticias\/wp-content\/uploads\/2026\/01\/MFJ-3-150x100.jpeg 150w, https:\/\/franciscanos.org.br\/noticias\/wp-content\/uploads\/2026\/01\/MFJ-3.jpeg 1280w\" sizes=\"(max-width: 450px) 100vw, 450px\" \/><\/a>\n\t\t\t<\/dt><\/dl><dl class='gallery-item'>\n\t\t\t<dt class='gallery-icon landscape'>\n\t\t\t\t<a href='https:\/\/franciscanos.org.br\/noticias\/wp-content\/uploads\/2026\/01\/MFJ-2.jpeg'><img width=\"450\" height=\"300\" src=\"https:\/\/franciscanos.org.br\/noticias\/wp-content\/uploads\/2026\/01\/MFJ-2-450x300.jpeg\" class=\"attachment-medium size-medium\" alt=\"\" loading=\"lazy\" srcset=\"https:\/\/franciscanos.org.br\/noticias\/wp-content\/uploads\/2026\/01\/MFJ-2-450x300.jpeg 450w, https:\/\/franciscanos.org.br\/noticias\/wp-content\/uploads\/2026\/01\/MFJ-2-1024x682.jpeg 1024w, https:\/\/franciscanos.org.br\/noticias\/wp-content\/uploads\/2026\/01\/MFJ-2-768x512.jpeg 768w, https:\/\/franciscanos.org.br\/noticias\/wp-content\/uploads\/2026\/01\/MFJ-2-150x100.jpeg 150w, https:\/\/franciscanos.org.br\/noticias\/wp-content\/uploads\/2026\/01\/MFJ-2.jpeg 1280w\" sizes=\"(max-width: 450px) 100vw, 450px\" \/><\/a>\n\t\t\t<\/dt><\/dl><dl class='gallery-item'>\n\t\t\t<dt class='gallery-icon landscape'>\n\t\t\t\t<a href='https:\/\/franciscanos.org.br\/noticias\/wp-content\/uploads\/2026\/01\/MFJ-5.jpeg'><img width=\"450\" height=\"300\" src=\"https:\/\/franciscanos.org.br\/noticias\/wp-content\/uploads\/2026\/01\/MFJ-5-450x300.jpeg\" class=\"attachment-medium size-medium\" alt=\"\" loading=\"lazy\" srcset=\"https:\/\/franciscanos.org.br\/noticias\/wp-content\/uploads\/2026\/01\/MFJ-5-450x300.jpeg 450w, https:\/\/franciscanos.org.br\/noticias\/wp-content\/uploads\/2026\/01\/MFJ-5-1024x682.jpeg 1024w, https:\/\/franciscanos.org.br\/noticias\/wp-content\/uploads\/2026\/01\/MFJ-5-768x512.jpeg 768w, https:\/\/franciscanos.org.br\/noticias\/wp-content\/uploads\/2026\/01\/MFJ-5-150x100.jpeg 150w, https:\/\/franciscanos.org.br\/noticias\/wp-content\/uploads\/2026\/01\/MFJ-5.jpeg 1280w\" sizes=\"(max-width: 450px) 100vw, 450px\" \/><\/a>\n\t\t\t<\/dt><\/dl><br style=\"clear: both\" \/>\n\t\t<\/div>\n\n<p><b>Objetivos e caracter\u00edsticas<\/b><\/p>\n<ul>\n<li style=\"font-weight: 400;\" aria-level=\"1\"><b>A\u00e7\u00e3o pastoral:<\/b><span style=\"font-weight: 400;\">\u00a0visitas porta a porta, b\u00ean\u00e7\u00e3os de casas e com\u00e9rcios, oficinas e atividades comunit\u00e1rias nas zonas urbanas e rurais.<\/span><\/li>\n<li style=\"font-weight: 400;\" aria-level=\"1\"><b>Espiritualidade:<\/b><span style=\"font-weight: 400;\">\u00a0momento forte de forma\u00e7\u00e3o e ora\u00e7\u00e3o, com pr\u00e1ticas do carisma franciscano e tempo para adora\u00e7\u00e3o e partilha.<\/span><\/li>\n<li style=\"font-weight: 400;\" aria-level=\"1\"><b>Abrang\u00eancia:<\/b><span style=\"font-weight: 400;\">\u00a0participa\u00e7\u00e3o de jovens de\u00a0Santa Catarina, Paran\u00e1, S\u00e3o Paulo, Rio de Janeiro\u00a0e\u00a0Esp\u00edrito Santo.<\/span><\/li>\n<li style=\"font-weight: 400;\" aria-level=\"1\"><b>Finalidade:<\/b><span style=\"font-weight: 400;\">\u00a0renovar a vida crist\u00e3 dos participantes, despertar voca\u00e7\u00f5es e incentivar compromissos de transforma\u00e7\u00e3o social \u00e0 luz do Evangelho.<\/span><\/li>\n<\/ul>\n<p><b>Programa\u00e7\u00e3o<\/b><\/p>\n<p><b>29\/01\/2026 &#8211; quinta-feira<\/b><\/p>\n<ul>\n<li style=\"font-weight: 400;\" aria-level=\"1\"><span style=\"font-weight: 400;\">9h\u201310h30 &#8211; Chegada e credenciamento<\/span><\/li>\n<li style=\"font-weight: 400;\" aria-level=\"1\"><span style=\"font-weight: 400;\">10h30\u00a0 &#8211; Ora\u00e7\u00e3o inicial (Igreja Matriz).<\/span><\/li>\n<li style=\"font-weight: 400;\" aria-level=\"1\"><span style=\"font-weight: 400;\">11h\u00a0 &#8211; Abertura oficial.<\/span><\/li>\n<li style=\"font-weight: 400;\" aria-level=\"1\"><span style=\"font-weight: 400;\">13h15\u00a0 &#8211; Forma\u00e7\u00e3o com os guardi\u00e3es;\u00a0<\/span><\/li>\n<li style=\"font-weight: 400;\" aria-level=\"1\"><span style=\"font-weight: 400;\">14h30 entrosamento entre os grupos;\u00a0<\/span><\/li>\n<li style=\"font-weight: 400;\" aria-level=\"1\"><span style=\"font-weight: 400;\">14h45 forma\u00e7\u00e3o tem\u00e1tica:\u00a0<\/span><i><span style=\"font-weight: 400;\">Artes\u00e3os da Paz e do Bem<\/span><\/i><span style=\"font-weight: 400;\">;<\/span><\/li>\n<li style=\"font-weight: 400;\" aria-level=\"1\"><span style=\"font-weight: 400;\">17h30\u00a0 &#8211; Teatro, espiritualidade e adora\u00e7\u00e3o.<\/span><\/li>\n<li style=\"font-weight: 400;\" aria-level=\"1\"><span style=\"font-weight: 400;\">19h\u00a0 &#8211; Envio para as fam\u00edlias acolhedoras.<\/span><\/li>\n<\/ul>\n<p><b>30\/01\/2026\u00a0 &#8211; sexta-feira<\/b><\/p>\n<ul>\n<li style=\"font-weight: 400;\" aria-level=\"1\"><span style=\"font-weight: 400;\">8h &#8211; Manh\u00e3 de ora\u00e7\u00e3o e forma\u00e7\u00f5es sobre o lema\u00a0<\/span><i><span style=\"font-weight: 400;\">\u201cFrancisco e Carlo Acutis: jovens do Evangelho\u201d;<\/span><\/i><\/li>\n<li style=\"font-weight: 400;\" aria-level=\"1\"><span style=\"font-weight: 400;\">14h &#8211; Oficinas pr\u00e1ticas;<\/span><\/li>\n<li style=\"font-weight: 400;\" aria-level=\"1\"><span style=\"font-weight: 400;\">16h30\u00a0 &#8211;\u00a0Missa de envio para as comunidades, que ser\u00e1\u00a0presidida por Dom On\u00e9cimo Alberton, bispo auxiliar da Arquidiocese de Florian\u00f3polis.<\/span><\/li>\n<li style=\"font-weight: 400;\" aria-level=\"1\"><span style=\"font-weight: 400;\">17h45\u00a0 &#8211; Envio dos mission\u00e1rios para as comunidades.<\/span><\/li>\n<\/ul>\n<p><b>31\/01\/2026\u00a0 &#8211; s\u00e1bado<\/b><\/p>\n<ul>\n<li style=\"font-weight: 400;\" aria-level=\"1\"><span style=\"font-weight: 400;\">Atividades mission\u00e1rias locais: cada comunidade possui sua pr\u00f3pria programa\u00e7\u00e3o com visitas, a\u00e7\u00f5es pastorais e servi\u00e7os comunit\u00e1rios (visitas \u00e0s fam\u00edlias, b\u00ean\u00e7\u00e3os, oficinas sociais, a\u00e7\u00f5es em com\u00e9rcios e pastorais locais).<\/span><\/li>\n<\/ul>\n<p><b>01\/02\/2026\u00a0 &#8211; domingo (encerramento)<\/b><\/p>\n<ul>\n<li style=\"font-weight: 400;\" aria-level=\"1\"><span style=\"font-weight: 400;\">8h\u00a0 &#8211; Ora\u00e7\u00e3o da manh\u00e3 e in\u00edcio das atividades no CTG;<\/span><\/li>\n<li style=\"font-weight: 400;\" aria-level=\"1\"><span style=\"font-weight: 400;\">10h\u00a0 &#8211;\u00a0Missa de encerramento na Igreja Matriz, que ser\u00e1\u00a0presidida por Frei Felipe Medeiros Carretta, rec\u00e9m-ordenado presb\u00edtero, seguida dos atos finais;<\/span><\/li>\n<li style=\"font-weight: 400;\" aria-level=\"1\"><span style=\"font-weight: 400;\">12h\u201313h\u00a0 &#8211; Atos finais e almo\u00e7o de encerramento.<\/span><\/li>\n<\/ul>\n<p><b>Porque participar<\/b><\/p>\n<p><span style=\"font-weight: 400;\">As MFJ oferecem ao jovem a oportunidade \u00fanica de por em pr\u00e1tica a f\u00e9: atrav\u00e9s da forma\u00e7\u00e3o, do conv\u00edvio fraterno e do contato direto com realidades diversas, os participantes crescem espiritualmente e humanamente. A miss\u00e3o \u00e9 tamb\u00e9m favorece o protagonismo juvenil, incentivando o compromisso com a justi\u00e7a social e com a evangeliza\u00e7\u00e3o pelas pequenas atitudes.<\/span><\/p>\n<p><b>Mais informa\u00e7\u00f5es<\/b><\/p>\n<p><span style=\"font-weight: 400;\">Acompanhe not\u00edcias, orienta\u00e7\u00f5es e poss\u00edveis atualiza\u00e7\u00f5es nas redes sociais:\u00a0@juventudesdaprovincia e pelo site franciscanos.org.br<\/span><\/p>\n<p><b>Servi\u00e7o<\/b><\/p>\n<ul>\n<li style=\"font-weight: 400;\" aria-level=\"1\"><span style=\"font-weight: 400;\">E-mail:\u00a0juventudes@franciscanos.org.br<\/span><\/li>\n<li style=\"font-weight: 400;\" aria-level=\"1\"><span style=\"font-weight: 400;\">WhatsApp:\u00a0(27) 99532-7172\u00a0 &#8211; R\u00f4mulo Benha, Assessor de Imprensa<\/span><\/li>\n<li style=\"font-weight: 400;\" aria-level=\"1\"><span style=\"font-weight: 400;\">Endere\u00e7o: Pra\u00e7a S\u00e3o Francisco de Assis, Centro, Santo Amaro da Imperatriz &#8211; SC, 88140-000.<\/span><\/li>\n<\/ul>\n<p><img loading=\"lazy\" class=\"aligncenter wp-image-263727 size-large\" src=\"https:\/\/franciscanos.org.br\/noticias\/wp-content\/uploads\/2026\/01\/MFJ-1-1024x682.jpeg\" alt=\"\" width=\"1024\" height=\"682\" srcset=\"https:\/\/franciscanos.org.br\/noticias\/wp-content\/uploads\/2026\/01\/MFJ-1-1024x682.jpeg 1024w, https:\/\/franciscanos.org.br\/noticias\/wp-content\/uploads\/2026\/01\/MFJ-1-450x300.jpeg 450w, https:\/\/franciscanos.org.br\/noticias\/wp-content\/uploads\/2026\/01\/MFJ-1-768x512.jpeg 768w, https:\/\/franciscanos.org.br\/noticias\/wp-content\/uploads\/2026\/01\/MFJ-1-150x100.jpeg 150w, https:\/\/franciscanos.org.br\/noticias\/wp-content\/uploads\/2026\/01\/MFJ-1.jpeg 1280w\" sizes=\"(max-width: 1024px) 100vw, 1024px\" \/><\/p>\n<hr \/>\n<p><em>Por Equipe de Comunica\u00e7\u00e3o da MFJ<\/em><\/p>\n","protected":false},"excerpt":{"rendered":"<p>Edi\u00e7\u00e3o da MFJ ser\u00e1 realizada entre os dias\u00a029 de janeiro e 1\u00ba de fevereiro<\/p>\n","protected":false},"author":15,"featured_media":263723,"comment_status":"open","ping_status":"open","sticky":false,"template":"","format":"standard","meta":[],"categories":[1],"tags":[],"acf":[],"yoast_head":"<!-- This site is optimized with the Yoast SEO plugin v19.2 - https:\/\/yoast.com\/wordpress\/plugins\/seo\/ -->\n<title>Jovens vivem experi\u00eancia mission\u00e1ria nas f\u00e9rias em Santo Amaro da Imperatriz (SC) - Not\u00edcias - Franciscanos<\/title>\n<meta name=\"robots\" content=\"index, follow, max-snippet:-1, max-image-preview:large, max-video-preview:-1\" \/>\n<link rel=\"canonical\" href=\"https:\/\/franciscanos.org.br\/noticias\/jovens-vivem-experiencia-missionaria-nas-ferias-em-santo-amaro-da-imperatriz-sc.html\" \/>\n<meta property=\"og:locale\" content=\"pt_BR\" \/>\n<meta property=\"og:type\" content=\"article\" \/>\n<meta property=\"og:title\" content=\"Jovens vivem experi\u00eancia mission\u00e1ria nas f\u00e9rias em Santo Amaro da Imperatriz (SC) - Not\u00edcias - Franciscanos\" \/>\n<meta property=\"og:description\" content=\"Edi\u00e7\u00e3o da MFJ ser\u00e1 realizada entre os dias\u00a029 de janeiro e 1\u00ba de fevereiro\" \/>\n<meta property=\"og:url\" content=\"https:\/\/franciscanos.org.br\/noticias\/jovens-vivem-experiencia-missionaria-nas-ferias-em-santo-amaro-da-imperatriz-sc.html\" \/>\n<meta property=\"og:site_name\" content=\"Not\u00edcias - Franciscanos\" \/>\n<meta property=\"article:published_time\" content=\"2026-01-27T18:52:36+00:00\" \/>\n<meta property=\"og:image\" content=\"https:\/\/franciscanos.org.br\/noticias\/wp-content\/uploads\/2026\/01\/MFJ-4.jpeg\" \/>\n\t<meta property=\"og:image:width\" content=\"1280\" \/>\n\t<meta property=\"og:image:height\" content=\"853\" \/>\n\t<meta property=\"og:image:type\" content=\"image\/jpeg\" \/>\n<meta name=\"author\" content=\"Guilherme Rocha\" \/>\n<meta name=\"twitter:card\" content=\"summary_large_image\" \/>\n<meta name=\"twitter:label1\" content=\"Escrito por\" \/>\n\t<meta name=\"twitter:data1\" content=\"Guilherme Rocha\" \/>\n\t<meta name=\"twitter:label2\" content=\"Est. tempo de leitura\" \/>\n\t<meta name=\"twitter:data2\" content=\"3 minutos\" \/>\n<script type=\"application\/ld+json\" class=\"yoast-schema-graph\">{\"@context\":\"https:\/\/schema.org\",\"@graph\":[{\"@type\":\"WebSite\",\"@id\":\"https:\/\/franciscanos.org.br\/noticias\/#website\",\"url\":\"https:\/\/franciscanos.org.br\/noticias\/\",\"name\":\"Not\u00edcias - Franciscanos\",\"description\":\"Prov\u00edncia Franciscana da Imaculada Concei\u00e7\u00e3o do Brasil - Ordem dos Frades Menores - OFM\",\"potentialAction\":[{\"@type\":\"SearchAction\",\"target\":{\"@type\":\"EntryPoint\",\"urlTemplate\":\"https:\/\/franciscanos.org.br\/noticias\/?s={search_term_string}\"},\"query-input\":\"required name=search_term_string\"}],\"inLanguage\":\"pt-BR\"},{\"@type\":\"ImageObject\",\"inLanguage\":\"pt-BR\",\"@id\":\"https:\/\/franciscanos.org.br\/noticias\/jovens-vivem-experiencia-missionaria-nas-ferias-em-santo-amaro-da-imperatriz-sc.html#primaryimage\",\"url\":\"https:\/\/franciscanos.org.br\/noticias\/wp-content\/uploads\/2026\/01\/MFJ-4.jpeg\",\"contentUrl\":\"https:\/\/franciscanos.org.br\/noticias\/wp-content\/uploads\/2026\/01\/MFJ-4.jpeg\",\"width\":1280,\"height\":853},{\"@type\":\"WebPage\",\"@id\":\"https:\/\/franciscanos.org.br\/noticias\/jovens-vivem-experiencia-missionaria-nas-ferias-em-santo-amaro-da-imperatriz-sc.html#webpage\",\"url\":\"https:\/\/franciscanos.org.br\/noticias\/jovens-vivem-experiencia-missionaria-nas-ferias-em-santo-amaro-da-imperatriz-sc.html\",\"name\":\"Jovens vivem experi\u00eancia mission\u00e1ria nas f\u00e9rias em Santo Amaro da Imperatriz (SC) - Not\u00edcias - Franciscanos\",\"isPartOf\":{\"@id\":\"https:\/\/franciscanos.org.br\/noticias\/#website\"},\"primaryImageOfPage\":{\"@id\":\"https:\/\/franciscanos.org.br\/noticias\/jovens-vivem-experiencia-missionaria-nas-ferias-em-santo-amaro-da-imperatriz-sc.html#primaryimage\"},\"datePublished\":\"2026-01-27T18:52:36+00:00\",\"dateModified\":\"2026-01-27T18:52:36+00:00\",\"author\":{\"@id\":\"https:\/\/franciscanos.org.br\/noticias\/#\/schema\/person\/69bb4cd273a2528548b63cccab4980a0\"},\"breadcrumb\":{\"@id\":\"https:\/\/franciscanos.org.br\/noticias\/jovens-vivem-experiencia-missionaria-nas-ferias-em-santo-amaro-da-imperatriz-sc.html#breadcrumb\"},\"inLanguage\":\"pt-BR\",\"potentialAction\":[{\"@type\":\"ReadAction\",\"target\":[\"https:\/\/franciscanos.org.br\/noticias\/jovens-vivem-experiencia-missionaria-nas-ferias-em-santo-amaro-da-imperatriz-sc.html\"]}]},{\"@type\":\"BreadcrumbList\",\"@id\":\"https:\/\/franciscanos.org.br\/noticias\/jovens-vivem-experiencia-missionaria-nas-ferias-em-santo-amaro-da-imperatriz-sc.html#breadcrumb\",\"itemListElement\":[{\"@type\":\"ListItem\",\"position\":1,\"name\":\"Home\",\"item\":\"https:\/\/franciscanos.org.br\/noticias\"},{\"@type\":\"ListItem\",\"position\":2,\"name\":\"Jovens vivem experi\u00eancia mission\u00e1ria nas f\u00e9rias em Santo Amaro da Imperatriz (SC)\"}]},{\"@type\":\"Person\",\"@id\":\"https:\/\/franciscanos.org.br\/noticias\/#\/schema\/person\/69bb4cd273a2528548b63cccab4980a0\",\"name\":\"Guilherme Rocha\",\"image\":{\"@type\":\"ImageObject\",\"inLanguage\":\"pt-BR\",\"@id\":\"https:\/\/franciscanos.org.br\/noticias\/#\/schema\/person\/image\/\",\"url\":\"https:\/\/secure.gravatar.com\/avatar\/e480fee2377f81af36f6990ed742592a?s=96&d=mm&r=g\",\"contentUrl\":\"https:\/\/secure.gravatar.com\/avatar\/e480fee2377f81af36f6990ed742592a?s=96&d=mm&r=g\",\"caption\":\"Guilherme Rocha\"},\"url\":\"https:\/\/franciscanos.org.br\/noticias\/author\/guilhermerocha\"}]}<\/script>\n<!-- \/ Yoast SEO plugin. -->","yoast_head_json":{"title":"Jovens vivem experi\u00eancia mission\u00e1ria nas f\u00e9rias em Santo Amaro da Imperatriz (SC) - Not\u00edcias - Franciscanos","robots":{"index":"index","follow":"follow","max-snippet":"max-snippet:-1","max-image-preview":"max-image-preview:large","max-video-preview":"max-video-preview:-1"},"canonical":"https:\/\/franciscanos.org.br\/noticias\/jovens-vivem-experiencia-missionaria-nas-ferias-em-santo-amaro-da-imperatriz-sc.html","og_locale":"pt_BR","og_type":"article","og_title":"Jovens vivem experi\u00eancia mission\u00e1ria nas f\u00e9rias em Santo Amaro da Imperatriz (SC) - Not\u00edcias - Franciscanos","og_description":"Edi\u00e7\u00e3o da MFJ ser\u00e1 realizada entre os dias\u00a029 de janeiro e 1\u00ba de fevereiro","og_url":"https:\/\/franciscanos.org.br\/noticias\/jovens-vivem-experiencia-missionaria-nas-ferias-em-santo-amaro-da-imperatriz-sc.html","og_site_name":"Not\u00edcias - Franciscanos","article_published_time":"2026-01-27T18:52:36+00:00","og_image":[{"width":1280,"height":853,"url":"https:\/\/franciscanos.org.br\/noticias\/wp-content\/uploads\/2026\/01\/MFJ-4.jpeg","type":"image\/jpeg"}],"author":"Guilherme Rocha","twitter_card":"summary_large_image","twitter_misc":{"Escrito por":"Guilherme Rocha","Est. tempo de leitura":"3 minutos"},"schema":{"@context":"https:\/\/schema.org","@graph":[{"@type":"WebSite","@id":"https:\/\/franciscanos.org.br\/noticias\/#website","url":"https:\/\/franciscanos.org.br\/noticias\/","name":"Not\u00edcias - Franciscanos","description":"Prov\u00edncia Franciscana da Imaculada Concei\u00e7\u00e3o do Brasil - Ordem dos Frades Menores - OFM","potentialAction":[{"@type":"SearchAction","target":{"@type":"EntryPoint","urlTemplate":"https:\/\/franciscanos.org.br\/noticias\/?s={search_term_string}"},"query-input":"required name=search_term_string"}],"inLanguage":"pt-BR"},{"@type":"ImageObject","inLanguage":"pt-BR","@id":"https:\/\/franciscanos.org.br\/noticias\/jovens-vivem-experiencia-missionaria-nas-ferias-em-santo-amaro-da-imperatriz-sc.html#primaryimage","url":"https:\/\/franciscanos.org.br\/noticias\/wp-content\/uploads\/2026\/01\/MFJ-4.jpeg","contentUrl":"https:\/\/franciscanos.org.br\/noticias\/wp-content\/uploads\/2026\/01\/MFJ-4.jpeg","width":1280,"height":853},{"@type":"WebPage","@id":"https:\/\/franciscanos.org.br\/noticias\/jovens-vivem-experiencia-missionaria-nas-ferias-em-santo-amaro-da-imperatriz-sc.html#webpage","url":"https:\/\/franciscanos.org.br\/noticias\/jovens-vivem-experiencia-missionaria-nas-ferias-em-santo-amaro-da-imperatriz-sc.html","name":"Jovens vivem experi\u00eancia mission\u00e1ria nas f\u00e9rias em Santo Amaro da Imperatriz (SC) - Not\u00edcias - Franciscanos","isPartOf":{"@id":"https:\/\/franciscanos.org.br\/noticias\/#website"},"primaryImageOfPage":{"@id":"https:\/\/franciscanos.org.br\/noticias\/jovens-vivem-experiencia-missionaria-nas-ferias-em-santo-amaro-da-imperatriz-sc.html#primaryimage"},"datePublished":"2026-01-27T18:52:36+00:00","dateModified":"2026-01-27T18:52:36+00:00","author":{"@id":"https:\/\/franciscanos.org.br\/noticias\/#\/schema\/person\/69bb4cd273a2528548b63cccab4980a0"},"breadcrumb":{"@id":"https:\/\/franciscanos.org.br\/noticias\/jovens-vivem-experiencia-missionaria-nas-ferias-em-santo-amaro-da-imperatriz-sc.html#breadcrumb"},"inLanguage":"pt-BR","potentialAction":[{"@type":"ReadAction","target":["https:\/\/franciscanos.org.br\/noticias\/jovens-vivem-experiencia-missionaria-nas-ferias-em-santo-amaro-da-imperatriz-sc.html"]}]},{"@type":"BreadcrumbList","@id":"https:\/\/franciscanos.org.br\/noticias\/jovens-vivem-experiencia-missionaria-nas-ferias-em-santo-amaro-da-imperatriz-sc.html#breadcrumb","itemListElement":[{"@type":"ListItem","position":1,"name":"Home","item":"https:\/\/franciscanos.org.br\/noticias"},{"@type":"ListItem","position":2,"name":"Jovens vivem experi\u00eancia mission\u00e1ria nas f\u00e9rias em Santo Amaro da Imperatriz (SC)"}]},{"@type":"Person","@id":"https:\/\/franciscanos.org.br\/noticias\/#\/schema\/person\/69bb4cd273a2528548b63cccab4980a0","name":"Guilherme Rocha","image":{"@type":"ImageObject","inLanguage":"pt-BR","@id":"https:\/\/franciscanos.org.br\/noticias\/#\/schema\/person\/image\/","url":"https:\/\/secure.gravatar.com\/avatar\/e480fee2377f81af36f6990ed742592a?s=96&d=mm&r=g","contentUrl":"https:\/\/secure.gravatar.com\/avatar\/e480fee2377f81af36f6990ed742592a?s=96&d=mm&r=g","caption":"Guilherme Rocha"},"url":"https:\/\/franciscanos.org.br\/noticias\/author\/guilhermerocha"}]}},"_links":{"self":[{"href":"https:\/\/franciscanos.org.br\/noticias\/wp-json\/wp\/v2\/posts\/263722"}],"collection":[{"href":"https:\/\/franciscanos.org.br\/noticias\/wp-json\/wp\/v2\/posts"}],"about":[{"href":"https:\/\/franciscanos.org.br\/noticias\/wp-json\/wp\/v2\/types\/post"}],"author":[{"embeddable":true,"href":"https:\/\/franciscanos.org.br\/noticias\/wp-json\/wp\/v2\/users\/15"}],"replies":[{"embeddable":true,"href":"https:\/\/franciscanos.org.br\/noticias\/wp-json\/wp\/v2\/comments?post=263722"}],"version-history":[{"count":4,"href":"https:\/\/franciscanos.org.br\/noticias\/wp-json\/wp\/v2\/posts\/263722\/revisions"}],"predecessor-version":[{"id":263731,"href":"https:\/\/franciscanos.org.br\/noticias\/wp-json\/wp\/v2\/posts\/263722\/revisions\/263731"}],"wp:featuredmedia":[{"embeddable":true,"href":"https:\/\/franciscanos.org.br\/noticias\/wp-json\/wp\/v2\/media\/263723"}],"wp:attachment":[{"href":"https:\/\/franciscanos.org.br\/noticias\/wp-json\/wp\/v2\/media?parent=263722"}],"wp:term":[{"taxonomy":"category","embeddable":true,"href":"https:\/\/franciscanos.org.br\/noticias\/wp-json\/wp\/v2\/categories?post=263722"},{"taxonomy":"post_tag","embeddable":true,"href":"https:\/\/franciscanos.org.br\/noticias\/wp-json\/wp\/v2\/tags?post=263722"}],"curies":[{"name":"wp","href":"https:\/\/api.w.org\/{rel}","templated":true}]}}