{"id":263689,"date":"2026-01-22T08:36:04","date_gmt":"2026-01-22T11:36:04","guid":{"rendered":"https:\/\/franciscanos.org.br\/noticias\/?p=263689"},"modified":"2026-03-13T11:19:46","modified_gmt":"2026-03-13T14:19:46","slug":"em-cristo-deus-revela-se-como-pai-em-um-dialogo-de-alianca","status":"publish","type":"post","link":"https:\/\/franciscanos.org.br\/noticias\/em-cristo-deus-revela-se-como-pai-em-um-dialogo-de-alianca.html","title":{"rendered":"&#8220;Em Cristo, Deus revela-se como Pai em um di\u00e1logo de alian\u00e7a&#8221;"},"content":{"rendered":"<p><img loading=\"lazy\" class=\"size-medium wp-image-264975 aligncenter\" src=\"https:\/\/franciscanos.org.br\/noticias\/wp-content\/uploads\/2026\/01\/ita-papa-leone-xiv-castelgandolfo-italia-agosto-o-leao-recita-os-angelios-e-divide-sua-bencao-nas-portas-do-palacio-398279140-450x300.png\" alt=\"\" width=\"450\" height=\"300\" srcset=\"https:\/\/franciscanos.org.br\/noticias\/wp-content\/uploads\/2026\/01\/ita-papa-leone-xiv-castelgandolfo-italia-agosto-o-leao-recita-os-angelios-e-divide-sua-bencao-nas-portas-do-palacio-398279140-450x300.png 450w, https:\/\/franciscanos.org.br\/noticias\/wp-content\/uploads\/2026\/01\/ita-papa-leone-xiv-castelgandolfo-italia-agosto-o-leao-recita-os-angelios-e-divide-sua-bencao-nas-portas-do-palacio-398279140-768x513.png 768w, https:\/\/franciscanos.org.br\/noticias\/wp-content\/uploads\/2026\/01\/ita-papa-leone-xiv-castelgandolfo-italia-agosto-o-leao-recita-os-angelios-e-divide-sua-bencao-nas-portas-do-palacio-398279140-150x100.png 150w, https:\/\/franciscanos.org.br\/noticias\/wp-content\/uploads\/2026\/01\/ita-papa-leone-xiv-castelgandolfo-italia-agosto-o-leao-recita-os-angelios-e-divide-sua-bencao-nas-portas-do-palacio-398279140.png 800w\" sizes=\"(max-width: 450px) 100vw, 450px\" \/><\/p>\n<p>\u201cContinuamos a nossa catequese sobre a Constitui\u00e7\u00e3o Dogm\u00e1tica Dei Verbum do Conc\u00edlio Vaticano II, sobre a Divina Revela\u00e7\u00e3o\u201d, afirmou o Papa Le\u00e3o XIV no in\u00edcio da catequese de ontem (21). O Pont\u00edfice recordou que Deus n\u00e3o se revela por meio de ideias abstratas, mas em um verdadeiro \u201cdi\u00e1logo de alian\u00e7a\u201d, no qual se dirige \u00e0 humanidade como a amigos. Trata-se, explicou, de um conhecimento que n\u00e3o se limita \u00e0 comunica\u00e7\u00e3o de conte\u00fados, mas que \u201cpartilha uma hist\u00f3ria e nos chama \u00e0 comunh\u00e3o m\u00fatua\u201d.<\/p>\n<p><strong>A revela\u00e7\u00e3o como encontro pessoal<\/strong><\/p>\n<p>Segundo Le\u00e3o XIV, a plenitude da Revela\u00e7\u00e3o acontece em um encontro hist\u00f3rico e pessoal, no qual o pr\u00f3prio Deus se entrega e se faz presente, permitindo ao ser humano descobrir-se conhecido em sua verdade mais profunda. Essa experi\u00eancia encontra sua realiza\u00e7\u00e3o plena em Jesus Cristo. O Papa destacou que o Filho revela o Pai envolvendo-nos na reciprocidade da sua pr\u00f3pria rela\u00e7\u00e3o com Ele. Em Cristo, os homens t\u00eam acesso ao Pai no Esp\u00edrito Santo e tornam-se participantes da vida divina: \u201cChegamos, pois, ao pleno conhecimento de Deus ao entrarmos na rela\u00e7\u00e3o do Filho com o seu Pai, em virtude da a\u00e7\u00e3o do Esp\u00edrito\u201d.<\/p>\n<p><strong>Conhecer o Pai na rela\u00e7\u00e3o com o Filho<\/strong><\/p>\n<p>Para ilustrar essa verdade, Le\u00e3o XIV recordou a ora\u00e7\u00e3o de j\u00fabilo de Jesus narrada por S\u00e3o Lucas, na qual o Senhor louva o Pai por revelar seus mist\u00e9rios aos pequeninos: \u201cNingu\u00e9m conhece quem \u00e9 o Filho sen\u00e3o o Pai, nem quem \u00e9 o Pai sen\u00e3o o Filho, e aquele a quem o Filho o quiser revelar\u201d (Lc 10,21-22). \u00c9 nessa din\u00e2mica de rela\u00e7\u00e3o que o crist\u00e3o aprende a conhecer Deus como Pai.<\/p>\n<p>Gra\u00e7as a Jesus, acrescentou o Pont\u00edfice, conhecemos Deus da mesma forma como somos conhecidos por Ele. Em Cristo, Deus comunica a si mesmo e revela ao homem a sua verdadeira identidade: filhos criados \u00e0 imagem do Verbo. Assim, ao descobrirmo-nos conhecidos por Deus, reconhecemos tamb\u00e9m a nossa voca\u00e7\u00e3o mais profunda de filhos chamados \u00e0 vida plena.<\/p>\n<p>&nbsp;<\/p>\n<p><strong>Somos salvos por uma Pessoa<\/strong><\/p>\n<p>O Papa fez quest\u00e3o de enfatizar que a salva\u00e7\u00e3o n\u00e3o acontece apenas por vias intelectuais. \u201cO que nos salva e nos chama n\u00e3o \u00e9 apenas a morte e a ressurrei\u00e7\u00e3o de Jesus, mas a sua pr\u00f3pria pessoa\u201d, afirmou. \u00c9 a vida inteira do Senhor \u2014 que se encarna, nasce, cura, ensina, sofre, morre, ressuscita e permanece entre n\u00f3s \u2014 que comunica a verdade de Deus. Por isso, acrescentou, n\u00e3o basta considerar Jesus como um simples transmissor de verdades abstratas. A Revela\u00e7\u00e3o passa por seu corpo real, por sua maneira concreta de ver e viver a realidade. O pr\u00f3prio Cristo convida os disc\u00edpulos a partilhar o seu olhar confiante sobre o mundo e sobre o cuidado do Pai.<\/p>\n<p><strong>Uma f\u00e9 que gera confian\u00e7a filial<\/strong><\/p>\n<p>Ao concluir a catequese, Le\u00e3o XIV recordou que, seguindo Jesus at\u00e9 o fim, o crist\u00e3o chega \u00e0 certeza de que nada pode separ\u00e1-lo do amor de Deus. Citando S\u00e3o Paulo, afirmou:<\/p>\n<p>\u201cSe Deus \u00e9 por n\u00f3s, quem estar\u00e1 contra n\u00f3s? Ele, que n\u00e3o salvaguardou o seu pr\u00f3prio Filho, [&#8230;] como n\u00e3o haver\u00e1 de nos conceder, juntamente com Ele, todas as coisas? (Rm 8,31-32). Gra\u00e7as a Jesus, o crist\u00e3o conhece Deus Pai e entrega-se a Ele com confian\u00e7a.\u201d<\/p>\n<hr \/>\n<p><em>Por Vatican News<\/em><\/p>\n","protected":false},"excerpt":{"rendered":"<p>Papa fez quest\u00e3o de enfatizar que a salva\u00e7\u00e3o n\u00e3o acontece apenas por vias intelectuais<\/p>\n","protected":false},"author":15,"featured_media":264975,"comment_status":"open","ping_status":"open","sticky":false,"template":"","format":"standard","meta":[],"categories":[1],"tags":[],"acf":[],"yoast_head":"<!-- This site is optimized with the Yoast SEO plugin v19.2 - https:\/\/yoast.com\/wordpress\/plugins\/seo\/ -->\n<title>&quot;Em Cristo, Deus revela-se como Pai em um di\u00e1logo de alian\u00e7a&quot; - Not\u00edcias - Franciscanos<\/title>\n<meta name=\"robots\" content=\"index, follow, max-snippet:-1, max-image-preview:large, max-video-preview:-1\" \/>\n<link rel=\"canonical\" href=\"https:\/\/franciscanos.org.br\/noticias\/em-cristo-deus-revela-se-como-pai-em-um-dialogo-de-alianca.html\" \/>\n<meta property=\"og:locale\" content=\"pt_BR\" \/>\n<meta property=\"og:type\" content=\"article\" \/>\n<meta property=\"og:title\" content=\"&quot;Em Cristo, Deus revela-se como Pai em um di\u00e1logo de alian\u00e7a&quot; - Not\u00edcias - Franciscanos\" \/>\n<meta property=\"og:description\" content=\"Papa fez quest\u00e3o de enfatizar que a salva\u00e7\u00e3o n\u00e3o acontece apenas por vias intelectuais\" \/>\n<meta property=\"og:url\" content=\"https:\/\/franciscanos.org.br\/noticias\/em-cristo-deus-revela-se-como-pai-em-um-dialogo-de-alianca.html\" \/>\n<meta property=\"og:site_name\" content=\"Not\u00edcias - Franciscanos\" \/>\n<meta property=\"article:published_time\" content=\"2026-01-22T11:36:04+00:00\" \/>\n<meta property=\"article:modified_time\" content=\"2026-03-13T14:19:46+00:00\" \/>\n<meta property=\"og:image\" content=\"https:\/\/franciscanos.org.br\/noticias\/wp-content\/uploads\/2026\/01\/ita-papa-leone-xiv-castelgandolfo-italia-agosto-o-leao-recita-os-angelios-e-divide-sua-bencao-nas-portas-do-palacio-398279140.png\" \/>\n\t<meta property=\"og:image:width\" content=\"800\" \/>\n\t<meta property=\"og:image:height\" content=\"534\" \/>\n\t<meta property=\"og:image:type\" content=\"image\/png\" \/>\n<meta name=\"author\" content=\"Guilherme Rocha\" \/>\n<meta name=\"twitter:card\" content=\"summary_large_image\" \/>\n<meta name=\"twitter:label1\" content=\"Escrito por\" \/>\n\t<meta name=\"twitter:data1\" content=\"Guilherme Rocha\" \/>\n\t<meta name=\"twitter:label2\" content=\"Est. tempo de leitura\" \/>\n\t<meta name=\"twitter:data2\" content=\"3 minutos\" \/>\n<script type=\"application\/ld+json\" class=\"yoast-schema-graph\">{\"@context\":\"https:\/\/schema.org\",\"@graph\":[{\"@type\":\"WebSite\",\"@id\":\"https:\/\/franciscanos.org.br\/noticias\/#website\",\"url\":\"https:\/\/franciscanos.org.br\/noticias\/\",\"name\":\"Not\u00edcias - Franciscanos\",\"description\":\"Prov\u00edncia Franciscana da Imaculada Concei\u00e7\u00e3o do Brasil - Ordem dos Frades Menores - OFM\",\"potentialAction\":[{\"@type\":\"SearchAction\",\"target\":{\"@type\":\"EntryPoint\",\"urlTemplate\":\"https:\/\/franciscanos.org.br\/noticias\/?s={search_term_string}\"},\"query-input\":\"required name=search_term_string\"}],\"inLanguage\":\"pt-BR\"},{\"@type\":\"ImageObject\",\"inLanguage\":\"pt-BR\",\"@id\":\"https:\/\/franciscanos.org.br\/noticias\/em-cristo-deus-revela-se-como-pai-em-um-dialogo-de-alianca.html#primaryimage\",\"url\":\"https:\/\/franciscanos.org.br\/noticias\/wp-content\/uploads\/2026\/01\/ita-papa-leone-xiv-castelgandolfo-italia-agosto-o-leao-recita-os-angelios-e-divide-sua-bencao-nas-portas-do-palacio-398279140.png\",\"contentUrl\":\"https:\/\/franciscanos.org.br\/noticias\/wp-content\/uploads\/2026\/01\/ita-papa-leone-xiv-castelgandolfo-italia-agosto-o-leao-recita-os-angelios-e-divide-sua-bencao-nas-portas-do-palacio-398279140.png\",\"width\":800,\"height\":534},{\"@type\":\"WebPage\",\"@id\":\"https:\/\/franciscanos.org.br\/noticias\/em-cristo-deus-revela-se-como-pai-em-um-dialogo-de-alianca.html#webpage\",\"url\":\"https:\/\/franciscanos.org.br\/noticias\/em-cristo-deus-revela-se-como-pai-em-um-dialogo-de-alianca.html\",\"name\":\"\\\"Em Cristo, Deus revela-se como Pai em um di\u00e1logo de alian\u00e7a\\\" - Not\u00edcias - Franciscanos\",\"isPartOf\":{\"@id\":\"https:\/\/franciscanos.org.br\/noticias\/#website\"},\"primaryImageOfPage\":{\"@id\":\"https:\/\/franciscanos.org.br\/noticias\/em-cristo-deus-revela-se-como-pai-em-um-dialogo-de-alianca.html#primaryimage\"},\"datePublished\":\"2026-01-22T11:36:04+00:00\",\"dateModified\":\"2026-03-13T14:19:46+00:00\",\"author\":{\"@id\":\"https:\/\/franciscanos.org.br\/noticias\/#\/schema\/person\/69bb4cd273a2528548b63cccab4980a0\"},\"breadcrumb\":{\"@id\":\"https:\/\/franciscanos.org.br\/noticias\/em-cristo-deus-revela-se-como-pai-em-um-dialogo-de-alianca.html#breadcrumb\"},\"inLanguage\":\"pt-BR\",\"potentialAction\":[{\"@type\":\"ReadAction\",\"target\":[\"https:\/\/franciscanos.org.br\/noticias\/em-cristo-deus-revela-se-como-pai-em-um-dialogo-de-alianca.html\"]}]},{\"@type\":\"BreadcrumbList\",\"@id\":\"https:\/\/franciscanos.org.br\/noticias\/em-cristo-deus-revela-se-como-pai-em-um-dialogo-de-alianca.html#breadcrumb\",\"itemListElement\":[{\"@type\":\"ListItem\",\"position\":1,\"name\":\"Home\",\"item\":\"https:\/\/franciscanos.org.br\/noticias\"},{\"@type\":\"ListItem\",\"position\":2,\"name\":\"&#8220;Em Cristo, Deus revela-se como Pai em um di\u00e1logo de alian\u00e7a&#8221;\"}]},{\"@type\":\"Person\",\"@id\":\"https:\/\/franciscanos.org.br\/noticias\/#\/schema\/person\/69bb4cd273a2528548b63cccab4980a0\",\"name\":\"Guilherme Rocha\",\"image\":{\"@type\":\"ImageObject\",\"inLanguage\":\"pt-BR\",\"@id\":\"https:\/\/franciscanos.org.br\/noticias\/#\/schema\/person\/image\/\",\"url\":\"https:\/\/secure.gravatar.com\/avatar\/e480fee2377f81af36f6990ed742592a?s=96&d=mm&r=g\",\"contentUrl\":\"https:\/\/secure.gravatar.com\/avatar\/e480fee2377f81af36f6990ed742592a?s=96&d=mm&r=g\",\"caption\":\"Guilherme Rocha\"},\"url\":\"https:\/\/franciscanos.org.br\/noticias\/author\/guilhermerocha\"}]}<\/script>\n<!-- \/ Yoast SEO plugin. -->","yoast_head_json":{"title":"\"Em Cristo, Deus revela-se como Pai em um di\u00e1logo de alian\u00e7a\" - Not\u00edcias - Franciscanos","robots":{"index":"index","follow":"follow","max-snippet":"max-snippet:-1","max-image-preview":"max-image-preview:large","max-video-preview":"max-video-preview:-1"},"canonical":"https:\/\/franciscanos.org.br\/noticias\/em-cristo-deus-revela-se-como-pai-em-um-dialogo-de-alianca.html","og_locale":"pt_BR","og_type":"article","og_title":"\"Em Cristo, Deus revela-se como Pai em um di\u00e1logo de alian\u00e7a\" - Not\u00edcias - Franciscanos","og_description":"Papa fez quest\u00e3o de enfatizar que a salva\u00e7\u00e3o n\u00e3o acontece apenas por vias intelectuais","og_url":"https:\/\/franciscanos.org.br\/noticias\/em-cristo-deus-revela-se-como-pai-em-um-dialogo-de-alianca.html","og_site_name":"Not\u00edcias - Franciscanos","article_published_time":"2026-01-22T11:36:04+00:00","article_modified_time":"2026-03-13T14:19:46+00:00","og_image":[{"width":800,"height":534,"url":"https:\/\/franciscanos.org.br\/noticias\/wp-content\/uploads\/2026\/01\/ita-papa-leone-xiv-castelgandolfo-italia-agosto-o-leao-recita-os-angelios-e-divide-sua-bencao-nas-portas-do-palacio-398279140.png","type":"image\/png"}],"author":"Guilherme Rocha","twitter_card":"summary_large_image","twitter_misc":{"Escrito por":"Guilherme Rocha","Est. tempo de leitura":"3 minutos"},"schema":{"@context":"https:\/\/schema.org","@graph":[{"@type":"WebSite","@id":"https:\/\/franciscanos.org.br\/noticias\/#website","url":"https:\/\/franciscanos.org.br\/noticias\/","name":"Not\u00edcias - Franciscanos","description":"Prov\u00edncia Franciscana da Imaculada Concei\u00e7\u00e3o do Brasil - Ordem dos Frades Menores - OFM","potentialAction":[{"@type":"SearchAction","target":{"@type":"EntryPoint","urlTemplate":"https:\/\/franciscanos.org.br\/noticias\/?s={search_term_string}"},"query-input":"required name=search_term_string"}],"inLanguage":"pt-BR"},{"@type":"ImageObject","inLanguage":"pt-BR","@id":"https:\/\/franciscanos.org.br\/noticias\/em-cristo-deus-revela-se-como-pai-em-um-dialogo-de-alianca.html#primaryimage","url":"https:\/\/franciscanos.org.br\/noticias\/wp-content\/uploads\/2026\/01\/ita-papa-leone-xiv-castelgandolfo-italia-agosto-o-leao-recita-os-angelios-e-divide-sua-bencao-nas-portas-do-palacio-398279140.png","contentUrl":"https:\/\/franciscanos.org.br\/noticias\/wp-content\/uploads\/2026\/01\/ita-papa-leone-xiv-castelgandolfo-italia-agosto-o-leao-recita-os-angelios-e-divide-sua-bencao-nas-portas-do-palacio-398279140.png","width":800,"height":534},{"@type":"WebPage","@id":"https:\/\/franciscanos.org.br\/noticias\/em-cristo-deus-revela-se-como-pai-em-um-dialogo-de-alianca.html#webpage","url":"https:\/\/franciscanos.org.br\/noticias\/em-cristo-deus-revela-se-como-pai-em-um-dialogo-de-alianca.html","name":"\"Em Cristo, Deus revela-se como Pai em um di\u00e1logo de alian\u00e7a\" - Not\u00edcias - Franciscanos","isPartOf":{"@id":"https:\/\/franciscanos.org.br\/noticias\/#website"},"primaryImageOfPage":{"@id":"https:\/\/franciscanos.org.br\/noticias\/em-cristo-deus-revela-se-como-pai-em-um-dialogo-de-alianca.html#primaryimage"},"datePublished":"2026-01-22T11:36:04+00:00","dateModified":"2026-03-13T14:19:46+00:00","author":{"@id":"https:\/\/franciscanos.org.br\/noticias\/#\/schema\/person\/69bb4cd273a2528548b63cccab4980a0"},"breadcrumb":{"@id":"https:\/\/franciscanos.org.br\/noticias\/em-cristo-deus-revela-se-como-pai-em-um-dialogo-de-alianca.html#breadcrumb"},"inLanguage":"pt-BR","potentialAction":[{"@type":"ReadAction","target":["https:\/\/franciscanos.org.br\/noticias\/em-cristo-deus-revela-se-como-pai-em-um-dialogo-de-alianca.html"]}]},{"@type":"BreadcrumbList","@id":"https:\/\/franciscanos.org.br\/noticias\/em-cristo-deus-revela-se-como-pai-em-um-dialogo-de-alianca.html#breadcrumb","itemListElement":[{"@type":"ListItem","position":1,"name":"Home","item":"https:\/\/franciscanos.org.br\/noticias"},{"@type":"ListItem","position":2,"name":"&#8220;Em Cristo, Deus revela-se como Pai em um di\u00e1logo de alian\u00e7a&#8221;"}]},{"@type":"Person","@id":"https:\/\/franciscanos.org.br\/noticias\/#\/schema\/person\/69bb4cd273a2528548b63cccab4980a0","name":"Guilherme Rocha","image":{"@type":"ImageObject","inLanguage":"pt-BR","@id":"https:\/\/franciscanos.org.br\/noticias\/#\/schema\/person\/image\/","url":"https:\/\/secure.gravatar.com\/avatar\/e480fee2377f81af36f6990ed742592a?s=96&d=mm&r=g","contentUrl":"https:\/\/secure.gravatar.com\/avatar\/e480fee2377f81af36f6990ed742592a?s=96&d=mm&r=g","caption":"Guilherme Rocha"},"url":"https:\/\/franciscanos.org.br\/noticias\/author\/guilhermerocha"}]}},"_links":{"self":[{"href":"https:\/\/franciscanos.org.br\/noticias\/wp-json\/wp\/v2\/posts\/263689"}],"collection":[{"href":"https:\/\/franciscanos.org.br\/noticias\/wp-json\/wp\/v2\/posts"}],"about":[{"href":"https:\/\/franciscanos.org.br\/noticias\/wp-json\/wp\/v2\/types\/post"}],"author":[{"embeddable":true,"href":"https:\/\/franciscanos.org.br\/noticias\/wp-json\/wp\/v2\/users\/15"}],"replies":[{"embeddable":true,"href":"https:\/\/franciscanos.org.br\/noticias\/wp-json\/wp\/v2\/comments?post=263689"}],"version-history":[{"count":4,"href":"https:\/\/franciscanos.org.br\/noticias\/wp-json\/wp\/v2\/posts\/263689\/revisions"}],"predecessor-version":[{"id":264976,"href":"https:\/\/franciscanos.org.br\/noticias\/wp-json\/wp\/v2\/posts\/263689\/revisions\/264976"}],"wp:featuredmedia":[{"embeddable":true,"href":"https:\/\/franciscanos.org.br\/noticias\/wp-json\/wp\/v2\/media\/264975"}],"wp:attachment":[{"href":"https:\/\/franciscanos.org.br\/noticias\/wp-json\/wp\/v2\/media?parent=263689"}],"wp:term":[{"taxonomy":"category","embeddable":true,"href":"https:\/\/franciscanos.org.br\/noticias\/wp-json\/wp\/v2\/categories?post=263689"},{"taxonomy":"post_tag","embeddable":true,"href":"https:\/\/franciscanos.org.br\/noticias\/wp-json\/wp\/v2\/tags?post=263689"}],"curies":[{"name":"wp","href":"https:\/\/api.w.org\/{rel}","templated":true}]}}