{"id":263667,"date":"2026-01-21T16:33:30","date_gmt":"2026-01-21T19:33:30","guid":{"rendered":"https:\/\/franciscanos.org.br\/noticias\/?p=263667"},"modified":"2026-01-21T16:33:30","modified_gmt":"2026-01-21T19:33:30","slug":"admissao-dos-postulantes-2026-sinal-de-comunhao-e-esperanca-na-ordem-franciscana","status":"publish","type":"post","link":"https:\/\/franciscanos.org.br\/noticias\/admissao-dos-postulantes-2026-sinal-de-comunhao-e-esperanca-na-ordem-franciscana.html","title":{"rendered":"Admiss\u00e3o dos Postulantes 2026: sinal de comunh\u00e3o e esperan\u00e7a na Ordem Franciscana"},"content":{"rendered":"<p><img loading=\"lazy\" class=\"aligncenter wp-image-263668 size-large\" src=\"https:\/\/franciscanos.org.br\/noticias\/wp-content\/uploads\/2026\/01\/Principal-1-1024x768.jpg\" alt=\"\" width=\"1024\" height=\"768\" srcset=\"https:\/\/franciscanos.org.br\/noticias\/wp-content\/uploads\/2026\/01\/Principal-1-1024x768.jpg 1024w, https:\/\/franciscanos.org.br\/noticias\/wp-content\/uploads\/2026\/01\/Principal-1-450x338.jpg 450w, https:\/\/franciscanos.org.br\/noticias\/wp-content\/uploads\/2026\/01\/Principal-1-768x576.jpg 768w, https:\/\/franciscanos.org.br\/noticias\/wp-content\/uploads\/2026\/01\/Principal-1-1536x1152.jpg 1536w, https:\/\/franciscanos.org.br\/noticias\/wp-content\/uploads\/2026\/01\/Principal-1-2048x1536.jpg 2048w, https:\/\/franciscanos.org.br\/noticias\/wp-content\/uploads\/2026\/01\/Principal-1-150x113.jpg 150w, https:\/\/franciscanos.org.br\/noticias\/wp-content\/uploads\/2026\/01\/Principal-1-600x450.jpg 600w, https:\/\/franciscanos.org.br\/noticias\/wp-content\/uploads\/2026\/01\/Principal-1-scaled.jpg 1440w\" sizes=\"(max-width: 1024px) 100vw, 1024px\" \/><\/p>\n<p>Na manh\u00e3 do dia 21 de janeiro de 2026, durante a ora\u00e7\u00e3o das Laudes, \u00e0s 7h30, a Fraternidade viveu um momento de profunda alegria e significado com a admiss\u00e3o de dez jovens ao tempo do Postulantado na Ordem dos Frades Menores. A celebra\u00e7\u00e3o aconteceu em clima de ora\u00e7\u00e3o, simplicidade e fraternidade, como \u00e9 pr\u00f3prio da tradi\u00e7\u00e3o franciscana.<\/p>\n<p>Foram admitidos seis postulantes da Prov\u00edncia Franciscana da Imaculada Concei\u00e7\u00e3o do Brasil e quatro postulantes da Prov\u00edncia S\u00e3o Francisco de Assis, do Rio Grande do Sul, expressando concretamente a comunh\u00e3o, a unidade e a universalidade da Ordem. Estiveram presentes o Ministro Provincial da Prov\u00edncia Franciscana da Imaculada Concei\u00e7\u00e3o do Brasil, Frei Paulo Roberto Pereira, e o Ministro Provincial da Prov\u00edncia S\u00e3o Francisco de Assis (RS), Frei Ol\u00e1vio Dotto, al\u00e9m dos frades da Fraternidade do Semin\u00e1rio Frei Galv\u00e3o, onde aconteceu a celebra\u00e7\u00e3o, e de frades das fraternidades pr\u00f3ximas.<\/p>\n<p>Frei Paulo destacou que a acolhida dos postulantes do Rio Grande do Sul n\u00e3o deve ser compreendida como ajuda circunstancial, mas como verdadeiro gesto de unidade fraterna entre as Prov\u00edncias, sinal concreto da comunh\u00e3o que sustenta a vida e a miss\u00e3o da Ordem.<\/p>\n<p><strong>Um passo marcado pela liberdade e pela boa vontade<\/strong><\/p>\n<p>A celebra\u00e7\u00e3o aconteceu durante a ora\u00e7\u00e3o das Laudes, e, ap\u00f3s a proclama\u00e7\u00e3o do Evangelho (Mt 19,16-22), seguiu-se o rito pr\u00f3prio de admiss\u00e3o ao Postulantado. Neste contexto, os jovens foram chamados um a um pelo Guardi\u00e3o da Fraternidade, Frei Gentil de Lima Branco, colocando-se em p\u00e9, manifestaram publicamente o seu desejo, respondendo com voz firme: <em>\u201cAqui estou!\u201d<\/em>. Em seguida, perguntados pelos Ministros o que desejavam, fizeram o seguinte pedido:<\/p>\n<p><em>Eu, (&#8230;), de livre e espont\u00e2nea vontade, pe\u00e7o para ser admitido como Postulante na Ordem dos Frades Menores, na Prov\u00edncia Franciscana da Imaculada Concei\u00e7\u00e3o do Brasil (na Prov\u00edncia S\u00e3o Francisco de Assis). Comprometo-me a envidar os melhores esfor\u00e7os para complementar minha forma\u00e7\u00e3o humana, para adquirir o sentido mais profundo da vida crist\u00e3 e para assimilar cada vez mais o esp\u00edrito da vida fraterna, segundo a espiritualidade franciscana. Quero iniciar meu tempo de Postulantado reassumindo as promessas do meu Batismo. Desejo viver o Evangelho na disponibilidade, na alegria, no servi\u00e7o aos irm\u00e3os, como o fez S\u00e3o Francisco de Assis. Comprometo-me a observar tamb\u00e9m o contrato celebrado entre mim e o Ministro Provincial. Que Deus me ajude a ser fiel e perseverante neste compromisso que assumo alegre, consciente e responsavelmente.<\/em><\/p>\n<p>Sendo estes acolhidos na etapa com as seguintes palavras:<\/p>\n<p><em>Com as palavras de Jesus, recebo a cada um de voc\u00eas, dizendo: \u201cVinde e Vede!\u201d De bom grado acolhemos a voc\u00eas nesta casa de forma\u00e7\u00e3o para o tempo do Postulantado. Aqui voc\u00eas poder\u00e3o discernir com maior clareza a voca\u00e7\u00e3o a que s\u00e3o chamados e fazer a experi\u00eancia da nossa vida de fraternidade e de minoridade, a servi\u00e7o da Igreja.<\/em><\/p>\n<p>A homilia de Frei Paulo foi proferida ap\u00f3s o Rito de Acolhida, iluminando o sentido daquele passo que os postulantes davam. Ele sublinhou que este gesto n\u00e3o \u00e9 apenas formal, mas express\u00e3o de uma decis\u00e3o livre, consciente e respons\u00e1vel.<\/p>\n<p>Refletindo sobre o sentido do Postulantado, o Ministro Provincial recordou que o postulante \u00e9, antes de tudo, um \u201cpedinte\u201d, aquele que mendiga sentido, busca dire\u00e7\u00e3o e se coloca em caminho. Trata-se de um tempo marcado pela transi\u00e7\u00e3o, pelo discernimento e pela escuta profunda do desejo que habita o cora\u00e7\u00e3o. Segundo ele, n\u00e3o se trata apenas de uma formalidade ou de uma etapa externa, mas de uma verdadeira manifesta\u00e7\u00e3o de liberdade e boa vontade, capazes de transformar a vida.<\/p>\n<p>Frei Paulo ressaltou ainda que a decis\u00e3o vocacional n\u00e3o pode ser vivida de modo superficial. \u00c9 necess\u00e1rio oferecer o melhor de si, como faz o povo simples que acolhe e reparte aquilo que tem de mais valioso. Esta l\u00f3gica do dom, afirmou, \u00e9 constitutiva da vida consagrada: dar o melhor, sem reter para si, como caminho de autenticidade evang\u00e9lica.<\/p>\n\n\t\t<style type=\"text\/css\">\n\t\t\t#gallery-1 {\n\t\t\t\tmargin: auto;\n\t\t\t}\n\t\t\t#gallery-1 .gallery-item {\n\t\t\t\tfloat: left;\n\t\t\t\tmargin-top: 10px;\n\t\t\t\ttext-align: center;\n\t\t\t\twidth: 20%;\n\t\t\t}\n\t\t\t#gallery-1 img {\n\t\t\t\tborder: 2px solid #cfcfcf;\n\t\t\t}\n\t\t\t#gallery-1 .gallery-caption {\n\t\t\t\tmargin-left: 0;\n\t\t\t}\n\t\t\t\/* see gallery_shortcode() in wp-includes\/media.php *\/\n\t\t<\/style>\n\t\t<div id='gallery-1' class='gallery galleryid-263667 gallery-columns-5 gallery-size-medium'><dl class='gallery-item'>\n\t\t\t<dt class='gallery-icon landscape'>\n\t\t\t\t<a href='https:\/\/franciscanos.org.br\/noticias\/wp-content\/uploads\/2026\/01\/IMG_20260121_081929567_HDR-scaled.jpg'><img width=\"450\" height=\"338\" src=\"https:\/\/franciscanos.org.br\/noticias\/wp-content\/uploads\/2026\/01\/IMG_20260121_081929567_HDR-450x338.jpg\" class=\"attachment-medium size-medium\" alt=\"\" loading=\"lazy\" srcset=\"https:\/\/franciscanos.org.br\/noticias\/wp-content\/uploads\/2026\/01\/IMG_20260121_081929567_HDR-450x338.jpg 450w, https:\/\/franciscanos.org.br\/noticias\/wp-content\/uploads\/2026\/01\/IMG_20260121_081929567_HDR-1024x768.jpg 1024w, https:\/\/franciscanos.org.br\/noticias\/wp-content\/uploads\/2026\/01\/IMG_20260121_081929567_HDR-768x576.jpg 768w, https:\/\/franciscanos.org.br\/noticias\/wp-content\/uploads\/2026\/01\/IMG_20260121_081929567_HDR-1536x1152.jpg 1536w, https:\/\/franciscanos.org.br\/noticias\/wp-content\/uploads\/2026\/01\/IMG_20260121_081929567_HDR-2048x1536.jpg 2048w, https:\/\/franciscanos.org.br\/noticias\/wp-content\/uploads\/2026\/01\/IMG_20260121_081929567_HDR-150x113.jpg 150w, https:\/\/franciscanos.org.br\/noticias\/wp-content\/uploads\/2026\/01\/IMG_20260121_081929567_HDR-600x450.jpg 600w, https:\/\/franciscanos.org.br\/noticias\/wp-content\/uploads\/2026\/01\/IMG_20260121_081929567_HDR-scaled.jpg 1440w\" sizes=\"(max-width: 450px) 100vw, 450px\" \/><\/a>\n\t\t\t<\/dt><\/dl><dl class='gallery-item'>\n\t\t\t<dt class='gallery-icon landscape'>\n\t\t\t\t<a href='https:\/\/franciscanos.org.br\/noticias\/wp-content\/uploads\/2026\/01\/IMG_20260121_075240483_HDR_PORTRAIT-scaled.jpg'><img width=\"450\" height=\"338\" src=\"https:\/\/franciscanos.org.br\/noticias\/wp-content\/uploads\/2026\/01\/IMG_20260121_075240483_HDR_PORTRAIT-450x338.jpg\" class=\"attachment-medium size-medium\" alt=\"\" loading=\"lazy\" srcset=\"https:\/\/franciscanos.org.br\/noticias\/wp-content\/uploads\/2026\/01\/IMG_20260121_075240483_HDR_PORTRAIT-450x338.jpg 450w, https:\/\/franciscanos.org.br\/noticias\/wp-content\/uploads\/2026\/01\/IMG_20260121_075240483_HDR_PORTRAIT-1024x768.jpg 1024w, https:\/\/franciscanos.org.br\/noticias\/wp-content\/uploads\/2026\/01\/IMG_20260121_075240483_HDR_PORTRAIT-768x576.jpg 768w, https:\/\/franciscanos.org.br\/noticias\/wp-content\/uploads\/2026\/01\/IMG_20260121_075240483_HDR_PORTRAIT-1536x1152.jpg 1536w, https:\/\/franciscanos.org.br\/noticias\/wp-content\/uploads\/2026\/01\/IMG_20260121_075240483_HDR_PORTRAIT-2048x1536.jpg 2048w, https:\/\/franciscanos.org.br\/noticias\/wp-content\/uploads\/2026\/01\/IMG_20260121_075240483_HDR_PORTRAIT-150x113.jpg 150w, https:\/\/franciscanos.org.br\/noticias\/wp-content\/uploads\/2026\/01\/IMG_20260121_075240483_HDR_PORTRAIT-600x450.jpg 600w, https:\/\/franciscanos.org.br\/noticias\/wp-content\/uploads\/2026\/01\/IMG_20260121_075240483_HDR_PORTRAIT-scaled.jpg 1440w\" sizes=\"(max-width: 450px) 100vw, 450px\" \/><\/a>\n\t\t\t<\/dt><\/dl><dl class='gallery-item'>\n\t\t\t<dt class='gallery-icon landscape'>\n\t\t\t\t<a href='https:\/\/franciscanos.org.br\/noticias\/wp-content\/uploads\/2026\/01\/IMG_20260121_075454250_HDR-scaled.jpg'><img width=\"450\" height=\"338\" src=\"https:\/\/franciscanos.org.br\/noticias\/wp-content\/uploads\/2026\/01\/IMG_20260121_075454250_HDR-450x338.jpg\" class=\"attachment-medium size-medium\" alt=\"\" loading=\"lazy\" srcset=\"https:\/\/franciscanos.org.br\/noticias\/wp-content\/uploads\/2026\/01\/IMG_20260121_075454250_HDR-450x338.jpg 450w, https:\/\/franciscanos.org.br\/noticias\/wp-content\/uploads\/2026\/01\/IMG_20260121_075454250_HDR-1024x768.jpg 1024w, https:\/\/franciscanos.org.br\/noticias\/wp-content\/uploads\/2026\/01\/IMG_20260121_075454250_HDR-768x576.jpg 768w, https:\/\/franciscanos.org.br\/noticias\/wp-content\/uploads\/2026\/01\/IMG_20260121_075454250_HDR-1536x1152.jpg 1536w, https:\/\/franciscanos.org.br\/noticias\/wp-content\/uploads\/2026\/01\/IMG_20260121_075454250_HDR-2048x1536.jpg 2048w, https:\/\/franciscanos.org.br\/noticias\/wp-content\/uploads\/2026\/01\/IMG_20260121_075454250_HDR-150x113.jpg 150w, https:\/\/franciscanos.org.br\/noticias\/wp-content\/uploads\/2026\/01\/IMG_20260121_075454250_HDR-600x450.jpg 600w, https:\/\/franciscanos.org.br\/noticias\/wp-content\/uploads\/2026\/01\/IMG_20260121_075454250_HDR-scaled.jpg 1440w\" sizes=\"(max-width: 450px) 100vw, 450px\" \/><\/a>\n\t\t\t<\/dt><\/dl><dl class='gallery-item'>\n\t\t\t<dt class='gallery-icon landscape'>\n\t\t\t\t<a href='https:\/\/franciscanos.org.br\/noticias\/wp-content\/uploads\/2026\/01\/IMG_20260121_080132644_HDR-scaled.jpg'><img width=\"450\" height=\"338\" src=\"https:\/\/franciscanos.org.br\/noticias\/wp-content\/uploads\/2026\/01\/IMG_20260121_080132644_HDR-450x338.jpg\" class=\"attachment-medium size-medium\" alt=\"\" loading=\"lazy\" srcset=\"https:\/\/franciscanos.org.br\/noticias\/wp-content\/uploads\/2026\/01\/IMG_20260121_080132644_HDR-450x338.jpg 450w, https:\/\/franciscanos.org.br\/noticias\/wp-content\/uploads\/2026\/01\/IMG_20260121_080132644_HDR-1024x768.jpg 1024w, https:\/\/franciscanos.org.br\/noticias\/wp-content\/uploads\/2026\/01\/IMG_20260121_080132644_HDR-768x576.jpg 768w, https:\/\/franciscanos.org.br\/noticias\/wp-content\/uploads\/2026\/01\/IMG_20260121_080132644_HDR-1536x1152.jpg 1536w, https:\/\/franciscanos.org.br\/noticias\/wp-content\/uploads\/2026\/01\/IMG_20260121_080132644_HDR-2048x1536.jpg 2048w, https:\/\/franciscanos.org.br\/noticias\/wp-content\/uploads\/2026\/01\/IMG_20260121_080132644_HDR-150x113.jpg 150w, https:\/\/franciscanos.org.br\/noticias\/wp-content\/uploads\/2026\/01\/IMG_20260121_080132644_HDR-600x450.jpg 600w, https:\/\/franciscanos.org.br\/noticias\/wp-content\/uploads\/2026\/01\/IMG_20260121_080132644_HDR-scaled.jpg 1440w\" sizes=\"(max-width: 450px) 100vw, 450px\" \/><\/a>\n\t\t\t<\/dt><\/dl><dl class='gallery-item'>\n\t\t\t<dt class='gallery-icon landscape'>\n\t\t\t\t<a href='https:\/\/franciscanos.org.br\/noticias\/wp-content\/uploads\/2026\/01\/IMG_20260121_081810548_HDR_PORTRAIT-scaled.jpg'><img width=\"450\" height=\"338\" src=\"https:\/\/franciscanos.org.br\/noticias\/wp-content\/uploads\/2026\/01\/IMG_20260121_081810548_HDR_PORTRAIT-450x338.jpg\" class=\"attachment-medium size-medium\" alt=\"\" loading=\"lazy\" srcset=\"https:\/\/franciscanos.org.br\/noticias\/wp-content\/uploads\/2026\/01\/IMG_20260121_081810548_HDR_PORTRAIT-450x338.jpg 450w, https:\/\/franciscanos.org.br\/noticias\/wp-content\/uploads\/2026\/01\/IMG_20260121_081810548_HDR_PORTRAIT-1024x768.jpg 1024w, https:\/\/franciscanos.org.br\/noticias\/wp-content\/uploads\/2026\/01\/IMG_20260121_081810548_HDR_PORTRAIT-768x576.jpg 768w, https:\/\/franciscanos.org.br\/noticias\/wp-content\/uploads\/2026\/01\/IMG_20260121_081810548_HDR_PORTRAIT-1536x1152.jpg 1536w, https:\/\/franciscanos.org.br\/noticias\/wp-content\/uploads\/2026\/01\/IMG_20260121_081810548_HDR_PORTRAIT-2048x1536.jpg 2048w, https:\/\/franciscanos.org.br\/noticias\/wp-content\/uploads\/2026\/01\/IMG_20260121_081810548_HDR_PORTRAIT-150x113.jpg 150w, https:\/\/franciscanos.org.br\/noticias\/wp-content\/uploads\/2026\/01\/IMG_20260121_081810548_HDR_PORTRAIT-600x450.jpg 600w, https:\/\/franciscanos.org.br\/noticias\/wp-content\/uploads\/2026\/01\/IMG_20260121_081810548_HDR_PORTRAIT-scaled.jpg 1440w\" sizes=\"(max-width: 450px) 100vw, 450px\" \/><\/a>\n\t\t\t<\/dt><\/dl><br style=\"clear: both\" \/><dl class='gallery-item'>\n\t\t\t<dt class='gallery-icon landscape'>\n\t\t\t\t<a href='https:\/\/franciscanos.org.br\/noticias\/wp-content\/uploads\/2026\/01\/IMG_20260121_075408395_HDR-scaled.jpg'><img width=\"450\" height=\"338\" src=\"https:\/\/franciscanos.org.br\/noticias\/wp-content\/uploads\/2026\/01\/IMG_20260121_075408395_HDR-450x338.jpg\" class=\"attachment-medium size-medium\" alt=\"\" loading=\"lazy\" srcset=\"https:\/\/franciscanos.org.br\/noticias\/wp-content\/uploads\/2026\/01\/IMG_20260121_075408395_HDR-450x338.jpg 450w, https:\/\/franciscanos.org.br\/noticias\/wp-content\/uploads\/2026\/01\/IMG_20260121_075408395_HDR-1024x768.jpg 1024w, https:\/\/franciscanos.org.br\/noticias\/wp-content\/uploads\/2026\/01\/IMG_20260121_075408395_HDR-768x576.jpg 768w, https:\/\/franciscanos.org.br\/noticias\/wp-content\/uploads\/2026\/01\/IMG_20260121_075408395_HDR-1536x1152.jpg 1536w, https:\/\/franciscanos.org.br\/noticias\/wp-content\/uploads\/2026\/01\/IMG_20260121_075408395_HDR-2048x1536.jpg 2048w, https:\/\/franciscanos.org.br\/noticias\/wp-content\/uploads\/2026\/01\/IMG_20260121_075408395_HDR-150x113.jpg 150w, https:\/\/franciscanos.org.br\/noticias\/wp-content\/uploads\/2026\/01\/IMG_20260121_075408395_HDR-600x450.jpg 600w, https:\/\/franciscanos.org.br\/noticias\/wp-content\/uploads\/2026\/01\/IMG_20260121_075408395_HDR-scaled.jpg 1440w\" sizes=\"(max-width: 450px) 100vw, 450px\" \/><\/a>\n\t\t\t<\/dt><\/dl><dl class='gallery-item'>\n\t\t\t<dt class='gallery-icon landscape'>\n\t\t\t\t<a href='https:\/\/franciscanos.org.br\/noticias\/wp-content\/uploads\/2026\/01\/IMG_20260121_075104192_HDR-scaled.jpg'><img width=\"450\" height=\"338\" src=\"https:\/\/franciscanos.org.br\/noticias\/wp-content\/uploads\/2026\/01\/IMG_20260121_075104192_HDR-450x338.jpg\" class=\"attachment-medium size-medium\" alt=\"\" loading=\"lazy\" srcset=\"https:\/\/franciscanos.org.br\/noticias\/wp-content\/uploads\/2026\/01\/IMG_20260121_075104192_HDR-450x338.jpg 450w, https:\/\/franciscanos.org.br\/noticias\/wp-content\/uploads\/2026\/01\/IMG_20260121_075104192_HDR-1024x768.jpg 1024w, https:\/\/franciscanos.org.br\/noticias\/wp-content\/uploads\/2026\/01\/IMG_20260121_075104192_HDR-768x576.jpg 768w, https:\/\/franciscanos.org.br\/noticias\/wp-content\/uploads\/2026\/01\/IMG_20260121_075104192_HDR-1536x1152.jpg 1536w, https:\/\/franciscanos.org.br\/noticias\/wp-content\/uploads\/2026\/01\/IMG_20260121_075104192_HDR-2048x1536.jpg 2048w, https:\/\/franciscanos.org.br\/noticias\/wp-content\/uploads\/2026\/01\/IMG_20260121_075104192_HDR-150x113.jpg 150w, https:\/\/franciscanos.org.br\/noticias\/wp-content\/uploads\/2026\/01\/IMG_20260121_075104192_HDR-600x450.jpg 600w, https:\/\/franciscanos.org.br\/noticias\/wp-content\/uploads\/2026\/01\/IMG_20260121_075104192_HDR-scaled.jpg 1440w\" sizes=\"(max-width: 450px) 100vw, 450px\" \/><\/a>\n\t\t\t<\/dt><\/dl><dl class='gallery-item'>\n\t\t\t<dt class='gallery-icon landscape'>\n\t\t\t\t<a href='https:\/\/franciscanos.org.br\/noticias\/wp-content\/uploads\/2026\/01\/IMG_20260121_075902508-scaled.jpg'><img width=\"450\" height=\"338\" src=\"https:\/\/franciscanos.org.br\/noticias\/wp-content\/uploads\/2026\/01\/IMG_20260121_075902508-450x338.jpg\" class=\"attachment-medium size-medium\" alt=\"\" loading=\"lazy\" srcset=\"https:\/\/franciscanos.org.br\/noticias\/wp-content\/uploads\/2026\/01\/IMG_20260121_075902508-450x338.jpg 450w, https:\/\/franciscanos.org.br\/noticias\/wp-content\/uploads\/2026\/01\/IMG_20260121_075902508-1024x768.jpg 1024w, https:\/\/franciscanos.org.br\/noticias\/wp-content\/uploads\/2026\/01\/IMG_20260121_075902508-768x576.jpg 768w, https:\/\/franciscanos.org.br\/noticias\/wp-content\/uploads\/2026\/01\/IMG_20260121_075902508-1536x1152.jpg 1536w, https:\/\/franciscanos.org.br\/noticias\/wp-content\/uploads\/2026\/01\/IMG_20260121_075902508-2048x1536.jpg 2048w, https:\/\/franciscanos.org.br\/noticias\/wp-content\/uploads\/2026\/01\/IMG_20260121_075902508-150x113.jpg 150w, https:\/\/franciscanos.org.br\/noticias\/wp-content\/uploads\/2026\/01\/IMG_20260121_075902508-600x450.jpg 600w, https:\/\/franciscanos.org.br\/noticias\/wp-content\/uploads\/2026\/01\/IMG_20260121_075902508-scaled.jpg 1440w\" sizes=\"(max-width: 450px) 100vw, 450px\" \/><\/a>\n\t\t\t<\/dt><\/dl><dl class='gallery-item'>\n\t\t\t<dt class='gallery-icon landscape'>\n\t\t\t\t<a href='https:\/\/franciscanos.org.br\/noticias\/wp-content\/uploads\/2026\/01\/IMG_20260121_075546217_HDR-scaled.jpg'><img width=\"450\" height=\"338\" src=\"https:\/\/franciscanos.org.br\/noticias\/wp-content\/uploads\/2026\/01\/IMG_20260121_075546217_HDR-450x338.jpg\" class=\"attachment-medium size-medium\" alt=\"\" loading=\"lazy\" srcset=\"https:\/\/franciscanos.org.br\/noticias\/wp-content\/uploads\/2026\/01\/IMG_20260121_075546217_HDR-450x338.jpg 450w, https:\/\/franciscanos.org.br\/noticias\/wp-content\/uploads\/2026\/01\/IMG_20260121_075546217_HDR-1024x768.jpg 1024w, https:\/\/franciscanos.org.br\/noticias\/wp-content\/uploads\/2026\/01\/IMG_20260121_075546217_HDR-768x576.jpg 768w, https:\/\/franciscanos.org.br\/noticias\/wp-content\/uploads\/2026\/01\/IMG_20260121_075546217_HDR-1536x1152.jpg 1536w, https:\/\/franciscanos.org.br\/noticias\/wp-content\/uploads\/2026\/01\/IMG_20260121_075546217_HDR-2048x1536.jpg 2048w, https:\/\/franciscanos.org.br\/noticias\/wp-content\/uploads\/2026\/01\/IMG_20260121_075546217_HDR-150x113.jpg 150w, https:\/\/franciscanos.org.br\/noticias\/wp-content\/uploads\/2026\/01\/IMG_20260121_075546217_HDR-600x450.jpg 600w, https:\/\/franciscanos.org.br\/noticias\/wp-content\/uploads\/2026\/01\/IMG_20260121_075546217_HDR-scaled.jpg 1440w\" sizes=\"(max-width: 450px) 100vw, 450px\" \/><\/a>\n\t\t\t<\/dt><\/dl><dl class='gallery-item'>\n\t\t\t<dt class='gallery-icon landscape'>\n\t\t\t\t<a href='https:\/\/franciscanos.org.br\/noticias\/wp-content\/uploads\/2026\/01\/IMG_20260121_080638298_HDR-scaled.jpg'><img width=\"450\" height=\"338\" src=\"https:\/\/franciscanos.org.br\/noticias\/wp-content\/uploads\/2026\/01\/IMG_20260121_080638298_HDR-450x338.jpg\" class=\"attachment-medium size-medium\" alt=\"\" loading=\"lazy\" srcset=\"https:\/\/franciscanos.org.br\/noticias\/wp-content\/uploads\/2026\/01\/IMG_20260121_080638298_HDR-450x338.jpg 450w, https:\/\/franciscanos.org.br\/noticias\/wp-content\/uploads\/2026\/01\/IMG_20260121_080638298_HDR-1024x768.jpg 1024w, https:\/\/franciscanos.org.br\/noticias\/wp-content\/uploads\/2026\/01\/IMG_20260121_080638298_HDR-768x576.jpg 768w, https:\/\/franciscanos.org.br\/noticias\/wp-content\/uploads\/2026\/01\/IMG_20260121_080638298_HDR-1536x1152.jpg 1536w, https:\/\/franciscanos.org.br\/noticias\/wp-content\/uploads\/2026\/01\/IMG_20260121_080638298_HDR-2048x1536.jpg 2048w, https:\/\/franciscanos.org.br\/noticias\/wp-content\/uploads\/2026\/01\/IMG_20260121_080638298_HDR-150x113.jpg 150w, https:\/\/franciscanos.org.br\/noticias\/wp-content\/uploads\/2026\/01\/IMG_20260121_080638298_HDR-600x450.jpg 600w, https:\/\/franciscanos.org.br\/noticias\/wp-content\/uploads\/2026\/01\/IMG_20260121_080638298_HDR-scaled.jpg 1440w\" sizes=\"(max-width: 450px) 100vw, 450px\" \/><\/a>\n\t\t\t<\/dt><\/dl><br style=\"clear: both\" \/>\n\t\t<\/div>\n\n<p><strong>Forma\u00e7\u00e3o humana, vida fraterna e perseveran\u00e7a<\/strong><\/p>\n<p>Ao dirigir-se aos novos postulantes, Frei Paulo destacou a import\u00e2ncia da forma\u00e7\u00e3o humana integral. O tempo do Postulantado oferece oportunidades concretas de acompanhamento, estudo e crescimento, mas exige, sobretudo, o cuidado pessoal com a pr\u00f3pria humanidade. Tornar-se um bom humano \u00e9 condi\u00e7\u00e3o fundamental para seguir Jesus \u00e0 maneira de S\u00e3o Francisco.<\/p>\n<p>A viv\u00eancia da fraternidade foi apresentada n\u00e3o apenas como m\u00e9todo pedag\u00f3gico, mas como experi\u00eancia essencial da voca\u00e7\u00e3o franciscana. \u00c9 na conviv\u00eancia di\u00e1ria, na ora\u00e7\u00e3o comum, no trabalho e na partilha da vida que o chamado se amadurece e se purifica.<\/p>\n<p>Ao final do rito, os postulantes receberam o Tau, forte s\u00edmbolo franciscano, sinal da cruz e da perten\u00e7a \u00e0 tradi\u00e7\u00e3o espiritual inaugurada por S\u00e3o Francisco de Assis. Ao confiar os novos postulantes \u00e0 Fraternidade formativa, Frei Paulo recordou duas virtudes fundamentais para o caminho vocacional: a fidelidade e a perseveran\u00e7a. Mais do que fruto do esfor\u00e7o humano, afirmou, s\u00e3o dons de Deus que precisam ser continuamente pedidos e acolhidos com o cora\u00e7\u00e3o aberto.<\/p>\n<p><strong>Os novos postulantes<\/strong><\/p>\n<p><strong>Prov\u00edncia Franciscana da Imaculada Concei\u00e7\u00e3o do Brasil:<\/strong><\/p>\n<ul>\n<li>Igor Mateus Sposito (28 anos) \u2013 Guarulhos\/SP<\/li>\n<li>Mateus Fernando Teixeira Porcatt (29 anos) \u2013 Itaja\u00ed\/SC<\/li>\n<li>Miguel Angelo Felipe (19 anos) \u2013 Ituporanga\/SC<\/li>\n<li>Fernando Andrade de Jesus (29 anos) \u2013 Mau\u00e1\/SP<\/li>\n<li>Rodrigo Reali Dias de Oliveira (22 anos) \u2013 Vargem Grande Paulista\/SP<\/li>\n<li>Vin\u00edcius Henrique Dion\u00edsio Bazzo (19 anos) \u2013 Sorocaba\/SP<\/li>\n<\/ul>\n<p><strong>Prov\u00edncia S\u00e3o Francisco de Assis \u2013 Rio Grande do Sul:<\/strong><\/p>\n<ul>\n<li>Jo\u00e3o Lucas Almeida (21 anos) \u2013 Esteio\/RS<\/li>\n<li>Matheus Battisti (33 anos) \u2013 Porto Alegre\/RS<\/li>\n<li>Matheus Tavares (25 anos) \u2013 Canoas\/RS<\/li>\n<li>Nicolas Baraldo (25 anos) \u2013 Porto Alegre\/RS<\/li>\n<\/ul>\n<p>A admiss\u00e3o destes jovens ao Postulantado renova a esperan\u00e7a da Ordem e reafirma o compromisso das Prov\u00edncias com o cuidado, o discernimento e o acompanhamento das voca\u00e7\u00f5es. Confiamos estes irm\u00e3os \u00e0 intercess\u00e3o de S\u00e3o Francisco de Assis e pedimos que perseverem com alegria no caminho iniciado, sustentados pela fraternidade, pela ora\u00e7\u00e3o e pela gra\u00e7a de Deus.<\/p>\n\n\t\t<style type=\"text\/css\">\n\t\t\t#gallery-2 {\n\t\t\t\tmargin: auto;\n\t\t\t}\n\t\t\t#gallery-2 .gallery-item {\n\t\t\t\tfloat: left;\n\t\t\t\tmargin-top: 10px;\n\t\t\t\ttext-align: center;\n\t\t\t\twidth: 33%;\n\t\t\t}\n\t\t\t#gallery-2 img {\n\t\t\t\tborder: 2px solid #cfcfcf;\n\t\t\t}\n\t\t\t#gallery-2 .gallery-caption {\n\t\t\t\tmargin-left: 0;\n\t\t\t}\n\t\t\t\/* see gallery_shortcode() in wp-includes\/media.php *\/\n\t\t<\/style>\n\t\t<div id='gallery-2' class='gallery galleryid-263667 gallery-columns-3 gallery-size-medium'><dl class='gallery-item'>\n\t\t\t<dt class='gallery-icon landscape'>\n\t\t\t\t<a href='https:\/\/franciscanos.org.br\/noticias\/wp-content\/uploads\/2026\/01\/IMG_20260121_080638298_HDR-scaled.jpg'><img width=\"450\" height=\"338\" src=\"https:\/\/franciscanos.org.br\/noticias\/wp-content\/uploads\/2026\/01\/IMG_20260121_080638298_HDR-450x338.jpg\" class=\"attachment-medium size-medium\" alt=\"\" loading=\"lazy\" srcset=\"https:\/\/franciscanos.org.br\/noticias\/wp-content\/uploads\/2026\/01\/IMG_20260121_080638298_HDR-450x338.jpg 450w, https:\/\/franciscanos.org.br\/noticias\/wp-content\/uploads\/2026\/01\/IMG_20260121_080638298_HDR-1024x768.jpg 1024w, https:\/\/franciscanos.org.br\/noticias\/wp-content\/uploads\/2026\/01\/IMG_20260121_080638298_HDR-768x576.jpg 768w, https:\/\/franciscanos.org.br\/noticias\/wp-content\/uploads\/2026\/01\/IMG_20260121_080638298_HDR-1536x1152.jpg 1536w, https:\/\/franciscanos.org.br\/noticias\/wp-content\/uploads\/2026\/01\/IMG_20260121_080638298_HDR-2048x1536.jpg 2048w, https:\/\/franciscanos.org.br\/noticias\/wp-content\/uploads\/2026\/01\/IMG_20260121_080638298_HDR-150x113.jpg 150w, https:\/\/franciscanos.org.br\/noticias\/wp-content\/uploads\/2026\/01\/IMG_20260121_080638298_HDR-600x450.jpg 600w, https:\/\/franciscanos.org.br\/noticias\/wp-content\/uploads\/2026\/01\/IMG_20260121_080638298_HDR-scaled.jpg 1440w\" sizes=\"(max-width: 450px) 100vw, 450px\" \/><\/a>\n\t\t\t<\/dt><\/dl><dl class='gallery-item'>\n\t\t\t<dt class='gallery-icon landscape'>\n\t\t\t\t<a href='https:\/\/franciscanos.org.br\/noticias\/wp-content\/uploads\/2026\/01\/IMG_20260121_081422050_HDR-scaled.jpg'><img width=\"450\" height=\"338\" src=\"https:\/\/franciscanos.org.br\/noticias\/wp-content\/uploads\/2026\/01\/IMG_20260121_081422050_HDR-450x338.jpg\" class=\"attachment-medium size-medium\" alt=\"\" loading=\"lazy\" srcset=\"https:\/\/franciscanos.org.br\/noticias\/wp-content\/uploads\/2026\/01\/IMG_20260121_081422050_HDR-450x338.jpg 450w, https:\/\/franciscanos.org.br\/noticias\/wp-content\/uploads\/2026\/01\/IMG_20260121_081422050_HDR-1024x768.jpg 1024w, https:\/\/franciscanos.org.br\/noticias\/wp-content\/uploads\/2026\/01\/IMG_20260121_081422050_HDR-768x576.jpg 768w, https:\/\/franciscanos.org.br\/noticias\/wp-content\/uploads\/2026\/01\/IMG_20260121_081422050_HDR-1536x1152.jpg 1536w, https:\/\/franciscanos.org.br\/noticias\/wp-content\/uploads\/2026\/01\/IMG_20260121_081422050_HDR-2048x1536.jpg 2048w, https:\/\/franciscanos.org.br\/noticias\/wp-content\/uploads\/2026\/01\/IMG_20260121_081422050_HDR-150x113.jpg 150w, https:\/\/franciscanos.org.br\/noticias\/wp-content\/uploads\/2026\/01\/IMG_20260121_081422050_HDR-600x450.jpg 600w, https:\/\/franciscanos.org.br\/noticias\/wp-content\/uploads\/2026\/01\/IMG_20260121_081422050_HDR-scaled.jpg 1440w\" sizes=\"(max-width: 450px) 100vw, 450px\" \/><\/a>\n\t\t\t<\/dt><\/dl><dl class='gallery-item'>\n\t\t\t<dt class='gallery-icon landscape'>\n\t\t\t\t<a href='https:\/\/franciscanos.org.br\/noticias\/wp-content\/uploads\/2026\/01\/IMG_20260121_082408052_HDR-scaled.jpg'><img width=\"450\" height=\"338\" src=\"https:\/\/franciscanos.org.br\/noticias\/wp-content\/uploads\/2026\/01\/IMG_20260121_082408052_HDR-450x338.jpg\" class=\"attachment-medium size-medium\" alt=\"\" loading=\"lazy\" srcset=\"https:\/\/franciscanos.org.br\/noticias\/wp-content\/uploads\/2026\/01\/IMG_20260121_082408052_HDR-450x338.jpg 450w, https:\/\/franciscanos.org.br\/noticias\/wp-content\/uploads\/2026\/01\/IMG_20260121_082408052_HDR-1024x768.jpg 1024w, https:\/\/franciscanos.org.br\/noticias\/wp-content\/uploads\/2026\/01\/IMG_20260121_082408052_HDR-768x576.jpg 768w, https:\/\/franciscanos.org.br\/noticias\/wp-content\/uploads\/2026\/01\/IMG_20260121_082408052_HDR-1536x1152.jpg 1536w, https:\/\/franciscanos.org.br\/noticias\/wp-content\/uploads\/2026\/01\/IMG_20260121_082408052_HDR-2048x1536.jpg 2048w, https:\/\/franciscanos.org.br\/noticias\/wp-content\/uploads\/2026\/01\/IMG_20260121_082408052_HDR-150x113.jpg 150w, https:\/\/franciscanos.org.br\/noticias\/wp-content\/uploads\/2026\/01\/IMG_20260121_082408052_HDR-600x450.jpg 600w, https:\/\/franciscanos.org.br\/noticias\/wp-content\/uploads\/2026\/01\/IMG_20260121_082408052_HDR-scaled.jpg 1440w\" sizes=\"(max-width: 450px) 100vw, 450px\" \/><\/a>\n\t\t\t<\/dt><\/dl><br style=\"clear: both\" \/><dl class='gallery-item'>\n\t\t\t<dt class='gallery-icon landscape'>\n\t\t\t\t<a href='https:\/\/franciscanos.org.br\/noticias\/wp-content\/uploads\/2026\/01\/IMG_20260121_083629680_HDR_PORTRAIT-scaled.jpg'><img width=\"450\" height=\"338\" src=\"https:\/\/franciscanos.org.br\/noticias\/wp-content\/uploads\/2026\/01\/IMG_20260121_083629680_HDR_PORTRAIT-450x338.jpg\" class=\"attachment-medium size-medium\" alt=\"\" loading=\"lazy\" srcset=\"https:\/\/franciscanos.org.br\/noticias\/wp-content\/uploads\/2026\/01\/IMG_20260121_083629680_HDR_PORTRAIT-450x338.jpg 450w, https:\/\/franciscanos.org.br\/noticias\/wp-content\/uploads\/2026\/01\/IMG_20260121_083629680_HDR_PORTRAIT-1024x768.jpg 1024w, https:\/\/franciscanos.org.br\/noticias\/wp-content\/uploads\/2026\/01\/IMG_20260121_083629680_HDR_PORTRAIT-768x576.jpg 768w, https:\/\/franciscanos.org.br\/noticias\/wp-content\/uploads\/2026\/01\/IMG_20260121_083629680_HDR_PORTRAIT-1536x1152.jpg 1536w, https:\/\/franciscanos.org.br\/noticias\/wp-content\/uploads\/2026\/01\/IMG_20260121_083629680_HDR_PORTRAIT-2048x1536.jpg 2048w, https:\/\/franciscanos.org.br\/noticias\/wp-content\/uploads\/2026\/01\/IMG_20260121_083629680_HDR_PORTRAIT-150x113.jpg 150w, https:\/\/franciscanos.org.br\/noticias\/wp-content\/uploads\/2026\/01\/IMG_20260121_083629680_HDR_PORTRAIT-600x450.jpg 600w, https:\/\/franciscanos.org.br\/noticias\/wp-content\/uploads\/2026\/01\/IMG_20260121_083629680_HDR_PORTRAIT-scaled.jpg 1440w\" sizes=\"(max-width: 450px) 100vw, 450px\" \/><\/a>\n\t\t\t<\/dt><\/dl><dl class='gallery-item'>\n\t\t\t<dt class='gallery-icon landscape'>\n\t\t\t\t<a href='https:\/\/franciscanos.org.br\/noticias\/wp-content\/uploads\/2026\/01\/Principal-1-scaled.jpg'><img width=\"450\" height=\"338\" src=\"https:\/\/franciscanos.org.br\/noticias\/wp-content\/uploads\/2026\/01\/Principal-1-450x338.jpg\" class=\"attachment-medium size-medium\" alt=\"\" loading=\"lazy\" srcset=\"https:\/\/franciscanos.org.br\/noticias\/wp-content\/uploads\/2026\/01\/Principal-1-450x338.jpg 450w, https:\/\/franciscanos.org.br\/noticias\/wp-content\/uploads\/2026\/01\/Principal-1-1024x768.jpg 1024w, https:\/\/franciscanos.org.br\/noticias\/wp-content\/uploads\/2026\/01\/Principal-1-768x576.jpg 768w, https:\/\/franciscanos.org.br\/noticias\/wp-content\/uploads\/2026\/01\/Principal-1-1536x1152.jpg 1536w, https:\/\/franciscanos.org.br\/noticias\/wp-content\/uploads\/2026\/01\/Principal-1-2048x1536.jpg 2048w, https:\/\/franciscanos.org.br\/noticias\/wp-content\/uploads\/2026\/01\/Principal-1-150x113.jpg 150w, https:\/\/franciscanos.org.br\/noticias\/wp-content\/uploads\/2026\/01\/Principal-1-600x450.jpg 600w, https:\/\/franciscanos.org.br\/noticias\/wp-content\/uploads\/2026\/01\/Principal-1-scaled.jpg 1440w\" sizes=\"(max-width: 450px) 100vw, 450px\" \/><\/a>\n\t\t\t<\/dt><\/dl><dl class='gallery-item'>\n\t\t\t<dt class='gallery-icon landscape'>\n\t\t\t\t<a href='https:\/\/franciscanos.org.br\/noticias\/wp-content\/uploads\/2026\/01\/IMG_20260121_083141217_HDR-scaled.jpg'><img width=\"450\" height=\"338\" src=\"https:\/\/franciscanos.org.br\/noticias\/wp-content\/uploads\/2026\/01\/IMG_20260121_083141217_HDR-450x338.jpg\" class=\"attachment-medium size-medium\" alt=\"\" loading=\"lazy\" srcset=\"https:\/\/franciscanos.org.br\/noticias\/wp-content\/uploads\/2026\/01\/IMG_20260121_083141217_HDR-450x338.jpg 450w, https:\/\/franciscanos.org.br\/noticias\/wp-content\/uploads\/2026\/01\/IMG_20260121_083141217_HDR-1024x768.jpg 1024w, https:\/\/franciscanos.org.br\/noticias\/wp-content\/uploads\/2026\/01\/IMG_20260121_083141217_HDR-768x576.jpg 768w, https:\/\/franciscanos.org.br\/noticias\/wp-content\/uploads\/2026\/01\/IMG_20260121_083141217_HDR-1536x1152.jpg 1536w, https:\/\/franciscanos.org.br\/noticias\/wp-content\/uploads\/2026\/01\/IMG_20260121_083141217_HDR-2048x1536.jpg 2048w, https:\/\/franciscanos.org.br\/noticias\/wp-content\/uploads\/2026\/01\/IMG_20260121_083141217_HDR-150x113.jpg 150w, https:\/\/franciscanos.org.br\/noticias\/wp-content\/uploads\/2026\/01\/IMG_20260121_083141217_HDR-600x450.jpg 600w, https:\/\/franciscanos.org.br\/noticias\/wp-content\/uploads\/2026\/01\/IMG_20260121_083141217_HDR-scaled.jpg 1440w\" sizes=\"(max-width: 450px) 100vw, 450px\" \/><\/a>\n\t\t\t<\/dt><\/dl><br style=\"clear: both\" \/>\n\t\t<\/div>\n\n<hr \/>\n<p><em>Frei Je\u00e2 Paulo Andrade, OFM<\/em><\/p>\n","protected":false},"excerpt":{"rendered":"<p>Celebra\u00e7\u00e3o aconteceu em clima de ora\u00e7\u00e3o, simplicidade e fraternidade, como \u00e9 pr\u00f3prio da tradi\u00e7\u00e3o franciscana<\/p>\n","protected":false},"author":15,"featured_media":263668,"comment_status":"open","ping_status":"open","sticky":false,"template":"","format":"standard","meta":[],"categories":[1],"tags":[],"acf":[],"yoast_head":"<!-- This site is optimized with the Yoast SEO plugin v19.2 - https:\/\/yoast.com\/wordpress\/plugins\/seo\/ -->\n<title>Admiss\u00e3o dos Postulantes 2026: sinal de comunh\u00e3o e esperan\u00e7a na Ordem Franciscana - Not\u00edcias - Franciscanos<\/title>\n<meta name=\"robots\" content=\"index, follow, max-snippet:-1, max-image-preview:large, max-video-preview:-1\" \/>\n<link rel=\"canonical\" href=\"https:\/\/franciscanos.org.br\/noticias\/admissao-dos-postulantes-2026-sinal-de-comunhao-e-esperanca-na-ordem-franciscana.html\" \/>\n<meta property=\"og:locale\" content=\"pt_BR\" \/>\n<meta property=\"og:type\" content=\"article\" \/>\n<meta property=\"og:title\" content=\"Admiss\u00e3o dos Postulantes 2026: sinal de comunh\u00e3o e esperan\u00e7a na Ordem Franciscana - Not\u00edcias - Franciscanos\" \/>\n<meta property=\"og:description\" content=\"Celebra\u00e7\u00e3o aconteceu em clima de ora\u00e7\u00e3o, simplicidade e fraternidade, como \u00e9 pr\u00f3prio da tradi\u00e7\u00e3o franciscana\" \/>\n<meta property=\"og:url\" content=\"https:\/\/franciscanos.org.br\/noticias\/admissao-dos-postulantes-2026-sinal-de-comunhao-e-esperanca-na-ordem-franciscana.html\" \/>\n<meta property=\"og:site_name\" content=\"Not\u00edcias - Franciscanos\" \/>\n<meta property=\"article:published_time\" content=\"2026-01-21T19:33:30+00:00\" \/>\n<meta property=\"og:image\" content=\"https:\/\/franciscanos.org.br\/noticias\/wp-content\/uploads\/2026\/01\/Principal-1-scaled.jpg\" \/>\n\t<meta property=\"og:image:width\" content=\"1440\" \/>\n\t<meta property=\"og:image:height\" content=\"1080\" \/>\n\t<meta property=\"og:image:type\" content=\"image\/jpeg\" \/>\n<meta name=\"author\" content=\"Guilherme Rocha\" \/>\n<meta name=\"twitter:card\" content=\"summary_large_image\" \/>\n<meta name=\"twitter:label1\" content=\"Escrito por\" \/>\n\t<meta name=\"twitter:data1\" content=\"Guilherme Rocha\" \/>\n\t<meta name=\"twitter:label2\" content=\"Est. tempo de leitura\" \/>\n\t<meta name=\"twitter:data2\" content=\"5 minutos\" \/>\n<script type=\"application\/ld+json\" class=\"yoast-schema-graph\">{\"@context\":\"https:\/\/schema.org\",\"@graph\":[{\"@type\":\"WebSite\",\"@id\":\"https:\/\/franciscanos.org.br\/noticias\/#website\",\"url\":\"https:\/\/franciscanos.org.br\/noticias\/\",\"name\":\"Not\u00edcias - Franciscanos\",\"description\":\"Prov\u00edncia Franciscana da Imaculada Concei\u00e7\u00e3o do Brasil - Ordem dos Frades Menores - OFM\",\"potentialAction\":[{\"@type\":\"SearchAction\",\"target\":{\"@type\":\"EntryPoint\",\"urlTemplate\":\"https:\/\/franciscanos.org.br\/noticias\/?s={search_term_string}\"},\"query-input\":\"required name=search_term_string\"}],\"inLanguage\":\"pt-BR\"},{\"@type\":\"ImageObject\",\"inLanguage\":\"pt-BR\",\"@id\":\"https:\/\/franciscanos.org.br\/noticias\/admissao-dos-postulantes-2026-sinal-de-comunhao-e-esperanca-na-ordem-franciscana.html#primaryimage\",\"url\":\"https:\/\/franciscanos.org.br\/noticias\/wp-content\/uploads\/2026\/01\/Principal-1-scaled.jpg\",\"contentUrl\":\"https:\/\/franciscanos.org.br\/noticias\/wp-content\/uploads\/2026\/01\/Principal-1-scaled.jpg\",\"width\":1440,\"height\":1080},{\"@type\":\"WebPage\",\"@id\":\"https:\/\/franciscanos.org.br\/noticias\/admissao-dos-postulantes-2026-sinal-de-comunhao-e-esperanca-na-ordem-franciscana.html#webpage\",\"url\":\"https:\/\/franciscanos.org.br\/noticias\/admissao-dos-postulantes-2026-sinal-de-comunhao-e-esperanca-na-ordem-franciscana.html\",\"name\":\"Admiss\u00e3o dos Postulantes 2026: sinal de comunh\u00e3o e esperan\u00e7a na Ordem Franciscana - Not\u00edcias - Franciscanos\",\"isPartOf\":{\"@id\":\"https:\/\/franciscanos.org.br\/noticias\/#website\"},\"primaryImageOfPage\":{\"@id\":\"https:\/\/franciscanos.org.br\/noticias\/admissao-dos-postulantes-2026-sinal-de-comunhao-e-esperanca-na-ordem-franciscana.html#primaryimage\"},\"datePublished\":\"2026-01-21T19:33:30+00:00\",\"dateModified\":\"2026-01-21T19:33:30+00:00\",\"author\":{\"@id\":\"https:\/\/franciscanos.org.br\/noticias\/#\/schema\/person\/69bb4cd273a2528548b63cccab4980a0\"},\"breadcrumb\":{\"@id\":\"https:\/\/franciscanos.org.br\/noticias\/admissao-dos-postulantes-2026-sinal-de-comunhao-e-esperanca-na-ordem-franciscana.html#breadcrumb\"},\"inLanguage\":\"pt-BR\",\"potentialAction\":[{\"@type\":\"ReadAction\",\"target\":[\"https:\/\/franciscanos.org.br\/noticias\/admissao-dos-postulantes-2026-sinal-de-comunhao-e-esperanca-na-ordem-franciscana.html\"]}]},{\"@type\":\"BreadcrumbList\",\"@id\":\"https:\/\/franciscanos.org.br\/noticias\/admissao-dos-postulantes-2026-sinal-de-comunhao-e-esperanca-na-ordem-franciscana.html#breadcrumb\",\"itemListElement\":[{\"@type\":\"ListItem\",\"position\":1,\"name\":\"Home\",\"item\":\"https:\/\/franciscanos.org.br\/noticias\"},{\"@type\":\"ListItem\",\"position\":2,\"name\":\"Admiss\u00e3o dos Postulantes 2026: sinal de comunh\u00e3o e esperan\u00e7a na Ordem Franciscana\"}]},{\"@type\":\"Person\",\"@id\":\"https:\/\/franciscanos.org.br\/noticias\/#\/schema\/person\/69bb4cd273a2528548b63cccab4980a0\",\"name\":\"Guilherme Rocha\",\"image\":{\"@type\":\"ImageObject\",\"inLanguage\":\"pt-BR\",\"@id\":\"https:\/\/franciscanos.org.br\/noticias\/#\/schema\/person\/image\/\",\"url\":\"https:\/\/secure.gravatar.com\/avatar\/e480fee2377f81af36f6990ed742592a?s=96&d=mm&r=g\",\"contentUrl\":\"https:\/\/secure.gravatar.com\/avatar\/e480fee2377f81af36f6990ed742592a?s=96&d=mm&r=g\",\"caption\":\"Guilherme Rocha\"},\"url\":\"https:\/\/franciscanos.org.br\/noticias\/author\/guilhermerocha\"}]}<\/script>\n<!-- \/ Yoast SEO plugin. -->","yoast_head_json":{"title":"Admiss\u00e3o dos Postulantes 2026: sinal de comunh\u00e3o e esperan\u00e7a na Ordem Franciscana - Not\u00edcias - Franciscanos","robots":{"index":"index","follow":"follow","max-snippet":"max-snippet:-1","max-image-preview":"max-image-preview:large","max-video-preview":"max-video-preview:-1"},"canonical":"https:\/\/franciscanos.org.br\/noticias\/admissao-dos-postulantes-2026-sinal-de-comunhao-e-esperanca-na-ordem-franciscana.html","og_locale":"pt_BR","og_type":"article","og_title":"Admiss\u00e3o dos Postulantes 2026: sinal de comunh\u00e3o e esperan\u00e7a na Ordem Franciscana - Not\u00edcias - Franciscanos","og_description":"Celebra\u00e7\u00e3o aconteceu em clima de ora\u00e7\u00e3o, simplicidade e fraternidade, como \u00e9 pr\u00f3prio da tradi\u00e7\u00e3o franciscana","og_url":"https:\/\/franciscanos.org.br\/noticias\/admissao-dos-postulantes-2026-sinal-de-comunhao-e-esperanca-na-ordem-franciscana.html","og_site_name":"Not\u00edcias - Franciscanos","article_published_time":"2026-01-21T19:33:30+00:00","og_image":[{"width":1440,"height":1080,"url":"https:\/\/franciscanos.org.br\/noticias\/wp-content\/uploads\/2026\/01\/Principal-1-scaled.jpg","type":"image\/jpeg"}],"author":"Guilherme Rocha","twitter_card":"summary_large_image","twitter_misc":{"Escrito por":"Guilherme Rocha","Est. tempo de leitura":"5 minutos"},"schema":{"@context":"https:\/\/schema.org","@graph":[{"@type":"WebSite","@id":"https:\/\/franciscanos.org.br\/noticias\/#website","url":"https:\/\/franciscanos.org.br\/noticias\/","name":"Not\u00edcias - Franciscanos","description":"Prov\u00edncia Franciscana da Imaculada Concei\u00e7\u00e3o do Brasil - Ordem dos Frades Menores - OFM","potentialAction":[{"@type":"SearchAction","target":{"@type":"EntryPoint","urlTemplate":"https:\/\/franciscanos.org.br\/noticias\/?s={search_term_string}"},"query-input":"required name=search_term_string"}],"inLanguage":"pt-BR"},{"@type":"ImageObject","inLanguage":"pt-BR","@id":"https:\/\/franciscanos.org.br\/noticias\/admissao-dos-postulantes-2026-sinal-de-comunhao-e-esperanca-na-ordem-franciscana.html#primaryimage","url":"https:\/\/franciscanos.org.br\/noticias\/wp-content\/uploads\/2026\/01\/Principal-1-scaled.jpg","contentUrl":"https:\/\/franciscanos.org.br\/noticias\/wp-content\/uploads\/2026\/01\/Principal-1-scaled.jpg","width":1440,"height":1080},{"@type":"WebPage","@id":"https:\/\/franciscanos.org.br\/noticias\/admissao-dos-postulantes-2026-sinal-de-comunhao-e-esperanca-na-ordem-franciscana.html#webpage","url":"https:\/\/franciscanos.org.br\/noticias\/admissao-dos-postulantes-2026-sinal-de-comunhao-e-esperanca-na-ordem-franciscana.html","name":"Admiss\u00e3o dos Postulantes 2026: sinal de comunh\u00e3o e esperan\u00e7a na Ordem Franciscana - Not\u00edcias - Franciscanos","isPartOf":{"@id":"https:\/\/franciscanos.org.br\/noticias\/#website"},"primaryImageOfPage":{"@id":"https:\/\/franciscanos.org.br\/noticias\/admissao-dos-postulantes-2026-sinal-de-comunhao-e-esperanca-na-ordem-franciscana.html#primaryimage"},"datePublished":"2026-01-21T19:33:30+00:00","dateModified":"2026-01-21T19:33:30+00:00","author":{"@id":"https:\/\/franciscanos.org.br\/noticias\/#\/schema\/person\/69bb4cd273a2528548b63cccab4980a0"},"breadcrumb":{"@id":"https:\/\/franciscanos.org.br\/noticias\/admissao-dos-postulantes-2026-sinal-de-comunhao-e-esperanca-na-ordem-franciscana.html#breadcrumb"},"inLanguage":"pt-BR","potentialAction":[{"@type":"ReadAction","target":["https:\/\/franciscanos.org.br\/noticias\/admissao-dos-postulantes-2026-sinal-de-comunhao-e-esperanca-na-ordem-franciscana.html"]}]},{"@type":"BreadcrumbList","@id":"https:\/\/franciscanos.org.br\/noticias\/admissao-dos-postulantes-2026-sinal-de-comunhao-e-esperanca-na-ordem-franciscana.html#breadcrumb","itemListElement":[{"@type":"ListItem","position":1,"name":"Home","item":"https:\/\/franciscanos.org.br\/noticias"},{"@type":"ListItem","position":2,"name":"Admiss\u00e3o dos Postulantes 2026: sinal de comunh\u00e3o e esperan\u00e7a na Ordem Franciscana"}]},{"@type":"Person","@id":"https:\/\/franciscanos.org.br\/noticias\/#\/schema\/person\/69bb4cd273a2528548b63cccab4980a0","name":"Guilherme Rocha","image":{"@type":"ImageObject","inLanguage":"pt-BR","@id":"https:\/\/franciscanos.org.br\/noticias\/#\/schema\/person\/image\/","url":"https:\/\/secure.gravatar.com\/avatar\/e480fee2377f81af36f6990ed742592a?s=96&d=mm&r=g","contentUrl":"https:\/\/secure.gravatar.com\/avatar\/e480fee2377f81af36f6990ed742592a?s=96&d=mm&r=g","caption":"Guilherme Rocha"},"url":"https:\/\/franciscanos.org.br\/noticias\/author\/guilhermerocha"}]}},"_links":{"self":[{"href":"https:\/\/franciscanos.org.br\/noticias\/wp-json\/wp\/v2\/posts\/263667"}],"collection":[{"href":"https:\/\/franciscanos.org.br\/noticias\/wp-json\/wp\/v2\/posts"}],"about":[{"href":"https:\/\/franciscanos.org.br\/noticias\/wp-json\/wp\/v2\/types\/post"}],"author":[{"embeddable":true,"href":"https:\/\/franciscanos.org.br\/noticias\/wp-json\/wp\/v2\/users\/15"}],"replies":[{"embeddable":true,"href":"https:\/\/franciscanos.org.br\/noticias\/wp-json\/wp\/v2\/comments?post=263667"}],"version-history":[{"count":3,"href":"https:\/\/franciscanos.org.br\/noticias\/wp-json\/wp\/v2\/posts\/263667\/revisions"}],"predecessor-version":[{"id":263688,"href":"https:\/\/franciscanos.org.br\/noticias\/wp-json\/wp\/v2\/posts\/263667\/revisions\/263688"}],"wp:featuredmedia":[{"embeddable":true,"href":"https:\/\/franciscanos.org.br\/noticias\/wp-json\/wp\/v2\/media\/263668"}],"wp:attachment":[{"href":"https:\/\/franciscanos.org.br\/noticias\/wp-json\/wp\/v2\/media?parent=263667"}],"wp:term":[{"taxonomy":"category","embeddable":true,"href":"https:\/\/franciscanos.org.br\/noticias\/wp-json\/wp\/v2\/categories?post=263667"},{"taxonomy":"post_tag","embeddable":true,"href":"https:\/\/franciscanos.org.br\/noticias\/wp-json\/wp\/v2\/tags?post=263667"}],"curies":[{"name":"wp","href":"https:\/\/api.w.org\/{rel}","templated":true}]}}