{"id":263451,"date":"2026-01-12T11:20:29","date_gmt":"2026-01-12T14:20:29","guid":{"rendered":"https:\/\/franciscanos.org.br\/noticias\/?p=263451"},"modified":"2026-01-13T10:35:43","modified_gmt":"2026-01-13T13:35:43","slug":"familia-franciscana-inicia-celebracoes-pelos-800-anos-da-morte-de-sao-francisco","status":"publish","type":"post","link":"https:\/\/franciscanos.org.br\/noticias\/familia-franciscana-inicia-celebracoes-pelos-800-anos-da-morte-de-sao-francisco.html","title":{"rendered":"Fam\u00edlia Franciscana inicia celebra\u00e7\u00f5es em homenagem aos 800 anos da morte de S\u00e3o Francisco"},"content":{"rendered":"<p><img loading=\"lazy\" class=\"aligncenter wp-image-263452 size-large\" src=\"https:\/\/franciscanos.org.br\/noticias\/wp-content\/uploads\/2026\/01\/01-1024x768.jpg\" alt=\"\" width=\"1024\" height=\"768\" srcset=\"https:\/\/franciscanos.org.br\/noticias\/wp-content\/uploads\/2026\/01\/01-1024x768.jpg 1024w, https:\/\/franciscanos.org.br\/noticias\/wp-content\/uploads\/2026\/01\/01-450x338.jpg 450w, https:\/\/franciscanos.org.br\/noticias\/wp-content\/uploads\/2026\/01\/01-768x576.jpg 768w, https:\/\/franciscanos.org.br\/noticias\/wp-content\/uploads\/2026\/01\/01-1536x1152.jpg 1536w, https:\/\/franciscanos.org.br\/noticias\/wp-content\/uploads\/2026\/01\/01-150x113.jpg 150w, https:\/\/franciscanos.org.br\/noticias\/wp-content\/uploads\/2026\/01\/01-600x450.jpg 600w, https:\/\/franciscanos.org.br\/noticias\/wp-content\/uploads\/2026\/01\/01.jpg 1440w\" sizes=\"(max-width: 1024px) 100vw, 1024px\" \/><\/p>\n<p>No \u00faltimo s\u00e1bado, 10 de janeiro, na Bas\u00edlica de Santa Maria dos Anjos em Porziuncola, a Fam\u00edlia Franciscana deu in\u00edcio \u00e0s comemora\u00e7\u00f5es do 800\u00ba anivers\u00e1rio da morte de S\u00e3o Francisco de Assis, a etapa final da jornada empreendida em 2023, que nos permitiu reviver os \u00faltimos anos da vida terrena do Pobrezinho.<\/p>\n<p>A cerim\u00f4nia de abertura teve in\u00edcio com um gesto concebido como uma ponte simb\u00f3lica e espiritual entre o Centen\u00e1rio da composi\u00e7\u00e3o do C\u00e2ntico das Criaturas (2025) e o Centen\u00e1rio do Transitus (2026). Recordando as duas \u00faltimas estrofes do C\u00e2ntico (aquelas dedicadas \u00e0 reconcilia\u00e7\u00e3o e \u00e0 irm\u00e3 morte corporal), o Bispo de Assis-Nocera, Umbra-Gualdo Tadino, e de Foligno, Dom Domenico Sorrentino, e o prefeito da cidade de Assis, Valter Stoppini, entraram na Bas\u00edlica carregando uma vela apagada, que depois foi acesa na Vela Pascal, s\u00edmbolo de Cristo ressuscitado. A partir da\u00ed, a luz foi levada \u00e0s seis esta\u00e7\u00f5es laterais da bas\u00edlica, cada uma delas confiada a um dos seis ramos da fam\u00edlia franciscana.<\/p>\n<p>Em cada parada, um texto das Fontes Franciscanas ou do Evangelho era proclamado, acompanhado de uma reflex\u00e3o de um dos seis representantes da Fam\u00edlia Franciscana. Em seguida, era apresentado um sinal simb\u00f3lico ou um testemunho, para dar vida \u00e0 mensagem franciscana no mundo de hoje.<\/p>\n<p>A prociss\u00e3o quis recordar a reconcilia\u00e7\u00e3o entre o bispo Guido II e o podest\u00e0 de Assis, Carsedonio, cantada por Francisco como profecia de paz. Para a ocasi\u00e3o, a Penitenciaria Apost\u00f3lica concedeu a indulg\u00eancia plen\u00e1ria. O Papa Le\u00e3o XIV quis saudar o evento com uma mensagem aos ministros gerais da Confer\u00eancia da Fam\u00edlia Franciscana, na qual escreve: \u201ca paz \u00e9 a soma de todos os bens de Deus, um dom que desce do Alto. Que ilus\u00e3o seria pensar em constru\u00ed-la apenas com as for\u00e7as humanas\u201d. O Pont\u00edfice assegurou que se uniria a todos aqueles que participariam das manifesta\u00e7\u00f5es comemorativas e, em seguida, entregou uma ora\u00e7\u00e3o dedicada ao Pobrezinho.<\/p>\n<p>Estiveram presentes o Frei Massimo Fusarelli, Ministro Geral da OFM, o Frei Carlos Alberto Trovarelli, Ministro Geral da OFMConv, o Frei Roberto Genuin, Ministro Geral da OFMCap, Tibor Kauser, Ministro Geral da OFS, o Frei Amando Trujillo Cano, Ministro Geral da TOR e a irm\u00e3 Daisy Kalamparamban, Presidente da Confer\u00eancia Internacional Franciscana dos Irm\u00e3os e Irm\u00e3s da Ordem Terceira Regular.<\/p>\n\n\t\t<style type=\"text\/css\">\n\t\t\t#gallery-1 {\n\t\t\t\tmargin: auto;\n\t\t\t}\n\t\t\t#gallery-1 .gallery-item {\n\t\t\t\tfloat: left;\n\t\t\t\tmargin-top: 10px;\n\t\t\t\ttext-align: center;\n\t\t\t\twidth: 33%;\n\t\t\t}\n\t\t\t#gallery-1 img {\n\t\t\t\tborder: 2px solid #cfcfcf;\n\t\t\t}\n\t\t\t#gallery-1 .gallery-caption {\n\t\t\t\tmargin-left: 0;\n\t\t\t}\n\t\t\t\/* see gallery_shortcode() in wp-includes\/media.php *\/\n\t\t<\/style>\n\t\t<div id='gallery-1' class='gallery galleryid-263451 gallery-columns-3 gallery-size-medium'><dl class='gallery-item'>\n\t\t\t<dt class='gallery-icon landscape'>\n\t\t\t\t<a href='https:\/\/franciscanos.org.br\/noticias\/wp-content\/uploads\/2026\/01\/Apertura_Centenario_2026-164.jpg'><img width=\"450\" height=\"338\" src=\"https:\/\/franciscanos.org.br\/noticias\/wp-content\/uploads\/2026\/01\/Apertura_Centenario_2026-164-450x338.jpg\" class=\"attachment-medium size-medium\" alt=\"\" loading=\"lazy\" srcset=\"https:\/\/franciscanos.org.br\/noticias\/wp-content\/uploads\/2026\/01\/Apertura_Centenario_2026-164-450x338.jpg 450w, https:\/\/franciscanos.org.br\/noticias\/wp-content\/uploads\/2026\/01\/Apertura_Centenario_2026-164-1024x768.jpg 1024w, https:\/\/franciscanos.org.br\/noticias\/wp-content\/uploads\/2026\/01\/Apertura_Centenario_2026-164-768x576.jpg 768w, https:\/\/franciscanos.org.br\/noticias\/wp-content\/uploads\/2026\/01\/Apertura_Centenario_2026-164-1536x1152.jpg 1536w, https:\/\/franciscanos.org.br\/noticias\/wp-content\/uploads\/2026\/01\/Apertura_Centenario_2026-164-150x113.jpg 150w, https:\/\/franciscanos.org.br\/noticias\/wp-content\/uploads\/2026\/01\/Apertura_Centenario_2026-164-600x450.jpg 600w, https:\/\/franciscanos.org.br\/noticias\/wp-content\/uploads\/2026\/01\/Apertura_Centenario_2026-164.jpg 1440w\" sizes=\"(max-width: 450px) 100vw, 450px\" \/><\/a>\n\t\t\t<\/dt><\/dl><dl class='gallery-item'>\n\t\t\t<dt class='gallery-icon landscape'>\n\t\t\t\t<a href='https:\/\/franciscanos.org.br\/noticias\/wp-content\/uploads\/2026\/01\/Apertura_Centenario_2026-145.jpg'><img width=\"450\" height=\"338\" src=\"https:\/\/franciscanos.org.br\/noticias\/wp-content\/uploads\/2026\/01\/Apertura_Centenario_2026-145-450x338.jpg\" class=\"attachment-medium size-medium\" alt=\"\" loading=\"lazy\" srcset=\"https:\/\/franciscanos.org.br\/noticias\/wp-content\/uploads\/2026\/01\/Apertura_Centenario_2026-145-450x338.jpg 450w, https:\/\/franciscanos.org.br\/noticias\/wp-content\/uploads\/2026\/01\/Apertura_Centenario_2026-145-1024x769.jpg 1024w, https:\/\/franciscanos.org.br\/noticias\/wp-content\/uploads\/2026\/01\/Apertura_Centenario_2026-145-768x576.jpg 768w, https:\/\/franciscanos.org.br\/noticias\/wp-content\/uploads\/2026\/01\/Apertura_Centenario_2026-145-1536x1153.jpg 1536w, https:\/\/franciscanos.org.br\/noticias\/wp-content\/uploads\/2026\/01\/Apertura_Centenario_2026-145-150x113.jpg 150w, https:\/\/franciscanos.org.br\/noticias\/wp-content\/uploads\/2026\/01\/Apertura_Centenario_2026-145-600x450.jpg 600w, https:\/\/franciscanos.org.br\/noticias\/wp-content\/uploads\/2026\/01\/Apertura_Centenario_2026-145.jpg 1439w\" sizes=\"(max-width: 450px) 100vw, 450px\" \/><\/a>\n\t\t\t<\/dt><\/dl><dl class='gallery-item'>\n\t\t\t<dt class='gallery-icon landscape'>\n\t\t\t\t<a href='https:\/\/franciscanos.org.br\/noticias\/wp-content\/uploads\/2026\/01\/Apertura_Centenario_2026-220.jpg'><img width=\"450\" height=\"338\" src=\"https:\/\/franciscanos.org.br\/noticias\/wp-content\/uploads\/2026\/01\/Apertura_Centenario_2026-220-450x338.jpg\" class=\"attachment-medium size-medium\" alt=\"\" loading=\"lazy\" srcset=\"https:\/\/franciscanos.org.br\/noticias\/wp-content\/uploads\/2026\/01\/Apertura_Centenario_2026-220-450x338.jpg 450w, https:\/\/franciscanos.org.br\/noticias\/wp-content\/uploads\/2026\/01\/Apertura_Centenario_2026-220-1024x769.jpg 1024w, https:\/\/franciscanos.org.br\/noticias\/wp-content\/uploads\/2026\/01\/Apertura_Centenario_2026-220-768x576.jpg 768w, https:\/\/franciscanos.org.br\/noticias\/wp-content\/uploads\/2026\/01\/Apertura_Centenario_2026-220-1536x1153.jpg 1536w, https:\/\/franciscanos.org.br\/noticias\/wp-content\/uploads\/2026\/01\/Apertura_Centenario_2026-220-150x113.jpg 150w, https:\/\/franciscanos.org.br\/noticias\/wp-content\/uploads\/2026\/01\/Apertura_Centenario_2026-220-600x450.jpg 600w, https:\/\/franciscanos.org.br\/noticias\/wp-content\/uploads\/2026\/01\/Apertura_Centenario_2026-220.jpg 1439w\" sizes=\"(max-width: 450px) 100vw, 450px\" \/><\/a>\n\t\t\t<\/dt><\/dl><br style=\"clear: both\" \/><dl class='gallery-item'>\n\t\t\t<dt class='gallery-icon landscape'>\n\t\t\t\t<a href='https:\/\/franciscanos.org.br\/noticias\/wp-content\/uploads\/2026\/01\/Apertura_Centenario_2026-244.jpg'><img width=\"450\" height=\"338\" src=\"https:\/\/franciscanos.org.br\/noticias\/wp-content\/uploads\/2026\/01\/Apertura_Centenario_2026-244-450x338.jpg\" class=\"attachment-medium size-medium\" alt=\"\" loading=\"lazy\" srcset=\"https:\/\/franciscanos.org.br\/noticias\/wp-content\/uploads\/2026\/01\/Apertura_Centenario_2026-244-450x338.jpg 450w, https:\/\/franciscanos.org.br\/noticias\/wp-content\/uploads\/2026\/01\/Apertura_Centenario_2026-244-1024x769.jpg 1024w, https:\/\/franciscanos.org.br\/noticias\/wp-content\/uploads\/2026\/01\/Apertura_Centenario_2026-244-768x576.jpg 768w, https:\/\/franciscanos.org.br\/noticias\/wp-content\/uploads\/2026\/01\/Apertura_Centenario_2026-244-1536x1153.jpg 1536w, https:\/\/franciscanos.org.br\/noticias\/wp-content\/uploads\/2026\/01\/Apertura_Centenario_2026-244-150x113.jpg 150w, https:\/\/franciscanos.org.br\/noticias\/wp-content\/uploads\/2026\/01\/Apertura_Centenario_2026-244-600x450.jpg 600w, https:\/\/franciscanos.org.br\/noticias\/wp-content\/uploads\/2026\/01\/Apertura_Centenario_2026-244.jpg 1439w\" sizes=\"(max-width: 450px) 100vw, 450px\" \/><\/a>\n\t\t\t<\/dt><\/dl><dl class='gallery-item'>\n\t\t\t<dt class='gallery-icon landscape'>\n\t\t\t\t<a href='https:\/\/franciscanos.org.br\/noticias\/wp-content\/uploads\/2026\/01\/Apertura_Centenario_2026-235.jpg'><img width=\"450\" height=\"338\" src=\"https:\/\/franciscanos.org.br\/noticias\/wp-content\/uploads\/2026\/01\/Apertura_Centenario_2026-235-450x338.jpg\" class=\"attachment-medium size-medium\" alt=\"\" loading=\"lazy\" srcset=\"https:\/\/franciscanos.org.br\/noticias\/wp-content\/uploads\/2026\/01\/Apertura_Centenario_2026-235-450x338.jpg 450w, https:\/\/franciscanos.org.br\/noticias\/wp-content\/uploads\/2026\/01\/Apertura_Centenario_2026-235-1024x769.jpg 1024w, https:\/\/franciscanos.org.br\/noticias\/wp-content\/uploads\/2026\/01\/Apertura_Centenario_2026-235-768x576.jpg 768w, https:\/\/franciscanos.org.br\/noticias\/wp-content\/uploads\/2026\/01\/Apertura_Centenario_2026-235-1536x1153.jpg 1536w, https:\/\/franciscanos.org.br\/noticias\/wp-content\/uploads\/2026\/01\/Apertura_Centenario_2026-235-150x113.jpg 150w, https:\/\/franciscanos.org.br\/noticias\/wp-content\/uploads\/2026\/01\/Apertura_Centenario_2026-235-600x450.jpg 600w, https:\/\/franciscanos.org.br\/noticias\/wp-content\/uploads\/2026\/01\/Apertura_Centenario_2026-235.jpg 1439w\" sizes=\"(max-width: 450px) 100vw, 450px\" \/><\/a>\n\t\t\t<\/dt><\/dl><dl class='gallery-item'>\n\t\t\t<dt class='gallery-icon landscape'>\n\t\t\t\t<a href='https:\/\/franciscanos.org.br\/noticias\/wp-content\/uploads\/2026\/01\/Apertura_Centenario_2026-221.jpg'><img width=\"450\" height=\"338\" src=\"https:\/\/franciscanos.org.br\/noticias\/wp-content\/uploads\/2026\/01\/Apertura_Centenario_2026-221-450x338.jpg\" class=\"attachment-medium size-medium\" alt=\"\" loading=\"lazy\" srcset=\"https:\/\/franciscanos.org.br\/noticias\/wp-content\/uploads\/2026\/01\/Apertura_Centenario_2026-221-450x338.jpg 450w, https:\/\/franciscanos.org.br\/noticias\/wp-content\/uploads\/2026\/01\/Apertura_Centenario_2026-221-1024x769.jpg 1024w, https:\/\/franciscanos.org.br\/noticias\/wp-content\/uploads\/2026\/01\/Apertura_Centenario_2026-221-768x576.jpg 768w, https:\/\/franciscanos.org.br\/noticias\/wp-content\/uploads\/2026\/01\/Apertura_Centenario_2026-221-1536x1153.jpg 1536w, https:\/\/franciscanos.org.br\/noticias\/wp-content\/uploads\/2026\/01\/Apertura_Centenario_2026-221-150x113.jpg 150w, https:\/\/franciscanos.org.br\/noticias\/wp-content\/uploads\/2026\/01\/Apertura_Centenario_2026-221-600x450.jpg 600w, https:\/\/franciscanos.org.br\/noticias\/wp-content\/uploads\/2026\/01\/Apertura_Centenario_2026-221.jpg 1439w\" sizes=\"(max-width: 450px) 100vw, 450px\" \/><\/a>\n\t\t\t<\/dt><\/dl><br style=\"clear: both\" \/><dl class='gallery-item'>\n\t\t\t<dt class='gallery-icon landscape'>\n\t\t\t\t<a href='https:\/\/franciscanos.org.br\/noticias\/wp-content\/uploads\/2026\/01\/Apertura_Centenario_2026-218.jpg'><img width=\"450\" height=\"338\" src=\"https:\/\/franciscanos.org.br\/noticias\/wp-content\/uploads\/2026\/01\/Apertura_Centenario_2026-218-450x338.jpg\" class=\"attachment-medium size-medium\" alt=\"\" loading=\"lazy\" srcset=\"https:\/\/franciscanos.org.br\/noticias\/wp-content\/uploads\/2026\/01\/Apertura_Centenario_2026-218-450x338.jpg 450w, https:\/\/franciscanos.org.br\/noticias\/wp-content\/uploads\/2026\/01\/Apertura_Centenario_2026-218-1024x769.jpg 1024w, https:\/\/franciscanos.org.br\/noticias\/wp-content\/uploads\/2026\/01\/Apertura_Centenario_2026-218-768x576.jpg 768w, https:\/\/franciscanos.org.br\/noticias\/wp-content\/uploads\/2026\/01\/Apertura_Centenario_2026-218-1536x1153.jpg 1536w, https:\/\/franciscanos.org.br\/noticias\/wp-content\/uploads\/2026\/01\/Apertura_Centenario_2026-218-150x113.jpg 150w, https:\/\/franciscanos.org.br\/noticias\/wp-content\/uploads\/2026\/01\/Apertura_Centenario_2026-218-600x450.jpg 600w, https:\/\/franciscanos.org.br\/noticias\/wp-content\/uploads\/2026\/01\/Apertura_Centenario_2026-218.jpg 1439w\" sizes=\"(max-width: 450px) 100vw, 450px\" \/><\/a>\n\t\t\t<\/dt><\/dl><dl class='gallery-item'>\n\t\t\t<dt class='gallery-icon landscape'>\n\t\t\t\t<a href='https:\/\/franciscanos.org.br\/noticias\/wp-content\/uploads\/2026\/01\/Apertura_Centenario_2026-189.jpg'><img width=\"450\" height=\"338\" src=\"https:\/\/franciscanos.org.br\/noticias\/wp-content\/uploads\/2026\/01\/Apertura_Centenario_2026-189-450x338.jpg\" class=\"attachment-medium size-medium\" alt=\"\" loading=\"lazy\" srcset=\"https:\/\/franciscanos.org.br\/noticias\/wp-content\/uploads\/2026\/01\/Apertura_Centenario_2026-189-450x338.jpg 450w, https:\/\/franciscanos.org.br\/noticias\/wp-content\/uploads\/2026\/01\/Apertura_Centenario_2026-189-1024x769.jpg 1024w, https:\/\/franciscanos.org.br\/noticias\/wp-content\/uploads\/2026\/01\/Apertura_Centenario_2026-189-768x576.jpg 768w, https:\/\/franciscanos.org.br\/noticias\/wp-content\/uploads\/2026\/01\/Apertura_Centenario_2026-189-1536x1153.jpg 1536w, https:\/\/franciscanos.org.br\/noticias\/wp-content\/uploads\/2026\/01\/Apertura_Centenario_2026-189-150x113.jpg 150w, https:\/\/franciscanos.org.br\/noticias\/wp-content\/uploads\/2026\/01\/Apertura_Centenario_2026-189-600x450.jpg 600w, https:\/\/franciscanos.org.br\/noticias\/wp-content\/uploads\/2026\/01\/Apertura_Centenario_2026-189.jpg 1439w\" sizes=\"(max-width: 450px) 100vw, 450px\" \/><\/a>\n\t\t\t<\/dt><\/dl><dl class='gallery-item'>\n\t\t\t<dt class='gallery-icon landscape'>\n\t\t\t\t<a href='https:\/\/franciscanos.org.br\/noticias\/wp-content\/uploads\/2026\/01\/Apertura_Centenario_2026-187.jpg'><img width=\"450\" height=\"338\" src=\"https:\/\/franciscanos.org.br\/noticias\/wp-content\/uploads\/2026\/01\/Apertura_Centenario_2026-187-450x338.jpg\" class=\"attachment-medium size-medium\" alt=\"\" loading=\"lazy\" srcset=\"https:\/\/franciscanos.org.br\/noticias\/wp-content\/uploads\/2026\/01\/Apertura_Centenario_2026-187-450x338.jpg 450w, https:\/\/franciscanos.org.br\/noticias\/wp-content\/uploads\/2026\/01\/Apertura_Centenario_2026-187-1024x769.jpg 1024w, https:\/\/franciscanos.org.br\/noticias\/wp-content\/uploads\/2026\/01\/Apertura_Centenario_2026-187-768x576.jpg 768w, https:\/\/franciscanos.org.br\/noticias\/wp-content\/uploads\/2026\/01\/Apertura_Centenario_2026-187-1536x1153.jpg 1536w, https:\/\/franciscanos.org.br\/noticias\/wp-content\/uploads\/2026\/01\/Apertura_Centenario_2026-187-150x113.jpg 150w, https:\/\/franciscanos.org.br\/noticias\/wp-content\/uploads\/2026\/01\/Apertura_Centenario_2026-187-600x450.jpg 600w, https:\/\/franciscanos.org.br\/noticias\/wp-content\/uploads\/2026\/01\/Apertura_Centenario_2026-187.jpg 1439w\" sizes=\"(max-width: 450px) 100vw, 450px\" \/><\/a>\n\t\t\t<\/dt><\/dl><br style=\"clear: both\" \/>\n\t\t<\/div>\n\n<p><strong>Alcan\u00e7ar as chagas dolorosas<\/strong><\/p>\n<p>Por turnos, os ministros gerais dirigiram-se \u00e0s seis esta\u00e7\u00f5es laterais da bas\u00edlica, percorrendo idealmente os passos cruciais do Testamento que S\u00e3o Francisco deixou aos seus frades antes de morrer, a sua heran\u00e7a espiritual. Miseric\u00f3rdia, ora\u00e7\u00e3o, fraternidade, trabalho, paz e b\u00ean\u00e7\u00e3o foram os temas das medita\u00e7\u00f5es, acompanhadas por um texto das Fontes Franciscanas ou do Evangelho e pela escuta de um testemunho. Como o Senhor convidou S\u00e3o Francisco a iniciar um caminho de penit\u00eancia e convers\u00e3o \u201ccom um cora\u00e7\u00e3o capaz de abra\u00e7ar a humanidade sofredora, em vez de ignor\u00e1-la ou rejeit\u00e1-la\u201d, disse frei Trujillo Cano, assim hoje ele nos exorta a \u201csuperar as resist\u00eancias pessoais e comunit\u00e1rias para poder alcan\u00e7ar aqueles que carregam feridas dolorosas no corpo e no esp\u00edrito, exclu\u00eddos do bem-estar material, cultural e espiritual, para compartilhar com eles a consola\u00e7\u00e3o de Deus e o amor de uma comunidade capaz de se tornar pr\u00f3xima\u201d.<\/p>\n<p><strong>Olhar o mundo com novos olhos<\/strong><\/p>\n<p>Francisco, a ora\u00e7\u00e3o e a Igreja: foi o que disse frei Trovarelli, destacando a import\u00e2ncia do lugar teol\u00f3gico da experi\u00eancia de f\u00e9 do Pobrezinho. Nesses espa\u00e7os, \u201cantes mesmo de uma plena consci\u00eancia eucar\u00edstica, seu cora\u00e7\u00e3o aprende a orar, e dessa ora\u00e7\u00e3o brota sua forma de crer: lex orandi, lex credendi\u201d. Onde se ergue uma Igreja ou uma cruz, \u201cele reconhece uma humilde epifania do Mist\u00e9rio e um convite \u00e0 adora\u00e7\u00e3o. Assim, a ora\u00e7\u00e3o na, com e da Igreja torna-se para Francisco o princ\u00edpio hermen\u00eautico da f\u00e9 e um chamado a renovar nossa vida no Esp\u00edrito\u201d. Ent\u00e3o Francisco e a fraternidade que ele \u00e9, explicou a irm\u00e3 Daisy, \u201centrar em rela\u00e7\u00e3o com Cristo numa multiplicidade de rela\u00e7\u00f5es interpessoais\u201d; seu exemplo \u201cnos ajuda a olhar o mundo com novos olhos, reconhecendo em cada criatura o reflexo de um amor maior e a redescobrir a fraternidade universal e a viver em harmonia com todos\u201d.<\/p>\n\n\t\t<style type=\"text\/css\">\n\t\t\t#gallery-2 {\n\t\t\t\tmargin: auto;\n\t\t\t}\n\t\t\t#gallery-2 .gallery-item {\n\t\t\t\tfloat: left;\n\t\t\t\tmargin-top: 10px;\n\t\t\t\ttext-align: center;\n\t\t\t\twidth: 33%;\n\t\t\t}\n\t\t\t#gallery-2 img {\n\t\t\t\tborder: 2px solid #cfcfcf;\n\t\t\t}\n\t\t\t#gallery-2 .gallery-caption {\n\t\t\t\tmargin-left: 0;\n\t\t\t}\n\t\t\t\/* see gallery_shortcode() in wp-includes\/media.php *\/\n\t\t<\/style>\n\t\t<div id='gallery-2' class='gallery galleryid-263451 gallery-columns-3 gallery-size-medium'><dl class='gallery-item'>\n\t\t\t<dt class='gallery-icon landscape'>\n\t\t\t\t<a href='https:\/\/franciscanos.org.br\/noticias\/wp-content\/uploads\/2026\/01\/Apertura_Centenario_2026-200.jpg'><img width=\"450\" height=\"338\" src=\"https:\/\/franciscanos.org.br\/noticias\/wp-content\/uploads\/2026\/01\/Apertura_Centenario_2026-200-450x338.jpg\" class=\"attachment-medium size-medium\" alt=\"\" loading=\"lazy\" srcset=\"https:\/\/franciscanos.org.br\/noticias\/wp-content\/uploads\/2026\/01\/Apertura_Centenario_2026-200-450x338.jpg 450w, https:\/\/franciscanos.org.br\/noticias\/wp-content\/uploads\/2026\/01\/Apertura_Centenario_2026-200-1024x769.jpg 1024w, https:\/\/franciscanos.org.br\/noticias\/wp-content\/uploads\/2026\/01\/Apertura_Centenario_2026-200-768x576.jpg 768w, https:\/\/franciscanos.org.br\/noticias\/wp-content\/uploads\/2026\/01\/Apertura_Centenario_2026-200-1536x1153.jpg 1536w, https:\/\/franciscanos.org.br\/noticias\/wp-content\/uploads\/2026\/01\/Apertura_Centenario_2026-200-150x113.jpg 150w, https:\/\/franciscanos.org.br\/noticias\/wp-content\/uploads\/2026\/01\/Apertura_Centenario_2026-200-600x450.jpg 600w, https:\/\/franciscanos.org.br\/noticias\/wp-content\/uploads\/2026\/01\/Apertura_Centenario_2026-200.jpg 1439w\" sizes=\"(max-width: 450px) 100vw, 450px\" \/><\/a>\n\t\t\t<\/dt><\/dl><dl class='gallery-item'>\n\t\t\t<dt class='gallery-icon landscape'>\n\t\t\t\t<a href='https:\/\/franciscanos.org.br\/noticias\/wp-content\/uploads\/2026\/01\/Apertura_Centenario_2026-192.jpg'><img width=\"450\" height=\"338\" src=\"https:\/\/franciscanos.org.br\/noticias\/wp-content\/uploads\/2026\/01\/Apertura_Centenario_2026-192-450x338.jpg\" class=\"attachment-medium size-medium\" alt=\"\" loading=\"lazy\" srcset=\"https:\/\/franciscanos.org.br\/noticias\/wp-content\/uploads\/2026\/01\/Apertura_Centenario_2026-192-450x338.jpg 450w, https:\/\/franciscanos.org.br\/noticias\/wp-content\/uploads\/2026\/01\/Apertura_Centenario_2026-192-1024x769.jpg 1024w, https:\/\/franciscanos.org.br\/noticias\/wp-content\/uploads\/2026\/01\/Apertura_Centenario_2026-192-768x576.jpg 768w, https:\/\/franciscanos.org.br\/noticias\/wp-content\/uploads\/2026\/01\/Apertura_Centenario_2026-192-1536x1153.jpg 1536w, https:\/\/franciscanos.org.br\/noticias\/wp-content\/uploads\/2026\/01\/Apertura_Centenario_2026-192-150x113.jpg 150w, https:\/\/franciscanos.org.br\/noticias\/wp-content\/uploads\/2026\/01\/Apertura_Centenario_2026-192-600x450.jpg 600w, https:\/\/franciscanos.org.br\/noticias\/wp-content\/uploads\/2026\/01\/Apertura_Centenario_2026-192.jpg 1439w\" sizes=\"(max-width: 450px) 100vw, 450px\" \/><\/a>\n\t\t\t<\/dt><\/dl><dl class='gallery-item'>\n\t\t\t<dt class='gallery-icon landscape'>\n\t\t\t\t<a href='https:\/\/franciscanos.org.br\/noticias\/wp-content\/uploads\/2026\/01\/Apertura_Centenario_2026-174.jpg'><img width=\"450\" height=\"338\" src=\"https:\/\/franciscanos.org.br\/noticias\/wp-content\/uploads\/2026\/01\/Apertura_Centenario_2026-174-450x338.jpg\" class=\"attachment-medium size-medium\" alt=\"\" loading=\"lazy\" srcset=\"https:\/\/franciscanos.org.br\/noticias\/wp-content\/uploads\/2026\/01\/Apertura_Centenario_2026-174-450x338.jpg 450w, https:\/\/franciscanos.org.br\/noticias\/wp-content\/uploads\/2026\/01\/Apertura_Centenario_2026-174-1024x769.jpg 1024w, https:\/\/franciscanos.org.br\/noticias\/wp-content\/uploads\/2026\/01\/Apertura_Centenario_2026-174-768x576.jpg 768w, https:\/\/franciscanos.org.br\/noticias\/wp-content\/uploads\/2026\/01\/Apertura_Centenario_2026-174-1536x1153.jpg 1536w, https:\/\/franciscanos.org.br\/noticias\/wp-content\/uploads\/2026\/01\/Apertura_Centenario_2026-174-150x113.jpg 150w, https:\/\/franciscanos.org.br\/noticias\/wp-content\/uploads\/2026\/01\/Apertura_Centenario_2026-174-600x450.jpg 600w, https:\/\/franciscanos.org.br\/noticias\/wp-content\/uploads\/2026\/01\/Apertura_Centenario_2026-174.jpg 1439w\" sizes=\"(max-width: 450px) 100vw, 450px\" \/><\/a>\n\t\t\t<\/dt><\/dl><br style=\"clear: both\" \/><dl class='gallery-item'>\n\t\t\t<dt class='gallery-icon landscape'>\n\t\t\t\t<a href='https:\/\/franciscanos.org.br\/noticias\/wp-content\/uploads\/2026\/01\/Apertura_Centenario_2026-202.jpg'><img width=\"450\" height=\"338\" src=\"https:\/\/franciscanos.org.br\/noticias\/wp-content\/uploads\/2026\/01\/Apertura_Centenario_2026-202-450x338.jpg\" class=\"attachment-medium size-medium\" alt=\"\" loading=\"lazy\" srcset=\"https:\/\/franciscanos.org.br\/noticias\/wp-content\/uploads\/2026\/01\/Apertura_Centenario_2026-202-450x338.jpg 450w, https:\/\/franciscanos.org.br\/noticias\/wp-content\/uploads\/2026\/01\/Apertura_Centenario_2026-202-1024x769.jpg 1024w, https:\/\/franciscanos.org.br\/noticias\/wp-content\/uploads\/2026\/01\/Apertura_Centenario_2026-202-768x576.jpg 768w, https:\/\/franciscanos.org.br\/noticias\/wp-content\/uploads\/2026\/01\/Apertura_Centenario_2026-202-1536x1153.jpg 1536w, https:\/\/franciscanos.org.br\/noticias\/wp-content\/uploads\/2026\/01\/Apertura_Centenario_2026-202-150x113.jpg 150w, https:\/\/franciscanos.org.br\/noticias\/wp-content\/uploads\/2026\/01\/Apertura_Centenario_2026-202-600x450.jpg 600w, https:\/\/franciscanos.org.br\/noticias\/wp-content\/uploads\/2026\/01\/Apertura_Centenario_2026-202.jpg 1439w\" sizes=\"(max-width: 450px) 100vw, 450px\" \/><\/a>\n\t\t\t<\/dt><\/dl><dl class='gallery-item'>\n\t\t\t<dt class='gallery-icon landscape'>\n\t\t\t\t<a href='https:\/\/franciscanos.org.br\/noticias\/wp-content\/uploads\/2026\/01\/Apertura_Centenario_2026-166.jpg'><img width=\"450\" height=\"338\" src=\"https:\/\/franciscanos.org.br\/noticias\/wp-content\/uploads\/2026\/01\/Apertura_Centenario_2026-166-450x338.jpg\" class=\"attachment-medium size-medium\" alt=\"\" loading=\"lazy\" srcset=\"https:\/\/franciscanos.org.br\/noticias\/wp-content\/uploads\/2026\/01\/Apertura_Centenario_2026-166-450x338.jpg 450w, https:\/\/franciscanos.org.br\/noticias\/wp-content\/uploads\/2026\/01\/Apertura_Centenario_2026-166-1024x769.jpg 1024w, https:\/\/franciscanos.org.br\/noticias\/wp-content\/uploads\/2026\/01\/Apertura_Centenario_2026-166-768x576.jpg 768w, https:\/\/franciscanos.org.br\/noticias\/wp-content\/uploads\/2026\/01\/Apertura_Centenario_2026-166-1536x1153.jpg 1536w, https:\/\/franciscanos.org.br\/noticias\/wp-content\/uploads\/2026\/01\/Apertura_Centenario_2026-166-150x113.jpg 150w, https:\/\/franciscanos.org.br\/noticias\/wp-content\/uploads\/2026\/01\/Apertura_Centenario_2026-166-600x450.jpg 600w, https:\/\/franciscanos.org.br\/noticias\/wp-content\/uploads\/2026\/01\/Apertura_Centenario_2026-166.jpg 1439w\" sizes=\"(max-width: 450px) 100vw, 450px\" \/><\/a>\n\t\t\t<\/dt><\/dl><dl class='gallery-item'>\n\t\t\t<dt class='gallery-icon landscape'>\n\t\t\t\t<a href='https:\/\/franciscanos.org.br\/noticias\/wp-content\/uploads\/2026\/01\/Apertura_Centenario_2026-216.jpg'><img width=\"450\" height=\"338\" src=\"https:\/\/franciscanos.org.br\/noticias\/wp-content\/uploads\/2026\/01\/Apertura_Centenario_2026-216-450x338.jpg\" class=\"attachment-medium size-medium\" alt=\"\" loading=\"lazy\" srcset=\"https:\/\/franciscanos.org.br\/noticias\/wp-content\/uploads\/2026\/01\/Apertura_Centenario_2026-216-450x338.jpg 450w, https:\/\/franciscanos.org.br\/noticias\/wp-content\/uploads\/2026\/01\/Apertura_Centenario_2026-216-1024x769.jpg 1024w, https:\/\/franciscanos.org.br\/noticias\/wp-content\/uploads\/2026\/01\/Apertura_Centenario_2026-216-768x576.jpg 768w, https:\/\/franciscanos.org.br\/noticias\/wp-content\/uploads\/2026\/01\/Apertura_Centenario_2026-216-1536x1153.jpg 1536w, https:\/\/franciscanos.org.br\/noticias\/wp-content\/uploads\/2026\/01\/Apertura_Centenario_2026-216-150x113.jpg 150w, https:\/\/franciscanos.org.br\/noticias\/wp-content\/uploads\/2026\/01\/Apertura_Centenario_2026-216-600x450.jpg 600w, https:\/\/franciscanos.org.br\/noticias\/wp-content\/uploads\/2026\/01\/Apertura_Centenario_2026-216.jpg 1439w\" sizes=\"(max-width: 450px) 100vw, 450px\" \/><\/a>\n\t\t\t<\/dt><\/dl><br style=\"clear: both\" \/><dl class='gallery-item'>\n\t\t\t<dt class='gallery-icon landscape'>\n\t\t\t\t<a href='https:\/\/franciscanos.org.br\/noticias\/wp-content\/uploads\/2026\/01\/Apertura_Centenario_2026-177.jpg'><img width=\"450\" height=\"338\" src=\"https:\/\/franciscanos.org.br\/noticias\/wp-content\/uploads\/2026\/01\/Apertura_Centenario_2026-177-450x338.jpg\" class=\"attachment-medium size-medium\" alt=\"\" loading=\"lazy\" srcset=\"https:\/\/franciscanos.org.br\/noticias\/wp-content\/uploads\/2026\/01\/Apertura_Centenario_2026-177-450x338.jpg 450w, https:\/\/franciscanos.org.br\/noticias\/wp-content\/uploads\/2026\/01\/Apertura_Centenario_2026-177-1024x769.jpg 1024w, https:\/\/franciscanos.org.br\/noticias\/wp-content\/uploads\/2026\/01\/Apertura_Centenario_2026-177-768x576.jpg 768w, https:\/\/franciscanos.org.br\/noticias\/wp-content\/uploads\/2026\/01\/Apertura_Centenario_2026-177-1536x1153.jpg 1536w, https:\/\/franciscanos.org.br\/noticias\/wp-content\/uploads\/2026\/01\/Apertura_Centenario_2026-177-150x113.jpg 150w, https:\/\/franciscanos.org.br\/noticias\/wp-content\/uploads\/2026\/01\/Apertura_Centenario_2026-177-600x450.jpg 600w, https:\/\/franciscanos.org.br\/noticias\/wp-content\/uploads\/2026\/01\/Apertura_Centenario_2026-177.jpg 1439w\" sizes=\"(max-width: 450px) 100vw, 450px\" \/><\/a>\n\t\t\t<\/dt><\/dl><dl class='gallery-item'>\n\t\t\t<dt class='gallery-icon landscape'>\n\t\t\t\t<a href='https:\/\/franciscanos.org.br\/noticias\/wp-content\/uploads\/2026\/01\/Apertura_Centenario_2026-156.jpg'><img width=\"450\" height=\"338\" src=\"https:\/\/franciscanos.org.br\/noticias\/wp-content\/uploads\/2026\/01\/Apertura_Centenario_2026-156-450x338.jpg\" class=\"attachment-medium size-medium\" alt=\"\" loading=\"lazy\" srcset=\"https:\/\/franciscanos.org.br\/noticias\/wp-content\/uploads\/2026\/01\/Apertura_Centenario_2026-156-450x338.jpg 450w, https:\/\/franciscanos.org.br\/noticias\/wp-content\/uploads\/2026\/01\/Apertura_Centenario_2026-156-1024x768.jpg 1024w, https:\/\/franciscanos.org.br\/noticias\/wp-content\/uploads\/2026\/01\/Apertura_Centenario_2026-156-768x576.jpg 768w, https:\/\/franciscanos.org.br\/noticias\/wp-content\/uploads\/2026\/01\/Apertura_Centenario_2026-156-1536x1152.jpg 1536w, https:\/\/franciscanos.org.br\/noticias\/wp-content\/uploads\/2026\/01\/Apertura_Centenario_2026-156-150x113.jpg 150w, https:\/\/franciscanos.org.br\/noticias\/wp-content\/uploads\/2026\/01\/Apertura_Centenario_2026-156-600x450.jpg 600w, https:\/\/franciscanos.org.br\/noticias\/wp-content\/uploads\/2026\/01\/Apertura_Centenario_2026-156.jpg 1440w\" sizes=\"(max-width: 450px) 100vw, 450px\" \/><\/a>\n\t\t\t<\/dt><\/dl><dl class='gallery-item'>\n\t\t\t<dt class='gallery-icon landscape'>\n\t\t\t\t<a href='https:\/\/franciscanos.org.br\/noticias\/wp-content\/uploads\/2026\/01\/Apertura_Centenario_2026-153.jpg'><img width=\"450\" height=\"338\" src=\"https:\/\/franciscanos.org.br\/noticias\/wp-content\/uploads\/2026\/01\/Apertura_Centenario_2026-153-450x338.jpg\" class=\"attachment-medium size-medium\" alt=\"\" loading=\"lazy\" srcset=\"https:\/\/franciscanos.org.br\/noticias\/wp-content\/uploads\/2026\/01\/Apertura_Centenario_2026-153-450x338.jpg 450w, https:\/\/franciscanos.org.br\/noticias\/wp-content\/uploads\/2026\/01\/Apertura_Centenario_2026-153-1024x769.jpg 1024w, https:\/\/franciscanos.org.br\/noticias\/wp-content\/uploads\/2026\/01\/Apertura_Centenario_2026-153-768x576.jpg 768w, https:\/\/franciscanos.org.br\/noticias\/wp-content\/uploads\/2026\/01\/Apertura_Centenario_2026-153-1536x1153.jpg 1536w, https:\/\/franciscanos.org.br\/noticias\/wp-content\/uploads\/2026\/01\/Apertura_Centenario_2026-153-150x113.jpg 150w, https:\/\/franciscanos.org.br\/noticias\/wp-content\/uploads\/2026\/01\/Apertura_Centenario_2026-153-600x450.jpg 600w, https:\/\/franciscanos.org.br\/noticias\/wp-content\/uploads\/2026\/01\/Apertura_Centenario_2026-153.jpg 1439w\" sizes=\"(max-width: 450px) 100vw, 450px\" \/><\/a>\n\t\t\t<\/dt><\/dl><br style=\"clear: both\" \/>\n\t\t<\/div>\n\n<p><strong>Um testamento de reconcilia\u00e7\u00e3o e fraternidade<\/strong><\/p>\n<p>Kauser deteve-se no significado do trabalho para S\u00e3o Francisco, como dom, gra\u00e7a, realiza\u00e7\u00e3o de uma vida digna. Frei Genuin recordou que no Testamento o \u201cPobrezinho\u201d encontra a chave para construir a paz: a coragem do perd\u00e3o, da reconcilia\u00e7\u00e3o, da miseric\u00f3rdia. Por fim, a b\u00ean\u00e7\u00e3o, \u201ctestamento espiritual que Francisco nos entrega\u201d, disse frei Fusarelli, \u201cdom do alto que pede para se tornar carne atrav\u00e9s da pr\u00e1tica do bem\u201d, do Sumo Bem. \u201cEis, Pai, que deixo o mundo e vou para Cristo\u201d, depositado \u201cnu sobre a terra nua\u201d. Com cora\u00e7\u00e3o livre e humilde, acolheu a \u201cirm\u00e3 morte corporal\u201d como amiga. E seu Testamento permaneceu como legado de reconcilia\u00e7\u00e3o e profecia de fraternidade.<\/p>\n<p><strong>Um Ano Jubilar Franciscano especial<\/strong><\/p>\n<p>Ao final da cerim\u00f4nia, foi lida a mensagem enviada por Le\u00e3o XIV e dom Sorrentino, visivelmente emocionado, anunciou seu sucessor \u00e0 frente da diocese, na pessoa do arcebispo dom Felice Accrocca. Foi tamb\u00e9m comunicada a promulga\u00e7\u00e3o do decreto pelo qual o Papa institui um Ano Jubilar Franciscano especial, de 10 de janeiro de 2026 a 10 de janeiro de 2027, durante o qual todos os fi\u00e9is crist\u00e3os s\u00e3o convidados a seguir o exemplo do Santo de Assis, tornando-se modelos de santidade de vida e testemunhas incans\u00e1veis da paz. A Penitenciaria Apost\u00f3lica concede a indulg\u00eancia plen\u00e1ria, nas condi\u00e7\u00f5es habituais, a todos aqueles que participarem devotamente deste Jubileu extraordin\u00e1rio, que representa uma continua\u00e7\u00e3o ideal do Jubileu Ordin\u00e1rio de 2025. Este Ano Jubilar \u00e9 dirigido de modo particular aos membros das Fam\u00edlias Franciscanas da Primeira, Segunda e Terceira Ordens Regulares e Seculares, bem como aos Institutos de vida consagrada, \u00e0s Sociedades de vida apost\u00f3lica e \u00e0s Associa\u00e7\u00f5es que observam a Regra de S\u00e3o Francisco ou se inspiram na sua espiritualidade. No entanto, a gra\u00e7a deste ano especial se estende tamb\u00e9m a todos os fi\u00e9is, sem distin\u00e7\u00e3o, que, com o cora\u00e7\u00e3o desligado do pecado, visitarem em forma de peregrina\u00e7\u00e3o qualquer igreja conventual franciscana ou local de culto dedicado a S\u00e3o Francisco em qualquer parte do mundo. Os idosos, os doentes e aqueles que, por motivos graves, n\u00e3o podem sair de casa, poder\u00e3o igualmente obter a indulg\u00eancia plen\u00e1ria unindo-se espiritualmente \u00e0s celebra\u00e7\u00f5es jubilares e oferecendo a Deus suas ora\u00e7\u00f5es, suas dores e seus sofrimentos.<\/p>\n<p>&nbsp;<\/p>\n\n\t\t<style type=\"text\/css\">\n\t\t\t#gallery-3 {\n\t\t\t\tmargin: auto;\n\t\t\t}\n\t\t\t#gallery-3 .gallery-item {\n\t\t\t\tfloat: left;\n\t\t\t\tmargin-top: 10px;\n\t\t\t\ttext-align: center;\n\t\t\t\twidth: 33%;\n\t\t\t}\n\t\t\t#gallery-3 img {\n\t\t\t\tborder: 2px solid #cfcfcf;\n\t\t\t}\n\t\t\t#gallery-3 .gallery-caption {\n\t\t\t\tmargin-left: 0;\n\t\t\t}\n\t\t\t\/* see gallery_shortcode() in wp-includes\/media.php *\/\n\t\t<\/style>\n\t\t<div id='gallery-3' class='gallery galleryid-263451 gallery-columns-3 gallery-size-medium'><dl class='gallery-item'>\n\t\t\t<dt class='gallery-icon portrait'>\n\t\t\t\t<a href='https:\/\/franciscanos.org.br\/noticias\/wp-content\/uploads\/2026\/01\/Apertura_Centenario_2026-254.jpg'><img width=\"338\" height=\"450\" src=\"https:\/\/franciscanos.org.br\/noticias\/wp-content\/uploads\/2026\/01\/Apertura_Centenario_2026-254-338x450.jpg\" class=\"attachment-medium size-medium\" alt=\"\" loading=\"lazy\" srcset=\"https:\/\/franciscanos.org.br\/noticias\/wp-content\/uploads\/2026\/01\/Apertura_Centenario_2026-254-338x450.jpg 338w, https:\/\/franciscanos.org.br\/noticias\/wp-content\/uploads\/2026\/01\/Apertura_Centenario_2026-254-769x1024.jpg 769w, https:\/\/franciscanos.org.br\/noticias\/wp-content\/uploads\/2026\/01\/Apertura_Centenario_2026-254-768x1023.jpg 768w, https:\/\/franciscanos.org.br\/noticias\/wp-content\/uploads\/2026\/01\/Apertura_Centenario_2026-254-1153x1536.jpg 1153w, https:\/\/franciscanos.org.br\/noticias\/wp-content\/uploads\/2026\/01\/Apertura_Centenario_2026-254-150x200.jpg 150w, https:\/\/franciscanos.org.br\/noticias\/wp-content\/uploads\/2026\/01\/Apertura_Centenario_2026-254.jpg 811w\" sizes=\"(max-width: 338px) 100vw, 338px\" \/><\/a>\n\t\t\t<\/dt><\/dl><dl class='gallery-item'>\n\t\t\t<dt class='gallery-icon portrait'>\n\t\t\t\t<a href='https:\/\/franciscanos.org.br\/noticias\/wp-content\/uploads\/2026\/01\/Apertura_Centenario_2026-155.jpg'><img width=\"338\" height=\"450\" src=\"https:\/\/franciscanos.org.br\/noticias\/wp-content\/uploads\/2026\/01\/Apertura_Centenario_2026-155-338x450.jpg\" class=\"attachment-medium size-medium\" alt=\"\" loading=\"lazy\" srcset=\"https:\/\/franciscanos.org.br\/noticias\/wp-content\/uploads\/2026\/01\/Apertura_Centenario_2026-155-338x450.jpg 338w, https:\/\/franciscanos.org.br\/noticias\/wp-content\/uploads\/2026\/01\/Apertura_Centenario_2026-155-768x1024.jpg 768w, https:\/\/franciscanos.org.br\/noticias\/wp-content\/uploads\/2026\/01\/Apertura_Centenario_2026-155-1152x1536.jpg 1152w, https:\/\/franciscanos.org.br\/noticias\/wp-content\/uploads\/2026\/01\/Apertura_Centenario_2026-155-150x200.jpg 150w, https:\/\/franciscanos.org.br\/noticias\/wp-content\/uploads\/2026\/01\/Apertura_Centenario_2026-155.jpg 810w\" sizes=\"(max-width: 338px) 100vw, 338px\" \/><\/a>\n\t\t\t<\/dt><\/dl><dl class='gallery-item'>\n\t\t\t<dt class='gallery-icon portrait'>\n\t\t\t\t<a href='https:\/\/franciscanos.org.br\/noticias\/wp-content\/uploads\/2026\/01\/Apertura_Centenario_2026-251.jpg'><img width=\"338\" height=\"450\" src=\"https:\/\/franciscanos.org.br\/noticias\/wp-content\/uploads\/2026\/01\/Apertura_Centenario_2026-251-338x450.jpg\" class=\"attachment-medium size-medium\" alt=\"\" loading=\"lazy\" srcset=\"https:\/\/franciscanos.org.br\/noticias\/wp-content\/uploads\/2026\/01\/Apertura_Centenario_2026-251-338x450.jpg 338w, https:\/\/franciscanos.org.br\/noticias\/wp-content\/uploads\/2026\/01\/Apertura_Centenario_2026-251-769x1024.jpg 769w, https:\/\/franciscanos.org.br\/noticias\/wp-content\/uploads\/2026\/01\/Apertura_Centenario_2026-251-768x1023.jpg 768w, https:\/\/franciscanos.org.br\/noticias\/wp-content\/uploads\/2026\/01\/Apertura_Centenario_2026-251-1153x1536.jpg 1153w, https:\/\/franciscanos.org.br\/noticias\/wp-content\/uploads\/2026\/01\/Apertura_Centenario_2026-251-150x200.jpg 150w, https:\/\/franciscanos.org.br\/noticias\/wp-content\/uploads\/2026\/01\/Apertura_Centenario_2026-251.jpg 811w\" sizes=\"(max-width: 338px) 100vw, 338px\" \/><\/a>\n\t\t\t<\/dt><\/dl><br style=\"clear: both\" \/><dl class='gallery-item'>\n\t\t\t<dt class='gallery-icon landscape'>\n\t\t\t\t<a href='https:\/\/franciscanos.org.br\/noticias\/wp-content\/uploads\/2026\/01\/Apertura_Centenario_2026-257.jpg'><img width=\"450\" height=\"338\" src=\"https:\/\/franciscanos.org.br\/noticias\/wp-content\/uploads\/2026\/01\/Apertura_Centenario_2026-257-450x338.jpg\" class=\"attachment-medium size-medium\" alt=\"\" loading=\"lazy\" srcset=\"https:\/\/franciscanos.org.br\/noticias\/wp-content\/uploads\/2026\/01\/Apertura_Centenario_2026-257-450x338.jpg 450w, https:\/\/franciscanos.org.br\/noticias\/wp-content\/uploads\/2026\/01\/Apertura_Centenario_2026-257-1024x769.jpg 1024w, https:\/\/franciscanos.org.br\/noticias\/wp-content\/uploads\/2026\/01\/Apertura_Centenario_2026-257-768x576.jpg 768w, https:\/\/franciscanos.org.br\/noticias\/wp-content\/uploads\/2026\/01\/Apertura_Centenario_2026-257-1536x1153.jpg 1536w, https:\/\/franciscanos.org.br\/noticias\/wp-content\/uploads\/2026\/01\/Apertura_Centenario_2026-257-150x113.jpg 150w, https:\/\/franciscanos.org.br\/noticias\/wp-content\/uploads\/2026\/01\/Apertura_Centenario_2026-257-600x450.jpg 600w, https:\/\/franciscanos.org.br\/noticias\/wp-content\/uploads\/2026\/01\/Apertura_Centenario_2026-257.jpg 1439w\" sizes=\"(max-width: 450px) 100vw, 450px\" \/><\/a>\n\t\t\t<\/dt><\/dl><dl class='gallery-item'>\n\t\t\t<dt class='gallery-icon landscape'>\n\t\t\t\t<a href='https:\/\/franciscanos.org.br\/noticias\/wp-content\/uploads\/2026\/01\/Apertura_Centenario_2026-219.jpg'><img width=\"450\" height=\"338\" src=\"https:\/\/franciscanos.org.br\/noticias\/wp-content\/uploads\/2026\/01\/Apertura_Centenario_2026-219-450x338.jpg\" class=\"attachment-medium size-medium\" alt=\"\" loading=\"lazy\" srcset=\"https:\/\/franciscanos.org.br\/noticias\/wp-content\/uploads\/2026\/01\/Apertura_Centenario_2026-219-450x338.jpg 450w, https:\/\/franciscanos.org.br\/noticias\/wp-content\/uploads\/2026\/01\/Apertura_Centenario_2026-219-1024x769.jpg 1024w, https:\/\/franciscanos.org.br\/noticias\/wp-content\/uploads\/2026\/01\/Apertura_Centenario_2026-219-768x576.jpg 768w, https:\/\/franciscanos.org.br\/noticias\/wp-content\/uploads\/2026\/01\/Apertura_Centenario_2026-219-1536x1153.jpg 1536w, https:\/\/franciscanos.org.br\/noticias\/wp-content\/uploads\/2026\/01\/Apertura_Centenario_2026-219-150x113.jpg 150w, https:\/\/franciscanos.org.br\/noticias\/wp-content\/uploads\/2026\/01\/Apertura_Centenario_2026-219-600x450.jpg 600w, https:\/\/franciscanos.org.br\/noticias\/wp-content\/uploads\/2026\/01\/Apertura_Centenario_2026-219.jpg 1439w\" sizes=\"(max-width: 450px) 100vw, 450px\" \/><\/a>\n\t\t\t<\/dt><\/dl><dl class='gallery-item'>\n\t\t\t<dt class='gallery-icon landscape'>\n\t\t\t\t<a href='https:\/\/franciscanos.org.br\/noticias\/wp-content\/uploads\/2026\/01\/Apertura_Centenario_2026-193.jpg'><img width=\"450\" height=\"338\" src=\"https:\/\/franciscanos.org.br\/noticias\/wp-content\/uploads\/2026\/01\/Apertura_Centenario_2026-193-450x338.jpg\" class=\"attachment-medium size-medium\" alt=\"\" loading=\"lazy\" srcset=\"https:\/\/franciscanos.org.br\/noticias\/wp-content\/uploads\/2026\/01\/Apertura_Centenario_2026-193-450x338.jpg 450w, https:\/\/franciscanos.org.br\/noticias\/wp-content\/uploads\/2026\/01\/Apertura_Centenario_2026-193-1024x769.jpg 1024w, https:\/\/franciscanos.org.br\/noticias\/wp-content\/uploads\/2026\/01\/Apertura_Centenario_2026-193-768x576.jpg 768w, https:\/\/franciscanos.org.br\/noticias\/wp-content\/uploads\/2026\/01\/Apertura_Centenario_2026-193-1536x1153.jpg 1536w, https:\/\/franciscanos.org.br\/noticias\/wp-content\/uploads\/2026\/01\/Apertura_Centenario_2026-193-150x113.jpg 150w, https:\/\/franciscanos.org.br\/noticias\/wp-content\/uploads\/2026\/01\/Apertura_Centenario_2026-193-600x450.jpg 600w, https:\/\/franciscanos.org.br\/noticias\/wp-content\/uploads\/2026\/01\/Apertura_Centenario_2026-193.jpg 1439w\" sizes=\"(max-width: 450px) 100vw, 450px\" \/><\/a>\n\t\t\t<\/dt><\/dl><br style=\"clear: both\" \/><dl class='gallery-item'>\n\t\t\t<dt class='gallery-icon landscape'>\n\t\t\t\t<a href='https:\/\/franciscanos.org.br\/noticias\/wp-content\/uploads\/2026\/01\/Apertura_Centenario_2026-169.jpg'><img width=\"450\" height=\"338\" src=\"https:\/\/franciscanos.org.br\/noticias\/wp-content\/uploads\/2026\/01\/Apertura_Centenario_2026-169-450x338.jpg\" class=\"attachment-medium size-medium\" alt=\"\" loading=\"lazy\" srcset=\"https:\/\/franciscanos.org.br\/noticias\/wp-content\/uploads\/2026\/01\/Apertura_Centenario_2026-169-450x338.jpg 450w, https:\/\/franciscanos.org.br\/noticias\/wp-content\/uploads\/2026\/01\/Apertura_Centenario_2026-169-1024x769.jpg 1024w, https:\/\/franciscanos.org.br\/noticias\/wp-content\/uploads\/2026\/01\/Apertura_Centenario_2026-169-768x576.jpg 768w, https:\/\/franciscanos.org.br\/noticias\/wp-content\/uploads\/2026\/01\/Apertura_Centenario_2026-169-1536x1153.jpg 1536w, https:\/\/franciscanos.org.br\/noticias\/wp-content\/uploads\/2026\/01\/Apertura_Centenario_2026-169-150x113.jpg 150w, https:\/\/franciscanos.org.br\/noticias\/wp-content\/uploads\/2026\/01\/Apertura_Centenario_2026-169-600x450.jpg 600w, https:\/\/franciscanos.org.br\/noticias\/wp-content\/uploads\/2026\/01\/Apertura_Centenario_2026-169.jpg 1439w\" sizes=\"(max-width: 450px) 100vw, 450px\" \/><\/a>\n\t\t\t<\/dt><\/dl><dl class='gallery-item'>\n\t\t\t<dt class='gallery-icon landscape'>\n\t\t\t\t<a href='https:\/\/franciscanos.org.br\/noticias\/wp-content\/uploads\/2026\/01\/Apertura_Centenario_2026-217.jpg'><img width=\"450\" height=\"338\" src=\"https:\/\/franciscanos.org.br\/noticias\/wp-content\/uploads\/2026\/01\/Apertura_Centenario_2026-217-450x338.jpg\" class=\"attachment-medium size-medium\" alt=\"\" loading=\"lazy\" srcset=\"https:\/\/franciscanos.org.br\/noticias\/wp-content\/uploads\/2026\/01\/Apertura_Centenario_2026-217-450x338.jpg 450w, https:\/\/franciscanos.org.br\/noticias\/wp-content\/uploads\/2026\/01\/Apertura_Centenario_2026-217-1024x769.jpg 1024w, https:\/\/franciscanos.org.br\/noticias\/wp-content\/uploads\/2026\/01\/Apertura_Centenario_2026-217-768x576.jpg 768w, https:\/\/franciscanos.org.br\/noticias\/wp-content\/uploads\/2026\/01\/Apertura_Centenario_2026-217-1536x1153.jpg 1536w, https:\/\/franciscanos.org.br\/noticias\/wp-content\/uploads\/2026\/01\/Apertura_Centenario_2026-217-150x113.jpg 150w, https:\/\/franciscanos.org.br\/noticias\/wp-content\/uploads\/2026\/01\/Apertura_Centenario_2026-217-600x450.jpg 600w, https:\/\/franciscanos.org.br\/noticias\/wp-content\/uploads\/2026\/01\/Apertura_Centenario_2026-217.jpg 1439w\" sizes=\"(max-width: 450px) 100vw, 450px\" \/><\/a>\n\t\t\t<\/dt><\/dl><dl class='gallery-item'>\n\t\t\t<dt class='gallery-icon landscape'>\n\t\t\t\t<a href='https:\/\/franciscanos.org.br\/noticias\/wp-content\/uploads\/2026\/01\/Apertura_Centenario_2026-147.jpg'><img width=\"450\" height=\"338\" src=\"https:\/\/franciscanos.org.br\/noticias\/wp-content\/uploads\/2026\/01\/Apertura_Centenario_2026-147-450x338.jpg\" class=\"attachment-medium size-medium\" alt=\"\" loading=\"lazy\" srcset=\"https:\/\/franciscanos.org.br\/noticias\/wp-content\/uploads\/2026\/01\/Apertura_Centenario_2026-147-450x338.jpg 450w, https:\/\/franciscanos.org.br\/noticias\/wp-content\/uploads\/2026\/01\/Apertura_Centenario_2026-147-1024x769.jpg 1024w, https:\/\/franciscanos.org.br\/noticias\/wp-content\/uploads\/2026\/01\/Apertura_Centenario_2026-147-768x576.jpg 768w, https:\/\/franciscanos.org.br\/noticias\/wp-content\/uploads\/2026\/01\/Apertura_Centenario_2026-147-1536x1153.jpg 1536w, https:\/\/franciscanos.org.br\/noticias\/wp-content\/uploads\/2026\/01\/Apertura_Centenario_2026-147-150x113.jpg 150w, https:\/\/franciscanos.org.br\/noticias\/wp-content\/uploads\/2026\/01\/Apertura_Centenario_2026-147-600x450.jpg 600w, https:\/\/franciscanos.org.br\/noticias\/wp-content\/uploads\/2026\/01\/Apertura_Centenario_2026-147.jpg 1439w\" sizes=\"(max-width: 450px) 100vw, 450px\" \/><\/a>\n\t\t\t<\/dt><\/dl><br style=\"clear: both\" \/>\n\t\t<\/div>\n\n<h3 data-path-to-node=\"3\"><b data-path-to-node=\"3\" data-index-in-node=\"0\">Forma\u00e7\u00e3o e reflex\u00e3o<\/b><\/h3>\n<p data-path-to-node=\"0\">Para aprofundar a viv\u00eancia deste Centen\u00e1rio do Tr\u00e2nsito e do Ano Jubilar Franciscano em sua comunidade, disponibilizamos tr\u00eas subs\u00eddios para motivar encontros de forma\u00e7\u00e3o e momentos de ora\u00e7\u00e3o. <span data-path-to-node=\"1,1\"><span class=\"citation-15\">Estes materiais foram desenvolvidos para ajudar cada irm\u00e3o e irm\u00e3 a percorrer o caminho de convers\u00e3o e renova\u00e7\u00e3o proposto por S\u00e3o Francisco<\/span><\/span><span data-path-to-node=\"1,3\">. <span class=\"citation-8\">Utilize estes materiais em seus cap\u00edtulos locais, grupos de jovens ou encontros de forma\u00e7\u00e3o permanente para que a mensagem do Pobrezinho continue a ser uma &#8220;l\u00e2mpada para o mundo&#8221;<\/span>. Confira abaixo:<\/span><\/p>\n<p data-path-to-node=\"0\"><strong>Tema 1: Testamento &#8211; Gratid\u00e3o pelo dom da Vida e da Voca\u00e7\u00e3o<\/strong><\/p>\n<p data-path-to-node=\"0\"><span data-path-to-node=\"1,3\">Um convite para contemplar a hist\u00f3ria pessoal e da Fam\u00edlia Franciscana com gratid\u00e3o, inspirando-se no Testamento de Francisco para renovar o seguimento de Cristo. <\/span><\/p>\n<p data-path-to-node=\"0\"><strong><a href=\"https:\/\/franciscanos.org.br\/noticias\/wp-content\/uploads\/2026\/01\/Transito-01.pdf\">Clique aqui para acessar o arquivo<\/a><\/strong><\/p>\n<p data-path-to-node=\"0\"><strong>Tema 2: Subida \u00e0 montanha &#8211; Peregrina\u00e7\u00e3o rumo \u00e0 meta<\/strong><\/p>\n<p data-path-to-node=\"0\">Reflete sobre a caminhada de santidade de Francisco, comparando sua entrega \u00e0 de Abra\u00e3o e explorando os ensinamentos b\u00edblicos dos &#8220;montes&#8221; do Evangelho de Mateus.<\/p>\n<p data-path-to-node=\"0\"><strong><a href=\"https:\/\/franciscanos.org.br\/noticias\/wp-content\/uploads\/2026\/01\/Transito-02.pdf\">Clique aqui para acessar o arquivo<\/a><\/strong><\/p>\n<p data-path-to-node=\"0\"><strong>Tema 3: Tr\u00e2nsito de S\u00e3o Francisco &#8211; Atualidade de sua mensagem<\/strong><\/p>\n<p data-path-to-node=\"0\">Foca na necessidade de &#8220;recome\u00e7ar&#8221; o servi\u00e7o ao Senhor, convidando as fraternidades a serem luz no mundo e a lavarem os p\u00e9s uns dos outros em gestos de profecia e paz.<\/p>\n<p data-path-to-node=\"0\"><strong><a href=\"https:\/\/franciscanos.org.br\/noticias\/wp-content\/uploads\/2026\/01\/Transito-03.pdf\">Clique aqui para acessar o arquivo<\/a><\/strong><\/p>\n<hr \/>\n<p><em>Por Vatican News e Ordo Fratrum Minorum (Rome)<\/em><\/p>\n","protected":false},"excerpt":{"rendered":"<p>Jornada de ora\u00e7\u00e3o e forma\u00e7\u00e3o prop\u00f5e reflex\u00f5es sobre o Testamento espiritual de S\u00e3o Francisco<\/p>\n","protected":false},"author":15,"featured_media":263452,"comment_status":"open","ping_status":"open","sticky":false,"template":"","format":"standard","meta":[],"categories":[1],"tags":[],"acf":[],"yoast_head":"<!-- This site is optimized with the Yoast SEO plugin v19.2 - https:\/\/yoast.com\/wordpress\/plugins\/seo\/ -->\n<title>Fam\u00edlia Franciscana inicia celebra\u00e7\u00f5es em homenagem aos 800 anos da morte de S\u00e3o Francisco - Not\u00edcias - Franciscanos<\/title>\n<meta name=\"robots\" content=\"index, follow, max-snippet:-1, max-image-preview:large, max-video-preview:-1\" \/>\n<link rel=\"canonical\" href=\"https:\/\/franciscanos.org.br\/noticias\/familia-franciscana-inicia-celebracoes-pelos-800-anos-da-morte-de-sao-francisco.html\" \/>\n<meta property=\"og:locale\" content=\"pt_BR\" \/>\n<meta property=\"og:type\" content=\"article\" \/>\n<meta property=\"og:title\" content=\"Fam\u00edlia Franciscana inicia celebra\u00e7\u00f5es em homenagem aos 800 anos da morte de S\u00e3o Francisco - Not\u00edcias - Franciscanos\" \/>\n<meta property=\"og:description\" content=\"Jornada de ora\u00e7\u00e3o e forma\u00e7\u00e3o prop\u00f5e reflex\u00f5es sobre o Testamento espiritual de S\u00e3o Francisco\" \/>\n<meta property=\"og:url\" content=\"https:\/\/franciscanos.org.br\/noticias\/familia-franciscana-inicia-celebracoes-pelos-800-anos-da-morte-de-sao-francisco.html\" \/>\n<meta property=\"og:site_name\" content=\"Not\u00edcias - Franciscanos\" \/>\n<meta property=\"article:published_time\" content=\"2026-01-12T14:20:29+00:00\" \/>\n<meta property=\"article:modified_time\" content=\"2026-01-13T13:35:43+00:00\" \/>\n<meta property=\"og:image\" content=\"https:\/\/franciscanos.org.br\/noticias\/wp-content\/uploads\/2026\/01\/01.jpg\" \/>\n\t<meta property=\"og:image:width\" content=\"1440\" \/>\n\t<meta property=\"og:image:height\" content=\"1080\" \/>\n\t<meta property=\"og:image:type\" content=\"image\/jpeg\" \/>\n<meta name=\"author\" content=\"Guilherme Rocha\" \/>\n<meta name=\"twitter:card\" content=\"summary_large_image\" \/>\n<meta name=\"twitter:label1\" content=\"Escrito por\" \/>\n\t<meta name=\"twitter:data1\" content=\"Guilherme Rocha\" \/>\n\t<meta name=\"twitter:label2\" content=\"Est. tempo de leitura\" \/>\n\t<meta name=\"twitter:data2\" content=\"7 minutos\" \/>\n<script type=\"application\/ld+json\" class=\"yoast-schema-graph\">{\"@context\":\"https:\/\/schema.org\",\"@graph\":[{\"@type\":\"WebSite\",\"@id\":\"https:\/\/franciscanos.org.br\/noticias\/#website\",\"url\":\"https:\/\/franciscanos.org.br\/noticias\/\",\"name\":\"Not\u00edcias - Franciscanos\",\"description\":\"Prov\u00edncia Franciscana da Imaculada Concei\u00e7\u00e3o do Brasil - Ordem dos Frades Menores - OFM\",\"potentialAction\":[{\"@type\":\"SearchAction\",\"target\":{\"@type\":\"EntryPoint\",\"urlTemplate\":\"https:\/\/franciscanos.org.br\/noticias\/?s={search_term_string}\"},\"query-input\":\"required name=search_term_string\"}],\"inLanguage\":\"pt-BR\"},{\"@type\":\"ImageObject\",\"inLanguage\":\"pt-BR\",\"@id\":\"https:\/\/franciscanos.org.br\/noticias\/familia-franciscana-inicia-celebracoes-pelos-800-anos-da-morte-de-sao-francisco.html#primaryimage\",\"url\":\"https:\/\/franciscanos.org.br\/noticias\/wp-content\/uploads\/2026\/01\/01.jpg\",\"contentUrl\":\"https:\/\/franciscanos.org.br\/noticias\/wp-content\/uploads\/2026\/01\/01.jpg\",\"width\":1440,\"height\":1080},{\"@type\":\"WebPage\",\"@id\":\"https:\/\/franciscanos.org.br\/noticias\/familia-franciscana-inicia-celebracoes-pelos-800-anos-da-morte-de-sao-francisco.html#webpage\",\"url\":\"https:\/\/franciscanos.org.br\/noticias\/familia-franciscana-inicia-celebracoes-pelos-800-anos-da-morte-de-sao-francisco.html\",\"name\":\"Fam\u00edlia Franciscana inicia celebra\u00e7\u00f5es em homenagem aos 800 anos da morte de S\u00e3o Francisco - Not\u00edcias - Franciscanos\",\"isPartOf\":{\"@id\":\"https:\/\/franciscanos.org.br\/noticias\/#website\"},\"primaryImageOfPage\":{\"@id\":\"https:\/\/franciscanos.org.br\/noticias\/familia-franciscana-inicia-celebracoes-pelos-800-anos-da-morte-de-sao-francisco.html#primaryimage\"},\"datePublished\":\"2026-01-12T14:20:29+00:00\",\"dateModified\":\"2026-01-13T13:35:43+00:00\",\"author\":{\"@id\":\"https:\/\/franciscanos.org.br\/noticias\/#\/schema\/person\/69bb4cd273a2528548b63cccab4980a0\"},\"breadcrumb\":{\"@id\":\"https:\/\/franciscanos.org.br\/noticias\/familia-franciscana-inicia-celebracoes-pelos-800-anos-da-morte-de-sao-francisco.html#breadcrumb\"},\"inLanguage\":\"pt-BR\",\"potentialAction\":[{\"@type\":\"ReadAction\",\"target\":[\"https:\/\/franciscanos.org.br\/noticias\/familia-franciscana-inicia-celebracoes-pelos-800-anos-da-morte-de-sao-francisco.html\"]}]},{\"@type\":\"BreadcrumbList\",\"@id\":\"https:\/\/franciscanos.org.br\/noticias\/familia-franciscana-inicia-celebracoes-pelos-800-anos-da-morte-de-sao-francisco.html#breadcrumb\",\"itemListElement\":[{\"@type\":\"ListItem\",\"position\":1,\"name\":\"Home\",\"item\":\"https:\/\/franciscanos.org.br\/noticias\"},{\"@type\":\"ListItem\",\"position\":2,\"name\":\"Fam\u00edlia Franciscana inicia celebra\u00e7\u00f5es em homenagem aos 800 anos da morte de S\u00e3o Francisco\"}]},{\"@type\":\"Person\",\"@id\":\"https:\/\/franciscanos.org.br\/noticias\/#\/schema\/person\/69bb4cd273a2528548b63cccab4980a0\",\"name\":\"Guilherme Rocha\",\"image\":{\"@type\":\"ImageObject\",\"inLanguage\":\"pt-BR\",\"@id\":\"https:\/\/franciscanos.org.br\/noticias\/#\/schema\/person\/image\/\",\"url\":\"https:\/\/secure.gravatar.com\/avatar\/e480fee2377f81af36f6990ed742592a?s=96&d=mm&r=g\",\"contentUrl\":\"https:\/\/secure.gravatar.com\/avatar\/e480fee2377f81af36f6990ed742592a?s=96&d=mm&r=g\",\"caption\":\"Guilherme Rocha\"},\"url\":\"https:\/\/franciscanos.org.br\/noticias\/author\/guilhermerocha\"}]}<\/script>\n<!-- \/ Yoast SEO plugin. -->","yoast_head_json":{"title":"Fam\u00edlia Franciscana inicia celebra\u00e7\u00f5es em homenagem aos 800 anos da morte de S\u00e3o Francisco - Not\u00edcias - Franciscanos","robots":{"index":"index","follow":"follow","max-snippet":"max-snippet:-1","max-image-preview":"max-image-preview:large","max-video-preview":"max-video-preview:-1"},"canonical":"https:\/\/franciscanos.org.br\/noticias\/familia-franciscana-inicia-celebracoes-pelos-800-anos-da-morte-de-sao-francisco.html","og_locale":"pt_BR","og_type":"article","og_title":"Fam\u00edlia Franciscana inicia celebra\u00e7\u00f5es em homenagem aos 800 anos da morte de S\u00e3o Francisco - Not\u00edcias - Franciscanos","og_description":"Jornada de ora\u00e7\u00e3o e forma\u00e7\u00e3o prop\u00f5e reflex\u00f5es sobre o Testamento espiritual de S\u00e3o Francisco","og_url":"https:\/\/franciscanos.org.br\/noticias\/familia-franciscana-inicia-celebracoes-pelos-800-anos-da-morte-de-sao-francisco.html","og_site_name":"Not\u00edcias - Franciscanos","article_published_time":"2026-01-12T14:20:29+00:00","article_modified_time":"2026-01-13T13:35:43+00:00","og_image":[{"width":1440,"height":1080,"url":"https:\/\/franciscanos.org.br\/noticias\/wp-content\/uploads\/2026\/01\/01.jpg","type":"image\/jpeg"}],"author":"Guilherme Rocha","twitter_card":"summary_large_image","twitter_misc":{"Escrito por":"Guilherme Rocha","Est. tempo de leitura":"7 minutos"},"schema":{"@context":"https:\/\/schema.org","@graph":[{"@type":"WebSite","@id":"https:\/\/franciscanos.org.br\/noticias\/#website","url":"https:\/\/franciscanos.org.br\/noticias\/","name":"Not\u00edcias - Franciscanos","description":"Prov\u00edncia Franciscana da Imaculada Concei\u00e7\u00e3o do Brasil - Ordem dos Frades Menores - OFM","potentialAction":[{"@type":"SearchAction","target":{"@type":"EntryPoint","urlTemplate":"https:\/\/franciscanos.org.br\/noticias\/?s={search_term_string}"},"query-input":"required name=search_term_string"}],"inLanguage":"pt-BR"},{"@type":"ImageObject","inLanguage":"pt-BR","@id":"https:\/\/franciscanos.org.br\/noticias\/familia-franciscana-inicia-celebracoes-pelos-800-anos-da-morte-de-sao-francisco.html#primaryimage","url":"https:\/\/franciscanos.org.br\/noticias\/wp-content\/uploads\/2026\/01\/01.jpg","contentUrl":"https:\/\/franciscanos.org.br\/noticias\/wp-content\/uploads\/2026\/01\/01.jpg","width":1440,"height":1080},{"@type":"WebPage","@id":"https:\/\/franciscanos.org.br\/noticias\/familia-franciscana-inicia-celebracoes-pelos-800-anos-da-morte-de-sao-francisco.html#webpage","url":"https:\/\/franciscanos.org.br\/noticias\/familia-franciscana-inicia-celebracoes-pelos-800-anos-da-morte-de-sao-francisco.html","name":"Fam\u00edlia Franciscana inicia celebra\u00e7\u00f5es em homenagem aos 800 anos da morte de S\u00e3o Francisco - Not\u00edcias - Franciscanos","isPartOf":{"@id":"https:\/\/franciscanos.org.br\/noticias\/#website"},"primaryImageOfPage":{"@id":"https:\/\/franciscanos.org.br\/noticias\/familia-franciscana-inicia-celebracoes-pelos-800-anos-da-morte-de-sao-francisco.html#primaryimage"},"datePublished":"2026-01-12T14:20:29+00:00","dateModified":"2026-01-13T13:35:43+00:00","author":{"@id":"https:\/\/franciscanos.org.br\/noticias\/#\/schema\/person\/69bb4cd273a2528548b63cccab4980a0"},"breadcrumb":{"@id":"https:\/\/franciscanos.org.br\/noticias\/familia-franciscana-inicia-celebracoes-pelos-800-anos-da-morte-de-sao-francisco.html#breadcrumb"},"inLanguage":"pt-BR","potentialAction":[{"@type":"ReadAction","target":["https:\/\/franciscanos.org.br\/noticias\/familia-franciscana-inicia-celebracoes-pelos-800-anos-da-morte-de-sao-francisco.html"]}]},{"@type":"BreadcrumbList","@id":"https:\/\/franciscanos.org.br\/noticias\/familia-franciscana-inicia-celebracoes-pelos-800-anos-da-morte-de-sao-francisco.html#breadcrumb","itemListElement":[{"@type":"ListItem","position":1,"name":"Home","item":"https:\/\/franciscanos.org.br\/noticias"},{"@type":"ListItem","position":2,"name":"Fam\u00edlia Franciscana inicia celebra\u00e7\u00f5es em homenagem aos 800 anos da morte de S\u00e3o Francisco"}]},{"@type":"Person","@id":"https:\/\/franciscanos.org.br\/noticias\/#\/schema\/person\/69bb4cd273a2528548b63cccab4980a0","name":"Guilherme Rocha","image":{"@type":"ImageObject","inLanguage":"pt-BR","@id":"https:\/\/franciscanos.org.br\/noticias\/#\/schema\/person\/image\/","url":"https:\/\/secure.gravatar.com\/avatar\/e480fee2377f81af36f6990ed742592a?s=96&d=mm&r=g","contentUrl":"https:\/\/secure.gravatar.com\/avatar\/e480fee2377f81af36f6990ed742592a?s=96&d=mm&r=g","caption":"Guilherme Rocha"},"url":"https:\/\/franciscanos.org.br\/noticias\/author\/guilhermerocha"}]}},"_links":{"self":[{"href":"https:\/\/franciscanos.org.br\/noticias\/wp-json\/wp\/v2\/posts\/263451"}],"collection":[{"href":"https:\/\/franciscanos.org.br\/noticias\/wp-json\/wp\/v2\/posts"}],"about":[{"href":"https:\/\/franciscanos.org.br\/noticias\/wp-json\/wp\/v2\/types\/post"}],"author":[{"embeddable":true,"href":"https:\/\/franciscanos.org.br\/noticias\/wp-json\/wp\/v2\/users\/15"}],"replies":[{"embeddable":true,"href":"https:\/\/franciscanos.org.br\/noticias\/wp-json\/wp\/v2\/comments?post=263451"}],"version-history":[{"count":15,"href":"https:\/\/franciscanos.org.br\/noticias\/wp-json\/wp\/v2\/posts\/263451\/revisions"}],"predecessor-version":[{"id":263553,"href":"https:\/\/franciscanos.org.br\/noticias\/wp-json\/wp\/v2\/posts\/263451\/revisions\/263553"}],"wp:featuredmedia":[{"embeddable":true,"href":"https:\/\/franciscanos.org.br\/noticias\/wp-json\/wp\/v2\/media\/263452"}],"wp:attachment":[{"href":"https:\/\/franciscanos.org.br\/noticias\/wp-json\/wp\/v2\/media?parent=263451"}],"wp:term":[{"taxonomy":"category","embeddable":true,"href":"https:\/\/franciscanos.org.br\/noticias\/wp-json\/wp\/v2\/categories?post=263451"},{"taxonomy":"post_tag","embeddable":true,"href":"https:\/\/franciscanos.org.br\/noticias\/wp-json\/wp\/v2\/tags?post=263451"}],"curies":[{"name":"wp","href":"https:\/\/api.w.org\/{rel}","templated":true}]}}