{"id":262889,"date":"2025-12-09T15:12:56","date_gmt":"2025-12-09T18:12:56","guid":{"rendered":"https:\/\/franciscanos.org.br\/noticias\/?p=262889"},"modified":"2026-01-15T16:02:40","modified_gmt":"2026-01-15T19:02:40","slug":"celebracao-em-dobro-na-paroquia-sao-francisco-de-assis","status":"publish","type":"post","link":"https:\/\/franciscanos.org.br\/noticias\/celebracao-em-dobro-na-paroquia-sao-francisco-de-assis.html","title":{"rendered":"Celebra\u00e7\u00e3o em dobro na Par\u00f3quia S\u00e3o Francisco de Assis"},"content":{"rendered":"<p><img loading=\"lazy\" class=\"aligncenter wp-image-262890 size-large\" src=\"https:\/\/franciscanos.org.br\/noticias\/wp-content\/uploads\/2025\/12\/1280-x-720-px-1920-x-1080-px-6-1024x543.png\" alt=\"\" width=\"1024\" height=\"543\" srcset=\"https:\/\/franciscanos.org.br\/noticias\/wp-content\/uploads\/2025\/12\/1280-x-720-px-1920-x-1080-px-6-1024x543.png 1024w, https:\/\/franciscanos.org.br\/noticias\/wp-content\/uploads\/2025\/12\/1280-x-720-px-1920-x-1080-px-6-450x239.png 450w, https:\/\/franciscanos.org.br\/noticias\/wp-content\/uploads\/2025\/12\/1280-x-720-px-1920-x-1080-px-6-768x407.png 768w, https:\/\/franciscanos.org.br\/noticias\/wp-content\/uploads\/2025\/12\/1280-x-720-px-1920-x-1080-px-6-1536x814.png 1536w, https:\/\/franciscanos.org.br\/noticias\/wp-content\/uploads\/2025\/12\/1280-x-720-px-1920-x-1080-px-6-150x80.png 150w, https:\/\/franciscanos.org.br\/noticias\/wp-content\/uploads\/2025\/12\/1280-x-720-px-1920-x-1080-px-6.png 1920w\" sizes=\"(max-width: 1024px) 100vw, 1024px\" \/><\/p>\n<p><span style=\"font-weight: 400;\">No \u00faltimo fim de semana, a Comunidade Paroquial S\u00e3o Francisco de Assis vivenciou dois grandes momentos: a Ben\u00e7\u00e3o Solene do Pres\u00e9pio e a inaugura\u00e7\u00e3o do Caminho da Imaculada.<\/span><\/p>\n<p><span style=\"font-weight: 400;\">No s\u00e1bado, ocorreu a B\u00ean\u00e7\u00e3o Solene do Pres\u00e9pio, um rito que convidou \u00e0 simplicidade e \u00e0 prepara\u00e7\u00e3o para a chegada de Jesus. No dia seguinte, na v\u00e9spera da Solenidade de 8 de Dezembro, a comunidade deu um Passo de F\u00e9 com a inaugura\u00e7\u00e3o e b\u00ean\u00e7\u00e3o solene do Caminho da Imaculada, um novo espa\u00e7o dedicado \u00e0 ora\u00e7\u00e3o e ao acolhimento.<\/span><\/p>\n<p><span style=\"font-weight: 400;\">A seguir, confira os relatos completos desses dois momentos de gra\u00e7a e devo\u00e7\u00e3o.<\/span><\/p>\n<p style=\"text-align: center;\"><b>O caminho de Deus encontra o caminho da imaculada<\/b><\/p>\n<p><span style=\"font-weight: 400;\">No \u00faltimo s\u00e1bado (06), a comunidade se reuniu ap\u00f3s a Missa das 15h para o primeiro grande marco espiritual do nosso Advento: a B\u00ean\u00e7\u00e3o Solene do Pres\u00e9pio. Sob a condu\u00e7\u00e3o do p\u00e1roco Frei Florival Mariano de Toledo, ofm, o momento foi marcado pela simplicidade e profundidade, ligando a espera pelo Menino Jesus \u00e0 recente inaugura\u00e7\u00e3o do Caminho da Imaculada.<\/span><\/p>\n<p><img loading=\"lazy\" class=\"aligncenter wp-image-262891 size-medium\" src=\"https:\/\/franciscanos.org.br\/noticias\/wp-content\/uploads\/2025\/12\/WhatsApp-Image-2025-12-08-at-15.45.36-344x450.jpeg\" alt=\"\" width=\"344\" height=\"450\" srcset=\"https:\/\/franciscanos.org.br\/noticias\/wp-content\/uploads\/2025\/12\/WhatsApp-Image-2025-12-08-at-15.45.36-344x450.jpeg 344w, https:\/\/franciscanos.org.br\/noticias\/wp-content\/uploads\/2025\/12\/WhatsApp-Image-2025-12-08-at-15.45.36-783x1024.jpeg 783w, https:\/\/franciscanos.org.br\/noticias\/wp-content\/uploads\/2025\/12\/WhatsApp-Image-2025-12-08-at-15.45.36-768x1004.jpeg 768w, https:\/\/franciscanos.org.br\/noticias\/wp-content\/uploads\/2025\/12\/WhatsApp-Image-2025-12-08-at-15.45.36-150x196.jpeg 150w, https:\/\/franciscanos.org.br\/noticias\/wp-content\/uploads\/2025\/12\/WhatsApp-Image-2025-12-08-at-15.45.36.jpeg 826w\" sizes=\"(max-width: 344px) 100vw, 344px\" \/><\/p>\n<p><b>O mist\u00e9rio revelado no descerramento<\/b><\/p>\n<p><span style=\"font-weight: 400;\">Ap\u00f3s uma breve e inspiradora reflex\u00e3o do Frei Florival sobre a humildade e a simplicidade de Deus que se faz pequeno, todos os olhares se voltaram para a instala\u00e7\u00e3o. O ponto alto da celebra\u00e7\u00e3o foi o descerramento do pano que cobria o pres\u00e9pio, um gesto simb\u00f3lico que revelou a manjedoura vazia, convidando-nos \u00e0 vigil\u00e2ncia e \u00e0 prepara\u00e7\u00e3o interior.<\/span><\/p>\n<p><span style=\"font-weight: 400;\">&#8220;A b\u00ean\u00e7\u00e3o do pres\u00e9pio nos lembra que, para acolher Jesus, precisamos despojar nossos cora\u00e7\u00f5es de tudo o que \u00e9 sup\u00e9rfluo, tornando-o simples como o feno da manjedoura.&#8221;<\/span><\/p>\n<p><span style=\"font-weight: 400;\">O Frei aspergiu a cena do nascimento com \u00e1gua benta, invocando a gra\u00e7a de Deus sobre a obra de nossas m\u00e3os e sobre todos os que a contemplarem.<\/span><\/p>\n\n\t\t<style type=\"text\/css\">\n\t\t\t#gallery-1 {\n\t\t\t\tmargin: auto;\n\t\t\t}\n\t\t\t#gallery-1 .gallery-item {\n\t\t\t\tfloat: left;\n\t\t\t\tmargin-top: 10px;\n\t\t\t\ttext-align: center;\n\t\t\t\twidth: 50%;\n\t\t\t}\n\t\t\t#gallery-1 img {\n\t\t\t\tborder: 2px solid #cfcfcf;\n\t\t\t}\n\t\t\t#gallery-1 .gallery-caption {\n\t\t\t\tmargin-left: 0;\n\t\t\t}\n\t\t\t\/* see gallery_shortcode() in wp-includes\/media.php *\/\n\t\t<\/style>\n\t\t<div id='gallery-1' class='gallery galleryid-262889 gallery-columns-2 gallery-size-medium'><dl class='gallery-item'>\n\t\t\t<dt class='gallery-icon landscape'>\n\t\t\t\t<a href='https:\/\/franciscanos.org.br\/noticias\/wp-content\/uploads\/2025\/12\/WhatsApp-Image-2025-12-08-at-15.45.35.jpeg'><img width=\"450\" height=\"300\" src=\"https:\/\/franciscanos.org.br\/noticias\/wp-content\/uploads\/2025\/12\/WhatsApp-Image-2025-12-08-at-15.45.35-450x300.jpeg\" class=\"attachment-medium size-medium\" alt=\"\" loading=\"lazy\" srcset=\"https:\/\/franciscanos.org.br\/noticias\/wp-content\/uploads\/2025\/12\/WhatsApp-Image-2025-12-08-at-15.45.35-450x300.jpeg 450w, https:\/\/franciscanos.org.br\/noticias\/wp-content\/uploads\/2025\/12\/WhatsApp-Image-2025-12-08-at-15.45.35-1024x682.jpeg 1024w, https:\/\/franciscanos.org.br\/noticias\/wp-content\/uploads\/2025\/12\/WhatsApp-Image-2025-12-08-at-15.45.35-768x512.jpeg 768w, https:\/\/franciscanos.org.br\/noticias\/wp-content\/uploads\/2025\/12\/WhatsApp-Image-2025-12-08-at-15.45.35-150x100.jpeg 150w, https:\/\/franciscanos.org.br\/noticias\/wp-content\/uploads\/2025\/12\/WhatsApp-Image-2025-12-08-at-15.45.35.jpeg 1280w\" sizes=\"(max-width: 450px) 100vw, 450px\" \/><\/a>\n\t\t\t<\/dt><\/dl><dl class='gallery-item'>\n\t\t\t<dt class='gallery-icon landscape'>\n\t\t\t\t<a href='https:\/\/franciscanos.org.br\/noticias\/wp-content\/uploads\/2025\/12\/WhatsApp-Image-2025-12-08-at-15.45.34-3.jpeg'><img width=\"450\" height=\"302\" src=\"https:\/\/franciscanos.org.br\/noticias\/wp-content\/uploads\/2025\/12\/WhatsApp-Image-2025-12-08-at-15.45.34-3-450x302.jpeg\" class=\"attachment-medium size-medium\" alt=\"\" loading=\"lazy\" srcset=\"https:\/\/franciscanos.org.br\/noticias\/wp-content\/uploads\/2025\/12\/WhatsApp-Image-2025-12-08-at-15.45.34-3-450x302.jpeg 450w, https:\/\/franciscanos.org.br\/noticias\/wp-content\/uploads\/2025\/12\/WhatsApp-Image-2025-12-08-at-15.45.34-3-1024x686.jpeg 1024w, https:\/\/franciscanos.org.br\/noticias\/wp-content\/uploads\/2025\/12\/WhatsApp-Image-2025-12-08-at-15.45.34-3-768x515.jpeg 768w, https:\/\/franciscanos.org.br\/noticias\/wp-content\/uploads\/2025\/12\/WhatsApp-Image-2025-12-08-at-15.45.34-3-150x101.jpeg 150w, https:\/\/franciscanos.org.br\/noticias\/wp-content\/uploads\/2025\/12\/WhatsApp-Image-2025-12-08-at-15.45.34-3.jpeg 1152w\" sizes=\"(max-width: 450px) 100vw, 450px\" \/><\/a>\n\t\t\t<\/dt><\/dl><br style=\"clear: both\" \/>\n\t\t<\/div>\n\n<p><b>Um convite ao caminho com Maria<\/b><\/p>\n<p><span style=\"font-weight: 400;\">Para encerrar o rito, a comunidade foi conduzida em um c\u00e2ntico que uniu o mist\u00e9rio do Natal \u00e0 M\u00e3e de Deus. Ao som da m\u00fasica &#8220;Imaculada&#8221;,\u00a0 Frei Florival apontou para o sentido maior: o caminho que Maria trilhou para nos dar o Salvador. Este gesto ligou a b\u00ean\u00e7\u00e3o do pres\u00e9pio (06\/12) ao Caminho da Imaculada (inaugurado no dia seguinte) e, principalmente, \u00e0 Solenidade de 08 de dezembro, Dia da Imaculada Concei\u00e7\u00e3o.<\/span><span style=\"font-weight: 400;\">\u00a0<\/span><\/p>\n<p><span style=\"font-weight: 400;\">O pres\u00e9pio est\u00e1 aben\u00e7oado e aberto \u00e0 visita\u00e7\u00e3o.<\/span><span style=\"font-weight: 400;\">\u00a0<\/span><\/p>\n<p style=\"text-align: center;\"><b>O grande &#8216;SIM&#8217; da f\u00e9: Caminho da Imaculada \u00e9 <\/b><b><br \/>\n<\/b><b>inaugurado com emo\u00e7\u00e3o e b\u00ean\u00e7\u00e3o solene<\/b><\/p>\n<p><img loading=\"lazy\" class=\"aligncenter wp-image-262898 size-medium\" src=\"https:\/\/franciscanos.org.br\/noticias\/wp-content\/uploads\/2025\/12\/WhatsApp-Image-2025-12-08-at-15.45.41-450x300.jpeg\" alt=\"\" width=\"450\" height=\"300\" srcset=\"https:\/\/franciscanos.org.br\/noticias\/wp-content\/uploads\/2025\/12\/WhatsApp-Image-2025-12-08-at-15.45.41-450x300.jpeg 450w, https:\/\/franciscanos.org.br\/noticias\/wp-content\/uploads\/2025\/12\/WhatsApp-Image-2025-12-08-at-15.45.41-1024x683.jpeg 1024w, https:\/\/franciscanos.org.br\/noticias\/wp-content\/uploads\/2025\/12\/WhatsApp-Image-2025-12-08-at-15.45.41-768x512.jpeg 768w, https:\/\/franciscanos.org.br\/noticias\/wp-content\/uploads\/2025\/12\/WhatsApp-Image-2025-12-08-at-15.45.41-150x100.jpeg 150w, https:\/\/franciscanos.org.br\/noticias\/wp-content\/uploads\/2025\/12\/WhatsApp-Image-2025-12-08-at-15.45.41.jpeg 1280w\" sizes=\"(max-width: 450px) 100vw, 450px\" \/><\/p>\n<p><span style=\"font-weight: 400;\">Em um dia marcado pela profunda devo\u00e7\u00e3o e na v\u00e9spera da Solenidade da Imaculada Concei\u00e7\u00e3o, no dia 7 de dezembro, a Comunidade Paroquial S\u00e3o Francisco de Assis viveu um momento hist\u00f3rico: a inaugura\u00e7\u00e3o e b\u00ean\u00e7\u00e3o solene do Caminho da Imaculada.<\/span><\/p>\n<p><span style=\"font-weight: 400;\">O novo espa\u00e7o, fruto do Passo de F\u00e9 de in\u00fameros doadores, foi dedicado \u00e0 M\u00e3e de Deus em um rito que celebrou a uni\u00e3o e o Jubileu de 350 anos da cria\u00e7\u00e3o da Prov\u00edncia Franciscana da Imaculada Concei\u00e7\u00e3o do Brasil \u2013 OFM.<\/span><\/p>\n<p><img loading=\"lazy\" class=\"aligncenter wp-image-262897 size-medium\" src=\"https:\/\/franciscanos.org.br\/noticias\/wp-content\/uploads\/2025\/12\/WhatsApp-Image-2025-12-08-at-15.45.38-210x450.jpeg\" alt=\"\" width=\"210\" height=\"450\" data-wp-editing=\"1\" srcset=\"https:\/\/franciscanos.org.br\/noticias\/wp-content\/uploads\/2025\/12\/WhatsApp-Image-2025-12-08-at-15.45.38-210x450.jpeg 210w, https:\/\/franciscanos.org.br\/noticias\/wp-content\/uploads\/2025\/12\/WhatsApp-Image-2025-12-08-at-15.45.38-478x1024.jpeg 478w, https:\/\/franciscanos.org.br\/noticias\/wp-content\/uploads\/2025\/12\/WhatsApp-Image-2025-12-08-at-15.45.38-717x1536.jpeg 717w, https:\/\/franciscanos.org.br\/noticias\/wp-content\/uploads\/2025\/12\/WhatsApp-Image-2025-12-08-at-15.45.38-150x321.jpeg 150w, https:\/\/franciscanos.org.br\/noticias\/wp-content\/uploads\/2025\/12\/WhatsApp-Image-2025-12-08-at-15.45.38.jpeg 504w\" sizes=\"(max-width: 210px) 100vw, 210px\" \/><\/p>\n<p><b>A prociss\u00e3o e o momento de emo\u00e7\u00e3o<\/b><\/p>\n<p><span style=\"font-weight: 400;\">Logo ap\u00f3s a Missa das 9h, a comunidade seguiu em prociss\u00e3o solene, liderada pelo P\u00e1roco, Frei Florival Mariano de Toledo, ofm, e acompanhada por ministros, coroinhas, leitores e fi\u00e9is, cantando com fervor &#8220;Imaculada, Maria de Deus&#8230;&#8221;.<\/span><\/p>\n<p><span style=\"font-weight: 400;\">O \u00e1pice da prociss\u00e3o ocorreu ao chegar no Caminho: o port\u00e3o estava fechado com um la\u00e7o, desfeito pela ac\u00f3lita Sofia, simbolizando a abertura de um novo espa\u00e7o de gra\u00e7a e acolhimento. Diante da placa que eterniza a obra, o Frei deu in\u00edcio ao rito de b\u00ean\u00e7\u00e3o: Frei Florival refor\u00e7ou a inspira\u00e7\u00e3o de S\u00e3o Francisco de Assis, que tinha Maria como sua Advogada, e lembrou que &#8220;cada pedra e cada ora\u00e7\u00e3o aqui depositados \u00e9 o Passo da F\u00e9 que alimenta o nosso encontro com Deus.&#8221;<\/span><\/p>\n\n\t\t<style type=\"text\/css\">\n\t\t\t#gallery-2 {\n\t\t\t\tmargin: auto;\n\t\t\t}\n\t\t\t#gallery-2 .gallery-item {\n\t\t\t\tfloat: left;\n\t\t\t\tmargin-top: 10px;\n\t\t\t\ttext-align: center;\n\t\t\t\twidth: 50%;\n\t\t\t}\n\t\t\t#gallery-2 img {\n\t\t\t\tborder: 2px solid #cfcfcf;\n\t\t\t}\n\t\t\t#gallery-2 .gallery-caption {\n\t\t\t\tmargin-left: 0;\n\t\t\t}\n\t\t\t\/* see gallery_shortcode() in wp-includes\/media.php *\/\n\t\t<\/style>\n\t\t<div id='gallery-2' class='gallery galleryid-262889 gallery-columns-2 gallery-size-medium'><dl class='gallery-item'>\n\t\t\t<dt class='gallery-icon portrait'>\n\t\t\t\t<a href='https:\/\/franciscanos.org.br\/noticias\/wp-content\/uploads\/2025\/12\/WhatsApp-Image-2025-12-08-at-15.45.38-1.jpeg'><img width=\"338\" height=\"450\" src=\"https:\/\/franciscanos.org.br\/noticias\/wp-content\/uploads\/2025\/12\/WhatsApp-Image-2025-12-08-at-15.45.38-1-338x450.jpeg\" class=\"attachment-medium size-medium\" alt=\"\" loading=\"lazy\" srcset=\"https:\/\/franciscanos.org.br\/noticias\/wp-content\/uploads\/2025\/12\/WhatsApp-Image-2025-12-08-at-15.45.38-1-338x450.jpeg 338w, https:\/\/franciscanos.org.br\/noticias\/wp-content\/uploads\/2025\/12\/WhatsApp-Image-2025-12-08-at-15.45.38-1-768x1024.jpeg 768w, https:\/\/franciscanos.org.br\/noticias\/wp-content\/uploads\/2025\/12\/WhatsApp-Image-2025-12-08-at-15.45.38-1-1152x1536.jpeg 1152w, https:\/\/franciscanos.org.br\/noticias\/wp-content\/uploads\/2025\/12\/WhatsApp-Image-2025-12-08-at-15.45.38-1-150x200.jpeg 150w, https:\/\/franciscanos.org.br\/noticias\/wp-content\/uploads\/2025\/12\/WhatsApp-Image-2025-12-08-at-15.45.38-1.jpeg 810w\" sizes=\"(max-width: 338px) 100vw, 338px\" \/><\/a>\n\t\t\t<\/dt><\/dl><dl class='gallery-item'>\n\t\t\t<dt class='gallery-icon portrait'>\n\t\t\t\t<a href='https:\/\/franciscanos.org.br\/noticias\/wp-content\/uploads\/2025\/12\/WhatsApp-Image-2025-12-08-at-15.45.40-1-2.jpeg'><img width=\"321\" height=\"450\" src=\"https:\/\/franciscanos.org.br\/noticias\/wp-content\/uploads\/2025\/12\/WhatsApp-Image-2025-12-08-at-15.45.40-1-2-321x450.jpeg\" class=\"attachment-medium size-medium\" alt=\"\" loading=\"lazy\" srcset=\"https:\/\/franciscanos.org.br\/noticias\/wp-content\/uploads\/2025\/12\/WhatsApp-Image-2025-12-08-at-15.45.40-1-2-321x450.jpeg 321w, https:\/\/franciscanos.org.br\/noticias\/wp-content\/uploads\/2025\/12\/WhatsApp-Image-2025-12-08-at-15.45.40-1-2-731x1024.jpeg 731w, https:\/\/franciscanos.org.br\/noticias\/wp-content\/uploads\/2025\/12\/WhatsApp-Image-2025-12-08-at-15.45.40-1-2-768x1076.jpeg 768w, https:\/\/franciscanos.org.br\/noticias\/wp-content\/uploads\/2025\/12\/WhatsApp-Image-2025-12-08-at-15.45.40-1-2-150x210.jpeg 150w, https:\/\/franciscanos.org.br\/noticias\/wp-content\/uploads\/2025\/12\/WhatsApp-Image-2025-12-08-at-15.45.40-1-2.jpeg 771w\" sizes=\"(max-width: 321px) 100vw, 321px\" \/><\/a>\n\t\t\t<\/dt><\/dl><br style=\"clear: both\" \/>\n\t\t<\/div>\n\n<p>&nbsp;<\/p>\n<p><b>B\u00ean\u00e7\u00e3o, evangelho e o espa\u00e7o-abra\u00e7o<\/b><\/p>\n<p><span style=\"font-weight: 400;\">A cerim\u00f4nia seguiu com o descerramento da placa comemorativa e a incensa\u00e7\u00e3o da imagem. Em seguida, a Palavra de Deus foi proclamada, com a leitura do Evangelho da Anuncia\u00e7\u00e3o (Lucas 1, 26-38), que narra o primeiro &#8220;Sim&#8221; de Maria, ligando o ato da inaugura\u00e7\u00e3o ao &#8220;Sim&#8221; da nossa comunidade.<\/span><\/p>\n<p><span style=\"font-weight: 400;\">O momento de entrega foi repleto de significado: al\u00e9m da b\u00ean\u00e7\u00e3o do novo local, houve a b\u00ean\u00e7\u00e3o especial dos Fi\u00e9is Doadores e das inten\u00e7\u00f5es colocadas no Cesto de Ora\u00e7\u00f5es, que foram solenemente depositadas aos p\u00e9s de Nossa Senhora.<\/span><\/p>\n<p><span style=\"font-weight: 400;\">O Frei dedicou o Caminho como o &#8220;Espa\u00e7o-Abra\u00e7o&#8221; da comunidade: &#8220;Que este lugar seja para sempre o nosso Espa\u00e7o-Abra\u00e7o, onde o cansado encontre descanso, onde o aflito encontre cura, onde o fiel encontre a ternura do vosso manto.&#8221;<\/span><\/p>\n<p>&nbsp;<\/p>\n<p><b>Reconhecimento e gratid\u00e3o<\/b><\/p>\n<p><span style=\"font-weight: 400;\">A Par\u00f3quia expressa sua profunda gratid\u00e3o \u00e0 arquiteta Gabriela Spalla, que idealizou e projetou a obra com tanta sensibilidade, e a todos os Fi\u00e9is Doadores que transformaram este sonho em realidade. Um agradecimento especial \u00e0 Camerata e aos cantores Beatriz e Florisvaldo, que com talento, elevaram a beleza e a solenidade de cada momento da b\u00ean\u00e7\u00e3o.<\/span><\/p>\n<p><span style=\"font-weight: 400;\">O Caminho da Imaculada est\u00e1 agora aberto a todos os fi\u00e9is e peregrinos, sendo um convite permanente \u00e0 ora\u00e7\u00e3o, \u00e0 contempla\u00e7\u00e3o e ao encontro com a M\u00e3e.<\/span><\/p>\n<p><span style=\"font-weight: 400;\">Que ao trilhar o Caminho da Imaculada e ao contemplar a Manjedoura, possamos nos preparar, em esp\u00edrito, para a Paz e o Bem que o Natal nos trar\u00e1!<\/span><\/p>\n<p><img loading=\"lazy\" class=\"size-medium wp-image-262911 aligncenter\" src=\"https:\/\/franciscanos.org.br\/noticias\/wp-content\/uploads\/2025\/12\/WhatsApp-Image-2025-12-08-at-15.45.36-1-450x300.jpeg\" alt=\"\" width=\"450\" height=\"300\" srcset=\"https:\/\/franciscanos.org.br\/noticias\/wp-content\/uploads\/2025\/12\/WhatsApp-Image-2025-12-08-at-15.45.36-1-450x300.jpeg 450w, https:\/\/franciscanos.org.br\/noticias\/wp-content\/uploads\/2025\/12\/WhatsApp-Image-2025-12-08-at-15.45.36-1-1024x682.jpeg 1024w, https:\/\/franciscanos.org.br\/noticias\/wp-content\/uploads\/2025\/12\/WhatsApp-Image-2025-12-08-at-15.45.36-1-768x512.jpeg 768w, https:\/\/franciscanos.org.br\/noticias\/wp-content\/uploads\/2025\/12\/WhatsApp-Image-2025-12-08-at-15.45.36-1-1536x1023.jpeg 1536w, https:\/\/franciscanos.org.br\/noticias\/wp-content\/uploads\/2025\/12\/WhatsApp-Image-2025-12-08-at-15.45.36-1-150x100.jpeg 150w, https:\/\/franciscanos.org.br\/noticias\/wp-content\/uploads\/2025\/12\/WhatsApp-Image-2025-12-08-at-15.45.36-1.jpeg 1600w\" sizes=\"(max-width: 450px) 100vw, 450px\" \/><\/p>\n<div>\n<hr \/>\n<p><em>Texto: Regina Oyamaguchi<br \/>\n<\/em><em>Fotos: S\u00e9rgio Antonio Colangelo<\/em><\/p>\n<\/div>\n","protected":false},"excerpt":{"rendered":"<p>Comunidade celebrou Ben\u00e7\u00e3o Solene do Pres\u00e9pio e a inaugura\u00e7\u00e3o do Caminho da Imaculada<\/p>\n","protected":false},"author":15,"featured_media":262890,"comment_status":"open","ping_status":"open","sticky":false,"template":"","format":"standard","meta":[],"categories":[1],"tags":[],"acf":[],"yoast_head":"<!-- This site is optimized with the Yoast SEO plugin v19.2 - https:\/\/yoast.com\/wordpress\/plugins\/seo\/ -->\n<title>Celebra\u00e7\u00e3o em dobro na Par\u00f3quia S\u00e3o Francisco de Assis - Not\u00edcias - Franciscanos<\/title>\n<meta name=\"robots\" content=\"index, follow, max-snippet:-1, max-image-preview:large, max-video-preview:-1\" \/>\n<link rel=\"canonical\" href=\"https:\/\/franciscanos.org.br\/noticias\/celebracao-em-dobro-na-paroquia-sao-francisco-de-assis.html\" \/>\n<meta property=\"og:locale\" content=\"pt_BR\" \/>\n<meta property=\"og:type\" content=\"article\" \/>\n<meta property=\"og:title\" content=\"Celebra\u00e7\u00e3o em dobro na Par\u00f3quia S\u00e3o Francisco de Assis - Not\u00edcias - Franciscanos\" \/>\n<meta property=\"og:description\" content=\"Comunidade celebrou Ben\u00e7\u00e3o Solene do Pres\u00e9pio e a inaugura\u00e7\u00e3o do Caminho da Imaculada\" \/>\n<meta property=\"og:url\" content=\"https:\/\/franciscanos.org.br\/noticias\/celebracao-em-dobro-na-paroquia-sao-francisco-de-assis.html\" \/>\n<meta property=\"og:site_name\" content=\"Not\u00edcias - Franciscanos\" \/>\n<meta property=\"article:published_time\" content=\"2025-12-09T18:12:56+00:00\" \/>\n<meta property=\"article:modified_time\" content=\"2026-01-15T19:02:40+00:00\" \/>\n<meta property=\"og:image\" content=\"https:\/\/franciscanos.org.br\/noticias\/wp-content\/uploads\/2025\/12\/1280-x-720-px-1920-x-1080-px-6-1024x543.png\" \/>\n\t<meta property=\"og:image:width\" content=\"1024\" \/>\n\t<meta property=\"og:image:height\" content=\"543\" \/>\n\t<meta property=\"og:image:type\" content=\"image\/png\" \/>\n<meta name=\"author\" content=\"Guilherme Rocha\" \/>\n<meta name=\"twitter:card\" content=\"summary_large_image\" \/>\n<meta name=\"twitter:label1\" content=\"Escrito por\" \/>\n\t<meta name=\"twitter:data1\" content=\"Guilherme Rocha\" \/>\n\t<meta name=\"twitter:label2\" content=\"Est. tempo de leitura\" \/>\n\t<meta name=\"twitter:data2\" content=\"5 minutos\" \/>\n<script type=\"application\/ld+json\" class=\"yoast-schema-graph\">{\"@context\":\"https:\/\/schema.org\",\"@graph\":[{\"@type\":\"WebSite\",\"@id\":\"https:\/\/franciscanos.org.br\/noticias\/#website\",\"url\":\"https:\/\/franciscanos.org.br\/noticias\/\",\"name\":\"Not\u00edcias - Franciscanos\",\"description\":\"Prov\u00edncia Franciscana da Imaculada Concei\u00e7\u00e3o do Brasil - Ordem dos Frades Menores - OFM\",\"potentialAction\":[{\"@type\":\"SearchAction\",\"target\":{\"@type\":\"EntryPoint\",\"urlTemplate\":\"https:\/\/franciscanos.org.br\/noticias\/?s={search_term_string}\"},\"query-input\":\"required name=search_term_string\"}],\"inLanguage\":\"pt-BR\"},{\"@type\":\"ImageObject\",\"inLanguage\":\"pt-BR\",\"@id\":\"https:\/\/franciscanos.org.br\/noticias\/celebracao-em-dobro-na-paroquia-sao-francisco-de-assis.html#primaryimage\",\"url\":\"https:\/\/franciscanos.org.br\/noticias\/wp-content\/uploads\/2025\/12\/1280-x-720-px-1920-x-1080-px-6.png\",\"contentUrl\":\"https:\/\/franciscanos.org.br\/noticias\/wp-content\/uploads\/2025\/12\/1280-x-720-px-1920-x-1080-px-6.png\",\"width\":1920,\"height\":1018},{\"@type\":\"WebPage\",\"@id\":\"https:\/\/franciscanos.org.br\/noticias\/celebracao-em-dobro-na-paroquia-sao-francisco-de-assis.html#webpage\",\"url\":\"https:\/\/franciscanos.org.br\/noticias\/celebracao-em-dobro-na-paroquia-sao-francisco-de-assis.html\",\"name\":\"Celebra\u00e7\u00e3o em dobro na Par\u00f3quia S\u00e3o Francisco de Assis - Not\u00edcias - Franciscanos\",\"isPartOf\":{\"@id\":\"https:\/\/franciscanos.org.br\/noticias\/#website\"},\"primaryImageOfPage\":{\"@id\":\"https:\/\/franciscanos.org.br\/noticias\/celebracao-em-dobro-na-paroquia-sao-francisco-de-assis.html#primaryimage\"},\"datePublished\":\"2025-12-09T18:12:56+00:00\",\"dateModified\":\"2026-01-15T19:02:40+00:00\",\"author\":{\"@id\":\"https:\/\/franciscanos.org.br\/noticias\/#\/schema\/person\/69bb4cd273a2528548b63cccab4980a0\"},\"breadcrumb\":{\"@id\":\"https:\/\/franciscanos.org.br\/noticias\/celebracao-em-dobro-na-paroquia-sao-francisco-de-assis.html#breadcrumb\"},\"inLanguage\":\"pt-BR\",\"potentialAction\":[{\"@type\":\"ReadAction\",\"target\":[\"https:\/\/franciscanos.org.br\/noticias\/celebracao-em-dobro-na-paroquia-sao-francisco-de-assis.html\"]}]},{\"@type\":\"BreadcrumbList\",\"@id\":\"https:\/\/franciscanos.org.br\/noticias\/celebracao-em-dobro-na-paroquia-sao-francisco-de-assis.html#breadcrumb\",\"itemListElement\":[{\"@type\":\"ListItem\",\"position\":1,\"name\":\"Home\",\"item\":\"https:\/\/franciscanos.org.br\/noticias\"},{\"@type\":\"ListItem\",\"position\":2,\"name\":\"Celebra\u00e7\u00e3o em dobro na Par\u00f3quia S\u00e3o Francisco de Assis\"}]},{\"@type\":\"Person\",\"@id\":\"https:\/\/franciscanos.org.br\/noticias\/#\/schema\/person\/69bb4cd273a2528548b63cccab4980a0\",\"name\":\"Guilherme Rocha\",\"image\":{\"@type\":\"ImageObject\",\"inLanguage\":\"pt-BR\",\"@id\":\"https:\/\/franciscanos.org.br\/noticias\/#\/schema\/person\/image\/\",\"url\":\"https:\/\/secure.gravatar.com\/avatar\/e480fee2377f81af36f6990ed742592a?s=96&d=mm&r=g\",\"contentUrl\":\"https:\/\/secure.gravatar.com\/avatar\/e480fee2377f81af36f6990ed742592a?s=96&d=mm&r=g\",\"caption\":\"Guilherme Rocha\"},\"url\":\"https:\/\/franciscanos.org.br\/noticias\/author\/guilhermerocha\"}]}<\/script>\n<!-- \/ Yoast SEO plugin. -->","yoast_head_json":{"title":"Celebra\u00e7\u00e3o em dobro na Par\u00f3quia S\u00e3o Francisco de Assis - Not\u00edcias - Franciscanos","robots":{"index":"index","follow":"follow","max-snippet":"max-snippet:-1","max-image-preview":"max-image-preview:large","max-video-preview":"max-video-preview:-1"},"canonical":"https:\/\/franciscanos.org.br\/noticias\/celebracao-em-dobro-na-paroquia-sao-francisco-de-assis.html","og_locale":"pt_BR","og_type":"article","og_title":"Celebra\u00e7\u00e3o em dobro na Par\u00f3quia S\u00e3o Francisco de Assis - Not\u00edcias - Franciscanos","og_description":"Comunidade celebrou Ben\u00e7\u00e3o Solene do Pres\u00e9pio e a inaugura\u00e7\u00e3o do Caminho da Imaculada","og_url":"https:\/\/franciscanos.org.br\/noticias\/celebracao-em-dobro-na-paroquia-sao-francisco-de-assis.html","og_site_name":"Not\u00edcias - Franciscanos","article_published_time":"2025-12-09T18:12:56+00:00","article_modified_time":"2026-01-15T19:02:40+00:00","og_image":[{"width":1024,"height":543,"url":"https:\/\/franciscanos.org.br\/noticias\/wp-content\/uploads\/2025\/12\/1280-x-720-px-1920-x-1080-px-6-1024x543.png","type":"image\/png"}],"author":"Guilherme Rocha","twitter_card":"summary_large_image","twitter_misc":{"Escrito por":"Guilherme Rocha","Est. tempo de leitura":"5 minutos"},"schema":{"@context":"https:\/\/schema.org","@graph":[{"@type":"WebSite","@id":"https:\/\/franciscanos.org.br\/noticias\/#website","url":"https:\/\/franciscanos.org.br\/noticias\/","name":"Not\u00edcias - Franciscanos","description":"Prov\u00edncia Franciscana da Imaculada Concei\u00e7\u00e3o do Brasil - Ordem dos Frades Menores - OFM","potentialAction":[{"@type":"SearchAction","target":{"@type":"EntryPoint","urlTemplate":"https:\/\/franciscanos.org.br\/noticias\/?s={search_term_string}"},"query-input":"required name=search_term_string"}],"inLanguage":"pt-BR"},{"@type":"ImageObject","inLanguage":"pt-BR","@id":"https:\/\/franciscanos.org.br\/noticias\/celebracao-em-dobro-na-paroquia-sao-francisco-de-assis.html#primaryimage","url":"https:\/\/franciscanos.org.br\/noticias\/wp-content\/uploads\/2025\/12\/1280-x-720-px-1920-x-1080-px-6.png","contentUrl":"https:\/\/franciscanos.org.br\/noticias\/wp-content\/uploads\/2025\/12\/1280-x-720-px-1920-x-1080-px-6.png","width":1920,"height":1018},{"@type":"WebPage","@id":"https:\/\/franciscanos.org.br\/noticias\/celebracao-em-dobro-na-paroquia-sao-francisco-de-assis.html#webpage","url":"https:\/\/franciscanos.org.br\/noticias\/celebracao-em-dobro-na-paroquia-sao-francisco-de-assis.html","name":"Celebra\u00e7\u00e3o em dobro na Par\u00f3quia S\u00e3o Francisco de Assis - Not\u00edcias - Franciscanos","isPartOf":{"@id":"https:\/\/franciscanos.org.br\/noticias\/#website"},"primaryImageOfPage":{"@id":"https:\/\/franciscanos.org.br\/noticias\/celebracao-em-dobro-na-paroquia-sao-francisco-de-assis.html#primaryimage"},"datePublished":"2025-12-09T18:12:56+00:00","dateModified":"2026-01-15T19:02:40+00:00","author":{"@id":"https:\/\/franciscanos.org.br\/noticias\/#\/schema\/person\/69bb4cd273a2528548b63cccab4980a0"},"breadcrumb":{"@id":"https:\/\/franciscanos.org.br\/noticias\/celebracao-em-dobro-na-paroquia-sao-francisco-de-assis.html#breadcrumb"},"inLanguage":"pt-BR","potentialAction":[{"@type":"ReadAction","target":["https:\/\/franciscanos.org.br\/noticias\/celebracao-em-dobro-na-paroquia-sao-francisco-de-assis.html"]}]},{"@type":"BreadcrumbList","@id":"https:\/\/franciscanos.org.br\/noticias\/celebracao-em-dobro-na-paroquia-sao-francisco-de-assis.html#breadcrumb","itemListElement":[{"@type":"ListItem","position":1,"name":"Home","item":"https:\/\/franciscanos.org.br\/noticias"},{"@type":"ListItem","position":2,"name":"Celebra\u00e7\u00e3o em dobro na Par\u00f3quia S\u00e3o Francisco de Assis"}]},{"@type":"Person","@id":"https:\/\/franciscanos.org.br\/noticias\/#\/schema\/person\/69bb4cd273a2528548b63cccab4980a0","name":"Guilherme Rocha","image":{"@type":"ImageObject","inLanguage":"pt-BR","@id":"https:\/\/franciscanos.org.br\/noticias\/#\/schema\/person\/image\/","url":"https:\/\/secure.gravatar.com\/avatar\/e480fee2377f81af36f6990ed742592a?s=96&d=mm&r=g","contentUrl":"https:\/\/secure.gravatar.com\/avatar\/e480fee2377f81af36f6990ed742592a?s=96&d=mm&r=g","caption":"Guilherme Rocha"},"url":"https:\/\/franciscanos.org.br\/noticias\/author\/guilhermerocha"}]}},"_links":{"self":[{"href":"https:\/\/franciscanos.org.br\/noticias\/wp-json\/wp\/v2\/posts\/262889"}],"collection":[{"href":"https:\/\/franciscanos.org.br\/noticias\/wp-json\/wp\/v2\/posts"}],"about":[{"href":"https:\/\/franciscanos.org.br\/noticias\/wp-json\/wp\/v2\/types\/post"}],"author":[{"embeddable":true,"href":"https:\/\/franciscanos.org.br\/noticias\/wp-json\/wp\/v2\/users\/15"}],"replies":[{"embeddable":true,"href":"https:\/\/franciscanos.org.br\/noticias\/wp-json\/wp\/v2\/comments?post=262889"}],"version-history":[{"count":13,"href":"https:\/\/franciscanos.org.br\/noticias\/wp-json\/wp\/v2\/posts\/262889\/revisions"}],"predecessor-version":[{"id":263571,"href":"https:\/\/franciscanos.org.br\/noticias\/wp-json\/wp\/v2\/posts\/262889\/revisions\/263571"}],"wp:featuredmedia":[{"embeddable":true,"href":"https:\/\/franciscanos.org.br\/noticias\/wp-json\/wp\/v2\/media\/262890"}],"wp:attachment":[{"href":"https:\/\/franciscanos.org.br\/noticias\/wp-json\/wp\/v2\/media?parent=262889"}],"wp:term":[{"taxonomy":"category","embeddable":true,"href":"https:\/\/franciscanos.org.br\/noticias\/wp-json\/wp\/v2\/categories?post=262889"},{"taxonomy":"post_tag","embeddable":true,"href":"https:\/\/franciscanos.org.br\/noticias\/wp-json\/wp\/v2\/tags?post=262889"}],"curies":[{"name":"wp","href":"https:\/\/api.w.org\/{rel}","templated":true}]}}