{"id":262855,"date":"2025-12-09T09:22:37","date_gmt":"2025-12-09T12:22:37","guid":{"rendered":"https:\/\/franciscanos.org.br\/noticias\/?p=262855"},"modified":"2025-12-09T11:44:53","modified_gmt":"2025-12-09T14:44:53","slug":"mensagem-do-ministro-geral-pelo-350o-aniversario-da-provincia-franciscana-da-imaculada-conceicao-do-brasil","status":"publish","type":"post","link":"https:\/\/franciscanos.org.br\/noticias\/mensagem-do-ministro-geral-pelo-350o-aniversario-da-provincia-franciscana-da-imaculada-conceicao-do-brasil.html","title":{"rendered":"Mensagem do Ministro Geral pelo 350\u00ba anivers\u00e1rio da Prov\u00edncia Franciscana da Imaculada Concei\u00e7\u00e3o do Brasil"},"content":{"rendered":"<p><img loading=\"lazy\" class=\"aligncenter wp-image-262856 size-medium\" src=\"https:\/\/franciscanos.org.br\/noticias\/wp-content\/uploads\/2025\/12\/massimo-980x1047-1-421x450.jpg\" alt=\"\" width=\"421\" height=\"450\" srcset=\"https:\/\/franciscanos.org.br\/noticias\/wp-content\/uploads\/2025\/12\/massimo-980x1047-1-421x450.jpg 421w, https:\/\/franciscanos.org.br\/noticias\/wp-content\/uploads\/2025\/12\/massimo-980x1047-1-958x1024.jpg 958w, https:\/\/franciscanos.org.br\/noticias\/wp-content\/uploads\/2025\/12\/massimo-980x1047-1-768x821.jpg 768w, https:\/\/franciscanos.org.br\/noticias\/wp-content\/uploads\/2025\/12\/massimo-980x1047-1-150x160.jpg 150w, https:\/\/franciscanos.org.br\/noticias\/wp-content\/uploads\/2025\/12\/massimo-980x1047-1.jpg 980w\" sizes=\"(max-width: 421px) 100vw, 421px\" \/><\/p>\n<p><span style=\"font-weight: 400;\">Car\u00edssimos irm\u00e3os da Prov\u00edncia da Imaculada Concei\u00e7\u00e3o,<\/span><\/p>\n<p style=\"text-align: center;\"><em><span style=\"font-weight: 400;\">O Senhor lhes d\u00ea a paz!<\/span><\/em><\/p>\n<p><span style=\"font-weight: 400;\">Com grande alegria me uno a voc\u00eas na celebra\u00e7\u00e3o dos 350 anos da presen\u00e7a franciscana no Brasil. Dou gra\u00e7as ao Senhor por tantos irm\u00e3os que, ao longo dos s\u00e9culos e ainda hoje, vivem com generosidade a voca\u00e7\u00e3o de frades menores no meio do povo de Deus.<\/span><\/p>\n<p><span style=\"font-weight: 400;\">Em 15 de julho de 1675, o Papa Clemente X, por meio da Bula Pastoralis Officii, erigia oficialmente a Prov\u00edncia, desmembrando-a da Prov\u00edncia de Santo Ant\u00f4nio de Lisboa. Ela nascia com dez conventos, herdeira de uma presen\u00e7a iniciada em 1584, quando os primeiros frades da Prov\u00edncia de S\u00e3o Francisco (Porto, It\u00e1lia) iniciaram a miss\u00e3o em terras brasileiras.<\/span><\/p>\n<p><b>Tr\u00eas s\u00e9culos e meio de hist\u00f3ria:<\/b><span style=\"font-weight: 400;\"> das aldeias coloniais \u00e0s periferias metropolitanas, do Convento de Santo Ant\u00f4nio do Rio de Janeiro \u2013 sede provincial por dois s\u00e9culos \u2013 \u00e0s fronteiras digitais; das miss\u00f5es rurais \u00e0 abertura da Cust\u00f3dia em Angola.\u00a0<\/span><\/p>\n<p><span style=\"font-weight: 400;\">Olhamos para esse caminho \u2013 n\u00e3o com nostalgia, mas como <\/span><b>mem\u00f3ria viva<\/b><span style=\"font-weight: 400;\">, que nos interpela e sustenta.<\/span><\/p>\n<p style=\"text-align: center;\"><b>Fidelidade criativa: uma heran\u00e7a que permanece viva<\/b><\/p>\n<p><span style=\"font-weight: 400;\">A express\u00e3o que melhor descreve a hist\u00f3ria desta Prov\u00edncia \u00e9 <\/span><b>fidelidade criativa<\/b><span style=\"font-weight: 400;\">: fidelidade ao carisma, criatividade nas respostas. Essa identidade nasce de heran\u00e7as que se entrela\u00e7am:<\/span><\/p>\n<ul>\n<li style=\"font-weight: 400;\" aria-level=\"1\"><b>A heran\u00e7a portuguesa alcantarina (1584\u2013s\u00e9c. XIX)<\/b><span style=\"font-weight: 400;\"> transmitiu rigor na Regra, no esp\u00edrito de devo\u00e7\u00e3o e austeridade. Os primeiros frades fundaram conventos e iniciaram a catequese entre ind\u00edgenas e africanos escravizados.<\/span><\/li>\n<li style=\"font-weight: 400;\" aria-level=\"1\"><b>A heran\u00e7a alem\u00e3 recoleta (s\u00e9cs. XIX\u2013XX)<\/b><span style=\"font-weight: 400;\"> trouxe organiza\u00e7\u00e3o, forma\u00e7\u00e3o sistem\u00e1tica, obras estruturadas e zelo apost\u00f3lico.<\/span><\/li>\n<li style=\"font-weight: 400;\" aria-level=\"1\"><b>A heran\u00e7a brasileira<\/b><span style=\"font-weight: 400;\">, amadurecida pela incultura\u00e7\u00e3o, integrou frades filhos de imigrantes europeus, japoneses, afrodescendentes e de matriz portuguesa, levando o Evangelho do litoral ao sert\u00e3o, dos povos ind\u00edgenas \u00e0s favelas.<\/span><\/li>\n<\/ul>\n<p><span style=\"font-weight: 400;\">Essas ra\u00edzes diversas sempre deram \u00e0 Prov\u00edncia uma <\/span><b>capacidade concreta de viver a minoridade entre o povo<\/b><span style=\"font-weight: 400;\">, especialmente entre os pobres. E hoje, como traduzir a radicalidade portuguesa, o rigor alem\u00e3o e a criatividade brasileira nas condi\u00e7\u00f5es atuais do Brasil?<\/span><\/p>\n<p style=\"text-align: center;\"><b>Minoridade entre os pobres<\/b><\/p>\n<p><span style=\"font-weight: 400;\">Os irm\u00e3os que os precederam responderam aos desafios do seu tempo com ousadia: catequese, miss\u00f5es itinerantes, assist\u00eancia aos pobres, acolhida nas portarias. N\u00e3o como benfeitores a partir de cima, mas como <\/span><b>irm\u00e3os menores no meio do povo<\/b><span style=\"font-weight: 400;\">.<\/span><\/p>\n<p><span style=\"font-weight: 400;\">A Igreja latino-americana nos lembra que a op\u00e7\u00e3o preferencial pelos pobres \u00e9 essencial ao nosso carisma. Ela n\u00e3o consiste apenas em realizar obras, por mais necess\u00e1rias que sejam, mas antes em <\/span><b>partilhar a vida<\/b><span style=\"font-weight: 400;\">, fazendo-nos companheiros dos pequenos.<\/span><\/p>\n<p><span style=\"font-weight: 400;\">Tamb\u00e9m hoje os pobres \u2014 nas favelas, nos sert\u00f5es, entre povos ind\u00edgenas, quilombolas, migrantes e pessoas sem terra e teto \u2014 continuam a nos chamar \u00e0 convers\u00e3o.<\/span><\/p>\n<p><span style=\"font-weight: 400;\">As perguntas permanecem atuais: <\/span><b>onde moramos? Com quem partilhamos a vida? De que coisas nos apropriamos sem perceber?<\/b><\/p>\n<p style=\"text-align: center;\"><b>Sine proprio: liberdade, sobriedade e partilha<\/b><\/p>\n<p><span style=\"font-weight: 400;\">Os conventos hist\u00f3ricos \u2014 alguns vivos, outros em ru\u00ednas \u2014 lembram que as pedras passam, mas o esp\u00edrito permanece. O cap\u00edtulo VI da Regra \u00e9 claro: <\/span><b>nenhuma forma de apropria\u00e7\u00e3o<\/b><span style=\"font-weight: 400;\">.<\/span><\/p>\n<p><span style=\"font-weight: 400;\">Em uma sociedade consumista, somos chamados a um testemunho prof\u00e9tico:<\/span><\/p>\n<ul>\n<li style=\"font-weight: 400;\" aria-level=\"1\"><span style=\"font-weight: 400;\">Partilhar os bens \u2014 pessoais, comunit\u00e1rios e provinciais \u2014 a servi\u00e7o da miss\u00e3o;<\/span><\/li>\n<li style=\"font-weight: 400;\" aria-level=\"1\"><span style=\"font-weight: 400;\">Viver sem nada de pr\u00f3prio, cultivando liberdade interior e sobriedade;<\/span><\/li>\n<li style=\"font-weight: 400;\" aria-level=\"1\"><span style=\"font-weight: 400;\">Escolher as periferias como lugar est\u00e1vel de vida fraterna.<\/span><\/li>\n<\/ul>\n<p><span style=\"font-weight: 400;\">As decis\u00f5es recentes da Prov\u00edncia \u2014 como a presen\u00e7a de fraternidades em contextos vulner\u00e1veis \u2014 mostram que este caminho \u00e9 poss\u00edvel. Mas a pergunta permanece como crit\u00e9rio de verdade: <\/span><b>nossas estruturas servem \u00e0 miss\u00e3o ou \u00e0 nossa seguran\u00e7a e bem-estar?<\/b><\/p>\n<p style=\"text-align: center;\"><b>Sinodalidade: a minoridade na vida da Igreja<\/b><\/p>\n<p><span style=\"font-weight: 400;\">A convoca\u00e7\u00e3o do Papa para uma Igreja sinodal toca profundamente a nossa voca\u00e7\u00e3o. Francisco n\u00e3o se colocou acima do povo de Deus, mas <\/span><b>no meio dele<\/b><span style=\"font-weight: 400;\">. <\/span><\/p>\n<p><span style=\"font-weight: 400;\">Isso significa, de modo muito concreto:<\/span><\/p>\n<ul>\n<li style=\"font-weight: 400;\" aria-level=\"1\"><span style=\"font-weight: 400;\">Purificar e prevenir formas de clericalismo e autorreferencialidade;<\/span><\/li>\n<li style=\"font-weight: 400;\" aria-level=\"1\"><span style=\"font-weight: 400;\">Valorizar as fraternidades leigas (OFS, Jufra) e a corresponsabilidade dos leigos, especialmente no campo formativo, na pastoral e nas obras;<\/span><\/li>\n<li style=\"font-weight: 400;\" aria-level=\"1\"><span style=\"font-weight: 400;\">Criar processos reais de discernimento comunit\u00e1rio, escutando os pobres, os jovens e as mulheres.<\/span><\/li>\n<\/ul>\n<p><span style=\"font-weight: 400;\">A sinodalidade no estilo franciscano \u00e9 <\/span><b>minoridade eclesial<\/b><span style=\"font-weight: 400;\">. Em muitas de suas presen\u00e7as \u2014 par\u00f3quias, escolas, obras sociais \u2014 j\u00e1 se percebem sementes deste estilo. Custodiem-nas e fa\u00e7am-nas crescer.<\/span><\/p>\n<p style=\"text-align: center;\"><b>Cristo pobre: contra o risco do acomodamento<\/b><\/p>\n<p><span style=\"font-weight: 400;\">Este anivers\u00e1rio \u00e9 ocasi\u00e3o de gratid\u00e3o, mas tamb\u00e9m de um <\/span><b>exame de consci\u00eancia corajoso<\/b><span style=\"font-weight: 400;\">. O risco \u00e9 real: uma vida religiosa que se acomoda, busca seguran\u00e7as e perde a for\u00e7a prof\u00e9tica.<\/span><\/p>\n<p><span style=\"font-weight: 400;\">Seus predecessores enfrentaram coloniza\u00e7\u00e3o, escravid\u00e3o, seculariza\u00e7\u00e3o, e permaneceram fi\u00e9is com criatividade.<\/span><\/p>\n<p><span style=\"font-weight: 400;\">E voc\u00eas, hoje?<\/span><\/p>\n<p><span style=\"font-weight: 400;\">As perguntas ajudam no discernimento:<\/span><\/p>\n<ul>\n<li style=\"font-weight: 400;\" aria-level=\"1\"><span style=\"font-weight: 400;\">Vivemos <\/span><b>vida fraterna simples<\/b><span style=\"font-weight: 400;\"> ou certo conforto burgu\u00eas?<\/span><\/li>\n<li style=\"font-weight: 400;\" aria-level=\"1\"><span style=\"font-weight: 400;\">Fazemos <\/span><b>uso s\u00f3brio<\/b><span style=\"font-weight: 400;\"> dos recursos ou nos apropriamos deles?<\/span><\/li>\n<li style=\"font-weight: 400;\" aria-level=\"1\"><span style=\"font-weight: 400;\">Escolhemos as <\/span><b>periferias<\/b><span style=\"font-weight: 400;\"> ou preferimos lugares c\u00f4modos e prestigiados?<\/span><\/li>\n<li style=\"font-weight: 400;\" aria-level=\"1\"><span style=\"font-weight: 400;\">Nossas obras nascem do <\/span><b>escutar o povo<\/b><span style=\"font-weight: 400;\"> ou de programa\u00e7\u00f5es pr\u00e9-definidas?<\/span><\/li>\n<\/ul>\n<p><span style=\"font-weight: 400;\">Seguir Cristo pobre significa estar com os \u00faltimos, denunciar injusti\u00e7as, cuidar da Casa Comum e testemunhar que outro modo de viver \u00e9 poss\u00edvel. \u00c9 caminho exigente, mas fonte de alegria e credibilidade evang\u00e9lica.<\/span><\/p>\n<p style=\"text-align: center;\"><b>Mem\u00f3ria que abre o futuro<\/b><\/p>\n<p><span style=\"font-weight: 400;\">O Brasil espera testemunho prof\u00e9tico: viol\u00eancia crescente, devasta\u00e7\u00e3o de biomas, migra\u00e7\u00f5es, crise democr\u00e1tica, novas pobrezas. Mas muitos sinais de esperan\u00e7a j\u00e1 brotam em suas presen\u00e7as \u2014 nas grandes cidades, no sert\u00e3o, na Amaz\u00f4nia e na miss\u00e3o em Angola.<\/span><\/p>\n<p><span style=\"font-weight: 400;\">Por isso os encorajo:<\/span><\/p>\n<ul>\n<li style=\"font-weight: 400;\" aria-level=\"1\"><span style=\"font-weight: 400;\">Retornar sempre \u00e0s fontes \u2013 Evangelho sine glossa, Francisco, a Regra, a <\/span>nossa tradi\u00e7\u00e3o viva;<\/li>\n<li style=\"font-weight: 400;\" aria-level=\"1\"><span style=\"font-weight: 400;\">Verificar a vida com honestidade: estilo, prioridades, bens;<\/span><\/li>\n<li style=\"font-weight: 400;\" aria-level=\"1\"><span style=\"font-weight: 400;\">Escolher de novo as periferias: favelas, sert\u00f5es, aldeias ind\u00edgenas;<\/span><\/li>\n<li style=\"font-weight: 400;\" aria-level=\"1\"><span style=\"font-weight: 400;\">Formar para a minoridade: convers\u00e3o pessoal e comunit\u00e1ria;<\/span><\/li>\n<li style=\"font-weight: 400;\" aria-level=\"1\"><span style=\"font-weight: 400;\">Colaborar de modo efetivo com os leigos, sobretudo na miss\u00e3o evangelizadora;<\/span><\/li>\n<li style=\"font-weight: 400;\" aria-level=\"1\"><span style=\"font-weight: 400;\">Cuidar da Casa Comum com gestos concretos e cotidianos.<\/span><\/li>\n<\/ul>\n<p><span style=\"font-weight: 400;\">H\u00e1 350 anos, a Pastoralis Officii constituiu esta Prov\u00edncia. Hoje, o Esp\u00edrito os confirma novamente, chamando-os a recome\u00e7ar pelo Evangelho, vivido ao modo de Francisco.\u00a0<\/span><\/p>\n<p style=\"text-align: center;\"><b>O passado sustenta; o Evangelho impulsiona.<\/b><\/p>\n<p><span style=\"font-weight: 400;\">Como irm\u00e3o, pe\u00e7o-lhes um passo a mais: <\/span><b>assumir as periferias como casa, partilhar os bens com liberdade interior, abrir processos sinodais reais com os leigos e deixar que os pobres continuem a evangeliz\u00e1-los.<\/b><span style=\"font-weight: 400;\"> Onde j\u00e1 come\u00e7aram caminhos novos \u2014 nas fraternidades perif\u00e9ricas, na miss\u00e3o em Angola, nas obras sociais, educativas e de comunica\u00e7\u00e3o \u2014 deixem-se encorajar: s\u00e3o sinais luminosos de fidelidade criativa.<\/span><\/p>\n<p><span style=\"font-weight: 400;\">Que estes 350 anos n\u00e3o sejam apenas mem\u00f3ria, mas se tornem um chamado pessoal e comunit\u00e1rio: \u201c<em>Eis-me aqui, Senhor, envia-me<\/em>\u201d, para que a Prov\u00edncia Franciscana da Imaculada Concei\u00e7\u00e3o \u2014 hoje menor em n\u00famero, mas animada e aberta ao futuro \u2014 continue oferecendo ao Brasil o rosto de uma fraternidade simples, pr\u00f3xima e prof\u00e9tica.<\/span><\/p>\n<p><span style=\"font-weight: 400;\">A Virgem Imaculada os cubra com seu manto e fecunde a miss\u00e3o que lhes foi confiada;<\/span><\/p>\n<p><span style=\"font-weight: 400;\">S\u00e3o Francisco lhes obtenha um cora\u00e7\u00e3o livre, capaz de arriscar pelo Evangelho;<\/span><\/p>\n<p><span style=\"font-weight: 400;\">Frei Galv\u00e3o interceda para que vivam com frescor e alegria hoje a nossa voca\u00e7\u00e3o.<\/span><\/p>\n<p><span style=\"font-weight: 400;\">Com afeto, acompanho-os e lhes concedo minha b\u00ean\u00e7\u00e3o de cora\u00e7\u00e3o.<\/span><\/p>\n<p style=\"text-align: center;\"><b>Fr. Massimo Fusarelli, ofm<br \/>\n<\/b><em><b>Ministro Geral<\/b><\/em><\/p>\n<p>Dado em Huoi Tau (Laos), 8 de dezembro de 2025<br \/>\n<em>Solenidade da Imaculada Concei\u00e7\u00e3o da Sant\u00edssima Virgem Maria, Rainha da Ordem<\/em><\/p>\n","protected":false},"excerpt":{"rendered":"<p>Especial 350 anos<\/p>\n","protected":false},"author":15,"featured_media":262856,"comment_status":"open","ping_status":"open","sticky":false,"template":"","format":"standard","meta":[],"categories":[1],"tags":[],"acf":[],"yoast_head":"<!-- This site is optimized with the Yoast SEO plugin v19.2 - https:\/\/yoast.com\/wordpress\/plugins\/seo\/ -->\n<title>Mensagem do Ministro Geral pelo 350\u00ba anivers\u00e1rio da Prov\u00edncia Franciscana da Imaculada Concei\u00e7\u00e3o do Brasil - Not\u00edcias - Franciscanos<\/title>\n<meta name=\"robots\" content=\"index, follow, max-snippet:-1, max-image-preview:large, max-video-preview:-1\" \/>\n<link rel=\"canonical\" href=\"https:\/\/franciscanos.org.br\/noticias\/mensagem-do-ministro-geral-pelo-350o-aniversario-da-provincia-franciscana-da-imaculada-conceicao-do-brasil.html\" \/>\n<meta property=\"og:locale\" content=\"pt_BR\" \/>\n<meta property=\"og:type\" content=\"article\" \/>\n<meta property=\"og:title\" content=\"Mensagem do Ministro Geral pelo 350\u00ba anivers\u00e1rio da Prov\u00edncia Franciscana da Imaculada Concei\u00e7\u00e3o do Brasil - Not\u00edcias - Franciscanos\" \/>\n<meta property=\"og:description\" content=\"Especial 350 anos\" \/>\n<meta property=\"og:url\" content=\"https:\/\/franciscanos.org.br\/noticias\/mensagem-do-ministro-geral-pelo-350o-aniversario-da-provincia-franciscana-da-imaculada-conceicao-do-brasil.html\" \/>\n<meta property=\"og:site_name\" content=\"Not\u00edcias - Franciscanos\" \/>\n<meta property=\"article:published_time\" content=\"2025-12-09T12:22:37+00:00\" \/>\n<meta property=\"article:modified_time\" content=\"2025-12-09T14:44:53+00:00\" \/>\n<meta property=\"og:image\" content=\"https:\/\/franciscanos.org.br\/noticias\/wp-content\/uploads\/2025\/12\/massimo-980x1047-1.jpg\" \/>\n\t<meta property=\"og:image:width\" content=\"980\" \/>\n\t<meta property=\"og:image:height\" content=\"1047\" \/>\n\t<meta property=\"og:image:type\" content=\"image\/jpeg\" \/>\n<meta name=\"author\" content=\"Guilherme Rocha\" \/>\n<meta name=\"twitter:card\" content=\"summary_large_image\" \/>\n<meta name=\"twitter:label1\" content=\"Escrito por\" \/>\n\t<meta name=\"twitter:data1\" content=\"Guilherme Rocha\" \/>\n\t<meta name=\"twitter:label2\" content=\"Est. tempo de leitura\" \/>\n\t<meta name=\"twitter:data2\" content=\"6 minutos\" \/>\n<script type=\"application\/ld+json\" class=\"yoast-schema-graph\">{\"@context\":\"https:\/\/schema.org\",\"@graph\":[{\"@type\":\"WebSite\",\"@id\":\"https:\/\/franciscanos.org.br\/noticias\/#website\",\"url\":\"https:\/\/franciscanos.org.br\/noticias\/\",\"name\":\"Not\u00edcias - Franciscanos\",\"description\":\"Prov\u00edncia Franciscana da Imaculada Concei\u00e7\u00e3o do Brasil - Ordem dos Frades Menores - OFM\",\"potentialAction\":[{\"@type\":\"SearchAction\",\"target\":{\"@type\":\"EntryPoint\",\"urlTemplate\":\"https:\/\/franciscanos.org.br\/noticias\/?s={search_term_string}\"},\"query-input\":\"required name=search_term_string\"}],\"inLanguage\":\"pt-BR\"},{\"@type\":\"ImageObject\",\"inLanguage\":\"pt-BR\",\"@id\":\"https:\/\/franciscanos.org.br\/noticias\/mensagem-do-ministro-geral-pelo-350o-aniversario-da-provincia-franciscana-da-imaculada-conceicao-do-brasil.html#primaryimage\",\"url\":\"https:\/\/franciscanos.org.br\/noticias\/wp-content\/uploads\/2025\/12\/massimo-980x1047-1.jpg\",\"contentUrl\":\"https:\/\/franciscanos.org.br\/noticias\/wp-content\/uploads\/2025\/12\/massimo-980x1047-1.jpg\",\"width\":980,\"height\":1047},{\"@type\":\"WebPage\",\"@id\":\"https:\/\/franciscanos.org.br\/noticias\/mensagem-do-ministro-geral-pelo-350o-aniversario-da-provincia-franciscana-da-imaculada-conceicao-do-brasil.html#webpage\",\"url\":\"https:\/\/franciscanos.org.br\/noticias\/mensagem-do-ministro-geral-pelo-350o-aniversario-da-provincia-franciscana-da-imaculada-conceicao-do-brasil.html\",\"name\":\"Mensagem do Ministro Geral pelo 350\u00ba anivers\u00e1rio da Prov\u00edncia Franciscana da Imaculada Concei\u00e7\u00e3o do Brasil - Not\u00edcias - Franciscanos\",\"isPartOf\":{\"@id\":\"https:\/\/franciscanos.org.br\/noticias\/#website\"},\"primaryImageOfPage\":{\"@id\":\"https:\/\/franciscanos.org.br\/noticias\/mensagem-do-ministro-geral-pelo-350o-aniversario-da-provincia-franciscana-da-imaculada-conceicao-do-brasil.html#primaryimage\"},\"datePublished\":\"2025-12-09T12:22:37+00:00\",\"dateModified\":\"2025-12-09T14:44:53+00:00\",\"author\":{\"@id\":\"https:\/\/franciscanos.org.br\/noticias\/#\/schema\/person\/69bb4cd273a2528548b63cccab4980a0\"},\"breadcrumb\":{\"@id\":\"https:\/\/franciscanos.org.br\/noticias\/mensagem-do-ministro-geral-pelo-350o-aniversario-da-provincia-franciscana-da-imaculada-conceicao-do-brasil.html#breadcrumb\"},\"inLanguage\":\"pt-BR\",\"potentialAction\":[{\"@type\":\"ReadAction\",\"target\":[\"https:\/\/franciscanos.org.br\/noticias\/mensagem-do-ministro-geral-pelo-350o-aniversario-da-provincia-franciscana-da-imaculada-conceicao-do-brasil.html\"]}]},{\"@type\":\"BreadcrumbList\",\"@id\":\"https:\/\/franciscanos.org.br\/noticias\/mensagem-do-ministro-geral-pelo-350o-aniversario-da-provincia-franciscana-da-imaculada-conceicao-do-brasil.html#breadcrumb\",\"itemListElement\":[{\"@type\":\"ListItem\",\"position\":1,\"name\":\"Home\",\"item\":\"https:\/\/franciscanos.org.br\/noticias\"},{\"@type\":\"ListItem\",\"position\":2,\"name\":\"Mensagem do Ministro Geral pelo 350\u00ba anivers\u00e1rio da Prov\u00edncia Franciscana da Imaculada Concei\u00e7\u00e3o do Brasil\"}]},{\"@type\":\"Person\",\"@id\":\"https:\/\/franciscanos.org.br\/noticias\/#\/schema\/person\/69bb4cd273a2528548b63cccab4980a0\",\"name\":\"Guilherme Rocha\",\"image\":{\"@type\":\"ImageObject\",\"inLanguage\":\"pt-BR\",\"@id\":\"https:\/\/franciscanos.org.br\/noticias\/#\/schema\/person\/image\/\",\"url\":\"https:\/\/secure.gravatar.com\/avatar\/e480fee2377f81af36f6990ed742592a?s=96&d=mm&r=g\",\"contentUrl\":\"https:\/\/secure.gravatar.com\/avatar\/e480fee2377f81af36f6990ed742592a?s=96&d=mm&r=g\",\"caption\":\"Guilherme Rocha\"},\"url\":\"https:\/\/franciscanos.org.br\/noticias\/author\/guilhermerocha\"}]}<\/script>\n<!-- \/ Yoast SEO plugin. -->","yoast_head_json":{"title":"Mensagem do Ministro Geral pelo 350\u00ba anivers\u00e1rio da Prov\u00edncia Franciscana da Imaculada Concei\u00e7\u00e3o do Brasil - Not\u00edcias - Franciscanos","robots":{"index":"index","follow":"follow","max-snippet":"max-snippet:-1","max-image-preview":"max-image-preview:large","max-video-preview":"max-video-preview:-1"},"canonical":"https:\/\/franciscanos.org.br\/noticias\/mensagem-do-ministro-geral-pelo-350o-aniversario-da-provincia-franciscana-da-imaculada-conceicao-do-brasil.html","og_locale":"pt_BR","og_type":"article","og_title":"Mensagem do Ministro Geral pelo 350\u00ba anivers\u00e1rio da Prov\u00edncia Franciscana da Imaculada Concei\u00e7\u00e3o do Brasil - Not\u00edcias - Franciscanos","og_description":"Especial 350 anos","og_url":"https:\/\/franciscanos.org.br\/noticias\/mensagem-do-ministro-geral-pelo-350o-aniversario-da-provincia-franciscana-da-imaculada-conceicao-do-brasil.html","og_site_name":"Not\u00edcias - Franciscanos","article_published_time":"2025-12-09T12:22:37+00:00","article_modified_time":"2025-12-09T14:44:53+00:00","og_image":[{"width":980,"height":1047,"url":"https:\/\/franciscanos.org.br\/noticias\/wp-content\/uploads\/2025\/12\/massimo-980x1047-1.jpg","type":"image\/jpeg"}],"author":"Guilherme Rocha","twitter_card":"summary_large_image","twitter_misc":{"Escrito por":"Guilherme Rocha","Est. tempo de leitura":"6 minutos"},"schema":{"@context":"https:\/\/schema.org","@graph":[{"@type":"WebSite","@id":"https:\/\/franciscanos.org.br\/noticias\/#website","url":"https:\/\/franciscanos.org.br\/noticias\/","name":"Not\u00edcias - Franciscanos","description":"Prov\u00edncia Franciscana da Imaculada Concei\u00e7\u00e3o do Brasil - Ordem dos Frades Menores - OFM","potentialAction":[{"@type":"SearchAction","target":{"@type":"EntryPoint","urlTemplate":"https:\/\/franciscanos.org.br\/noticias\/?s={search_term_string}"},"query-input":"required name=search_term_string"}],"inLanguage":"pt-BR"},{"@type":"ImageObject","inLanguage":"pt-BR","@id":"https:\/\/franciscanos.org.br\/noticias\/mensagem-do-ministro-geral-pelo-350o-aniversario-da-provincia-franciscana-da-imaculada-conceicao-do-brasil.html#primaryimage","url":"https:\/\/franciscanos.org.br\/noticias\/wp-content\/uploads\/2025\/12\/massimo-980x1047-1.jpg","contentUrl":"https:\/\/franciscanos.org.br\/noticias\/wp-content\/uploads\/2025\/12\/massimo-980x1047-1.jpg","width":980,"height":1047},{"@type":"WebPage","@id":"https:\/\/franciscanos.org.br\/noticias\/mensagem-do-ministro-geral-pelo-350o-aniversario-da-provincia-franciscana-da-imaculada-conceicao-do-brasil.html#webpage","url":"https:\/\/franciscanos.org.br\/noticias\/mensagem-do-ministro-geral-pelo-350o-aniversario-da-provincia-franciscana-da-imaculada-conceicao-do-brasil.html","name":"Mensagem do Ministro Geral pelo 350\u00ba anivers\u00e1rio da Prov\u00edncia Franciscana da Imaculada Concei\u00e7\u00e3o do Brasil - Not\u00edcias - Franciscanos","isPartOf":{"@id":"https:\/\/franciscanos.org.br\/noticias\/#website"},"primaryImageOfPage":{"@id":"https:\/\/franciscanos.org.br\/noticias\/mensagem-do-ministro-geral-pelo-350o-aniversario-da-provincia-franciscana-da-imaculada-conceicao-do-brasil.html#primaryimage"},"datePublished":"2025-12-09T12:22:37+00:00","dateModified":"2025-12-09T14:44:53+00:00","author":{"@id":"https:\/\/franciscanos.org.br\/noticias\/#\/schema\/person\/69bb4cd273a2528548b63cccab4980a0"},"breadcrumb":{"@id":"https:\/\/franciscanos.org.br\/noticias\/mensagem-do-ministro-geral-pelo-350o-aniversario-da-provincia-franciscana-da-imaculada-conceicao-do-brasil.html#breadcrumb"},"inLanguage":"pt-BR","potentialAction":[{"@type":"ReadAction","target":["https:\/\/franciscanos.org.br\/noticias\/mensagem-do-ministro-geral-pelo-350o-aniversario-da-provincia-franciscana-da-imaculada-conceicao-do-brasil.html"]}]},{"@type":"BreadcrumbList","@id":"https:\/\/franciscanos.org.br\/noticias\/mensagem-do-ministro-geral-pelo-350o-aniversario-da-provincia-franciscana-da-imaculada-conceicao-do-brasil.html#breadcrumb","itemListElement":[{"@type":"ListItem","position":1,"name":"Home","item":"https:\/\/franciscanos.org.br\/noticias"},{"@type":"ListItem","position":2,"name":"Mensagem do Ministro Geral pelo 350\u00ba anivers\u00e1rio da Prov\u00edncia Franciscana da Imaculada Concei\u00e7\u00e3o do Brasil"}]},{"@type":"Person","@id":"https:\/\/franciscanos.org.br\/noticias\/#\/schema\/person\/69bb4cd273a2528548b63cccab4980a0","name":"Guilherme Rocha","image":{"@type":"ImageObject","inLanguage":"pt-BR","@id":"https:\/\/franciscanos.org.br\/noticias\/#\/schema\/person\/image\/","url":"https:\/\/secure.gravatar.com\/avatar\/e480fee2377f81af36f6990ed742592a?s=96&d=mm&r=g","contentUrl":"https:\/\/secure.gravatar.com\/avatar\/e480fee2377f81af36f6990ed742592a?s=96&d=mm&r=g","caption":"Guilherme Rocha"},"url":"https:\/\/franciscanos.org.br\/noticias\/author\/guilhermerocha"}]}},"_links":{"self":[{"href":"https:\/\/franciscanos.org.br\/noticias\/wp-json\/wp\/v2\/posts\/262855"}],"collection":[{"href":"https:\/\/franciscanos.org.br\/noticias\/wp-json\/wp\/v2\/posts"}],"about":[{"href":"https:\/\/franciscanos.org.br\/noticias\/wp-json\/wp\/v2\/types\/post"}],"author":[{"embeddable":true,"href":"https:\/\/franciscanos.org.br\/noticias\/wp-json\/wp\/v2\/users\/15"}],"replies":[{"embeddable":true,"href":"https:\/\/franciscanos.org.br\/noticias\/wp-json\/wp\/v2\/comments?post=262855"}],"version-history":[{"count":5,"href":"https:\/\/franciscanos.org.br\/noticias\/wp-json\/wp\/v2\/posts\/262855\/revisions"}],"predecessor-version":[{"id":262884,"href":"https:\/\/franciscanos.org.br\/noticias\/wp-json\/wp\/v2\/posts\/262855\/revisions\/262884"}],"wp:featuredmedia":[{"embeddable":true,"href":"https:\/\/franciscanos.org.br\/noticias\/wp-json\/wp\/v2\/media\/262856"}],"wp:attachment":[{"href":"https:\/\/franciscanos.org.br\/noticias\/wp-json\/wp\/v2\/media?parent=262855"}],"wp:term":[{"taxonomy":"category","embeddable":true,"href":"https:\/\/franciscanos.org.br\/noticias\/wp-json\/wp\/v2\/categories?post=262855"},{"taxonomy":"post_tag","embeddable":true,"href":"https:\/\/franciscanos.org.br\/noticias\/wp-json\/wp\/v2\/tags?post=262855"}],"curies":[{"name":"wp","href":"https:\/\/api.w.org\/{rel}","templated":true}]}}