{"id":262825,"date":"2025-12-08T15:42:14","date_gmt":"2025-12-08T18:42:14","guid":{"rendered":"https:\/\/franciscanos.org.br\/noticias\/?p=262825"},"modified":"2025-12-09T07:33:49","modified_gmt":"2025-12-09T10:33:49","slug":"350-anos-da-provincia-da-imaculada-marca-celebracao-historica-em-curitibanos","status":"publish","type":"post","link":"https:\/\/franciscanos.org.br\/noticias\/350-anos-da-provincia-da-imaculada-marca-celebracao-historica-em-curitibanos.html","title":{"rendered":"350 anos da Prov\u00edncia da Imaculada marca celebra\u00e7\u00e3o hist\u00f3rica em Curitibanos"},"content":{"rendered":"<p><img loading=\"lazy\" class=\"aligncenter wp-image-262826 size-large\" src=\"https:\/\/franciscanos.org.br\/noticias\/wp-content\/uploads\/2025\/12\/1280-x-720-px-1920-x-1080-px-3-1-1024x576.png\" alt=\"\" width=\"1024\" height=\"576\" srcset=\"https:\/\/franciscanos.org.br\/noticias\/wp-content\/uploads\/2025\/12\/1280-x-720-px-1920-x-1080-px-3-1-1024x576.png 1024w, https:\/\/franciscanos.org.br\/noticias\/wp-content\/uploads\/2025\/12\/1280-x-720-px-1920-x-1080-px-3-1-450x253.png 450w, https:\/\/franciscanos.org.br\/noticias\/wp-content\/uploads\/2025\/12\/1280-x-720-px-1920-x-1080-px-3-1-768x432.png 768w, https:\/\/franciscanos.org.br\/noticias\/wp-content\/uploads\/2025\/12\/1280-x-720-px-1920-x-1080-px-3-1-1536x864.png 1536w, https:\/\/franciscanos.org.br\/noticias\/wp-content\/uploads\/2025\/12\/1280-x-720-px-1920-x-1080-px-3-1-150x84.png 150w, https:\/\/franciscanos.org.br\/noticias\/wp-content\/uploads\/2025\/12\/1280-x-720-px-1920-x-1080-px-3-1.png 1920w\" sizes=\"(max-width: 1024px) 100vw, 1024px\" \/><\/p>\n<p><span style=\"font-weight: 400;\">A Prov\u00edncia Franciscana da Imaculada Concei\u00e7\u00e3o do Brasil comemora seu jubileu dos 350 anos em 2025. Os frades do Regional Frei Bruno do oeste de Santa Catarina e sudoeste do Paran\u00e1 estiveram reunidos na \u00faltima quinta-feira (04), \u00e0s 19h, na Matriz em Curitibanos (SC), na Celebra\u00e7\u00e3o Eucar\u00edstica para render gra\u00e7as a Deus bem celebrando este jubileu.<\/span><\/p>\n<p><span style=\"font-weight: 400;\">Frei Paulo Roberto Pereira, Ministro Provincial, presidiu a Santa Missa, que foi concelebrada por outros frades da Prov\u00edncia da Imaculada das oito fraternidades pertencentes ao regional. Neste momento comemorativo, em a\u00e7\u00e3o de gra\u00e7as, Gilberto Silveira da Costa J\u00fanior renovou seus votos. Estiveram presentes na celebra\u00e7\u00e3o os membros da Ordem Franciscana Secular.<\/span><\/p>\n<p><span style=\"font-weight: 400;\">As comemora\u00e7\u00f5es em Curitibanos marcam datas importantes: os 125 anos da presen\u00e7a da Fraternidade Franciscana na cidade, os 150 anos da cria\u00e7\u00e3o da Par\u00f3quia Nossa Senhora da Imaculada Concei\u00e7\u00e3o e os 350 anos da Prov\u00edncia da Imaculada Concei\u00e7\u00e3o do Brasil.<\/span><\/p>\n<p><span style=\"font-weight: 400;\">Frei Paulo acolheu a todos os fi\u00e9is presentes e aos que o acompanhavam pelas redes sociais, e ressaltou a alegria de estarem reunidos na igreja matriz de Curitibanos para celebrar as tr\u00eas datas importantes para a Prov\u00edncia e para a Par\u00f3quia, que est\u00e1 em festa pela Imaculada Concei\u00e7\u00e3o.<\/span><\/p>\n<p><img loading=\"lazy\" class=\"size-medium wp-image-262828 aligncenter\" src=\"https:\/\/franciscanos.org.br\/noticias\/wp-content\/uploads\/2025\/12\/IMG_3124-450x338.jpg\" alt=\"\" width=\"450\" height=\"338\" srcset=\"https:\/\/franciscanos.org.br\/noticias\/wp-content\/uploads\/2025\/12\/IMG_3124-450x338.jpg 450w, https:\/\/franciscanos.org.br\/noticias\/wp-content\/uploads\/2025\/12\/IMG_3124-1024x768.jpg 1024w, https:\/\/franciscanos.org.br\/noticias\/wp-content\/uploads\/2025\/12\/IMG_3124-768x576.jpg 768w, https:\/\/franciscanos.org.br\/noticias\/wp-content\/uploads\/2025\/12\/IMG_3124-1536x1152.jpg 1536w, https:\/\/franciscanos.org.br\/noticias\/wp-content\/uploads\/2025\/12\/IMG_3124-2048x1536.jpg 2048w, https:\/\/franciscanos.org.br\/noticias\/wp-content\/uploads\/2025\/12\/IMG_3124-150x113.jpg 150w, https:\/\/franciscanos.org.br\/noticias\/wp-content\/uploads\/2025\/12\/IMG_3124-600x450.jpg 600w, https:\/\/franciscanos.org.br\/noticias\/wp-content\/uploads\/2025\/12\/IMG_3124-scaled.jpg 1440w\" sizes=\"(max-width: 450px) 100vw, 450px\" \/><\/p>\n<p><span style=\"font-weight: 400;\">Em frente ao altar, o Ministro Provincial pediu para que a fraternidade de Curitibanos estivesse presente juntamente com Frei Gilson Kammer, definidor Provincial e do Regional, para a renova\u00e7\u00e3o dos votos de profiss\u00e3o tempor\u00e1ria de Gilberto Silveira da Costa J\u00fanior, que esteve em ano mission\u00e1rio. \u00a0<\/span><\/p>\n<p><span style=\"font-weight: 400;\">A\u00a0renova\u00e7\u00e3o dos votos de um frade \u00e9 a profiss\u00e3o de f\u00e9 daquilo que acredita ser enquanto religioso franciscano. Enquanto assinava a confirma\u00e7\u00e3o de seus votos, Frei Paulo convidou a todos para aplaudir esse momento importante na vida de Frei Gilberto, que no pr\u00f3ximo ano estar\u00e1 em Petr\u00f3polis na fraternidade do Sagrado Cora\u00e7\u00e3o de Jesus, iniciando os estudos de teologia.<\/span><\/p>\n<p><span style=\"font-weight: 400;\">Na sua reflex\u00e3o, Frei Paulo destacou que a Celebra\u00e7\u00e3o Eucar\u00edstica re\u00fane muitos motivos para bem celebrar. \u201cEstamos aqui a celebrar 350 anos da Prov\u00edncia, 150 anos de cria\u00e7\u00e3o da Par\u00f3quia, 125 anos que n\u00f3s, frades, temos o privil\u00e9gio de morar nesta par\u00f3quia com a presen\u00e7a franciscana. Temos a renova\u00e7\u00e3o dos votos do Gilberto e ainda o anivers\u00e1rio do Frei Pedro, que \u00e9 hoje e merece uma salva de palmas bem bonita. \u00c9 muito motivo que nos re\u00fane aqui e, claro, celebrando a prepara\u00e7\u00e3o da Festa da Imaculada Concei\u00e7\u00e3o\u201d, afirmou o frade.<\/span><\/p>\n<p><span style=\"font-weight: 400;\">Conforme o frade, \u00e9 importante salientar alguns momentos da hist\u00f3ria destes 350 anos. \u201cA hist\u00f3ria dos Franciscanos aqui no Brasil, com a presen\u00e7a de Frades aqui, tem 350 anos como institui\u00e7\u00e3o. Mas todo mundo lembra nos livros de hist\u00f3ria que aparece a primeira missa no Brasil e, se voc\u00ea reparar direitinho, voc\u00ea vai ver naquela representa\u00e7\u00e3o o h\u00e1bito franciscano. Ent\u00e3o, o Brasil nasceu franciscano. N\u00f3s hoje celebramos a chegada nesta Prov\u00edncia. Antes, com a primeira prov\u00edncia franciscana criada no Brasil, que \u00e9 a Prov\u00edncia de Santo Ant\u00f4nio, no Nordeste, e logo em seguida n\u00f3s, ent\u00e3o, fomos criados\u201d.<\/span><\/p>\n\n\t\t<style type=\"text\/css\">\n\t\t\t#gallery-1 {\n\t\t\t\tmargin: auto;\n\t\t\t}\n\t\t\t#gallery-1 .gallery-item {\n\t\t\t\tfloat: left;\n\t\t\t\tmargin-top: 10px;\n\t\t\t\ttext-align: center;\n\t\t\t\twidth: 50%;\n\t\t\t}\n\t\t\t#gallery-1 img {\n\t\t\t\tborder: 2px solid #cfcfcf;\n\t\t\t}\n\t\t\t#gallery-1 .gallery-caption {\n\t\t\t\tmargin-left: 0;\n\t\t\t}\n\t\t\t\/* see gallery_shortcode() in wp-includes\/media.php *\/\n\t\t<\/style>\n\t\t<div id='gallery-1' class='gallery galleryid-262825 gallery-columns-2 gallery-size-medium'><dl class='gallery-item'>\n\t\t\t<dt class='gallery-icon landscape'>\n\t\t\t\t<a href='https:\/\/franciscanos.org.br\/noticias\/wp-content\/uploads\/2025\/12\/IMG_3131-scaled.jpg'><img width=\"450\" height=\"338\" src=\"https:\/\/franciscanos.org.br\/noticias\/wp-content\/uploads\/2025\/12\/IMG_3131-450x338.jpg\" class=\"attachment-medium size-medium\" alt=\"\" loading=\"lazy\" srcset=\"https:\/\/franciscanos.org.br\/noticias\/wp-content\/uploads\/2025\/12\/IMG_3131-450x338.jpg 450w, https:\/\/franciscanos.org.br\/noticias\/wp-content\/uploads\/2025\/12\/IMG_3131-1024x768.jpg 1024w, https:\/\/franciscanos.org.br\/noticias\/wp-content\/uploads\/2025\/12\/IMG_3131-768x576.jpg 768w, https:\/\/franciscanos.org.br\/noticias\/wp-content\/uploads\/2025\/12\/IMG_3131-1536x1152.jpg 1536w, https:\/\/franciscanos.org.br\/noticias\/wp-content\/uploads\/2025\/12\/IMG_3131-2048x1536.jpg 2048w, https:\/\/franciscanos.org.br\/noticias\/wp-content\/uploads\/2025\/12\/IMG_3131-150x113.jpg 150w, https:\/\/franciscanos.org.br\/noticias\/wp-content\/uploads\/2025\/12\/IMG_3131-600x450.jpg 600w, https:\/\/franciscanos.org.br\/noticias\/wp-content\/uploads\/2025\/12\/IMG_3131-scaled.jpg 1440w\" sizes=\"(max-width: 450px) 100vw, 450px\" \/><\/a>\n\t\t\t<\/dt><\/dl><dl class='gallery-item'>\n\t\t\t<dt class='gallery-icon landscape'>\n\t\t\t\t<a href='https:\/\/franciscanos.org.br\/noticias\/wp-content\/uploads\/2025\/12\/IMG_3209-scaled.jpg'><img width=\"450\" height=\"338\" src=\"https:\/\/franciscanos.org.br\/noticias\/wp-content\/uploads\/2025\/12\/IMG_3209-450x338.jpg\" class=\"attachment-medium size-medium\" alt=\"\" loading=\"lazy\" srcset=\"https:\/\/franciscanos.org.br\/noticias\/wp-content\/uploads\/2025\/12\/IMG_3209-450x338.jpg 450w, https:\/\/franciscanos.org.br\/noticias\/wp-content\/uploads\/2025\/12\/IMG_3209-1024x768.jpg 1024w, https:\/\/franciscanos.org.br\/noticias\/wp-content\/uploads\/2025\/12\/IMG_3209-768x576.jpg 768w, https:\/\/franciscanos.org.br\/noticias\/wp-content\/uploads\/2025\/12\/IMG_3209-1536x1152.jpg 1536w, https:\/\/franciscanos.org.br\/noticias\/wp-content\/uploads\/2025\/12\/IMG_3209-2048x1536.jpg 2048w, https:\/\/franciscanos.org.br\/noticias\/wp-content\/uploads\/2025\/12\/IMG_3209-150x113.jpg 150w, https:\/\/franciscanos.org.br\/noticias\/wp-content\/uploads\/2025\/12\/IMG_3209-600x450.jpg 600w, https:\/\/franciscanos.org.br\/noticias\/wp-content\/uploads\/2025\/12\/IMG_3209-scaled.jpg 1440w\" sizes=\"(max-width: 450px) 100vw, 450px\" \/><\/a>\n\t\t\t<\/dt><\/dl><br style=\"clear: both\" \/>\n\t\t<\/div>\n\n<p><span style=\"font-weight: 400;\">Frei Paulo ressaltou que todos fazemos parte da bel\u00edssima hist\u00f3ria franciscana e da Prov\u00edncia: \u201cN\u00f3s fazemos parte de uma hist\u00f3ria bel\u00edssima, e n\u00e3o s\u00f3 n\u00f3s, frades, todo o povo de Deus que cr\u00ea. N\u00f3s todos fazemos parte de uma hist\u00f3ria dadivosa, de uma hist\u00f3ria fecunda, de uma hist\u00f3ria cheia da gra\u00e7a do Senhor. \u00c9 a nossa hist\u00f3ria de filhos e filhas de Deus. Redimidos pela cruz de nosso Senhor Jesus Cristo, que ressuscitado atrai todos ao c\u00e9u. \u00c9 nossa hist\u00f3ria, minha hist\u00f3ria, sua hist\u00f3ria, \u00e9 a hist\u00f3ria de cada um de n\u00f3s que hoje n\u00f3s trazemos para o altar dizendo muito obrigado, Senhor! Muito obrigado! Falando especificamente da hist\u00f3ria da Prov\u00edncia, aqui nestas terras, n\u00f3s devemos recordar o vigor mission\u00e1rio que anima a igreja desde que foi criada\u201d, disse o frade.<\/span><\/p>\n<p><span style=\"font-weight: 400;\">Nesse esp\u00edrito mission\u00e1rio, o Ministro Provincial enfatizou que todos s\u00e3o mission\u00e1rios, recordando o Evangelho: \u201cReceba o Esp\u00edrito Santo para sair anunciando. Ide pelo mundo inteiro e anunciai o evangelho. Ide pelo mundo inteiro e dizei aos homens e \u00e0s mulheres que est\u00e3o ca\u00eddos: eu quero ergu\u00ea-los. E a igreja nasceu assim, com esp\u00edrito mission\u00e1rio. E esse esp\u00edrito mission\u00e1rio fez com que estiv\u00e9ssemos aqui nestas terras. Uma vez que n\u00f3s celebramos os 150 anos de cria\u00e7\u00e3o desta par\u00f3quia, os 125 anos de presen\u00e7a dos frades aqui junto deste povo, n\u00f3s renovamos a nossa disposi\u00e7\u00e3o de tamb\u00e9m n\u00f3s sermos mission\u00e1rios\u201d.<\/span><\/p>\n<p><span style=\"font-weight: 400;\">Os paroquianos presentearam os frades com uma lembran\u00e7a da comunidade, entregando o quadro comemorativo dos 350 anos da Prov\u00edncia Franciscana da Imaculada Concei\u00e7\u00e3o do Brasil para cada par\u00f3quia do regional. O presidente da celebra\u00e7\u00e3o eucar\u00edstica encerrou o momento, convidando a todos para a b\u00ean\u00e7\u00e3o final.<\/span><\/p>\n<hr \/>\n<p><i><span style=\"font-weight: 400;\">Por Camila Mendo<\/span><\/i><\/p>\n\n\t\t<style type=\"text\/css\">\n\t\t\t#gallery-2 {\n\t\t\t\tmargin: auto;\n\t\t\t}\n\t\t\t#gallery-2 .gallery-item {\n\t\t\t\tfloat: left;\n\t\t\t\tmargin-top: 10px;\n\t\t\t\ttext-align: center;\n\t\t\t\twidth: 25%;\n\t\t\t}\n\t\t\t#gallery-2 img {\n\t\t\t\tborder: 2px solid #cfcfcf;\n\t\t\t}\n\t\t\t#gallery-2 .gallery-caption {\n\t\t\t\tmargin-left: 0;\n\t\t\t}\n\t\t\t\/* see gallery_shortcode() in wp-includes\/media.php *\/\n\t\t<\/style>\n\t\t<div id='gallery-2' class='gallery galleryid-262825 gallery-columns-4 gallery-size-medium'><dl class='gallery-item'>\n\t\t\t<dt class='gallery-icon landscape'>\n\t\t\t\t<a href='https:\/\/franciscanos.org.br\/noticias\/wp-content\/uploads\/2025\/12\/IMG_3144-scaled.jpg'><img width=\"450\" height=\"338\" src=\"https:\/\/franciscanos.org.br\/noticias\/wp-content\/uploads\/2025\/12\/IMG_3144-450x338.jpg\" class=\"attachment-medium size-medium\" alt=\"\" loading=\"lazy\" srcset=\"https:\/\/franciscanos.org.br\/noticias\/wp-content\/uploads\/2025\/12\/IMG_3144-450x338.jpg 450w, https:\/\/franciscanos.org.br\/noticias\/wp-content\/uploads\/2025\/12\/IMG_3144-1024x768.jpg 1024w, https:\/\/franciscanos.org.br\/noticias\/wp-content\/uploads\/2025\/12\/IMG_3144-768x576.jpg 768w, https:\/\/franciscanos.org.br\/noticias\/wp-content\/uploads\/2025\/12\/IMG_3144-1536x1152.jpg 1536w, https:\/\/franciscanos.org.br\/noticias\/wp-content\/uploads\/2025\/12\/IMG_3144-2048x1536.jpg 2048w, https:\/\/franciscanos.org.br\/noticias\/wp-content\/uploads\/2025\/12\/IMG_3144-150x113.jpg 150w, https:\/\/franciscanos.org.br\/noticias\/wp-content\/uploads\/2025\/12\/IMG_3144-600x450.jpg 600w, https:\/\/franciscanos.org.br\/noticias\/wp-content\/uploads\/2025\/12\/IMG_3144-scaled.jpg 1440w\" sizes=\"(max-width: 450px) 100vw, 450px\" \/><\/a>\n\t\t\t<\/dt><\/dl><dl class='gallery-item'>\n\t\t\t<dt class='gallery-icon landscape'>\n\t\t\t\t<a href='https:\/\/franciscanos.org.br\/noticias\/wp-content\/uploads\/2025\/12\/IMG_0041-scaled.jpg'><img width=\"450\" height=\"338\" src=\"https:\/\/franciscanos.org.br\/noticias\/wp-content\/uploads\/2025\/12\/IMG_0041-450x338.jpg\" class=\"attachment-medium size-medium\" alt=\"\" loading=\"lazy\" srcset=\"https:\/\/franciscanos.org.br\/noticias\/wp-content\/uploads\/2025\/12\/IMG_0041-450x338.jpg 450w, https:\/\/franciscanos.org.br\/noticias\/wp-content\/uploads\/2025\/12\/IMG_0041-1024x768.jpg 1024w, https:\/\/franciscanos.org.br\/noticias\/wp-content\/uploads\/2025\/12\/IMG_0041-768x576.jpg 768w, https:\/\/franciscanos.org.br\/noticias\/wp-content\/uploads\/2025\/12\/IMG_0041-1536x1152.jpg 1536w, https:\/\/franciscanos.org.br\/noticias\/wp-content\/uploads\/2025\/12\/IMG_0041-2048x1536.jpg 2048w, https:\/\/franciscanos.org.br\/noticias\/wp-content\/uploads\/2025\/12\/IMG_0041-150x113.jpg 150w, https:\/\/franciscanos.org.br\/noticias\/wp-content\/uploads\/2025\/12\/IMG_0041-600x450.jpg 600w, https:\/\/franciscanos.org.br\/noticias\/wp-content\/uploads\/2025\/12\/IMG_0041-scaled.jpg 1440w\" sizes=\"(max-width: 450px) 100vw, 450px\" \/><\/a>\n\t\t\t<\/dt><\/dl><dl class='gallery-item'>\n\t\t\t<dt class='gallery-icon landscape'>\n\t\t\t\t<a href='https:\/\/franciscanos.org.br\/noticias\/wp-content\/uploads\/2025\/12\/IMG_3263-scaled.jpg'><img width=\"450\" height=\"338\" src=\"https:\/\/franciscanos.org.br\/noticias\/wp-content\/uploads\/2025\/12\/IMG_3263-450x338.jpg\" class=\"attachment-medium size-medium\" alt=\"\" loading=\"lazy\" srcset=\"https:\/\/franciscanos.org.br\/noticias\/wp-content\/uploads\/2025\/12\/IMG_3263-450x338.jpg 450w, https:\/\/franciscanos.org.br\/noticias\/wp-content\/uploads\/2025\/12\/IMG_3263-1024x768.jpg 1024w, https:\/\/franciscanos.org.br\/noticias\/wp-content\/uploads\/2025\/12\/IMG_3263-768x576.jpg 768w, https:\/\/franciscanos.org.br\/noticias\/wp-content\/uploads\/2025\/12\/IMG_3263-1536x1152.jpg 1536w, https:\/\/franciscanos.org.br\/noticias\/wp-content\/uploads\/2025\/12\/IMG_3263-2048x1536.jpg 2048w, https:\/\/franciscanos.org.br\/noticias\/wp-content\/uploads\/2025\/12\/IMG_3263-150x113.jpg 150w, https:\/\/franciscanos.org.br\/noticias\/wp-content\/uploads\/2025\/12\/IMG_3263-600x450.jpg 600w, https:\/\/franciscanos.org.br\/noticias\/wp-content\/uploads\/2025\/12\/IMG_3263-scaled.jpg 1440w\" sizes=\"(max-width: 450px) 100vw, 450px\" \/><\/a>\n\t\t\t<\/dt><\/dl><dl class='gallery-item'>\n\t\t\t<dt class='gallery-icon landscape'>\n\t\t\t\t<a href='https:\/\/franciscanos.org.br\/noticias\/wp-content\/uploads\/2025\/12\/IMG_3209-scaled.jpg'><img width=\"450\" height=\"338\" src=\"https:\/\/franciscanos.org.br\/noticias\/wp-content\/uploads\/2025\/12\/IMG_3209-450x338.jpg\" class=\"attachment-medium size-medium\" alt=\"\" loading=\"lazy\" srcset=\"https:\/\/franciscanos.org.br\/noticias\/wp-content\/uploads\/2025\/12\/IMG_3209-450x338.jpg 450w, https:\/\/franciscanos.org.br\/noticias\/wp-content\/uploads\/2025\/12\/IMG_3209-1024x768.jpg 1024w, https:\/\/franciscanos.org.br\/noticias\/wp-content\/uploads\/2025\/12\/IMG_3209-768x576.jpg 768w, https:\/\/franciscanos.org.br\/noticias\/wp-content\/uploads\/2025\/12\/IMG_3209-1536x1152.jpg 1536w, https:\/\/franciscanos.org.br\/noticias\/wp-content\/uploads\/2025\/12\/IMG_3209-2048x1536.jpg 2048w, https:\/\/franciscanos.org.br\/noticias\/wp-content\/uploads\/2025\/12\/IMG_3209-150x113.jpg 150w, https:\/\/franciscanos.org.br\/noticias\/wp-content\/uploads\/2025\/12\/IMG_3209-600x450.jpg 600w, https:\/\/franciscanos.org.br\/noticias\/wp-content\/uploads\/2025\/12\/IMG_3209-scaled.jpg 1440w\" sizes=\"(max-width: 450px) 100vw, 450px\" \/><\/a>\n\t\t\t<\/dt><\/dl><br style=\"clear: both\" \/><dl class='gallery-item'>\n\t\t\t<dt class='gallery-icon landscape'>\n\t\t\t\t<a href='https:\/\/franciscanos.org.br\/noticias\/wp-content\/uploads\/2025\/12\/IMG_3262-scaled.jpg'><img width=\"450\" height=\"338\" src=\"https:\/\/franciscanos.org.br\/noticias\/wp-content\/uploads\/2025\/12\/IMG_3262-450x338.jpg\" class=\"attachment-medium size-medium\" alt=\"\" loading=\"lazy\" srcset=\"https:\/\/franciscanos.org.br\/noticias\/wp-content\/uploads\/2025\/12\/IMG_3262-450x338.jpg 450w, https:\/\/franciscanos.org.br\/noticias\/wp-content\/uploads\/2025\/12\/IMG_3262-1024x768.jpg 1024w, https:\/\/franciscanos.org.br\/noticias\/wp-content\/uploads\/2025\/12\/IMG_3262-768x576.jpg 768w, https:\/\/franciscanos.org.br\/noticias\/wp-content\/uploads\/2025\/12\/IMG_3262-1536x1152.jpg 1536w, https:\/\/franciscanos.org.br\/noticias\/wp-content\/uploads\/2025\/12\/IMG_3262-2048x1536.jpg 2048w, https:\/\/franciscanos.org.br\/noticias\/wp-content\/uploads\/2025\/12\/IMG_3262-150x113.jpg 150w, https:\/\/franciscanos.org.br\/noticias\/wp-content\/uploads\/2025\/12\/IMG_3262-600x450.jpg 600w, https:\/\/franciscanos.org.br\/noticias\/wp-content\/uploads\/2025\/12\/IMG_3262-scaled.jpg 1440w\" sizes=\"(max-width: 450px) 100vw, 450px\" \/><\/a>\n\t\t\t<\/dt><\/dl><dl class='gallery-item'>\n\t\t\t<dt class='gallery-icon landscape'>\n\t\t\t\t<a href='https:\/\/franciscanos.org.br\/noticias\/wp-content\/uploads\/2025\/12\/IMG_3374-scaled.jpg'><img width=\"450\" height=\"338\" src=\"https:\/\/franciscanos.org.br\/noticias\/wp-content\/uploads\/2025\/12\/IMG_3374-450x338.jpg\" class=\"attachment-medium size-medium\" alt=\"\" loading=\"lazy\" srcset=\"https:\/\/franciscanos.org.br\/noticias\/wp-content\/uploads\/2025\/12\/IMG_3374-450x338.jpg 450w, https:\/\/franciscanos.org.br\/noticias\/wp-content\/uploads\/2025\/12\/IMG_3374-1024x768.jpg 1024w, https:\/\/franciscanos.org.br\/noticias\/wp-content\/uploads\/2025\/12\/IMG_3374-768x576.jpg 768w, https:\/\/franciscanos.org.br\/noticias\/wp-content\/uploads\/2025\/12\/IMG_3374-1536x1152.jpg 1536w, https:\/\/franciscanos.org.br\/noticias\/wp-content\/uploads\/2025\/12\/IMG_3374-2048x1536.jpg 2048w, https:\/\/franciscanos.org.br\/noticias\/wp-content\/uploads\/2025\/12\/IMG_3374-150x113.jpg 150w, https:\/\/franciscanos.org.br\/noticias\/wp-content\/uploads\/2025\/12\/IMG_3374-600x450.jpg 600w, https:\/\/franciscanos.org.br\/noticias\/wp-content\/uploads\/2025\/12\/IMG_3374-scaled.jpg 1440w\" sizes=\"(max-width: 450px) 100vw, 450px\" \/><\/a>\n\t\t\t<\/dt><\/dl><dl class='gallery-item'>\n\t\t\t<dt class='gallery-icon landscape'>\n\t\t\t\t<a href='https:\/\/franciscanos.org.br\/noticias\/wp-content\/uploads\/2025\/12\/IMG_0029-scaled.jpg'><img width=\"450\" height=\"338\" src=\"https:\/\/franciscanos.org.br\/noticias\/wp-content\/uploads\/2025\/12\/IMG_0029-450x338.jpg\" class=\"attachment-medium size-medium\" alt=\"\" loading=\"lazy\" srcset=\"https:\/\/franciscanos.org.br\/noticias\/wp-content\/uploads\/2025\/12\/IMG_0029-450x338.jpg 450w, https:\/\/franciscanos.org.br\/noticias\/wp-content\/uploads\/2025\/12\/IMG_0029-1024x768.jpg 1024w, https:\/\/franciscanos.org.br\/noticias\/wp-content\/uploads\/2025\/12\/IMG_0029-768x576.jpg 768w, https:\/\/franciscanos.org.br\/noticias\/wp-content\/uploads\/2025\/12\/IMG_0029-1536x1152.jpg 1536w, https:\/\/franciscanos.org.br\/noticias\/wp-content\/uploads\/2025\/12\/IMG_0029-2048x1536.jpg 2048w, https:\/\/franciscanos.org.br\/noticias\/wp-content\/uploads\/2025\/12\/IMG_0029-150x113.jpg 150w, https:\/\/franciscanos.org.br\/noticias\/wp-content\/uploads\/2025\/12\/IMG_0029-600x450.jpg 600w, https:\/\/franciscanos.org.br\/noticias\/wp-content\/uploads\/2025\/12\/IMG_0029-scaled.jpg 1440w\" sizes=\"(max-width: 450px) 100vw, 450px\" \/><\/a>\n\t\t\t<\/dt><\/dl><dl class='gallery-item'>\n\t\t\t<dt class='gallery-icon landscape'>\n\t\t\t\t<a href='https:\/\/franciscanos.org.br\/noticias\/wp-content\/uploads\/2025\/12\/IMG_3198-scaled.jpg'><img width=\"450\" height=\"338\" src=\"https:\/\/franciscanos.org.br\/noticias\/wp-content\/uploads\/2025\/12\/IMG_3198-450x338.jpg\" class=\"attachment-medium size-medium\" alt=\"\" loading=\"lazy\" srcset=\"https:\/\/franciscanos.org.br\/noticias\/wp-content\/uploads\/2025\/12\/IMG_3198-450x338.jpg 450w, https:\/\/franciscanos.org.br\/noticias\/wp-content\/uploads\/2025\/12\/IMG_3198-1024x768.jpg 1024w, https:\/\/franciscanos.org.br\/noticias\/wp-content\/uploads\/2025\/12\/IMG_3198-768x576.jpg 768w, https:\/\/franciscanos.org.br\/noticias\/wp-content\/uploads\/2025\/12\/IMG_3198-1536x1152.jpg 1536w, https:\/\/franciscanos.org.br\/noticias\/wp-content\/uploads\/2025\/12\/IMG_3198-2048x1536.jpg 2048w, https:\/\/franciscanos.org.br\/noticias\/wp-content\/uploads\/2025\/12\/IMG_3198-150x113.jpg 150w, https:\/\/franciscanos.org.br\/noticias\/wp-content\/uploads\/2025\/12\/IMG_3198-600x450.jpg 600w, https:\/\/franciscanos.org.br\/noticias\/wp-content\/uploads\/2025\/12\/IMG_3198-scaled.jpg 1440w\" sizes=\"(max-width: 450px) 100vw, 450px\" \/><\/a>\n\t\t\t<\/dt><\/dl><br style=\"clear: both\" \/><dl class='gallery-item'>\n\t\t\t<dt class='gallery-icon landscape'>\n\t\t\t\t<a href='https:\/\/franciscanos.org.br\/noticias\/wp-content\/uploads\/2025\/12\/IMG_3334-scaled.jpg'><img width=\"450\" height=\"338\" src=\"https:\/\/franciscanos.org.br\/noticias\/wp-content\/uploads\/2025\/12\/IMG_3334-450x338.jpg\" class=\"attachment-medium size-medium\" alt=\"\" loading=\"lazy\" srcset=\"https:\/\/franciscanos.org.br\/noticias\/wp-content\/uploads\/2025\/12\/IMG_3334-450x338.jpg 450w, https:\/\/franciscanos.org.br\/noticias\/wp-content\/uploads\/2025\/12\/IMG_3334-1024x768.jpg 1024w, https:\/\/franciscanos.org.br\/noticias\/wp-content\/uploads\/2025\/12\/IMG_3334-768x576.jpg 768w, https:\/\/franciscanos.org.br\/noticias\/wp-content\/uploads\/2025\/12\/IMG_3334-1536x1152.jpg 1536w, https:\/\/franciscanos.org.br\/noticias\/wp-content\/uploads\/2025\/12\/IMG_3334-2048x1536.jpg 2048w, https:\/\/franciscanos.org.br\/noticias\/wp-content\/uploads\/2025\/12\/IMG_3334-150x113.jpg 150w, https:\/\/franciscanos.org.br\/noticias\/wp-content\/uploads\/2025\/12\/IMG_3334-600x450.jpg 600w, https:\/\/franciscanos.org.br\/noticias\/wp-content\/uploads\/2025\/12\/IMG_3334-scaled.jpg 1440w\" sizes=\"(max-width: 450px) 100vw, 450px\" \/><\/a>\n\t\t\t<\/dt><\/dl><dl class='gallery-item'>\n\t\t\t<dt class='gallery-icon landscape'>\n\t\t\t\t<a href='https:\/\/franciscanos.org.br\/noticias\/wp-content\/uploads\/2025\/12\/IMG_3294-scaled.jpg'><img width=\"450\" height=\"338\" src=\"https:\/\/franciscanos.org.br\/noticias\/wp-content\/uploads\/2025\/12\/IMG_3294-450x338.jpg\" class=\"attachment-medium size-medium\" alt=\"\" loading=\"lazy\" srcset=\"https:\/\/franciscanos.org.br\/noticias\/wp-content\/uploads\/2025\/12\/IMG_3294-450x338.jpg 450w, https:\/\/franciscanos.org.br\/noticias\/wp-content\/uploads\/2025\/12\/IMG_3294-1024x768.jpg 1024w, https:\/\/franciscanos.org.br\/noticias\/wp-content\/uploads\/2025\/12\/IMG_3294-768x576.jpg 768w, https:\/\/franciscanos.org.br\/noticias\/wp-content\/uploads\/2025\/12\/IMG_3294-1536x1152.jpg 1536w, https:\/\/franciscanos.org.br\/noticias\/wp-content\/uploads\/2025\/12\/IMG_3294-2048x1536.jpg 2048w, https:\/\/franciscanos.org.br\/noticias\/wp-content\/uploads\/2025\/12\/IMG_3294-150x113.jpg 150w, https:\/\/franciscanos.org.br\/noticias\/wp-content\/uploads\/2025\/12\/IMG_3294-600x450.jpg 600w, https:\/\/franciscanos.org.br\/noticias\/wp-content\/uploads\/2025\/12\/IMG_3294-scaled.jpg 1440w\" sizes=\"(max-width: 450px) 100vw, 450px\" \/><\/a>\n\t\t\t<\/dt><\/dl><dl class='gallery-item'>\n\t\t\t<dt class='gallery-icon landscape'>\n\t\t\t\t<a href='https:\/\/franciscanos.org.br\/noticias\/wp-content\/uploads\/2025\/12\/IMG_3298-scaled.jpg'><img width=\"450\" height=\"338\" src=\"https:\/\/franciscanos.org.br\/noticias\/wp-content\/uploads\/2025\/12\/IMG_3298-450x338.jpg\" class=\"attachment-medium size-medium\" alt=\"\" loading=\"lazy\" srcset=\"https:\/\/franciscanos.org.br\/noticias\/wp-content\/uploads\/2025\/12\/IMG_3298-450x338.jpg 450w, https:\/\/franciscanos.org.br\/noticias\/wp-content\/uploads\/2025\/12\/IMG_3298-1024x768.jpg 1024w, https:\/\/franciscanos.org.br\/noticias\/wp-content\/uploads\/2025\/12\/IMG_3298-768x576.jpg 768w, https:\/\/franciscanos.org.br\/noticias\/wp-content\/uploads\/2025\/12\/IMG_3298-1536x1152.jpg 1536w, https:\/\/franciscanos.org.br\/noticias\/wp-content\/uploads\/2025\/12\/IMG_3298-2048x1536.jpg 2048w, https:\/\/franciscanos.org.br\/noticias\/wp-content\/uploads\/2025\/12\/IMG_3298-150x113.jpg 150w, https:\/\/franciscanos.org.br\/noticias\/wp-content\/uploads\/2025\/12\/IMG_3298-600x450.jpg 600w, https:\/\/franciscanos.org.br\/noticias\/wp-content\/uploads\/2025\/12\/IMG_3298-scaled.jpg 1440w\" sizes=\"(max-width: 450px) 100vw, 450px\" \/><\/a>\n\t\t\t<\/dt><\/dl><dl class='gallery-item'>\n\t\t\t<dt class='gallery-icon landscape'>\n\t\t\t\t<a href='https:\/\/franciscanos.org.br\/noticias\/wp-content\/uploads\/2025\/12\/IMG_3244-scaled.jpg'><img width=\"450\" height=\"338\" src=\"https:\/\/franciscanos.org.br\/noticias\/wp-content\/uploads\/2025\/12\/IMG_3244-450x338.jpg\" class=\"attachment-medium size-medium\" alt=\"\" loading=\"lazy\" srcset=\"https:\/\/franciscanos.org.br\/noticias\/wp-content\/uploads\/2025\/12\/IMG_3244-450x338.jpg 450w, https:\/\/franciscanos.org.br\/noticias\/wp-content\/uploads\/2025\/12\/IMG_3244-1024x768.jpg 1024w, https:\/\/franciscanos.org.br\/noticias\/wp-content\/uploads\/2025\/12\/IMG_3244-768x576.jpg 768w, https:\/\/franciscanos.org.br\/noticias\/wp-content\/uploads\/2025\/12\/IMG_3244-1536x1152.jpg 1536w, https:\/\/franciscanos.org.br\/noticias\/wp-content\/uploads\/2025\/12\/IMG_3244-2048x1536.jpg 2048w, https:\/\/franciscanos.org.br\/noticias\/wp-content\/uploads\/2025\/12\/IMG_3244-150x113.jpg 150w, https:\/\/franciscanos.org.br\/noticias\/wp-content\/uploads\/2025\/12\/IMG_3244-600x450.jpg 600w, https:\/\/franciscanos.org.br\/noticias\/wp-content\/uploads\/2025\/12\/IMG_3244-scaled.jpg 1440w\" sizes=\"(max-width: 450px) 100vw, 450px\" \/><\/a>\n\t\t\t<\/dt><\/dl><br style=\"clear: both\" \/><dl class='gallery-item'>\n\t\t\t<dt class='gallery-icon landscape'>\n\t\t\t\t<a href='https:\/\/franciscanos.org.br\/noticias\/wp-content\/uploads\/2025\/12\/IMG_3280-scaled.jpg'><img width=\"450\" height=\"338\" src=\"https:\/\/franciscanos.org.br\/noticias\/wp-content\/uploads\/2025\/12\/IMG_3280-450x338.jpg\" class=\"attachment-medium size-medium\" alt=\"\" loading=\"lazy\" srcset=\"https:\/\/franciscanos.org.br\/noticias\/wp-content\/uploads\/2025\/12\/IMG_3280-450x338.jpg 450w, https:\/\/franciscanos.org.br\/noticias\/wp-content\/uploads\/2025\/12\/IMG_3280-1024x768.jpg 1024w, https:\/\/franciscanos.org.br\/noticias\/wp-content\/uploads\/2025\/12\/IMG_3280-768x576.jpg 768w, https:\/\/franciscanos.org.br\/noticias\/wp-content\/uploads\/2025\/12\/IMG_3280-1536x1152.jpg 1536w, https:\/\/franciscanos.org.br\/noticias\/wp-content\/uploads\/2025\/12\/IMG_3280-2048x1536.jpg 2048w, https:\/\/franciscanos.org.br\/noticias\/wp-content\/uploads\/2025\/12\/IMG_3280-150x113.jpg 150w, https:\/\/franciscanos.org.br\/noticias\/wp-content\/uploads\/2025\/12\/IMG_3280-600x450.jpg 600w, https:\/\/franciscanos.org.br\/noticias\/wp-content\/uploads\/2025\/12\/IMG_3280-scaled.jpg 1440w\" sizes=\"(max-width: 450px) 100vw, 450px\" \/><\/a>\n\t\t\t<\/dt><\/dl><dl class='gallery-item'>\n\t\t\t<dt class='gallery-icon landscape'>\n\t\t\t\t<a href='https:\/\/franciscanos.org.br\/noticias\/wp-content\/uploads\/2025\/12\/IMG_3343-scaled.jpg'><img width=\"450\" height=\"338\" src=\"https:\/\/franciscanos.org.br\/noticias\/wp-content\/uploads\/2025\/12\/IMG_3343-450x338.jpg\" class=\"attachment-medium size-medium\" alt=\"\" loading=\"lazy\" srcset=\"https:\/\/franciscanos.org.br\/noticias\/wp-content\/uploads\/2025\/12\/IMG_3343-450x338.jpg 450w, https:\/\/franciscanos.org.br\/noticias\/wp-content\/uploads\/2025\/12\/IMG_3343-1024x768.jpg 1024w, https:\/\/franciscanos.org.br\/noticias\/wp-content\/uploads\/2025\/12\/IMG_3343-768x576.jpg 768w, https:\/\/franciscanos.org.br\/noticias\/wp-content\/uploads\/2025\/12\/IMG_3343-1536x1152.jpg 1536w, https:\/\/franciscanos.org.br\/noticias\/wp-content\/uploads\/2025\/12\/IMG_3343-2048x1536.jpg 2048w, https:\/\/franciscanos.org.br\/noticias\/wp-content\/uploads\/2025\/12\/IMG_3343-150x113.jpg 150w, https:\/\/franciscanos.org.br\/noticias\/wp-content\/uploads\/2025\/12\/IMG_3343-600x450.jpg 600w, https:\/\/franciscanos.org.br\/noticias\/wp-content\/uploads\/2025\/12\/IMG_3343-scaled.jpg 1440w\" sizes=\"(max-width: 450px) 100vw, 450px\" \/><\/a>\n\t\t\t<\/dt><\/dl><dl class='gallery-item'>\n\t\t\t<dt class='gallery-icon landscape'>\n\t\t\t\t<a href='https:\/\/franciscanos.org.br\/noticias\/wp-content\/uploads\/2025\/12\/IMG_3379-scaled.jpg'><img width=\"450\" height=\"338\" src=\"https:\/\/franciscanos.org.br\/noticias\/wp-content\/uploads\/2025\/12\/IMG_3379-450x338.jpg\" class=\"attachment-medium size-medium\" alt=\"\" loading=\"lazy\" srcset=\"https:\/\/franciscanos.org.br\/noticias\/wp-content\/uploads\/2025\/12\/IMG_3379-450x338.jpg 450w, https:\/\/franciscanos.org.br\/noticias\/wp-content\/uploads\/2025\/12\/IMG_3379-1024x768.jpg 1024w, https:\/\/franciscanos.org.br\/noticias\/wp-content\/uploads\/2025\/12\/IMG_3379-768x576.jpg 768w, https:\/\/franciscanos.org.br\/noticias\/wp-content\/uploads\/2025\/12\/IMG_3379-1536x1152.jpg 1536w, https:\/\/franciscanos.org.br\/noticias\/wp-content\/uploads\/2025\/12\/IMG_3379-2048x1536.jpg 2048w, https:\/\/franciscanos.org.br\/noticias\/wp-content\/uploads\/2025\/12\/IMG_3379-150x113.jpg 150w, https:\/\/franciscanos.org.br\/noticias\/wp-content\/uploads\/2025\/12\/IMG_3379-600x450.jpg 600w, https:\/\/franciscanos.org.br\/noticias\/wp-content\/uploads\/2025\/12\/IMG_3379-scaled.jpg 1440w\" sizes=\"(max-width: 450px) 100vw, 450px\" \/><\/a>\n\t\t\t<\/dt><\/dl><dl class='gallery-item'>\n\t\t\t<dt class='gallery-icon landscape'>\n\t\t\t\t<a href='https:\/\/franciscanos.org.br\/noticias\/wp-content\/uploads\/2025\/12\/IMG_3161-scaled.jpg'><img width=\"450\" height=\"338\" src=\"https:\/\/franciscanos.org.br\/noticias\/wp-content\/uploads\/2025\/12\/IMG_3161-450x338.jpg\" class=\"attachment-medium size-medium\" alt=\"\" loading=\"lazy\" srcset=\"https:\/\/franciscanos.org.br\/noticias\/wp-content\/uploads\/2025\/12\/IMG_3161-450x338.jpg 450w, https:\/\/franciscanos.org.br\/noticias\/wp-content\/uploads\/2025\/12\/IMG_3161-1024x768.jpg 1024w, https:\/\/franciscanos.org.br\/noticias\/wp-content\/uploads\/2025\/12\/IMG_3161-768x576.jpg 768w, https:\/\/franciscanos.org.br\/noticias\/wp-content\/uploads\/2025\/12\/IMG_3161-1536x1152.jpg 1536w, https:\/\/franciscanos.org.br\/noticias\/wp-content\/uploads\/2025\/12\/IMG_3161-2048x1536.jpg 2048w, https:\/\/franciscanos.org.br\/noticias\/wp-content\/uploads\/2025\/12\/IMG_3161-150x113.jpg 150w, https:\/\/franciscanos.org.br\/noticias\/wp-content\/uploads\/2025\/12\/IMG_3161-600x450.jpg 600w, https:\/\/franciscanos.org.br\/noticias\/wp-content\/uploads\/2025\/12\/IMG_3161-scaled.jpg 1440w\" sizes=\"(max-width: 450px) 100vw, 450px\" \/><\/a>\n\t\t\t<\/dt><\/dl><br style=\"clear: both\" \/>\n\t\t<\/div>\n\n","protected":false},"excerpt":{"rendered":"<p>Celebra\u00e7\u00e3o ocorreu na \u00faltima quinta-feira (04)<\/p>\n","protected":false},"author":15,"featured_media":262826,"comment_status":"open","ping_status":"open","sticky":false,"template":"","format":"standard","meta":[],"categories":[1],"tags":[],"acf":[],"yoast_head":"<!-- This site is optimized with the Yoast SEO plugin v19.2 - https:\/\/yoast.com\/wordpress\/plugins\/seo\/ -->\n<title>350 anos da Prov\u00edncia da Imaculada marca celebra\u00e7\u00e3o hist\u00f3rica em Curitibanos - Not\u00edcias - Franciscanos<\/title>\n<meta name=\"robots\" content=\"index, follow, max-snippet:-1, max-image-preview:large, max-video-preview:-1\" \/>\n<link rel=\"canonical\" href=\"https:\/\/franciscanos.org.br\/noticias\/350-anos-da-provincia-da-imaculada-marca-celebracao-historica-em-curitibanos.html\" \/>\n<meta property=\"og:locale\" content=\"pt_BR\" \/>\n<meta property=\"og:type\" content=\"article\" \/>\n<meta property=\"og:title\" content=\"350 anos da Prov\u00edncia da Imaculada marca celebra\u00e7\u00e3o hist\u00f3rica em Curitibanos - Not\u00edcias - Franciscanos\" \/>\n<meta property=\"og:description\" content=\"Celebra\u00e7\u00e3o ocorreu na \u00faltima quinta-feira (04)\" \/>\n<meta property=\"og:url\" content=\"https:\/\/franciscanos.org.br\/noticias\/350-anos-da-provincia-da-imaculada-marca-celebracao-historica-em-curitibanos.html\" \/>\n<meta property=\"og:site_name\" content=\"Not\u00edcias - Franciscanos\" \/>\n<meta property=\"article:published_time\" content=\"2025-12-08T18:42:14+00:00\" \/>\n<meta property=\"article:modified_time\" content=\"2025-12-09T10:33:49+00:00\" \/>\n<meta property=\"og:image\" content=\"https:\/\/franciscanos.org.br\/noticias\/wp-content\/uploads\/2025\/12\/1280-x-720-px-1920-x-1080-px-3-1-1024x576.png\" \/>\n\t<meta property=\"og:image:width\" content=\"1024\" \/>\n\t<meta property=\"og:image:height\" content=\"576\" \/>\n\t<meta property=\"og:image:type\" content=\"image\/png\" \/>\n<meta name=\"author\" content=\"Guilherme Rocha\" \/>\n<meta name=\"twitter:card\" content=\"summary_large_image\" \/>\n<meta name=\"twitter:label1\" content=\"Escrito por\" \/>\n\t<meta name=\"twitter:data1\" content=\"Guilherme Rocha\" \/>\n\t<meta name=\"twitter:label2\" content=\"Est. tempo de leitura\" \/>\n\t<meta name=\"twitter:data2\" content=\"4 minutos\" \/>\n<script type=\"application\/ld+json\" class=\"yoast-schema-graph\">{\"@context\":\"https:\/\/schema.org\",\"@graph\":[{\"@type\":\"WebSite\",\"@id\":\"https:\/\/franciscanos.org.br\/noticias\/#website\",\"url\":\"https:\/\/franciscanos.org.br\/noticias\/\",\"name\":\"Not\u00edcias - Franciscanos\",\"description\":\"Prov\u00edncia Franciscana da Imaculada Concei\u00e7\u00e3o do Brasil - Ordem dos Frades Menores - OFM\",\"potentialAction\":[{\"@type\":\"SearchAction\",\"target\":{\"@type\":\"EntryPoint\",\"urlTemplate\":\"https:\/\/franciscanos.org.br\/noticias\/?s={search_term_string}\"},\"query-input\":\"required name=search_term_string\"}],\"inLanguage\":\"pt-BR\"},{\"@type\":\"ImageObject\",\"inLanguage\":\"pt-BR\",\"@id\":\"https:\/\/franciscanos.org.br\/noticias\/350-anos-da-provincia-da-imaculada-marca-celebracao-historica-em-curitibanos.html#primaryimage\",\"url\":\"https:\/\/franciscanos.org.br\/noticias\/wp-content\/uploads\/2025\/12\/1280-x-720-px-1920-x-1080-px-3-1.png\",\"contentUrl\":\"https:\/\/franciscanos.org.br\/noticias\/wp-content\/uploads\/2025\/12\/1280-x-720-px-1920-x-1080-px-3-1.png\",\"width\":1920,\"height\":1080},{\"@type\":\"WebPage\",\"@id\":\"https:\/\/franciscanos.org.br\/noticias\/350-anos-da-provincia-da-imaculada-marca-celebracao-historica-em-curitibanos.html#webpage\",\"url\":\"https:\/\/franciscanos.org.br\/noticias\/350-anos-da-provincia-da-imaculada-marca-celebracao-historica-em-curitibanos.html\",\"name\":\"350 anos da Prov\u00edncia da Imaculada marca celebra\u00e7\u00e3o hist\u00f3rica em Curitibanos - Not\u00edcias - Franciscanos\",\"isPartOf\":{\"@id\":\"https:\/\/franciscanos.org.br\/noticias\/#website\"},\"primaryImageOfPage\":{\"@id\":\"https:\/\/franciscanos.org.br\/noticias\/350-anos-da-provincia-da-imaculada-marca-celebracao-historica-em-curitibanos.html#primaryimage\"},\"datePublished\":\"2025-12-08T18:42:14+00:00\",\"dateModified\":\"2025-12-09T10:33:49+00:00\",\"author\":{\"@id\":\"https:\/\/franciscanos.org.br\/noticias\/#\/schema\/person\/69bb4cd273a2528548b63cccab4980a0\"},\"breadcrumb\":{\"@id\":\"https:\/\/franciscanos.org.br\/noticias\/350-anos-da-provincia-da-imaculada-marca-celebracao-historica-em-curitibanos.html#breadcrumb\"},\"inLanguage\":\"pt-BR\",\"potentialAction\":[{\"@type\":\"ReadAction\",\"target\":[\"https:\/\/franciscanos.org.br\/noticias\/350-anos-da-provincia-da-imaculada-marca-celebracao-historica-em-curitibanos.html\"]}]},{\"@type\":\"BreadcrumbList\",\"@id\":\"https:\/\/franciscanos.org.br\/noticias\/350-anos-da-provincia-da-imaculada-marca-celebracao-historica-em-curitibanos.html#breadcrumb\",\"itemListElement\":[{\"@type\":\"ListItem\",\"position\":1,\"name\":\"Home\",\"item\":\"https:\/\/franciscanos.org.br\/noticias\"},{\"@type\":\"ListItem\",\"position\":2,\"name\":\"350 anos da Prov\u00edncia da Imaculada marca celebra\u00e7\u00e3o hist\u00f3rica em Curitibanos\"}]},{\"@type\":\"Person\",\"@id\":\"https:\/\/franciscanos.org.br\/noticias\/#\/schema\/person\/69bb4cd273a2528548b63cccab4980a0\",\"name\":\"Guilherme Rocha\",\"image\":{\"@type\":\"ImageObject\",\"inLanguage\":\"pt-BR\",\"@id\":\"https:\/\/franciscanos.org.br\/noticias\/#\/schema\/person\/image\/\",\"url\":\"https:\/\/secure.gravatar.com\/avatar\/e480fee2377f81af36f6990ed742592a?s=96&d=mm&r=g\",\"contentUrl\":\"https:\/\/secure.gravatar.com\/avatar\/e480fee2377f81af36f6990ed742592a?s=96&d=mm&r=g\",\"caption\":\"Guilherme Rocha\"},\"url\":\"https:\/\/franciscanos.org.br\/noticias\/author\/guilhermerocha\"}]}<\/script>\n<!-- \/ Yoast SEO plugin. -->","yoast_head_json":{"title":"350 anos da Prov\u00edncia da Imaculada marca celebra\u00e7\u00e3o hist\u00f3rica em Curitibanos - Not\u00edcias - Franciscanos","robots":{"index":"index","follow":"follow","max-snippet":"max-snippet:-1","max-image-preview":"max-image-preview:large","max-video-preview":"max-video-preview:-1"},"canonical":"https:\/\/franciscanos.org.br\/noticias\/350-anos-da-provincia-da-imaculada-marca-celebracao-historica-em-curitibanos.html","og_locale":"pt_BR","og_type":"article","og_title":"350 anos da Prov\u00edncia da Imaculada marca celebra\u00e7\u00e3o hist\u00f3rica em Curitibanos - Not\u00edcias - Franciscanos","og_description":"Celebra\u00e7\u00e3o ocorreu na \u00faltima quinta-feira (04)","og_url":"https:\/\/franciscanos.org.br\/noticias\/350-anos-da-provincia-da-imaculada-marca-celebracao-historica-em-curitibanos.html","og_site_name":"Not\u00edcias - Franciscanos","article_published_time":"2025-12-08T18:42:14+00:00","article_modified_time":"2025-12-09T10:33:49+00:00","og_image":[{"width":1024,"height":576,"url":"https:\/\/franciscanos.org.br\/noticias\/wp-content\/uploads\/2025\/12\/1280-x-720-px-1920-x-1080-px-3-1-1024x576.png","type":"image\/png"}],"author":"Guilherme Rocha","twitter_card":"summary_large_image","twitter_misc":{"Escrito por":"Guilherme Rocha","Est. tempo de leitura":"4 minutos"},"schema":{"@context":"https:\/\/schema.org","@graph":[{"@type":"WebSite","@id":"https:\/\/franciscanos.org.br\/noticias\/#website","url":"https:\/\/franciscanos.org.br\/noticias\/","name":"Not\u00edcias - Franciscanos","description":"Prov\u00edncia Franciscana da Imaculada Concei\u00e7\u00e3o do Brasil - Ordem dos Frades Menores - OFM","potentialAction":[{"@type":"SearchAction","target":{"@type":"EntryPoint","urlTemplate":"https:\/\/franciscanos.org.br\/noticias\/?s={search_term_string}"},"query-input":"required name=search_term_string"}],"inLanguage":"pt-BR"},{"@type":"ImageObject","inLanguage":"pt-BR","@id":"https:\/\/franciscanos.org.br\/noticias\/350-anos-da-provincia-da-imaculada-marca-celebracao-historica-em-curitibanos.html#primaryimage","url":"https:\/\/franciscanos.org.br\/noticias\/wp-content\/uploads\/2025\/12\/1280-x-720-px-1920-x-1080-px-3-1.png","contentUrl":"https:\/\/franciscanos.org.br\/noticias\/wp-content\/uploads\/2025\/12\/1280-x-720-px-1920-x-1080-px-3-1.png","width":1920,"height":1080},{"@type":"WebPage","@id":"https:\/\/franciscanos.org.br\/noticias\/350-anos-da-provincia-da-imaculada-marca-celebracao-historica-em-curitibanos.html#webpage","url":"https:\/\/franciscanos.org.br\/noticias\/350-anos-da-provincia-da-imaculada-marca-celebracao-historica-em-curitibanos.html","name":"350 anos da Prov\u00edncia da Imaculada marca celebra\u00e7\u00e3o hist\u00f3rica em Curitibanos - Not\u00edcias - Franciscanos","isPartOf":{"@id":"https:\/\/franciscanos.org.br\/noticias\/#website"},"primaryImageOfPage":{"@id":"https:\/\/franciscanos.org.br\/noticias\/350-anos-da-provincia-da-imaculada-marca-celebracao-historica-em-curitibanos.html#primaryimage"},"datePublished":"2025-12-08T18:42:14+00:00","dateModified":"2025-12-09T10:33:49+00:00","author":{"@id":"https:\/\/franciscanos.org.br\/noticias\/#\/schema\/person\/69bb4cd273a2528548b63cccab4980a0"},"breadcrumb":{"@id":"https:\/\/franciscanos.org.br\/noticias\/350-anos-da-provincia-da-imaculada-marca-celebracao-historica-em-curitibanos.html#breadcrumb"},"inLanguage":"pt-BR","potentialAction":[{"@type":"ReadAction","target":["https:\/\/franciscanos.org.br\/noticias\/350-anos-da-provincia-da-imaculada-marca-celebracao-historica-em-curitibanos.html"]}]},{"@type":"BreadcrumbList","@id":"https:\/\/franciscanos.org.br\/noticias\/350-anos-da-provincia-da-imaculada-marca-celebracao-historica-em-curitibanos.html#breadcrumb","itemListElement":[{"@type":"ListItem","position":1,"name":"Home","item":"https:\/\/franciscanos.org.br\/noticias"},{"@type":"ListItem","position":2,"name":"350 anos da Prov\u00edncia da Imaculada marca celebra\u00e7\u00e3o hist\u00f3rica em Curitibanos"}]},{"@type":"Person","@id":"https:\/\/franciscanos.org.br\/noticias\/#\/schema\/person\/69bb4cd273a2528548b63cccab4980a0","name":"Guilherme Rocha","image":{"@type":"ImageObject","inLanguage":"pt-BR","@id":"https:\/\/franciscanos.org.br\/noticias\/#\/schema\/person\/image\/","url":"https:\/\/secure.gravatar.com\/avatar\/e480fee2377f81af36f6990ed742592a?s=96&d=mm&r=g","contentUrl":"https:\/\/secure.gravatar.com\/avatar\/e480fee2377f81af36f6990ed742592a?s=96&d=mm&r=g","caption":"Guilherme Rocha"},"url":"https:\/\/franciscanos.org.br\/noticias\/author\/guilhermerocha"}]}},"_links":{"self":[{"href":"https:\/\/franciscanos.org.br\/noticias\/wp-json\/wp\/v2\/posts\/262825"}],"collection":[{"href":"https:\/\/franciscanos.org.br\/noticias\/wp-json\/wp\/v2\/posts"}],"about":[{"href":"https:\/\/franciscanos.org.br\/noticias\/wp-json\/wp\/v2\/types\/post"}],"author":[{"embeddable":true,"href":"https:\/\/franciscanos.org.br\/noticias\/wp-json\/wp\/v2\/users\/15"}],"replies":[{"embeddable":true,"href":"https:\/\/franciscanos.org.br\/noticias\/wp-json\/wp\/v2\/comments?post=262825"}],"version-history":[{"count":7,"href":"https:\/\/franciscanos.org.br\/noticias\/wp-json\/wp\/v2\/posts\/262825\/revisions"}],"predecessor-version":[{"id":262854,"href":"https:\/\/franciscanos.org.br\/noticias\/wp-json\/wp\/v2\/posts\/262825\/revisions\/262854"}],"wp:featuredmedia":[{"embeddable":true,"href":"https:\/\/franciscanos.org.br\/noticias\/wp-json\/wp\/v2\/media\/262826"}],"wp:attachment":[{"href":"https:\/\/franciscanos.org.br\/noticias\/wp-json\/wp\/v2\/media?parent=262825"}],"wp:term":[{"taxonomy":"category","embeddable":true,"href":"https:\/\/franciscanos.org.br\/noticias\/wp-json\/wp\/v2\/categories?post=262825"},{"taxonomy":"post_tag","embeddable":true,"href":"https:\/\/franciscanos.org.br\/noticias\/wp-json\/wp\/v2\/tags?post=262825"}],"curies":[{"name":"wp","href":"https:\/\/api.w.org\/{rel}","templated":true}]}}