{"id":262719,"date":"2025-12-08T08:41:15","date_gmt":"2025-12-08T11:41:15","guid":{"rendered":"https:\/\/franciscanos.org.br\/noticias\/?p=262719"},"modified":"2025-12-08T08:41:15","modified_gmt":"2025-12-08T11:41:15","slug":"renovacao-dos-votos-e-acao-de-gracas-marcam-despedida-da-etapa-formativa-em-rondinha","status":"publish","type":"post","link":"https:\/\/franciscanos.org.br\/noticias\/renovacao-dos-votos-e-acao-de-gracas-marcam-despedida-da-etapa-formativa-em-rondinha.html","title":{"rendered":"Renova\u00e7\u00e3o dos Votos e A\u00e7\u00e3o de Gra\u00e7as marcam despedida da etapa formativa em Rondinha"},"content":{"rendered":"<p><img loading=\"lazy\" class=\"alignnone wp-image-262720 size-large\" src=\"https:\/\/franciscanos.org.br\/noticias\/wp-content\/uploads\/2025\/12\/1280-x-720-px-1920-x-1080-px-2-1024x576.png\" alt=\"\" width=\"1024\" height=\"576\" srcset=\"https:\/\/franciscanos.org.br\/noticias\/wp-content\/uploads\/2025\/12\/1280-x-720-px-1920-x-1080-px-2-1024x576.png 1024w, https:\/\/franciscanos.org.br\/noticias\/wp-content\/uploads\/2025\/12\/1280-x-720-px-1920-x-1080-px-2-450x253.png 450w, https:\/\/franciscanos.org.br\/noticias\/wp-content\/uploads\/2025\/12\/1280-x-720-px-1920-x-1080-px-2-768x432.png 768w, https:\/\/franciscanos.org.br\/noticias\/wp-content\/uploads\/2025\/12\/1280-x-720-px-1920-x-1080-px-2-1536x864.png 1536w, https:\/\/franciscanos.org.br\/noticias\/wp-content\/uploads\/2025\/12\/1280-x-720-px-1920-x-1080-px-2-150x84.png 150w, https:\/\/franciscanos.org.br\/noticias\/wp-content\/uploads\/2025\/12\/1280-x-720-px-1920-x-1080-px-2.png 1920w\" sizes=\"(max-width: 1024px) 100vw, 1024px\" \/><\/p>\n<p><span style=\"font-weight: 400;\">No segundo domingo do Advento (07\/12), frades de profiss\u00e3o tempor\u00e1ria reafirmaram o compromisso com o Evangelho em uma celebra\u00e7\u00e3o que tamb\u00e9m expressou gratid\u00e3o pela miss\u00e3o da Fraternidade S\u00e3o Boaventura, em Campo Largo (PR).<\/span><\/p>\n<p><span style=\"font-weight: 400;\">\u00c0 luz da liturgia que convida a \u201cendireitar os caminhos do Senhor\u201d, a Fraternidade S\u00e3o Boaventura, juntamente com os frades do Regional de Curitiba, viveu um domingo hist\u00f3rico, encerrando um ciclo ap\u00f3s 42 anos dedicados \u00e0 forma\u00e7\u00e3o dos frades da Prov\u00edncia da Imaculada Concei\u00e7\u00e3o. Oito frades estudantes renovaram seus votos tempor\u00e1rios na Ordem dos Frades Menores, reafirmando publicamente sua entrega a Deus e \u00e0 Igreja. S\u00e3o eles: Frei Cristian Lopes dos Santos, Frei Fabr\u00edcio Andreosa Martins, Frei Felipe Zaros Granusso, Frei Filipo Carpi Gir\u00e3o, Frei Francisco Barbosa Mouzinho Junior, Frei Jean Carlos Rosa dos Santos, Frei Leonardo Haag e Frei Patryck Ribeiro da Silva Dutra.<\/span><\/p>\n\n\t\t<style type=\"text\/css\">\n\t\t\t#gallery-1 {\n\t\t\t\tmargin: auto;\n\t\t\t}\n\t\t\t#gallery-1 .gallery-item {\n\t\t\t\tfloat: left;\n\t\t\t\tmargin-top: 10px;\n\t\t\t\ttext-align: center;\n\t\t\t\twidth: 50%;\n\t\t\t}\n\t\t\t#gallery-1 img {\n\t\t\t\tborder: 2px solid #cfcfcf;\n\t\t\t}\n\t\t\t#gallery-1 .gallery-caption {\n\t\t\t\tmargin-left: 0;\n\t\t\t}\n\t\t\t\/* see gallery_shortcode() in wp-includes\/media.php *\/\n\t\t<\/style>\n\t\t<div id='gallery-1' class='gallery galleryid-262719 gallery-columns-2 gallery-size-medium'><dl class='gallery-item'>\n\t\t\t<dt class='gallery-icon landscape'>\n\t\t\t\t<a href='https:\/\/franciscanos.org.br\/noticias\/wp-content\/uploads\/2025\/12\/Dupla-scaled.jpg'><img width=\"450\" height=\"253\" src=\"https:\/\/franciscanos.org.br\/noticias\/wp-content\/uploads\/2025\/12\/Dupla-450x253.jpg\" class=\"attachment-medium size-medium\" alt=\"\" loading=\"lazy\" srcset=\"https:\/\/franciscanos.org.br\/noticias\/wp-content\/uploads\/2025\/12\/Dupla-450x253.jpg 450w, https:\/\/franciscanos.org.br\/noticias\/wp-content\/uploads\/2025\/12\/Dupla-1024x576.jpg 1024w, https:\/\/franciscanos.org.br\/noticias\/wp-content\/uploads\/2025\/12\/Dupla-768x432.jpg 768w, https:\/\/franciscanos.org.br\/noticias\/wp-content\/uploads\/2025\/12\/Dupla-1536x864.jpg 1536w, https:\/\/franciscanos.org.br\/noticias\/wp-content\/uploads\/2025\/12\/Dupla-2048x1152.jpg 2048w, https:\/\/franciscanos.org.br\/noticias\/wp-content\/uploads\/2025\/12\/Dupla-150x84.jpg 150w, https:\/\/franciscanos.org.br\/noticias\/wp-content\/uploads\/2025\/12\/Dupla-scaled.jpg 1920w\" sizes=\"(max-width: 450px) 100vw, 450px\" \/><\/a>\n\t\t\t<\/dt><\/dl><dl class='gallery-item'>\n\t\t\t<dt class='gallery-icon landscape'>\n\t\t\t\t<a href='https:\/\/franciscanos.org.br\/noticias\/wp-content\/uploads\/2025\/12\/Dupla-1-scaled.jpg'><img width=\"450\" height=\"253\" src=\"https:\/\/franciscanos.org.br\/noticias\/wp-content\/uploads\/2025\/12\/Dupla-1-450x253.jpg\" class=\"attachment-medium size-medium\" alt=\"\" loading=\"lazy\" srcset=\"https:\/\/franciscanos.org.br\/noticias\/wp-content\/uploads\/2025\/12\/Dupla-1-450x253.jpg 450w, https:\/\/franciscanos.org.br\/noticias\/wp-content\/uploads\/2025\/12\/Dupla-1-1024x576.jpg 1024w, https:\/\/franciscanos.org.br\/noticias\/wp-content\/uploads\/2025\/12\/Dupla-1-768x432.jpg 768w, https:\/\/franciscanos.org.br\/noticias\/wp-content\/uploads\/2025\/12\/Dupla-1-1536x864.jpg 1536w, https:\/\/franciscanos.org.br\/noticias\/wp-content\/uploads\/2025\/12\/Dupla-1-2048x1152.jpg 2048w, https:\/\/franciscanos.org.br\/noticias\/wp-content\/uploads\/2025\/12\/Dupla-1-150x84.jpg 150w, https:\/\/franciscanos.org.br\/noticias\/wp-content\/uploads\/2025\/12\/Dupla-1-scaled.jpg 1920w\" sizes=\"(max-width: 450px) 100vw, 450px\" \/><\/a>\n\t\t\t<\/dt><\/dl><br style=\"clear: both\" \/>\n\t\t<\/div>\n\n<p><span style=\"font-weight: 400;\">A celebra\u00e7\u00e3o foi presidida pelo Ministro Provincial, Frei Paulo Roberto Pereira. Em sua homilia, o Provincial situou o ato de renova\u00e7\u00e3o no contexto dos Jubileus Franciscanos \u2013 celebrando o centen\u00e1rio do C\u00e2ntico das Criaturas e preparando-se para a P\u00e1scoa de S\u00e3o Francisco. Ele destacou que, em um mundo onde a humanidade frequentemente caminha \u201cmeio sem rumo\u201d, a vida franciscana oferece um itiner\u00e1rio seguro de integra\u00e7\u00e3o. Assim, renovar os votos torna-se um sinal para o mundo de jovens que buscam sentido para suas vidas e o encontram no Evangelho vivo e vivido por S\u00e3o Francisco de Assis.<\/span><\/p>\n<p><span style=\"font-weight: 400;\">Frei Paulo tamb\u00e9m corrigiu uma poss\u00edvel m\u00e1 interpreta\u00e7\u00e3o sobre a natureza dos votos emitidos anualmente. \u201cVoc\u00eas fazem a renova\u00e7\u00e3o dos votos, e o nome disso \u00e9 voto tempor\u00e1rio. Pode dar a falsa impress\u00e3o de que s\u00e3o votos fr\u00e1geis\u201d, alertou. \u201cO nome <\/span><i><span style=\"font-weight: 400;\">tempor\u00e1rio<\/span><\/i><span style=\"font-weight: 400;\"> n\u00e3o denota fragilidade; pelo contr\u00e1rio. A decis\u00e3o que voc\u00eas tomam hoje \u00e9 uma decis\u00e3o que vale a vida toda\u201d.<\/span><\/p>\n<p><span style=\"font-weight: 400;\">Segundo o Ministro Provincial, renovar os votos n\u00e3o expressa falta de certeza, mas sim o reconhecimento da condi\u00e7\u00e3o humana: \u201cRenovar os votos n\u00e3o \u00e9 porque eles n\u00e3o t\u00eam densidade agora. \u00c9 porque tempor\u00e1ria \u00e9 a nossa vida. Mas o nosso desejo, esse \u00e9 perp\u00e9tuo\u201d.<\/span><\/p>\n<p><span style=\"font-weight: 400;\">Aprofundando a teologia do Advento, a homilia trouxe uma exegese provocativa sobre a passagem \u201cO Reino de Deus est\u00e1 pr\u00f3ximo\u201d. Frei Paulo desafiou os frades a interpretarem essa proximidade n\u00e3o apenas em sentido temporal, mas espacial:<\/span><span style=\"font-weight: 400;\"><br \/>\n<\/span><span style=\"font-weight: 400;\">\u201cO Reino de Deus est\u00e1 pr\u00f3ximo [\u2026] a partir da espacialidade, do espa\u00e7o. Est\u00e1 junto. O Reino de Deus \u00e9 palp\u00e1vel, est\u00e1 ao alcance das minhas m\u00e3os. O Reino de Deus se revela no meu irm\u00e3o; se revela naquela situa\u00e7\u00e3o que talvez j\u00e1 n\u00e3o me toque, mas deveria me tocar: a situa\u00e7\u00e3o de abandono, de morte, de falta de cuidado, de falta de aten\u00e7\u00e3o\u201d.<\/span><\/p>\n\n\t\t<style type=\"text\/css\">\n\t\t\t#gallery-2 {\n\t\t\t\tmargin: auto;\n\t\t\t}\n\t\t\t#gallery-2 .gallery-item {\n\t\t\t\tfloat: left;\n\t\t\t\tmargin-top: 10px;\n\t\t\t\ttext-align: center;\n\t\t\t\twidth: 50%;\n\t\t\t}\n\t\t\t#gallery-2 img {\n\t\t\t\tborder: 2px solid #cfcfcf;\n\t\t\t}\n\t\t\t#gallery-2 .gallery-caption {\n\t\t\t\tmargin-left: 0;\n\t\t\t}\n\t\t\t\/* see gallery_shortcode() in wp-includes\/media.php *\/\n\t\t<\/style>\n\t\t<div id='gallery-2' class='gallery galleryid-262719 gallery-columns-2 gallery-size-medium'><dl class='gallery-item'>\n\t\t\t<dt class='gallery-icon landscape'>\n\t\t\t\t<a href='https:\/\/franciscanos.org.br\/noticias\/wp-content\/uploads\/2025\/12\/Segunda-2-scaled.jpg'><img width=\"450\" height=\"253\" src=\"https:\/\/franciscanos.org.br\/noticias\/wp-content\/uploads\/2025\/12\/Segunda-2-450x253.jpg\" class=\"attachment-medium size-medium\" alt=\"\" loading=\"lazy\" srcset=\"https:\/\/franciscanos.org.br\/noticias\/wp-content\/uploads\/2025\/12\/Segunda-2-450x253.jpg 450w, https:\/\/franciscanos.org.br\/noticias\/wp-content\/uploads\/2025\/12\/Segunda-2-1024x577.jpg 1024w, https:\/\/franciscanos.org.br\/noticias\/wp-content\/uploads\/2025\/12\/Segunda-2-768x432.jpg 768w, https:\/\/franciscanos.org.br\/noticias\/wp-content\/uploads\/2025\/12\/Segunda-2-1536x865.jpg 1536w, https:\/\/franciscanos.org.br\/noticias\/wp-content\/uploads\/2025\/12\/Segunda-2-2048x1153.jpg 2048w, https:\/\/franciscanos.org.br\/noticias\/wp-content\/uploads\/2025\/12\/Segunda-2-150x84.jpg 150w, https:\/\/franciscanos.org.br\/noticias\/wp-content\/uploads\/2025\/12\/Segunda-2-scaled.jpg 1918w\" sizes=\"(max-width: 450px) 100vw, 450px\" \/><\/a>\n\t\t\t<\/dt><\/dl><dl class='gallery-item'>\n\t\t\t<dt class='gallery-icon landscape'>\n\t\t\t\t<a href='https:\/\/franciscanos.org.br\/noticias\/wp-content\/uploads\/2025\/12\/Segunda-1-scaled.jpg'><img width=\"450\" height=\"253\" src=\"https:\/\/franciscanos.org.br\/noticias\/wp-content\/uploads\/2025\/12\/Segunda-1-450x253.jpg\" class=\"attachment-medium size-medium\" alt=\"\" loading=\"lazy\" srcset=\"https:\/\/franciscanos.org.br\/noticias\/wp-content\/uploads\/2025\/12\/Segunda-1-450x253.jpg 450w, https:\/\/franciscanos.org.br\/noticias\/wp-content\/uploads\/2025\/12\/Segunda-1-1024x576.jpg 1024w, https:\/\/franciscanos.org.br\/noticias\/wp-content\/uploads\/2025\/12\/Segunda-1-768x432.jpg 768w, https:\/\/franciscanos.org.br\/noticias\/wp-content\/uploads\/2025\/12\/Segunda-1-1536x864.jpg 1536w, https:\/\/franciscanos.org.br\/noticias\/wp-content\/uploads\/2025\/12\/Segunda-1-2048x1152.jpg 2048w, https:\/\/franciscanos.org.br\/noticias\/wp-content\/uploads\/2025\/12\/Segunda-1-150x84.jpg 150w, https:\/\/franciscanos.org.br\/noticias\/wp-content\/uploads\/2025\/12\/Segunda-1-scaled.jpg 1920w\" sizes=\"(max-width: 450px) 100vw, 450px\" \/><\/a>\n\t\t\t<\/dt><\/dl><br style=\"clear: both\" \/>\n\t\t<\/div>\n\n<p><span style=\"font-weight: 400;\">Para ilustrar a confian\u00e7a necess\u00e1ria no Advento e na vida religiosa, o Provincial utilizou uma met\u00e1fora local, referindo-se \u00e0 regi\u00e3o de S\u00e3o Luiz do Purun\u00e3. Comparou a esperan\u00e7a crist\u00e3 \u00e0 certeza de ser convidado para uma festa preparada por Deus:<\/span><span style=\"font-weight: 400;\"><br \/>\n<\/span><span style=\"font-weight: 400;\">\u201c\u00c9 como se tiv\u00e9ssemos sido convidados para ir a uma festa que exigisse subir a serra do Purun\u00e3\u2026 E h\u00e1 uma neblina terr\u00edvel. N\u00e3o conseguimos enxergar, mas temos certeza de que aquele que nos convidou preparou tudo. N\u00e3o estamos vendo, mas seguimos\u201d.<\/span><\/p>\n<p><span style=\"font-weight: 400;\">Essa certeza de que \u201cDeus preparou para n\u00f3s um Reino de fraternidade, de minoridade, de simplicidade e de servi\u00e7o\u201d \u00e9 o que compromete o frade a viver sua consagra\u00e7\u00e3o com intensidade no presente, sem adiar a viv\u00eancia da pobreza, obedi\u00eancia e castidade \u201cpara as calendas\u201d.<\/span><\/p>\n<p><span style=\"font-weight: 400;\">A celebra\u00e7\u00e3o tamb\u00e9m foi marcada por um forte tom de a\u00e7\u00e3o de gra\u00e7as e transi\u00e7\u00e3o. Com os novos encaminhamentos do processo formativo da Prov\u00edncia, os frades do p\u00f3s-noviciado seguir\u00e3o nesta etapa no Convento S\u00e3o Francisco, em S\u00e3o Paulo (SP). Assim, a casa de Rondinha passar\u00e1 a funcionar como Centro de Eventos S\u00e3o Boaventura, sob os cuidados da Associa\u00e7\u00e3o Franciscana de Ensino Senhor Bom Jesus.<\/span><\/p>\n<p><span style=\"font-weight: 400;\">Frei Paulo expressou profunda gratid\u00e3o pelos frutos colhidos durante d\u00e9cadas de servi\u00e7o daquela fraternidade formativa. Mesmo com a mudan\u00e7a de finalidade e o encerramento da fraternidade local, o espa\u00e7o continuar\u00e1 sendo um lugar de encontro com o divino.<\/span><\/p>\n<p><span style=\"font-weight: 400;\">Ao t\u00e9rmino da celebra\u00e7\u00e3o, ap\u00f3s receberem a b\u00ean\u00e7\u00e3o e as ora\u00e7\u00f5es do povo, os frades que renovaram seus votos tamb\u00e9m rezaram por todos os presentes, em um gesto de partilha e miss\u00e3o. Em sua exorta\u00e7\u00e3o final, Frei Paulo recordou que todos s\u00e3o chamados a ser promotores da b\u00ean\u00e7\u00e3o: b\u00ean\u00e7\u00e3o recebida, b\u00ean\u00e7\u00e3o partilhada.<\/span><\/p>\n<p><img loading=\"lazy\" class=\"aligncenter wp-image-262735 size-large\" src=\"https:\/\/franciscanos.org.br\/noticias\/wp-content\/uploads\/2025\/12\/1280-x-720-px-1920-x-1080-px-1-1-1024x576.png\" alt=\"\" width=\"1024\" height=\"576\" srcset=\"https:\/\/franciscanos.org.br\/noticias\/wp-content\/uploads\/2025\/12\/1280-x-720-px-1920-x-1080-px-1-1-1024x576.png 1024w, https:\/\/franciscanos.org.br\/noticias\/wp-content\/uploads\/2025\/12\/1280-x-720-px-1920-x-1080-px-1-1-450x253.png 450w, https:\/\/franciscanos.org.br\/noticias\/wp-content\/uploads\/2025\/12\/1280-x-720-px-1920-x-1080-px-1-1-768x432.png 768w, https:\/\/franciscanos.org.br\/noticias\/wp-content\/uploads\/2025\/12\/1280-x-720-px-1920-x-1080-px-1-1-1536x864.png 1536w, https:\/\/franciscanos.org.br\/noticias\/wp-content\/uploads\/2025\/12\/1280-x-720-px-1920-x-1080-px-1-1-150x84.png 150w, https:\/\/franciscanos.org.br\/noticias\/wp-content\/uploads\/2025\/12\/1280-x-720-px-1920-x-1080-px-1-1.png 1920w\" sizes=\"(max-width: 1024px) 100vw, 1024px\" \/><\/p>\n\n\t\t<style type=\"text\/css\">\n\t\t\t#gallery-3 {\n\t\t\t\tmargin: auto;\n\t\t\t}\n\t\t\t#gallery-3 .gallery-item {\n\t\t\t\tfloat: left;\n\t\t\t\tmargin-top: 10px;\n\t\t\t\ttext-align: center;\n\t\t\t\twidth: 25%;\n\t\t\t}\n\t\t\t#gallery-3 img {\n\t\t\t\tborder: 2px solid #cfcfcf;\n\t\t\t}\n\t\t\t#gallery-3 .gallery-caption {\n\t\t\t\tmargin-left: 0;\n\t\t\t}\n\t\t\t\/* see gallery_shortcode() in wp-includes\/media.php *\/\n\t\t<\/style>\n\t\t<div id='gallery-3' class='gallery galleryid-262719 gallery-columns-4 gallery-size-thumbnail'><dl class='gallery-item'>\n\t\t\t<dt class='gallery-icon landscape'>\n\t\t\t\t<a href='https:\/\/franciscanos.org.br\/noticias\/wp-content\/uploads\/2025\/12\/20251207_095930-scaled.jpg'><img width=\"300\" height=\"300\" src=\"https:\/\/franciscanos.org.br\/noticias\/wp-content\/uploads\/2025\/12\/20251207_095930-300x300.jpg\" class=\"attachment-thumbnail size-thumbnail\" alt=\"\" loading=\"lazy\" srcset=\"https:\/\/franciscanos.org.br\/noticias\/wp-content\/uploads\/2025\/12\/20251207_095930-300x300.jpg 300w, https:\/\/franciscanos.org.br\/noticias\/wp-content\/uploads\/2025\/12\/20251207_095930-100x100.jpg 100w\" sizes=\"(max-width: 300px) 100vw, 300px\" \/><\/a>\n\t\t\t<\/dt><\/dl><dl class='gallery-item'>\n\t\t\t<dt class='gallery-icon portrait'>\n\t\t\t\t<a href='https:\/\/franciscanos.org.br\/noticias\/wp-content\/uploads\/2025\/12\/20251207_103752-scaled.jpg'><img width=\"300\" height=\"300\" src=\"https:\/\/franciscanos.org.br\/noticias\/wp-content\/uploads\/2025\/12\/20251207_103752-300x300.jpg\" class=\"attachment-thumbnail size-thumbnail\" alt=\"\" loading=\"lazy\" srcset=\"https:\/\/franciscanos.org.br\/noticias\/wp-content\/uploads\/2025\/12\/20251207_103752-300x300.jpg 300w, https:\/\/franciscanos.org.br\/noticias\/wp-content\/uploads\/2025\/12\/20251207_103752-100x100.jpg 100w\" sizes=\"(max-width: 300px) 100vw, 300px\" \/><\/a>\n\t\t\t<\/dt><\/dl><dl class='gallery-item'>\n\t\t\t<dt class='gallery-icon landscape'>\n\t\t\t\t<a href='https:\/\/franciscanos.org.br\/noticias\/wp-content\/uploads\/2025\/12\/1765128999790-scaled.jpg'><img width=\"300\" height=\"300\" src=\"https:\/\/franciscanos.org.br\/noticias\/wp-content\/uploads\/2025\/12\/1765128999790-300x300.jpg\" class=\"attachment-thumbnail size-thumbnail\" alt=\"\" loading=\"lazy\" srcset=\"https:\/\/franciscanos.org.br\/noticias\/wp-content\/uploads\/2025\/12\/1765128999790-300x300.jpg 300w, https:\/\/franciscanos.org.br\/noticias\/wp-content\/uploads\/2025\/12\/1765128999790-100x100.jpg 100w\" sizes=\"(max-width: 300px) 100vw, 300px\" \/><\/a>\n\t\t\t<\/dt><\/dl><dl class='gallery-item'>\n\t\t\t<dt class='gallery-icon landscape'>\n\t\t\t\t<a href='https:\/\/franciscanos.org.br\/noticias\/wp-content\/uploads\/2025\/12\/1765128999972-scaled.jpg'><img width=\"300\" height=\"300\" src=\"https:\/\/franciscanos.org.br\/noticias\/wp-content\/uploads\/2025\/12\/1765128999972-300x300.jpg\" class=\"attachment-thumbnail size-thumbnail\" alt=\"\" loading=\"lazy\" srcset=\"https:\/\/franciscanos.org.br\/noticias\/wp-content\/uploads\/2025\/12\/1765128999972-300x300.jpg 300w, https:\/\/franciscanos.org.br\/noticias\/wp-content\/uploads\/2025\/12\/1765128999972-100x100.jpg 100w\" sizes=\"(max-width: 300px) 100vw, 300px\" \/><\/a>\n\t\t\t<\/dt><\/dl><br style=\"clear: both\" \/>\n\t\t<\/div>\n\n<hr \/>\n<p><i><span style=\"font-weight: 400;\">Frei Patryck Ribeiro da Silva Dutra<\/span><\/i><\/p>\n","protected":false},"excerpt":{"rendered":"<p>Frades de profiss\u00e3o tempor\u00e1ria reafirmaram o compromisso com o Evangelho<\/p>\n","protected":false},"author":15,"featured_media":262720,"comment_status":"open","ping_status":"open","sticky":false,"template":"","format":"standard","meta":[],"categories":[1],"tags":[],"acf":[],"yoast_head":"<!-- This site is optimized with the Yoast SEO plugin v19.2 - https:\/\/yoast.com\/wordpress\/plugins\/seo\/ -->\n<title>Renova\u00e7\u00e3o dos Votos e A\u00e7\u00e3o de Gra\u00e7as marcam despedida da etapa formativa em Rondinha - Not\u00edcias - Franciscanos<\/title>\n<meta name=\"robots\" content=\"index, follow, max-snippet:-1, max-image-preview:large, max-video-preview:-1\" \/>\n<link rel=\"canonical\" href=\"https:\/\/franciscanos.org.br\/noticias\/renovacao-dos-votos-e-acao-de-gracas-marcam-despedida-da-etapa-formativa-em-rondinha.html\" \/>\n<meta property=\"og:locale\" content=\"pt_BR\" \/>\n<meta property=\"og:type\" content=\"article\" \/>\n<meta property=\"og:title\" content=\"Renova\u00e7\u00e3o dos Votos e A\u00e7\u00e3o de Gra\u00e7as marcam despedida da etapa formativa em Rondinha - Not\u00edcias - Franciscanos\" \/>\n<meta property=\"og:description\" content=\"Frades de profiss\u00e3o tempor\u00e1ria reafirmaram o compromisso com o Evangelho\" \/>\n<meta property=\"og:url\" content=\"https:\/\/franciscanos.org.br\/noticias\/renovacao-dos-votos-e-acao-de-gracas-marcam-despedida-da-etapa-formativa-em-rondinha.html\" \/>\n<meta property=\"og:site_name\" content=\"Not\u00edcias - Franciscanos\" \/>\n<meta property=\"article:published_time\" content=\"2025-12-08T11:41:15+00:00\" \/>\n<meta property=\"og:image\" content=\"https:\/\/franciscanos.org.br\/noticias\/wp-content\/uploads\/2025\/12\/1280-x-720-px-1920-x-1080-px-2-1024x576.png\" \/>\n\t<meta property=\"og:image:width\" content=\"1024\" \/>\n\t<meta property=\"og:image:height\" content=\"576\" \/>\n\t<meta property=\"og:image:type\" content=\"image\/png\" \/>\n<meta name=\"author\" content=\"Guilherme Rocha\" \/>\n<meta name=\"twitter:card\" content=\"summary_large_image\" \/>\n<meta name=\"twitter:label1\" content=\"Escrito por\" \/>\n\t<meta name=\"twitter:data1\" content=\"Guilherme Rocha\" \/>\n\t<meta name=\"twitter:label2\" content=\"Est. tempo de leitura\" \/>\n\t<meta name=\"twitter:data2\" content=\"4 minutos\" \/>\n<script type=\"application\/ld+json\" class=\"yoast-schema-graph\">{\"@context\":\"https:\/\/schema.org\",\"@graph\":[{\"@type\":\"WebSite\",\"@id\":\"https:\/\/franciscanos.org.br\/noticias\/#website\",\"url\":\"https:\/\/franciscanos.org.br\/noticias\/\",\"name\":\"Not\u00edcias - Franciscanos\",\"description\":\"Prov\u00edncia Franciscana da Imaculada Concei\u00e7\u00e3o do Brasil - Ordem dos Frades Menores - OFM\",\"potentialAction\":[{\"@type\":\"SearchAction\",\"target\":{\"@type\":\"EntryPoint\",\"urlTemplate\":\"https:\/\/franciscanos.org.br\/noticias\/?s={search_term_string}\"},\"query-input\":\"required name=search_term_string\"}],\"inLanguage\":\"pt-BR\"},{\"@type\":\"ImageObject\",\"inLanguage\":\"pt-BR\",\"@id\":\"https:\/\/franciscanos.org.br\/noticias\/renovacao-dos-votos-e-acao-de-gracas-marcam-despedida-da-etapa-formativa-em-rondinha.html#primaryimage\",\"url\":\"https:\/\/franciscanos.org.br\/noticias\/wp-content\/uploads\/2025\/12\/1280-x-720-px-1920-x-1080-px-2.png\",\"contentUrl\":\"https:\/\/franciscanos.org.br\/noticias\/wp-content\/uploads\/2025\/12\/1280-x-720-px-1920-x-1080-px-2.png\",\"width\":1920,\"height\":1080},{\"@type\":\"WebPage\",\"@id\":\"https:\/\/franciscanos.org.br\/noticias\/renovacao-dos-votos-e-acao-de-gracas-marcam-despedida-da-etapa-formativa-em-rondinha.html#webpage\",\"url\":\"https:\/\/franciscanos.org.br\/noticias\/renovacao-dos-votos-e-acao-de-gracas-marcam-despedida-da-etapa-formativa-em-rondinha.html\",\"name\":\"Renova\u00e7\u00e3o dos Votos e A\u00e7\u00e3o de Gra\u00e7as marcam despedida da etapa formativa em Rondinha - Not\u00edcias - Franciscanos\",\"isPartOf\":{\"@id\":\"https:\/\/franciscanos.org.br\/noticias\/#website\"},\"primaryImageOfPage\":{\"@id\":\"https:\/\/franciscanos.org.br\/noticias\/renovacao-dos-votos-e-acao-de-gracas-marcam-despedida-da-etapa-formativa-em-rondinha.html#primaryimage\"},\"datePublished\":\"2025-12-08T11:41:15+00:00\",\"dateModified\":\"2025-12-08T11:41:15+00:00\",\"author\":{\"@id\":\"https:\/\/franciscanos.org.br\/noticias\/#\/schema\/person\/69bb4cd273a2528548b63cccab4980a0\"},\"breadcrumb\":{\"@id\":\"https:\/\/franciscanos.org.br\/noticias\/renovacao-dos-votos-e-acao-de-gracas-marcam-despedida-da-etapa-formativa-em-rondinha.html#breadcrumb\"},\"inLanguage\":\"pt-BR\",\"potentialAction\":[{\"@type\":\"ReadAction\",\"target\":[\"https:\/\/franciscanos.org.br\/noticias\/renovacao-dos-votos-e-acao-de-gracas-marcam-despedida-da-etapa-formativa-em-rondinha.html\"]}]},{\"@type\":\"BreadcrumbList\",\"@id\":\"https:\/\/franciscanos.org.br\/noticias\/renovacao-dos-votos-e-acao-de-gracas-marcam-despedida-da-etapa-formativa-em-rondinha.html#breadcrumb\",\"itemListElement\":[{\"@type\":\"ListItem\",\"position\":1,\"name\":\"Home\",\"item\":\"https:\/\/franciscanos.org.br\/noticias\"},{\"@type\":\"ListItem\",\"position\":2,\"name\":\"Renova\u00e7\u00e3o dos Votos e A\u00e7\u00e3o de Gra\u00e7as marcam despedida da etapa formativa em Rondinha\"}]},{\"@type\":\"Person\",\"@id\":\"https:\/\/franciscanos.org.br\/noticias\/#\/schema\/person\/69bb4cd273a2528548b63cccab4980a0\",\"name\":\"Guilherme Rocha\",\"image\":{\"@type\":\"ImageObject\",\"inLanguage\":\"pt-BR\",\"@id\":\"https:\/\/franciscanos.org.br\/noticias\/#\/schema\/person\/image\/\",\"url\":\"https:\/\/secure.gravatar.com\/avatar\/e480fee2377f81af36f6990ed742592a?s=96&d=mm&r=g\",\"contentUrl\":\"https:\/\/secure.gravatar.com\/avatar\/e480fee2377f81af36f6990ed742592a?s=96&d=mm&r=g\",\"caption\":\"Guilherme Rocha\"},\"url\":\"https:\/\/franciscanos.org.br\/noticias\/author\/guilhermerocha\"}]}<\/script>\n<!-- \/ Yoast SEO plugin. -->","yoast_head_json":{"title":"Renova\u00e7\u00e3o dos Votos e A\u00e7\u00e3o de Gra\u00e7as marcam despedida da etapa formativa em Rondinha - Not\u00edcias - Franciscanos","robots":{"index":"index","follow":"follow","max-snippet":"max-snippet:-1","max-image-preview":"max-image-preview:large","max-video-preview":"max-video-preview:-1"},"canonical":"https:\/\/franciscanos.org.br\/noticias\/renovacao-dos-votos-e-acao-de-gracas-marcam-despedida-da-etapa-formativa-em-rondinha.html","og_locale":"pt_BR","og_type":"article","og_title":"Renova\u00e7\u00e3o dos Votos e A\u00e7\u00e3o de Gra\u00e7as marcam despedida da etapa formativa em Rondinha - Not\u00edcias - Franciscanos","og_description":"Frades de profiss\u00e3o tempor\u00e1ria reafirmaram o compromisso com o Evangelho","og_url":"https:\/\/franciscanos.org.br\/noticias\/renovacao-dos-votos-e-acao-de-gracas-marcam-despedida-da-etapa-formativa-em-rondinha.html","og_site_name":"Not\u00edcias - Franciscanos","article_published_time":"2025-12-08T11:41:15+00:00","og_image":[{"width":1024,"height":576,"url":"https:\/\/franciscanos.org.br\/noticias\/wp-content\/uploads\/2025\/12\/1280-x-720-px-1920-x-1080-px-2-1024x576.png","type":"image\/png"}],"author":"Guilherme Rocha","twitter_card":"summary_large_image","twitter_misc":{"Escrito por":"Guilherme Rocha","Est. tempo de leitura":"4 minutos"},"schema":{"@context":"https:\/\/schema.org","@graph":[{"@type":"WebSite","@id":"https:\/\/franciscanos.org.br\/noticias\/#website","url":"https:\/\/franciscanos.org.br\/noticias\/","name":"Not\u00edcias - Franciscanos","description":"Prov\u00edncia Franciscana da Imaculada Concei\u00e7\u00e3o do Brasil - Ordem dos Frades Menores - OFM","potentialAction":[{"@type":"SearchAction","target":{"@type":"EntryPoint","urlTemplate":"https:\/\/franciscanos.org.br\/noticias\/?s={search_term_string}"},"query-input":"required name=search_term_string"}],"inLanguage":"pt-BR"},{"@type":"ImageObject","inLanguage":"pt-BR","@id":"https:\/\/franciscanos.org.br\/noticias\/renovacao-dos-votos-e-acao-de-gracas-marcam-despedida-da-etapa-formativa-em-rondinha.html#primaryimage","url":"https:\/\/franciscanos.org.br\/noticias\/wp-content\/uploads\/2025\/12\/1280-x-720-px-1920-x-1080-px-2.png","contentUrl":"https:\/\/franciscanos.org.br\/noticias\/wp-content\/uploads\/2025\/12\/1280-x-720-px-1920-x-1080-px-2.png","width":1920,"height":1080},{"@type":"WebPage","@id":"https:\/\/franciscanos.org.br\/noticias\/renovacao-dos-votos-e-acao-de-gracas-marcam-despedida-da-etapa-formativa-em-rondinha.html#webpage","url":"https:\/\/franciscanos.org.br\/noticias\/renovacao-dos-votos-e-acao-de-gracas-marcam-despedida-da-etapa-formativa-em-rondinha.html","name":"Renova\u00e7\u00e3o dos Votos e A\u00e7\u00e3o de Gra\u00e7as marcam despedida da etapa formativa em Rondinha - Not\u00edcias - Franciscanos","isPartOf":{"@id":"https:\/\/franciscanos.org.br\/noticias\/#website"},"primaryImageOfPage":{"@id":"https:\/\/franciscanos.org.br\/noticias\/renovacao-dos-votos-e-acao-de-gracas-marcam-despedida-da-etapa-formativa-em-rondinha.html#primaryimage"},"datePublished":"2025-12-08T11:41:15+00:00","dateModified":"2025-12-08T11:41:15+00:00","author":{"@id":"https:\/\/franciscanos.org.br\/noticias\/#\/schema\/person\/69bb4cd273a2528548b63cccab4980a0"},"breadcrumb":{"@id":"https:\/\/franciscanos.org.br\/noticias\/renovacao-dos-votos-e-acao-de-gracas-marcam-despedida-da-etapa-formativa-em-rondinha.html#breadcrumb"},"inLanguage":"pt-BR","potentialAction":[{"@type":"ReadAction","target":["https:\/\/franciscanos.org.br\/noticias\/renovacao-dos-votos-e-acao-de-gracas-marcam-despedida-da-etapa-formativa-em-rondinha.html"]}]},{"@type":"BreadcrumbList","@id":"https:\/\/franciscanos.org.br\/noticias\/renovacao-dos-votos-e-acao-de-gracas-marcam-despedida-da-etapa-formativa-em-rondinha.html#breadcrumb","itemListElement":[{"@type":"ListItem","position":1,"name":"Home","item":"https:\/\/franciscanos.org.br\/noticias"},{"@type":"ListItem","position":2,"name":"Renova\u00e7\u00e3o dos Votos e A\u00e7\u00e3o de Gra\u00e7as marcam despedida da etapa formativa em Rondinha"}]},{"@type":"Person","@id":"https:\/\/franciscanos.org.br\/noticias\/#\/schema\/person\/69bb4cd273a2528548b63cccab4980a0","name":"Guilherme Rocha","image":{"@type":"ImageObject","inLanguage":"pt-BR","@id":"https:\/\/franciscanos.org.br\/noticias\/#\/schema\/person\/image\/","url":"https:\/\/secure.gravatar.com\/avatar\/e480fee2377f81af36f6990ed742592a?s=96&d=mm&r=g","contentUrl":"https:\/\/secure.gravatar.com\/avatar\/e480fee2377f81af36f6990ed742592a?s=96&d=mm&r=g","caption":"Guilherme Rocha"},"url":"https:\/\/franciscanos.org.br\/noticias\/author\/guilhermerocha"}]}},"_links":{"self":[{"href":"https:\/\/franciscanos.org.br\/noticias\/wp-json\/wp\/v2\/posts\/262719"}],"collection":[{"href":"https:\/\/franciscanos.org.br\/noticias\/wp-json\/wp\/v2\/posts"}],"about":[{"href":"https:\/\/franciscanos.org.br\/noticias\/wp-json\/wp\/v2\/types\/post"}],"author":[{"embeddable":true,"href":"https:\/\/franciscanos.org.br\/noticias\/wp-json\/wp\/v2\/users\/15"}],"replies":[{"embeddable":true,"href":"https:\/\/franciscanos.org.br\/noticias\/wp-json\/wp\/v2\/comments?post=262719"}],"version-history":[{"count":13,"href":"https:\/\/franciscanos.org.br\/noticias\/wp-json\/wp\/v2\/posts\/262719\/revisions"}],"predecessor-version":[{"id":262743,"href":"https:\/\/franciscanos.org.br\/noticias\/wp-json\/wp\/v2\/posts\/262719\/revisions\/262743"}],"wp:featuredmedia":[{"embeddable":true,"href":"https:\/\/franciscanos.org.br\/noticias\/wp-json\/wp\/v2\/media\/262720"}],"wp:attachment":[{"href":"https:\/\/franciscanos.org.br\/noticias\/wp-json\/wp\/v2\/media?parent=262719"}],"wp:term":[{"taxonomy":"category","embeddable":true,"href":"https:\/\/franciscanos.org.br\/noticias\/wp-json\/wp\/v2\/categories?post=262719"},{"taxonomy":"post_tag","embeddable":true,"href":"https:\/\/franciscanos.org.br\/noticias\/wp-json\/wp\/v2\/tags?post=262719"}],"curies":[{"name":"wp","href":"https:\/\/api.w.org\/{rel}","templated":true}]}}