{"id":262701,"date":"2025-12-04T10:30:09","date_gmt":"2025-12-04T13:30:09","guid":{"rendered":"https:\/\/franciscanos.org.br\/noticias\/?p=262701"},"modified":"2025-12-08T09:05:10","modified_gmt":"2025-12-08T12:05:10","slug":"familia-franciscana-de-petropolis-encerra-ano-com-encontro-de-formacao-e-celebracao","status":"publish","type":"post","link":"https:\/\/franciscanos.org.br\/noticias\/familia-franciscana-de-petropolis-encerra-ano-com-encontro-de-formacao-e-celebracao.html","title":{"rendered":"Fam\u00edlia Franciscana de Petr\u00f3polis encerra ano com encontro de forma\u00e7\u00e3o e celebra\u00e7\u00e3o"},"content":{"rendered":"<p><img loading=\"lazy\" class=\"alignnone wp-image-262702 size-large\" src=\"https:\/\/franciscanos.org.br\/noticias\/wp-content\/uploads\/2025\/12\/1280-x-720-px-2-1024x576.png\" alt=\"\" width=\"1024\" height=\"576\" srcset=\"https:\/\/franciscanos.org.br\/noticias\/wp-content\/uploads\/2025\/12\/1280-x-720-px-2-1024x576.png 1024w, https:\/\/franciscanos.org.br\/noticias\/wp-content\/uploads\/2025\/12\/1280-x-720-px-2-450x253.png 450w, https:\/\/franciscanos.org.br\/noticias\/wp-content\/uploads\/2025\/12\/1280-x-720-px-2-768x432.png 768w, https:\/\/franciscanos.org.br\/noticias\/wp-content\/uploads\/2025\/12\/1280-x-720-px-2-150x84.png 150w, https:\/\/franciscanos.org.br\/noticias\/wp-content\/uploads\/2025\/12\/1280-x-720-px-2.png 1280w\" sizes=\"(max-width: 1024px) 100vw, 1024px\" \/><\/p>\n<p>A Fam\u00edlia Franciscana de Petr\u00f3polis se reuniu em 29\/11, dia dedicado aos santos da Ordem Ser\u00e1fica, no Instituto Teol\u00f3gico Franciscano (ITF), para um encontro de forma\u00e7\u00e3o e conviv\u00eancia. A data tamb\u00e9m marcou os 800 anos do C\u00e2ntico das Criaturas, de S\u00e3o Francisco de Assis, tema central das atividades.<\/p>\n<p>O dia come\u00e7ou com uma ora\u00e7\u00e3o conduzida pela irm\u00e3 Jailda Rocha Caetit\u00e9, Cfa. Depois, o Ministro da Cust\u00f3dia Imaculada Concei\u00e7\u00e3o, Frei Carlos de Oliveira Charles, OfnConv, apresentou uma forma\u00e7\u00e3o sobre o C\u00e2ntico. Ele comentou pontos liter\u00e1rios e espirituais da obra e lembrou por que o texto segue atual para quem vive o carisma franciscano.<\/p>\n<p><img loading=\"lazy\" class=\"wp-image-262703 size-medium aligncenter\" src=\"https:\/\/franciscanos.org.br\/noticias\/wp-content\/uploads\/2025\/12\/cffb2-450x338.jpeg\" alt=\"\" width=\"450\" height=\"338\" srcset=\"https:\/\/franciscanos.org.br\/noticias\/wp-content\/uploads\/2025\/12\/cffb2-450x338.jpeg 450w, https:\/\/franciscanos.org.br\/noticias\/wp-content\/uploads\/2025\/12\/cffb2-1024x768.jpeg 1024w, https:\/\/franciscanos.org.br\/noticias\/wp-content\/uploads\/2025\/12\/cffb2-768x576.jpeg 768w, https:\/\/franciscanos.org.br\/noticias\/wp-content\/uploads\/2025\/12\/cffb2-1536x1152.jpeg 1536w, https:\/\/franciscanos.org.br\/noticias\/wp-content\/uploads\/2025\/12\/cffb2-150x113.jpeg 150w, https:\/\/franciscanos.org.br\/noticias\/wp-content\/uploads\/2025\/12\/cffb2-600x450.jpeg 600w, https:\/\/franciscanos.org.br\/noticias\/wp-content\/uploads\/2025\/12\/cffb2.jpeg 1440w\" sizes=\"(max-width: 450px) 100vw, 450px\" \/><\/p>\n<p>Na sequ\u00eancia, irm\u00e3 Jailda agradeceu a presen\u00e7a do frei e iniciou a avalia\u00e7\u00e3o do ano, conduzida por Frei Marcelo Tadeu. O grupo revisou os encontros de 2025 e apontou caminhos para o trabalho da Confer\u00eancia. Comunicando algumas datas e atividades previstas para 2026, como a realiza\u00e7\u00e3o de uma rifa para ajudar na cria\u00e7\u00e3o de um caixa para o n\u00facleo.<\/p>\n<p>Durante o intervalo, a comunidade participou de um sorteio de brindes trazidos pelos pr\u00f3prios membros, refor\u00e7ando o clima fraterno do encontro. A programa\u00e7\u00e3o terminou com missa presidida por Frei Carlos e concelebrada por Frei Ludovico Garmus, ofm. Com ora\u00e7\u00e3o, di\u00e1logo e conviv\u00eancia, a Fam\u00edlia Franciscana de Petr\u00f3polis fechou o \u00faltimo encontro do ano e saiu animada para os pr\u00f3ximos passos rumo a 2026.<\/p>\n\n\t\t<style type=\"text\/css\">\n\t\t\t#gallery-1 {\n\t\t\t\tmargin: auto;\n\t\t\t}\n\t\t\t#gallery-1 .gallery-item {\n\t\t\t\tfloat: left;\n\t\t\t\tmargin-top: 10px;\n\t\t\t\ttext-align: center;\n\t\t\t\twidth: 50%;\n\t\t\t}\n\t\t\t#gallery-1 img {\n\t\t\t\tborder: 2px solid #cfcfcf;\n\t\t\t}\n\t\t\t#gallery-1 .gallery-caption {\n\t\t\t\tmargin-left: 0;\n\t\t\t}\n\t\t\t\/* see gallery_shortcode() in wp-includes\/media.php *\/\n\t\t<\/style>\n\t\t<div id='gallery-1' class='gallery galleryid-262701 gallery-columns-2 gallery-size-thumbnail'><dl class='gallery-item'>\n\t\t\t<dt class='gallery-icon portrait'>\n\t\t\t\t<a href='https:\/\/franciscanos.org.br\/noticias\/wp-content\/uploads\/2025\/12\/cffb1.jpeg'><img width=\"300\" height=\"300\" src=\"https:\/\/franciscanos.org.br\/noticias\/wp-content\/uploads\/2025\/12\/cffb1-300x300.jpeg\" class=\"attachment-thumbnail size-thumbnail\" alt=\"\" loading=\"lazy\" srcset=\"https:\/\/franciscanos.org.br\/noticias\/wp-content\/uploads\/2025\/12\/cffb1-300x300.jpeg 300w, https:\/\/franciscanos.org.br\/noticias\/wp-content\/uploads\/2025\/12\/cffb1-100x100.jpeg 100w\" sizes=\"(max-width: 300px) 100vw, 300px\" \/><\/a>\n\t\t\t<\/dt><\/dl><dl class='gallery-item'>\n\t\t\t<dt class='gallery-icon portrait'>\n\t\t\t\t<a href='https:\/\/franciscanos.org.br\/noticias\/wp-content\/uploads\/2025\/12\/cffb3.jpeg'><img width=\"300\" height=\"300\" src=\"https:\/\/franciscanos.org.br\/noticias\/wp-content\/uploads\/2025\/12\/cffb3-300x300.jpeg\" class=\"attachment-thumbnail size-thumbnail\" alt=\"\" loading=\"lazy\" srcset=\"https:\/\/franciscanos.org.br\/noticias\/wp-content\/uploads\/2025\/12\/cffb3-300x300.jpeg 300w, https:\/\/franciscanos.org.br\/noticias\/wp-content\/uploads\/2025\/12\/cffb3-100x100.jpeg 100w\" sizes=\"(max-width: 300px) 100vw, 300px\" \/><\/a>\n\t\t\t<\/dt><\/dl><br style=\"clear: both\" \/>\n\t\t<\/div>\n\n<p>O C\u00e2ntico das Criaturas \u00e9 um pilar fundamental da espiritualidade franciscana. Celebrar os 800 anos deste hino po\u00e9tico e m\u00edstico serviu como uma poderosa \u00e2ncora para o encontro de forma\u00e7\u00e3o.<\/p>\n<p>Mais do que uma simples leitura, a obra convida os franciscanos a vivenciarem a fraternidade universal, reconhecendo em cada elemento da cria\u00e7\u00e3o aspectos fundamentais de conviv\u00eancia, todos unidos pela cria\u00e7\u00e3o divina. Isto \u00e9, inspirar um relacionamento de profundo respeito e cuidado m\u00fatuo, carisma vital na contemporaneidade, especialmente diante dos desafios ambientais globais.<\/p>\n<p>A escolha do tema, portanto, refor\u00e7ou o elo entre a tradi\u00e7\u00e3o fundadora e os passos futuros da Confer\u00eancia. Refletir sobre a fonte de seu carisma serviu como motiva\u00e7\u00e3o para o di\u00e1logo e a conviv\u00eancia fraterna que se seguiram. O esp\u00edrito do C\u00e2ntico, que \u00e9 um louvor ininterrupto a Deus por Suas obras, permeou tanto a avalia\u00e7\u00e3o dos trabalhos realizados quanto o planejamento dos esfor\u00e7os para 2026, lembrando a todos que a miss\u00e3o franciscana \u00e9 insepar\u00e1vel da alegria e da gratid\u00e3o manifestadas por S\u00e3o Francisco.<\/p>\n<hr \/>\n<p><em>Texto: Frei Marcelo Tadeu, Ofm<\/em><br \/>\n<em>Fotos: Frei Gabriel Nogueira Alves, Ofm e Frei Jaime Villa, Ofm Conv<\/em><\/p>\n","protected":false},"excerpt":{"rendered":"<p>Encontro tamb\u00e9m marcou os 800 anos do C\u00e2ntico das Criaturas<\/p>\n","protected":false},"author":15,"featured_media":0,"comment_status":"open","ping_status":"open","sticky":false,"template":"","format":"standard","meta":[],"categories":[1],"tags":[],"acf":[],"yoast_head":"<!-- This site is optimized with the Yoast SEO plugin v19.2 - https:\/\/yoast.com\/wordpress\/plugins\/seo\/ -->\n<title>Fam\u00edlia Franciscana de Petr\u00f3polis encerra ano com encontro de forma\u00e7\u00e3o e celebra\u00e7\u00e3o - Not\u00edcias - Franciscanos<\/title>\n<meta name=\"robots\" content=\"index, follow, max-snippet:-1, max-image-preview:large, max-video-preview:-1\" \/>\n<link rel=\"canonical\" href=\"https:\/\/franciscanos.org.br\/noticias\/familia-franciscana-de-petropolis-encerra-ano-com-encontro-de-formacao-e-celebracao.html\" \/>\n<meta property=\"og:locale\" content=\"pt_BR\" \/>\n<meta property=\"og:type\" content=\"article\" \/>\n<meta property=\"og:title\" content=\"Fam\u00edlia Franciscana de Petr\u00f3polis encerra ano com encontro de forma\u00e7\u00e3o e celebra\u00e7\u00e3o - Not\u00edcias - Franciscanos\" \/>\n<meta property=\"og:description\" content=\"Encontro tamb\u00e9m marcou os 800 anos do C\u00e2ntico das Criaturas\" \/>\n<meta property=\"og:url\" content=\"https:\/\/franciscanos.org.br\/noticias\/familia-franciscana-de-petropolis-encerra-ano-com-encontro-de-formacao-e-celebracao.html\" \/>\n<meta property=\"og:site_name\" content=\"Not\u00edcias - Franciscanos\" \/>\n<meta property=\"article:published_time\" content=\"2025-12-04T13:30:09+00:00\" \/>\n<meta property=\"article:modified_time\" content=\"2025-12-08T12:05:10+00:00\" \/>\n<meta property=\"og:image\" content=\"https:\/\/franciscanos.org.br\/noticias\/wp-content\/uploads\/2025\/12\/cffb1-300x300.jpeg\" \/>\n<meta name=\"author\" content=\"Guilherme Rocha\" \/>\n<meta name=\"twitter:card\" content=\"summary_large_image\" \/>\n<meta name=\"twitter:label1\" content=\"Escrito por\" \/>\n\t<meta name=\"twitter:data1\" content=\"Guilherme Rocha\" \/>\n\t<meta name=\"twitter:label2\" content=\"Est. tempo de leitura\" \/>\n\t<meta name=\"twitter:data2\" content=\"2 minutos\" \/>\n<script type=\"application\/ld+json\" class=\"yoast-schema-graph\">{\"@context\":\"https:\/\/schema.org\",\"@graph\":[{\"@type\":\"WebSite\",\"@id\":\"https:\/\/franciscanos.org.br\/noticias\/#website\",\"url\":\"https:\/\/franciscanos.org.br\/noticias\/\",\"name\":\"Not\u00edcias - Franciscanos\",\"description\":\"Prov\u00edncia Franciscana da Imaculada Concei\u00e7\u00e3o do Brasil - Ordem dos Frades Menores - OFM\",\"potentialAction\":[{\"@type\":\"SearchAction\",\"target\":{\"@type\":\"EntryPoint\",\"urlTemplate\":\"https:\/\/franciscanos.org.br\/noticias\/?s={search_term_string}\"},\"query-input\":\"required name=search_term_string\"}],\"inLanguage\":\"pt-BR\"},{\"@type\":\"ImageObject\",\"inLanguage\":\"pt-BR\",\"@id\":\"https:\/\/franciscanos.org.br\/noticias\/familia-franciscana-de-petropolis-encerra-ano-com-encontro-de-formacao-e-celebracao.html#primaryimage\",\"url\":\"https:\/\/franciscanos.org.br\/noticias\/wp-content\/uploads\/2025\/12\/1280-x-720-px-2.png\",\"contentUrl\":\"https:\/\/franciscanos.org.br\/noticias\/wp-content\/uploads\/2025\/12\/1280-x-720-px-2.png\",\"width\":1280,\"height\":720},{\"@type\":\"WebPage\",\"@id\":\"https:\/\/franciscanos.org.br\/noticias\/familia-franciscana-de-petropolis-encerra-ano-com-encontro-de-formacao-e-celebracao.html#webpage\",\"url\":\"https:\/\/franciscanos.org.br\/noticias\/familia-franciscana-de-petropolis-encerra-ano-com-encontro-de-formacao-e-celebracao.html\",\"name\":\"Fam\u00edlia Franciscana de Petr\u00f3polis encerra ano com encontro de forma\u00e7\u00e3o e celebra\u00e7\u00e3o - Not\u00edcias - Franciscanos\",\"isPartOf\":{\"@id\":\"https:\/\/franciscanos.org.br\/noticias\/#website\"},\"primaryImageOfPage\":{\"@id\":\"https:\/\/franciscanos.org.br\/noticias\/familia-franciscana-de-petropolis-encerra-ano-com-encontro-de-formacao-e-celebracao.html#primaryimage\"},\"datePublished\":\"2025-12-04T13:30:09+00:00\",\"dateModified\":\"2025-12-08T12:05:10+00:00\",\"author\":{\"@id\":\"https:\/\/franciscanos.org.br\/noticias\/#\/schema\/person\/69bb4cd273a2528548b63cccab4980a0\"},\"breadcrumb\":{\"@id\":\"https:\/\/franciscanos.org.br\/noticias\/familia-franciscana-de-petropolis-encerra-ano-com-encontro-de-formacao-e-celebracao.html#breadcrumb\"},\"inLanguage\":\"pt-BR\",\"potentialAction\":[{\"@type\":\"ReadAction\",\"target\":[\"https:\/\/franciscanos.org.br\/noticias\/familia-franciscana-de-petropolis-encerra-ano-com-encontro-de-formacao-e-celebracao.html\"]}]},{\"@type\":\"BreadcrumbList\",\"@id\":\"https:\/\/franciscanos.org.br\/noticias\/familia-franciscana-de-petropolis-encerra-ano-com-encontro-de-formacao-e-celebracao.html#breadcrumb\",\"itemListElement\":[{\"@type\":\"ListItem\",\"position\":1,\"name\":\"Home\",\"item\":\"https:\/\/franciscanos.org.br\/noticias\"},{\"@type\":\"ListItem\",\"position\":2,\"name\":\"Fam\u00edlia Franciscana de Petr\u00f3polis encerra ano com encontro de forma\u00e7\u00e3o e celebra\u00e7\u00e3o\"}]},{\"@type\":\"Person\",\"@id\":\"https:\/\/franciscanos.org.br\/noticias\/#\/schema\/person\/69bb4cd273a2528548b63cccab4980a0\",\"name\":\"Guilherme Rocha\",\"image\":{\"@type\":\"ImageObject\",\"inLanguage\":\"pt-BR\",\"@id\":\"https:\/\/franciscanos.org.br\/noticias\/#\/schema\/person\/image\/\",\"url\":\"https:\/\/secure.gravatar.com\/avatar\/e480fee2377f81af36f6990ed742592a?s=96&d=mm&r=g\",\"contentUrl\":\"https:\/\/secure.gravatar.com\/avatar\/e480fee2377f81af36f6990ed742592a?s=96&d=mm&r=g\",\"caption\":\"Guilherme Rocha\"},\"url\":\"https:\/\/franciscanos.org.br\/noticias\/author\/guilhermerocha\"}]}<\/script>\n<!-- \/ Yoast SEO plugin. -->","yoast_head_json":{"title":"Fam\u00edlia Franciscana de Petr\u00f3polis encerra ano com encontro de forma\u00e7\u00e3o e celebra\u00e7\u00e3o - Not\u00edcias - Franciscanos","robots":{"index":"index","follow":"follow","max-snippet":"max-snippet:-1","max-image-preview":"max-image-preview:large","max-video-preview":"max-video-preview:-1"},"canonical":"https:\/\/franciscanos.org.br\/noticias\/familia-franciscana-de-petropolis-encerra-ano-com-encontro-de-formacao-e-celebracao.html","og_locale":"pt_BR","og_type":"article","og_title":"Fam\u00edlia Franciscana de Petr\u00f3polis encerra ano com encontro de forma\u00e7\u00e3o e celebra\u00e7\u00e3o - Not\u00edcias - Franciscanos","og_description":"Encontro tamb\u00e9m marcou os 800 anos do C\u00e2ntico das Criaturas","og_url":"https:\/\/franciscanos.org.br\/noticias\/familia-franciscana-de-petropolis-encerra-ano-com-encontro-de-formacao-e-celebracao.html","og_site_name":"Not\u00edcias - Franciscanos","article_published_time":"2025-12-04T13:30:09+00:00","article_modified_time":"2025-12-08T12:05:10+00:00","og_image":[{"url":"https:\/\/franciscanos.org.br\/noticias\/wp-content\/uploads\/2025\/12\/cffb1-300x300.jpeg"}],"author":"Guilherme Rocha","twitter_card":"summary_large_image","twitter_misc":{"Escrito por":"Guilherme Rocha","Est. tempo de leitura":"2 minutos"},"schema":{"@context":"https:\/\/schema.org","@graph":[{"@type":"WebSite","@id":"https:\/\/franciscanos.org.br\/noticias\/#website","url":"https:\/\/franciscanos.org.br\/noticias\/","name":"Not\u00edcias - Franciscanos","description":"Prov\u00edncia Franciscana da Imaculada Concei\u00e7\u00e3o do Brasil - Ordem dos Frades Menores - OFM","potentialAction":[{"@type":"SearchAction","target":{"@type":"EntryPoint","urlTemplate":"https:\/\/franciscanos.org.br\/noticias\/?s={search_term_string}"},"query-input":"required name=search_term_string"}],"inLanguage":"pt-BR"},{"@type":"ImageObject","inLanguage":"pt-BR","@id":"https:\/\/franciscanos.org.br\/noticias\/familia-franciscana-de-petropolis-encerra-ano-com-encontro-de-formacao-e-celebracao.html#primaryimage","url":"https:\/\/franciscanos.org.br\/noticias\/wp-content\/uploads\/2025\/12\/1280-x-720-px-2.png","contentUrl":"https:\/\/franciscanos.org.br\/noticias\/wp-content\/uploads\/2025\/12\/1280-x-720-px-2.png","width":1280,"height":720},{"@type":"WebPage","@id":"https:\/\/franciscanos.org.br\/noticias\/familia-franciscana-de-petropolis-encerra-ano-com-encontro-de-formacao-e-celebracao.html#webpage","url":"https:\/\/franciscanos.org.br\/noticias\/familia-franciscana-de-petropolis-encerra-ano-com-encontro-de-formacao-e-celebracao.html","name":"Fam\u00edlia Franciscana de Petr\u00f3polis encerra ano com encontro de forma\u00e7\u00e3o e celebra\u00e7\u00e3o - Not\u00edcias - Franciscanos","isPartOf":{"@id":"https:\/\/franciscanos.org.br\/noticias\/#website"},"primaryImageOfPage":{"@id":"https:\/\/franciscanos.org.br\/noticias\/familia-franciscana-de-petropolis-encerra-ano-com-encontro-de-formacao-e-celebracao.html#primaryimage"},"datePublished":"2025-12-04T13:30:09+00:00","dateModified":"2025-12-08T12:05:10+00:00","author":{"@id":"https:\/\/franciscanos.org.br\/noticias\/#\/schema\/person\/69bb4cd273a2528548b63cccab4980a0"},"breadcrumb":{"@id":"https:\/\/franciscanos.org.br\/noticias\/familia-franciscana-de-petropolis-encerra-ano-com-encontro-de-formacao-e-celebracao.html#breadcrumb"},"inLanguage":"pt-BR","potentialAction":[{"@type":"ReadAction","target":["https:\/\/franciscanos.org.br\/noticias\/familia-franciscana-de-petropolis-encerra-ano-com-encontro-de-formacao-e-celebracao.html"]}]},{"@type":"BreadcrumbList","@id":"https:\/\/franciscanos.org.br\/noticias\/familia-franciscana-de-petropolis-encerra-ano-com-encontro-de-formacao-e-celebracao.html#breadcrumb","itemListElement":[{"@type":"ListItem","position":1,"name":"Home","item":"https:\/\/franciscanos.org.br\/noticias"},{"@type":"ListItem","position":2,"name":"Fam\u00edlia Franciscana de Petr\u00f3polis encerra ano com encontro de forma\u00e7\u00e3o e celebra\u00e7\u00e3o"}]},{"@type":"Person","@id":"https:\/\/franciscanos.org.br\/noticias\/#\/schema\/person\/69bb4cd273a2528548b63cccab4980a0","name":"Guilherme Rocha","image":{"@type":"ImageObject","inLanguage":"pt-BR","@id":"https:\/\/franciscanos.org.br\/noticias\/#\/schema\/person\/image\/","url":"https:\/\/secure.gravatar.com\/avatar\/e480fee2377f81af36f6990ed742592a?s=96&d=mm&r=g","contentUrl":"https:\/\/secure.gravatar.com\/avatar\/e480fee2377f81af36f6990ed742592a?s=96&d=mm&r=g","caption":"Guilherme Rocha"},"url":"https:\/\/franciscanos.org.br\/noticias\/author\/guilhermerocha"}]}},"_links":{"self":[{"href":"https:\/\/franciscanos.org.br\/noticias\/wp-json\/wp\/v2\/posts\/262701"}],"collection":[{"href":"https:\/\/franciscanos.org.br\/noticias\/wp-json\/wp\/v2\/posts"}],"about":[{"href":"https:\/\/franciscanos.org.br\/noticias\/wp-json\/wp\/v2\/types\/post"}],"author":[{"embeddable":true,"href":"https:\/\/franciscanos.org.br\/noticias\/wp-json\/wp\/v2\/users\/15"}],"replies":[{"embeddable":true,"href":"https:\/\/franciscanos.org.br\/noticias\/wp-json\/wp\/v2\/comments?post=262701"}],"version-history":[{"count":8,"href":"https:\/\/franciscanos.org.br\/noticias\/wp-json\/wp\/v2\/posts\/262701\/revisions"}],"predecessor-version":[{"id":262745,"href":"https:\/\/franciscanos.org.br\/noticias\/wp-json\/wp\/v2\/posts\/262701\/revisions\/262745"}],"wp:attachment":[{"href":"https:\/\/franciscanos.org.br\/noticias\/wp-json\/wp\/v2\/media?parent=262701"}],"wp:term":[{"taxonomy":"category","embeddable":true,"href":"https:\/\/franciscanos.org.br\/noticias\/wp-json\/wp\/v2\/categories?post=262701"},{"taxonomy":"post_tag","embeddable":true,"href":"https:\/\/franciscanos.org.br\/noticias\/wp-json\/wp\/v2\/tags?post=262701"}],"curies":[{"name":"wp","href":"https:\/\/api.w.org\/{rel}","templated":true}]}}