{"id":262687,"date":"2025-12-01T15:03:08","date_gmt":"2025-12-01T18:03:08","guid":{"rendered":"https:\/\/franciscanos.org.br\/noticias\/?p=262687"},"modified":"2025-12-01T15:09:15","modified_gmt":"2025-12-01T18:09:15","slug":"mutirao-traz-dignidade-a-milhares-de-pessoas-em-situacao-de-rua","status":"publish","type":"post","link":"https:\/\/franciscanos.org.br\/noticias\/mutirao-traz-dignidade-a-milhares-de-pessoas-em-situacao-de-rua.html","title":{"rendered":"Mutir\u00e3o traz dignidade a milhares de pessoas em situa\u00e7\u00e3o de rua"},"content":{"rendered":"<p><img loading=\"lazy\" class=\"alignnone size-full wp-image-262688\" src=\"https:\/\/franciscanos.org.br\/noticias\/wp-content\/uploads\/2025\/12\/1280-x-720-px-3.png\" alt=\"\" width=\"1280\" height=\"720\" srcset=\"https:\/\/franciscanos.org.br\/noticias\/wp-content\/uploads\/2025\/12\/1280-x-720-px-3.png 1280w, https:\/\/franciscanos.org.br\/noticias\/wp-content\/uploads\/2025\/12\/1280-x-720-px-3-450x253.png 450w, https:\/\/franciscanos.org.br\/noticias\/wp-content\/uploads\/2025\/12\/1280-x-720-px-3-1024x576.png 1024w, https:\/\/franciscanos.org.br\/noticias\/wp-content\/uploads\/2025\/12\/1280-x-720-px-3-768x432.png 768w, https:\/\/franciscanos.org.br\/noticias\/wp-content\/uploads\/2025\/12\/1280-x-720-px-3-150x84.png 150w\" sizes=\"(max-width: 1280px) 100vw, 1280px\" \/><\/p>\n<p><span style=\"font-weight: 400;\">O Ch\u00e1 do Padre, projeto do Sefras \u2013 A\u00e7\u00e3o Social Franciscana e um dos maiores espa\u00e7os de atendimento a pessoas em situa\u00e7\u00e3o de rua na cidade de S\u00e3o Paulo, com aproximadamente mil pessoas por dia, recebeu na \u00faltima semana uma a\u00e7\u00e3o conjunta da Defensoria P\u00fablica da Uni\u00e3o (DPU) e da Defensoria P\u00fablica do Estado de S\u00e3o Paulo (DPESP). A iniciativa integrou o projeto &#8220;Ruas com Dignidade&#8221;, que refor\u00e7a o compromisso hist\u00f3rico das defensorias com o acesso a direitos para quem vive nas ruas.<\/span><\/p>\n<p><span style=\"font-weight: 400;\">H\u00e1 mais de uma d\u00e9cada, a DPU mant\u00e9m uma parceria constante no espa\u00e7o franciscano, oferecendo orienta\u00e7\u00e3o jur\u00eddica e encaminhamentos essenciais para que a popula\u00e7\u00e3o em situa\u00e7\u00e3o de rua consiga enfrentar barreiras burocr\u00e1ticas que muitas vezes impedem o acesso a servi\u00e7os b\u00e1sicos. A edi\u00e7\u00e3o deste ano ampliou ainda mais essa atua\u00e7\u00e3o com a presen\u00e7a da Defensoria P\u00fablica do Estado, unindo esfor\u00e7os para atender tanto demandas federais quanto estaduais, que triplicaram o n\u00famero dos atendidos no Ch\u00e1 do Padre no dia do mutir\u00e3o.<\/span><\/p>\n<p><span style=\"font-weight: 400;\">Segundo o Frei Tiago Elias, vice-presidente do Sefras, &#8220;o acesso \u00e0 justi\u00e7a \u00e9 parte fundamental da dignidade humana. Quando levamos atendimento jur\u00eddico \u00e0s ruas, reafirmamos que ningu\u00e9m deve ficar invis\u00edvel aos direitos b\u00e1sicos, independentemente de sua hist\u00f3ria ou condi\u00e7\u00e3o.\u201d<\/span><\/p>\n<p><span style=\"font-weight: 400;\">Durante o mutir\u00e3o, foram realizados atendimentos para emiss\u00e3o de segunda via de documentos, regulariza\u00e7\u00e3o de benef\u00edcios sociais, apoio em quest\u00f5es envolvendo INSS, Caixa Econ\u00f4mica Federal, Cad\u00danico e outros impasses que costumam travar a vida de quem j\u00e1 enfrenta a dura realidade de estar nas ruas. A a\u00e7\u00e3o tamb\u00e9m facilitou o acesso a certid\u00f5es de nascimento e atualiza\u00e7\u00f5es documentais, etapas fundamentais para a reconstru\u00e7\u00e3o da cidadania.<\/span><\/p>\n<p><span style=\"font-weight: 400;\">A defensora p\u00fablica federal Dra. Camila Taliberti Pereto Vasconcelos, coordenadora da a\u00e7\u00e3o da DPU no mutir\u00e3o, explicou a import\u00e2ncia dessa presen\u00e7a cont\u00ednua e integrada: \u201cN\u00f3s estamos aqui no Ruas com Dignidade para garantir direitos \u00e0 popula\u00e7\u00e3o em situa\u00e7\u00e3o de rua. A DPU j\u00e1 realiza atendimento jur\u00eddico no Ch\u00e1 do Padre h\u00e1 mais de 11 anos, desde 2011. Hoje, junto com a Defensoria P\u00fablica do Estado, ampliamos o alcance desse trabalho, atendendo tanto \u00e0s demandas federais quanto estaduais. Essas a\u00e7\u00f5es s\u00e3o essenciais para que eles consigam acessar a justi\u00e7a e assegurar seus direitos.\u201d<\/span><\/p>\n<p><span style=\"font-weight: 400;\">O mutir\u00e3o se somou \u00e0 rotina di\u00e1ria do Ch\u00e1 do Padre, onde as pessoas chegam em busca de alimenta\u00e7\u00e3o, apoio social e acolhimento. A presen\u00e7a das duas defensorias no mesmo espa\u00e7o refor\u00e7a a import\u00e2ncia do local como ponto de refer\u00eancia para quem precisa reconstruir sua documenta\u00e7\u00e3o, acessar benef\u00edcios e enfrentar processos que, sem ajuda jur\u00eddica, seriam imposs\u00edveis de resolver.<\/span><\/p>\n<hr \/>\n<p><i>Por Sefras<\/i><\/p>\n<div id=\"gallery-1\" class=\"gallery galleryid-262653 gallery-columns-3 gallery-size-thumbnail\"><\/div>\n\n\t\t<style type=\"text\/css\">\n\t\t\t#gallery-1 {\n\t\t\t\tmargin: auto;\n\t\t\t}\n\t\t\t#gallery-1 .gallery-item {\n\t\t\t\tfloat: left;\n\t\t\t\tmargin-top: 10px;\n\t\t\t\ttext-align: center;\n\t\t\t\twidth: 50%;\n\t\t\t}\n\t\t\t#gallery-1 img {\n\t\t\t\tborder: 2px solid #cfcfcf;\n\t\t\t}\n\t\t\t#gallery-1 .gallery-caption {\n\t\t\t\tmargin-left: 0;\n\t\t\t}\n\t\t\t\/* see gallery_shortcode() in wp-includes\/media.php *\/\n\t\t<\/style>\n\t\t<div id='gallery-1' class='gallery galleryid-262687 gallery-columns-2 gallery-size-thumbnail'><dl class='gallery-item'>\n\t\t\t<dt class='gallery-icon landscape'>\n\t\t\t\t<a href='https:\/\/franciscanos.org.br\/noticias\/mutirao-traz-dignidade-a-milhares-de-pessoas-em-situacao-de-rua.html\/img_8222'><img width=\"300\" height=\"300\" src=\"https:\/\/franciscanos.org.br\/noticias\/wp-content\/uploads\/2025\/12\/IMG_8222-300x300.jpg\" class=\"attachment-thumbnail size-thumbnail\" alt=\"\" loading=\"lazy\" srcset=\"https:\/\/franciscanos.org.br\/noticias\/wp-content\/uploads\/2025\/12\/IMG_8222-300x300.jpg 300w, https:\/\/franciscanos.org.br\/noticias\/wp-content\/uploads\/2025\/12\/IMG_8222-100x100.jpg 100w\" sizes=\"(max-width: 300px) 100vw, 300px\" \/><\/a>\n\t\t\t<\/dt><\/dl><dl class='gallery-item'>\n\t\t\t<dt class='gallery-icon portrait'>\n\t\t\t\t<a href='https:\/\/franciscanos.org.br\/noticias\/mutirao-traz-dignidade-a-milhares-de-pessoas-em-situacao-de-rua.html\/img_8219'><img width=\"300\" height=\"300\" src=\"https:\/\/franciscanos.org.br\/noticias\/wp-content\/uploads\/2025\/12\/IMG_8219-300x300.jpg\" class=\"attachment-thumbnail size-thumbnail\" alt=\"\" loading=\"lazy\" srcset=\"https:\/\/franciscanos.org.br\/noticias\/wp-content\/uploads\/2025\/12\/IMG_8219-300x300.jpg 300w, https:\/\/franciscanos.org.br\/noticias\/wp-content\/uploads\/2025\/12\/IMG_8219-100x100.jpg 100w\" sizes=\"(max-width: 300px) 100vw, 300px\" \/><\/a>\n\t\t\t<\/dt><\/dl><br style=\"clear: both\" \/>\n\t\t<\/div>\n\n","protected":false},"excerpt":{"rendered":"<p>&#8220;O acesso \u00e0 justi\u00e7a \u00e9 parte fundamental da dignidade humana&#8221;<\/p>\n","protected":false},"author":15,"featured_media":262688,"comment_status":"open","ping_status":"open","sticky":false,"template":"","format":"standard","meta":[],"categories":[1],"tags":[],"acf":[],"yoast_head":"<!-- This site is optimized with the Yoast SEO plugin v19.2 - https:\/\/yoast.com\/wordpress\/plugins\/seo\/ -->\n<title>Mutir\u00e3o traz dignidade a milhares de pessoas em situa\u00e7\u00e3o de rua - Not\u00edcias - Franciscanos<\/title>\n<meta name=\"robots\" content=\"index, follow, max-snippet:-1, max-image-preview:large, max-video-preview:-1\" \/>\n<link rel=\"canonical\" href=\"https:\/\/franciscanos.org.br\/noticias\/mutirao-traz-dignidade-a-milhares-de-pessoas-em-situacao-de-rua.html\" \/>\n<meta property=\"og:locale\" content=\"pt_BR\" \/>\n<meta property=\"og:type\" content=\"article\" \/>\n<meta property=\"og:title\" content=\"Mutir\u00e3o traz dignidade a milhares de pessoas em situa\u00e7\u00e3o de rua - Not\u00edcias - Franciscanos\" \/>\n<meta property=\"og:description\" content=\"&quot;O acesso \u00e0 justi\u00e7a \u00e9 parte fundamental da dignidade humana&quot;\" \/>\n<meta property=\"og:url\" content=\"https:\/\/franciscanos.org.br\/noticias\/mutirao-traz-dignidade-a-milhares-de-pessoas-em-situacao-de-rua.html\" \/>\n<meta property=\"og:site_name\" content=\"Not\u00edcias - Franciscanos\" \/>\n<meta property=\"article:published_time\" content=\"2025-12-01T18:03:08+00:00\" \/>\n<meta property=\"article:modified_time\" content=\"2025-12-01T18:09:15+00:00\" \/>\n<meta property=\"og:image\" content=\"https:\/\/franciscanos.org.br\/noticias\/wp-content\/uploads\/2025\/12\/1280-x-720-px-3.png\" \/>\n\t<meta property=\"og:image:width\" content=\"1280\" \/>\n\t<meta property=\"og:image:height\" content=\"720\" \/>\n\t<meta property=\"og:image:type\" content=\"image\/png\" \/>\n<meta name=\"author\" content=\"Guilherme Rocha\" \/>\n<meta name=\"twitter:card\" content=\"summary_large_image\" \/>\n<meta name=\"twitter:label1\" content=\"Escrito por\" \/>\n\t<meta name=\"twitter:data1\" content=\"Guilherme Rocha\" \/>\n\t<meta name=\"twitter:label2\" content=\"Est. tempo de leitura\" \/>\n\t<meta name=\"twitter:data2\" content=\"2 minutos\" \/>\n<script type=\"application\/ld+json\" class=\"yoast-schema-graph\">{\"@context\":\"https:\/\/schema.org\",\"@graph\":[{\"@type\":\"WebSite\",\"@id\":\"https:\/\/franciscanos.org.br\/noticias\/#website\",\"url\":\"https:\/\/franciscanos.org.br\/noticias\/\",\"name\":\"Not\u00edcias - Franciscanos\",\"description\":\"Prov\u00edncia Franciscana da Imaculada Concei\u00e7\u00e3o do Brasil - Ordem dos Frades Menores - OFM\",\"potentialAction\":[{\"@type\":\"SearchAction\",\"target\":{\"@type\":\"EntryPoint\",\"urlTemplate\":\"https:\/\/franciscanos.org.br\/noticias\/?s={search_term_string}\"},\"query-input\":\"required name=search_term_string\"}],\"inLanguage\":\"pt-BR\"},{\"@type\":\"ImageObject\",\"inLanguage\":\"pt-BR\",\"@id\":\"https:\/\/franciscanos.org.br\/noticias\/mutirao-traz-dignidade-a-milhares-de-pessoas-em-situacao-de-rua.html#primaryimage\",\"url\":\"https:\/\/franciscanos.org.br\/noticias\/wp-content\/uploads\/2025\/12\/1280-x-720-px-3.png\",\"contentUrl\":\"https:\/\/franciscanos.org.br\/noticias\/wp-content\/uploads\/2025\/12\/1280-x-720-px-3.png\",\"width\":1280,\"height\":720},{\"@type\":\"WebPage\",\"@id\":\"https:\/\/franciscanos.org.br\/noticias\/mutirao-traz-dignidade-a-milhares-de-pessoas-em-situacao-de-rua.html#webpage\",\"url\":\"https:\/\/franciscanos.org.br\/noticias\/mutirao-traz-dignidade-a-milhares-de-pessoas-em-situacao-de-rua.html\",\"name\":\"Mutir\u00e3o traz dignidade a milhares de pessoas em situa\u00e7\u00e3o de rua - Not\u00edcias - Franciscanos\",\"isPartOf\":{\"@id\":\"https:\/\/franciscanos.org.br\/noticias\/#website\"},\"primaryImageOfPage\":{\"@id\":\"https:\/\/franciscanos.org.br\/noticias\/mutirao-traz-dignidade-a-milhares-de-pessoas-em-situacao-de-rua.html#primaryimage\"},\"datePublished\":\"2025-12-01T18:03:08+00:00\",\"dateModified\":\"2025-12-01T18:09:15+00:00\",\"author\":{\"@id\":\"https:\/\/franciscanos.org.br\/noticias\/#\/schema\/person\/69bb4cd273a2528548b63cccab4980a0\"},\"breadcrumb\":{\"@id\":\"https:\/\/franciscanos.org.br\/noticias\/mutirao-traz-dignidade-a-milhares-de-pessoas-em-situacao-de-rua.html#breadcrumb\"},\"inLanguage\":\"pt-BR\",\"potentialAction\":[{\"@type\":\"ReadAction\",\"target\":[\"https:\/\/franciscanos.org.br\/noticias\/mutirao-traz-dignidade-a-milhares-de-pessoas-em-situacao-de-rua.html\"]}]},{\"@type\":\"BreadcrumbList\",\"@id\":\"https:\/\/franciscanos.org.br\/noticias\/mutirao-traz-dignidade-a-milhares-de-pessoas-em-situacao-de-rua.html#breadcrumb\",\"itemListElement\":[{\"@type\":\"ListItem\",\"position\":1,\"name\":\"Home\",\"item\":\"https:\/\/franciscanos.org.br\/noticias\"},{\"@type\":\"ListItem\",\"position\":2,\"name\":\"Mutir\u00e3o traz dignidade a milhares de pessoas em situa\u00e7\u00e3o de rua\"}]},{\"@type\":\"Person\",\"@id\":\"https:\/\/franciscanos.org.br\/noticias\/#\/schema\/person\/69bb4cd273a2528548b63cccab4980a0\",\"name\":\"Guilherme Rocha\",\"image\":{\"@type\":\"ImageObject\",\"inLanguage\":\"pt-BR\",\"@id\":\"https:\/\/franciscanos.org.br\/noticias\/#\/schema\/person\/image\/\",\"url\":\"https:\/\/secure.gravatar.com\/avatar\/e480fee2377f81af36f6990ed742592a?s=96&d=mm&r=g\",\"contentUrl\":\"https:\/\/secure.gravatar.com\/avatar\/e480fee2377f81af36f6990ed742592a?s=96&d=mm&r=g\",\"caption\":\"Guilherme Rocha\"},\"url\":\"https:\/\/franciscanos.org.br\/noticias\/author\/guilhermerocha\"}]}<\/script>\n<!-- \/ Yoast SEO plugin. -->","yoast_head_json":{"title":"Mutir\u00e3o traz dignidade a milhares de pessoas em situa\u00e7\u00e3o de rua - Not\u00edcias - Franciscanos","robots":{"index":"index","follow":"follow","max-snippet":"max-snippet:-1","max-image-preview":"max-image-preview:large","max-video-preview":"max-video-preview:-1"},"canonical":"https:\/\/franciscanos.org.br\/noticias\/mutirao-traz-dignidade-a-milhares-de-pessoas-em-situacao-de-rua.html","og_locale":"pt_BR","og_type":"article","og_title":"Mutir\u00e3o traz dignidade a milhares de pessoas em situa\u00e7\u00e3o de rua - Not\u00edcias - Franciscanos","og_description":"\"O acesso \u00e0 justi\u00e7a \u00e9 parte fundamental da dignidade humana\"","og_url":"https:\/\/franciscanos.org.br\/noticias\/mutirao-traz-dignidade-a-milhares-de-pessoas-em-situacao-de-rua.html","og_site_name":"Not\u00edcias - Franciscanos","article_published_time":"2025-12-01T18:03:08+00:00","article_modified_time":"2025-12-01T18:09:15+00:00","og_image":[{"width":1280,"height":720,"url":"https:\/\/franciscanos.org.br\/noticias\/wp-content\/uploads\/2025\/12\/1280-x-720-px-3.png","type":"image\/png"}],"author":"Guilherme Rocha","twitter_card":"summary_large_image","twitter_misc":{"Escrito por":"Guilherme Rocha","Est. tempo de leitura":"2 minutos"},"schema":{"@context":"https:\/\/schema.org","@graph":[{"@type":"WebSite","@id":"https:\/\/franciscanos.org.br\/noticias\/#website","url":"https:\/\/franciscanos.org.br\/noticias\/","name":"Not\u00edcias - Franciscanos","description":"Prov\u00edncia Franciscana da Imaculada Concei\u00e7\u00e3o do Brasil - Ordem dos Frades Menores - OFM","potentialAction":[{"@type":"SearchAction","target":{"@type":"EntryPoint","urlTemplate":"https:\/\/franciscanos.org.br\/noticias\/?s={search_term_string}"},"query-input":"required name=search_term_string"}],"inLanguage":"pt-BR"},{"@type":"ImageObject","inLanguage":"pt-BR","@id":"https:\/\/franciscanos.org.br\/noticias\/mutirao-traz-dignidade-a-milhares-de-pessoas-em-situacao-de-rua.html#primaryimage","url":"https:\/\/franciscanos.org.br\/noticias\/wp-content\/uploads\/2025\/12\/1280-x-720-px-3.png","contentUrl":"https:\/\/franciscanos.org.br\/noticias\/wp-content\/uploads\/2025\/12\/1280-x-720-px-3.png","width":1280,"height":720},{"@type":"WebPage","@id":"https:\/\/franciscanos.org.br\/noticias\/mutirao-traz-dignidade-a-milhares-de-pessoas-em-situacao-de-rua.html#webpage","url":"https:\/\/franciscanos.org.br\/noticias\/mutirao-traz-dignidade-a-milhares-de-pessoas-em-situacao-de-rua.html","name":"Mutir\u00e3o traz dignidade a milhares de pessoas em situa\u00e7\u00e3o de rua - Not\u00edcias - Franciscanos","isPartOf":{"@id":"https:\/\/franciscanos.org.br\/noticias\/#website"},"primaryImageOfPage":{"@id":"https:\/\/franciscanos.org.br\/noticias\/mutirao-traz-dignidade-a-milhares-de-pessoas-em-situacao-de-rua.html#primaryimage"},"datePublished":"2025-12-01T18:03:08+00:00","dateModified":"2025-12-01T18:09:15+00:00","author":{"@id":"https:\/\/franciscanos.org.br\/noticias\/#\/schema\/person\/69bb4cd273a2528548b63cccab4980a0"},"breadcrumb":{"@id":"https:\/\/franciscanos.org.br\/noticias\/mutirao-traz-dignidade-a-milhares-de-pessoas-em-situacao-de-rua.html#breadcrumb"},"inLanguage":"pt-BR","potentialAction":[{"@type":"ReadAction","target":["https:\/\/franciscanos.org.br\/noticias\/mutirao-traz-dignidade-a-milhares-de-pessoas-em-situacao-de-rua.html"]}]},{"@type":"BreadcrumbList","@id":"https:\/\/franciscanos.org.br\/noticias\/mutirao-traz-dignidade-a-milhares-de-pessoas-em-situacao-de-rua.html#breadcrumb","itemListElement":[{"@type":"ListItem","position":1,"name":"Home","item":"https:\/\/franciscanos.org.br\/noticias"},{"@type":"ListItem","position":2,"name":"Mutir\u00e3o traz dignidade a milhares de pessoas em situa\u00e7\u00e3o de rua"}]},{"@type":"Person","@id":"https:\/\/franciscanos.org.br\/noticias\/#\/schema\/person\/69bb4cd273a2528548b63cccab4980a0","name":"Guilherme Rocha","image":{"@type":"ImageObject","inLanguage":"pt-BR","@id":"https:\/\/franciscanos.org.br\/noticias\/#\/schema\/person\/image\/","url":"https:\/\/secure.gravatar.com\/avatar\/e480fee2377f81af36f6990ed742592a?s=96&d=mm&r=g","contentUrl":"https:\/\/secure.gravatar.com\/avatar\/e480fee2377f81af36f6990ed742592a?s=96&d=mm&r=g","caption":"Guilherme Rocha"},"url":"https:\/\/franciscanos.org.br\/noticias\/author\/guilhermerocha"}]}},"_links":{"self":[{"href":"https:\/\/franciscanos.org.br\/noticias\/wp-json\/wp\/v2\/posts\/262687"}],"collection":[{"href":"https:\/\/franciscanos.org.br\/noticias\/wp-json\/wp\/v2\/posts"}],"about":[{"href":"https:\/\/franciscanos.org.br\/noticias\/wp-json\/wp\/v2\/types\/post"}],"author":[{"embeddable":true,"href":"https:\/\/franciscanos.org.br\/noticias\/wp-json\/wp\/v2\/users\/15"}],"replies":[{"embeddable":true,"href":"https:\/\/franciscanos.org.br\/noticias\/wp-json\/wp\/v2\/comments?post=262687"}],"version-history":[{"count":4,"href":"https:\/\/franciscanos.org.br\/noticias\/wp-json\/wp\/v2\/posts\/262687\/revisions"}],"predecessor-version":[{"id":262694,"href":"https:\/\/franciscanos.org.br\/noticias\/wp-json\/wp\/v2\/posts\/262687\/revisions\/262694"}],"wp:featuredmedia":[{"embeddable":true,"href":"https:\/\/franciscanos.org.br\/noticias\/wp-json\/wp\/v2\/media\/262688"}],"wp:attachment":[{"href":"https:\/\/franciscanos.org.br\/noticias\/wp-json\/wp\/v2\/media?parent=262687"}],"wp:term":[{"taxonomy":"category","embeddable":true,"href":"https:\/\/franciscanos.org.br\/noticias\/wp-json\/wp\/v2\/categories?post=262687"},{"taxonomy":"post_tag","embeddable":true,"href":"https:\/\/franciscanos.org.br\/noticias\/wp-json\/wp\/v2\/tags?post=262687"}],"curies":[{"name":"wp","href":"https:\/\/api.w.org\/{rel}","templated":true}]}}