{"id":262650,"date":"2025-12-01T07:59:10","date_gmt":"2025-12-01T10:59:10","guid":{"rendered":"https:\/\/franciscanos.org.br\/noticias\/?p=262650"},"modified":"2025-12-01T07:59:10","modified_gmt":"2025-12-01T10:59:10","slug":"frades-de-profissao-temporaria-realizam-retiro-anual-em-rodeio","status":"publish","type":"post","link":"https:\/\/franciscanos.org.br\/noticias\/frades-de-profissao-temporaria-realizam-retiro-anual-em-rodeio.html","title":{"rendered":"Frades de profiss\u00e3o tempor\u00e1ria realizam retiro anual em Rodeio"},"content":{"rendered":"<p><img loading=\"lazy\" class=\"alignnone size-full wp-image-262651\" src=\"https:\/\/franciscanos.org.br\/noticias\/wp-content\/uploads\/2025\/12\/1280-x-720-px.png\" alt=\"\" width=\"1280\" height=\"720\" srcset=\"https:\/\/franciscanos.org.br\/noticias\/wp-content\/uploads\/2025\/12\/1280-x-720-px.png 1280w, https:\/\/franciscanos.org.br\/noticias\/wp-content\/uploads\/2025\/12\/1280-x-720-px-450x253.png 450w, https:\/\/franciscanos.org.br\/noticias\/wp-content\/uploads\/2025\/12\/1280-x-720-px-1024x576.png 1024w, https:\/\/franciscanos.org.br\/noticias\/wp-content\/uploads\/2025\/12\/1280-x-720-px-768x432.png 768w, https:\/\/franciscanos.org.br\/noticias\/wp-content\/uploads\/2025\/12\/1280-x-720-px-150x84.png 150w\" sizes=\"(max-width: 1280px) 100vw, 1280px\" \/><\/p>\n<p><span style=\"font-weight: 400;\">Entre os dias 23 e 27 de novembro, os frades de profiss\u00e3o tempor\u00e1ria participaram de seu retiro anual na cidade de Rodeio, na fraternidade do Noviciado. O encontro se deu em prepara\u00e7\u00e3o para a renova\u00e7\u00e3o dos votos religiosos de pobreza, obedi\u00eancia e castidade.<\/span><\/p>\n<p><i><span style=\"font-weight: 400;\">\u201cN\u00e3o me afastes da tua presen\u00e7a, nem tires de mim teu Santo Esp\u00edrito.\u201d<\/span><\/i><span style=\"font-weight: 400;\"> (Sl 51).\u00a0<\/span><\/p>\n<p><span style=\"font-weight: 400;\">Os frades retornaram ao espa\u00e7o onde viveram a marcante etapa do noviciado. Esse retorno, por si s\u00f3, torna-se ocasi\u00e3o de renova\u00e7\u00e3o interior e de retomada do sentido profundo da caminhada vocacional.<\/span><\/p>\n<p><span style=\"font-weight: 400;\">Durante os dias de sil\u00eancio, ora\u00e7\u00e3o e conviv\u00eancia fraterna, os frades retirantes puderam tamb\u00e9m conviver com os atuais novi\u00e7os, partilhando experi\u00eancias e fortalecendo-se mutuamente no ideal franciscano. A rotina pr\u00f3pria da casa, marcada por ora\u00e7\u00e3o, medita\u00e7\u00e3o e viv\u00eancia fraterna, contribuiu para criar um ambiente prop\u00edcio \u00e0 escuta e ao discernimento.<\/span><\/p>\n<p><b>Ter Cora\u00e7\u00e3o Puro<\/b><\/p>\n<p><span style=\"font-weight: 400;\">O retiro foi conduzido pelo guardi\u00e3o da fraternidade,<\/span> <span style=\"font-weight: 400;\">Frei Josemberg Cardoso Aranha, que prop\u00f4s uma reflex\u00e3o centrada na<\/span> <span style=\"font-weight: 400;\">pureza de cora\u00e7\u00e3o. <\/span><i><span style=\"font-weight: 400;\">\u201c\u00d3 Deus meu! Cria em mim um cora\u00e7\u00e3o puro e renova dentro de mim um esp\u00edrito inabal\u00e1vel\u201d (Sl 51).<\/span><\/i><\/p>\n<p><span style=\"font-weight: 400;\">Neste ano em que a Ordem celebra os 800 anos do C\u00e2ntico das Criaturas, o tema da pureza ganha ainda mais relev\u00e2ncia. Foi essa virtude que permitiu a S\u00e3o Francisco contemplar a cria\u00e7\u00e3o como irm\u00e3 e reconhecer, em todas as coisas, a presen\u00e7a amorosa do Alt\u00edssimo. Assim como a <\/span><i><span style=\"font-weight: 400;\">irm\u00e3 \u00e1gua<\/span><\/i><span style=\"font-weight: 400;\">, que corre livre, que limpa e \u00e9 transparente, a pureza de cora\u00e7\u00e3o se revela como uma disposi\u00e7\u00e3o interior que abre o olhar para Deus em tudo.<\/span><\/p>\n<p><span style=\"font-weight: 400;\">A partir da literatura de \u00c9loi Leclerc e de outros, os frades refletiram a pureza para al\u00e9m do senso comum do carnal, mas como um olhar constante dirigido \u00e0 santidade de Deus. Como recorda Leclerc em <\/span><i><span style=\"font-weight: 400;\">Sabedoria de um Pobre<\/span><\/i><span style=\"font-weight: 400;\">:<\/span><i><span style=\"font-weight: 400;\">\u201cN\u00e3o te preocupes tanto com a pureza da tua alma. Volta o olhar para Deus. Regozija-te por Ele ser toda a santidade.\u201d<\/span><\/i><\/p>\n<p><span style=\"font-weight: 400;\">Encerrado o retiro, os frades retornam fortalecidos pela ora\u00e7\u00e3o, pela fraternidade e pela renovada disposi\u00e7\u00e3o de viver o Evangelho de Nosso Senhor Jesus Cristo com S\u00e3o Francisco.<\/span><\/p>\n<hr \/>\n<p><i><span style=\"font-weight: 400;\">Por Frei Patryck Dutra<\/span><\/i><\/p>\n","protected":false},"excerpt":{"rendered":"<p>Encontro ocorreu entre os dias 23 e 27 de novembro<\/p>\n","protected":false},"author":15,"featured_media":262651,"comment_status":"open","ping_status":"open","sticky":false,"template":"","format":"standard","meta":[],"categories":[1],"tags":[],"acf":[],"yoast_head":"<!-- This site is optimized with the Yoast SEO plugin v19.2 - https:\/\/yoast.com\/wordpress\/plugins\/seo\/ -->\n<title>Frades de profiss\u00e3o tempor\u00e1ria realizam retiro anual em Rodeio - Not\u00edcias - Franciscanos<\/title>\n<meta name=\"robots\" content=\"index, follow, max-snippet:-1, max-image-preview:large, max-video-preview:-1\" \/>\n<link rel=\"canonical\" href=\"https:\/\/franciscanos.org.br\/noticias\/frades-de-profissao-temporaria-realizam-retiro-anual-em-rodeio.html\" \/>\n<meta property=\"og:locale\" content=\"pt_BR\" \/>\n<meta property=\"og:type\" content=\"article\" \/>\n<meta property=\"og:title\" content=\"Frades de profiss\u00e3o tempor\u00e1ria realizam retiro anual em Rodeio - Not\u00edcias - Franciscanos\" \/>\n<meta property=\"og:description\" content=\"Encontro ocorreu entre os dias 23 e 27 de novembro\" \/>\n<meta property=\"og:url\" content=\"https:\/\/franciscanos.org.br\/noticias\/frades-de-profissao-temporaria-realizam-retiro-anual-em-rodeio.html\" \/>\n<meta property=\"og:site_name\" content=\"Not\u00edcias - Franciscanos\" \/>\n<meta property=\"article:published_time\" content=\"2025-12-01T10:59:10+00:00\" \/>\n<meta property=\"og:image\" content=\"https:\/\/franciscanos.org.br\/noticias\/wp-content\/uploads\/2025\/12\/1280-x-720-px.png\" \/>\n\t<meta property=\"og:image:width\" content=\"1280\" \/>\n\t<meta property=\"og:image:height\" content=\"720\" \/>\n\t<meta property=\"og:image:type\" content=\"image\/png\" \/>\n<meta name=\"author\" content=\"Guilherme Rocha\" \/>\n<meta name=\"twitter:card\" content=\"summary_large_image\" \/>\n<meta name=\"twitter:label1\" content=\"Escrito por\" \/>\n\t<meta name=\"twitter:data1\" content=\"Guilherme Rocha\" \/>\n\t<meta name=\"twitter:label2\" content=\"Est. tempo de leitura\" \/>\n\t<meta name=\"twitter:data2\" content=\"2 minutos\" \/>\n<script type=\"application\/ld+json\" class=\"yoast-schema-graph\">{\"@context\":\"https:\/\/schema.org\",\"@graph\":[{\"@type\":\"WebSite\",\"@id\":\"https:\/\/franciscanos.org.br\/noticias\/#website\",\"url\":\"https:\/\/franciscanos.org.br\/noticias\/\",\"name\":\"Not\u00edcias - Franciscanos\",\"description\":\"Prov\u00edncia Franciscana da Imaculada Concei\u00e7\u00e3o do Brasil - Ordem dos Frades Menores - OFM\",\"potentialAction\":[{\"@type\":\"SearchAction\",\"target\":{\"@type\":\"EntryPoint\",\"urlTemplate\":\"https:\/\/franciscanos.org.br\/noticias\/?s={search_term_string}\"},\"query-input\":\"required name=search_term_string\"}],\"inLanguage\":\"pt-BR\"},{\"@type\":\"ImageObject\",\"inLanguage\":\"pt-BR\",\"@id\":\"https:\/\/franciscanos.org.br\/noticias\/frades-de-profissao-temporaria-realizam-retiro-anual-em-rodeio.html#primaryimage\",\"url\":\"https:\/\/franciscanos.org.br\/noticias\/wp-content\/uploads\/2025\/12\/1280-x-720-px.png\",\"contentUrl\":\"https:\/\/franciscanos.org.br\/noticias\/wp-content\/uploads\/2025\/12\/1280-x-720-px.png\",\"width\":1280,\"height\":720},{\"@type\":\"WebPage\",\"@id\":\"https:\/\/franciscanos.org.br\/noticias\/frades-de-profissao-temporaria-realizam-retiro-anual-em-rodeio.html#webpage\",\"url\":\"https:\/\/franciscanos.org.br\/noticias\/frades-de-profissao-temporaria-realizam-retiro-anual-em-rodeio.html\",\"name\":\"Frades de profiss\u00e3o tempor\u00e1ria realizam retiro anual em Rodeio - Not\u00edcias - Franciscanos\",\"isPartOf\":{\"@id\":\"https:\/\/franciscanos.org.br\/noticias\/#website\"},\"primaryImageOfPage\":{\"@id\":\"https:\/\/franciscanos.org.br\/noticias\/frades-de-profissao-temporaria-realizam-retiro-anual-em-rodeio.html#primaryimage\"},\"datePublished\":\"2025-12-01T10:59:10+00:00\",\"dateModified\":\"2025-12-01T10:59:10+00:00\",\"author\":{\"@id\":\"https:\/\/franciscanos.org.br\/noticias\/#\/schema\/person\/69bb4cd273a2528548b63cccab4980a0\"},\"breadcrumb\":{\"@id\":\"https:\/\/franciscanos.org.br\/noticias\/frades-de-profissao-temporaria-realizam-retiro-anual-em-rodeio.html#breadcrumb\"},\"inLanguage\":\"pt-BR\",\"potentialAction\":[{\"@type\":\"ReadAction\",\"target\":[\"https:\/\/franciscanos.org.br\/noticias\/frades-de-profissao-temporaria-realizam-retiro-anual-em-rodeio.html\"]}]},{\"@type\":\"BreadcrumbList\",\"@id\":\"https:\/\/franciscanos.org.br\/noticias\/frades-de-profissao-temporaria-realizam-retiro-anual-em-rodeio.html#breadcrumb\",\"itemListElement\":[{\"@type\":\"ListItem\",\"position\":1,\"name\":\"Home\",\"item\":\"https:\/\/franciscanos.org.br\/noticias\"},{\"@type\":\"ListItem\",\"position\":2,\"name\":\"Frades de profiss\u00e3o tempor\u00e1ria realizam retiro anual em Rodeio\"}]},{\"@type\":\"Person\",\"@id\":\"https:\/\/franciscanos.org.br\/noticias\/#\/schema\/person\/69bb4cd273a2528548b63cccab4980a0\",\"name\":\"Guilherme Rocha\",\"image\":{\"@type\":\"ImageObject\",\"inLanguage\":\"pt-BR\",\"@id\":\"https:\/\/franciscanos.org.br\/noticias\/#\/schema\/person\/image\/\",\"url\":\"https:\/\/secure.gravatar.com\/avatar\/e480fee2377f81af36f6990ed742592a?s=96&d=mm&r=g\",\"contentUrl\":\"https:\/\/secure.gravatar.com\/avatar\/e480fee2377f81af36f6990ed742592a?s=96&d=mm&r=g\",\"caption\":\"Guilherme Rocha\"},\"url\":\"https:\/\/franciscanos.org.br\/noticias\/author\/guilhermerocha\"}]}<\/script>\n<!-- \/ Yoast SEO plugin. -->","yoast_head_json":{"title":"Frades de profiss\u00e3o tempor\u00e1ria realizam retiro anual em Rodeio - Not\u00edcias - Franciscanos","robots":{"index":"index","follow":"follow","max-snippet":"max-snippet:-1","max-image-preview":"max-image-preview:large","max-video-preview":"max-video-preview:-1"},"canonical":"https:\/\/franciscanos.org.br\/noticias\/frades-de-profissao-temporaria-realizam-retiro-anual-em-rodeio.html","og_locale":"pt_BR","og_type":"article","og_title":"Frades de profiss\u00e3o tempor\u00e1ria realizam retiro anual em Rodeio - Not\u00edcias - Franciscanos","og_description":"Encontro ocorreu entre os dias 23 e 27 de novembro","og_url":"https:\/\/franciscanos.org.br\/noticias\/frades-de-profissao-temporaria-realizam-retiro-anual-em-rodeio.html","og_site_name":"Not\u00edcias - Franciscanos","article_published_time":"2025-12-01T10:59:10+00:00","og_image":[{"width":1280,"height":720,"url":"https:\/\/franciscanos.org.br\/noticias\/wp-content\/uploads\/2025\/12\/1280-x-720-px.png","type":"image\/png"}],"author":"Guilherme Rocha","twitter_card":"summary_large_image","twitter_misc":{"Escrito por":"Guilherme Rocha","Est. tempo de leitura":"2 minutos"},"schema":{"@context":"https:\/\/schema.org","@graph":[{"@type":"WebSite","@id":"https:\/\/franciscanos.org.br\/noticias\/#website","url":"https:\/\/franciscanos.org.br\/noticias\/","name":"Not\u00edcias - Franciscanos","description":"Prov\u00edncia Franciscana da Imaculada Concei\u00e7\u00e3o do Brasil - Ordem dos Frades Menores - OFM","potentialAction":[{"@type":"SearchAction","target":{"@type":"EntryPoint","urlTemplate":"https:\/\/franciscanos.org.br\/noticias\/?s={search_term_string}"},"query-input":"required name=search_term_string"}],"inLanguage":"pt-BR"},{"@type":"ImageObject","inLanguage":"pt-BR","@id":"https:\/\/franciscanos.org.br\/noticias\/frades-de-profissao-temporaria-realizam-retiro-anual-em-rodeio.html#primaryimage","url":"https:\/\/franciscanos.org.br\/noticias\/wp-content\/uploads\/2025\/12\/1280-x-720-px.png","contentUrl":"https:\/\/franciscanos.org.br\/noticias\/wp-content\/uploads\/2025\/12\/1280-x-720-px.png","width":1280,"height":720},{"@type":"WebPage","@id":"https:\/\/franciscanos.org.br\/noticias\/frades-de-profissao-temporaria-realizam-retiro-anual-em-rodeio.html#webpage","url":"https:\/\/franciscanos.org.br\/noticias\/frades-de-profissao-temporaria-realizam-retiro-anual-em-rodeio.html","name":"Frades de profiss\u00e3o tempor\u00e1ria realizam retiro anual em Rodeio - Not\u00edcias - Franciscanos","isPartOf":{"@id":"https:\/\/franciscanos.org.br\/noticias\/#website"},"primaryImageOfPage":{"@id":"https:\/\/franciscanos.org.br\/noticias\/frades-de-profissao-temporaria-realizam-retiro-anual-em-rodeio.html#primaryimage"},"datePublished":"2025-12-01T10:59:10+00:00","dateModified":"2025-12-01T10:59:10+00:00","author":{"@id":"https:\/\/franciscanos.org.br\/noticias\/#\/schema\/person\/69bb4cd273a2528548b63cccab4980a0"},"breadcrumb":{"@id":"https:\/\/franciscanos.org.br\/noticias\/frades-de-profissao-temporaria-realizam-retiro-anual-em-rodeio.html#breadcrumb"},"inLanguage":"pt-BR","potentialAction":[{"@type":"ReadAction","target":["https:\/\/franciscanos.org.br\/noticias\/frades-de-profissao-temporaria-realizam-retiro-anual-em-rodeio.html"]}]},{"@type":"BreadcrumbList","@id":"https:\/\/franciscanos.org.br\/noticias\/frades-de-profissao-temporaria-realizam-retiro-anual-em-rodeio.html#breadcrumb","itemListElement":[{"@type":"ListItem","position":1,"name":"Home","item":"https:\/\/franciscanos.org.br\/noticias"},{"@type":"ListItem","position":2,"name":"Frades de profiss\u00e3o tempor\u00e1ria realizam retiro anual em Rodeio"}]},{"@type":"Person","@id":"https:\/\/franciscanos.org.br\/noticias\/#\/schema\/person\/69bb4cd273a2528548b63cccab4980a0","name":"Guilherme Rocha","image":{"@type":"ImageObject","inLanguage":"pt-BR","@id":"https:\/\/franciscanos.org.br\/noticias\/#\/schema\/person\/image\/","url":"https:\/\/secure.gravatar.com\/avatar\/e480fee2377f81af36f6990ed742592a?s=96&d=mm&r=g","contentUrl":"https:\/\/secure.gravatar.com\/avatar\/e480fee2377f81af36f6990ed742592a?s=96&d=mm&r=g","caption":"Guilherme Rocha"},"url":"https:\/\/franciscanos.org.br\/noticias\/author\/guilhermerocha"}]}},"_links":{"self":[{"href":"https:\/\/franciscanos.org.br\/noticias\/wp-json\/wp\/v2\/posts\/262650"}],"collection":[{"href":"https:\/\/franciscanos.org.br\/noticias\/wp-json\/wp\/v2\/posts"}],"about":[{"href":"https:\/\/franciscanos.org.br\/noticias\/wp-json\/wp\/v2\/types\/post"}],"author":[{"embeddable":true,"href":"https:\/\/franciscanos.org.br\/noticias\/wp-json\/wp\/v2\/users\/15"}],"replies":[{"embeddable":true,"href":"https:\/\/franciscanos.org.br\/noticias\/wp-json\/wp\/v2\/comments?post=262650"}],"version-history":[{"count":1,"href":"https:\/\/franciscanos.org.br\/noticias\/wp-json\/wp\/v2\/posts\/262650\/revisions"}],"predecessor-version":[{"id":262652,"href":"https:\/\/franciscanos.org.br\/noticias\/wp-json\/wp\/v2\/posts\/262650\/revisions\/262652"}],"wp:featuredmedia":[{"embeddable":true,"href":"https:\/\/franciscanos.org.br\/noticias\/wp-json\/wp\/v2\/media\/262651"}],"wp:attachment":[{"href":"https:\/\/franciscanos.org.br\/noticias\/wp-json\/wp\/v2\/media?parent=262650"}],"wp:term":[{"taxonomy":"category","embeddable":true,"href":"https:\/\/franciscanos.org.br\/noticias\/wp-json\/wp\/v2\/categories?post=262650"},{"taxonomy":"post_tag","embeddable":true,"href":"https:\/\/franciscanos.org.br\/noticias\/wp-json\/wp\/v2\/tags?post=262650"}],"curies":[{"name":"wp","href":"https:\/\/api.w.org\/{rel}","templated":true}]}}