{"id":262528,"date":"2025-11-18T11:23:34","date_gmt":"2025-11-18T14:23:34","guid":{"rendered":"https:\/\/franciscanos.org.br\/noticias\/?p=262528"},"modified":"2025-11-18T11:53:12","modified_gmt":"2025-11-18T14:53:12","slug":"com-identidade-visual-lancada-mfj-2026-inicia-fase-de-inscricoes","status":"publish","type":"post","link":"https:\/\/franciscanos.org.br\/noticias\/com-identidade-visual-lancada-mfj-2026-inicia-fase-de-inscricoes.html","title":{"rendered":"Com identidade visual lan\u00e7ada, MFJ 2026 inicia fase de inscri\u00e7\u00f5es"},"content":{"rendered":"<p>&nbsp;<\/p>\n<p><img loading=\"lazy\" class=\"alignnone size-full wp-image-262533\" src=\"https:\/\/franciscanos.org.br\/noticias\/wp-content\/uploads\/2025\/11\/1-1.jpg\" alt=\"\" width=\"1280\" height=\"720\" srcset=\"https:\/\/franciscanos.org.br\/noticias\/wp-content\/uploads\/2025\/11\/1-1.jpg 1280w, https:\/\/franciscanos.org.br\/noticias\/wp-content\/uploads\/2025\/11\/1-1-450x253.jpg 450w, https:\/\/franciscanos.org.br\/noticias\/wp-content\/uploads\/2025\/11\/1-1-1024x576.jpg 1024w, https:\/\/franciscanos.org.br\/noticias\/wp-content\/uploads\/2025\/11\/1-1-768x432.jpg 768w, https:\/\/franciscanos.org.br\/noticias\/wp-content\/uploads\/2025\/11\/1-1-150x84.jpg 150w\" sizes=\"(max-width: 1280px) 100vw, 1280px\" \/><\/p>\n<p><span style=\"font-weight: 400;\">Desde agosto de 2025, a prepara\u00e7\u00e3o da 9\u00aa Miss\u00e3o Franciscana da Juventude (MFJ) j\u00e1 vem sendo desenhada com reuni\u00f5es presenciais de lideran\u00e7as, frades e jovens, durante as quais foram definidos o tema e lema, as equipes de trabalho e os locais de miss\u00e3o. Agora, o processo avan\u00e7a para uma nova etapa: foi lan\u00e7ada oficialmente a identidade visual da miss\u00e3o e abertas as inscri\u00e7\u00f5es, previstas para ocorrer entre 15 de novembro at\u00e9 20 de dezembro, para o encontro que acontecer\u00e1 de 29 de janeiro a 1\u00ba de fevereiro de 2026, em Santo Amaro da Imperatriz (SC).<\/span><\/p>\n<p><span style=\"font-weight: 400;\">Com o\u00a0tema\u00a0<\/span><i><span style=\"font-weight: 400;\">\u201cArtes\u00e3os da Paz e do Bem!\u201d<\/span><\/i><span style=\"font-weight: 400;\">\u00a0e o\u00a0lema\u00a0<\/span><i><span style=\"font-weight: 400;\">\u201cFrancisco e Carlo Acutis: jovens do Evangelho\u201d<\/span><\/i><span style=\"font-weight: 400;\">, a MFJ 2026 prop\u00f5e uma experi\u00eancia de espiritualidade, conviv\u00eancia fraterna e miss\u00e3o inspirada em dois grandes \u00edcones da juventude crist\u00e3.<\/span><\/p>\n<p><b>Identidade visual inspirada no artesanal e no digital<\/b><\/p>\n<p><span style=\"font-weight: 400;\">Desenvolvida por Lucas Santos, a identidade visual desta edi\u00e7\u00e3o mergulha no universo do jovem franciscano. O conceito criativo parte de tr\u00eas pilares: o\u00a0tema e o lema, a\u00a0linguagem artesanal\u00a0e a\u00a0est\u00e9tica digital retr\u00f4.<\/span><\/p>\n<p><span style=\"font-weight: 400;\">A proposta combina refer\u00eancias ao modo simples e manual dos \u201cartes\u00e3os da f\u00e9\u201d com elementos da cultura jovem contempor\u00e2nea. A t\u00e9cnica principal \u00e9 a\u00a0colagem digital, inspirada em\u00a0<\/span><i><span style=\"font-weight: 400;\">bullet journals<\/span><\/i><span style=\"font-weight: 400;\">\u00a0e\u00a0<\/span><i><span style=\"font-weight: 400;\">scrapbooks<\/span><\/i><span style=\"font-weight: 400;\">, reunindo texturas, adesivos, fotocolagens e anota\u00e7\u00f5es \u00e0 m\u00e3o para criar um visual espont\u00e2neo, afetivo e cheio de personalidade. A est\u00e9tica retr\u00f4 dos videogames dos anos 1980 e 1990 tamb\u00e9m aparece como linguagem que conecta gera\u00e7\u00f5es, refor\u00e7ando o di\u00e1logo entre tradi\u00e7\u00e3o e modernidade &#8211; t\u00e3o presente na vida de S\u00e3o Francisco e S\u00e3o Carlo Acutis.<\/span><\/p>\n<p><span style=\"font-weight: 400;\">Segundo o briefing do projeto, a identidade visual busca mostrar que \u201ca evangeliza\u00e7\u00e3o pode acontecer em qualquer tempo e meio, desde as m\u00e3os de um artes\u00e3o at\u00e9 as redes digitais\u201d.<\/span><\/p>\n<p><b>Inscri\u00e7\u00f5es abertas at\u00e9 20 de dezembro<\/b><\/p>\n<p><span style=\"font-weight: 400;\">As inscri\u00e7\u00f5es para a MFJ 2026 est\u00e3o abertas\u00a0desde o dia 15 de novembro at\u00e9 o dia 20 de dezembro,\u00a0sem prorroga\u00e7\u00e3o, e devem ser feitas exclusivamente pela plataforma\u00a0<\/span><a href=\"http:\/\/lets.events.com.br\"><span style=\"font-weight: 400;\">lets.events.com.br<\/span><\/a><span style=\"font-weight: 400;\">. As\u00a0vagas s\u00e3o limitadas.<\/span><\/p>\n<p><span style=\"font-weight: 400;\">O valor da inscri\u00e7\u00e3o \u00e9 de\u00a0R$ 125,00, j\u00e1 incluindo a taxa da plataforma. Podem participar jovens de\u00a016 a 45 anos\u00a0que tenham caminhada crist\u00e3 e pertencimento \u00e0 Igreja Cat\u00f3lica.\u00a0<\/span><\/p>\n<p><span style=\"font-weight: 400;\">A programa\u00e7\u00e3o prev\u00ea a abertura da miss\u00e3o no dia\u00a029 de janeiro, com credenciamento entre\u00a09h e 10h30, e o encerramento no dia\u00a01\u00ba de fevereiro, com almo\u00e7o a partir de\u00a012h30. O subs\u00eddio pr\u00e9-miss\u00e3o ser\u00e1 disponibilizado ainda em dezembro. J\u00e1 a carta aos motoristas deve ser solicitada diretamente pelas\u00a0lideran\u00e7as dos grupos.<\/span><\/p>\n<p><span style=\"font-weight: 400;\">Todas as atualiza\u00e7\u00f5es oficiais ser\u00e3o publicadas nas redes sociais das\u00a0@juventudesdaprovincia.<\/span><\/p>\n<p><b>INSCREVA-SE AQUI:\u00a0<\/b><\/p>\n<p><strong><a href=\"https:\/\/lets.events\/e\/9-missao-franciscana-da-juventude-santo-amaro-da-imperatriz-2026\">https:\/\/lets.events\/e\/9-missao-franciscana-da-juventude-santo-amaro-da-imperatriz-2026<\/a><\/strong><\/p>\n<p><b>Saiba mais sobre este evento<\/b><\/p>\n<p><span style=\"font-weight: 400;\">As Miss\u00f5es Franciscanas da Juventude s\u00e3o um evento promovido pela Equipe de Evangeliza\u00e7\u00e3o com as Juventudes da Prov\u00edncia Franciscana da Imaculada Concei\u00e7\u00e3o do Brasil, da Ordem dos Frades Menores (OFM) em parceria com Par\u00f3quias e grupos de jovens ligados ao carisma franciscano dos estados de SC, PR, SP, RJ e ES.<\/span><\/p>\n<p><span style=\"font-weight: 400;\">\u00c9 um evento voltado prioritariamente para jovens e tem como objetivo proporcionar aos jovens dias de encontro, reflex\u00e3o, forma\u00e7\u00e3o, ora\u00e7\u00e3o e espiritualidade, baseados no carisma franciscano, bem como propor uma experi\u00eancia concreta de miss\u00e3o. Por ser um evento confessional, a Miss\u00e3o Franciscana da Juventude se restringe \u00e0s pessoas diretamente ligadas \u00e0 f\u00e9 cat\u00f3lica.<\/span><\/p>\n<p><em><span style=\"font-weight: 400;\">Frei Augusto Luiz Gabriel<\/span><\/em><\/p>\n","protected":false},"excerpt":{"rendered":"<p>Inscri\u00e7\u00f5es podem ser feitas at\u00e9 o dia 20 de dezembro<\/p>\n","protected":false},"author":15,"featured_media":262533,"comment_status":"open","ping_status":"open","sticky":false,"template":"","format":"standard","meta":[],"categories":[1],"tags":[],"acf":[],"yoast_head":"<!-- This site is optimized with the Yoast SEO plugin v19.2 - https:\/\/yoast.com\/wordpress\/plugins\/seo\/ -->\n<title>Com identidade visual lan\u00e7ada, MFJ 2026 inicia fase de inscri\u00e7\u00f5es - Not\u00edcias - Franciscanos<\/title>\n<meta name=\"robots\" content=\"index, follow, max-snippet:-1, max-image-preview:large, max-video-preview:-1\" \/>\n<link rel=\"canonical\" href=\"https:\/\/franciscanos.org.br\/noticias\/com-identidade-visual-lancada-mfj-2026-inicia-fase-de-inscricoes.html\" \/>\n<meta property=\"og:locale\" content=\"pt_BR\" \/>\n<meta property=\"og:type\" content=\"article\" \/>\n<meta property=\"og:title\" content=\"Com identidade visual lan\u00e7ada, MFJ 2026 inicia fase de inscri\u00e7\u00f5es - Not\u00edcias - Franciscanos\" \/>\n<meta property=\"og:description\" content=\"Inscri\u00e7\u00f5es podem ser feitas at\u00e9 o dia 20 de dezembro\" \/>\n<meta property=\"og:url\" content=\"https:\/\/franciscanos.org.br\/noticias\/com-identidade-visual-lancada-mfj-2026-inicia-fase-de-inscricoes.html\" \/>\n<meta property=\"og:site_name\" content=\"Not\u00edcias - Franciscanos\" \/>\n<meta property=\"article:published_time\" content=\"2025-11-18T14:23:34+00:00\" \/>\n<meta property=\"article:modified_time\" content=\"2025-11-18T14:53:12+00:00\" \/>\n<meta property=\"og:image\" content=\"https:\/\/franciscanos.org.br\/noticias\/wp-content\/uploads\/2025\/11\/1-1.jpg\" \/>\n\t<meta property=\"og:image:width\" content=\"1280\" \/>\n\t<meta property=\"og:image:height\" content=\"720\" \/>\n\t<meta property=\"og:image:type\" content=\"image\/jpeg\" \/>\n<meta name=\"author\" content=\"Guilherme Rocha\" \/>\n<meta name=\"twitter:card\" content=\"summary_large_image\" \/>\n<meta name=\"twitter:label1\" content=\"Escrito por\" \/>\n\t<meta name=\"twitter:data1\" content=\"Guilherme Rocha\" \/>\n\t<meta name=\"twitter:label2\" content=\"Est. tempo de leitura\" \/>\n\t<meta name=\"twitter:data2\" content=\"3 minutos\" \/>\n<script type=\"application\/ld+json\" class=\"yoast-schema-graph\">{\"@context\":\"https:\/\/schema.org\",\"@graph\":[{\"@type\":\"WebSite\",\"@id\":\"https:\/\/franciscanos.org.br\/noticias\/#website\",\"url\":\"https:\/\/franciscanos.org.br\/noticias\/\",\"name\":\"Not\u00edcias - Franciscanos\",\"description\":\"Prov\u00edncia Franciscana da Imaculada Concei\u00e7\u00e3o do Brasil - Ordem dos Frades Menores - OFM\",\"potentialAction\":[{\"@type\":\"SearchAction\",\"target\":{\"@type\":\"EntryPoint\",\"urlTemplate\":\"https:\/\/franciscanos.org.br\/noticias\/?s={search_term_string}\"},\"query-input\":\"required name=search_term_string\"}],\"inLanguage\":\"pt-BR\"},{\"@type\":\"ImageObject\",\"inLanguage\":\"pt-BR\",\"@id\":\"https:\/\/franciscanos.org.br\/noticias\/com-identidade-visual-lancada-mfj-2026-inicia-fase-de-inscricoes.html#primaryimage\",\"url\":\"https:\/\/franciscanos.org.br\/noticias\/wp-content\/uploads\/2025\/11\/1-1.jpg\",\"contentUrl\":\"https:\/\/franciscanos.org.br\/noticias\/wp-content\/uploads\/2025\/11\/1-1.jpg\",\"width\":1280,\"height\":720},{\"@type\":\"WebPage\",\"@id\":\"https:\/\/franciscanos.org.br\/noticias\/com-identidade-visual-lancada-mfj-2026-inicia-fase-de-inscricoes.html#webpage\",\"url\":\"https:\/\/franciscanos.org.br\/noticias\/com-identidade-visual-lancada-mfj-2026-inicia-fase-de-inscricoes.html\",\"name\":\"Com identidade visual lan\u00e7ada, MFJ 2026 inicia fase de inscri\u00e7\u00f5es - Not\u00edcias - Franciscanos\",\"isPartOf\":{\"@id\":\"https:\/\/franciscanos.org.br\/noticias\/#website\"},\"primaryImageOfPage\":{\"@id\":\"https:\/\/franciscanos.org.br\/noticias\/com-identidade-visual-lancada-mfj-2026-inicia-fase-de-inscricoes.html#primaryimage\"},\"datePublished\":\"2025-11-18T14:23:34+00:00\",\"dateModified\":\"2025-11-18T14:53:12+00:00\",\"author\":{\"@id\":\"https:\/\/franciscanos.org.br\/noticias\/#\/schema\/person\/69bb4cd273a2528548b63cccab4980a0\"},\"breadcrumb\":{\"@id\":\"https:\/\/franciscanos.org.br\/noticias\/com-identidade-visual-lancada-mfj-2026-inicia-fase-de-inscricoes.html#breadcrumb\"},\"inLanguage\":\"pt-BR\",\"potentialAction\":[{\"@type\":\"ReadAction\",\"target\":[\"https:\/\/franciscanos.org.br\/noticias\/com-identidade-visual-lancada-mfj-2026-inicia-fase-de-inscricoes.html\"]}]},{\"@type\":\"BreadcrumbList\",\"@id\":\"https:\/\/franciscanos.org.br\/noticias\/com-identidade-visual-lancada-mfj-2026-inicia-fase-de-inscricoes.html#breadcrumb\",\"itemListElement\":[{\"@type\":\"ListItem\",\"position\":1,\"name\":\"Home\",\"item\":\"https:\/\/franciscanos.org.br\/noticias\"},{\"@type\":\"ListItem\",\"position\":2,\"name\":\"Com identidade visual lan\u00e7ada, MFJ 2026 inicia fase de inscri\u00e7\u00f5es\"}]},{\"@type\":\"Person\",\"@id\":\"https:\/\/franciscanos.org.br\/noticias\/#\/schema\/person\/69bb4cd273a2528548b63cccab4980a0\",\"name\":\"Guilherme Rocha\",\"image\":{\"@type\":\"ImageObject\",\"inLanguage\":\"pt-BR\",\"@id\":\"https:\/\/franciscanos.org.br\/noticias\/#\/schema\/person\/image\/\",\"url\":\"https:\/\/secure.gravatar.com\/avatar\/e480fee2377f81af36f6990ed742592a?s=96&d=mm&r=g\",\"contentUrl\":\"https:\/\/secure.gravatar.com\/avatar\/e480fee2377f81af36f6990ed742592a?s=96&d=mm&r=g\",\"caption\":\"Guilherme Rocha\"},\"url\":\"https:\/\/franciscanos.org.br\/noticias\/author\/guilhermerocha\"}]}<\/script>\n<!-- \/ Yoast SEO plugin. -->","yoast_head_json":{"title":"Com identidade visual lan\u00e7ada, MFJ 2026 inicia fase de inscri\u00e7\u00f5es - Not\u00edcias - Franciscanos","robots":{"index":"index","follow":"follow","max-snippet":"max-snippet:-1","max-image-preview":"max-image-preview:large","max-video-preview":"max-video-preview:-1"},"canonical":"https:\/\/franciscanos.org.br\/noticias\/com-identidade-visual-lancada-mfj-2026-inicia-fase-de-inscricoes.html","og_locale":"pt_BR","og_type":"article","og_title":"Com identidade visual lan\u00e7ada, MFJ 2026 inicia fase de inscri\u00e7\u00f5es - Not\u00edcias - Franciscanos","og_description":"Inscri\u00e7\u00f5es podem ser feitas at\u00e9 o dia 20 de dezembro","og_url":"https:\/\/franciscanos.org.br\/noticias\/com-identidade-visual-lancada-mfj-2026-inicia-fase-de-inscricoes.html","og_site_name":"Not\u00edcias - Franciscanos","article_published_time":"2025-11-18T14:23:34+00:00","article_modified_time":"2025-11-18T14:53:12+00:00","og_image":[{"width":1280,"height":720,"url":"https:\/\/franciscanos.org.br\/noticias\/wp-content\/uploads\/2025\/11\/1-1.jpg","type":"image\/jpeg"}],"author":"Guilherme Rocha","twitter_card":"summary_large_image","twitter_misc":{"Escrito por":"Guilherme Rocha","Est. tempo de leitura":"3 minutos"},"schema":{"@context":"https:\/\/schema.org","@graph":[{"@type":"WebSite","@id":"https:\/\/franciscanos.org.br\/noticias\/#website","url":"https:\/\/franciscanos.org.br\/noticias\/","name":"Not\u00edcias - Franciscanos","description":"Prov\u00edncia Franciscana da Imaculada Concei\u00e7\u00e3o do Brasil - Ordem dos Frades Menores - OFM","potentialAction":[{"@type":"SearchAction","target":{"@type":"EntryPoint","urlTemplate":"https:\/\/franciscanos.org.br\/noticias\/?s={search_term_string}"},"query-input":"required name=search_term_string"}],"inLanguage":"pt-BR"},{"@type":"ImageObject","inLanguage":"pt-BR","@id":"https:\/\/franciscanos.org.br\/noticias\/com-identidade-visual-lancada-mfj-2026-inicia-fase-de-inscricoes.html#primaryimage","url":"https:\/\/franciscanos.org.br\/noticias\/wp-content\/uploads\/2025\/11\/1-1.jpg","contentUrl":"https:\/\/franciscanos.org.br\/noticias\/wp-content\/uploads\/2025\/11\/1-1.jpg","width":1280,"height":720},{"@type":"WebPage","@id":"https:\/\/franciscanos.org.br\/noticias\/com-identidade-visual-lancada-mfj-2026-inicia-fase-de-inscricoes.html#webpage","url":"https:\/\/franciscanos.org.br\/noticias\/com-identidade-visual-lancada-mfj-2026-inicia-fase-de-inscricoes.html","name":"Com identidade visual lan\u00e7ada, MFJ 2026 inicia fase de inscri\u00e7\u00f5es - Not\u00edcias - Franciscanos","isPartOf":{"@id":"https:\/\/franciscanos.org.br\/noticias\/#website"},"primaryImageOfPage":{"@id":"https:\/\/franciscanos.org.br\/noticias\/com-identidade-visual-lancada-mfj-2026-inicia-fase-de-inscricoes.html#primaryimage"},"datePublished":"2025-11-18T14:23:34+00:00","dateModified":"2025-11-18T14:53:12+00:00","author":{"@id":"https:\/\/franciscanos.org.br\/noticias\/#\/schema\/person\/69bb4cd273a2528548b63cccab4980a0"},"breadcrumb":{"@id":"https:\/\/franciscanos.org.br\/noticias\/com-identidade-visual-lancada-mfj-2026-inicia-fase-de-inscricoes.html#breadcrumb"},"inLanguage":"pt-BR","potentialAction":[{"@type":"ReadAction","target":["https:\/\/franciscanos.org.br\/noticias\/com-identidade-visual-lancada-mfj-2026-inicia-fase-de-inscricoes.html"]}]},{"@type":"BreadcrumbList","@id":"https:\/\/franciscanos.org.br\/noticias\/com-identidade-visual-lancada-mfj-2026-inicia-fase-de-inscricoes.html#breadcrumb","itemListElement":[{"@type":"ListItem","position":1,"name":"Home","item":"https:\/\/franciscanos.org.br\/noticias"},{"@type":"ListItem","position":2,"name":"Com identidade visual lan\u00e7ada, MFJ 2026 inicia fase de inscri\u00e7\u00f5es"}]},{"@type":"Person","@id":"https:\/\/franciscanos.org.br\/noticias\/#\/schema\/person\/69bb4cd273a2528548b63cccab4980a0","name":"Guilherme Rocha","image":{"@type":"ImageObject","inLanguage":"pt-BR","@id":"https:\/\/franciscanos.org.br\/noticias\/#\/schema\/person\/image\/","url":"https:\/\/secure.gravatar.com\/avatar\/e480fee2377f81af36f6990ed742592a?s=96&d=mm&r=g","contentUrl":"https:\/\/secure.gravatar.com\/avatar\/e480fee2377f81af36f6990ed742592a?s=96&d=mm&r=g","caption":"Guilherme Rocha"},"url":"https:\/\/franciscanos.org.br\/noticias\/author\/guilhermerocha"}]}},"_links":{"self":[{"href":"https:\/\/franciscanos.org.br\/noticias\/wp-json\/wp\/v2\/posts\/262528"}],"collection":[{"href":"https:\/\/franciscanos.org.br\/noticias\/wp-json\/wp\/v2\/posts"}],"about":[{"href":"https:\/\/franciscanos.org.br\/noticias\/wp-json\/wp\/v2\/types\/post"}],"author":[{"embeddable":true,"href":"https:\/\/franciscanos.org.br\/noticias\/wp-json\/wp\/v2\/users\/15"}],"replies":[{"embeddable":true,"href":"https:\/\/franciscanos.org.br\/noticias\/wp-json\/wp\/v2\/comments?post=262528"}],"version-history":[{"count":5,"href":"https:\/\/franciscanos.org.br\/noticias\/wp-json\/wp\/v2\/posts\/262528\/revisions"}],"predecessor-version":[{"id":262535,"href":"https:\/\/franciscanos.org.br\/noticias\/wp-json\/wp\/v2\/posts\/262528\/revisions\/262535"}],"wp:featuredmedia":[{"embeddable":true,"href":"https:\/\/franciscanos.org.br\/noticias\/wp-json\/wp\/v2\/media\/262533"}],"wp:attachment":[{"href":"https:\/\/franciscanos.org.br\/noticias\/wp-json\/wp\/v2\/media?parent=262528"}],"wp:term":[{"taxonomy":"category","embeddable":true,"href":"https:\/\/franciscanos.org.br\/noticias\/wp-json\/wp\/v2\/categories?post=262528"},{"taxonomy":"post_tag","embeddable":true,"href":"https:\/\/franciscanos.org.br\/noticias\/wp-json\/wp\/v2\/tags?post=262528"}],"curies":[{"name":"wp","href":"https:\/\/api.w.org\/{rel}","templated":true}]}}