{"id":262387,"date":"2025-11-13T11:10:04","date_gmt":"2025-11-13T14:10:04","guid":{"rendered":"https:\/\/franciscanos.org.br\/noticias\/?p=262387"},"modified":"2025-11-13T11:38:17","modified_gmt":"2025-11-13T14:38:17","slug":"sete-frades-serao-instituidos-leitores-e-acolitos-em-duque-de-caxias-neste-domingo","status":"publish","type":"post","link":"https:\/\/franciscanos.org.br\/noticias\/sete-frades-serao-instituidos-leitores-e-acolitos-em-duque-de-caxias-neste-domingo.html","title":{"rendered":"Sete frades ser\u00e3o institu\u00eddos Leitores e Ac\u00f3litos em Duque de Caxias neste domingo"},"content":{"rendered":"<p><img loading=\"lazy\" class=\"alignnone size-full wp-image-262388\" src=\"https:\/\/franciscanos.org.br\/noticias\/wp-content\/uploads\/2025\/11\/1280-x-720-px-4-1.png\" alt=\"\" width=\"1280\" height=\"720\" srcset=\"https:\/\/franciscanos.org.br\/noticias\/wp-content\/uploads\/2025\/11\/1280-x-720-px-4-1.png 1280w, https:\/\/franciscanos.org.br\/noticias\/wp-content\/uploads\/2025\/11\/1280-x-720-px-4-1-450x253.png 450w, https:\/\/franciscanos.org.br\/noticias\/wp-content\/uploads\/2025\/11\/1280-x-720-px-4-1-1024x576.png 1024w, https:\/\/franciscanos.org.br\/noticias\/wp-content\/uploads\/2025\/11\/1280-x-720-px-4-1-768x432.png 768w, https:\/\/franciscanos.org.br\/noticias\/wp-content\/uploads\/2025\/11\/1280-x-720-px-4-1-150x84.png 150w\" sizes=\"(max-width: 1280px) 100vw, 1280px\" \/><\/p>\n<p><span style=\"font-weight: 400;\">No dia 16 de novembro (domingo), \u00e0s 18h, em missa presidida pelo Ministro provincial, Frei Paulo Roberto Pereira, na Comunidade Sant&#8217;Ana, que pertence \u00e0 Par\u00f3quia S\u00e3o Francisco, em Duque de Caxias (RJ), ser\u00e3o institu\u00eddos como Leitores: Frei Gabriel Nogueira Alves, Frei Marcelo Tadeu da Silva Cardoso e Frei Silverio Munga Cajonde. Na mesma celebra\u00e7\u00e3o, ser\u00e3o institu\u00eddos como Ac\u00f3litos: Frei Alberto Capingala Martinho Sambei, Frei Douglas Brito Ribeiro Atanazio de Sousa, Frei Franklin Matheus da Costa e Frei Pedro Isa\u00edas Luisa Vitangui.<\/span><\/p>\n<p><span style=\"font-weight: 400;\">Os frades passar\u00e3o a exercer o Leitorado e o Acolitado como parte de sua forma\u00e7\u00e3o para as Ordens Sacras, como requisito de idoneidade em sua prepara\u00e7\u00e3o para, no futuro, serem ordenados di\u00e1conos e presb\u00edteros a servi\u00e7o da Igreja.<\/span><\/p>\n<p><b>Contextualiza\u00e7\u00e3o sobre o Leitorado e o Acolitado<\/b><\/p>\n<p><span style=\"font-weight: 400;\">O minist\u00e9rio do Ac\u00f3lito \u00e9 institu\u00eddo para o servi\u00e7o ao altar e \u00e0 Eucaristia, o \u00e1pice da vida crist\u00e3. Suas fun\u00e7\u00f5es principais visam auxiliar o presb\u00edtero e o di\u00e1cono nas a\u00e7\u00f5es lit\u00fargicas, zelando pela dignidade e ordem do culto. \u00c9 de sua compet\u00eancia, por exemplo, preparar o altar e os vasos sagrados. Se necess\u00e1rio, tamb\u00e9m assume, de forma tempor\u00e1ria, o papel de ministro extraordin\u00e1rio para distribuir a Eucaristia aos fi\u00e9is.<\/span><\/p>\n<p><span style=\"font-weight: 400;\">Em linhas gerais, o servi\u00e7o do Ac\u00f3lito exige que ele cultive uma profunda piedade eucar\u00edstica, entendendo-se como um colaborador direto no mist\u00e9rio do Corpo e Sangue de Cristo. Por essa raz\u00e3o, o Ac\u00f3lito \u00e9 chamado a buscar o conhecimento da liturgia, de modo que sua participa\u00e7\u00e3o e aux\u00edlio ao ministro ordenado sirvam de exemplo e instru\u00e7\u00e3o para toda a comunidade.<\/span><\/p>\n<p><span style=\"font-weight: 400;\">O minist\u00e9rio do Leitor, por sua vez, est\u00e1 ligado \u00e0 proclama\u00e7\u00e3o da Palavra de Deus, sendo institu\u00eddo para proferir as leituras da Sagrada Escritura (com exce\u00e7\u00e3o do Evangelho), para que a Palavra seja viva no cora\u00e7\u00e3o dos homens. Tamb\u00e9m pode propor as inten\u00e7\u00f5es para a ora\u00e7\u00e3o universal e, na aus\u00eancia do salmista, proferir o salmo entre as leituras.<\/span><\/p>\n<p><span style=\"font-weight: 400;\">Para exercer de forma digna o seu minist\u00e9rio, o Leitor \u00e9 convocado a ser um homem de escuta da Escritura, tornando-se um instrumento que empresta sua voz para que Deus fale ao povo. Esse compromisso exige que o frade tenha a Palavra como centro de sua vida, transformando-se, assim, em um catequista que anuncia n\u00e3o s\u00f3 com a voz, mas com o testemunho de vida, seguindo o exemplo de S\u00e3o Francisco.<\/span><\/p>\n<p><b>Conhe\u00e7a um pouco sobre cada um destes irm\u00e3os<br \/>\n<\/b><\/p>\n<p><span style=\"font-weight: 400;\">Frei Alberto Capingala Martinho Sambei<\/span><\/p>\n<ul>\n<li style=\"font-weight: 400;\" aria-level=\"1\"><span style=\"font-weight: 400;\">Nascimento: 18 de mar\u00e7o de 1992<\/span><\/li>\n<li style=\"font-weight: 400;\" aria-level=\"1\"><span style=\"font-weight: 400;\">Naturalidade: Lobito, Benguela, BA<\/span><\/li>\n<li style=\"font-weight: 400;\" aria-level=\"1\"><span style=\"font-weight: 400;\">Perten\u00e7a: Fraternidade Nossa Senhora M\u00e3e Terra (RJ)<\/span><\/li>\n<li style=\"font-weight: 400;\" aria-level=\"1\"><span style=\"font-weight: 400;\">Vesti\u00e7\u00e3o: 06 de Fevereiro de 2017<\/span><\/li>\n<li style=\"font-weight: 400;\" aria-level=\"1\"><span style=\"font-weight: 400;\">Primeira Profiss\u00e3o: 08 de janeiro de 2018<\/span><\/li>\n<li style=\"font-weight: 400;\" aria-level=\"1\"><span style=\"font-weight: 400;\">Profiss\u00e3o Solene: 08 de dezembro de 2022<\/span><\/li>\n<\/ul>\n<p><span style=\"font-weight: 400;\">Frei Douglas Brito Ribeiro Atanazio de Sousa<\/span><\/p>\n<ul>\n<li style=\"font-weight: 400;\" aria-level=\"1\"><span style=\"font-weight: 400;\">Nascimento: 23 de mar\u00e7o de 1987<\/span><\/li>\n<li style=\"font-weight: 400;\" aria-level=\"1\"><span style=\"font-weight: 400;\">Naturalidade: Campo Grande, MS<\/span><\/li>\n<li style=\"font-weight: 400;\" aria-level=\"1\"><span style=\"font-weight: 400;\">Perten\u00e7a: Cust\u00f3dia das 7 Alegrias de Nossa Senhora (MT-MS).<\/span><\/li>\n<\/ul>\n<p><span style=\"font-weight: 400;\">Frei Franklin Matheus da Costa<\/span><\/p>\n<ul>\n<li style=\"font-weight: 400;\" aria-level=\"1\"><span style=\"font-weight: 400;\">Nascimento: 13 de abril de 1999<\/span><\/li>\n<li style=\"font-weight: 400;\" aria-level=\"1\"><span style=\"font-weight: 400;\">Naturalidade: Heliodora, MG<\/span><\/li>\n<li style=\"font-weight: 400;\" aria-level=\"1\"><span style=\"font-weight: 400;\">Perten\u00e7a: Fraternidade Nossa Senhora M\u00e3e Terra (RJ)<\/span><\/li>\n<li style=\"font-weight: 400;\" aria-level=\"1\"><span style=\"font-weight: 400;\">Vesti\u00e7\u00e3o: 15 de janeiro de 2018<\/span><\/li>\n<li style=\"font-weight: 400;\" aria-level=\"1\"><span style=\"font-weight: 400;\">Primeira Profiss\u00e3o: 10 de janeiro de 2019<\/span><\/li>\n<li style=\"font-weight: 400;\" aria-level=\"1\"><span style=\"font-weight: 400;\">Profiss\u00e3o Solene: 19 de outubro de 2024<\/span><\/li>\n<\/ul>\n<p><span style=\"font-weight: 400;\">\u00a0Frei Gabriel Nogueira Alves<\/span><\/p>\n<ul>\n<li style=\"font-weight: 400;\" aria-level=\"1\"><span style=\"font-weight: 400;\">Nascimento: 05 de julho de 1997<\/span><\/li>\n<li style=\"font-weight: 400;\" aria-level=\"1\"><span style=\"font-weight: 400;\">Naturalidade: S\u00e3o Paulo, SP<\/span><\/li>\n<li style=\"font-weight: 400;\" aria-level=\"1\"><span style=\"font-weight: 400;\">Perten\u00e7a: Fraternidade Franciscana Sagrado Cora\u00e7\u00e3o de Jesus (RJ)<\/span><\/li>\n<li style=\"font-weight: 400;\" aria-level=\"1\"><span style=\"font-weight: 400;\">Vesti\u00e7\u00e3o: 15 de janeiro de 2018<\/span><\/li>\n<li style=\"font-weight: 400;\" aria-level=\"1\"><span style=\"font-weight: 400;\">Primeira Profiss\u00e3o: 10 de janeiro de 2019<\/span><\/li>\n<li style=\"font-weight: 400;\" aria-level=\"1\"><span style=\"font-weight: 400;\">Profiss\u00e3o Solene: 19 de outubro de 2024<\/span><\/li>\n<\/ul>\n<p><span style=\"font-weight: 400;\">Frei Marcelo Tadeu da Silva Cardoso<\/span><\/p>\n<ul>\n<li style=\"font-weight: 400;\" aria-level=\"1\"><span style=\"font-weight: 400;\">Nascimento: 28 de agosto de 1984<\/span><\/li>\n<li style=\"font-weight: 400;\" aria-level=\"1\"><span style=\"font-weight: 400;\">Naturalidade: S\u00e3o Paulo, SP<\/span><\/li>\n<li style=\"font-weight: 400;\" aria-level=\"1\"><span style=\"font-weight: 400;\">Perten\u00e7a: Fraternidade Franciscana Sagrado Cora\u00e7\u00e3o de Jesus (RJ)<\/span><\/li>\n<li style=\"font-weight: 400;\" aria-level=\"1\"><span style=\"font-weight: 400;\">Vesti\u00e7\u00e3o: 15 de janeiro de 2018<\/span><\/li>\n<li style=\"font-weight: 400;\" aria-level=\"1\"><span style=\"font-weight: 400;\">Primeira Profiss\u00e3o: 10 de janeiro de 2019<\/span><\/li>\n<\/ul>\n<p><span style=\"font-weight: 400;\">Frei Pedro Isa\u00edas Luisa Vitangui<\/span><\/p>\n<ul>\n<li style=\"font-weight: 400;\" aria-level=\"1\"><span style=\"font-weight: 400;\">Nascimento: 26 de novembro de 1994<\/span><\/li>\n<li style=\"font-weight: 400;\" aria-level=\"1\"><span style=\"font-weight: 400;\">Naturalidade: Cu\u00edto, Angola<\/span><\/li>\n<li style=\"font-weight: 400;\" aria-level=\"1\"><span style=\"font-weight: 400;\">Perten\u00e7a: Fraternidade Franciscana Sagrado Cora\u00e7\u00e3o de Jesus (RJ)<\/span><\/li>\n<li style=\"font-weight: 400;\" aria-level=\"1\"><span style=\"font-weight: 400;\">Vesti\u00e7\u00e3o: 14 de outubro de 2021<\/span><\/li>\n<li style=\"font-weight: 400;\" aria-level=\"1\"><span style=\"font-weight: 400;\">Primeira Profiss\u00e3o: 23 de julho de 2022<\/span><\/li>\n<\/ul>\n<p><span style=\"font-weight: 400;\">Frei Silverio Munga Cajonde<\/span><\/p>\n<ul>\n<li style=\"font-weight: 400;\" aria-level=\"1\"><span style=\"font-weight: 400;\">Nascimento: 01 de janeiro de 1993<\/span><\/li>\n<li style=\"font-weight: 400;\" aria-level=\"1\"><span style=\"font-weight: 400;\">Naturalidade: Viana, Angola<\/span><\/li>\n<li style=\"font-weight: 400;\" aria-level=\"1\"><span style=\"font-weight: 400;\">Perten\u00e7a: Fraternidade Nossa Senhora M\u00e3e Terra (RJ)<\/span><\/li>\n<li style=\"font-weight: 400;\" aria-level=\"1\"><span style=\"font-weight: 400;\">Vesti\u00e7\u00e3o: 06 de fevereiro de 2017<\/span><\/li>\n<li style=\"font-weight: 400;\" aria-level=\"1\"><span style=\"font-weight: 400;\">Primeira Profiss\u00e3o: 08 de janeiro de 2018<\/span><\/li>\n<li style=\"font-weight: 400;\" aria-level=\"1\"><span style=\"font-weight: 400;\">Profiss\u00e3o Solene: 08 de dezembro de 2022<\/span><\/li>\n<\/ul>\n<p>&nbsp;<\/p>\n<ul>\n<li style=\"font-weight: 400;\" aria-level=\"1\"><span style=\"font-weight: 400;\"><img loading=\"lazy\" class=\"alignnone wp-image-262389\" src=\"https:\/\/franciscanos.org.br\/noticias\/wp-content\/uploads\/2025\/11\/Instituicao-dos-Ministerios--360x450.png\" alt=\"\" width=\"480\" height=\"600\" srcset=\"https:\/\/franciscanos.org.br\/noticias\/wp-content\/uploads\/2025\/11\/Instituicao-dos-Ministerios--360x450.png 360w, https:\/\/franciscanos.org.br\/noticias\/wp-content\/uploads\/2025\/11\/Instituicao-dos-Ministerios--819x1024.png 819w, https:\/\/franciscanos.org.br\/noticias\/wp-content\/uploads\/2025\/11\/Instituicao-dos-Ministerios--768x960.png 768w, https:\/\/franciscanos.org.br\/noticias\/wp-content\/uploads\/2025\/11\/Instituicao-dos-Ministerios--150x188.png 150w, https:\/\/franciscanos.org.br\/noticias\/wp-content\/uploads\/2025\/11\/Instituicao-dos-Ministerios-.png 864w\" sizes=\"(max-width: 480px) 100vw, 480px\" \/><\/span><\/li>\n<\/ul>\n","protected":false},"excerpt":{"rendered":"<p>Frades passar\u00e3o a exercer o Leitorado e o Acolitado como parte de sua forma\u00e7\u00e3o para as Ordens Sacras<\/p>\n","protected":false},"author":15,"featured_media":262388,"comment_status":"open","ping_status":"open","sticky":false,"template":"","format":"standard","meta":[],"categories":[1],"tags":[],"acf":[],"yoast_head":"<!-- This site is optimized with the Yoast SEO plugin v19.2 - https:\/\/yoast.com\/wordpress\/plugins\/seo\/ -->\n<title>Sete frades ser\u00e3o institu\u00eddos Leitores e Ac\u00f3litos em Duque de Caxias neste domingo - Not\u00edcias - Franciscanos<\/title>\n<meta name=\"robots\" content=\"index, follow, max-snippet:-1, max-image-preview:large, max-video-preview:-1\" \/>\n<link rel=\"canonical\" href=\"https:\/\/franciscanos.org.br\/noticias\/sete-frades-serao-instituidos-leitores-e-acolitos-em-duque-de-caxias-neste-domingo.html\" \/>\n<meta property=\"og:locale\" content=\"pt_BR\" \/>\n<meta property=\"og:type\" content=\"article\" \/>\n<meta property=\"og:title\" content=\"Sete frades ser\u00e3o institu\u00eddos Leitores e Ac\u00f3litos em Duque de Caxias neste domingo - Not\u00edcias - Franciscanos\" \/>\n<meta property=\"og:description\" content=\"Frades passar\u00e3o a exercer o Leitorado e o Acolitado como parte de sua forma\u00e7\u00e3o para as Ordens Sacras\" \/>\n<meta property=\"og:url\" content=\"https:\/\/franciscanos.org.br\/noticias\/sete-frades-serao-instituidos-leitores-e-acolitos-em-duque-de-caxias-neste-domingo.html\" \/>\n<meta property=\"og:site_name\" content=\"Not\u00edcias - Franciscanos\" \/>\n<meta property=\"article:published_time\" content=\"2025-11-13T14:10:04+00:00\" \/>\n<meta property=\"article:modified_time\" content=\"2025-11-13T14:38:17+00:00\" \/>\n<meta property=\"og:image\" content=\"https:\/\/franciscanos.org.br\/noticias\/wp-content\/uploads\/2025\/11\/1280-x-720-px-4-1.png\" \/>\n\t<meta property=\"og:image:width\" content=\"1280\" \/>\n\t<meta property=\"og:image:height\" content=\"720\" \/>\n\t<meta property=\"og:image:type\" content=\"image\/png\" \/>\n<meta name=\"author\" content=\"Guilherme Rocha\" \/>\n<meta name=\"twitter:card\" content=\"summary_large_image\" \/>\n<meta name=\"twitter:label1\" content=\"Escrito por\" \/>\n\t<meta name=\"twitter:data1\" content=\"Guilherme Rocha\" \/>\n\t<meta name=\"twitter:label2\" content=\"Est. tempo de leitura\" \/>\n\t<meta name=\"twitter:data2\" content=\"3 minutos\" \/>\n<script type=\"application\/ld+json\" class=\"yoast-schema-graph\">{\"@context\":\"https:\/\/schema.org\",\"@graph\":[{\"@type\":\"WebSite\",\"@id\":\"https:\/\/franciscanos.org.br\/noticias\/#website\",\"url\":\"https:\/\/franciscanos.org.br\/noticias\/\",\"name\":\"Not\u00edcias - Franciscanos\",\"description\":\"Prov\u00edncia Franciscana da Imaculada Concei\u00e7\u00e3o do Brasil - Ordem dos Frades Menores - OFM\",\"potentialAction\":[{\"@type\":\"SearchAction\",\"target\":{\"@type\":\"EntryPoint\",\"urlTemplate\":\"https:\/\/franciscanos.org.br\/noticias\/?s={search_term_string}\"},\"query-input\":\"required name=search_term_string\"}],\"inLanguage\":\"pt-BR\"},{\"@type\":\"ImageObject\",\"inLanguage\":\"pt-BR\",\"@id\":\"https:\/\/franciscanos.org.br\/noticias\/sete-frades-serao-instituidos-leitores-e-acolitos-em-duque-de-caxias-neste-domingo.html#primaryimage\",\"url\":\"https:\/\/franciscanos.org.br\/noticias\/wp-content\/uploads\/2025\/11\/1280-x-720-px-4-1.png\",\"contentUrl\":\"https:\/\/franciscanos.org.br\/noticias\/wp-content\/uploads\/2025\/11\/1280-x-720-px-4-1.png\",\"width\":1280,\"height\":720},{\"@type\":\"WebPage\",\"@id\":\"https:\/\/franciscanos.org.br\/noticias\/sete-frades-serao-instituidos-leitores-e-acolitos-em-duque-de-caxias-neste-domingo.html#webpage\",\"url\":\"https:\/\/franciscanos.org.br\/noticias\/sete-frades-serao-instituidos-leitores-e-acolitos-em-duque-de-caxias-neste-domingo.html\",\"name\":\"Sete frades ser\u00e3o institu\u00eddos Leitores e Ac\u00f3litos em Duque de Caxias neste domingo - Not\u00edcias - Franciscanos\",\"isPartOf\":{\"@id\":\"https:\/\/franciscanos.org.br\/noticias\/#website\"},\"primaryImageOfPage\":{\"@id\":\"https:\/\/franciscanos.org.br\/noticias\/sete-frades-serao-instituidos-leitores-e-acolitos-em-duque-de-caxias-neste-domingo.html#primaryimage\"},\"datePublished\":\"2025-11-13T14:10:04+00:00\",\"dateModified\":\"2025-11-13T14:38:17+00:00\",\"author\":{\"@id\":\"https:\/\/franciscanos.org.br\/noticias\/#\/schema\/person\/69bb4cd273a2528548b63cccab4980a0\"},\"breadcrumb\":{\"@id\":\"https:\/\/franciscanos.org.br\/noticias\/sete-frades-serao-instituidos-leitores-e-acolitos-em-duque-de-caxias-neste-domingo.html#breadcrumb\"},\"inLanguage\":\"pt-BR\",\"potentialAction\":[{\"@type\":\"ReadAction\",\"target\":[\"https:\/\/franciscanos.org.br\/noticias\/sete-frades-serao-instituidos-leitores-e-acolitos-em-duque-de-caxias-neste-domingo.html\"]}]},{\"@type\":\"BreadcrumbList\",\"@id\":\"https:\/\/franciscanos.org.br\/noticias\/sete-frades-serao-instituidos-leitores-e-acolitos-em-duque-de-caxias-neste-domingo.html#breadcrumb\",\"itemListElement\":[{\"@type\":\"ListItem\",\"position\":1,\"name\":\"Home\",\"item\":\"https:\/\/franciscanos.org.br\/noticias\"},{\"@type\":\"ListItem\",\"position\":2,\"name\":\"Sete frades ser\u00e3o institu\u00eddos Leitores e Ac\u00f3litos em Duque de Caxias neste domingo\"}]},{\"@type\":\"Person\",\"@id\":\"https:\/\/franciscanos.org.br\/noticias\/#\/schema\/person\/69bb4cd273a2528548b63cccab4980a0\",\"name\":\"Guilherme Rocha\",\"image\":{\"@type\":\"ImageObject\",\"inLanguage\":\"pt-BR\",\"@id\":\"https:\/\/franciscanos.org.br\/noticias\/#\/schema\/person\/image\/\",\"url\":\"https:\/\/secure.gravatar.com\/avatar\/e480fee2377f81af36f6990ed742592a?s=96&d=mm&r=g\",\"contentUrl\":\"https:\/\/secure.gravatar.com\/avatar\/e480fee2377f81af36f6990ed742592a?s=96&d=mm&r=g\",\"caption\":\"Guilherme Rocha\"},\"url\":\"https:\/\/franciscanos.org.br\/noticias\/author\/guilhermerocha\"}]}<\/script>\n<!-- \/ Yoast SEO plugin. -->","yoast_head_json":{"title":"Sete frades ser\u00e3o institu\u00eddos Leitores e Ac\u00f3litos em Duque de Caxias neste domingo - Not\u00edcias - Franciscanos","robots":{"index":"index","follow":"follow","max-snippet":"max-snippet:-1","max-image-preview":"max-image-preview:large","max-video-preview":"max-video-preview:-1"},"canonical":"https:\/\/franciscanos.org.br\/noticias\/sete-frades-serao-instituidos-leitores-e-acolitos-em-duque-de-caxias-neste-domingo.html","og_locale":"pt_BR","og_type":"article","og_title":"Sete frades ser\u00e3o institu\u00eddos Leitores e Ac\u00f3litos em Duque de Caxias neste domingo - Not\u00edcias - Franciscanos","og_description":"Frades passar\u00e3o a exercer o Leitorado e o Acolitado como parte de sua forma\u00e7\u00e3o para as Ordens Sacras","og_url":"https:\/\/franciscanos.org.br\/noticias\/sete-frades-serao-instituidos-leitores-e-acolitos-em-duque-de-caxias-neste-domingo.html","og_site_name":"Not\u00edcias - Franciscanos","article_published_time":"2025-11-13T14:10:04+00:00","article_modified_time":"2025-11-13T14:38:17+00:00","og_image":[{"width":1280,"height":720,"url":"https:\/\/franciscanos.org.br\/noticias\/wp-content\/uploads\/2025\/11\/1280-x-720-px-4-1.png","type":"image\/png"}],"author":"Guilherme Rocha","twitter_card":"summary_large_image","twitter_misc":{"Escrito por":"Guilherme Rocha","Est. tempo de leitura":"3 minutos"},"schema":{"@context":"https:\/\/schema.org","@graph":[{"@type":"WebSite","@id":"https:\/\/franciscanos.org.br\/noticias\/#website","url":"https:\/\/franciscanos.org.br\/noticias\/","name":"Not\u00edcias - Franciscanos","description":"Prov\u00edncia Franciscana da Imaculada Concei\u00e7\u00e3o do Brasil - Ordem dos Frades Menores - OFM","potentialAction":[{"@type":"SearchAction","target":{"@type":"EntryPoint","urlTemplate":"https:\/\/franciscanos.org.br\/noticias\/?s={search_term_string}"},"query-input":"required name=search_term_string"}],"inLanguage":"pt-BR"},{"@type":"ImageObject","inLanguage":"pt-BR","@id":"https:\/\/franciscanos.org.br\/noticias\/sete-frades-serao-instituidos-leitores-e-acolitos-em-duque-de-caxias-neste-domingo.html#primaryimage","url":"https:\/\/franciscanos.org.br\/noticias\/wp-content\/uploads\/2025\/11\/1280-x-720-px-4-1.png","contentUrl":"https:\/\/franciscanos.org.br\/noticias\/wp-content\/uploads\/2025\/11\/1280-x-720-px-4-1.png","width":1280,"height":720},{"@type":"WebPage","@id":"https:\/\/franciscanos.org.br\/noticias\/sete-frades-serao-instituidos-leitores-e-acolitos-em-duque-de-caxias-neste-domingo.html#webpage","url":"https:\/\/franciscanos.org.br\/noticias\/sete-frades-serao-instituidos-leitores-e-acolitos-em-duque-de-caxias-neste-domingo.html","name":"Sete frades ser\u00e3o institu\u00eddos Leitores e Ac\u00f3litos em Duque de Caxias neste domingo - Not\u00edcias - Franciscanos","isPartOf":{"@id":"https:\/\/franciscanos.org.br\/noticias\/#website"},"primaryImageOfPage":{"@id":"https:\/\/franciscanos.org.br\/noticias\/sete-frades-serao-instituidos-leitores-e-acolitos-em-duque-de-caxias-neste-domingo.html#primaryimage"},"datePublished":"2025-11-13T14:10:04+00:00","dateModified":"2025-11-13T14:38:17+00:00","author":{"@id":"https:\/\/franciscanos.org.br\/noticias\/#\/schema\/person\/69bb4cd273a2528548b63cccab4980a0"},"breadcrumb":{"@id":"https:\/\/franciscanos.org.br\/noticias\/sete-frades-serao-instituidos-leitores-e-acolitos-em-duque-de-caxias-neste-domingo.html#breadcrumb"},"inLanguage":"pt-BR","potentialAction":[{"@type":"ReadAction","target":["https:\/\/franciscanos.org.br\/noticias\/sete-frades-serao-instituidos-leitores-e-acolitos-em-duque-de-caxias-neste-domingo.html"]}]},{"@type":"BreadcrumbList","@id":"https:\/\/franciscanos.org.br\/noticias\/sete-frades-serao-instituidos-leitores-e-acolitos-em-duque-de-caxias-neste-domingo.html#breadcrumb","itemListElement":[{"@type":"ListItem","position":1,"name":"Home","item":"https:\/\/franciscanos.org.br\/noticias"},{"@type":"ListItem","position":2,"name":"Sete frades ser\u00e3o institu\u00eddos Leitores e Ac\u00f3litos em Duque de Caxias neste domingo"}]},{"@type":"Person","@id":"https:\/\/franciscanos.org.br\/noticias\/#\/schema\/person\/69bb4cd273a2528548b63cccab4980a0","name":"Guilherme Rocha","image":{"@type":"ImageObject","inLanguage":"pt-BR","@id":"https:\/\/franciscanos.org.br\/noticias\/#\/schema\/person\/image\/","url":"https:\/\/secure.gravatar.com\/avatar\/e480fee2377f81af36f6990ed742592a?s=96&d=mm&r=g","contentUrl":"https:\/\/secure.gravatar.com\/avatar\/e480fee2377f81af36f6990ed742592a?s=96&d=mm&r=g","caption":"Guilherme Rocha"},"url":"https:\/\/franciscanos.org.br\/noticias\/author\/guilhermerocha"}]}},"_links":{"self":[{"href":"https:\/\/franciscanos.org.br\/noticias\/wp-json\/wp\/v2\/posts\/262387"}],"collection":[{"href":"https:\/\/franciscanos.org.br\/noticias\/wp-json\/wp\/v2\/posts"}],"about":[{"href":"https:\/\/franciscanos.org.br\/noticias\/wp-json\/wp\/v2\/types\/post"}],"author":[{"embeddable":true,"href":"https:\/\/franciscanos.org.br\/noticias\/wp-json\/wp\/v2\/users\/15"}],"replies":[{"embeddable":true,"href":"https:\/\/franciscanos.org.br\/noticias\/wp-json\/wp\/v2\/comments?post=262387"}],"version-history":[{"count":8,"href":"https:\/\/franciscanos.org.br\/noticias\/wp-json\/wp\/v2\/posts\/262387\/revisions"}],"predecessor-version":[{"id":262397,"href":"https:\/\/franciscanos.org.br\/noticias\/wp-json\/wp\/v2\/posts\/262387\/revisions\/262397"}],"wp:featuredmedia":[{"embeddable":true,"href":"https:\/\/franciscanos.org.br\/noticias\/wp-json\/wp\/v2\/media\/262388"}],"wp:attachment":[{"href":"https:\/\/franciscanos.org.br\/noticias\/wp-json\/wp\/v2\/media?parent=262387"}],"wp:term":[{"taxonomy":"category","embeddable":true,"href":"https:\/\/franciscanos.org.br\/noticias\/wp-json\/wp\/v2\/categories?post=262387"},{"taxonomy":"post_tag","embeddable":true,"href":"https:\/\/franciscanos.org.br\/noticias\/wp-json\/wp\/v2\/tags?post=262387"}],"curies":[{"name":"wp","href":"https:\/\/api.w.org\/{rel}","templated":true}]}}