{"id":26209,"date":"2012-10-11T07:05:07","date_gmt":"2012-10-11T10:05:07","guid":{"rendered":"http:\/\/new.franciscanos.org.br\/?p=26209"},"modified":"2019-11-01T12:41:50","modified_gmt":"2019-11-01T15:41:50","slug":"dom-luis-cappio-vinte-anos-em-defesa-do-rio-sao-francisco","status":"publish","type":"post","link":"https:\/\/franciscanos.org.br\/noticias\/dom-luis-cappio-vinte-anos-em-defesa-do-rio-sao-francisco.html","title":{"rendered":"Dom Luis Cappio, vinte anos em defesa do Rio S\u00e3o Francisco"},"content":{"rendered":"<p><img loading=\"lazy\" class=\"alignright size-full wp-image-26210\" title=\"Rio S\u00e3o Francisco\" src=\"http:\/\/franciscanos.org.br\/wp-content\/uploads\/2012\/10\/3828_111012.jpg\" alt=\"\" width=\"480\" height=\"320\" \/>Come\u00e7am quarta-feira, 10, e seguem at\u00e9 s\u00e1bado (13) as comemora\u00e7\u00f5es pelos 20 anos da Peregrina\u00e7\u00e3o da Nascente \u00e0 Foz do rio S\u00e3o Francisco, celebra\u00e7\u00e3o considerada a maior mobiliza\u00e7\u00e3o em defesa do \u2018Velho Chico\u2019. Ser\u00e3o realizadas a\u00e7\u00f5es nas cidades de Belo Horizonte e S\u00e3o Roque de Minas, em Minas Gerais.<\/p>\n<p>Em Belo Horizonte, est\u00e3o previstas diversas atividades, que ter\u00e3o a participa\u00e7\u00e3o de Dom Luiz Cappio, bispo conhecido pela luta em defesa do Rio S\u00e3o Francisco e que, junto com Adriano Martins, Orlando Ara\u00fajo e Irm\u00e3 Concei\u00e7\u00e3o Menezes realizou pela primeira vez, entre 1992 e 1993, a peregrina\u00e7\u00e3o da nascente \u00e0 foz do rio.<\/p>\n<p>\u00c0 Ag\u00eancia Adital, o religioso apontou que aquela peregrina\u00e7\u00e3o foi realizada com objetivos claros: &#8220;\u00c0 \u00e9poca, quando ainda nem se falava em transposi\u00e7\u00e3o, a iniciativa foi realizada com tr\u00eas objetivos. O primeiro foi encontrar com as comunidades e falar sobre a import\u00e2ncia do Rio, o segundo foi conhecer de perto o projeto de morte instaurado ao S\u00e3o Francisco e o terceiro objetivo foi motivar o povo a lutar\u201d.<\/p>\n<p>Acredita-se que a obra ser\u00e1 ben\u00e9fica para empres\u00e1rios da constru\u00e7\u00e3o civil, da irriga\u00e7\u00e3o, da exporta\u00e7\u00e3o de frutas, da carnicicultura (produ\u00e7\u00e3o de camar\u00e3o), do p\u00f3lo sider\u00fargico-portu\u00e1rio do Pec\u00e9m, em Fortaleza, no Cear\u00e1, e das monoculturas para a produ\u00e7\u00e3o de biocombust\u00edveis.<\/p>\n<p>Apesar de ter iniciado e sido suspensa v\u00e1rias vezes, a obra se encontra atualmente parada. Dom Luiz Cappio afirma que o que j\u00e1 foi constru\u00eddo est\u00e1 danificado e precisaria ser refeito para voltar a funcionar. O bispo n\u00e3o acredita que o projeto v\u00e1 adiante.<\/p>\n<p><strong>Programa\u00e7\u00e3o<\/strong><\/p>\n<p>A programa\u00e7\u00e3o tem in\u00edcio \u00e0s 13h, na Igreja S\u00e3o Jos\u00e9, com uma coletiva de imprensa com Dom Luiz e integrantes da Articula\u00e7\u00e3o Popular S\u00e3o Francisco Vivo. Entre os temas a serem debatidos est\u00e3o a luta pela revitaliza\u00e7\u00e3o do Rio, o pol\u00eamico processo de transposi\u00e7\u00e3o de suas \u00e1guas e os principais problemas vividos pelas comunidades pr\u00f3ximas ao Rio e pelo ecossistema da regi\u00e3o.<\/p>\n<p>A coletiva ser\u00e1 seguida por ato p\u00fablico nas escadarias da igreja. Ser\u00e3o realizadas apresenta\u00e7\u00f5es culturais, exposi\u00e7\u00f5es fotogr\u00e1ficas com imagens lembrando os 20 anos de peregrina\u00e7\u00e3o e tamb\u00e9m falas, depoimentos e den\u00fancias das comunidades ribeirinhas de toda a bacia, que v\u00e3o mostrar os problemas vivenciados pelo Rio.<\/p>\n<p>\u00c0 noite, \u00e0s 19, acontece o semin\u00e1rio &#8220;O rio S\u00e3o Francisco nestes 20 anos p\u00f3s-peregrina\u00e7\u00e3o&#8221;, no audit\u00f3rio da Faculdade de Direito da Universidade Federal de Minas Gerais &#8211; UFMG (Av. Jo\u00e3o Pinheiro, n\u00ba 100, 2\u00ba Andar).<\/p>\n<p>A programa\u00e7\u00e3o continua de 11 a 13 com atividades em S\u00e3o Roque de Minas, onde se localiza a nascente do Rio Francisco. Est\u00e3o previstas exposi\u00e7\u00f5es fotogr\u00e1ficas, semin\u00e1rios, momentos de m\u00edstica e celebra\u00e7\u00f5es eucar\u00edsticas na Igreja S\u00e3o Roque de Minas (dia 11, \u00e0s 19h) e na nascente do S\u00e3o Francisco (dia 12, \u00e0s 5h da manh\u00e3). Tamb\u00e9m est\u00e1 previsto um momento de ora\u00e7\u00e3o na Casca D\u2019anta (dia 13, \u00e0s 7h).<\/p>\n<p><strong>Peregrina\u00e7\u00e3o<\/strong><\/p>\n<p>A peregrina\u00e7\u00e3o da Nascente \u00e0 Foz do rio S\u00e3o Francisco \u00e9 considerada a maior mobiliza\u00e7\u00e3o ecol\u00f3gico-religiosa em defesa do Velho Chico.<\/p>\n<p>(CM-Adital)<\/p>\n","protected":false},"excerpt":{"rendered":"<p>Vida Crist\u00e3<\/p>\n","protected":false},"author":1,"featured_media":213401,"comment_status":"closed","ping_status":"open","sticky":false,"template":"","format":"standard","meta":[],"categories":[1],"tags":[],"acf":[],"yoast_head":"<!-- This site is optimized with the Yoast SEO plugin v19.2 - https:\/\/yoast.com\/wordpress\/plugins\/seo\/ -->\n<title>Dom Luis Cappio, vinte anos em defesa do Rio S\u00e3o Francisco - Not\u00edcias - Franciscanos<\/title>\n<meta name=\"robots\" content=\"index, follow, max-snippet:-1, max-image-preview:large, max-video-preview:-1\" \/>\n<link rel=\"canonical\" href=\"https:\/\/franciscanos.org.br\/noticias\/dom-luis-cappio-vinte-anos-em-defesa-do-rio-sao-francisco.html\" \/>\n<meta property=\"og:locale\" content=\"pt_BR\" \/>\n<meta property=\"og:type\" content=\"article\" \/>\n<meta property=\"og:title\" content=\"Dom Luis Cappio, vinte anos em defesa do Rio S\u00e3o Francisco - Not\u00edcias - Franciscanos\" \/>\n<meta property=\"og:description\" content=\"Vida Crist\u00e3\" \/>\n<meta property=\"og:url\" content=\"https:\/\/franciscanos.org.br\/noticias\/dom-luis-cappio-vinte-anos-em-defesa-do-rio-sao-francisco.html\" \/>\n<meta property=\"og:site_name\" content=\"Not\u00edcias - Franciscanos\" \/>\n<meta property=\"article:published_time\" content=\"2012-10-11T10:05:07+00:00\" \/>\n<meta property=\"article:modified_time\" content=\"2019-11-01T15:41:50+00:00\" \/>\n<meta property=\"og:image\" content=\"https:\/\/franciscanos.org.br\/noticias\/wp-content\/uploads\/2012\/10\/3828_111012.jpg\" \/>\n\t<meta property=\"og:image:width\" content=\"273\" \/>\n\t<meta property=\"og:image:height\" content=\"181\" \/>\n\t<meta property=\"og:image:type\" content=\"image\/jpeg\" \/>\n<meta name=\"author\" content=\"admin\" \/>\n<meta name=\"twitter:card\" content=\"summary_large_image\" \/>\n<meta name=\"twitter:label1\" content=\"Escrito por\" \/>\n\t<meta name=\"twitter:data1\" content=\"admin\" \/>\n\t<meta name=\"twitter:label2\" content=\"Est. tempo de leitura\" \/>\n\t<meta name=\"twitter:data2\" content=\"3 minutos\" \/>\n<script type=\"application\/ld+json\" class=\"yoast-schema-graph\">{\"@context\":\"https:\/\/schema.org\",\"@graph\":[{\"@type\":\"WebSite\",\"@id\":\"https:\/\/franciscanos.org.br\/noticias\/#website\",\"url\":\"https:\/\/franciscanos.org.br\/noticias\/\",\"name\":\"Not\u00edcias - Franciscanos\",\"description\":\"Prov\u00edncia Franciscana da Imaculada Concei\u00e7\u00e3o do Brasil - Ordem dos Frades Menores - OFM\",\"potentialAction\":[{\"@type\":\"SearchAction\",\"target\":{\"@type\":\"EntryPoint\",\"urlTemplate\":\"https:\/\/franciscanos.org.br\/noticias\/?s={search_term_string}\"},\"query-input\":\"required name=search_term_string\"}],\"inLanguage\":\"pt-BR\"},{\"@type\":\"ImageObject\",\"inLanguage\":\"pt-BR\",\"@id\":\"https:\/\/franciscanos.org.br\/noticias\/dom-luis-cappio-vinte-anos-em-defesa-do-rio-sao-francisco.html#primaryimage\",\"url\":\"https:\/\/franciscanos.org.br\/noticias\/wp-content\/uploads\/2012\/10\/3828_111012.jpg\",\"contentUrl\":\"https:\/\/franciscanos.org.br\/noticias\/wp-content\/uploads\/2012\/10\/3828_111012.jpg\",\"width\":273,\"height\":181},{\"@type\":\"WebPage\",\"@id\":\"https:\/\/franciscanos.org.br\/noticias\/dom-luis-cappio-vinte-anos-em-defesa-do-rio-sao-francisco.html#webpage\",\"url\":\"https:\/\/franciscanos.org.br\/noticias\/dom-luis-cappio-vinte-anos-em-defesa-do-rio-sao-francisco.html\",\"name\":\"Dom Luis Cappio, vinte anos em defesa do Rio S\u00e3o Francisco - Not\u00edcias - Franciscanos\",\"isPartOf\":{\"@id\":\"https:\/\/franciscanos.org.br\/noticias\/#website\"},\"primaryImageOfPage\":{\"@id\":\"https:\/\/franciscanos.org.br\/noticias\/dom-luis-cappio-vinte-anos-em-defesa-do-rio-sao-francisco.html#primaryimage\"},\"datePublished\":\"2012-10-11T10:05:07+00:00\",\"dateModified\":\"2019-11-01T15:41:50+00:00\",\"author\":{\"@id\":\"https:\/\/franciscanos.org.br\/noticias\/#\/schema\/person\/b38fbf43118f02820bd932f2e4b14ad3\"},\"breadcrumb\":{\"@id\":\"https:\/\/franciscanos.org.br\/noticias\/dom-luis-cappio-vinte-anos-em-defesa-do-rio-sao-francisco.html#breadcrumb\"},\"inLanguage\":\"pt-BR\",\"potentialAction\":[{\"@type\":\"ReadAction\",\"target\":[\"https:\/\/franciscanos.org.br\/noticias\/dom-luis-cappio-vinte-anos-em-defesa-do-rio-sao-francisco.html\"]}]},{\"@type\":\"BreadcrumbList\",\"@id\":\"https:\/\/franciscanos.org.br\/noticias\/dom-luis-cappio-vinte-anos-em-defesa-do-rio-sao-francisco.html#breadcrumb\",\"itemListElement\":[{\"@type\":\"ListItem\",\"position\":1,\"name\":\"Home\",\"item\":\"https:\/\/franciscanos.org.br\/noticias\"},{\"@type\":\"ListItem\",\"position\":2,\"name\":\"Dom Luis Cappio, vinte anos em defesa do Rio S\u00e3o Francisco\"}]},{\"@type\":\"Person\",\"@id\":\"https:\/\/franciscanos.org.br\/noticias\/#\/schema\/person\/b38fbf43118f02820bd932f2e4b14ad3\",\"name\":\"admin\",\"image\":{\"@type\":\"ImageObject\",\"inLanguage\":\"pt-BR\",\"@id\":\"https:\/\/franciscanos.org.br\/noticias\/#\/schema\/person\/image\/\",\"url\":\"https:\/\/secure.gravatar.com\/avatar\/e8495742d34d0ba6448ea1c628263b3e?s=96&d=mm&r=g\",\"contentUrl\":\"https:\/\/secure.gravatar.com\/avatar\/e8495742d34d0ba6448ea1c628263b3e?s=96&d=mm&r=g\",\"caption\":\"admin\"},\"url\":\"https:\/\/franciscanos.org.br\/noticias\/author\/admin\"}]}<\/script>\n<!-- \/ Yoast SEO plugin. -->","yoast_head_json":{"title":"Dom Luis Cappio, vinte anos em defesa do Rio S\u00e3o Francisco - Not\u00edcias - Franciscanos","robots":{"index":"index","follow":"follow","max-snippet":"max-snippet:-1","max-image-preview":"max-image-preview:large","max-video-preview":"max-video-preview:-1"},"canonical":"https:\/\/franciscanos.org.br\/noticias\/dom-luis-cappio-vinte-anos-em-defesa-do-rio-sao-francisco.html","og_locale":"pt_BR","og_type":"article","og_title":"Dom Luis Cappio, vinte anos em defesa do Rio S\u00e3o Francisco - Not\u00edcias - Franciscanos","og_description":"Vida Crist\u00e3","og_url":"https:\/\/franciscanos.org.br\/noticias\/dom-luis-cappio-vinte-anos-em-defesa-do-rio-sao-francisco.html","og_site_name":"Not\u00edcias - Franciscanos","article_published_time":"2012-10-11T10:05:07+00:00","article_modified_time":"2019-11-01T15:41:50+00:00","og_image":[{"width":273,"height":181,"url":"https:\/\/franciscanos.org.br\/noticias\/wp-content\/uploads\/2012\/10\/3828_111012.jpg","type":"image\/jpeg"}],"author":"admin","twitter_card":"summary_large_image","twitter_misc":{"Escrito por":"admin","Est. tempo de leitura":"3 minutos"},"schema":{"@context":"https:\/\/schema.org","@graph":[{"@type":"WebSite","@id":"https:\/\/franciscanos.org.br\/noticias\/#website","url":"https:\/\/franciscanos.org.br\/noticias\/","name":"Not\u00edcias - Franciscanos","description":"Prov\u00edncia Franciscana da Imaculada Concei\u00e7\u00e3o do Brasil - Ordem dos Frades Menores - OFM","potentialAction":[{"@type":"SearchAction","target":{"@type":"EntryPoint","urlTemplate":"https:\/\/franciscanos.org.br\/noticias\/?s={search_term_string}"},"query-input":"required name=search_term_string"}],"inLanguage":"pt-BR"},{"@type":"ImageObject","inLanguage":"pt-BR","@id":"https:\/\/franciscanos.org.br\/noticias\/dom-luis-cappio-vinte-anos-em-defesa-do-rio-sao-francisco.html#primaryimage","url":"https:\/\/franciscanos.org.br\/noticias\/wp-content\/uploads\/2012\/10\/3828_111012.jpg","contentUrl":"https:\/\/franciscanos.org.br\/noticias\/wp-content\/uploads\/2012\/10\/3828_111012.jpg","width":273,"height":181},{"@type":"WebPage","@id":"https:\/\/franciscanos.org.br\/noticias\/dom-luis-cappio-vinte-anos-em-defesa-do-rio-sao-francisco.html#webpage","url":"https:\/\/franciscanos.org.br\/noticias\/dom-luis-cappio-vinte-anos-em-defesa-do-rio-sao-francisco.html","name":"Dom Luis Cappio, vinte anos em defesa do Rio S\u00e3o Francisco - Not\u00edcias - Franciscanos","isPartOf":{"@id":"https:\/\/franciscanos.org.br\/noticias\/#website"},"primaryImageOfPage":{"@id":"https:\/\/franciscanos.org.br\/noticias\/dom-luis-cappio-vinte-anos-em-defesa-do-rio-sao-francisco.html#primaryimage"},"datePublished":"2012-10-11T10:05:07+00:00","dateModified":"2019-11-01T15:41:50+00:00","author":{"@id":"https:\/\/franciscanos.org.br\/noticias\/#\/schema\/person\/b38fbf43118f02820bd932f2e4b14ad3"},"breadcrumb":{"@id":"https:\/\/franciscanos.org.br\/noticias\/dom-luis-cappio-vinte-anos-em-defesa-do-rio-sao-francisco.html#breadcrumb"},"inLanguage":"pt-BR","potentialAction":[{"@type":"ReadAction","target":["https:\/\/franciscanos.org.br\/noticias\/dom-luis-cappio-vinte-anos-em-defesa-do-rio-sao-francisco.html"]}]},{"@type":"BreadcrumbList","@id":"https:\/\/franciscanos.org.br\/noticias\/dom-luis-cappio-vinte-anos-em-defesa-do-rio-sao-francisco.html#breadcrumb","itemListElement":[{"@type":"ListItem","position":1,"name":"Home","item":"https:\/\/franciscanos.org.br\/noticias"},{"@type":"ListItem","position":2,"name":"Dom Luis Cappio, vinte anos em defesa do Rio S\u00e3o Francisco"}]},{"@type":"Person","@id":"https:\/\/franciscanos.org.br\/noticias\/#\/schema\/person\/b38fbf43118f02820bd932f2e4b14ad3","name":"admin","image":{"@type":"ImageObject","inLanguage":"pt-BR","@id":"https:\/\/franciscanos.org.br\/noticias\/#\/schema\/person\/image\/","url":"https:\/\/secure.gravatar.com\/avatar\/e8495742d34d0ba6448ea1c628263b3e?s=96&d=mm&r=g","contentUrl":"https:\/\/secure.gravatar.com\/avatar\/e8495742d34d0ba6448ea1c628263b3e?s=96&d=mm&r=g","caption":"admin"},"url":"https:\/\/franciscanos.org.br\/noticias\/author\/admin"}]}},"_links":{"self":[{"href":"https:\/\/franciscanos.org.br\/noticias\/wp-json\/wp\/v2\/posts\/26209"}],"collection":[{"href":"https:\/\/franciscanos.org.br\/noticias\/wp-json\/wp\/v2\/posts"}],"about":[{"href":"https:\/\/franciscanos.org.br\/noticias\/wp-json\/wp\/v2\/types\/post"}],"author":[{"embeddable":true,"href":"https:\/\/franciscanos.org.br\/noticias\/wp-json\/wp\/v2\/users\/1"}],"replies":[{"embeddable":true,"href":"https:\/\/franciscanos.org.br\/noticias\/wp-json\/wp\/v2\/comments?post=26209"}],"version-history":[{"count":0,"href":"https:\/\/franciscanos.org.br\/noticias\/wp-json\/wp\/v2\/posts\/26209\/revisions"}],"wp:featuredmedia":[{"embeddable":true,"href":"https:\/\/franciscanos.org.br\/noticias\/wp-json\/wp\/v2\/media\/213401"}],"wp:attachment":[{"href":"https:\/\/franciscanos.org.br\/noticias\/wp-json\/wp\/v2\/media?parent=26209"}],"wp:term":[{"taxonomy":"category","embeddable":true,"href":"https:\/\/franciscanos.org.br\/noticias\/wp-json\/wp\/v2\/categories?post=26209"},{"taxonomy":"post_tag","embeddable":true,"href":"https:\/\/franciscanos.org.br\/noticias\/wp-json\/wp\/v2\/tags?post=26209"}],"curies":[{"name":"wp","href":"https:\/\/api.w.org\/{rel}","templated":true}]}}