{"id":262068,"date":"2025-11-03T12:54:36","date_gmt":"2025-11-03T15:54:36","guid":{"rendered":"https:\/\/franciscanos.org.br\/noticias\/?p=262068"},"modified":"2025-11-18T15:42:13","modified_gmt":"2025-11-18T18:42:13","slug":"encontro-com-lideres-religiosos-promove-dialogo-inter-religioso-no-instituto-teologico-franciscano","status":"publish","type":"post","link":"https:\/\/franciscanos.org.br\/noticias\/encontro-com-lideres-religiosos-promove-dialogo-inter-religioso-no-instituto-teologico-franciscano.html","title":{"rendered":"Encontro com L\u00edderes Religiosos promove di\u00e1logo inter-religioso no Instituto Teol\u00f3gico Franciscano"},"content":{"rendered":"<p><img loading=\"lazy\" class=\"size-full wp-image-262086 aligncenter\" src=\"https:\/\/franciscanos.org.br\/noticias\/wp-content\/uploads\/2025\/11\/Sem-nome-1280-x-720-px-1280-x-720-px-1280-x-720-px.png\" alt=\"\" width=\"1280\" height=\"720\" srcset=\"https:\/\/franciscanos.org.br\/noticias\/wp-content\/uploads\/2025\/11\/Sem-nome-1280-x-720-px-1280-x-720-px-1280-x-720-px.png 1280w, https:\/\/franciscanos.org.br\/noticias\/wp-content\/uploads\/2025\/11\/Sem-nome-1280-x-720-px-1280-x-720-px-1280-x-720-px-450x253.png 450w, https:\/\/franciscanos.org.br\/noticias\/wp-content\/uploads\/2025\/11\/Sem-nome-1280-x-720-px-1280-x-720-px-1280-x-720-px-1024x576.png 1024w, https:\/\/franciscanos.org.br\/noticias\/wp-content\/uploads\/2025\/11\/Sem-nome-1280-x-720-px-1280-x-720-px-1280-x-720-px-768x432.png 768w, https:\/\/franciscanos.org.br\/noticias\/wp-content\/uploads\/2025\/11\/Sem-nome-1280-x-720-px-1280-x-720-px-1280-x-720-px-150x84.png 150w\" sizes=\"(max-width: 1280px) 100vw, 1280px\" \/><\/p>\n<p>Petr\u00f3polis, 27 de outubro de 2025 \u2014 O Instituto Teol\u00f3gico Franciscano (ITF) recebeu nesta segunda-feira o Encontro com L\u00edderes Religiosos, uma atividade especial promovida para as turmas do 9\u00ba ano do Col\u00e9gio Bom Jesus, reunindo estudantes das unidades Canarinhos, S\u00e3o Jos\u00e9 e Menino Jesus. O evento integrou a disciplina de Ensino Religioso e teve como prop\u00f3sito aproximar os alunos da diversidade de tradi\u00e7\u00f5es de f\u00e9, incentivando o respeito, o di\u00e1logo e a conviv\u00eancia entre diferentes cren\u00e7as.<\/p>\n<p>A manh\u00e3 come\u00e7ou com a acolhida dos alunos, professores, gestores e assessores pedag\u00f3gicos, marcada por um clima fraterno e de curiosidade. Em seguida, foram apresentados os convidados representantes de cinco tradi\u00e7\u00f5es religiosas:<\/p>\n<p>Frei Volney J. Berkenbrock, OFM \u2013 Cristianismo;<br \/>\nMarcelo Teixeira \u2013 Espiritismo Kardecista;<br \/>\nAnselmo Bezerra \u2013 Monge Budista;<br \/>\nPai Pedro Nogueira \u2013 Umbanda;<br \/>\nCassiano Leite \u2013 Hindu\u00edsmo.<\/p>\n<p>Cada l\u00edder foi convidado a fazer uma breve ora\u00e7\u00e3o segundo sua pr\u00f3pria tradi\u00e7\u00e3o, pedindo b\u00ean\u00e7\u00e3os e bom \u00eaxito para o momento de partilha. Em clima de respeito e espiritualidade, a diversidade de express\u00f5es religiosas mostrou-se como ponto de encontro e enriquecimento m\u00fatuo.<\/p>\n<p>Na sequ\u00eancia, cada representante apresentou os princ\u00edpios e fundamentos de sua tradi\u00e7\u00e3o, oferecendo aos alunos uma vis\u00e3o introdut\u00f3ria de seus sistemas de cren\u00e7a e pr\u00e1ticas. O momento despertou grande interesse, e os estudantes puderam fazer perguntas, tanto gerais quanto espec\u00edficas, demonstrando curiosidade e abertura ao di\u00e1logo.<\/p>\n<p>No momento final, os cinco l\u00edderes partilharam experi\u00eancias pessoais com o transcendente, revelando como a f\u00e9 e a espiritualidade moldam suas vidas e miss\u00f5es. As falas emocionaram os presentes e refor\u00e7aram a import\u00e2ncia do di\u00e1logo inter-religioso como caminho de paz e compreens\u00e3o.<\/p>\n<p>O encontro foi encerrado com uma partilha entre os alunos, que puderam comentar suas impress\u00f5es, trocar ideias e celebrar a riqueza do aprendizado vivido. A manh\u00e3 no ITF deixou uma forte mensagem sobre a conviv\u00eancia respeitosa entre as religi\u00f5es e o papel essencial do di\u00e1logo na constru\u00e7\u00e3o de uma sociedade mais justa, acolhedora e plural.<\/p>\n<p>Coincidentemente, o evento aconteceu no Dia do Esp\u00edrito de Assis, data em que as religi\u00f5es do mundo inteiro recordam o encontro promovido por S\u00e3o Jo\u00e3o Paulo II em 1986, reunindo l\u00edderes de diferentes cren\u00e7as em Assis, na It\u00e1lia, para rezar pela paz. Em sintonia com esse esp\u00edrito de unidade e fraternidade, alunos do pr\u00f3prio Instituto Teol\u00f3gico Franciscano tamb\u00e9m participaram da atividade, refor\u00e7ando a voca\u00e7\u00e3o franciscana do ITF para o di\u00e1logo, a escuta e a conviv\u00eancia harmoniosa entre as diversas express\u00f5es de f\u00e9.<\/p>\n<p>Texto e Fotos: Frei Bruno Cez\u00e1rio, OFM.<\/p>\n\n\t\t<style type=\"text\/css\">\n\t\t\t#gallery-1 {\n\t\t\t\tmargin: auto;\n\t\t\t}\n\t\t\t#gallery-1 .gallery-item {\n\t\t\t\tfloat: left;\n\t\t\t\tmargin-top: 10px;\n\t\t\t\ttext-align: center;\n\t\t\t\twidth: 33%;\n\t\t\t}\n\t\t\t#gallery-1 img {\n\t\t\t\tborder: 2px solid #cfcfcf;\n\t\t\t}\n\t\t\t#gallery-1 .gallery-caption {\n\t\t\t\tmargin-left: 0;\n\t\t\t}\n\t\t\t\/* see gallery_shortcode() in wp-includes\/media.php *\/\n\t\t<\/style>\n\t\t<div id='gallery-1' class='gallery galleryid-262068 gallery-columns-3 gallery-size-thumbnail'><dl class='gallery-item'>\n\t\t\t<dt class='gallery-icon landscape'>\n\t\t\t\t<a href='https:\/\/franciscanos.org.br\/noticias\/wp-content\/uploads\/2025\/11\/Anselmo-Bezerra-scaled.jpg'><img width=\"300\" height=\"300\" src=\"https:\/\/franciscanos.org.br\/noticias\/wp-content\/uploads\/2025\/11\/Anselmo-Bezerra-300x300.jpg\" class=\"attachment-thumbnail size-thumbnail\" alt=\"\" loading=\"lazy\" srcset=\"https:\/\/franciscanos.org.br\/noticias\/wp-content\/uploads\/2025\/11\/Anselmo-Bezerra-300x300.jpg 300w, https:\/\/franciscanos.org.br\/noticias\/wp-content\/uploads\/2025\/11\/Anselmo-Bezerra-100x100.jpg 100w\" sizes=\"(max-width: 300px) 100vw, 300px\" \/><\/a>\n\t\t\t<\/dt><\/dl><dl class='gallery-item'>\n\t\t\t<dt class='gallery-icon landscape'>\n\t\t\t\t<a href='https:\/\/franciscanos.org.br\/noticias\/wp-content\/uploads\/2025\/11\/Cassiano-Leite-scaled.jpg'><img width=\"300\" height=\"300\" src=\"https:\/\/franciscanos.org.br\/noticias\/wp-content\/uploads\/2025\/11\/Cassiano-Leite-300x300.jpg\" class=\"attachment-thumbnail size-thumbnail\" alt=\"\" loading=\"lazy\" srcset=\"https:\/\/franciscanos.org.br\/noticias\/wp-content\/uploads\/2025\/11\/Cassiano-Leite-300x300.jpg 300w, https:\/\/franciscanos.org.br\/noticias\/wp-content\/uploads\/2025\/11\/Cassiano-Leite-100x100.jpg 100w\" sizes=\"(max-width: 300px) 100vw, 300px\" \/><\/a>\n\t\t\t<\/dt><\/dl><dl class='gallery-item'>\n\t\t\t<dt class='gallery-icon landscape'>\n\t\t\t\t<a href='https:\/\/franciscanos.org.br\/noticias\/wp-content\/uploads\/2025\/11\/Copia-de-1000171093-scaled.jpg'><img width=\"300\" height=\"300\" src=\"https:\/\/franciscanos.org.br\/noticias\/wp-content\/uploads\/2025\/11\/Copia-de-1000171093-300x300.jpg\" class=\"attachment-thumbnail size-thumbnail\" alt=\"\" loading=\"lazy\" srcset=\"https:\/\/franciscanos.org.br\/noticias\/wp-content\/uploads\/2025\/11\/Copia-de-1000171093-300x300.jpg 300w, https:\/\/franciscanos.org.br\/noticias\/wp-content\/uploads\/2025\/11\/Copia-de-1000171093-100x100.jpg 100w\" sizes=\"(max-width: 300px) 100vw, 300px\" \/><\/a>\n\t\t\t<\/dt><\/dl><br style=\"clear: both\" \/><dl class='gallery-item'>\n\t\t\t<dt class='gallery-icon landscape'>\n\t\t\t\t<a href='https:\/\/franciscanos.org.br\/noticias\/wp-content\/uploads\/2025\/11\/Copia-de-IMG_2981-scaled.jpg'><img width=\"300\" height=\"300\" src=\"https:\/\/franciscanos.org.br\/noticias\/wp-content\/uploads\/2025\/11\/Copia-de-IMG_2981-300x300.jpg\" class=\"attachment-thumbnail size-thumbnail\" alt=\"\" loading=\"lazy\" srcset=\"https:\/\/franciscanos.org.br\/noticias\/wp-content\/uploads\/2025\/11\/Copia-de-IMG_2981-300x300.jpg 300w, https:\/\/franciscanos.org.br\/noticias\/wp-content\/uploads\/2025\/11\/Copia-de-IMG_2981-100x100.jpg 100w\" sizes=\"(max-width: 300px) 100vw, 300px\" \/><\/a>\n\t\t\t<\/dt><\/dl><dl class='gallery-item'>\n\t\t\t<dt class='gallery-icon landscape'>\n\t\t\t\t<a href='https:\/\/franciscanos.org.br\/noticias\/wp-content\/uploads\/2025\/11\/Copia-de-IMG_2986-scaled.jpg'><img width=\"300\" height=\"300\" src=\"https:\/\/franciscanos.org.br\/noticias\/wp-content\/uploads\/2025\/11\/Copia-de-IMG_2986-300x300.jpg\" class=\"attachment-thumbnail size-thumbnail\" alt=\"\" loading=\"lazy\" srcset=\"https:\/\/franciscanos.org.br\/noticias\/wp-content\/uploads\/2025\/11\/Copia-de-IMG_2986-300x300.jpg 300w, https:\/\/franciscanos.org.br\/noticias\/wp-content\/uploads\/2025\/11\/Copia-de-IMG_2986-100x100.jpg 100w\" sizes=\"(max-width: 300px) 100vw, 300px\" \/><\/a>\n\t\t\t<\/dt><\/dl><dl class='gallery-item'>\n\t\t\t<dt class='gallery-icon landscape'>\n\t\t\t\t<a href='https:\/\/franciscanos.org.br\/noticias\/wp-content\/uploads\/2025\/11\/Copia-de-IMG_2989-scaled.jpg'><img width=\"300\" height=\"300\" src=\"https:\/\/franciscanos.org.br\/noticias\/wp-content\/uploads\/2025\/11\/Copia-de-IMG_2989-300x300.jpg\" class=\"attachment-thumbnail size-thumbnail\" alt=\"\" loading=\"lazy\" srcset=\"https:\/\/franciscanos.org.br\/noticias\/wp-content\/uploads\/2025\/11\/Copia-de-IMG_2989-300x300.jpg 300w, https:\/\/franciscanos.org.br\/noticias\/wp-content\/uploads\/2025\/11\/Copia-de-IMG_2989-100x100.jpg 100w\" sizes=\"(max-width: 300px) 100vw, 300px\" \/><\/a>\n\t\t\t<\/dt><\/dl><br style=\"clear: both\" \/><dl class='gallery-item'>\n\t\t\t<dt class='gallery-icon landscape'>\n\t\t\t\t<a href='https:\/\/franciscanos.org.br\/noticias\/wp-content\/uploads\/2025\/11\/Copia-de-IMG_2995-scaled.jpg'><img width=\"300\" height=\"300\" src=\"https:\/\/franciscanos.org.br\/noticias\/wp-content\/uploads\/2025\/11\/Copia-de-IMG_2995-300x300.jpg\" class=\"attachment-thumbnail size-thumbnail\" alt=\"\" loading=\"lazy\" srcset=\"https:\/\/franciscanos.org.br\/noticias\/wp-content\/uploads\/2025\/11\/Copia-de-IMG_2995-300x300.jpg 300w, https:\/\/franciscanos.org.br\/noticias\/wp-content\/uploads\/2025\/11\/Copia-de-IMG_2995-100x100.jpg 100w\" sizes=\"(max-width: 300px) 100vw, 300px\" \/><\/a>\n\t\t\t<\/dt><\/dl><dl class='gallery-item'>\n\t\t\t<dt class='gallery-icon landscape'>\n\t\t\t\t<a href='https:\/\/franciscanos.org.br\/noticias\/wp-content\/uploads\/2025\/11\/Copia-de-IMG_2997-scaled.jpg'><img width=\"300\" height=\"300\" src=\"https:\/\/franciscanos.org.br\/noticias\/wp-content\/uploads\/2025\/11\/Copia-de-IMG_2997-300x300.jpg\" class=\"attachment-thumbnail size-thumbnail\" alt=\"\" loading=\"lazy\" srcset=\"https:\/\/franciscanos.org.br\/noticias\/wp-content\/uploads\/2025\/11\/Copia-de-IMG_2997-300x300.jpg 300w, https:\/\/franciscanos.org.br\/noticias\/wp-content\/uploads\/2025\/11\/Copia-de-IMG_2997-100x100.jpg 100w\" sizes=\"(max-width: 300px) 100vw, 300px\" \/><\/a>\n\t\t\t<\/dt><\/dl><dl class='gallery-item'>\n\t\t\t<dt class='gallery-icon landscape'>\n\t\t\t\t<a href='https:\/\/franciscanos.org.br\/noticias\/wp-content\/uploads\/2025\/11\/Copia-de-IMG_3007-scaled.jpg'><img width=\"300\" height=\"300\" src=\"https:\/\/franciscanos.org.br\/noticias\/wp-content\/uploads\/2025\/11\/Copia-de-IMG_3007-300x300.jpg\" class=\"attachment-thumbnail size-thumbnail\" alt=\"\" loading=\"lazy\" srcset=\"https:\/\/franciscanos.org.br\/noticias\/wp-content\/uploads\/2025\/11\/Copia-de-IMG_3007-300x300.jpg 300w, https:\/\/franciscanos.org.br\/noticias\/wp-content\/uploads\/2025\/11\/Copia-de-IMG_3007-100x100.jpg 100w\" sizes=\"(max-width: 300px) 100vw, 300px\" \/><\/a>\n\t\t\t<\/dt><\/dl><br style=\"clear: both\" \/><dl class='gallery-item'>\n\t\t\t<dt class='gallery-icon landscape'>\n\t\t\t\t<a href='https:\/\/franciscanos.org.br\/noticias\/wp-content\/uploads\/2025\/11\/Copia-de-IMG_3013-scaled.jpg'><img width=\"300\" height=\"300\" src=\"https:\/\/franciscanos.org.br\/noticias\/wp-content\/uploads\/2025\/11\/Copia-de-IMG_3013-300x300.jpg\" class=\"attachment-thumbnail size-thumbnail\" alt=\"\" loading=\"lazy\" srcset=\"https:\/\/franciscanos.org.br\/noticias\/wp-content\/uploads\/2025\/11\/Copia-de-IMG_3013-300x300.jpg 300w, https:\/\/franciscanos.org.br\/noticias\/wp-content\/uploads\/2025\/11\/Copia-de-IMG_3013-100x100.jpg 100w\" sizes=\"(max-width: 300px) 100vw, 300px\" \/><\/a>\n\t\t\t<\/dt><\/dl><dl class='gallery-item'>\n\t\t\t<dt class='gallery-icon landscape'>\n\t\t\t\t<a href='https:\/\/franciscanos.org.br\/noticias\/wp-content\/uploads\/2025\/11\/Copia-de-IMG_3082-scaled.jpg'><img width=\"300\" height=\"300\" src=\"https:\/\/franciscanos.org.br\/noticias\/wp-content\/uploads\/2025\/11\/Copia-de-IMG_3082-300x300.jpg\" class=\"attachment-thumbnail size-thumbnail\" alt=\"\" loading=\"lazy\" srcset=\"https:\/\/franciscanos.org.br\/noticias\/wp-content\/uploads\/2025\/11\/Copia-de-IMG_3082-300x300.jpg 300w, https:\/\/franciscanos.org.br\/noticias\/wp-content\/uploads\/2025\/11\/Copia-de-IMG_3082-100x100.jpg 100w\" sizes=\"(max-width: 300px) 100vw, 300px\" \/><\/a>\n\t\t\t<\/dt><\/dl><dl class='gallery-item'>\n\t\t\t<dt class='gallery-icon landscape'>\n\t\t\t\t<a href='https:\/\/franciscanos.org.br\/noticias\/wp-content\/uploads\/2025\/11\/Copia-de-IMG_3096-scaled.jpg'><img width=\"300\" height=\"300\" src=\"https:\/\/franciscanos.org.br\/noticias\/wp-content\/uploads\/2025\/11\/Copia-de-IMG_3096-300x300.jpg\" class=\"attachment-thumbnail size-thumbnail\" alt=\"\" loading=\"lazy\" srcset=\"https:\/\/franciscanos.org.br\/noticias\/wp-content\/uploads\/2025\/11\/Copia-de-IMG_3096-300x300.jpg 300w, https:\/\/franciscanos.org.br\/noticias\/wp-content\/uploads\/2025\/11\/Copia-de-IMG_3096-100x100.jpg 100w\" sizes=\"(max-width: 300px) 100vw, 300px\" \/><\/a>\n\t\t\t<\/dt><\/dl><br style=\"clear: both\" \/><dl class='gallery-item'>\n\t\t\t<dt class='gallery-icon landscape'>\n\t\t\t\t<a href='https:\/\/franciscanos.org.br\/noticias\/wp-content\/uploads\/2025\/11\/Copia-de-IMG_3097-scaled.jpg'><img width=\"300\" height=\"300\" src=\"https:\/\/franciscanos.org.br\/noticias\/wp-content\/uploads\/2025\/11\/Copia-de-IMG_3097-300x300.jpg\" class=\"attachment-thumbnail size-thumbnail\" alt=\"\" loading=\"lazy\" srcset=\"https:\/\/franciscanos.org.br\/noticias\/wp-content\/uploads\/2025\/11\/Copia-de-IMG_3097-300x300.jpg 300w, https:\/\/franciscanos.org.br\/noticias\/wp-content\/uploads\/2025\/11\/Copia-de-IMG_3097-100x100.jpg 100w\" sizes=\"(max-width: 300px) 100vw, 300px\" \/><\/a>\n\t\t\t<\/dt><\/dl><dl class='gallery-item'>\n\t\t\t<dt class='gallery-icon landscape'>\n\t\t\t\t<a href='https:\/\/franciscanos.org.br\/noticias\/wp-content\/uploads\/2025\/11\/Frei-Volney-scaled.jpg'><img width=\"300\" height=\"300\" src=\"https:\/\/franciscanos.org.br\/noticias\/wp-content\/uploads\/2025\/11\/Frei-Volney-300x300.jpg\" class=\"attachment-thumbnail size-thumbnail\" alt=\"\" loading=\"lazy\" srcset=\"https:\/\/franciscanos.org.br\/noticias\/wp-content\/uploads\/2025\/11\/Frei-Volney-300x300.jpg 300w, https:\/\/franciscanos.org.br\/noticias\/wp-content\/uploads\/2025\/11\/Frei-Volney-100x100.jpg 100w\" sizes=\"(max-width: 300px) 100vw, 300px\" \/><\/a>\n\t\t\t<\/dt><\/dl><dl class='gallery-item'>\n\t\t\t<dt class='gallery-icon landscape'>\n\t\t\t\t<a href='https:\/\/franciscanos.org.br\/noticias\/wp-content\/uploads\/2025\/11\/Marcelo-Teixeira-scaled.jpg'><img width=\"300\" height=\"300\" src=\"https:\/\/franciscanos.org.br\/noticias\/wp-content\/uploads\/2025\/11\/Marcelo-Teixeira-300x300.jpg\" class=\"attachment-thumbnail size-thumbnail\" alt=\"\" loading=\"lazy\" srcset=\"https:\/\/franciscanos.org.br\/noticias\/wp-content\/uploads\/2025\/11\/Marcelo-Teixeira-300x300.jpg 300w, https:\/\/franciscanos.org.br\/noticias\/wp-content\/uploads\/2025\/11\/Marcelo-Teixeira-100x100.jpg 100w\" sizes=\"(max-width: 300px) 100vw, 300px\" \/><\/a>\n\t\t\t<\/dt><\/dl><br style=\"clear: both\" \/><dl class='gallery-item'>\n\t\t\t<dt class='gallery-icon landscape'>\n\t\t\t\t<a href='https:\/\/franciscanos.org.br\/noticias\/wp-content\/uploads\/2025\/11\/Pai-Pedro-scaled.jpg'><img width=\"300\" height=\"300\" src=\"https:\/\/franciscanos.org.br\/noticias\/wp-content\/uploads\/2025\/11\/Pai-Pedro-300x300.jpg\" class=\"attachment-thumbnail size-thumbnail\" alt=\"\" loading=\"lazy\" srcset=\"https:\/\/franciscanos.org.br\/noticias\/wp-content\/uploads\/2025\/11\/Pai-Pedro-300x300.jpg 300w, https:\/\/franciscanos.org.br\/noticias\/wp-content\/uploads\/2025\/11\/Pai-Pedro-100x100.jpg 100w\" sizes=\"(max-width: 300px) 100vw, 300px\" \/><\/a>\n\t\t\t<\/dt><\/dl>\n\t\t\t<br style='clear: both' \/>\n\t\t<\/div>\n\n","protected":false},"excerpt":{"rendered":"<p> Encontro com L\u00edderes Religiosos no Instituto Teol\u00f3gico Franciscano (ITF)<\/p>\n","protected":false},"author":15,"featured_media":262086,"comment_status":"open","ping_status":"open","sticky":false,"template":"","format":"standard","meta":[],"categories":[1],"tags":[],"acf":[],"yoast_head":"<!-- This site is optimized with the Yoast SEO plugin v19.2 - https:\/\/yoast.com\/wordpress\/plugins\/seo\/ -->\n<title>Encontro com L\u00edderes Religiosos promove di\u00e1logo inter-religioso no Instituto Teol\u00f3gico Franciscano - Not\u00edcias - Franciscanos<\/title>\n<meta name=\"robots\" content=\"index, follow, max-snippet:-1, max-image-preview:large, max-video-preview:-1\" \/>\n<link rel=\"canonical\" href=\"https:\/\/franciscanos.org.br\/noticias\/encontro-com-lideres-religiosos-promove-dialogo-inter-religioso-no-instituto-teologico-franciscano.html\" \/>\n<meta property=\"og:locale\" content=\"pt_BR\" \/>\n<meta property=\"og:type\" content=\"article\" \/>\n<meta property=\"og:title\" content=\"Encontro com L\u00edderes Religiosos promove di\u00e1logo inter-religioso no Instituto Teol\u00f3gico Franciscano - Not\u00edcias - Franciscanos\" \/>\n<meta property=\"og:description\" content=\"Encontro com L\u00edderes Religiosos no Instituto Teol\u00f3gico Franciscano (ITF)\" \/>\n<meta property=\"og:url\" content=\"https:\/\/franciscanos.org.br\/noticias\/encontro-com-lideres-religiosos-promove-dialogo-inter-religioso-no-instituto-teologico-franciscano.html\" \/>\n<meta property=\"og:site_name\" content=\"Not\u00edcias - Franciscanos\" \/>\n<meta property=\"article:published_time\" content=\"2025-11-03T15:54:36+00:00\" \/>\n<meta property=\"article:modified_time\" content=\"2025-11-18T18:42:13+00:00\" \/>\n<meta property=\"og:image\" content=\"https:\/\/franciscanos.org.br\/noticias\/wp-content\/uploads\/2025\/11\/Sem-nome-1280-x-720-px-1280-x-720-px-1280-x-720-px.png\" \/>\n\t<meta property=\"og:image:width\" content=\"1280\" \/>\n\t<meta property=\"og:image:height\" content=\"720\" \/>\n\t<meta property=\"og:image:type\" content=\"image\/png\" \/>\n<meta name=\"author\" content=\"Guilherme Rocha\" \/>\n<meta name=\"twitter:card\" content=\"summary_large_image\" \/>\n<meta name=\"twitter:label1\" content=\"Escrito por\" \/>\n\t<meta name=\"twitter:data1\" content=\"Guilherme Rocha\" \/>\n\t<meta name=\"twitter:label2\" content=\"Est. tempo de leitura\" \/>\n\t<meta name=\"twitter:data2\" content=\"2 minutos\" \/>\n<script type=\"application\/ld+json\" class=\"yoast-schema-graph\">{\"@context\":\"https:\/\/schema.org\",\"@graph\":[{\"@type\":\"WebSite\",\"@id\":\"https:\/\/franciscanos.org.br\/noticias\/#website\",\"url\":\"https:\/\/franciscanos.org.br\/noticias\/\",\"name\":\"Not\u00edcias - Franciscanos\",\"description\":\"Prov\u00edncia Franciscana da Imaculada Concei\u00e7\u00e3o do Brasil - Ordem dos Frades Menores - OFM\",\"potentialAction\":[{\"@type\":\"SearchAction\",\"target\":{\"@type\":\"EntryPoint\",\"urlTemplate\":\"https:\/\/franciscanos.org.br\/noticias\/?s={search_term_string}\"},\"query-input\":\"required name=search_term_string\"}],\"inLanguage\":\"pt-BR\"},{\"@type\":\"ImageObject\",\"inLanguage\":\"pt-BR\",\"@id\":\"https:\/\/franciscanos.org.br\/noticias\/encontro-com-lideres-religiosos-promove-dialogo-inter-religioso-no-instituto-teologico-franciscano.html#primaryimage\",\"url\":\"https:\/\/franciscanos.org.br\/noticias\/wp-content\/uploads\/2025\/11\/Sem-nome-1280-x-720-px-1280-x-720-px-1280-x-720-px.png\",\"contentUrl\":\"https:\/\/franciscanos.org.br\/noticias\/wp-content\/uploads\/2025\/11\/Sem-nome-1280-x-720-px-1280-x-720-px-1280-x-720-px.png\",\"width\":1280,\"height\":720},{\"@type\":\"WebPage\",\"@id\":\"https:\/\/franciscanos.org.br\/noticias\/encontro-com-lideres-religiosos-promove-dialogo-inter-religioso-no-instituto-teologico-franciscano.html#webpage\",\"url\":\"https:\/\/franciscanos.org.br\/noticias\/encontro-com-lideres-religiosos-promove-dialogo-inter-religioso-no-instituto-teologico-franciscano.html\",\"name\":\"Encontro com L\u00edderes Religiosos promove di\u00e1logo inter-religioso no Instituto Teol\u00f3gico Franciscano - Not\u00edcias - Franciscanos\",\"isPartOf\":{\"@id\":\"https:\/\/franciscanos.org.br\/noticias\/#website\"},\"primaryImageOfPage\":{\"@id\":\"https:\/\/franciscanos.org.br\/noticias\/encontro-com-lideres-religiosos-promove-dialogo-inter-religioso-no-instituto-teologico-franciscano.html#primaryimage\"},\"datePublished\":\"2025-11-03T15:54:36+00:00\",\"dateModified\":\"2025-11-18T18:42:13+00:00\",\"author\":{\"@id\":\"https:\/\/franciscanos.org.br\/noticias\/#\/schema\/person\/69bb4cd273a2528548b63cccab4980a0\"},\"breadcrumb\":{\"@id\":\"https:\/\/franciscanos.org.br\/noticias\/encontro-com-lideres-religiosos-promove-dialogo-inter-religioso-no-instituto-teologico-franciscano.html#breadcrumb\"},\"inLanguage\":\"pt-BR\",\"potentialAction\":[{\"@type\":\"ReadAction\",\"target\":[\"https:\/\/franciscanos.org.br\/noticias\/encontro-com-lideres-religiosos-promove-dialogo-inter-religioso-no-instituto-teologico-franciscano.html\"]}]},{\"@type\":\"BreadcrumbList\",\"@id\":\"https:\/\/franciscanos.org.br\/noticias\/encontro-com-lideres-religiosos-promove-dialogo-inter-religioso-no-instituto-teologico-franciscano.html#breadcrumb\",\"itemListElement\":[{\"@type\":\"ListItem\",\"position\":1,\"name\":\"Home\",\"item\":\"https:\/\/franciscanos.org.br\/noticias\"},{\"@type\":\"ListItem\",\"position\":2,\"name\":\"Encontro com L\u00edderes Religiosos promove di\u00e1logo inter-religioso no Instituto Teol\u00f3gico Franciscano\"}]},{\"@type\":\"Person\",\"@id\":\"https:\/\/franciscanos.org.br\/noticias\/#\/schema\/person\/69bb4cd273a2528548b63cccab4980a0\",\"name\":\"Guilherme Rocha\",\"image\":{\"@type\":\"ImageObject\",\"inLanguage\":\"pt-BR\",\"@id\":\"https:\/\/franciscanos.org.br\/noticias\/#\/schema\/person\/image\/\",\"url\":\"https:\/\/secure.gravatar.com\/avatar\/e480fee2377f81af36f6990ed742592a?s=96&d=mm&r=g\",\"contentUrl\":\"https:\/\/secure.gravatar.com\/avatar\/e480fee2377f81af36f6990ed742592a?s=96&d=mm&r=g\",\"caption\":\"Guilherme Rocha\"},\"url\":\"https:\/\/franciscanos.org.br\/noticias\/author\/guilhermerocha\"}]}<\/script>\n<!-- \/ Yoast SEO plugin. -->","yoast_head_json":{"title":"Encontro com L\u00edderes Religiosos promove di\u00e1logo inter-religioso no Instituto Teol\u00f3gico Franciscano - Not\u00edcias - Franciscanos","robots":{"index":"index","follow":"follow","max-snippet":"max-snippet:-1","max-image-preview":"max-image-preview:large","max-video-preview":"max-video-preview:-1"},"canonical":"https:\/\/franciscanos.org.br\/noticias\/encontro-com-lideres-religiosos-promove-dialogo-inter-religioso-no-instituto-teologico-franciscano.html","og_locale":"pt_BR","og_type":"article","og_title":"Encontro com L\u00edderes Religiosos promove di\u00e1logo inter-religioso no Instituto Teol\u00f3gico Franciscano - Not\u00edcias - Franciscanos","og_description":"Encontro com L\u00edderes Religiosos no Instituto Teol\u00f3gico Franciscano (ITF)","og_url":"https:\/\/franciscanos.org.br\/noticias\/encontro-com-lideres-religiosos-promove-dialogo-inter-religioso-no-instituto-teologico-franciscano.html","og_site_name":"Not\u00edcias - Franciscanos","article_published_time":"2025-11-03T15:54:36+00:00","article_modified_time":"2025-11-18T18:42:13+00:00","og_image":[{"width":1280,"height":720,"url":"https:\/\/franciscanos.org.br\/noticias\/wp-content\/uploads\/2025\/11\/Sem-nome-1280-x-720-px-1280-x-720-px-1280-x-720-px.png","type":"image\/png"}],"author":"Guilherme Rocha","twitter_card":"summary_large_image","twitter_misc":{"Escrito por":"Guilherme Rocha","Est. tempo de leitura":"2 minutos"},"schema":{"@context":"https:\/\/schema.org","@graph":[{"@type":"WebSite","@id":"https:\/\/franciscanos.org.br\/noticias\/#website","url":"https:\/\/franciscanos.org.br\/noticias\/","name":"Not\u00edcias - Franciscanos","description":"Prov\u00edncia Franciscana da Imaculada Concei\u00e7\u00e3o do Brasil - Ordem dos Frades Menores - OFM","potentialAction":[{"@type":"SearchAction","target":{"@type":"EntryPoint","urlTemplate":"https:\/\/franciscanos.org.br\/noticias\/?s={search_term_string}"},"query-input":"required name=search_term_string"}],"inLanguage":"pt-BR"},{"@type":"ImageObject","inLanguage":"pt-BR","@id":"https:\/\/franciscanos.org.br\/noticias\/encontro-com-lideres-religiosos-promove-dialogo-inter-religioso-no-instituto-teologico-franciscano.html#primaryimage","url":"https:\/\/franciscanos.org.br\/noticias\/wp-content\/uploads\/2025\/11\/Sem-nome-1280-x-720-px-1280-x-720-px-1280-x-720-px.png","contentUrl":"https:\/\/franciscanos.org.br\/noticias\/wp-content\/uploads\/2025\/11\/Sem-nome-1280-x-720-px-1280-x-720-px-1280-x-720-px.png","width":1280,"height":720},{"@type":"WebPage","@id":"https:\/\/franciscanos.org.br\/noticias\/encontro-com-lideres-religiosos-promove-dialogo-inter-religioso-no-instituto-teologico-franciscano.html#webpage","url":"https:\/\/franciscanos.org.br\/noticias\/encontro-com-lideres-religiosos-promove-dialogo-inter-religioso-no-instituto-teologico-franciscano.html","name":"Encontro com L\u00edderes Religiosos promove di\u00e1logo inter-religioso no Instituto Teol\u00f3gico Franciscano - Not\u00edcias - Franciscanos","isPartOf":{"@id":"https:\/\/franciscanos.org.br\/noticias\/#website"},"primaryImageOfPage":{"@id":"https:\/\/franciscanos.org.br\/noticias\/encontro-com-lideres-religiosos-promove-dialogo-inter-religioso-no-instituto-teologico-franciscano.html#primaryimage"},"datePublished":"2025-11-03T15:54:36+00:00","dateModified":"2025-11-18T18:42:13+00:00","author":{"@id":"https:\/\/franciscanos.org.br\/noticias\/#\/schema\/person\/69bb4cd273a2528548b63cccab4980a0"},"breadcrumb":{"@id":"https:\/\/franciscanos.org.br\/noticias\/encontro-com-lideres-religiosos-promove-dialogo-inter-religioso-no-instituto-teologico-franciscano.html#breadcrumb"},"inLanguage":"pt-BR","potentialAction":[{"@type":"ReadAction","target":["https:\/\/franciscanos.org.br\/noticias\/encontro-com-lideres-religiosos-promove-dialogo-inter-religioso-no-instituto-teologico-franciscano.html"]}]},{"@type":"BreadcrumbList","@id":"https:\/\/franciscanos.org.br\/noticias\/encontro-com-lideres-religiosos-promove-dialogo-inter-religioso-no-instituto-teologico-franciscano.html#breadcrumb","itemListElement":[{"@type":"ListItem","position":1,"name":"Home","item":"https:\/\/franciscanos.org.br\/noticias"},{"@type":"ListItem","position":2,"name":"Encontro com L\u00edderes Religiosos promove di\u00e1logo inter-religioso no Instituto Teol\u00f3gico Franciscano"}]},{"@type":"Person","@id":"https:\/\/franciscanos.org.br\/noticias\/#\/schema\/person\/69bb4cd273a2528548b63cccab4980a0","name":"Guilherme Rocha","image":{"@type":"ImageObject","inLanguage":"pt-BR","@id":"https:\/\/franciscanos.org.br\/noticias\/#\/schema\/person\/image\/","url":"https:\/\/secure.gravatar.com\/avatar\/e480fee2377f81af36f6990ed742592a?s=96&d=mm&r=g","contentUrl":"https:\/\/secure.gravatar.com\/avatar\/e480fee2377f81af36f6990ed742592a?s=96&d=mm&r=g","caption":"Guilherme Rocha"},"url":"https:\/\/franciscanos.org.br\/noticias\/author\/guilhermerocha"}]}},"_links":{"self":[{"href":"https:\/\/franciscanos.org.br\/noticias\/wp-json\/wp\/v2\/posts\/262068"}],"collection":[{"href":"https:\/\/franciscanos.org.br\/noticias\/wp-json\/wp\/v2\/posts"}],"about":[{"href":"https:\/\/franciscanos.org.br\/noticias\/wp-json\/wp\/v2\/types\/post"}],"author":[{"embeddable":true,"href":"https:\/\/franciscanos.org.br\/noticias\/wp-json\/wp\/v2\/users\/15"}],"replies":[{"embeddable":true,"href":"https:\/\/franciscanos.org.br\/noticias\/wp-json\/wp\/v2\/comments?post=262068"}],"version-history":[{"count":5,"href":"https:\/\/franciscanos.org.br\/noticias\/wp-json\/wp\/v2\/posts\/262068\/revisions"}],"predecessor-version":[{"id":262585,"href":"https:\/\/franciscanos.org.br\/noticias\/wp-json\/wp\/v2\/posts\/262068\/revisions\/262585"}],"wp:featuredmedia":[{"embeddable":true,"href":"https:\/\/franciscanos.org.br\/noticias\/wp-json\/wp\/v2\/media\/262086"}],"wp:attachment":[{"href":"https:\/\/franciscanos.org.br\/noticias\/wp-json\/wp\/v2\/media?parent=262068"}],"wp:term":[{"taxonomy":"category","embeddable":true,"href":"https:\/\/franciscanos.org.br\/noticias\/wp-json\/wp\/v2\/categories?post=262068"},{"taxonomy":"post_tag","embeddable":true,"href":"https:\/\/franciscanos.org.br\/noticias\/wp-json\/wp\/v2\/tags?post=262068"}],"curies":[{"name":"wp","href":"https:\/\/api.w.org\/{rel}","templated":true}]}}