{"id":262004,"date":"2025-10-30T16:12:11","date_gmt":"2025-10-30T19:12:11","guid":{"rendered":"https:\/\/franciscanos.org.br\/noticias\/?p=262004"},"modified":"2025-10-31T16:36:56","modified_gmt":"2025-10-31T19:36:56","slug":"manifestacao-da-crb-nacional-diante-da-tragedia-no-rio-de-janeiro","status":"publish","type":"post","link":"https:\/\/franciscanos.org.br\/noticias\/manifestacao-da-crb-nacional-diante-da-tragedia-no-rio-de-janeiro.html","title":{"rendered":"Manifesta\u00e7\u00e3o da CRB Nacional diante da trag\u00e9dia no Rio de Janeiro"},"content":{"rendered":"<p><img loading=\"lazy\" class=\"alignnone size-full wp-image-262009\" src=\"https:\/\/franciscanos.org.br\/noticias\/wp-content\/uploads\/2025\/10\/Sem-nome-1280-x-720-px.png\" alt=\"\" width=\"1280\" height=\"720\" srcset=\"https:\/\/franciscanos.org.br\/noticias\/wp-content\/uploads\/2025\/10\/Sem-nome-1280-x-720-px.png 1280w, https:\/\/franciscanos.org.br\/noticias\/wp-content\/uploads\/2025\/10\/Sem-nome-1280-x-720-px-450x253.png 450w, https:\/\/franciscanos.org.br\/noticias\/wp-content\/uploads\/2025\/10\/Sem-nome-1280-x-720-px-1024x576.png 1024w, https:\/\/franciscanos.org.br\/noticias\/wp-content\/uploads\/2025\/10\/Sem-nome-1280-x-720-px-768x432.png 768w, https:\/\/franciscanos.org.br\/noticias\/wp-content\/uploads\/2025\/10\/Sem-nome-1280-x-720-px-150x84.png 150w\" sizes=\"(max-width: 1280px) 100vw, 1280px\" \/><\/p>\n<p>Estimadas Irm\u00e3s e Irm\u00e3os,<\/p>\n<p>A Confer\u00eancia dos Religiosos do Brasil \u2013 CRB Nacional, unida em<br \/>\nsolidariedade, manifesta sua profunda como\u00e7\u00e3o e indigna\u00e7\u00e3o prof\u00e9tica diante<br \/>\ndos recentes epis\u00f3dios de viol\u00eancia no Rio de Janeiro, que resultaram na perda<br \/>\nde tantas vidas e no sofrimento de in\u00fameras fam\u00edlias.<\/p>\n<p>Como Vida Religiosa Consagrada, reafirmamos nosso compromisso<br \/>\ncom a defesa e a promo\u00e7\u00e3o da vida em todas as suas dimens\u00f5es. Diante do<br \/>\nclamor do povo, renovamos nosso empenho por uma sociedade mais justa,<br \/>\npac\u00edfica e fraterna, na qual a dignidade humana seja respeitada e protegida.<\/p>\n<p>Neste tempo de dor, nos unimos em ora\u00e7\u00e3o pelas v\u00edtimas, por suas<br \/>\nfam\u00edlias e por toda a popula\u00e7\u00e3o atingida pela inseguran\u00e7a e pelo medo. Que o<br \/>\nDeus da vida console os cora\u00e7\u00f5es aflitos, fortale\u00e7a os que lutam por justi\u00e7a e<br \/>\nnos conduza pelo caminho da reconcilia\u00e7\u00e3o e da esperan\u00e7a.<\/p>\n<p>A CRB Nacional conclama todas as pessoas de boa vontade,<br \/>\nespecialmente as autoridades e lideran\u00e7as sociais, a assumirem o<br \/>\ncompromisso coletivo pela paz, pela supera\u00e7\u00e3o da viol\u00eancia e pela constru\u00e7\u00e3o<br \/>\nde rela\u00e7\u00f5es baseadas no di\u00e1logo, na escuta e na fraternidade.<\/p>\n<p>Confiamos \u00e0 intercess\u00e3o de Maria, M\u00e3e e Serva, o consolo das fam\u00edlias<br \/>\nenlutadas e a renova\u00e7\u00e3o da esperan\u00e7a em nosso pa\u00eds. Que o Esp\u00edrito Santo<br \/>\ninspire cada gesto de solidariedade e cada a\u00e7\u00e3o em favor da vida.<\/p>\n<p>Fraternalmente<\/p>\n<p>Acesse <a href=\"https:\/\/franciscanos.org.br\/noticias\/wp-content\/uploads\/2025\/10\/2025-10-29-ct069.-manifestacao-crbnacional-solidariedade-RJ-trienio2025-2028.pdf\">aqui<\/a><\/p>\n","protected":false},"excerpt":{"rendered":"<p>Confer\u00eancia dos Religiosos do Brasil<\/p>\n","protected":false},"author":14,"featured_media":262005,"comment_status":"open","ping_status":"open","sticky":false,"template":"","format":"standard","meta":[],"categories":[1],"tags":[],"acf":[],"yoast_head":"<!-- This site is optimized with the Yoast SEO plugin v19.2 - https:\/\/yoast.com\/wordpress\/plugins\/seo\/ -->\n<title>Manifesta\u00e7\u00e3o da CRB Nacional diante da trag\u00e9dia no Rio de Janeiro - Not\u00edcias - Franciscanos<\/title>\n<meta name=\"robots\" content=\"index, follow, max-snippet:-1, max-image-preview:large, max-video-preview:-1\" \/>\n<link rel=\"canonical\" href=\"https:\/\/franciscanos.org.br\/noticias\/manifestacao-da-crb-nacional-diante-da-tragedia-no-rio-de-janeiro.html\" \/>\n<meta property=\"og:locale\" content=\"pt_BR\" \/>\n<meta property=\"og:type\" content=\"article\" \/>\n<meta property=\"og:title\" content=\"Manifesta\u00e7\u00e3o da CRB Nacional diante da trag\u00e9dia no Rio de Janeiro - Not\u00edcias - Franciscanos\" \/>\n<meta property=\"og:description\" content=\"Confer\u00eancia dos Religiosos do Brasil\" \/>\n<meta property=\"og:url\" content=\"https:\/\/franciscanos.org.br\/noticias\/manifestacao-da-crb-nacional-diante-da-tragedia-no-rio-de-janeiro.html\" \/>\n<meta property=\"og:site_name\" content=\"Not\u00edcias - Franciscanos\" \/>\n<meta property=\"article:published_time\" content=\"2025-10-30T19:12:11+00:00\" \/>\n<meta property=\"article:modified_time\" content=\"2025-10-31T19:36:56+00:00\" \/>\n<meta property=\"og:image\" content=\"https:\/\/franciscanos.org.br\/noticias\/wp-content\/uploads\/2025\/10\/megaoperacao-no-rio-de-janeiro-mexeu-com-a-rotina-de-moradores-e-de-quem-precisava-se-locomover-na-regiao.jpg\" \/>\n\t<meta property=\"og:image:width\" content=\"1200\" \/>\n\t<meta property=\"og:image:height\" content=\"700\" \/>\n\t<meta property=\"og:image:type\" content=\"image\/jpeg\" \/>\n<meta name=\"author\" content=\"Maria Luiza\" \/>\n<meta name=\"twitter:card\" content=\"summary_large_image\" \/>\n<meta name=\"twitter:label1\" content=\"Escrito por\" \/>\n\t<meta name=\"twitter:data1\" content=\"Maria Luiza\" \/>\n\t<meta name=\"twitter:label2\" content=\"Est. tempo de leitura\" \/>\n\t<meta name=\"twitter:data2\" content=\"1 minuto\" \/>\n<script type=\"application\/ld+json\" class=\"yoast-schema-graph\">{\"@context\":\"https:\/\/schema.org\",\"@graph\":[{\"@type\":\"WebSite\",\"@id\":\"https:\/\/franciscanos.org.br\/noticias\/#website\",\"url\":\"https:\/\/franciscanos.org.br\/noticias\/\",\"name\":\"Not\u00edcias - Franciscanos\",\"description\":\"Prov\u00edncia Franciscana da Imaculada Concei\u00e7\u00e3o do Brasil - Ordem dos Frades Menores - OFM\",\"potentialAction\":[{\"@type\":\"SearchAction\",\"target\":{\"@type\":\"EntryPoint\",\"urlTemplate\":\"https:\/\/franciscanos.org.br\/noticias\/?s={search_term_string}\"},\"query-input\":\"required name=search_term_string\"}],\"inLanguage\":\"pt-BR\"},{\"@type\":\"ImageObject\",\"inLanguage\":\"pt-BR\",\"@id\":\"https:\/\/franciscanos.org.br\/noticias\/manifestacao-da-crb-nacional-diante-da-tragedia-no-rio-de-janeiro.html#primaryimage\",\"url\":\"https:\/\/franciscanos.org.br\/noticias\/wp-content\/uploads\/2025\/10\/megaoperacao-no-rio-de-janeiro-mexeu-com-a-rotina-de-moradores-e-de-quem-precisava-se-locomover-na-regiao.jpg\",\"contentUrl\":\"https:\/\/franciscanos.org.br\/noticias\/wp-content\/uploads\/2025\/10\/megaoperacao-no-rio-de-janeiro-mexeu-com-a-rotina-de-moradores-e-de-quem-precisava-se-locomover-na-regiao.jpg\",\"width\":1200,\"height\":700},{\"@type\":\"WebPage\",\"@id\":\"https:\/\/franciscanos.org.br\/noticias\/manifestacao-da-crb-nacional-diante-da-tragedia-no-rio-de-janeiro.html#webpage\",\"url\":\"https:\/\/franciscanos.org.br\/noticias\/manifestacao-da-crb-nacional-diante-da-tragedia-no-rio-de-janeiro.html\",\"name\":\"Manifesta\u00e7\u00e3o da CRB Nacional diante da trag\u00e9dia no Rio de Janeiro - Not\u00edcias - Franciscanos\",\"isPartOf\":{\"@id\":\"https:\/\/franciscanos.org.br\/noticias\/#website\"},\"primaryImageOfPage\":{\"@id\":\"https:\/\/franciscanos.org.br\/noticias\/manifestacao-da-crb-nacional-diante-da-tragedia-no-rio-de-janeiro.html#primaryimage\"},\"datePublished\":\"2025-10-30T19:12:11+00:00\",\"dateModified\":\"2025-10-31T19:36:56+00:00\",\"author\":{\"@id\":\"https:\/\/franciscanos.org.br\/noticias\/#\/schema\/person\/b46e1e34f32e3b405e1ab0c0f43d4a74\"},\"breadcrumb\":{\"@id\":\"https:\/\/franciscanos.org.br\/noticias\/manifestacao-da-crb-nacional-diante-da-tragedia-no-rio-de-janeiro.html#breadcrumb\"},\"inLanguage\":\"pt-BR\",\"potentialAction\":[{\"@type\":\"ReadAction\",\"target\":[\"https:\/\/franciscanos.org.br\/noticias\/manifestacao-da-crb-nacional-diante-da-tragedia-no-rio-de-janeiro.html\"]}]},{\"@type\":\"BreadcrumbList\",\"@id\":\"https:\/\/franciscanos.org.br\/noticias\/manifestacao-da-crb-nacional-diante-da-tragedia-no-rio-de-janeiro.html#breadcrumb\",\"itemListElement\":[{\"@type\":\"ListItem\",\"position\":1,\"name\":\"Home\",\"item\":\"https:\/\/franciscanos.org.br\/noticias\"},{\"@type\":\"ListItem\",\"position\":2,\"name\":\"Manifesta\u00e7\u00e3o da CRB Nacional diante da trag\u00e9dia no Rio de Janeiro\"}]},{\"@type\":\"Person\",\"@id\":\"https:\/\/franciscanos.org.br\/noticias\/#\/schema\/person\/b46e1e34f32e3b405e1ab0c0f43d4a74\",\"name\":\"Maria Luiza\",\"image\":{\"@type\":\"ImageObject\",\"inLanguage\":\"pt-BR\",\"@id\":\"https:\/\/franciscanos.org.br\/noticias\/#\/schema\/person\/image\/\",\"url\":\"https:\/\/secure.gravatar.com\/avatar\/836de88cd3f8284086aa8361d3071383?s=96&d=mm&r=g\",\"contentUrl\":\"https:\/\/secure.gravatar.com\/avatar\/836de88cd3f8284086aa8361d3071383?s=96&d=mm&r=g\",\"caption\":\"Maria Luiza\"},\"url\":\"https:\/\/franciscanos.org.br\/noticias\/author\/marialuiza\"}]}<\/script>\n<!-- \/ Yoast SEO plugin. -->","yoast_head_json":{"title":"Manifesta\u00e7\u00e3o da CRB Nacional diante da trag\u00e9dia no Rio de Janeiro - Not\u00edcias - Franciscanos","robots":{"index":"index","follow":"follow","max-snippet":"max-snippet:-1","max-image-preview":"max-image-preview:large","max-video-preview":"max-video-preview:-1"},"canonical":"https:\/\/franciscanos.org.br\/noticias\/manifestacao-da-crb-nacional-diante-da-tragedia-no-rio-de-janeiro.html","og_locale":"pt_BR","og_type":"article","og_title":"Manifesta\u00e7\u00e3o da CRB Nacional diante da trag\u00e9dia no Rio de Janeiro - Not\u00edcias - Franciscanos","og_description":"Confer\u00eancia dos Religiosos do Brasil","og_url":"https:\/\/franciscanos.org.br\/noticias\/manifestacao-da-crb-nacional-diante-da-tragedia-no-rio-de-janeiro.html","og_site_name":"Not\u00edcias - Franciscanos","article_published_time":"2025-10-30T19:12:11+00:00","article_modified_time":"2025-10-31T19:36:56+00:00","og_image":[{"width":1200,"height":700,"url":"https:\/\/franciscanos.org.br\/noticias\/wp-content\/uploads\/2025\/10\/megaoperacao-no-rio-de-janeiro-mexeu-com-a-rotina-de-moradores-e-de-quem-precisava-se-locomover-na-regiao.jpg","type":"image\/jpeg"}],"author":"Maria Luiza","twitter_card":"summary_large_image","twitter_misc":{"Escrito por":"Maria Luiza","Est. tempo de leitura":"1 minuto"},"schema":{"@context":"https:\/\/schema.org","@graph":[{"@type":"WebSite","@id":"https:\/\/franciscanos.org.br\/noticias\/#website","url":"https:\/\/franciscanos.org.br\/noticias\/","name":"Not\u00edcias - Franciscanos","description":"Prov\u00edncia Franciscana da Imaculada Concei\u00e7\u00e3o do Brasil - Ordem dos Frades Menores - OFM","potentialAction":[{"@type":"SearchAction","target":{"@type":"EntryPoint","urlTemplate":"https:\/\/franciscanos.org.br\/noticias\/?s={search_term_string}"},"query-input":"required name=search_term_string"}],"inLanguage":"pt-BR"},{"@type":"ImageObject","inLanguage":"pt-BR","@id":"https:\/\/franciscanos.org.br\/noticias\/manifestacao-da-crb-nacional-diante-da-tragedia-no-rio-de-janeiro.html#primaryimage","url":"https:\/\/franciscanos.org.br\/noticias\/wp-content\/uploads\/2025\/10\/megaoperacao-no-rio-de-janeiro-mexeu-com-a-rotina-de-moradores-e-de-quem-precisava-se-locomover-na-regiao.jpg","contentUrl":"https:\/\/franciscanos.org.br\/noticias\/wp-content\/uploads\/2025\/10\/megaoperacao-no-rio-de-janeiro-mexeu-com-a-rotina-de-moradores-e-de-quem-precisava-se-locomover-na-regiao.jpg","width":1200,"height":700},{"@type":"WebPage","@id":"https:\/\/franciscanos.org.br\/noticias\/manifestacao-da-crb-nacional-diante-da-tragedia-no-rio-de-janeiro.html#webpage","url":"https:\/\/franciscanos.org.br\/noticias\/manifestacao-da-crb-nacional-diante-da-tragedia-no-rio-de-janeiro.html","name":"Manifesta\u00e7\u00e3o da CRB Nacional diante da trag\u00e9dia no Rio de Janeiro - Not\u00edcias - Franciscanos","isPartOf":{"@id":"https:\/\/franciscanos.org.br\/noticias\/#website"},"primaryImageOfPage":{"@id":"https:\/\/franciscanos.org.br\/noticias\/manifestacao-da-crb-nacional-diante-da-tragedia-no-rio-de-janeiro.html#primaryimage"},"datePublished":"2025-10-30T19:12:11+00:00","dateModified":"2025-10-31T19:36:56+00:00","author":{"@id":"https:\/\/franciscanos.org.br\/noticias\/#\/schema\/person\/b46e1e34f32e3b405e1ab0c0f43d4a74"},"breadcrumb":{"@id":"https:\/\/franciscanos.org.br\/noticias\/manifestacao-da-crb-nacional-diante-da-tragedia-no-rio-de-janeiro.html#breadcrumb"},"inLanguage":"pt-BR","potentialAction":[{"@type":"ReadAction","target":["https:\/\/franciscanos.org.br\/noticias\/manifestacao-da-crb-nacional-diante-da-tragedia-no-rio-de-janeiro.html"]}]},{"@type":"BreadcrumbList","@id":"https:\/\/franciscanos.org.br\/noticias\/manifestacao-da-crb-nacional-diante-da-tragedia-no-rio-de-janeiro.html#breadcrumb","itemListElement":[{"@type":"ListItem","position":1,"name":"Home","item":"https:\/\/franciscanos.org.br\/noticias"},{"@type":"ListItem","position":2,"name":"Manifesta\u00e7\u00e3o da CRB Nacional diante da trag\u00e9dia no Rio de Janeiro"}]},{"@type":"Person","@id":"https:\/\/franciscanos.org.br\/noticias\/#\/schema\/person\/b46e1e34f32e3b405e1ab0c0f43d4a74","name":"Maria Luiza","image":{"@type":"ImageObject","inLanguage":"pt-BR","@id":"https:\/\/franciscanos.org.br\/noticias\/#\/schema\/person\/image\/","url":"https:\/\/secure.gravatar.com\/avatar\/836de88cd3f8284086aa8361d3071383?s=96&d=mm&r=g","contentUrl":"https:\/\/secure.gravatar.com\/avatar\/836de88cd3f8284086aa8361d3071383?s=96&d=mm&r=g","caption":"Maria Luiza"},"url":"https:\/\/franciscanos.org.br\/noticias\/author\/marialuiza"}]}},"_links":{"self":[{"href":"https:\/\/franciscanos.org.br\/noticias\/wp-json\/wp\/v2\/posts\/262004"}],"collection":[{"href":"https:\/\/franciscanos.org.br\/noticias\/wp-json\/wp\/v2\/posts"}],"about":[{"href":"https:\/\/franciscanos.org.br\/noticias\/wp-json\/wp\/v2\/types\/post"}],"author":[{"embeddable":true,"href":"https:\/\/franciscanos.org.br\/noticias\/wp-json\/wp\/v2\/users\/14"}],"replies":[{"embeddable":true,"href":"https:\/\/franciscanos.org.br\/noticias\/wp-json\/wp\/v2\/comments?post=262004"}],"version-history":[{"count":11,"href":"https:\/\/franciscanos.org.br\/noticias\/wp-json\/wp\/v2\/posts\/262004\/revisions"}],"predecessor-version":[{"id":262049,"href":"https:\/\/franciscanos.org.br\/noticias\/wp-json\/wp\/v2\/posts\/262004\/revisions\/262049"}],"wp:featuredmedia":[{"embeddable":true,"href":"https:\/\/franciscanos.org.br\/noticias\/wp-json\/wp\/v2\/media\/262005"}],"wp:attachment":[{"href":"https:\/\/franciscanos.org.br\/noticias\/wp-json\/wp\/v2\/media?parent=262004"}],"wp:term":[{"taxonomy":"category","embeddable":true,"href":"https:\/\/franciscanos.org.br\/noticias\/wp-json\/wp\/v2\/categories?post=262004"},{"taxonomy":"post_tag","embeddable":true,"href":"https:\/\/franciscanos.org.br\/noticias\/wp-json\/wp\/v2\/tags?post=262004"}],"curies":[{"name":"wp","href":"https:\/\/api.w.org\/{rel}","templated":true}]}}