{"id":261892,"date":"2025-10-29T12:35:35","date_gmt":"2025-10-29T15:35:35","guid":{"rendered":"https:\/\/franciscanos.org.br\/noticias\/?p=261892"},"modified":"2025-10-29T15:26:22","modified_gmt":"2025-10-29T18:26:22","slug":"carta-da-conferencia-da-familia-franciscana-para-a-cop-30","status":"publish","type":"post","link":"https:\/\/franciscanos.org.br\/noticias\/carta-da-conferencia-da-familia-franciscana-para-a-cop-30.html","title":{"rendered":"Carta da Confer\u00eancia da Fam\u00edlia Franciscana para a COP 30"},"content":{"rendered":"<p><img loading=\"lazy\" class=\"aligncenter wp-image-261894 size-full\" src=\"https:\/\/franciscanos.org.br\/noticias\/wp-content\/uploads\/2025\/10\/Texto-do-seu-paragrafo-5.jpg\" alt=\"\" width=\"1280\" height=\"720\" srcset=\"https:\/\/franciscanos.org.br\/noticias\/wp-content\/uploads\/2025\/10\/Texto-do-seu-paragrafo-5.jpg 1280w, https:\/\/franciscanos.org.br\/noticias\/wp-content\/uploads\/2025\/10\/Texto-do-seu-paragrafo-5-450x253.jpg 450w, https:\/\/franciscanos.org.br\/noticias\/wp-content\/uploads\/2025\/10\/Texto-do-seu-paragrafo-5-1024x576.jpg 1024w, https:\/\/franciscanos.org.br\/noticias\/wp-content\/uploads\/2025\/10\/Texto-do-seu-paragrafo-5-768x432.jpg 768w, https:\/\/franciscanos.org.br\/noticias\/wp-content\/uploads\/2025\/10\/Texto-do-seu-paragrafo-5-150x84.jpg 150w\" sizes=\"(max-width: 1280px) 100vw, 1280px\" \/><\/p>\n<p>Entre os dias 10 e 21 de novembro de 2025, a cidade de Bel\u00e9m (PA) ser\u00e1 sede da\u00a0<strong>30\u00aa Confer\u00eancia das Partes da Conven\u00e7\u00e3o-Quadro das Na\u00e7\u00f5es Unidas sobre Mudan\u00e7a do Clima (COP 30)<\/strong>. Reunindo chefes de Estado, lideran\u00e7as religiosas, cientistas, representantes de povos origin\u00e1rios e organiza\u00e7\u00f5es da sociedade civil, o encontro tem como miss\u00e3o definir compromissos concretos frente \u00e0 crise clim\u00e1tica global que amea\u00e7a o equil\u00edbrio da Casa Comum.<\/p>\n<p>A COP 30 ocorrer\u00e1 no mesmo per\u00edodo em que a Igreja celebra o Dia Mundial dos Pobres, em 16 de novembro, uma coincid\u00eancia significativa que refor\u00e7a o chamado \u00e0 solidariedade e \u00e0 responsabilidade com os mais vulner\u00e1veis, profundamente afetados pelas mudan\u00e7as clim\u00e1ticas.<\/p>\n<p>Em sintonia com este momento hist\u00f3rico e no contexto do\u00a0<strong>800\u00ba anivers\u00e1rio do \u201cC\u00e2ntico das Criaturas\u201d<\/strong>\u00a0de S\u00e3o Francisco de Assis,\u00a0 e com a\u00a0<strong>Enc\u00edclica <em>Laudato si&#8217;<\/em><\/strong>, do Papa Francisco, neste dia 28 de outubro, a C\u00faria da Ordem dos Frades Menores divulgou, em seu site oficial, uma Carta \u00e0 COP 30 assinada pelos Ministros gerais e pelo Presidente da Confer\u00eancia da Fam\u00edlia Franciscana. O documento se apresenta como um apelo \u00e0 convers\u00e3o ecol\u00f3gica pessoal, comunit\u00e1ria e global, como resposta espiritual e pr\u00e1tica \u00e0 urg\u00eancia ambiental do nosso tempo.<\/p>\n<p>A mensagem recorda que a convers\u00e3o ecol\u00f3gica, inspirada pelo exemplo de S\u00e3o Francisco e reafirmada pelo Papa Francisco, \u00e9 \u201cuma transforma\u00e7\u00e3o do cora\u00e7\u00e3o e da mente\u201d que leva a reconhecer a interconex\u00e3o de toda a cria\u00e7\u00e3o. Nesse sentido, a Fam\u00edlia Franciscana pede que as lideran\u00e7as reunidas em Bel\u00e9m sejam tocadas por esse mesmo esp\u00edrito de convers\u00e3o, comprometendo-se com a\u00e7\u00f5es concretas e mensur\u00e1veis em favor de um futuro sustent\u00e1vel e justo para todas as formas de vida.<\/p>\n<p>Seguindo os mesmos apelos de milhares de irm\u00e3os e irm\u00e3s que se reunir\u00e3o na capital paraense, os franciscanos tamb\u00e9m participar\u00e3o de um evento especial do \u201cC\u00e2ntico das Criaturas\u201d no dia 14 de novembro, na mesma localidade, expressando em ora\u00e7\u00e3o e celebra\u00e7\u00e3o o compromisso de toda a Fam\u00edlia Franciscana com o cuidado com a Cria\u00e7\u00e3o. Que, no esp\u00edrito de S\u00e3o Francisco, a COP 30 seja um tempo de escuta, discernimento e esperan\u00e7a, em que o clamor da Terra e o clamor dos pobres encontrem resposta concreta nas decis\u00f5es globais.<\/p>\n<p>Leia a \u00edntegra da \u201cCarta da Confer\u00eancia da Fam\u00edlia Franciscana para a COP 30\u201d e una-se a esse chamado \u00e0 ora\u00e7\u00e3o e \u00e0 convers\u00e3o ecol\u00f3gica em favor da vida e da Casa Comum.<\/p>\n<hr \/>\n<h2 style=\"text-align: center;\">Confer\u00eancia da Fam\u00edlia Franciscana<\/h2>\n<p><em>28 de outubro de 2025<\/em><\/p>\n<p style=\"text-align: right;\">\u00a0\u00c0 aten\u00e7\u00e3o dos Irm\u00e3os e Irm\u00e3s da Fam\u00edlia Franciscana<\/p>\n<p>&nbsp;<\/p>\n<p style=\"text-align: center;\"><strong>Um convite \u00e0 ora\u00e7\u00e3o e \u00e0 convers\u00e3o ecol\u00f3gica enquanto a comunidade mundial se re\u00fane na COP 30 em Bel\u00e9m, Brasil<\/strong><\/p>\n<p>&nbsp;<\/p>\n<p>Irm\u00e3os e Irm\u00e3s,<\/p>\n<p><em>O Senhor lhes d\u00ea a paz!<\/em><\/p>\n<p>No esp\u00edrito do 800\u00ba anivers\u00e1rio do C\u00e2ntico das Criaturas, n\u00f3s, seus Ministros Gerais e Presidente, convidamos toda a fam\u00edlia franciscana a unir-se a n\u00f3s em ora\u00e7\u00e3o enquanto a comunidade global se prepara para se reunir em Bel\u00e9m, no Brasil, de 10 a 21 de novembro de 2025, por ocasi\u00e3o da Confer\u00eancia das Partes da Conven\u00e7\u00e3o-Quadro das Na\u00e7\u00f5es Unidas sobre a Mudan\u00e7a do Clima (COP-30).<\/p>\n<p>Ao longo de todo o ano jubilar do C\u00e2ntico das Criaturas, nossa fam\u00edlia franciscana tem se concentrado nos valores evang\u00e9licos fundamentais que ele transmite e tem buscado novas formas de comunic\u00e1-los \u00e0s pessoas do nosso tempo. No centro dessa mensagem est\u00e1 o convite a percorrer um caminho de convers\u00e3o da mente, do cora\u00e7\u00e3o e das a\u00e7\u00f5es ao longo da vida, reconhecendo a dignidade e a sacralidade de toda a vida, assim como nossa responsabilidade de cuidar uns dos outros e da nossa Irm\u00e3, a M\u00e3e Terra.<\/p>\n<p>Nosso amado Papa Francisco, agora falecido, que escolheu o nome de nosso fundador para dar nova voz ao chamado de convers\u00e3o de S\u00e3o Francisco \u2013 e inspirado pelo pr\u00f3prio C\u00e2ntico \u2013 convidou a Igreja e toda a humanidade a abra\u00e7ar o caminho da convers\u00e3o ecol\u00f3gica. Para o Papa Francisco, a convers\u00e3o ecol\u00f3gica \u00e9 uma transforma\u00e7\u00e3o espiritual e filos\u00f3fica do cora\u00e7\u00e3o e da mente que reconhece a interconex\u00e3o de toda a cria\u00e7\u00e3o, conduzindo a um novo modo de ser e agir no mundo. Isso implica ver a si mesmo n\u00e3o como dominador, mas como um ser relacional dentro da rede c\u00f3smica de Deus. Nossa voca\u00e7\u00e3o \u00e9 promover um compromisso profundo, pessoal e comunit\u00e1rio com o cuidado m\u00fatuo e com a Terra, vivendo de forma mais pac\u00edfica com Deus, com os outros e com toda a cria\u00e7\u00e3o.<\/p>\n<p>\u00c9 justamente esse chamado \u00e0 convers\u00e3o ecol\u00f3gica que esperamos que permeie a Confer\u00eancia das Partes em Bel\u00e9m. Que os l\u00edderes mundiais reconhe\u00e7am a urg\u00eancia do que est\u00e1 em jogo e se comprometam com a\u00e7\u00f5es concretas e mensur\u00e1veis que garantam as condi\u00e7\u00f5es necess\u00e1rias para um futuro sustent\u00e1vel para toda forma de vida. Unimo-nos em solidariedade com todos os nossos irm\u00e3os e irm\u00e3s franciscanos que estar\u00e3o reunidos em Bel\u00e9m para um evento especial do \u201cC\u00e2ntico\u201d, no dia 14 de novembro. No esp\u00edrito de S\u00e3o Francisco, que enviava seus irm\u00e3os para anunciar a boa nova do C\u00e2ntico, exortamos voc\u00eas a partilhar essa mensagem com todos que encontrarem, convidando-os a abra\u00e7ar o caminho da convers\u00e3o, da justi\u00e7a e da paz. Como nos recordou o Papa Francisco: \u201cViver a nossa voca\u00e7\u00e3o de guardi\u00f5es da obra de Deus \u00e9 parte essencial de uma vida virtuosa; n\u00e3o \u00e9 algo opcional ou secund\u00e1rio da nossa experi\u00eancia crist\u00e3 [franciscana]\u201d (Laudato Si\u2019, 217). \u201cTrabalhando com dedica\u00e7\u00e3o e ternura, muitas sementes de justi\u00e7a podem germinar, contribuindo para a paz e a esperan\u00e7a\u201d\u00a0<em>(Le\u00e3o XIV, Mensagem para o X Dia Mundial de Ora\u00e7\u00e3o pelo Cuidado da Cria\u00e7\u00e3o \u2013 2025)<\/em>.<\/p>\n<p>\u00c9 com esse esp\u00edrito que unimos nossas ora\u00e7\u00f5es neste momento, pelo bem da humanidade e de toda a cria\u00e7\u00e3o de Deus.<\/p>\n<p><strong>Para a gl\u00f3ria e a honra do Deus Alt\u00edssimo.<\/strong><\/p>\n<p>&nbsp;<\/p>\n<p style=\"text-align: center;\"><em>Massimo Fusarelli, OFM\u00a0 \u2013 Ministro Geral<\/em><\/p>\n<p style=\"text-align: center;\"><em>Carlos Alberto Trovarelli, OFM Conv \u2013 Ministro Geral<\/em><\/p>\n<p style=\"text-align: center;\"><em>Roberto Genuin, OFM Cap \u2013 Ministro Geral<\/em><\/p>\n<p style=\"text-align: center;\"><em>Amando Trujillo, Cano TOR \u2013 Ministro Geral<\/em><\/p>\n<p style=\"text-align: center;\"><em>Tibor Kauser, OFS \u2013 Ministro Geral<\/em><\/p>\n<p style=\"text-align: center;\"><em>Ir. Daisy Kalamparamban \u2013 Presidente IFC-TOR<\/em><\/p>\n<p>&nbsp;<\/p>\n<p style=\"text-align: center;\"><a href=\"https:\/\/franciscanos.org.br\/banca\/wp-content\/uploads\/2025\/10\/Conf_MMGG_FF_2025_56_COP30_PT.pdf\"><strong>CLIQUE AQUI E ACESSE O DOCUMENTO OFICIAL<\/strong><\/a><\/p>\n<hr \/>\n<p>Adriana Rabelo Rodrigues<\/p>\n<p>Fonte: ofm.org<\/p>\n","protected":false},"excerpt":{"rendered":"<p>Documento da Ordem<\/p>\n","protected":false},"author":11,"featured_media":261893,"comment_status":"open","ping_status":"open","sticky":false,"template":"","format":"standard","meta":[],"categories":[1],"tags":[2347,1233],"acf":[],"yoast_head":"<!-- This site is optimized with the Yoast SEO plugin v19.2 - https:\/\/yoast.com\/wordpress\/plugins\/seo\/ -->\n<title>Carta da Confer\u00eancia da Fam\u00edlia Franciscana para a COP 30 - Not\u00edcias - Franciscanos<\/title>\n<meta name=\"robots\" content=\"index, follow, max-snippet:-1, max-image-preview:large, max-video-preview:-1\" \/>\n<link rel=\"canonical\" href=\"https:\/\/franciscanos.org.br\/noticias\/carta-da-conferencia-da-familia-franciscana-para-a-cop-30.html\" \/>\n<meta property=\"og:locale\" content=\"pt_BR\" \/>\n<meta property=\"og:type\" content=\"article\" \/>\n<meta property=\"og:title\" content=\"Carta da Confer\u00eancia da Fam\u00edlia Franciscana para a COP 30 - Not\u00edcias - Franciscanos\" \/>\n<meta property=\"og:description\" content=\"Documento da Ordem\" \/>\n<meta property=\"og:url\" content=\"https:\/\/franciscanos.org.br\/noticias\/carta-da-conferencia-da-familia-franciscana-para-a-cop-30.html\" \/>\n<meta property=\"og:site_name\" content=\"Not\u00edcias - Franciscanos\" \/>\n<meta property=\"article:published_time\" content=\"2025-10-29T15:35:35+00:00\" \/>\n<meta property=\"article:modified_time\" content=\"2025-10-29T18:26:22+00:00\" \/>\n<meta property=\"og:image\" content=\"https:\/\/franciscanos.org.br\/noticias\/wp-content\/uploads\/2025\/10\/Texto-do-seu-paragrafo-800-x-550-px.jpg\" \/>\n\t<meta property=\"og:image:width\" content=\"800\" \/>\n\t<meta property=\"og:image:height\" content=\"550\" \/>\n\t<meta property=\"og:image:type\" content=\"image\/jpeg\" \/>\n<meta name=\"author\" content=\"Adriana Rabelo\" \/>\n<meta name=\"twitter:card\" content=\"summary_large_image\" \/>\n<meta name=\"twitter:label1\" content=\"Escrito por\" \/>\n\t<meta name=\"twitter:data1\" content=\"Adriana Rabelo\" \/>\n\t<meta name=\"twitter:label2\" content=\"Est. tempo de leitura\" \/>\n\t<meta name=\"twitter:data2\" content=\"6 minutos\" \/>\n<script type=\"application\/ld+json\" class=\"yoast-schema-graph\">{\"@context\":\"https:\/\/schema.org\",\"@graph\":[{\"@type\":\"WebSite\",\"@id\":\"https:\/\/franciscanos.org.br\/noticias\/#website\",\"url\":\"https:\/\/franciscanos.org.br\/noticias\/\",\"name\":\"Not\u00edcias - Franciscanos\",\"description\":\"Prov\u00edncia Franciscana da Imaculada Concei\u00e7\u00e3o do Brasil - Ordem dos Frades Menores - OFM\",\"potentialAction\":[{\"@type\":\"SearchAction\",\"target\":{\"@type\":\"EntryPoint\",\"urlTemplate\":\"https:\/\/franciscanos.org.br\/noticias\/?s={search_term_string}\"},\"query-input\":\"required name=search_term_string\"}],\"inLanguage\":\"pt-BR\"},{\"@type\":\"ImageObject\",\"inLanguage\":\"pt-BR\",\"@id\":\"https:\/\/franciscanos.org.br\/noticias\/carta-da-conferencia-da-familia-franciscana-para-a-cop-30.html#primaryimage\",\"url\":\"https:\/\/franciscanos.org.br\/noticias\/wp-content\/uploads\/2025\/10\/Texto-do-seu-paragrafo-800-x-550-px.jpg\",\"contentUrl\":\"https:\/\/franciscanos.org.br\/noticias\/wp-content\/uploads\/2025\/10\/Texto-do-seu-paragrafo-800-x-550-px.jpg\",\"width\":800,\"height\":550},{\"@type\":\"WebPage\",\"@id\":\"https:\/\/franciscanos.org.br\/noticias\/carta-da-conferencia-da-familia-franciscana-para-a-cop-30.html#webpage\",\"url\":\"https:\/\/franciscanos.org.br\/noticias\/carta-da-conferencia-da-familia-franciscana-para-a-cop-30.html\",\"name\":\"Carta da Confer\u00eancia da Fam\u00edlia Franciscana para a COP 30 - Not\u00edcias - Franciscanos\",\"isPartOf\":{\"@id\":\"https:\/\/franciscanos.org.br\/noticias\/#website\"},\"primaryImageOfPage\":{\"@id\":\"https:\/\/franciscanos.org.br\/noticias\/carta-da-conferencia-da-familia-franciscana-para-a-cop-30.html#primaryimage\"},\"datePublished\":\"2025-10-29T15:35:35+00:00\",\"dateModified\":\"2025-10-29T18:26:22+00:00\",\"author\":{\"@id\":\"https:\/\/franciscanos.org.br\/noticias\/#\/schema\/person\/d9422e83121c3ad3b0f423d195f5bb25\"},\"breadcrumb\":{\"@id\":\"https:\/\/franciscanos.org.br\/noticias\/carta-da-conferencia-da-familia-franciscana-para-a-cop-30.html#breadcrumb\"},\"inLanguage\":\"pt-BR\",\"potentialAction\":[{\"@type\":\"ReadAction\",\"target\":[\"https:\/\/franciscanos.org.br\/noticias\/carta-da-conferencia-da-familia-franciscana-para-a-cop-30.html\"]}]},{\"@type\":\"BreadcrumbList\",\"@id\":\"https:\/\/franciscanos.org.br\/noticias\/carta-da-conferencia-da-familia-franciscana-para-a-cop-30.html#breadcrumb\",\"itemListElement\":[{\"@type\":\"ListItem\",\"position\":1,\"name\":\"Home\",\"item\":\"https:\/\/franciscanos.org.br\/noticias\"},{\"@type\":\"ListItem\",\"position\":2,\"name\":\"Carta da Confer\u00eancia da Fam\u00edlia Franciscana para a COP 30\"}]},{\"@type\":\"Person\",\"@id\":\"https:\/\/franciscanos.org.br\/noticias\/#\/schema\/person\/d9422e83121c3ad3b0f423d195f5bb25\",\"name\":\"Adriana Rabelo\",\"image\":{\"@type\":\"ImageObject\",\"inLanguage\":\"pt-BR\",\"@id\":\"https:\/\/franciscanos.org.br\/noticias\/#\/schema\/person\/image\/\",\"url\":\"https:\/\/secure.gravatar.com\/avatar\/0a937b7500cd7df77540cfb8bede877d?s=96&d=mm&r=g\",\"contentUrl\":\"https:\/\/secure.gravatar.com\/avatar\/0a937b7500cd7df77540cfb8bede877d?s=96&d=mm&r=g\",\"caption\":\"Adriana Rabelo\"},\"url\":\"https:\/\/franciscanos.org.br\/noticias\/author\/adrianarabelo\"}]}<\/script>\n<!-- \/ Yoast SEO plugin. -->","yoast_head_json":{"title":"Carta da Confer\u00eancia da Fam\u00edlia Franciscana para a COP 30 - Not\u00edcias - Franciscanos","robots":{"index":"index","follow":"follow","max-snippet":"max-snippet:-1","max-image-preview":"max-image-preview:large","max-video-preview":"max-video-preview:-1"},"canonical":"https:\/\/franciscanos.org.br\/noticias\/carta-da-conferencia-da-familia-franciscana-para-a-cop-30.html","og_locale":"pt_BR","og_type":"article","og_title":"Carta da Confer\u00eancia da Fam\u00edlia Franciscana para a COP 30 - Not\u00edcias - Franciscanos","og_description":"Documento da Ordem","og_url":"https:\/\/franciscanos.org.br\/noticias\/carta-da-conferencia-da-familia-franciscana-para-a-cop-30.html","og_site_name":"Not\u00edcias - Franciscanos","article_published_time":"2025-10-29T15:35:35+00:00","article_modified_time":"2025-10-29T18:26:22+00:00","og_image":[{"width":800,"height":550,"url":"https:\/\/franciscanos.org.br\/noticias\/wp-content\/uploads\/2025\/10\/Texto-do-seu-paragrafo-800-x-550-px.jpg","type":"image\/jpeg"}],"author":"Adriana Rabelo","twitter_card":"summary_large_image","twitter_misc":{"Escrito por":"Adriana Rabelo","Est. tempo de leitura":"6 minutos"},"schema":{"@context":"https:\/\/schema.org","@graph":[{"@type":"WebSite","@id":"https:\/\/franciscanos.org.br\/noticias\/#website","url":"https:\/\/franciscanos.org.br\/noticias\/","name":"Not\u00edcias - Franciscanos","description":"Prov\u00edncia Franciscana da Imaculada Concei\u00e7\u00e3o do Brasil - Ordem dos Frades Menores - OFM","potentialAction":[{"@type":"SearchAction","target":{"@type":"EntryPoint","urlTemplate":"https:\/\/franciscanos.org.br\/noticias\/?s={search_term_string}"},"query-input":"required name=search_term_string"}],"inLanguage":"pt-BR"},{"@type":"ImageObject","inLanguage":"pt-BR","@id":"https:\/\/franciscanos.org.br\/noticias\/carta-da-conferencia-da-familia-franciscana-para-a-cop-30.html#primaryimage","url":"https:\/\/franciscanos.org.br\/noticias\/wp-content\/uploads\/2025\/10\/Texto-do-seu-paragrafo-800-x-550-px.jpg","contentUrl":"https:\/\/franciscanos.org.br\/noticias\/wp-content\/uploads\/2025\/10\/Texto-do-seu-paragrafo-800-x-550-px.jpg","width":800,"height":550},{"@type":"WebPage","@id":"https:\/\/franciscanos.org.br\/noticias\/carta-da-conferencia-da-familia-franciscana-para-a-cop-30.html#webpage","url":"https:\/\/franciscanos.org.br\/noticias\/carta-da-conferencia-da-familia-franciscana-para-a-cop-30.html","name":"Carta da Confer\u00eancia da Fam\u00edlia Franciscana para a COP 30 - Not\u00edcias - Franciscanos","isPartOf":{"@id":"https:\/\/franciscanos.org.br\/noticias\/#website"},"primaryImageOfPage":{"@id":"https:\/\/franciscanos.org.br\/noticias\/carta-da-conferencia-da-familia-franciscana-para-a-cop-30.html#primaryimage"},"datePublished":"2025-10-29T15:35:35+00:00","dateModified":"2025-10-29T18:26:22+00:00","author":{"@id":"https:\/\/franciscanos.org.br\/noticias\/#\/schema\/person\/d9422e83121c3ad3b0f423d195f5bb25"},"breadcrumb":{"@id":"https:\/\/franciscanos.org.br\/noticias\/carta-da-conferencia-da-familia-franciscana-para-a-cop-30.html#breadcrumb"},"inLanguage":"pt-BR","potentialAction":[{"@type":"ReadAction","target":["https:\/\/franciscanos.org.br\/noticias\/carta-da-conferencia-da-familia-franciscana-para-a-cop-30.html"]}]},{"@type":"BreadcrumbList","@id":"https:\/\/franciscanos.org.br\/noticias\/carta-da-conferencia-da-familia-franciscana-para-a-cop-30.html#breadcrumb","itemListElement":[{"@type":"ListItem","position":1,"name":"Home","item":"https:\/\/franciscanos.org.br\/noticias"},{"@type":"ListItem","position":2,"name":"Carta da Confer\u00eancia da Fam\u00edlia Franciscana para a COP 30"}]},{"@type":"Person","@id":"https:\/\/franciscanos.org.br\/noticias\/#\/schema\/person\/d9422e83121c3ad3b0f423d195f5bb25","name":"Adriana Rabelo","image":{"@type":"ImageObject","inLanguage":"pt-BR","@id":"https:\/\/franciscanos.org.br\/noticias\/#\/schema\/person\/image\/","url":"https:\/\/secure.gravatar.com\/avatar\/0a937b7500cd7df77540cfb8bede877d?s=96&d=mm&r=g","contentUrl":"https:\/\/secure.gravatar.com\/avatar\/0a937b7500cd7df77540cfb8bede877d?s=96&d=mm&r=g","caption":"Adriana Rabelo"},"url":"https:\/\/franciscanos.org.br\/noticias\/author\/adrianarabelo"}]}},"_links":{"self":[{"href":"https:\/\/franciscanos.org.br\/noticias\/wp-json\/wp\/v2\/posts\/261892"}],"collection":[{"href":"https:\/\/franciscanos.org.br\/noticias\/wp-json\/wp\/v2\/posts"}],"about":[{"href":"https:\/\/franciscanos.org.br\/noticias\/wp-json\/wp\/v2\/types\/post"}],"author":[{"embeddable":true,"href":"https:\/\/franciscanos.org.br\/noticias\/wp-json\/wp\/v2\/users\/11"}],"replies":[{"embeddable":true,"href":"https:\/\/franciscanos.org.br\/noticias\/wp-json\/wp\/v2\/comments?post=261892"}],"version-history":[{"count":5,"href":"https:\/\/franciscanos.org.br\/noticias\/wp-json\/wp\/v2\/posts\/261892\/revisions"}],"predecessor-version":[{"id":261982,"href":"https:\/\/franciscanos.org.br\/noticias\/wp-json\/wp\/v2\/posts\/261892\/revisions\/261982"}],"wp:featuredmedia":[{"embeddable":true,"href":"https:\/\/franciscanos.org.br\/noticias\/wp-json\/wp\/v2\/media\/261893"}],"wp:attachment":[{"href":"https:\/\/franciscanos.org.br\/noticias\/wp-json\/wp\/v2\/media?parent=261892"}],"wp:term":[{"taxonomy":"category","embeddable":true,"href":"https:\/\/franciscanos.org.br\/noticias\/wp-json\/wp\/v2\/categories?post=261892"},{"taxonomy":"post_tag","embeddable":true,"href":"https:\/\/franciscanos.org.br\/noticias\/wp-json\/wp\/v2\/tags?post=261892"}],"curies":[{"name":"wp","href":"https:\/\/api.w.org\/{rel}","templated":true}]}}