{"id":261871,"date":"2025-10-28T15:41:48","date_gmt":"2025-10-28T18:41:48","guid":{"rendered":"https:\/\/franciscanos.org.br\/noticias\/?p=261871"},"modified":"2025-10-29T09:39:25","modified_gmt":"2025-10-29T12:39:25","slug":"lideres-religiosos-celebram-o-espirito-de-assis-em-duque-de-caxias","status":"publish","type":"post","link":"https:\/\/franciscanos.org.br\/noticias\/lideres-religiosos-celebram-o-espirito-de-assis-em-duque-de-caxias.html","title":{"rendered":"L\u00edderes Religiosos celebram o Esp\u00edrito de Assis em Duque de Caxias"},"content":{"rendered":"<p><img loading=\"lazy\" class=\"aligncenter wp-image-261873 size-full\" src=\"https:\/\/franciscanos.org.br\/noticias\/wp-content\/uploads\/2025\/10\/materia-1-28.jpg\" alt=\"\" width=\"1280\" height=\"720\" srcset=\"https:\/\/franciscanos.org.br\/noticias\/wp-content\/uploads\/2025\/10\/materia-1-28.jpg 1280w, https:\/\/franciscanos.org.br\/noticias\/wp-content\/uploads\/2025\/10\/materia-1-28-450x253.jpg 450w, https:\/\/franciscanos.org.br\/noticias\/wp-content\/uploads\/2025\/10\/materia-1-28-1024x576.jpg 1024w, https:\/\/franciscanos.org.br\/noticias\/wp-content\/uploads\/2025\/10\/materia-1-28-768x432.jpg 768w, https:\/\/franciscanos.org.br\/noticias\/wp-content\/uploads\/2025\/10\/materia-1-28-150x84.jpg 150w\" sizes=\"(max-width: 1280px) 100vw, 1280px\" \/><\/p>\n<p>O Centro Paroquial da Par\u00f3quia Santa Clara de Assis, em Duque de Caxias (RJ), foi o espa\u00e7o para que neste dia 27 de outubro, fosse poss\u00edvel realizar mais uma edi\u00e7\u00e3o da Celebra\u00e7\u00e3o do \u201cEsp\u00edrito de Assis \u2013 Encontro pela Paz\u201d. O evento deste ano teve como tema <strong>\u201cUnidos pela Paz\u201d<\/strong> e lema <strong>\u201cPor um mundo sem guerra\u201d<\/strong>, reunindo fi\u00e9is e representantes de diferentes tradi\u00e7\u00f5es religiosas em um gesto de comunh\u00e3o, di\u00e1logo e esperan\u00e7a.<\/p>\n<p>Participaram do encontro o Frei Jean Carlos Ajluni Oliveira<em>, OFM<\/em>, p\u00e1roco da Par\u00f3quia Santa Clara de Assis, representando a Igreja Cat\u00f3lica; o <em>presbit\u00e9rio Valdir Rosa da Silva, da Assembleia de Deus \u2013 <\/em>Congrega\u00e7\u00e3o de Madureira; e Roberto Almeida da Cruz, zelador da Casa Esp\u00edrita Tenda do Caboclo Arranca Troco. A presen\u00e7a desses l\u00edderes religiosos foi um testemunho vivo da fraternidade entre as religi\u00f5es e do desejo comum de promover a paz como caminho para um mundo mais justo e harmonioso.<\/p>\n<p>Inspirada no encontro hist\u00f3rico realizado em 1986, na cidade italiana de Assis, quando o Papa S\u00e3o Jo\u00e3o Paulo II reuniu l\u00edderes das mais diversas religi\u00f5es para rezar pela paz mundial, a celebra\u00e7\u00e3o teve como prop\u00f3sito renovar aquele mesmo esp\u00edrito de uni\u00e3o e reconcilia\u00e7\u00e3o. O apelo feito por Jo\u00e3o Paulo II \u2013 \u201cContinuemos a viver o Esp\u00edrito de Assis\u201d \u2013 permanece atual e inspirador, especialmente diante dos tantos conflitos e guerras que ainda ferem a humanidade.<\/p>\n\n\t\t<style type=\"text\/css\">\n\t\t\t#gallery-1 {\n\t\t\t\tmargin: auto;\n\t\t\t}\n\t\t\t#gallery-1 .gallery-item {\n\t\t\t\tfloat: left;\n\t\t\t\tmargin-top: 10px;\n\t\t\t\ttext-align: center;\n\t\t\t\twidth: 25%;\n\t\t\t}\n\t\t\t#gallery-1 img {\n\t\t\t\tborder: 2px solid #cfcfcf;\n\t\t\t}\n\t\t\t#gallery-1 .gallery-caption {\n\t\t\t\tmargin-left: 0;\n\t\t\t}\n\t\t\t\/* see gallery_shortcode() in wp-includes\/media.php *\/\n\t\t<\/style>\n\t\t<div id='gallery-1' class='gallery galleryid-261871 gallery-columns-4 gallery-size-thumbnail'><dl class='gallery-item'>\n\t\t\t<dt class='gallery-icon portrait'>\n\t\t\t\t<a href='https:\/\/franciscanos.org.br\/noticias\/wp-content\/uploads\/2025\/10\/2.jpeg'><img width=\"300\" height=\"300\" src=\"https:\/\/franciscanos.org.br\/noticias\/wp-content\/uploads\/2025\/10\/2-300x300.jpeg\" class=\"attachment-thumbnail size-thumbnail\" alt=\"\" loading=\"lazy\" srcset=\"https:\/\/franciscanos.org.br\/noticias\/wp-content\/uploads\/2025\/10\/2-300x300.jpeg 300w, https:\/\/franciscanos.org.br\/noticias\/wp-content\/uploads\/2025\/10\/2-100x100.jpeg 100w\" sizes=\"(max-width: 300px) 100vw, 300px\" \/><\/a>\n\t\t\t<\/dt><\/dl><dl class='gallery-item'>\n\t\t\t<dt class='gallery-icon portrait'>\n\t\t\t\t<a href='https:\/\/franciscanos.org.br\/noticias\/wp-content\/uploads\/2025\/10\/3.jpeg'><img width=\"300\" height=\"300\" src=\"https:\/\/franciscanos.org.br\/noticias\/wp-content\/uploads\/2025\/10\/3-300x300.jpeg\" class=\"attachment-thumbnail size-thumbnail\" alt=\"\" loading=\"lazy\" srcset=\"https:\/\/franciscanos.org.br\/noticias\/wp-content\/uploads\/2025\/10\/3-300x300.jpeg 300w, https:\/\/franciscanos.org.br\/noticias\/wp-content\/uploads\/2025\/10\/3-100x100.jpeg 100w\" sizes=\"(max-width: 300px) 100vw, 300px\" \/><\/a>\n\t\t\t<\/dt><\/dl><dl class='gallery-item'>\n\t\t\t<dt class='gallery-icon portrait'>\n\t\t\t\t<a href='https:\/\/franciscanos.org.br\/noticias\/wp-content\/uploads\/2025\/10\/7-1.jpeg'><img width=\"300\" height=\"300\" src=\"https:\/\/franciscanos.org.br\/noticias\/wp-content\/uploads\/2025\/10\/7-1-300x300.jpeg\" class=\"attachment-thumbnail size-thumbnail\" alt=\"\" loading=\"lazy\" srcset=\"https:\/\/franciscanos.org.br\/noticias\/wp-content\/uploads\/2025\/10\/7-1-300x300.jpeg 300w, https:\/\/franciscanos.org.br\/noticias\/wp-content\/uploads\/2025\/10\/7-1-100x100.jpeg 100w\" sizes=\"(max-width: 300px) 100vw, 300px\" \/><\/a>\n\t\t\t<\/dt><\/dl><dl class='gallery-item'>\n\t\t\t<dt class='gallery-icon portrait'>\n\t\t\t\t<a href='https:\/\/franciscanos.org.br\/noticias\/wp-content\/uploads\/2025\/10\/8.jpeg'><img width=\"300\" height=\"300\" src=\"https:\/\/franciscanos.org.br\/noticias\/wp-content\/uploads\/2025\/10\/8-300x300.jpeg\" class=\"attachment-thumbnail size-thumbnail\" alt=\"\" loading=\"lazy\" srcset=\"https:\/\/franciscanos.org.br\/noticias\/wp-content\/uploads\/2025\/10\/8-300x300.jpeg 300w, https:\/\/franciscanos.org.br\/noticias\/wp-content\/uploads\/2025\/10\/8-100x100.jpeg 100w\" sizes=\"(max-width: 300px) 100vw, 300px\" \/><\/a>\n\t\t\t<\/dt><\/dl><br style=\"clear: both\" \/>\n\t\t<\/div>\n\n<p>Em sua fala, Frei Jean Carlos destacou que a ora\u00e7\u00e3o inter-religiosa \u00e9 um testemunho concreto de que a paz \u00e9 poss\u00edvel quando existe respeito e di\u00e1logo. Segundo ele, muitos dos conflitos vividos no mundo e at\u00e9 dentro da sociedade nascem da desuni\u00e3o e da intoler\u00e2ncia, inclusive motivadas por diferen\u00e7as religiosas. \u201cO nosso encontro de hoje \u00e9 de ora\u00e7\u00e3o inter-religiosa atrav\u00e9s do testemunho que brota pela paz. Muitos dos conflitos e desaven\u00e7as que vivemos em nossa sociedade s\u00e3o frutos da desuni\u00e3o e da guerra por conta das religi\u00f5es, e n\u00f3s hoje damos testemunho de que queremos a Paz. A paz verdadeira \u00e9 aquela que gera homens e mulheres autenticamente pac\u00edficos\u201d, afirmou o frade.<\/p>\n<p>J\u00e1 Roberto Almeida da Cruz, representando a Casa Esp\u00edrita Tenda Umbandista do Caboclo Arranca Troco, refletiu sobre a paz como um processo interior e espiritual que se manifesta nas rela\u00e7\u00f5es humanas. Ele lembrou que o ser humano \u00e9 um esp\u00edrito em caminhada e que o crescimento interior \u00e9 parte fundamental da constru\u00e7\u00e3o de um mundo melhor. \u201cSomos esp\u00edrito encarnado e por isso precisamos crescer nesta caminhada. A paz \u00e9 fruto dessa encarna\u00e7\u00e3o que gera o bem, o amor. E agrade\u00e7o a oportunidade de sempre estarmos aqui unidos e pe\u00e7o que possamos continuar no respeito, no di\u00e1logo e na acolhida para um mundo pela paz\u201d, disse o l\u00edder Umbandista.<\/p>\n<p><img loading=\"lazy\" class=\"aligncenter wp-image-261878 size-full\" src=\"https:\/\/franciscanos.org.br\/noticias\/wp-content\/uploads\/2025\/10\/materia2-23.jpg\" alt=\"\" width=\"1280\" height=\"720\" srcset=\"https:\/\/franciscanos.org.br\/noticias\/wp-content\/uploads\/2025\/10\/materia2-23.jpg 1280w, https:\/\/franciscanos.org.br\/noticias\/wp-content\/uploads\/2025\/10\/materia2-23-450x253.jpg 450w, https:\/\/franciscanos.org.br\/noticias\/wp-content\/uploads\/2025\/10\/materia2-23-1024x576.jpg 1024w, https:\/\/franciscanos.org.br\/noticias\/wp-content\/uploads\/2025\/10\/materia2-23-768x432.jpg 768w, https:\/\/franciscanos.org.br\/noticias\/wp-content\/uploads\/2025\/10\/materia2-23-150x84.jpg 150w\" sizes=\"(max-width: 1280px) 100vw, 1280px\" \/><\/p>\n<p>O Presbit\u00e9rio Valdir Rosa da Silva, da Assembleia de Deus \u2013 Congrega\u00e7\u00e3o de Madureira, emocionou os presentes ao afirmar que a paz come\u00e7a no perd\u00e3o e na conviv\u00eancia fraterna. Ele destacou que a humanidade vive tempos dif\u00edceis, marcados pela falta de compreens\u00e3o e pelo julgamento m\u00fatuo, e que \u00e9 urgente resgatar o amor como mandamento de vida<em>. <\/em>\u201cSomos irm\u00e3os que moramos em casas diferentes, e eu acredito nisso. Se tenho paz comigo, consigo transmiti-la aos irm\u00e3os. Como vou perdoar algu\u00e9m se n\u00e3o consigo me perdoar? Precisamos viver a paz em n\u00f3s e contagiar aqueles que est\u00e3o ao nosso redor. Nossas fam\u00edlias de f\u00e9 e de sangue est\u00e3o sendo contaminadas por julgamentos e divis\u00f5es. Precisamos contagiar o mundo pela paz, pelo amor, e viver o mandamento de Jesus: \u2018Amai-vos uns aos outros\u2019. Francisco de Assis deu esse testemunho com a vida, e isso deve ser exemplo para n\u00f3s. Eu sou f\u00e3 desse homem\u201d, expressou o presb\u00edtero.<\/p>\n<p>Entre ora\u00e7\u00f5es e c\u00e2nticos, o encontro foi tamb\u00e9m marcado por um gesto simb\u00f3lico: a montagem do quebra-cabe\u00e7a da Paz, no qual cada participante ao colocar sua pe\u00e7a expressava com uma palavra ou prece que expressava seu desejo de paz. Termos como <em>reconcilia\u00e7\u00e3o, amor a todos os povos, paz no mundo, uni\u00e3o e fraternidade<\/em> foram as suplicas que resoaram. Ao final, cada l\u00edder religioso elevou uma s\u00faplica e uma b\u00ean\u00e7\u00e3o de paz, encerrando o encontro em clima de espiritualidade, respeito e comunh\u00e3o.<\/p>\n<p><img loading=\"lazy\" class=\"aligncenter wp-image-261879 size-full\" src=\"https:\/\/franciscanos.org.br\/noticias\/wp-content\/uploads\/2025\/10\/materia-3-6.jpg\" alt=\"\" width=\"1280\" height=\"720\" srcset=\"https:\/\/franciscanos.org.br\/noticias\/wp-content\/uploads\/2025\/10\/materia-3-6.jpg 1280w, https:\/\/franciscanos.org.br\/noticias\/wp-content\/uploads\/2025\/10\/materia-3-6-450x253.jpg 450w, https:\/\/franciscanos.org.br\/noticias\/wp-content\/uploads\/2025\/10\/materia-3-6-1024x576.jpg 1024w, https:\/\/franciscanos.org.br\/noticias\/wp-content\/uploads\/2025\/10\/materia-3-6-768x432.jpg 768w, https:\/\/franciscanos.org.br\/noticias\/wp-content\/uploads\/2025\/10\/materia-3-6-150x84.jpg 150w\" sizes=\"(max-width: 1280px) 100vw, 1280px\" \/><\/p>\n<p>A Celebra\u00e7\u00e3o do Esp\u00edrito de Assis 2025 reafirmou que, diante de um mundo ainda marcado por guerras e divis\u00f5es, o di\u00e1logo entre as religi\u00f5es \u00e9 um testemunho de esperan\u00e7a. Assim como lembrou o secret\u00e1rio-geral da ONU, Ant\u00f3nio Guterres, \u201ca paz \u00e9 responsabilidade de todas as pessoas\u201d. Inspirados por S\u00e3o Francisco de Assis, que fez da fraternidade o caminho do Evangelho, os participantes foram convidados a continuar sendo instrumentos da paz de Deus, levando ao mundo gestos de amor, reconcilia\u00e7\u00e3o e solidariedade.<\/p>\n<p>O encontro terminou com um sentimento un\u00e2nime entre os presentes: a paz \u00e9 poss\u00edvel quando o amor \u00e9 o centro de tudo. Que o Esp\u00edrito de Assis continue a inspirar a humanidade a viver unida pela f\u00e9 e pelo desejo comum de um mundo sem guerra.<\/p>\n<hr \/>\n<p><em>Texto: Frei Franklin Matheus\/ <\/em><em>Fotos: Thais Santos<\/em><\/p>\n","protected":false},"excerpt":{"rendered":"<p>Encontro\u00a0Interreligioso<\/p>\n","protected":false},"author":11,"featured_media":261872,"comment_status":"open","ping_status":"open","sticky":false,"template":"","format":"standard","meta":[],"categories":[1],"tags":[2325],"acf":[],"yoast_head":"<!-- This site is optimized with the Yoast SEO plugin v19.2 - https:\/\/yoast.com\/wordpress\/plugins\/seo\/ -->\n<title>L\u00edderes Religiosos celebram o Esp\u00edrito de Assis em Duque de Caxias - Not\u00edcias - Franciscanos<\/title>\n<meta name=\"robots\" content=\"index, follow, max-snippet:-1, max-image-preview:large, max-video-preview:-1\" \/>\n<link rel=\"canonical\" href=\"https:\/\/franciscanos.org.br\/noticias\/lideres-religiosos-celebram-o-espirito-de-assis-em-duque-de-caxias.html\" \/>\n<meta property=\"og:locale\" content=\"pt_BR\" \/>\n<meta property=\"og:type\" content=\"article\" \/>\n<meta property=\"og:title\" content=\"L\u00edderes Religiosos celebram o Esp\u00edrito de Assis em Duque de Caxias - Not\u00edcias - Franciscanos\" \/>\n<meta property=\"og:description\" content=\"Encontro\u00a0Interreligioso\" \/>\n<meta property=\"og:url\" content=\"https:\/\/franciscanos.org.br\/noticias\/lideres-religiosos-celebram-o-espirito-de-assis-em-duque-de-caxias.html\" \/>\n<meta property=\"og:site_name\" content=\"Not\u00edcias - Franciscanos\" \/>\n<meta property=\"article:published_time\" content=\"2025-10-28T18:41:48+00:00\" \/>\n<meta property=\"article:modified_time\" content=\"2025-10-29T12:39:25+00:00\" \/>\n<meta property=\"og:image\" content=\"https:\/\/franciscanos.org.br\/noticias\/wp-content\/uploads\/2025\/10\/materia-1-27.jpg\" \/>\n\t<meta property=\"og:image:width\" content=\"1280\" \/>\n\t<meta property=\"og:image:height\" content=\"720\" \/>\n\t<meta property=\"og:image:type\" content=\"image\/jpeg\" \/>\n<meta name=\"author\" content=\"Adriana Rabelo\" \/>\n<meta name=\"twitter:card\" content=\"summary_large_image\" \/>\n<meta name=\"twitter:label1\" content=\"Escrito por\" \/>\n\t<meta name=\"twitter:data1\" content=\"Adriana Rabelo\" \/>\n\t<meta name=\"twitter:label2\" content=\"Est. tempo de leitura\" \/>\n\t<meta name=\"twitter:data2\" content=\"5 minutos\" \/>\n<script type=\"application\/ld+json\" class=\"yoast-schema-graph\">{\"@context\":\"https:\/\/schema.org\",\"@graph\":[{\"@type\":\"WebSite\",\"@id\":\"https:\/\/franciscanos.org.br\/noticias\/#website\",\"url\":\"https:\/\/franciscanos.org.br\/noticias\/\",\"name\":\"Not\u00edcias - Franciscanos\",\"description\":\"Prov\u00edncia Franciscana da Imaculada Concei\u00e7\u00e3o do Brasil - Ordem dos Frades Menores - OFM\",\"potentialAction\":[{\"@type\":\"SearchAction\",\"target\":{\"@type\":\"EntryPoint\",\"urlTemplate\":\"https:\/\/franciscanos.org.br\/noticias\/?s={search_term_string}\"},\"query-input\":\"required name=search_term_string\"}],\"inLanguage\":\"pt-BR\"},{\"@type\":\"ImageObject\",\"inLanguage\":\"pt-BR\",\"@id\":\"https:\/\/franciscanos.org.br\/noticias\/lideres-religiosos-celebram-o-espirito-de-assis-em-duque-de-caxias.html#primaryimage\",\"url\":\"https:\/\/franciscanos.org.br\/noticias\/wp-content\/uploads\/2025\/10\/materia-1-27.jpg\",\"contentUrl\":\"https:\/\/franciscanos.org.br\/noticias\/wp-content\/uploads\/2025\/10\/materia-1-27.jpg\",\"width\":1280,\"height\":720},{\"@type\":\"WebPage\",\"@id\":\"https:\/\/franciscanos.org.br\/noticias\/lideres-religiosos-celebram-o-espirito-de-assis-em-duque-de-caxias.html#webpage\",\"url\":\"https:\/\/franciscanos.org.br\/noticias\/lideres-religiosos-celebram-o-espirito-de-assis-em-duque-de-caxias.html\",\"name\":\"L\u00edderes Religiosos celebram o Esp\u00edrito de Assis em Duque de Caxias - Not\u00edcias - Franciscanos\",\"isPartOf\":{\"@id\":\"https:\/\/franciscanos.org.br\/noticias\/#website\"},\"primaryImageOfPage\":{\"@id\":\"https:\/\/franciscanos.org.br\/noticias\/lideres-religiosos-celebram-o-espirito-de-assis-em-duque-de-caxias.html#primaryimage\"},\"datePublished\":\"2025-10-28T18:41:48+00:00\",\"dateModified\":\"2025-10-29T12:39:25+00:00\",\"author\":{\"@id\":\"https:\/\/franciscanos.org.br\/noticias\/#\/schema\/person\/d9422e83121c3ad3b0f423d195f5bb25\"},\"breadcrumb\":{\"@id\":\"https:\/\/franciscanos.org.br\/noticias\/lideres-religiosos-celebram-o-espirito-de-assis-em-duque-de-caxias.html#breadcrumb\"},\"inLanguage\":\"pt-BR\",\"potentialAction\":[{\"@type\":\"ReadAction\",\"target\":[\"https:\/\/franciscanos.org.br\/noticias\/lideres-religiosos-celebram-o-espirito-de-assis-em-duque-de-caxias.html\"]}]},{\"@type\":\"BreadcrumbList\",\"@id\":\"https:\/\/franciscanos.org.br\/noticias\/lideres-religiosos-celebram-o-espirito-de-assis-em-duque-de-caxias.html#breadcrumb\",\"itemListElement\":[{\"@type\":\"ListItem\",\"position\":1,\"name\":\"Home\",\"item\":\"https:\/\/franciscanos.org.br\/noticias\"},{\"@type\":\"ListItem\",\"position\":2,\"name\":\"L\u00edderes Religiosos celebram o Esp\u00edrito de Assis em Duque de Caxias\"}]},{\"@type\":\"Person\",\"@id\":\"https:\/\/franciscanos.org.br\/noticias\/#\/schema\/person\/d9422e83121c3ad3b0f423d195f5bb25\",\"name\":\"Adriana Rabelo\",\"image\":{\"@type\":\"ImageObject\",\"inLanguage\":\"pt-BR\",\"@id\":\"https:\/\/franciscanos.org.br\/noticias\/#\/schema\/person\/image\/\",\"url\":\"https:\/\/secure.gravatar.com\/avatar\/0a937b7500cd7df77540cfb8bede877d?s=96&d=mm&r=g\",\"contentUrl\":\"https:\/\/secure.gravatar.com\/avatar\/0a937b7500cd7df77540cfb8bede877d?s=96&d=mm&r=g\",\"caption\":\"Adriana Rabelo\"},\"url\":\"https:\/\/franciscanos.org.br\/noticias\/author\/adrianarabelo\"}]}<\/script>\n<!-- \/ Yoast SEO plugin. -->","yoast_head_json":{"title":"L\u00edderes Religiosos celebram o Esp\u00edrito de Assis em Duque de Caxias - Not\u00edcias - Franciscanos","robots":{"index":"index","follow":"follow","max-snippet":"max-snippet:-1","max-image-preview":"max-image-preview:large","max-video-preview":"max-video-preview:-1"},"canonical":"https:\/\/franciscanos.org.br\/noticias\/lideres-religiosos-celebram-o-espirito-de-assis-em-duque-de-caxias.html","og_locale":"pt_BR","og_type":"article","og_title":"L\u00edderes Religiosos celebram o Esp\u00edrito de Assis em Duque de Caxias - Not\u00edcias - Franciscanos","og_description":"Encontro\u00a0Interreligioso","og_url":"https:\/\/franciscanos.org.br\/noticias\/lideres-religiosos-celebram-o-espirito-de-assis-em-duque-de-caxias.html","og_site_name":"Not\u00edcias - Franciscanos","article_published_time":"2025-10-28T18:41:48+00:00","article_modified_time":"2025-10-29T12:39:25+00:00","og_image":[{"width":1280,"height":720,"url":"https:\/\/franciscanos.org.br\/noticias\/wp-content\/uploads\/2025\/10\/materia-1-27.jpg","type":"image\/jpeg"}],"author":"Adriana Rabelo","twitter_card":"summary_large_image","twitter_misc":{"Escrito por":"Adriana Rabelo","Est. tempo de leitura":"5 minutos"},"schema":{"@context":"https:\/\/schema.org","@graph":[{"@type":"WebSite","@id":"https:\/\/franciscanos.org.br\/noticias\/#website","url":"https:\/\/franciscanos.org.br\/noticias\/","name":"Not\u00edcias - Franciscanos","description":"Prov\u00edncia Franciscana da Imaculada Concei\u00e7\u00e3o do Brasil - Ordem dos Frades Menores - OFM","potentialAction":[{"@type":"SearchAction","target":{"@type":"EntryPoint","urlTemplate":"https:\/\/franciscanos.org.br\/noticias\/?s={search_term_string}"},"query-input":"required name=search_term_string"}],"inLanguage":"pt-BR"},{"@type":"ImageObject","inLanguage":"pt-BR","@id":"https:\/\/franciscanos.org.br\/noticias\/lideres-religiosos-celebram-o-espirito-de-assis-em-duque-de-caxias.html#primaryimage","url":"https:\/\/franciscanos.org.br\/noticias\/wp-content\/uploads\/2025\/10\/materia-1-27.jpg","contentUrl":"https:\/\/franciscanos.org.br\/noticias\/wp-content\/uploads\/2025\/10\/materia-1-27.jpg","width":1280,"height":720},{"@type":"WebPage","@id":"https:\/\/franciscanos.org.br\/noticias\/lideres-religiosos-celebram-o-espirito-de-assis-em-duque-de-caxias.html#webpage","url":"https:\/\/franciscanos.org.br\/noticias\/lideres-religiosos-celebram-o-espirito-de-assis-em-duque-de-caxias.html","name":"L\u00edderes Religiosos celebram o Esp\u00edrito de Assis em Duque de Caxias - Not\u00edcias - Franciscanos","isPartOf":{"@id":"https:\/\/franciscanos.org.br\/noticias\/#website"},"primaryImageOfPage":{"@id":"https:\/\/franciscanos.org.br\/noticias\/lideres-religiosos-celebram-o-espirito-de-assis-em-duque-de-caxias.html#primaryimage"},"datePublished":"2025-10-28T18:41:48+00:00","dateModified":"2025-10-29T12:39:25+00:00","author":{"@id":"https:\/\/franciscanos.org.br\/noticias\/#\/schema\/person\/d9422e83121c3ad3b0f423d195f5bb25"},"breadcrumb":{"@id":"https:\/\/franciscanos.org.br\/noticias\/lideres-religiosos-celebram-o-espirito-de-assis-em-duque-de-caxias.html#breadcrumb"},"inLanguage":"pt-BR","potentialAction":[{"@type":"ReadAction","target":["https:\/\/franciscanos.org.br\/noticias\/lideres-religiosos-celebram-o-espirito-de-assis-em-duque-de-caxias.html"]}]},{"@type":"BreadcrumbList","@id":"https:\/\/franciscanos.org.br\/noticias\/lideres-religiosos-celebram-o-espirito-de-assis-em-duque-de-caxias.html#breadcrumb","itemListElement":[{"@type":"ListItem","position":1,"name":"Home","item":"https:\/\/franciscanos.org.br\/noticias"},{"@type":"ListItem","position":2,"name":"L\u00edderes Religiosos celebram o Esp\u00edrito de Assis em Duque de Caxias"}]},{"@type":"Person","@id":"https:\/\/franciscanos.org.br\/noticias\/#\/schema\/person\/d9422e83121c3ad3b0f423d195f5bb25","name":"Adriana Rabelo","image":{"@type":"ImageObject","inLanguage":"pt-BR","@id":"https:\/\/franciscanos.org.br\/noticias\/#\/schema\/person\/image\/","url":"https:\/\/secure.gravatar.com\/avatar\/0a937b7500cd7df77540cfb8bede877d?s=96&d=mm&r=g","contentUrl":"https:\/\/secure.gravatar.com\/avatar\/0a937b7500cd7df77540cfb8bede877d?s=96&d=mm&r=g","caption":"Adriana Rabelo"},"url":"https:\/\/franciscanos.org.br\/noticias\/author\/adrianarabelo"}]}},"_links":{"self":[{"href":"https:\/\/franciscanos.org.br\/noticias\/wp-json\/wp\/v2\/posts\/261871"}],"collection":[{"href":"https:\/\/franciscanos.org.br\/noticias\/wp-json\/wp\/v2\/posts"}],"about":[{"href":"https:\/\/franciscanos.org.br\/noticias\/wp-json\/wp\/v2\/types\/post"}],"author":[{"embeddable":true,"href":"https:\/\/franciscanos.org.br\/noticias\/wp-json\/wp\/v2\/users\/11"}],"replies":[{"embeddable":true,"href":"https:\/\/franciscanos.org.br\/noticias\/wp-json\/wp\/v2\/comments?post=261871"}],"version-history":[{"count":3,"href":"https:\/\/franciscanos.org.br\/noticias\/wp-json\/wp\/v2\/posts\/261871\/revisions"}],"predecessor-version":[{"id":261891,"href":"https:\/\/franciscanos.org.br\/noticias\/wp-json\/wp\/v2\/posts\/261871\/revisions\/261891"}],"wp:featuredmedia":[{"embeddable":true,"href":"https:\/\/franciscanos.org.br\/noticias\/wp-json\/wp\/v2\/media\/261872"}],"wp:attachment":[{"href":"https:\/\/franciscanos.org.br\/noticias\/wp-json\/wp\/v2\/media?parent=261871"}],"wp:term":[{"taxonomy":"category","embeddable":true,"href":"https:\/\/franciscanos.org.br\/noticias\/wp-json\/wp\/v2\/categories?post=261871"},{"taxonomy":"post_tag","embeddable":true,"href":"https:\/\/franciscanos.org.br\/noticias\/wp-json\/wp\/v2\/tags?post=261871"}],"curies":[{"name":"wp","href":"https:\/\/api.w.org\/{rel}","templated":true}]}}