{"id":261822,"date":"2025-10-27T16:15:31","date_gmt":"2025-10-27T19:15:31","guid":{"rendered":"https:\/\/franciscanos.org.br\/noticias\/?p=261822"},"modified":"2025-10-27T16:15:31","modified_gmt":"2025-10-27T19:15:31","slug":"frei-galvao-e-dia-nacional-da-juventude-sao-celebrados-na-matriz","status":"publish","type":"post","link":"https:\/\/franciscanos.org.br\/noticias\/frei-galvao-e-dia-nacional-da-juventude-sao-celebrados-na-matriz.html","title":{"rendered":"Frei Galv\u00e3o e Dia Nacional da Juventude s\u00e3o celebrados na Matriz"},"content":{"rendered":"<p><img loading=\"lazy\" class=\"aligncenter wp-image-261823 size-full\" src=\"https:\/\/franciscanos.org.br\/noticias\/wp-content\/uploads\/2025\/10\/MATERIA-2-XAXIM.jpg\" alt=\"\" width=\"1280\" height=\"720\" srcset=\"https:\/\/franciscanos.org.br\/noticias\/wp-content\/uploads\/2025\/10\/MATERIA-2-XAXIM.jpg 1280w, https:\/\/franciscanos.org.br\/noticias\/wp-content\/uploads\/2025\/10\/MATERIA-2-XAXIM-450x253.jpg 450w, https:\/\/franciscanos.org.br\/noticias\/wp-content\/uploads\/2025\/10\/MATERIA-2-XAXIM-1024x576.jpg 1024w, https:\/\/franciscanos.org.br\/noticias\/wp-content\/uploads\/2025\/10\/MATERIA-2-XAXIM-768x432.jpg 768w, https:\/\/franciscanos.org.br\/noticias\/wp-content\/uploads\/2025\/10\/MATERIA-2-XAXIM-150x84.jpg 150w\" sizes=\"(max-width: 1280px) 100vw, 1280px\" \/><\/p>\n<p style=\"text-align: justify; line-height: 150%;\">O s\u00e1bado, 25 de outubro, na Matriz S\u00e3o Luiz Gonzaga, em Xaxim (SC), foi uma noite de muita f\u00e9 e celebra\u00e7\u00e3o. O povo de Deus celebrou o primeiro santo brasileiro, Santo Ant\u00f4nio de Santa\u2019anna Galv\u00e3o, Dia Nacional da Juventude (DNJ) e o anivers\u00e1rio do Grupo de Jovens Mensageiros da Vida.<\/p>\n<p style=\"text-align: justify; line-height: 150%;\">O Dia Nacional da Juventude (DNJ) \u00e9 uma iniciativa da Igreja no Brasil que, desde 1985, celebra a vida, a esperan\u00e7a e o protagonismo dos jovens nas comunidades. O DNJ \u00e9 um convite aos jovens para que andem juntos com a Igreja. \u00c9 um chamado para viver a f\u00e9 com alegria, compromisso e coragem. A juventude \u00e9 chamada para ser, na sociedade sal da terra e luz no mundo, a ser sacerdotes, profetas e reis. Ser o que receberam no batismo e confirmaram no Crisma, todos os batizados s\u00e3o convidados a ser disc\u00edpulo e mission\u00e1rio de Jesus e construir na terra o Reino de Deus.<\/p>\n\n\t\t<style type=\"text\/css\">\n\t\t\t#gallery-1 {\n\t\t\t\tmargin: auto;\n\t\t\t}\n\t\t\t#gallery-1 .gallery-item {\n\t\t\t\tfloat: left;\n\t\t\t\tmargin-top: 10px;\n\t\t\t\ttext-align: center;\n\t\t\t\twidth: 33%;\n\t\t\t}\n\t\t\t#gallery-1 img {\n\t\t\t\tborder: 2px solid #cfcfcf;\n\t\t\t}\n\t\t\t#gallery-1 .gallery-caption {\n\t\t\t\tmargin-left: 0;\n\t\t\t}\n\t\t\t\/* see gallery_shortcode() in wp-includes\/media.php *\/\n\t\t<\/style>\n\t\t<div id='gallery-1' class='gallery galleryid-261822 gallery-columns-3 gallery-size-thumbnail'><dl class='gallery-item'>\n\t\t\t<dt class='gallery-icon landscape'>\n\t\t\t\t<a href='https:\/\/franciscanos.org.br\/noticias\/wp-content\/uploads\/2025\/10\/XAXIM-8-1-scaled.jpg'><img width=\"300\" height=\"300\" src=\"https:\/\/franciscanos.org.br\/noticias\/wp-content\/uploads\/2025\/10\/XAXIM-8-1-300x300.jpg\" class=\"attachment-thumbnail size-thumbnail\" alt=\"\" loading=\"lazy\" srcset=\"https:\/\/franciscanos.org.br\/noticias\/wp-content\/uploads\/2025\/10\/XAXIM-8-1-300x300.jpg 300w, https:\/\/franciscanos.org.br\/noticias\/wp-content\/uploads\/2025\/10\/XAXIM-8-1-100x100.jpg 100w\" sizes=\"(max-width: 300px) 100vw, 300px\" \/><\/a>\n\t\t\t<\/dt><\/dl><dl class='gallery-item'>\n\t\t\t<dt class='gallery-icon landscape'>\n\t\t\t\t<a href='https:\/\/franciscanos.org.br\/noticias\/wp-content\/uploads\/2025\/10\/XAXIM-7-1-scaled.jpg'><img width=\"300\" height=\"300\" src=\"https:\/\/franciscanos.org.br\/noticias\/wp-content\/uploads\/2025\/10\/XAXIM-7-1-300x300.jpg\" class=\"attachment-thumbnail size-thumbnail\" alt=\"\" loading=\"lazy\" srcset=\"https:\/\/franciscanos.org.br\/noticias\/wp-content\/uploads\/2025\/10\/XAXIM-7-1-300x300.jpg 300w, https:\/\/franciscanos.org.br\/noticias\/wp-content\/uploads\/2025\/10\/XAXIM-7-1-100x100.jpg 100w\" sizes=\"(max-width: 300px) 100vw, 300px\" \/><\/a>\n\t\t\t<\/dt><\/dl><dl class='gallery-item'>\n\t\t\t<dt class='gallery-icon landscape'>\n\t\t\t\t<a href='https:\/\/franciscanos.org.br\/noticias\/wp-content\/uploads\/2025\/10\/XAXIM-5-1-scaled.jpg'><img width=\"300\" height=\"300\" src=\"https:\/\/franciscanos.org.br\/noticias\/wp-content\/uploads\/2025\/10\/XAXIM-5-1-300x300.jpg\" class=\"attachment-thumbnail size-thumbnail\" alt=\"\" loading=\"lazy\" srcset=\"https:\/\/franciscanos.org.br\/noticias\/wp-content\/uploads\/2025\/10\/XAXIM-5-1-300x300.jpg 300w, https:\/\/franciscanos.org.br\/noticias\/wp-content\/uploads\/2025\/10\/XAXIM-5-1-100x100.jpg 100w\" sizes=\"(max-width: 300px) 100vw, 300px\" \/><\/a>\n\t\t\t<\/dt><\/dl><br style=\"clear: both\" \/>\n\t\t<\/div>\n\n<p style=\"text-align: justify; line-height: 150%;\">Papa Francisco disse: \u201cQueridos jovens, n\u00e3o deixem que roubem a vossa esperan\u00e7a! Sonhem alto e deixem-se amar por Deus\u201d. Esperan\u00e7a que n\u00e3o faltou nesse ano que celebra-se o jubileu. A Celebra\u00e7\u00e3o da Palavra foi presidida pelas ministras do grupo. A imagem pr\u00f3xima ao altar de Frei Galv\u00e3o lembrava tamb\u00e9m a celebra\u00e7\u00e3o do dia em honra ao primeiro Santo brasileiro. Em sua reflex\u00e3o, a ministra Emanoela Matiello ressaltou a hist\u00f3ria de vida de Frei Galv\u00e3o.<\/p>\n<p><img loading=\"lazy\" class=\"aligncenter wp-image-261824 size-full\" src=\"https:\/\/franciscanos.org.br\/noticias\/wp-content\/uploads\/2025\/10\/MATERIA-1-XAXIM.jpg\" alt=\"\" width=\"1280\" height=\"720\" srcset=\"https:\/\/franciscanos.org.br\/noticias\/wp-content\/uploads\/2025\/10\/MATERIA-1-XAXIM.jpg 1280w, https:\/\/franciscanos.org.br\/noticias\/wp-content\/uploads\/2025\/10\/MATERIA-1-XAXIM-450x253.jpg 450w, https:\/\/franciscanos.org.br\/noticias\/wp-content\/uploads\/2025\/10\/MATERIA-1-XAXIM-1024x576.jpg 1024w, https:\/\/franciscanos.org.br\/noticias\/wp-content\/uploads\/2025\/10\/MATERIA-1-XAXIM-768x432.jpg 768w, https:\/\/franciscanos.org.br\/noticias\/wp-content\/uploads\/2025\/10\/MATERIA-1-XAXIM-150x84.jpg 150w\" sizes=\"(max-width: 1280px) 100vw, 1280px\" \/><\/p>\n<p style=\"text-align: justify; line-height: 150%;\">Frei Galv\u00e3o nasceu no dia 10 de maio de 1739, na Vila de Santo Ant\u00f4nio de Guaratinguet\u00e1, atual cidade de Guaratinguet\u00e1, hoje estado de S\u00e3o Paulo. Tornou-se franciscano no convento de Macacu, em Itabora\u00ed, Rio de Janeiro. Em 11 de julho de 1762, o frei foi ordenado sacerdote e transferido para o Convento de S\u00e3o Francisco na cidade de S\u00e3o Paulo.\u00a0 Frei Galv\u00e3o faleceu no Mosteiro da Luz, em 23 de dezembro de 1822, poucos meses depois da independ\u00eancia do Brasil. Em 1998, Frei Galv\u00e3o foi beatificado pelo Papa Jo\u00e3o Paulo II, recebendo os t\u00edtulos de Homem da Paz e da Caridade e de Patrono da Constru\u00e7\u00e3o Civil no Brasil. Em 2007, foi canonizado por Bento XVI, tornando-se o primeiro santo brasileiro.<\/p>\n<p style=\"text-align: justify; line-height: 150%;\">Bem celebrando este dia especial da juventude, ap\u00f3s a celebra\u00e7\u00e3o, a adora\u00e7\u00e3o ao Sant\u00edssimo. Momento de reflex\u00e3o sobre o tema deste ano, \u201cJuventude e Ecologia Integral\u201d e o lema \u201cGuardi\u00f5es da Cria\u00e7\u00e3o\u201d. A adora\u00e7\u00e3o iniciou com o mantra \u2018teu sol n\u00e3o se apagar\u00e1\u2019. No viol\u00e3o, Frei Jonas Ribeiro da Silva tocava e cantava juntamente com os jovens. Esse momento de reflex\u00e3o foi conduzido por \u00c9verton Broilo com base no C\u00e2ntico das Criaturas.<\/p>\n\n\t\t<style type=\"text\/css\">\n\t\t\t#gallery-2 {\n\t\t\t\tmargin: auto;\n\t\t\t}\n\t\t\t#gallery-2 .gallery-item {\n\t\t\t\tfloat: left;\n\t\t\t\tmargin-top: 10px;\n\t\t\t\ttext-align: center;\n\t\t\t\twidth: 33%;\n\t\t\t}\n\t\t\t#gallery-2 img {\n\t\t\t\tborder: 2px solid #cfcfcf;\n\t\t\t}\n\t\t\t#gallery-2 .gallery-caption {\n\t\t\t\tmargin-left: 0;\n\t\t\t}\n\t\t\t\/* see gallery_shortcode() in wp-includes\/media.php *\/\n\t\t<\/style>\n\t\t<div id='gallery-2' class='gallery galleryid-261822 gallery-columns-3 gallery-size-thumbnail'><dl class='gallery-item'>\n\t\t\t<dt class='gallery-icon landscape'>\n\t\t\t\t<a href='https:\/\/franciscanos.org.br\/noticias\/wp-content\/uploads\/2025\/10\/XAXIM-3-scaled.jpg'><img width=\"300\" height=\"300\" src=\"https:\/\/franciscanos.org.br\/noticias\/wp-content\/uploads\/2025\/10\/XAXIM-3-300x300.jpg\" class=\"attachment-thumbnail size-thumbnail\" alt=\"\" loading=\"lazy\" srcset=\"https:\/\/franciscanos.org.br\/noticias\/wp-content\/uploads\/2025\/10\/XAXIM-3-300x300.jpg 300w, https:\/\/franciscanos.org.br\/noticias\/wp-content\/uploads\/2025\/10\/XAXIM-3-100x100.jpg 100w\" sizes=\"(max-width: 300px) 100vw, 300px\" \/><\/a>\n\t\t\t<\/dt><\/dl><dl class='gallery-item'>\n\t\t\t<dt class='gallery-icon portrait'>\n\t\t\t\t<a href='https:\/\/franciscanos.org.br\/noticias\/wp-content\/uploads\/2025\/10\/XAXIM-9-scaled.jpg'><img width=\"300\" height=\"300\" src=\"https:\/\/franciscanos.org.br\/noticias\/wp-content\/uploads\/2025\/10\/XAXIM-9-300x300.jpg\" class=\"attachment-thumbnail size-thumbnail\" alt=\"\" loading=\"lazy\" srcset=\"https:\/\/franciscanos.org.br\/noticias\/wp-content\/uploads\/2025\/10\/XAXIM-9-300x300.jpg 300w, https:\/\/franciscanos.org.br\/noticias\/wp-content\/uploads\/2025\/10\/XAXIM-9-100x100.jpg 100w\" sizes=\"(max-width: 300px) 100vw, 300px\" \/><\/a>\n\t\t\t<\/dt><\/dl><dl class='gallery-item'>\n\t\t\t<dt class='gallery-icon landscape'>\n\t\t\t\t<a href='https:\/\/franciscanos.org.br\/noticias\/wp-content\/uploads\/2025\/10\/XAXIM-6-1-scaled.jpg'><img width=\"300\" height=\"300\" src=\"https:\/\/franciscanos.org.br\/noticias\/wp-content\/uploads\/2025\/10\/XAXIM-6-1-300x300.jpg\" class=\"attachment-thumbnail size-thumbnail\" alt=\"\" loading=\"lazy\" srcset=\"https:\/\/franciscanos.org.br\/noticias\/wp-content\/uploads\/2025\/10\/XAXIM-6-1-300x300.jpg 300w, https:\/\/franciscanos.org.br\/noticias\/wp-content\/uploads\/2025\/10\/XAXIM-6-1-100x100.jpg 100w\" sizes=\"(max-width: 300px) 100vw, 300px\" \/><\/a>\n\t\t\t<\/dt><\/dl><br style=\"clear: both\" \/>\n\t\t<\/div>\n\n<p style=\"text-align: justify; line-height: 150%;\">Em uma de suas mensagens, o Papa Le\u00e3o XIV nos oferece a chave da esperan\u00e7a crist\u00e3: \u201c<strong>A esperan\u00e7a crist\u00e3 \u00e9 como uma \u00e2ncora, que fixa o nosso cora\u00e7\u00e3o na promessa do Senhor Jesus, que nos salvou com a sua morte e ressurrei\u00e7\u00e3o e que retornar\u00e1 novamente no meio de n\u00f3s. Esta esperan\u00e7a continua a indicar como verdadeiro horizonte da vida os \u2018novos c\u00e9us\u2019 e a \u2018nova terra\u2019 (2 Pedro 3, 13), onde a exist\u00eancia de todas as criaturas encontrar\u00e1 o seu sentido aut\u00eantico\u201d <\/strong>(Mensagem, n. 4).<\/p>\n<hr \/>\n<p style=\"text-align: justify; line-height: 150%;\">Fonte:\u00a0 Texto e fotos: Camila Mendo | Par\u00f3quia S\u00e3o Luiz Gonzaga\/ Can\u00e7\u00e3o Nova \/A12-<\/p>\n","protected":false},"excerpt":{"rendered":"<p>Juventude e Frei Galv\u00e3o<\/p>\n","protected":false},"author":11,"featured_media":261833,"comment_status":"open","ping_status":"open","sticky":false,"template":"","format":"standard","meta":[],"categories":[1],"tags":[2396,1591],"acf":[],"yoast_head":"<!-- This site is optimized with the Yoast SEO plugin v19.2 - https:\/\/yoast.com\/wordpress\/plugins\/seo\/ -->\n<title>Frei Galv\u00e3o e Dia Nacional da Juventude s\u00e3o celebrados na Matriz - Not\u00edcias - Franciscanos<\/title>\n<meta name=\"robots\" content=\"index, follow, max-snippet:-1, max-image-preview:large, max-video-preview:-1\" \/>\n<link rel=\"canonical\" href=\"https:\/\/franciscanos.org.br\/noticias\/frei-galvao-e-dia-nacional-da-juventude-sao-celebrados-na-matriz.html\" \/>\n<meta property=\"og:locale\" content=\"pt_BR\" \/>\n<meta property=\"og:type\" content=\"article\" \/>\n<meta property=\"og:title\" content=\"Frei Galv\u00e3o e Dia Nacional da Juventude s\u00e3o celebrados na Matriz - Not\u00edcias - Franciscanos\" \/>\n<meta property=\"og:description\" content=\"Juventude e Frei Galv\u00e3o\" \/>\n<meta property=\"og:url\" content=\"https:\/\/franciscanos.org.br\/noticias\/frei-galvao-e-dia-nacional-da-juventude-sao-celebrados-na-matriz.html\" \/>\n<meta property=\"og:site_name\" content=\"Not\u00edcias - Franciscanos\" \/>\n<meta property=\"article:published_time\" content=\"2025-10-27T19:15:31+00:00\" \/>\n<meta property=\"og:image\" content=\"https:\/\/franciscanos.org.br\/noticias\/wp-content\/uploads\/2025\/10\/CHAMADA-2-XAXIM.jpg\" \/>\n\t<meta property=\"og:image:width\" content=\"800\" \/>\n\t<meta property=\"og:image:height\" content=\"550\" \/>\n\t<meta property=\"og:image:type\" content=\"image\/jpeg\" \/>\n<meta name=\"author\" content=\"Adriana Rabelo\" \/>\n<meta name=\"twitter:card\" content=\"summary_large_image\" \/>\n<meta name=\"twitter:label1\" content=\"Escrito por\" \/>\n\t<meta name=\"twitter:data1\" content=\"Adriana Rabelo\" \/>\n\t<meta name=\"twitter:label2\" content=\"Est. tempo de leitura\" \/>\n\t<meta name=\"twitter:data2\" content=\"3 minutos\" \/>\n<script type=\"application\/ld+json\" class=\"yoast-schema-graph\">{\"@context\":\"https:\/\/schema.org\",\"@graph\":[{\"@type\":\"WebSite\",\"@id\":\"https:\/\/franciscanos.org.br\/noticias\/#website\",\"url\":\"https:\/\/franciscanos.org.br\/noticias\/\",\"name\":\"Not\u00edcias - Franciscanos\",\"description\":\"Prov\u00edncia Franciscana da Imaculada Concei\u00e7\u00e3o do Brasil - Ordem dos Frades Menores - OFM\",\"potentialAction\":[{\"@type\":\"SearchAction\",\"target\":{\"@type\":\"EntryPoint\",\"urlTemplate\":\"https:\/\/franciscanos.org.br\/noticias\/?s={search_term_string}\"},\"query-input\":\"required name=search_term_string\"}],\"inLanguage\":\"pt-BR\"},{\"@type\":\"ImageObject\",\"inLanguage\":\"pt-BR\",\"@id\":\"https:\/\/franciscanos.org.br\/noticias\/frei-galvao-e-dia-nacional-da-juventude-sao-celebrados-na-matriz.html#primaryimage\",\"url\":\"https:\/\/franciscanos.org.br\/noticias\/wp-content\/uploads\/2025\/10\/CHAMADA-2-XAXIM.jpg\",\"contentUrl\":\"https:\/\/franciscanos.org.br\/noticias\/wp-content\/uploads\/2025\/10\/CHAMADA-2-XAXIM.jpg\",\"width\":800,\"height\":550},{\"@type\":\"WebPage\",\"@id\":\"https:\/\/franciscanos.org.br\/noticias\/frei-galvao-e-dia-nacional-da-juventude-sao-celebrados-na-matriz.html#webpage\",\"url\":\"https:\/\/franciscanos.org.br\/noticias\/frei-galvao-e-dia-nacional-da-juventude-sao-celebrados-na-matriz.html\",\"name\":\"Frei Galv\u00e3o e Dia Nacional da Juventude s\u00e3o celebrados na Matriz - Not\u00edcias - Franciscanos\",\"isPartOf\":{\"@id\":\"https:\/\/franciscanos.org.br\/noticias\/#website\"},\"primaryImageOfPage\":{\"@id\":\"https:\/\/franciscanos.org.br\/noticias\/frei-galvao-e-dia-nacional-da-juventude-sao-celebrados-na-matriz.html#primaryimage\"},\"datePublished\":\"2025-10-27T19:15:31+00:00\",\"dateModified\":\"2025-10-27T19:15:31+00:00\",\"author\":{\"@id\":\"https:\/\/franciscanos.org.br\/noticias\/#\/schema\/person\/d9422e83121c3ad3b0f423d195f5bb25\"},\"breadcrumb\":{\"@id\":\"https:\/\/franciscanos.org.br\/noticias\/frei-galvao-e-dia-nacional-da-juventude-sao-celebrados-na-matriz.html#breadcrumb\"},\"inLanguage\":\"pt-BR\",\"potentialAction\":[{\"@type\":\"ReadAction\",\"target\":[\"https:\/\/franciscanos.org.br\/noticias\/frei-galvao-e-dia-nacional-da-juventude-sao-celebrados-na-matriz.html\"]}]},{\"@type\":\"BreadcrumbList\",\"@id\":\"https:\/\/franciscanos.org.br\/noticias\/frei-galvao-e-dia-nacional-da-juventude-sao-celebrados-na-matriz.html#breadcrumb\",\"itemListElement\":[{\"@type\":\"ListItem\",\"position\":1,\"name\":\"Home\",\"item\":\"https:\/\/franciscanos.org.br\/noticias\"},{\"@type\":\"ListItem\",\"position\":2,\"name\":\"Frei Galv\u00e3o e Dia Nacional da Juventude s\u00e3o celebrados na Matriz\"}]},{\"@type\":\"Person\",\"@id\":\"https:\/\/franciscanos.org.br\/noticias\/#\/schema\/person\/d9422e83121c3ad3b0f423d195f5bb25\",\"name\":\"Adriana Rabelo\",\"image\":{\"@type\":\"ImageObject\",\"inLanguage\":\"pt-BR\",\"@id\":\"https:\/\/franciscanos.org.br\/noticias\/#\/schema\/person\/image\/\",\"url\":\"https:\/\/secure.gravatar.com\/avatar\/0a937b7500cd7df77540cfb8bede877d?s=96&d=mm&r=g\",\"contentUrl\":\"https:\/\/secure.gravatar.com\/avatar\/0a937b7500cd7df77540cfb8bede877d?s=96&d=mm&r=g\",\"caption\":\"Adriana Rabelo\"},\"url\":\"https:\/\/franciscanos.org.br\/noticias\/author\/adrianarabelo\"}]}<\/script>\n<!-- \/ Yoast SEO plugin. -->","yoast_head_json":{"title":"Frei Galv\u00e3o e Dia Nacional da Juventude s\u00e3o celebrados na Matriz - Not\u00edcias - Franciscanos","robots":{"index":"index","follow":"follow","max-snippet":"max-snippet:-1","max-image-preview":"max-image-preview:large","max-video-preview":"max-video-preview:-1"},"canonical":"https:\/\/franciscanos.org.br\/noticias\/frei-galvao-e-dia-nacional-da-juventude-sao-celebrados-na-matriz.html","og_locale":"pt_BR","og_type":"article","og_title":"Frei Galv\u00e3o e Dia Nacional da Juventude s\u00e3o celebrados na Matriz - Not\u00edcias - Franciscanos","og_description":"Juventude e Frei Galv\u00e3o","og_url":"https:\/\/franciscanos.org.br\/noticias\/frei-galvao-e-dia-nacional-da-juventude-sao-celebrados-na-matriz.html","og_site_name":"Not\u00edcias - Franciscanos","article_published_time":"2025-10-27T19:15:31+00:00","og_image":[{"width":800,"height":550,"url":"https:\/\/franciscanos.org.br\/noticias\/wp-content\/uploads\/2025\/10\/CHAMADA-2-XAXIM.jpg","type":"image\/jpeg"}],"author":"Adriana Rabelo","twitter_card":"summary_large_image","twitter_misc":{"Escrito por":"Adriana Rabelo","Est. tempo de leitura":"3 minutos"},"schema":{"@context":"https:\/\/schema.org","@graph":[{"@type":"WebSite","@id":"https:\/\/franciscanos.org.br\/noticias\/#website","url":"https:\/\/franciscanos.org.br\/noticias\/","name":"Not\u00edcias - Franciscanos","description":"Prov\u00edncia Franciscana da Imaculada Concei\u00e7\u00e3o do Brasil - Ordem dos Frades Menores - OFM","potentialAction":[{"@type":"SearchAction","target":{"@type":"EntryPoint","urlTemplate":"https:\/\/franciscanos.org.br\/noticias\/?s={search_term_string}"},"query-input":"required name=search_term_string"}],"inLanguage":"pt-BR"},{"@type":"ImageObject","inLanguage":"pt-BR","@id":"https:\/\/franciscanos.org.br\/noticias\/frei-galvao-e-dia-nacional-da-juventude-sao-celebrados-na-matriz.html#primaryimage","url":"https:\/\/franciscanos.org.br\/noticias\/wp-content\/uploads\/2025\/10\/CHAMADA-2-XAXIM.jpg","contentUrl":"https:\/\/franciscanos.org.br\/noticias\/wp-content\/uploads\/2025\/10\/CHAMADA-2-XAXIM.jpg","width":800,"height":550},{"@type":"WebPage","@id":"https:\/\/franciscanos.org.br\/noticias\/frei-galvao-e-dia-nacional-da-juventude-sao-celebrados-na-matriz.html#webpage","url":"https:\/\/franciscanos.org.br\/noticias\/frei-galvao-e-dia-nacional-da-juventude-sao-celebrados-na-matriz.html","name":"Frei Galv\u00e3o e Dia Nacional da Juventude s\u00e3o celebrados na Matriz - Not\u00edcias - Franciscanos","isPartOf":{"@id":"https:\/\/franciscanos.org.br\/noticias\/#website"},"primaryImageOfPage":{"@id":"https:\/\/franciscanos.org.br\/noticias\/frei-galvao-e-dia-nacional-da-juventude-sao-celebrados-na-matriz.html#primaryimage"},"datePublished":"2025-10-27T19:15:31+00:00","dateModified":"2025-10-27T19:15:31+00:00","author":{"@id":"https:\/\/franciscanos.org.br\/noticias\/#\/schema\/person\/d9422e83121c3ad3b0f423d195f5bb25"},"breadcrumb":{"@id":"https:\/\/franciscanos.org.br\/noticias\/frei-galvao-e-dia-nacional-da-juventude-sao-celebrados-na-matriz.html#breadcrumb"},"inLanguage":"pt-BR","potentialAction":[{"@type":"ReadAction","target":["https:\/\/franciscanos.org.br\/noticias\/frei-galvao-e-dia-nacional-da-juventude-sao-celebrados-na-matriz.html"]}]},{"@type":"BreadcrumbList","@id":"https:\/\/franciscanos.org.br\/noticias\/frei-galvao-e-dia-nacional-da-juventude-sao-celebrados-na-matriz.html#breadcrumb","itemListElement":[{"@type":"ListItem","position":1,"name":"Home","item":"https:\/\/franciscanos.org.br\/noticias"},{"@type":"ListItem","position":2,"name":"Frei Galv\u00e3o e Dia Nacional da Juventude s\u00e3o celebrados na Matriz"}]},{"@type":"Person","@id":"https:\/\/franciscanos.org.br\/noticias\/#\/schema\/person\/d9422e83121c3ad3b0f423d195f5bb25","name":"Adriana Rabelo","image":{"@type":"ImageObject","inLanguage":"pt-BR","@id":"https:\/\/franciscanos.org.br\/noticias\/#\/schema\/person\/image\/","url":"https:\/\/secure.gravatar.com\/avatar\/0a937b7500cd7df77540cfb8bede877d?s=96&d=mm&r=g","contentUrl":"https:\/\/secure.gravatar.com\/avatar\/0a937b7500cd7df77540cfb8bede877d?s=96&d=mm&r=g","caption":"Adriana Rabelo"},"url":"https:\/\/franciscanos.org.br\/noticias\/author\/adrianarabelo"}]}},"_links":{"self":[{"href":"https:\/\/franciscanos.org.br\/noticias\/wp-json\/wp\/v2\/posts\/261822"}],"collection":[{"href":"https:\/\/franciscanos.org.br\/noticias\/wp-json\/wp\/v2\/posts"}],"about":[{"href":"https:\/\/franciscanos.org.br\/noticias\/wp-json\/wp\/v2\/types\/post"}],"author":[{"embeddable":true,"href":"https:\/\/franciscanos.org.br\/noticias\/wp-json\/wp\/v2\/users\/11"}],"replies":[{"embeddable":true,"href":"https:\/\/franciscanos.org.br\/noticias\/wp-json\/wp\/v2\/comments?post=261822"}],"version-history":[{"count":2,"href":"https:\/\/franciscanos.org.br\/noticias\/wp-json\/wp\/v2\/posts\/261822\/revisions"}],"predecessor-version":[{"id":261835,"href":"https:\/\/franciscanos.org.br\/noticias\/wp-json\/wp\/v2\/posts\/261822\/revisions\/261835"}],"wp:featuredmedia":[{"embeddable":true,"href":"https:\/\/franciscanos.org.br\/noticias\/wp-json\/wp\/v2\/media\/261833"}],"wp:attachment":[{"href":"https:\/\/franciscanos.org.br\/noticias\/wp-json\/wp\/v2\/media?parent=261822"}],"wp:term":[{"taxonomy":"category","embeddable":true,"href":"https:\/\/franciscanos.org.br\/noticias\/wp-json\/wp\/v2\/categories?post=261822"},{"taxonomy":"post_tag","embeddable":true,"href":"https:\/\/franciscanos.org.br\/noticias\/wp-json\/wp\/v2\/tags?post=261822"}],"curies":[{"name":"wp","href":"https:\/\/api.w.org\/{rel}","templated":true}]}}