{"id":261807,"date":"2025-10-27T15:54:26","date_gmt":"2025-10-27T18:54:26","guid":{"rendered":"https:\/\/franciscanos.org.br\/noticias\/?p=261807"},"modified":"2025-10-27T15:54:26","modified_gmt":"2025-10-27T18:54:26","slug":"paroquia-santa-clara-de-imbarie-celebra-a-solenidade-de-sao-frei-galvao-aos-pes-do-cristo-redentor","status":"publish","type":"post","link":"https:\/\/franciscanos.org.br\/noticias\/paroquia-santa-clara-de-imbarie-celebra-a-solenidade-de-sao-frei-galvao-aos-pes-do-cristo-redentor.html","title":{"rendered":"Par\u00f3quia Santa Clara de Imbari\u00ea celebra a Solenidade de S\u00e3o Frei Galv\u00e3o aos p\u00e9s do Cristo Redentor"},"content":{"rendered":"<p><img loading=\"lazy\" class=\"aligncenter wp-image-261808 size-full\" src=\"https:\/\/franciscanos.org.br\/noticias\/wp-content\/uploads\/2025\/10\/MATERIA-1-24.jpg\" alt=\"\" width=\"1280\" height=\"720\" srcset=\"https:\/\/franciscanos.org.br\/noticias\/wp-content\/uploads\/2025\/10\/MATERIA-1-24.jpg 1280w, https:\/\/franciscanos.org.br\/noticias\/wp-content\/uploads\/2025\/10\/MATERIA-1-24-450x253.jpg 450w, https:\/\/franciscanos.org.br\/noticias\/wp-content\/uploads\/2025\/10\/MATERIA-1-24-1024x576.jpg 1024w, https:\/\/franciscanos.org.br\/noticias\/wp-content\/uploads\/2025\/10\/MATERIA-1-24-768x432.jpg 768w, https:\/\/franciscanos.org.br\/noticias\/wp-content\/uploads\/2025\/10\/MATERIA-1-24-150x84.jpg 150w\" sizes=\"(max-width: 1280px) 100vw, 1280px\" \/><\/p>\n<p>O sol forte e o c\u00e9u azul caracter\u00edstico dos dias cariocas acolheram, neste dia de festa, a Par\u00f3quia Santa Clara de Assis, de Imbari\u00ea, em Duque de Caxias (RJ), para uma celebra\u00e7\u00e3o marcada por f\u00e9, emo\u00e7\u00e3o e gratid\u00e3o. Aos p\u00e9s do Cristo Redentor, no alto do Corcovado, frades e coroinhas da par\u00f3quia celebraram solenemente a Solenidade de S\u00e3o Frei Galv\u00e3o, o primeiro santo brasileiro, reconhecido pela Igreja por sua vida de ora\u00e7\u00e3o, caridade e confian\u00e7a em Deus.<\/p>\n<p>Desde as primeiras horas da manh\u00e3, o grupo subiu as escadarias e o caminho que conduz ao Santu\u00e1rio do Cristo Redentor. Para muitos, especialmente os coroinhas e servidores do altar, foi a primeira visita ao Cristo, um marco espiritual e uma experi\u00eancia \u00fanica de comunh\u00e3o e f\u00e9. O local, repleto de turistas, fi\u00e9is e peregrinos, tornou-se um verdadeiro altar ao ar livre, onde a presen\u00e7a franciscana e a devo\u00e7\u00e3o a Frei Galv\u00e3o se uniram sob o olhar acolhedor do Cristo que aben\u00e7oa o Rio de Janeiro.<\/p>\n<p>A Santa Missa foi presidida pelo p\u00e1roco Frei Jean Carlos Ajluni Oliveira, OFM, e concelebrada pelo Vig\u00e1rio Paroquial Frei Jeferson Palandi Broca, OFM, reunindo um grande n\u00famero de fi\u00e9is e devotos. Durante a homilia, Frei Jean destacou a simplicidade e a humildade de Frei Galv\u00e3o, \u201cfilho de S\u00e3o Francisco de Assis que, pela sua f\u00e9 e vida de servi\u00e7o, alcan\u00e7ou a gra\u00e7a de Deus\u201d.<\/p>\n<p>\u201cA humildade dos pequeninos fez com que Frei Galv\u00e3o alcan\u00e7asse a gra\u00e7a de Deus. N\u00f3s tamb\u00e9m somos esses peregrinos que, diante do Cristo Redentor, somos chamados a viver com mais humildade e fraternidade\u201d, afirmou o frade.<\/p>\n\n\t\t<style type=\"text\/css\">\n\t\t\t#gallery-1 {\n\t\t\t\tmargin: auto;\n\t\t\t}\n\t\t\t#gallery-1 .gallery-item {\n\t\t\t\tfloat: left;\n\t\t\t\tmargin-top: 10px;\n\t\t\t\ttext-align: center;\n\t\t\t\twidth: 25%;\n\t\t\t}\n\t\t\t#gallery-1 img {\n\t\t\t\tborder: 2px solid #cfcfcf;\n\t\t\t}\n\t\t\t#gallery-1 .gallery-caption {\n\t\t\t\tmargin-left: 0;\n\t\t\t}\n\t\t\t\/* see gallery_shortcode() in wp-includes\/media.php *\/\n\t\t<\/style>\n\t\t<div id='gallery-1' class='gallery galleryid-261807 gallery-columns-4 gallery-size-thumbnail'><dl class='gallery-item'>\n\t\t\t<dt class='gallery-icon portrait'>\n\t\t\t\t<a href='https:\/\/franciscanos.org.br\/noticias\/wp-content\/uploads\/2025\/10\/18-1.jpeg'><img width=\"300\" height=\"300\" src=\"https:\/\/franciscanos.org.br\/noticias\/wp-content\/uploads\/2025\/10\/18-1-300x300.jpeg\" class=\"attachment-thumbnail size-thumbnail\" alt=\"\" loading=\"lazy\" srcset=\"https:\/\/franciscanos.org.br\/noticias\/wp-content\/uploads\/2025\/10\/18-1-300x300.jpeg 300w, https:\/\/franciscanos.org.br\/noticias\/wp-content\/uploads\/2025\/10\/18-1-100x100.jpeg 100w\" sizes=\"(max-width: 300px) 100vw, 300px\" \/><\/a>\n\t\t\t<\/dt><\/dl><dl class='gallery-item'>\n\t\t\t<dt class='gallery-icon portrait'>\n\t\t\t\t<a href='https:\/\/franciscanos.org.br\/noticias\/wp-content\/uploads\/2025\/10\/20.jpeg'><img width=\"300\" height=\"300\" src=\"https:\/\/franciscanos.org.br\/noticias\/wp-content\/uploads\/2025\/10\/20-300x300.jpeg\" class=\"attachment-thumbnail size-thumbnail\" alt=\"\" loading=\"lazy\" srcset=\"https:\/\/franciscanos.org.br\/noticias\/wp-content\/uploads\/2025\/10\/20-300x300.jpeg 300w, https:\/\/franciscanos.org.br\/noticias\/wp-content\/uploads\/2025\/10\/20-100x100.jpeg 100w\" sizes=\"(max-width: 300px) 100vw, 300px\" \/><\/a>\n\t\t\t<\/dt><\/dl><dl class='gallery-item'>\n\t\t\t<dt class='gallery-icon portrait'>\n\t\t\t\t<a href='https:\/\/franciscanos.org.br\/noticias\/wp-content\/uploads\/2025\/10\/17.jpeg'><img width=\"300\" height=\"300\" src=\"https:\/\/franciscanos.org.br\/noticias\/wp-content\/uploads\/2025\/10\/17-300x300.jpeg\" class=\"attachment-thumbnail size-thumbnail\" alt=\"\" loading=\"lazy\" srcset=\"https:\/\/franciscanos.org.br\/noticias\/wp-content\/uploads\/2025\/10\/17-300x300.jpeg 300w, https:\/\/franciscanos.org.br\/noticias\/wp-content\/uploads\/2025\/10\/17-100x100.jpeg 100w\" sizes=\"(max-width: 300px) 100vw, 300px\" \/><\/a>\n\t\t\t<\/dt><\/dl><dl class='gallery-item'>\n\t\t\t<dt class='gallery-icon portrait'>\n\t\t\t\t<a href='https:\/\/franciscanos.org.br\/noticias\/wp-content\/uploads\/2025\/10\/9.jpeg'><img width=\"300\" height=\"300\" src=\"https:\/\/franciscanos.org.br\/noticias\/wp-content\/uploads\/2025\/10\/9-300x300.jpeg\" class=\"attachment-thumbnail size-thumbnail\" alt=\"\" loading=\"lazy\" srcset=\"https:\/\/franciscanos.org.br\/noticias\/wp-content\/uploads\/2025\/10\/9-300x300.jpeg 300w, https:\/\/franciscanos.org.br\/noticias\/wp-content\/uploads\/2025\/10\/9-100x100.jpeg 100w\" sizes=\"(max-width: 300px) 100vw, 300px\" \/><\/a>\n\t\t\t<\/dt><\/dl><br style=\"clear: both\" \/>\n\t\t<\/div>\n\n<p>O momento de maior emo\u00e7\u00e3o da celebra\u00e7\u00e3o veio ao final, quando Frei Jean recordou um dos sinais mais conhecidos da devo\u00e7\u00e3o ao santo: as P\u00edlulas de Frei Galv\u00e3o. Ele explicou que, na origem desse gesto de f\u00e9, Frei Galv\u00e3o escreveu em pequenos peda\u00e7os de papel a frase latina \u201cPost partum, Virgo, inviolata permansisti; Dei Genitrix, intercede pro nobis\u201d (\u201cDepois do parto, \u00f3 Virgem, permaneceste intacta; M\u00e3e de Deus, intercede por n\u00f3s\u201d), oferecendo-os a uma mulher enferma que, ap\u00f3s tom\u00e1-los com f\u00e9, foi curada.<\/p>\n<p>Desde ent\u00e3o, as P\u00edlulas de Frei Galv\u00e3o tornaram-se um sinal de f\u00e9 e confian\u00e7a na intercess\u00e3o de Nossa Senhora e de Frei Galv\u00e3o, e s\u00e3o distribu\u00eddas com grande devo\u00e7\u00e3o nos santu\u00e1rios dedicados ao santo, especialmente no Mosteiro da Luz, em S\u00e3o Paulo.<\/p>\n<p>\u201cAs p\u00edlulas n\u00e3o s\u00e3o um rem\u00e9dio f\u00edsico, mas um s\u00edmbolo de f\u00e9 e ora\u00e7\u00e3o\u201d, ressaltou Frei Jean. \u201cQuando algu\u00e9m reza a novena de Frei Galv\u00e3o e toma as p\u00edlulas com confian\u00e7a, n\u00e3o est\u00e1 confiando no papel, mas em Deus que opera maravilhas atrav\u00e9s da f\u00e9 sincera. \u00c9 um convite a crer, a pedir e a agradecer pelas gra\u00e7as alcan\u00e7adas\u201d.<\/p>\n<p>Essas palavras tocaram profundamente os presentes, especialmente os jovens servidores do altar, que puderam compreender que servir a Deus tamb\u00e9m \u00e9 um caminho de f\u00e9 viva, marcada por gestos simples e cheios de amor.<\/p>\n<p>A celebra\u00e7\u00e3o seguiu em clima de alegria e espiritualidade, com c\u00e2nticos, ora\u00e7\u00e3o e momentos de profunda contempla\u00e7\u00e3o diante do Cristo Redentor. A comunh\u00e3o entre frades, coroinhas e fi\u00e9is foi um testemunho da presen\u00e7a viva de Deus na caminhada da par\u00f3quia.<\/p>\n\n\t\t<style type=\"text\/css\">\n\t\t\t#gallery-2 {\n\t\t\t\tmargin: auto;\n\t\t\t}\n\t\t\t#gallery-2 .gallery-item {\n\t\t\t\tfloat: left;\n\t\t\t\tmargin-top: 10px;\n\t\t\t\ttext-align: center;\n\t\t\t\twidth: 25%;\n\t\t\t}\n\t\t\t#gallery-2 img {\n\t\t\t\tborder: 2px solid #cfcfcf;\n\t\t\t}\n\t\t\t#gallery-2 .gallery-caption {\n\t\t\t\tmargin-left: 0;\n\t\t\t}\n\t\t\t\/* see gallery_shortcode() in wp-includes\/media.php *\/\n\t\t<\/style>\n\t\t<div id='gallery-2' class='gallery galleryid-261807 gallery-columns-4 gallery-size-thumbnail'><dl class='gallery-item'>\n\t\t\t<dt class='gallery-icon portrait'>\n\t\t\t\t<a href='https:\/\/franciscanos.org.br\/noticias\/wp-content\/uploads\/2025\/10\/16.jpeg'><img width=\"300\" height=\"300\" src=\"https:\/\/franciscanos.org.br\/noticias\/wp-content\/uploads\/2025\/10\/16-300x300.jpeg\" class=\"attachment-thumbnail size-thumbnail\" alt=\"\" loading=\"lazy\" srcset=\"https:\/\/franciscanos.org.br\/noticias\/wp-content\/uploads\/2025\/10\/16-300x300.jpeg 300w, https:\/\/franciscanos.org.br\/noticias\/wp-content\/uploads\/2025\/10\/16-100x100.jpeg 100w\" sizes=\"(max-width: 300px) 100vw, 300px\" \/><\/a>\n\t\t\t<\/dt><\/dl><dl class='gallery-item'>\n\t\t\t<dt class='gallery-icon portrait'>\n\t\t\t\t<a href='https:\/\/franciscanos.org.br\/noticias\/wp-content\/uploads\/2025\/10\/14-2.jpeg'><img width=\"300\" height=\"300\" src=\"https:\/\/franciscanos.org.br\/noticias\/wp-content\/uploads\/2025\/10\/14-2-300x300.jpeg\" class=\"attachment-thumbnail size-thumbnail\" alt=\"\" loading=\"lazy\" srcset=\"https:\/\/franciscanos.org.br\/noticias\/wp-content\/uploads\/2025\/10\/14-2-300x300.jpeg 300w, https:\/\/franciscanos.org.br\/noticias\/wp-content\/uploads\/2025\/10\/14-2-100x100.jpeg 100w\" sizes=\"(max-width: 300px) 100vw, 300px\" \/><\/a>\n\t\t\t<\/dt><\/dl><dl class='gallery-item'>\n\t\t\t<dt class='gallery-icon portrait'>\n\t\t\t\t<a href='https:\/\/franciscanos.org.br\/noticias\/wp-content\/uploads\/2025\/10\/1.jpeg'><img width=\"300\" height=\"300\" src=\"https:\/\/franciscanos.org.br\/noticias\/wp-content\/uploads\/2025\/10\/1-300x300.jpeg\" class=\"attachment-thumbnail size-thumbnail\" alt=\"\" loading=\"lazy\" srcset=\"https:\/\/franciscanos.org.br\/noticias\/wp-content\/uploads\/2025\/10\/1-300x300.jpeg 300w, https:\/\/franciscanos.org.br\/noticias\/wp-content\/uploads\/2025\/10\/1-100x100.jpeg 100w\" sizes=\"(max-width: 300px) 100vw, 300px\" \/><\/a>\n\t\t\t<\/dt><\/dl><dl class='gallery-item'>\n\t\t\t<dt class='gallery-icon portrait'>\n\t\t\t\t<a href='https:\/\/franciscanos.org.br\/noticias\/wp-content\/uploads\/2025\/10\/13.jpeg'><img width=\"300\" height=\"300\" src=\"https:\/\/franciscanos.org.br\/noticias\/wp-content\/uploads\/2025\/10\/13-300x300.jpeg\" class=\"attachment-thumbnail size-thumbnail\" alt=\"\" loading=\"lazy\" srcset=\"https:\/\/franciscanos.org.br\/noticias\/wp-content\/uploads\/2025\/10\/13-300x300.jpeg 300w, https:\/\/franciscanos.org.br\/noticias\/wp-content\/uploads\/2025\/10\/13-100x100.jpeg 100w\" sizes=\"(max-width: 300px) 100vw, 300px\" \/><\/a>\n\t\t\t<\/dt><\/dl><br style=\"clear: both\" \/>\n\t\t<\/div>\n\n<p>Para a Par\u00f3quia Santa Clara de Assis, essa celebra\u00e7\u00e3o representou muito mais do que uma visita ou uma data lit\u00fargica: foi uma verdadeira peregrina\u00e7\u00e3o de f\u00e9, que uniu a devo\u00e7\u00e3o franciscana \u00e0 beleza do s\u00edmbolo maior da f\u00e9 crist\u00e3 no Brasil.<\/p>\n<p>A experi\u00eancia aos p\u00e9s do Cristo Redentor ficar\u00e1 gravada na mem\u00f3ria e no cora\u00e7\u00e3o de todos os que participaram. Sob o olhar misericordioso de Jesus, a comunidade de Imbari\u00ea renovou sua f\u00e9, refor\u00e7ou os la\u00e7os de fraternidade e saiu fortalecida para continuar sua miss\u00e3o de evangelizar com alegria, simplicidade e amor, seguindo o exemplo de S\u00e3o Frei Galv\u00e3o.<\/p>\n<p>\u201cDesceremos deste monte como disc\u00edpulos do Redentor, levando no cora\u00e7\u00e3o o mesmo amor que inflamou Frei Galv\u00e3o: a f\u00e9 em Deus, a confian\u00e7a em Maria e o desejo de servir aos irm\u00e3os e irm\u00e3s com humildade e esperan\u00e7a\u201d, concluiu Frei Jean.<\/p>\n<p><img loading=\"lazy\" class=\"aligncenter wp-image-261819 size-full\" src=\"https:\/\/franciscanos.org.br\/noticias\/wp-content\/uploads\/2025\/10\/MATERIA-2-9.jpg\" alt=\"\" width=\"1280\" height=\"720\" srcset=\"https:\/\/franciscanos.org.br\/noticias\/wp-content\/uploads\/2025\/10\/MATERIA-2-9.jpg 1280w, https:\/\/franciscanos.org.br\/noticias\/wp-content\/uploads\/2025\/10\/MATERIA-2-9-450x253.jpg 450w, https:\/\/franciscanos.org.br\/noticias\/wp-content\/uploads\/2025\/10\/MATERIA-2-9-1024x576.jpg 1024w, https:\/\/franciscanos.org.br\/noticias\/wp-content\/uploads\/2025\/10\/MATERIA-2-9-768x432.jpg 768w, https:\/\/franciscanos.org.br\/noticias\/wp-content\/uploads\/2025\/10\/MATERIA-2-9-150x84.jpg 150w\" sizes=\"(max-width: 1280px) 100vw, 1280px\" \/><\/p>\n<p>Um dia inesquec\u00edvel de ora\u00e7\u00e3o, gratid\u00e3o e aprendizado, vivido com o cora\u00e7\u00e3o franciscano e o esp\u00edrito peregrino que caracteriza a caminhada da Par\u00f3quia Santa Clara de Assis.<\/p>\n<hr \/>\n<p><em>Frei Franklin Matheus da Costa<\/em><\/p>\n","protected":false},"excerpt":{"rendered":"<p>Festa de Frei Galv\u00e3o 2025<\/p>\n","protected":false},"author":11,"featured_media":0,"comment_status":"open","ping_status":"open","sticky":false,"template":"","format":"standard","meta":[],"categories":[1],"tags":[2396,2325,2446],"acf":[],"yoast_head":"<!-- This site is optimized with the Yoast SEO plugin v19.2 - https:\/\/yoast.com\/wordpress\/plugins\/seo\/ -->\n<title>Par\u00f3quia Santa Clara de Imbari\u00ea celebra a Solenidade de S\u00e3o Frei Galv\u00e3o aos p\u00e9s do Cristo Redentor - Not\u00edcias - Franciscanos<\/title>\n<meta name=\"robots\" content=\"index, follow, max-snippet:-1, max-image-preview:large, max-video-preview:-1\" \/>\n<link rel=\"canonical\" href=\"https:\/\/franciscanos.org.br\/noticias\/paroquia-santa-clara-de-imbarie-celebra-a-solenidade-de-sao-frei-galvao-aos-pes-do-cristo-redentor.html\" \/>\n<meta property=\"og:locale\" content=\"pt_BR\" \/>\n<meta property=\"og:type\" content=\"article\" \/>\n<meta property=\"og:title\" content=\"Par\u00f3quia Santa Clara de Imbari\u00ea celebra a Solenidade de S\u00e3o Frei Galv\u00e3o aos p\u00e9s do Cristo Redentor - Not\u00edcias - Franciscanos\" \/>\n<meta property=\"og:description\" content=\"Festa de Frei Galv\u00e3o 2025\" \/>\n<meta property=\"og:url\" content=\"https:\/\/franciscanos.org.br\/noticias\/paroquia-santa-clara-de-imbarie-celebra-a-solenidade-de-sao-frei-galvao-aos-pes-do-cristo-redentor.html\" \/>\n<meta property=\"og:site_name\" content=\"Not\u00edcias - Franciscanos\" \/>\n<meta property=\"article:published_time\" content=\"2025-10-27T18:54:26+00:00\" \/>\n<meta property=\"og:image\" content=\"https:\/\/franciscanos.org.br\/noticias\/wp-content\/uploads\/2025\/10\/18-1-300x300.jpeg\" \/>\n<meta name=\"author\" content=\"Adriana Rabelo\" \/>\n<meta name=\"twitter:card\" content=\"summary_large_image\" \/>\n<meta name=\"twitter:label1\" content=\"Escrito por\" \/>\n\t<meta name=\"twitter:data1\" content=\"Adriana Rabelo\" \/>\n\t<meta name=\"twitter:label2\" content=\"Est. tempo de leitura\" \/>\n\t<meta name=\"twitter:data2\" content=\"4 minutos\" \/>\n<script type=\"application\/ld+json\" class=\"yoast-schema-graph\">{\"@context\":\"https:\/\/schema.org\",\"@graph\":[{\"@type\":\"WebSite\",\"@id\":\"https:\/\/franciscanos.org.br\/noticias\/#website\",\"url\":\"https:\/\/franciscanos.org.br\/noticias\/\",\"name\":\"Not\u00edcias - Franciscanos\",\"description\":\"Prov\u00edncia Franciscana da Imaculada Concei\u00e7\u00e3o do Brasil - Ordem dos Frades Menores - OFM\",\"potentialAction\":[{\"@type\":\"SearchAction\",\"target\":{\"@type\":\"EntryPoint\",\"urlTemplate\":\"https:\/\/franciscanos.org.br\/noticias\/?s={search_term_string}\"},\"query-input\":\"required name=search_term_string\"}],\"inLanguage\":\"pt-BR\"},{\"@type\":\"ImageObject\",\"inLanguage\":\"pt-BR\",\"@id\":\"https:\/\/franciscanos.org.br\/noticias\/paroquia-santa-clara-de-imbarie-celebra-a-solenidade-de-sao-frei-galvao-aos-pes-do-cristo-redentor.html#primaryimage\",\"url\":\"https:\/\/franciscanos.org.br\/noticias\/wp-content\/uploads\/2025\/10\/MATERIA-1-24.jpg\",\"contentUrl\":\"https:\/\/franciscanos.org.br\/noticias\/wp-content\/uploads\/2025\/10\/MATERIA-1-24.jpg\",\"width\":1280,\"height\":720},{\"@type\":\"WebPage\",\"@id\":\"https:\/\/franciscanos.org.br\/noticias\/paroquia-santa-clara-de-imbarie-celebra-a-solenidade-de-sao-frei-galvao-aos-pes-do-cristo-redentor.html#webpage\",\"url\":\"https:\/\/franciscanos.org.br\/noticias\/paroquia-santa-clara-de-imbarie-celebra-a-solenidade-de-sao-frei-galvao-aos-pes-do-cristo-redentor.html\",\"name\":\"Par\u00f3quia Santa Clara de Imbari\u00ea celebra a Solenidade de S\u00e3o Frei Galv\u00e3o aos p\u00e9s do Cristo Redentor - Not\u00edcias - Franciscanos\",\"isPartOf\":{\"@id\":\"https:\/\/franciscanos.org.br\/noticias\/#website\"},\"primaryImageOfPage\":{\"@id\":\"https:\/\/franciscanos.org.br\/noticias\/paroquia-santa-clara-de-imbarie-celebra-a-solenidade-de-sao-frei-galvao-aos-pes-do-cristo-redentor.html#primaryimage\"},\"datePublished\":\"2025-10-27T18:54:26+00:00\",\"dateModified\":\"2025-10-27T18:54:26+00:00\",\"author\":{\"@id\":\"https:\/\/franciscanos.org.br\/noticias\/#\/schema\/person\/d9422e83121c3ad3b0f423d195f5bb25\"},\"breadcrumb\":{\"@id\":\"https:\/\/franciscanos.org.br\/noticias\/paroquia-santa-clara-de-imbarie-celebra-a-solenidade-de-sao-frei-galvao-aos-pes-do-cristo-redentor.html#breadcrumb\"},\"inLanguage\":\"pt-BR\",\"potentialAction\":[{\"@type\":\"ReadAction\",\"target\":[\"https:\/\/franciscanos.org.br\/noticias\/paroquia-santa-clara-de-imbarie-celebra-a-solenidade-de-sao-frei-galvao-aos-pes-do-cristo-redentor.html\"]}]},{\"@type\":\"BreadcrumbList\",\"@id\":\"https:\/\/franciscanos.org.br\/noticias\/paroquia-santa-clara-de-imbarie-celebra-a-solenidade-de-sao-frei-galvao-aos-pes-do-cristo-redentor.html#breadcrumb\",\"itemListElement\":[{\"@type\":\"ListItem\",\"position\":1,\"name\":\"Home\",\"item\":\"https:\/\/franciscanos.org.br\/noticias\"},{\"@type\":\"ListItem\",\"position\":2,\"name\":\"Par\u00f3quia Santa Clara de Imbari\u00ea celebra a Solenidade de S\u00e3o Frei Galv\u00e3o aos p\u00e9s do Cristo Redentor\"}]},{\"@type\":\"Person\",\"@id\":\"https:\/\/franciscanos.org.br\/noticias\/#\/schema\/person\/d9422e83121c3ad3b0f423d195f5bb25\",\"name\":\"Adriana Rabelo\",\"image\":{\"@type\":\"ImageObject\",\"inLanguage\":\"pt-BR\",\"@id\":\"https:\/\/franciscanos.org.br\/noticias\/#\/schema\/person\/image\/\",\"url\":\"https:\/\/secure.gravatar.com\/avatar\/0a937b7500cd7df77540cfb8bede877d?s=96&d=mm&r=g\",\"contentUrl\":\"https:\/\/secure.gravatar.com\/avatar\/0a937b7500cd7df77540cfb8bede877d?s=96&d=mm&r=g\",\"caption\":\"Adriana Rabelo\"},\"url\":\"https:\/\/franciscanos.org.br\/noticias\/author\/adrianarabelo\"}]}<\/script>\n<!-- \/ Yoast SEO plugin. -->","yoast_head_json":{"title":"Par\u00f3quia Santa Clara de Imbari\u00ea celebra a Solenidade de S\u00e3o Frei Galv\u00e3o aos p\u00e9s do Cristo Redentor - Not\u00edcias - Franciscanos","robots":{"index":"index","follow":"follow","max-snippet":"max-snippet:-1","max-image-preview":"max-image-preview:large","max-video-preview":"max-video-preview:-1"},"canonical":"https:\/\/franciscanos.org.br\/noticias\/paroquia-santa-clara-de-imbarie-celebra-a-solenidade-de-sao-frei-galvao-aos-pes-do-cristo-redentor.html","og_locale":"pt_BR","og_type":"article","og_title":"Par\u00f3quia Santa Clara de Imbari\u00ea celebra a Solenidade de S\u00e3o Frei Galv\u00e3o aos p\u00e9s do Cristo Redentor - Not\u00edcias - Franciscanos","og_description":"Festa de Frei Galv\u00e3o 2025","og_url":"https:\/\/franciscanos.org.br\/noticias\/paroquia-santa-clara-de-imbarie-celebra-a-solenidade-de-sao-frei-galvao-aos-pes-do-cristo-redentor.html","og_site_name":"Not\u00edcias - Franciscanos","article_published_time":"2025-10-27T18:54:26+00:00","og_image":[{"url":"https:\/\/franciscanos.org.br\/noticias\/wp-content\/uploads\/2025\/10\/18-1-300x300.jpeg"}],"author":"Adriana Rabelo","twitter_card":"summary_large_image","twitter_misc":{"Escrito por":"Adriana Rabelo","Est. tempo de leitura":"4 minutos"},"schema":{"@context":"https:\/\/schema.org","@graph":[{"@type":"WebSite","@id":"https:\/\/franciscanos.org.br\/noticias\/#website","url":"https:\/\/franciscanos.org.br\/noticias\/","name":"Not\u00edcias - Franciscanos","description":"Prov\u00edncia Franciscana da Imaculada Concei\u00e7\u00e3o do Brasil - Ordem dos Frades Menores - OFM","potentialAction":[{"@type":"SearchAction","target":{"@type":"EntryPoint","urlTemplate":"https:\/\/franciscanos.org.br\/noticias\/?s={search_term_string}"},"query-input":"required name=search_term_string"}],"inLanguage":"pt-BR"},{"@type":"ImageObject","inLanguage":"pt-BR","@id":"https:\/\/franciscanos.org.br\/noticias\/paroquia-santa-clara-de-imbarie-celebra-a-solenidade-de-sao-frei-galvao-aos-pes-do-cristo-redentor.html#primaryimage","url":"https:\/\/franciscanos.org.br\/noticias\/wp-content\/uploads\/2025\/10\/MATERIA-1-24.jpg","contentUrl":"https:\/\/franciscanos.org.br\/noticias\/wp-content\/uploads\/2025\/10\/MATERIA-1-24.jpg","width":1280,"height":720},{"@type":"WebPage","@id":"https:\/\/franciscanos.org.br\/noticias\/paroquia-santa-clara-de-imbarie-celebra-a-solenidade-de-sao-frei-galvao-aos-pes-do-cristo-redentor.html#webpage","url":"https:\/\/franciscanos.org.br\/noticias\/paroquia-santa-clara-de-imbarie-celebra-a-solenidade-de-sao-frei-galvao-aos-pes-do-cristo-redentor.html","name":"Par\u00f3quia Santa Clara de Imbari\u00ea celebra a Solenidade de S\u00e3o Frei Galv\u00e3o aos p\u00e9s do Cristo Redentor - Not\u00edcias - Franciscanos","isPartOf":{"@id":"https:\/\/franciscanos.org.br\/noticias\/#website"},"primaryImageOfPage":{"@id":"https:\/\/franciscanos.org.br\/noticias\/paroquia-santa-clara-de-imbarie-celebra-a-solenidade-de-sao-frei-galvao-aos-pes-do-cristo-redentor.html#primaryimage"},"datePublished":"2025-10-27T18:54:26+00:00","dateModified":"2025-10-27T18:54:26+00:00","author":{"@id":"https:\/\/franciscanos.org.br\/noticias\/#\/schema\/person\/d9422e83121c3ad3b0f423d195f5bb25"},"breadcrumb":{"@id":"https:\/\/franciscanos.org.br\/noticias\/paroquia-santa-clara-de-imbarie-celebra-a-solenidade-de-sao-frei-galvao-aos-pes-do-cristo-redentor.html#breadcrumb"},"inLanguage":"pt-BR","potentialAction":[{"@type":"ReadAction","target":["https:\/\/franciscanos.org.br\/noticias\/paroquia-santa-clara-de-imbarie-celebra-a-solenidade-de-sao-frei-galvao-aos-pes-do-cristo-redentor.html"]}]},{"@type":"BreadcrumbList","@id":"https:\/\/franciscanos.org.br\/noticias\/paroquia-santa-clara-de-imbarie-celebra-a-solenidade-de-sao-frei-galvao-aos-pes-do-cristo-redentor.html#breadcrumb","itemListElement":[{"@type":"ListItem","position":1,"name":"Home","item":"https:\/\/franciscanos.org.br\/noticias"},{"@type":"ListItem","position":2,"name":"Par\u00f3quia Santa Clara de Imbari\u00ea celebra a Solenidade de S\u00e3o Frei Galv\u00e3o aos p\u00e9s do Cristo Redentor"}]},{"@type":"Person","@id":"https:\/\/franciscanos.org.br\/noticias\/#\/schema\/person\/d9422e83121c3ad3b0f423d195f5bb25","name":"Adriana Rabelo","image":{"@type":"ImageObject","inLanguage":"pt-BR","@id":"https:\/\/franciscanos.org.br\/noticias\/#\/schema\/person\/image\/","url":"https:\/\/secure.gravatar.com\/avatar\/0a937b7500cd7df77540cfb8bede877d?s=96&d=mm&r=g","contentUrl":"https:\/\/secure.gravatar.com\/avatar\/0a937b7500cd7df77540cfb8bede877d?s=96&d=mm&r=g","caption":"Adriana Rabelo"},"url":"https:\/\/franciscanos.org.br\/noticias\/author\/adrianarabelo"}]}},"_links":{"self":[{"href":"https:\/\/franciscanos.org.br\/noticias\/wp-json\/wp\/v2\/posts\/261807"}],"collection":[{"href":"https:\/\/franciscanos.org.br\/noticias\/wp-json\/wp\/v2\/posts"}],"about":[{"href":"https:\/\/franciscanos.org.br\/noticias\/wp-json\/wp\/v2\/types\/post"}],"author":[{"embeddable":true,"href":"https:\/\/franciscanos.org.br\/noticias\/wp-json\/wp\/v2\/users\/11"}],"replies":[{"embeddable":true,"href":"https:\/\/franciscanos.org.br\/noticias\/wp-json\/wp\/v2\/comments?post=261807"}],"version-history":[{"count":2,"href":"https:\/\/franciscanos.org.br\/noticias\/wp-json\/wp\/v2\/posts\/261807\/revisions"}],"predecessor-version":[{"id":261820,"href":"https:\/\/franciscanos.org.br\/noticias\/wp-json\/wp\/v2\/posts\/261807\/revisions\/261820"}],"wp:attachment":[{"href":"https:\/\/franciscanos.org.br\/noticias\/wp-json\/wp\/v2\/media?parent=261807"}],"wp:term":[{"taxonomy":"category","embeddable":true,"href":"https:\/\/franciscanos.org.br\/noticias\/wp-json\/wp\/v2\/categories?post=261807"},{"taxonomy":"post_tag","embeddable":true,"href":"https:\/\/franciscanos.org.br\/noticias\/wp-json\/wp\/v2\/tags?post=261807"}],"curies":[{"name":"wp","href":"https:\/\/api.w.org\/{rel}","templated":true}]}}